{"id":79603,"date":"2024-01-28T10:57:26","date_gmt":"2024-01-28T08:57:26","guid":{"rendered":"https:\/\/centcols.org\/gerard-mistler\/"},"modified":"2025-09-13T08:22:50","modified_gmt":"2025-09-13T06:22:50","slug":"gerard-mistler","status":"publish","type":"post","link":"https:\/\/centcols.org\/nl\/gerard-mistler\/","title":{"rendered":"G\u00e9rard MISTLER"},"content":{"rendered":"<div class=\"wp-block-image\">\n<figure class=\"aligncenter size-full\"><img loading=\"lazy\" decoding=\"async\" width=\"280\" height=\"472\" src=\"https:\/\/centcols.org\/wp-content\/uploads\/2024\/01\/image-3.png\" alt=\"\" class=\"wp-image-90056\" srcset=\"https:\/\/centcols.org\/wp-content\/uploads\/2024\/01\/image-3.png 280w, https:\/\/centcols.org\/wp-content\/uploads\/2024\/01\/image-3-7x12.png 7w\" sizes=\"auto, (max-width: 280px) 100vw, 280px\" \/><\/figure>\n<\/div>\n\n\n<p>cc 14 was hij medeoprichter van L'Ard\u00e9choise<\/p>\n\n\n\n<p>G\u00e9rard Mistler was aan het worstelen om de Col de Murs in de Vaucluse te beklimmen toen hij stierf. In 1992 was hij medeoprichter van de iconische L'Ard\u00e9choise wielerwedstrijd, waarvan hij 29 jaar lang voorzitter was.<\/p>\n\n\n\n<p>G\u00e9rard Mistler, voormalig voorzitter en medeoprichter van de L'Ard\u00e9choise cyclosportive, is op zaterdag 27 januari op 75-jarige leeftijd overleden. Zijn plotselinge dood veroorzaakte opschudding in de wielerwereld en ver daarbuiten.<\/p>","protected":false},"excerpt":{"rendered":"<p>cc 14, il \u00e9tait le cofondateur de L\u2019Ard\u00e9choise G\u00e9rard Mistler \u00e9tait aux prises avec la mont\u00e9e du col de Murs, dans le Vaucluse, lorsqu\u2019il est d\u00e9c\u00e9d\u00e9. Il avait cofond\u00e9 en 1992 l\u2019iconique course \u00e0 v\u00e9lo L\u2019Ard\u00e9choise, dont il a \u00e9t\u00e9 pr\u00e9sident pendant 29 ans. G\u00e9rard Mistler, ancien pr\u00e9sident et cofondateur de l\u2019\u00e9preuve cyclosportive L\u2019Ard\u00e9choise, est [&hellip;]<\/p>\n","protected":false},"author":58,"featured_media":79604,"comment_status":"open","ping_status":"open","sticky":false,"template":"","format":"standard","meta":{"_acf_changed":false,"footnotes":""},"categories":[130,129],"tags":[],"class_list":["post-79603","post","type-post","status-publish","format-standard","has-post-thumbnail","hentry","category-carnet-noir","category-gazette"],"acf":[],"yoast_head":"<!-- This site is optimized with the Yoast SEO plugin v27.2 - https:\/\/yoast.com\/product\/yoast-seo-wordpress\/ -->\n<title>G\u00e9rard MISTLER - Club des Cent Cols<\/title>\n<meta name=\"robots\" content=\"index, follow, max-snippet:-1, max-image-preview:large, max-video-preview:-1\" \/>\n<link rel=\"canonical\" href=\"https:\/\/centcols.org\/nl\/gerard-mistler\/\" \/>\n<meta property=\"og:locale\" content=\"nl_BE\" \/>\n<meta property=\"og:type\" content=\"article\" \/>\n<meta property=\"og:title\" content=\"G\u00e9rard MISTLER - Club des Cent Cols\" \/>\n<meta property=\"og:description\" content=\"cc 14, il \u00e9tait le cofondateur de L\u2019Ard\u00e9choise G\u00e9rard Mistler \u00e9tait aux prises avec la mont\u00e9e du col de Murs, dans le Vaucluse, lorsqu\u2019il est d\u00e9c\u00e9d\u00e9. Il avait cofond\u00e9 en 1992 l\u2019iconique course \u00e0 v\u00e9lo L\u2019Ard\u00e9choise, dont il a \u00e9t\u00e9 pr\u00e9sident pendant 29 ans. G\u00e9rard Mistler, ancien pr\u00e9sident et cofondateur de l\u2019\u00e9preuve cyclosportive L\u2019Ard\u00e9choise, est [&hellip;]\" \/>\n<meta property=\"og:url\" content=\"https:\/\/centcols.org\/nl\/gerard-mistler\/\" \/>\n<meta property=\"og:site_name\" content=\"Club des Cent Cols\" \/>\n<meta property=\"article:publisher\" content=\"https:\/\/www.facebook.com\/groups\/5261880558\/?locale=fr_FR\" \/>\n<meta property=\"article:published_time\" content=\"2024-01-28T08:57:26+00:00\" \/>\n<meta property=\"article:modified_time\" content=\"2025-09-13T06:22:50+00:00\" \/>\n<meta property=\"og:image\" content=\"https:\/\/centcols.org\/wp-content\/uploads\/2025\/02\/image-3-2-e1747138877476.png\" \/>\n\t<meta property=\"og:image:width\" content=\"280\" \/>\n\t<meta property=\"og:image:height\" content=\"386\" \/>\n\t<meta property=\"og:image:type\" content=\"image\/png\" \/>\n<meta name=\"author\" content=\"Enrico Alberini\" \/>\n<meta name=\"twitter:card\" content=\"summary_large_image\" \/>\n<meta name=\"twitter:label1\" content=\"Geschreven door\" \/>\n\t<meta name=\"twitter:data1\" content=\"Enrico Alberini\" \/>\n\t<meta name=\"twitter:label2\" content=\"Geschatte leestijd\" \/>\n\t<meta name=\"twitter:data2\" content=\"1 minuut\" \/>\n<script type=\"application\/ld+json\" class=\"yoast-schema-graph\">{\"@context\":\"https:\/\/schema.org\",\"@graph\":[{\"@type\":\"Article\",\"@id\":\"https:\/\/centcols.org\/gerard-mistler\/#article\",\"isPartOf\":{\"@id\":\"https:\/\/centcols.org\/gerard-mistler\/\"},\"author\":{\"name\":\"Enrico Alberini\",\"@id\":\"https:\/\/centcols.org\/#\/schema\/person\/86c3ec6889d88501a29fccac614bebf8\"},\"headline\":\"G\u00e9rard MISTLER\",\"datePublished\":\"2024-01-28T08:57:26+00:00\",\"dateModified\":\"2025-09-13T06:22:50+00:00\",\"mainEntityOfPage\":{\"@id\":\"https:\/\/centcols.org\/gerard-mistler\/\"},\"wordCount\":98,\"commentCount\":0,\"publisher\":{\"@id\":\"https:\/\/centcols.org\/#organization\"},\"image\":{\"@id\":\"https:\/\/centcols.org\/gerard-mistler\/#primaryimage\"},\"thumbnailUrl\":\"https:\/\/centcols.org\/wp-content\/uploads\/2025\/02\/image-3-2-e1747138877476.png\",\"articleSection\":[\"Carnet noir\",\"Gazette\"],\"inLanguage\":\"nl-BE\",\"potentialAction\":[{\"@type\":\"CommentAction\",\"name\":\"Comment\",\"target\":[\"https:\/\/centcols.org\/gerard-mistler\/#respond\"]}]},{\"@type\":\"WebPage\",\"@id\":\"https:\/\/centcols.org\/gerard-mistler\/\",\"url\":\"https:\/\/centcols.org\/gerard-mistler\/\",\"name\":\"G\u00e9rard MISTLER - Club des Cent Cols\",\"isPartOf\":{\"@id\":\"https:\/\/centcols.org\/#website\"},\"primaryImageOfPage\":{\"@id\":\"https:\/\/centcols.org\/gerard-mistler\/#primaryimage\"},\"image\":{\"@id\":\"https:\/\/centcols.org\/gerard-mistler\/#primaryimage\"},\"thumbnailUrl\":\"https:\/\/centcols.org\/wp-content\/uploads\/2025\/02\/image-3-2-e1747138877476.png\",\"datePublished\":\"2024-01-28T08:57:26+00:00\",\"dateModified\":\"2025-09-13T06:22:50+00:00\",\"breadcrumb\":{\"@id\":\"https:\/\/centcols.org\/gerard-mistler\/#breadcrumb\"},\"inLanguage\":\"nl-BE\",\"potentialAction\":[{\"@type\":\"ReadAction\",\"target\":[\"https:\/\/centcols.org\/gerard-mistler\/\"]}]},{\"@type\":\"ImageObject\",\"inLanguage\":\"nl-BE\",\"@id\":\"https:\/\/centcols.org\/gerard-mistler\/#primaryimage\",\"url\":\"https:\/\/centcols.org\/wp-content\/uploads\/2025\/02\/image-3-2-e1747138877476.png\",\"contentUrl\":\"https:\/\/centcols.org\/wp-content\/uploads\/2025\/02\/image-3-2-e1747138877476.png\",\"width\":280,\"height\":386},{\"@type\":\"BreadcrumbList\",\"@id\":\"https:\/\/centcols.org\/gerard-mistler\/#breadcrumb\",\"itemListElement\":[{\"@type\":\"ListItem\",\"position\":1,\"name\":\"Accueil\",\"item\":\"https:\/\/centcols.org\/\"},{\"@type\":\"ListItem\",\"position\":2,\"name\":\"Gazette\",\"item\":\"https:\/\/centcols.org\/rubrique\/gazette\/\"},{\"@type\":\"ListItem\",\"position\":3,\"name\":\"G\u00e9rard MISTLER\"}]},{\"@type\":\"WebSite\",\"@id\":\"https:\/\/centcols.org\/#website\",\"url\":\"https:\/\/centcols.org\/\",\"name\":\"Club des Cent Cols\",\"description\":\"\",\"publisher\":{\"@id\":\"https:\/\/centcols.org\/#organization\"},\"potentialAction\":[{\"@type\":\"SearchAction\",\"target\":{\"@type\":\"EntryPoint\",\"urlTemplate\":\"https:\/\/centcols.org\/?s={search_term_string}\"},\"query-input\":{\"@type\":\"PropertyValueSpecification\",\"valueRequired\":true,\"valueName\":\"search_term_string\"}}],\"inLanguage\":\"nl-BE\"},{\"@type\":\"Organization\",\"@id\":\"https:\/\/centcols.org\/#organization\",\"name\":\"Club des Cent Cols\",\"url\":\"https:\/\/centcols.org\/\",\"logo\":{\"@type\":\"ImageObject\",\"inLanguage\":\"nl-BE\",\"@id\":\"https:\/\/centcols.org\/#\/schema\/logo\/image\/\",\"url\":\"https:\/\/centcols.org\/wp-content\/uploads\/2025\/01\/carte-icone.png\",\"contentUrl\":\"https:\/\/centcols.org\/wp-content\/uploads\/2025\/01\/carte-icone.png\",\"width\":250,\"height\":250,\"caption\":\"Club des Cent Cols\"},\"image\":{\"@id\":\"https:\/\/centcols.org\/#\/schema\/logo\/image\/\"},\"sameAs\":[\"https:\/\/www.facebook.com\/groups\/5261880558\/?locale=fr_FR\"]},{\"@type\":\"Person\",\"@id\":\"https:\/\/centcols.org\/#\/schema\/person\/86c3ec6889d88501a29fccac614bebf8\",\"name\":\"Enrico Alberini\",\"image\":{\"@type\":\"ImageObject\",\"inLanguage\":\"nl-BE\",\"@id\":\"https:\/\/centcols.org\/wp-content\/litespeed\/avatar\/1b26e36a18d85acc8b0f860f9628213f.jpg?ver=1777240766\",\"url\":\"https:\/\/centcols.org\/wp-content\/litespeed\/avatar\/1b26e36a18d85acc8b0f860f9628213f.jpg?ver=1777240766\",\"contentUrl\":\"https:\/\/centcols.org\/wp-content\/litespeed\/avatar\/1b26e36a18d85acc8b0f860f9628213f.jpg?ver=1777240766\",\"caption\":\"Enrico Alberini\"},\"url\":\"https:\/\/centcols.org\/nl\/author\/5065\/\"}]}<\/script>\n<!-- \/ Yoast SEO plugin. -->","yoast_head_json":{"title":"G\u00e9rard MISTLER - Club des Cent Cols","robots":{"index":"index","follow":"follow","max-snippet":"max-snippet:-1","max-image-preview":"max-image-preview:large","max-video-preview":"max-video-preview:-1"},"canonical":"https:\/\/centcols.org\/nl\/gerard-mistler\/","og_locale":"nl_BE","og_type":"article","og_title":"G\u00e9rard MISTLER - Club des Cent Cols","og_description":"cc 14, il \u00e9tait le cofondateur de L\u2019Ard\u00e9choise G\u00e9rard Mistler \u00e9tait aux prises avec la mont\u00e9e du col de Murs, dans le Vaucluse, lorsqu\u2019il est d\u00e9c\u00e9d\u00e9. Il avait cofond\u00e9 en 1992 l\u2019iconique course \u00e0 v\u00e9lo L\u2019Ard\u00e9choise, dont il a \u00e9t\u00e9 pr\u00e9sident pendant 29 ans. G\u00e9rard Mistler, ancien pr\u00e9sident et cofondateur de l\u2019\u00e9preuve cyclosportive L\u2019Ard\u00e9choise, est [&hellip;]","og_url":"https:\/\/centcols.org\/nl\/gerard-mistler\/","og_site_name":"Club des Cent Cols","article_publisher":"https:\/\/www.facebook.com\/groups\/5261880558\/?locale=fr_FR","article_published_time":"2024-01-28T08:57:26+00:00","article_modified_time":"2025-09-13T06:22:50+00:00","og_image":[{"width":280,"height":386,"url":"https:\/\/centcols.org\/wp-content\/uploads\/2025\/02\/image-3-2-e1747138877476.png","type":"image\/png"}],"author":"Enrico Alberini","twitter_card":"summary_large_image","twitter_misc":{"Geschreven door":"Enrico Alberini","Geschatte leestijd":"1 minuut"},"schema":{"@context":"https:\/\/schema.org","@graph":[{"@type":"Article","@id":"https:\/\/centcols.org\/gerard-mistler\/#article","isPartOf":{"@id":"https:\/\/centcols.org\/gerard-mistler\/"},"author":{"name":"Enrico Alberini","@id":"https:\/\/centcols.org\/#\/schema\/person\/86c3ec6889d88501a29fccac614bebf8"},"headline":"G\u00e9rard MISTLER","datePublished":"2024-01-28T08:57:26+00:00","dateModified":"2025-09-13T06:22:50+00:00","mainEntityOfPage":{"@id":"https:\/\/centcols.org\/gerard-mistler\/"},"wordCount":98,"commentCount":0,"publisher":{"@id":"https:\/\/centcols.org\/#organization"},"image":{"@id":"https:\/\/centcols.org\/gerard-mistler\/#primaryimage"},"thumbnailUrl":"https:\/\/centcols.org\/wp-content\/uploads\/2025\/02\/image-3-2-e1747138877476.png","articleSection":["Carnet noir","Gazette"],"inLanguage":"nl-BE","potentialAction":[{"@type":"CommentAction","name":"Comment","target":["https:\/\/centcols.org\/gerard-mistler\/#respond"]}]},{"@type":"WebPage","@id":"https:\/\/centcols.org\/gerard-mistler\/","url":"https:\/\/centcols.org\/gerard-mistler\/","name":"G\u00e9rard MISTLER - Club des Cent Cols","isPartOf":{"@id":"https:\/\/centcols.org\/#website"},"primaryImageOfPage":{"@id":"https:\/\/centcols.org\/gerard-mistler\/#primaryimage"},"image":{"@id":"https:\/\/centcols.org\/gerard-mistler\/#primaryimage"},"thumbnailUrl":"https:\/\/centcols.org\/wp-content\/uploads\/2025\/02\/image-3-2-e1747138877476.png","datePublished":"2024-01-28T08:57:26+00:00","dateModified":"2025-09-13T06:22:50+00:00","breadcrumb":{"@id":"https:\/\/centcols.org\/gerard-mistler\/#breadcrumb"},"inLanguage":"nl-BE","potentialAction":[{"@type":"ReadAction","target":["https:\/\/centcols.org\/gerard-mistler\/"]}]},{"@type":"ImageObject","inLanguage":"nl-BE","@id":"https:\/\/centcols.org\/gerard-mistler\/#primaryimage","url":"https:\/\/centcols.org\/wp-content\/uploads\/2025\/02\/image-3-2-e1747138877476.png","contentUrl":"https:\/\/centcols.org\/wp-content\/uploads\/2025\/02\/image-3-2-e1747138877476.png","width":280,"height":386},{"@type":"BreadcrumbList","@id":"https:\/\/centcols.org\/gerard-mistler\/#breadcrumb","itemListElement":[{"@type":"ListItem","position":1,"name":"Accueil","item":"https:\/\/centcols.org\/"},{"@type":"ListItem","position":2,"name":"Gazette","item":"https:\/\/centcols.org\/rubrique\/gazette\/"},{"@type":"ListItem","position":3,"name":"G\u00e9rard MISTLER"}]},{"@type":"WebSite","@id":"https:\/\/centcols.org\/#website","url":"https:\/\/centcols.org\/","name":"Club van Cent Cols","description":"","publisher":{"@id":"https:\/\/centcols.org\/#organization"},"potentialAction":[{"@type":"SearchAction","target":{"@type":"EntryPoint","urlTemplate":"https:\/\/centcols.org\/?s={search_term_string}"},"query-input":{"@type":"PropertyValueSpecification","valueRequired":true,"valueName":"search_term_string"}}],"inLanguage":"nl-BE"},{"@type":"Organization","@id":"https:\/\/centcols.org\/#organization","name":"Club van Cent Cols","url":"https:\/\/centcols.org\/","logo":{"@type":"ImageObject","inLanguage":"nl-BE","@id":"https:\/\/centcols.org\/#\/schema\/logo\/image\/","url":"https:\/\/centcols.org\/wp-content\/uploads\/2025\/01\/carte-icone.png","contentUrl":"https:\/\/centcols.org\/wp-content\/uploads\/2025\/01\/carte-icone.png","width":250,"height":250,"caption":"Club des Cent Cols"},"image":{"@id":"https:\/\/centcols.org\/#\/schema\/logo\/image\/"},"sameAs":["https:\/\/www.facebook.com\/groups\/5261880558\/?locale=fr_FR"]},{"@type":"Person","@id":"https:\/\/centcols.org\/#\/schema\/person\/86c3ec6889d88501a29fccac614bebf8","name":"Enrico Alberini","image":{"@type":"ImageObject","inLanguage":"nl-BE","@id":"https:\/\/centcols.org\/wp-content\/litespeed\/avatar\/1b26e36a18d85acc8b0f860f9628213f.jpg?ver=1777240766","url":"https:\/\/centcols.org\/wp-content\/litespeed\/avatar\/1b26e36a18d85acc8b0f860f9628213f.jpg?ver=1777240766","contentUrl":"https:\/\/centcols.org\/wp-content\/litespeed\/avatar\/1b26e36a18d85acc8b0f860f9628213f.jpg?ver=1777240766","caption":"Enrico Alberini"},"url":"https:\/\/centcols.org\/nl\/author\/5065\/"}]}},"_links":{"self":[{"href":"https:\/\/centcols.org\/nl\/wp-json\/wp\/v2\/posts\/79603","targetHints":{"allow":["GET"]}}],"collection":[{"href":"https:\/\/centcols.org\/nl\/wp-json\/wp\/v2\/posts"}],"about":[{"href":"https:\/\/centcols.org\/nl\/wp-json\/wp\/v2\/types\/post"}],"author":[{"embeddable":true,"href":"https:\/\/centcols.org\/nl\/wp-json\/wp\/v2\/users\/58"}],"replies":[{"embeddable":true,"href":"https:\/\/centcols.org\/nl\/wp-json\/wp\/v2\/comments?post=79603"}],"version-history":[{"count":0,"href":"https:\/\/centcols.org\/nl\/wp-json\/wp\/v2\/posts\/79603\/revisions"}],"wp:featuredmedia":[{"embeddable":true,"href":"https:\/\/centcols.org\/nl\/wp-json\/wp\/v2\/media\/79604"}],"wp:attachment":[{"href":"https:\/\/centcols.org\/nl\/wp-json\/wp\/v2\/media?parent=79603"}],"wp:term":[{"taxonomy":"category","embeddable":true,"href":"https:\/\/centcols.org\/nl\/wp-json\/wp\/v2\/categories?post=79603"},{"taxonomy":"post_tag","embeddable":true,"href":"https:\/\/centcols.org\/nl\/wp-json\/wp\/v2\/tags?post=79603"}],"curies":[{"name":"wp","href":"https:\/\/api.w.org\/{rel}","templated":true}]}}