{"id":79612,"date":"2024-04-16T09:35:26","date_gmt":"2024-04-16T07:35:26","guid":{"rendered":"https:\/\/centcols.org\/jean-perdoux\/"},"modified":"2025-09-13T08:04:06","modified_gmt":"2025-09-13T06:04:06","slug":"jean-perdoux","status":"publish","type":"post","link":"https:\/\/centcols.org\/nl\/jean-perdoux\/","title":{"rendered":"Jean Perdoux"},"content":{"rendered":"<p>CC 1 - Jean Perdoux, oprichter van de Club des Cent Cols, is op 13 maart op 87-jarige leeftijd overleden. Dit betekent het einde van een lang hoofdstuk in de geschiedenis van de Club des Cent Cols. We hebben onze gids verloren, maar niet zijn idee\u00ebn.<\/p>\n\n\n<div class=\"wp-block-image\">\n<figure class=\"aligncenter size-full is-resized\"><img loading=\"lazy\" decoding=\"async\" width=\"1431\" height=\"1431\" src=\"https:\/\/centcols.org\/wp-content\/uploads\/2025\/02\/jeanperdoux-galibier-1.jpg\" alt=\"\" class=\"wp-image-79613\" style=\"width:800px\" srcset=\"https:\/\/centcols.org\/wp-content\/uploads\/2025\/02\/jeanperdoux-galibier-1.jpg 1431w, https:\/\/centcols.org\/wp-content\/uploads\/2025\/02\/jeanperdoux-galibier-1-150x150.jpg 150w, https:\/\/centcols.org\/wp-content\/uploads\/2025\/02\/jeanperdoux-galibier-1-1200x1200.jpg 1200w, https:\/\/centcols.org\/wp-content\/uploads\/2025\/02\/jeanperdoux-galibier-1-768x768.jpg 768w, https:\/\/centcols.org\/wp-content\/uploads\/2025\/02\/jeanperdoux-galibier-1-300x300.jpg 300w, https:\/\/centcols.org\/wp-content\/uploads\/2025\/02\/jeanperdoux-galibier-1-600x600.jpg 600w, https:\/\/centcols.org\/wp-content\/uploads\/2025\/02\/jeanperdoux-galibier-1-100x100.jpg 100w\" sizes=\"auto, (max-width: 1431px) 100vw, 1431px\" \/><\/figure>\n<\/div>\n\n<div class=\"wp-block-image\">\n<figure class=\"aligncenter size-full is-resized\"><img loading=\"lazy\" decoding=\"async\" width=\"1200\" height=\"675\" src=\"https:\/\/centcols.org\/wp-content\/uploads\/2025\/02\/plannicolas.jpg\" alt=\"\" class=\"wp-image-79614\" style=\"aspect-ratio:1;object-fit:cover;width:800px\" srcset=\"https:\/\/centcols.org\/wp-content\/uploads\/2025\/02\/plannicolas.jpg 1200w, https:\/\/centcols.org\/wp-content\/uploads\/2025\/02\/plannicolas-768x432.jpg 768w, https:\/\/centcols.org\/wp-content\/uploads\/2025\/02\/plannicolas-600x338.jpg 600w\" sizes=\"auto, (max-width: 1200px) 100vw, 1200px\" \/><figcaption class=\"wp-element-caption\">3 voorzitters op de Collet du Plan Nicolas tijdens de beklimming van de Col du Galibier voor de 80e verjaardag van Henri Dusseau in 2013. \u00a9foto G\u00e9rard Galland<\/figcaption><\/figure>\n<\/div>\n\n\n<div class=\"wp-block-columns is-layout-flex wp-container-core-columns-is-layout-9d6595d7 wp-block-columns-is-layout-flex\">\n<div class=\"wp-block-column is-layout-flow wp-block-column-is-layout-flow\">\n<h2 class=\"wp-block-heading\">Incipit van het hoofdartikel van de voorzitter over de komende herziening<\/h2>\n\n\n\n<p>Droevig nieuws: Jean Perdoux is niet langer onder ons<\/p>\n\n\n\n<p>Jean Perdoux, oprichter van de Club des Cent Cols, is op 13 maart op 87-jarige leeftijd overleden. Dit betekent het einde van een lang hoofdstuk in de geschiedenis van de Club des Cent Cols. We hebben onze gids verloren, maar niet zijn idee\u00ebn.<\/p>\n\n\n\n<p>Wie was Jean? Jean Perdoux was een buitengewoon persoon die buitengewone dingen deed.  Zonder hem had de Club des Cent Cols nooit bestaan, hadden we elkaar nooit ontmoet. Dus we moeten onze gelukkige sterren bedanken dat Jean de broederschap heeft gecre\u00eberd, die ons in staat stelt om onze sport, fietsen, op een gepassioneerde manier te beoefenen. Jean gaf ons een doel en doelstellingen.  Jean was ook verantwoordelijk voor de aanleg van het fietspad rond het meer van Annecy.  Dit pad heeft een lange geschiedenis en werd pas in 2022 voltooid. Jean gaf ons uitleg over het meer van Annecy en het fietspad tijdens de stop bij Le Bon Wagon tijdens de rondleiding over het meer op zondagochtend 6 november 2022, de dag na de Algemene Vergadering van 50 jaar Club. Natuurlijk deed Jean nog veel meer in zijn leven om anderen, de FFCT en zijn lokale gemeenschap te helpen. Jean was een gulle man.<\/p>\n\n\n\n<p>Jean zal altijd in onze herinnering blijven en we zullen aan hem denken elke keer als we een bergpas oversteken.  Een geweldige manier om Jean te herdenken is dat veel fietsers de uitdaging \u00abLes Cent Cols de Jean Perdoux\u00bb aangaan, waarbij je de eerste honderd passen moet overwinnen die zijn beklommen door de oprichter van de club.<\/p>\n\n\n\n<p>De Raad van Bestuur van de Club heeft besloten om de traditionele internationale bijeenkomst naar Jean te vernoemen, dus vanaf de volgende bijeenkomst zal de bijeenkomst bekend staan als \u00abRassemblement international annuel Jean Perdoux\u00bb.<\/p>\n\n\n\n<p>Enrico Alberini<br>Voorzitter van de Club des Cent Cols<\/p>\n\n\n\n<h2 class=\"wp-block-heading\">Hier zijn enkele getuigenissen die we hoorden toen we van zijn dood hoorden:<\/h2>\n\n\n\n<p><em>Emoties en herinneringen bij het nieuws van de dood van Jean Perdoux.<br>Het was een emotioneel verlies om de man te verliezen die op het briljante idee kwam voor onze Confr\u00e8rie, die vandaag de dag, meer dan 50 jaar na haar oprichting, nog steeds mountainbikeliefhebbers samenbrengt.<br>Herinneringen aan de vele bijeenkomsten waar Jean in zijn toespraken de waarden van inspanning, wederzijdse hulp, vriendschap en eenvoud die hem zo na aan het hart lagen, opriep. Herinneringen ook aan de algemene vergaderingen die hij altijd bijwoonde, persoonlijk of door een boodschap te sturen.<\/em><br><em>Mijn medeleven gaat uit naar Tanou, hun kinderen en de hele familie. Claude B\u00e9nistrand CC 0284 en erevoorzitter<\/em><\/p>\n\n\n\n<p><em>Het nieuws van de dood van Jean-Perdoux is inderdaad erg triest!<br>Oprichter van onze prachtige broederschap en voormalig bestuurslid van de FFCT. Naast de bergpassen was hij ook dol op oude ansichtkaarten, vooral de grappige met als thema fietsen die ik van tijd tot tijd op mijn Facebook-pagina post, zoals hij me graag vertelde...<br>Dag lieve Jean!<br>Mijn condoleances aan zijn familie. Jean-Marc Lev\u00e8vre CC3331<\/em><\/p>\n\n\n\n<p><em>Ik kreeg de informatie van een aantal mensen, want Jean was al lang bekend en erkend na alles wat hij had gegeven aan het wielrennen, aan de 100 cols, maar ook aan de federatie en het departement Haute-Savoie en aan iedereen met wie hij in contact kwam.<br>Ik kan dinsdag niet naar Annecy voor de begrafenis, maar de Federatie zal vertegenwoordigd zijn.<br>Hoogachtend<\/em>. <em>Martine Cano Voorzitter van de Franse wielerbond<\/em><\/p>\n\n\n\n<p><em>Goedenavond iedereen,<br>Goede herinneringen ... het bezoek aan Annecy voor de 40e verjaardag van de CCC (2012), de ontmoeting op de <a href=\"https:\/\/photos.google.com\/share\/AF1QipO-WPhiqBe6q-hi6QVjOhEqKQ1Pp0Ww75PjJzLnOCE1UxwoZTioqhhI_4PyYAHLHQ\/photo\/AF1QipOx1tcA_6ULhGe0S0KBaezUF3EYDk4AAPc-n32C?key=NnNuOUdPYkwyMHhSQ2xCX09MWWdVWmVkN2NpRmln\">Luitel in 2022<\/a>, de beklimming van de Galibier (en <a href=\"https:\/\/photos.google.com\/share\/AF1QipOD7a7rQBAy7XXoU5egKuSgj90I1WiegY4jXAAdHZB7hfb6kE07hz8wcp3odpd0TQ\/photo\/AF1QipM8RPWnP-P40cTDYOp_GhADbW1db5COhV9Kgavh?key=WUFWcGYwUmlERDc1MEJ3cWstY3lDZlphOXR4ZWF3\">foto bij Collet de Plan Nicolas in 2013<\/a>) voor de 80e verjaardag van Henri Dusseau. Mijn condoleances aan zijn familie ...<br>En de beste wensen voor iedereen, het is onmogelijk om Jean te vergeten ... bij het verklaren van een halsband. G\u00e9rard GALLAND CCC 933<\/em><\/p>\n\n\n\n<p><em>Beste cencolisten,<br>Net als alle leden ben ik bedroefd over dit nieuws. We zullen niet langer alle voorzitters voor ons zien, zoals in Annecy.<br>Ik kende Jean niet, ik vertelde hem alleen hoe dankbaar ik was op de vijftigste verjaardag van de AVA.<br>Condoleances aan zijn familie. Christiaan VAILLOUD CC 5215&nbsp;<\/em><\/p>\n\n\n\n<p><em>Een gedachte voor dit moment&nbsp;<br>Hartelijk dank aan Jean voor het succes en de ontwikkeling van deze club... anders had ik onze prachtige bergketens nooit kunnen ontdekken... Fran\u00e7oise Valluche<\/em><\/p>\n\n\n\n<p><em>Hallo,<br>Ik kende Jean Perdoux niet persoonlijk, maar zoals iedereen al aangaf, heeft hij 50 jaar geleden een project opgezet dat nog steeds veel bergliefhebbers fascineert.<br>Ik zal de begrafenis van Jean Perdoux niet bijwonen.<br>Mijn gedachten gaan uit naar zijn familie.<br>Vriendelijke groeten. Jean-Luc Matte<\/em><\/p>\n\n\n\n<p><em>Door onze leeftijd en handicap kunnen we geen lange afstanden meer afleggen, maar we zullen Jean Perdoux altijd dankbaar zijn dat hij deze club, waar we zo van houden, heeft opgericht en ons in staat heeft gesteld de bergen op een andere manier te ontdekken, met allerlei soorten passen waar de beloning voor de inspanning de moeite waard was om verder te gaan dan onszelf. Dankzij hem zullen we altijd een vriendelijke gedachte aan hem hebben als we terugdenken aan onze wandelingen naar de passen.<\/em> <em>Maryl\u00e8ne en Claude DUPONT<\/em><\/p>\n\n\n\n<p><em>Het is inderdaad slecht nieuws, want we hebben een groot schepper en natuurliefhebber verloren.<br>Ik eer de nagedachtenis van een oprichter die ons zijn passie liet delen. De ontdekking en zoektocht naar passen stelde ons in staat onszelf te overtreffen en prachtige kennissen te maken binnen deze immense club.<br>Ik denk dat hij van daarboven zal blijven waken over deze prachtige organisatie die de 100 passen is.<br>Oprechte deelneming aan zijn familie. Edouard Escribano cc 6741<\/em><\/p>\n\n\n\n<p><em>Goedenavond<br>Mijn gedachten gaan uit naar Jean Perdoux, de oprichter van de Club des Cent Cols.<br>Ik werd lid van de club in 1994, 30 jaar geleden, toen de club in 1972 werd opgericht.<br>Ik weet hoeveel ik hem verschuldigd ben, ... , dank u.<br>Ik betuig mijn medeleven aan zijn familie, vrienden en dierbaren. Yves Blache, cent cols n\u00b03876.<\/em><\/p>\n\n\n\n<p><em>&nbsp;Het overlijden van Jean Perdoux, met wie we een speciale band hadden, is heel verdrietig nieuws. Chantal heeft contact opgenomen met Tanou, de vrouw van Jean, om ons medeleven te betuigen en haar het beste te wensen voor de komende dagen. Helaas zullen we niet bij de begrafenis aanwezig kunnen zijn, omdat Chantal voor haar moeder zal zorgen, die 102 jaar oud is.<br>Vriendelijke groeten. Alain Gillodes<\/em><\/p>\n\n\n\n<p>&nbsp;<em> Mijnheer de Voorzitter, breng mijn condoleances over aan zijn familie. Zijn creatie, de Cent Cols, een eenvoudig en ingenieus idee, zal voortleven en elke bergpas die hij passeert zal een eerbetoon aan hem zijn.<br>Met vriendelijke groet J-P LESCOUEZEC<\/em><\/p>\n\n\n\n<p><em>Natuurlijk was het met grote droefheid dat ik hoorde van Jean's dood.<br>Ik kende hem als voorzitter van de CHAMBERY cyclotourists toen ik 15 was en ik heb een paar uitstapjes met hem gemaakt.<br>in die tijd en hij gaf me veel van zijn knowhow.<br>Jean was een collega van mijn vader, Gilbert, bij Bourgey et Montreuil in Chamb\u00e9ry en later in Annecy.<br>Ik had het genoegen hem te ontmoeten op de vijftigste verjaardag van de Algemene Vergadering in Annecy.<br>Ik kan dinsdag niet bij de ceremonie zijn, maar ik zal aan hem en alle leden van de CCC denken.<\/em> <em>Pierre Barrucand Nr. 3926 geboren op 1 oktober 1949<\/em><\/p>\n<\/div>\n\n\n\n<div class=\"wp-block-column is-layout-flow wp-block-column-is-layout-flow\">\n<h2 class=\"wp-block-heading\">Toespraak van R\u00e9gis Paraz op de begrafenis<\/h2>\n\n\n\n<p>Ik heb geen officieel mandaat om tussenbeide te komen namens de Club des Cent Cols, maar het is als vriend en voormalig voorzitter van de club dat ik hulde wil brengen aan hem en mijn steun wil betuigen aan zijn familie in deze pijnlijke tijd.<\/p>\n\n\n\n<p>In 2011 hebben we een meer persoonlijke relatie opgebouwd tijdens een bijeenkomst ter voorbereiding van de viering van de veertigste verjaardag van de Club des Cent Cols in 2012.<\/p>\n\n\n\n<p>Ik werd lid van de Club des Cent Cols in 1991 en de eerste keer dat ik Jean zag was op de Col du Luitel tijdens de viering van het twintigjarig bestaan van de Club des Cent Cols, die hij in 1972 had opgericht. De Col du Luitel was de honderdste pas die Jean had beklommen in zijn carri\u00e8re als wielertoerist, en het was daar dat hij op het idee kwam om alle fietsers die graag in de bergen reden en bergpassen beklommen samen te brengen.<\/p>\n\n\n\n<p>Ondanks het sombere weer was er op 11 juli 1992 een grote menigte om dit evenement te vieren, een bewijs dat zijn idee een schat aan intelligentie en creativiteit was die weerklank vond bij veel \u00abliefhebbers\u00bb.<\/p>\n\n\n\n<p>Als anoniem en onervaren lid ontdekte ik door de toespraak die hij die dag hield zijn diepe overtuigingen, zijn filosofie en zijn betrokkenheid bij het wielrennen. Op andere bijeenkomsten en algemene vergaderingen uitte hij telkens dezelfde overtuigingen.<\/p>\n\n\n\n<p>De spelregels die hij had opgesteld, weerspiegelden zijn voorliefde voor inspanning en zijn geloof in de mensheid; ze waren eenvoudig en gebaseerd op vertrouwen, waarbij iedereen de passen die hij had gepasseerd alleen op spierkracht aangaf.<\/p>\n\n\n\n<p>Jean was een humanist met een sterke toewijding aan delen. Als hij mensen wilde samenbrengen rond zijn passie voor fietstochten en de bergen, dan was dat ook om waarden als vriendschap, loyaliteit, gezelligheid en wederzijdse hulp te verdedigen.<\/p>\n\n\n\n<p>Dit idee van delen werd weerspiegeld in zijn bijeenkomsten, waar hij het delen van brood, wijn en kaas institutionaliseerde.<\/p>\n\n\n\n<p>Hij voerde zijn idee om mensen samen te brengen heel ver door door de internationalisering van de Club te promoten. Zijn idee oversteeg grenzen en trok fietsers aan uit vele landen en alle continenten.<\/p>\n\n\n\n<p>Als verenigende kracht heeft hij tot nu toe meer dan 8.000 vrouwen en mannen ge\u00efnspireerd, geleid door zijn krachtige idee.<\/p>\n\n\n\n<p>Als ge\u00ebngageerd man zette hij zich in voor het fietstoerisme als directeur van de FFCT in het begin van de jaren 1970. Hier ontmoette hij Jacques Faizant in de Raad van Bestuur. Faizant was een van de eerste leden van de Club des Cent Cols en stelde een aantal van zijn eigen tekeningen gratis ter beschikking om het jaarlijkse tijdschrift te illustreren.  In 1975 richtte hij het Comit\u00e9 D\u00e9partemental de Cyclotourisme de Haute-Savoie op. Als eclectische fietser droeg hij ook bij aan de promotie van het stadsfietsen als voorzitter van de Club des Villes Cyclables. Hij was de drijvende kracht achter het prachtige fietspad langs de oevers van het meer van Annecy.<\/p>\n\n\n\n<p>Tijdens mijn betrokkenheid bij de Club des Cent Cols heb ik er alles aan gedaan om de geest van tolerantie en waarden waar hij zo aan hechtte te behouden. Ik vond hem een bron van steun, advies en vriendelijke woorden, zowel op de bijeenkomsten van de Club als bij hem thuis, waar Tanou de jaarlijkse lunch bereidde.<\/p>\n\n\n\n<p>Een lange bladzijde in de geschiedenis van de Club des Cent Cols is zojuist omgeslagen. De club is ook in rouw. We delen het diepe verdriet van de familie over het verlies van Jean, oprichter en ziel van de club. Zijn passie, toewijding en visie hebben hun stempel gedrukt op ons allemaal. Ondanks Jean's wrede afwezigheid zal de Club des Cent Cols doorgaan op de ingeslagen weg, met de kostbare erfenis die hij ons heeft nagelaten. Elke beklimming, elke afgelegde kilometer zal een levendig eerbetoon zijn aan zijn nagedachtenis. Jean zal voor altijd gegraveerd blijven in onze harten en op de toppen die hij zo graag bedwong.<br> Mijn oprechte deelneming<\/p>\n\n\n\n<h3 class=\"wp-block-heading\"> Bernard Pommel concludeerde zijn verslag over de passen die Napoleon was overgestoken als volgt <\/h3>\n\n\n\n<p>\u00abNapoleon: de epiloog\u00bb<\/p>\n\n\n\n<p>Het was herfst 1820. Napoleon, die wegkwijnde op Sint-Helena, besloot de tijd te doden door de passen te tellen die hij was gepasseerd. Zijn aantal naderde en overschreed zelfs de honderd.\u00bb <em>Nou,\u00ab dacht hij, \u00bbnadat ik het Legioen van Eer heb opgericht, zou ik een club kunnen oprichten voor mensen die 100 bergpassen hebben beklommen... Ik zou het het 'Legioen van de Honderd Bergpassen' noemen of zoiets... Ik zou zeggen dat de regel is: om lid te worden van de club, moet je minstens 100 verschillende bergpassen hebben beklommen... <br> Ja, maar hoe? Met welk vervoermiddel? Moet je de reizen die je te voet, te paard of met een door paarden getrokken voertuig maakt op dezelfde manier meetellen?<\/em> \u00ab\u00a0<br>Napoleon dacht er even over na, kwam niet met een oplossing en liet het idee varen.<\/p>\n\n\n\n<p>150 jaar later, aan de kant van Luitel, een zekere Jean Perdoux...<a href=\"https:\/\/centcols.org\/historique\/historique_du_ccc.htm\" target=\"_blank\" rel=\"noreferrer noopener\">https:\/\/centcols.org\/historique\/historique_du_ccc.htm<\/a><\/p>\n\n\n\n<p>\u00bb<\/p>\n<\/div>\n<\/div>","protected":false},"excerpt":{"rendered":"<p>Jean Perdoux, oprichter van de Club des Cent Cols, is op 13 maart op 87-jarige leeftijd overleden. Dit betekent het einde van een lang hoofdstuk in de geschiedenis van de Club des Cent Cols. We hebben onze gids verloren, maar niet zijn idee\u00ebn.<\/p>","protected":false},"author":3,"featured_media":79613,"comment_status":"open","ping_status":"open","sticky":false,"template":"","format":"standard","meta":{"_acf_changed":false,"footnotes":""},"categories":[130,129],"tags":[],"class_list":["post-79612","post","type-post","status-publish","format-standard","has-post-thumbnail","hentry","category-carnet-noir","category-gazette"],"acf":[],"yoast_head":"<!-- This site is optimized with the Yoast SEO plugin v27.2 - https:\/\/yoast.com\/product\/yoast-seo-wordpress\/ -->\n<title>Jean Perdoux - Club des Cent Cols<\/title>\n<meta name=\"robots\" content=\"index, follow, max-snippet:-1, max-image-preview:large, max-video-preview:-1\" \/>\n<link rel=\"canonical\" href=\"https:\/\/centcols.org\/nl\/jean-perdoux\/\" \/>\n<meta property=\"og:locale\" content=\"nl_BE\" \/>\n<meta property=\"og:type\" content=\"article\" \/>\n<meta property=\"og:title\" content=\"Jean Perdoux - Club des Cent Cols\" \/>\n<meta property=\"og:description\" content=\"Jean Perdoux, pr\u00e9sident fondateur du Club des Cent Cols est d\u00e9c\u00e9d\u00e9 le 13 mars \u00e0 l\u2019\u00e2ge de 87 ans. C\u2019est une longue page de l\u2019histoire du Club des Cent Cols qui se tourne. Nous avons perdu notre guide, pas ses id\u00e9es.\" \/>\n<meta property=\"og:url\" content=\"https:\/\/centcols.org\/nl\/jean-perdoux\/\" \/>\n<meta property=\"og:site_name\" content=\"Club des Cent Cols\" \/>\n<meta property=\"article:publisher\" content=\"https:\/\/www.facebook.com\/groups\/5261880558\/?locale=fr_FR\" \/>\n<meta property=\"article:published_time\" content=\"2024-04-16T07:35:26+00:00\" \/>\n<meta property=\"article:modified_time\" content=\"2025-09-13T06:04:06+00:00\" \/>\n<meta property=\"og:image\" content=\"https:\/\/centcols.org\/wp-content\/uploads\/2025\/02\/jeanperdoux-galibier-1.jpg\" \/>\n\t<meta property=\"og:image:width\" content=\"1431\" \/>\n\t<meta property=\"og:image:height\" content=\"1431\" \/>\n\t<meta property=\"og:image:type\" content=\"image\/jpeg\" \/>\n<meta name=\"author\" content=\"Webmestre\" \/>\n<meta name=\"twitter:card\" content=\"summary_large_image\" \/>\n<meta name=\"twitter:label1\" content=\"Geschreven door\" \/>\n\t<meta name=\"twitter:data1\" content=\"Webmestre\" \/>\n\t<meta name=\"twitter:label2\" content=\"Geschatte leestijd\" \/>\n\t<meta name=\"twitter:data2\" content=\"12 minuten\" \/>\n<script type=\"application\/ld+json\" class=\"yoast-schema-graph\">{\"@context\":\"https:\/\/schema.org\",\"@graph\":[{\"@type\":\"Article\",\"@id\":\"https:\/\/centcols.org\/jean-perdoux\/#article\",\"isPartOf\":{\"@id\":\"https:\/\/centcols.org\/jean-perdoux\/\"},\"author\":{\"name\":\"Webmestre\",\"@id\":\"https:\/\/centcols.org\/#\/schema\/person\/911b404fb133d8c913dd27cdcf71c8e5\"},\"headline\":\"Jean Perdoux\",\"datePublished\":\"2024-04-16T07:35:26+00:00\",\"dateModified\":\"2025-09-13T06:04:06+00:00\",\"mainEntityOfPage\":{\"@id\":\"https:\/\/centcols.org\/jean-perdoux\/\"},\"wordCount\":2377,\"commentCount\":0,\"publisher\":{\"@id\":\"https:\/\/centcols.org\/#organization\"},\"image\":{\"@id\":\"https:\/\/centcols.org\/jean-perdoux\/#primaryimage\"},\"thumbnailUrl\":\"https:\/\/centcols.org\/wp-content\/uploads\/2025\/02\/jeanperdoux-galibier-1.jpg\",\"articleSection\":[\"Carnet noir\",\"Gazette\"],\"inLanguage\":\"nl-BE\",\"potentialAction\":[{\"@type\":\"CommentAction\",\"name\":\"Comment\",\"target\":[\"https:\/\/centcols.org\/jean-perdoux\/#respond\"]}]},{\"@type\":\"WebPage\",\"@id\":\"https:\/\/centcols.org\/jean-perdoux\/\",\"url\":\"https:\/\/centcols.org\/jean-perdoux\/\",\"name\":\"Jean Perdoux - Club des Cent Cols\",\"isPartOf\":{\"@id\":\"https:\/\/centcols.org\/#website\"},\"primaryImageOfPage\":{\"@id\":\"https:\/\/centcols.org\/jean-perdoux\/#primaryimage\"},\"image\":{\"@id\":\"https:\/\/centcols.org\/jean-perdoux\/#primaryimage\"},\"thumbnailUrl\":\"https:\/\/centcols.org\/wp-content\/uploads\/2025\/02\/jeanperdoux-galibier-1.jpg\",\"datePublished\":\"2024-04-16T07:35:26+00:00\",\"dateModified\":\"2025-09-13T06:04:06+00:00\",\"breadcrumb\":{\"@id\":\"https:\/\/centcols.org\/jean-perdoux\/#breadcrumb\"},\"inLanguage\":\"nl-BE\",\"potentialAction\":[{\"@type\":\"ReadAction\",\"target\":[\"https:\/\/centcols.org\/jean-perdoux\/\"]}]},{\"@type\":\"ImageObject\",\"inLanguage\":\"nl-BE\",\"@id\":\"https:\/\/centcols.org\/jean-perdoux\/#primaryimage\",\"url\":\"https:\/\/centcols.org\/wp-content\/uploads\/2025\/02\/jeanperdoux-galibier-1.jpg\",\"contentUrl\":\"https:\/\/centcols.org\/wp-content\/uploads\/2025\/02\/jeanperdoux-galibier-1.jpg\",\"width\":1431,\"height\":1431},{\"@type\":\"BreadcrumbList\",\"@id\":\"https:\/\/centcols.org\/jean-perdoux\/#breadcrumb\",\"itemListElement\":[{\"@type\":\"ListItem\",\"position\":1,\"name\":\"Accueil\",\"item\":\"https:\/\/centcols.org\/\"},{\"@type\":\"ListItem\",\"position\":2,\"name\":\"Gazette\",\"item\":\"https:\/\/centcols.org\/rubrique\/gazette\/\"},{\"@type\":\"ListItem\",\"position\":3,\"name\":\"Carnet noir\",\"item\":\"https:\/\/centcols.org\/rubrique\/gazette\/carnet-noir\/\"},{\"@type\":\"ListItem\",\"position\":4,\"name\":\"Jean Perdoux\"}]},{\"@type\":\"WebSite\",\"@id\":\"https:\/\/centcols.org\/#website\",\"url\":\"https:\/\/centcols.org\/\",\"name\":\"Club des Cent Cols\",\"description\":\"\",\"publisher\":{\"@id\":\"https:\/\/centcols.org\/#organization\"},\"potentialAction\":[{\"@type\":\"SearchAction\",\"target\":{\"@type\":\"EntryPoint\",\"urlTemplate\":\"https:\/\/centcols.org\/?s={search_term_string}\"},\"query-input\":{\"@type\":\"PropertyValueSpecification\",\"valueRequired\":true,\"valueName\":\"search_term_string\"}}],\"inLanguage\":\"nl-BE\"},{\"@type\":\"Organization\",\"@id\":\"https:\/\/centcols.org\/#organization\",\"name\":\"Club des Cent Cols\",\"url\":\"https:\/\/centcols.org\/\",\"logo\":{\"@type\":\"ImageObject\",\"inLanguage\":\"nl-BE\",\"@id\":\"https:\/\/centcols.org\/#\/schema\/logo\/image\/\",\"url\":\"https:\/\/centcols.org\/wp-content\/uploads\/2025\/01\/carte-icone.png\",\"contentUrl\":\"https:\/\/centcols.org\/wp-content\/uploads\/2025\/01\/carte-icone.png\",\"width\":250,\"height\":250,\"caption\":\"Club des Cent Cols\"},\"image\":{\"@id\":\"https:\/\/centcols.org\/#\/schema\/logo\/image\/\"},\"sameAs\":[\"https:\/\/www.facebook.com\/groups\/5261880558\/?locale=fr_FR\"]},{\"@type\":\"Person\",\"@id\":\"https:\/\/centcols.org\/#\/schema\/person\/911b404fb133d8c913dd27cdcf71c8e5\",\"name\":\"Webmestre\",\"image\":{\"@type\":\"ImageObject\",\"inLanguage\":\"nl-BE\",\"@id\":\"https:\/\/centcols.org\/wp-content\/litespeed\/avatar\/2d246e4b6b4f773e08515e1ffc53690b.jpg?ver=1777222892\",\"url\":\"https:\/\/centcols.org\/wp-content\/litespeed\/avatar\/2d246e4b6b4f773e08515e1ffc53690b.jpg?ver=1777222892\",\"contentUrl\":\"https:\/\/centcols.org\/wp-content\/litespeed\/avatar\/2d246e4b6b4f773e08515e1ffc53690b.jpg?ver=1777222892\",\"caption\":\"Webmestre\"},\"url\":\"https:\/\/centcols.org\/nl\/author\/webmestre\/\"}]}<\/script>\n<!-- \/ Yoast SEO plugin. -->","yoast_head_json":{"title":"Jean Perdoux - Club des Cent Cols","robots":{"index":"index","follow":"follow","max-snippet":"max-snippet:-1","max-image-preview":"max-image-preview:large","max-video-preview":"max-video-preview:-1"},"canonical":"https:\/\/centcols.org\/nl\/jean-perdoux\/","og_locale":"nl_BE","og_type":"article","og_title":"Jean Perdoux - Club des Cent Cols","og_description":"Jean Perdoux, pr\u00e9sident fondateur du Club des Cent Cols est d\u00e9c\u00e9d\u00e9 le 13 mars \u00e0 l\u2019\u00e2ge de 87 ans. C\u2019est une longue page de l\u2019histoire du Club des Cent Cols qui se tourne. Nous avons perdu notre guide, pas ses id\u00e9es.","og_url":"https:\/\/centcols.org\/nl\/jean-perdoux\/","og_site_name":"Club des Cent Cols","article_publisher":"https:\/\/www.facebook.com\/groups\/5261880558\/?locale=fr_FR","article_published_time":"2024-04-16T07:35:26+00:00","article_modified_time":"2025-09-13T06:04:06+00:00","og_image":[{"width":1431,"height":1431,"url":"https:\/\/centcols.org\/wp-content\/uploads\/2025\/02\/jeanperdoux-galibier-1.jpg","type":"image\/jpeg"}],"author":"Webmestre","twitter_card":"summary_large_image","twitter_misc":{"Geschreven door":"Webmestre","Geschatte leestijd":"12 minuten"},"schema":{"@context":"https:\/\/schema.org","@graph":[{"@type":"Article","@id":"https:\/\/centcols.org\/jean-perdoux\/#article","isPartOf":{"@id":"https:\/\/centcols.org\/jean-perdoux\/"},"author":{"name":"Webmestre","@id":"https:\/\/centcols.org\/#\/schema\/person\/911b404fb133d8c913dd27cdcf71c8e5"},"headline":"Jean Perdoux","datePublished":"2024-04-16T07:35:26+00:00","dateModified":"2025-09-13T06:04:06+00:00","mainEntityOfPage":{"@id":"https:\/\/centcols.org\/jean-perdoux\/"},"wordCount":2377,"commentCount":0,"publisher":{"@id":"https:\/\/centcols.org\/#organization"},"image":{"@id":"https:\/\/centcols.org\/jean-perdoux\/#primaryimage"},"thumbnailUrl":"https:\/\/centcols.org\/wp-content\/uploads\/2025\/02\/jeanperdoux-galibier-1.jpg","articleSection":["Carnet noir","Gazette"],"inLanguage":"nl-BE","potentialAction":[{"@type":"CommentAction","name":"Comment","target":["https:\/\/centcols.org\/jean-perdoux\/#respond"]}]},{"@type":"WebPage","@id":"https:\/\/centcols.org\/jean-perdoux\/","url":"https:\/\/centcols.org\/jean-perdoux\/","name":"Jean Perdoux - Club des Cent Cols","isPartOf":{"@id":"https:\/\/centcols.org\/#website"},"primaryImageOfPage":{"@id":"https:\/\/centcols.org\/jean-perdoux\/#primaryimage"},"image":{"@id":"https:\/\/centcols.org\/jean-perdoux\/#primaryimage"},"thumbnailUrl":"https:\/\/centcols.org\/wp-content\/uploads\/2025\/02\/jeanperdoux-galibier-1.jpg","datePublished":"2024-04-16T07:35:26+00:00","dateModified":"2025-09-13T06:04:06+00:00","breadcrumb":{"@id":"https:\/\/centcols.org\/jean-perdoux\/#breadcrumb"},"inLanguage":"nl-BE","potentialAction":[{"@type":"ReadAction","target":["https:\/\/centcols.org\/jean-perdoux\/"]}]},{"@type":"ImageObject","inLanguage":"nl-BE","@id":"https:\/\/centcols.org\/jean-perdoux\/#primaryimage","url":"https:\/\/centcols.org\/wp-content\/uploads\/2025\/02\/jeanperdoux-galibier-1.jpg","contentUrl":"https:\/\/centcols.org\/wp-content\/uploads\/2025\/02\/jeanperdoux-galibier-1.jpg","width":1431,"height":1431},{"@type":"BreadcrumbList","@id":"https:\/\/centcols.org\/jean-perdoux\/#breadcrumb","itemListElement":[{"@type":"ListItem","position":1,"name":"Accueil","item":"https:\/\/centcols.org\/"},{"@type":"ListItem","position":2,"name":"Gazette","item":"https:\/\/centcols.org\/rubrique\/gazette\/"},{"@type":"ListItem","position":3,"name":"Carnet noir","item":"https:\/\/centcols.org\/rubrique\/gazette\/carnet-noir\/"},{"@type":"ListItem","position":4,"name":"Jean Perdoux"}]},{"@type":"WebSite","@id":"https:\/\/centcols.org\/#website","url":"https:\/\/centcols.org\/","name":"Club van Cent Cols","description":"","publisher":{"@id":"https:\/\/centcols.org\/#organization"},"potentialAction":[{"@type":"SearchAction","target":{"@type":"EntryPoint","urlTemplate":"https:\/\/centcols.org\/?s={search_term_string}"},"query-input":{"@type":"PropertyValueSpecification","valueRequired":true,"valueName":"search_term_string"}}],"inLanguage":"nl-BE"},{"@type":"Organization","@id":"https:\/\/centcols.org\/#organization","name":"Club van Cent Cols","url":"https:\/\/centcols.org\/","logo":{"@type":"ImageObject","inLanguage":"nl-BE","@id":"https:\/\/centcols.org\/#\/schema\/logo\/image\/","url":"https:\/\/centcols.org\/wp-content\/uploads\/2025\/01\/carte-icone.png","contentUrl":"https:\/\/centcols.org\/wp-content\/uploads\/2025\/01\/carte-icone.png","width":250,"height":250,"caption":"Club des Cent Cols"},"image":{"@id":"https:\/\/centcols.org\/#\/schema\/logo\/image\/"},"sameAs":["https:\/\/www.facebook.com\/groups\/5261880558\/?locale=fr_FR"]},{"@type":"Person","@id":"https:\/\/centcols.org\/#\/schema\/person\/911b404fb133d8c913dd27cdcf71c8e5","name":"Webmaster","image":{"@type":"ImageObject","inLanguage":"nl-BE","@id":"https:\/\/centcols.org\/wp-content\/litespeed\/avatar\/2d246e4b6b4f773e08515e1ffc53690b.jpg?ver=1777222892","url":"https:\/\/centcols.org\/wp-content\/litespeed\/avatar\/2d246e4b6b4f773e08515e1ffc53690b.jpg?ver=1777222892","contentUrl":"https:\/\/centcols.org\/wp-content\/litespeed\/avatar\/2d246e4b6b4f773e08515e1ffc53690b.jpg?ver=1777222892","caption":"Webmestre"},"url":"https:\/\/centcols.org\/nl\/author\/webmestre\/"}]}},"_links":{"self":[{"href":"https:\/\/centcols.org\/nl\/wp-json\/wp\/v2\/posts\/79612","targetHints":{"allow":["GET"]}}],"collection":[{"href":"https:\/\/centcols.org\/nl\/wp-json\/wp\/v2\/posts"}],"about":[{"href":"https:\/\/centcols.org\/nl\/wp-json\/wp\/v2\/types\/post"}],"author":[{"embeddable":true,"href":"https:\/\/centcols.org\/nl\/wp-json\/wp\/v2\/users\/3"}],"replies":[{"embeddable":true,"href":"https:\/\/centcols.org\/nl\/wp-json\/wp\/v2\/comments?post=79612"}],"version-history":[{"count":0,"href":"https:\/\/centcols.org\/nl\/wp-json\/wp\/v2\/posts\/79612\/revisions"}],"wp:featuredmedia":[{"embeddable":true,"href":"https:\/\/centcols.org\/nl\/wp-json\/wp\/v2\/media\/79613"}],"wp:attachment":[{"href":"https:\/\/centcols.org\/nl\/wp-json\/wp\/v2\/media?parent=79612"}],"wp:term":[{"taxonomy":"category","embeddable":true,"href":"https:\/\/centcols.org\/nl\/wp-json\/wp\/v2\/categories?post=79612"},{"taxonomy":"post_tag","embeddable":true,"href":"https:\/\/centcols.org\/nl\/wp-json\/wp\/v2\/tags?post=79612"}],"curies":[{"name":"wp","href":"https:\/\/api.w.org\/{rel}","templated":true}]}}