{"id":79619,"date":"2024-10-01T09:15:12","date_gmt":"2024-10-01T07:15:12","guid":{"rendered":"https:\/\/centcols.org\/daniel-mauge\/"},"modified":"2025-09-12T21:07:13","modified_gmt":"2025-09-12T19:07:13","slug":"daniel-mauge","status":"publish","type":"post","link":"https:\/\/centcols.org\/nl\/daniel-mauge\/","title":{"rendered":"Daniel Maug\u00e9"},"content":{"rendered":"<p>CC 4554 Daniel Maug\u00e9 overleden op 6 september 2024<\/p>\n\n\n\n<p>Hier is Daniel Maug\u00e9 op de top van de Ventoux, hij wist dat het de laatste keer was dat hij deze in oktober 2022 zou beklimmen.<\/p>\n\n\n\n<figure class=\"wp-block-image size-full\"><img loading=\"lazy\" decoding=\"async\" width=\"768\" height=\"896\" src=\"https:\/\/centcols.org\/wp-content\/uploads\/2025\/02\/4554-Daniel-Mauge-e1747138594861.jpg\" alt=\"\" class=\"wp-image-79620\"\/><\/figure>\n\n\n\n<p><br>Daniel overleed op 6 september 2024 na een lang ziekbed aan de vooravond van de mountainbikewedstrijd \u00abLa Tour Matagrin\u00bb, waarvan hij sinds het begin de spil was. Hij miste daardoor de 34e editie. Daniel zei dat hij vergeten zou worden, maar dat is onmogelijk.<br>Daniel kwam in 1983 bij de Squadra For\u00e9zienne en viel al snel op door zijn klimvaardigheden.<br>We hebben samen zoveel wegen afgelegd in de regio, waaronder paasweekenden in de Provence, waar hij routes voor ons uitstippelde om te beklimmen, met bergpassen in overvloed.<br>Met zijn kartonnen GPS waarop alle notities voor de rit stonden, leidde hij ons langs de wegen van de Alpen, de Pyrenee\u00ebn, Spanje, Zwitserland, Oostenrijk, Itali\u00eb en zelfs Sloveni\u00eb toen we de Alpen overstaken van Thonon naar Tri\u00ebst via de beroemde Stelvio - onvergetelijke herinneringen.<br>19 deelnames in Lyon-Chamonix-Lyon.<br>Er waren ook talrijke deelnames aan Clermont-Aurillac-Clermont en vele andere langeafstandsritten.<br>We zullen zijn verwoestende pedaalslag niet vergeten zodra de weg omhoog ging, noch de kwaliteit van zijn schrijven toen hij op briljante wijze de essentie van een groepsuitstapje vastlegde met de bedachtzaamheid om altijd een vriendelijk woordje voor de een of de ander te doen.<br>Hij was de drijvende kracht achter de introductie van de langeafstandsbrevets (200-300-400-600km), waarmee renners zich kunnen kwalificeren voor Parijs-Brest-Parijs.<br>Daniel had 7 Parijs-Brest-Parijs op zijn naam staan en hij had er graag nog een aan toegevoegd met je broer JJ, maar helaas was hij al ziek geworden. Het speet hem dat hij deze uitdaging met Jean Jacques niet had kunnen voltooien.<br>De lijst is te lang om alle passen op te sommen die hij heeft beklommen, en hij was ook lid van de club van honderd passen.<br>Hij blonk ook uit in bergwandelen en beklom de Mont Blanc (4807m), Toubkal (4167m) in Marokko en Damavand (5600m) in Iran.<br>Daniel was jarenlang lid van het bestuur van Squadra For\u00e9zienne.<br>Daniel wilde zijn leven thuis be\u00ebindigen in een omgeving waar hij van hield, omringd door zijn familie en vrienden, en zijn tuin nog een laatste keer zien.<br>Het beroemde fietsenmerk Bianchi heeft een trouwe vertegenwoordiger verloren en de Squadra een discrete, bescheiden maar zeer effectieve man.<br>Hij zou op 23 oktober 70 jaar zijn geworden.<\/p>\n\n\n\n<p><strong>de Squadra For\u00e9zienne<\/strong><\/p>","protected":false},"excerpt":{"rendered":"<p>CC 4554 Daniel Maug\u00e9 d\u00e9c\u00e9d\u00e9 le 6 septembre 2024 Voici Daniel Maug\u00e9 au sommet du Ventoux, il savait que c&rsquo;\u00e9tait la derni\u00e8re fois qu&rsquo;il le gravissait en octobre 2022. Daniel nous a quitt\u00e9 le 6 septembre 2024 suite \u00e0 une longue maladie \u00e0 la veille du VTT \u00ab\u00a0La Tour Matagrin\u00a0\u00bb dont il a \u00e9t\u00e9 la [&hellip;]<\/p>\n","protected":false},"author":58,"featured_media":79620,"comment_status":"open","ping_status":"open","sticky":false,"template":"","format":"standard","meta":{"_acf_changed":false,"footnotes":""},"categories":[130,129],"tags":[],"class_list":["post-79619","post","type-post","status-publish","format-standard","has-post-thumbnail","hentry","category-carnet-noir","category-gazette"],"acf":[],"yoast_head":"<!-- This site is optimized with the Yoast SEO plugin v27.2 - https:\/\/yoast.com\/product\/yoast-seo-wordpress\/ -->\n<title>Daniel Maug\u00e9 - Club des Cent Cols<\/title>\n<meta name=\"robots\" content=\"index, follow, max-snippet:-1, max-image-preview:large, max-video-preview:-1\" \/>\n<link rel=\"canonical\" href=\"https:\/\/centcols.org\/nl\/daniel-mauge\/\" \/>\n<meta property=\"og:locale\" content=\"nl_BE\" \/>\n<meta property=\"og:type\" content=\"article\" \/>\n<meta property=\"og:title\" content=\"Daniel Maug\u00e9 - Club des Cent Cols\" \/>\n<meta property=\"og:description\" content=\"CC 4554 Daniel Maug\u00e9 d\u00e9c\u00e9d\u00e9 le 6 septembre 2024 Voici Daniel Maug\u00e9 au sommet du Ventoux, il savait que c&rsquo;\u00e9tait la derni\u00e8re fois qu&rsquo;il le gravissait en octobre 2022. Daniel nous a quitt\u00e9 le 6 septembre 2024 suite \u00e0 une longue maladie \u00e0 la veille du VTT \u00ab\u00a0La Tour Matagrin\u00a0\u00bb dont il a \u00e9t\u00e9 la [&hellip;]\" \/>\n<meta property=\"og:url\" content=\"https:\/\/centcols.org\/nl\/daniel-mauge\/\" \/>\n<meta property=\"og:site_name\" content=\"Club des Cent Cols\" \/>\n<meta property=\"article:publisher\" content=\"https:\/\/www.facebook.com\/groups\/5261880558\/?locale=fr_FR\" \/>\n<meta property=\"article:published_time\" content=\"2024-10-01T07:15:12+00:00\" \/>\n<meta property=\"article:modified_time\" content=\"2025-09-12T19:07:13+00:00\" \/>\n<meta property=\"og:image\" content=\"https:\/\/centcols.org\/wp-content\/uploads\/2025\/02\/4554-Daniel-Mauge-e1747138594861.jpg\" \/>\n\t<meta property=\"og:image:width\" content=\"768\" \/>\n\t<meta property=\"og:image:height\" content=\"896\" \/>\n\t<meta property=\"og:image:type\" content=\"image\/jpeg\" \/>\n<meta name=\"author\" content=\"Enrico Alberini\" \/>\n<meta name=\"twitter:card\" content=\"summary_large_image\" \/>\n<meta name=\"twitter:label1\" content=\"Geschreven door\" \/>\n\t<meta name=\"twitter:data1\" content=\"Enrico Alberini\" \/>\n\t<meta name=\"twitter:label2\" content=\"Geschatte leestijd\" \/>\n\t<meta name=\"twitter:data2\" content=\"3 minuten\" \/>\n<script type=\"application\/ld+json\" class=\"yoast-schema-graph\">{\"@context\":\"https:\/\/schema.org\",\"@graph\":[{\"@type\":\"Article\",\"@id\":\"https:\/\/centcols.org\/daniel-mauge\/#article\",\"isPartOf\":{\"@id\":\"https:\/\/centcols.org\/daniel-mauge\/\"},\"author\":{\"name\":\"Enrico Alberini\",\"@id\":\"https:\/\/centcols.org\/#\/schema\/person\/86c3ec6889d88501a29fccac614bebf8\"},\"headline\":\"Daniel Maug\u00e9\",\"datePublished\":\"2024-10-01T07:15:12+00:00\",\"dateModified\":\"2025-09-12T19:07:13+00:00\",\"mainEntityOfPage\":{\"@id\":\"https:\/\/centcols.org\/daniel-mauge\/\"},\"wordCount\":476,\"commentCount\":0,\"publisher\":{\"@id\":\"https:\/\/centcols.org\/#organization\"},\"image\":{\"@id\":\"https:\/\/centcols.org\/daniel-mauge\/#primaryimage\"},\"thumbnailUrl\":\"https:\/\/centcols.org\/wp-content\/uploads\/2025\/02\/4554-Daniel-Mauge-e1747138594861.jpg\",\"articleSection\":[\"Carnet noir\",\"Gazette\"],\"inLanguage\":\"nl-BE\",\"potentialAction\":[{\"@type\":\"CommentAction\",\"name\":\"Comment\",\"target\":[\"https:\/\/centcols.org\/daniel-mauge\/#respond\"]}]},{\"@type\":\"WebPage\",\"@id\":\"https:\/\/centcols.org\/daniel-mauge\/\",\"url\":\"https:\/\/centcols.org\/daniel-mauge\/\",\"name\":\"Daniel Maug\u00e9 - Club des Cent Cols\",\"isPartOf\":{\"@id\":\"https:\/\/centcols.org\/#website\"},\"primaryImageOfPage\":{\"@id\":\"https:\/\/centcols.org\/daniel-mauge\/#primaryimage\"},\"image\":{\"@id\":\"https:\/\/centcols.org\/daniel-mauge\/#primaryimage\"},\"thumbnailUrl\":\"https:\/\/centcols.org\/wp-content\/uploads\/2025\/02\/4554-Daniel-Mauge-e1747138594861.jpg\",\"datePublished\":\"2024-10-01T07:15:12+00:00\",\"dateModified\":\"2025-09-12T19:07:13+00:00\",\"breadcrumb\":{\"@id\":\"https:\/\/centcols.org\/daniel-mauge\/#breadcrumb\"},\"inLanguage\":\"nl-BE\",\"potentialAction\":[{\"@type\":\"ReadAction\",\"target\":[\"https:\/\/centcols.org\/daniel-mauge\/\"]}]},{\"@type\":\"ImageObject\",\"inLanguage\":\"nl-BE\",\"@id\":\"https:\/\/centcols.org\/daniel-mauge\/#primaryimage\",\"url\":\"https:\/\/centcols.org\/wp-content\/uploads\/2025\/02\/4554-Daniel-Mauge-e1747138594861.jpg\",\"contentUrl\":\"https:\/\/centcols.org\/wp-content\/uploads\/2025\/02\/4554-Daniel-Mauge-e1747138594861.jpg\",\"width\":768,\"height\":896},{\"@type\":\"BreadcrumbList\",\"@id\":\"https:\/\/centcols.org\/daniel-mauge\/#breadcrumb\",\"itemListElement\":[{\"@type\":\"ListItem\",\"position\":1,\"name\":\"Accueil\",\"item\":\"https:\/\/centcols.org\/\"},{\"@type\":\"ListItem\",\"position\":2,\"name\":\"Gazette\",\"item\":\"https:\/\/centcols.org\/rubrique\/gazette\/\"},{\"@type\":\"ListItem\",\"position\":3,\"name\":\"Daniel Maug\u00e9\"}]},{\"@type\":\"WebSite\",\"@id\":\"https:\/\/centcols.org\/#website\",\"url\":\"https:\/\/centcols.org\/\",\"name\":\"Club des Cent Cols\",\"description\":\"\",\"publisher\":{\"@id\":\"https:\/\/centcols.org\/#organization\"},\"potentialAction\":[{\"@type\":\"SearchAction\",\"target\":{\"@type\":\"EntryPoint\",\"urlTemplate\":\"https:\/\/centcols.org\/?s={search_term_string}\"},\"query-input\":{\"@type\":\"PropertyValueSpecification\",\"valueRequired\":true,\"valueName\":\"search_term_string\"}}],\"inLanguage\":\"nl-BE\"},{\"@type\":\"Organization\",\"@id\":\"https:\/\/centcols.org\/#organization\",\"name\":\"Club des Cent Cols\",\"url\":\"https:\/\/centcols.org\/\",\"logo\":{\"@type\":\"ImageObject\",\"inLanguage\":\"nl-BE\",\"@id\":\"https:\/\/centcols.org\/#\/schema\/logo\/image\/\",\"url\":\"https:\/\/centcols.org\/wp-content\/uploads\/2025\/01\/carte-icone.png\",\"contentUrl\":\"https:\/\/centcols.org\/wp-content\/uploads\/2025\/01\/carte-icone.png\",\"width\":250,\"height\":250,\"caption\":\"Club des Cent Cols\"},\"image\":{\"@id\":\"https:\/\/centcols.org\/#\/schema\/logo\/image\/\"},\"sameAs\":[\"https:\/\/www.facebook.com\/groups\/5261880558\/?locale=fr_FR\"]},{\"@type\":\"Person\",\"@id\":\"https:\/\/centcols.org\/#\/schema\/person\/86c3ec6889d88501a29fccac614bebf8\",\"name\":\"Enrico Alberini\",\"image\":{\"@type\":\"ImageObject\",\"inLanguage\":\"nl-BE\",\"@id\":\"https:\/\/centcols.org\/wp-content\/litespeed\/avatar\/1b26e36a18d85acc8b0f860f9628213f.jpg?ver=1777240766\",\"url\":\"https:\/\/centcols.org\/wp-content\/litespeed\/avatar\/1b26e36a18d85acc8b0f860f9628213f.jpg?ver=1777240766\",\"contentUrl\":\"https:\/\/centcols.org\/wp-content\/litespeed\/avatar\/1b26e36a18d85acc8b0f860f9628213f.jpg?ver=1777240766\",\"caption\":\"Enrico Alberini\"},\"url\":\"https:\/\/centcols.org\/nl\/author\/5065\/\"}]}<\/script>\n<!-- \/ Yoast SEO plugin. -->","yoast_head_json":{"title":"Daniel Maug\u00e9 - Club des Cent Cols","robots":{"index":"index","follow":"follow","max-snippet":"max-snippet:-1","max-image-preview":"max-image-preview:large","max-video-preview":"max-video-preview:-1"},"canonical":"https:\/\/centcols.org\/nl\/daniel-mauge\/","og_locale":"nl_BE","og_type":"article","og_title":"Daniel Maug\u00e9 - Club des Cent Cols","og_description":"CC 4554 Daniel Maug\u00e9 d\u00e9c\u00e9d\u00e9 le 6 septembre 2024 Voici Daniel Maug\u00e9 au sommet du Ventoux, il savait que c&rsquo;\u00e9tait la derni\u00e8re fois qu&rsquo;il le gravissait en octobre 2022. Daniel nous a quitt\u00e9 le 6 septembre 2024 suite \u00e0 une longue maladie \u00e0 la veille du VTT \u00ab\u00a0La Tour Matagrin\u00a0\u00bb dont il a \u00e9t\u00e9 la [&hellip;]","og_url":"https:\/\/centcols.org\/nl\/daniel-mauge\/","og_site_name":"Club des Cent Cols","article_publisher":"https:\/\/www.facebook.com\/groups\/5261880558\/?locale=fr_FR","article_published_time":"2024-10-01T07:15:12+00:00","article_modified_time":"2025-09-12T19:07:13+00:00","og_image":[{"width":768,"height":896,"url":"https:\/\/centcols.org\/wp-content\/uploads\/2025\/02\/4554-Daniel-Mauge-e1747138594861.jpg","type":"image\/jpeg"}],"author":"Enrico Alberini","twitter_card":"summary_large_image","twitter_misc":{"Geschreven door":"Enrico Alberini","Geschatte leestijd":"3 minuten"},"schema":{"@context":"https:\/\/schema.org","@graph":[{"@type":"Article","@id":"https:\/\/centcols.org\/daniel-mauge\/#article","isPartOf":{"@id":"https:\/\/centcols.org\/daniel-mauge\/"},"author":{"name":"Enrico Alberini","@id":"https:\/\/centcols.org\/#\/schema\/person\/86c3ec6889d88501a29fccac614bebf8"},"headline":"Daniel Maug\u00e9","datePublished":"2024-10-01T07:15:12+00:00","dateModified":"2025-09-12T19:07:13+00:00","mainEntityOfPage":{"@id":"https:\/\/centcols.org\/daniel-mauge\/"},"wordCount":476,"commentCount":0,"publisher":{"@id":"https:\/\/centcols.org\/#organization"},"image":{"@id":"https:\/\/centcols.org\/daniel-mauge\/#primaryimage"},"thumbnailUrl":"https:\/\/centcols.org\/wp-content\/uploads\/2025\/02\/4554-Daniel-Mauge-e1747138594861.jpg","articleSection":["Carnet noir","Gazette"],"inLanguage":"nl-BE","potentialAction":[{"@type":"CommentAction","name":"Comment","target":["https:\/\/centcols.org\/daniel-mauge\/#respond"]}]},{"@type":"WebPage","@id":"https:\/\/centcols.org\/daniel-mauge\/","url":"https:\/\/centcols.org\/daniel-mauge\/","name":"Daniel Maug\u00e9 - Club des Cent Cols","isPartOf":{"@id":"https:\/\/centcols.org\/#website"},"primaryImageOfPage":{"@id":"https:\/\/centcols.org\/daniel-mauge\/#primaryimage"},"image":{"@id":"https:\/\/centcols.org\/daniel-mauge\/#primaryimage"},"thumbnailUrl":"https:\/\/centcols.org\/wp-content\/uploads\/2025\/02\/4554-Daniel-Mauge-e1747138594861.jpg","datePublished":"2024-10-01T07:15:12+00:00","dateModified":"2025-09-12T19:07:13+00:00","breadcrumb":{"@id":"https:\/\/centcols.org\/daniel-mauge\/#breadcrumb"},"inLanguage":"nl-BE","potentialAction":[{"@type":"ReadAction","target":["https:\/\/centcols.org\/daniel-mauge\/"]}]},{"@type":"ImageObject","inLanguage":"nl-BE","@id":"https:\/\/centcols.org\/daniel-mauge\/#primaryimage","url":"https:\/\/centcols.org\/wp-content\/uploads\/2025\/02\/4554-Daniel-Mauge-e1747138594861.jpg","contentUrl":"https:\/\/centcols.org\/wp-content\/uploads\/2025\/02\/4554-Daniel-Mauge-e1747138594861.jpg","width":768,"height":896},{"@type":"BreadcrumbList","@id":"https:\/\/centcols.org\/daniel-mauge\/#breadcrumb","itemListElement":[{"@type":"ListItem","position":1,"name":"Accueil","item":"https:\/\/centcols.org\/"},{"@type":"ListItem","position":2,"name":"Gazette","item":"https:\/\/centcols.org\/rubrique\/gazette\/"},{"@type":"ListItem","position":3,"name":"Daniel Maug\u00e9"}]},{"@type":"WebSite","@id":"https:\/\/centcols.org\/#website","url":"https:\/\/centcols.org\/","name":"Club van Cent Cols","description":"","publisher":{"@id":"https:\/\/centcols.org\/#organization"},"potentialAction":[{"@type":"SearchAction","target":{"@type":"EntryPoint","urlTemplate":"https:\/\/centcols.org\/?s={search_term_string}"},"query-input":{"@type":"PropertyValueSpecification","valueRequired":true,"valueName":"search_term_string"}}],"inLanguage":"nl-BE"},{"@type":"Organization","@id":"https:\/\/centcols.org\/#organization","name":"Club van Cent Cols","url":"https:\/\/centcols.org\/","logo":{"@type":"ImageObject","inLanguage":"nl-BE","@id":"https:\/\/centcols.org\/#\/schema\/logo\/image\/","url":"https:\/\/centcols.org\/wp-content\/uploads\/2025\/01\/carte-icone.png","contentUrl":"https:\/\/centcols.org\/wp-content\/uploads\/2025\/01\/carte-icone.png","width":250,"height":250,"caption":"Club des Cent Cols"},"image":{"@id":"https:\/\/centcols.org\/#\/schema\/logo\/image\/"},"sameAs":["https:\/\/www.facebook.com\/groups\/5261880558\/?locale=fr_FR"]},{"@type":"Person","@id":"https:\/\/centcols.org\/#\/schema\/person\/86c3ec6889d88501a29fccac614bebf8","name":"Enrico Alberini","image":{"@type":"ImageObject","inLanguage":"nl-BE","@id":"https:\/\/centcols.org\/wp-content\/litespeed\/avatar\/1b26e36a18d85acc8b0f860f9628213f.jpg?ver=1777240766","url":"https:\/\/centcols.org\/wp-content\/litespeed\/avatar\/1b26e36a18d85acc8b0f860f9628213f.jpg?ver=1777240766","contentUrl":"https:\/\/centcols.org\/wp-content\/litespeed\/avatar\/1b26e36a18d85acc8b0f860f9628213f.jpg?ver=1777240766","caption":"Enrico Alberini"},"url":"https:\/\/centcols.org\/nl\/author\/5065\/"}]}},"_links":{"self":[{"href":"https:\/\/centcols.org\/nl\/wp-json\/wp\/v2\/posts\/79619","targetHints":{"allow":["GET"]}}],"collection":[{"href":"https:\/\/centcols.org\/nl\/wp-json\/wp\/v2\/posts"}],"about":[{"href":"https:\/\/centcols.org\/nl\/wp-json\/wp\/v2\/types\/post"}],"author":[{"embeddable":true,"href":"https:\/\/centcols.org\/nl\/wp-json\/wp\/v2\/users\/58"}],"replies":[{"embeddable":true,"href":"https:\/\/centcols.org\/nl\/wp-json\/wp\/v2\/comments?post=79619"}],"version-history":[{"count":0,"href":"https:\/\/centcols.org\/nl\/wp-json\/wp\/v2\/posts\/79619\/revisions"}],"wp:featuredmedia":[{"embeddable":true,"href":"https:\/\/centcols.org\/nl\/wp-json\/wp\/v2\/media\/79620"}],"wp:attachment":[{"href":"https:\/\/centcols.org\/nl\/wp-json\/wp\/v2\/media?parent=79619"}],"wp:term":[{"taxonomy":"category","embeddable":true,"href":"https:\/\/centcols.org\/nl\/wp-json\/wp\/v2\/categories?post=79619"},{"taxonomy":"post_tag","embeddable":true,"href":"https:\/\/centcols.org\/nl\/wp-json\/wp\/v2\/tags?post=79619"}],"curies":[{"name":"wp","href":"https:\/\/api.w.org\/{rel}","templated":true}]}}