{"id":79621,"date":"2024-11-04T09:10:12","date_gmt":"2024-11-04T07:10:12","guid":{"rendered":"https:\/\/centcols.org\/daniel-renaud\/"},"modified":"2025-09-13T07:49:19","modified_gmt":"2025-09-13T05:49:19","slug":"daniel-renaud","status":"publish","type":"post","link":"https:\/\/centcols.org\/nl\/daniel-renaud\/","title":{"rendered":"Daniel Renaud"},"content":{"rendered":"<p>CC 6056 Daniel Renaud overleden op 21 oktober 2024<\/p>\n\n\n\n<figure class=\"wp-block-gallery has-nested-images columns-default is-cropped wp-block-gallery-1 is-layout-flex wp-block-gallery-is-layout-flex\">\n<figure class=\"wp-block-image size-full\"><img loading=\"lazy\" decoding=\"async\" width=\"1200\" height=\"900\" data-id=\"90042\" src=\"https:\/\/centcols.org\/wp-content\/uploads\/2024\/11\/Daniel-2017-08-19-1200x900-1.jpg\" alt=\"\" class=\"wp-image-90042\" srcset=\"https:\/\/centcols.org\/wp-content\/uploads\/2024\/11\/Daniel-2017-08-19-1200x900-1.jpg 1200w, https:\/\/centcols.org\/wp-content\/uploads\/2024\/11\/Daniel-2017-08-19-1200x900-1-768x576.jpg 768w, https:\/\/centcols.org\/wp-content\/uploads\/2024\/11\/Daniel-2017-08-19-1200x900-1-16x12.jpg 16w\" sizes=\"auto, (max-width: 1200px) 100vw, 1200px\" \/><figcaption class=\"wp-element-caption\">Reacties van gebruikers<\/figcaption><\/figure>\n\n\n\n<figure class=\"wp-block-image size-full\"><img loading=\"lazy\" decoding=\"async\" width=\"1200\" height=\"848\" data-id=\"90043\" src=\"https:\/\/centcols.org\/wp-content\/uploads\/2024\/11\/Daniel-1200x848-1.jpeg\" alt=\"\" class=\"wp-image-90043\" srcset=\"https:\/\/centcols.org\/wp-content\/uploads\/2024\/11\/Daniel-1200x848-1.jpeg 1200w, https:\/\/centcols.org\/wp-content\/uploads\/2024\/11\/Daniel-1200x848-1-768x543.jpeg 768w, https:\/\/centcols.org\/wp-content\/uploads\/2024\/11\/Daniel-1200x848-1-18x12.jpeg 18w\" sizes=\"auto, (max-width: 1200px) 100vw, 1200px\" \/><\/figure>\n<\/figure>\n\n\n\n<p>Ik bied Maryse de condoleances van de Club des Cent cols en mijn persoonlijke condoleances aan. Daniel was veel meer dan een lid van de Club, hij was een charmant persoon, uitstekend gezelschap en een vriend voor mij.<br>Ik zal veel goede herinneringen hebben aan de tijd die we samen doorbrachten op Clubreisjes.<br><strong>Enrico Alberini CCC nr. 5065<\/strong><br>Voorzitter van de club<\/p>\n\n\n\n<p>We hebben elkaar ontmoet tijdens de CCC-verblijven. Hij verbaasde me met zijn kracht op de beklimmingen.<br>Wij noorderlingen zullen zijn stem en zijn zuidelijke accent missen.<br>Hij zal ook gemist worden door zijn fiets- en skiclubs, waar hij erg actief was.<br>Onze gedachten gaan uit naar de nabestaanden, zijn familie en vooral Maryse, naar wie onze gedachten uitgaan in deze pijnlijke tijd. <br><strong>Marie-Rose, Alain Brault CCC-nr. 3693<\/strong><\/p>\n\n\n\n<p>Bon voyage Daniel, mijn vakantie zal nooit meer hetzelfde zijn.<br>Mijn condoleances voor Maryse.<br><strong>Kris Claeys CCC nr. 6373<\/strong><\/p>\n\n\n\n<p>Het kostte me een fietstocht om de moed te vinden om te reageren. Wat kan ik aan jullie eerbetoon toevoegen? Vanaf het begin blies hij me weg op de afdalingen: niet vasthouden aan het stuur, zijn handen aan zijn zij in de luchtremmen! Ja, Alain, we verloren hem uit het oog op de beklimmingen, maar toen we de top bereikten, lag zijn ONCE-trui op ons te wachten. Bernard, ik herinner me de zoektocht in Lavagna: Roberto B\u00e9nigni parodi\u00ebren en de voeten kussen van de ma\u00eetre d'! Voor de rest heeft Maryse moed en kan ze op ons allemaal rekenen...<br><strong>Guy Chaurin CCC-nr. 6.685<\/strong><\/p>\n\n\n\n<p>Onze oprechte deelneming aan Maryse en haar familie. We zullen goede herinneringen bewaren aan Daniel, die altijd tijd vrijmaakte voor een praatje met iedereen en zo de cohesie en vriendschap binnen de groep bevorderde. Al onze steun aan Maryse in deze moeilijke tijd.<br><strong>Jo\u00eblle CCC nr. 5345 en Gilles Mingat CCC nr. 4442<\/strong><\/p>\n\n\n\n<p>Als Maryse en Daniel aanwezig waren, was hij het vaak die de collecte deed voor de pot voor het personeel van het etablissement dat ons verwelkomde.<br><strong>Bernard Giraudeau CCC Nr. 3872<\/strong><\/p>\n\n\n\n<p>Daniel en Maryse waren naar Praz gekomen met een heleboel kleine cadeautjes, die tijdens het welkomstdrankje voor de leden op een tafel in de hal werden gelegd.<br>Een gebaar van vriendelijkheid dat haar goed uitkwam.<br><strong>Herv\u00e9 Reti\u00e8re CCC-nr. 6927<\/strong><br>Algemeen secretaris van de club<\/p>\n\n\n\n<p>Het is triest nieuws, maar we kunnen Daniel niet vergeten, die we op veel van onze reizen hebben ontmoet.<br>Onze condoleances aan Maryse en haar familie.<br><strong>Didier R\u00e9mond CCC nr. 1202<\/strong><br>Dt01<\/p>\n\n\n\n<p>Moge hij rusten in vrede.<br><strong>Henri Dusseau CCC nr. 705<\/strong><\/p>\n\n\n\n<p>Ik zal altijd goede herinneringen hebben aan Daniel, met wie ik een aantal prachtige vakanties in de Cent Cols heb gedeeld (Vassieux en Vercors, Argel\u00e8s sur Mer en Sare).<br>Ik condoleer Maryse en haar familie.<br><strong>Bernard Cardineau CCC Nr. 5591<\/strong><\/p>\n\n\n\n<p>Daniel heeft ons te vroeg verlaten. Het was altijd een genoegen om hem en Maryse op onze reizen te ontmoeten.<br>We hadden het geluk hen te mogen verwelkomen op de regionale bijeenkomst van Alpes du Nord op 26 juni 2017. Maryse, die in Cannes woont, kwam haar 1.000e pas vieren op de Col de La Croisette op de berg Sal\u00e8ve!<br><strong>Guy Harl\u00e9 CCC nr. 5193<\/strong><\/p>\n\n\n\n<p>Onze oprechte deelneming aan Maryse en haar familie.<br>We hebben dierbare herinneringen aan Daniel.<br><strong>Willy en Brigitte CCC nr. 2749<\/strong><\/p>\n\n\n\n<p>Onze deelneming aan Maryse en veel sterkte in deze moeilijke tijd.<br><strong>Martine CCC nr. 7189 en Gilbert Dufaud CCC nr. 7058<\/strong><\/p>","protected":false},"excerpt":{"rendered":"<p>CC 6056 Daniel Renaud d\u00e9c\u00e9d\u00e9 le 21 octobre 2024 Je pr\u00e9sente \u00e0 Maryse les condol\u00e9ances du Club des Cent cols et mes condol\u00e9ances personnelles. Daniel \u00e9tait bien plus qu&rsquo;un membre du Club, c&rsquo;\u00e9tait une personne charmante, une excellente compagnie et un ami pour moi.Je garderai de nombreux souvenirs du temps que nous avons pass\u00e9 ensemble [&hellip;]<\/p>\n","protected":false},"author":58,"featured_media":79657,"comment_status":"open","ping_status":"open","sticky":false,"template":"","format":"standard","meta":{"_acf_changed":false,"footnotes":""},"categories":[130,129],"tags":[],"class_list":["post-79621","post","type-post","status-publish","format-standard","has-post-thumbnail","hentry","category-carnet-noir","category-gazette"],"acf":[],"yoast_head":"<!-- This site is optimized with the Yoast SEO plugin v27.2 - https:\/\/yoast.com\/product\/yoast-seo-wordpress\/ -->\n<title>Daniel Renaud - Club des Cent Cols<\/title>\n<meta name=\"robots\" content=\"index, follow, max-snippet:-1, max-image-preview:large, max-video-preview:-1\" \/>\n<link rel=\"canonical\" href=\"https:\/\/centcols.org\/nl\/daniel-renaud\/\" \/>\n<meta property=\"og:locale\" content=\"nl_BE\" \/>\n<meta property=\"og:type\" content=\"article\" \/>\n<meta property=\"og:title\" content=\"Daniel Renaud - Club des Cent Cols\" \/>\n<meta property=\"og:description\" content=\"CC 6056 Daniel Renaud d\u00e9c\u00e9d\u00e9 le 21 octobre 2024 Je pr\u00e9sente \u00e0 Maryse les condol\u00e9ances du Club des Cent cols et mes condol\u00e9ances personnelles. Daniel \u00e9tait bien plus qu&rsquo;un membre du Club, c&rsquo;\u00e9tait une personne charmante, une excellente compagnie et un ami pour moi.Je garderai de nombreux souvenirs du temps que nous avons pass\u00e9 ensemble [&hellip;]\" \/>\n<meta property=\"og:url\" content=\"https:\/\/centcols.org\/nl\/daniel-renaud\/\" \/>\n<meta property=\"og:site_name\" content=\"Club des Cent Cols\" \/>\n<meta property=\"article:publisher\" content=\"https:\/\/www.facebook.com\/groups\/5261880558\/?locale=fr_FR\" \/>\n<meta property=\"article:published_time\" content=\"2024-11-04T07:10:12+00:00\" \/>\n<meta property=\"article:modified_time\" content=\"2025-09-13T05:49:19+00:00\" \/>\n<meta property=\"og:image\" content=\"https:\/\/centcols.org\/wp-content\/uploads\/2025\/02\/Daniel-Renaud-CC-redim.jpg\" \/>\n\t<meta property=\"og:image:width\" content=\"1920\" \/>\n\t<meta property=\"og:image:height\" content=\"1080\" \/>\n\t<meta property=\"og:image:type\" content=\"image\/jpeg\" \/>\n<meta name=\"author\" content=\"Enrico Alberini\" \/>\n<meta name=\"twitter:card\" content=\"summary_large_image\" \/>\n<meta name=\"twitter:label1\" content=\"Geschreven door\" \/>\n\t<meta name=\"twitter:data1\" content=\"Enrico Alberini\" \/>\n\t<meta name=\"twitter:label2\" content=\"Geschatte leestijd\" \/>\n\t<meta name=\"twitter:data2\" content=\"4 minuten\" \/>\n<script type=\"application\/ld+json\" class=\"yoast-schema-graph\">{\"@context\":\"https:\/\/schema.org\",\"@graph\":[{\"@type\":\"Article\",\"@id\":\"https:\/\/centcols.org\/daniel-renaud\/#article\",\"isPartOf\":{\"@id\":\"https:\/\/centcols.org\/daniel-renaud\/\"},\"author\":{\"name\":\"Enrico Alberini\",\"@id\":\"https:\/\/centcols.org\/#\/schema\/person\/86c3ec6889d88501a29fccac614bebf8\"},\"headline\":\"Daniel Renaud\",\"datePublished\":\"2024-11-04T07:10:12+00:00\",\"dateModified\":\"2025-09-13T05:49:19+00:00\",\"mainEntityOfPage\":{\"@id\":\"https:\/\/centcols.org\/daniel-renaud\/\"},\"wordCount\":617,\"commentCount\":0,\"publisher\":{\"@id\":\"https:\/\/centcols.org\/#organization\"},\"image\":{\"@id\":\"https:\/\/centcols.org\/daniel-renaud\/#primaryimage\"},\"thumbnailUrl\":\"https:\/\/centcols.org\/wp-content\/uploads\/2025\/02\/Daniel-Renaud-CC-redim.jpg\",\"articleSection\":[\"Carnet noir\",\"Gazette\"],\"inLanguage\":\"nl-BE\",\"potentialAction\":[{\"@type\":\"CommentAction\",\"name\":\"Comment\",\"target\":[\"https:\/\/centcols.org\/daniel-renaud\/#respond\"]}]},{\"@type\":\"WebPage\",\"@id\":\"https:\/\/centcols.org\/daniel-renaud\/\",\"url\":\"https:\/\/centcols.org\/daniel-renaud\/\",\"name\":\"Daniel Renaud - Club des Cent Cols\",\"isPartOf\":{\"@id\":\"https:\/\/centcols.org\/#website\"},\"primaryImageOfPage\":{\"@id\":\"https:\/\/centcols.org\/daniel-renaud\/#primaryimage\"},\"image\":{\"@id\":\"https:\/\/centcols.org\/daniel-renaud\/#primaryimage\"},\"thumbnailUrl\":\"https:\/\/centcols.org\/wp-content\/uploads\/2025\/02\/Daniel-Renaud-CC-redim.jpg\",\"datePublished\":\"2024-11-04T07:10:12+00:00\",\"dateModified\":\"2025-09-13T05:49:19+00:00\",\"breadcrumb\":{\"@id\":\"https:\/\/centcols.org\/daniel-renaud\/#breadcrumb\"},\"inLanguage\":\"nl-BE\",\"potentialAction\":[{\"@type\":\"ReadAction\",\"target\":[\"https:\/\/centcols.org\/daniel-renaud\/\"]}]},{\"@type\":\"ImageObject\",\"inLanguage\":\"nl-BE\",\"@id\":\"https:\/\/centcols.org\/daniel-renaud\/#primaryimage\",\"url\":\"https:\/\/centcols.org\/wp-content\/uploads\/2025\/02\/Daniel-Renaud-CC-redim.jpg\",\"contentUrl\":\"https:\/\/centcols.org\/wp-content\/uploads\/2025\/02\/Daniel-Renaud-CC-redim.jpg\",\"width\":1920,\"height\":1080},{\"@type\":\"BreadcrumbList\",\"@id\":\"https:\/\/centcols.org\/daniel-renaud\/#breadcrumb\",\"itemListElement\":[{\"@type\":\"ListItem\",\"position\":1,\"name\":\"Accueil\",\"item\":\"https:\/\/centcols.org\/\"},{\"@type\":\"ListItem\",\"position\":2,\"name\":\"Gazette\",\"item\":\"https:\/\/centcols.org\/rubrique\/gazette\/\"},{\"@type\":\"ListItem\",\"position\":3,\"name\":\"Carnet noir\",\"item\":\"https:\/\/centcols.org\/rubrique\/gazette\/carnet-noir\/\"},{\"@type\":\"ListItem\",\"position\":4,\"name\":\"Daniel Renaud\"}]},{\"@type\":\"WebSite\",\"@id\":\"https:\/\/centcols.org\/#website\",\"url\":\"https:\/\/centcols.org\/\",\"name\":\"Club des Cent Cols\",\"description\":\"\",\"publisher\":{\"@id\":\"https:\/\/centcols.org\/#organization\"},\"potentialAction\":[{\"@type\":\"SearchAction\",\"target\":{\"@type\":\"EntryPoint\",\"urlTemplate\":\"https:\/\/centcols.org\/?s={search_term_string}\"},\"query-input\":{\"@type\":\"PropertyValueSpecification\",\"valueRequired\":true,\"valueName\":\"search_term_string\"}}],\"inLanguage\":\"nl-BE\"},{\"@type\":\"Organization\",\"@id\":\"https:\/\/centcols.org\/#organization\",\"name\":\"Club des Cent Cols\",\"url\":\"https:\/\/centcols.org\/\",\"logo\":{\"@type\":\"ImageObject\",\"inLanguage\":\"nl-BE\",\"@id\":\"https:\/\/centcols.org\/#\/schema\/logo\/image\/\",\"url\":\"https:\/\/centcols.org\/wp-content\/uploads\/2025\/01\/carte-icone.png\",\"contentUrl\":\"https:\/\/centcols.org\/wp-content\/uploads\/2025\/01\/carte-icone.png\",\"width\":250,\"height\":250,\"caption\":\"Club des Cent Cols\"},\"image\":{\"@id\":\"https:\/\/centcols.org\/#\/schema\/logo\/image\/\"},\"sameAs\":[\"https:\/\/www.facebook.com\/groups\/5261880558\/?locale=fr_FR\"]},{\"@type\":\"Person\",\"@id\":\"https:\/\/centcols.org\/#\/schema\/person\/86c3ec6889d88501a29fccac614bebf8\",\"name\":\"Enrico Alberini\",\"image\":{\"@type\":\"ImageObject\",\"inLanguage\":\"nl-BE\",\"@id\":\"https:\/\/centcols.org\/wp-content\/litespeed\/avatar\/1b26e36a18d85acc8b0f860f9628213f.jpg?ver=1777240766\",\"url\":\"https:\/\/centcols.org\/wp-content\/litespeed\/avatar\/1b26e36a18d85acc8b0f860f9628213f.jpg?ver=1777240766\",\"contentUrl\":\"https:\/\/centcols.org\/wp-content\/litespeed\/avatar\/1b26e36a18d85acc8b0f860f9628213f.jpg?ver=1777240766\",\"caption\":\"Enrico Alberini\"},\"url\":\"https:\/\/centcols.org\/nl\/author\/5065\/\"}]}<\/script>\n<!-- \/ Yoast SEO plugin. -->","yoast_head_json":{"title":"Daniel Renaud - Club des Cent Cols","robots":{"index":"index","follow":"follow","max-snippet":"max-snippet:-1","max-image-preview":"max-image-preview:large","max-video-preview":"max-video-preview:-1"},"canonical":"https:\/\/centcols.org\/nl\/daniel-renaud\/","og_locale":"nl_BE","og_type":"article","og_title":"Daniel Renaud - Club des Cent Cols","og_description":"CC 6056 Daniel Renaud d\u00e9c\u00e9d\u00e9 le 21 octobre 2024 Je pr\u00e9sente \u00e0 Maryse les condol\u00e9ances du Club des Cent cols et mes condol\u00e9ances personnelles. Daniel \u00e9tait bien plus qu&rsquo;un membre du Club, c&rsquo;\u00e9tait une personne charmante, une excellente compagnie et un ami pour moi.Je garderai de nombreux souvenirs du temps que nous avons pass\u00e9 ensemble [&hellip;]","og_url":"https:\/\/centcols.org\/nl\/daniel-renaud\/","og_site_name":"Club des Cent Cols","article_publisher":"https:\/\/www.facebook.com\/groups\/5261880558\/?locale=fr_FR","article_published_time":"2024-11-04T07:10:12+00:00","article_modified_time":"2025-09-13T05:49:19+00:00","og_image":[{"width":1920,"height":1080,"url":"https:\/\/centcols.org\/wp-content\/uploads\/2025\/02\/Daniel-Renaud-CC-redim.jpg","type":"image\/jpeg"}],"author":"Enrico Alberini","twitter_card":"summary_large_image","twitter_misc":{"Geschreven door":"Enrico Alberini","Geschatte leestijd":"4 minuten"},"schema":{"@context":"https:\/\/schema.org","@graph":[{"@type":"Article","@id":"https:\/\/centcols.org\/daniel-renaud\/#article","isPartOf":{"@id":"https:\/\/centcols.org\/daniel-renaud\/"},"author":{"name":"Enrico Alberini","@id":"https:\/\/centcols.org\/#\/schema\/person\/86c3ec6889d88501a29fccac614bebf8"},"headline":"Daniel Renaud","datePublished":"2024-11-04T07:10:12+00:00","dateModified":"2025-09-13T05:49:19+00:00","mainEntityOfPage":{"@id":"https:\/\/centcols.org\/daniel-renaud\/"},"wordCount":617,"commentCount":0,"publisher":{"@id":"https:\/\/centcols.org\/#organization"},"image":{"@id":"https:\/\/centcols.org\/daniel-renaud\/#primaryimage"},"thumbnailUrl":"https:\/\/centcols.org\/wp-content\/uploads\/2025\/02\/Daniel-Renaud-CC-redim.jpg","articleSection":["Carnet noir","Gazette"],"inLanguage":"nl-BE","potentialAction":[{"@type":"CommentAction","name":"Comment","target":["https:\/\/centcols.org\/daniel-renaud\/#respond"]}]},{"@type":"WebPage","@id":"https:\/\/centcols.org\/daniel-renaud\/","url":"https:\/\/centcols.org\/daniel-renaud\/","name":"Daniel Renaud - Club des Cent Cols","isPartOf":{"@id":"https:\/\/centcols.org\/#website"},"primaryImageOfPage":{"@id":"https:\/\/centcols.org\/daniel-renaud\/#primaryimage"},"image":{"@id":"https:\/\/centcols.org\/daniel-renaud\/#primaryimage"},"thumbnailUrl":"https:\/\/centcols.org\/wp-content\/uploads\/2025\/02\/Daniel-Renaud-CC-redim.jpg","datePublished":"2024-11-04T07:10:12+00:00","dateModified":"2025-09-13T05:49:19+00:00","breadcrumb":{"@id":"https:\/\/centcols.org\/daniel-renaud\/#breadcrumb"},"inLanguage":"nl-BE","potentialAction":[{"@type":"ReadAction","target":["https:\/\/centcols.org\/daniel-renaud\/"]}]},{"@type":"ImageObject","inLanguage":"nl-BE","@id":"https:\/\/centcols.org\/daniel-renaud\/#primaryimage","url":"https:\/\/centcols.org\/wp-content\/uploads\/2025\/02\/Daniel-Renaud-CC-redim.jpg","contentUrl":"https:\/\/centcols.org\/wp-content\/uploads\/2025\/02\/Daniel-Renaud-CC-redim.jpg","width":1920,"height":1080},{"@type":"BreadcrumbList","@id":"https:\/\/centcols.org\/daniel-renaud\/#breadcrumb","itemListElement":[{"@type":"ListItem","position":1,"name":"Accueil","item":"https:\/\/centcols.org\/"},{"@type":"ListItem","position":2,"name":"Gazette","item":"https:\/\/centcols.org\/rubrique\/gazette\/"},{"@type":"ListItem","position":3,"name":"Carnet noir","item":"https:\/\/centcols.org\/rubrique\/gazette\/carnet-noir\/"},{"@type":"ListItem","position":4,"name":"Daniel Renaud"}]},{"@type":"WebSite","@id":"https:\/\/centcols.org\/#website","url":"https:\/\/centcols.org\/","name":"Club van Cent Cols","description":"","publisher":{"@id":"https:\/\/centcols.org\/#organization"},"potentialAction":[{"@type":"SearchAction","target":{"@type":"EntryPoint","urlTemplate":"https:\/\/centcols.org\/?s={search_term_string}"},"query-input":{"@type":"PropertyValueSpecification","valueRequired":true,"valueName":"search_term_string"}}],"inLanguage":"nl-BE"},{"@type":"Organization","@id":"https:\/\/centcols.org\/#organization","name":"Club van Cent Cols","url":"https:\/\/centcols.org\/","logo":{"@type":"ImageObject","inLanguage":"nl-BE","@id":"https:\/\/centcols.org\/#\/schema\/logo\/image\/","url":"https:\/\/centcols.org\/wp-content\/uploads\/2025\/01\/carte-icone.png","contentUrl":"https:\/\/centcols.org\/wp-content\/uploads\/2025\/01\/carte-icone.png","width":250,"height":250,"caption":"Club des Cent Cols"},"image":{"@id":"https:\/\/centcols.org\/#\/schema\/logo\/image\/"},"sameAs":["https:\/\/www.facebook.com\/groups\/5261880558\/?locale=fr_FR"]},{"@type":"Person","@id":"https:\/\/centcols.org\/#\/schema\/person\/86c3ec6889d88501a29fccac614bebf8","name":"Enrico Alberini","image":{"@type":"ImageObject","inLanguage":"nl-BE","@id":"https:\/\/centcols.org\/wp-content\/litespeed\/avatar\/1b26e36a18d85acc8b0f860f9628213f.jpg?ver=1777240766","url":"https:\/\/centcols.org\/wp-content\/litespeed\/avatar\/1b26e36a18d85acc8b0f860f9628213f.jpg?ver=1777240766","contentUrl":"https:\/\/centcols.org\/wp-content\/litespeed\/avatar\/1b26e36a18d85acc8b0f860f9628213f.jpg?ver=1777240766","caption":"Enrico Alberini"},"url":"https:\/\/centcols.org\/nl\/author\/5065\/"}]}},"_links":{"self":[{"href":"https:\/\/centcols.org\/nl\/wp-json\/wp\/v2\/posts\/79621","targetHints":{"allow":["GET"]}}],"collection":[{"href":"https:\/\/centcols.org\/nl\/wp-json\/wp\/v2\/posts"}],"about":[{"href":"https:\/\/centcols.org\/nl\/wp-json\/wp\/v2\/types\/post"}],"author":[{"embeddable":true,"href":"https:\/\/centcols.org\/nl\/wp-json\/wp\/v2\/users\/58"}],"replies":[{"embeddable":true,"href":"https:\/\/centcols.org\/nl\/wp-json\/wp\/v2\/comments?post=79621"}],"version-history":[{"count":0,"href":"https:\/\/centcols.org\/nl\/wp-json\/wp\/v2\/posts\/79621\/revisions"}],"wp:featuredmedia":[{"embeddable":true,"href":"https:\/\/centcols.org\/nl\/wp-json\/wp\/v2\/media\/79657"}],"wp:attachment":[{"href":"https:\/\/centcols.org\/nl\/wp-json\/wp\/v2\/media?parent=79621"}],"wp:term":[{"taxonomy":"category","embeddable":true,"href":"https:\/\/centcols.org\/nl\/wp-json\/wp\/v2\/categories?post=79621"},{"taxonomy":"post_tag","embeddable":true,"href":"https:\/\/centcols.org\/nl\/wp-json\/wp\/v2\/tags?post=79621"}],"curies":[{"name":"wp","href":"https:\/\/api.w.org\/{rel}","templated":true}]}}