{"id":80025,"date":"2025-04-02T16:53:55","date_gmt":"2025-04-02T14:53:55","guid":{"rendered":"https:\/\/centcols.org\/?p=80025"},"modified":"2025-09-09T19:17:04","modified_gmt":"2025-09-09T17:17:04","slug":"boucles-de-la-drome","status":"publish","type":"post","link":"https:\/\/centcols.org\/nl\/les-boucles-de-la-drome\/","title":{"rendered":"De lussen van de Dr\u00f4me"},"content":{"rendered":"\n<h2 class=\"wp-block-heading\">Pr\u00e9sentation<\/h2>\n\n\n\n<p>Circuit de 1238 km se d\u00e9veloppant \u00e0 99% dans le d\u00e9partement de la Dr\u00f4me, comprenant 11 boucles, 118 cols, 2 en option et 25200m de d\u00e9nivel\u00e9 environ<\/p>\n\n\n\n<p>Cette version de la randonn\u00e9e 100 cols en Dr\u00f4me a \u00e9t\u00e9 trac\u00e9e par Jean-Marc Cl\u00e9ment de la Confr\u00e9rie des Cent Cols sur la base de la randonn\u00e9e 100 cols en Dr\u00f4me d\u00e9j\u00e0 existante<\/p>\n\n\n\n<h2 class=\"wp-block-heading\">Parcours<\/h2>\n\n\n\n<p><iframe loading=\"lazy\" src=\"https:\/\/centcols.org\/rando_perm\/carto\/mbtrp.php?rp=drb\" width=\"1000px\" height=\"600\"><span data-mce-type=\"bookmark\" style=\"display: inline-block; width: 0px; overflow: hidden; line-height: 0;\" class=\"mce_SELRES_start\">\ufeff<\/span><\/iframe><\/p>\n\n\n\n<p><a href=\"\/rando_perm\/inscription.php?rando=drb\" target=\"_blank\" rel=\"noreferrer noopener\">Bulletin d&rsquo;inscription<\/a><\/p>\n\n\n\n<h2 class=\"wp-block-heading\">Th\u00e8me<\/h2>\n\n\n\n<p>Le Club des Cent Cols, fond\u00e9 en 1972, affili\u00e9 \u00e0 la <a href=\"http:\/\/ffct.org\/\">F\u00e9d\u00e9ration Fran\u00e7aise de Cyclotourisme<\/a> sous le N\u00b06384, vous propose cette randonn\u00e9e permanente bas\u00e9e sur un th\u00e8me simple : \u00ab Cent cols \u00bb.<\/p>\n\n\n\n<p>Cent cols, soit pour vous permettre d\u2019int\u00e9grer la Confr\u00e9rie des Cent Cols, soit pour vous permettre de progresser dans le \u00ab tableau d\u2019honneur \u00bb de la Confr\u00e9rie, de toute fa\u00e7on pour vous faire d\u00e9couvrir ou red\u00e9couvrir le d\u00e9partement de la Dr\u00f4me si riche en sites naturels ou historiques.<\/p>\n\n\n\n<h2 class=\"wp-block-heading\">Contr\u00f4les<\/h2>\n\n\n\n<p>Onze contr\u00f4les sont obligatoires ; ils seront effectu\u00e9s en des points de parcours choisis par le randonneur lui-m\u00eame, un contr\u00f4le \u00e9tant effectu\u00e9 dans chaque boucle (les num\u00e9ros de boucles sont \u00e0 reporter sur la carte de route).<\/p>\n\n\n\n<p>Les 11 boucles sont les suivantes et au d\u00e9part de&nbsp;:<\/p>\n\n\n\n<ol class=\"wp-block-list\">\n<li>St Jean en Royans 1 : 103 km, 12 cols, D+ : 2625 m<\/li>\n\n\n\n<li>St Jean en Royans 2 : 91 km, 8 cols, D+ : 2350 m<\/li>\n\n\n\n<li>Crest &#8211; Die&nbsp; : 110 km, 9 cols, D+ : 2585 m<\/li>\n\n\n\n<li>Die &#8211; Crest : 114 km, 11 cols, D+ : 2100 m<\/li>\n\n\n\n<li>Ch\u00e2tillon en Diois : 116 km, 10 cols, D+ : 2235 m<\/li>\n\n\n\n<li>Mont\u00e9limar : 120 km, 10 col, D+ : 1600 m<\/li>\n\n\n\n<li>Nyons : 112 km, 10 cols, D+ : 2315 m<\/li>\n\n\n\n<li>R\u00e9muzat 1 : 116 km, 13 cols, D+ : 2235 m<\/li>\n\n\n\n<li>R\u00e9muzat 2 : 120 km, 9 cols, D+ : 2145 m<\/li>\n\n\n\n<li>Buis les Baronnies : 110 km, 11 cols, D+: 2170 m<\/li>\n\n\n\n<li>Montbrun les Bains :126 km, 14 cols, D+ : 2800 m<\/li>\n<\/ol>\n\n\n\n<h2 class=\"wp-block-heading\">Sites BCN et BPF sur le parcours<\/h2>\n\n\n\n<ul class=\"wp-block-list\">\n<li>Grignan<\/li>\n\n\n\n<li>Montbrun les Bains (\u00e0 1km)<\/li>\n\n\n\n<li>Brantes (Vaucluse)<\/li>\n\n\n\n<li>La Motte Chalancon<\/li>\n\n\n\n<li>Col de Rousset<\/li>\n\n\n\n<li>Col de la Machine<\/li>\n<\/ul>\n\n\n\n<h2 class=\"wp-block-heading\">Quelques cols<\/h2>\n\n\n\n<ul class=\"wp-block-list\">\n<li>Col de Rousset<\/li>\n\n\n\n<li>Col de la Machine<\/li>\n\n\n\n<li>Col de Pennes<\/li>\n\n\n\n<li>Col de Grimone<\/li>\n\n\n\n<li>Col de Men\u00e9e<\/li>\n\n\n\n<li>Col de Soubeyrand<\/li>\n\n\n\n<li>Col de Perty<\/li>\n\n\n\n<li>Col de Macu\u00e8gne<\/li>\n\n\n\n<li>Col de la Chaudi\u00e8re<\/li>\n\n\n\n<li>Col de Tourniol<\/li>\n\n\n\n<li>Col de Bacchus<\/li>\n\n\n\n<li>Col des Limouches<\/li>\n<\/ul>\n\n\n\n<h2 class=\"wp-block-heading\">R\u00e8gle du jeu des randonn\u00e9es permanentes<\/h2>\n\n\n\n<p>Tout participant \u00e0 cette randonn\u00e9e permanente s&rsquo;engage \u00e0 respecter la <a href=\"https:\/\/centcols.org\/regle-du-jeu-des-randonnees-permanentes\/\" target=\"_blank\" rel=\"noreferrer noopener\">r\u00e8gle du jeu<\/a> la r\u00e9gissant.<\/p>\n\n\n\n<h2 class=\"wp-block-heading\">Pour plus d&rsquo;information<\/h2>\n\n\n\n<h3 class=\"wp-block-heading\">S&rsquo;adresser au responsable des randonn\u00e9es permanentes<\/h3>\n\n\n\n<p>Jean-Marc CLEMENT<br>10 rue de Normandie<br>31120 Portet sur Garonne<br>FRANCE<\/p>\n\n\n\n<p>T\u00e9l : +33 (0)5 61 76 30 12<br>E-mail : [email]rand&#111;&#115;&#64;&#99;&#101;&#x6e;&#x74;&#x63;&#x6f;&#x6c;&#x73;&#x2e;org [\/email]<\/p>\n\n\n\n<p><strong>Attention : Vous voudrez bien envoyer vos cartes de route \u00e0 homologuer ainsi que vos cartes postales et vos r\u00e9cits de voyage uniquement au responsable des randonn\u00e9es permanentes actif au moment de cet envoi&nbsp;et que vous trouverez sur le site des 100 COLS !<\/strong><\/p>\n","protected":false},"excerpt":{"rendered":"<p>Pr\u00e9sentation Circuit de 1238 km se d\u00e9veloppant \u00e0 99% dans le d\u00e9partement de la Dr\u00f4me, comprenant 11 boucles, 118 cols, 2 en option et 25200m de d\u00e9nivel\u00e9 environ Cette version de la randonn\u00e9e 100 cols en Dr\u00f4me a \u00e9t\u00e9 trac\u00e9e par Jean-Marc Cl\u00e9ment de la Confr\u00e9rie des Cent Cols sur la base de la randonn\u00e9e [&hellip;]<\/p>\n","protected":false},"author":3,"featured_media":80304,"comment_status":"open","ping_status":"open","sticky":false,"template":"","format":"standard","meta":{"_acf_changed":false,"footnotes":""},"categories":[174,184,176,181,163,155,145],"tags":[],"class_list":["post-80025","post","type-post","status-publish","format-standard","has-post-thumbnail","hentry","category-alpes-du-nord","category-auvergne-rhone-alpes","category-route","category-alpes-du-sud","category-prealpes","category-france","category-randonnees-permanentes"],"acf":[],"yoast_head":"<!-- This site is optimized with the Yoast SEO plugin v27.2 - https:\/\/yoast.com\/product\/yoast-seo-wordpress\/ -->\n<title>Les boucles de la Dr\u00f4me - Club des Cent Cols<\/title>\n<meta name=\"robots\" content=\"index, follow, max-snippet:-1, max-image-preview:large, max-video-preview:-1\" \/>\n<link rel=\"canonical\" href=\"https:\/\/centcols.org\/nl\/boucles-de-la-drome\/\" \/>\n<meta property=\"og:locale\" content=\"nl_BE\" \/>\n<meta property=\"og:type\" content=\"article\" \/>\n<meta property=\"og:title\" content=\"Les boucles de la Dr\u00f4me - Club des Cent Cols\" \/>\n<meta property=\"og:description\" content=\"Pr\u00e9sentation Circuit de 1238 km se d\u00e9veloppant \u00e0 99% dans le d\u00e9partement de la Dr\u00f4me, comprenant 11 boucles, 118 cols, 2 en option et 25200m de d\u00e9nivel\u00e9 environ Cette version de la randonn\u00e9e 100 cols en Dr\u00f4me a \u00e9t\u00e9 trac\u00e9e par Jean-Marc Cl\u00e9ment de la Confr\u00e9rie des Cent Cols sur la base de la randonn\u00e9e [&hellip;]\" \/>\n<meta property=\"og:url\" content=\"https:\/\/centcols.org\/nl\/boucles-de-la-drome\/\" \/>\n<meta property=\"og:site_name\" content=\"Club des Cent Cols\" \/>\n<meta property=\"article:publisher\" content=\"https:\/\/www.facebook.com\/groups\/5261880558\/?locale=fr_FR\" \/>\n<meta property=\"article:published_time\" content=\"2025-04-02T14:53:55+00:00\" \/>\n<meta property=\"article:modified_time\" content=\"2025-09-09T17:17:04+00:00\" \/>\n<meta property=\"og:image\" content=\"https:\/\/centcols.org\/wp-content\/uploads\/2025\/04\/drome_r.jpg\" \/>\n\t<meta property=\"og:image:width\" content=\"960\" \/>\n\t<meta property=\"og:image:height\" content=\"540\" \/>\n\t<meta property=\"og:image:type\" content=\"image\/jpeg\" \/>\n<meta name=\"author\" content=\"Webmestre\" \/>\n<meta name=\"twitter:card\" content=\"summary_large_image\" \/>\n<meta name=\"twitter:label1\" content=\"Geschreven door\" \/>\n\t<meta name=\"twitter:data1\" content=\"Webmestre\" \/>\n\t<meta name=\"twitter:label2\" content=\"Geschatte leestijd\" \/>\n\t<meta name=\"twitter:data2\" content=\"3 minuten\" \/>\n<script type=\"application\/ld+json\" class=\"yoast-schema-graph\">{\"@context\":\"https:\/\/schema.org\",\"@graph\":[{\"@type\":\"Article\",\"@id\":\"https:\/\/centcols.org\/les-boucles-de-la-drome\/#article\",\"isPartOf\":{\"@id\":\"https:\/\/centcols.org\/les-boucles-de-la-drome\/\"},\"author\":{\"name\":\"Webmestre\",\"@id\":\"https:\/\/centcols.org\/#\/schema\/person\/911b404fb133d8c913dd27cdcf71c8e5\"},\"headline\":\"Les boucles de la Dr\u00f4me\",\"datePublished\":\"2025-04-02T14:53:55+00:00\",\"dateModified\":\"2025-09-09T17:17:04+00:00\",\"mainEntityOfPage\":{\"@id\":\"https:\/\/centcols.org\/les-boucles-de-la-drome\/\"},\"wordCount\":461,\"commentCount\":0,\"publisher\":{\"@id\":\"https:\/\/centcols.org\/#organization\"},\"image\":{\"@id\":\"https:\/\/centcols.org\/les-boucles-de-la-drome\/#primaryimage\"},\"thumbnailUrl\":\"https:\/\/centcols.org\/wp-content\/uploads\/2025\/04\/drome_r.jpg\",\"articleSection\":[\"Alpes fran\u00e7aises du nord\",\"Auvergne-Rh\u00f4ne-Alpes\",\"Route\",\"Alpes fran\u00e7aises du sud\",\"Pr\u00e9alpes\",\"France\",\"Randonn\u00e9es permanentes\"],\"inLanguage\":\"nl-BE\",\"potentialAction\":[{\"@type\":\"CommentAction\",\"name\":\"Comment\",\"target\":[\"https:\/\/centcols.org\/les-boucles-de-la-drome\/#respond\"]}]},{\"@type\":\"WebPage\",\"@id\":\"https:\/\/centcols.org\/les-boucles-de-la-drome\/\",\"url\":\"https:\/\/centcols.org\/les-boucles-de-la-drome\/\",\"name\":\"Les boucles de la Dr\u00f4me - Club des Cent Cols\",\"isPartOf\":{\"@id\":\"https:\/\/centcols.org\/#website\"},\"primaryImageOfPage\":{\"@id\":\"https:\/\/centcols.org\/les-boucles-de-la-drome\/#primaryimage\"},\"image\":{\"@id\":\"https:\/\/centcols.org\/les-boucles-de-la-drome\/#primaryimage\"},\"thumbnailUrl\":\"https:\/\/centcols.org\/wp-content\/uploads\/2025\/04\/drome_r.jpg\",\"datePublished\":\"2025-04-02T14:53:55+00:00\",\"dateModified\":\"2025-09-09T17:17:04+00:00\",\"breadcrumb\":{\"@id\":\"https:\/\/centcols.org\/les-boucles-de-la-drome\/#breadcrumb\"},\"inLanguage\":\"nl-BE\",\"potentialAction\":[{\"@type\":\"ReadAction\",\"target\":[\"https:\/\/centcols.org\/les-boucles-de-la-drome\/\"]}]},{\"@type\":\"ImageObject\",\"inLanguage\":\"nl-BE\",\"@id\":\"https:\/\/centcols.org\/les-boucles-de-la-drome\/#primaryimage\",\"url\":\"https:\/\/centcols.org\/wp-content\/uploads\/2025\/04\/drome_r.jpg\",\"contentUrl\":\"https:\/\/centcols.org\/wp-content\/uploads\/2025\/04\/drome_r.jpg\",\"width\":960,\"height\":540},{\"@type\":\"BreadcrumbList\",\"@id\":\"https:\/\/centcols.org\/les-boucles-de-la-drome\/#breadcrumb\",\"itemListElement\":[{\"@type\":\"ListItem\",\"position\":1,\"name\":\"Accueil\",\"item\":\"https:\/\/centcols.org\/\"},{\"@type\":\"ListItem\",\"position\":2,\"name\":\"Randonn\u00e9es permanentes\",\"item\":\"https:\/\/centcols.org\/rubrique\/randonnees-permanentes\/\"},{\"@type\":\"ListItem\",\"position\":3,\"name\":\"Pays\",\"item\":\"https:\/\/centcols.org\/rubrique\/randonnees-permanentes\/pays\/\"},{\"@type\":\"ListItem\",\"position\":4,\"name\":\"France\",\"item\":\"https:\/\/centcols.org\/rubrique\/randonnees-permanentes\/pays\/france\/\"},{\"@type\":\"ListItem\",\"position\":5,\"name\":\"Les boucles de la Dr\u00f4me\"}]},{\"@type\":\"WebSite\",\"@id\":\"https:\/\/centcols.org\/#website\",\"url\":\"https:\/\/centcols.org\/\",\"name\":\"Club des Cent Cols\",\"description\":\"\",\"publisher\":{\"@id\":\"https:\/\/centcols.org\/#organization\"},\"potentialAction\":[{\"@type\":\"SearchAction\",\"target\":{\"@type\":\"EntryPoint\",\"urlTemplate\":\"https:\/\/centcols.org\/?s={search_term_string}\"},\"query-input\":{\"@type\":\"PropertyValueSpecification\",\"valueRequired\":true,\"valueName\":\"search_term_string\"}}],\"inLanguage\":\"nl-BE\"},{\"@type\":\"Organization\",\"@id\":\"https:\/\/centcols.org\/#organization\",\"name\":\"Club des Cent Cols\",\"url\":\"https:\/\/centcols.org\/\",\"logo\":{\"@type\":\"ImageObject\",\"inLanguage\":\"nl-BE\",\"@id\":\"https:\/\/centcols.org\/#\/schema\/logo\/image\/\",\"url\":\"https:\/\/centcols.org\/wp-content\/uploads\/2025\/01\/carte-icone.png\",\"contentUrl\":\"https:\/\/centcols.org\/wp-content\/uploads\/2025\/01\/carte-icone.png\",\"width\":250,\"height\":250,\"caption\":\"Club des Cent Cols\"},\"image\":{\"@id\":\"https:\/\/centcols.org\/#\/schema\/logo\/image\/\"},\"sameAs\":[\"https:\/\/www.facebook.com\/groups\/5261880558\/?locale=fr_FR\"]},{\"@type\":\"Person\",\"@id\":\"https:\/\/centcols.org\/#\/schema\/person\/911b404fb133d8c913dd27cdcf71c8e5\",\"name\":\"Webmestre\",\"image\":{\"@type\":\"ImageObject\",\"inLanguage\":\"nl-BE\",\"@id\":\"https:\/\/centcols.org\/wp-content\/litespeed\/avatar\/2d246e4b6b4f773e08515e1ffc53690b.jpg?ver=1777222892\",\"url\":\"https:\/\/centcols.org\/wp-content\/litespeed\/avatar\/2d246e4b6b4f773e08515e1ffc53690b.jpg?ver=1777222892\",\"contentUrl\":\"https:\/\/centcols.org\/wp-content\/litespeed\/avatar\/2d246e4b6b4f773e08515e1ffc53690b.jpg?ver=1777222892\",\"caption\":\"Webmestre\"},\"url\":\"https:\/\/centcols.org\/nl\/author\/webmestre\/\"}]}<\/script>\n<!-- \/ Yoast SEO plugin. -->","yoast_head_json":{"title":"De boucles van de Dr\u00f4me - Club des Cent Cols","robots":{"index":"index","follow":"follow","max-snippet":"max-snippet:-1","max-image-preview":"max-image-preview:large","max-video-preview":"max-video-preview:-1"},"canonical":"https:\/\/centcols.org\/nl\/boucles-de-la-drome\/","og_locale":"nl_BE","og_type":"article","og_title":"Les boucles de la Dr\u00f4me - Club des Cent Cols","og_description":"Pr\u00e9sentation Circuit de 1238 km se d\u00e9veloppant \u00e0 99% dans le d\u00e9partement de la Dr\u00f4me, comprenant 11 boucles, 118 cols, 2 en option et 25200m de d\u00e9nivel\u00e9 environ Cette version de la randonn\u00e9e 100 cols en Dr\u00f4me a \u00e9t\u00e9 trac\u00e9e par Jean-Marc Cl\u00e9ment de la Confr\u00e9rie des Cent Cols sur la base de la randonn\u00e9e [&hellip;]","og_url":"https:\/\/centcols.org\/nl\/boucles-de-la-drome\/","og_site_name":"Club des Cent Cols","article_publisher":"https:\/\/www.facebook.com\/groups\/5261880558\/?locale=fr_FR","article_published_time":"2025-04-02T14:53:55+00:00","article_modified_time":"2025-09-09T17:17:04+00:00","og_image":[{"width":960,"height":540,"url":"https:\/\/centcols.org\/wp-content\/uploads\/2025\/04\/drome_r.jpg","type":"image\/jpeg"}],"author":"Webmestre","twitter_card":"summary_large_image","twitter_misc":{"Geschreven door":"Webmestre","Geschatte leestijd":"3 minuten"},"schema":{"@context":"https:\/\/schema.org","@graph":[{"@type":"Article","@id":"https:\/\/centcols.org\/les-boucles-de-la-drome\/#article","isPartOf":{"@id":"https:\/\/centcols.org\/les-boucles-de-la-drome\/"},"author":{"name":"Webmestre","@id":"https:\/\/centcols.org\/#\/schema\/person\/911b404fb133d8c913dd27cdcf71c8e5"},"headline":"Les boucles de la Dr\u00f4me","datePublished":"2025-04-02T14:53:55+00:00","dateModified":"2025-09-09T17:17:04+00:00","mainEntityOfPage":{"@id":"https:\/\/centcols.org\/les-boucles-de-la-drome\/"},"wordCount":461,"commentCount":0,"publisher":{"@id":"https:\/\/centcols.org\/#organization"},"image":{"@id":"https:\/\/centcols.org\/les-boucles-de-la-drome\/#primaryimage"},"thumbnailUrl":"https:\/\/centcols.org\/wp-content\/uploads\/2025\/04\/drome_r.jpg","articleSection":["Alpes fran\u00e7aises du nord","Auvergne-Rh\u00f4ne-Alpes","Route","Alpes fran\u00e7aises du sud","Pr\u00e9alpes","France","Randonn\u00e9es permanentes"],"inLanguage":"nl-BE","potentialAction":[{"@type":"CommentAction","name":"Comment","target":["https:\/\/centcols.org\/les-boucles-de-la-drome\/#respond"]}]},{"@type":"WebPage","@id":"https:\/\/centcols.org\/les-boucles-de-la-drome\/","url":"https:\/\/centcols.org\/les-boucles-de-la-drome\/","name":"De boucles van de Dr\u00f4me - Club des Cent Cols","isPartOf":{"@id":"https:\/\/centcols.org\/#website"},"primaryImageOfPage":{"@id":"https:\/\/centcols.org\/les-boucles-de-la-drome\/#primaryimage"},"image":{"@id":"https:\/\/centcols.org\/les-boucles-de-la-drome\/#primaryimage"},"thumbnailUrl":"https:\/\/centcols.org\/wp-content\/uploads\/2025\/04\/drome_r.jpg","datePublished":"2025-04-02T14:53:55+00:00","dateModified":"2025-09-09T17:17:04+00:00","breadcrumb":{"@id":"https:\/\/centcols.org\/les-boucles-de-la-drome\/#breadcrumb"},"inLanguage":"nl-BE","potentialAction":[{"@type":"ReadAction","target":["https:\/\/centcols.org\/les-boucles-de-la-drome\/"]}]},{"@type":"ImageObject","inLanguage":"nl-BE","@id":"https:\/\/centcols.org\/les-boucles-de-la-drome\/#primaryimage","url":"https:\/\/centcols.org\/wp-content\/uploads\/2025\/04\/drome_r.jpg","contentUrl":"https:\/\/centcols.org\/wp-content\/uploads\/2025\/04\/drome_r.jpg","width":960,"height":540},{"@type":"BreadcrumbList","@id":"https:\/\/centcols.org\/les-boucles-de-la-drome\/#breadcrumb","itemListElement":[{"@type":"ListItem","position":1,"name":"Accueil","item":"https:\/\/centcols.org\/"},{"@type":"ListItem","position":2,"name":"Randonn\u00e9es permanentes","item":"https:\/\/centcols.org\/rubrique\/randonnees-permanentes\/"},{"@type":"ListItem","position":3,"name":"Pays","item":"https:\/\/centcols.org\/rubrique\/randonnees-permanentes\/pays\/"},{"@type":"ListItem","position":4,"name":"France","item":"https:\/\/centcols.org\/rubrique\/randonnees-permanentes\/pays\/france\/"},{"@type":"ListItem","position":5,"name":"Les boucles de la Dr\u00f4me"}]},{"@type":"WebSite","@id":"https:\/\/centcols.org\/#website","url":"https:\/\/centcols.org\/","name":"Club van Cent Cols","description":"","publisher":{"@id":"https:\/\/centcols.org\/#organization"},"potentialAction":[{"@type":"SearchAction","target":{"@type":"EntryPoint","urlTemplate":"https:\/\/centcols.org\/?s={search_term_string}"},"query-input":{"@type":"PropertyValueSpecification","valueRequired":true,"valueName":"search_term_string"}}],"inLanguage":"nl-BE"},{"@type":"Organization","@id":"https:\/\/centcols.org\/#organization","name":"Club van Cent Cols","url":"https:\/\/centcols.org\/","logo":{"@type":"ImageObject","inLanguage":"nl-BE","@id":"https:\/\/centcols.org\/#\/schema\/logo\/image\/","url":"https:\/\/centcols.org\/wp-content\/uploads\/2025\/01\/carte-icone.png","contentUrl":"https:\/\/centcols.org\/wp-content\/uploads\/2025\/01\/carte-icone.png","width":250,"height":250,"caption":"Club des Cent Cols"},"image":{"@id":"https:\/\/centcols.org\/#\/schema\/logo\/image\/"},"sameAs":["https:\/\/www.facebook.com\/groups\/5261880558\/?locale=fr_FR"]},{"@type":"Person","@id":"https:\/\/centcols.org\/#\/schema\/person\/911b404fb133d8c913dd27cdcf71c8e5","name":"Webmaster","image":{"@type":"ImageObject","inLanguage":"nl-BE","@id":"https:\/\/centcols.org\/wp-content\/litespeed\/avatar\/2d246e4b6b4f773e08515e1ffc53690b.jpg?ver=1777222892","url":"https:\/\/centcols.org\/wp-content\/litespeed\/avatar\/2d246e4b6b4f773e08515e1ffc53690b.jpg?ver=1777222892","contentUrl":"https:\/\/centcols.org\/wp-content\/litespeed\/avatar\/2d246e4b6b4f773e08515e1ffc53690b.jpg?ver=1777222892","caption":"Webmestre"},"url":"https:\/\/centcols.org\/nl\/author\/webmestre\/"}]}},"_links":{"self":[{"href":"https:\/\/centcols.org\/nl\/wp-json\/wp\/v2\/posts\/80025","targetHints":{"allow":["GET"]}}],"collection":[{"href":"https:\/\/centcols.org\/nl\/wp-json\/wp\/v2\/posts"}],"about":[{"href":"https:\/\/centcols.org\/nl\/wp-json\/wp\/v2\/types\/post"}],"author":[{"embeddable":true,"href":"https:\/\/centcols.org\/nl\/wp-json\/wp\/v2\/users\/3"}],"replies":[{"embeddable":true,"href":"https:\/\/centcols.org\/nl\/wp-json\/wp\/v2\/comments?post=80025"}],"version-history":[{"count":0,"href":"https:\/\/centcols.org\/nl\/wp-json\/wp\/v2\/posts\/80025\/revisions"}],"wp:featuredmedia":[{"embeddable":true,"href":"https:\/\/centcols.org\/nl\/wp-json\/wp\/v2\/media\/80304"}],"wp:attachment":[{"href":"https:\/\/centcols.org\/nl\/wp-json\/wp\/v2\/media?parent=80025"}],"wp:term":[{"taxonomy":"category","embeddable":true,"href":"https:\/\/centcols.org\/nl\/wp-json\/wp\/v2\/categories?post=80025"},{"taxonomy":"post_tag","embeddable":true,"href":"https:\/\/centcols.org\/nl\/wp-json\/wp\/v2\/tags?post=80025"}],"curies":[{"name":"wp","href":"https:\/\/api.w.org\/{rel}","templated":true}]}}