{"id":80146,"date":"2025-03-27T20:30:51","date_gmt":"2025-03-27T18:30:51","guid":{"rendered":"https:\/\/centcols.org\/?p=80146"},"modified":"2025-09-01T16:38:46","modified_gmt":"2025-09-01T14:38:46","slug":"honderd-passen-in-zuidelijk-corsica","status":"publish","type":"post","link":"https:\/\/centcols.org\/nl\/cent-cols-dans-le-sud-de-la-corse\/","title":{"rendered":"Honderd passen in het zuiden van Corsica"},"content":{"rendered":"\n<h2 class=\"wp-block-heading\">Pr\u00e9sentation<\/h2>\n\n\n\n<p>Parcours de 926 km entre mer et montagne dans le sud de la Corse.<\/p>\n\n\n\n<p>926 km pour franchir 101 cols entre 19 et 1 311 m. (d\u00e9nivellation totale: plus de 20 000 m) avec 23 cols proches en option. 12 cols sont communs avec la randonn\u00e9e permanente \u00ab\u00a0<em><a href=\"https:\/\/centcols.org\/cent-cols-dans-le-nord-de-la-corse\/\" target=\"_blank\" rel=\"noopener noreferrer\">Cent cols dans le nord de la Corse<\/a>\u00a0\u00bb <\/em>.<\/p>\n\n\n\n<p>A noter :&nbsp; plus de portion sur piste, tout sur route.<\/p>\n\n\n\n<p>Il n&rsquo;y a pas de probl\u00e8mes pour l&rsquo;h\u00e9bergement, sans r\u00e9servation, en h\u00f4tel, g\u00eete, camping (avec ou sans bungalow) de P\u00e2ques \u00e0 fin juin et de septembre \u00e0 la Toussaint, p\u00e9riodes envisageables pour cette randonn\u00e9e. L&rsquo;hiver rend quelques cols impraticables et l&rsquo;\u00e9t\u00e9 oblige \u00e0 r\u00e9server ses h\u00e9bergements.<\/p>\n\n\n\n<p>1 000 km de nature, de couleurs et de senteurs.<\/p>\n\n\n\n<p>Trac\u00e9e par Bernard Giraudeau (cent cols n\u00b0 3872)<\/p>\n\n\n\n<p><a class=\"fancybox\" href=\"https:\/\/centcols.org\/wp-content\/uploads\/2025\/04\/RPcorsedusud.jpg\" target=\"_blank\" rel=\"noopener noreferrer\">Parcours<\/a><\/p>\n\n\n\n<p><iframe loading=\"lazy\" src=\"https:\/\/centcols.org\/rando_perm\/carto\/mbtrp.php?rp=crs\" width=\"800\" height=\"600\"><\/iframe><\/p>\n\n\n\n<p><a class=\"fancybox\" href=\"https:\/\/centcols.org\/wp-content\/uploads\/2025\/04\/Profil-Sud-de-la-Corse2.jpg\" target=\"_blank\" rel=\"noopener noreferrer\">Profil<\/a><\/p>\n\n\n\n<p><a href=\"https:\/\/centcols.org\/rando_perm\/inscription.php?rando=crs\" target=\"_blank\" rel=\"noopener noreferrer\">Bulletin d&rsquo;inscription<\/a><\/p>\n\n\n\n<h2 class=\"wp-block-heading\">Th\u00e8me<\/h2>\n\n\n\n<p>Le Club des Cent Cols, fond\u00e9 en 1972, affili\u00e9 \u00e0 la <a href=\"http:\/\/ffct.org\/\" target=\"_blank\" rel=\"noopener noreferrer\">F\u00e9d\u00e9ration Fran\u00e7aise de Cyclotourisme<\/a> sous le N\u00b06384, vous propose cette randonn\u00e9e permanente bas\u00e9e sur un th\u00e8me simple : \u00ab Cent cols \u00bb.<\/p>\n\n\n\n<p>Les Grecs Anciens l&rsquo;appelait d\u00e9j\u00e0 \u00ab Kallist\u00e9 \u00bb, la plus belle. Pour Guy de Maupassant, la Corse est avant tout : \u00ab Une montagne dans la mer \u00bb. C&rsquo;est la partie sud de cette montagne que nous vous proposons de parcourir avec cette randonn\u00e9e permanente bas\u00e9e sur le th\u00e8me :<\/p>\n\n\n\n<p>D\u00e9couvrir le sud de la Corse au travers de 100 cols.<\/p>\n\n\n\n<p>Cent cols pour rejoindre la confr\u00e9rie des Cent Cols. Il vous faudra alors poursuivre votre qu\u00eate dans d&rsquo;autres massifs plus \u00e9lev\u00e9s pour obtenir au moins 5 cols \u00e0 plus de 2 000 m\u00e8tres.<\/p>\n\n\n\n<p>Cent cols pour avancer dans le \u00ab tableau d&rsquo;honneur de la confr\u00e9rie \u00bb ou simplement, 100 cols pour vous impr\u00e9gner de cette nature sauvage, de ces paysages \u00e9poustouflants et de les garder en souvenirs \u00e0 l&rsquo;image de Charles Maurras : \u00ab Il y a des endroits o\u00f9 l&rsquo;on s\u00e9journe longtemps sans qu&rsquo;il n&rsquo;en reste rien. Il en est que j&rsquo;ai seulement travers\u00e9s et qui m&rsquo;ont laiss\u00e9 une empreinte profonde. La Corse est de ceux-l\u00e0. Je n&rsquo;ai cess\u00e9 d&rsquo;y vivre \u00bb.<\/p>\n\n\n\n<h2 class=\"wp-block-heading\">Contr\u00f4les<\/h2>\n\n\n\n<p>Huit contr\u00f4les sont obligatoires. Ils seront effectu\u00e9s en des points de parcours choisis par le randonneur lui-m\u00eame, un contr\u00f4le \u00e9tant effectu\u00e9 dans chaque section (les num\u00e9ros de section sont \u00e0 reporter sur la carte de route) :<\/p>\n\n\n\n<ol class=\"wp-block-list\">\n<li>Ajaccio \/ Sarrola-Carcopino ( km 118)<\/li>\n\n\n\n<li>Sarrola-Carcopino \/ Coti-Chiavari ( km 258)<\/li>\n\n\n\n<li>Coti-Chiavari \/ Propriano ( km 393)<\/li>\n\n\n\n<li>Propriano \/ Bonifacio ( km 494)<\/li>\n\n\n\n<li>Bonifacio \/ Levie ( km 624)<\/li>\n\n\n\n<li>Levie \/ Zonza ( km 757)<\/li>\n\n\n\n<li>Zonza\/ Ghisoni ( km 860)<\/li>\n\n\n\n<li>Ghisoni \/ Ajaccio ( km 997)<\/li>\n<\/ol>\n\n\n\n<p><strong>NB : La randonn\u00e9e peut \u00eatre faite sous forme de 5 boucles \u00e0 partir de :<\/strong><\/p>\n\n\n\n<ul class=\"wp-block-list\">\n<li>Ajaccio (2 boucles)<\/li>\n\n\n\n<li>Aull\u00e8ne<\/li>\n\n\n\n<li>Zonza<\/li>\n\n\n\n<li>Bonifacio<\/li>\n<\/ul>\n\n\n\n<h2 class=\"wp-block-heading\">Principaux cols<\/h2>\n\n\n\n<ul class=\"wp-block-list\">\n<li>Col de St Eustache 995m<\/li>\n\n\n\n<li>Col de Bacinu 809m<\/li>\n\n\n\n<li>Bocca d&rsquo;Illarata 991m<\/li>\n\n\n\n<li>Col de Mela 1068m<\/li>\n\n\n\n<li>Col de Bavella 1218m<\/li>\n\n\n\n<li>Bocca di Chiesola 1422m<\/li>\n\n\n\n<li>Bocca di e Croci 1523m<\/li>\n\n\n\n<li>Col de la Vaccia 1193m<\/li>\n\n\n\n<li>Col de Verde 1289m<\/li>\n\n\n\n<li>Col de Sorba 1311m<\/li>\n\n\n\n<li>Col de Vizzavona 1163m<\/li>\n\n\n\n<li>Col de Scalella 1193m<\/li>\n<\/ul>\n\n\n\n<h2 class=\"wp-block-heading\">Sites BCN et BPF sur le parcours<\/h2>\n\n\n\n<ul class=\"wp-block-list\">\n<li>Bonifacio<\/li>\n\n\n\n<li>Zonza<\/li>\n<\/ul>\n\n\n\n<h2 class=\"wp-block-heading\">R\u00e8gle du jeu des randonn\u00e9es permanentes<\/h2>\n\n\n\n<p>Tout participant \u00e0 cette randonn\u00e9e permanente s&rsquo;engage \u00e0 respecter la <a href=\"\/rdj-randonnees-permanentes\/\" target=\"_blank\" rel=\"noreferrer noopener\">r\u00e8gle du jeu<\/a> la r\u00e9gissant.<\/p>\n\n\n\n<h2 class=\"wp-block-heading\">Pour plus d&rsquo;information<\/h2>\n\n\n\n<h3 class=\"wp-block-heading\">S&rsquo;adresser au Responsable des randonn\u00e9es permanentes<\/h3>\n\n\n\n<p>Jean-Marc CLEMENT<br>10 rue de Normandie<br>31120 Portet sur Garonne<br>FRANCE<\/p>\n\n\n\n<p>T\u00e9l : +33 (0)5 61 76 30 12<br>E-mail : [email]&#x72;a&#x6e;&#100;o&#x73;&#64;&#x63;&#x65;n&#x74;&#99;o&#x6c;&#115;&#x2e;&#111;r&#x67; [\/email]<\/p>\n\n\n\n<h6 class=\"wp-block-heading\"><strong>Attention : Veuillez envoyer vos cartes de route \u00e0 homologuer ainsi que vos cartes postales et vos r\u00e9cits de voyage uniquement au responsable actuel, quoi que vous trouviez comme ancienne information (donc ne pas \u00e9crire \u00e0 Roger Colombo, Bernard Pommel, Jean-Marc Lef\u00e8vre ou Roland Grimaud \u2020).<\/strong><\/h6>\n","protected":false},"excerpt":{"rendered":"<p>Pr\u00e9sentation Parcours de 926 km entre mer et montagne dans le sud de la Corse. 926 km pour franchir 101 cols entre 19 et 1 311 m. (d\u00e9nivellation totale: plus de 20 000 m) avec 23 cols proches en option. 12 cols sont communs avec la randonn\u00e9e permanente \u00ab\u00a0Cent cols dans le nord de la [&hellip;]<\/p>\n","protected":false},"author":3,"featured_media":80147,"comment_status":"open","ping_status":"open","sticky":false,"template":"","format":"standard","meta":{"_acf_changed":false,"footnotes":""},"categories":[176,186,155,202,145],"tags":[],"class_list":["post-80146","post","type-post","status-publish","format-standard","has-post-thumbnail","hentry","category-route","category-corse","category-france","category-corse-massif","category-randonnees-permanentes"],"acf":[],"yoast_head":"<!-- This site is optimized with the Yoast SEO plugin v27.2 - https:\/\/yoast.com\/product\/yoast-seo-wordpress\/ -->\n<title>Cent cols dans le sud de la Corse - Club des Cent Cols<\/title>\n<meta name=\"robots\" content=\"index, follow, max-snippet:-1, max-image-preview:large, max-video-preview:-1\" \/>\n<link rel=\"canonical\" href=\"https:\/\/centcols.org\/nl\/honderd-passen-in-zuidelijk-corsica\/\" \/>\n<meta property=\"og:locale\" content=\"nl_BE\" \/>\n<meta property=\"og:type\" content=\"article\" \/>\n<meta property=\"og:title\" content=\"Cent cols dans le sud de la Corse - Club des Cent Cols\" \/>\n<meta property=\"og:description\" content=\"Pr\u00e9sentation Parcours de 926 km entre mer et montagne dans le sud de la Corse. 926 km pour franchir 101 cols entre 19 et 1 311 m. (d\u00e9nivellation totale: plus de 20 000 m) avec 23 cols proches en option. 12 cols sont communs avec la randonn\u00e9e permanente \u00ab\u00a0Cent cols dans le nord de la [&hellip;]\" \/>\n<meta property=\"og:url\" content=\"https:\/\/centcols.org\/nl\/honderd-passen-in-zuidelijk-corsica\/\" \/>\n<meta property=\"og:site_name\" content=\"Club des Cent Cols\" \/>\n<meta property=\"article:publisher\" content=\"https:\/\/www.facebook.com\/groups\/5261880558\/?locale=fr_FR\" \/>\n<meta property=\"article:published_time\" content=\"2025-03-27T18:30:51+00:00\" \/>\n<meta property=\"article:modified_time\" content=\"2025-09-01T14:38:46+00:00\" \/>\n<meta property=\"og:image\" content=\"https:\/\/centcols.org\/wp-content\/uploads\/2025\/04\/bonifaccio.jpg\" \/>\n\t<meta property=\"og:image:width\" content=\"1920\" \/>\n\t<meta property=\"og:image:height\" content=\"1080\" \/>\n\t<meta property=\"og:image:type\" content=\"image\/jpeg\" \/>\n<meta name=\"author\" content=\"Webmestre\" \/>\n<meta name=\"twitter:card\" content=\"summary_large_image\" \/>\n<meta name=\"twitter:label1\" content=\"Geschreven door\" \/>\n\t<meta name=\"twitter:data1\" content=\"Webmestre\" \/>\n\t<meta name=\"twitter:label2\" content=\"Geschatte leestijd\" \/>\n\t<meta name=\"twitter:data2\" content=\"4 minuten\" \/>\n<script type=\"application\/ld+json\" class=\"yoast-schema-graph\">{\"@context\":\"https:\/\/schema.org\",\"@graph\":[{\"@type\":\"Article\",\"@id\":\"https:\/\/centcols.org\/cent-cols-dans-le-sud-de-la-corse\/#article\",\"isPartOf\":{\"@id\":\"https:\/\/centcols.org\/cent-cols-dans-le-sud-de-la-corse\/\"},\"author\":{\"name\":\"Webmestre\",\"@id\":\"https:\/\/centcols.org\/#\/schema\/person\/911b404fb133d8c913dd27cdcf71c8e5\"},\"headline\":\"Cent cols dans le sud de la Corse\",\"datePublished\":\"2025-03-27T18:30:51+00:00\",\"dateModified\":\"2025-09-01T14:38:46+00:00\",\"mainEntityOfPage\":{\"@id\":\"https:\/\/centcols.org\/cent-cols-dans-le-sud-de-la-corse\/\"},\"wordCount\":607,\"commentCount\":0,\"publisher\":{\"@id\":\"https:\/\/centcols.org\/#organization\"},\"image\":{\"@id\":\"https:\/\/centcols.org\/cent-cols-dans-le-sud-de-la-corse\/#primaryimage\"},\"thumbnailUrl\":\"https:\/\/centcols.org\/wp-content\/uploads\/2025\/04\/bonifaccio.jpg\",\"articleSection\":[\"Route\",\"Corse\",\"France\",\"Corse\",\"Randonn\u00e9es permanentes\"],\"inLanguage\":\"nl-BE\",\"potentialAction\":[{\"@type\":\"CommentAction\",\"name\":\"Comment\",\"target\":[\"https:\/\/centcols.org\/cent-cols-dans-le-sud-de-la-corse\/#respond\"]}]},{\"@type\":\"WebPage\",\"@id\":\"https:\/\/centcols.org\/cent-cols-dans-le-sud-de-la-corse\/\",\"url\":\"https:\/\/centcols.org\/cent-cols-dans-le-sud-de-la-corse\/\",\"name\":\"Cent cols dans le sud de la Corse - Club des Cent Cols\",\"isPartOf\":{\"@id\":\"https:\/\/centcols.org\/#website\"},\"primaryImageOfPage\":{\"@id\":\"https:\/\/centcols.org\/cent-cols-dans-le-sud-de-la-corse\/#primaryimage\"},\"image\":{\"@id\":\"https:\/\/centcols.org\/cent-cols-dans-le-sud-de-la-corse\/#primaryimage\"},\"thumbnailUrl\":\"https:\/\/centcols.org\/wp-content\/uploads\/2025\/04\/bonifaccio.jpg\",\"datePublished\":\"2025-03-27T18:30:51+00:00\",\"dateModified\":\"2025-09-01T14:38:46+00:00\",\"breadcrumb\":{\"@id\":\"https:\/\/centcols.org\/cent-cols-dans-le-sud-de-la-corse\/#breadcrumb\"},\"inLanguage\":\"nl-BE\",\"potentialAction\":[{\"@type\":\"ReadAction\",\"target\":[\"https:\/\/centcols.org\/cent-cols-dans-le-sud-de-la-corse\/\"]}]},{\"@type\":\"ImageObject\",\"inLanguage\":\"nl-BE\",\"@id\":\"https:\/\/centcols.org\/cent-cols-dans-le-sud-de-la-corse\/#primaryimage\",\"url\":\"https:\/\/centcols.org\/wp-content\/uploads\/2025\/04\/bonifaccio.jpg\",\"contentUrl\":\"https:\/\/centcols.org\/wp-content\/uploads\/2025\/04\/bonifaccio.jpg\",\"width\":1920,\"height\":1080},{\"@type\":\"BreadcrumbList\",\"@id\":\"https:\/\/centcols.org\/cent-cols-dans-le-sud-de-la-corse\/#breadcrumb\",\"itemListElement\":[{\"@type\":\"ListItem\",\"position\":1,\"name\":\"Accueil\",\"item\":\"https:\/\/centcols.org\/\"},{\"@type\":\"ListItem\",\"position\":2,\"name\":\"Randonn\u00e9es permanentes\",\"item\":\"https:\/\/centcols.org\/rubrique\/randonnees-permanentes\/\"},{\"@type\":\"ListItem\",\"position\":3,\"name\":\"Pays\",\"item\":\"https:\/\/centcols.org\/rubrique\/randonnees-permanentes\/pays\/\"},{\"@type\":\"ListItem\",\"position\":4,\"name\":\"France\",\"item\":\"https:\/\/centcols.org\/rubrique\/randonnees-permanentes\/pays\/france\/\"},{\"@type\":\"ListItem\",\"position\":5,\"name\":\"Cent cols dans le sud de la Corse\"}]},{\"@type\":\"WebSite\",\"@id\":\"https:\/\/centcols.org\/#website\",\"url\":\"https:\/\/centcols.org\/\",\"name\":\"Club des Cent Cols\",\"description\":\"\",\"publisher\":{\"@id\":\"https:\/\/centcols.org\/#organization\"},\"potentialAction\":[{\"@type\":\"SearchAction\",\"target\":{\"@type\":\"EntryPoint\",\"urlTemplate\":\"https:\/\/centcols.org\/?s={search_term_string}\"},\"query-input\":{\"@type\":\"PropertyValueSpecification\",\"valueRequired\":true,\"valueName\":\"search_term_string\"}}],\"inLanguage\":\"nl-BE\"},{\"@type\":\"Organization\",\"@id\":\"https:\/\/centcols.org\/#organization\",\"name\":\"Club des Cent Cols\",\"url\":\"https:\/\/centcols.org\/\",\"logo\":{\"@type\":\"ImageObject\",\"inLanguage\":\"nl-BE\",\"@id\":\"https:\/\/centcols.org\/#\/schema\/logo\/image\/\",\"url\":\"https:\/\/centcols.org\/wp-content\/uploads\/2025\/01\/carte-icone.png\",\"contentUrl\":\"https:\/\/centcols.org\/wp-content\/uploads\/2025\/01\/carte-icone.png\",\"width\":250,\"height\":250,\"caption\":\"Club des Cent Cols\"},\"image\":{\"@id\":\"https:\/\/centcols.org\/#\/schema\/logo\/image\/\"},\"sameAs\":[\"https:\/\/www.facebook.com\/groups\/5261880558\/?locale=fr_FR\"]},{\"@type\":\"Person\",\"@id\":\"https:\/\/centcols.org\/#\/schema\/person\/911b404fb133d8c913dd27cdcf71c8e5\",\"name\":\"Webmestre\",\"image\":{\"@type\":\"ImageObject\",\"inLanguage\":\"nl-BE\",\"@id\":\"https:\/\/centcols.org\/wp-content\/litespeed\/avatar\/2d246e4b6b4f773e08515e1ffc53690b.jpg?ver=1777222892\",\"url\":\"https:\/\/centcols.org\/wp-content\/litespeed\/avatar\/2d246e4b6b4f773e08515e1ffc53690b.jpg?ver=1777222892\",\"contentUrl\":\"https:\/\/centcols.org\/wp-content\/litespeed\/avatar\/2d246e4b6b4f773e08515e1ffc53690b.jpg?ver=1777222892\",\"caption\":\"Webmestre\"},\"url\":\"https:\/\/centcols.org\/nl\/author\/webmestre\/\"}]}<\/script>\n<!-- \/ Yoast SEO plugin. -->","yoast_head_json":{"title":"Honderd passen in het zuiden van Corsica - Club des Cent Cols","robots":{"index":"index","follow":"follow","max-snippet":"max-snippet:-1","max-image-preview":"max-image-preview:large","max-video-preview":"max-video-preview:-1"},"canonical":"https:\/\/centcols.org\/nl\/honderd-passen-in-zuidelijk-corsica\/","og_locale":"nl_BE","og_type":"article","og_title":"Cent cols dans le sud de la Corse - Club des Cent Cols","og_description":"Pr\u00e9sentation Parcours de 926 km entre mer et montagne dans le sud de la Corse. 926 km pour franchir 101 cols entre 19 et 1 311 m. (d\u00e9nivellation totale: plus de 20 000 m) avec 23 cols proches en option. 12 cols sont communs avec la randonn\u00e9e permanente \u00ab\u00a0Cent cols dans le nord de la [&hellip;]","og_url":"https:\/\/centcols.org\/nl\/honderd-passen-in-zuidelijk-corsica\/","og_site_name":"Club des Cent Cols","article_publisher":"https:\/\/www.facebook.com\/groups\/5261880558\/?locale=fr_FR","article_published_time":"2025-03-27T18:30:51+00:00","article_modified_time":"2025-09-01T14:38:46+00:00","og_image":[{"width":1920,"height":1080,"url":"https:\/\/centcols.org\/wp-content\/uploads\/2025\/04\/bonifaccio.jpg","type":"image\/jpeg"}],"author":"Webmestre","twitter_card":"summary_large_image","twitter_misc":{"Geschreven door":"Webmestre","Geschatte leestijd":"4 minuten"},"schema":{"@context":"https:\/\/schema.org","@graph":[{"@type":"Article","@id":"https:\/\/centcols.org\/cent-cols-dans-le-sud-de-la-corse\/#article","isPartOf":{"@id":"https:\/\/centcols.org\/cent-cols-dans-le-sud-de-la-corse\/"},"author":{"name":"Webmestre","@id":"https:\/\/centcols.org\/#\/schema\/person\/911b404fb133d8c913dd27cdcf71c8e5"},"headline":"Cent cols dans le sud de la Corse","datePublished":"2025-03-27T18:30:51+00:00","dateModified":"2025-09-01T14:38:46+00:00","mainEntityOfPage":{"@id":"https:\/\/centcols.org\/cent-cols-dans-le-sud-de-la-corse\/"},"wordCount":607,"commentCount":0,"publisher":{"@id":"https:\/\/centcols.org\/#organization"},"image":{"@id":"https:\/\/centcols.org\/cent-cols-dans-le-sud-de-la-corse\/#primaryimage"},"thumbnailUrl":"https:\/\/centcols.org\/wp-content\/uploads\/2025\/04\/bonifaccio.jpg","articleSection":["Route","Corse","France","Corse","Randonn\u00e9es permanentes"],"inLanguage":"nl-BE","potentialAction":[{"@type":"CommentAction","name":"Comment","target":["https:\/\/centcols.org\/cent-cols-dans-le-sud-de-la-corse\/#respond"]}]},{"@type":"WebPage","@id":"https:\/\/centcols.org\/cent-cols-dans-le-sud-de-la-corse\/","url":"https:\/\/centcols.org\/cent-cols-dans-le-sud-de-la-corse\/","name":"Honderd passen in het zuiden van Corsica - Club des Cent Cols","isPartOf":{"@id":"https:\/\/centcols.org\/#website"},"primaryImageOfPage":{"@id":"https:\/\/centcols.org\/cent-cols-dans-le-sud-de-la-corse\/#primaryimage"},"image":{"@id":"https:\/\/centcols.org\/cent-cols-dans-le-sud-de-la-corse\/#primaryimage"},"thumbnailUrl":"https:\/\/centcols.org\/wp-content\/uploads\/2025\/04\/bonifaccio.jpg","datePublished":"2025-03-27T18:30:51+00:00","dateModified":"2025-09-01T14:38:46+00:00","breadcrumb":{"@id":"https:\/\/centcols.org\/cent-cols-dans-le-sud-de-la-corse\/#breadcrumb"},"inLanguage":"nl-BE","potentialAction":[{"@type":"ReadAction","target":["https:\/\/centcols.org\/cent-cols-dans-le-sud-de-la-corse\/"]}]},{"@type":"ImageObject","inLanguage":"nl-BE","@id":"https:\/\/centcols.org\/cent-cols-dans-le-sud-de-la-corse\/#primaryimage","url":"https:\/\/centcols.org\/wp-content\/uploads\/2025\/04\/bonifaccio.jpg","contentUrl":"https:\/\/centcols.org\/wp-content\/uploads\/2025\/04\/bonifaccio.jpg","width":1920,"height":1080},{"@type":"BreadcrumbList","@id":"https:\/\/centcols.org\/cent-cols-dans-le-sud-de-la-corse\/#breadcrumb","itemListElement":[{"@type":"ListItem","position":1,"name":"Accueil","item":"https:\/\/centcols.org\/"},{"@type":"ListItem","position":2,"name":"Randonn\u00e9es permanentes","item":"https:\/\/centcols.org\/rubrique\/randonnees-permanentes\/"},{"@type":"ListItem","position":3,"name":"Pays","item":"https:\/\/centcols.org\/rubrique\/randonnees-permanentes\/pays\/"},{"@type":"ListItem","position":4,"name":"France","item":"https:\/\/centcols.org\/rubrique\/randonnees-permanentes\/pays\/france\/"},{"@type":"ListItem","position":5,"name":"Cent cols dans le sud de la Corse"}]},{"@type":"WebSite","@id":"https:\/\/centcols.org\/#website","url":"https:\/\/centcols.org\/","name":"Club van Cent Cols","description":"","publisher":{"@id":"https:\/\/centcols.org\/#organization"},"potentialAction":[{"@type":"SearchAction","target":{"@type":"EntryPoint","urlTemplate":"https:\/\/centcols.org\/?s={search_term_string}"},"query-input":{"@type":"PropertyValueSpecification","valueRequired":true,"valueName":"search_term_string"}}],"inLanguage":"nl-BE"},{"@type":"Organization","@id":"https:\/\/centcols.org\/#organization","name":"Club van Cent Cols","url":"https:\/\/centcols.org\/","logo":{"@type":"ImageObject","inLanguage":"nl-BE","@id":"https:\/\/centcols.org\/#\/schema\/logo\/image\/","url":"https:\/\/centcols.org\/wp-content\/uploads\/2025\/01\/carte-icone.png","contentUrl":"https:\/\/centcols.org\/wp-content\/uploads\/2025\/01\/carte-icone.png","width":250,"height":250,"caption":"Club des Cent Cols"},"image":{"@id":"https:\/\/centcols.org\/#\/schema\/logo\/image\/"},"sameAs":["https:\/\/www.facebook.com\/groups\/5261880558\/?locale=fr_FR"]},{"@type":"Person","@id":"https:\/\/centcols.org\/#\/schema\/person\/911b404fb133d8c913dd27cdcf71c8e5","name":"Webmaster","image":{"@type":"ImageObject","inLanguage":"nl-BE","@id":"https:\/\/centcols.org\/wp-content\/litespeed\/avatar\/2d246e4b6b4f773e08515e1ffc53690b.jpg?ver=1777222892","url":"https:\/\/centcols.org\/wp-content\/litespeed\/avatar\/2d246e4b6b4f773e08515e1ffc53690b.jpg?ver=1777222892","contentUrl":"https:\/\/centcols.org\/wp-content\/litespeed\/avatar\/2d246e4b6b4f773e08515e1ffc53690b.jpg?ver=1777222892","caption":"Webmestre"},"url":"https:\/\/centcols.org\/nl\/author\/webmestre\/"}]}},"_links":{"self":[{"href":"https:\/\/centcols.org\/nl\/wp-json\/wp\/v2\/posts\/80146","targetHints":{"allow":["GET"]}}],"collection":[{"href":"https:\/\/centcols.org\/nl\/wp-json\/wp\/v2\/posts"}],"about":[{"href":"https:\/\/centcols.org\/nl\/wp-json\/wp\/v2\/types\/post"}],"author":[{"embeddable":true,"href":"https:\/\/centcols.org\/nl\/wp-json\/wp\/v2\/users\/3"}],"replies":[{"embeddable":true,"href":"https:\/\/centcols.org\/nl\/wp-json\/wp\/v2\/comments?post=80146"}],"version-history":[{"count":0,"href":"https:\/\/centcols.org\/nl\/wp-json\/wp\/v2\/posts\/80146\/revisions"}],"wp:featuredmedia":[{"embeddable":true,"href":"https:\/\/centcols.org\/nl\/wp-json\/wp\/v2\/media\/80147"}],"wp:attachment":[{"href":"https:\/\/centcols.org\/nl\/wp-json\/wp\/v2\/media?parent=80146"}],"wp:term":[{"taxonomy":"category","embeddable":true,"href":"https:\/\/centcols.org\/nl\/wp-json\/wp\/v2\/categories?post=80146"},{"taxonomy":"post_tag","embeddable":true,"href":"https:\/\/centcols.org\/nl\/wp-json\/wp\/v2\/tags?post=80146"}],"curies":[{"name":"wp","href":"https:\/\/api.w.org\/{rel}","templated":true}]}}