{"id":80215,"date":"2025-04-02T15:26:29","date_gmt":"2025-04-02T13:26:29","guid":{"rendered":"https:\/\/centcols.org\/?p=80215"},"modified":"2026-03-25T22:18:36","modified_gmt":"2026-03-25T20:18:36","slug":"honderd-passen-in-het-zwarte-woud","status":"publish","type":"post","link":"https:\/\/centcols.org\/nl\/cent-cols-routiers-en-foret-noire\/","title":{"rendered":"Honderd passen in het Zwarte Woud"},"content":{"rendered":"<h2 class=\"wp-block-heading\">Presentatie<\/h2>\n\n\n\n<p>Een 860 km lange autoroute vanuit Baden-Baden in het Zwarte Woud (Duitsland), met een hoogteverschil van 20.800 meter en 107 bergpassen, plus 9 optionele passen.<\/p>\n\n\n\n<p>Opgespoord door Alain Brault (CC 3693)<\/p>\n\n\n\n<p><a href=\"https:\/\/centcols.org\/nl\/rando_perm\/inscription.php\/?rando=fnr\" target=\"_blank\" rel=\"noreferrer noopener\">Registratieformulier<\/a><\/p>\n\n\n\n<h2 class=\"wp-block-heading\">Cursus<\/h2>\n\n\n\n<p><iframe loading=\"lazy\" src=\"https:\/\/centcols.org\/rando_perm\/carto\/mbtrp.php?rp=fnr\" width=\"800\" height=\"600\"><\/iframe><\/p>\n\n\n\n<p>Geolocatiebestanden (GPX) zijn beschikbaar voor registranten.<\/p>\n\n\n\n<p><a class=\"fancybox\" href=\"https:\/\/centcols.org\/rando_perm\/fnr\/fnr-profil.png\" rel=\"noopener noreferrer\">Profiel<\/a><\/p>\n\n\n\n<h2 class=\"wp-block-heading\">Thema<\/h2>\n\n\n\n<p>De club Cent Cols, opgericht in 1972 en aangesloten bij de F\u00e9d\u00e9ration Fran\u00e7aise de V\u00e9lo onder nr. 6384, biedt je deze permanente rit gebaseerd op een eenvoudig thema: honderd passen.<\/p>\n\n\n\n<p>Honderd passen, waarmee je lid kunt worden van de Confr\u00e9rie du Club des Cent Cols, of waarmee je door kunt stromen naar de \u00abTableau d'Honneur\u00bb van de Confr\u00e9rie, of in ieder geval om je het Zwarte Woud en de geneugten van middelzware bergwegen te laten ontdekken of herontdekken.<\/p>\n\n\n\n<p>Honderd passen voor een fietstocht door het Zwarte Woud, met zijn landschappen, charmante dorpjes, meren en beroemde bergtoppen.<\/p>\n\n\n\n<h2 class=\"wp-block-heading\">Besturingselementen<\/h2>\n\n\n\n<p>Tien controles zijn verplicht: ze worden uitgevoerd op punten langs de route die de renner heeft gekozen, waarbij \u00e9\u00e9n controle wordt uitgevoerd in elke sector (de sectornummers zijn te vinden op de routekaart).<\/p>\n\n\n\n<p>* Baden - Oppenau<\/p>\n\n\n\n<p>* Oppenau - Wolfach<\/p>\n\n\n\n<p>* Wolfach - Sankt Georgen<\/p>\n\n\n\n<p>* Sankt Georgen - Titisee<\/p>\n\n\n\n<p>* Titisee - Todtmoos<\/p>\n\n\n\n<p>* Todtmoos - L\u00f6rrach<\/p>\n\n\n\n<p>* L\u00f6rrach - Sch\u00f6nau in Schwarzwald<\/p>\n\n\n\n<p>* Sch\u00f6nau in het Schwartzwald - Sankt Peter<\/p>\n\n\n\n<p>* Sankt Peter - Biberach<\/p>\n\n\n\n<p>* Biberach - Baden<\/p>\n\n\n\n<h2 class=\"wp-block-heading\">Belangrijkste bergpassen<\/h2>\n\n\n\n<p>Gr\u00fcblesattel DE-BW-1419<\/p>\n\n\n\n<p>Feldbergpas DE-BW-1231<\/p>\n\n\n\n<p>Kandelpas DE-BW-1204<\/p>\n\n\n\n<p>Wiedener Eck DE-BW-1035<\/p>\n\n\n\n<p>Grieshabereck DE-BW-1010<\/p>\n\n\n\n<p>Passh\u00f6he Rotkreuz DE-BW-1000<\/p>\n\n\n\n<p>Kohlgrube DE-BW-0998<\/p>\n\n\n\n<p>Wilhelmsh\u00f6he DE-BW-0975<\/p>\n\n\n\n<h2 class=\"wp-block-heading\">Spelregels voor permanente wandelingen<\/h2>\n\n\n\n<p>Alle deelnemers aan deze permanente route gaan ermee akkoord de <a href=\"\/nl\/rdj-permanente-wandelingen\/\">spelregels<\/a> regeren.<\/p>\n\n\n\n<h2 class=\"wp-block-heading\">Voor meer informatie<\/h2>\n\n\n\n<h3 class=\"wp-block-heading\">Neem contact op met de verantwoordelijke voor permanente wandelingen<\/h3>\n\n\n\n<p>Jean-Marc CLEMENT<br>10 rue de Normandie<br>31120 Portet sur Garonne<br>FRANKRIJK<\/p>\n\n\n\n<p>Tel: +33 (0)5 61 76 30 12<br>E-mail : <a href=\"\/nl\/&\/#x6d;&#97;i&#x6c;&#116;o&#x3a;&#x72;&#97;&#x6e;&#x64;&#111;s&#x40;&#99;e&#x6e;&#x74;&#99;&#x6f;&#x6c;&#115;&#46;&#x6f;&#114;g\">randos@centcols.org<\/a><\/p>\n\n\n\n<p><strong>Let op: stuur je goed te keuren routekaarten en ansichtkaarten en reisverslagen alleen naar de huidige verantwoordelijke, wat je ook als oude informatie beschouwt (schrijf dus niet naar Roger Colombo, Bernard Pommel, Jean-Marc Lef\u00e8vre of Roland Grimaud \u2020).<\/strong><\/p>","protected":false},"excerpt":{"rendered":"<p>Pr\u00e9sentation Circuit routier de 860 km au d\u00e9part de Baden-Baden, en For\u00eat-Noire (Allemagne), comprenant une d\u00e9nivellation de 20 800 m et le passage de 107 cols, plus 9 en option. Trac\u00e9 par Alain Brault (CC 3693) Bulletin d\u2019inscription Parcours Des fichiers de g\u00e9olocalisation (GPX) sont mis \u00e0 disposition des inscrits. Profil Th\u00e8me Le club des [&hellip;]<\/p>\n","protected":false},"author":3,"featured_media":84605,"comment_status":"open","ping_status":"open","sticky":false,"template":"","format":"standard","meta":{"_acf_changed":false,"footnotes":""},"categories":[176,156,195,194,145],"tags":[],"class_list":["post-80215","post","type-post","status-publish","format-standard","has-post-thumbnail","hentry","category-route","category-allemagne","category-de-bw-baden-wurtenberg","category-foret-noire","category-randonnees-permanentes"],"acf":[],"yoast_head":"<!-- This site is optimized with the Yoast SEO plugin v27.2 - https:\/\/yoast.com\/product\/yoast-seo-wordpress\/ -->\n<title>Cent cols routiers en For\u00eat-Noire - Club des Cent Cols<\/title>\n<meta name=\"robots\" content=\"index, follow, max-snippet:-1, max-image-preview:large, max-video-preview:-1\" \/>\n<link rel=\"canonical\" href=\"https:\/\/centcols.org\/nl\/honderd-passen-in-het-zwarte-woud\/\" \/>\n<meta property=\"og:locale\" content=\"nl_BE\" \/>\n<meta property=\"og:type\" content=\"article\" \/>\n<meta property=\"og:title\" content=\"Cent cols routiers en For\u00eat-Noire - Club des Cent Cols\" \/>\n<meta property=\"og:description\" content=\"Pr\u00e9sentation Circuit routier de 860 km au d\u00e9part de Baden-Baden, en For\u00eat-Noire (Allemagne), comprenant une d\u00e9nivellation de 20 800 m et le passage de 107 cols, plus 9 en option. Trac\u00e9 par Alain Brault (CC 3693) Bulletin d\u2019inscription Parcours Des fichiers de g\u00e9olocalisation (GPX) sont mis \u00e0 disposition des inscrits. Profil Th\u00e8me Le club des [&hellip;]\" \/>\n<meta property=\"og:url\" content=\"https:\/\/centcols.org\/nl\/honderd-passen-in-het-zwarte-woud\/\" \/>\n<meta property=\"og:site_name\" content=\"Club des Cent Cols\" \/>\n<meta property=\"article:publisher\" content=\"https:\/\/www.facebook.com\/groups\/5261880558\/?locale=fr_FR\" \/>\n<meta property=\"article:published_time\" content=\"2025-04-02T13:26:29+00:00\" \/>\n<meta property=\"article:modified_time\" content=\"2026-03-25T20:18:36+00:00\" \/>\n<meta property=\"og:image\" content=\"https:\/\/centcols.org\/wp-content\/uploads\/2025\/04\/foretnoire169-01.jpg\" \/>\n\t<meta property=\"og:image:width\" content=\"900\" \/>\n\t<meta property=\"og:image:height\" content=\"506\" \/>\n\t<meta property=\"og:image:type\" content=\"image\/jpeg\" \/>\n<meta name=\"author\" content=\"Webmestre\" \/>\n<meta name=\"twitter:card\" content=\"summary_large_image\" \/>\n<meta name=\"twitter:label1\" content=\"Geschreven door\" \/>\n\t<meta name=\"twitter:data1\" content=\"Webmestre\" \/>\n\t<meta name=\"twitter:label2\" content=\"Geschatte leestijd\" \/>\n\t<meta name=\"twitter:data2\" content=\"3 minuten\" \/>\n<script type=\"application\/ld+json\" class=\"yoast-schema-graph\">{\"@context\":\"https:\/\/schema.org\",\"@graph\":[{\"@type\":\"Article\",\"@id\":\"https:\/\/centcols.org\/cent-cols-routiers-en-foret-noire\/#article\",\"isPartOf\":{\"@id\":\"https:\/\/centcols.org\/cent-cols-routiers-en-foret-noire\/\"},\"author\":{\"name\":\"Webmestre\",\"@id\":\"https:\/\/centcols.org\/#\/schema\/person\/911b404fb133d8c913dd27cdcf71c8e5\"},\"headline\":\"Cent cols routiers en For\u00eat-Noire\",\"datePublished\":\"2025-04-02T13:26:29+00:00\",\"dateModified\":\"2026-03-25T20:18:36+00:00\",\"mainEntityOfPage\":{\"@id\":\"https:\/\/centcols.org\/cent-cols-routiers-en-foret-noire\/\"},\"wordCount\":389,\"commentCount\":0,\"publisher\":{\"@id\":\"https:\/\/centcols.org\/#organization\"},\"image\":{\"@id\":\"https:\/\/centcols.org\/cent-cols-routiers-en-foret-noire\/#primaryimage\"},\"thumbnailUrl\":\"https:\/\/centcols.org\/wp-content\/uploads\/2025\/04\/foretnoire169-01.jpg\",\"articleSection\":[\"Route\",\"Allemagne\",\"DE-BW : Baden-Wurtenberg\",\"For\u00eat-Noire\",\"Randonn\u00e9es permanentes\"],\"inLanguage\":\"nl-BE\",\"potentialAction\":[{\"@type\":\"CommentAction\",\"name\":\"Comment\",\"target\":[\"https:\/\/centcols.org\/cent-cols-routiers-en-foret-noire\/#respond\"]}]},{\"@type\":\"WebPage\",\"@id\":\"https:\/\/centcols.org\/cent-cols-routiers-en-foret-noire\/\",\"url\":\"https:\/\/centcols.org\/cent-cols-routiers-en-foret-noire\/\",\"name\":\"Cent cols routiers en For\u00eat-Noire - Club des Cent Cols\",\"isPartOf\":{\"@id\":\"https:\/\/centcols.org\/#website\"},\"primaryImageOfPage\":{\"@id\":\"https:\/\/centcols.org\/cent-cols-routiers-en-foret-noire\/#primaryimage\"},\"image\":{\"@id\":\"https:\/\/centcols.org\/cent-cols-routiers-en-foret-noire\/#primaryimage\"},\"thumbnailUrl\":\"https:\/\/centcols.org\/wp-content\/uploads\/2025\/04\/foretnoire169-01.jpg\",\"datePublished\":\"2025-04-02T13:26:29+00:00\",\"dateModified\":\"2026-03-25T20:18:36+00:00\",\"breadcrumb\":{\"@id\":\"https:\/\/centcols.org\/cent-cols-routiers-en-foret-noire\/#breadcrumb\"},\"inLanguage\":\"nl-BE\",\"potentialAction\":[{\"@type\":\"ReadAction\",\"target\":[\"https:\/\/centcols.org\/cent-cols-routiers-en-foret-noire\/\"]}]},{\"@type\":\"ImageObject\",\"inLanguage\":\"nl-BE\",\"@id\":\"https:\/\/centcols.org\/cent-cols-routiers-en-foret-noire\/#primaryimage\",\"url\":\"https:\/\/centcols.org\/wp-content\/uploads\/2025\/04\/foretnoire169-01.jpg\",\"contentUrl\":\"https:\/\/centcols.org\/wp-content\/uploads\/2025\/04\/foretnoire169-01.jpg\",\"width\":900,\"height\":506},{\"@type\":\"BreadcrumbList\",\"@id\":\"https:\/\/centcols.org\/cent-cols-routiers-en-foret-noire\/#breadcrumb\",\"itemListElement\":[{\"@type\":\"ListItem\",\"position\":1,\"name\":\"Accueil\",\"item\":\"https:\/\/centcols.org\/\"},{\"@type\":\"ListItem\",\"position\":2,\"name\":\"Randonn\u00e9es permanentes\",\"item\":\"https:\/\/centcols.org\/rubrique\/randonnees-permanentes\/\"},{\"@type\":\"ListItem\",\"position\":3,\"name\":\"Pays\",\"item\":\"https:\/\/centcols.org\/rubrique\/randonnees-permanentes\/pays\/\"},{\"@type\":\"ListItem\",\"position\":4,\"name\":\"Allemagne\",\"item\":\"https:\/\/centcols.org\/rubrique\/randonnees-permanentes\/pays\/allemagne\/\"},{\"@type\":\"ListItem\",\"position\":5,\"name\":\"Cent cols routiers en For\u00eat-Noire\"}]},{\"@type\":\"WebSite\",\"@id\":\"https:\/\/centcols.org\/#website\",\"url\":\"https:\/\/centcols.org\/\",\"name\":\"Club des Cent Cols\",\"description\":\"\",\"publisher\":{\"@id\":\"https:\/\/centcols.org\/#organization\"},\"potentialAction\":[{\"@type\":\"SearchAction\",\"target\":{\"@type\":\"EntryPoint\",\"urlTemplate\":\"https:\/\/centcols.org\/?s={search_term_string}\"},\"query-input\":{\"@type\":\"PropertyValueSpecification\",\"valueRequired\":true,\"valueName\":\"search_term_string\"}}],\"inLanguage\":\"nl-BE\"},{\"@type\":\"Organization\",\"@id\":\"https:\/\/centcols.org\/#organization\",\"name\":\"Club des Cent Cols\",\"url\":\"https:\/\/centcols.org\/\",\"logo\":{\"@type\":\"ImageObject\",\"inLanguage\":\"nl-BE\",\"@id\":\"https:\/\/centcols.org\/#\/schema\/logo\/image\/\",\"url\":\"https:\/\/centcols.org\/wp-content\/uploads\/2025\/01\/carte-icone.png\",\"contentUrl\":\"https:\/\/centcols.org\/wp-content\/uploads\/2025\/01\/carte-icone.png\",\"width\":250,\"height\":250,\"caption\":\"Club des Cent Cols\"},\"image\":{\"@id\":\"https:\/\/centcols.org\/#\/schema\/logo\/image\/\"},\"sameAs\":[\"https:\/\/www.facebook.com\/groups\/5261880558\/?locale=fr_FR\"]},{\"@type\":\"Person\",\"@id\":\"https:\/\/centcols.org\/#\/schema\/person\/911b404fb133d8c913dd27cdcf71c8e5\",\"name\":\"Webmestre\",\"image\":{\"@type\":\"ImageObject\",\"inLanguage\":\"nl-BE\",\"@id\":\"https:\/\/centcols.org\/wp-content\/litespeed\/avatar\/2d246e4b6b4f773e08515e1ffc53690b.jpg?ver=1777222892\",\"url\":\"https:\/\/centcols.org\/wp-content\/litespeed\/avatar\/2d246e4b6b4f773e08515e1ffc53690b.jpg?ver=1777222892\",\"contentUrl\":\"https:\/\/centcols.org\/wp-content\/litespeed\/avatar\/2d246e4b6b4f773e08515e1ffc53690b.jpg?ver=1777222892\",\"caption\":\"Webmestre\"},\"url\":\"https:\/\/centcols.org\/nl\/author\/webmestre\/\"}]}<\/script>\n<!-- \/ Yoast SEO plugin. -->","yoast_head_json":{"title":"Honderd passen in het Zwarte Woud - Club des Cent Cols","robots":{"index":"index","follow":"follow","max-snippet":"max-snippet:-1","max-image-preview":"max-image-preview:large","max-video-preview":"max-video-preview:-1"},"canonical":"https:\/\/centcols.org\/nl\/honderd-passen-in-het-zwarte-woud\/","og_locale":"nl_BE","og_type":"article","og_title":"Cent cols routiers en For\u00eat-Noire - Club des Cent Cols","og_description":"Pr\u00e9sentation Circuit routier de 860 km au d\u00e9part de Baden-Baden, en For\u00eat-Noire (Allemagne), comprenant une d\u00e9nivellation de 20 800 m et le passage de 107 cols, plus 9 en option. Trac\u00e9 par Alain Brault (CC 3693) Bulletin d\u2019inscription Parcours Des fichiers de g\u00e9olocalisation (GPX) sont mis \u00e0 disposition des inscrits. Profil Th\u00e8me Le club des [&hellip;]","og_url":"https:\/\/centcols.org\/nl\/honderd-passen-in-het-zwarte-woud\/","og_site_name":"Club des Cent Cols","article_publisher":"https:\/\/www.facebook.com\/groups\/5261880558\/?locale=fr_FR","article_published_time":"2025-04-02T13:26:29+00:00","article_modified_time":"2026-03-25T20:18:36+00:00","og_image":[{"width":900,"height":506,"url":"https:\/\/centcols.org\/wp-content\/uploads\/2025\/04\/foretnoire169-01.jpg","type":"image\/jpeg"}],"author":"Webmestre","twitter_card":"summary_large_image","twitter_misc":{"Geschreven door":"Webmestre","Geschatte leestijd":"3 minuten"},"schema":{"@context":"https:\/\/schema.org","@graph":[{"@type":"Article","@id":"https:\/\/centcols.org\/cent-cols-routiers-en-foret-noire\/#article","isPartOf":{"@id":"https:\/\/centcols.org\/cent-cols-routiers-en-foret-noire\/"},"author":{"name":"Webmestre","@id":"https:\/\/centcols.org\/#\/schema\/person\/911b404fb133d8c913dd27cdcf71c8e5"},"headline":"Cent cols routiers en For\u00eat-Noire","datePublished":"2025-04-02T13:26:29+00:00","dateModified":"2026-03-25T20:18:36+00:00","mainEntityOfPage":{"@id":"https:\/\/centcols.org\/cent-cols-routiers-en-foret-noire\/"},"wordCount":389,"commentCount":0,"publisher":{"@id":"https:\/\/centcols.org\/#organization"},"image":{"@id":"https:\/\/centcols.org\/cent-cols-routiers-en-foret-noire\/#primaryimage"},"thumbnailUrl":"https:\/\/centcols.org\/wp-content\/uploads\/2025\/04\/foretnoire169-01.jpg","articleSection":["Route","Allemagne","DE-BW : Baden-Wurtenberg","For\u00eat-Noire","Randonn\u00e9es permanentes"],"inLanguage":"nl-BE","potentialAction":[{"@type":"CommentAction","name":"Comment","target":["https:\/\/centcols.org\/cent-cols-routiers-en-foret-noire\/#respond"]}]},{"@type":"WebPage","@id":"https:\/\/centcols.org\/cent-cols-routiers-en-foret-noire\/","url":"https:\/\/centcols.org\/cent-cols-routiers-en-foret-noire\/","name":"Honderd passen in het Zwarte Woud - Club des Cent Cols","isPartOf":{"@id":"https:\/\/centcols.org\/#website"},"primaryImageOfPage":{"@id":"https:\/\/centcols.org\/cent-cols-routiers-en-foret-noire\/#primaryimage"},"image":{"@id":"https:\/\/centcols.org\/cent-cols-routiers-en-foret-noire\/#primaryimage"},"thumbnailUrl":"https:\/\/centcols.org\/wp-content\/uploads\/2025\/04\/foretnoire169-01.jpg","datePublished":"2025-04-02T13:26:29+00:00","dateModified":"2026-03-25T20:18:36+00:00","breadcrumb":{"@id":"https:\/\/centcols.org\/cent-cols-routiers-en-foret-noire\/#breadcrumb"},"inLanguage":"nl-BE","potentialAction":[{"@type":"ReadAction","target":["https:\/\/centcols.org\/cent-cols-routiers-en-foret-noire\/"]}]},{"@type":"ImageObject","inLanguage":"nl-BE","@id":"https:\/\/centcols.org\/cent-cols-routiers-en-foret-noire\/#primaryimage","url":"https:\/\/centcols.org\/wp-content\/uploads\/2025\/04\/foretnoire169-01.jpg","contentUrl":"https:\/\/centcols.org\/wp-content\/uploads\/2025\/04\/foretnoire169-01.jpg","width":900,"height":506},{"@type":"BreadcrumbList","@id":"https:\/\/centcols.org\/cent-cols-routiers-en-foret-noire\/#breadcrumb","itemListElement":[{"@type":"ListItem","position":1,"name":"Accueil","item":"https:\/\/centcols.org\/"},{"@type":"ListItem","position":2,"name":"Randonn\u00e9es permanentes","item":"https:\/\/centcols.org\/rubrique\/randonnees-permanentes\/"},{"@type":"ListItem","position":3,"name":"Pays","item":"https:\/\/centcols.org\/rubrique\/randonnees-permanentes\/pays\/"},{"@type":"ListItem","position":4,"name":"Allemagne","item":"https:\/\/centcols.org\/rubrique\/randonnees-permanentes\/pays\/allemagne\/"},{"@type":"ListItem","position":5,"name":"Cent cols routiers en For\u00eat-Noire"}]},{"@type":"WebSite","@id":"https:\/\/centcols.org\/#website","url":"https:\/\/centcols.org\/","name":"Club van Cent Cols","description":"","publisher":{"@id":"https:\/\/centcols.org\/#organization"},"potentialAction":[{"@type":"SearchAction","target":{"@type":"EntryPoint","urlTemplate":"https:\/\/centcols.org\/?s={search_term_string}"},"query-input":{"@type":"PropertyValueSpecification","valueRequired":true,"valueName":"search_term_string"}}],"inLanguage":"nl-BE"},{"@type":"Organization","@id":"https:\/\/centcols.org\/#organization","name":"Club van Cent Cols","url":"https:\/\/centcols.org\/","logo":{"@type":"ImageObject","inLanguage":"nl-BE","@id":"https:\/\/centcols.org\/#\/schema\/logo\/image\/","url":"https:\/\/centcols.org\/wp-content\/uploads\/2025\/01\/carte-icone.png","contentUrl":"https:\/\/centcols.org\/wp-content\/uploads\/2025\/01\/carte-icone.png","width":250,"height":250,"caption":"Club des Cent Cols"},"image":{"@id":"https:\/\/centcols.org\/#\/schema\/logo\/image\/"},"sameAs":["https:\/\/www.facebook.com\/groups\/5261880558\/?locale=fr_FR"]},{"@type":"Person","@id":"https:\/\/centcols.org\/#\/schema\/person\/911b404fb133d8c913dd27cdcf71c8e5","name":"Webmaster","image":{"@type":"ImageObject","inLanguage":"nl-BE","@id":"https:\/\/centcols.org\/wp-content\/litespeed\/avatar\/2d246e4b6b4f773e08515e1ffc53690b.jpg?ver=1777222892","url":"https:\/\/centcols.org\/wp-content\/litespeed\/avatar\/2d246e4b6b4f773e08515e1ffc53690b.jpg?ver=1777222892","contentUrl":"https:\/\/centcols.org\/wp-content\/litespeed\/avatar\/2d246e4b6b4f773e08515e1ffc53690b.jpg?ver=1777222892","caption":"Webmestre"},"url":"https:\/\/centcols.org\/nl\/author\/webmestre\/"}]}},"_links":{"self":[{"href":"https:\/\/centcols.org\/nl\/wp-json\/wp\/v2\/posts\/80215","targetHints":{"allow":["GET"]}}],"collection":[{"href":"https:\/\/centcols.org\/nl\/wp-json\/wp\/v2\/posts"}],"about":[{"href":"https:\/\/centcols.org\/nl\/wp-json\/wp\/v2\/types\/post"}],"author":[{"embeddable":true,"href":"https:\/\/centcols.org\/nl\/wp-json\/wp\/v2\/users\/3"}],"replies":[{"embeddable":true,"href":"https:\/\/centcols.org\/nl\/wp-json\/wp\/v2\/comments?post=80215"}],"version-history":[{"count":0,"href":"https:\/\/centcols.org\/nl\/wp-json\/wp\/v2\/posts\/80215\/revisions"}],"wp:featuredmedia":[{"embeddable":true,"href":"https:\/\/centcols.org\/nl\/wp-json\/wp\/v2\/media\/84605"}],"wp:attachment":[{"href":"https:\/\/centcols.org\/nl\/wp-json\/wp\/v2\/media?parent=80215"}],"wp:term":[{"taxonomy":"category","embeddable":true,"href":"https:\/\/centcols.org\/nl\/wp-json\/wp\/v2\/categories?post=80215"},{"taxonomy":"post_tag","embeddable":true,"href":"https:\/\/centcols.org\/nl\/wp-json\/wp\/v2\/tags?post=80215"}],"curies":[{"name":"wp","href":"https:\/\/api.w.org\/{rel}","templated":true}]}}