{"id":80220,"date":"2025-04-02T16:30:45","date_gmt":"2025-04-02T14:30:45","guid":{"rendered":"https:\/\/centcols.org\/?p=80220"},"modified":"2025-12-08T17:07:50","modified_gmt":"2025-12-08T15:07:50","slug":"boucles-de-provence","status":"publish","type":"post","link":"https:\/\/centcols.org\/nl\/les-boucles-de-provence\/","title":{"rendered":"Boucles de Provence"},"content":{"rendered":"\n<p>R\u00e9dig\u00e9 par Denis Chouquet-Stringer, modifi\u00e9 par Jean-Marc Cl\u00e9ment<\/p>\n\n\n\n<h2 class=\"wp-block-heading\">Pr\u00e9sentation<\/h2>\n\n\n\n<p>C\u2019est une randonn\u00e9e en 14 boucles \u00e0 r\u00e9aliser totalisant 1371 km, 112 cols (plus 6 en option) et une d\u00e9nivellation d\u2019au moins 25060 m.<\/p>\n\n\n\n<p>12 boucles sont r\u00e9alisables toute l\u2019ann\u00e9e, les 2 autres (Ventoux et Lure) sont soumises en hiver \u00e0 des restrictions en fonction de l\u2019enneigement des routes.<\/p>\n\n\n\n<p>Les 14 boucles se font au d\u00e9part de 9 \u00e9tapes o\u00f9 les h\u00e9bergements (h\u00f4tels, campings, g\u00eetes, maisons d\u2019h\u00f4tes&#8230;) ne manquent pas : n\u00b0 1 et 2\u00a0: Malauc\u00e8ne (84), n\u00b0 3 et 4\u00a0: Gordes (84), n\u00b0 5 et 6\u00a0: Forcalquier (04), n\u00b0 7 et 8\u00a0: Auriol (13), n\u00b0 9, 10\u00a0et 11 : Grimaud (83), n\u00b0 12\u00a0: Castellane (04), n\u00b0 13\u00a0: Grasse (06), n\u00b0 14\u00a0: \u00a0Moustiers (04). Chaque jour vous revenez au point de d\u00e9part\u00a0: vous n\u2019avez pas besoin de pr\u00e9voir le barda n\u00e9cessaire pour voyager en autonomie, il vous suffit de votre \u00e9quipement de la journ\u00e9e, vous roulez \u00ab\u00a0l\u00e9ger\u00a0\u00bb.<\/p>\n\n\n\n<p>Notre randonn\u00e9e est accessible \u00e0 tout cyclotouriste un petit peu entra\u00een\u00e9, quel que soit son niveau physique\u00a0: la boucle la plus longue fait 122 km mais seulement 1170 m de d\u00e9nivel\u00e9, la plus difficile a un d\u00e9nivel\u00e9 de 2220\u00a0m pour 96 km. En moyenne, les boucles font 98 km et 1790 m de d\u00e9nivel\u00e9. Et, comme il s\u2019agit de boucles, des raccourcis sont quasiment toujours possibles.<\/p>\n\n\n\n<p>Cette randonn\u00e9e a \u00e9t\u00e9 trac\u00e9e par Denis Chouquet-Stringer de la Confr\u00e9rie des Cent Cols et modifi\u00e9e par Jean-Marc Cl\u00e9ment.<\/p>\n\n\n\n<h2 class=\"wp-block-heading\">Parcours<\/h2>\n\n\n\n<p><iframe loading=\"lazy\" src=\"https:\/\/centcols.org\/rando_perm\/carto\/mbtrp.php?rp=pro\" width=\"800\" height=\"600\"><\/iframe><\/p>\n\n\n\n<p><a href=\"https:\/\/centcols.org\/rando_perm\/inscription.php?rando=pro\" target=\"_blank\" rel=\"noreferrer noopener\">Bulletin d&rsquo;inscription<\/a><\/p>\n\n\n\n<h2 class=\"wp-block-heading\">Th\u00e8me<\/h2>\n\n\n\n<p>La Provence&nbsp;? C\u2019est une terre de contraste.<\/p>\n\n\n\n<p>Son climat est m\u00e9diterran\u00e9en avec environ 300 jours de soleil par an, les hivers sont doux, les \u00e9t\u00e9s chauds et secs, mais parfois la fraicheur du mistral peut largement compenser les ardeurs du soleil.<\/p>\n\n\n\n<p>Le ciel est d\u2019un bleu profond, les effluves de lavande, les champs de plantes aromatiques, la garrigue, les vignes, les oliveraies, les ch\u00e2taigneraies, les ch\u00eanes li\u00e8ges, les pins sont des atouts embl\u00e9matiques de la Provence. Mais vous pourrez \u00eatre assourdis par les chants des cigales parfois vraiment violents.<\/p>\n\n\n\n<p>Nos Boucles de Provence vous feront d\u00e9couvrir toutes ces images classiques de la Provence en parcourant quelques-uns des massifs les plus embl\u00e9matiques&nbsp;:<\/p>\n\n\n\n<ul class=\"wp-block-list\">\n<li>Les dentelles de Montmirail<\/li>\n\n\n\n<li>Le Mont Ventoux<\/li>\n\n\n\n<li>Les Alpilles<\/li>\n\n\n\n<li>La Montagne de Lure<\/li>\n\n\n\n<li>Le Luberon<\/li>\n\n\n\n<li>La Montagne Ste-Victoire<\/li>\n\n\n\n<li>La Ste-Beaume<\/li>\n\n\n\n<li>Les Calanques<\/li>\n\n\n\n<li>Les Maures<\/li>\n\n\n\n<li>Le Verdon<\/li>\n\n\n\n<li>Pays de Grasse (Pr\u00e9alpes d\u2019Azur)<\/li>\n<\/ul>\n\n\n\n<h2 class=\"wp-block-heading\">Contr\u00f4les<\/h2>\n\n\n\n<p>14 contr\u00f4les sont obligatoires \u00e0 effectuer dans chacune des boucles en des points de parcours que vous choisirez vous-m\u00eames.<\/p>\n\n\n\n<ol class=\"wp-block-list\">\n<li>Malauc\u00e8ne 1 (84)\u00a0: \u00a0\u00a0\u00a0\u00a086km, 13 cols, D+\u00a0: 1780m<\/li>\n\n\n\n<li>Malauc\u00e8ne 2 (84)\u00a0:\u00a0 \u00a0\u00a0\u00a065km, 5 cols, D+\u00a0: 2000m<\/li>\n\n\n\n<li>Gordes\u00a01 (84)\u00a0:\u00a0\u00a0 \u00a0\u00a0\u00a0\u00a0\u00a0\u00a0\u00a0122km, 8 cols, D+\u00a0: 1170m<\/li>\n\n\n\n<li>Gordes 2 (84)\u00a0:\u00a0\u00a0 \u00a0\u00a0\u00a0\u00a0\u00a0\u00a0\u00a0\u00a0\u00a095km, 9 cols, D+\u00a0: 1950m<\/li>\n\n\n\n<li>Forcalquier 1 (04)\u00a0: \u00a0106km, 3 cols, D+\u00a0: 1930m<\/li>\n\n\n\n<li>Forcalquier 2 (04)\u00a0: \u00a0113km, 5 cols, D+\u00a0: 1780m<\/li>\n\n\n\n<li>Auriol 1 (13)\u00a0: \u00a0\u00a0\u00a0\u00a0\u00a0\u00a0\u00a0\u00a0\u00a0\u00a0112km, 7 cols, D+\u00a0: 2100m<\/li>\n\n\n\n<li>Auriol 2 (13)\u00a0: \u00a0\u00a0\u00a0\u00a0\u00a0\u00a0\u00a0\u00a0\u00a0\u00a0110km, 12 cols, D+\u00a0: 2050m<\/li>\n\n\n\n<li>Grimaud 1 (83)\u00a0:\u00a0\u00a0\u00a0\u00a0\u00a0\u00a0\u00a0 \u00a093km, 10 cols, D+\u00a0: 1300m<\/li>\n\n\n\n<li>Grimaud 2 (83)\u00a0:\u00a0\u00a0\u00a0\u00a0\u00a0 \u00a0\u00a0\u00a083km, 10 cols, D+\u00a0: 1500m<\/li>\n\n\n\n<li>Grimaud 3 (83)\u00a0: \u00a0\u00a0\u00a0\u00a0\u00a0\u00a0\u00a0\u00a091km, 6 cols, D+\u00a0: 1215m<\/li>\n\n\n\n<li>Castellane (04)\u00a0\u00a0\u00a0\u00a0\u00a0\u00a0\u00a0\u00a0 100km, 8 cols, D+ 2075m<\/li>\n\n\n\n<li>Grasse (06)\u00a0\u00a0\u00a0\u00a0\u00a0\u00a0\u00a0\u00a0\u00a0\u00a0\u00a0\u00a0\u00a0\u00a0\u00a0 100km, 9 cols, D+ 1975m<\/li>\n\n\n\n<li>Moustiers (04)\u00a0\u00a0\u00a0\u00a0\u00a0\u00a0\u00a0\u00a0\u00a0\u00a0\u00a0 96km, 7 cols, D+ 2230m<\/li>\n<\/ol>\n\n\n\n<h2 class=\"wp-block-heading\">Quelques cols<\/h2>\n\n\n\n<ul class=\"wp-block-list\">\n<li>Col de Suzette<\/li>\n\n\n\n<li>Col des Temp\u00eates<\/li>\n\n\n\n<li>Col de la Vay\u00e8de<\/li>\n\n\n\n<li>Col de Murs<\/li>\n\n\n\n<li>Col de la Ligne<\/li>\n\n\n\n<li>Col de N-D des Abeilles<\/li>\n\n\n\n<li>Pas de la Couelle (Petit-Galibier)<\/li>\n\n\n\n<li>Col du Grand Sambuc<\/li>\n\n\n\n<li>Col de l&rsquo;Espigoulier<\/li>\n\n\n\n<li>Col de la Gineste<\/li>\n\n\n\n<li>Col du Canadel<\/li>\n\n\n\n<li>Col de Babaou<\/li>\n\n\n\n<li>Col de Gratteloup<\/li>\n\n\n\n<li>Col des Trois Termes<\/li>\n<\/ul>\n\n\n\n<h2 class=\"wp-block-heading\">Sites BCN et BPF sur le parcours<\/h2>\n\n\n\n<ul class=\"wp-block-list\">\n<li>Vaison La Romaine<\/li>\n\n\n\n<li>Mont Ventoux<\/li>\n\n\n\n<li>Gordes<\/li>\n\n\n\n<li>Les Baux de Provence<\/li>\n\n\n\n<li>Forcalquier<\/li>\n\n\n\n<li>Plan d&rsquo;Aups &#8211; Ste Baume<\/li>\n\n\n\n<li>Cassis<\/li>\n\n\n\n<li>Collobri\u00e8res<\/li>\n\n\n\n<li>La Garde Freinet<\/li>\n\n\n\n<li>Gr\u00e9oli\u00e8res<\/li>\n\n\n\n<li>Moustiers Ste Marie<\/li>\n<\/ul>\n\n\n\n<h2 class=\"wp-block-heading\">R\u00e8gle du jeu des randonn\u00e9es permanentes<\/h2>\n\n\n\n<p>Tout participant \u00e0 cette randonn\u00e9e permanente s&rsquo;engage \u00e0 respecter la <a href=\"\/rdj-randonnees-permanentes\/\">r\u00e8gle du jeu<\/a> la r\u00e9gissant.<\/p>\n\n\n\n<h2 class=\"wp-block-heading\">Pour plus d&rsquo;information<\/h2>\n\n\n\n<h3 class=\"wp-block-heading\">S&rsquo;adresser au responsable des randonn\u00e9es permanentes<\/h3>\n\n\n\n<p>Jean-Marc CLEMENT<br>10 rue de Normandie<br>31120 Portet sur Garonne<br>FRANCE<\/p>\n\n\n\n<p>T\u00e9l : +33 (0)5 61 76 30 12<br>E-mail : [email]ra&#110;&#100;&#111;&#115;&#x40;&#x63;&#x65;&#x6e;&#x74;co&#108;&#115;&#46;&#111;&#x72;&#x67; [\/email]<\/p>\n\n\n\n<p><strong>Attention : Vous voudrez bien envoyer vos cartes de route \u00e0 homologuer ainsi que vos cartes postales et vos r\u00e9cits de voyage uniquement au responsable des randonn\u00e9es permanentes actif au moment de cet envoi&nbsp;et que vous trouverez sur le site des 100 COLS !<\/strong><\/p>\n","protected":false},"excerpt":{"rendered":"<p>R\u00e9dig\u00e9 par Denis Chouquet-Stringer, modifi\u00e9 par Jean-Marc Cl\u00e9ment Pr\u00e9sentation C\u2019est une randonn\u00e9e en 14 boucles \u00e0 r\u00e9aliser totalisant 1371 km, 112 cols (plus 6 en option) et une d\u00e9nivellation d\u2019au moins 25060 m. 12 boucles sont r\u00e9alisables toute l\u2019ann\u00e9e, les 2 autres (Ventoux et Lure) sont soumises en hiver \u00e0 des restrictions en fonction de [&hellip;]<\/p>\n","protected":false},"author":3,"featured_media":80297,"comment_status":"open","ping_status":"open","sticky":false,"template":"","format":"standard","meta":{"_acf_changed":false,"footnotes":""},"categories":[176,181,163,155,190,145],"tags":[],"class_list":["post-80220","post","type-post","status-publish","format-standard","has-post-thumbnail","hentry","category-route","category-alpes-du-sud","category-prealpes","category-france","category-provence-alpes-cote-dazur","category-randonnees-permanentes"],"acf":[],"yoast_head":"<!-- This site is optimized with the Yoast SEO plugin v27.2 - https:\/\/yoast.com\/product\/yoast-seo-wordpress\/ -->\n<title>Les Boucles de Provence - Club des Cent Cols<\/title>\n<meta name=\"robots\" content=\"index, follow, max-snippet:-1, max-image-preview:large, max-video-preview:-1\" \/>\n<link rel=\"canonical\" href=\"https:\/\/centcols.org\/nl\/boucles-de-provence\/\" \/>\n<meta property=\"og:locale\" content=\"nl_BE\" \/>\n<meta property=\"og:type\" content=\"article\" \/>\n<meta property=\"og:title\" content=\"Les Boucles de Provence - Club des Cent Cols\" \/>\n<meta property=\"og:description\" content=\"R\u00e9dig\u00e9 par Denis Chouquet-Stringer, modifi\u00e9 par Jean-Marc Cl\u00e9ment Pr\u00e9sentation C\u2019est une randonn\u00e9e en 14 boucles \u00e0 r\u00e9aliser totalisant 1371 km, 112 cols (plus 6 en option) et une d\u00e9nivellation d\u2019au moins 25060 m. 12 boucles sont r\u00e9alisables toute l\u2019ann\u00e9e, les 2 autres (Ventoux et Lure) sont soumises en hiver \u00e0 des restrictions en fonction de [&hellip;]\" \/>\n<meta property=\"og:url\" content=\"https:\/\/centcols.org\/nl\/boucles-de-provence\/\" \/>\n<meta property=\"og:site_name\" content=\"Club des Cent Cols\" \/>\n<meta property=\"article:publisher\" content=\"https:\/\/www.facebook.com\/groups\/5261880558\/?locale=fr_FR\" \/>\n<meta property=\"article:published_time\" content=\"2025-04-02T14:30:45+00:00\" \/>\n<meta property=\"article:modified_time\" content=\"2025-12-08T15:07:50+00:00\" \/>\n<meta property=\"og:image\" content=\"https:\/\/centcols.org\/wp-content\/uploads\/2025\/04\/provence-r.jpg\" \/>\n\t<meta property=\"og:image:width\" content=\"960\" \/>\n\t<meta property=\"og:image:height\" content=\"540\" \/>\n\t<meta property=\"og:image:type\" content=\"image\/jpeg\" \/>\n<meta name=\"author\" content=\"Webmestre\" \/>\n<meta name=\"twitter:card\" content=\"summary_large_image\" \/>\n<meta name=\"twitter:label1\" content=\"Geschreven door\" \/>\n\t<meta name=\"twitter:data1\" content=\"Webmestre\" \/>\n\t<meta name=\"twitter:label2\" content=\"Geschatte leestijd\" \/>\n\t<meta name=\"twitter:data2\" content=\"4 minuten\" \/>\n<script type=\"application\/ld+json\" class=\"yoast-schema-graph\">{\"@context\":\"https:\/\/schema.org\",\"@graph\":[{\"@type\":\"Article\",\"@id\":\"https:\/\/centcols.org\/les-boucles-de-provence\/#article\",\"isPartOf\":{\"@id\":\"https:\/\/centcols.org\/les-boucles-de-provence\/\"},\"author\":{\"name\":\"Webmestre\",\"@id\":\"https:\/\/centcols.org\/#\/schema\/person\/911b404fb133d8c913dd27cdcf71c8e5\"},\"headline\":\"Les Boucles de Provence\",\"datePublished\":\"2025-04-02T14:30:45+00:00\",\"dateModified\":\"2025-12-08T15:07:50+00:00\",\"mainEntityOfPage\":{\"@id\":\"https:\/\/centcols.org\/les-boucles-de-provence\/\"},\"wordCount\":685,\"commentCount\":0,\"publisher\":{\"@id\":\"https:\/\/centcols.org\/#organization\"},\"image\":{\"@id\":\"https:\/\/centcols.org\/les-boucles-de-provence\/#primaryimage\"},\"thumbnailUrl\":\"https:\/\/centcols.org\/wp-content\/uploads\/2025\/04\/provence-r.jpg\",\"articleSection\":[\"Route\",\"Alpes fran\u00e7aises du sud\",\"Pr\u00e9alpes\",\"France\",\"Provence-Alpes-C\u00f4te d'Azur\",\"Randonn\u00e9es permanentes\"],\"inLanguage\":\"nl-BE\",\"potentialAction\":[{\"@type\":\"CommentAction\",\"name\":\"Comment\",\"target\":[\"https:\/\/centcols.org\/les-boucles-de-provence\/#respond\"]}]},{\"@type\":\"WebPage\",\"@id\":\"https:\/\/centcols.org\/les-boucles-de-provence\/\",\"url\":\"https:\/\/centcols.org\/les-boucles-de-provence\/\",\"name\":\"Les Boucles de Provence - Club des Cent Cols\",\"isPartOf\":{\"@id\":\"https:\/\/centcols.org\/#website\"},\"primaryImageOfPage\":{\"@id\":\"https:\/\/centcols.org\/les-boucles-de-provence\/#primaryimage\"},\"image\":{\"@id\":\"https:\/\/centcols.org\/les-boucles-de-provence\/#primaryimage\"},\"thumbnailUrl\":\"https:\/\/centcols.org\/wp-content\/uploads\/2025\/04\/provence-r.jpg\",\"datePublished\":\"2025-04-02T14:30:45+00:00\",\"dateModified\":\"2025-12-08T15:07:50+00:00\",\"breadcrumb\":{\"@id\":\"https:\/\/centcols.org\/les-boucles-de-provence\/#breadcrumb\"},\"inLanguage\":\"nl-BE\",\"potentialAction\":[{\"@type\":\"ReadAction\",\"target\":[\"https:\/\/centcols.org\/les-boucles-de-provence\/\"]}]},{\"@type\":\"ImageObject\",\"inLanguage\":\"nl-BE\",\"@id\":\"https:\/\/centcols.org\/les-boucles-de-provence\/#primaryimage\",\"url\":\"https:\/\/centcols.org\/wp-content\/uploads\/2025\/04\/provence-r.jpg\",\"contentUrl\":\"https:\/\/centcols.org\/wp-content\/uploads\/2025\/04\/provence-r.jpg\",\"width\":960,\"height\":540},{\"@type\":\"BreadcrumbList\",\"@id\":\"https:\/\/centcols.org\/les-boucles-de-provence\/#breadcrumb\",\"itemListElement\":[{\"@type\":\"ListItem\",\"position\":1,\"name\":\"Accueil\",\"item\":\"https:\/\/centcols.org\/\"},{\"@type\":\"ListItem\",\"position\":2,\"name\":\"Randonn\u00e9es permanentes\",\"item\":\"https:\/\/centcols.org\/rubrique\/randonnees-permanentes\/\"},{\"@type\":\"ListItem\",\"position\":3,\"name\":\"Pays\",\"item\":\"https:\/\/centcols.org\/rubrique\/randonnees-permanentes\/pays\/\"},{\"@type\":\"ListItem\",\"position\":4,\"name\":\"France\",\"item\":\"https:\/\/centcols.org\/rubrique\/randonnees-permanentes\/pays\/france\/\"},{\"@type\":\"ListItem\",\"position\":5,\"name\":\"Les Boucles de Provence\"}]},{\"@type\":\"WebSite\",\"@id\":\"https:\/\/centcols.org\/#website\",\"url\":\"https:\/\/centcols.org\/\",\"name\":\"Club des Cent Cols\",\"description\":\"\",\"publisher\":{\"@id\":\"https:\/\/centcols.org\/#organization\"},\"potentialAction\":[{\"@type\":\"SearchAction\",\"target\":{\"@type\":\"EntryPoint\",\"urlTemplate\":\"https:\/\/centcols.org\/?s={search_term_string}\"},\"query-input\":{\"@type\":\"PropertyValueSpecification\",\"valueRequired\":true,\"valueName\":\"search_term_string\"}}],\"inLanguage\":\"nl-BE\"},{\"@type\":\"Organization\",\"@id\":\"https:\/\/centcols.org\/#organization\",\"name\":\"Club des Cent Cols\",\"url\":\"https:\/\/centcols.org\/\",\"logo\":{\"@type\":\"ImageObject\",\"inLanguage\":\"nl-BE\",\"@id\":\"https:\/\/centcols.org\/#\/schema\/logo\/image\/\",\"url\":\"https:\/\/centcols.org\/wp-content\/uploads\/2025\/01\/carte-icone.png\",\"contentUrl\":\"https:\/\/centcols.org\/wp-content\/uploads\/2025\/01\/carte-icone.png\",\"width\":250,\"height\":250,\"caption\":\"Club des Cent Cols\"},\"image\":{\"@id\":\"https:\/\/centcols.org\/#\/schema\/logo\/image\/\"},\"sameAs\":[\"https:\/\/www.facebook.com\/groups\/5261880558\/?locale=fr_FR\"]},{\"@type\":\"Person\",\"@id\":\"https:\/\/centcols.org\/#\/schema\/person\/911b404fb133d8c913dd27cdcf71c8e5\",\"name\":\"Webmestre\",\"image\":{\"@type\":\"ImageObject\",\"inLanguage\":\"nl-BE\",\"@id\":\"https:\/\/centcols.org\/wp-content\/litespeed\/avatar\/2d246e4b6b4f773e08515e1ffc53690b.jpg?ver=1777222892\",\"url\":\"https:\/\/centcols.org\/wp-content\/litespeed\/avatar\/2d246e4b6b4f773e08515e1ffc53690b.jpg?ver=1777222892\",\"contentUrl\":\"https:\/\/centcols.org\/wp-content\/litespeed\/avatar\/2d246e4b6b4f773e08515e1ffc53690b.jpg?ver=1777222892\",\"caption\":\"Webmestre\"},\"url\":\"https:\/\/centcols.org\/nl\/author\/webmestre\/\"}]}<\/script>\n<!-- \/ Yoast SEO plugin. -->","yoast_head_json":{"title":"Boucles de Provence - Club des Cent Cols","robots":{"index":"index","follow":"follow","max-snippet":"max-snippet:-1","max-image-preview":"max-image-preview:large","max-video-preview":"max-video-preview:-1"},"canonical":"https:\/\/centcols.org\/nl\/boucles-de-provence\/","og_locale":"nl_BE","og_type":"article","og_title":"Les Boucles de Provence - Club des Cent Cols","og_description":"R\u00e9dig\u00e9 par Denis Chouquet-Stringer, modifi\u00e9 par Jean-Marc Cl\u00e9ment Pr\u00e9sentation C\u2019est une randonn\u00e9e en 14 boucles \u00e0 r\u00e9aliser totalisant 1371 km, 112 cols (plus 6 en option) et une d\u00e9nivellation d\u2019au moins 25060 m. 12 boucles sont r\u00e9alisables toute l\u2019ann\u00e9e, les 2 autres (Ventoux et Lure) sont soumises en hiver \u00e0 des restrictions en fonction de [&hellip;]","og_url":"https:\/\/centcols.org\/nl\/boucles-de-provence\/","og_site_name":"Club des Cent Cols","article_publisher":"https:\/\/www.facebook.com\/groups\/5261880558\/?locale=fr_FR","article_published_time":"2025-04-02T14:30:45+00:00","article_modified_time":"2025-12-08T15:07:50+00:00","og_image":[{"width":960,"height":540,"url":"https:\/\/centcols.org\/wp-content\/uploads\/2025\/04\/provence-r.jpg","type":"image\/jpeg"}],"author":"Webmestre","twitter_card":"summary_large_image","twitter_misc":{"Geschreven door":"Webmestre","Geschatte leestijd":"4 minuten"},"schema":{"@context":"https:\/\/schema.org","@graph":[{"@type":"Article","@id":"https:\/\/centcols.org\/les-boucles-de-provence\/#article","isPartOf":{"@id":"https:\/\/centcols.org\/les-boucles-de-provence\/"},"author":{"name":"Webmestre","@id":"https:\/\/centcols.org\/#\/schema\/person\/911b404fb133d8c913dd27cdcf71c8e5"},"headline":"Les Boucles de Provence","datePublished":"2025-04-02T14:30:45+00:00","dateModified":"2025-12-08T15:07:50+00:00","mainEntityOfPage":{"@id":"https:\/\/centcols.org\/les-boucles-de-provence\/"},"wordCount":685,"commentCount":0,"publisher":{"@id":"https:\/\/centcols.org\/#organization"},"image":{"@id":"https:\/\/centcols.org\/les-boucles-de-provence\/#primaryimage"},"thumbnailUrl":"https:\/\/centcols.org\/wp-content\/uploads\/2025\/04\/provence-r.jpg","articleSection":["Route","Alpes fran\u00e7aises du sud","Pr\u00e9alpes","France","Provence-Alpes-C\u00f4te d'Azur","Randonn\u00e9es permanentes"],"inLanguage":"nl-BE","potentialAction":[{"@type":"CommentAction","name":"Comment","target":["https:\/\/centcols.org\/les-boucles-de-provence\/#respond"]}]},{"@type":"WebPage","@id":"https:\/\/centcols.org\/les-boucles-de-provence\/","url":"https:\/\/centcols.org\/les-boucles-de-provence\/","name":"Boucles de Provence - Club des Cent Cols","isPartOf":{"@id":"https:\/\/centcols.org\/#website"},"primaryImageOfPage":{"@id":"https:\/\/centcols.org\/les-boucles-de-provence\/#primaryimage"},"image":{"@id":"https:\/\/centcols.org\/les-boucles-de-provence\/#primaryimage"},"thumbnailUrl":"https:\/\/centcols.org\/wp-content\/uploads\/2025\/04\/provence-r.jpg","datePublished":"2025-04-02T14:30:45+00:00","dateModified":"2025-12-08T15:07:50+00:00","breadcrumb":{"@id":"https:\/\/centcols.org\/les-boucles-de-provence\/#breadcrumb"},"inLanguage":"nl-BE","potentialAction":[{"@type":"ReadAction","target":["https:\/\/centcols.org\/les-boucles-de-provence\/"]}]},{"@type":"ImageObject","inLanguage":"nl-BE","@id":"https:\/\/centcols.org\/les-boucles-de-provence\/#primaryimage","url":"https:\/\/centcols.org\/wp-content\/uploads\/2025\/04\/provence-r.jpg","contentUrl":"https:\/\/centcols.org\/wp-content\/uploads\/2025\/04\/provence-r.jpg","width":960,"height":540},{"@type":"BreadcrumbList","@id":"https:\/\/centcols.org\/les-boucles-de-provence\/#breadcrumb","itemListElement":[{"@type":"ListItem","position":1,"name":"Accueil","item":"https:\/\/centcols.org\/"},{"@type":"ListItem","position":2,"name":"Randonn\u00e9es permanentes","item":"https:\/\/centcols.org\/rubrique\/randonnees-permanentes\/"},{"@type":"ListItem","position":3,"name":"Pays","item":"https:\/\/centcols.org\/rubrique\/randonnees-permanentes\/pays\/"},{"@type":"ListItem","position":4,"name":"France","item":"https:\/\/centcols.org\/rubrique\/randonnees-permanentes\/pays\/france\/"},{"@type":"ListItem","position":5,"name":"Les Boucles de Provence"}]},{"@type":"WebSite","@id":"https:\/\/centcols.org\/#website","url":"https:\/\/centcols.org\/","name":"Club van Cent Cols","description":"","publisher":{"@id":"https:\/\/centcols.org\/#organization"},"potentialAction":[{"@type":"SearchAction","target":{"@type":"EntryPoint","urlTemplate":"https:\/\/centcols.org\/?s={search_term_string}"},"query-input":{"@type":"PropertyValueSpecification","valueRequired":true,"valueName":"search_term_string"}}],"inLanguage":"nl-BE"},{"@type":"Organization","@id":"https:\/\/centcols.org\/#organization","name":"Club van Cent Cols","url":"https:\/\/centcols.org\/","logo":{"@type":"ImageObject","inLanguage":"nl-BE","@id":"https:\/\/centcols.org\/#\/schema\/logo\/image\/","url":"https:\/\/centcols.org\/wp-content\/uploads\/2025\/01\/carte-icone.png","contentUrl":"https:\/\/centcols.org\/wp-content\/uploads\/2025\/01\/carte-icone.png","width":250,"height":250,"caption":"Club des Cent Cols"},"image":{"@id":"https:\/\/centcols.org\/#\/schema\/logo\/image\/"},"sameAs":["https:\/\/www.facebook.com\/groups\/5261880558\/?locale=fr_FR"]},{"@type":"Person","@id":"https:\/\/centcols.org\/#\/schema\/person\/911b404fb133d8c913dd27cdcf71c8e5","name":"Webmaster","image":{"@type":"ImageObject","inLanguage":"nl-BE","@id":"https:\/\/centcols.org\/wp-content\/litespeed\/avatar\/2d246e4b6b4f773e08515e1ffc53690b.jpg?ver=1777222892","url":"https:\/\/centcols.org\/wp-content\/litespeed\/avatar\/2d246e4b6b4f773e08515e1ffc53690b.jpg?ver=1777222892","contentUrl":"https:\/\/centcols.org\/wp-content\/litespeed\/avatar\/2d246e4b6b4f773e08515e1ffc53690b.jpg?ver=1777222892","caption":"Webmestre"},"url":"https:\/\/centcols.org\/nl\/author\/webmestre\/"}]}},"_links":{"self":[{"href":"https:\/\/centcols.org\/nl\/wp-json\/wp\/v2\/posts\/80220","targetHints":{"allow":["GET"]}}],"collection":[{"href":"https:\/\/centcols.org\/nl\/wp-json\/wp\/v2\/posts"}],"about":[{"href":"https:\/\/centcols.org\/nl\/wp-json\/wp\/v2\/types\/post"}],"author":[{"embeddable":true,"href":"https:\/\/centcols.org\/nl\/wp-json\/wp\/v2\/users\/3"}],"replies":[{"embeddable":true,"href":"https:\/\/centcols.org\/nl\/wp-json\/wp\/v2\/comments?post=80220"}],"version-history":[{"count":0,"href":"https:\/\/centcols.org\/nl\/wp-json\/wp\/v2\/posts\/80220\/revisions"}],"wp:featuredmedia":[{"embeddable":true,"href":"https:\/\/centcols.org\/nl\/wp-json\/wp\/v2\/media\/80297"}],"wp:attachment":[{"href":"https:\/\/centcols.org\/nl\/wp-json\/wp\/v2\/media?parent=80220"}],"wp:term":[{"taxonomy":"category","embeddable":true,"href":"https:\/\/centcols.org\/nl\/wp-json\/wp\/v2\/categories?post=80220"},{"taxonomy":"post_tag","embeddable":true,"href":"https:\/\/centcols.org\/nl\/wp-json\/wp\/v2\/tags?post=80220"}],"curies":[{"name":"wp","href":"https:\/\/api.w.org\/{rel}","templated":true}]}}