{"id":80224,"date":"2025-04-02T16:37:09","date_gmt":"2025-04-02T14:37:09","guid":{"rendered":"https:\/\/centcols.org\/?p=80224"},"modified":"2025-09-01T19:01:43","modified_gmt":"2025-09-01T17:01:43","slug":"les-boucles-du-haut-languedoc","status":"publish","type":"post","link":"https:\/\/centcols.org\/nl\/les-boucles-du-haut-languedoc\/","title":{"rendered":"De lussen van de Haut Languedoc"},"content":{"rendered":"\n<h2 class=\"wp-block-heading\">Pr\u00e9sentation<\/h2>\n\n\n\n<p>Circuit de 1010 km se d\u00e9veloppant sur les d\u00e9partements de l\u2019Aveyron, de l\u2019H\u00e9rault, du Gard, et du Tarn, comprenant 9 boucles, 131 cols, 9 cols en option et 19140 m de d\u00e9nivel\u00e9 environ.<\/p>\n\n\n\n<p>Cette randonn\u00e9e 100 cols en Haut Languedoc en boucles a \u00e9t\u00e9 trac\u00e9e par Jean-Marc Cl\u00e9ment de la Confr\u00e9rie des Cent Cols sur la base de la randonn\u00e9e 100 cols en Haut Languedoc d\u00e9j\u00e0 existante.<\/p>\n\n\n\n<h2 class=\"wp-block-heading\">Parcours<\/h2>\n\n\n\n<p><iframe loading=\"lazy\" src=\"https:\/\/centcols.org\/rando_perm\/carto\/mbtrp.php?rp=hlb\" width=\"800\" height=\"600\"><\/iframe><\/p>\n\n\n\n<p><a href=\"\/rando_perm\/inscription.php?rando=hlb\" target=\"_blank\" rel=\"noreferrer noopener nofollow\">Bulletin d&rsquo;inscription<\/a><\/p>\n\n\n\n<h2 class=\"wp-block-heading\">Th\u00e8me<\/h2>\n\n\n\n<p>Le Club des Cent Cols, fond\u00e9 en 1972, affili\u00e9 \u00e0 la <a href=\"http:\/\/ffct.org\/\">F\u00e9d\u00e9ration Fran\u00e7aise de Cyclotourisme<\/a> sous le N\u00b06384, vous propose cette randonn\u00e9e permanente bas\u00e9e sur un th\u00e8me simple : \u00ab Cent cols \u00bb.<\/p>\n\n\n\n<p>Cent cols, soit pour vous permettre d\u2019int\u00e9grer la Confr\u00e9rie des Cent Cols, soit pour vous permettre de progresser dans le \u00ab tableau d\u2019honneur \u00bb de la Confr\u00e9rie, de toute fa\u00e7on pour vous faire d\u00e9couvrir ou red\u00e9couvrir le Haut Languedoc si riche en sites naturels ou historiques.<\/p>\n\n\n\n<h2 class=\"wp-block-heading\">Contr\u00f4les<\/h2>\n\n\n\n<p>Neuf contr\u00f4les sont obligatoires ; ils seront effectu\u00e9s en des points de parcours choisis par le randonneur lui-m\u00eame, un contr\u00f4le \u00e9tant effectu\u00e9 dans chaque boucle (les num\u00e9ros de boucles sont \u00e0 reporter sur la carte de route).<\/p>\n\n\n\n<p>Les 9 boucles sont les suivantes&nbsp;et au d\u00e9part de :<\/p>\n\n\n\n<ol class=\"wp-block-list\">\n<li>Olargues &#8211; Olargues, 97 km, 15 cols, D+ : 1680 m<\/li>\n\n\n\n<li>Olargues &#8211; Olargues, 117 km, 22 cols, D+ : 2410 m<\/li>\n\n\n\n<li>Lacaune &#8211; Lacaune, 102 km, 13 cols, D+ : 1685 m<\/li>\n\n\n\n<li>Le Vigan &#8211; Le Vigan, 101 km, 11 cols, D+ : 2070 m<\/li>\n\n\n\n<li>Le Vigan &#8211; Le Vigan, 132 km, 15 cols, D+ : 2600 m<\/li>\n\n\n\n<li>Le Caylar &#8211; Le Caylar, 136 km, 12 cols, D+ : 2270 m<\/li>\n\n\n\n<li>Le Bousquet d\u2019Orb &#8211; Le Bousquet d\u2019Orb, 130 km, 17 cols, D+ : 2390 m<\/li>\n\n\n\n<li>B\u00e9darieux &#8211; B\u00e9darieux, 93 km, 16 cols, D+ : 2340 m<\/li>\n\n\n\n<li>B\u00e9darieux &#8211; B\u00e9darieux, 103 km, 9 cols, D+ : 1695 m<\/li>\n<\/ol>\n\n\n\n<h2 class=\"wp-block-heading\">Quelques cols<\/h2>\n\n\n\n<ul class=\"wp-block-list\">\n<li>Col des Li\u00e8vres (34)<\/li>\n\n\n\n<li>Col de la Bane (34)<\/li>\n\n\n\n<li>Col de l\u2019Espinouse (34)<\/li>\n\n\n\n<li>Col de l\u2019Asclier (30)<\/li>\n\n\n\n<li>Col de Tr\u00e9paloup (30)<\/li>\n\n\n\n<li>Pas de la Livre (12)<\/li>\n\n\n\n<li>Col de Thalis (12)<\/li>\n\n\n\n<li>Col de l\u2019Ourtigas (34)<\/li>\n\n\n\n<li>Col de Lagasse (34)<\/li>\n<\/ul>\n\n\n\n<h2 class=\"wp-block-heading\">Sites BCN et BPF sur le parcours<\/h2>\n\n\n\n<ul class=\"wp-block-list\">\n<li>Le Caylar (34)<\/li>\n\n\n\n<li>Lacaune (81)<\/li>\n\n\n\n<li>Fra\u00efsse sur l\u2019Agout (34)<\/li>\n<\/ul>\n\n\n\n<h2 class=\"wp-block-heading\">R\u00e8gle du jeu des randonn\u00e9es permanentes<\/h2>\n\n\n\n<p>Tout participant \u00e0 cette randonn\u00e9e permanente s&rsquo;engage \u00e0 respecter la <a href=\"\/rdj-randonnees-permanentes\/\">r\u00e8gle du jeu<\/a> la r\u00e9gissant.<\/p>\n\n\n\n<h2 class=\"wp-block-heading\">Pour plus d&rsquo;information<\/h2>\n\n\n\n<h3 class=\"wp-block-heading\">S&rsquo;adresser au responsable des randonn\u00e9es permanentes<\/h3>\n\n\n\n<p>Jean-Marc CLEMENT<br>10 rue de Normandie<br>31120 Portet sur Garonne<br>FRANCE<\/p>\n\n\n\n<p>T\u00e9l : +33 (0)5 61 76 30 12<br>E-mail : [email]&#114;&#x61;&#110;&#x64;&#111;&#x73;&#64;&#x63;&#101;&#x6e;&#116;&#x63;&#111;&#x6c;&#115;&#x2e;&#111;&#x72;&#103; [\/email]<\/p>\n\n\n\n<p><strong>Attention : Vous voudrez bien envoyer vos cartes de route \u00e0 homologuer ainsi que vos cartes postales et vos r\u00e9cits de voyage uniquement au responsable des randonn\u00e9es permanentes actif au moment de cet envoi&nbsp;et que vous trouverez sur le site des 100 COLS !<\/strong><\/p>\n","protected":false},"excerpt":{"rendered":"<p>Pr\u00e9sentation Circuit de 1010 km se d\u00e9veloppant sur les d\u00e9partements de l\u2019Aveyron, de l\u2019H\u00e9rault, du Gard, et du Tarn, comprenant 9 boucles, 131 cols, 9 cols en option et 19140 m de d\u00e9nivel\u00e9 environ. Cette randonn\u00e9e 100 cols en Haut Languedoc en boucles a \u00e9t\u00e9 trac\u00e9e par Jean-Marc Cl\u00e9ment de la Confr\u00e9rie des Cent Cols [&hellip;]<\/p>\n","protected":false},"author":3,"featured_media":80301,"comment_status":"open","ping_status":"open","sticky":false,"template":"","format":"standard","meta":{"_acf_changed":false,"footnotes":""},"categories":[176,161,162,189,155,145],"tags":[],"class_list":["post-80224","post","type-post","status-publish","format-standard","has-post-thumbnail","hentry","category-route","category-massif-central","category-cevennes","category-occitanie","category-france","category-randonnees-permanentes"],"acf":[],"yoast_head":"<!-- This site is optimized with the Yoast SEO plugin v27.2 - https:\/\/yoast.com\/product\/yoast-seo-wordpress\/ -->\n<title>Les boucles du Haut Languedoc - Club des Cent Cols<\/title>\n<meta name=\"robots\" content=\"index, follow, max-snippet:-1, max-image-preview:large, max-video-preview:-1\" \/>\n<link rel=\"canonical\" href=\"https:\/\/centcols.org\/nl\/les-boucles-du-haut-languedoc\/\" \/>\n<meta property=\"og:locale\" content=\"nl_BE\" \/>\n<meta property=\"og:type\" content=\"article\" \/>\n<meta property=\"og:title\" content=\"Les boucles du Haut Languedoc - Club des Cent Cols\" \/>\n<meta property=\"og:description\" content=\"Pr\u00e9sentation Circuit de 1010 km se d\u00e9veloppant sur les d\u00e9partements de l\u2019Aveyron, de l\u2019H\u00e9rault, du Gard, et du Tarn, comprenant 9 boucles, 131 cols, 9 cols en option et 19140 m de d\u00e9nivel\u00e9 environ. Cette randonn\u00e9e 100 cols en Haut Languedoc en boucles a \u00e9t\u00e9 trac\u00e9e par Jean-Marc Cl\u00e9ment de la Confr\u00e9rie des Cent Cols [&hellip;]\" \/>\n<meta property=\"og:url\" content=\"https:\/\/centcols.org\/nl\/les-boucles-du-haut-languedoc\/\" \/>\n<meta property=\"og:site_name\" content=\"Club des Cent Cols\" \/>\n<meta property=\"article:publisher\" content=\"https:\/\/www.facebook.com\/groups\/5261880558\/?locale=fr_FR\" \/>\n<meta property=\"article:published_time\" content=\"2025-04-02T14:37:09+00:00\" \/>\n<meta property=\"article:modified_time\" content=\"2025-09-01T17:01:43+00:00\" \/>\n<meta property=\"og:image\" content=\"https:\/\/centcols.org\/wp-content\/uploads\/2025\/04\/haut-languedoc-gcowan-r.jpg\" \/>\n\t<meta property=\"og:image:width\" content=\"960\" \/>\n\t<meta property=\"og:image:height\" content=\"540\" \/>\n\t<meta property=\"og:image:type\" content=\"image\/jpeg\" \/>\n<meta name=\"author\" content=\"Webmestre\" \/>\n<meta name=\"twitter:card\" content=\"summary_large_image\" \/>\n<meta name=\"twitter:label1\" content=\"Geschreven door\" \/>\n\t<meta name=\"twitter:data1\" content=\"Webmestre\" \/>\n\t<meta name=\"twitter:label2\" content=\"Geschatte leestijd\" \/>\n\t<meta name=\"twitter:data2\" content=\"3 minuten\" \/>\n<script type=\"application\/ld+json\" class=\"yoast-schema-graph\">{\"@context\":\"https:\/\/schema.org\",\"@graph\":[{\"@type\":\"Article\",\"@id\":\"https:\/\/centcols.org\/les-boucles-du-haut-languedoc\/#article\",\"isPartOf\":{\"@id\":\"https:\/\/centcols.org\/les-boucles-du-haut-languedoc\/\"},\"author\":{\"name\":\"Webmestre\",\"@id\":\"https:\/\/centcols.org\/#\/schema\/person\/911b404fb133d8c913dd27cdcf71c8e5\"},\"headline\":\"Les boucles du Haut Languedoc\",\"datePublished\":\"2025-04-02T14:37:09+00:00\",\"dateModified\":\"2025-09-01T17:01:43+00:00\",\"mainEntityOfPage\":{\"@id\":\"https:\/\/centcols.org\/les-boucles-du-haut-languedoc\/\"},\"wordCount\":451,\"commentCount\":0,\"publisher\":{\"@id\":\"https:\/\/centcols.org\/#organization\"},\"image\":{\"@id\":\"https:\/\/centcols.org\/les-boucles-du-haut-languedoc\/#primaryimage\"},\"thumbnailUrl\":\"https:\/\/centcols.org\/wp-content\/uploads\/2025\/04\/haut-languedoc-gcowan-r.jpg\",\"articleSection\":[\"Route\",\"Massif Central\",\"C\u00e9vennes\",\"Occitanie\",\"France\",\"Randonn\u00e9es permanentes\"],\"inLanguage\":\"nl-BE\",\"potentialAction\":[{\"@type\":\"CommentAction\",\"name\":\"Comment\",\"target\":[\"https:\/\/centcols.org\/les-boucles-du-haut-languedoc\/#respond\"]}]},{\"@type\":\"WebPage\",\"@id\":\"https:\/\/centcols.org\/les-boucles-du-haut-languedoc\/\",\"url\":\"https:\/\/centcols.org\/les-boucles-du-haut-languedoc\/\",\"name\":\"Les boucles du Haut Languedoc - Club des Cent Cols\",\"isPartOf\":{\"@id\":\"https:\/\/centcols.org\/#website\"},\"primaryImageOfPage\":{\"@id\":\"https:\/\/centcols.org\/les-boucles-du-haut-languedoc\/#primaryimage\"},\"image\":{\"@id\":\"https:\/\/centcols.org\/les-boucles-du-haut-languedoc\/#primaryimage\"},\"thumbnailUrl\":\"https:\/\/centcols.org\/wp-content\/uploads\/2025\/04\/haut-languedoc-gcowan-r.jpg\",\"datePublished\":\"2025-04-02T14:37:09+00:00\",\"dateModified\":\"2025-09-01T17:01:43+00:00\",\"breadcrumb\":{\"@id\":\"https:\/\/centcols.org\/les-boucles-du-haut-languedoc\/#breadcrumb\"},\"inLanguage\":\"nl-BE\",\"potentialAction\":[{\"@type\":\"ReadAction\",\"target\":[\"https:\/\/centcols.org\/les-boucles-du-haut-languedoc\/\"]}]},{\"@type\":\"ImageObject\",\"inLanguage\":\"nl-BE\",\"@id\":\"https:\/\/centcols.org\/les-boucles-du-haut-languedoc\/#primaryimage\",\"url\":\"https:\/\/centcols.org\/wp-content\/uploads\/2025\/04\/haut-languedoc-gcowan-r.jpg\",\"contentUrl\":\"https:\/\/centcols.org\/wp-content\/uploads\/2025\/04\/haut-languedoc-gcowan-r.jpg\",\"width\":960,\"height\":540},{\"@type\":\"BreadcrumbList\",\"@id\":\"https:\/\/centcols.org\/les-boucles-du-haut-languedoc\/#breadcrumb\",\"itemListElement\":[{\"@type\":\"ListItem\",\"position\":1,\"name\":\"Accueil\",\"item\":\"https:\/\/centcols.org\/\"},{\"@type\":\"ListItem\",\"position\":2,\"name\":\"Randonn\u00e9es permanentes\",\"item\":\"https:\/\/centcols.org\/rubrique\/randonnees-permanentes\/\"},{\"@type\":\"ListItem\",\"position\":3,\"name\":\"Pays\",\"item\":\"https:\/\/centcols.org\/rubrique\/randonnees-permanentes\/pays\/\"},{\"@type\":\"ListItem\",\"position\":4,\"name\":\"France\",\"item\":\"https:\/\/centcols.org\/rubrique\/randonnees-permanentes\/pays\/france\/\"},{\"@type\":\"ListItem\",\"position\":5,\"name\":\"Les boucles du Haut Languedoc\"}]},{\"@type\":\"WebSite\",\"@id\":\"https:\/\/centcols.org\/#website\",\"url\":\"https:\/\/centcols.org\/\",\"name\":\"Club des Cent Cols\",\"description\":\"\",\"publisher\":{\"@id\":\"https:\/\/centcols.org\/#organization\"},\"potentialAction\":[{\"@type\":\"SearchAction\",\"target\":{\"@type\":\"EntryPoint\",\"urlTemplate\":\"https:\/\/centcols.org\/?s={search_term_string}\"},\"query-input\":{\"@type\":\"PropertyValueSpecification\",\"valueRequired\":true,\"valueName\":\"search_term_string\"}}],\"inLanguage\":\"nl-BE\"},{\"@type\":\"Organization\",\"@id\":\"https:\/\/centcols.org\/#organization\",\"name\":\"Club des Cent Cols\",\"url\":\"https:\/\/centcols.org\/\",\"logo\":{\"@type\":\"ImageObject\",\"inLanguage\":\"nl-BE\",\"@id\":\"https:\/\/centcols.org\/#\/schema\/logo\/image\/\",\"url\":\"https:\/\/centcols.org\/wp-content\/uploads\/2025\/01\/carte-icone.png\",\"contentUrl\":\"https:\/\/centcols.org\/wp-content\/uploads\/2025\/01\/carte-icone.png\",\"width\":250,\"height\":250,\"caption\":\"Club des Cent Cols\"},\"image\":{\"@id\":\"https:\/\/centcols.org\/#\/schema\/logo\/image\/\"},\"sameAs\":[\"https:\/\/www.facebook.com\/groups\/5261880558\/?locale=fr_FR\"]},{\"@type\":\"Person\",\"@id\":\"https:\/\/centcols.org\/#\/schema\/person\/911b404fb133d8c913dd27cdcf71c8e5\",\"name\":\"Webmestre\",\"image\":{\"@type\":\"ImageObject\",\"inLanguage\":\"nl-BE\",\"@id\":\"https:\/\/centcols.org\/wp-content\/litespeed\/avatar\/2d246e4b6b4f773e08515e1ffc53690b.jpg?ver=1777222892\",\"url\":\"https:\/\/centcols.org\/wp-content\/litespeed\/avatar\/2d246e4b6b4f773e08515e1ffc53690b.jpg?ver=1777222892\",\"contentUrl\":\"https:\/\/centcols.org\/wp-content\/litespeed\/avatar\/2d246e4b6b4f773e08515e1ffc53690b.jpg?ver=1777222892\",\"caption\":\"Webmestre\"},\"url\":\"https:\/\/centcols.org\/nl\/author\/webmestre\/\"}]}<\/script>\n<!-- \/ Yoast SEO plugin. -->","yoast_head_json":{"title":"De boucles van de Haut Languedoc - Club des Cent Cols","robots":{"index":"index","follow":"follow","max-snippet":"max-snippet:-1","max-image-preview":"max-image-preview:large","max-video-preview":"max-video-preview:-1"},"canonical":"https:\/\/centcols.org\/nl\/les-boucles-du-haut-languedoc\/","og_locale":"nl_BE","og_type":"article","og_title":"Les boucles du Haut Languedoc - Club des Cent Cols","og_description":"Pr\u00e9sentation Circuit de 1010 km se d\u00e9veloppant sur les d\u00e9partements de l\u2019Aveyron, de l\u2019H\u00e9rault, du Gard, et du Tarn, comprenant 9 boucles, 131 cols, 9 cols en option et 19140 m de d\u00e9nivel\u00e9 environ. Cette randonn\u00e9e 100 cols en Haut Languedoc en boucles a \u00e9t\u00e9 trac\u00e9e par Jean-Marc Cl\u00e9ment de la Confr\u00e9rie des Cent Cols [&hellip;]","og_url":"https:\/\/centcols.org\/nl\/les-boucles-du-haut-languedoc\/","og_site_name":"Club des Cent Cols","article_publisher":"https:\/\/www.facebook.com\/groups\/5261880558\/?locale=fr_FR","article_published_time":"2025-04-02T14:37:09+00:00","article_modified_time":"2025-09-01T17:01:43+00:00","og_image":[{"width":960,"height":540,"url":"https:\/\/centcols.org\/wp-content\/uploads\/2025\/04\/haut-languedoc-gcowan-r.jpg","type":"image\/jpeg"}],"author":"Webmestre","twitter_card":"summary_large_image","twitter_misc":{"Geschreven door":"Webmestre","Geschatte leestijd":"3 minuten"},"schema":{"@context":"https:\/\/schema.org","@graph":[{"@type":"Article","@id":"https:\/\/centcols.org\/les-boucles-du-haut-languedoc\/#article","isPartOf":{"@id":"https:\/\/centcols.org\/les-boucles-du-haut-languedoc\/"},"author":{"name":"Webmestre","@id":"https:\/\/centcols.org\/#\/schema\/person\/911b404fb133d8c913dd27cdcf71c8e5"},"headline":"Les boucles du Haut Languedoc","datePublished":"2025-04-02T14:37:09+00:00","dateModified":"2025-09-01T17:01:43+00:00","mainEntityOfPage":{"@id":"https:\/\/centcols.org\/les-boucles-du-haut-languedoc\/"},"wordCount":451,"commentCount":0,"publisher":{"@id":"https:\/\/centcols.org\/#organization"},"image":{"@id":"https:\/\/centcols.org\/les-boucles-du-haut-languedoc\/#primaryimage"},"thumbnailUrl":"https:\/\/centcols.org\/wp-content\/uploads\/2025\/04\/haut-languedoc-gcowan-r.jpg","articleSection":["Route","Massif Central","C\u00e9vennes","Occitanie","France","Randonn\u00e9es permanentes"],"inLanguage":"nl-BE","potentialAction":[{"@type":"CommentAction","name":"Comment","target":["https:\/\/centcols.org\/les-boucles-du-haut-languedoc\/#respond"]}]},{"@type":"WebPage","@id":"https:\/\/centcols.org\/les-boucles-du-haut-languedoc\/","url":"https:\/\/centcols.org\/les-boucles-du-haut-languedoc\/","name":"De boucles van de Haut Languedoc - Club des Cent Cols","isPartOf":{"@id":"https:\/\/centcols.org\/#website"},"primaryImageOfPage":{"@id":"https:\/\/centcols.org\/les-boucles-du-haut-languedoc\/#primaryimage"},"image":{"@id":"https:\/\/centcols.org\/les-boucles-du-haut-languedoc\/#primaryimage"},"thumbnailUrl":"https:\/\/centcols.org\/wp-content\/uploads\/2025\/04\/haut-languedoc-gcowan-r.jpg","datePublished":"2025-04-02T14:37:09+00:00","dateModified":"2025-09-01T17:01:43+00:00","breadcrumb":{"@id":"https:\/\/centcols.org\/les-boucles-du-haut-languedoc\/#breadcrumb"},"inLanguage":"nl-BE","potentialAction":[{"@type":"ReadAction","target":["https:\/\/centcols.org\/les-boucles-du-haut-languedoc\/"]}]},{"@type":"ImageObject","inLanguage":"nl-BE","@id":"https:\/\/centcols.org\/les-boucles-du-haut-languedoc\/#primaryimage","url":"https:\/\/centcols.org\/wp-content\/uploads\/2025\/04\/haut-languedoc-gcowan-r.jpg","contentUrl":"https:\/\/centcols.org\/wp-content\/uploads\/2025\/04\/haut-languedoc-gcowan-r.jpg","width":960,"height":540},{"@type":"BreadcrumbList","@id":"https:\/\/centcols.org\/les-boucles-du-haut-languedoc\/#breadcrumb","itemListElement":[{"@type":"ListItem","position":1,"name":"Accueil","item":"https:\/\/centcols.org\/"},{"@type":"ListItem","position":2,"name":"Randonn\u00e9es permanentes","item":"https:\/\/centcols.org\/rubrique\/randonnees-permanentes\/"},{"@type":"ListItem","position":3,"name":"Pays","item":"https:\/\/centcols.org\/rubrique\/randonnees-permanentes\/pays\/"},{"@type":"ListItem","position":4,"name":"France","item":"https:\/\/centcols.org\/rubrique\/randonnees-permanentes\/pays\/france\/"},{"@type":"ListItem","position":5,"name":"Les boucles du Haut Languedoc"}]},{"@type":"WebSite","@id":"https:\/\/centcols.org\/#website","url":"https:\/\/centcols.org\/","name":"Club van Cent Cols","description":"","publisher":{"@id":"https:\/\/centcols.org\/#organization"},"potentialAction":[{"@type":"SearchAction","target":{"@type":"EntryPoint","urlTemplate":"https:\/\/centcols.org\/?s={search_term_string}"},"query-input":{"@type":"PropertyValueSpecification","valueRequired":true,"valueName":"search_term_string"}}],"inLanguage":"nl-BE"},{"@type":"Organization","@id":"https:\/\/centcols.org\/#organization","name":"Club van Cent Cols","url":"https:\/\/centcols.org\/","logo":{"@type":"ImageObject","inLanguage":"nl-BE","@id":"https:\/\/centcols.org\/#\/schema\/logo\/image\/","url":"https:\/\/centcols.org\/wp-content\/uploads\/2025\/01\/carte-icone.png","contentUrl":"https:\/\/centcols.org\/wp-content\/uploads\/2025\/01\/carte-icone.png","width":250,"height":250,"caption":"Club des Cent Cols"},"image":{"@id":"https:\/\/centcols.org\/#\/schema\/logo\/image\/"},"sameAs":["https:\/\/www.facebook.com\/groups\/5261880558\/?locale=fr_FR"]},{"@type":"Person","@id":"https:\/\/centcols.org\/#\/schema\/person\/911b404fb133d8c913dd27cdcf71c8e5","name":"Webmaster","image":{"@type":"ImageObject","inLanguage":"nl-BE","@id":"https:\/\/centcols.org\/wp-content\/litespeed\/avatar\/2d246e4b6b4f773e08515e1ffc53690b.jpg?ver=1777222892","url":"https:\/\/centcols.org\/wp-content\/litespeed\/avatar\/2d246e4b6b4f773e08515e1ffc53690b.jpg?ver=1777222892","contentUrl":"https:\/\/centcols.org\/wp-content\/litespeed\/avatar\/2d246e4b6b4f773e08515e1ffc53690b.jpg?ver=1777222892","caption":"Webmestre"},"url":"https:\/\/centcols.org\/nl\/author\/webmestre\/"}]}},"_links":{"self":[{"href":"https:\/\/centcols.org\/nl\/wp-json\/wp\/v2\/posts\/80224","targetHints":{"allow":["GET"]}}],"collection":[{"href":"https:\/\/centcols.org\/nl\/wp-json\/wp\/v2\/posts"}],"about":[{"href":"https:\/\/centcols.org\/nl\/wp-json\/wp\/v2\/types\/post"}],"author":[{"embeddable":true,"href":"https:\/\/centcols.org\/nl\/wp-json\/wp\/v2\/users\/3"}],"replies":[{"embeddable":true,"href":"https:\/\/centcols.org\/nl\/wp-json\/wp\/v2\/comments?post=80224"}],"version-history":[{"count":0,"href":"https:\/\/centcols.org\/nl\/wp-json\/wp\/v2\/posts\/80224\/revisions"}],"wp:featuredmedia":[{"embeddable":true,"href":"https:\/\/centcols.org\/nl\/wp-json\/wp\/v2\/media\/80301"}],"wp:attachment":[{"href":"https:\/\/centcols.org\/nl\/wp-json\/wp\/v2\/media?parent=80224"}],"wp:term":[{"taxonomy":"category","embeddable":true,"href":"https:\/\/centcols.org\/nl\/wp-json\/wp\/v2\/categories?post=80224"},{"taxonomy":"post_tag","embeddable":true,"href":"https:\/\/centcols.org\/nl\/wp-json\/wp\/v2\/tags?post=80224"}],"curies":[{"name":"wp","href":"https:\/\/api.w.org\/{rel}","templated":true}]}}