{"id":80516,"date":"2012-04-23T10:11:11","date_gmt":"2012-04-23T08:11:11","guid":{"rendered":"https:\/\/centcols.org\/concentration-internationale-et-40eme-anniversaire-de-la-confrerie-au-col-de-plainpalais-le-4-aout-rassemblement-a-lescheraines-73-du-29-juillet-au-5-aout-2012\/"},"modified":"2025-09-02T09:43:27","modified_gmt":"2025-09-02T07:43:27","slug":"verblijf-2012-lescheraines","status":"publish","type":"post","link":"https:\/\/centcols.org\/nl\/sejour-2012-lescheraines\/","title":{"rendered":"Internationale concentratie en 40ste verjaardag van de Confr\u00e9rie op Col de Plainpalais op 4 augustus Samenkomst in Lescheraines (73) van 29 juli tot 5 augustus 2012"},"content":{"rendered":"<h2 class=\"wp-block-heading\">De video's<\/h2>\n\n\n\n<p><a class=\"iframe-fancybox\" title=\"video van het evenement\" href=\"https:\/\/www.youtube.com\/watch?v=0LwGBLENvqs&amp;feature=youtu.be\" target=\"_blank\" rel=\"noopener\">Bekijk de korte versie (12\u2032)<\/a><\/p>\n\n\n\n<p><a class=\"iframe-fancybox\" title=\"video van het evenement\" href=\"https:\/\/www.youtube.com\/watch?v=l5lfqbRaV5o\" target=\"_blank\" rel=\"noopener\">Bekijk de lange versie (33\u2032)<\/a><\/p>\n\n\n\n<h2 class=\"wp-block-heading\">De foto's<\/h2>\n\n\n\n<p><a href=\"#album\">Bekijk de albums onderaan de pagina<\/a><\/p>\n\n\n\n<h2 class=\"wp-block-heading\">Presentatie<\/h2>\n\n\n\n<p>Het Bauges-massief, gelegen in de Savoie en Haute-Savoie in de geboorteplaats van de Club des Cent Cols, zal ons deze zomer verwelkomen.<\/p>\n\n\n\n<p>Een presentatie van de rondleidingen zal later beschikbaar zijn op de website en in het jaaroverzicht.<\/p>\n\n\n\n<p>Deze bijeenkomst zal een beetje speciaal zijn, omdat we het veertigjarig bestaan van de Club des Cent Cols waardig zullen vieren (voordat we dit opnieuw vieren op de jaarlijkse Algemene Vergadering in Annecy op 1 december). Er is een feestelijke maaltijd gepland op 4 augustus na de vergadering.<\/p>\n\n\n\n<p>Als gevolg van een situatie buiten onze controle (niet beschikbare accommodatie), verontschuldigt de Club zich aan onze leden die liever een bijeenkomst eerder in juli hadden gehad of verder weg van de datum van de federale week.<\/p>\n\n\n\n<h2 class=\"wp-block-heading\">Brochure en diavoorstelling<\/h2>\n\n\n\n<p>U kunt nu downloaden <a href=\"https:\/\/centcols.org\/wp-content\/uploads\/2025\/09\/plaquette_A5.pdf\" target=\"_blank\" rel=\"noreferrer noopener\">de vakantiebrochure<\/a> (1,7 miljoen) die aan elke deelnemer wordt uitgedeeld dankzij de financi\u00eble bijdrage van het toerismebureau voor de twee Savoie regio's, Savoie Mont Blanc Tourisme. Deze brochure is in A5-formaat, met 2 staande A5-pagina's op een A4-vel dat aan beide zijden liggend moet worden afgedrukt en in het midden moet worden gevouwen. Gebruik deze link om de brochure online te lezen <a href=\"https:\/\/centcols.org\/wp-content\/uploads\/2025\/09\/plaquette_A4_seq.pdf\" target=\"_blank\" rel=\"noreferrer noopener\">A4-versie<\/a> (\u00e9\u00e9n pagina per vel) (1,8 miljoen).<\/p>\n\n\n\n<p>Om de Bauges en de Chartreuse te ontdekken voordat u uw wielen neerzet, kunt u het volgende proberen <a class=\"iframe-fancybox\" title=\"Bauges en Chartreuse\" href=\"https:\/\/centcols.org\/nl\/util\/visuAlbum.php\/?album=3225-7\" target=\"_blank\" rel=\"noopener\">diavoorstelling<\/a> door R\u00e9gis Paraz.<\/p>\n\n\n\n<h2 class=\"wp-block-heading\">Accommodatie en registratie<\/h2>\n\n\n\n<p>Om een maximale capaciteit te garanderen, worden er twee soorten accommodatie aangeboden op dezelfde locatie:<\/p>\n\n\n\n<p>Om een maximale capaciteit te garanderen, worden er twee soorten accommodatie aangeboden op dezelfde locatie:<\/p>\n\n\n\n<ul class=\"wp-block-list\">\n<li>Vakantiecentrum \u00abEau Vive\u00bb, van zondag 29 juli tot zondag 5 augustus (<a href=\"https:\/\/www.ternelia-lm.com\/hotel\/eau-vive\/\" target=\"_blank\" rel=\"noreferrer noopener\">http:\/\/bauges-l-eau-vive.ternelia.com<\/a>) Het vakantiecentrum is volgeboekt.<\/li>\n\n\n\n<li>De stacaravans op de camping, beschikbaar voor ons van zaterdag 28 juli tot zaterdag 4 augustus (om te voldoen aan de verhuurregel van zaterdag tot zaterdag en om de verhuur van de week erna niet te hinderen) (<a title=\"De Ch\u00e9ran-eilanden\" href=\"http:\/\/www.savoie-camping.com\/\" target=\"_blank\" rel=\"noopener\">http:\/\/www.savoie-camping.com<\/a>). De stacaravans zijn volgeboekt.<\/li>\n<\/ul>\n\n\n\n<p>De twee accommodaties liggen naast elkaar op het recreatiepark \u00abLes Iles du Ch\u00e9ran\u00bb. We hebben daarom alle beschikbare plaatsen (80) gereserveerd in het centrum \u00abEau Vive\u00bb aan de oevers van het meer van Lescheraines en de 12 comfortabele stacaravans op de gemeentelijke camping naast \u00abEau Vive\u00bb.<\/p>\n\n\n\n<p>Accommodatie bij l'Eau Vive is in kamers van 2 of 3 personen (geen eenpersoonskamers beschikbaar) en elke stacaravan biedt plaats aan 3 personen (2 slaapkamers en een woonkamer met een slaapbank is geschikt voor een persoon per kamer) of 4 personen als er een gezin is.<\/p>\n\n\n\n<p>Zie kaart : <a title=\"De Ch\u00e9ran-eilanden\" href=\"http:\/\/www.savoie-camping.com\/fr\/locations\/mobilhome.html\" target=\"_blank\" rel=\"noopener\">http:\/\/www.savoie-camping.com\/fr\/locations\/mobilhome.html<\/a><\/p>\n\n\n\n<p>Er worden maaltijden geserveerd bij Eau Vive voor iedereen.<br>Voor degenen die in de stacaravans willen verblijven, begint het verblijf (maaltijden en ontbijt) op 28 juli en is er een rondleiding beschikbaar op de 29e. <\/p>\n\n\n\n<p>Let op: De stacaravans en het vakantiecentrum zijn volgeboekt en niet langer beschikbaar. U kunt echter nog wel de feestmaaltijd of -maaltijden reserveren. Het is absoluut noodzakelijk dat de laatste reserveringen uiterlijk woensdag 11 juli bij de verantwoordelijke persoon binnen zijn. Gelieve enkel het maaltijdgedeelte van het inschrijvingsformulier in te vullen.<\/p>\n\n\n\n<p>De verblijfskosten zijn hetzelfde, of je nu in het centrum verblijft of in een stacaravan. Deze accommodatie is net zo comfortabel als die van \u00abl'Eau Vive\u00bb en net zo gezellig, want de camping ligt naast het centrum en er zullen veel andere leden deelnemen aan de kampeertocht.<\/p>\n\n\n\n<p>Inschrijving voor accommodatie in het l'Eau Vive centrum is open sinds het magazine is verstuurd. Inschrijvingen worden behandeld op basis van wie het eerst komt, het eerst maalt, zoals blijkt uit het poststempel. Indien nodig zal er een wachtlijst worden opgesteld.<\/p>\n\n\n\n<p>Voor leden die niet deelnemen aan de vakantie: wacht niet te lang met inschrijven voor de feestmaaltijd op 4 augustus (gebruik het inschrijfformulier voor de vakantie en vul alleen dit gedeelte in). Je kunt dit nu doen, voordat het magazine wordt gepubliceerd, door het inschrijfformulier \u00abMobile Homes\u00bb, waarnaar hierboven wordt verwezen, in te sturen.<br>Toegang tot de doodlopende weg die leidt naar het recreatiecentrum \u00abLes Iles du Ch\u00e9ran\u00bb<br>Opmerking van de Raad van Bestuur: Als je een andere accommodatie regelt dan in het centrum \u00abl'Eau Vive\u00bb of in de stacaravans, laat ons dan weten dat je het evenement bijwoont, om 3 belangrijke redenen:<\/p>\n\n\n\n<p>Aan de ene kant, omdat als er 15 of 20 mensen bijkomen zonder dat wij daarvan op de hoogte zijn, we de welkomst- en afscheidsborrel niet goed kunnen indelen (nee, het is niet essentieel, maar het gaat ons erom alle deelnemers goed te verwelkomen en zelfs voor dit soort festiviteiten zullen we kritiek krijgen) of de grootte van een zaal voor conferenties...<br>Aan de andere kant, omdat het aantal fietsers toeneemt en, zoals het geval was in Ripoll, het totale aantal deelnemers kan leiden tot een verdeling in verschillende groepen voor uw veiligheid op de weg en een betere navigatie op de mountainbike,<br>En tot slot omdat de voorbereiding van een dergelijke bijeenkomst een grote investering betekent voor de organisatoren, die meer gemoedsrust zullen hebben als ze alle deelnemers nauwkeurig kunnen inschatten.<\/p>\n\n\n\n<h2 class=\"wp-block-heading\">Details programma<\/h2>\n\n\n\n<p>De lijst met alle <a href=\"\/nl\/membres\/cctours\/tours.php\/?lieu=Lescheraines&amp;an=2012\">circuits<\/a> is beschikbaar, evenals aparte lijsten voor <a href=\"\/nl\/membres\/cctours\/tours.php\/?lieu=Lescheraines&amp;an=2012&amp;genre=R\">wegen<\/a> en <a href=\"\/nl\/membres\/cctours\/tours.php\/?lieu=Lescheraines&amp;an=2012&amp;genre=V\">mountainbikeroutes<\/a>. Van deze lijsten zijn ook interactieve kaarten, routebladen en hoogteprofielen beschikbaar voor elke route.<\/p>\n\n\n\n<p>Voor degenen die een GPS of kaartsoftware op hun computer gebruiken, is de <a class=\"iframe-fancybox\" title=\"geolocatie\" href=\"\/nl\/membres\/cctours\/tours.php\/?lieu=Lescheraines&amp;an=2012\" target=\"_blank\" rel=\"noopener\">geolocatiebestanden<\/a> kan worden gedownload. Afhankelijk van het weer kunnen de data op korte termijn worden gewijzigd.<\/p>\n\n\n\n<h2 class=\"wp-block-heading\">Inleiding tot het Bauges-massief<\/h2>\n\n\n\n<p>door Annabelle POTY (3663)<\/p>\n\n\n\n<p>Het Bauges-massief is samen met de Bornes, Chartreuse en Vercors een van de pre-alpiene massieven. Het is ongetwijfeld het minst bekend van allemaal. Aan de voet liggen de steden Chamb\u00e9ry, Aix-les-Bains, Annecy, Albertville en de natuurlijke meren van Le Bourget en Annecy. Het grenst aan de Savoie en de Haute Savoie.<\/p>\n\n\n\n<p>Topografisch is het hart van het massief goed afgebakend, met name door de passen Leschaux, Ch\u00e9rel, Fr\u00eane, Pr\u00e9s en Plainpalais. Het wordt gedraineerd door de krachtige Ch\u00e9ran, die uit het massief stroomt via een kloof tussen de Semnoz en de Bange berg om zich te voegen bij de Fier in de Albanais vlakte.<\/p>\n\n\n\n<p>In 1996 werd het massief erkend als Regionaal Natuurpark (64 gemeenten). Het behoud van de flora en fauna is een oude verplichting, want sinds 1955 bestaat er een nationaal wildreservaat. Dit was met name bedoeld om de gems te beschermen. Tegenwoordig zijn ook het korhoen en de venushoef kenmerkend voor de Bauges. De wolf komt er ook voor. (Bepaalde delen van het reservaat zijn strikt verboden voor verkeer, zelfs te voet. Zie het in kaart gebrachte reglement dat verkrijgbaar is bij het Maison du Parc in Le Ch\u00e2telard).<\/p>\n\n\n\n<p>Misschien vanwege de gemiddelde hoogte (max. 2217 m) en de moeilijke bereikbaarheid, is dit een gebied dat onaangetast is gebleven door de grote toeristische ontwikkelingen in de Alpen. Daardoor is het Baugesmassief bijzonder goed bewaard gebleven. Het toerisme is hier \u00abzachtaardig\u00bb. Er zijn geen imposante skistations, maar eerder sneeuwstadions met weinig of geen toeristische accommodatie (Marg\u00e9riaz, Semnoz). De Revard is vooral bekend om het langlaufen. In de zomer zijn de belangrijkste activiteiten wandelen, fietsen, vissen en deltavliegen.<\/p>\n\n\n\n<p>De Baujue-identiteit is het sterkst in het kanton Le Ch\u00e2telard door het gebouwde erfgoed. Toen de monniken zich in de 11e en 12e eeuw in de Bauges vestigden, hebben ze het landschap vormgegeven en enkele van de meest indrukwekkende monumenten achtergelaten, zoals de benedictijner priorij in Bellevaux en het Charterhouse in Aillon. In dit laatste bevindt zich het erfgoedcentrum van het park. Ontdek de tavalans, typische architectonische elementen die deel uitmaken van de schuren van Baujues of, in de vallei van de Comp\u00f4te, de rij schuren.<\/p>\n\n\n\n<p>Tegenwoordig zijn toerisme, landbouw en bosbouw de belangrijkste bronnen van inkomsten. Boerderijen zijn voornamelijk gericht op melkveehouderij. Deze productie wordt gepromoot door een AOC Tome des Bauges (niet Tomme de Savoie). De kaasmakerij van Aillons organiseert bezoeken aan haar productiefaciliteiten.<\/p>\n\n\n\n<p>Het laatste nieuws van het massief is dat het het UNESCO-label \u00abGeopark\u00bb heeft gekregen. De Bauges is nu het 3e Franse Geopark van de 87 wereldwijd, waarvan 49 in Europa. Dit label benadrukt de rijkdom van het emblematische geologische erfgoed van de regio, waaronder de Arclusaz, een zeer esthetische syncline. De ondergrond is minder bekend omdat hij minder zichtbaar is, maar vormt een kostbare bron, zowel voor het water dat erin wordt opgeslagen als voor de ontwikkeling van het toerisme. De karst van Revard bevat de langste en grootste grotten van de Savoie.<\/p>\n\n\n\n<p>Om zijn veertigste verjaardag te vieren, nodigt de club je uit om een regio rijk aan bergpassen te verkennen, in een ongerepte omgeving met gevarieerde landschappen.<\/p>\n\n\n\n<h2 class=\"wp-block-heading\"><a id=\"album\"><\/a>Fotoalbums<\/h2>\n\n\n\n<figure class=\"wp-block-gallery has-nested-images columns-4 is-cropped wp-block-gallery-1 is-layout-flex wp-block-gallery-is-layout-flex\">\n<figure class=\"wp-block-image size-full\"><a href=\"https:\/\/centcols.org\/nl\/util\/visuAlbum.php\/?album=06785-001\" target=\"_blank\" rel=\"noreferrer noopener\"><img loading=\"lazy\" decoding=\"async\" width=\"1200\" height=\"900\" data-id=\"88862\" src=\"https:\/\/centcols.org\/wp-content\/uploads\/2012\/04\/L04117-1.jpg\" alt=\"\" class=\"wp-image-88862\" srcset=\"https:\/\/centcols.org\/wp-content\/uploads\/2012\/04\/L04117-1.jpg 1200w, https:\/\/centcols.org\/wp-content\/uploads\/2012\/04\/L04117-1-768x576.jpg 768w\" sizes=\"auto, (max-width: 1200px) 100vw, 1200px\" \/><\/a><figcaption class=\"wp-element-caption\">Album van Max Tissot<\/figcaption><\/figure>\n\n\n\n<figure class=\"wp-block-image size-full\"><a href=\"https:\/\/centcols.org\/nl\/util\/visuAlbum.php\/?album=05650-009\" target=\"_blank\" rel=\"noreferrer noopener\"><img loading=\"lazy\" decoding=\"async\" width=\"1200\" height=\"900\" data-id=\"88864\" src=\"https:\/\/centcols.org\/wp-content\/uploads\/2012\/04\/L0921.jpg\" alt=\"\" class=\"wp-image-88864\" srcset=\"https:\/\/centcols.org\/wp-content\/uploads\/2012\/04\/L0921.jpg 1200w, https:\/\/centcols.org\/wp-content\/uploads\/2012\/04\/L0921-768x576.jpg 768w\" sizes=\"auto, (max-width: 1200px) 100vw, 1200px\" \/><\/a><figcaption class=\"wp-element-caption\">Alf\u00e9o Lotto album<\/figcaption><\/figure>\n\n\n\n<figure class=\"wp-block-image size-full\"><a href=\"https:\/\/centcols.org\/nl\/util\/visuAlbum.php\/?album=4889-1\" target=\"_blank\" rel=\"noreferrer noopener\"><img loading=\"lazy\" decoding=\"async\" width=\"1200\" height=\"900\" data-id=\"88865\" src=\"https:\/\/centcols.org\/wp-content\/uploads\/2012\/04\/L01814.jpg\" alt=\"\" class=\"wp-image-88865\" srcset=\"https:\/\/centcols.org\/wp-content\/uploads\/2012\/04\/L01814.jpg 1200w, https:\/\/centcols.org\/wp-content\/uploads\/2012\/04\/L01814-768x576.jpg 768w\" sizes=\"auto, (max-width: 1200px) 100vw, 1200px\" \/><\/a><figcaption class=\"wp-element-caption\">Album van Mario Labelle<\/figcaption><\/figure>\n\n\n\n<figure class=\"wp-block-image size-full\"><a href=\"https:\/\/centcols.org\/nl\/util\/visuAlbum.php\/?album=3662-1\" target=\"_blank\" rel=\"noreferrer noopener\"><img loading=\"lazy\" decoding=\"async\" width=\"1200\" height=\"888\" data-id=\"88867\" src=\"https:\/\/centcols.org\/wp-content\/uploads\/2012\/04\/L00115.jpg\" alt=\"\" class=\"wp-image-88867\" srcset=\"https:\/\/centcols.org\/wp-content\/uploads\/2012\/04\/L00115.jpg 1200w, https:\/\/centcols.org\/wp-content\/uploads\/2012\/04\/L00115-768x568.jpg 768w\" sizes=\"auto, (max-width: 1200px) 100vw, 1200px\" \/><\/a><figcaption class=\"wp-element-caption\">Album van Jacques Collaudin<\/figcaption><\/figure>\n\n\n\n<figure class=\"wp-block-image size-full\"><a href=\"https:\/\/centcols.org\/nl\/util\/visuAlbum.php\/?album=6028-7\" target=\"_blank\" rel=\"noreferrer noopener\"><img loading=\"lazy\" decoding=\"async\" width=\"1024\" height=\"576\" data-id=\"88869\" src=\"https:\/\/centcols.org\/wp-content\/uploads\/2012\/04\/L0765.jpg\" alt=\"\" class=\"wp-image-88869\" srcset=\"https:\/\/centcols.org\/wp-content\/uploads\/2012\/04\/L0765.jpg 1024w, https:\/\/centcols.org\/wp-content\/uploads\/2012\/04\/L0765-768x432.jpg 768w\" sizes=\"auto, (max-width: 1024px) 100vw, 1024px\" \/><\/a><figcaption class=\"wp-element-caption\">Dorp van la Comp\u00f4te<\/figcaption><\/figure>\n\n\n\n<figure class=\"wp-block-image size-full\"><a href=\"https:\/\/centcols.org\/nl\/util\/visuAlbum.php\/?album=00289-002\" target=\"_blank\" rel=\"noreferrer noopener\"><img loading=\"lazy\" decoding=\"async\" width=\"1200\" height=\"900\" data-id=\"88870\" src=\"https:\/\/centcols.org\/wp-content\/uploads\/2012\/04\/L02925.jpg\" alt=\"\" class=\"wp-image-88870\" srcset=\"https:\/\/centcols.org\/wp-content\/uploads\/2012\/04\/L02925.jpg 1200w, https:\/\/centcols.org\/wp-content\/uploads\/2012\/04\/L02925-768x576.jpg 768w\" sizes=\"auto, (max-width: 1200px) 100vw, 1200px\" \/><\/a><figcaption class=\"wp-element-caption\">Album van Marc Liaudon<\/figcaption><\/figure>\n\n\n\n<figure class=\"wp-block-image size-full\"><a href=\"https:\/\/centcols.org\/nl\/util\/visuAlbum.php\/?album=5065-1\" target=\"_blank\" rel=\"noreferrer noopener\"><img loading=\"lazy\" decoding=\"async\" width=\"1094\" height=\"821\" data-id=\"88872\" src=\"https:\/\/centcols.org\/wp-content\/uploads\/2012\/04\/L01614.jpg\" alt=\"\" class=\"wp-image-88872\" srcset=\"https:\/\/centcols.org\/wp-content\/uploads\/2012\/04\/L01614.jpg 1094w, https:\/\/centcols.org\/wp-content\/uploads\/2012\/04\/L01614-768x576.jpg 768w\" sizes=\"auto, (max-width: 1094px) 100vw, 1094px\" \/><\/a><figcaption class=\"wp-element-caption\">Album van Enrico Alberini<\/figcaption><\/figure>\n\n\n\n<figure class=\"wp-block-image size-full\"><a href=\"https:\/\/centcols.org\/nl\/util\/visuAlbum.php\/?album=3693-3\" target=\"_blank\" rel=\"noreferrer noopener\"><img loading=\"lazy\" decoding=\"async\" width=\"1200\" height=\"900\" data-id=\"88873\" src=\"https:\/\/centcols.org\/wp-content\/uploads\/2012\/04\/L01931.jpg\" alt=\"\" class=\"wp-image-88873\" srcset=\"https:\/\/centcols.org\/wp-content\/uploads\/2012\/04\/L01931.jpg 1200w, https:\/\/centcols.org\/wp-content\/uploads\/2012\/04\/L01931-768x576.jpg 768w\" sizes=\"auto, (max-width: 1200px) 100vw, 1200px\" \/><\/a><figcaption class=\"wp-element-caption\">Album van Alain Brault<\/figcaption><\/figure>\n\n\n\n<figure class=\"wp-block-image size-full\"><a href=\"https:\/\/centcols.org\/nl\/util\/visuAlbum.php\/?album=03092-006\" target=\"_blank\" rel=\"noreferrer noopener\"><img loading=\"lazy\" decoding=\"async\" width=\"1200\" height=\"900\" data-id=\"88875\" src=\"https:\/\/centcols.org\/wp-content\/uploads\/2012\/04\/L00615.jpg\" alt=\"\" class=\"wp-image-88875\" srcset=\"https:\/\/centcols.org\/wp-content\/uploads\/2012\/04\/L00615.jpg 1200w, https:\/\/centcols.org\/wp-content\/uploads\/2012\/04\/L00615-768x576.jpg 768w\" sizes=\"auto, (max-width: 1200px) 100vw, 1200px\" \/><\/a><figcaption class=\"wp-element-caption\">Album van Philippe Carrez<\/figcaption><\/figure>\n\n\n\n<figure class=\"wp-block-image size-full\"><a href=\"https:\/\/centcols.org\/nl\/util\/visuAlbum.php\/?album=03848-003\" target=\"_blank\" rel=\"noreferrer noopener\"><img loading=\"lazy\" decoding=\"async\" width=\"1200\" height=\"900\" data-id=\"88876\" src=\"https:\/\/centcols.org\/wp-content\/uploads\/2012\/04\/L03922.jpg\" alt=\"\" class=\"wp-image-88876\" srcset=\"https:\/\/centcols.org\/wp-content\/uploads\/2012\/04\/L03922.jpg 1200w, https:\/\/centcols.org\/wp-content\/uploads\/2012\/04\/L03922-768x576.jpg 768w\" sizes=\"auto, (max-width: 1200px) 100vw, 1200px\" \/><\/a><figcaption class=\"wp-element-caption\">Album van Michel Boni<\/figcaption><\/figure>\n\n\n\n<figure class=\"wp-block-image size-full\"><a href=\"https:\/\/centcols.org\/nl\/util\/visuAlbum.php\/?album=02880-006\" target=\"_blank\" rel=\"noreferrer noopener\"><img loading=\"lazy\" decoding=\"async\" width=\"1095\" height=\"1200\" data-id=\"88878\" src=\"https:\/\/centcols.org\/wp-content\/uploads\/2012\/04\/L02314-1095x1200-1.jpg\" alt=\"\" class=\"wp-image-88878\" srcset=\"https:\/\/centcols.org\/wp-content\/uploads\/2012\/04\/L02314-1095x1200-1.jpg 1095w, https:\/\/centcols.org\/wp-content\/uploads\/2012\/04\/L02314-1095x1200-1-768x842.jpg 768w\" sizes=\"auto, (max-width: 1095px) 100vw, 1095px\" \/><\/a><figcaption class=\"wp-element-caption\">Album van Guy Garcin<\/figcaption><\/figure>\n\n\n\n<figure class=\"wp-block-image size-full\"><a href=\"https:\/\/centcols.org\/les_rendez-vous\/2012\/Lescheraines\/H-Becker\/ph_lescheraines.htm\" target=\"_blank\" rel=\"noreferrer noopener\"><img loading=\"lazy\" decoding=\"async\" width=\"640\" height=\"426\" data-id=\"88879\" src=\"https:\/\/centcols.org\/wp-content\/uploads\/2012\/04\/Lescheraines.jpg\" alt=\"\" class=\"wp-image-88879\"\/><\/a><figcaption class=\"wp-element-caption\">Album van Hubert Becker<\/figcaption><\/figure>\n\n\n\n<figure class=\"wp-block-image size-full\"><a href=\"https:\/\/centcols.org\/nl\/util\/visuAlbum.php\/?album=814-100\" target=\"_blank\" rel=\"noreferrer noopener\"><img loading=\"lazy\" decoding=\"async\" width=\"1500\" height=\"1125\" data-id=\"88881\" src=\"https:\/\/centcols.org\/wp-content\/uploads\/2012\/04\/L1701.jpg\" alt=\"\" class=\"wp-image-88881\" srcset=\"https:\/\/centcols.org\/wp-content\/uploads\/2012\/04\/L1701.jpg 1500w, https:\/\/centcols.org\/wp-content\/uploads\/2012\/04\/L1701-1200x900.jpg 1200w, https:\/\/centcols.org\/wp-content\/uploads\/2012\/04\/L1701-768x576.jpg 768w\" sizes=\"auto, (max-width: 1500px) 100vw, 1500px\" \/><\/a><figcaption class=\"wp-element-caption\">Album van Andr\u00e9 Rudaz<\/figcaption><\/figure>\n\n\n\n<figure class=\"wp-block-image size-full\"><a href=\"https:\/\/centcols.org\/nl\/util\/visuAlbum.php\/?album=00396-002\" target=\"_blank\" rel=\"noreferrer noopener\"><img loading=\"lazy\" decoding=\"async\" width=\"1024\" height=\"768\" data-id=\"88882\" src=\"https:\/\/centcols.org\/wp-content\/uploads\/2012\/04\/L01033.jpg\" alt=\"\" class=\"wp-image-88882\" srcset=\"https:\/\/centcols.org\/wp-content\/uploads\/2012\/04\/L01033.jpg 1024w, https:\/\/centcols.org\/wp-content\/uploads\/2012\/04\/L01033-768x576.jpg 768w\" sizes=\"auto, (max-width: 1024px) 100vw, 1024px\" \/><\/a><figcaption class=\"wp-element-caption\">Album door Daniel Beaujoin<\/figcaption><\/figure>\n\n\n\n<figure class=\"wp-block-image size-full\"><a href=\"https:\/\/centcols.org\/nl\/util\/visuAlbum.php\/?album=01420-006\" target=\"_blank\" rel=\"noreferrer noopener\"><img loading=\"lazy\" decoding=\"async\" width=\"800\" height=\"600\" data-id=\"88883\" src=\"https:\/\/centcols.org\/wp-content\/uploads\/2012\/04\/LM204.jpg\" alt=\"\" class=\"wp-image-88883\" srcset=\"https:\/\/centcols.org\/wp-content\/uploads\/2012\/04\/LM204.jpg 800w, https:\/\/centcols.org\/wp-content\/uploads\/2012\/04\/LM204-768x576.jpg 768w\" sizes=\"auto, (max-width: 800px) 100vw, 800px\" \/><\/a><figcaption class=\"wp-element-caption\">Album van Guy Cambess\u00e8d\u00e8s<\/figcaption><\/figure>\n\n\n\n<figure class=\"wp-block-image size-full\"><a href=\"https:\/\/centcols.org\/nl\/util\/visuAlbum.php\/?album=05193-004\" target=\"_blank\" rel=\"noreferrer noopener\"><img loading=\"lazy\" decoding=\"async\" width=\"1200\" height=\"675\" data-id=\"88884\" src=\"https:\/\/centcols.org\/wp-content\/uploads\/2012\/04\/L02028.jpg\" alt=\"\" class=\"wp-image-88884\" srcset=\"https:\/\/centcols.org\/wp-content\/uploads\/2012\/04\/L02028.jpg 1200w, https:\/\/centcols.org\/wp-content\/uploads\/2012\/04\/L02028-768x432.jpg 768w\" sizes=\"auto, (max-width: 1200px) 100vw, 1200px\" \/><\/a><figcaption class=\"wp-element-caption\">Album van Guy Harl\u00e9<\/figcaption><\/figure>\n\n\n\n<figure class=\"wp-block-image size-full\"><a href=\"https:\/\/centcols.org\/nl\/util\/visuAlbum.php\/?album=676-1\" target=\"_blank\" rel=\"noreferrer noopener\"><img loading=\"lazy\" decoding=\"async\" width=\"600\" height=\"450\" data-id=\"88886\" src=\"https:\/\/centcols.org\/wp-content\/uploads\/2012\/04\/LM010.jpg\" alt=\"\" class=\"wp-image-88886\"\/><\/a><figcaption class=\"wp-element-caption\">Album van Alain S\u00e9venier<\/figcaption><\/figure>\n\n\n\n<figure class=\"wp-block-image size-full\"><a href=\"https:\/\/centcols.org\/nl\/util\/visuAlbum.php\/?album=06862-004\" target=\"_blank\" rel=\"noreferrer noopener\"><img loading=\"lazy\" decoding=\"async\" width=\"640\" height=\"480\" data-id=\"88887\" src=\"https:\/\/centcols.org\/wp-content\/uploads\/2012\/04\/L03723-1.jpg\" alt=\"\" class=\"wp-image-88887\"\/><\/a><figcaption class=\"wp-element-caption\">Album van Philippe Marquet<\/figcaption><\/figure>\n\n\n\n<figure class=\"wp-block-image size-full\"><a href=\"https:\/\/centcols.org\/nl\/util\/visuAlbum.php\/?album=06382-001\" target=\"_blank\" rel=\"noreferrer noopener\"><img loading=\"lazy\" decoding=\"async\" width=\"1200\" height=\"900\" data-id=\"88889\" src=\"https:\/\/centcols.org\/wp-content\/uploads\/2012\/04\/L03424-1.jpg\" alt=\"\" class=\"wp-image-88889\" srcset=\"https:\/\/centcols.org\/wp-content\/uploads\/2012\/04\/L03424-1.jpg 1200w, https:\/\/centcols.org\/wp-content\/uploads\/2012\/04\/L03424-1-768x576.jpg 768w\" sizes=\"auto, (max-width: 1200px) 100vw, 1200px\" \/><\/a><figcaption class=\"wp-element-caption\">Album van Marie-France Martin<\/figcaption><\/figure>\n\n\n\n<figure class=\"wp-block-image size-full\"><a href=\"https:\/\/centcols.org\/nl\/util\/visuAlbum.php\/?album=06441-002\" target=\"_blank\" rel=\"noreferrer noopener\"><img loading=\"lazy\" decoding=\"async\" width=\"1200\" height=\"900\" data-id=\"88891\" src=\"https:\/\/centcols.org\/wp-content\/uploads\/2012\/04\/L020-2.jpg\" alt=\"\" class=\"wp-image-88891\" srcset=\"https:\/\/centcols.org\/wp-content\/uploads\/2012\/04\/L020-2.jpg 1200w, https:\/\/centcols.org\/wp-content\/uploads\/2012\/04\/L020-2-768x576.jpg 768w\" sizes=\"auto, (max-width: 1200px) 100vw, 1200px\" \/><\/a><figcaption class=\"wp-element-caption\">Album door Maryse Renaud<\/figcaption><\/figure>\n\n\n\n<figure class=\"wp-block-image size-full\"><a href=\"https:\/\/centcols.org\/nl\/util\/visuAlbum.php\/?album=0-2\" target=\"_blank\" rel=\"noreferrer noopener\"><img loading=\"lazy\" decoding=\"async\" width=\"1200\" height=\"900\" data-id=\"88893\" src=\"https:\/\/centcols.org\/wp-content\/uploads\/2012\/04\/L00416-1.jpg\" alt=\"\" class=\"wp-image-88893\" srcset=\"https:\/\/centcols.org\/wp-content\/uploads\/2012\/04\/L00416-1.jpg 1200w, https:\/\/centcols.org\/wp-content\/uploads\/2012\/04\/L00416-1-768x576.jpg 768w\" sizes=\"auto, (max-width: 1200px) 100vw, 1200px\" \/><\/a><figcaption class=\"wp-element-caption\">Album door Maria Geenens-Vanderstraeten<\/figcaption><\/figure>\n\n\n\n<figure class=\"wp-block-image size-full\"><a href=\"https:\/\/centcols.org\/nl\/util\/visuAlbum.php\/?album=0-1\" target=\"_blank\" rel=\"noreferrer noopener\"><img loading=\"lazy\" decoding=\"async\" width=\"1200\" height=\"797\" data-id=\"88894\" src=\"https:\/\/centcols.org\/wp-content\/uploads\/2012\/04\/L02827-1.jpg\" alt=\"\" class=\"wp-image-88894\" srcset=\"https:\/\/centcols.org\/wp-content\/uploads\/2012\/04\/L02827-1.jpg 1200w, https:\/\/centcols.org\/wp-content\/uploads\/2012\/04\/L02827-1-768x510.jpg 768w\" sizes=\"auto, (max-width: 1200px) 100vw, 1200px\" \/><\/a><figcaption class=\"wp-element-caption\">Christine Arbeid album<\/figcaption><\/figure>\n\n\n\n<figure class=\"wp-block-image size-full\"><a href=\"https:\/\/centcols.org\/nl\/util\/visuAlbum.php\/?album=01202-002\" target=\"_blank\" rel=\"noreferrer noopener\"><img loading=\"lazy\" decoding=\"async\" width=\"1200\" height=\"800\" data-id=\"88896\" src=\"https:\/\/centcols.org\/wp-content\/uploads\/2012\/04\/L019-1-1.jpg\" alt=\"\" class=\"wp-image-88896\" srcset=\"https:\/\/centcols.org\/wp-content\/uploads\/2012\/04\/L019-1-1.jpg 1200w, https:\/\/centcols.org\/wp-content\/uploads\/2012\/04\/L019-1-1-768x512.jpg 768w\" sizes=\"auto, (max-width: 1200px) 100vw, 1200px\" \/><\/a><figcaption class=\"wp-element-caption\">Album van Didier Remond<\/figcaption><\/figure>\n<\/figure>\n\n\n\n<p><\/p>","protected":false},"excerpt":{"rendered":"<p>Les vid\u00e9os Voir la version courte (12&prime;) Voir la version longue (33&prime;) Les photos Voir les albums en bas de page Pr\u00e9sentation Ce sera le massif des Bauges, situ\u00e9 en Savoie et Haute-Savoie dans le berceau du Club des Cent Cols, qui nous accueillera cet \u00e9t\u00e9. Une pr\u00e9sentation des circuits sera disponible ult\u00e9rieurement sur le [&hellip;]<\/p>\n","protected":false},"author":3,"featured_media":80517,"comment_status":"closed","ping_status":"closed","sticky":false,"template":"","format":"standard","meta":{"_acf_changed":false,"footnotes":""},"categories":[349,367,373,135,419,231],"tags":[],"class_list":["post-80516","post","type-post","status-publish","format-standard","has-post-thumbnail","hentry","category-france-pays-sejours","category-auvergne-rhone-alpes-region-sejours","category-alpes-francaises-du-nord-massif-sejours","category-calendrier","category-73-savoie","category-sejours"],"acf":[],"yoast_head":"<!-- This site is optimized with the Yoast SEO plugin v27.2 - https:\/\/yoast.com\/product\/yoast-seo-wordpress\/ -->\n<title>Concentration internationale et 40\u00e8me anniversaire de la Confr\u00e9rie au col de Plainpalais le 4 ao\u00fbt Rassemblement \u00e0 Lescheraines (73) du 29 juillet au 5 ao\u00fbt 2012 - Club des Cent Cols<\/title>\n<meta name=\"robots\" content=\"index, follow, max-snippet:-1, max-image-preview:large, max-video-preview:-1\" \/>\n<link rel=\"canonical\" href=\"https:\/\/centcols.org\/nl\/verblijf-2012-lescheraines\/\" \/>\n<meta property=\"og:locale\" content=\"nl_BE\" \/>\n<meta property=\"og:type\" content=\"article\" \/>\n<meta property=\"og:title\" content=\"Concentration internationale et 40\u00e8me anniversaire de la Confr\u00e9rie au col de Plainpalais le 4 ao\u00fbt Rassemblement \u00e0 Lescheraines (73) du 29 juillet au 5 ao\u00fbt 2012 - Club des Cent Cols\" \/>\n<meta property=\"og:description\" content=\"Les vid\u00e9os Voir la version courte (12&prime;) Voir la version longue (33&prime;) Les photos Voir les albums en bas de page Pr\u00e9sentation Ce sera le massif des Bauges, situ\u00e9 en Savoie et Haute-Savoie dans le berceau du Club des Cent Cols, qui nous accueillera cet \u00e9t\u00e9. Une pr\u00e9sentation des circuits sera disponible ult\u00e9rieurement sur le [&hellip;]\" \/>\n<meta property=\"og:url\" content=\"https:\/\/centcols.org\/nl\/verblijf-2012-lescheraines\/\" \/>\n<meta property=\"og:site_name\" content=\"Club des Cent Cols\" \/>\n<meta property=\"article:publisher\" content=\"https:\/\/www.facebook.com\/groups\/5261880558\/?locale=fr_FR\" \/>\n<meta property=\"article:published_time\" content=\"2012-04-23T08:11:11+00:00\" \/>\n<meta property=\"article:modified_time\" content=\"2025-09-02T07:43:27+00:00\" \/>\n<meta property=\"og:image\" content=\"https:\/\/centcols.org\/wp-content\/uploads\/2025\/05\/L04117-e1443708157118.jpg\" \/>\n\t<meta property=\"og:image:width\" content=\"640\" \/>\n\t<meta property=\"og:image:height\" content=\"480\" \/>\n\t<meta property=\"og:image:type\" content=\"image\/jpeg\" \/>\n<meta name=\"author\" content=\"Webmestre\" \/>\n<meta name=\"twitter:card\" content=\"summary_large_image\" \/>\n<meta name=\"twitter:label1\" content=\"Geschreven door\" \/>\n\t<meta name=\"twitter:data1\" content=\"Webmestre\" \/>\n\t<meta name=\"twitter:label2\" content=\"Geschatte leestijd\" \/>\n\t<meta name=\"twitter:data2\" content=\"13 minuten\" \/>\n<script type=\"application\/ld+json\" class=\"yoast-schema-graph\">{\"@context\":\"https:\/\/schema.org\",\"@graph\":[{\"@type\":\"Article\",\"@id\":\"https:\/\/centcols.org\/sejour-2012-lescheraines\/#article\",\"isPartOf\":{\"@id\":\"https:\/\/centcols.org\/sejour-2012-lescheraines\/\"},\"author\":{\"name\":\"Webmestre\",\"@id\":\"https:\/\/centcols.org\/#\/schema\/person\/911b404fb133d8c913dd27cdcf71c8e5\"},\"headline\":\"Concentration internationale et 40\u00e8me anniversaire de la Confr\u00e9rie au col de Plainpalais le 4 ao\u00fbt Rassemblement \u00e0 Lescheraines (73) du 29 juillet au 5 ao\u00fbt 2012\",\"datePublished\":\"2012-04-23T08:11:11+00:00\",\"dateModified\":\"2025-09-02T07:43:27+00:00\",\"mainEntityOfPage\":{\"@id\":\"https:\/\/centcols.org\/sejour-2012-lescheraines\/\"},\"wordCount\":1821,\"publisher\":{\"@id\":\"https:\/\/centcols.org\/#organization\"},\"image\":{\"@id\":\"https:\/\/centcols.org\/sejour-2012-lescheraines\/#primaryimage\"},\"thumbnailUrl\":\"https:\/\/centcols.org\/wp-content\/uploads\/2025\/05\/L04117-e1443708157118.jpg\",\"articleSection\":[\"France\",\"Auvergne-Rh\u00f4ne-Alpes\",\"Alpes fran\u00e7aises du Nord\",\"Calendrier\",\"73-Savoie\",\"S\u00e9jours du Club des Cent Cols\"],\"inLanguage\":\"nl-BE\"},{\"@type\":\"WebPage\",\"@id\":\"https:\/\/centcols.org\/sejour-2012-lescheraines\/\",\"url\":\"https:\/\/centcols.org\/sejour-2012-lescheraines\/\",\"name\":\"Concentration internationale et 40\u00e8me anniversaire de la Confr\u00e9rie au col de Plainpalais le 4 ao\u00fbt Rassemblement \u00e0 Lescheraines (73) du 29 juillet au 5 ao\u00fbt 2012 - Club des Cent Cols\",\"isPartOf\":{\"@id\":\"https:\/\/centcols.org\/#website\"},\"primaryImageOfPage\":{\"@id\":\"https:\/\/centcols.org\/sejour-2012-lescheraines\/#primaryimage\"},\"image\":{\"@id\":\"https:\/\/centcols.org\/sejour-2012-lescheraines\/#primaryimage\"},\"thumbnailUrl\":\"https:\/\/centcols.org\/wp-content\/uploads\/2025\/05\/L04117-e1443708157118.jpg\",\"datePublished\":\"2012-04-23T08:11:11+00:00\",\"dateModified\":\"2025-09-02T07:43:27+00:00\",\"breadcrumb\":{\"@id\":\"https:\/\/centcols.org\/sejour-2012-lescheraines\/#breadcrumb\"},\"inLanguage\":\"nl-BE\",\"potentialAction\":[{\"@type\":\"ReadAction\",\"target\":[\"https:\/\/centcols.org\/sejour-2012-lescheraines\/\"]}]},{\"@type\":\"ImageObject\",\"inLanguage\":\"nl-BE\",\"@id\":\"https:\/\/centcols.org\/sejour-2012-lescheraines\/#primaryimage\",\"url\":\"https:\/\/centcols.org\/wp-content\/uploads\/2025\/05\/L04117-e1443708157118.jpg\",\"contentUrl\":\"https:\/\/centcols.org\/wp-content\/uploads\/2025\/05\/L04117-e1443708157118.jpg\",\"width\":640,\"height\":480},{\"@type\":\"BreadcrumbList\",\"@id\":\"https:\/\/centcols.org\/sejour-2012-lescheraines\/#breadcrumb\",\"itemListElement\":[{\"@type\":\"ListItem\",\"position\":1,\"name\":\"Accueil\",\"item\":\"https:\/\/centcols.org\/\"},{\"@type\":\"ListItem\",\"position\":2,\"name\":\"S\u00e9jours du Club des Cent Cols\",\"item\":\"https:\/\/centcols.org\/rubrique\/sejours\/\"},{\"@type\":\"ListItem\",\"position\":3,\"name\":\"Pays\",\"item\":\"https:\/\/centcols.org\/rubrique\/sejours\/pays-sejours\/\"},{\"@type\":\"ListItem\",\"position\":4,\"name\":\"France\",\"item\":\"https:\/\/centcols.org\/rubrique\/sejours\/pays-sejours\/france-pays-sejours\/\"},{\"@type\":\"ListItem\",\"position\":5,\"name\":\"Concentration internationale et 40\u00e8me anniversaire de la Confr\u00e9rie au col de Plainpalais le 4 ao\u00fbt Rassemblement \u00e0 Lescheraines (73) du 29 juillet au 5 ao\u00fbt 2012\"}]},{\"@type\":\"WebSite\",\"@id\":\"https:\/\/centcols.org\/#website\",\"url\":\"https:\/\/centcols.org\/\",\"name\":\"Club des Cent Cols\",\"description\":\"\",\"publisher\":{\"@id\":\"https:\/\/centcols.org\/#organization\"},\"potentialAction\":[{\"@type\":\"SearchAction\",\"target\":{\"@type\":\"EntryPoint\",\"urlTemplate\":\"https:\/\/centcols.org\/?s={search_term_string}\"},\"query-input\":{\"@type\":\"PropertyValueSpecification\",\"valueRequired\":true,\"valueName\":\"search_term_string\"}}],\"inLanguage\":\"nl-BE\"},{\"@type\":\"Organization\",\"@id\":\"https:\/\/centcols.org\/#organization\",\"name\":\"Club des Cent Cols\",\"url\":\"https:\/\/centcols.org\/\",\"logo\":{\"@type\":\"ImageObject\",\"inLanguage\":\"nl-BE\",\"@id\":\"https:\/\/centcols.org\/#\/schema\/logo\/image\/\",\"url\":\"https:\/\/centcols.org\/wp-content\/uploads\/2025\/01\/carte-icone.png\",\"contentUrl\":\"https:\/\/centcols.org\/wp-content\/uploads\/2025\/01\/carte-icone.png\",\"width\":250,\"height\":250,\"caption\":\"Club des Cent Cols\"},\"image\":{\"@id\":\"https:\/\/centcols.org\/#\/schema\/logo\/image\/\"},\"sameAs\":[\"https:\/\/www.facebook.com\/groups\/5261880558\/?locale=fr_FR\"]},{\"@type\":\"Person\",\"@id\":\"https:\/\/centcols.org\/#\/schema\/person\/911b404fb133d8c913dd27cdcf71c8e5\",\"name\":\"Webmestre\",\"image\":{\"@type\":\"ImageObject\",\"inLanguage\":\"nl-BE\",\"@id\":\"https:\/\/centcols.org\/wp-content\/litespeed\/avatar\/2d246e4b6b4f773e08515e1ffc53690b.jpg?ver=1777222892\",\"url\":\"https:\/\/centcols.org\/wp-content\/litespeed\/avatar\/2d246e4b6b4f773e08515e1ffc53690b.jpg?ver=1777222892\",\"contentUrl\":\"https:\/\/centcols.org\/wp-content\/litespeed\/avatar\/2d246e4b6b4f773e08515e1ffc53690b.jpg?ver=1777222892\",\"caption\":\"Webmestre\"},\"url\":\"https:\/\/centcols.org\/nl\/author\/webmestre\/\"}]}<\/script>\n<!-- \/ Yoast SEO plugin. -->","yoast_head_json":{"title":"Internationale concentratie en 40ste verjaardag van de Confr\u00e9rie op de Col de Plainpalais op 4 augustus Bijeenkomst in Lescheraines (73) van 29 juli tot 5 augustus 2012 - Club des Cent Cols","robots":{"index":"index","follow":"follow","max-snippet":"max-snippet:-1","max-image-preview":"max-image-preview:large","max-video-preview":"max-video-preview:-1"},"canonical":"https:\/\/centcols.org\/nl\/verblijf-2012-lescheraines\/","og_locale":"nl_BE","og_type":"article","og_title":"Concentration internationale et 40\u00e8me anniversaire de la Confr\u00e9rie au col de Plainpalais le 4 ao\u00fbt Rassemblement \u00e0 Lescheraines (73) du 29 juillet au 5 ao\u00fbt 2012 - Club des Cent Cols","og_description":"Les vid\u00e9os Voir la version courte (12&prime;) Voir la version longue (33&prime;) Les photos Voir les albums en bas de page Pr\u00e9sentation Ce sera le massif des Bauges, situ\u00e9 en Savoie et Haute-Savoie dans le berceau du Club des Cent Cols, qui nous accueillera cet \u00e9t\u00e9. Une pr\u00e9sentation des circuits sera disponible ult\u00e9rieurement sur le [&hellip;]","og_url":"https:\/\/centcols.org\/nl\/verblijf-2012-lescheraines\/","og_site_name":"Club des Cent Cols","article_publisher":"https:\/\/www.facebook.com\/groups\/5261880558\/?locale=fr_FR","article_published_time":"2012-04-23T08:11:11+00:00","article_modified_time":"2025-09-02T07:43:27+00:00","og_image":[{"width":640,"height":480,"url":"https:\/\/centcols.org\/wp-content\/uploads\/2025\/05\/L04117-e1443708157118.jpg","type":"image\/jpeg"}],"author":"Webmestre","twitter_card":"summary_large_image","twitter_misc":{"Geschreven door":"Webmestre","Geschatte leestijd":"13 minuten"},"schema":{"@context":"https:\/\/schema.org","@graph":[{"@type":"Article","@id":"https:\/\/centcols.org\/sejour-2012-lescheraines\/#article","isPartOf":{"@id":"https:\/\/centcols.org\/sejour-2012-lescheraines\/"},"author":{"name":"Webmestre","@id":"https:\/\/centcols.org\/#\/schema\/person\/911b404fb133d8c913dd27cdcf71c8e5"},"headline":"Concentration internationale et 40\u00e8me anniversaire de la Confr\u00e9rie au col de Plainpalais le 4 ao\u00fbt Rassemblement \u00e0 Lescheraines (73) du 29 juillet au 5 ao\u00fbt 2012","datePublished":"2012-04-23T08:11:11+00:00","dateModified":"2025-09-02T07:43:27+00:00","mainEntityOfPage":{"@id":"https:\/\/centcols.org\/sejour-2012-lescheraines\/"},"wordCount":1821,"publisher":{"@id":"https:\/\/centcols.org\/#organization"},"image":{"@id":"https:\/\/centcols.org\/sejour-2012-lescheraines\/#primaryimage"},"thumbnailUrl":"https:\/\/centcols.org\/wp-content\/uploads\/2025\/05\/L04117-e1443708157118.jpg","articleSection":["France","Auvergne-Rh\u00f4ne-Alpes","Alpes fran\u00e7aises du Nord","Calendrier","73-Savoie","S\u00e9jours du Club des Cent Cols"],"inLanguage":"nl-BE"},{"@type":"WebPage","@id":"https:\/\/centcols.org\/sejour-2012-lescheraines\/","url":"https:\/\/centcols.org\/sejour-2012-lescheraines\/","name":"Internationale concentratie en 40ste verjaardag van de Confr\u00e9rie op de Col de Plainpalais op 4 augustus Bijeenkomst in Lescheraines (73) van 29 juli tot 5 augustus 2012 - Club des Cent Cols","isPartOf":{"@id":"https:\/\/centcols.org\/#website"},"primaryImageOfPage":{"@id":"https:\/\/centcols.org\/sejour-2012-lescheraines\/#primaryimage"},"image":{"@id":"https:\/\/centcols.org\/sejour-2012-lescheraines\/#primaryimage"},"thumbnailUrl":"https:\/\/centcols.org\/wp-content\/uploads\/2025\/05\/L04117-e1443708157118.jpg","datePublished":"2012-04-23T08:11:11+00:00","dateModified":"2025-09-02T07:43:27+00:00","breadcrumb":{"@id":"https:\/\/centcols.org\/sejour-2012-lescheraines\/#breadcrumb"},"inLanguage":"nl-BE","potentialAction":[{"@type":"ReadAction","target":["https:\/\/centcols.org\/sejour-2012-lescheraines\/"]}]},{"@type":"ImageObject","inLanguage":"nl-BE","@id":"https:\/\/centcols.org\/sejour-2012-lescheraines\/#primaryimage","url":"https:\/\/centcols.org\/wp-content\/uploads\/2025\/05\/L04117-e1443708157118.jpg","contentUrl":"https:\/\/centcols.org\/wp-content\/uploads\/2025\/05\/L04117-e1443708157118.jpg","width":640,"height":480},{"@type":"BreadcrumbList","@id":"https:\/\/centcols.org\/sejour-2012-lescheraines\/#breadcrumb","itemListElement":[{"@type":"ListItem","position":1,"name":"Accueil","item":"https:\/\/centcols.org\/"},{"@type":"ListItem","position":2,"name":"S\u00e9jours du Club des Cent Cols","item":"https:\/\/centcols.org\/rubrique\/sejours\/"},{"@type":"ListItem","position":3,"name":"Pays","item":"https:\/\/centcols.org\/rubrique\/sejours\/pays-sejours\/"},{"@type":"ListItem","position":4,"name":"France","item":"https:\/\/centcols.org\/rubrique\/sejours\/pays-sejours\/france-pays-sejours\/"},{"@type":"ListItem","position":5,"name":"Concentration internationale et 40\u00e8me anniversaire de la Confr\u00e9rie au col de Plainpalais le 4 ao\u00fbt Rassemblement \u00e0 Lescheraines (73) du 29 juillet au 5 ao\u00fbt 2012"}]},{"@type":"WebSite","@id":"https:\/\/centcols.org\/#website","url":"https:\/\/centcols.org\/","name":"Club van Cent Cols","description":"","publisher":{"@id":"https:\/\/centcols.org\/#organization"},"potentialAction":[{"@type":"SearchAction","target":{"@type":"EntryPoint","urlTemplate":"https:\/\/centcols.org\/?s={search_term_string}"},"query-input":{"@type":"PropertyValueSpecification","valueRequired":true,"valueName":"search_term_string"}}],"inLanguage":"nl-BE"},{"@type":"Organization","@id":"https:\/\/centcols.org\/#organization","name":"Club van Cent Cols","url":"https:\/\/centcols.org\/","logo":{"@type":"ImageObject","inLanguage":"nl-BE","@id":"https:\/\/centcols.org\/#\/schema\/logo\/image\/","url":"https:\/\/centcols.org\/wp-content\/uploads\/2025\/01\/carte-icone.png","contentUrl":"https:\/\/centcols.org\/wp-content\/uploads\/2025\/01\/carte-icone.png","width":250,"height":250,"caption":"Club des Cent Cols"},"image":{"@id":"https:\/\/centcols.org\/#\/schema\/logo\/image\/"},"sameAs":["https:\/\/www.facebook.com\/groups\/5261880558\/?locale=fr_FR"]},{"@type":"Person","@id":"https:\/\/centcols.org\/#\/schema\/person\/911b404fb133d8c913dd27cdcf71c8e5","name":"Webmaster","image":{"@type":"ImageObject","inLanguage":"nl-BE","@id":"https:\/\/centcols.org\/wp-content\/litespeed\/avatar\/2d246e4b6b4f773e08515e1ffc53690b.jpg?ver=1777222892","url":"https:\/\/centcols.org\/wp-content\/litespeed\/avatar\/2d246e4b6b4f773e08515e1ffc53690b.jpg?ver=1777222892","contentUrl":"https:\/\/centcols.org\/wp-content\/litespeed\/avatar\/2d246e4b6b4f773e08515e1ffc53690b.jpg?ver=1777222892","caption":"Webmestre"},"url":"https:\/\/centcols.org\/nl\/author\/webmestre\/"}]}},"_links":{"self":[{"href":"https:\/\/centcols.org\/nl\/wp-json\/wp\/v2\/posts\/80516","targetHints":{"allow":["GET"]}}],"collection":[{"href":"https:\/\/centcols.org\/nl\/wp-json\/wp\/v2\/posts"}],"about":[{"href":"https:\/\/centcols.org\/nl\/wp-json\/wp\/v2\/types\/post"}],"author":[{"embeddable":true,"href":"https:\/\/centcols.org\/nl\/wp-json\/wp\/v2\/users\/3"}],"replies":[{"embeddable":true,"href":"https:\/\/centcols.org\/nl\/wp-json\/wp\/v2\/comments?post=80516"}],"version-history":[{"count":0,"href":"https:\/\/centcols.org\/nl\/wp-json\/wp\/v2\/posts\/80516\/revisions"}],"wp:featuredmedia":[{"embeddable":true,"href":"https:\/\/centcols.org\/nl\/wp-json\/wp\/v2\/media\/80517"}],"wp:attachment":[{"href":"https:\/\/centcols.org\/nl\/wp-json\/wp\/v2\/media?parent=80516"}],"wp:term":[{"taxonomy":"category","embeddable":true,"href":"https:\/\/centcols.org\/nl\/wp-json\/wp\/v2\/categories?post=80516"},{"taxonomy":"post_tag","embeddable":true,"href":"https:\/\/centcols.org\/nl\/wp-json\/wp\/v2\/tags?post=80516"}],"curies":[{"name":"wp","href":"https:\/\/api.w.org\/{rel}","templated":true}]}}