{"id":80598,"date":"2015-04-14T14:48:53","date_gmt":"2015-04-14T12:48:53","guid":{"rendered":"https:\/\/centcols.org\/concentration-2014-drome-ardeche-vaucluse\/"},"modified":"2025-08-17T11:15:37","modified_gmt":"2025-08-17T09:15:37","slug":"drome-ardeche-vaucluse-2014-de-lijn","status":"publish","type":"post","link":"https:\/\/centcols.org\/nl\/drome-ardeche-vaucluse-2014-la-ligne\/","title":{"rendered":"2014 Dr\u00f4me, Ard\u00e8che, Vaucluse Bijeenkomst"},"content":{"rendered":"<p>Le rassemblement aura lieu au col de la Ligne <a class=\"iframe-fancybox\" title=\"Col de la Ligne\" href=\"https:\/\/centcols.org\/util\/geo\/visuFR.php?code=FR-84-0756\" target=\"_blank\" rel=\"noopener\">FR-84-0756<\/a>, de 11h \u00e0 15h pour partager le pain et le fromage.<br \/>\nCasse-cro\u00fbte tir\u00e9 du sac, bonne humeur au guidon!<\/p>\n<p>Un <a class=\"iframe-fancybox\" href=\"\/membres\/cctours\/tours.php?lieu=Ligne&amp;an=2014&amp;genre=R\" target=\"_blank\" rel=\"noopener\">parcours routier<\/a> de 60 km avec 5 ou 6 cols et 700 m de d\u00e9nivellation est propos\u00e9, avec un rendez-vous \u00e0 8h30 \u00e0 Villes-sur-Auzon.<\/p>\n<p>Un <a class=\"iframe-fancybox\" href=\"\/membres\/cctours\/tours.php?lieu=Ligne&amp;an=2014&amp;genre=V\" target=\"_blank\" rel=\"noopener\">parcours VTT<\/a> de 42 km avec 5 cols et 1000 m de d\u00e9nivellation est \u00e9galement propos\u00e9, avec d\u00e9part au col de la Ligui\u00e8re <a class=\"iframe-fancybox\" href=\"https:\/\/centcols.org\/util\/geo\/visuFR.php?code=FR-84-0998\" target=\"_blank\" rel=\"noopener\">FR-84-0998<\/a>.<\/p>\n<p>Pensez \u00e0 vous inscrire afin de faciliter l&rsquo;organisation.<\/p>\n<h3>Contacts<\/h3>\n<p>Mikael Vialle [email]&#x6d;&#105;&#x6b;&#97;e&#x6c;&#102;l&#x65;&#99;&#x68;&#x65;3&#x40;&#121;a&#x68;&#111;&#x6f;&#x2e;f&#x72;[\/email], t\u00e9l. 06.69.59.27.11<br \/>\nJean-Marie Gilouin [email]&#x62;&#106;m&#x2e;&#99;e&#x6e;&#x74;&#99;&#x6f;&#x6c;&#115;&#64;&#x67;&#109;a&#x69;&#x6c;&#46;&#x63;&#x6f;&#109;[\/email]<\/p>\n","protected":false},"excerpt":{"rendered":"<p>Le rassemblement aura lieu au col de la Ligne FR-84-0756, de 11h \u00e0 15h pour partager le pain et le fromage. Casse-cro\u00fbte tir\u00e9 du sac, bonne humeur au guidon! Un parcours routier de 60 km avec 5 ou 6 cols et 700 m de d\u00e9nivellation est propos\u00e9, avec un rendez-vous \u00e0 8h30 \u00e0 Villes-sur-Auzon. Un [&hellip;]<\/p>\n","protected":false},"author":2,"featured_media":0,"comment_status":"closed","ping_status":"open","sticky":false,"template":"","format":"standard","meta":{"_acf_changed":false,"footnotes":""},"categories":[233,216],"tags":[],"class_list":["post-80598","post","type-post","status-publish","format-standard","hentry","category-les-rassemblements-de-2014","category-rencontres-regionales"],"acf":[],"yoast_head":"<!-- This site is optimized with the Yoast SEO plugin v27.2 - https:\/\/yoast.com\/product\/yoast-seo-wordpress\/ -->\n<title>Rassemblement 2014 Dr\u00f4me, Ard\u00e8che, Vaucluse - Club des Cent Cols<\/title>\n<meta name=\"robots\" content=\"index, follow, max-snippet:-1, max-image-preview:large, max-video-preview:-1\" \/>\n<link rel=\"canonical\" href=\"https:\/\/centcols.org\/nl\/drome-ardeche-vaucluse-2014-de-lijn\/\" \/>\n<meta property=\"og:locale\" content=\"nl_BE\" \/>\n<meta property=\"og:type\" content=\"article\" \/>\n<meta property=\"og:title\" content=\"Rassemblement 2014 Dr\u00f4me, Ard\u00e8che, Vaucluse - Club des Cent Cols\" \/>\n<meta property=\"og:description\" content=\"Le rassemblement aura lieu au col de la Ligne FR-84-0756, de 11h \u00e0 15h pour partager le pain et le fromage. Casse-cro\u00fbte tir\u00e9 du sac, bonne humeur au guidon! Un parcours routier de 60 km avec 5 ou 6 cols et 700 m de d\u00e9nivellation est propos\u00e9, avec un rendez-vous \u00e0 8h30 \u00e0 Villes-sur-Auzon. Un [&hellip;]\" \/>\n<meta property=\"og:url\" content=\"https:\/\/centcols.org\/nl\/drome-ardeche-vaucluse-2014-de-lijn\/\" \/>\n<meta property=\"og:site_name\" content=\"Club des Cent Cols\" \/>\n<meta property=\"article:publisher\" content=\"https:\/\/www.facebook.com\/groups\/5261880558\/?locale=fr_FR\" \/>\n<meta property=\"article:published_time\" content=\"2015-04-14T12:48:53+00:00\" \/>\n<meta property=\"article:modified_time\" content=\"2025-08-17T09:15:37+00:00\" \/>\n<meta name=\"author\" content=\"fabien\" \/>\n<meta name=\"twitter:card\" content=\"summary_large_image\" \/>\n<meta name=\"twitter:label1\" content=\"Geschreven door\" \/>\n\t<meta name=\"twitter:data1\" content=\"fabien\" \/>\n\t<meta name=\"twitter:label2\" content=\"Geschatte leestijd\" \/>\n\t<meta name=\"twitter:data2\" content=\"1 minuut\" \/>\n<script type=\"application\/ld+json\" class=\"yoast-schema-graph\">{\"@context\":\"https:\/\/schema.org\",\"@graph\":[{\"@type\":\"Article\",\"@id\":\"https:\/\/centcols.org\/drome-ardeche-vaucluse-2014-la-ligne\/#article\",\"isPartOf\":{\"@id\":\"https:\/\/centcols.org\/drome-ardeche-vaucluse-2014-la-ligne\/\"},\"author\":{\"name\":\"fabien\",\"@id\":\"https:\/\/centcols.org\/#\/schema\/person\/fcdb31e57ffa95295c9683ffdda82afa\"},\"headline\":\"Rassemblement 2014 Dr\u00f4me, Ard\u00e8che, Vaucluse\",\"datePublished\":\"2015-04-14T12:48:53+00:00\",\"dateModified\":\"2025-08-17T09:15:37+00:00\",\"mainEntityOfPage\":{\"@id\":\"https:\/\/centcols.org\/drome-ardeche-vaucluse-2014-la-ligne\/\"},\"wordCount\":108,\"publisher\":{\"@id\":\"https:\/\/centcols.org\/#organization\"},\"articleSection\":[\"2014-rassemblements\",\"Rencontres r\u00e9gionales\"],\"inLanguage\":\"nl-BE\"},{\"@type\":\"WebPage\",\"@id\":\"https:\/\/centcols.org\/drome-ardeche-vaucluse-2014-la-ligne\/\",\"url\":\"https:\/\/centcols.org\/drome-ardeche-vaucluse-2014-la-ligne\/\",\"name\":\"Rassemblement 2014 Dr\u00f4me, Ard\u00e8che, Vaucluse - Club des Cent Cols\",\"isPartOf\":{\"@id\":\"https:\/\/centcols.org\/#website\"},\"datePublished\":\"2015-04-14T12:48:53+00:00\",\"dateModified\":\"2025-08-17T09:15:37+00:00\",\"breadcrumb\":{\"@id\":\"https:\/\/centcols.org\/drome-ardeche-vaucluse-2014-la-ligne\/#breadcrumb\"},\"inLanguage\":\"nl-BE\",\"potentialAction\":[{\"@type\":\"ReadAction\",\"target\":[\"https:\/\/centcols.org\/drome-ardeche-vaucluse-2014-la-ligne\/\"]}]},{\"@type\":\"BreadcrumbList\",\"@id\":\"https:\/\/centcols.org\/drome-ardeche-vaucluse-2014-la-ligne\/#breadcrumb\",\"itemListElement\":[{\"@type\":\"ListItem\",\"position\":1,\"name\":\"Accueil\",\"item\":\"https:\/\/centcols.org\/\"},{\"@type\":\"ListItem\",\"position\":2,\"name\":\"Rencontres r\u00e9gionales\",\"item\":\"https:\/\/centcols.org\/rubrique\/rencontres-regionales\/\"},{\"@type\":\"ListItem\",\"position\":3,\"name\":\"2014-rassemblements\",\"item\":\"https:\/\/centcols.org\/rubrique\/rencontres-regionales\/les-rassemblements-de-2014\/\"},{\"@type\":\"ListItem\",\"position\":4,\"name\":\"Rassemblement 2014 Dr\u00f4me, Ard\u00e8che, Vaucluse\"}]},{\"@type\":\"WebSite\",\"@id\":\"https:\/\/centcols.org\/#website\",\"url\":\"https:\/\/centcols.org\/\",\"name\":\"Club des Cent Cols\",\"description\":\"\",\"publisher\":{\"@id\":\"https:\/\/centcols.org\/#organization\"},\"potentialAction\":[{\"@type\":\"SearchAction\",\"target\":{\"@type\":\"EntryPoint\",\"urlTemplate\":\"https:\/\/centcols.org\/?s={search_term_string}\"},\"query-input\":{\"@type\":\"PropertyValueSpecification\",\"valueRequired\":true,\"valueName\":\"search_term_string\"}}],\"inLanguage\":\"nl-BE\"},{\"@type\":\"Organization\",\"@id\":\"https:\/\/centcols.org\/#organization\",\"name\":\"Club des Cent Cols\",\"url\":\"https:\/\/centcols.org\/\",\"logo\":{\"@type\":\"ImageObject\",\"inLanguage\":\"nl-BE\",\"@id\":\"https:\/\/centcols.org\/#\/schema\/logo\/image\/\",\"url\":\"https:\/\/centcols.org\/wp-content\/uploads\/2025\/01\/carte-icone.png\",\"contentUrl\":\"https:\/\/centcols.org\/wp-content\/uploads\/2025\/01\/carte-icone.png\",\"width\":250,\"height\":250,\"caption\":\"Club des Cent Cols\"},\"image\":{\"@id\":\"https:\/\/centcols.org\/#\/schema\/logo\/image\/\"},\"sameAs\":[\"https:\/\/www.facebook.com\/groups\/5261880558\/?locale=fr_FR\"]},{\"@type\":\"Person\",\"@id\":\"https:\/\/centcols.org\/#\/schema\/person\/fcdb31e57ffa95295c9683ffdda82afa\",\"name\":\"fabien\",\"image\":{\"@type\":\"ImageObject\",\"inLanguage\":\"nl-BE\",\"@id\":\"https:\/\/centcols.org\/wp-content\/litespeed\/avatar\/9065528d4c1ba02f0faf2b7616b2a195.jpg?ver=1777225983\",\"url\":\"https:\/\/centcols.org\/wp-content\/litespeed\/avatar\/9065528d4c1ba02f0faf2b7616b2a195.jpg?ver=1777225983\",\"contentUrl\":\"https:\/\/centcols.org\/wp-content\/litespeed\/avatar\/9065528d4c1ba02f0faf2b7616b2a195.jpg?ver=1777225983\",\"caption\":\"fabien\"},\"url\":\"https:\/\/centcols.org\/nl\/author\/fabien\/\"}]}<\/script>\n<!-- \/ Yoast SEO plugin. -->","yoast_head_json":{"title":"2014 Dr\u00f4me, Ard\u00e8che, Vaucluse - Club des Cent Cols","robots":{"index":"index","follow":"follow","max-snippet":"max-snippet:-1","max-image-preview":"max-image-preview:large","max-video-preview":"max-video-preview:-1"},"canonical":"https:\/\/centcols.org\/nl\/drome-ardeche-vaucluse-2014-de-lijn\/","og_locale":"nl_BE","og_type":"article","og_title":"Rassemblement 2014 Dr\u00f4me, Ard\u00e8che, Vaucluse - Club des Cent Cols","og_description":"Le rassemblement aura lieu au col de la Ligne FR-84-0756, de 11h \u00e0 15h pour partager le pain et le fromage. Casse-cro\u00fbte tir\u00e9 du sac, bonne humeur au guidon! Un parcours routier de 60 km avec 5 ou 6 cols et 700 m de d\u00e9nivellation est propos\u00e9, avec un rendez-vous \u00e0 8h30 \u00e0 Villes-sur-Auzon. Un [&hellip;]","og_url":"https:\/\/centcols.org\/nl\/drome-ardeche-vaucluse-2014-de-lijn\/","og_site_name":"Club des Cent Cols","article_publisher":"https:\/\/www.facebook.com\/groups\/5261880558\/?locale=fr_FR","article_published_time":"2015-04-14T12:48:53+00:00","article_modified_time":"2025-08-17T09:15:37+00:00","author":"fabien","twitter_card":"summary_large_image","twitter_misc":{"Geschreven door":"fabien","Geschatte leestijd":"1 minuut"},"schema":{"@context":"https:\/\/schema.org","@graph":[{"@type":"Article","@id":"https:\/\/centcols.org\/drome-ardeche-vaucluse-2014-la-ligne\/#article","isPartOf":{"@id":"https:\/\/centcols.org\/drome-ardeche-vaucluse-2014-la-ligne\/"},"author":{"name":"fabien","@id":"https:\/\/centcols.org\/#\/schema\/person\/fcdb31e57ffa95295c9683ffdda82afa"},"headline":"Rassemblement 2014 Dr\u00f4me, Ard\u00e8che, Vaucluse","datePublished":"2015-04-14T12:48:53+00:00","dateModified":"2025-08-17T09:15:37+00:00","mainEntityOfPage":{"@id":"https:\/\/centcols.org\/drome-ardeche-vaucluse-2014-la-ligne\/"},"wordCount":108,"publisher":{"@id":"https:\/\/centcols.org\/#organization"},"articleSection":["2014-rassemblements","Rencontres r\u00e9gionales"],"inLanguage":"nl-BE"},{"@type":"WebPage","@id":"https:\/\/centcols.org\/drome-ardeche-vaucluse-2014-la-ligne\/","url":"https:\/\/centcols.org\/drome-ardeche-vaucluse-2014-la-ligne\/","name":"2014 Dr\u00f4me, Ard\u00e8che, Vaucluse - Club des Cent Cols","isPartOf":{"@id":"https:\/\/centcols.org\/#website"},"datePublished":"2015-04-14T12:48:53+00:00","dateModified":"2025-08-17T09:15:37+00:00","breadcrumb":{"@id":"https:\/\/centcols.org\/drome-ardeche-vaucluse-2014-la-ligne\/#breadcrumb"},"inLanguage":"nl-BE","potentialAction":[{"@type":"ReadAction","target":["https:\/\/centcols.org\/drome-ardeche-vaucluse-2014-la-ligne\/"]}]},{"@type":"BreadcrumbList","@id":"https:\/\/centcols.org\/drome-ardeche-vaucluse-2014-la-ligne\/#breadcrumb","itemListElement":[{"@type":"ListItem","position":1,"name":"Accueil","item":"https:\/\/centcols.org\/"},{"@type":"ListItem","position":2,"name":"Rencontres r\u00e9gionales","item":"https:\/\/centcols.org\/rubrique\/rencontres-regionales\/"},{"@type":"ListItem","position":3,"name":"2014-rassemblements","item":"https:\/\/centcols.org\/rubrique\/rencontres-regionales\/les-rassemblements-de-2014\/"},{"@type":"ListItem","position":4,"name":"Rassemblement 2014 Dr\u00f4me, Ard\u00e8che, Vaucluse"}]},{"@type":"WebSite","@id":"https:\/\/centcols.org\/#website","url":"https:\/\/centcols.org\/","name":"Club van Cent Cols","description":"","publisher":{"@id":"https:\/\/centcols.org\/#organization"},"potentialAction":[{"@type":"SearchAction","target":{"@type":"EntryPoint","urlTemplate":"https:\/\/centcols.org\/?s={search_term_string}"},"query-input":{"@type":"PropertyValueSpecification","valueRequired":true,"valueName":"search_term_string"}}],"inLanguage":"nl-BE"},{"@type":"Organization","@id":"https:\/\/centcols.org\/#organization","name":"Club van Cent Cols","url":"https:\/\/centcols.org\/","logo":{"@type":"ImageObject","inLanguage":"nl-BE","@id":"https:\/\/centcols.org\/#\/schema\/logo\/image\/","url":"https:\/\/centcols.org\/wp-content\/uploads\/2025\/01\/carte-icone.png","contentUrl":"https:\/\/centcols.org\/wp-content\/uploads\/2025\/01\/carte-icone.png","width":250,"height":250,"caption":"Club des Cent Cols"},"image":{"@id":"https:\/\/centcols.org\/#\/schema\/logo\/image\/"},"sameAs":["https:\/\/www.facebook.com\/groups\/5261880558\/?locale=fr_FR"]},{"@type":"Person","@id":"https:\/\/centcols.org\/#\/schema\/person\/fcdb31e57ffa95295c9683ffdda82afa","name":"fabien","image":{"@type":"ImageObject","inLanguage":"nl-BE","@id":"https:\/\/centcols.org\/wp-content\/litespeed\/avatar\/9065528d4c1ba02f0faf2b7616b2a195.jpg?ver=1777225983","url":"https:\/\/centcols.org\/wp-content\/litespeed\/avatar\/9065528d4c1ba02f0faf2b7616b2a195.jpg?ver=1777225983","contentUrl":"https:\/\/centcols.org\/wp-content\/litespeed\/avatar\/9065528d4c1ba02f0faf2b7616b2a195.jpg?ver=1777225983","caption":"fabien"},"url":"https:\/\/centcols.org\/nl\/author\/fabien\/"}]}},"_links":{"self":[{"href":"https:\/\/centcols.org\/nl\/wp-json\/wp\/v2\/posts\/80598","targetHints":{"allow":["GET"]}}],"collection":[{"href":"https:\/\/centcols.org\/nl\/wp-json\/wp\/v2\/posts"}],"about":[{"href":"https:\/\/centcols.org\/nl\/wp-json\/wp\/v2\/types\/post"}],"author":[{"embeddable":true,"href":"https:\/\/centcols.org\/nl\/wp-json\/wp\/v2\/users\/2"}],"replies":[{"embeddable":true,"href":"https:\/\/centcols.org\/nl\/wp-json\/wp\/v2\/comments?post=80598"}],"version-history":[{"count":0,"href":"https:\/\/centcols.org\/nl\/wp-json\/wp\/v2\/posts\/80598\/revisions"}],"wp:attachment":[{"href":"https:\/\/centcols.org\/nl\/wp-json\/wp\/v2\/media?parent=80598"}],"wp:term":[{"taxonomy":"category","embeddable":true,"href":"https:\/\/centcols.org\/nl\/wp-json\/wp\/v2\/categories?post=80598"},{"taxonomy":"post_tag","embeddable":true,"href":"https:\/\/centcols.org\/nl\/wp-json\/wp\/v2\/tags?post=80598"}],"curies":[{"name":"wp","href":"https:\/\/api.w.org\/{rel}","templated":true}]}}