{"id":80631,"date":"2015-04-04T15:17:42","date_gmt":"2015-04-04T13:17:42","guid":{"rendered":"https:\/\/centcols.org\/concentration-regionale-cent-cols-alpes-du-nord-jura-sud-au-col-du-chaussy-le-20-juin-2015\/"},"modified":"2025-06-05T16:26:47","modified_gmt":"2025-06-05T14:26:47","slug":"concentratie-regionale-cent-cols-alpes-du-nord-jura-sud-op-col-du-chaussy-op-20-juni-2015","status":"publish","type":"post","link":"https:\/\/centcols.org\/nl\/concentration-regionale-cent-cols-alpes-du-nord-jura-sud-au-col-du-chaussy-le-20-juin-2015\/","title":{"rendered":"Cent Cols Alpes du nord \/ Jura sud regionale bijeenkomst op Col du Chaussy op 20 juni 2015"},"content":{"rendered":"<p><span style=\"text-decoration: underline;\"><a href=\"https:\/\/picasaweb.google.com\/109939753218813523591\/20150620Col_du_Chaussy#\" target=\"_blank\">Voir le diaporama <\/a><\/span>de Marc Liaudon (cc 289) et Guy Moreau (cc 7038) r\u00e9alis\u00e9 \u00e0 l&rsquo;occasion de cette rencontre<\/p>\n<p><a href=\"https:\/\/picasaweb.google.com\/lh\/sredir?uname=112352312025257270439&amp;target=ALBUM&amp;id=6164181930724707505&amp;authkey=Gv1sRgCNHm0au5172VfA&amp;feat=email\" target=\"_blank\">Diaporama<\/a> de Michel Racois (cc 4373)<span id=\"yui_3_16_0_1_1435212009862_6087\" style=\"font-size: small;\"><\/span><\/p>\n<p>Samedi 20 juin, Alpes Nord, Jura Sud<br \/>\nCol du Chaussy (FR-73-1533).<br \/>\nPour ceux qui le d\u00e9sirent, un rendez-vous est propos\u00e9 par R\u00e9gis Paraz \u00e0 8h30 place de la mairie \u00e0 La Chambre pour se rendre au col du Chaussy par les lacets de Montvernier avec un petit crochet au col du Ventour (FR-73-0780)<\/p>\n<p><img loading=\"lazy\" decoding=\"async\" src=\"https:\/\/centcols.org\/les_rendez-vous\/2015\/Regional\/AlpesNord\/chaussy.jpg\" alt=\"\" width=\"806\" height=\"606\" \/><\/p>\n<h2>Carte Interactive avec le trac\u00e9 GPX<\/h2>\n<p>[osm_map_v3 map_center=\u00a0\u00bb45.293,6.353&Prime; zoom=\u00a0\u00bb10&Prime; width=\u00a0\u00bb67%\u00a0\u00bb height=\u00a0\u00bb600&Prime; file_list=\u00a0\u00bbhttps:\/\/centcols.org\/wp-content\/uploads\/2015\/07\/Chaussy.gpx\u00a0\u00bb file_color_list=\u00a0\u00bbblue\u00a0\u00bb]<\/p>\n<p style=\"text-align: left;\"><a href=\"https:\/\/centcols.org\/wp-content\/uploads\/2015\/07\/Chaussy.gpx\">t\u00e9l\u00e9charger le fichier GPX<\/a><\/p>\n<h3>Contact<\/h3>\n<p>Bernard Vieillard<\/p>\n<p>04 79 09 16 54<\/p>\n<p>[email]b&#101;&#x72;&#x65;&#x67;7&#51;&#64;&#x6f;&#x72;a&#110;&#103;&#x65;&#x2e;fr[\/email]<\/p>\n<p>&nbsp;<\/p>\n<p><a id=\"Diaporama\"><\/a><a href=\"https:\/\/picasaweb.google.com\/109939753218813523591\/20150620Col_du_Chaussy#\" target=\"_blank\">Diaporama<\/a> de Marc Liaudon (cc 289) et Guy Moreau (cc 7038)<\/p>\n<p><a href=\"https:\/\/picasaweb.google.com\/lh\/sredir?uname=112352312025257270439&amp;target=ALBUM&amp;id=6164181930724707505&amp;authkey=Gv1sRgCNHm0au5172VfA&amp;feat=email\" target=\"_blank\">Daporama<\/a> de <span id=\"yui_3_16_0_1_1435212009862_6087\" style=\"font-size: small;\">Michel Racois \u00a0 (CC 4373)<\/span><\/p>\n","protected":false},"excerpt":{"rendered":"<p>Voir le diaporama de Marc Liaudon (cc 289) et Guy Moreau (cc 7038) r\u00e9alis\u00e9 \u00e0 l&rsquo;occasion de cette rencontre Diaporama de Michel Racois (cc 4373) Samedi 20 juin, Alpes Nord, Jura Sud Col du Chaussy (FR-73-1533). Pour ceux qui le d\u00e9sirent, un rendez-vous est propos\u00e9 par R\u00e9gis Paraz \u00e0 8h30 place de la mairie \u00e0 [&hellip;]<\/p>\n","protected":false},"author":2,"featured_media":0,"comment_status":"closed","ping_status":"open","sticky":false,"template":"","format":"standard","meta":{"_acf_changed":false,"footnotes":""},"categories":[135,234,216],"tags":[],"class_list":["post-80631","post","type-post","status-publish","format-standard","hentry","category-calendrier","category-les-rassemblements-de-2015","category-rencontres-regionales"],"acf":[],"yoast_head":"<!-- This site is optimized with the Yoast SEO plugin v27.2 - https:\/\/yoast.com\/product\/yoast-seo-wordpress\/ -->\n<title>Concentration r\u00e9gionale Cent Cols Alpes du nord \/ Jura sud au col du Chaussy le 20 juin 2015 - Club des Cent Cols<\/title>\n<meta name=\"robots\" content=\"index, follow, max-snippet:-1, max-image-preview:large, max-video-preview:-1\" \/>\n<link rel=\"canonical\" href=\"https:\/\/centcols.org\/nl\/concentratie-regionale-cent-cols-alpes-du-nord-jura-sud-op-col-du-chaussy-op-20-juni-2015\/\" \/>\n<meta property=\"og:locale\" content=\"nl_BE\" \/>\n<meta property=\"og:type\" content=\"article\" \/>\n<meta property=\"og:title\" content=\"Concentration r\u00e9gionale Cent Cols Alpes du nord \/ Jura sud au col du Chaussy le 20 juin 2015 - Club des Cent Cols\" \/>\n<meta property=\"og:description\" content=\"Voir le diaporama de Marc Liaudon (cc 289) et Guy Moreau (cc 7038) r\u00e9alis\u00e9 \u00e0 l&rsquo;occasion de cette rencontre Diaporama de Michel Racois (cc 4373) Samedi 20 juin, Alpes Nord, Jura Sud Col du Chaussy (FR-73-1533). Pour ceux qui le d\u00e9sirent, un rendez-vous est propos\u00e9 par R\u00e9gis Paraz \u00e0 8h30 place de la mairie \u00e0 [&hellip;]\" \/>\n<meta property=\"og:url\" content=\"https:\/\/centcols.org\/nl\/concentratie-regionale-cent-cols-alpes-du-nord-jura-sud-op-col-du-chaussy-op-20-juni-2015\/\" \/>\n<meta property=\"og:site_name\" content=\"Club des Cent Cols\" \/>\n<meta property=\"article:publisher\" content=\"https:\/\/www.facebook.com\/groups\/5261880558\/?locale=fr_FR\" \/>\n<meta property=\"article:published_time\" content=\"2015-04-04T13:17:42+00:00\" \/>\n<meta property=\"article:modified_time\" content=\"2025-06-05T14:26:47+00:00\" \/>\n<meta property=\"og:image\" content=\"https:\/\/centcols.org\/wp-content\/uploads\/2025\/05\/001.jpg\" \/>\n\t<meta property=\"og:image:width\" content=\"800\" \/>\n\t<meta property=\"og:image:height\" content=\"600\" \/>\n\t<meta property=\"og:image:type\" content=\"image\/jpeg\" \/>\n<meta name=\"author\" content=\"fabien\" \/>\n<meta name=\"twitter:card\" content=\"summary_large_image\" \/>\n<meta name=\"twitter:label1\" content=\"Geschreven door\" \/>\n\t<meta name=\"twitter:data1\" content=\"fabien\" \/>\n\t<meta name=\"twitter:label2\" content=\"Geschatte leestijd\" \/>\n\t<meta name=\"twitter:data2\" content=\"2 minuten\" \/>\n<script type=\"application\/ld+json\" class=\"yoast-schema-graph\">{\"@context\":\"https:\/\/schema.org\",\"@graph\":[{\"@type\":\"Article\",\"@id\":\"https:\/\/centcols.org\/concentration-regionale-cent-cols-alpes-du-nord-jura-sud-au-col-du-chaussy-le-20-juin-2015\/#article\",\"isPartOf\":{\"@id\":\"https:\/\/centcols.org\/concentration-regionale-cent-cols-alpes-du-nord-jura-sud-au-col-du-chaussy-le-20-juin-2015\/\"},\"author\":{\"name\":\"fabien\",\"@id\":\"https:\/\/centcols.org\/#\/schema\/person\/fcdb31e57ffa95295c9683ffdda82afa\"},\"headline\":\"Concentration r\u00e9gionale Cent Cols Alpes du nord \/ Jura sud au col du Chaussy le 20 juin 2015\",\"datePublished\":\"2015-04-04T13:17:42+00:00\",\"dateModified\":\"2025-06-05T14:26:47+00:00\",\"mainEntityOfPage\":{\"@id\":\"https:\/\/centcols.org\/concentration-regionale-cent-cols-alpes-du-nord-jura-sud-au-col-du-chaussy-le-20-juin-2015\/\"},\"wordCount\":149,\"publisher\":{\"@id\":\"https:\/\/centcols.org\/#organization\"},\"image\":{\"@id\":\"https:\/\/centcols.org\/concentration-regionale-cent-cols-alpes-du-nord-jura-sud-au-col-du-chaussy-le-20-juin-2015\/#primaryimage\"},\"thumbnailUrl\":\"https:\/\/centcols.org\/les_rendez-vous\/2015\/Regional\/AlpesNord\/chaussy.jpg\",\"articleSection\":[\"Calendrier\",\"2015-rassemblements\",\"Rencontres r\u00e9gionales\"],\"inLanguage\":\"nl-BE\"},{\"@type\":\"WebPage\",\"@id\":\"https:\/\/centcols.org\/concentration-regionale-cent-cols-alpes-du-nord-jura-sud-au-col-du-chaussy-le-20-juin-2015\/\",\"url\":\"https:\/\/centcols.org\/concentration-regionale-cent-cols-alpes-du-nord-jura-sud-au-col-du-chaussy-le-20-juin-2015\/\",\"name\":\"Concentration r\u00e9gionale Cent Cols Alpes du nord \/ Jura sud au col du Chaussy le 20 juin 2015 - Club des Cent Cols\",\"isPartOf\":{\"@id\":\"https:\/\/centcols.org\/#website\"},\"primaryImageOfPage\":{\"@id\":\"https:\/\/centcols.org\/concentration-regionale-cent-cols-alpes-du-nord-jura-sud-au-col-du-chaussy-le-20-juin-2015\/#primaryimage\"},\"image\":{\"@id\":\"https:\/\/centcols.org\/concentration-regionale-cent-cols-alpes-du-nord-jura-sud-au-col-du-chaussy-le-20-juin-2015\/#primaryimage\"},\"thumbnailUrl\":\"https:\/\/centcols.org\/les_rendez-vous\/2015\/Regional\/AlpesNord\/chaussy.jpg\",\"datePublished\":\"2015-04-04T13:17:42+00:00\",\"dateModified\":\"2025-06-05T14:26:47+00:00\",\"breadcrumb\":{\"@id\":\"https:\/\/centcols.org\/concentration-regionale-cent-cols-alpes-du-nord-jura-sud-au-col-du-chaussy-le-20-juin-2015\/#breadcrumb\"},\"inLanguage\":\"nl-BE\",\"potentialAction\":[{\"@type\":\"ReadAction\",\"target\":[\"https:\/\/centcols.org\/concentration-regionale-cent-cols-alpes-du-nord-jura-sud-au-col-du-chaussy-le-20-juin-2015\/\"]}]},{\"@type\":\"ImageObject\",\"inLanguage\":\"nl-BE\",\"@id\":\"https:\/\/centcols.org\/concentration-regionale-cent-cols-alpes-du-nord-jura-sud-au-col-du-chaussy-le-20-juin-2015\/#primaryimage\",\"url\":\"https:\/\/centcols.org\/les_rendez-vous\/2015\/Regional\/AlpesNord\/chaussy.jpg\",\"contentUrl\":\"https:\/\/centcols.org\/les_rendez-vous\/2015\/Regional\/AlpesNord\/chaussy.jpg\"},{\"@type\":\"BreadcrumbList\",\"@id\":\"https:\/\/centcols.org\/concentration-regionale-cent-cols-alpes-du-nord-jura-sud-au-col-du-chaussy-le-20-juin-2015\/#breadcrumb\",\"itemListElement\":[{\"@type\":\"ListItem\",\"position\":1,\"name\":\"Accueil\",\"item\":\"https:\/\/centcols.org\/\"},{\"@type\":\"ListItem\",\"position\":2,\"name\":\"Calendrier\",\"item\":\"https:\/\/centcols.org\/rubrique\/calendrier\/\"},{\"@type\":\"ListItem\",\"position\":3,\"name\":\"Concentration r\u00e9gionale Cent Cols Alpes du nord \/ Jura sud au col du Chaussy le 20 juin 2015\"}]},{\"@type\":\"WebSite\",\"@id\":\"https:\/\/centcols.org\/#website\",\"url\":\"https:\/\/centcols.org\/\",\"name\":\"Club des Cent Cols\",\"description\":\"\",\"publisher\":{\"@id\":\"https:\/\/centcols.org\/#organization\"},\"potentialAction\":[{\"@type\":\"SearchAction\",\"target\":{\"@type\":\"EntryPoint\",\"urlTemplate\":\"https:\/\/centcols.org\/?s={search_term_string}\"},\"query-input\":{\"@type\":\"PropertyValueSpecification\",\"valueRequired\":true,\"valueName\":\"search_term_string\"}}],\"inLanguage\":\"nl-BE\"},{\"@type\":\"Organization\",\"@id\":\"https:\/\/centcols.org\/#organization\",\"name\":\"Club des Cent Cols\",\"url\":\"https:\/\/centcols.org\/\",\"logo\":{\"@type\":\"ImageObject\",\"inLanguage\":\"nl-BE\",\"@id\":\"https:\/\/centcols.org\/#\/schema\/logo\/image\/\",\"url\":\"https:\/\/centcols.org\/wp-content\/uploads\/2025\/01\/carte-icone.png\",\"contentUrl\":\"https:\/\/centcols.org\/wp-content\/uploads\/2025\/01\/carte-icone.png\",\"width\":250,\"height\":250,\"caption\":\"Club des Cent Cols\"},\"image\":{\"@id\":\"https:\/\/centcols.org\/#\/schema\/logo\/image\/\"},\"sameAs\":[\"https:\/\/www.facebook.com\/groups\/5261880558\/?locale=fr_FR\"]},{\"@type\":\"Person\",\"@id\":\"https:\/\/centcols.org\/#\/schema\/person\/fcdb31e57ffa95295c9683ffdda82afa\",\"name\":\"fabien\",\"image\":{\"@type\":\"ImageObject\",\"inLanguage\":\"nl-BE\",\"@id\":\"https:\/\/centcols.org\/wp-content\/litespeed\/avatar\/9065528d4c1ba02f0faf2b7616b2a195.jpg?ver=1777225983\",\"url\":\"https:\/\/centcols.org\/wp-content\/litespeed\/avatar\/9065528d4c1ba02f0faf2b7616b2a195.jpg?ver=1777225983\",\"contentUrl\":\"https:\/\/centcols.org\/wp-content\/litespeed\/avatar\/9065528d4c1ba02f0faf2b7616b2a195.jpg?ver=1777225983\",\"caption\":\"fabien\"},\"url\":\"https:\/\/centcols.org\/nl\/author\/fabien\/\"}]}<\/script>\n<!-- \/ Yoast SEO plugin. -->","yoast_head_json":{"title":"Cent Cols Alpes du nord \/ Jura sud regionale bijeenkomst op de Col du Chaussy op 20 juni 2015 - Club des Cent Cols","robots":{"index":"index","follow":"follow","max-snippet":"max-snippet:-1","max-image-preview":"max-image-preview:large","max-video-preview":"max-video-preview:-1"},"canonical":"https:\/\/centcols.org\/nl\/concentratie-regionale-cent-cols-alpes-du-nord-jura-sud-op-col-du-chaussy-op-20-juni-2015\/","og_locale":"nl_BE","og_type":"article","og_title":"Concentration r\u00e9gionale Cent Cols Alpes du nord \/ Jura sud au col du Chaussy le 20 juin 2015 - Club des Cent Cols","og_description":"Voir le diaporama de Marc Liaudon (cc 289) et Guy Moreau (cc 7038) r\u00e9alis\u00e9 \u00e0 l&rsquo;occasion de cette rencontre Diaporama de Michel Racois (cc 4373) Samedi 20 juin, Alpes Nord, Jura Sud Col du Chaussy (FR-73-1533). Pour ceux qui le d\u00e9sirent, un rendez-vous est propos\u00e9 par R\u00e9gis Paraz \u00e0 8h30 place de la mairie \u00e0 [&hellip;]","og_url":"https:\/\/centcols.org\/nl\/concentratie-regionale-cent-cols-alpes-du-nord-jura-sud-op-col-du-chaussy-op-20-juni-2015\/","og_site_name":"Club des Cent Cols","article_publisher":"https:\/\/www.facebook.com\/groups\/5261880558\/?locale=fr_FR","article_published_time":"2015-04-04T13:17:42+00:00","article_modified_time":"2025-06-05T14:26:47+00:00","og_image":[{"width":800,"height":600,"url":"https:\/\/centcols.org\/wp-content\/uploads\/2025\/05\/001.jpg","type":"image\/jpeg"}],"author":"fabien","twitter_card":"summary_large_image","twitter_misc":{"Geschreven door":"fabien","Geschatte leestijd":"2 minuten"},"schema":{"@context":"https:\/\/schema.org","@graph":[{"@type":"Article","@id":"https:\/\/centcols.org\/concentration-regionale-cent-cols-alpes-du-nord-jura-sud-au-col-du-chaussy-le-20-juin-2015\/#article","isPartOf":{"@id":"https:\/\/centcols.org\/concentration-regionale-cent-cols-alpes-du-nord-jura-sud-au-col-du-chaussy-le-20-juin-2015\/"},"author":{"name":"fabien","@id":"https:\/\/centcols.org\/#\/schema\/person\/fcdb31e57ffa95295c9683ffdda82afa"},"headline":"Concentration r\u00e9gionale Cent Cols Alpes du nord \/ Jura sud au col du Chaussy le 20 juin 2015","datePublished":"2015-04-04T13:17:42+00:00","dateModified":"2025-06-05T14:26:47+00:00","mainEntityOfPage":{"@id":"https:\/\/centcols.org\/concentration-regionale-cent-cols-alpes-du-nord-jura-sud-au-col-du-chaussy-le-20-juin-2015\/"},"wordCount":149,"publisher":{"@id":"https:\/\/centcols.org\/#organization"},"image":{"@id":"https:\/\/centcols.org\/concentration-regionale-cent-cols-alpes-du-nord-jura-sud-au-col-du-chaussy-le-20-juin-2015\/#primaryimage"},"thumbnailUrl":"https:\/\/centcols.org\/les_rendez-vous\/2015\/Regional\/AlpesNord\/chaussy.jpg","articleSection":["Calendrier","2015-rassemblements","Rencontres r\u00e9gionales"],"inLanguage":"nl-BE"},{"@type":"WebPage","@id":"https:\/\/centcols.org\/concentration-regionale-cent-cols-alpes-du-nord-jura-sud-au-col-du-chaussy-le-20-juin-2015\/","url":"https:\/\/centcols.org\/concentration-regionale-cent-cols-alpes-du-nord-jura-sud-au-col-du-chaussy-le-20-juin-2015\/","name":"Cent Cols Alpes du nord \/ Jura sud regionale bijeenkomst op de Col du Chaussy op 20 juni 2015 - Club des Cent Cols","isPartOf":{"@id":"https:\/\/centcols.org\/#website"},"primaryImageOfPage":{"@id":"https:\/\/centcols.org\/concentration-regionale-cent-cols-alpes-du-nord-jura-sud-au-col-du-chaussy-le-20-juin-2015\/#primaryimage"},"image":{"@id":"https:\/\/centcols.org\/concentration-regionale-cent-cols-alpes-du-nord-jura-sud-au-col-du-chaussy-le-20-juin-2015\/#primaryimage"},"thumbnailUrl":"https:\/\/centcols.org\/les_rendez-vous\/2015\/Regional\/AlpesNord\/chaussy.jpg","datePublished":"2015-04-04T13:17:42+00:00","dateModified":"2025-06-05T14:26:47+00:00","breadcrumb":{"@id":"https:\/\/centcols.org\/concentration-regionale-cent-cols-alpes-du-nord-jura-sud-au-col-du-chaussy-le-20-juin-2015\/#breadcrumb"},"inLanguage":"nl-BE","potentialAction":[{"@type":"ReadAction","target":["https:\/\/centcols.org\/concentration-regionale-cent-cols-alpes-du-nord-jura-sud-au-col-du-chaussy-le-20-juin-2015\/"]}]},{"@type":"ImageObject","inLanguage":"nl-BE","@id":"https:\/\/centcols.org\/concentration-regionale-cent-cols-alpes-du-nord-jura-sud-au-col-du-chaussy-le-20-juin-2015\/#primaryimage","url":"https:\/\/centcols.org\/les_rendez-vous\/2015\/Regional\/AlpesNord\/chaussy.jpg","contentUrl":"https:\/\/centcols.org\/les_rendez-vous\/2015\/Regional\/AlpesNord\/chaussy.jpg"},{"@type":"BreadcrumbList","@id":"https:\/\/centcols.org\/concentration-regionale-cent-cols-alpes-du-nord-jura-sud-au-col-du-chaussy-le-20-juin-2015\/#breadcrumb","itemListElement":[{"@type":"ListItem","position":1,"name":"Accueil","item":"https:\/\/centcols.org\/"},{"@type":"ListItem","position":2,"name":"Calendrier","item":"https:\/\/centcols.org\/rubrique\/calendrier\/"},{"@type":"ListItem","position":3,"name":"Concentration r\u00e9gionale Cent Cols Alpes du nord \/ Jura sud au col du Chaussy le 20 juin 2015"}]},{"@type":"WebSite","@id":"https:\/\/centcols.org\/#website","url":"https:\/\/centcols.org\/","name":"Club van Cent Cols","description":"","publisher":{"@id":"https:\/\/centcols.org\/#organization"},"potentialAction":[{"@type":"SearchAction","target":{"@type":"EntryPoint","urlTemplate":"https:\/\/centcols.org\/?s={search_term_string}"},"query-input":{"@type":"PropertyValueSpecification","valueRequired":true,"valueName":"search_term_string"}}],"inLanguage":"nl-BE"},{"@type":"Organization","@id":"https:\/\/centcols.org\/#organization","name":"Club van Cent Cols","url":"https:\/\/centcols.org\/","logo":{"@type":"ImageObject","inLanguage":"nl-BE","@id":"https:\/\/centcols.org\/#\/schema\/logo\/image\/","url":"https:\/\/centcols.org\/wp-content\/uploads\/2025\/01\/carte-icone.png","contentUrl":"https:\/\/centcols.org\/wp-content\/uploads\/2025\/01\/carte-icone.png","width":250,"height":250,"caption":"Club des Cent Cols"},"image":{"@id":"https:\/\/centcols.org\/#\/schema\/logo\/image\/"},"sameAs":["https:\/\/www.facebook.com\/groups\/5261880558\/?locale=fr_FR"]},{"@type":"Person","@id":"https:\/\/centcols.org\/#\/schema\/person\/fcdb31e57ffa95295c9683ffdda82afa","name":"fabien","image":{"@type":"ImageObject","inLanguage":"nl-BE","@id":"https:\/\/centcols.org\/wp-content\/litespeed\/avatar\/9065528d4c1ba02f0faf2b7616b2a195.jpg?ver=1777225983","url":"https:\/\/centcols.org\/wp-content\/litespeed\/avatar\/9065528d4c1ba02f0faf2b7616b2a195.jpg?ver=1777225983","contentUrl":"https:\/\/centcols.org\/wp-content\/litespeed\/avatar\/9065528d4c1ba02f0faf2b7616b2a195.jpg?ver=1777225983","caption":"fabien"},"url":"https:\/\/centcols.org\/nl\/author\/fabien\/"}]}},"_links":{"self":[{"href":"https:\/\/centcols.org\/nl\/wp-json\/wp\/v2\/posts\/80631","targetHints":{"allow":["GET"]}}],"collection":[{"href":"https:\/\/centcols.org\/nl\/wp-json\/wp\/v2\/posts"}],"about":[{"href":"https:\/\/centcols.org\/nl\/wp-json\/wp\/v2\/types\/post"}],"author":[{"embeddable":true,"href":"https:\/\/centcols.org\/nl\/wp-json\/wp\/v2\/users\/2"}],"replies":[{"embeddable":true,"href":"https:\/\/centcols.org\/nl\/wp-json\/wp\/v2\/comments?post=80631"}],"version-history":[{"count":0,"href":"https:\/\/centcols.org\/nl\/wp-json\/wp\/v2\/posts\/80631\/revisions"}],"wp:attachment":[{"href":"https:\/\/centcols.org\/nl\/wp-json\/wp\/v2\/media?parent=80631"}],"wp:term":[{"taxonomy":"category","embeddable":true,"href":"https:\/\/centcols.org\/nl\/wp-json\/wp\/v2\/categories?post=80631"},{"taxonomy":"post_tag","embeddable":true,"href":"https:\/\/centcols.org\/nl\/wp-json\/wp\/v2\/tags?post=80631"}],"curies":[{"name":"wp","href":"https:\/\/api.w.org\/{rel}","templated":true}]}}