{"id":80981,"date":"2010-08-20T08:06:58","date_gmt":"2010-08-20T06:06:58","guid":{"rendered":"https:\/\/centcols.org\/hommage-a-roland-grimaud\/"},"modified":"2025-10-15T03:20:31","modified_gmt":"2025-10-15T01:20:31","slug":"eerbetoon-aan-roland-grimaud","status":"publish","type":"post","link":"https:\/\/centcols.org\/nl\/hommage-a-roland-grimaud\/","title":{"rendered":"Eerbetoon aan Roland Grimaud"},"content":{"rendered":"<h2>Roland Grimaud 1952-2010<\/h2>\n<p>Met groot verdriet hebben we kennis genomen van het overlijden van onze co\u00f6rdinator Randonn\u00e9es Permanentes op 5 augustus 2010, <b>Roland Grimaud<\/b>.<\/p>\n<p>Roland, lid van de Club des Cent Cols sinds 1987 (nr. 2696), kreeg een ernstig vasculair accident tijdens de Cent Cols de Vesc tour in 2001. Sindsdien kan hij niet meer fietsen, maar hij is altijd erg gehecht gebleven aan onze club en haar waarden. Sinds 2007 nam hij het stokje over van Jean-Marc Lef\u00e8vre als co\u00f6rdinator van de Randonn\u00e9es Permanentes. De Club heeft opnieuw een zeer menselijk lid verloren. Naast zijn rol bij de Club was Roland zeer actief in de vereniging <i>Fietsen voor Afrika<\/i>, waarvoor hij regelmatig tweedehands fietsen en onderdelen verzamelde tijdens de tochten en bijeenkomsten van Cent Cols, met name in Ch\u00e2teau-Arnoux en Yenne.<\/p>\n<p>Roland is begraven op dinsdag 10 augustus in B\u00e9sayes (26).<\/p>\n<p>Onze collega Alf\u00e9o Lotto woonde de begrafenis bij:<\/p>\n<p><em>\u00a0\u00bbDe kerk in B\u00e9sayes was te klein voor iedereen die Roland kwam vergezellen op zijn laatste wandeling.<\/em><\/p>\n<p><em>Hij gaf veel om fietsen, de tandem met zijn vrouw, de Cent Cols met de Randos Permanentes, de strijd tegen taaislijmziekte en de Fondus de l'Ubaye, Fietsen voor Afrika... Een leven gericht op anderen ondanks een zwakke gezondheid en veel lijden. Zijn andere passie was tuinieren en bovenal hield hij van bloemen. Laten we hem een tuin vol bloemen toewensen waar hij nu rust. Zijn vrouw Fran\u00e7oise, ook lid van de Club, deelde haar emoties met ons:<\/em><\/p>\n<p><em>Ik realiseerde me niet dat hij zoveel vrienden had achtergelaten en hoezeer zijn betrokkenheid bij de club door iedereen werd gewaardeerd! Hij was een discrete maar effici\u00ebnte man. Sinds 13 augustus 2001 in Vesc heeft hij zijn portie leed gehad; hij is heengegaan, maar vertelde ons allemaal om \u00abte leren van elkaars verschillen\u00bb.<\/em><\/p>\n<p><em>Fietsen heeft altijd deel uitgemaakt van zijn leven. Een van zijn broers kocht zijn eerste racefiets voor hem en we hebben elkaar ontmoet omdat ik vaak naar veldritwedstrijden ging kijken en dankzij hem heb ik een groot deel van Frankrijk al trappend ontdekt. Ik noemde onze tandem GAZOU omdat er bij hem geen Gazou-olie nodig was, maar het was geweldig om de Gazoullis van de vogeltjes te horen! \u00ab\u00a0<\/em><\/p>\n<p>Als eerbetoon aan Roland is de regionale bijeenkomst <i>Zuidelijke Alpen<\/i> die normaal gesproken in september plaatsvindt, heet nu <i>Ter nagedachtenis aan Roland Grimaud<\/i>. Deze streek lag hem na aan het hart en hij nodigde alle Clubleden die tussen Embrun en Brian\u00e7on reden uit om bij hem langs te komen.<\/p>","protected":false},"excerpt":{"rendered":"<p>Roland Grimaud 1952-2010 C&rsquo;est avec une grande tristesse que nous avons appris le d\u00e9c\u00e8s le 5 ao\u00fbt 2010 de notre coordonnateur des Randonn\u00e9es Permanentes, Roland Grimaud. Membre du Club des Cent Cols depuis 1987 (n\u00b0 2696) Roland avait \u00e9t\u00e9 frapp\u00e9 par un grave accident vasculaire lors du s\u00e9jour Cent Cols de Vesc en 2001. Depuis, [&hellip;]<\/p>\n","protected":false},"author":2,"featured_media":0,"comment_status":"open","ping_status":"open","sticky":false,"template":"","format":"standard","meta":{"_acf_changed":false,"footnotes":""},"categories":[130],"tags":[],"class_list":["post-80981","post","type-post","status-publish","format-standard","hentry","category-carnet-noir"],"acf":[],"yoast_head":"<!-- This site is optimized with the Yoast SEO plugin v27.2 - https:\/\/yoast.com\/product\/yoast-seo-wordpress\/ -->\n<title>Hommage \u00e0 Roland Grimaud - Club des Cent Cols<\/title>\n<meta name=\"robots\" content=\"index, follow, max-snippet:-1, max-image-preview:large, max-video-preview:-1\" \/>\n<link rel=\"canonical\" href=\"https:\/\/centcols.org\/nl\/eerbetoon-aan-roland-grimaud\/\" \/>\n<meta property=\"og:locale\" content=\"nl_BE\" \/>\n<meta property=\"og:type\" content=\"article\" \/>\n<meta property=\"og:title\" content=\"Hommage \u00e0 Roland Grimaud - Club des Cent Cols\" \/>\n<meta property=\"og:description\" content=\"Roland Grimaud 1952-2010 C&rsquo;est avec une grande tristesse que nous avons appris le d\u00e9c\u00e8s le 5 ao\u00fbt 2010 de notre coordonnateur des Randonn\u00e9es Permanentes, Roland Grimaud. Membre du Club des Cent Cols depuis 1987 (n\u00b0 2696) Roland avait \u00e9t\u00e9 frapp\u00e9 par un grave accident vasculaire lors du s\u00e9jour Cent Cols de Vesc en 2001. Depuis, [&hellip;]\" \/>\n<meta property=\"og:url\" content=\"https:\/\/centcols.org\/nl\/eerbetoon-aan-roland-grimaud\/\" \/>\n<meta property=\"og:site_name\" content=\"Club des Cent Cols\" \/>\n<meta property=\"article:publisher\" content=\"https:\/\/www.facebook.com\/groups\/5261880558\/?locale=fr_FR\" \/>\n<meta property=\"article:published_time\" content=\"2010-08-20T06:06:58+00:00\" \/>\n<meta property=\"article:modified_time\" content=\"2025-10-15T01:20:31+00:00\" \/>\n<meta name=\"author\" content=\"fabien\" \/>\n<meta name=\"twitter:card\" content=\"summary_large_image\" \/>\n<meta name=\"twitter:label1\" content=\"Geschreven door\" \/>\n\t<meta name=\"twitter:data1\" content=\"fabien\" \/>\n\t<meta name=\"twitter:label2\" content=\"Geschatte leestijd\" \/>\n\t<meta name=\"twitter:data2\" content=\"2 minuten\" \/>\n<script type=\"application\/ld+json\" class=\"yoast-schema-graph\">{\"@context\":\"https:\/\/schema.org\",\"@graph\":[{\"@type\":\"Article\",\"@id\":\"https:\/\/centcols.org\/hommage-a-roland-grimaud\/#article\",\"isPartOf\":{\"@id\":\"https:\/\/centcols.org\/hommage-a-roland-grimaud\/\"},\"author\":{\"name\":\"fabien\",\"@id\":\"https:\/\/centcols.org\/#\/schema\/person\/fcdb31e57ffa95295c9683ffdda82afa\"},\"headline\":\"Hommage \u00e0 Roland Grimaud\",\"datePublished\":\"2010-08-20T06:06:58+00:00\",\"dateModified\":\"2025-10-15T01:20:31+00:00\",\"mainEntityOfPage\":{\"@id\":\"https:\/\/centcols.org\/hommage-a-roland-grimaud\/\"},\"wordCount\":502,\"commentCount\":0,\"publisher\":{\"@id\":\"https:\/\/centcols.org\/#organization\"},\"articleSection\":[\"Carnet noir\"],\"inLanguage\":\"nl-BE\",\"potentialAction\":[{\"@type\":\"CommentAction\",\"name\":\"Comment\",\"target\":[\"https:\/\/centcols.org\/hommage-a-roland-grimaud\/#respond\"]}]},{\"@type\":\"WebPage\",\"@id\":\"https:\/\/centcols.org\/hommage-a-roland-grimaud\/\",\"url\":\"https:\/\/centcols.org\/hommage-a-roland-grimaud\/\",\"name\":\"Hommage \u00e0 Roland Grimaud - Club des Cent Cols\",\"isPartOf\":{\"@id\":\"https:\/\/centcols.org\/#website\"},\"datePublished\":\"2010-08-20T06:06:58+00:00\",\"dateModified\":\"2025-10-15T01:20:31+00:00\",\"breadcrumb\":{\"@id\":\"https:\/\/centcols.org\/hommage-a-roland-grimaud\/#breadcrumb\"},\"inLanguage\":\"nl-BE\",\"potentialAction\":[{\"@type\":\"ReadAction\",\"target\":[\"https:\/\/centcols.org\/hommage-a-roland-grimaud\/\"]}]},{\"@type\":\"BreadcrumbList\",\"@id\":\"https:\/\/centcols.org\/hommage-a-roland-grimaud\/#breadcrumb\",\"itemListElement\":[{\"@type\":\"ListItem\",\"position\":1,\"name\":\"Accueil\",\"item\":\"https:\/\/centcols.org\/\"},{\"@type\":\"ListItem\",\"position\":2,\"name\":\"Gazette\",\"item\":\"https:\/\/centcols.org\/rubrique\/gazette\/\"},{\"@type\":\"ListItem\",\"position\":3,\"name\":\"Carnet noir\",\"item\":\"https:\/\/centcols.org\/rubrique\/gazette\/carnet-noir\/\"},{\"@type\":\"ListItem\",\"position\":4,\"name\":\"Hommage \u00e0 Roland Grimaud\"}]},{\"@type\":\"WebSite\",\"@id\":\"https:\/\/centcols.org\/#website\",\"url\":\"https:\/\/centcols.org\/\",\"name\":\"Club des Cent Cols\",\"description\":\"\",\"publisher\":{\"@id\":\"https:\/\/centcols.org\/#organization\"},\"potentialAction\":[{\"@type\":\"SearchAction\",\"target\":{\"@type\":\"EntryPoint\",\"urlTemplate\":\"https:\/\/centcols.org\/?s={search_term_string}\"},\"query-input\":{\"@type\":\"PropertyValueSpecification\",\"valueRequired\":true,\"valueName\":\"search_term_string\"}}],\"inLanguage\":\"nl-BE\"},{\"@type\":\"Organization\",\"@id\":\"https:\/\/centcols.org\/#organization\",\"name\":\"Club des Cent Cols\",\"url\":\"https:\/\/centcols.org\/\",\"logo\":{\"@type\":\"ImageObject\",\"inLanguage\":\"nl-BE\",\"@id\":\"https:\/\/centcols.org\/#\/schema\/logo\/image\/\",\"url\":\"https:\/\/centcols.org\/wp-content\/uploads\/2025\/01\/carte-icone.png\",\"contentUrl\":\"https:\/\/centcols.org\/wp-content\/uploads\/2025\/01\/carte-icone.png\",\"width\":250,\"height\":250,\"caption\":\"Club des Cent Cols\"},\"image\":{\"@id\":\"https:\/\/centcols.org\/#\/schema\/logo\/image\/\"},\"sameAs\":[\"https:\/\/www.facebook.com\/groups\/5261880558\/?locale=fr_FR\"]},{\"@type\":\"Person\",\"@id\":\"https:\/\/centcols.org\/#\/schema\/person\/fcdb31e57ffa95295c9683ffdda82afa\",\"name\":\"fabien\",\"image\":{\"@type\":\"ImageObject\",\"inLanguage\":\"nl-BE\",\"@id\":\"https:\/\/centcols.org\/wp-content\/litespeed\/avatar\/9065528d4c1ba02f0faf2b7616b2a195.jpg?ver=1777225983\",\"url\":\"https:\/\/centcols.org\/wp-content\/litespeed\/avatar\/9065528d4c1ba02f0faf2b7616b2a195.jpg?ver=1777225983\",\"contentUrl\":\"https:\/\/centcols.org\/wp-content\/litespeed\/avatar\/9065528d4c1ba02f0faf2b7616b2a195.jpg?ver=1777225983\",\"caption\":\"fabien\"},\"url\":\"https:\/\/centcols.org\/nl\/author\/fabien\/\"}]}<\/script>\n<!-- \/ Yoast SEO plugin. -->","yoast_head_json":{"title":"Eerbetoon aan Roland Grimaud - Club des Cent Cols","robots":{"index":"index","follow":"follow","max-snippet":"max-snippet:-1","max-image-preview":"max-image-preview:large","max-video-preview":"max-video-preview:-1"},"canonical":"https:\/\/centcols.org\/nl\/eerbetoon-aan-roland-grimaud\/","og_locale":"nl_BE","og_type":"article","og_title":"Hommage \u00e0 Roland Grimaud - Club des Cent Cols","og_description":"Roland Grimaud 1952-2010 C&rsquo;est avec une grande tristesse que nous avons appris le d\u00e9c\u00e8s le 5 ao\u00fbt 2010 de notre coordonnateur des Randonn\u00e9es Permanentes, Roland Grimaud. Membre du Club des Cent Cols depuis 1987 (n\u00b0 2696) Roland avait \u00e9t\u00e9 frapp\u00e9 par un grave accident vasculaire lors du s\u00e9jour Cent Cols de Vesc en 2001. Depuis, [&hellip;]","og_url":"https:\/\/centcols.org\/nl\/eerbetoon-aan-roland-grimaud\/","og_site_name":"Club des Cent Cols","article_publisher":"https:\/\/www.facebook.com\/groups\/5261880558\/?locale=fr_FR","article_published_time":"2010-08-20T06:06:58+00:00","article_modified_time":"2025-10-15T01:20:31+00:00","author":"fabien","twitter_card":"summary_large_image","twitter_misc":{"Geschreven door":"fabien","Geschatte leestijd":"2 minuten"},"schema":{"@context":"https:\/\/schema.org","@graph":[{"@type":"Article","@id":"https:\/\/centcols.org\/hommage-a-roland-grimaud\/#article","isPartOf":{"@id":"https:\/\/centcols.org\/hommage-a-roland-grimaud\/"},"author":{"name":"fabien","@id":"https:\/\/centcols.org\/#\/schema\/person\/fcdb31e57ffa95295c9683ffdda82afa"},"headline":"Hommage \u00e0 Roland Grimaud","datePublished":"2010-08-20T06:06:58+00:00","dateModified":"2025-10-15T01:20:31+00:00","mainEntityOfPage":{"@id":"https:\/\/centcols.org\/hommage-a-roland-grimaud\/"},"wordCount":502,"commentCount":0,"publisher":{"@id":"https:\/\/centcols.org\/#organization"},"articleSection":["Carnet noir"],"inLanguage":"nl-BE","potentialAction":[{"@type":"CommentAction","name":"Comment","target":["https:\/\/centcols.org\/hommage-a-roland-grimaud\/#respond"]}]},{"@type":"WebPage","@id":"https:\/\/centcols.org\/hommage-a-roland-grimaud\/","url":"https:\/\/centcols.org\/hommage-a-roland-grimaud\/","name":"Eerbetoon aan Roland Grimaud - Club des Cent Cols","isPartOf":{"@id":"https:\/\/centcols.org\/#website"},"datePublished":"2010-08-20T06:06:58+00:00","dateModified":"2025-10-15T01:20:31+00:00","breadcrumb":{"@id":"https:\/\/centcols.org\/hommage-a-roland-grimaud\/#breadcrumb"},"inLanguage":"nl-BE","potentialAction":[{"@type":"ReadAction","target":["https:\/\/centcols.org\/hommage-a-roland-grimaud\/"]}]},{"@type":"BreadcrumbList","@id":"https:\/\/centcols.org\/hommage-a-roland-grimaud\/#breadcrumb","itemListElement":[{"@type":"ListItem","position":1,"name":"Accueil","item":"https:\/\/centcols.org\/"},{"@type":"ListItem","position":2,"name":"Gazette","item":"https:\/\/centcols.org\/rubrique\/gazette\/"},{"@type":"ListItem","position":3,"name":"Carnet noir","item":"https:\/\/centcols.org\/rubrique\/gazette\/carnet-noir\/"},{"@type":"ListItem","position":4,"name":"Hommage \u00e0 Roland Grimaud"}]},{"@type":"WebSite","@id":"https:\/\/centcols.org\/#website","url":"https:\/\/centcols.org\/","name":"Club van Cent Cols","description":"","publisher":{"@id":"https:\/\/centcols.org\/#organization"},"potentialAction":[{"@type":"SearchAction","target":{"@type":"EntryPoint","urlTemplate":"https:\/\/centcols.org\/?s={search_term_string}"},"query-input":{"@type":"PropertyValueSpecification","valueRequired":true,"valueName":"search_term_string"}}],"inLanguage":"nl-BE"},{"@type":"Organization","@id":"https:\/\/centcols.org\/#organization","name":"Club van Cent Cols","url":"https:\/\/centcols.org\/","logo":{"@type":"ImageObject","inLanguage":"nl-BE","@id":"https:\/\/centcols.org\/#\/schema\/logo\/image\/","url":"https:\/\/centcols.org\/wp-content\/uploads\/2025\/01\/carte-icone.png","contentUrl":"https:\/\/centcols.org\/wp-content\/uploads\/2025\/01\/carte-icone.png","width":250,"height":250,"caption":"Club des Cent Cols"},"image":{"@id":"https:\/\/centcols.org\/#\/schema\/logo\/image\/"},"sameAs":["https:\/\/www.facebook.com\/groups\/5261880558\/?locale=fr_FR"]},{"@type":"Person","@id":"https:\/\/centcols.org\/#\/schema\/person\/fcdb31e57ffa95295c9683ffdda82afa","name":"fabien","image":{"@type":"ImageObject","inLanguage":"nl-BE","@id":"https:\/\/centcols.org\/wp-content\/litespeed\/avatar\/9065528d4c1ba02f0faf2b7616b2a195.jpg?ver=1777225983","url":"https:\/\/centcols.org\/wp-content\/litespeed\/avatar\/9065528d4c1ba02f0faf2b7616b2a195.jpg?ver=1777225983","contentUrl":"https:\/\/centcols.org\/wp-content\/litespeed\/avatar\/9065528d4c1ba02f0faf2b7616b2a195.jpg?ver=1777225983","caption":"fabien"},"url":"https:\/\/centcols.org\/nl\/author\/fabien\/"}]}},"_links":{"self":[{"href":"https:\/\/centcols.org\/nl\/wp-json\/wp\/v2\/posts\/80981","targetHints":{"allow":["GET"]}}],"collection":[{"href":"https:\/\/centcols.org\/nl\/wp-json\/wp\/v2\/posts"}],"about":[{"href":"https:\/\/centcols.org\/nl\/wp-json\/wp\/v2\/types\/post"}],"author":[{"embeddable":true,"href":"https:\/\/centcols.org\/nl\/wp-json\/wp\/v2\/users\/2"}],"replies":[{"embeddable":true,"href":"https:\/\/centcols.org\/nl\/wp-json\/wp\/v2\/comments?post=80981"}],"version-history":[{"count":0,"href":"https:\/\/centcols.org\/nl\/wp-json\/wp\/v2\/posts\/80981\/revisions"}],"wp:attachment":[{"href":"https:\/\/centcols.org\/nl\/wp-json\/wp\/v2\/media?parent=80981"}],"wp:term":[{"taxonomy":"category","embeddable":true,"href":"https:\/\/centcols.org\/nl\/wp-json\/wp\/v2\/categories?post=80981"},{"taxonomy":"post_tag","embeddable":true,"href":"https:\/\/centcols.org\/nl\/wp-json\/wp\/v2\/tags?post=80981"}],"curies":[{"name":"wp","href":"https:\/\/api.w.org\/{rel}","templated":true}]}}