{"id":81027,"date":"2010-04-23T08:29:44","date_gmt":"2010-04-23T06:29:44","guid":{"rendered":"https:\/\/centcols.org\/hommage-a-germain-geenens\/"},"modified":"2025-10-15T03:20:41","modified_gmt":"2025-10-15T01:20:41","slug":"hommage-aan-germain-geenens","status":"publish","type":"post","link":"https:\/\/centcols.org\/nl\/hommage-a-germain-geenens\/","title":{"rendered":"Eerbetoon aan Germain Geenens"},"content":{"rendered":"\n<h2 class=\"wp-block-heading\">Germain Geenens 1947-2010<\/h2>\n\n\n\n<figure class=\"wp-block-image size-full\"><img loading=\"lazy\" decoding=\"async\" width=\"700\" height=\"525\" src=\"https:\/\/centcols.org\/wp-content\/uploads\/2010\/04\/geraingeenens.jpg\" alt=\"\" class=\"wp-image-83676\"\/><figcaption class=\"wp-element-caption\">Germain Geenens en jaune et Marcel Lef\u00eavre<\/figcaption><\/figure>\n\n\n\n<p>C&rsquo;est avec une grande tristesse que nous avons appris le d\u00e9c\u00e8s le 11 avril de notre D\u00e9l\u00e9gu\u00e9 National pour la Belgique, Germain Geenens.&nbsp;<br>Les sentiments de son compatriote Yves Pasleau \u00e9voquent ceux de tous ceux qui ont connu Germain et ont roul\u00e9 avec lui :  Centcoliste depuis 23 ans, Germain \u00e9tait connu pour sa gentillesse, sa serviabilit\u00e9, sa convivialit\u00e9, sa connaissance pointue et sa m\u00e9moire exceptionnelle des itin\u00e9raires qu&rsquo;il parcourait. Sa passion pour la montagne et les cols l&rsquo;avait pouss\u00e9 \u00e0 franchir plus de 3.600 cols. Atteint d&rsquo;une grave maladie depuis un an, il \u00e9tait en pleine convalescence, lorsque la maladie a finalement eu raison de lui. Il a franchi son dernier col lors d&rsquo;un s\u00e9jour \u00e0 Olot (Espagne) en mars.<\/p>\n\n\n\n<p>Germain \u00e9tait une cheville ouvri\u00e8re du Club. Malgr\u00e9 la distance et la maladie qui le rongeait, Germain avait tenu \u00e0 \u00eatre pr\u00e9sent \u00e0 la derni\u00e8re Assembl\u00e9e G\u00e9n\u00e9rale \u00e0 Yenne pour t\u00e9moigner de son attachement au Club des Cent Cols et pour passer quelques moments agr\u00e9ables avec ses amis. Nous ne savions pas alors que nous buvions une derni\u00e8re <em>glut<\/em> (bi\u00e8re) ensemble. Il aurait \u00e9t\u00e9 des n\u00f4tres au s\u00e9jour de Bitche cet \u00e9t\u00e9, mais le sort en a d\u00e9cid\u00e9 autrement.<br><br>Germain en compagnie de son \u00e9pouse Maria a particip\u00e9 \u00e0 de nombreux s\u00e9jours Cent Cols o\u00f9 sa bonne humeur et sa verve ont enchant\u00e9 ceux qui ont eu le bonheur de le c\u00f4toyer.<br><br>Le Club des Cent Cols s&rsquo;associe pleinement \u00e0 la peine de sa famille et de ses amis et gardera toujours le souvenir de cet ami parti trop t\u00f4t.<br><\/p>\n\n\n\n<p>Germain a \u00e9t\u00e9 incin\u00e9r\u00e9 dans l&rsquo;intimit\u00e9 le vendredi 16 avril et une c\u00e9r\u00e9monie civile a eu lieu samedi \u00e0 Hacquegnies (Frasnes-Lez-Anvaing), Belgique.<\/p>\n\n\n\n<p>Jos\u00e9 Bruffaerts nous rapporte ce t\u00e9moignage des fun\u00e9railles de Germain samedi matin :<br><\/p>\n\n\n\n<blockquote class=\"wp-block-quote is-layout-flow wp-block-quote-is-layout-flow\">\n<p><em>J&rsquo;ai assist\u00e9 hier aux fun\u00e9railles civiles de Germain Geenens, le d\u00e9l\u00e9gu\u00e9 national des CC pour la Belgique. La grande salle de c\u00e9r\u00e9monie fut trop exigu\u00eb pour accueillir la foule qui tenait \u00e0 rendre un ultime hommage \u00e0 Germain. J&rsquo;estime au bas mot une pr\u00e9sence de 250 personnes, famille, amis et cyclos tous confondus.<\/em><br><br><em>Le ma\u00eetre de c\u00e9r\u00e9monie avait dispos\u00e9 l&rsquo;urne contenant les cendres du d\u00e9funt au centre de la salle. Une roue fleurie, 2 maillots dont celui des CC, son v\u00e9lo Jowan et des fleurs en composaient le d\u00e9corum.&nbsp; Deux cadres num\u00e9riques, dispos\u00e9s de part et d&rsquo;autre de la salle, diffusaient en permanence des photos du d\u00e9funt.&nbsp; Photos de son Tour de France randonneur, de son mariage et bien d&rsquo;autres. [&#8230;]<\/em><br><br><em>Les 2 premiers vers de la carte mortuaire r\u00e9sument la perte consid\u00e9rable pour la confr\u00e9rie : En pleine force de la vie, ayant encore tant \u00e0 donner \/ Id\u00e9es et projets \u00e0 profusion, en une fois envol\u00e9s&#8230;<\/em><\/p>\n<\/blockquote>\n\n\n\n<h2 class=\"wp-block-heading\">Un article de 2005<\/h2>\n\n\n\n<figure class=\"wp-block-image size-full\"><img loading=\"lazy\" decoding=\"async\" width=\"977\" height=\"1067\" src=\"https:\/\/centcols.org\/wp-content\/uploads\/2025\/05\/l_hommage.jpg\" alt=\"\" class=\"wp-image-81082\" srcset=\"https:\/\/centcols.org\/wp-content\/uploads\/2025\/05\/l_hommage.jpg 977w, https:\/\/centcols.org\/wp-content\/uploads\/2025\/05\/l_hommage-768x839.jpg 768w\" sizes=\"auto, (max-width: 977px) 100vw, 977px\" \/><\/figure>\n","protected":false},"excerpt":{"rendered":"<p>Germain Geenens 1947-2010 C&rsquo;est avec une grande tristesse que nous avons appris le d\u00e9c\u00e8s le 11 avril de notre D\u00e9l\u00e9gu\u00e9 National pour la Belgique, Germain Geenens.&nbsp;Les sentiments de son compatriote Yves Pasleau \u00e9voquent ceux de tous ceux qui ont connu Germain et ont roul\u00e9 avec lui : Centcoliste depuis 23 ans, Germain \u00e9tait connu pour [&hellip;]<\/p>\n","protected":false},"author":2,"featured_media":83676,"comment_status":"open","ping_status":"open","sticky":false,"template":"","format":"standard","meta":{"_acf_changed":false,"footnotes":""},"categories":[130],"tags":[],"class_list":["post-81027","post","type-post","status-publish","format-standard","has-post-thumbnail","hentry","category-carnet-noir"],"acf":[],"yoast_head":"<!-- This site is optimized with the Yoast SEO plugin v27.2 - https:\/\/yoast.com\/product\/yoast-seo-wordpress\/ -->\n<title>Hommage \u00e0 Germain Geenens - Club des Cent Cols<\/title>\n<meta name=\"robots\" content=\"index, follow, max-snippet:-1, max-image-preview:large, max-video-preview:-1\" \/>\n<link rel=\"canonical\" href=\"https:\/\/centcols.org\/nl\/hommage-aan-germain-geenens\/\" \/>\n<meta property=\"og:locale\" content=\"nl_BE\" \/>\n<meta property=\"og:type\" content=\"article\" \/>\n<meta property=\"og:title\" content=\"Hommage \u00e0 Germain Geenens - Club des Cent Cols\" \/>\n<meta property=\"og:description\" content=\"Germain Geenens 1947-2010 C&rsquo;est avec une grande tristesse que nous avons appris le d\u00e9c\u00e8s le 11 avril de notre D\u00e9l\u00e9gu\u00e9 National pour la Belgique, Germain Geenens.&nbsp;Les sentiments de son compatriote Yves Pasleau \u00e9voquent ceux de tous ceux qui ont connu Germain et ont roul\u00e9 avec lui : Centcoliste depuis 23 ans, Germain \u00e9tait connu pour [&hellip;]\" \/>\n<meta property=\"og:url\" content=\"https:\/\/centcols.org\/nl\/hommage-aan-germain-geenens\/\" \/>\n<meta property=\"og:site_name\" content=\"Club des Cent Cols\" \/>\n<meta property=\"article:publisher\" content=\"https:\/\/www.facebook.com\/groups\/5261880558\/?locale=fr_FR\" \/>\n<meta property=\"article:published_time\" content=\"2010-04-23T06:29:44+00:00\" \/>\n<meta property=\"article:modified_time\" content=\"2025-10-15T01:20:41+00:00\" \/>\n<meta property=\"og:image\" content=\"https:\/\/centcols.org\/wp-content\/uploads\/2010\/04\/geraingeenens.jpg\" \/>\n\t<meta property=\"og:image:width\" content=\"700\" \/>\n\t<meta property=\"og:image:height\" content=\"525\" \/>\n\t<meta property=\"og:image:type\" content=\"image\/jpeg\" \/>\n<meta name=\"author\" content=\"fabien\" \/>\n<meta name=\"twitter:card\" content=\"summary_large_image\" \/>\n<meta name=\"twitter:label1\" content=\"Geschreven door\" \/>\n\t<meta name=\"twitter:data1\" content=\"fabien\" \/>\n\t<meta name=\"twitter:label2\" content=\"Geschatte leestijd\" \/>\n\t<meta name=\"twitter:data2\" content=\"3 minuten\" \/>\n<script type=\"application\/ld+json\" class=\"yoast-schema-graph\">{\"@context\":\"https:\/\/schema.org\",\"@graph\":[{\"@type\":\"Article\",\"@id\":\"https:\/\/centcols.org\/hommage-a-germain-geenens\/#article\",\"isPartOf\":{\"@id\":\"https:\/\/centcols.org\/hommage-a-germain-geenens\/\"},\"author\":{\"name\":\"fabien\",\"@id\":\"https:\/\/centcols.org\/#\/schema\/person\/fcdb31e57ffa95295c9683ffdda82afa\"},\"headline\":\"Hommage \u00e0 Germain Geenens\",\"datePublished\":\"2010-04-23T06:29:44+00:00\",\"dateModified\":\"2025-10-15T01:20:41+00:00\",\"mainEntityOfPage\":{\"@id\":\"https:\/\/centcols.org\/hommage-a-germain-geenens\/\"},\"wordCount\":510,\"commentCount\":0,\"publisher\":{\"@id\":\"https:\/\/centcols.org\/#organization\"},\"image\":{\"@id\":\"https:\/\/centcols.org\/hommage-a-germain-geenens\/#primaryimage\"},\"thumbnailUrl\":\"https:\/\/centcols.org\/wp-content\/uploads\/2010\/04\/geraingeenens.jpg\",\"articleSection\":[\"Carnet noir\"],\"inLanguage\":\"nl-BE\",\"potentialAction\":[{\"@type\":\"CommentAction\",\"name\":\"Comment\",\"target\":[\"https:\/\/centcols.org\/hommage-a-germain-geenens\/#respond\"]}]},{\"@type\":\"WebPage\",\"@id\":\"https:\/\/centcols.org\/hommage-a-germain-geenens\/\",\"url\":\"https:\/\/centcols.org\/hommage-a-germain-geenens\/\",\"name\":\"Hommage \u00e0 Germain Geenens - Club des Cent Cols\",\"isPartOf\":{\"@id\":\"https:\/\/centcols.org\/#website\"},\"primaryImageOfPage\":{\"@id\":\"https:\/\/centcols.org\/hommage-a-germain-geenens\/#primaryimage\"},\"image\":{\"@id\":\"https:\/\/centcols.org\/hommage-a-germain-geenens\/#primaryimage\"},\"thumbnailUrl\":\"https:\/\/centcols.org\/wp-content\/uploads\/2010\/04\/geraingeenens.jpg\",\"datePublished\":\"2010-04-23T06:29:44+00:00\",\"dateModified\":\"2025-10-15T01:20:41+00:00\",\"breadcrumb\":{\"@id\":\"https:\/\/centcols.org\/hommage-a-germain-geenens\/#breadcrumb\"},\"inLanguage\":\"nl-BE\",\"potentialAction\":[{\"@type\":\"ReadAction\",\"target\":[\"https:\/\/centcols.org\/hommage-a-germain-geenens\/\"]}]},{\"@type\":\"ImageObject\",\"inLanguage\":\"nl-BE\",\"@id\":\"https:\/\/centcols.org\/hommage-a-germain-geenens\/#primaryimage\",\"url\":\"https:\/\/centcols.org\/wp-content\/uploads\/2010\/04\/geraingeenens.jpg\",\"contentUrl\":\"https:\/\/centcols.org\/wp-content\/uploads\/2010\/04\/geraingeenens.jpg\",\"width\":700,\"height\":525,\"caption\":\"Germain Geenens et Marcel Lef\u00eavre\"},{\"@type\":\"BreadcrumbList\",\"@id\":\"https:\/\/centcols.org\/hommage-a-germain-geenens\/#breadcrumb\",\"itemListElement\":[{\"@type\":\"ListItem\",\"position\":1,\"name\":\"Accueil\",\"item\":\"https:\/\/centcols.org\/\"},{\"@type\":\"ListItem\",\"position\":2,\"name\":\"Gazette\",\"item\":\"https:\/\/centcols.org\/rubrique\/gazette\/\"},{\"@type\":\"ListItem\",\"position\":3,\"name\":\"Carnet noir\",\"item\":\"https:\/\/centcols.org\/rubrique\/gazette\/carnet-noir\/\"},{\"@type\":\"ListItem\",\"position\":4,\"name\":\"Hommage \u00e0 Germain Geenens\"}]},{\"@type\":\"WebSite\",\"@id\":\"https:\/\/centcols.org\/#website\",\"url\":\"https:\/\/centcols.org\/\",\"name\":\"Club des Cent Cols\",\"description\":\"\",\"publisher\":{\"@id\":\"https:\/\/centcols.org\/#organization\"},\"potentialAction\":[{\"@type\":\"SearchAction\",\"target\":{\"@type\":\"EntryPoint\",\"urlTemplate\":\"https:\/\/centcols.org\/?s={search_term_string}\"},\"query-input\":{\"@type\":\"PropertyValueSpecification\",\"valueRequired\":true,\"valueName\":\"search_term_string\"}}],\"inLanguage\":\"nl-BE\"},{\"@type\":\"Organization\",\"@id\":\"https:\/\/centcols.org\/#organization\",\"name\":\"Club des Cent Cols\",\"url\":\"https:\/\/centcols.org\/\",\"logo\":{\"@type\":\"ImageObject\",\"inLanguage\":\"nl-BE\",\"@id\":\"https:\/\/centcols.org\/#\/schema\/logo\/image\/\",\"url\":\"https:\/\/centcols.org\/wp-content\/uploads\/2025\/01\/carte-icone.png\",\"contentUrl\":\"https:\/\/centcols.org\/wp-content\/uploads\/2025\/01\/carte-icone.png\",\"width\":250,\"height\":250,\"caption\":\"Club des Cent Cols\"},\"image\":{\"@id\":\"https:\/\/centcols.org\/#\/schema\/logo\/image\/\"},\"sameAs\":[\"https:\/\/www.facebook.com\/groups\/5261880558\/?locale=fr_FR\"]},{\"@type\":\"Person\",\"@id\":\"https:\/\/centcols.org\/#\/schema\/person\/fcdb31e57ffa95295c9683ffdda82afa\",\"name\":\"fabien\",\"image\":{\"@type\":\"ImageObject\",\"inLanguage\":\"nl-BE\",\"@id\":\"https:\/\/centcols.org\/wp-content\/litespeed\/avatar\/9065528d4c1ba02f0faf2b7616b2a195.jpg?ver=1777225983\",\"url\":\"https:\/\/centcols.org\/wp-content\/litespeed\/avatar\/9065528d4c1ba02f0faf2b7616b2a195.jpg?ver=1777225983\",\"contentUrl\":\"https:\/\/centcols.org\/wp-content\/litespeed\/avatar\/9065528d4c1ba02f0faf2b7616b2a195.jpg?ver=1777225983\",\"caption\":\"fabien\"},\"url\":\"https:\/\/centcols.org\/nl\/author\/fabien\/\"}]}<\/script>\n<!-- \/ Yoast SEO plugin. -->","yoast_head_json":{"title":"Eerbetoon aan Germain Geenens - Club des Cent Cols","robots":{"index":"index","follow":"follow","max-snippet":"max-snippet:-1","max-image-preview":"max-image-preview:large","max-video-preview":"max-video-preview:-1"},"canonical":"https:\/\/centcols.org\/nl\/hommage-aan-germain-geenens\/","og_locale":"nl_BE","og_type":"article","og_title":"Hommage \u00e0 Germain Geenens - Club des Cent Cols","og_description":"Germain Geenens 1947-2010 C&rsquo;est avec une grande tristesse que nous avons appris le d\u00e9c\u00e8s le 11 avril de notre D\u00e9l\u00e9gu\u00e9 National pour la Belgique, Germain Geenens.&nbsp;Les sentiments de son compatriote Yves Pasleau \u00e9voquent ceux de tous ceux qui ont connu Germain et ont roul\u00e9 avec lui : Centcoliste depuis 23 ans, Germain \u00e9tait connu pour [&hellip;]","og_url":"https:\/\/centcols.org\/nl\/hommage-aan-germain-geenens\/","og_site_name":"Club des Cent Cols","article_publisher":"https:\/\/www.facebook.com\/groups\/5261880558\/?locale=fr_FR","article_published_time":"2010-04-23T06:29:44+00:00","article_modified_time":"2025-10-15T01:20:41+00:00","og_image":[{"width":700,"height":525,"url":"https:\/\/centcols.org\/wp-content\/uploads\/2010\/04\/geraingeenens.jpg","type":"image\/jpeg"}],"author":"fabien","twitter_card":"summary_large_image","twitter_misc":{"Geschreven door":"fabien","Geschatte leestijd":"3 minuten"},"schema":{"@context":"https:\/\/schema.org","@graph":[{"@type":"Article","@id":"https:\/\/centcols.org\/hommage-a-germain-geenens\/#article","isPartOf":{"@id":"https:\/\/centcols.org\/hommage-a-germain-geenens\/"},"author":{"name":"fabien","@id":"https:\/\/centcols.org\/#\/schema\/person\/fcdb31e57ffa95295c9683ffdda82afa"},"headline":"Hommage \u00e0 Germain Geenens","datePublished":"2010-04-23T06:29:44+00:00","dateModified":"2025-10-15T01:20:41+00:00","mainEntityOfPage":{"@id":"https:\/\/centcols.org\/hommage-a-germain-geenens\/"},"wordCount":510,"commentCount":0,"publisher":{"@id":"https:\/\/centcols.org\/#organization"},"image":{"@id":"https:\/\/centcols.org\/hommage-a-germain-geenens\/#primaryimage"},"thumbnailUrl":"https:\/\/centcols.org\/wp-content\/uploads\/2010\/04\/geraingeenens.jpg","articleSection":["Carnet noir"],"inLanguage":"nl-BE","potentialAction":[{"@type":"CommentAction","name":"Comment","target":["https:\/\/centcols.org\/hommage-a-germain-geenens\/#respond"]}]},{"@type":"WebPage","@id":"https:\/\/centcols.org\/hommage-a-germain-geenens\/","url":"https:\/\/centcols.org\/hommage-a-germain-geenens\/","name":"Eerbetoon aan Germain Geenens - Club des Cent Cols","isPartOf":{"@id":"https:\/\/centcols.org\/#website"},"primaryImageOfPage":{"@id":"https:\/\/centcols.org\/hommage-a-germain-geenens\/#primaryimage"},"image":{"@id":"https:\/\/centcols.org\/hommage-a-germain-geenens\/#primaryimage"},"thumbnailUrl":"https:\/\/centcols.org\/wp-content\/uploads\/2010\/04\/geraingeenens.jpg","datePublished":"2010-04-23T06:29:44+00:00","dateModified":"2025-10-15T01:20:41+00:00","breadcrumb":{"@id":"https:\/\/centcols.org\/hommage-a-germain-geenens\/#breadcrumb"},"inLanguage":"nl-BE","potentialAction":[{"@type":"ReadAction","target":["https:\/\/centcols.org\/hommage-a-germain-geenens\/"]}]},{"@type":"ImageObject","inLanguage":"nl-BE","@id":"https:\/\/centcols.org\/hommage-a-germain-geenens\/#primaryimage","url":"https:\/\/centcols.org\/wp-content\/uploads\/2010\/04\/geraingeenens.jpg","contentUrl":"https:\/\/centcols.org\/wp-content\/uploads\/2010\/04\/geraingeenens.jpg","width":700,"height":525,"caption":"Germain Geenens et Marcel Lef\u00eavre"},{"@type":"BreadcrumbList","@id":"https:\/\/centcols.org\/hommage-a-germain-geenens\/#breadcrumb","itemListElement":[{"@type":"ListItem","position":1,"name":"Accueil","item":"https:\/\/centcols.org\/"},{"@type":"ListItem","position":2,"name":"Gazette","item":"https:\/\/centcols.org\/rubrique\/gazette\/"},{"@type":"ListItem","position":3,"name":"Carnet noir","item":"https:\/\/centcols.org\/rubrique\/gazette\/carnet-noir\/"},{"@type":"ListItem","position":4,"name":"Hommage \u00e0 Germain Geenens"}]},{"@type":"WebSite","@id":"https:\/\/centcols.org\/#website","url":"https:\/\/centcols.org\/","name":"Club van Cent Cols","description":"","publisher":{"@id":"https:\/\/centcols.org\/#organization"},"potentialAction":[{"@type":"SearchAction","target":{"@type":"EntryPoint","urlTemplate":"https:\/\/centcols.org\/?s={search_term_string}"},"query-input":{"@type":"PropertyValueSpecification","valueRequired":true,"valueName":"search_term_string"}}],"inLanguage":"nl-BE"},{"@type":"Organization","@id":"https:\/\/centcols.org\/#organization","name":"Club van Cent Cols","url":"https:\/\/centcols.org\/","logo":{"@type":"ImageObject","inLanguage":"nl-BE","@id":"https:\/\/centcols.org\/#\/schema\/logo\/image\/","url":"https:\/\/centcols.org\/wp-content\/uploads\/2025\/01\/carte-icone.png","contentUrl":"https:\/\/centcols.org\/wp-content\/uploads\/2025\/01\/carte-icone.png","width":250,"height":250,"caption":"Club des Cent Cols"},"image":{"@id":"https:\/\/centcols.org\/#\/schema\/logo\/image\/"},"sameAs":["https:\/\/www.facebook.com\/groups\/5261880558\/?locale=fr_FR"]},{"@type":"Person","@id":"https:\/\/centcols.org\/#\/schema\/person\/fcdb31e57ffa95295c9683ffdda82afa","name":"fabien","image":{"@type":"ImageObject","inLanguage":"nl-BE","@id":"https:\/\/centcols.org\/wp-content\/litespeed\/avatar\/9065528d4c1ba02f0faf2b7616b2a195.jpg?ver=1777225983","url":"https:\/\/centcols.org\/wp-content\/litespeed\/avatar\/9065528d4c1ba02f0faf2b7616b2a195.jpg?ver=1777225983","contentUrl":"https:\/\/centcols.org\/wp-content\/litespeed\/avatar\/9065528d4c1ba02f0faf2b7616b2a195.jpg?ver=1777225983","caption":"fabien"},"url":"https:\/\/centcols.org\/nl\/author\/fabien\/"}]}},"_links":{"self":[{"href":"https:\/\/centcols.org\/nl\/wp-json\/wp\/v2\/posts\/81027","targetHints":{"allow":["GET"]}}],"collection":[{"href":"https:\/\/centcols.org\/nl\/wp-json\/wp\/v2\/posts"}],"about":[{"href":"https:\/\/centcols.org\/nl\/wp-json\/wp\/v2\/types\/post"}],"author":[{"embeddable":true,"href":"https:\/\/centcols.org\/nl\/wp-json\/wp\/v2\/users\/2"}],"replies":[{"embeddable":true,"href":"https:\/\/centcols.org\/nl\/wp-json\/wp\/v2\/comments?post=81027"}],"version-history":[{"count":0,"href":"https:\/\/centcols.org\/nl\/wp-json\/wp\/v2\/posts\/81027\/revisions"}],"wp:featuredmedia":[{"embeddable":true,"href":"https:\/\/centcols.org\/nl\/wp-json\/wp\/v2\/media\/83676"}],"wp:attachment":[{"href":"https:\/\/centcols.org\/nl\/wp-json\/wp\/v2\/media?parent=81027"}],"wp:term":[{"taxonomy":"category","embeddable":true,"href":"https:\/\/centcols.org\/nl\/wp-json\/wp\/v2\/categories?post=81027"},{"taxonomy":"post_tag","embeddable":true,"href":"https:\/\/centcols.org\/nl\/wp-json\/wp\/v2\/tags?post=81027"}],"curies":[{"name":"wp","href":"https:\/\/api.w.org\/{rel}","templated":true}]}}