{"id":81233,"date":"2015-01-23T10:18:36","date_gmt":"2015-01-23T08:18:36","guid":{"rendered":"https:\/\/centcols.org\/sejour-de-printemps-a-gilette-alpes-maritimes-du-18-au-25-avril-2015\/"},"modified":"2025-10-15T03:33:46","modified_gmt":"2025-10-15T01:33:46","slug":"verblijf-2015-gilette","status":"publish","type":"post","link":"https:\/\/centcols.org\/nl\/sejour-2015-gilette\/","title":{"rendered":"Voorjaarsvakantie in Gilette (Alpes-Maritimes) van 18 tot 25 april 2015"},"content":{"rendered":"<h2 class=\"wp-block-heading\">Presentatie<\/h2>\n\n\n\n<p>De voorjaarsvakantie 2015 vindt plaats van 18 tot 25 april op Domaine de l'Olivaie, een vakantiecentrum van de UVLF (Union Loisirs Vacances Familles) in Gilette, een klein dorpje in het achterland van Nice dat op een heuvel (459 m) ligt en uitkijkt over de valleien van de Var en Est\u00e9ron.<br>Dit dorp van 1500 zielen ligt op 35 km van Nice en 30 km van het Nationaal Park Mercantour, dat in 1979 werd opgericht. Het Nationaal Park Mercantour maakt deel uit van het project \u00abAlpes de la Mer\u00bb, dat geassocieerd is met andere grensoverschrijdende beschermde gebieden, en is bezig zijn grondgebied te classificeren als UNESCO-werelderfgoed.<br>Het dorp Gilette wordt gedomineerd door het Ch\u00e2teau de l'Aiguille, gebouwd in de 12e eeuw door Alphonse I op de hoogten om te ontsnappen aan de Saracenen, zoals in veel dorpen in de regio. Het was het toneel van historische gebeurtenissen, waaronder het verraad van het Huis van Savoye door de familie Grimaldi de Bueil (auteurs van de akte van overgave van het graafschap Nice) in 1526 en de Franse Revolutie in 1793.<\/p>\n\n\n\n<figure class=\"wp-block-gallery has-nested-images columns-3 is-cropped wp-block-gallery-1 is-layout-flex wp-block-gallery-is-layout-flex\">\n<figure class=\"wp-block-image size-full\"><img loading=\"lazy\" decoding=\"async\" width=\"240\" height=\"160\" data-id=\"88779\" src=\"https:\/\/centcols.org\/wp-content\/uploads\/2015\/01\/gilette1.jpg\" alt=\"\" class=\"wp-image-88779\"\/><figcaption class=\"wp-element-caption\">Gilette vanaf de weg naar Roquest\u00e9ron<\/figcaption><\/figure>\n\n\n\n<figure class=\"wp-block-image size-full\"><img loading=\"lazy\" decoding=\"async\" width=\"200\" height=\"220\" data-id=\"88780\" src=\"https:\/\/centcols.org\/wp-content\/uploads\/2015\/01\/gilette.png\" alt=\"\" class=\"wp-image-88780\"\/><figcaption class=\"wp-element-caption\">Vest<\/figcaption><\/figure>\n\n\n\n<figure class=\"wp-block-image size-full\"><img loading=\"lazy\" decoding=\"async\" width=\"240\" height=\"160\" data-id=\"88781\" src=\"https:\/\/centcols.org\/wp-content\/uploads\/2015\/01\/gilette2.jpg\" alt=\"\" class=\"wp-image-88781\"\/><figcaption class=\"wp-element-caption\">Gilette komend van de Charles-Albert brug<\/figcaption><\/figure>\n<\/figure>\n\n\n\n<h2 class=\"wp-block-heading\">Rondleidingen<\/h2>\n\n\n\n<p>De <a href=\"\/nl\/membres\/cctours\/tours.php\/?lieu=Gilette&amp;an=2015\">fietsroutes<\/a> (<a href=\"\/nl\/membres\/cctours\/tours.php\/?lieu=Gilette&amp;an=2015&amp;genre=R\">weg<\/a> en <a href=\"\/nl\/membres\/cctours\/tours.php\/?lieu=Gilette&amp;an=2015&amp;genre=V\">MOUNTAINBIKE<\/a>) brengt je van mediterrane landschappen met olijfbomen, palmbomen en bloemen naar alpiene landschappen. Het Barrot- en Argenteramassief stammen uit hetzelfde geologische tijdperk als het Alpenmassief. De Pays d'Azur begint op zeeniveau en bereikt de Pic du G\u00e9las op 3143 m en de passen Restefond, Bonette en Tende (Route Royale du Sel). Er zijn maar liefst 644 passen in het departement Alpes-Maritimes, waarvan 213 hoger zijn dan 2000 meter. De meeste daarvan liggen in het Nationaal Park Mercantour, maar buiten het park zijn er genoeg geautoriseerde wegen, paden en trails om alle mountainbikeliefhebbers tevreden te stellen. Meer informatie volgt te zijner tijd.<\/p>\n\n\n\n<h2 class=\"wp-block-heading\">Rijcursus<\/h2>\n\n\n\n<p>Een mountainbike rijcursus is beschikbaar voor deelnemers. Deze kan worden gecombineerd met een van de geplande routes. Meer informatie is beschikbaar op het inschrijfformulier voor deze cursus.<\/p>\n\n\n\n<h2 class=\"wp-block-heading\">Hosting<\/h2>\n\n\n\n<p>Le <a href=\"https:\/\/www.vacances-ulvf.com\/vacances-ulvf-le-domaine-de-lolivaie\/\" target=\"_blank\" rel=\"noreferrer noopener\">Domaine de l'Olivaie<\/a> ligt aan de ingang van het dorp midden in een 400 jaar oude olijfgaard en heeft 83 kamers.<\/p>\n\n\n\n<h2 class=\"wp-block-heading\">Registratie<\/h2>\n\n\n\n<p>Download het PDF registratieformulier en volg de instructies om je in te schrijven.<\/p>\n\n\n\n<h3 class=\"wp-block-heading\">Fotocredits<\/h3>\n\n\n\n<p>De foto's zijn gemaakt door Jean-Philippe Chevreau, vanuit een prachtige <a href=\"https:\/\/www.flickr.com\/photos\/77576894@N05\/sets\/72157648246186051\/\" target=\"_blank\" rel=\"noreferrer noopener\">diavoorstelling<\/a> op Gilette. Inclusief een bord dat waarschijnlijk meer dan \u00e9\u00e9n Cent-Cols zal interesseren...<\/p>\n\n\n\n<h2 class=\"wp-block-heading\">Circuits<\/h2>\n\n\n\n<p><a href=\"https:\/\/centcols.org\/nl\/membres\/cctours\/tours.php\/?lieu=Gilette&amp;an=2015&amp;genre=R\">Link naar circuits.<\/a><\/p>","protected":false},"excerpt":{"rendered":"<p>Pr\u00e9sentation Le s\u00e9jour de printemps 2015 se d\u00e9roulera du 18 au 25 avril au \u00abDomaine de l&rsquo;Olivaie\u00bb, centre de vacances UVLF (Union Loisirs Vacances Familles) \u00e0 Gilette, un petit village de l&rsquo;arri\u00e8re-pays ni\u00e7ois perch\u00e9 sur les hauteurs (459 m) qui domine les vall\u00e9es du Var et de l&rsquo;Est\u00e9ron.Ce village comptant 1500 \u00e2mes est situ\u00e9 \u00e0 [&hellip;]<\/p>\n","protected":false},"author":3,"featured_media":88779,"comment_status":"closed","ping_status":"closed","sticky":false,"template":"","format":"standard","meta":{"_acf_changed":false,"footnotes":""},"categories":[349,353,418,355,135,231],"tags":[],"class_list":["post-81233","post","type-post","status-publish","format-standard","has-post-thumbnail","hentry","category-france-pays-sejours","category-alpes-francaises-du-sud-massif-sejours","category-06-alpes-maritimes-departement-sejours","category-provence-alpes-cote-dazur-region-sejours","category-calendrier","category-sejours"],"acf":[],"yoast_head":"<!-- This site is optimized with the Yoast SEO plugin v27.2 - https:\/\/yoast.com\/product\/yoast-seo-wordpress\/ -->\n<title>S\u00e9jour de printemps \u00e0 Gilette (Alpes-Maritimes) du 18 au 25 avril 2015 - Club des Cent Cols<\/title>\n<meta name=\"robots\" content=\"index, follow, max-snippet:-1, max-image-preview:large, max-video-preview:-1\" \/>\n<link rel=\"canonical\" href=\"https:\/\/centcols.org\/nl\/verblijf-2015-gilette\/\" \/>\n<meta property=\"og:locale\" content=\"nl_BE\" \/>\n<meta property=\"og:type\" content=\"article\" \/>\n<meta property=\"og:title\" content=\"S\u00e9jour de printemps \u00e0 Gilette (Alpes-Maritimes) du 18 au 25 avril 2015 - Club des Cent Cols\" \/>\n<meta property=\"og:description\" content=\"Pr\u00e9sentation Le s\u00e9jour de printemps 2015 se d\u00e9roulera du 18 au 25 avril au \u00abDomaine de l&rsquo;Olivaie\u00bb, centre de vacances UVLF (Union Loisirs Vacances Familles) \u00e0 Gilette, un petit village de l&rsquo;arri\u00e8re-pays ni\u00e7ois perch\u00e9 sur les hauteurs (459 m) qui domine les vall\u00e9es du Var et de l&rsquo;Est\u00e9ron.Ce village comptant 1500 \u00e2mes est situ\u00e9 \u00e0 [&hellip;]\" \/>\n<meta property=\"og:url\" content=\"https:\/\/centcols.org\/nl\/verblijf-2015-gilette\/\" \/>\n<meta property=\"og:site_name\" content=\"Club des Cent Cols\" \/>\n<meta property=\"article:publisher\" content=\"https:\/\/www.facebook.com\/groups\/5261880558\/?locale=fr_FR\" \/>\n<meta property=\"article:published_time\" content=\"2015-01-23T08:18:36+00:00\" \/>\n<meta property=\"article:modified_time\" content=\"2025-10-15T01:33:46+00:00\" \/>\n<meta property=\"og:image\" content=\"https:\/\/centcols.org\/wp-content\/uploads\/2015\/01\/gilette1.jpg\" \/>\n\t<meta property=\"og:image:width\" content=\"240\" \/>\n\t<meta property=\"og:image:height\" content=\"160\" \/>\n\t<meta property=\"og:image:type\" content=\"image\/jpeg\" \/>\n<meta name=\"author\" content=\"Webmestre\" \/>\n<meta name=\"twitter:card\" content=\"summary_large_image\" \/>\n<meta name=\"twitter:label1\" content=\"Geschreven door\" \/>\n\t<meta name=\"twitter:data1\" content=\"Webmestre\" \/>\n\t<meta name=\"twitter:label2\" content=\"Geschatte leestijd\" \/>\n\t<meta name=\"twitter:data2\" content=\"4 minuten\" \/>\n<script type=\"application\/ld+json\" class=\"yoast-schema-graph\">{\"@context\":\"https:\/\/schema.org\",\"@graph\":[{\"@type\":\"Article\",\"@id\":\"https:\/\/centcols.org\/sejour-2015-gilette\/#article\",\"isPartOf\":{\"@id\":\"https:\/\/centcols.org\/sejour-2015-gilette\/\"},\"author\":{\"name\":\"Webmestre\",\"@id\":\"https:\/\/centcols.org\/#\/schema\/person\/911b404fb133d8c913dd27cdcf71c8e5\"},\"headline\":\"S\u00e9jour de printemps \u00e0 Gilette (Alpes-Maritimes) du 18 au 25 avril 2015\",\"datePublished\":\"2015-01-23T08:18:36+00:00\",\"dateModified\":\"2025-10-15T01:33:46+00:00\",\"mainEntityOfPage\":{\"@id\":\"https:\/\/centcols.org\/sejour-2015-gilette\/\"},\"wordCount\":479,\"publisher\":{\"@id\":\"https:\/\/centcols.org\/#organization\"},\"image\":{\"@id\":\"https:\/\/centcols.org\/sejour-2015-gilette\/#primaryimage\"},\"thumbnailUrl\":\"https:\/\/centcols.org\/wp-content\/uploads\/2015\/01\/gilette1.jpg\",\"articleSection\":[\"France\",\"Alpes fran\u00e7aises du sud\",\"06-Alpes-Maritimes\",\"Provence-Alpes-C\u00f4te d'Azur\",\"Calendrier\",\"S\u00e9jours du Club des Cent Cols\"],\"inLanguage\":\"nl-BE\"},{\"@type\":\"WebPage\",\"@id\":\"https:\/\/centcols.org\/sejour-2015-gilette\/\",\"url\":\"https:\/\/centcols.org\/sejour-2015-gilette\/\",\"name\":\"S\u00e9jour de printemps \u00e0 Gilette (Alpes-Maritimes) du 18 au 25 avril 2015 - Club des Cent Cols\",\"isPartOf\":{\"@id\":\"https:\/\/centcols.org\/#website\"},\"primaryImageOfPage\":{\"@id\":\"https:\/\/centcols.org\/sejour-2015-gilette\/#primaryimage\"},\"image\":{\"@id\":\"https:\/\/centcols.org\/sejour-2015-gilette\/#primaryimage\"},\"thumbnailUrl\":\"https:\/\/centcols.org\/wp-content\/uploads\/2015\/01\/gilette1.jpg\",\"datePublished\":\"2015-01-23T08:18:36+00:00\",\"dateModified\":\"2025-10-15T01:33:46+00:00\",\"breadcrumb\":{\"@id\":\"https:\/\/centcols.org\/sejour-2015-gilette\/#breadcrumb\"},\"inLanguage\":\"nl-BE\",\"potentialAction\":[{\"@type\":\"ReadAction\",\"target\":[\"https:\/\/centcols.org\/sejour-2015-gilette\/\"]}]},{\"@type\":\"ImageObject\",\"inLanguage\":\"nl-BE\",\"@id\":\"https:\/\/centcols.org\/sejour-2015-gilette\/#primaryimage\",\"url\":\"https:\/\/centcols.org\/wp-content\/uploads\/2015\/01\/gilette1.jpg\",\"contentUrl\":\"https:\/\/centcols.org\/wp-content\/uploads\/2015\/01\/gilette1.jpg\",\"width\":240,\"height\":160},{\"@type\":\"BreadcrumbList\",\"@id\":\"https:\/\/centcols.org\/sejour-2015-gilette\/#breadcrumb\",\"itemListElement\":[{\"@type\":\"ListItem\",\"position\":1,\"name\":\"Accueil\",\"item\":\"https:\/\/centcols.org\/\"},{\"@type\":\"ListItem\",\"position\":2,\"name\":\"S\u00e9jours du Club des Cent Cols\",\"item\":\"https:\/\/centcols.org\/rubrique\/sejours\/\"},{\"@type\":\"ListItem\",\"position\":3,\"name\":\"Pays\",\"item\":\"https:\/\/centcols.org\/rubrique\/sejours\/pays-sejours\/\"},{\"@type\":\"ListItem\",\"position\":4,\"name\":\"France\",\"item\":\"https:\/\/centcols.org\/rubrique\/sejours\/pays-sejours\/france-pays-sejours\/\"},{\"@type\":\"ListItem\",\"position\":5,\"name\":\"S\u00e9jour de printemps \u00e0 Gilette (Alpes-Maritimes) du 18 au 25 avril 2015\"}]},{\"@type\":\"WebSite\",\"@id\":\"https:\/\/centcols.org\/#website\",\"url\":\"https:\/\/centcols.org\/\",\"name\":\"Club des Cent Cols\",\"description\":\"\",\"publisher\":{\"@id\":\"https:\/\/centcols.org\/#organization\"},\"potentialAction\":[{\"@type\":\"SearchAction\",\"target\":{\"@type\":\"EntryPoint\",\"urlTemplate\":\"https:\/\/centcols.org\/?s={search_term_string}\"},\"query-input\":{\"@type\":\"PropertyValueSpecification\",\"valueRequired\":true,\"valueName\":\"search_term_string\"}}],\"inLanguage\":\"nl-BE\"},{\"@type\":\"Organization\",\"@id\":\"https:\/\/centcols.org\/#organization\",\"name\":\"Club des Cent Cols\",\"url\":\"https:\/\/centcols.org\/\",\"logo\":{\"@type\":\"ImageObject\",\"inLanguage\":\"nl-BE\",\"@id\":\"https:\/\/centcols.org\/#\/schema\/logo\/image\/\",\"url\":\"https:\/\/centcols.org\/wp-content\/uploads\/2025\/01\/carte-icone.png\",\"contentUrl\":\"https:\/\/centcols.org\/wp-content\/uploads\/2025\/01\/carte-icone.png\",\"width\":250,\"height\":250,\"caption\":\"Club des Cent Cols\"},\"image\":{\"@id\":\"https:\/\/centcols.org\/#\/schema\/logo\/image\/\"},\"sameAs\":[\"https:\/\/www.facebook.com\/groups\/5261880558\/?locale=fr_FR\"]},{\"@type\":\"Person\",\"@id\":\"https:\/\/centcols.org\/#\/schema\/person\/911b404fb133d8c913dd27cdcf71c8e5\",\"name\":\"Webmestre\",\"image\":{\"@type\":\"ImageObject\",\"inLanguage\":\"nl-BE\",\"@id\":\"https:\/\/centcols.org\/wp-content\/litespeed\/avatar\/2d246e4b6b4f773e08515e1ffc53690b.jpg?ver=1777222892\",\"url\":\"https:\/\/centcols.org\/wp-content\/litespeed\/avatar\/2d246e4b6b4f773e08515e1ffc53690b.jpg?ver=1777222892\",\"contentUrl\":\"https:\/\/centcols.org\/wp-content\/litespeed\/avatar\/2d246e4b6b4f773e08515e1ffc53690b.jpg?ver=1777222892\",\"caption\":\"Webmestre\"},\"url\":\"https:\/\/centcols.org\/nl\/author\/webmestre\/\"}]}<\/script>\n<!-- \/ Yoast SEO plugin. -->","yoast_head_json":{"title":"Voorjaarsvakantie in Gilette (Alpes-Maritimes) van 18 tot 25 april 2015 - Club des Cent Cols","robots":{"index":"index","follow":"follow","max-snippet":"max-snippet:-1","max-image-preview":"max-image-preview:large","max-video-preview":"max-video-preview:-1"},"canonical":"https:\/\/centcols.org\/nl\/verblijf-2015-gilette\/","og_locale":"nl_BE","og_type":"article","og_title":"S\u00e9jour de printemps \u00e0 Gilette (Alpes-Maritimes) du 18 au 25 avril 2015 - Club des Cent Cols","og_description":"Pr\u00e9sentation Le s\u00e9jour de printemps 2015 se d\u00e9roulera du 18 au 25 avril au \u00abDomaine de l&rsquo;Olivaie\u00bb, centre de vacances UVLF (Union Loisirs Vacances Familles) \u00e0 Gilette, un petit village de l&rsquo;arri\u00e8re-pays ni\u00e7ois perch\u00e9 sur les hauteurs (459 m) qui domine les vall\u00e9es du Var et de l&rsquo;Est\u00e9ron.Ce village comptant 1500 \u00e2mes est situ\u00e9 \u00e0 [&hellip;]","og_url":"https:\/\/centcols.org\/nl\/verblijf-2015-gilette\/","og_site_name":"Club des Cent Cols","article_publisher":"https:\/\/www.facebook.com\/groups\/5261880558\/?locale=fr_FR","article_published_time":"2015-01-23T08:18:36+00:00","article_modified_time":"2025-10-15T01:33:46+00:00","og_image":[{"width":240,"height":160,"url":"https:\/\/centcols.org\/wp-content\/uploads\/2015\/01\/gilette1.jpg","type":"image\/jpeg"}],"author":"Webmestre","twitter_card":"summary_large_image","twitter_misc":{"Geschreven door":"Webmestre","Geschatte leestijd":"4 minuten"},"schema":{"@context":"https:\/\/schema.org","@graph":[{"@type":"Article","@id":"https:\/\/centcols.org\/sejour-2015-gilette\/#article","isPartOf":{"@id":"https:\/\/centcols.org\/sejour-2015-gilette\/"},"author":{"name":"Webmestre","@id":"https:\/\/centcols.org\/#\/schema\/person\/911b404fb133d8c913dd27cdcf71c8e5"},"headline":"S\u00e9jour de printemps \u00e0 Gilette (Alpes-Maritimes) du 18 au 25 avril 2015","datePublished":"2015-01-23T08:18:36+00:00","dateModified":"2025-10-15T01:33:46+00:00","mainEntityOfPage":{"@id":"https:\/\/centcols.org\/sejour-2015-gilette\/"},"wordCount":479,"publisher":{"@id":"https:\/\/centcols.org\/#organization"},"image":{"@id":"https:\/\/centcols.org\/sejour-2015-gilette\/#primaryimage"},"thumbnailUrl":"https:\/\/centcols.org\/wp-content\/uploads\/2015\/01\/gilette1.jpg","articleSection":["France","Alpes fran\u00e7aises du sud","06-Alpes-Maritimes","Provence-Alpes-C\u00f4te d'Azur","Calendrier","S\u00e9jours du Club des Cent Cols"],"inLanguage":"nl-BE"},{"@type":"WebPage","@id":"https:\/\/centcols.org\/sejour-2015-gilette\/","url":"https:\/\/centcols.org\/sejour-2015-gilette\/","name":"Voorjaarsvakantie in Gilette (Alpes-Maritimes) van 18 tot 25 april 2015 - Club des Cent Cols","isPartOf":{"@id":"https:\/\/centcols.org\/#website"},"primaryImageOfPage":{"@id":"https:\/\/centcols.org\/sejour-2015-gilette\/#primaryimage"},"image":{"@id":"https:\/\/centcols.org\/sejour-2015-gilette\/#primaryimage"},"thumbnailUrl":"https:\/\/centcols.org\/wp-content\/uploads\/2015\/01\/gilette1.jpg","datePublished":"2015-01-23T08:18:36+00:00","dateModified":"2025-10-15T01:33:46+00:00","breadcrumb":{"@id":"https:\/\/centcols.org\/sejour-2015-gilette\/#breadcrumb"},"inLanguage":"nl-BE","potentialAction":[{"@type":"ReadAction","target":["https:\/\/centcols.org\/sejour-2015-gilette\/"]}]},{"@type":"ImageObject","inLanguage":"nl-BE","@id":"https:\/\/centcols.org\/sejour-2015-gilette\/#primaryimage","url":"https:\/\/centcols.org\/wp-content\/uploads\/2015\/01\/gilette1.jpg","contentUrl":"https:\/\/centcols.org\/wp-content\/uploads\/2015\/01\/gilette1.jpg","width":240,"height":160},{"@type":"BreadcrumbList","@id":"https:\/\/centcols.org\/sejour-2015-gilette\/#breadcrumb","itemListElement":[{"@type":"ListItem","position":1,"name":"Accueil","item":"https:\/\/centcols.org\/"},{"@type":"ListItem","position":2,"name":"S\u00e9jours du Club des Cent Cols","item":"https:\/\/centcols.org\/rubrique\/sejours\/"},{"@type":"ListItem","position":3,"name":"Pays","item":"https:\/\/centcols.org\/rubrique\/sejours\/pays-sejours\/"},{"@type":"ListItem","position":4,"name":"France","item":"https:\/\/centcols.org\/rubrique\/sejours\/pays-sejours\/france-pays-sejours\/"},{"@type":"ListItem","position":5,"name":"S\u00e9jour de printemps \u00e0 Gilette (Alpes-Maritimes) du 18 au 25 avril 2015"}]},{"@type":"WebSite","@id":"https:\/\/centcols.org\/#website","url":"https:\/\/centcols.org\/","name":"Club van Cent Cols","description":"","publisher":{"@id":"https:\/\/centcols.org\/#organization"},"potentialAction":[{"@type":"SearchAction","target":{"@type":"EntryPoint","urlTemplate":"https:\/\/centcols.org\/?s={search_term_string}"},"query-input":{"@type":"PropertyValueSpecification","valueRequired":true,"valueName":"search_term_string"}}],"inLanguage":"nl-BE"},{"@type":"Organization","@id":"https:\/\/centcols.org\/#organization","name":"Club van Cent Cols","url":"https:\/\/centcols.org\/","logo":{"@type":"ImageObject","inLanguage":"nl-BE","@id":"https:\/\/centcols.org\/#\/schema\/logo\/image\/","url":"https:\/\/centcols.org\/wp-content\/uploads\/2025\/01\/carte-icone.png","contentUrl":"https:\/\/centcols.org\/wp-content\/uploads\/2025\/01\/carte-icone.png","width":250,"height":250,"caption":"Club des Cent Cols"},"image":{"@id":"https:\/\/centcols.org\/#\/schema\/logo\/image\/"},"sameAs":["https:\/\/www.facebook.com\/groups\/5261880558\/?locale=fr_FR"]},{"@type":"Person","@id":"https:\/\/centcols.org\/#\/schema\/person\/911b404fb133d8c913dd27cdcf71c8e5","name":"Webmaster","image":{"@type":"ImageObject","inLanguage":"nl-BE","@id":"https:\/\/centcols.org\/wp-content\/litespeed\/avatar\/2d246e4b6b4f773e08515e1ffc53690b.jpg?ver=1777222892","url":"https:\/\/centcols.org\/wp-content\/litespeed\/avatar\/2d246e4b6b4f773e08515e1ffc53690b.jpg?ver=1777222892","contentUrl":"https:\/\/centcols.org\/wp-content\/litespeed\/avatar\/2d246e4b6b4f773e08515e1ffc53690b.jpg?ver=1777222892","caption":"Webmestre"},"url":"https:\/\/centcols.org\/nl\/author\/webmestre\/"}]}},"_links":{"self":[{"href":"https:\/\/centcols.org\/nl\/wp-json\/wp\/v2\/posts\/81233","targetHints":{"allow":["GET"]}}],"collection":[{"href":"https:\/\/centcols.org\/nl\/wp-json\/wp\/v2\/posts"}],"about":[{"href":"https:\/\/centcols.org\/nl\/wp-json\/wp\/v2\/types\/post"}],"author":[{"embeddable":true,"href":"https:\/\/centcols.org\/nl\/wp-json\/wp\/v2\/users\/3"}],"replies":[{"embeddable":true,"href":"https:\/\/centcols.org\/nl\/wp-json\/wp\/v2\/comments?post=81233"}],"version-history":[{"count":0,"href":"https:\/\/centcols.org\/nl\/wp-json\/wp\/v2\/posts\/81233\/revisions"}],"wp:featuredmedia":[{"embeddable":true,"href":"https:\/\/centcols.org\/nl\/wp-json\/wp\/v2\/media\/88779"}],"wp:attachment":[{"href":"https:\/\/centcols.org\/nl\/wp-json\/wp\/v2\/media?parent=81233"}],"wp:term":[{"taxonomy":"category","embeddable":true,"href":"https:\/\/centcols.org\/nl\/wp-json\/wp\/v2\/categories?post=81233"},{"taxonomy":"post_tag","embeddable":true,"href":"https:\/\/centcols.org\/nl\/wp-json\/wp\/v2\/tags?post=81233"}],"curies":[{"name":"wp","href":"https:\/\/api.w.org\/{rel}","templated":true}]}}