{"id":81384,"date":"2015-04-10T17:25:08","date_gmt":"2015-04-10T15:25:08","guid":{"rendered":"https:\/\/centcols.org\/sejour-estival-a-villefort-lozere-du-22-au-30-aout-2015\/"},"modified":"2025-09-01T18:32:14","modified_gmt":"2025-09-01T16:32:14","slug":"verblijf-2015-villefort","status":"publish","type":"post","link":"https:\/\/centcols.org\/nl\/sejour-2015-villefort\/","title":{"rendered":"Zomervakantie in Villefort (Loz\u00e8re) van 22 tot 30 augustus 2015"},"content":{"rendered":"<h2 class=\"wp-block-heading\">Fotoalbums<\/h2>\n\n\n\n<p><a href=\"#album\">Klik om de albums te bekijken<\/a><\/p>\n\n\n\n<h2 class=\"wp-block-heading\">Presentatie<\/h2>\n\n\n\n<p>De zomervakantie 2015 vindt plaats van 22 tot 30 augustus in het \u00ab<a href=\"http:\/\/www.sedaries.com\/www.sedaries.com\/SEDARIES.htm\" target=\"_blank\" rel=\"noopener\">Mas S\u00e9dari\u00e8s<\/a>\u00bbin de gemeente Villefort.<\/p>\n\n\n\n<p>De regio Villefort ligt ten zuiden van de G\u00e9vaudan, op slechts enkele arpenten van de Gard en de Ard\u00e8che. Het onthult het gezicht van de Loz\u00e8re C\u00e9venne. Het is een relatief ruig kluwen van \u00abserres\u00bb en \u00abvalats\u00bb, een moeilijk en ruig land. Na jaren van leegloop van het platteland wordt de huidige bevolking verrijkt door bijdragen van buitenaf, aangemoedigd door moderne technologie. De eeuwenoude kastanjebomen staan er nog steeds, getuigen van een agrarisch epos dat nu tot het verleden behoort. Verder naar het zuiden herinneren zijdemolens en de overblijfselen van kolenmijnen aan welvarende tijden waarin werk alle generaties voedde.<\/p>\n\n\n\n<p>De waterscheiding op de top van de Mont Loz\u00e8re verdeelt de regenval; de Tarn en de Lot stromen westwaarts, terwijl de C\u00e8ze en de Gardon samenvloeien met de Middellandse Zee. Op de hoogvlakten geven immense granieten chaotische formaties een rijk landschap aan dit land verloren in de hemel. In de lente verlichten de bremheide de hellingen van deze kale berg. Maar in de nazomer is het het paars en roze van de heide dat het oog van de fervente fietser zal verrukken. De kastanjebogues (p\u00e9loux) zullen binnenkort rijp zijn en de takken van deze boom, die sinds mensenheugenis wordt vereerd en bekend staat als de \u00abbroodboom\u00bb, verzwaren.<\/p>\n\n\n\n<p>Dit is een land met een rijke geschiedenis. Vanaf de Middeleeuwen gaf de weg van de R\u00e9gordane de streek zijn belang. Hoewel de dorpen vandaag de dag rustig en vredig zijn, hebben de godsdienstoorlogen de mensen verwoest. Het was in Pont-de-Montvert in 1702 dat het conflict uitbrak met de moord op de Abb\u00e9 du Chayla. Zoals bij elke burgeroorlog duurde het lang voordat de aangerichte schade en de geleden vooroordelen uit het geheugen verdwenen waren. Tolerantie en gewetensvrijheid zijn nauw verbonden met de Cevennen. De geschiedenis herhaalde zich tijdens de Tweede Wereldoorlog. Vanaf de eerste uren van het conflict kreeg het verzet een gunstig onthaal. Na verloop van tijd organiseerde het zich tot het \u00ableger van de schaduwen\u00bb. \u00abDe roman Un homme de trop van Jean-Pierre Chabrol, verfilmd door Costa-Gavras, belicht deze donkere periode uit onze geschiedenis. De schrijver uit Pont-de-Rastel heeft op briljante wijze het vuur van de strijd van de hugenoten weer aangewakkerd met \u00bbLes fous de Dieu\u00ab en de strijd van de mijnwerkers in de lage Cevennen met \u00bbLa Gueuse\u00ab. Jean-Pierre Chabrol, romanschrijver, verhalenverteller en radio-omroeper, heeft met al zijn talent de Cevennen belicht.<\/p>\n\n\n\n<p>Je bent uitgenodigd om ze eind augustus te komen ontdekken. De weg zal mooi zijn, het pad stenig, het accent zingend en de zon gul ... Welkom voor iedereen.<\/p>\n\n\n\n<p>Guy Camb\u00e9ss\u00e8des (CC 1420)<\/p>\n\n\n\n<figure class=\"wp-block-gallery has-nested-images columns-3 is-cropped wp-block-gallery-1 is-layout-flex wp-block-gallery-is-layout-flex\">\n<figure class=\"wp-block-image size-full\"><img loading=\"lazy\" decoding=\"async\" width=\"240\" height=\"180\" data-id=\"88768\" src=\"https:\/\/centcols.org\/wp-content\/uploads\/2015\/04\/vialas-mini.jpg\" alt=\"\" class=\"wp-image-88768\"\/><\/figure>\n\n\n\n<figure class=\"wp-block-image size-full\"><img loading=\"lazy\" decoding=\"async\" width=\"200\" height=\"220\" data-id=\"88769\" src=\"https:\/\/centcols.org\/wp-content\/uploads\/2015\/04\/villefort.png\" alt=\"\" class=\"wp-image-88769\"\/><\/figure>\n\n\n\n<figure class=\"wp-block-image size-full\"><img loading=\"lazy\" decoding=\"async\" width=\"240\" height=\"180\" data-id=\"88770\" src=\"https:\/\/centcols.org\/wp-content\/uploads\/2015\/04\/cassini-mini.jpg\" alt=\"\" class=\"wp-image-88770\"\/><\/figure>\n<\/figure>\n\n\n\n<h2 class=\"wp-block-heading\">Rondleidingen<\/h2>\n\n\n\n<p>Zoals altijd <a href=\"\/nl\/membres\/cctours\/tours.php\/?lieu=Villefort&amp;an=2015&amp;genre=R\">wegen<\/a> zullen in een grotere straal kunnen opereren dan hun tegenhangers <a href=\"\/nl\/membres\/cctours\/tours.php\/?lieu=Villefort&amp;an=2015&amp;genre=V\">muilezeldrijvers<\/a>. De Mont Loz\u00e8re en de aangrenzende valleien vormen het hart van deze tocht door de Cevennen. Onze totale hoogte zal tussen de 500 en 800 meter liggen, met slechts een paar passen op de Boug\u00e8s, Mont Loz\u00e8re en Mont du Goulet boven de 1.000 meter.<\/p>\n\n\n\n<p>De meeste routes zijn flexibel, zodat iedereen kan wandelen zoals hij wil. Ze zijn bewust uitgestippeld met een redelijk aantal kilometers. Iedereen is vrij om een extra kilometer toe te voegen, een site te bezoeken of een GMP in de buurt van de route te bekijken.<\/p>\n\n\n\n<p>De mountainbikeroutes zijn licht gegradeerd, zodat iedereen volop kan genieten van het landschap en deze zuidelijke regio kan waarderen. Naast de middelhoge passen bieden deze circuits een meer gedetailleerde benadering van de Mont Loz\u00e8re, inclusief een volledig circuit rond de top van Finiels (1699 m). Op de laatste dag wordt ook de Col de l'Aigle beklommen, vlakbij de Pic Cassini (1680 m). De zware regenval van afgelopen herfst heeft misschien de paden en bospaden beschadigd, maar dit is geen factor om over het hoofd te zien...<\/p>\n\n\n\n<p>Als je van plan bent om de regio wat verder te verkennen, hebben we een online gids samengesteld. <a href=\"https:\/\/centcols.org\/wp-content\/uploads\/2025\/09\/reglementation-cevennes.pdf\" target=\"_blank\" rel=\"noreferrer noopener\">Lijst van routes of delen van routes die verboden zijn voor fietsers in de Cevennen<\/a><\/p>\n\n\n\n<h2 class=\"wp-block-heading\">Hosting<\/h2>\n\n\n\n<p>We verblijven in het vakantiecentrum \u00abLes S\u00e9dari\u00e8s\u00bb aan de rand van de stad. Op een steenworp afstand van de Collet de Villefort op de hellingen van de berg kan dit etablissement bijna alle deelnemers ontvangen, met een hotelverblijf van hoge kwaliteit dat alle comfort biedt en een schaduwrijke camping met verschillende terrassen en een groot aantal stacaravans die te huur zijn. Een priv\u00e9zwembad en een cr\u00eaperie ronden de buitenfaciliteiten perfect af.<\/p>\n\n\n\n<p>De gemeente heeft ook hotels, bed &amp; breakfasts, g\u00eetes en twee campings aan de oever van het meer.<\/p>\n\n\n\n<ul class=\"wp-block-list\">\n<li>&nbsp;Vakantiecentrum \u00ab Les S\u00e9dari\u00e8s \u00bb - Tel : 04 66 46 25 20 of 06 52 36 91 49 Plaats : <a href=\"http:\/\/www.sedaries.com\">www.sedaries.com<\/a><\/li>\n\n\n\n<li>&nbsp;Toeristenbureau van Villefort: tel 04 66 46 87 30 - Website : <a href=\"http:\/\/www.villefort-cevennes.com\">www.villefort-cevennes.com<\/a><\/li>\n<\/ul>\n\n\n\n<h2 class=\"wp-block-heading\">Handige tips<\/h2>\n\n\n\n<p>Hoewel deze tocht in de zomer plaatsvindt, raden we je aan warme kleding en uitrusting mee te nemen. Voor fietsonderhoud (banden, binnenbanden, enz.) is het ook raadzaam om mee te nemen wat je nodig hebt, aangezien we geen gespecialiseerde winkel ter plaatse hebben.<\/p>\n\n\n\n<h2 class=\"wp-block-heading\">Voor de \u00abna\u00bb-periode of de periode na het fietsen<\/h2>\n\n\n\n<p>Het kunstmatige meer aan de rivier de Altier is een ideale aanvulling op onze activiteit en biedt een late namiddag duik, een wandeling langs de oevers of gewoon een paar momenten van ontspanning.<\/p>\n\n\n\n<p>Het dorp La Garde-Gu\u00e9rin, op een paar kilometer afstand, zal liefhebbers van oude stenen bekoren. De kerken van Concoules en Saint-Andr\u00e9-Capc\u00e8ze onthullen romaanse kunst in al zijn pracht. Voor natuurliefhebbers is de Mas de la Barque een populair startpunt voor wandelingen. De avondmarkt van Villefort, die elke maandagavond wordt gehouden, is een uitstekende gelegenheid om de rijkdom aan lokale producten te ontdekken.<\/p>\n\n\n\n<h2 class=\"wp-block-heading\">Registratie<\/h2>\n\n\n\n<p>Download het PDF registratieformulier en volg de instructies om je in te schrijven.<\/p>\n\n\n\n<h2 class=\"wp-block-heading\" id=\"album\">Fotoalbums<\/h2>\n\n\n\n<figure class=\"wp-block-gallery has-nested-images columns-default is-cropped wp-block-gallery-2 is-layout-flex wp-block-gallery-is-layout-flex\">\n<figure class=\"wp-block-image size-full\"><a href=\"https:\/\/photos.google.com\/share\/AF1QipOO207Pyc4WPRzIhbbIM0GbOMNpCKz3llaNRJdifw5kW4YlVp5PlxDcv9jyUxudnA?key=MklsQkttZnVqdWNvWU1lQlBVQUJHVng4ZE9fX29B\" target=\"_blank\" rel=\"noreferrer noopener\"><img loading=\"lazy\" decoding=\"async\" width=\"1200\" height=\"900\" data-id=\"88775\" src=\"https:\/\/centcols.org\/wp-content\/uploads\/2015\/04\/villefort_gc.jpg\" alt=\"\" class=\"wp-image-88775\" srcset=\"https:\/\/centcols.org\/wp-content\/uploads\/2015\/04\/villefort_gc.jpg 1200w, https:\/\/centcols.org\/wp-content\/uploads\/2015\/04\/villefort_gc-768x576.jpg 768w\" sizes=\"auto, (max-width: 1200px) 100vw, 1200px\" \/><\/a><figcaption class=\"wp-element-caption\">Album van Gerald Cowhan<\/figcaption><\/figure>\n\n\n\n<figure class=\"wp-block-image size-full\"><a href=\"https:\/\/photos.google.com\/share\/AF1QipOO207Pyc4WPRzIhbbIM0GbOMNpCKz3llaNRJdifw5kW4YlVp5PlxDcv9jyUxudnA?key=MklsQkttZnVqdWNvWU1lQlBVQUJHVng4ZE9fX29B\" target=\"_blank\" rel=\"noreferrer noopener\"><img loading=\"lazy\" decoding=\"async\" width=\"1200\" height=\"900\" data-id=\"88776\" src=\"https:\/\/centcols.org\/wp-content\/uploads\/2015\/04\/Villefort_gg.jpg\" alt=\"\" class=\"wp-image-88776\" srcset=\"https:\/\/centcols.org\/wp-content\/uploads\/2015\/04\/Villefort_gg.jpg 1200w, https:\/\/centcols.org\/wp-content\/uploads\/2015\/04\/Villefort_gg-768x576.jpg 768w\" sizes=\"auto, (max-width: 1200px) 100vw, 1200px\" \/><\/a><figcaption class=\"wp-element-caption\">Album door Guy Garcin en recensie op zijn website<\/figcaption><\/figure>\n<\/figure>\n\n\n\n<p><\/p>","protected":false},"excerpt":{"rendered":"<p>Albums Photos Cliquer pour voir les albums Pr\u00e9sentation Le s\u00e9jour d&rsquo;\u00e9t\u00e9 2015 se d\u00e9roulera du 22 au 30 ao\u00fbt au \u00abMas des S\u00e9dari\u00e8s\u00bb sur la commune de Villefort. La r\u00e9gion de Villefort est situ\u00e9e au sud du G\u00e9vaudan, \u00e0 quelques arpents du Gard et l\u2019Ard\u00e8che. Elle d\u00e9voile le visage de la C\u00e9venne loz\u00e9rienne. C\u2019est un [&hellip;]<\/p>\n","protected":false},"author":3,"featured_media":81385,"comment_status":"closed","ping_status":"closed","sticky":false,"template":"","format":"standard","meta":{"_acf_changed":false,"footnotes":""},"categories":[349,384,135,363,398,414,231],"tags":[],"class_list":["post-81384","post","type-post","status-publish","format-standard","has-post-thumbnail","hentry","category-france-pays-sejours","category-occitanie-region-sejours","category-calendrier","category-massif-central-massif-sejours","category-cevennes-massif","category-48-lozere-departement-sejours","category-sejours"],"acf":[],"yoast_head":"<!-- This site is optimized with the Yoast SEO plugin v27.2 - https:\/\/yoast.com\/product\/yoast-seo-wordpress\/ -->\n<title>S\u00e9jour estival \u00e0 Villefort (Loz\u00e8re) du 22 au 30 ao\u00fbt 2015 - Club des Cent Cols<\/title>\n<meta name=\"robots\" content=\"index, follow, max-snippet:-1, max-image-preview:large, max-video-preview:-1\" \/>\n<link rel=\"canonical\" href=\"https:\/\/centcols.org\/nl\/verblijf-2015-villefort\/\" \/>\n<meta property=\"og:locale\" content=\"nl_BE\" \/>\n<meta property=\"og:type\" content=\"article\" \/>\n<meta property=\"og:title\" content=\"S\u00e9jour estival \u00e0 Villefort (Loz\u00e8re) du 22 au 30 ao\u00fbt 2015 - Club des Cent Cols\" \/>\n<meta property=\"og:description\" content=\"Albums Photos Cliquer pour voir les albums Pr\u00e9sentation Le s\u00e9jour d&rsquo;\u00e9t\u00e9 2015 se d\u00e9roulera du 22 au 30 ao\u00fbt au \u00abMas des S\u00e9dari\u00e8s\u00bb sur la commune de Villefort. La r\u00e9gion de Villefort est situ\u00e9e au sud du G\u00e9vaudan, \u00e0 quelques arpents du Gard et l\u2019Ard\u00e8che. Elle d\u00e9voile le visage de la C\u00e9venne loz\u00e9rienne. C\u2019est un [&hellip;]\" \/>\n<meta property=\"og:url\" content=\"https:\/\/centcols.org\/nl\/verblijf-2015-villefort\/\" \/>\n<meta property=\"og:site_name\" content=\"Club des Cent Cols\" \/>\n<meta property=\"article:publisher\" content=\"https:\/\/www.facebook.com\/groups\/5261880558\/?locale=fr_FR\" \/>\n<meta property=\"article:published_time\" content=\"2015-04-10T15:25:08+00:00\" \/>\n<meta property=\"article:modified_time\" content=\"2025-09-01T16:32:14+00:00\" \/>\n<meta property=\"og:image\" content=\"https:\/\/centcols.org\/wp-content\/uploads\/2025\/05\/vialas-mini.jpg\" \/>\n\t<meta property=\"og:image:width\" content=\"240\" \/>\n\t<meta property=\"og:image:height\" content=\"180\" \/>\n\t<meta property=\"og:image:type\" content=\"image\/jpeg\" \/>\n<meta name=\"author\" content=\"Webmestre\" \/>\n<meta name=\"twitter:card\" content=\"summary_large_image\" \/>\n<meta name=\"twitter:label1\" content=\"Geschreven door\" \/>\n\t<meta name=\"twitter:data1\" content=\"Webmestre\" \/>\n\t<meta name=\"twitter:label2\" content=\"Geschatte leestijd\" \/>\n\t<meta name=\"twitter:data2\" content=\"7 minuten\" \/>\n<script type=\"application\/ld+json\" class=\"yoast-schema-graph\">{\"@context\":\"https:\/\/schema.org\",\"@graph\":[{\"@type\":\"Article\",\"@id\":\"https:\/\/centcols.org\/sejour-2015-villefort\/#article\",\"isPartOf\":{\"@id\":\"https:\/\/centcols.org\/sejour-2015-villefort\/\"},\"author\":{\"name\":\"Webmestre\",\"@id\":\"https:\/\/centcols.org\/#\/schema\/person\/911b404fb133d8c913dd27cdcf71c8e5\"},\"headline\":\"S\u00e9jour estival \u00e0 Villefort (Loz\u00e8re) du 22 au 30 ao\u00fbt 2015\",\"datePublished\":\"2015-04-10T15:25:08+00:00\",\"dateModified\":\"2025-09-01T16:32:14+00:00\",\"mainEntityOfPage\":{\"@id\":\"https:\/\/centcols.org\/sejour-2015-villefort\/\"},\"wordCount\":1206,\"publisher\":{\"@id\":\"https:\/\/centcols.org\/#organization\"},\"image\":{\"@id\":\"https:\/\/centcols.org\/sejour-2015-villefort\/#primaryimage\"},\"thumbnailUrl\":\"https:\/\/centcols.org\/wp-content\/uploads\/2025\/05\/vialas-mini.jpg\",\"articleSection\":[\"France\",\"Occitanie\",\"Calendrier\",\"Massif Central\",\"C\u00e9vennes\",\"48-Loz\u00e8re\",\"S\u00e9jours du Club des Cent Cols\"],\"inLanguage\":\"nl-BE\"},{\"@type\":\"WebPage\",\"@id\":\"https:\/\/centcols.org\/sejour-2015-villefort\/\",\"url\":\"https:\/\/centcols.org\/sejour-2015-villefort\/\",\"name\":\"S\u00e9jour estival \u00e0 Villefort (Loz\u00e8re) du 22 au 30 ao\u00fbt 2015 - Club des Cent Cols\",\"isPartOf\":{\"@id\":\"https:\/\/centcols.org\/#website\"},\"primaryImageOfPage\":{\"@id\":\"https:\/\/centcols.org\/sejour-2015-villefort\/#primaryimage\"},\"image\":{\"@id\":\"https:\/\/centcols.org\/sejour-2015-villefort\/#primaryimage\"},\"thumbnailUrl\":\"https:\/\/centcols.org\/wp-content\/uploads\/2025\/05\/vialas-mini.jpg\",\"datePublished\":\"2015-04-10T15:25:08+00:00\",\"dateModified\":\"2025-09-01T16:32:14+00:00\",\"breadcrumb\":{\"@id\":\"https:\/\/centcols.org\/sejour-2015-villefort\/#breadcrumb\"},\"inLanguage\":\"nl-BE\",\"potentialAction\":[{\"@type\":\"ReadAction\",\"target\":[\"https:\/\/centcols.org\/sejour-2015-villefort\/\"]}]},{\"@type\":\"ImageObject\",\"inLanguage\":\"nl-BE\",\"@id\":\"https:\/\/centcols.org\/sejour-2015-villefort\/#primaryimage\",\"url\":\"https:\/\/centcols.org\/wp-content\/uploads\/2025\/05\/vialas-mini.jpg\",\"contentUrl\":\"https:\/\/centcols.org\/wp-content\/uploads\/2025\/05\/vialas-mini.jpg\",\"width\":240,\"height\":180},{\"@type\":\"BreadcrumbList\",\"@id\":\"https:\/\/centcols.org\/sejour-2015-villefort\/#breadcrumb\",\"itemListElement\":[{\"@type\":\"ListItem\",\"position\":1,\"name\":\"Accueil\",\"item\":\"https:\/\/centcols.org\/\"},{\"@type\":\"ListItem\",\"position\":2,\"name\":\"S\u00e9jours du Club des Cent Cols\",\"item\":\"https:\/\/centcols.org\/rubrique\/sejours\/\"},{\"@type\":\"ListItem\",\"position\":3,\"name\":\"Pays\",\"item\":\"https:\/\/centcols.org\/rubrique\/sejours\/pays-sejours\/\"},{\"@type\":\"ListItem\",\"position\":4,\"name\":\"France\",\"item\":\"https:\/\/centcols.org\/rubrique\/sejours\/pays-sejours\/france-pays-sejours\/\"},{\"@type\":\"ListItem\",\"position\":5,\"name\":\"S\u00e9jour estival \u00e0 Villefort (Loz\u00e8re) du 22 au 30 ao\u00fbt 2015\"}]},{\"@type\":\"WebSite\",\"@id\":\"https:\/\/centcols.org\/#website\",\"url\":\"https:\/\/centcols.org\/\",\"name\":\"Club des Cent Cols\",\"description\":\"\",\"publisher\":{\"@id\":\"https:\/\/centcols.org\/#organization\"},\"potentialAction\":[{\"@type\":\"SearchAction\",\"target\":{\"@type\":\"EntryPoint\",\"urlTemplate\":\"https:\/\/centcols.org\/?s={search_term_string}\"},\"query-input\":{\"@type\":\"PropertyValueSpecification\",\"valueRequired\":true,\"valueName\":\"search_term_string\"}}],\"inLanguage\":\"nl-BE\"},{\"@type\":\"Organization\",\"@id\":\"https:\/\/centcols.org\/#organization\",\"name\":\"Club des Cent Cols\",\"url\":\"https:\/\/centcols.org\/\",\"logo\":{\"@type\":\"ImageObject\",\"inLanguage\":\"nl-BE\",\"@id\":\"https:\/\/centcols.org\/#\/schema\/logo\/image\/\",\"url\":\"https:\/\/centcols.org\/wp-content\/uploads\/2025\/01\/carte-icone.png\",\"contentUrl\":\"https:\/\/centcols.org\/wp-content\/uploads\/2025\/01\/carte-icone.png\",\"width\":250,\"height\":250,\"caption\":\"Club des Cent Cols\"},\"image\":{\"@id\":\"https:\/\/centcols.org\/#\/schema\/logo\/image\/\"},\"sameAs\":[\"https:\/\/www.facebook.com\/groups\/5261880558\/?locale=fr_FR\"]},{\"@type\":\"Person\",\"@id\":\"https:\/\/centcols.org\/#\/schema\/person\/911b404fb133d8c913dd27cdcf71c8e5\",\"name\":\"Webmestre\",\"image\":{\"@type\":\"ImageObject\",\"inLanguage\":\"nl-BE\",\"@id\":\"https:\/\/centcols.org\/wp-content\/litespeed\/avatar\/2d246e4b6b4f773e08515e1ffc53690b.jpg?ver=1777222892\",\"url\":\"https:\/\/centcols.org\/wp-content\/litespeed\/avatar\/2d246e4b6b4f773e08515e1ffc53690b.jpg?ver=1777222892\",\"contentUrl\":\"https:\/\/centcols.org\/wp-content\/litespeed\/avatar\/2d246e4b6b4f773e08515e1ffc53690b.jpg?ver=1777222892\",\"caption\":\"Webmestre\"},\"url\":\"https:\/\/centcols.org\/nl\/author\/webmestre\/\"}]}<\/script>\n<!-- \/ Yoast SEO plugin. -->","yoast_head_json":{"title":"Zomervakantie in Villefort (Loz\u00e8re) van 22 tot 30 augustus 2015 - Club des Cent Cols","robots":{"index":"index","follow":"follow","max-snippet":"max-snippet:-1","max-image-preview":"max-image-preview:large","max-video-preview":"max-video-preview:-1"},"canonical":"https:\/\/centcols.org\/nl\/verblijf-2015-villefort\/","og_locale":"nl_BE","og_type":"article","og_title":"S\u00e9jour estival \u00e0 Villefort (Loz\u00e8re) du 22 au 30 ao\u00fbt 2015 - Club des Cent Cols","og_description":"Albums Photos Cliquer pour voir les albums Pr\u00e9sentation Le s\u00e9jour d&rsquo;\u00e9t\u00e9 2015 se d\u00e9roulera du 22 au 30 ao\u00fbt au \u00abMas des S\u00e9dari\u00e8s\u00bb sur la commune de Villefort. La r\u00e9gion de Villefort est situ\u00e9e au sud du G\u00e9vaudan, \u00e0 quelques arpents du Gard et l\u2019Ard\u00e8che. Elle d\u00e9voile le visage de la C\u00e9venne loz\u00e9rienne. C\u2019est un [&hellip;]","og_url":"https:\/\/centcols.org\/nl\/verblijf-2015-villefort\/","og_site_name":"Club des Cent Cols","article_publisher":"https:\/\/www.facebook.com\/groups\/5261880558\/?locale=fr_FR","article_published_time":"2015-04-10T15:25:08+00:00","article_modified_time":"2025-09-01T16:32:14+00:00","og_image":[{"width":240,"height":180,"url":"https:\/\/centcols.org\/wp-content\/uploads\/2025\/05\/vialas-mini.jpg","type":"image\/jpeg"}],"author":"Webmestre","twitter_card":"summary_large_image","twitter_misc":{"Geschreven door":"Webmestre","Geschatte leestijd":"7 minuten"},"schema":{"@context":"https:\/\/schema.org","@graph":[{"@type":"Article","@id":"https:\/\/centcols.org\/sejour-2015-villefort\/#article","isPartOf":{"@id":"https:\/\/centcols.org\/sejour-2015-villefort\/"},"author":{"name":"Webmestre","@id":"https:\/\/centcols.org\/#\/schema\/person\/911b404fb133d8c913dd27cdcf71c8e5"},"headline":"S\u00e9jour estival \u00e0 Villefort (Loz\u00e8re) du 22 au 30 ao\u00fbt 2015","datePublished":"2015-04-10T15:25:08+00:00","dateModified":"2025-09-01T16:32:14+00:00","mainEntityOfPage":{"@id":"https:\/\/centcols.org\/sejour-2015-villefort\/"},"wordCount":1206,"publisher":{"@id":"https:\/\/centcols.org\/#organization"},"image":{"@id":"https:\/\/centcols.org\/sejour-2015-villefort\/#primaryimage"},"thumbnailUrl":"https:\/\/centcols.org\/wp-content\/uploads\/2025\/05\/vialas-mini.jpg","articleSection":["France","Occitanie","Calendrier","Massif Central","C\u00e9vennes","48-Loz\u00e8re","S\u00e9jours du Club des Cent Cols"],"inLanguage":"nl-BE"},{"@type":"WebPage","@id":"https:\/\/centcols.org\/sejour-2015-villefort\/","url":"https:\/\/centcols.org\/sejour-2015-villefort\/","name":"Zomervakantie in Villefort (Loz\u00e8re) van 22 tot 30 augustus 2015 - Club des Cent Cols","isPartOf":{"@id":"https:\/\/centcols.org\/#website"},"primaryImageOfPage":{"@id":"https:\/\/centcols.org\/sejour-2015-villefort\/#primaryimage"},"image":{"@id":"https:\/\/centcols.org\/sejour-2015-villefort\/#primaryimage"},"thumbnailUrl":"https:\/\/centcols.org\/wp-content\/uploads\/2025\/05\/vialas-mini.jpg","datePublished":"2015-04-10T15:25:08+00:00","dateModified":"2025-09-01T16:32:14+00:00","breadcrumb":{"@id":"https:\/\/centcols.org\/sejour-2015-villefort\/#breadcrumb"},"inLanguage":"nl-BE","potentialAction":[{"@type":"ReadAction","target":["https:\/\/centcols.org\/sejour-2015-villefort\/"]}]},{"@type":"ImageObject","inLanguage":"nl-BE","@id":"https:\/\/centcols.org\/sejour-2015-villefort\/#primaryimage","url":"https:\/\/centcols.org\/wp-content\/uploads\/2025\/05\/vialas-mini.jpg","contentUrl":"https:\/\/centcols.org\/wp-content\/uploads\/2025\/05\/vialas-mini.jpg","width":240,"height":180},{"@type":"BreadcrumbList","@id":"https:\/\/centcols.org\/sejour-2015-villefort\/#breadcrumb","itemListElement":[{"@type":"ListItem","position":1,"name":"Accueil","item":"https:\/\/centcols.org\/"},{"@type":"ListItem","position":2,"name":"S\u00e9jours du Club des Cent Cols","item":"https:\/\/centcols.org\/rubrique\/sejours\/"},{"@type":"ListItem","position":3,"name":"Pays","item":"https:\/\/centcols.org\/rubrique\/sejours\/pays-sejours\/"},{"@type":"ListItem","position":4,"name":"France","item":"https:\/\/centcols.org\/rubrique\/sejours\/pays-sejours\/france-pays-sejours\/"},{"@type":"ListItem","position":5,"name":"S\u00e9jour estival \u00e0 Villefort (Loz\u00e8re) du 22 au 30 ao\u00fbt 2015"}]},{"@type":"WebSite","@id":"https:\/\/centcols.org\/#website","url":"https:\/\/centcols.org\/","name":"Club van Cent Cols","description":"","publisher":{"@id":"https:\/\/centcols.org\/#organization"},"potentialAction":[{"@type":"SearchAction","target":{"@type":"EntryPoint","urlTemplate":"https:\/\/centcols.org\/?s={search_term_string}"},"query-input":{"@type":"PropertyValueSpecification","valueRequired":true,"valueName":"search_term_string"}}],"inLanguage":"nl-BE"},{"@type":"Organization","@id":"https:\/\/centcols.org\/#organization","name":"Club van Cent Cols","url":"https:\/\/centcols.org\/","logo":{"@type":"ImageObject","inLanguage":"nl-BE","@id":"https:\/\/centcols.org\/#\/schema\/logo\/image\/","url":"https:\/\/centcols.org\/wp-content\/uploads\/2025\/01\/carte-icone.png","contentUrl":"https:\/\/centcols.org\/wp-content\/uploads\/2025\/01\/carte-icone.png","width":250,"height":250,"caption":"Club des Cent Cols"},"image":{"@id":"https:\/\/centcols.org\/#\/schema\/logo\/image\/"},"sameAs":["https:\/\/www.facebook.com\/groups\/5261880558\/?locale=fr_FR"]},{"@type":"Person","@id":"https:\/\/centcols.org\/#\/schema\/person\/911b404fb133d8c913dd27cdcf71c8e5","name":"Webmaster","image":{"@type":"ImageObject","inLanguage":"nl-BE","@id":"https:\/\/centcols.org\/wp-content\/litespeed\/avatar\/2d246e4b6b4f773e08515e1ffc53690b.jpg?ver=1777222892","url":"https:\/\/centcols.org\/wp-content\/litespeed\/avatar\/2d246e4b6b4f773e08515e1ffc53690b.jpg?ver=1777222892","contentUrl":"https:\/\/centcols.org\/wp-content\/litespeed\/avatar\/2d246e4b6b4f773e08515e1ffc53690b.jpg?ver=1777222892","caption":"Webmestre"},"url":"https:\/\/centcols.org\/nl\/author\/webmestre\/"}]}},"_links":{"self":[{"href":"https:\/\/centcols.org\/nl\/wp-json\/wp\/v2\/posts\/81384","targetHints":{"allow":["GET"]}}],"collection":[{"href":"https:\/\/centcols.org\/nl\/wp-json\/wp\/v2\/posts"}],"about":[{"href":"https:\/\/centcols.org\/nl\/wp-json\/wp\/v2\/types\/post"}],"author":[{"embeddable":true,"href":"https:\/\/centcols.org\/nl\/wp-json\/wp\/v2\/users\/3"}],"replies":[{"embeddable":true,"href":"https:\/\/centcols.org\/nl\/wp-json\/wp\/v2\/comments?post=81384"}],"version-history":[{"count":0,"href":"https:\/\/centcols.org\/nl\/wp-json\/wp\/v2\/posts\/81384\/revisions"}],"wp:featuredmedia":[{"embeddable":true,"href":"https:\/\/centcols.org\/nl\/wp-json\/wp\/v2\/media\/81385"}],"wp:attachment":[{"href":"https:\/\/centcols.org\/nl\/wp-json\/wp\/v2\/media?parent=81384"}],"wp:term":[{"taxonomy":"category","embeddable":true,"href":"https:\/\/centcols.org\/nl\/wp-json\/wp\/v2\/categories?post=81384"},{"taxonomy":"post_tag","embeddable":true,"href":"https:\/\/centcols.org\/nl\/wp-json\/wp\/v2\/tags?post=81384"}],"curies":[{"name":"wp","href":"https:\/\/api.w.org\/{rel}","templated":true}]}}