{"id":81438,"date":"2015-05-07T10:13:21","date_gmt":"2015-05-07T08:13:21","guid":{"rendered":"https:\/\/centcols.org\/assemblee-generale-du-club-des-cent-cols-a-saint-paul-en-jarez-loire-le-14-novembre-2015\/"},"modified":"2025-08-16T13:59:38","modified_gmt":"2025-08-16T11:59:38","slug":"ag-2015-saint-paul-en-jarez","status":"publish","type":"post","link":"https:\/\/centcols.org\/nl\/ag-2015-saint-paul-en-jarez\/","title":{"rendered":"Algemene vergadering van de Club des Cent Cols in Saint-Paul-En-Jarez (Loire) op 14 november 2015"},"content":{"rendered":"<h2 class=\"wp-block-heading\">Presentatie<\/h2>\n\n\n\n<p>Algemene Vergadering 2015, Saint-Paul-En-Jarez, zaterdag 14 november 2015 om 15.00 uur<\/p>\n\n\n\n<p>Onze Algemene Vergadering van 2015 wordt gehouden in het Regionale Natuurpark Pilat, in Saint-Paul-En-Jarez, een stad in de buurt van Saint-Chamond in het departement Loire. De vergaderlocatie is het Domaine de la Barolli\u00e8re.<\/p>\n\n\n\n<figure class=\"wp-block-gallery has-nested-images columns-default is-cropped wp-block-gallery-1 is-layout-flex wp-block-gallery-is-layout-flex\">\n<figure class=\"wp-block-image size-large\"><a href=\"https:\/\/centcols.org\/wp-content\/uploads\/2025\/06\/blason-loire-1-e14362628411151.jpg\"><img loading=\"lazy\" decoding=\"async\" width=\"200\" height=\"220\" data-id=\"83356\" src=\"https:\/\/centcols.org\/wp-content\/uploads\/2025\/06\/blason-loire-1-e14362628411151.jpg\" alt=\"\" class=\"wp-image-83356\"\/><\/a><\/figure>\n\n\n\n<figure class=\"wp-block-image size-large\"><img loading=\"lazy\" decoding=\"async\" width=\"300\" height=\"245\" data-id=\"83357\" src=\"https:\/\/centcols.org\/wp-content\/uploads\/2025\/06\/2015-02-13_st-paul-jarez_001b-300x2451-1.jpg\" alt=\"\" class=\"wp-image-83357\"\/><\/figure>\n\n\n\n<figure class=\"wp-block-image size-large\"><img loading=\"lazy\" decoding=\"async\" width=\"173\" height=\"220\" data-id=\"83358\" src=\"https:\/\/centcols.org\/wp-content\/uploads\/2025\/06\/blason-loire-21.jpg\" alt=\"\" class=\"wp-image-83358\"\/><\/figure>\n\n\n\n<figure class=\"wp-block-image size-large\"><img loading=\"lazy\" decoding=\"async\" width=\"188\" height=\"250\" data-id=\"83359\" src=\"https:\/\/centcols.org\/wp-content\/uploads\/2025\/06\/2015-02-13_st-paul-jarez_00511.jpg\" alt=\"\" class=\"wp-image-83359\"\/><\/figure>\n\n\n\n<figure class=\"wp-block-image size-large\"><img loading=\"lazy\" decoding=\"async\" width=\"300\" height=\"250\" data-id=\"83360\" src=\"https:\/\/centcols.org\/wp-content\/uploads\/2025\/06\/2015-02-13_st-paul-jarez_0041-300x2501-1.jpg\" alt=\"\" class=\"wp-image-83360\"\/><\/figure>\n\n\n\n<figure class=\"wp-block-image size-large\"><img loading=\"lazy\" decoding=\"async\" width=\"188\" height=\"250\" data-id=\"83361\" src=\"https:\/\/centcols.org\/wp-content\/uploads\/2025\/06\/2015-02-13_st-paul-jarez_00211.jpg\" alt=\"\" class=\"wp-image-83361\"\/><\/figure>\n<\/figure>\n\n\n\n<h2 class=\"wp-block-heading\">Hosting<\/h2>\n\n\n\n<p>Domaine de la Barolli\u00e8re<br>42740 Saint-Paul-En-Jarez<\/p>\n\n\n\n<p>40 tweepersoonskamers of familiekamers met 1 tot 4 bedden, geschikt voor 90 personen (eenpersoonskamers beschikbaar tegen extra kosten)<\/p>\n\n\n\n<h3 class=\"wp-block-heading\">Contact<\/h3>\n\n\n\n<p>Tel.: 04 77 22 71 05<br>http:\/\/www.barolliere.com\/<\/p>","protected":false},"excerpt":{"rendered":"<p>Pr\u00e9sentation AG 2015, Saint-Paul-En-Jarez, samedi 14 novembre 2015 \u00e0 15 h 00 C&rsquo;est dans le parc naturel r\u00e9gional du Pilat, \u00e0 Saint-Paul-En-Jarez, commune se situant \u00e0 c\u00f4t\u00e9 de Saint-Chamond dans le d\u00e9partement de la Loire, que se tiendra notre assembl\u00e9e g\u00e9n\u00e9rale 2015. Le lieu de rencontre se situe au domaine de la Barolli\u00e8re H\u00e9bergement Domaine [&hellip;]<\/p>\n","protected":false},"author":136,"featured_media":83354,"comment_status":"closed","ping_status":"closed","sticky":false,"template":"","format":"standard","meta":{"_acf_changed":false,"footnotes":""},"categories":[217,135],"tags":[],"class_list":["post-81438","post","type-post","status-publish","format-standard","has-post-thumbnail","hentry","category-assemblees-generales","category-calendrier"],"acf":[],"yoast_head":"<!-- This site is optimized with the Yoast SEO plugin v27.2 - https:\/\/yoast.com\/product\/yoast-seo-wordpress\/ -->\n<title>Assembl\u00e9e g\u00e9n\u00e9rale du Club des Cent Cols \u00e0 Saint-Paul-En-Jarez (Loire) le 14 novembre 2015 - Club des Cent Cols<\/title>\n<meta name=\"robots\" content=\"index, follow, max-snippet:-1, max-image-preview:large, max-video-preview:-1\" \/>\n<link rel=\"canonical\" href=\"https:\/\/centcols.org\/nl\/ag-2015-saint-paul-en-jarez\/\" \/>\n<meta property=\"og:locale\" content=\"nl_BE\" \/>\n<meta property=\"og:type\" content=\"article\" \/>\n<meta property=\"og:title\" content=\"Assembl\u00e9e g\u00e9n\u00e9rale du Club des Cent Cols \u00e0 Saint-Paul-En-Jarez (Loire) le 14 novembre 2015 - Club des Cent Cols\" \/>\n<meta property=\"og:description\" content=\"Pr\u00e9sentation AG 2015, Saint-Paul-En-Jarez, samedi 14 novembre 2015 \u00e0 15 h 00 C&rsquo;est dans le parc naturel r\u00e9gional du Pilat, \u00e0 Saint-Paul-En-Jarez, commune se situant \u00e0 c\u00f4t\u00e9 de Saint-Chamond dans le d\u00e9partement de la Loire, que se tiendra notre assembl\u00e9e g\u00e9n\u00e9rale 2015. Le lieu de rencontre se situe au domaine de la Barolli\u00e8re H\u00e9bergement Domaine [&hellip;]\" \/>\n<meta property=\"og:url\" content=\"https:\/\/centcols.org\/nl\/ag-2015-saint-paul-en-jarez\/\" \/>\n<meta property=\"og:site_name\" content=\"Club des Cent Cols\" \/>\n<meta property=\"article:publisher\" content=\"https:\/\/www.facebook.com\/groups\/5261880558\/?locale=fr_FR\" \/>\n<meta property=\"article:published_time\" content=\"2015-05-07T08:13:21+00:00\" \/>\n<meta property=\"article:modified_time\" content=\"2025-08-16T11:59:38+00:00\" \/>\n<meta property=\"og:image\" content=\"https:\/\/centcols.org\/wp-content\/uploads\/2015\/05\/Saint-Paul-en-Jarez-scaled1.jpg\" \/>\n\t<meta property=\"og:image:width\" content=\"2560\" \/>\n\t<meta property=\"og:image:height\" content=\"1440\" \/>\n\t<meta property=\"og:image:type\" content=\"image\/jpeg\" \/>\n<meta name=\"author\" content=\"Guy Harl\u00e9\" \/>\n<meta name=\"twitter:card\" content=\"summary_large_image\" \/>\n<meta name=\"twitter:label1\" content=\"Geschreven door\" \/>\n\t<meta name=\"twitter:data1\" content=\"Guy Harl\u00e9\" \/>\n\t<meta name=\"twitter:label2\" content=\"Geschatte leestijd\" \/>\n\t<meta name=\"twitter:data2\" content=\"2 minuten\" \/>\n<script type=\"application\/ld+json\" class=\"yoast-schema-graph\">{\"@context\":\"https:\/\/schema.org\",\"@graph\":[{\"@type\":\"Article\",\"@id\":\"https:\/\/centcols.org\/ag-2015-saint-paul-en-jarez\/#article\",\"isPartOf\":{\"@id\":\"https:\/\/centcols.org\/ag-2015-saint-paul-en-jarez\/\"},\"author\":{\"name\":\"Guy Harl\u00e9\",\"@id\":\"https:\/\/centcols.org\/#\/schema\/person\/377f00da2793c0363246869bb3a344d0\"},\"headline\":\"Assembl\u00e9e g\u00e9n\u00e9rale du Club des Cent Cols \u00e0 Saint-Paul-En-Jarez (Loire) le 14 novembre 2015\",\"datePublished\":\"2015-05-07T08:13:21+00:00\",\"dateModified\":\"2025-08-16T11:59:38+00:00\",\"mainEntityOfPage\":{\"@id\":\"https:\/\/centcols.org\/ag-2015-saint-paul-en-jarez\/\"},\"wordCount\":98,\"publisher\":{\"@id\":\"https:\/\/centcols.org\/#organization\"},\"image\":{\"@id\":\"https:\/\/centcols.org\/ag-2015-saint-paul-en-jarez\/#primaryimage\"},\"thumbnailUrl\":\"https:\/\/centcols.org\/wp-content\/uploads\/2015\/05\/Saint-Paul-en-Jarez-scaled1.jpg\",\"articleSection\":[\"Assembl\u00e9es g\u00e9n\u00e9rales\",\"Calendrier\"],\"inLanguage\":\"nl-BE\"},{\"@type\":\"WebPage\",\"@id\":\"https:\/\/centcols.org\/ag-2015-saint-paul-en-jarez\/\",\"url\":\"https:\/\/centcols.org\/ag-2015-saint-paul-en-jarez\/\",\"name\":\"Assembl\u00e9e g\u00e9n\u00e9rale du Club des Cent Cols \u00e0 Saint-Paul-En-Jarez (Loire) le 14 novembre 2015 - Club des Cent Cols\",\"isPartOf\":{\"@id\":\"https:\/\/centcols.org\/#website\"},\"primaryImageOfPage\":{\"@id\":\"https:\/\/centcols.org\/ag-2015-saint-paul-en-jarez\/#primaryimage\"},\"image\":{\"@id\":\"https:\/\/centcols.org\/ag-2015-saint-paul-en-jarez\/#primaryimage\"},\"thumbnailUrl\":\"https:\/\/centcols.org\/wp-content\/uploads\/2015\/05\/Saint-Paul-en-Jarez-scaled1.jpg\",\"datePublished\":\"2015-05-07T08:13:21+00:00\",\"dateModified\":\"2025-08-16T11:59:38+00:00\",\"breadcrumb\":{\"@id\":\"https:\/\/centcols.org\/ag-2015-saint-paul-en-jarez\/#breadcrumb\"},\"inLanguage\":\"nl-BE\",\"potentialAction\":[{\"@type\":\"ReadAction\",\"target\":[\"https:\/\/centcols.org\/ag-2015-saint-paul-en-jarez\/\"]}]},{\"@type\":\"ImageObject\",\"inLanguage\":\"nl-BE\",\"@id\":\"https:\/\/centcols.org\/ag-2015-saint-paul-en-jarez\/#primaryimage\",\"url\":\"https:\/\/centcols.org\/wp-content\/uploads\/2015\/05\/Saint-Paul-en-Jarez-scaled1.jpg\",\"contentUrl\":\"https:\/\/centcols.org\/wp-content\/uploads\/2015\/05\/Saint-Paul-en-Jarez-scaled1.jpg\",\"width\":2560,\"height\":1440,\"caption\":\"default\"},{\"@type\":\"BreadcrumbList\",\"@id\":\"https:\/\/centcols.org\/ag-2015-saint-paul-en-jarez\/#breadcrumb\",\"itemListElement\":[{\"@type\":\"ListItem\",\"position\":1,\"name\":\"Accueil\",\"item\":\"https:\/\/centcols.org\/\"},{\"@type\":\"ListItem\",\"position\":2,\"name\":\"Assembl\u00e9es g\u00e9n\u00e9rales\",\"item\":\"https:\/\/centcols.org\/rubrique\/assemblees-generales\/\"},{\"@type\":\"ListItem\",\"position\":3,\"name\":\"Assembl\u00e9e g\u00e9n\u00e9rale du Club des Cent Cols \u00e0 Saint-Paul-En-Jarez (Loire) le 14 novembre 2015\"}]},{\"@type\":\"WebSite\",\"@id\":\"https:\/\/centcols.org\/#website\",\"url\":\"https:\/\/centcols.org\/\",\"name\":\"Club des Cent Cols\",\"description\":\"\",\"publisher\":{\"@id\":\"https:\/\/centcols.org\/#organization\"},\"potentialAction\":[{\"@type\":\"SearchAction\",\"target\":{\"@type\":\"EntryPoint\",\"urlTemplate\":\"https:\/\/centcols.org\/?s={search_term_string}\"},\"query-input\":{\"@type\":\"PropertyValueSpecification\",\"valueRequired\":true,\"valueName\":\"search_term_string\"}}],\"inLanguage\":\"nl-BE\"},{\"@type\":\"Organization\",\"@id\":\"https:\/\/centcols.org\/#organization\",\"name\":\"Club des Cent Cols\",\"url\":\"https:\/\/centcols.org\/\",\"logo\":{\"@type\":\"ImageObject\",\"inLanguage\":\"nl-BE\",\"@id\":\"https:\/\/centcols.org\/#\/schema\/logo\/image\/\",\"url\":\"https:\/\/centcols.org\/wp-content\/uploads\/2025\/01\/carte-icone.png\",\"contentUrl\":\"https:\/\/centcols.org\/wp-content\/uploads\/2025\/01\/carte-icone.png\",\"width\":250,\"height\":250,\"caption\":\"Club des Cent Cols\"},\"image\":{\"@id\":\"https:\/\/centcols.org\/#\/schema\/logo\/image\/\"},\"sameAs\":[\"https:\/\/www.facebook.com\/groups\/5261880558\/?locale=fr_FR\"]},{\"@type\":\"Person\",\"@id\":\"https:\/\/centcols.org\/#\/schema\/person\/377f00da2793c0363246869bb3a344d0\",\"name\":\"Guy Harl\u00e9\",\"image\":{\"@type\":\"ImageObject\",\"inLanguage\":\"nl-BE\",\"@id\":\"https:\/\/centcols.org\/wp-content\/litespeed\/avatar\/94c4de37e46cf090f296d42ab3e8d6a6.jpg?ver=1777238144\",\"url\":\"https:\/\/centcols.org\/wp-content\/litespeed\/avatar\/94c4de37e46cf090f296d42ab3e8d6a6.jpg?ver=1777238144\",\"contentUrl\":\"https:\/\/centcols.org\/wp-content\/litespeed\/avatar\/94c4de37e46cf090f296d42ab3e8d6a6.jpg?ver=1777238144\",\"caption\":\"Guy Harl\u00e9\"},\"url\":\"https:\/\/centcols.org\/nl\/author\/5193\/\"}]}<\/script>\n<!-- \/ Yoast SEO plugin. -->","yoast_head_json":{"title":"Algemene vergadering van de Club des Cent Cols in Saint-Paul-En-Jarez (Loire) op 14 november 2015 - Club des Cent Cols","robots":{"index":"index","follow":"follow","max-snippet":"max-snippet:-1","max-image-preview":"max-image-preview:large","max-video-preview":"max-video-preview:-1"},"canonical":"https:\/\/centcols.org\/nl\/ag-2015-saint-paul-en-jarez\/","og_locale":"nl_BE","og_type":"article","og_title":"Assembl\u00e9e g\u00e9n\u00e9rale du Club des Cent Cols \u00e0 Saint-Paul-En-Jarez (Loire) le 14 novembre 2015 - Club des Cent Cols","og_description":"Pr\u00e9sentation AG 2015, Saint-Paul-En-Jarez, samedi 14 novembre 2015 \u00e0 15 h 00 C&rsquo;est dans le parc naturel r\u00e9gional du Pilat, \u00e0 Saint-Paul-En-Jarez, commune se situant \u00e0 c\u00f4t\u00e9 de Saint-Chamond dans le d\u00e9partement de la Loire, que se tiendra notre assembl\u00e9e g\u00e9n\u00e9rale 2015. Le lieu de rencontre se situe au domaine de la Barolli\u00e8re H\u00e9bergement Domaine [&hellip;]","og_url":"https:\/\/centcols.org\/nl\/ag-2015-saint-paul-en-jarez\/","og_site_name":"Club des Cent Cols","article_publisher":"https:\/\/www.facebook.com\/groups\/5261880558\/?locale=fr_FR","article_published_time":"2015-05-07T08:13:21+00:00","article_modified_time":"2025-08-16T11:59:38+00:00","og_image":[{"width":2560,"height":1440,"url":"https:\/\/centcols.org\/wp-content\/uploads\/2015\/05\/Saint-Paul-en-Jarez-scaled1.jpg","type":"image\/jpeg"}],"author":"Guy Harl\u00e9","twitter_card":"summary_large_image","twitter_misc":{"Geschreven door":"Guy Harl\u00e9","Geschatte leestijd":"2 minuten"},"schema":{"@context":"https:\/\/schema.org","@graph":[{"@type":"Article","@id":"https:\/\/centcols.org\/ag-2015-saint-paul-en-jarez\/#article","isPartOf":{"@id":"https:\/\/centcols.org\/ag-2015-saint-paul-en-jarez\/"},"author":{"name":"Guy Harl\u00e9","@id":"https:\/\/centcols.org\/#\/schema\/person\/377f00da2793c0363246869bb3a344d0"},"headline":"Assembl\u00e9e g\u00e9n\u00e9rale du Club des Cent Cols \u00e0 Saint-Paul-En-Jarez (Loire) le 14 novembre 2015","datePublished":"2015-05-07T08:13:21+00:00","dateModified":"2025-08-16T11:59:38+00:00","mainEntityOfPage":{"@id":"https:\/\/centcols.org\/ag-2015-saint-paul-en-jarez\/"},"wordCount":98,"publisher":{"@id":"https:\/\/centcols.org\/#organization"},"image":{"@id":"https:\/\/centcols.org\/ag-2015-saint-paul-en-jarez\/#primaryimage"},"thumbnailUrl":"https:\/\/centcols.org\/wp-content\/uploads\/2015\/05\/Saint-Paul-en-Jarez-scaled1.jpg","articleSection":["Assembl\u00e9es g\u00e9n\u00e9rales","Calendrier"],"inLanguage":"nl-BE"},{"@type":"WebPage","@id":"https:\/\/centcols.org\/ag-2015-saint-paul-en-jarez\/","url":"https:\/\/centcols.org\/ag-2015-saint-paul-en-jarez\/","name":"Algemene vergadering van de Club des Cent Cols in Saint-Paul-En-Jarez (Loire) op 14 november 2015 - Club des Cent Cols","isPartOf":{"@id":"https:\/\/centcols.org\/#website"},"primaryImageOfPage":{"@id":"https:\/\/centcols.org\/ag-2015-saint-paul-en-jarez\/#primaryimage"},"image":{"@id":"https:\/\/centcols.org\/ag-2015-saint-paul-en-jarez\/#primaryimage"},"thumbnailUrl":"https:\/\/centcols.org\/wp-content\/uploads\/2015\/05\/Saint-Paul-en-Jarez-scaled1.jpg","datePublished":"2015-05-07T08:13:21+00:00","dateModified":"2025-08-16T11:59:38+00:00","breadcrumb":{"@id":"https:\/\/centcols.org\/ag-2015-saint-paul-en-jarez\/#breadcrumb"},"inLanguage":"nl-BE","potentialAction":[{"@type":"ReadAction","target":["https:\/\/centcols.org\/ag-2015-saint-paul-en-jarez\/"]}]},{"@type":"ImageObject","inLanguage":"nl-BE","@id":"https:\/\/centcols.org\/ag-2015-saint-paul-en-jarez\/#primaryimage","url":"https:\/\/centcols.org\/wp-content\/uploads\/2015\/05\/Saint-Paul-en-Jarez-scaled1.jpg","contentUrl":"https:\/\/centcols.org\/wp-content\/uploads\/2015\/05\/Saint-Paul-en-Jarez-scaled1.jpg","width":2560,"height":1440,"caption":"default"},{"@type":"BreadcrumbList","@id":"https:\/\/centcols.org\/ag-2015-saint-paul-en-jarez\/#breadcrumb","itemListElement":[{"@type":"ListItem","position":1,"name":"Accueil","item":"https:\/\/centcols.org\/"},{"@type":"ListItem","position":2,"name":"Assembl\u00e9es g\u00e9n\u00e9rales","item":"https:\/\/centcols.org\/rubrique\/assemblees-generales\/"},{"@type":"ListItem","position":3,"name":"Assembl\u00e9e g\u00e9n\u00e9rale du Club des Cent Cols \u00e0 Saint-Paul-En-Jarez (Loire) le 14 novembre 2015"}]},{"@type":"WebSite","@id":"https:\/\/centcols.org\/#website","url":"https:\/\/centcols.org\/","name":"Club van Cent Cols","description":"","publisher":{"@id":"https:\/\/centcols.org\/#organization"},"potentialAction":[{"@type":"SearchAction","target":{"@type":"EntryPoint","urlTemplate":"https:\/\/centcols.org\/?s={search_term_string}"},"query-input":{"@type":"PropertyValueSpecification","valueRequired":true,"valueName":"search_term_string"}}],"inLanguage":"nl-BE"},{"@type":"Organization","@id":"https:\/\/centcols.org\/#organization","name":"Club van Cent Cols","url":"https:\/\/centcols.org\/","logo":{"@type":"ImageObject","inLanguage":"nl-BE","@id":"https:\/\/centcols.org\/#\/schema\/logo\/image\/","url":"https:\/\/centcols.org\/wp-content\/uploads\/2025\/01\/carte-icone.png","contentUrl":"https:\/\/centcols.org\/wp-content\/uploads\/2025\/01\/carte-icone.png","width":250,"height":250,"caption":"Club des Cent Cols"},"image":{"@id":"https:\/\/centcols.org\/#\/schema\/logo\/image\/"},"sameAs":["https:\/\/www.facebook.com\/groups\/5261880558\/?locale=fr_FR"]},{"@type":"Person","@id":"https:\/\/centcols.org\/#\/schema\/person\/377f00da2793c0363246869bb3a344d0","name":"Guy Harl\u00e9","image":{"@type":"ImageObject","inLanguage":"nl-BE","@id":"https:\/\/centcols.org\/wp-content\/litespeed\/avatar\/94c4de37e46cf090f296d42ab3e8d6a6.jpg?ver=1777238144","url":"https:\/\/centcols.org\/wp-content\/litespeed\/avatar\/94c4de37e46cf090f296d42ab3e8d6a6.jpg?ver=1777238144","contentUrl":"https:\/\/centcols.org\/wp-content\/litespeed\/avatar\/94c4de37e46cf090f296d42ab3e8d6a6.jpg?ver=1777238144","caption":"Guy Harl\u00e9"},"url":"https:\/\/centcols.org\/nl\/author\/5193\/"}]}},"_links":{"self":[{"href":"https:\/\/centcols.org\/nl\/wp-json\/wp\/v2\/posts\/81438","targetHints":{"allow":["GET"]}}],"collection":[{"href":"https:\/\/centcols.org\/nl\/wp-json\/wp\/v2\/posts"}],"about":[{"href":"https:\/\/centcols.org\/nl\/wp-json\/wp\/v2\/types\/post"}],"author":[{"embeddable":true,"href":"https:\/\/centcols.org\/nl\/wp-json\/wp\/v2\/users\/136"}],"replies":[{"embeddable":true,"href":"https:\/\/centcols.org\/nl\/wp-json\/wp\/v2\/comments?post=81438"}],"version-history":[{"count":0,"href":"https:\/\/centcols.org\/nl\/wp-json\/wp\/v2\/posts\/81438\/revisions"}],"wp:featuredmedia":[{"embeddable":true,"href":"https:\/\/centcols.org\/nl\/wp-json\/wp\/v2\/media\/83354"}],"wp:attachment":[{"href":"https:\/\/centcols.org\/nl\/wp-json\/wp\/v2\/media?parent=81438"}],"wp:term":[{"taxonomy":"category","embeddable":true,"href":"https:\/\/centcols.org\/nl\/wp-json\/wp\/v2\/categories?post=81438"},{"taxonomy":"post_tag","embeddable":true,"href":"https:\/\/centcols.org\/nl\/wp-json\/wp\/v2\/tags?post=81438"}],"curies":[{"name":"wp","href":"https:\/\/api.w.org\/{rel}","templated":true}]}}