{"id":81529,"date":"2012-01-23T10:10:40","date_gmt":"2012-01-23T08:10:40","guid":{"rendered":"https:\/\/centcols.org\/sejour-de-printemps-a-remuzat-drome-du-22-au-28-avril-2012\/"},"modified":"2025-10-02T16:52:03","modified_gmt":"2025-10-02T14:52:03","slug":"verblijf-2012-remuzat","status":"publish","type":"post","link":"https:\/\/centcols.org\/nl\/sejour-2012-remuzat\/","title":{"rendered":"Voorjaarsvakantie in R\u00e9muzat (Dr\u00f4me) van 22 tot 28 april 2012"},"content":{"rendered":"<h2 class=\"wp-block-heading\">Presentatie<\/h2>\n\n\n\n<p>De voorjaarsbijeenkomst vindt in 2012 plaats in R\u00e9muzat in de Proven\u00e7aalse Dr\u00f4me (62 km van Mont\u00e9limar en 26 km van Nyons) van 22 tot 28 april.<br>R\u00e9muzat ligt op de linkeroever van de rivier de Oule, omringd door pruimenboomgaarden. R\u00e9muzat is een en al Provence, met een vleugje Alpen. Het is discreter en minder bekend dan andere regio's, maar zijn schoonheid blijft authentieker, wilder met zijn stenen huizen en lemen dakpannen.<br>Rondom het dorp (op 447 m hoogte) steken de zuidelijke Voor-Alpen, waarvan de toppen meer dan 1000 m hoog zijn, af tegen een hemel van onvergelijkbare helderheid. De Caire-rots, een lange klif in oostelijke richting, domineert het gebied. De ochtendzon verwarmt de lucht snel.<br>Aan het einde van de pagina vind je een meer gedetailleerde culturele presentatie van de regio, zijn geschiedenis, geografie en terroir.<\/p>\n\n\n\n<figure class=\"wp-block-gallery has-nested-images columns-3 is-cropped wp-block-gallery-1 is-layout-flex wp-block-gallery-is-layout-flex\">\n<figure class=\"wp-block-image size-full\"><img loading=\"lazy\" decoding=\"async\" width=\"150\" height=\"181\" data-id=\"88898\" src=\"https:\/\/centcols.org\/wp-content\/uploads\/2012\/01\/remuzat.png\" alt=\"\" class=\"wp-image-88898\"\/><\/figure>\n\n\n\n<figure class=\"wp-block-image size-full\"><img loading=\"lazy\" decoding=\"async\" width=\"200\" height=\"150\" data-id=\"88899\" src=\"https:\/\/centcols.org\/wp-content\/uploads\/2012\/01\/lesLavandes.jpg\" alt=\"\" class=\"wp-image-88899\"\/><\/figure>\n\n\n\n<figure class=\"wp-block-image size-full\"><img loading=\"lazy\" decoding=\"async\" width=\"150\" height=\"165\" data-id=\"88937\" src=\"https:\/\/centcols.org\/wp-content\/uploads\/2012\/01\/drome-1.png\" alt=\"\" class=\"wp-image-88937\"\/><\/figure>\n<\/figure>\n\n\n\n<h2 class=\"wp-block-heading\">Registratie<\/h2>\n\n\n\n<p><span class=\"flett\">P<\/span>Om u in staat te stellen deel te nemen aan de voorjaarsbijeenkomst en de aangeboden activiteiten, heeft de Club des Cent Cols een accommodatieovereenkomst gesloten met de Association Tern\u00e9lia Chemins, die over een reiserkenning beschikt, waardoor we de Code du Tourisme kunnen naleven en kunnen profiteren van groepstarieven.  In tegenstelling tot eerdere reizen zullen de inschrijvingen en het financi\u00eble beheer rechtstreeks door de Association Tern\u00e9lia Chemins worden afgehandeld, terwijl de Club des Cent Cols alleen verantwoordelijk zal zijn voor het activiteitenprogramma (rondleidingen, evenementen).<\/p>\n\n\n\n<p>Bijgevoegd vindt u de prijzen van de diensten en de algemene verkoopvoorwaarden van het verblijf bij Tern\u00e9lia, evenals een inschrijfformulier.<\/p>\n\n\n\n<p>Je moet je rechtstreeks bij het centrum registreren. <a href=\"https:\/\/centcols.org\/les_rendez-vous\/2012\/Remuzat\/inscription.pdf\" target=\"_blank\" rel=\"noopener\">Download de registratiedocumentatie<\/a><\/p>\n\n\n\n<h2 class=\"wp-block-heading\">Accommodatie<\/h2>\n\n\n\n<p>We bieden accommodatie in het vakantiecentrum Les Lavandes in het hart van het dorp. Het centrum heeft 88 kamers met 2 of 3 bedden, balkon, eigen badkamer en WiFi verbinding, en 2 kamers met 2 bedden voor mensen met beperkte mobiliteit. Er is ook een sauna-hammam beschikbaar tegen betaling.<\/p>\n\n\n\n<p>Meer informatie is beschikbaar op de website van het centrum, <a href=\"http:\/\/www.ternelia-chemins.com\/ete\/village-vacances-les-lavandes-remuzat.html\">http:\/\/www.ternelia-chemins.com\/ete\/village-vacances-les-lavandes-remuzat.html<\/a><\/p>\n\n\n\n<figure class=\"wp-block-gallery has-nested-images columns-2 is-cropped wp-block-gallery-2 is-layout-flex wp-block-gallery-is-layout-flex\">\n<figure class=\"wp-block-image size-full\"><a href=\"https:\/\/centcols.org\/wp-content\/uploads\/2012\/01\/bar-1.jpg\"><img loading=\"lazy\" decoding=\"async\" width=\"200\" height=\"150\" data-id=\"88903\" src=\"https:\/\/centcols.org\/wp-content\/uploads\/2012\/01\/bar-1.jpg\" alt=\"\" class=\"wp-image-88903\"\/><\/a><\/figure>\n\n\n\n<figure class=\"wp-block-image size-full\"><a href=\"https:\/\/centcols.org\/wp-content\/uploads\/2012\/01\/chambre2lits.jpg\"><img loading=\"lazy\" decoding=\"async\" width=\"200\" height=\"150\" data-id=\"88904\" src=\"https:\/\/centcols.org\/wp-content\/uploads\/2012\/01\/chambre2lits.jpg\" alt=\"\" class=\"wp-image-88904\"\/><\/a><\/figure>\n<\/figure>\n\n\n\n<p>Als je gebruik wilt maken van de aangeboden accommodatie, moet je je direct bij het centrum registreren door de registratiedocumenten te downloaden die in de vorige sectie worden genoemd.<\/p>\n\n\n\n<p class=\"has-text-align-center\">De gemeentelijke camping is op dit moment gesloten. Er is een boerderijcamping met 6 plaatsen op de hoogten van R\u00e9muzat:<\/p>\n\n\n<div class=\"wp-block-image\">\n<figure class=\"aligncenter size-full\"><a href=\"https:\/\/centcols.org\/wp-content\/uploads\/2025\/09\/perriere.jpg\"><img loading=\"lazy\" decoding=\"async\" width=\"200\" height=\"150\" src=\"https:\/\/centcols.org\/wp-content\/uploads\/2025\/09\/perriere.jpg\" alt=\"\" class=\"wp-image-88905\"\/><\/a><\/figure>\n<\/div>\n\n\n<p class=\"has-text-align-center\">Ferme de la Perri\u00e8re<br>La Combe<br>26510 REMUZAT<\/p>\n\n\n\n<p class=\"has-text-align-center\">Telefoon: +33 (0)4.26.66.90.09<br>Mobiel: +33 (0)6.13.57.83.60<br><a href=\"\/nl\/&\/#109;&#x61;i&#x6c;&#x74;&#111;&#x3a;i&#x6e;&#x66;&#111;&#x40;c&#x61;&#x6d;&#112;&#x69;n&#x67;&#x2d;&#103;&#x69;t&#x65;&#x2d;&#102;&#x65;r&#x6d;&#x65;&#45;&#x72;e&#x6d;&#x75;&#122;&#x61;t&#x2e;&#x66;&#114;\">info@camping-gite-ferme-remuzat.fr<\/a><br><a href=\"http:\/\/www.camping-gite-ferme-remuzat.fr\/\" target=\"_blank\" rel=\"noopener\">www.camping-gite-ferme-remuzat.fr\/<\/a><\/p>\n\n\n\n<h2 class=\"wp-block-heading\">Details programma<\/h2>\n\n\n\n<h3 class=\"wp-block-heading\">Fietsprogramma<\/h3>\n\n\n\n<p>De lijst met passen op de routes, interactieve kaarten, routebladen en hoogteprofielen vind je hier :<\/p>\n\n\n\n<ul class=\"wp-block-list\">\n<li>Lijst van <a href=\"\/nl\/membres\/cctours\/tours.php\/?lieu=R\u00e9muzat&amp;an=2012&amp;genre=R\">wegen<\/a><\/li>\n\n\n\n<li>Lijst van <a href=\"\/nl\/membres\/cctours\/tours.php\/?lieu=R\u00e9muzat&amp;an=2012&amp;genre=V\">mountainbikeroutes<\/a><\/li>\n<\/ul>\n\n\n\n<p>Als je navigeert met GPS of geolocatiesoftware, kun je ook alle <a href=\"\/nl\/membres\/cctours\/tours.php\/?lieu=R\u00e9muzat&amp;an=2012\">geolocatiebestanden<\/a><\/p>\n\n\n\n<p>De lokale organisatoren willen er zeker van zijn dat alle wegen, paden en wegen in onberispelijke staat zijn voor jouw bezoek. Dus hebben ze een grote <a href=\"https:\/\/centcols.org\/nl\/util\/visuAlbum.php\/?album=5925-4\" target=\"_blank\" rel=\"noreferrer noopener\">opruimen van kreupelhout<\/a> van bijna 2 km op een van de mountainbike circuits op 31 maart!<\/p>\n\n\n\n<figure class=\"wp-block-gallery has-nested-images columns-4 is-cropped wp-block-gallery-3 is-layout-flex wp-block-gallery-is-layout-flex\">\n<figure class=\"wp-block-image size-full\"><a href=\"https:\/\/centcols.org\/wp-content\/uploads\/2012\/01\/M00113.jpg\"><img loading=\"lazy\" decoding=\"async\" width=\"800\" height=\"600\" data-id=\"88906\" src=\"https:\/\/centcols.org\/wp-content\/uploads\/2012\/01\/M00113.jpg\" alt=\"\" class=\"wp-image-88906\" srcset=\"https:\/\/centcols.org\/wp-content\/uploads\/2012\/01\/M00113.jpg 800w, https:\/\/centcols.org\/wp-content\/uploads\/2012\/01\/M00113-768x576.jpg 768w\" sizes=\"auto, (max-width: 800px) 100vw, 800px\" \/><\/a><\/figure>\n\n\n\n<figure class=\"wp-block-image size-full\"><a href=\"https:\/\/centcols.org\/wp-content\/uploads\/2012\/01\/M00213.jpg\"><img loading=\"lazy\" decoding=\"async\" width=\"800\" height=\"600\" data-id=\"88907\" src=\"https:\/\/centcols.org\/wp-content\/uploads\/2012\/01\/M00213.jpg\" alt=\"\" class=\"wp-image-88907\" srcset=\"https:\/\/centcols.org\/wp-content\/uploads\/2012\/01\/M00213.jpg 800w, https:\/\/centcols.org\/wp-content\/uploads\/2012\/01\/M00213-768x576.jpg 768w\" sizes=\"auto, (max-width: 800px) 100vw, 800px\" \/><\/a><\/figure>\n\n\n\n<figure class=\"wp-block-image size-full\"><a href=\"https:\/\/centcols.org\/wp-content\/uploads\/2012\/01\/M00313.jpg\"><img loading=\"lazy\" decoding=\"async\" width=\"800\" height=\"600\" data-id=\"88908\" src=\"https:\/\/centcols.org\/wp-content\/uploads\/2012\/01\/M00313.jpg\" alt=\"\" class=\"wp-image-88908\" srcset=\"https:\/\/centcols.org\/wp-content\/uploads\/2012\/01\/M00313.jpg 800w, https:\/\/centcols.org\/wp-content\/uploads\/2012\/01\/M00313-768x576.jpg 768w\" sizes=\"auto, (max-width: 800px) 100vw, 800px\" \/><\/a><\/figure>\n\n\n\n<figure class=\"wp-block-image size-full\"><a href=\"https:\/\/centcols.org\/wp-content\/uploads\/2012\/01\/M00413.jpg\"><img loading=\"lazy\" decoding=\"async\" width=\"800\" height=\"601\" data-id=\"88909\" src=\"https:\/\/centcols.org\/wp-content\/uploads\/2012\/01\/M00413.jpg\" alt=\"\" class=\"wp-image-88909\" srcset=\"https:\/\/centcols.org\/wp-content\/uploads\/2012\/01\/M00413.jpg 800w, https:\/\/centcols.org\/wp-content\/uploads\/2012\/01\/M00413-768x577.jpg 768w\" sizes=\"auto, (max-width: 800px) 100vw, 800px\" \/><\/a><\/figure>\n\n\n\n<figure class=\"wp-block-image size-full\"><a href=\"https:\/\/centcols.org\/wp-content\/uploads\/2012\/01\/M00513.jpg\"><img loading=\"lazy\" decoding=\"async\" width=\"800\" height=\"600\" data-id=\"88910\" src=\"https:\/\/centcols.org\/wp-content\/uploads\/2012\/01\/M00513.jpg\" alt=\"\" class=\"wp-image-88910\" srcset=\"https:\/\/centcols.org\/wp-content\/uploads\/2012\/01\/M00513.jpg 800w, https:\/\/centcols.org\/wp-content\/uploads\/2012\/01\/M00513-768x576.jpg 768w\" sizes=\"auto, (max-width: 800px) 100vw, 800px\" \/><\/a><\/figure>\n\n\n\n<figure class=\"wp-block-image size-full\"><a href=\"https:\/\/centcols.org\/wp-content\/uploads\/2012\/01\/M00613.jpg\"><img loading=\"lazy\" decoding=\"async\" width=\"800\" height=\"601\" data-id=\"88911\" src=\"https:\/\/centcols.org\/wp-content\/uploads\/2012\/01\/M00613.jpg\" alt=\"\" class=\"wp-image-88911\" srcset=\"https:\/\/centcols.org\/wp-content\/uploads\/2012\/01\/M00613.jpg 800w, https:\/\/centcols.org\/wp-content\/uploads\/2012\/01\/M00613-768x577.jpg 768w\" sizes=\"auto, (max-width: 800px) 100vw, 800px\" \/><\/a><\/figure>\n\n\n\n<figure class=\"wp-block-image size-full\"><a href=\"https:\/\/centcols.org\/wp-content\/uploads\/2012\/01\/M00713.jpg\"><img loading=\"lazy\" decoding=\"async\" width=\"800\" height=\"601\" data-id=\"88912\" src=\"https:\/\/centcols.org\/wp-content\/uploads\/2012\/01\/M00713.jpg\" alt=\"\" class=\"wp-image-88912\" srcset=\"https:\/\/centcols.org\/wp-content\/uploads\/2012\/01\/M00713.jpg 800w, https:\/\/centcols.org\/wp-content\/uploads\/2012\/01\/M00713-768x577.jpg 768w\" sizes=\"auto, (max-width: 800px) 100vw, 800px\" \/><\/a><\/figure>\n<\/figure>\n\n\n\n<h2 class=\"wp-block-heading\">Evenementenprogramma<\/h2>\n\n\n\n<ul class=\"wp-block-list\">\n<li>Zondag 22 - 18.00 uur: welkomstdrankje; 21.00 uur: presentatie van de routes.<\/li>\n\n\n\n<li>Maandag 23 - 21.00 uur: Gierenavond<\/li>\n\n\n\n<li>Dinsdag 24 - 21.00 uur: avond digitale cartografie<\/li>\n\n\n\n<li>Woensdag 25 - 21.00 uur: Diashow van de Tour de la France 2011 door R\u00e9gis Paraz<\/li>\n\n\n\n<li>Donderdag 26 - 21.00 uur: Quiz door Didier R\u00e9mond<\/li>\n\n\n\n<li>Vrijdag 27 - 21.00 uur: Dansavond<\/li>\n\n\n\n<li>Zaterdag 28 - 12.30 uur: afscheidsborrel<\/li>\n<\/ul>\n\n\n\n<h2 class=\"wp-block-heading\">Voor wie niet fietst<\/h2>\n\n\n\n<h3 class=\"wp-block-heading\">Bekijk de heuveldorpen vanuit vogelperspectief<\/h3>\n\n\n\n<p>\u2665\u2665\u2665 Saint May, de Abdij van Bodon en het panorama van de Rocher du Caire. Op 5 minuten rijden.<\/p>\n\n\n\n<p>\u2665\u2665\u2665 Villeperdrix: oude gerestaureerde kerk (17e eeuw), ru\u00efnes van de priorij, overblijfselen van de versterkte omheining van het middeleeuwse dorp. 10 min met de auto.<\/p>\n\n\n\n<p>\u2665\u2665\u2665 Rochebrune: middeleeuws hooggelegen dorp (12e eeuw), toren van het oude kasteel, kerk (11e-15e). 30 min met de auto.<\/p>\n\n\n\n<p>\u2665\u2665\u2665 Pommerol en zijn buitengewone omgeving. Oud gerestaureerd en priv\u00e9dorp met gereguleerde of zelfs verboden toegang (juli-augustus). 30 minuten met de auto.<\/p>\n\n\n\n<p>\u2665\u2665 Aubres: klein paradijselijk hoekje vlakbij Nyons. 30 minuten met de auto.<\/p>\n\n\n\n<p>\u2665 Montaulieu, le Po\u00ebt Sigillat, Chaudebonne, etc... op 30 minuten rijden met de auto<\/p>\n\n\n\n<h3 class=\"wp-block-heading\">Absoluut de gieren<\/h3>\n\n\n\n<p>\u2665\u2665\u2665 Veldobservatiewandeling met betalende gids. Start vanaf het centrum.<\/p>\n\n\n\n<h3 class=\"wp-block-heading\">Het leuke<\/h3>\n\n\n\n<p>Bezoek de Proven\u00e7aalse markt in Nyons op donderdagochtend. 30 minuten met de auto.<\/p>\n\n\n\n<h3 class=\"wp-block-heading\">De must-sees<\/h3>\n\n\n\n<p>\u2665\u2665\u2665 Olijven, wijn, honing, kaas, seizoensfruit, lavendel...<\/p>\n\n\n\n<h3 class=\"wp-block-heading\">Suggestie<\/h3>\n\n\n\n<p>\u2665\u2665\u2665 Volg je instincten... improviseer.<\/p>\n\n\n\n<h2 class=\"wp-block-heading\">Culturele en toeristische informatie<\/h2>\n\n\n\n<p>Er zijn paden die langs de wegen glijden en half verscholen onder het gras op de uitkijk blijven. Ze zeggen niets. Ze staan daar gewoon. Je ziet ze, ze kijken je aan, soms heel zachtjes, ze grijpen je voet en als je voor ze zwicht, trekken ze je van de weg af, God mag weten waarheen!<br>Henri Bosc<\/p>\n\n\n\n<h2 class=\"wp-block-heading\">Inleiding<\/h2>\n\n\n<div class=\"wp-block-image\">\n<figure class=\"aligncenter size-full\"><img loading=\"lazy\" decoding=\"async\" width=\"200\" height=\"150\" src=\"https:\/\/centcols.org\/wp-content\/uploads\/2012\/01\/pic0_al.jpg\" alt=\"\" class=\"wp-image-88913\"\/><\/figure>\n<\/div>\n\n\n<p class=\"has-text-align-left\">R\u00e9muzat is een klein, rustig dorpje in de Dr\u00f4me Proven\u00e7ale, dat deel uitmaakt van de Baronnies. Het ligt op de linkeroever van de rivier de Oule, met uitzicht op de indrukwekkende klif van de Rocher du Caire die naar het oosten gericht is. De ochtendzon verwarmt de lucht snel. Hierdoor kon in 1995 een kolonie vale gieren worden heropgericht, gevolgd door de zwarte gier, die praktisch uit Frankrijk was verdwenen. Sindsdien is de aasgier, die veel zeldzamer is, spontaan weer verschenen. Er zijn nu meer dan 300 individuen die zich voeden in een gebied van meer dan 6.000 vierkante kilometer.<\/p>\n\n\n\n<h2 class=\"wp-block-heading\">Aardrijkskunde<\/h2>\n\n\n<div class=\"wp-block-image\">\n<figure class=\"aligncenter size-full\"><img loading=\"lazy\" decoding=\"async\" width=\"200\" height=\"150\" src=\"https:\/\/centcols.org\/wp-content\/uploads\/2012\/01\/pic1_al.jpg\" alt=\"\" class=\"wp-image-88914\"\/><\/figure>\n<\/div>\n\n\n<p class=\"has-text-align-left\">De Baronnies is een natuurlijke en historische regio tussen het zuiden van de Dr\u00f4me, het westen van de Hautes-Alpes en het noorden van de Vaucluse.<br>Dit is een middelgebergtegebied (hoogte minder dan 1600 m), met een ruig landschap dat zich uitstrekt van west naar oost, van de Valr\u00e9as-vlakte tot de middelste Durance-vallei, en van zuid naar noord, van de Mont Ventoux tot de rand van de Diois.<\/p>\n\n\n\n<p class=\"has-text-align-left\">Een land verdeeld in valleien, hier en daar afgewisseld met grote synclinale bekkens of smalle bekkens. De communicatie tussen de valleien is nooit gemakkelijk geweest, ondanks de vele middelhoge passen.<\/p>\n\n\n\n<p>Een land van contrasten, met wijngaarden op de vlaktes, kersen-, abrikozen- en olijfbomen op de heuvels en lavendelvelden op de hoogvlaktes, maar ook uitgestrekte gebieden bedekt met struikgewas van eiken, jeneverbes, buxus en brem, en zover het oog reikt, geulige hellingen die worden vastgehouden door kolonies van grove dennen of plantages van zwarte dennen. Dit is een land van zonneschijn en heldere landschappen, bezaaid met dorpjes op heuveltoppen en afgelegen boerderijen, waar de dubbele invloed van het mediterrane klimaat en de koele Alpenlucht heeft gezorgd voor een verbazingwekkende rijkdom aan flora en fauna.<\/p>\n\n\n\n<h2 class=\"wp-block-heading\">Geschiedenis<\/h2>\n\n\n\n<p>Het dorp Castrum Remusaco (de eerste schriftelijke vermelding dateert uit 1270) werd gebouwd op de rechteroever van de rivier de Oule. Overblijfselen van de stadsmuren en de oude kerk Saint-Michel zijn nog steeds zichtbaar. R\u00e9muzat, een voormalig leengoed van de baronie van M\u00e9vouillon, dat onder de soevereiniteit viel van de abdij van Bodon (gesticht door Sint Marius in 556) en later van de abdij van Ile Barbe, werd in 1305 door baron Raymond V en de abt van Ile Barbe verkocht aan Karel II, koning van Sicili\u00eb en graaf van de Provence. Vanaf dat moment maakte het deel uit van de claverie de l'Oule en viel het tot de Revolutie onder de jurisdictie van de regering van de Provence, de viguerie van Sisteron en het Parlement van Aix. Door de wet van juli 1790 werd het een gemeente van het departement Dr\u00f4me en door de administratieve reorganisatie van het jaar VIII werd het een administratief centrum van het kanton.<\/p>\n\n\n\n<h2 class=\"wp-block-heading\">Oorsprong en terroir<\/h2>\n\n\n\n<p>Het gebied wordt al sinds de prehistorie bewoond en is sterk getekend door Gallische (Voconces) en Romeinse invloeden. De Baronnies ontlenen hun naam aan de baronnen van M\u00e9vouillon en Montauban. Deze twee heerlijkheden werden definitief bij de Dauphin\u00e9 gevoegd, voordat ze in 1349 als onderdeel van dit prinsdom werden afgestaan aan het Koninkrijk Frankrijk. Nevenactiviteiten, zoals het kweken van cocons voor de zijde- en spinnerijen in de regio, zorgden voor belangrijke bronnen van inkomsten en verbeterden het lot van de boeren. In de eerste helft van de 20e eeuw werden nieuwe gewassen zoals kalk en lavendel ontwikkeld.<\/p>\n\n\n\n<p>De regio is sterk getekend door gebeurtenissen in verband met de Tweede Wereldoorlog en door het verzet, dat zeer actief was in het gebied.<\/p>\n\n\n\n<p>De landbouw domineert nog steeds en biedt werk aan bijna een derde van de beroepsbevolking. De traditionele gemengde landbouw in combinatie met kleinschalige veeteelt is verdwenen ten gunste van fruitbomen, die zich landinwaarts verspreiden door de valleien van de Eygues en Ouv\u00e8ze (abrikozen- en kersenbomen) en de C\u00e9ans en M\u00e9ouge (appel- en perenbomen).<\/p>\n\n\n<div class=\"wp-block-image\">\n<figure class=\"aligncenter size-full\"><img loading=\"lazy\" decoding=\"async\" width=\"200\" height=\"150\" src=\"https:\/\/centcols.org\/wp-content\/uploads\/2012\/01\/pic2_al.jpg\" alt=\"\" class=\"wp-image-88915\"\/><\/figure>\n<\/div>\n\n\n<p>In de regio Nyons - Buis-les-Baronnies zijn olijfbomen nog steeds belangrijk (A.O.P. olijven en olie uit Nyons), net als wijngaarden, A.O.C. C\u00f4tes du Rh\u00f4ne in de sector Nyons - Vinsobres, en Coteaux des Baronnies wijnen (Buis-les-Baronnies - Sainte-Jalle).<\/p>\n\n\n\n<p>Tot slot heeft de regio een grote sector van medicinale en aromatische parfumplanten (lavendel, lavandin), wat aanleiding geeft tot een grote handel in gedroogde bloemen en AOC Haute-Provence etherische olie.<\/p>\n\n\n\n<p>Net als in de naburige regio Bu\u00ebch worden er nog steeds schapen gehouden, voornamelijk voor de productie van lamsvlees uit Sisteron, maar in mindere mate. Geitenmelk wordt gebruikt om de beroemde \u00abpicodon\u00bb kaas te maken.\u00bb<\/p>\n\n\n\n<h2 class=\"wp-block-heading\">Persoonlijkheden verbonden aan de Commune<\/h2>\n\n\n\n<p>Abb\u00e9 Lucien Van Damme (1901-1989), geboren in Belgi\u00eb en telg uit een oude Brusselse familie, kon om gezondheidsredenen zijn ambt uitoefenen in het zonnige klimaat van de zuidelijke Voor-Alpen. Hij was meer dan 54 jaar pastoor van R\u00e9muzat (1933-1987) en een erudiet man die talrijke artikelen en waardevolle publicaties over zijn dorp en de plaatselijke geschiedenis schreef voor onderzoekers, taalkundigen en sociologen.<\/p>\n\n\n\n<h2 class=\"wp-block-heading\">Regionaal Natuurpark Baronnies Proven\u00e7ales<\/h2>\n\n\n\n<p>Het idee om een regionaal natuurpark te cre\u00ebren in de Baronnies proven\u00e7ales, die twee departementen (Hautes-Alpes en Dr\u00f4me) en twee regio's (Rh\u00f4ne-Alpes en Provence-Alpes-C\u00f4te d'Azur) doorkruisen, dateert al van eind jaren 1990.<\/p>\n\n\n\n<p>Op lokaal niveau werd het initiatief genomen door de Groupement pour la Promotion et l'Expansion du Nyonsais Baronnies en lokale gemeenteraadsleden, die zich bewust waren van de economische problemen van deze zeer landelijke regio waar de landbouw nog steeds wordt bedreigd en de ontwikkeling kwetsbaar is.<\/p>\n\n\n\n<p>In 2003 besloten de twee regionale raden een opportuniteits- en haalbaarheidsstudie te financieren, waardoor ze op 17 december 2004 een gezamenlijke resolutie konden aannemen, waarin een omtrek (130 betrokken gemeenten) en organisatorische principes werden vastgelegd.<\/p>\n\n\n\n<p>Op 30 maart 2007 heeft de prefect van de Dr\u00f4me, na te hebben vastgesteld dat de meerderheid van de betrokken gemeenten en gemeenschappen hiermee heeft ingestemd, een besluit gepubliceerd tot oprichting van een Syndicat Mixte de pr\u00e9figuration d'un parc naturel r\u00e9gional et d'am\u00e9nagement des Baronnies Proven\u00e7ales. Het hoofdkantoor bevindt zich in Sahune en de belangrijkste taak is het opstellen van het handvest voor het toekomstige park, dat ter stemming zal worden voorgelegd aan alle gemeenten in het betrokken gebied.<\/p>\n\n\n\n<p>Het charter moet in 2011 worden afgerond en het label \u00abNatuurpark\u00bb in 2012. Het project voor het park werd van 20 juni tot 22 juli 2011 aan een openbare enqu\u00eate onderworpen en zou 130 gemeenten kunnen samenbrengen. Het zou tot doel hebben het milieu te beschermen, landbouwactiviteiten te ondersteunen en groen toerisme te stimuleren.<\/p>\n\n\n\n<p>De naam \u00abBaronnies proven\u00e7ales\u00bb is onderwerp geweest van discussie over de legitimiteit ervan, aangezien deze gebieden tot de Dauphin\u00e9 behoorden. Sommige aangrenzende gebieden in de Provence bestonden in 1789 als enclaves in de Dauphin\u00e9, maar hun omvang was klein. Als we echter kijken naar de kaart van de verdeling van de Provence in 1125, kunnen we stellen dat de Baronnies ooit deel uitmaakten van de Provence.<\/p>\n\n\n\n<p><em>&nbsp; &nbsp; &nbsp; &nbsp;Alf\u00e9o Lotto <\/em>Documentatie uit het artikel <a href=\"http:\/\/fr.wikipedia.org\/wiki\/R%C3%A9muzat\" target=\"_blank\" rel=\"noreferrer noopener\"><em>R\u00e9muzat<\/em><\/a> van Wikipedia.<\/p>\n\n\n\n<p>We nodigen je ook uit om een kijkje te nemen naar een <a href=\"https:\/\/centcols.org\/nl\/util\/visuAlbum.php\/?album=05650-008\" target=\"_blank\" rel=\"noreferrer noopener\">diavoorstelling over de regio R\u00e9muzat<\/a> en zijn mountainbikeroutes; deze diavoorstelling, gepresenteerd tijdens de Algemene Vergadering in Canet-en-Roussillon op 26 november, is gemaakt door Alf\u00e9o Lotto, een van de \u00abregionale spelers\u00bb.<\/p>\n\n\n\n<p>Een andere diavoorstelling over de regio, door Didier R\u00e9mond, beschrijft een <a href=\"https:\/\/centcols.org\/nl\/util\/visuAlbum.php\/?album=1202-1\" target=\"_blank\" rel=\"noreferrer noopener\">mountainbiken in 2009<\/a> in de buurt van R\u00e9muzat.<a href=\"https:\/\/centcols.org\/nl\/util\/visuAlbum.php\/?album=3199-002\">https:\/\/centcols.org\/util\/visuAlbum.php?album=3199-002<\/a><\/p>\n\n\n\n<figure class=\"wp-block-gallery has-nested-images columns-4 is-cropped wp-block-gallery-4 is-layout-flex wp-block-gallery-is-layout-flex\">\n<figure class=\"wp-block-image size-full\"><a href=\"https:\/\/centcols.org\/nl\/util\/visuAlbum.php\/?album=0722-004\" target=\"_blank\" rel=\"noreferrer noopener\"><img loading=\"lazy\" decoding=\"async\" width=\"1200\" height=\"900\" data-id=\"88916\" src=\"https:\/\/centcols.org\/wp-content\/uploads\/2012\/01\/L00332-1.jpg\" alt=\"\" class=\"wp-image-88916\" srcset=\"https:\/\/centcols.org\/wp-content\/uploads\/2012\/01\/L00332-1.jpg 1200w, https:\/\/centcols.org\/wp-content\/uploads\/2012\/01\/L00332-1-768x576.jpg 768w\" sizes=\"auto, (max-width: 1200px) 100vw, 1200px\" \/><\/a><figcaption class=\"wp-element-caption\">Album van Alain Gillodes<\/figcaption><\/figure>\n\n\n\n<figure class=\"wp-block-image size-full\"><a href=\"https:\/\/centcols.org\/nl\/util\/visuAlbum.php\/?album=6785-006\" target=\"_blank\" rel=\"noreferrer noopener\"><img loading=\"lazy\" decoding=\"async\" width=\"1200\" height=\"900\" data-id=\"88917\" src=\"https:\/\/centcols.org\/wp-content\/uploads\/2012\/01\/L0823-1.jpg\" alt=\"\" class=\"wp-image-88917\" srcset=\"https:\/\/centcols.org\/wp-content\/uploads\/2012\/01\/L0823-1.jpg 1200w, https:\/\/centcols.org\/wp-content\/uploads\/2012\/01\/L0823-1-768x576.jpg 768w\" sizes=\"auto, (max-width: 1200px) 100vw, 1200px\" \/><\/a><figcaption class=\"wp-element-caption\">Album van Max Tissot<\/figcaption><\/figure>\n\n\n\n<figure class=\"wp-block-image size-full\"><a href=\"https:\/\/centcols.org\/nl\/util\/visuAlbum.php\/?album=3199-002\" target=\"_blank\" rel=\"noreferrer noopener\"><img loading=\"lazy\" decoding=\"async\" width=\"640\" height=\"480\" data-id=\"88918\" src=\"https:\/\/centcols.org\/wp-content\/uploads\/2012\/01\/M01013.jpg\" alt=\"\" class=\"wp-image-88918\"\/><\/a><figcaption class=\"wp-element-caption\">Album van Fran\u00e7oise Grimaud<\/figcaption><\/figure>\n\n\n\n<figure class=\"wp-block-image size-full\"><a href=\"https:\/\/centcols.org\/nl\/util\/visuAlbum.php\/?album=3237-002\" target=\"_blank\" rel=\"noreferrer noopener\"><img loading=\"lazy\" decoding=\"async\" width=\"1200\" height=\"900\" data-id=\"88919\" src=\"https:\/\/centcols.org\/wp-content\/uploads\/2012\/01\/L02826-1.jpg\" alt=\"\" class=\"wp-image-88919\" srcset=\"https:\/\/centcols.org\/wp-content\/uploads\/2012\/01\/L02826-1.jpg 1200w, https:\/\/centcols.org\/wp-content\/uploads\/2012\/01\/L02826-1-768x576.jpg 768w\" sizes=\"auto, (max-width: 1200px) 100vw, 1200px\" \/><\/a><figcaption class=\"wp-element-caption\">Album van Jean-Claude Prast<\/figcaption><\/figure>\n\n\n\n<figure class=\"wp-block-image size-full\"><a href=\"https:\/\/centcols.org\/nl\/util\/visuAlbum.php\/?album=6028-006\" target=\"_blank\" rel=\"noreferrer noopener\"><img loading=\"lazy\" decoding=\"async\" width=\"1200\" height=\"900\" data-id=\"88921\" src=\"https:\/\/centcols.org\/wp-content\/uploads\/2012\/01\/L03822-1.jpg\" alt=\"\" class=\"wp-image-88921\" srcset=\"https:\/\/centcols.org\/wp-content\/uploads\/2012\/01\/L03822-1.jpg 1200w, https:\/\/centcols.org\/wp-content\/uploads\/2012\/01\/L03822-1-768x576.jpg 768w\" sizes=\"auto, (max-width: 1200px) 100vw, 1200px\" \/><\/a><figcaption class=\"wp-element-caption\">Album van Jean-Pierre Lambert<\/figcaption><\/figure>\n\n\n\n<figure class=\"wp-block-image size-full\"><a href=\"https:\/\/centcols.org\/nl\/util\/visuAlbum.php\/?album=6028-006\" target=\"_blank\" rel=\"noreferrer noopener\"><img loading=\"lazy\" decoding=\"async\" width=\"1200\" height=\"800\" data-id=\"88922\" src=\"https:\/\/centcols.org\/wp-content\/uploads\/2012\/01\/L00634-1.jpg\" alt=\"\" class=\"wp-image-88922\" srcset=\"https:\/\/centcols.org\/wp-content\/uploads\/2012\/01\/L00634-1.jpg 1200w, https:\/\/centcols.org\/wp-content\/uploads\/2012\/01\/L00634-1-768x512.jpg 768w\" sizes=\"auto, (max-width: 1200px) 100vw, 1200px\" \/><\/a><figcaption class=\"wp-element-caption\">Alf\u00e9o Lotto album<\/figcaption><\/figure>\n\n\n\n<figure class=\"wp-block-image size-full\"><a href=\"https:\/\/centcols.org\/nl\/util\/visuAlbum.php\/?album=5600-004\" target=\"_blank\" rel=\"noreferrer noopener\"><img loading=\"lazy\" decoding=\"async\" width=\"1200\" height=\"900\" data-id=\"88924\" src=\"https:\/\/centcols.org\/wp-content\/uploads\/2012\/01\/L04914-1.jpg\" alt=\"\" class=\"wp-image-88924\" srcset=\"https:\/\/centcols.org\/wp-content\/uploads\/2012\/01\/L04914-1.jpg 1200w, https:\/\/centcols.org\/wp-content\/uploads\/2012\/01\/L04914-1-768x576.jpg 768w\" sizes=\"auto, (max-width: 1200px) 100vw, 1200px\" \/><\/a><figcaption class=\"wp-element-caption\">Album door Hubert Court<\/figcaption><\/figure>\n\n\n\n<figure class=\"wp-block-image size-full\"><a href=\"https:\/\/centcols.org\/nl\/util\/visuAlbum.php\/?album=5756-001\" target=\"_blank\" rel=\"noreferrer noopener\"><img loading=\"lazy\" decoding=\"async\" width=\"1200\" height=\"900\" data-id=\"88925\" src=\"https:\/\/centcols.org\/wp-content\/uploads\/2012\/01\/L00532-1.jpg\" alt=\"\" class=\"wp-image-88925\" srcset=\"https:\/\/centcols.org\/wp-content\/uploads\/2012\/01\/L00532-1.jpg 1200w, https:\/\/centcols.org\/wp-content\/uploads\/2012\/01\/L00532-1-768x576.jpg 768w\" sizes=\"auto, (max-width: 1200px) 100vw, 1200px\" \/><\/a><figcaption class=\"wp-element-caption\">G\u00e9rald Cowham album<\/figcaption><\/figure>\n\n\n\n<figure class=\"wp-block-image size-full\"><a href=\"https:\/\/centcols.org\/nl\/util\/visuAlbum.php\/?album=3225-006\" target=\"_blank\" rel=\"noreferrer noopener\"><img loading=\"lazy\" decoding=\"async\" width=\"1200\" height=\"675\" data-id=\"88926\" src=\"https:\/\/centcols.org\/wp-content\/uploads\/2012\/01\/L00131-1.jpg\" alt=\"\" class=\"wp-image-88926\" srcset=\"https:\/\/centcols.org\/wp-content\/uploads\/2012\/01\/L00131-1.jpg 1200w, https:\/\/centcols.org\/wp-content\/uploads\/2012\/01\/L00131-1-768x432.jpg 768w\" sizes=\"auto, (max-width: 1200px) 100vw, 1200px\" \/><\/a><figcaption class=\"wp-element-caption\">Album van R\u00e9gis Paraz<\/figcaption><\/figure>\n\n\n\n<figure class=\"wp-block-image size-full\"><a href=\"https:\/\/centcols.org\/nl\/util\/visuAlbum.php\/?album=5173-003\" target=\"_blank\" rel=\"noreferrer noopener\"><img loading=\"lazy\" decoding=\"async\" width=\"1200\" height=\"900\" data-id=\"88927\" src=\"https:\/\/centcols.org\/wp-content\/uploads\/2012\/01\/L1101-1.jpg\" alt=\"\" class=\"wp-image-88927\" srcset=\"https:\/\/centcols.org\/wp-content\/uploads\/2012\/01\/L1101-1.jpg 1200w, https:\/\/centcols.org\/wp-content\/uploads\/2012\/01\/L1101-1-768x576.jpg 768w\" sizes=\"auto, (max-width: 1200px) 100vw, 1200px\" \/><\/a><figcaption class=\"wp-element-caption\">Album van Fr\u00e9d\u00e9ric Singla<\/figcaption><\/figure>\n\n\n\n<figure class=\"wp-block-image size-full\"><a href=\"https:\/\/centcols.org\/nl\/util\/visuAlbum.php\/?album=2880-004\" target=\"_blank\" rel=\"noreferrer noopener\"><img loading=\"lazy\" decoding=\"async\" width=\"1200\" height=\"674\" data-id=\"88928\" src=\"https:\/\/centcols.org\/wp-content\/uploads\/2012\/01\/L1071-1.jpg\" alt=\"\" class=\"wp-image-88928\" srcset=\"https:\/\/centcols.org\/wp-content\/uploads\/2012\/01\/L1071-1.jpg 1200w, https:\/\/centcols.org\/wp-content\/uploads\/2012\/01\/L1071-1-768x431.jpg 768w\" sizes=\"auto, (max-width: 1200px) 100vw, 1200px\" \/><\/a><figcaption class=\"wp-element-caption\">Album van Guy Garcin<\/figcaption><\/figure>\n\n\n\n<figure class=\"wp-block-image size-full\"><a href=\"https:\/\/centcols.org\/nl\/util\/visuAlbum.php\/?album=3848-002\" target=\"_blank\" rel=\"noreferrer noopener\"><img loading=\"lazy\" decoding=\"async\" width=\"1200\" height=\"900\" data-id=\"88929\" src=\"https:\/\/centcols.org\/wp-content\/uploads\/2012\/01\/L04915-1.jpg\" alt=\"\" class=\"wp-image-88929\" srcset=\"https:\/\/centcols.org\/wp-content\/uploads\/2012\/01\/L04915-1.jpg 1200w, https:\/\/centcols.org\/wp-content\/uploads\/2012\/01\/L04915-1-768x576.jpg 768w\" sizes=\"auto, (max-width: 1200px) 100vw, 1200px\" \/><\/a><figcaption class=\"wp-element-caption\">Album van Michel Boni<\/figcaption><\/figure>\n\n\n\n<figure class=\"wp-block-image size-full\"><a href=\"https:\/\/centcols.org\/nl\/util\/visuAlbum.php\/?album=5913-001\" target=\"_blank\" rel=\"noreferrer noopener\"><img loading=\"lazy\" decoding=\"async\" width=\"1200\" height=\"900\" data-id=\"88931\" src=\"https:\/\/centcols.org\/wp-content\/uploads\/2012\/01\/L0843-1.jpg\" alt=\"\" class=\"wp-image-88931\" srcset=\"https:\/\/centcols.org\/wp-content\/uploads\/2012\/01\/L0843-1.jpg 1200w, https:\/\/centcols.org\/wp-content\/uploads\/2012\/01\/L0843-1-768x576.jpg 768w\" sizes=\"auto, (max-width: 1200px) 100vw, 1200px\" \/><\/a><figcaption class=\"wp-element-caption\">Album van Jaime Monter<\/figcaption><\/figure>\n\n\n\n<figure class=\"wp-block-image size-full\"><a href=\"https:\/\/centcols.org\/nl\/util\/visuAlbum.php\/?album=1202-009\" target=\"_blank\" rel=\"noreferrer noopener\"><img loading=\"lazy\" decoding=\"async\" width=\"1200\" height=\"800\" data-id=\"88933\" src=\"https:\/\/centcols.org\/wp-content\/uploads\/2012\/01\/L05410-1.jpg\" alt=\"\" class=\"wp-image-88933\" srcset=\"https:\/\/centcols.org\/wp-content\/uploads\/2012\/01\/L05410-1.jpg 1200w, https:\/\/centcols.org\/wp-content\/uploads\/2012\/01\/L05410-1-768x512.jpg 768w\" sizes=\"auto, (max-width: 1200px) 100vw, 1200px\" \/><\/a><figcaption class=\"wp-element-caption\">Album van Didier R\u00e9mond<\/figcaption><\/figure>\n\n\n\n<figure class=\"wp-block-image size-full\"><a href=\"https:\/\/centcols.org\/nl\/util\/visuAlbum.php\/?album=6796-002\" target=\"_blank\" rel=\"noreferrer noopener\"><img loading=\"lazy\" decoding=\"async\" width=\"1200\" height=\"896\" data-id=\"88934\" src=\"https:\/\/centcols.org\/wp-content\/uploads\/2012\/01\/L02328-1.jpg\" alt=\"\" class=\"wp-image-88934\" srcset=\"https:\/\/centcols.org\/wp-content\/uploads\/2012\/01\/L02328-1.jpg 1200w, https:\/\/centcols.org\/wp-content\/uploads\/2012\/01\/L02328-1-768x573.jpg 768w\" sizes=\"auto, (max-width: 1200px) 100vw, 1200px\" \/><\/a><figcaption class=\"wp-element-caption\">Album van Michel Andurand<\/figcaption><\/figure>\n\n\n\n<figure class=\"wp-block-image size-full\"><a href=\"https:\/\/centcols.org\/nl\/util\/visuAlbum.php\/?album=3092-005\" target=\"_blank\" rel=\"noreferrer noopener\"><img loading=\"lazy\" decoding=\"async\" width=\"1200\" height=\"900\" data-id=\"88935\" src=\"https:\/\/centcols.org\/wp-content\/uploads\/2012\/01\/L03322-1.jpg\" alt=\"\" class=\"wp-image-88935\" srcset=\"https:\/\/centcols.org\/wp-content\/uploads\/2012\/01\/L03322-1.jpg 1200w, https:\/\/centcols.org\/wp-content\/uploads\/2012\/01\/L03322-1-768x576.jpg 768w\" sizes=\"auto, (max-width: 1200px) 100vw, 1200px\" \/><\/a><figcaption class=\"wp-element-caption\">Album van Philippe Carrez<\/figcaption><\/figure>\n<\/figure>","protected":false},"excerpt":{"rendered":"<p>Pr\u00e9sentation Le rassemblement de printemps se d\u00e9roulera en 2012 \u00e0 R\u00e9muzat en Drome proven\u00e7ale (situ\u00e9 \u00e0 62 km de Mont\u00e9limar et \u00e0 26 km de Nyons) du 22 au 28 avril.R\u00e9muzat s&rsquo;\u00e9tend sur la rive gauche de l&rsquo;Oule, au milieu des vergers de pruniers \u00ab\u00a0prune fleurie\u00a0\u00bb. R\u00e9muzat c&rsquo;est toute la Provence, avec un soup\u00e7on alpin. [&hellip;]<\/p>\n","protected":false},"author":3,"featured_media":81530,"comment_status":"closed","ping_status":"closed","sticky":false,"template":"","format":"standard","meta":{"_acf_changed":false,"footnotes":""},"categories":[349,367,404,135,389,231],"tags":[],"class_list":["post-81529","post","type-post","status-publish","format-standard","has-post-thumbnail","hentry","category-france-pays-sejours","category-auvergne-rhone-alpes-region-sejours","category-baronnies-provencales","category-calendrier","category-26-drome","category-sejours"],"acf":[],"yoast_head":"<!-- This site is optimized with the Yoast SEO plugin v27.2 - https:\/\/yoast.com\/product\/yoast-seo-wordpress\/ -->\n<title>S\u00e9jour de printemps \u00e0 R\u00e9muzat (Dr\u00f4me) du 22 au 28 avril 2012 - Club des Cent Cols<\/title>\n<meta name=\"robots\" content=\"index, follow, max-snippet:-1, max-image-preview:large, max-video-preview:-1\" \/>\n<link rel=\"canonical\" href=\"https:\/\/centcols.org\/nl\/verblijf-2012-remuzat\/\" \/>\n<meta property=\"og:locale\" content=\"nl_BE\" \/>\n<meta property=\"og:type\" content=\"article\" \/>\n<meta property=\"og:title\" content=\"S\u00e9jour de printemps \u00e0 R\u00e9muzat (Dr\u00f4me) du 22 au 28 avril 2012 - Club des Cent Cols\" \/>\n<meta property=\"og:description\" content=\"Pr\u00e9sentation Le rassemblement de printemps se d\u00e9roulera en 2012 \u00e0 R\u00e9muzat en Drome proven\u00e7ale (situ\u00e9 \u00e0 62 km de Mont\u00e9limar et \u00e0 26 km de Nyons) du 22 au 28 avril.R\u00e9muzat s&rsquo;\u00e9tend sur la rive gauche de l&rsquo;Oule, au milieu des vergers de pruniers \u00ab\u00a0prune fleurie\u00a0\u00bb. R\u00e9muzat c&rsquo;est toute la Provence, avec un soup\u00e7on alpin. [&hellip;]\" \/>\n<meta property=\"og:url\" content=\"https:\/\/centcols.org\/nl\/verblijf-2012-remuzat\/\" \/>\n<meta property=\"og:site_name\" content=\"Club des Cent Cols\" \/>\n<meta property=\"article:publisher\" content=\"https:\/\/www.facebook.com\/groups\/5261880558\/?locale=fr_FR\" \/>\n<meta property=\"article:published_time\" content=\"2012-01-23T08:10:40+00:00\" \/>\n<meta property=\"article:modified_time\" content=\"2025-10-02T14:52:03+00:00\" \/>\n<meta property=\"og:image\" content=\"https:\/\/centcols.org\/wp-content\/uploads\/2025\/05\/L00332-e1443449716141.jpg\" \/>\n\t<meta property=\"og:image:width\" content=\"640\" \/>\n\t<meta property=\"og:image:height\" content=\"480\" \/>\n\t<meta property=\"og:image:type\" content=\"image\/jpeg\" \/>\n<meta name=\"author\" content=\"Webmestre\" \/>\n<meta name=\"twitter:card\" content=\"summary_large_image\" \/>\n<meta name=\"twitter:label1\" content=\"Geschreven door\" \/>\n\t<meta name=\"twitter:data1\" content=\"Webmestre\" \/>\n\t<meta name=\"twitter:label2\" content=\"Geschatte leestijd\" \/>\n\t<meta name=\"twitter:data2\" content=\"17 minuten\" \/>\n<script type=\"application\/ld+json\" class=\"yoast-schema-graph\">{\"@context\":\"https:\/\/schema.org\",\"@graph\":[{\"@type\":\"Article\",\"@id\":\"https:\/\/centcols.org\/sejour-2012-remuzat\/#article\",\"isPartOf\":{\"@id\":\"https:\/\/centcols.org\/sejour-2012-remuzat\/\"},\"author\":{\"name\":\"Webmestre\",\"@id\":\"https:\/\/centcols.org\/#\/schema\/person\/911b404fb133d8c913dd27cdcf71c8e5\"},\"headline\":\"S\u00e9jour de printemps \u00e0 R\u00e9muzat (Dr\u00f4me) du 22 au 28 avril 2012\",\"datePublished\":\"2012-01-23T08:10:40+00:00\",\"dateModified\":\"2025-10-02T14:52:03+00:00\",\"mainEntityOfPage\":{\"@id\":\"https:\/\/centcols.org\/sejour-2012-remuzat\/\"},\"wordCount\":2305,\"publisher\":{\"@id\":\"https:\/\/centcols.org\/#organization\"},\"image\":{\"@id\":\"https:\/\/centcols.org\/sejour-2012-remuzat\/#primaryimage\"},\"thumbnailUrl\":\"https:\/\/centcols.org\/wp-content\/uploads\/2025\/05\/L00332-e1443449716141.jpg\",\"articleSection\":[\"France\",\"Auvergne-Rh\u00f4ne-Alpes\",\"Baronnies proven\u00e7ales\",\"Calendrier\",\"26-Dr\u00f4me\",\"S\u00e9jours du Club des Cent Cols\"],\"inLanguage\":\"nl-BE\"},{\"@type\":\"WebPage\",\"@id\":\"https:\/\/centcols.org\/sejour-2012-remuzat\/\",\"url\":\"https:\/\/centcols.org\/sejour-2012-remuzat\/\",\"name\":\"S\u00e9jour de printemps \u00e0 R\u00e9muzat (Dr\u00f4me) du 22 au 28 avril 2012 - Club des Cent Cols\",\"isPartOf\":{\"@id\":\"https:\/\/centcols.org\/#website\"},\"primaryImageOfPage\":{\"@id\":\"https:\/\/centcols.org\/sejour-2012-remuzat\/#primaryimage\"},\"image\":{\"@id\":\"https:\/\/centcols.org\/sejour-2012-remuzat\/#primaryimage\"},\"thumbnailUrl\":\"https:\/\/centcols.org\/wp-content\/uploads\/2025\/05\/L00332-e1443449716141.jpg\",\"datePublished\":\"2012-01-23T08:10:40+00:00\",\"dateModified\":\"2025-10-02T14:52:03+00:00\",\"breadcrumb\":{\"@id\":\"https:\/\/centcols.org\/sejour-2012-remuzat\/#breadcrumb\"},\"inLanguage\":\"nl-BE\",\"potentialAction\":[{\"@type\":\"ReadAction\",\"target\":[\"https:\/\/centcols.org\/sejour-2012-remuzat\/\"]}]},{\"@type\":\"ImageObject\",\"inLanguage\":\"nl-BE\",\"@id\":\"https:\/\/centcols.org\/sejour-2012-remuzat\/#primaryimage\",\"url\":\"https:\/\/centcols.org\/wp-content\/uploads\/2025\/05\/L00332-e1443449716141.jpg\",\"contentUrl\":\"https:\/\/centcols.org\/wp-content\/uploads\/2025\/05\/L00332-e1443449716141.jpg\",\"width\":640,\"height\":480},{\"@type\":\"BreadcrumbList\",\"@id\":\"https:\/\/centcols.org\/sejour-2012-remuzat\/#breadcrumb\",\"itemListElement\":[{\"@type\":\"ListItem\",\"position\":1,\"name\":\"Accueil\",\"item\":\"https:\/\/centcols.org\/\"},{\"@type\":\"ListItem\",\"position\":2,\"name\":\"S\u00e9jours du Club des Cent Cols\",\"item\":\"https:\/\/centcols.org\/rubrique\/sejours\/\"},{\"@type\":\"ListItem\",\"position\":3,\"name\":\"Pays\",\"item\":\"https:\/\/centcols.org\/rubrique\/sejours\/pays-sejours\/\"},{\"@type\":\"ListItem\",\"position\":4,\"name\":\"France\",\"item\":\"https:\/\/centcols.org\/rubrique\/sejours\/pays-sejours\/france-pays-sejours\/\"},{\"@type\":\"ListItem\",\"position\":5,\"name\":\"S\u00e9jour de printemps \u00e0 R\u00e9muzat (Dr\u00f4me) du 22 au 28 avril 2012\"}]},{\"@type\":\"WebSite\",\"@id\":\"https:\/\/centcols.org\/#website\",\"url\":\"https:\/\/centcols.org\/\",\"name\":\"Club des Cent Cols\",\"description\":\"\",\"publisher\":{\"@id\":\"https:\/\/centcols.org\/#organization\"},\"potentialAction\":[{\"@type\":\"SearchAction\",\"target\":{\"@type\":\"EntryPoint\",\"urlTemplate\":\"https:\/\/centcols.org\/?s={search_term_string}\"},\"query-input\":{\"@type\":\"PropertyValueSpecification\",\"valueRequired\":true,\"valueName\":\"search_term_string\"}}],\"inLanguage\":\"nl-BE\"},{\"@type\":\"Organization\",\"@id\":\"https:\/\/centcols.org\/#organization\",\"name\":\"Club des Cent Cols\",\"url\":\"https:\/\/centcols.org\/\",\"logo\":{\"@type\":\"ImageObject\",\"inLanguage\":\"nl-BE\",\"@id\":\"https:\/\/centcols.org\/#\/schema\/logo\/image\/\",\"url\":\"https:\/\/centcols.org\/wp-content\/uploads\/2025\/01\/carte-icone.png\",\"contentUrl\":\"https:\/\/centcols.org\/wp-content\/uploads\/2025\/01\/carte-icone.png\",\"width\":250,\"height\":250,\"caption\":\"Club des Cent Cols\"},\"image\":{\"@id\":\"https:\/\/centcols.org\/#\/schema\/logo\/image\/\"},\"sameAs\":[\"https:\/\/www.facebook.com\/groups\/5261880558\/?locale=fr_FR\"]},{\"@type\":\"Person\",\"@id\":\"https:\/\/centcols.org\/#\/schema\/person\/911b404fb133d8c913dd27cdcf71c8e5\",\"name\":\"Webmestre\",\"image\":{\"@type\":\"ImageObject\",\"inLanguage\":\"nl-BE\",\"@id\":\"https:\/\/centcols.org\/wp-content\/litespeed\/avatar\/2d246e4b6b4f773e08515e1ffc53690b.jpg?ver=1777222892\",\"url\":\"https:\/\/centcols.org\/wp-content\/litespeed\/avatar\/2d246e4b6b4f773e08515e1ffc53690b.jpg?ver=1777222892\",\"contentUrl\":\"https:\/\/centcols.org\/wp-content\/litespeed\/avatar\/2d246e4b6b4f773e08515e1ffc53690b.jpg?ver=1777222892\",\"caption\":\"Webmestre\"},\"url\":\"https:\/\/centcols.org\/nl\/author\/webmestre\/\"}]}<\/script>\n<!-- \/ Yoast SEO plugin. -->","yoast_head_json":{"title":"Voorjaarsvakantie in R\u00e9muzat (Dr\u00f4me) van 22 tot 28 april 2012 - Club des Cent Cols","robots":{"index":"index","follow":"follow","max-snippet":"max-snippet:-1","max-image-preview":"max-image-preview:large","max-video-preview":"max-video-preview:-1"},"canonical":"https:\/\/centcols.org\/nl\/verblijf-2012-remuzat\/","og_locale":"nl_BE","og_type":"article","og_title":"S\u00e9jour de printemps \u00e0 R\u00e9muzat (Dr\u00f4me) du 22 au 28 avril 2012 - Club des Cent Cols","og_description":"Pr\u00e9sentation Le rassemblement de printemps se d\u00e9roulera en 2012 \u00e0 R\u00e9muzat en Drome proven\u00e7ale (situ\u00e9 \u00e0 62 km de Mont\u00e9limar et \u00e0 26 km de Nyons) du 22 au 28 avril.R\u00e9muzat s&rsquo;\u00e9tend sur la rive gauche de l&rsquo;Oule, au milieu des vergers de pruniers \u00ab\u00a0prune fleurie\u00a0\u00bb. R\u00e9muzat c&rsquo;est toute la Provence, avec un soup\u00e7on alpin. [&hellip;]","og_url":"https:\/\/centcols.org\/nl\/verblijf-2012-remuzat\/","og_site_name":"Club des Cent Cols","article_publisher":"https:\/\/www.facebook.com\/groups\/5261880558\/?locale=fr_FR","article_published_time":"2012-01-23T08:10:40+00:00","article_modified_time":"2025-10-02T14:52:03+00:00","og_image":[{"width":640,"height":480,"url":"https:\/\/centcols.org\/wp-content\/uploads\/2025\/05\/L00332-e1443449716141.jpg","type":"image\/jpeg"}],"author":"Webmestre","twitter_card":"summary_large_image","twitter_misc":{"Geschreven door":"Webmestre","Geschatte leestijd":"17 minuten"},"schema":{"@context":"https:\/\/schema.org","@graph":[{"@type":"Article","@id":"https:\/\/centcols.org\/sejour-2012-remuzat\/#article","isPartOf":{"@id":"https:\/\/centcols.org\/sejour-2012-remuzat\/"},"author":{"name":"Webmestre","@id":"https:\/\/centcols.org\/#\/schema\/person\/911b404fb133d8c913dd27cdcf71c8e5"},"headline":"S\u00e9jour de printemps \u00e0 R\u00e9muzat (Dr\u00f4me) du 22 au 28 avril 2012","datePublished":"2012-01-23T08:10:40+00:00","dateModified":"2025-10-02T14:52:03+00:00","mainEntityOfPage":{"@id":"https:\/\/centcols.org\/sejour-2012-remuzat\/"},"wordCount":2305,"publisher":{"@id":"https:\/\/centcols.org\/#organization"},"image":{"@id":"https:\/\/centcols.org\/sejour-2012-remuzat\/#primaryimage"},"thumbnailUrl":"https:\/\/centcols.org\/wp-content\/uploads\/2025\/05\/L00332-e1443449716141.jpg","articleSection":["France","Auvergne-Rh\u00f4ne-Alpes","Baronnies proven\u00e7ales","Calendrier","26-Dr\u00f4me","S\u00e9jours du Club des Cent Cols"],"inLanguage":"nl-BE"},{"@type":"WebPage","@id":"https:\/\/centcols.org\/sejour-2012-remuzat\/","url":"https:\/\/centcols.org\/sejour-2012-remuzat\/","name":"Voorjaarsvakantie in R\u00e9muzat (Dr\u00f4me) van 22 tot 28 april 2012 - Club des Cent Cols","isPartOf":{"@id":"https:\/\/centcols.org\/#website"},"primaryImageOfPage":{"@id":"https:\/\/centcols.org\/sejour-2012-remuzat\/#primaryimage"},"image":{"@id":"https:\/\/centcols.org\/sejour-2012-remuzat\/#primaryimage"},"thumbnailUrl":"https:\/\/centcols.org\/wp-content\/uploads\/2025\/05\/L00332-e1443449716141.jpg","datePublished":"2012-01-23T08:10:40+00:00","dateModified":"2025-10-02T14:52:03+00:00","breadcrumb":{"@id":"https:\/\/centcols.org\/sejour-2012-remuzat\/#breadcrumb"},"inLanguage":"nl-BE","potentialAction":[{"@type":"ReadAction","target":["https:\/\/centcols.org\/sejour-2012-remuzat\/"]}]},{"@type":"ImageObject","inLanguage":"nl-BE","@id":"https:\/\/centcols.org\/sejour-2012-remuzat\/#primaryimage","url":"https:\/\/centcols.org\/wp-content\/uploads\/2025\/05\/L00332-e1443449716141.jpg","contentUrl":"https:\/\/centcols.org\/wp-content\/uploads\/2025\/05\/L00332-e1443449716141.jpg","width":640,"height":480},{"@type":"BreadcrumbList","@id":"https:\/\/centcols.org\/sejour-2012-remuzat\/#breadcrumb","itemListElement":[{"@type":"ListItem","position":1,"name":"Accueil","item":"https:\/\/centcols.org\/"},{"@type":"ListItem","position":2,"name":"S\u00e9jours du Club des Cent Cols","item":"https:\/\/centcols.org\/rubrique\/sejours\/"},{"@type":"ListItem","position":3,"name":"Pays","item":"https:\/\/centcols.org\/rubrique\/sejours\/pays-sejours\/"},{"@type":"ListItem","position":4,"name":"France","item":"https:\/\/centcols.org\/rubrique\/sejours\/pays-sejours\/france-pays-sejours\/"},{"@type":"ListItem","position":5,"name":"S\u00e9jour de printemps \u00e0 R\u00e9muzat (Dr\u00f4me) du 22 au 28 avril 2012"}]},{"@type":"WebSite","@id":"https:\/\/centcols.org\/#website","url":"https:\/\/centcols.org\/","name":"Club van Cent Cols","description":"","publisher":{"@id":"https:\/\/centcols.org\/#organization"},"potentialAction":[{"@type":"SearchAction","target":{"@type":"EntryPoint","urlTemplate":"https:\/\/centcols.org\/?s={search_term_string}"},"query-input":{"@type":"PropertyValueSpecification","valueRequired":true,"valueName":"search_term_string"}}],"inLanguage":"nl-BE"},{"@type":"Organization","@id":"https:\/\/centcols.org\/#organization","name":"Club van Cent Cols","url":"https:\/\/centcols.org\/","logo":{"@type":"ImageObject","inLanguage":"nl-BE","@id":"https:\/\/centcols.org\/#\/schema\/logo\/image\/","url":"https:\/\/centcols.org\/wp-content\/uploads\/2025\/01\/carte-icone.png","contentUrl":"https:\/\/centcols.org\/wp-content\/uploads\/2025\/01\/carte-icone.png","width":250,"height":250,"caption":"Club des Cent Cols"},"image":{"@id":"https:\/\/centcols.org\/#\/schema\/logo\/image\/"},"sameAs":["https:\/\/www.facebook.com\/groups\/5261880558\/?locale=fr_FR"]},{"@type":"Person","@id":"https:\/\/centcols.org\/#\/schema\/person\/911b404fb133d8c913dd27cdcf71c8e5","name":"Webmaster","image":{"@type":"ImageObject","inLanguage":"nl-BE","@id":"https:\/\/centcols.org\/wp-content\/litespeed\/avatar\/2d246e4b6b4f773e08515e1ffc53690b.jpg?ver=1777222892","url":"https:\/\/centcols.org\/wp-content\/litespeed\/avatar\/2d246e4b6b4f773e08515e1ffc53690b.jpg?ver=1777222892","contentUrl":"https:\/\/centcols.org\/wp-content\/litespeed\/avatar\/2d246e4b6b4f773e08515e1ffc53690b.jpg?ver=1777222892","caption":"Webmestre"},"url":"https:\/\/centcols.org\/nl\/author\/webmestre\/"}]}},"_links":{"self":[{"href":"https:\/\/centcols.org\/nl\/wp-json\/wp\/v2\/posts\/81529","targetHints":{"allow":["GET"]}}],"collection":[{"href":"https:\/\/centcols.org\/nl\/wp-json\/wp\/v2\/posts"}],"about":[{"href":"https:\/\/centcols.org\/nl\/wp-json\/wp\/v2\/types\/post"}],"author":[{"embeddable":true,"href":"https:\/\/centcols.org\/nl\/wp-json\/wp\/v2\/users\/3"}],"replies":[{"embeddable":true,"href":"https:\/\/centcols.org\/nl\/wp-json\/wp\/v2\/comments?post=81529"}],"version-history":[{"count":0,"href":"https:\/\/centcols.org\/nl\/wp-json\/wp\/v2\/posts\/81529\/revisions"}],"wp:featuredmedia":[{"embeddable":true,"href":"https:\/\/centcols.org\/nl\/wp-json\/wp\/v2\/media\/81530"}],"wp:attachment":[{"href":"https:\/\/centcols.org\/nl\/wp-json\/wp\/v2\/media?parent=81529"}],"wp:term":[{"taxonomy":"category","embeddable":true,"href":"https:\/\/centcols.org\/nl\/wp-json\/wp\/v2\/categories?post=81529"},{"taxonomy":"post_tag","embeddable":true,"href":"https:\/\/centcols.org\/nl\/wp-json\/wp\/v2\/tags?post=81529"}],"curies":[{"name":"wp","href":"https:\/\/api.w.org\/{rel}","templated":true}]}}