{"id":81561,"date":"2013-01-23T10:12:09","date_gmt":"2013-01-23T08:12:09","guid":{"rendered":"https:\/\/centcols.org\/sejour-de-printemps-a-belgodere-lozari-haute-corse-du-21-au-27-avril-2013\/"},"modified":"2025-09-02T08:52:44","modified_gmt":"2025-09-02T06:52:44","slug":"blijf-2013-lozari","status":"publish","type":"post","link":"https:\/\/centcols.org\/nl\/sejour-2013-lozari\/","title":{"rendered":"Voorjaarsvakantie in Belgod\u00e8re \/ Lozari (Haute-Corse) van 21 tot 27 april 2013"},"content":{"rendered":"<h2 class=\"wp-block-heading\">Presentatie<\/h2>\n\n\n\n<p>Na Porticcio en de zuidkust van de Golf van Ajaccio in 2010, verwelkomen Lozari en de regio Balagne de Club des cent Cols voor hun voorjaarsevenement van 21 tot 27 april 2013.<br>Balagne is een uitgestrekte schelp, open in het noordwesten op de Middellandse Zee en gedomineerd door een reeks bergtoppen, waarvan sommige meer dan 2000 meter hoog zijn en vaak bedekt met sneeuw in april. Het reli\u00ebf wordt gekweld door een netwerk van secundaire bergkammen waarop de vele mooie oude dorpjes liggen die getuigen van een voorouderlijke menselijke aanwezigheid.<br>Calvi (5.400 inwoners in de winter) en L'\u00cele-Rousse (2.800 inwoners) zijn de twee belangrijkste economische centra van de regio, voornamelijk gebaseerd op toerisme. Ze hebben elk hun eigen haven met verbindingen naar Nice, Toulon, Marseille, Savona en Genua in Itali\u00eb.<br>Landbouw is de andere kant van de economie, met de schapen-, varkens- en rundveehouderij en vooral de wijnbouw, die hier enkele zeer gerenommeerde landgoederen heeft.<br>Er zijn maar een paar manieren om Balagne te verlaten, en ze lopen allemaal door bergpassen, het belangrijkste aandachtspunt voor ons, behalve aan de noordkant van Balagne, 8 km van L'\u00cele-Rousse op de N197, waar het gehucht Lozari ligt in de gemeente Belgod\u00e8re, tussen de zee en de bergen, de locatie van onze accommodatie.<br>Bekijk deze diashow van Nadine Giraudeau (5633) om de regio in beelden te ontdekken.<\/p>\n\n\n\n<h2 class=\"wp-block-heading\">Accommodatie en registratie<\/h2>\n\n\n\n<p>We verblijven in het vakantiedorp Belambra (voorheen VVF) \u00abGolfe de Lozari\u00bb. Het vakantiedorp bestaat uit een reeks kleine gebouwen, niet hoger dan \u00e9\u00e9n verdieping, gelegen in een dennenbos en gescheiden van de zee door een goudkleurig zandstrand. Een droom die uitkomt!<\/p>\n\n\n\n<p>Ga voor meer informatie naar de website van de club: <a href=\"http:\/\/www.belambra.fr\/Corse-Belgodere__Location_-Golfe_de_Lozari\/Ete\" target=\"_blank\" rel=\"noopener\">http:\/\/www.belambra.fr\/Corse-Belgodere__Location_-Golfe_de_Lozari\/Ete<\/a><\/p>\n\n\n\n<p>De tocht begint op zondag 21 april en eindigt op zaterdag 27 april. De lunch op zondag is inbegrepen en wordt verzorgd in de vorm van een lunchpakket, omdat er die dag een fietscircuit en een mountainbikeparcours op het programma staan. Hetzelfde geldt voor zaterdag 27 april, het einde van de vakantie, wanneer een lunchpakket zal worden geserveerd, evenals een diner voor degenen die de boot terug naar het vasteland moeten nemen.<\/p>\n\n\n\n<hr class=\"wp-block-separator has-alpha-channel-opacity\"\/>\n\n\n\n<h2 class=\"wp-block-heading\">Maritiem transport<\/h2>\n\n\n\n<p><strong>Iedereen moet voor zijn eigen scheepvaart zorgen<\/strong> die kan worden gemaakt vanuit verschillende havens in Frankrijk (Marseille, Toulon, Nice) of Itali\u00eb (Savona, Genua, enz.). De havens van binnenkomst op Corsica zijn, in volgorde van belangrijkheid: Bastia, op 62 km afstand, Calvi, op 32 km afstand en L'\u00cele-Rousse, op 8 km van de club. Tegen het einde van het jaar worden de rotaties van de boten gepland. Hoe vroeger je je ticket boekt, hoe goedkoper het is!<\/p>\n\n\n\n<p>De maatschappijen die deze havens vanuit Frankrijk aandoen zijn de volgende:<\/p>\n\n\n\n<ul class=\"wp-block-list\">\n<li>La M\u00e9ridionale : <a href=\"http:\/\/www.lameridionale.fr\/\" target=\"_blank\" rel=\"noreferrer noopener\">www.lameridionale.fr\/<\/a><\/li>\n\n\n\n<li>SNCM: <a href=\"http:\/\/www.sncm.fr\/\" target=\"_blank\" rel=\"noreferrer noopener\">www.sncm.fr\/<\/a><\/li>\n\n\n\n<li>Corsica Veerboten : <a href=\"http:\/\/www.corsica-ferries.fr\/\" target=\"_blank\" rel=\"noreferrer noopener\">www.corsica-ferries.fr\/<\/a><\/li>\n<\/ul>\n\n\n\n<h2 class=\"wp-block-heading\">Details programma<\/h2>\n\n\n\n<p>De lijst met alle <a href=\"\/nl\/membres\/cctours\/tours.php\/?lieu=Lozari&amp;an=2013\">circuits<\/a> is beschikbaar, evenals aparte lijsten voor <a href=\"\/nl\/membres\/cctours\/tours.php\/?lieu=Lozari&amp;an=2013&amp;genre=R\">wegen<\/a> en <a href=\"\/nl\/membres\/cctours\/tours.php\/?lieu=Lozari&amp;an=2013&amp;genre=V\">mountainbikeroutes<\/a>. Van deze lijsten zijn ook interactieve kaarten, routebladen en hoogteprofielen beschikbaar voor elke route. Voor degenen die GPS of kaartensoftware op hun computer gebruiken, kunnen geolocatiebestanden worden gedownload. Afhankelijk van het weer kunnen data op korte termijn worden gewijzigd.<\/p>\n\n\n\n<h2 class=\"wp-block-heading\">Algemene opmerkingen<\/h2>\n\n\n\n<h3 class=\"wp-block-heading\">Een paar algemene punten over reizen met de auto of fiets op de weg:<\/h3>\n\n\n\n<ul class=\"wp-block-list\">\n<li>Bijna alle circuits of routes vereisen een uitgestelde start. De meest gebruikte wegen zijn de N197 tussen Lozari en L'\u00cele-Rousse en de N1197 tussen Lozari en Ponte-Leccia. Dit zijn moderne, recente wegen en dus snel. De reistijd met de auto is dus korter. Wat een voordeel is als je naar de vertrekpunten reist, wordt een gevaar als je fietst. Het verkeer is echter vrij licht.<\/li>\n\n\n\n<li>Dit geldt niet voor de as Corte Ponte Leccia of Ponte Leccia Bastia, de N193, de hoofdweg van het eiland met druk, snel verkeer en vrachtwagens. Wees voorzichtig en waakzaam op deze weggedeelten.<\/li>\n\n\n\n<li>Op andere wegen is weinig of geen verkeer. De reistijd met de auto zal langer zijn, maar fietsen is veel rustiger.<br>De meeste muilezelpassen zijn fietsbaar en de vegetatie is minder agressief dan in het zuiden van Corsica. Desondanks kunnen sommige routes te voet worden afgelegd, duwen of dragen, afhankelijk van de individuele vaardigheden.<\/li>\n\n\n\n<li>Er zijn 7 wegcircuits en 8 mountainbikeroutes om uit te kiezen. Elk circuit (op \u00e9\u00e9n uitzondering na) of route is gebaseerd op \u00e9\u00e9n routebeschrijving. Er is water in de meeste dorpen waar je doorheen komt, mits je vraagt waar de fontein is. Pas echter op dat er in sommige gebieden geen bewoonde gebieden of waterpunten zijn.<\/li>\n<\/ul>\n\n\n\n<h2 class=\"wp-block-heading\">Fotoalbums<\/h2>\n\n\n\n<figure class=\"wp-block-gallery has-nested-images columns-4 is-cropped wp-block-gallery-1 is-layout-flex wp-block-gallery-is-layout-flex\">\n<figure class=\"wp-block-image size-full\"><a href=\"https:\/\/centcols.org\/nl\/util\/visuAlbum.php\/?album=5650-013\" target=\"_blank\" rel=\"noreferrer noopener\"><img loading=\"lazy\" decoding=\"async\" width=\"1200\" height=\"900\" data-id=\"88839\" src=\"https:\/\/centcols.org\/wp-content\/uploads\/2013\/01\/L04715.jpg\" alt=\"\" class=\"wp-image-88839\" srcset=\"https:\/\/centcols.org\/wp-content\/uploads\/2013\/01\/L04715.jpg 1200w, https:\/\/centcols.org\/wp-content\/uploads\/2013\/01\/L04715-768x576.jpg 768w\" sizes=\"auto, (max-width: 1200px) 100vw, 1200px\" \/><\/a><figcaption class=\"wp-element-caption\">Alf\u00e9o Lotto album<\/figcaption><\/figure>\n\n\n\n<figure class=\"wp-block-image size-full\"><a href=\"https:\/\/centcols.org\/nl\/util\/visuAlbum.php\/?album=3225-009\" target=\"_blank\" rel=\"noreferrer noopener\"><img loading=\"lazy\" decoding=\"async\" width=\"1024\" height=\"768\" data-id=\"88840\" src=\"https:\/\/centcols.org\/wp-content\/uploads\/2013\/01\/L02128.jpg\" alt=\"\" class=\"wp-image-88840\" srcset=\"https:\/\/centcols.org\/wp-content\/uploads\/2013\/01\/L02128.jpg 1024w, https:\/\/centcols.org\/wp-content\/uploads\/2013\/01\/L02128-768x576.jpg 768w\" sizes=\"auto, (max-width: 1024px) 100vw, 1024px\" \/><\/a><figcaption class=\"wp-element-caption\">Album van R\u00e9gis Paraz<\/figcaption><\/figure>\n\n\n\n<figure class=\"wp-block-image size-full\"><a href=\"https:\/\/centcols.org\/nl\/util\/visuAlbum.php\/?album=6785-002\" target=\"_blank\" rel=\"noreferrer noopener\"><img loading=\"lazy\" decoding=\"async\" width=\"1200\" height=\"900\" data-id=\"88842\" src=\"https:\/\/centcols.org\/wp-content\/uploads\/2013\/01\/L04217.jpg\" alt=\"\" class=\"wp-image-88842\" srcset=\"https:\/\/centcols.org\/wp-content\/uploads\/2013\/01\/L04217.jpg 1200w, https:\/\/centcols.org\/wp-content\/uploads\/2013\/01\/L04217-768x576.jpg 768w\" sizes=\"auto, (max-width: 1200px) 100vw, 1200px\" \/><\/a><figcaption class=\"wp-element-caption\">Album van Max Tissot<\/figcaption><\/figure>\n\n\n\n<figure class=\"wp-block-image size-full\"><a href=\"https:\/\/centcols.org\/nl\/util\/visuAlbum.php\/?album=5065-003\" target=\"_blank\" rel=\"noreferrer noopener\"><img loading=\"lazy\" decoding=\"async\" width=\"1094\" height=\"821\" data-id=\"88843\" src=\"https:\/\/centcols.org\/wp-content\/uploads\/2013\/01\/L02329.jpg\" alt=\"\" class=\"wp-image-88843\" srcset=\"https:\/\/centcols.org\/wp-content\/uploads\/2013\/01\/L02329.jpg 1094w, https:\/\/centcols.org\/wp-content\/uploads\/2013\/01\/L02329-768x576.jpg 768w\" sizes=\"auto, (max-width: 1094px) 100vw, 1094px\" \/><\/a><figcaption class=\"wp-element-caption\">Album van Enrico Alberini<\/figcaption><\/figure>\n\n\n\n<figure class=\"wp-block-image size-full\"><a href=\"https:\/\/centcols.org\/nl\/util\/visuAlbum.php\/?album=5193-006\" target=\"_blank\" rel=\"noreferrer noopener\"><img loading=\"lazy\" decoding=\"async\" width=\"1200\" height=\"676\" data-id=\"88845\" src=\"https:\/\/centcols.org\/wp-content\/uploads\/2013\/01\/L02628.jpg\" alt=\"\" class=\"wp-image-88845\" srcset=\"https:\/\/centcols.org\/wp-content\/uploads\/2013\/01\/L02628.jpg 1200w, https:\/\/centcols.org\/wp-content\/uploads\/2013\/01\/L02628-768x433.jpg 768w\" sizes=\"auto, (max-width: 1200px) 100vw, 1200px\" \/><\/a><figcaption class=\"wp-element-caption\">Album van Guy Harl\u00e9<\/figcaption><\/figure>\n\n\n\n<figure class=\"wp-block-image size-full\"><a href=\"https:\/\/centcols.org\/nl\/util\/visuAlbum.php\/?album=3237-003\" target=\"_blank\" rel=\"noreferrer noopener\"><img loading=\"lazy\" decoding=\"async\" width=\"1200\" height=\"900\" data-id=\"88846\" src=\"https:\/\/centcols.org\/wp-content\/uploads\/2013\/01\/L01231.jpg\" alt=\"\" class=\"wp-image-88846\" srcset=\"https:\/\/centcols.org\/wp-content\/uploads\/2013\/01\/L01231.jpg 1200w, https:\/\/centcols.org\/wp-content\/uploads\/2013\/01\/L01231-768x576.jpg 768w\" sizes=\"auto, (max-width: 1200px) 100vw, 1200px\" \/><\/a><figcaption class=\"wp-element-caption\">Album van Jean-Claude Prast<\/figcaption><\/figure>\n\n\n\n<figure class=\"wp-block-image size-full\"><a href=\"https:\/\/centcols.org\/nl\/util\/visuAlbum.php\/?album=5600-003\" target=\"_blank\" rel=\"noreferrer noopener\"><img loading=\"lazy\" decoding=\"async\" width=\"1200\" height=\"900\" data-id=\"88847\" src=\"https:\/\/centcols.org\/wp-content\/uploads\/2013\/01\/L03323.jpg\" alt=\"\" class=\"wp-image-88847\" srcset=\"https:\/\/centcols.org\/wp-content\/uploads\/2013\/01\/L03323.jpg 1200w, https:\/\/centcols.org\/wp-content\/uploads\/2013\/01\/L03323-768x576.jpg 768w\" sizes=\"auto, (max-width: 1200px) 100vw, 1200px\" \/><\/a><figcaption class=\"wp-element-caption\">Album door Hubert Court<\/figcaption><\/figure>\n\n\n\n<figure class=\"wp-block-image size-full\"><a href=\"https:\/\/centcols.org\/nl\/util\/visuAlbum.php\/?album=2880-007\" target=\"_blank\" rel=\"noreferrer noopener\"><img loading=\"lazy\" decoding=\"async\" width=\"1200\" height=\"675\" data-id=\"88848\" src=\"https:\/\/centcols.org\/wp-content\/uploads\/2013\/01\/L0599.jpg\" alt=\"\" class=\"wp-image-88848\" srcset=\"https:\/\/centcols.org\/wp-content\/uploads\/2013\/01\/L0599.jpg 1200w, https:\/\/centcols.org\/wp-content\/uploads\/2013\/01\/L0599-768x432.jpg 768w\" sizes=\"auto, (max-width: 1200px) 100vw, 1200px\" \/><\/a><figcaption class=\"wp-element-caption\">Album van Guy Garcin<\/figcaption><\/figure>\n\n\n\n<figure class=\"wp-block-image size-full\"><a href=\"https:\/\/centcols.org\/nl\/util\/visuAlbum.php\/?album=3693-005\" target=\"_blank\" rel=\"noreferrer noopener\"><img loading=\"lazy\" decoding=\"async\" width=\"1200\" height=\"900\" data-id=\"88850\" src=\"https:\/\/centcols.org\/wp-content\/uploads\/2013\/01\/L00234.jpg\" alt=\"\" class=\"wp-image-88850\" srcset=\"https:\/\/centcols.org\/wp-content\/uploads\/2013\/01\/L00234.jpg 1200w, https:\/\/centcols.org\/wp-content\/uploads\/2013\/01\/L00234-768x576.jpg 768w\" sizes=\"auto, (max-width: 1200px) 100vw, 1200px\" \/><\/a><figcaption class=\"wp-element-caption\">Album van Alain Brault<\/figcaption><\/figure>\n\n\n\n<figure class=\"wp-block-image size-full\"><a href=\"https:\/\/centcols.org\/nl\/util\/visuAlbum.php\/?album=6796-004\" target=\"_blank\" rel=\"noreferrer noopener\"><img loading=\"lazy\" decoding=\"async\" width=\"1200\" height=\"896\" data-id=\"88851\" src=\"https:\/\/centcols.org\/wp-content\/uploads\/2013\/01\/L04121.jpg\" alt=\"\" class=\"wp-image-88851\" srcset=\"https:\/\/centcols.org\/wp-content\/uploads\/2013\/01\/L04121.jpg 1200w, https:\/\/centcols.org\/wp-content\/uploads\/2013\/01\/L04121-768x573.jpg 768w\" sizes=\"auto, (max-width: 1200px) 100vw, 1200px\" \/><\/a><figcaption class=\"wp-element-caption\">Album van Michel Andurand<\/figcaption><\/figure>\n\n\n\n<figure class=\"wp-block-image size-full\"><a href=\"https:\/\/centcols.org\/nl\/util\/visuAlbum.php\/?album=5925-006\" target=\"_blank\" rel=\"noreferrer noopener\"><img loading=\"lazy\" decoding=\"async\" width=\"1200\" height=\"797\" data-id=\"88852\" src=\"https:\/\/centcols.org\/wp-content\/uploads\/2013\/01\/L00534.jpg\" alt=\"\" class=\"wp-image-88852\" srcset=\"https:\/\/centcols.org\/wp-content\/uploads\/2013\/01\/L00534.jpg 1200w, https:\/\/centcols.org\/wp-content\/uploads\/2013\/01\/L00534-768x510.jpg 768w\" sizes=\"auto, (max-width: 1200px) 100vw, 1200px\" \/><\/a><figcaption class=\"wp-element-caption\">Album van Thierry Labour<\/figcaption><\/figure>\n\n\n\n<figure class=\"wp-block-image size-full\"><a href=\"https:\/\/centcols.org\/nl\/util\/visuAlbum.php\/?album=6643-010\" target=\"_blank\" rel=\"noreferrer noopener\"><img loading=\"lazy\" decoding=\"async\" width=\"1920\" height=\"1440\" data-id=\"88853\" src=\"https:\/\/centcols.org\/wp-content\/uploads\/2013\/01\/L00335.jpg\" alt=\"\" class=\"wp-image-88853\" srcset=\"https:\/\/centcols.org\/wp-content\/uploads\/2013\/01\/L00335.jpg 1920w, https:\/\/centcols.org\/wp-content\/uploads\/2013\/01\/L00335-1200x900.jpg 1200w, https:\/\/centcols.org\/wp-content\/uploads\/2013\/01\/L00335-768x576.jpg 768w, https:\/\/centcols.org\/wp-content\/uploads\/2013\/01\/L00335-1536x1152.jpg 1536w\" sizes=\"auto, (max-width: 1920px) 100vw, 1920px\" \/><\/a><figcaption class=\"wp-element-caption\">Album van Nathalie Mauret<\/figcaption><\/figure>\n<\/figure>","protected":false},"excerpt":{"rendered":"<p>Pr\u00e9sentation Apr\u00e8s Porticcio et la Rive Sud du Golfe d&rsquo;Ajaccio en 2010, c&rsquo;est Lozari et la Balagne qui accueillent le Club des cent Cols pour son rendez-vous de printemps du 21 au 27 avril 2013.La Balagne est une vaste conque, ouverte au nord-ouest sur la M\u00e9diterran\u00e9e et domin\u00e9e par un ensemble de sommets dont quelques [&hellip;]<\/p>\n","protected":false},"author":3,"featured_media":83264,"comment_status":"closed","ping_status":"closed","sticky":false,"template":"","format":"standard","meta":{"_acf_changed":false,"footnotes":""},"categories":[349,368,366,399,135,231],"tags":[],"class_list":["post-81561","post","type-post","status-publish","format-standard","has-post-thumbnail","hentry","category-france-pays-sejours","category-corse-region-sejours","category-20-corse","category-corse-massif-sejours","category-calendrier","category-sejours"],"acf":[],"yoast_head":"<!-- This site is optimized with the Yoast SEO plugin v27.2 - https:\/\/yoast.com\/product\/yoast-seo-wordpress\/ -->\n<title>S\u00e9jour de printemps \u00e0 Belgod\u00e8re \/ Lozari (Haute-Corse) du 21 au 27 avril 2013 - Club des Cent Cols<\/title>\n<meta name=\"robots\" content=\"index, follow, max-snippet:-1, max-image-preview:large, max-video-preview:-1\" \/>\n<link rel=\"canonical\" href=\"https:\/\/centcols.org\/nl\/blijf-2013-lozari\/\" \/>\n<meta property=\"og:locale\" content=\"nl_BE\" \/>\n<meta property=\"og:type\" content=\"article\" \/>\n<meta property=\"og:title\" content=\"S\u00e9jour de printemps \u00e0 Belgod\u00e8re \/ Lozari (Haute-Corse) du 21 au 27 avril 2013 - Club des Cent Cols\" \/>\n<meta property=\"og:description\" content=\"Pr\u00e9sentation Apr\u00e8s Porticcio et la Rive Sud du Golfe d&rsquo;Ajaccio en 2010, c&rsquo;est Lozari et la Balagne qui accueillent le Club des cent Cols pour son rendez-vous de printemps du 21 au 27 avril 2013.La Balagne est une vaste conque, ouverte au nord-ouest sur la M\u00e9diterran\u00e9e et domin\u00e9e par un ensemble de sommets dont quelques [&hellip;]\" \/>\n<meta property=\"og:url\" content=\"https:\/\/centcols.org\/nl\/blijf-2013-lozari\/\" \/>\n<meta property=\"og:site_name\" content=\"Club des Cent Cols\" \/>\n<meta property=\"article:publisher\" content=\"https:\/\/www.facebook.com\/groups\/5261880558\/?locale=fr_FR\" \/>\n<meta property=\"article:published_time\" content=\"2013-01-23T08:12:09+00:00\" \/>\n<meta property=\"article:modified_time\" content=\"2025-09-02T06:52:44+00:00\" \/>\n<meta property=\"og:image\" content=\"https:\/\/centcols.org\/wp-content\/uploads\/2015\/04\/lozari01.jpg\" \/>\n\t<meta property=\"og:image:width\" content=\"1600\" \/>\n\t<meta property=\"og:image:height\" content=\"1200\" \/>\n\t<meta property=\"og:image:type\" content=\"image\/jpeg\" \/>\n<meta name=\"author\" content=\"Webmestre\" \/>\n<meta name=\"twitter:card\" content=\"summary_large_image\" \/>\n<meta name=\"twitter:label1\" content=\"Geschreven door\" \/>\n\t<meta name=\"twitter:data1\" content=\"Webmestre\" \/>\n\t<meta name=\"twitter:label2\" content=\"Geschatte leestijd\" \/>\n\t<meta name=\"twitter:data2\" content=\"8 minuten\" \/>\n<script type=\"application\/ld+json\" class=\"yoast-schema-graph\">{\"@context\":\"https:\/\/schema.org\",\"@graph\":[{\"@type\":\"Article\",\"@id\":\"https:\/\/centcols.org\/sejour-2013-lozari\/#article\",\"isPartOf\":{\"@id\":\"https:\/\/centcols.org\/sejour-2013-lozari\/\"},\"author\":{\"name\":\"Webmestre\",\"@id\":\"https:\/\/centcols.org\/#\/schema\/person\/911b404fb133d8c913dd27cdcf71c8e5\"},\"headline\":\"S\u00e9jour de printemps \u00e0 Belgod\u00e8re \/ Lozari (Haute-Corse) du 21 au 27 avril 2013\",\"datePublished\":\"2013-01-23T08:12:09+00:00\",\"dateModified\":\"2025-09-02T06:52:44+00:00\",\"mainEntityOfPage\":{\"@id\":\"https:\/\/centcols.org\/sejour-2013-lozari\/\"},\"wordCount\":989,\"publisher\":{\"@id\":\"https:\/\/centcols.org\/#organization\"},\"image\":{\"@id\":\"https:\/\/centcols.org\/sejour-2013-lozari\/#primaryimage\"},\"thumbnailUrl\":\"https:\/\/centcols.org\/wp-content\/uploads\/2015\/04\/lozari01.jpg\",\"articleSection\":[\"France\",\"Corse\",\"20-Corse\",\"Corse\",\"Calendrier\",\"S\u00e9jours du Club des Cent Cols\"],\"inLanguage\":\"nl-BE\"},{\"@type\":\"WebPage\",\"@id\":\"https:\/\/centcols.org\/sejour-2013-lozari\/\",\"url\":\"https:\/\/centcols.org\/sejour-2013-lozari\/\",\"name\":\"S\u00e9jour de printemps \u00e0 Belgod\u00e8re \/ Lozari (Haute-Corse) du 21 au 27 avril 2013 - Club des Cent Cols\",\"isPartOf\":{\"@id\":\"https:\/\/centcols.org\/#website\"},\"primaryImageOfPage\":{\"@id\":\"https:\/\/centcols.org\/sejour-2013-lozari\/#primaryimage\"},\"image\":{\"@id\":\"https:\/\/centcols.org\/sejour-2013-lozari\/#primaryimage\"},\"thumbnailUrl\":\"https:\/\/centcols.org\/wp-content\/uploads\/2015\/04\/lozari01.jpg\",\"datePublished\":\"2013-01-23T08:12:09+00:00\",\"dateModified\":\"2025-09-02T06:52:44+00:00\",\"breadcrumb\":{\"@id\":\"https:\/\/centcols.org\/sejour-2013-lozari\/#breadcrumb\"},\"inLanguage\":\"nl-BE\",\"potentialAction\":[{\"@type\":\"ReadAction\",\"target\":[\"https:\/\/centcols.org\/sejour-2013-lozari\/\"]}]},{\"@type\":\"ImageObject\",\"inLanguage\":\"nl-BE\",\"@id\":\"https:\/\/centcols.org\/sejour-2013-lozari\/#primaryimage\",\"url\":\"https:\/\/centcols.org\/wp-content\/uploads\/2015\/04\/lozari01.jpg\",\"contentUrl\":\"https:\/\/centcols.org\/wp-content\/uploads\/2015\/04\/lozari01.jpg\",\"width\":1600,\"height\":1200},{\"@type\":\"BreadcrumbList\",\"@id\":\"https:\/\/centcols.org\/sejour-2013-lozari\/#breadcrumb\",\"itemListElement\":[{\"@type\":\"ListItem\",\"position\":1,\"name\":\"Accueil\",\"item\":\"https:\/\/centcols.org\/\"},{\"@type\":\"ListItem\",\"position\":2,\"name\":\"S\u00e9jours du Club des Cent Cols\",\"item\":\"https:\/\/centcols.org\/rubrique\/sejours\/\"},{\"@type\":\"ListItem\",\"position\":3,\"name\":\"Pays\",\"item\":\"https:\/\/centcols.org\/rubrique\/sejours\/pays-sejours\/\"},{\"@type\":\"ListItem\",\"position\":4,\"name\":\"France\",\"item\":\"https:\/\/centcols.org\/rubrique\/sejours\/pays-sejours\/france-pays-sejours\/\"},{\"@type\":\"ListItem\",\"position\":5,\"name\":\"S\u00e9jour de printemps \u00e0 Belgod\u00e8re \/ Lozari (Haute-Corse) du 21 au 27 avril 2013\"}]},{\"@type\":\"WebSite\",\"@id\":\"https:\/\/centcols.org\/#website\",\"url\":\"https:\/\/centcols.org\/\",\"name\":\"Club des Cent Cols\",\"description\":\"\",\"publisher\":{\"@id\":\"https:\/\/centcols.org\/#organization\"},\"potentialAction\":[{\"@type\":\"SearchAction\",\"target\":{\"@type\":\"EntryPoint\",\"urlTemplate\":\"https:\/\/centcols.org\/?s={search_term_string}\"},\"query-input\":{\"@type\":\"PropertyValueSpecification\",\"valueRequired\":true,\"valueName\":\"search_term_string\"}}],\"inLanguage\":\"nl-BE\"},{\"@type\":\"Organization\",\"@id\":\"https:\/\/centcols.org\/#organization\",\"name\":\"Club des Cent Cols\",\"url\":\"https:\/\/centcols.org\/\",\"logo\":{\"@type\":\"ImageObject\",\"inLanguage\":\"nl-BE\",\"@id\":\"https:\/\/centcols.org\/#\/schema\/logo\/image\/\",\"url\":\"https:\/\/centcols.org\/wp-content\/uploads\/2025\/01\/carte-icone.png\",\"contentUrl\":\"https:\/\/centcols.org\/wp-content\/uploads\/2025\/01\/carte-icone.png\",\"width\":250,\"height\":250,\"caption\":\"Club des Cent Cols\"},\"image\":{\"@id\":\"https:\/\/centcols.org\/#\/schema\/logo\/image\/\"},\"sameAs\":[\"https:\/\/www.facebook.com\/groups\/5261880558\/?locale=fr_FR\"]},{\"@type\":\"Person\",\"@id\":\"https:\/\/centcols.org\/#\/schema\/person\/911b404fb133d8c913dd27cdcf71c8e5\",\"name\":\"Webmestre\",\"image\":{\"@type\":\"ImageObject\",\"inLanguage\":\"nl-BE\",\"@id\":\"https:\/\/centcols.org\/wp-content\/litespeed\/avatar\/2d246e4b6b4f773e08515e1ffc53690b.jpg?ver=1777222892\",\"url\":\"https:\/\/centcols.org\/wp-content\/litespeed\/avatar\/2d246e4b6b4f773e08515e1ffc53690b.jpg?ver=1777222892\",\"contentUrl\":\"https:\/\/centcols.org\/wp-content\/litespeed\/avatar\/2d246e4b6b4f773e08515e1ffc53690b.jpg?ver=1777222892\",\"caption\":\"Webmestre\"},\"url\":\"https:\/\/centcols.org\/nl\/author\/webmestre\/\"}]}<\/script>\n<!-- \/ Yoast SEO plugin. -->","yoast_head_json":{"title":"Voorjaarsvakantie in Belgod\u00e8re \/ Lozari (Haute-Corse) van 21 tot 27 april 2013 - Club des Cent Cols","robots":{"index":"index","follow":"follow","max-snippet":"max-snippet:-1","max-image-preview":"max-image-preview:large","max-video-preview":"max-video-preview:-1"},"canonical":"https:\/\/centcols.org\/nl\/blijf-2013-lozari\/","og_locale":"nl_BE","og_type":"article","og_title":"S\u00e9jour de printemps \u00e0 Belgod\u00e8re \/ Lozari (Haute-Corse) du 21 au 27 avril 2013 - Club des Cent Cols","og_description":"Pr\u00e9sentation Apr\u00e8s Porticcio et la Rive Sud du Golfe d&rsquo;Ajaccio en 2010, c&rsquo;est Lozari et la Balagne qui accueillent le Club des cent Cols pour son rendez-vous de printemps du 21 au 27 avril 2013.La Balagne est une vaste conque, ouverte au nord-ouest sur la M\u00e9diterran\u00e9e et domin\u00e9e par un ensemble de sommets dont quelques [&hellip;]","og_url":"https:\/\/centcols.org\/nl\/blijf-2013-lozari\/","og_site_name":"Club des Cent Cols","article_publisher":"https:\/\/www.facebook.com\/groups\/5261880558\/?locale=fr_FR","article_published_time":"2013-01-23T08:12:09+00:00","article_modified_time":"2025-09-02T06:52:44+00:00","og_image":[{"width":1600,"height":1200,"url":"https:\/\/centcols.org\/wp-content\/uploads\/2015\/04\/lozari01.jpg","type":"image\/jpeg"}],"author":"Webmestre","twitter_card":"summary_large_image","twitter_misc":{"Geschreven door":"Webmestre","Geschatte leestijd":"8 minuten"},"schema":{"@context":"https:\/\/schema.org","@graph":[{"@type":"Article","@id":"https:\/\/centcols.org\/sejour-2013-lozari\/#article","isPartOf":{"@id":"https:\/\/centcols.org\/sejour-2013-lozari\/"},"author":{"name":"Webmestre","@id":"https:\/\/centcols.org\/#\/schema\/person\/911b404fb133d8c913dd27cdcf71c8e5"},"headline":"S\u00e9jour de printemps \u00e0 Belgod\u00e8re \/ Lozari (Haute-Corse) du 21 au 27 avril 2013","datePublished":"2013-01-23T08:12:09+00:00","dateModified":"2025-09-02T06:52:44+00:00","mainEntityOfPage":{"@id":"https:\/\/centcols.org\/sejour-2013-lozari\/"},"wordCount":989,"publisher":{"@id":"https:\/\/centcols.org\/#organization"},"image":{"@id":"https:\/\/centcols.org\/sejour-2013-lozari\/#primaryimage"},"thumbnailUrl":"https:\/\/centcols.org\/wp-content\/uploads\/2015\/04\/lozari01.jpg","articleSection":["France","Corse","20-Corse","Corse","Calendrier","S\u00e9jours du Club des Cent Cols"],"inLanguage":"nl-BE"},{"@type":"WebPage","@id":"https:\/\/centcols.org\/sejour-2013-lozari\/","url":"https:\/\/centcols.org\/sejour-2013-lozari\/","name":"Voorjaarsvakantie in Belgod\u00e8re \/ Lozari (Haute-Corse) van 21 tot 27 april 2013 - Club des Cent Cols","isPartOf":{"@id":"https:\/\/centcols.org\/#website"},"primaryImageOfPage":{"@id":"https:\/\/centcols.org\/sejour-2013-lozari\/#primaryimage"},"image":{"@id":"https:\/\/centcols.org\/sejour-2013-lozari\/#primaryimage"},"thumbnailUrl":"https:\/\/centcols.org\/wp-content\/uploads\/2015\/04\/lozari01.jpg","datePublished":"2013-01-23T08:12:09+00:00","dateModified":"2025-09-02T06:52:44+00:00","breadcrumb":{"@id":"https:\/\/centcols.org\/sejour-2013-lozari\/#breadcrumb"},"inLanguage":"nl-BE","potentialAction":[{"@type":"ReadAction","target":["https:\/\/centcols.org\/sejour-2013-lozari\/"]}]},{"@type":"ImageObject","inLanguage":"nl-BE","@id":"https:\/\/centcols.org\/sejour-2013-lozari\/#primaryimage","url":"https:\/\/centcols.org\/wp-content\/uploads\/2015\/04\/lozari01.jpg","contentUrl":"https:\/\/centcols.org\/wp-content\/uploads\/2015\/04\/lozari01.jpg","width":1600,"height":1200},{"@type":"BreadcrumbList","@id":"https:\/\/centcols.org\/sejour-2013-lozari\/#breadcrumb","itemListElement":[{"@type":"ListItem","position":1,"name":"Accueil","item":"https:\/\/centcols.org\/"},{"@type":"ListItem","position":2,"name":"S\u00e9jours du Club des Cent Cols","item":"https:\/\/centcols.org\/rubrique\/sejours\/"},{"@type":"ListItem","position":3,"name":"Pays","item":"https:\/\/centcols.org\/rubrique\/sejours\/pays-sejours\/"},{"@type":"ListItem","position":4,"name":"France","item":"https:\/\/centcols.org\/rubrique\/sejours\/pays-sejours\/france-pays-sejours\/"},{"@type":"ListItem","position":5,"name":"S\u00e9jour de printemps \u00e0 Belgod\u00e8re \/ Lozari (Haute-Corse) du 21 au 27 avril 2013"}]},{"@type":"WebSite","@id":"https:\/\/centcols.org\/#website","url":"https:\/\/centcols.org\/","name":"Club van Cent Cols","description":"","publisher":{"@id":"https:\/\/centcols.org\/#organization"},"potentialAction":[{"@type":"SearchAction","target":{"@type":"EntryPoint","urlTemplate":"https:\/\/centcols.org\/?s={search_term_string}"},"query-input":{"@type":"PropertyValueSpecification","valueRequired":true,"valueName":"search_term_string"}}],"inLanguage":"nl-BE"},{"@type":"Organization","@id":"https:\/\/centcols.org\/#organization","name":"Club van Cent Cols","url":"https:\/\/centcols.org\/","logo":{"@type":"ImageObject","inLanguage":"nl-BE","@id":"https:\/\/centcols.org\/#\/schema\/logo\/image\/","url":"https:\/\/centcols.org\/wp-content\/uploads\/2025\/01\/carte-icone.png","contentUrl":"https:\/\/centcols.org\/wp-content\/uploads\/2025\/01\/carte-icone.png","width":250,"height":250,"caption":"Club des Cent Cols"},"image":{"@id":"https:\/\/centcols.org\/#\/schema\/logo\/image\/"},"sameAs":["https:\/\/www.facebook.com\/groups\/5261880558\/?locale=fr_FR"]},{"@type":"Person","@id":"https:\/\/centcols.org\/#\/schema\/person\/911b404fb133d8c913dd27cdcf71c8e5","name":"Webmaster","image":{"@type":"ImageObject","inLanguage":"nl-BE","@id":"https:\/\/centcols.org\/wp-content\/litespeed\/avatar\/2d246e4b6b4f773e08515e1ffc53690b.jpg?ver=1777222892","url":"https:\/\/centcols.org\/wp-content\/litespeed\/avatar\/2d246e4b6b4f773e08515e1ffc53690b.jpg?ver=1777222892","contentUrl":"https:\/\/centcols.org\/wp-content\/litespeed\/avatar\/2d246e4b6b4f773e08515e1ffc53690b.jpg?ver=1777222892","caption":"Webmestre"},"url":"https:\/\/centcols.org\/nl\/author\/webmestre\/"}]}},"_links":{"self":[{"href":"https:\/\/centcols.org\/nl\/wp-json\/wp\/v2\/posts\/81561","targetHints":{"allow":["GET"]}}],"collection":[{"href":"https:\/\/centcols.org\/nl\/wp-json\/wp\/v2\/posts"}],"about":[{"href":"https:\/\/centcols.org\/nl\/wp-json\/wp\/v2\/types\/post"}],"author":[{"embeddable":true,"href":"https:\/\/centcols.org\/nl\/wp-json\/wp\/v2\/users\/3"}],"replies":[{"embeddable":true,"href":"https:\/\/centcols.org\/nl\/wp-json\/wp\/v2\/comments?post=81561"}],"version-history":[{"count":0,"href":"https:\/\/centcols.org\/nl\/wp-json\/wp\/v2\/posts\/81561\/revisions"}],"wp:featuredmedia":[{"embeddable":true,"href":"https:\/\/centcols.org\/nl\/wp-json\/wp\/v2\/media\/83264"}],"wp:attachment":[{"href":"https:\/\/centcols.org\/nl\/wp-json\/wp\/v2\/media?parent=81561"}],"wp:term":[{"taxonomy":"category","embeddable":true,"href":"https:\/\/centcols.org\/nl\/wp-json\/wp\/v2\/categories?post=81561"},{"taxonomy":"post_tag","embeddable":true,"href":"https:\/\/centcols.org\/nl\/wp-json\/wp\/v2\/tags?post=81561"}],"curies":[{"name":"wp","href":"https:\/\/api.w.org\/{rel}","templated":true}]}}