{"id":81574,"date":"2013-04-23T10:13:39","date_gmt":"2013-04-23T08:13:39","guid":{"rendered":"https:\/\/centcols.org\/sejour-estival-cerdan-au-village-club-dyravals-a-latour-de-carol-pyrenees-orientales-du-16-au-20-juillet-2013\/"},"modified":"2025-09-02T08:57:01","modified_gmt":"2025-09-02T06:57:01","slug":"2013-verblijf-in-yravals","status":"publish","type":"post","link":"https:\/\/centcols.org\/nl\/sejour-2013-yravals\/","title":{"rendered":"Cerdan zomervakantie in de dorpsclub van Yravals in Latour-de-Carol (Pyrenee\u00ebn-Ori\u00ebntaal) van 16 tot 20 juli 2013"},"content":{"rendered":"<h2 class=\"wp-block-heading\"><span class=\"flett\">Situatie <\/span><\/h2>\n\n\n\n<p><span class=\"flett\">L<\/span>e Cerdagne is een hoogplateau op een gemiddelde hoogte van 1.200 m, in het bekken van een oud gletsjermeer.<\/p>\n\n\n\n<p>Het wordt omringd door bergtoppen en bergmassieven van meer dan 3.000 m, met het Carlit-gebergte (2.921 m) in het noorden en het Cadi-Moixero- en Puigmal-gebergte (2.910 m) in het zuiden. Het noorden wordt gedomineerd door granieten chaos, terwijl het zuiden wordt gedomineerd door schistrotsen: dit zijn de materialen waarmee de huizen in de dorpen van de Cerdans zijn gebouwd. Het gebied is uitzonderlijk helder en zonnig, met ongeveer 300 dagen zon per jaar.<\/p>\n\n\n\n<p>Cerdagne, dat in zijn geheel tot het koninkrijk Aragon behoorde, dankt zijn huidige verdeling aan het Verdrag van de Pyrenee\u00ebn dat in 1659 werd ondertekend tussen het Frankrijk van Lodewijk XIV en het Spanje van Filips IV. Een deel van de Cerdagne (33 dorpen, Llivia niet inbegrepen, dat tot stad werd verheven), de Conflent en de Roussillon werden aan Frankrijk afgestaan. Llivia was dus een Spaanse enclave op Frans grondgebied.<\/p>\n\n\n\n<p>Het Spaanse deel, bekend als Basse Cerdagne, grenst aan het Prinsdom Andorra en het Franse Cerdagne in het noorden, Ripoll\u00e8s in het oosten, Bergued\u00e0 in het zuiden en Alt Urgell in het westen.<\/p>\n\n\n\n<p>Het Franse deel, of Haute Cerdagne, grenst aan de comarques Ripoll\u00e8s, Cerdanya en het Prinsdom Andorra.<\/p>\n\n\n\n<p>De regio Cerdagne is al sinds de prehistorie bewoond, met overblijfselen van neolithische nederzettingen en talrijke menhirs en dolmens.<\/p>\n\n\n\n<p>Recenter maar talrijker zijn de Romaanse kerken van de XI<sup>e<\/sup> en XII<sup>e<\/sup> eeuwen, met kunstwerken vari\u00ebrend van fresco's (XII<sup>e<\/sup> eeuw) tot het barokke altaarstuk (XVIII<sup>e<\/sup> eeuw).<\/p>\n\n\n\n<figure class=\"wp-block-gallery has-nested-images columns-3 is-cropped wp-block-gallery-1 is-layout-flex wp-block-gallery-is-layout-flex\">\n<figure class=\"wp-block-image size-full\"><img loading=\"lazy\" decoding=\"async\" width=\"164\" height=\"180\" data-id=\"88806\" src=\"https:\/\/centcols.org\/wp-content\/uploads\/2013\/04\/b_cerdanya-1.png\" alt=\"\" class=\"wp-image-88806\"\/><\/figure>\n\n\n\n<figure class=\"wp-block-image size-full\"><img loading=\"lazy\" decoding=\"async\" width=\"164\" height=\"180\" data-id=\"88807\" src=\"https:\/\/centcols.org\/wp-content\/uploads\/2013\/04\/b_66.png\" alt=\"\" class=\"wp-image-88807\"\/><\/figure>\n\n\n\n<figure class=\"wp-block-image size-full\"><img loading=\"lazy\" decoding=\"async\" width=\"164\" height=\"180\" data-id=\"88808\" src=\"https:\/\/centcols.org\/wp-content\/uploads\/2013\/04\/b_latour.png\" alt=\"\" class=\"wp-image-88808\"\/><\/figure>\n<\/figure>\n\n\n\n<figure class=\"wp-block-gallery has-nested-images columns-2 is-cropped wp-block-gallery-2 is-layout-flex wp-block-gallery-is-layout-flex\">\n<figure class=\"wp-block-image size-full\"><img loading=\"lazy\" decoding=\"async\" width=\"200\" height=\"150\" data-id=\"88809\" src=\"https:\/\/centcols.org\/wp-content\/uploads\/2013\/04\/cadi.jpg\" alt=\"\" class=\"wp-image-88809\"\/><\/figure>\n\n\n\n<figure class=\"wp-block-image size-full\"><img loading=\"lazy\" decoding=\"async\" width=\"200\" height=\"150\" data-id=\"88810\" src=\"https:\/\/centcols.org\/wp-content\/uploads\/2013\/04\/vivers.jpg\" alt=\"\" class=\"wp-image-88810\"\/><\/figure>\n<\/figure>\n\n\n\n<h2 class=\"wp-block-heading\">Accommodatie en registratie<\/h2>\n\n\n\n<p>Accommodatie is in de Village-Club d'Yravals gelegen in de gemeente Latour-de-Carol op een hoogte van 1.250 m. Het bestaat uit een centraal gebouw met een lounge, bar, wifi, restaurant en vergaderruimte, en daaromheen paviljoens met slaapkamers.<br>Om je in te schrijven, download het inschrijfformulier, vul het in en stuur het samen met je betaling terug naar de verantwoordelijke voor de vakantie, wiens adres op het formulier staat, door <strong>15 juni 2013.<\/strong><\/p>\n\n\n\n<p>De club heeft een groepstarief en een pakket onderhandeld voor de periode in kwestie en beheert geen extra nachten.<\/p>\n\n\n\n<p>Voor alle verzoeken om vervroegde aankomst of vertraagd vertrek kunt u rechtstreeks contact opnemen met de reserveringsafdeling: Barbara op +33 (0)4 68 30 64 00 of&nbsp;<a href=\"\/nl\/&\/#x6d;a&#x69;l&#x74;&#111;&#x3a;&#99;o&#x6e;t&#x61;&#99;&#x74;&#64;&#x79;&#114;a&#x76;a&#x6c;&#115;&#x2e;&#99;&#x6f;&#x6d;\">contact@yravals.com<\/a> (geef Cent Cols-groep op om te profiteren van een voorkeurstarief).<\/p>\n\n\n\n<p>Ga voor meer informatie naar de website van de Village Club: <a href=\"http:\/\/www.yravals.com\/\" target=\"_blank\" rel=\"noopener\">http:\/\/www.yravals.com\/<\/a><\/p>\n\n\n\n<figure class=\"wp-block-gallery has-nested-images columns-3 is-cropped wp-block-gallery-3 is-layout-flex wp-block-gallery-is-layout-flex\">\n<figure class=\"wp-block-image size-full\"><img loading=\"lazy\" decoding=\"async\" width=\"100\" height=\"100\" data-id=\"88811\" src=\"https:\/\/centcols.org\/wp-content\/uploads\/2013\/04\/club_chambre1-100x100-1.jpg\" alt=\"\" class=\"wp-image-88811\" srcset=\"https:\/\/centcols.org\/wp-content\/uploads\/2013\/04\/club_chambre1-100x100-1.jpg 100w, https:\/\/centcols.org\/wp-content\/uploads\/2013\/04\/club_chambre1-100x100-1-12x12.jpg 12w\" sizes=\"auto, (max-width: 100px) 100vw, 100px\" \/><\/figure>\n\n\n\n<figure class=\"wp-block-image size-full\"><img loading=\"lazy\" decoding=\"async\" width=\"200\" height=\"150\" data-id=\"88812\" src=\"https:\/\/centcols.org\/wp-content\/uploads\/2013\/04\/clubExt.jpg\" alt=\"\" class=\"wp-image-88812\"\/><\/figure>\n\n\n\n<figure class=\"wp-block-image size-full\"><img loading=\"lazy\" decoding=\"async\" width=\"200\" height=\"150\" data-id=\"88813\" src=\"https:\/\/centcols.org\/wp-content\/uploads\/2013\/04\/clubResto.jpg\" alt=\"\" class=\"wp-image-88813\"\/><\/figure>\n<\/figure>\n\n\n\n<h2 class=\"wp-block-heading\">Details programma<\/h2>\n\n\n\n<p>Er zijn genoeg tours voor degenen die de hele week willen blijven.<br>Elke dag krijg je een weg en een muilezelroute aangeboden, die je door prachtige landschappen voeren en, voor wie de moeite wil nemen, door de rijkdom van het lokale erfgoed.<\/p>\n\n\n\n<p>U kunt de <a href=\"\/nl\/membres\/cctours\/tours.php\/?lieu=Yravals&amp;an=2013\">alle rondleidingen<\/a>, of aparte lijsten voor circuits <a href=\"\/nl\/membres\/cctours\/tours.php\/?lieu=Yravals&amp;an=2013&amp;genre=R\">weg<\/a> en <a href=\"\/nl\/membres\/cctours\/tours.php\/?lieu=Yravals&amp;an=2013&amp;genre=V\">MOUNTAINBIKE<\/a>. Van deze lijsten zijn ook interactieve kaarten, routekaarten en hoogteprofielen beschikbaar voor elke route.<br>Als je GPS- of kaartsoftware op je computer gebruikt, kun je geolocatiebestanden downloaden.<\/p>\n\n\n\n<p><strong>Let op:<\/strong> Hoewel de Carto Exploreur geolocatiebestanden beschikbaar zijn voor alle tochten, zijn ze alleen nuttig voor tochten die volledig in Frankrijk plaatsvinden, omdat de cartografie in deze software stopt bij de grenzen. Voor tochten in Andorra en Spanje moet je een ander softwarepakket gebruiken.<br>Afhankelijk van het weer kunnen data op korte termijn worden gewijzigd.<br>Deze circuits zijn ontworpen door <strong>Alain Gillodes<\/strong> en getraceerd door <strong>R\u00e9gis Paraz<\/strong>. De lijst met routes, statische en interactieve kaarten, hoogteprofielen en geolocatiebestanden zijn geproduceerd door <strong>Patrick Schleppi<\/strong>.<\/p>\n\n\n\n<h2 class=\"wp-block-heading\">Brochure<\/h2>\n\n\n\n<p>La <a href=\"https:\/\/centcols.org\/wp-content\/uploads\/2025\/09\/Yravals13.pdf\">brochure<\/a> is beschikbaar om te downloaden in PDF-formaat. Het bevat informatie over de regio en het programma, inclusief routekaarten en talloze foto's.<\/p>\n\n\n\n<h2 class=\"wp-block-heading\">Activiteiten voor begeleiders<\/h2>\n\n\n\n<p>Er is een breed aanbod aan rondleidingen en wandelingen voor begeleiders:<\/p>\n\n\n\n<ul class=\"wp-block-list\">\n<li>De Romaanse kerken van Cerdagne<\/li>\n\n\n\n<li>Zonneoven in Odeillo en Th\u00e9mis elektriciteitscentrale in Targasonne<\/li>\n\n\n\n<li>Hermitage van Belloc en de Romeinse baden van Dorres (water van 42\u00b0C)<\/li>\n\n\n\n<li>Het gele treintje: bezoek aan Mont Louis (zonneoven) en Villefranche de Conflent, beide UNESCO Werelderfgoed.<\/li>\n\n\n\n<li>Le Train JauneSainte-Marie de Belloc<\/li>\n\n\n\n<li>De geklasseerde site van de Bouillouses (BPF)<\/li>\n\n\n\n<li>De enclave Llivi\u00e0 en zijn apotheek<\/li>\n\n\n\n<li>Wildpark Les Angles<\/li>\n\n\n\n<li>Het Eyne natuurreservaat, de bloemenvallei<\/li>\n<\/ul>\n\n\n\n<h2 class=\"wp-block-heading\">Fotoalbums<\/h2>\n\n\n\n<figure class=\"wp-block-gallery has-nested-images columns-4 is-cropped wp-block-gallery-4 is-layout-flex wp-block-gallery-is-layout-flex\">\n<figure class=\"wp-block-image size-full\"><a href=\"https:\/\/centcols.org\/nl\/util\/visuAlbum.php\/?album=1420-007\" target=\"_blank\" rel=\" noreferrer noopener\"><img loading=\"lazy\" decoding=\"async\" width=\"800\" height=\"600\" data-id=\"88816\" src=\"https:\/\/centcols.org\/wp-content\/uploads\/2013\/04\/M00214.jpg\" alt=\"\" class=\"wp-image-88816\" srcset=\"https:\/\/centcols.org\/wp-content\/uploads\/2013\/04\/M00214.jpg 800w, https:\/\/centcols.org\/wp-content\/uploads\/2013\/04\/M00214-768x576.jpg 768w\" sizes=\"auto, (max-width: 800px) 100vw, 800px\" \/><\/a><figcaption class=\"wp-element-caption\">Album van Guy Cambess\u00e8d\u00e8s<\/figcaption><\/figure>\n\n\n\n<figure class=\"wp-block-image size-full\"><a href=\"https:\/\/centcols.org\/nl\/util\/visuAlbum.php\/?album=3848-005\" target=\"_blank\" rel=\" noreferrer noopener\"><img loading=\"lazy\" decoding=\"async\" width=\"1366\" height=\"1024\" data-id=\"88817\" src=\"https:\/\/centcols.org\/wp-content\/uploads\/2013\/04\/L02627.jpg\" alt=\"\" class=\"wp-image-88817\" srcset=\"https:\/\/centcols.org\/wp-content\/uploads\/2013\/04\/L02627.jpg 1366w, https:\/\/centcols.org\/wp-content\/uploads\/2013\/04\/L02627-1200x900.jpg 1200w, https:\/\/centcols.org\/wp-content\/uploads\/2013\/04\/L02627-768x576.jpg 768w\" sizes=\"auto, (max-width: 1366px) 100vw, 1366px\" \/><\/a><figcaption class=\"wp-element-caption\">Album van Michel Boni<\/figcaption><\/figure>\n\n\n\n<figure class=\"wp-block-image size-full\"><a href=\"https:\/\/centcols.org\/nl\/util\/visuAlbum.php\/?album=3092-008\" target=\"_blank\" rel=\" noreferrer noopener\"><img loading=\"lazy\" decoding=\"async\" width=\"1920\" height=\"1440\" data-id=\"88818\" src=\"https:\/\/centcols.org\/wp-content\/uploads\/2013\/04\/L00334.jpg\" alt=\"\" class=\"wp-image-88818\" srcset=\"https:\/\/centcols.org\/wp-content\/uploads\/2013\/04\/L00334.jpg 1920w, https:\/\/centcols.org\/wp-content\/uploads\/2013\/04\/L00334-1200x900.jpg 1200w, https:\/\/centcols.org\/wp-content\/uploads\/2013\/04\/L00334-768x576.jpg 768w, https:\/\/centcols.org\/wp-content\/uploads\/2013\/04\/L00334-1536x1152.jpg 1536w\" sizes=\"auto, (max-width: 1920px) 100vw, 1920px\" \/><\/a><figcaption class=\"wp-element-caption\">Album van Philippe Carrez<\/figcaption><\/figure>\n\n\n\n<figure class=\"wp-block-image size-full\"><a href=\"https:\/\/centcols.org\/nl\/util\/visuAlbum.php\/?album=1825-001\" target=\"_blank\" rel=\" noreferrer noopener\"><img loading=\"lazy\" decoding=\"async\" width=\"1920\" height=\"1082\" data-id=\"88819\" src=\"https:\/\/centcols.org\/wp-content\/uploads\/2013\/04\/L00832.jpg\" alt=\"\" class=\"wp-image-88819\" srcset=\"https:\/\/centcols.org\/wp-content\/uploads\/2013\/04\/L00832.jpg 1920w, https:\/\/centcols.org\/wp-content\/uploads\/2013\/04\/L00832-1200x676.jpg 1200w, https:\/\/centcols.org\/wp-content\/uploads\/2013\/04\/L00832-768x433.jpg 768w, https:\/\/centcols.org\/wp-content\/uploads\/2013\/04\/L00832-1536x866.jpg 1536w\" sizes=\"auto, (max-width: 1920px) 100vw, 1920px\" \/><\/a><figcaption class=\"wp-element-caption\">Album van Alain Darget<\/figcaption><\/figure>\n\n\n\n<figure class=\"wp-block-image size-full\"><a href=\"https:\/\/centcols.org\/nl\/util\/visuAlbum.php\/?album=3848-005\" target=\"_blank\" rel=\" noreferrer noopener\"><img loading=\"lazy\" decoding=\"async\" width=\"1920\" height=\"1440\" data-id=\"88820\" src=\"https:\/\/centcols.org\/wp-content\/uploads\/2013\/04\/L00233.jpg\" alt=\"\" class=\"wp-image-88820\" srcset=\"https:\/\/centcols.org\/wp-content\/uploads\/2013\/04\/L00233.jpg 1920w, https:\/\/centcols.org\/wp-content\/uploads\/2013\/04\/L00233-1200x900.jpg 1200w, https:\/\/centcols.org\/wp-content\/uploads\/2013\/04\/L00233-768x576.jpg 768w, https:\/\/centcols.org\/wp-content\/uploads\/2013\/04\/L00233-1536x1152.jpg 1536w\" sizes=\"auto, (max-width: 1920px) 100vw, 1920px\" \/><\/a><figcaption class=\"wp-element-caption\">Album van Max Tissot<\/figcaption><\/figure>\n\n\n\n<figure class=\"wp-block-image size-full\"><a href=\"https:\/\/centcols.org\/nl\/util\/visuAlbum.php\/?album=676-003\" target=\"_blank\" rel=\" noreferrer noopener\"><img loading=\"lazy\" decoding=\"async\" width=\"600\" height=\"450\" data-id=\"88821\" src=\"https:\/\/centcols.org\/wp-content\/uploads\/2013\/04\/M0258.jpg\" alt=\"\" class=\"wp-image-88821\"\/><\/a><figcaption class=\"wp-element-caption\">Album van Alain S\u00e9venier<\/figcaption><\/figure>\n\n\n\n<figure class=\"wp-block-image size-full\"><a href=\"https:\/\/centcols.org\/nl\/util\/visuAlbum.php\/?album=5065-005\" target=\"_blank\" rel=\" noreferrer noopener\"><img loading=\"lazy\" decoding=\"async\" width=\"1920\" height=\"1440\" data-id=\"88822\" src=\"https:\/\/centcols.org\/wp-content\/uploads\/2013\/04\/L010210.jpg\" alt=\"\" class=\"wp-image-88822\" srcset=\"https:\/\/centcols.org\/wp-content\/uploads\/2013\/04\/L010210.jpg 1920w, https:\/\/centcols.org\/wp-content\/uploads\/2013\/04\/L010210-1200x900.jpg 1200w, https:\/\/centcols.org\/wp-content\/uploads\/2013\/04\/L010210-768x576.jpg 768w, https:\/\/centcols.org\/wp-content\/uploads\/2013\/04\/L010210-1536x1152.jpg 1536w\" sizes=\"auto, (max-width: 1920px) 100vw, 1920px\" \/><\/a><figcaption class=\"wp-element-caption\">Album van Enrico Alberini<\/figcaption><\/figure>\n\n\n\n<figure class=\"wp-block-image size-full\"><a href=\"https:\/\/centcols.org\/nl\/util\/visuAlbum.php\/?album=6796-005\" target=\"_blank\" rel=\" noreferrer noopener\"><img loading=\"lazy\" decoding=\"async\" width=\"1280\" height=\"960\" data-id=\"88823\" src=\"https:\/\/centcols.org\/wp-content\/uploads\/2013\/04\/L01132.jpg\" alt=\"\" class=\"wp-image-88823\" srcset=\"https:\/\/centcols.org\/wp-content\/uploads\/2013\/04\/L01132.jpg 1280w, https:\/\/centcols.org\/wp-content\/uploads\/2013\/04\/L01132-1200x900.jpg 1200w, https:\/\/centcols.org\/wp-content\/uploads\/2013\/04\/L01132-768x576.jpg 768w\" sizes=\"auto, (max-width: 1280px) 100vw, 1280px\" \/><\/a><figcaption class=\"wp-element-caption\">Album van Michel Andurand<\/figcaption><\/figure>\n\n\n\n<figure class=\"wp-block-image size-full\"><a href=\"https:\/\/centcols.org\/nl\/util\/visuAlbum.php\/?album=5756-002\" target=\"_blank\" rel=\" noreferrer noopener\"><img loading=\"lazy\" decoding=\"async\" width=\"1920\" height=\"1440\" data-id=\"88824\" src=\"https:\/\/centcols.org\/wp-content\/uploads\/2013\/04\/L00932.jpg\" alt=\"\" class=\"wp-image-88824\" srcset=\"https:\/\/centcols.org\/wp-content\/uploads\/2013\/04\/L00932.jpg 1920w, https:\/\/centcols.org\/wp-content\/uploads\/2013\/04\/L00932-1200x900.jpg 1200w, https:\/\/centcols.org\/wp-content\/uploads\/2013\/04\/L00932-768x576.jpg 768w, https:\/\/centcols.org\/wp-content\/uploads\/2013\/04\/L00932-1536x1152.jpg 1536w\" sizes=\"auto, (max-width: 1920px) 100vw, 1920px\" \/><\/a><figcaption class=\"wp-element-caption\">Album van Gerald Cowham<\/figcaption><\/figure>\n\n\n\n<figure class=\"wp-block-image size-full\"><a href=\"https:\/\/centcols.org\/nl\/util\/visuAlbum.php\/?album=3693-006\" target=\"_blank\" rel=\" noreferrer noopener\"><img loading=\"lazy\" decoding=\"async\" width=\"986\" height=\"657\" data-id=\"88830\" src=\"https:\/\/centcols.org\/wp-content\/uploads\/2013\/04\/latour_111.jpg\" alt=\"\" class=\"wp-image-88830\" srcset=\"https:\/\/centcols.org\/wp-content\/uploads\/2013\/04\/latour_111.jpg 986w, https:\/\/centcols.org\/wp-content\/uploads\/2013\/04\/latour_111-768x512.jpg 768w\" sizes=\"auto, (max-width: 986px) 100vw, 986px\" \/><\/a><figcaption class=\"wp-element-caption\">Album van Alain Brault<\/figcaption><\/figure>\n\n\n\n<figure class=\"wp-block-image size-full\"><a href=\"https:\/\/centcols.org\/nl\/util\/visuAlbum.php\/?album=0396-003\" target=\"_blank\" rel=\" noreferrer noopener\"><img loading=\"lazy\" decoding=\"async\" width=\"1080\" height=\"720\" data-id=\"88826\" src=\"https:\/\/centcols.org\/wp-content\/uploads\/2013\/04\/L01431.jpg\" alt=\"\" class=\"wp-image-88826\" srcset=\"https:\/\/centcols.org\/wp-content\/uploads\/2013\/04\/L01431.jpg 1080w, https:\/\/centcols.org\/wp-content\/uploads\/2013\/04\/L01431-768x512.jpg 768w\" sizes=\"auto, (max-width: 1080px) 100vw, 1080px\" \/><\/a><figcaption class=\"wp-element-caption\">Album door Daniel Beaujoin<\/figcaption><\/figure>\n\n\n\n<figure class=\"wp-block-image size-full\"><a href=\"https:\/\/centcols.org\/nl\/util\/visuAlbum.php\/?album=4889-003\" target=\"_blank\" rel=\" noreferrer noopener\"><img loading=\"lazy\" decoding=\"async\" width=\"1600\" height=\"1200\" data-id=\"88827\" src=\"https:\/\/centcols.org\/wp-content\/uploads\/2013\/04\/L0725.jpg\" alt=\"\" class=\"wp-image-88827\" srcset=\"https:\/\/centcols.org\/wp-content\/uploads\/2013\/04\/L0725.jpg 1600w, https:\/\/centcols.org\/wp-content\/uploads\/2013\/04\/L0725-1200x900.jpg 1200w, https:\/\/centcols.org\/wp-content\/uploads\/2013\/04\/L0725-768x576.jpg 768w, https:\/\/centcols.org\/wp-content\/uploads\/2013\/04\/L0725-1536x1152.jpg 1536w\" sizes=\"auto, (max-width: 1600px) 100vw, 1600px\" \/><\/a><figcaption class=\"wp-element-caption\">Album van Mario Labelle<\/figcaption><\/figure>\n\n\n\n<figure class=\"wp-block-image size-full\"><a href=\"https:\/\/centcols.org\/nl\/util\/visuAlbum.php\/?album=5650-016\" target=\"_blank\" rel=\" noreferrer noopener\"><img loading=\"lazy\" decoding=\"async\" width=\"1920\" height=\"1440\" data-id=\"88828\" src=\"https:\/\/centcols.org\/wp-content\/uploads\/2013\/04\/L04516.jpg\" alt=\"\" class=\"wp-image-88828\" srcset=\"https:\/\/centcols.org\/wp-content\/uploads\/2013\/04\/L04516.jpg 1920w, https:\/\/centcols.org\/wp-content\/uploads\/2013\/04\/L04516-1200x900.jpg 1200w, https:\/\/centcols.org\/wp-content\/uploads\/2013\/04\/L04516-768x576.jpg 768w, https:\/\/centcols.org\/wp-content\/uploads\/2013\/04\/L04516-1536x1152.jpg 1536w\" sizes=\"auto, (max-width: 1920px) 100vw, 1920px\" \/><\/a><figcaption class=\"wp-element-caption\">Alf\u00e9o Lotto album<\/figcaption><\/figure>\n\n\n\n<figure class=\"wp-block-image size-full\"><a href=\"https:\/\/centcols.org\/nl\/util\/visuAlbum.php\/?album=0-3\"><img loading=\"lazy\" decoding=\"async\" width=\"1920\" height=\"1440\" data-id=\"88829\" src=\"https:\/\/centcols.org\/wp-content\/uploads\/2013\/04\/L01032.jpg\" alt=\"\" class=\"wp-image-88829\" srcset=\"https:\/\/centcols.org\/wp-content\/uploads\/2013\/04\/L01032.jpg 1920w, https:\/\/centcols.org\/wp-content\/uploads\/2013\/04\/L01032-1200x900.jpg 1200w, https:\/\/centcols.org\/wp-content\/uploads\/2013\/04\/L01032-768x576.jpg 768w, https:\/\/centcols.org\/wp-content\/uploads\/2013\/04\/L01032-1536x1152.jpg 1536w\" sizes=\"auto, (max-width: 1920px) 100vw, 1920px\" \/><\/a><figcaption class=\"wp-element-caption\">Album van Marie-Rose Brault<\/figcaption><\/figure>\n\n\n\n<figure class=\"wp-block-image size-full\"><a href=\"https:\/\/centcols.org\/nl\/les_rendez-vous\/2013\/Yravals\/album_5642\/\" target=\"_blank\" rel=\" noreferrer noopener\"><img loading=\"lazy\" decoding=\"async\" width=\"986\" height=\"657\" data-id=\"88830\" src=\"https:\/\/centcols.org\/wp-content\/uploads\/2013\/04\/latour_111.jpg\" alt=\"\" class=\"wp-image-88830\" srcset=\"https:\/\/centcols.org\/wp-content\/uploads\/2013\/04\/latour_111.jpg 986w, https:\/\/centcols.org\/wp-content\/uploads\/2013\/04\/latour_111-768x512.jpg 768w\" sizes=\"auto, (max-width: 986px) 100vw, 986px\" \/><\/a><figcaption class=\"wp-element-caption\">Album van Hubert Becker<\/figcaption><\/figure>\n<\/figure>","protected":false},"excerpt":{"rendered":"<p>Situation La Cerdagne se pr\u00e9sente comme un haut plateau d\u2019une altitude moyenne de 1200 m occupant le bassin d\u2019un ancien lac glaciaire. Elle est entour\u00e9e de pics et de massifs tutoyant les 3 000 m, au nord la cha\u00eene du Carlit (2 921 m) et au sud celles de Cadi-Moixero et du Puigmal (2 910 [&hellip;]<\/p>\n","protected":false},"author":3,"featured_media":81575,"comment_status":"closed","ping_status":"closed","sticky":false,"template":"","format":"standard","meta":{"_acf_changed":false,"footnotes":""},"categories":[349,384,135,388,411,231],"tags":[],"class_list":["post-81574","post","type-post","status-publish","format-standard","has-post-thumbnail","hentry","category-france-pays-sejours","category-occitanie-region-sejours","category-calendrier","category-66-pyrenees-orientales","category-pyrenees-cerdanes","category-sejours"],"acf":[],"yoast_head":"<!-- This site is optimized with the Yoast SEO plugin v27.2 - https:\/\/yoast.com\/product\/yoast-seo-wordpress\/ -->\n<title>S\u00e9jour estival cerdan au village-club d&#039;Yravals \u00e0 Latour-de-Carol (Pyr\u00e9n\u00e9es-Orientales) du 16 au 20 juillet 2013 - Club des Cent Cols<\/title>\n<meta name=\"robots\" content=\"index, follow, max-snippet:-1, max-image-preview:large, max-video-preview:-1\" \/>\n<link rel=\"canonical\" href=\"https:\/\/centcols.org\/nl\/2013-verblijf-in-yravals\/\" \/>\n<meta property=\"og:locale\" content=\"nl_BE\" \/>\n<meta property=\"og:type\" content=\"article\" \/>\n<meta property=\"og:title\" content=\"S\u00e9jour estival cerdan au village-club d&#039;Yravals \u00e0 Latour-de-Carol (Pyr\u00e9n\u00e9es-Orientales) du 16 au 20 juillet 2013 - Club des Cent Cols\" \/>\n<meta property=\"og:description\" content=\"Situation La Cerdagne se pr\u00e9sente comme un haut plateau d\u2019une altitude moyenne de 1200 m occupant le bassin d\u2019un ancien lac glaciaire. Elle est entour\u00e9e de pics et de massifs tutoyant les 3 000 m, au nord la cha\u00eene du Carlit (2 921 m) et au sud celles de Cadi-Moixero et du Puigmal (2 910 [&hellip;]\" \/>\n<meta property=\"og:url\" content=\"https:\/\/centcols.org\/nl\/2013-verblijf-in-yravals\/\" \/>\n<meta property=\"og:site_name\" content=\"Club des Cent Cols\" \/>\n<meta property=\"article:publisher\" content=\"https:\/\/www.facebook.com\/groups\/5261880558\/?locale=fr_FR\" \/>\n<meta property=\"article:published_time\" content=\"2013-04-23T08:13:39+00:00\" \/>\n<meta property=\"article:modified_time\" content=\"2025-09-02T06:57:01+00:00\" \/>\n<meta property=\"og:image\" content=\"https:\/\/centcols.org\/wp-content\/uploads\/2025\/05\/L01032-e1443428212658.jpg\" \/>\n\t<meta property=\"og:image:width\" content=\"640\" \/>\n\t<meta property=\"og:image:height\" content=\"480\" \/>\n\t<meta property=\"og:image:type\" content=\"image\/jpeg\" \/>\n<meta name=\"author\" content=\"Webmestre\" \/>\n<meta name=\"twitter:card\" content=\"summary_large_image\" \/>\n<meta name=\"twitter:label1\" content=\"Geschreven door\" \/>\n\t<meta name=\"twitter:data1\" content=\"Webmestre\" \/>\n\t<meta name=\"twitter:label2\" content=\"Geschatte leestijd\" \/>\n\t<meta name=\"twitter:data2\" content=\"9 minuten\" \/>\n<script type=\"application\/ld+json\" class=\"yoast-schema-graph\">{\"@context\":\"https:\/\/schema.org\",\"@graph\":[{\"@type\":\"Article\",\"@id\":\"https:\/\/centcols.org\/sejour-2013-yravals\/#article\",\"isPartOf\":{\"@id\":\"https:\/\/centcols.org\/sejour-2013-yravals\/\"},\"author\":{\"name\":\"Webmestre\",\"@id\":\"https:\/\/centcols.org\/#\/schema\/person\/911b404fb133d8c913dd27cdcf71c8e5\"},\"headline\":\"S\u00e9jour estival cerdan au village-club d&rsquo;Yravals \u00e0 Latour-de-Carol (Pyr\u00e9n\u00e9es-Orientales) du 16 au 20 juillet 2013\",\"datePublished\":\"2013-04-23T08:13:39+00:00\",\"dateModified\":\"2025-09-02T06:57:01+00:00\",\"mainEntityOfPage\":{\"@id\":\"https:\/\/centcols.org\/sejour-2013-yravals\/\"},\"wordCount\":929,\"publisher\":{\"@id\":\"https:\/\/centcols.org\/#organization\"},\"image\":{\"@id\":\"https:\/\/centcols.org\/sejour-2013-yravals\/#primaryimage\"},\"thumbnailUrl\":\"https:\/\/centcols.org\/wp-content\/uploads\/2025\/05\/L01032-e1443428212658.jpg\",\"articleSection\":[\"France\",\"Occitanie\",\"Calendrier\",\"66-Pyr\u00e9n\u00e9es-Orientales\",\"Pyr\u00e9n\u00e9es cerdanes\",\"S\u00e9jours du Club des Cent Cols\"],\"inLanguage\":\"nl-BE\"},{\"@type\":\"WebPage\",\"@id\":\"https:\/\/centcols.org\/sejour-2013-yravals\/\",\"url\":\"https:\/\/centcols.org\/sejour-2013-yravals\/\",\"name\":\"S\u00e9jour estival cerdan au village-club d'Yravals \u00e0 Latour-de-Carol (Pyr\u00e9n\u00e9es-Orientales) du 16 au 20 juillet 2013 - Club des Cent Cols\",\"isPartOf\":{\"@id\":\"https:\/\/centcols.org\/#website\"},\"primaryImageOfPage\":{\"@id\":\"https:\/\/centcols.org\/sejour-2013-yravals\/#primaryimage\"},\"image\":{\"@id\":\"https:\/\/centcols.org\/sejour-2013-yravals\/#primaryimage\"},\"thumbnailUrl\":\"https:\/\/centcols.org\/wp-content\/uploads\/2025\/05\/L01032-e1443428212658.jpg\",\"datePublished\":\"2013-04-23T08:13:39+00:00\",\"dateModified\":\"2025-09-02T06:57:01+00:00\",\"breadcrumb\":{\"@id\":\"https:\/\/centcols.org\/sejour-2013-yravals\/#breadcrumb\"},\"inLanguage\":\"nl-BE\",\"potentialAction\":[{\"@type\":\"ReadAction\",\"target\":[\"https:\/\/centcols.org\/sejour-2013-yravals\/\"]}]},{\"@type\":\"ImageObject\",\"inLanguage\":\"nl-BE\",\"@id\":\"https:\/\/centcols.org\/sejour-2013-yravals\/#primaryimage\",\"url\":\"https:\/\/centcols.org\/wp-content\/uploads\/2025\/05\/L01032-e1443428212658.jpg\",\"contentUrl\":\"https:\/\/centcols.org\/wp-content\/uploads\/2025\/05\/L01032-e1443428212658.jpg\",\"width\":640,\"height\":480},{\"@type\":\"BreadcrumbList\",\"@id\":\"https:\/\/centcols.org\/sejour-2013-yravals\/#breadcrumb\",\"itemListElement\":[{\"@type\":\"ListItem\",\"position\":1,\"name\":\"Accueil\",\"item\":\"https:\/\/centcols.org\/\"},{\"@type\":\"ListItem\",\"position\":2,\"name\":\"S\u00e9jours du Club des Cent Cols\",\"item\":\"https:\/\/centcols.org\/rubrique\/sejours\/\"},{\"@type\":\"ListItem\",\"position\":3,\"name\":\"Pays\",\"item\":\"https:\/\/centcols.org\/rubrique\/sejours\/pays-sejours\/\"},{\"@type\":\"ListItem\",\"position\":4,\"name\":\"France\",\"item\":\"https:\/\/centcols.org\/rubrique\/sejours\/pays-sejours\/france-pays-sejours\/\"},{\"@type\":\"ListItem\",\"position\":5,\"name\":\"S\u00e9jour estival cerdan au village-club d&rsquo;Yravals \u00e0 Latour-de-Carol (Pyr\u00e9n\u00e9es-Orientales) du 16 au 20 juillet 2013\"}]},{\"@type\":\"WebSite\",\"@id\":\"https:\/\/centcols.org\/#website\",\"url\":\"https:\/\/centcols.org\/\",\"name\":\"Club des Cent Cols\",\"description\":\"\",\"publisher\":{\"@id\":\"https:\/\/centcols.org\/#organization\"},\"potentialAction\":[{\"@type\":\"SearchAction\",\"target\":{\"@type\":\"EntryPoint\",\"urlTemplate\":\"https:\/\/centcols.org\/?s={search_term_string}\"},\"query-input\":{\"@type\":\"PropertyValueSpecification\",\"valueRequired\":true,\"valueName\":\"search_term_string\"}}],\"inLanguage\":\"nl-BE\"},{\"@type\":\"Organization\",\"@id\":\"https:\/\/centcols.org\/#organization\",\"name\":\"Club des Cent Cols\",\"url\":\"https:\/\/centcols.org\/\",\"logo\":{\"@type\":\"ImageObject\",\"inLanguage\":\"nl-BE\",\"@id\":\"https:\/\/centcols.org\/#\/schema\/logo\/image\/\",\"url\":\"https:\/\/centcols.org\/wp-content\/uploads\/2025\/01\/carte-icone.png\",\"contentUrl\":\"https:\/\/centcols.org\/wp-content\/uploads\/2025\/01\/carte-icone.png\",\"width\":250,\"height\":250,\"caption\":\"Club des Cent Cols\"},\"image\":{\"@id\":\"https:\/\/centcols.org\/#\/schema\/logo\/image\/\"},\"sameAs\":[\"https:\/\/www.facebook.com\/groups\/5261880558\/?locale=fr_FR\"]},{\"@type\":\"Person\",\"@id\":\"https:\/\/centcols.org\/#\/schema\/person\/911b404fb133d8c913dd27cdcf71c8e5\",\"name\":\"Webmestre\",\"image\":{\"@type\":\"ImageObject\",\"inLanguage\":\"nl-BE\",\"@id\":\"https:\/\/centcols.org\/wp-content\/litespeed\/avatar\/2d246e4b6b4f773e08515e1ffc53690b.jpg?ver=1777222892\",\"url\":\"https:\/\/centcols.org\/wp-content\/litespeed\/avatar\/2d246e4b6b4f773e08515e1ffc53690b.jpg?ver=1777222892\",\"contentUrl\":\"https:\/\/centcols.org\/wp-content\/litespeed\/avatar\/2d246e4b6b4f773e08515e1ffc53690b.jpg?ver=1777222892\",\"caption\":\"Webmestre\"},\"url\":\"https:\/\/centcols.org\/nl\/author\/webmestre\/\"}]}<\/script>\n<!-- \/ Yoast SEO plugin. -->","yoast_head_json":{"title":"Cerdan zomervakantie in de dorpsclub van Yravals in Latour-de-Carol (Pyr\u00e9n\u00e9es-Orientales) van 16 tot 20 juli 2013 - Club des Cent Cols","robots":{"index":"index","follow":"follow","max-snippet":"max-snippet:-1","max-image-preview":"max-image-preview:large","max-video-preview":"max-video-preview:-1"},"canonical":"https:\/\/centcols.org\/nl\/2013-verblijf-in-yravals\/","og_locale":"nl_BE","og_type":"article","og_title":"S\u00e9jour estival cerdan au village-club d'Yravals \u00e0 Latour-de-Carol (Pyr\u00e9n\u00e9es-Orientales) du 16 au 20 juillet 2013 - Club des Cent Cols","og_description":"Situation La Cerdagne se pr\u00e9sente comme un haut plateau d\u2019une altitude moyenne de 1200 m occupant le bassin d\u2019un ancien lac glaciaire. Elle est entour\u00e9e de pics et de massifs tutoyant les 3 000 m, au nord la cha\u00eene du Carlit (2 921 m) et au sud celles de Cadi-Moixero et du Puigmal (2 910 [&hellip;]","og_url":"https:\/\/centcols.org\/nl\/2013-verblijf-in-yravals\/","og_site_name":"Club des Cent Cols","article_publisher":"https:\/\/www.facebook.com\/groups\/5261880558\/?locale=fr_FR","article_published_time":"2013-04-23T08:13:39+00:00","article_modified_time":"2025-09-02T06:57:01+00:00","og_image":[{"width":640,"height":480,"url":"https:\/\/centcols.org\/wp-content\/uploads\/2025\/05\/L01032-e1443428212658.jpg","type":"image\/jpeg"}],"author":"Webmestre","twitter_card":"summary_large_image","twitter_misc":{"Geschreven door":"Webmestre","Geschatte leestijd":"9 minuten"},"schema":{"@context":"https:\/\/schema.org","@graph":[{"@type":"Article","@id":"https:\/\/centcols.org\/sejour-2013-yravals\/#article","isPartOf":{"@id":"https:\/\/centcols.org\/sejour-2013-yravals\/"},"author":{"name":"Webmestre","@id":"https:\/\/centcols.org\/#\/schema\/person\/911b404fb133d8c913dd27cdcf71c8e5"},"headline":"S\u00e9jour estival cerdan au village-club d&rsquo;Yravals \u00e0 Latour-de-Carol (Pyr\u00e9n\u00e9es-Orientales) du 16 au 20 juillet 2013","datePublished":"2013-04-23T08:13:39+00:00","dateModified":"2025-09-02T06:57:01+00:00","mainEntityOfPage":{"@id":"https:\/\/centcols.org\/sejour-2013-yravals\/"},"wordCount":929,"publisher":{"@id":"https:\/\/centcols.org\/#organization"},"image":{"@id":"https:\/\/centcols.org\/sejour-2013-yravals\/#primaryimage"},"thumbnailUrl":"https:\/\/centcols.org\/wp-content\/uploads\/2025\/05\/L01032-e1443428212658.jpg","articleSection":["France","Occitanie","Calendrier","66-Pyr\u00e9n\u00e9es-Orientales","Pyr\u00e9n\u00e9es cerdanes","S\u00e9jours du Club des Cent Cols"],"inLanguage":"nl-BE"},{"@type":"WebPage","@id":"https:\/\/centcols.org\/sejour-2013-yravals\/","url":"https:\/\/centcols.org\/sejour-2013-yravals\/","name":"Cerdan zomervakantie in de dorpsclub van Yravals in Latour-de-Carol (Pyr\u00e9n\u00e9es-Orientales) van 16 tot 20 juli 2013 - Club des Cent Cols","isPartOf":{"@id":"https:\/\/centcols.org\/#website"},"primaryImageOfPage":{"@id":"https:\/\/centcols.org\/sejour-2013-yravals\/#primaryimage"},"image":{"@id":"https:\/\/centcols.org\/sejour-2013-yravals\/#primaryimage"},"thumbnailUrl":"https:\/\/centcols.org\/wp-content\/uploads\/2025\/05\/L01032-e1443428212658.jpg","datePublished":"2013-04-23T08:13:39+00:00","dateModified":"2025-09-02T06:57:01+00:00","breadcrumb":{"@id":"https:\/\/centcols.org\/sejour-2013-yravals\/#breadcrumb"},"inLanguage":"nl-BE","potentialAction":[{"@type":"ReadAction","target":["https:\/\/centcols.org\/sejour-2013-yravals\/"]}]},{"@type":"ImageObject","inLanguage":"nl-BE","@id":"https:\/\/centcols.org\/sejour-2013-yravals\/#primaryimage","url":"https:\/\/centcols.org\/wp-content\/uploads\/2025\/05\/L01032-e1443428212658.jpg","contentUrl":"https:\/\/centcols.org\/wp-content\/uploads\/2025\/05\/L01032-e1443428212658.jpg","width":640,"height":480},{"@type":"BreadcrumbList","@id":"https:\/\/centcols.org\/sejour-2013-yravals\/#breadcrumb","itemListElement":[{"@type":"ListItem","position":1,"name":"Accueil","item":"https:\/\/centcols.org\/"},{"@type":"ListItem","position":2,"name":"S\u00e9jours du Club des Cent Cols","item":"https:\/\/centcols.org\/rubrique\/sejours\/"},{"@type":"ListItem","position":3,"name":"Pays","item":"https:\/\/centcols.org\/rubrique\/sejours\/pays-sejours\/"},{"@type":"ListItem","position":4,"name":"France","item":"https:\/\/centcols.org\/rubrique\/sejours\/pays-sejours\/france-pays-sejours\/"},{"@type":"ListItem","position":5,"name":"S\u00e9jour estival cerdan au village-club d&rsquo;Yravals \u00e0 Latour-de-Carol (Pyr\u00e9n\u00e9es-Orientales) du 16 au 20 juillet 2013"}]},{"@type":"WebSite","@id":"https:\/\/centcols.org\/#website","url":"https:\/\/centcols.org\/","name":"Club van Cent Cols","description":"","publisher":{"@id":"https:\/\/centcols.org\/#organization"},"potentialAction":[{"@type":"SearchAction","target":{"@type":"EntryPoint","urlTemplate":"https:\/\/centcols.org\/?s={search_term_string}"},"query-input":{"@type":"PropertyValueSpecification","valueRequired":true,"valueName":"search_term_string"}}],"inLanguage":"nl-BE"},{"@type":"Organization","@id":"https:\/\/centcols.org\/#organization","name":"Club van Cent Cols","url":"https:\/\/centcols.org\/","logo":{"@type":"ImageObject","inLanguage":"nl-BE","@id":"https:\/\/centcols.org\/#\/schema\/logo\/image\/","url":"https:\/\/centcols.org\/wp-content\/uploads\/2025\/01\/carte-icone.png","contentUrl":"https:\/\/centcols.org\/wp-content\/uploads\/2025\/01\/carte-icone.png","width":250,"height":250,"caption":"Club des Cent Cols"},"image":{"@id":"https:\/\/centcols.org\/#\/schema\/logo\/image\/"},"sameAs":["https:\/\/www.facebook.com\/groups\/5261880558\/?locale=fr_FR"]},{"@type":"Person","@id":"https:\/\/centcols.org\/#\/schema\/person\/911b404fb133d8c913dd27cdcf71c8e5","name":"Webmaster","image":{"@type":"ImageObject","inLanguage":"nl-BE","@id":"https:\/\/centcols.org\/wp-content\/litespeed\/avatar\/2d246e4b6b4f773e08515e1ffc53690b.jpg?ver=1777222892","url":"https:\/\/centcols.org\/wp-content\/litespeed\/avatar\/2d246e4b6b4f773e08515e1ffc53690b.jpg?ver=1777222892","contentUrl":"https:\/\/centcols.org\/wp-content\/litespeed\/avatar\/2d246e4b6b4f773e08515e1ffc53690b.jpg?ver=1777222892","caption":"Webmestre"},"url":"https:\/\/centcols.org\/nl\/author\/webmestre\/"}]}},"_links":{"self":[{"href":"https:\/\/centcols.org\/nl\/wp-json\/wp\/v2\/posts\/81574","targetHints":{"allow":["GET"]}}],"collection":[{"href":"https:\/\/centcols.org\/nl\/wp-json\/wp\/v2\/posts"}],"about":[{"href":"https:\/\/centcols.org\/nl\/wp-json\/wp\/v2\/types\/post"}],"author":[{"embeddable":true,"href":"https:\/\/centcols.org\/nl\/wp-json\/wp\/v2\/users\/3"}],"replies":[{"embeddable":true,"href":"https:\/\/centcols.org\/nl\/wp-json\/wp\/v2\/comments?post=81574"}],"version-history":[{"count":0,"href":"https:\/\/centcols.org\/nl\/wp-json\/wp\/v2\/posts\/81574\/revisions"}],"wp:featuredmedia":[{"embeddable":true,"href":"https:\/\/centcols.org\/nl\/wp-json\/wp\/v2\/media\/81575"}],"wp:attachment":[{"href":"https:\/\/centcols.org\/nl\/wp-json\/wp\/v2\/media?parent=81574"}],"wp:term":[{"taxonomy":"category","embeddable":true,"href":"https:\/\/centcols.org\/nl\/wp-json\/wp\/v2\/categories?post=81574"},{"taxonomy":"post_tag","embeddable":true,"href":"https:\/\/centcols.org\/nl\/wp-json\/wp\/v2\/tags?post=81574"}],"curies":[{"name":"wp","href":"https:\/\/api.w.org\/{rel}","templated":true}]}}