{"id":81590,"date":"2011-04-23T10:09:44","date_gmt":"2011-04-23T08:09:44","guid":{"rendered":"https:\/\/centcols.org\/sejour-estival-a-saint-sauveur-camprieu-gard-du-16-au-20-aout-2011\/"},"modified":"2025-09-02T11:24:10","modified_gmt":"2025-09-02T09:24:10","slug":"verblijf-2011-camprieu","status":"publish","type":"post","link":"https:\/\/centcols.org\/nl\/sejour-2011-camprieu\/","title":{"rendered":"Zomervakantie in Saint-Sauveur-Camprieu (Gard) van 16 tot 20 augustus 2011"},"content":{"rendered":"<h2 class=\"wp-block-heading\">Presentatie<\/h2>\n\n\n\n<p>Gelegen in het uiterste westen van de Cevennen, zal het Aigoual massief onze \u00abspeeltuin\u00bb zijn voor deze 2011 zomervakantie. De Mont Aigoual (1567m) is berucht om zijn grillige weer en de exposities van M\u00e9t\u00e9o-France in het observatorium op de top geven je alle informatie die je nodig hebt om dit bijzondere klimaat te begrijpen.<\/p>\n\n\n\n<p>Een ander minder bekend facet van het massief wordt ook belicht, namelijk het staatsbos van Aigoual. Het verdient een historische benadering voordat je het gaat verkennen. Het is de concrete uitdrukking van de invloed van de mens op de natuur, in voor- en tegenspoed. In het midden van de 19e<sup>e<\/sup> In de 19e eeuw kromp het bos van Aigoual door de dubbele impact van overmatige begrazing en overmatige exploitatie door glasmakers, die steeds meer nodig hadden voor hun ovens. Ernstige overstromingen waren aan de orde van de dag in de valleien, met aanzienlijke en zelfs dramatische gevolgen. De Administratie Water en Bosbeheer probeerde het gebied te herbebossen, maar dit riep veel weerstand op, omdat er een keuze moest worden gemaakt tussen het bos en de begrazingsgebieden.<\/p>\n\n\n\n<p>Uiteindelijk zijn boswachter Georges FABRE en botanicus Charles FLAHAULT er dankzij een uitzonderlijke inspanning in geslaagd om duizenden hectaren bos opnieuw te laten groeien. De meest voorkomende soorten zijn de spar, lariks, Oostenrijkse zwarte den, grove den, beuk (faou in het Occitaans), wintereik en kastanje. Op de steilste zuidhelling zijn de verschillende vegetatieniveaus duidelijk zichtbaar. Uit deze periode zijn vier arboretums overgebleven, echte openluchtlaboratoria.<\/p>\n\n\n\n<p>Graniet is alomtegenwoordig in het massief, de causses zijn het koninkrijk van de kalksteen en schist is beperkt tot de valleien van de Cevennen. Deze drie rotsen vormen het fundament van de regio en geven vorm aan prachtige landschappen. De causses bieden uitgestrekte dorre woestijnen waar vegetatie schaars is. Water is schaars in dit waterdoorlatende terrein, waar de rotsen vaak uitpuilen. De flora daarentegen is bijzonder rijk. Grote roofvogels houden van deze uitgestrekte, dunbevolkte gebieden, waar de hemel hun domein is.<\/p>\n\n\n\n<p>De valleien van de Cevennen, een land van \u00abserres\u00bb en \u00abvalats\u00bb, zijn plaatsen waar mensen wonen. Dorpen en gehuchten zijn gebouwd langs rivieren of op voorgebergten. Deze bergen waren het toneel van de Camisard-oorlog. Mannen en vrouwen van de zogenaamde \u00abgereformeerde\u00bb religie vochten tegen de koninklijke wens om \u00e9\u00e9n enkele religie op te leggen aan haar onderdanen. Massamoorden, deportaties naar de galeien en gevangenschap waren het lot van degenen die ervoor kozen om te vechten, terwijl anderen er de voorkeur aan gaven om met hun rijkdom en kennis te vluchten naar toevluchtsoorden (Zwitserland, Nederland, Duitsland, enz.). Hier, in deze streken, zijn vrijheid van meningsuiting en tolerantie heilige waarden. Later nam pastoor Rabault St Etienne deel aan de debatten die leidden tot de opstelling van de Verklaring van de Rechten van de Mens en de Burger. Tijdens de Tweede Wereldoorlog vond het verzet in deze streek een ideale broedplaats en hoewel de topografie van het terrein zich hiertoe leende, kwamen mannen en vrouwen al snel uit hun schuilplaats op zoek naar vrijheid.<\/p>\n\n\n\n<figure class=\"wp-block-gallery has-nested-images columns-4 is-cropped wp-block-gallery-1 is-layout-flex wp-block-gallery-is-layout-flex\">\n<figure class=\"wp-block-image size-full\"><a href=\"https:\/\/centcols.org\/wp-content\/uploads\/2011\/04\/prevert.jpg\"><img loading=\"lazy\" decoding=\"async\" width=\"200\" height=\"150\" data-id=\"88939\" src=\"https:\/\/centcols.org\/wp-content\/uploads\/2011\/04\/prevert.jpg\" alt=\"\" class=\"wp-image-88939\"\/><\/a><\/figure>\n\n\n\n<figure class=\"wp-block-image size-full\"><a href=\"https:\/\/centcols.org\/wp-content\/uploads\/2011\/04\/piste2.jpg\"><img loading=\"lazy\" decoding=\"async\" width=\"200\" height=\"150\" data-id=\"88940\" src=\"https:\/\/centcols.org\/wp-content\/uploads\/2011\/04\/piste2.jpg\" alt=\"\" class=\"wp-image-88940\"\/><\/a><\/figure>\n\n\n\n<figure class=\"wp-block-image size-full\"><a href=\"https:\/\/centcols.org\/wp-content\/uploads\/2011\/04\/causses.jpg\"><img loading=\"lazy\" decoding=\"async\" width=\"200\" height=\"150\" data-id=\"88941\" src=\"https:\/\/centcols.org\/wp-content\/uploads\/2011\/04\/causses.jpg\" alt=\"\" class=\"wp-image-88941\"\/><\/a><\/figure>\n\n\n\n<figure class=\"wp-block-image size-full\"><a href=\"https:\/\/centcols.org\/wp-content\/uploads\/2011\/04\/genets.jpg\"><img loading=\"lazy\" decoding=\"async\" width=\"200\" height=\"150\" data-id=\"88942\" src=\"https:\/\/centcols.org\/wp-content\/uploads\/2011\/04\/genets.jpg\" alt=\"\" class=\"wp-image-88942\"\/><\/a><\/figure>\n<\/figure>\n\n\n\n<h2 class=\"wp-block-heading\">Internationale bijeenkomst bij Cap de C\u00f4te (FR-30-1189)<\/h2>\n\n\n\n<p><span class=\"flett\">L<\/span>e jaarlijkse bijeenkomst vindt plaats op zaterdag 20 augustus 2011, vlakbij de Cap de C\u00f4te-pas (<a href=\"https:\/\/centcols.org\/nl\/util\/geo\/visuGP.php\/?code=FR-30-1189\" target=\"_blank\" rel=\"noopener\">FR-30-1189<\/a>) op de hellingen van de formidabele Col de la Lusette (FR-30-1351). Deze pas ligt pal naar het zuiden en heeft een ruwe, hobbelige weg. Het heeft alle kenmerken van een moeilijke pas. Hij heeft een onregelmatig stijgingspercentage en enkele moeilijke stukken met korte stukken op 15 of zelfs 17%. Een pas die niemand onverschillig laat en die nog vele jaren zijn sporen zal nalaten!<\/p>\n\n\n\n<p>We worden verwelkomd aan de rand van de g\u00eete-refuge, op een grasveld met een schaduwrijk bosje dat ons ter beschikking wordt gesteld. Vanaf hier geeft een betonnen pad van een paar honderd meter ons toegang tot de \u00abSerre de la Toureille\u00bb. Dit is een prachtig uitkijkpunt over de hele zuidelijke Cevennen en daarbuiten (van de Mont Ventoux tot Canigou). Van hieruit houdt de brandweer tijdens het droge seizoen preventief de wacht.<\/p>\n\n\n\n<h2 class=\"wp-block-heading\">Het weer<\/h2>\n\n\n\n<p>In deze tijd van het jaar zijn de temperaturen over het algemeen erg aangenaam, maar je moet wel je fietskleding meenemen, want de Aigoual kan altijd een onaangename verrassing in petto hebben!...<\/p>\n\n\n\n<h2 class=\"wp-block-heading\">Rondleidingen<\/h2>\n\n\n\n<p><span class=\"flett\">N<\/span>Ons trefpunt is in St Sauveur Camprieu, op 1000 m hoogte, aan de D986 tussen Esp\u00e9rou en Meyrueis. Dit is een charmant bergdorp omringd door weiden en bossen, met een kunstmatig meer en vooral de Bramabiau afgrond (le b\u0153uf qui brame, in het Occitaans), waar de beek Bonheur uitkomt na een korte ondergrondse reis.<\/p>\n\n\n\n<p>We rijden in het nationale park van de Cevennen, waar off-piste rijden ten strengste verboden is. Mountainbikers moeten op de paden en paden blijven. Voorbij dit punt gaan we alleen te voet verder. Bloemen plukken is ten strengste verboden.<\/p>\n\n\n\n<p>De <a href=\"\/nl\/membres\/cctours\/tours.php\/?lieu=Camprieu&amp;an=2011\">voorgestelde routes<\/a> zijn zo ontworpen dat zoveel mogelijk leden van de Confr\u00e9rie kunnen deelnemen. Er is altijd de mogelijkheid om de route in te korten of een beperktere route aan te bieden. Ongeveer zestig passen zullen toegankelijk zijn tijdens deze tour, evenals een aantal BPF sites. Sommige passen komen in meerdere rondes voor en worden daarom herhaald. Als een pas echter meer dan \u00e9\u00e9n keer wordt gepasseerd tijdens een bepaalde tour, wordt deze alleen de eerste keer vermeld. De passen worden getoond in de volgorde waarin ze worden gepasseerd.<\/p>\n\n\n\n<p>Ook de niet-wandelaars worden niet vergeten, met talrijke wandelingen en bezoeken aan bezienswaardigheden zoals de Gorges du Jonte en de Tarn, de Aven Armand, Millau en zijn viaduct, de kelders van Roquefort, enz.<\/p>\n\n\n\n<h2 class=\"wp-block-heading\">Accommodatie<\/h2>\n\n\n\n<p>Het zwaartepunt zal liggen in het vakantiedorp \u00abPont du Moulin\u00bb in Saint-Sauveur-Camprieu. Dit etablissement heeft alle faciliteiten die we nodig hebben om ons verblijf tot een succes te maken. De camping \u00abT\u00e9rondel\u00bb naast het vakantiecentrum verhuurt ook stacaravans. Het zal een uitstekende aanvulling zijn op het aanbod van accommodaties, rekening houdend met het feit dat de gemeente waar we verblijven ook over een parkeerplaats en plaatsen voor campers beschikt.<br>De meeste kamers in het Pont du Moulin Centre zijn ingericht als \u00abmini-appartementen\u00bb met twee slaapkamers, de ene met 2 bedden en de andere met 3 (inclusief een stapelbed), met gedeelde badkamerfaciliteiten voor beide kamers (zie plattegrond hiernaast). Er wordt voorrang gegeven aan koppels in de kamers met 2 bedden en aan individuen in de kamers met 3 bedden.<\/p>\n\n\n\n<p>Er is ook een hotel ter plaatse (de Auberge du Bonheur) en een aantal vakantiehuizen. Het dorp l'Esp\u00e9rou, op 7 km afstand, wordt bediend door een uitstekende weg en biedt twee hotels en vier g\u00eetes voor tussenstops. Veel routes komen door dit dorp.<\/p>\n\n\n\n<h2 class=\"wp-block-heading\">Fotoalbums<\/h2>\n\n\n\n<figure class=\"wp-block-gallery has-nested-images columns-4 is-cropped wp-block-gallery-2 is-layout-flex wp-block-gallery-is-layout-flex\">\n<figure class=\"wp-block-image size-full\"><a href=\"https:\/\/centcols.org\/nl\/util\/visuAlbum.php\/?album=06028-002\" target=\"_blank\" rel=\"noreferrer noopener\"><img loading=\"lazy\" decoding=\"async\" width=\"1200\" height=\"674\" data-id=\"88944\" src=\"https:\/\/centcols.org\/wp-content\/uploads\/2011\/04\/L00316-1.jpg\" alt=\"\" class=\"wp-image-88944\" srcset=\"https:\/\/centcols.org\/wp-content\/uploads\/2011\/04\/L00316-1.jpg 1200w, https:\/\/centcols.org\/wp-content\/uploads\/2011\/04\/L00316-1-768x431.jpg 768w\" sizes=\"auto, (max-width: 1200px) 100vw, 1200px\" \/><\/a><figcaption class=\"wp-element-caption\">Jean-Pierre Lambert fotoalbum<\/figcaption><\/figure>\n\n\n\n<figure class=\"wp-block-image size-full\"><a href=\"https:\/\/centcols.org\/les_rendez-vous\/2011\/Camprieu\/albums\/1420\/album.htm\" target=\"_blank\" rel=\"noreferrer noopener\"><img loading=\"lazy\" decoding=\"async\" width=\"1200\" height=\"806\" data-id=\"88945\" src=\"https:\/\/centcols.org\/wp-content\/uploads\/2011\/04\/L02613-1.jpg\" alt=\"\" class=\"wp-image-88945\" srcset=\"https:\/\/centcols.org\/wp-content\/uploads\/2011\/04\/L02613-1.jpg 1200w, https:\/\/centcols.org\/wp-content\/uploads\/2011\/04\/L02613-1-768x516.jpg 768w\" sizes=\"auto, (max-width: 1200px) 100vw, 1200px\" \/><\/a><figcaption class=\"wp-element-caption\">Fotoalbum van Alain Minard (loco-burgemeester van Camprieu)<\/figcaption><\/figure>\n\n\n\n<figure class=\"wp-block-image size-full\"><a href=\"https:\/\/centcols.org\/nl\/util\/visuAlbum.php\/?album=03225-002\" target=\"_blank\" rel=\"noreferrer noopener\"><img loading=\"lazy\" decoding=\"async\" width=\"1200\" height=\"806\" data-id=\"88946\" src=\"https:\/\/centcols.org\/wp-content\/uploads\/2011\/04\/L03324-1.jpg\" alt=\"\" class=\"wp-image-88946\" srcset=\"https:\/\/centcols.org\/wp-content\/uploads\/2011\/04\/L03324-1.jpg 1200w, https:\/\/centcols.org\/wp-content\/uploads\/2011\/04\/L03324-1-768x516.jpg 768w\" sizes=\"auto, (max-width: 1200px) 100vw, 1200px\" \/><\/a><figcaption class=\"wp-element-caption\">Fotoalbum van Alain Minard (loco-burgemeester van Camprieu)<\/figcaption><\/figure>\n\n\n\n<figure class=\"wp-block-image size-full\"><a href=\"https:\/\/centcols.org\/nl\/les_rendez-vous\/2011\/Camprieu\/albums\/5642\/\" target=\"_blank\" rel=\"noreferrer noopener\"><img loading=\"lazy\" decoding=\"async\" width=\"868\" height=\"579\" data-id=\"88948\" src=\"https:\/\/centcols.org\/wp-content\/uploads\/2011\/04\/camprieu14.jpg\" alt=\"\" class=\"wp-image-88948\" srcset=\"https:\/\/centcols.org\/wp-content\/uploads\/2011\/04\/camprieu14.jpg 868w, https:\/\/centcols.org\/wp-content\/uploads\/2011\/04\/camprieu14-768x512.jpg 768w\" sizes=\"auto, (max-width: 868px) 100vw, 868px\" \/><\/a><figcaption class=\"wp-element-caption\">Hubert Becker fotoalbum<\/figcaption><\/figure>\n\n\n\n<figure class=\"wp-block-image size-full\"><a href=\"https:\/\/centcols.org\/nl\/util\/visuAlbum.php\/?album=03019-001\" target=\"_blank\" rel=\"noreferrer noopener\"><img loading=\"lazy\" decoding=\"async\" width=\"640\" height=\"425\" data-id=\"88950\" src=\"https:\/\/centcols.org\/wp-content\/uploads\/2011\/04\/L02014-e1.jpg\" alt=\"\" class=\"wp-image-88950\"\/><\/a><figcaption class=\"wp-element-caption\">Ghislain Molitor's fotoalbum<\/figcaption><\/figure>\n\n\n\n<figure class=\"wp-block-image size-full\"><a href=\"https:\/\/centcols.org\/nl\/util\/visuAlbum.php\/?album=06862-002\" target=\"_blank\" rel=\"noreferrer noopener\"><img loading=\"lazy\" decoding=\"async\" width=\"640\" height=\"480\" data-id=\"88951\" src=\"https:\/\/centcols.org\/wp-content\/uploads\/2011\/04\/L01215-1.jpg\" alt=\"\" class=\"wp-image-88951\"\/><\/a><figcaption class=\"wp-element-caption\">Fotoalbum door Philippe Marquet<\/figcaption><\/figure>\n\n\n\n<figure class=\"wp-block-image size-full\"><a href=\"https:\/\/centcols.org\/nl\/util\/visuAlbum.php\/?album=06642-003\" target=\"_blank\" rel=\"noreferrer noopener\"><img loading=\"lazy\" decoding=\"async\" width=\"1200\" height=\"900\" data-id=\"88952\" src=\"https:\/\/centcols.org\/wp-content\/uploads\/2011\/04\/L02813-1.jpg\" alt=\"\" class=\"wp-image-88952\" srcset=\"https:\/\/centcols.org\/wp-content\/uploads\/2011\/04\/L02813-1.jpg 1200w, https:\/\/centcols.org\/wp-content\/uploads\/2011\/04\/L02813-1-768x576.jpg 768w\" sizes=\"auto, (max-width: 1200px) 100vw, 1200px\" \/><\/a><figcaption class=\"wp-element-caption\">Fotoalbum door Jo\u00eblle De Rudder-Bonnel<\/figcaption><\/figure>\n\n\n\n<figure class=\"wp-block-image size-full\"><a href=\"https:\/\/centcols.org\/nl\/util\/visuAlbum.php\/?album=04782-001\" target=\"_blank\" rel=\"noreferrer noopener\"><img loading=\"lazy\" decoding=\"async\" width=\"1365\" height=\"1024\" data-id=\"88953\" src=\"https:\/\/centcols.org\/wp-content\/uploads\/2011\/04\/L01415.jpg\" alt=\"\" class=\"wp-image-88953\" srcset=\"https:\/\/centcols.org\/wp-content\/uploads\/2011\/04\/L01415.jpg 1365w, https:\/\/centcols.org\/wp-content\/uploads\/2011\/04\/L01415-1200x900.jpg 1200w, https:\/\/centcols.org\/wp-content\/uploads\/2011\/04\/L01415-768x576.jpg 768w\" sizes=\"auto, (max-width: 1365px) 100vw, 1365px\" \/><\/a><figcaption class=\"wp-element-caption\">Fotoalbum door Serge Polloni<\/figcaption><\/figure>\n\n\n\n<figure class=\"wp-block-image size-full\"><a href=\"https:\/\/centcols.org\/nl\/util\/visuAlbum.php\/?album=05650-005\" target=\"_blank\" rel=\"noreferrer noopener\"><img loading=\"lazy\" decoding=\"async\" width=\"1200\" height=\"900\" data-id=\"88956\" src=\"https:\/\/centcols.org\/wp-content\/uploads\/2011\/04\/L02913-1.jpg\" alt=\"\" class=\"wp-image-88956\" srcset=\"https:\/\/centcols.org\/wp-content\/uploads\/2011\/04\/L02913-1.jpg 1200w, https:\/\/centcols.org\/wp-content\/uploads\/2011\/04\/L02913-1-768x576.jpg 768w\" sizes=\"auto, (max-width: 1200px) 100vw, 1200px\" \/><\/a><figcaption class=\"wp-element-caption\">Alf\u00e9o Lotto fotoalbum<\/figcaption><\/figure>\n\n\n\n<figure class=\"wp-block-image size-full\"><img loading=\"lazy\" decoding=\"async\" width=\"800\" height=\"600\" data-id=\"88957\" src=\"https:\/\/centcols.org\/wp-content\/uploads\/2011\/04\/Camprieu-021.jpg\" alt=\"\" class=\"wp-image-88957\" srcset=\"https:\/\/centcols.org\/wp-content\/uploads\/2011\/04\/Camprieu-021.jpg 800w, https:\/\/centcols.org\/wp-content\/uploads\/2011\/04\/Camprieu-021-768x576.jpg 768w\" sizes=\"auto, (max-width: 800px) 100vw, 800px\" \/><figcaption class=\"wp-element-caption\">Fotoalbum gemaakt door Guy Cambess\u00e8d\u00e8s<\/figcaption><\/figure>\n\n\n\n<figure class=\"wp-block-image size-full\"><a href=\"https:\/\/centcols.org\/nl\/util\/visuAlbum.php\/?album=03225-004\" target=\"_blank\" rel=\"noreferrer noopener\"><img loading=\"lazy\" decoding=\"async\" width=\"1200\" height=\"900\" data-id=\"88958\" src=\"https:\/\/centcols.org\/wp-content\/uploads\/2011\/04\/L01914-1.jpg\" alt=\"\" class=\"wp-image-88958\" srcset=\"https:\/\/centcols.org\/wp-content\/uploads\/2011\/04\/L01914-1.jpg 1200w, https:\/\/centcols.org\/wp-content\/uploads\/2011\/04\/L01914-1-768x576.jpg 768w\" sizes=\"auto, (max-width: 1200px) 100vw, 1200px\" \/><\/a><figcaption class=\"wp-element-caption\">R\u00e9gis Paraz fotoalbum<\/figcaption><\/figure>\n\n\n\n<figure class=\"wp-block-image size-full\"><a href=\"https:\/\/centcols.org\/les_rendez-vous\/2011\/Camprieu\/albums\/3239\/album.htm\" target=\"_blank\" rel=\"noreferrer noopener\"><img loading=\"lazy\" decoding=\"async\" width=\"800\" height=\"600\" data-id=\"88960\" src=\"https:\/\/centcols.org\/wp-content\/uploads\/2011\/04\/P1050259.jpg\" alt=\"\" class=\"wp-image-88960\" srcset=\"https:\/\/centcols.org\/wp-content\/uploads\/2011\/04\/P1050259.jpg 800w, https:\/\/centcols.org\/wp-content\/uploads\/2011\/04\/P1050259-768x576.jpg 768w\" sizes=\"auto, (max-width: 800px) 100vw, 800px\" \/><\/a><figcaption class=\"wp-element-caption\">Fotoalbum door Alain Dabe<\/figcaption><\/figure>\n\n\n\n<figure class=\"wp-block-image size-full\"><a href=\"https:\/\/centcols.org\/nl\/util\/visuAlbum.php\/?album=00722-005\" target=\"_blank\" rel=\"noreferrer noopener\"><img loading=\"lazy\" decoding=\"async\" width=\"500\" height=\"390\" data-id=\"88962\" src=\"https:\/\/centcols.org\/wp-content\/uploads\/2011\/04\/L00216-500x390-1.jpg\" alt=\"\" class=\"wp-image-88962\"\/><\/a><figcaption class=\"wp-element-caption\">Fotoalbum door Alain Gillodes<\/figcaption><\/figure>\n\n\n\n<figure class=\"wp-block-image size-full\"><a href=\"https:\/\/centcols.org\/nl\/util\/visuAlbum.php\/?album=03092-003\" target=\"_blank\" rel=\"noreferrer noopener\"><img loading=\"lazy\" decoding=\"async\" width=\"1200\" height=\"900\" data-id=\"88963\" src=\"https:\/\/centcols.org\/wp-content\/uploads\/2011\/04\/L0881-1.jpg\" alt=\"\" class=\"wp-image-88963\" srcset=\"https:\/\/centcols.org\/wp-content\/uploads\/2011\/04\/L0881-1.jpg 1200w, https:\/\/centcols.org\/wp-content\/uploads\/2011\/04\/L0881-1-768x576.jpg 768w\" sizes=\"auto, (max-width: 1200px) 100vw, 1200px\" \/><\/a><figcaption class=\"wp-element-caption\">Phillipe Carrez's fotoalbum<\/figcaption><\/figure>\n\n\n\n<figure class=\"wp-block-image size-full\"><a href=\"https:\/\/centcols.org\/nl\/util\/visuAlbum.php\/?album=06441-001\" target=\"_blank\" rel=\"noreferrer noopener\"><img loading=\"lazy\" decoding=\"async\" width=\"1200\" height=\"900\" data-id=\"88964\" src=\"https:\/\/centcols.org\/wp-content\/uploads\/2011\/04\/L00915-1.jpg\" alt=\"\" class=\"wp-image-88964\" srcset=\"https:\/\/centcols.org\/wp-content\/uploads\/2011\/04\/L00915-1.jpg 1200w, https:\/\/centcols.org\/wp-content\/uploads\/2011\/04\/L00915-1-768x576.jpg 768w\" sizes=\"auto, (max-width: 1200px) 100vw, 1200px\" \/><\/a><figcaption class=\"wp-element-caption\">Fotoalbum van Maryse Renaud<\/figcaption><\/figure>\n\n\n\n<figure class=\"wp-block-image size-full\"><a href=\"https:\/\/centcols.org\/nl\/util\/visuAlbum.php\/?album=01420-003\" target=\"_blank\" rel=\"noreferrer noopener\"><img loading=\"lazy\" decoding=\"async\" width=\"800\" height=\"600\" data-id=\"88965\" src=\"https:\/\/centcols.org\/wp-content\/uploads\/2011\/04\/M0238.jpg\" alt=\"\" class=\"wp-image-88965\" srcset=\"https:\/\/centcols.org\/wp-content\/uploads\/2011\/04\/M0238.jpg 800w, https:\/\/centcols.org\/wp-content\/uploads\/2011\/04\/M0238-768x576.jpg 768w\" sizes=\"auto, (max-width: 800px) 100vw, 800px\" \/><\/a><figcaption class=\"wp-element-caption\">Fotoalbum gemaakt door Guy Cambess\u00e8d\u00e8s<\/figcaption><\/figure>\n\n\n\n<figure class=\"wp-block-image size-full\"><a href=\"https:\/\/centcols.org\/nl\/util\/visuAlbum.php\/?album=03848-001\" target=\"_blank\" rel=\"noreferrer noopener\"><img loading=\"lazy\" decoding=\"async\" width=\"1200\" height=\"900\" data-id=\"88967\" src=\"https:\/\/centcols.org\/wp-content\/uploads\/2011\/04\/L1041-1.jpg\" alt=\"\" class=\"wp-image-88967\" srcset=\"https:\/\/centcols.org\/wp-content\/uploads\/2011\/04\/L1041-1.jpg 1200w, https:\/\/centcols.org\/wp-content\/uploads\/2011\/04\/L1041-1-768x576.jpg 768w\" sizes=\"auto, (max-width: 1200px) 100vw, 1200px\" \/><\/a><figcaption class=\"wp-element-caption\">Fotoalbum door Michel Boni<\/figcaption><\/figure>\n<\/figure>","protected":false},"excerpt":{"rendered":"<p>Pr\u00e9sentation Situ\u00e9 \u00e0 l\u2019extr\u00eame Ouest des C\u00e9vennes, le massif de l\u2019Aigoual sera notre \u00ab terrain de jeu \u00bb pour ce s\u00e9jour estival 2011. Le Mont Aigoual (1567m) est connu pour ses \u00ab caprices \u00bb m\u00e9t\u00e9orologiques, les expositions de M\u00e9t\u00e9o-France propos\u00e9es dans l\u2019observatoire sommital sauront vous apporter les connaissances n\u00e9cessaires pour bien comprendre ce climat si [&hellip;]<\/p>\n","protected":false},"author":3,"featured_media":82978,"comment_status":"closed","ping_status":"closed","sticky":false,"template":"","format":"standard","meta":{"_acf_changed":false,"footnotes":""},"categories":[349,384,135,363,393,231],"tags":[],"class_list":["post-81590","post","type-post","status-publish","format-standard","has-post-thumbnail","hentry","category-france-pays-sejours","category-occitanie-region-sejours","category-calendrier","category-massif-central-massif-sejours","category-30-gard","category-sejours"],"acf":[],"yoast_head":"<!-- This site is optimized with the Yoast SEO plugin v27.2 - https:\/\/yoast.com\/product\/yoast-seo-wordpress\/ -->\n<title>S\u00e9jour estival \u00e0 Saint-Sauveur-Camprieu (Gard) du 16 au 20 ao\u00fbt 2011 - Club des Cent Cols<\/title>\n<meta name=\"robots\" content=\"index, follow, max-snippet:-1, max-image-preview:large, max-video-preview:-1\" \/>\n<link rel=\"canonical\" href=\"https:\/\/centcols.org\/nl\/verblijf-2011-camprieu\/\" \/>\n<meta property=\"og:locale\" content=\"nl_BE\" \/>\n<meta property=\"og:type\" content=\"article\" \/>\n<meta property=\"og:title\" content=\"S\u00e9jour estival \u00e0 Saint-Sauveur-Camprieu (Gard) du 16 au 20 ao\u00fbt 2011 - Club des Cent Cols\" \/>\n<meta property=\"og:description\" content=\"Pr\u00e9sentation Situ\u00e9 \u00e0 l\u2019extr\u00eame Ouest des C\u00e9vennes, le massif de l\u2019Aigoual sera notre \u00ab terrain de jeu \u00bb pour ce s\u00e9jour estival 2011. Le Mont Aigoual (1567m) est connu pour ses \u00ab caprices \u00bb m\u00e9t\u00e9orologiques, les expositions de M\u00e9t\u00e9o-France propos\u00e9es dans l\u2019observatoire sommital sauront vous apporter les connaissances n\u00e9cessaires pour bien comprendre ce climat si [&hellip;]\" \/>\n<meta property=\"og:url\" content=\"https:\/\/centcols.org\/nl\/verblijf-2011-camprieu\/\" \/>\n<meta property=\"og:site_name\" content=\"Club des Cent Cols\" \/>\n<meta property=\"article:publisher\" content=\"https:\/\/www.facebook.com\/groups\/5261880558\/?locale=fr_FR\" \/>\n<meta property=\"article:published_time\" content=\"2011-04-23T08:09:44+00:00\" \/>\n<meta property=\"article:modified_time\" content=\"2025-09-02T09:24:10+00:00\" \/>\n<meta property=\"og:image\" content=\"https:\/\/centcols.org\/wp-content\/uploads\/2015\/04\/genets1.jpg\" \/>\n\t<meta property=\"og:image:width\" content=\"200\" \/>\n\t<meta property=\"og:image:height\" content=\"150\" \/>\n\t<meta property=\"og:image:type\" content=\"image\/jpeg\" \/>\n<meta name=\"author\" content=\"Webmestre\" \/>\n<meta name=\"twitter:card\" content=\"summary_large_image\" \/>\n<meta name=\"twitter:label1\" content=\"Geschreven door\" \/>\n\t<meta name=\"twitter:data1\" content=\"Webmestre\" \/>\n\t<meta name=\"twitter:label2\" content=\"Geschatte leestijd\" \/>\n\t<meta name=\"twitter:data2\" content=\"11 minuten\" \/>\n<script type=\"application\/ld+json\" class=\"yoast-schema-graph\">{\"@context\":\"https:\/\/schema.org\",\"@graph\":[{\"@type\":\"Article\",\"@id\":\"https:\/\/centcols.org\/sejour-2011-camprieu\/#article\",\"isPartOf\":{\"@id\":\"https:\/\/centcols.org\/sejour-2011-camprieu\/\"},\"author\":{\"name\":\"Webmestre\",\"@id\":\"https:\/\/centcols.org\/#\/schema\/person\/911b404fb133d8c913dd27cdcf71c8e5\"},\"headline\":\"S\u00e9jour estival \u00e0 Saint-Sauveur-Camprieu (Gard) du 16 au 20 ao\u00fbt 2011\",\"datePublished\":\"2011-04-23T08:09:44+00:00\",\"dateModified\":\"2025-09-02T09:24:10+00:00\",\"mainEntityOfPage\":{\"@id\":\"https:\/\/centcols.org\/sejour-2011-camprieu\/\"},\"wordCount\":1390,\"publisher\":{\"@id\":\"https:\/\/centcols.org\/#organization\"},\"image\":{\"@id\":\"https:\/\/centcols.org\/sejour-2011-camprieu\/#primaryimage\"},\"thumbnailUrl\":\"https:\/\/centcols.org\/wp-content\/uploads\/2015\/04\/genets1.jpg\",\"articleSection\":[\"France\",\"Occitanie\",\"Calendrier\",\"Massif Central\",\"30-Gard\",\"S\u00e9jours du Club des Cent Cols\"],\"inLanguage\":\"nl-BE\"},{\"@type\":\"WebPage\",\"@id\":\"https:\/\/centcols.org\/sejour-2011-camprieu\/\",\"url\":\"https:\/\/centcols.org\/sejour-2011-camprieu\/\",\"name\":\"S\u00e9jour estival \u00e0 Saint-Sauveur-Camprieu (Gard) du 16 au 20 ao\u00fbt 2011 - Club des Cent Cols\",\"isPartOf\":{\"@id\":\"https:\/\/centcols.org\/#website\"},\"primaryImageOfPage\":{\"@id\":\"https:\/\/centcols.org\/sejour-2011-camprieu\/#primaryimage\"},\"image\":{\"@id\":\"https:\/\/centcols.org\/sejour-2011-camprieu\/#primaryimage\"},\"thumbnailUrl\":\"https:\/\/centcols.org\/wp-content\/uploads\/2015\/04\/genets1.jpg\",\"datePublished\":\"2011-04-23T08:09:44+00:00\",\"dateModified\":\"2025-09-02T09:24:10+00:00\",\"breadcrumb\":{\"@id\":\"https:\/\/centcols.org\/sejour-2011-camprieu\/#breadcrumb\"},\"inLanguage\":\"nl-BE\",\"potentialAction\":[{\"@type\":\"ReadAction\",\"target\":[\"https:\/\/centcols.org\/sejour-2011-camprieu\/\"]}]},{\"@type\":\"ImageObject\",\"inLanguage\":\"nl-BE\",\"@id\":\"https:\/\/centcols.org\/sejour-2011-camprieu\/#primaryimage\",\"url\":\"https:\/\/centcols.org\/wp-content\/uploads\/2015\/04\/genets1.jpg\",\"contentUrl\":\"https:\/\/centcols.org\/wp-content\/uploads\/2015\/04\/genets1.jpg\",\"width\":200,\"height\":150},{\"@type\":\"BreadcrumbList\",\"@id\":\"https:\/\/centcols.org\/sejour-2011-camprieu\/#breadcrumb\",\"itemListElement\":[{\"@type\":\"ListItem\",\"position\":1,\"name\":\"Accueil\",\"item\":\"https:\/\/centcols.org\/\"},{\"@type\":\"ListItem\",\"position\":2,\"name\":\"S\u00e9jours du Club des Cent Cols\",\"item\":\"https:\/\/centcols.org\/rubrique\/sejours\/\"},{\"@type\":\"ListItem\",\"position\":3,\"name\":\"Pays\",\"item\":\"https:\/\/centcols.org\/rubrique\/sejours\/pays-sejours\/\"},{\"@type\":\"ListItem\",\"position\":4,\"name\":\"France\",\"item\":\"https:\/\/centcols.org\/rubrique\/sejours\/pays-sejours\/france-pays-sejours\/\"},{\"@type\":\"ListItem\",\"position\":5,\"name\":\"S\u00e9jour estival \u00e0 Saint-Sauveur-Camprieu (Gard) du 16 au 20 ao\u00fbt 2011\"}]},{\"@type\":\"WebSite\",\"@id\":\"https:\/\/centcols.org\/#website\",\"url\":\"https:\/\/centcols.org\/\",\"name\":\"Club des Cent Cols\",\"description\":\"\",\"publisher\":{\"@id\":\"https:\/\/centcols.org\/#organization\"},\"potentialAction\":[{\"@type\":\"SearchAction\",\"target\":{\"@type\":\"EntryPoint\",\"urlTemplate\":\"https:\/\/centcols.org\/?s={search_term_string}\"},\"query-input\":{\"@type\":\"PropertyValueSpecification\",\"valueRequired\":true,\"valueName\":\"search_term_string\"}}],\"inLanguage\":\"nl-BE\"},{\"@type\":\"Organization\",\"@id\":\"https:\/\/centcols.org\/#organization\",\"name\":\"Club des Cent Cols\",\"url\":\"https:\/\/centcols.org\/\",\"logo\":{\"@type\":\"ImageObject\",\"inLanguage\":\"nl-BE\",\"@id\":\"https:\/\/centcols.org\/#\/schema\/logo\/image\/\",\"url\":\"https:\/\/centcols.org\/wp-content\/uploads\/2025\/01\/carte-icone.png\",\"contentUrl\":\"https:\/\/centcols.org\/wp-content\/uploads\/2025\/01\/carte-icone.png\",\"width\":250,\"height\":250,\"caption\":\"Club des Cent Cols\"},\"image\":{\"@id\":\"https:\/\/centcols.org\/#\/schema\/logo\/image\/\"},\"sameAs\":[\"https:\/\/www.facebook.com\/groups\/5261880558\/?locale=fr_FR\"]},{\"@type\":\"Person\",\"@id\":\"https:\/\/centcols.org\/#\/schema\/person\/911b404fb133d8c913dd27cdcf71c8e5\",\"name\":\"Webmestre\",\"image\":{\"@type\":\"ImageObject\",\"inLanguage\":\"nl-BE\",\"@id\":\"https:\/\/centcols.org\/wp-content\/litespeed\/avatar\/2d246e4b6b4f773e08515e1ffc53690b.jpg?ver=1777222892\",\"url\":\"https:\/\/centcols.org\/wp-content\/litespeed\/avatar\/2d246e4b6b4f773e08515e1ffc53690b.jpg?ver=1777222892\",\"contentUrl\":\"https:\/\/centcols.org\/wp-content\/litespeed\/avatar\/2d246e4b6b4f773e08515e1ffc53690b.jpg?ver=1777222892\",\"caption\":\"Webmestre\"},\"url\":\"https:\/\/centcols.org\/nl\/author\/webmestre\/\"}]}<\/script>\n<!-- \/ Yoast SEO plugin. -->","yoast_head_json":{"title":"Zomervakantie in Saint-Sauveur-Camprieu (Gard) van 16 tot 20 augustus 2011 - Club des Cent Cols","robots":{"index":"index","follow":"follow","max-snippet":"max-snippet:-1","max-image-preview":"max-image-preview:large","max-video-preview":"max-video-preview:-1"},"canonical":"https:\/\/centcols.org\/nl\/verblijf-2011-camprieu\/","og_locale":"nl_BE","og_type":"article","og_title":"S\u00e9jour estival \u00e0 Saint-Sauveur-Camprieu (Gard) du 16 au 20 ao\u00fbt 2011 - Club des Cent Cols","og_description":"Pr\u00e9sentation Situ\u00e9 \u00e0 l\u2019extr\u00eame Ouest des C\u00e9vennes, le massif de l\u2019Aigoual sera notre \u00ab terrain de jeu \u00bb pour ce s\u00e9jour estival 2011. Le Mont Aigoual (1567m) est connu pour ses \u00ab caprices \u00bb m\u00e9t\u00e9orologiques, les expositions de M\u00e9t\u00e9o-France propos\u00e9es dans l\u2019observatoire sommital sauront vous apporter les connaissances n\u00e9cessaires pour bien comprendre ce climat si [&hellip;]","og_url":"https:\/\/centcols.org\/nl\/verblijf-2011-camprieu\/","og_site_name":"Club des Cent Cols","article_publisher":"https:\/\/www.facebook.com\/groups\/5261880558\/?locale=fr_FR","article_published_time":"2011-04-23T08:09:44+00:00","article_modified_time":"2025-09-02T09:24:10+00:00","og_image":[{"width":200,"height":150,"url":"https:\/\/centcols.org\/wp-content\/uploads\/2015\/04\/genets1.jpg","type":"image\/jpeg"}],"author":"Webmestre","twitter_card":"summary_large_image","twitter_misc":{"Geschreven door":"Webmestre","Geschatte leestijd":"11 minuten"},"schema":{"@context":"https:\/\/schema.org","@graph":[{"@type":"Article","@id":"https:\/\/centcols.org\/sejour-2011-camprieu\/#article","isPartOf":{"@id":"https:\/\/centcols.org\/sejour-2011-camprieu\/"},"author":{"name":"Webmestre","@id":"https:\/\/centcols.org\/#\/schema\/person\/911b404fb133d8c913dd27cdcf71c8e5"},"headline":"S\u00e9jour estival \u00e0 Saint-Sauveur-Camprieu (Gard) du 16 au 20 ao\u00fbt 2011","datePublished":"2011-04-23T08:09:44+00:00","dateModified":"2025-09-02T09:24:10+00:00","mainEntityOfPage":{"@id":"https:\/\/centcols.org\/sejour-2011-camprieu\/"},"wordCount":1390,"publisher":{"@id":"https:\/\/centcols.org\/#organization"},"image":{"@id":"https:\/\/centcols.org\/sejour-2011-camprieu\/#primaryimage"},"thumbnailUrl":"https:\/\/centcols.org\/wp-content\/uploads\/2015\/04\/genets1.jpg","articleSection":["France","Occitanie","Calendrier","Massif Central","30-Gard","S\u00e9jours du Club des Cent Cols"],"inLanguage":"nl-BE"},{"@type":"WebPage","@id":"https:\/\/centcols.org\/sejour-2011-camprieu\/","url":"https:\/\/centcols.org\/sejour-2011-camprieu\/","name":"Zomervakantie in Saint-Sauveur-Camprieu (Gard) van 16 tot 20 augustus 2011 - Club des Cent Cols","isPartOf":{"@id":"https:\/\/centcols.org\/#website"},"primaryImageOfPage":{"@id":"https:\/\/centcols.org\/sejour-2011-camprieu\/#primaryimage"},"image":{"@id":"https:\/\/centcols.org\/sejour-2011-camprieu\/#primaryimage"},"thumbnailUrl":"https:\/\/centcols.org\/wp-content\/uploads\/2015\/04\/genets1.jpg","datePublished":"2011-04-23T08:09:44+00:00","dateModified":"2025-09-02T09:24:10+00:00","breadcrumb":{"@id":"https:\/\/centcols.org\/sejour-2011-camprieu\/#breadcrumb"},"inLanguage":"nl-BE","potentialAction":[{"@type":"ReadAction","target":["https:\/\/centcols.org\/sejour-2011-camprieu\/"]}]},{"@type":"ImageObject","inLanguage":"nl-BE","@id":"https:\/\/centcols.org\/sejour-2011-camprieu\/#primaryimage","url":"https:\/\/centcols.org\/wp-content\/uploads\/2015\/04\/genets1.jpg","contentUrl":"https:\/\/centcols.org\/wp-content\/uploads\/2015\/04\/genets1.jpg","width":200,"height":150},{"@type":"BreadcrumbList","@id":"https:\/\/centcols.org\/sejour-2011-camprieu\/#breadcrumb","itemListElement":[{"@type":"ListItem","position":1,"name":"Accueil","item":"https:\/\/centcols.org\/"},{"@type":"ListItem","position":2,"name":"S\u00e9jours du Club des Cent Cols","item":"https:\/\/centcols.org\/rubrique\/sejours\/"},{"@type":"ListItem","position":3,"name":"Pays","item":"https:\/\/centcols.org\/rubrique\/sejours\/pays-sejours\/"},{"@type":"ListItem","position":4,"name":"France","item":"https:\/\/centcols.org\/rubrique\/sejours\/pays-sejours\/france-pays-sejours\/"},{"@type":"ListItem","position":5,"name":"S\u00e9jour estival \u00e0 Saint-Sauveur-Camprieu (Gard) du 16 au 20 ao\u00fbt 2011"}]},{"@type":"WebSite","@id":"https:\/\/centcols.org\/#website","url":"https:\/\/centcols.org\/","name":"Club van Cent Cols","description":"","publisher":{"@id":"https:\/\/centcols.org\/#organization"},"potentialAction":[{"@type":"SearchAction","target":{"@type":"EntryPoint","urlTemplate":"https:\/\/centcols.org\/?s={search_term_string}"},"query-input":{"@type":"PropertyValueSpecification","valueRequired":true,"valueName":"search_term_string"}}],"inLanguage":"nl-BE"},{"@type":"Organization","@id":"https:\/\/centcols.org\/#organization","name":"Club van Cent Cols","url":"https:\/\/centcols.org\/","logo":{"@type":"ImageObject","inLanguage":"nl-BE","@id":"https:\/\/centcols.org\/#\/schema\/logo\/image\/","url":"https:\/\/centcols.org\/wp-content\/uploads\/2025\/01\/carte-icone.png","contentUrl":"https:\/\/centcols.org\/wp-content\/uploads\/2025\/01\/carte-icone.png","width":250,"height":250,"caption":"Club des Cent Cols"},"image":{"@id":"https:\/\/centcols.org\/#\/schema\/logo\/image\/"},"sameAs":["https:\/\/www.facebook.com\/groups\/5261880558\/?locale=fr_FR"]},{"@type":"Person","@id":"https:\/\/centcols.org\/#\/schema\/person\/911b404fb133d8c913dd27cdcf71c8e5","name":"Webmaster","image":{"@type":"ImageObject","inLanguage":"nl-BE","@id":"https:\/\/centcols.org\/wp-content\/litespeed\/avatar\/2d246e4b6b4f773e08515e1ffc53690b.jpg?ver=1777222892","url":"https:\/\/centcols.org\/wp-content\/litespeed\/avatar\/2d246e4b6b4f773e08515e1ffc53690b.jpg?ver=1777222892","contentUrl":"https:\/\/centcols.org\/wp-content\/litespeed\/avatar\/2d246e4b6b4f773e08515e1ffc53690b.jpg?ver=1777222892","caption":"Webmestre"},"url":"https:\/\/centcols.org\/nl\/author\/webmestre\/"}]}},"_links":{"self":[{"href":"https:\/\/centcols.org\/nl\/wp-json\/wp\/v2\/posts\/81590","targetHints":{"allow":["GET"]}}],"collection":[{"href":"https:\/\/centcols.org\/nl\/wp-json\/wp\/v2\/posts"}],"about":[{"href":"https:\/\/centcols.org\/nl\/wp-json\/wp\/v2\/types\/post"}],"author":[{"embeddable":true,"href":"https:\/\/centcols.org\/nl\/wp-json\/wp\/v2\/users\/3"}],"replies":[{"embeddable":true,"href":"https:\/\/centcols.org\/nl\/wp-json\/wp\/v2\/comments?post=81590"}],"version-history":[{"count":0,"href":"https:\/\/centcols.org\/nl\/wp-json\/wp\/v2\/posts\/81590\/revisions"}],"wp:featuredmedia":[{"embeddable":true,"href":"https:\/\/centcols.org\/nl\/wp-json\/wp\/v2\/media\/82978"}],"wp:attachment":[{"href":"https:\/\/centcols.org\/nl\/wp-json\/wp\/v2\/media?parent=81590"}],"wp:term":[{"taxonomy":"category","embeddable":true,"href":"https:\/\/centcols.org\/nl\/wp-json\/wp\/v2\/categories?post=81590"},{"taxonomy":"post_tag","embeddable":true,"href":"https:\/\/centcols.org\/nl\/wp-json\/wp\/v2\/tags?post=81590"}],"curies":[{"name":"wp","href":"https:\/\/api.w.org\/{rel}","templated":true}]}}