{"id":81608,"date":"2011-01-23T10:08:27","date_gmt":"2011-01-23T08:08:27","guid":{"rendered":"https:\/\/centcols.org\/sejour-de-printemps-en-catalogne-espagnole-a-ripoll-gi-du-9-au-16-avril-2011\/"},"modified":"2025-09-15T13:01:28","modified_gmt":"2025-09-15T11:01:28","slug":"verblijf-2011-ripoll","status":"publish","type":"post","link":"https:\/\/centcols.org\/nl\/sejour-2011-ripoll\/","title":{"rendered":"Voorjaarsvakantie in Spaans Cataloni\u00eb in Ripoll (GI) van 9 tot 16 april 2011"},"content":{"rendered":"<h2 class=\"wp-block-heading\">Presentatie<\/h2>\n\n\n\n<p><strong>Voor het eerst vindt een Club des Cent Cols vakantie plaats buiten Frankrijk. Onze voorjaarsreis 2011 zal plaatsvinden in Ripoll (65 km ten zuiden van Bourg-Madame en 80 km ten westen van de Costa Brava), in de Catalaanse provincie Girona.<\/strong><\/p>\n\n\n\n<p>Ripoll\u00e8s is een comarca (een van de 41 bestuurlijke onderverdelingen van Cataloni\u00eb) omringd door bergen (de Pyrenee\u00ebn in het noorden en talrijke Serra-bergen rondom), doorkruist door valleien (Vall de Ribes, Camprodon en Baix Ripoll\u00e8s), waar el Freser en el Ter van noord naar zuid stromen: bergen, rivieren, valleien en dorpen, waarvan vele middeleeuws van oorsprong, zullen je helpen de schoonheid ervan te waarderen.<\/p>\n\n\n\n<p>Het is een regio met een uitgebreid netwerk van wegen, paden en trails, bezaaid met bergpassen, waardoor het een ideale plek is voor onze sport.<\/p>\n\n\n\n<p>Het is ook een van de regio's met de meeste Romaanse gebouwen in Europa: 98 monumenten verspreid over de 19 dorpen van de comarca: kloosters, kluizenarijen, kerken en middeleeuwse bruggen die je zeker wilt bezoeken tijdens je fiets- of mountainbiketochten.<\/p>\n\n\n\n<p>Het benedictijnenklooster van Santa Maria de Ripoll, gesticht door Guifred de Velu in 880, werd een van de belangrijkste kloostercentra in Cataloni\u00eb tot in de 15e eeuw. Dit monument van groot historisch en cultureel belang is een van de mooiste voorbeelden van Catalaanse Romaanse kunst.<\/p>\n\n\n\n<p>Alain GILLODES ( CC n\u00b0 722) en Chantal SALA (CC n\u00b0 3674)<\/p>\n\n\n\n<figure class=\"wp-block-gallery has-nested-images columns-3 is-cropped wp-block-gallery-1 is-layout-flex wp-block-gallery-is-layout-flex\">\n<figure class=\"wp-block-image size-full\"><img loading=\"lazy\" decoding=\"async\" width=\"200\" height=\"150\" data-id=\"89083\" src=\"https:\/\/centcols.org\/wp-content\/uploads\/2011\/01\/santJaume.jpg\" alt=\"\" class=\"wp-image-89083\" srcset=\"https:\/\/centcols.org\/wp-content\/uploads\/2011\/01\/santJaume.jpg 200w, https:\/\/centcols.org\/wp-content\/uploads\/2011\/01\/santJaume-16x12.jpg 16w\" sizes=\"auto, (max-width: 200px) 100vw, 200px\" \/><\/figure>\n\n\n\n<figure class=\"wp-block-image size-full\"><img loading=\"lazy\" decoding=\"async\" width=\"418\" height=\"386\" data-id=\"89084\" src=\"https:\/\/centcols.org\/wp-content\/uploads\/2011\/01\/ripolles.jpg\" alt=\"\" class=\"wp-image-89084\" srcset=\"https:\/\/centcols.org\/wp-content\/uploads\/2011\/01\/ripolles.jpg 418w, https:\/\/centcols.org\/wp-content\/uploads\/2011\/01\/ripolles-13x12.jpg 13w\" sizes=\"auto, (max-width: 418px) 100vw, 418px\" \/><\/figure>\n\n\n\n<figure class=\"wp-block-image size-full\"><img loading=\"lazy\" decoding=\"async\" width=\"200\" height=\"150\" data-id=\"89085\" src=\"https:\/\/centcols.org\/wp-content\/uploads\/2011\/01\/rupit.jpg\" alt=\"\" class=\"wp-image-89085\" srcset=\"https:\/\/centcols.org\/wp-content\/uploads\/2011\/01\/rupit.jpg 200w, https:\/\/centcols.org\/wp-content\/uploads\/2011\/01\/rupit-16x12.jpg 16w\" sizes=\"auto, (max-width: 200px) 100vw, 200px\" \/><\/figure>\n<\/figure>\n\n\n\n<h2 class=\"wp-block-heading\">Belangrijke praktische informatie<\/h2>\n\n\n\n<h3 class=\"wp-block-heading\">Praktische organisatie<\/h3>\n\n\n\n<p>De twee hotels waar we verblijven liggen 3 km uit elkaar.<br>Bij aankomst op Ripoll ontvangt iedereen (ook kampeerders) een kaart met alle informatie over de accommodatie die je hebt gekozen en de diensten waarvoor je hebt betaald. Houd deze kaart bij je, vooral als je naar het restaurant gaat. Deze kaart krijg je in het hotel waar je verblijft, op zaterdag 9 april tussen 16.00 en 17.45 uur bij de receptie die wij zullen houden, of buiten deze tijd bij de receptie van je hotel. Alle deelnemers ontmoeten elkaar dan om 18.00 uur in het La SOLANA del TER hotel voor een welkomstdrankje.<br>Elk hotel voorziet ons van een fietskamer.<\/p>\n\n\n\n<h3 class=\"wp-block-heading\">Etenstijden<\/h3>\n\n\n\n<ul class=\"wp-block-list\">\n<li>Ontbijt (en picknick) om 7.30 uur<\/li>\n\n\n\n<li>Diner om 20.00 uur<\/li>\n<\/ul>\n\n\n\n<h3 class=\"wp-block-heading\">Vertrek<\/h3>\n\n\n\n<p>9.00 uur op het feitelijke vertrekpunt, eventueel na nadering met de auto.<\/p>\n\n\n\n<p>Het gedetailleerde programma geeft het werkelijke vertrekpunt van elke route en de locatie van de gekozen parkeerplaats aan; op de interactieve kaart van elke route kun je ook heel precies het vertrekpunt zien (zie hiernaast); het geeft ook de afstand vanaf Ripoll aan, over het algemeen minder dan of gelijk aan 35 km, en de opmerkelijke bezienswaardigheden. Deze zijn gedetailleerd in de culturele en toeristische aantekeningen.<\/p>\n\n\n\n<h3 class=\"wp-block-heading\">Evenementenprogramma<\/h3>\n\n\n\n<ul class=\"wp-block-list\">\n<li>Zaterdag 9 april 2011\n<ul class=\"wp-block-list\">\n<li>Vanaf 16.00 uur Ontvangst van deelnemers in elk hotel, overhandiging van individuele verblijfskaarten<\/li>\n\n\n\n<li>18.00 uur In La SOLANA DEL TER, presentatie van de rondleiding en het programma door de voorzitter, R\u00e9gis Paraz; welkomstdrankje in aanwezigheid van de burgemeester van Ripoll, mevrouw Jorda y Roura.<\/li>\n<\/ul>\n<\/li>\n\n\n\n<li>maandag 11 april 2011\n<ul class=\"wp-block-list\">\n<li>18.00 uur Korte lezing over de geschiedenis van Cataloni\u00eb, gegeven door Mich\u00e8le, een lerares uit Ripoll.<\/li>\n<\/ul>\n<\/li>\n\n\n\n<li>Woensdag 13 april 2011\n<ul class=\"wp-block-list\">\n<li>18.30 uur Lezing door Dr. Bernard Corbet over hart- en vaatziekten en de risico's verbonden aan het beoefenen van onze sport (CC N\u00b0 5364)<\/li>\n<\/ul>\n<\/li>\n\n\n\n<li>Vrijdag 15 april 2011\n<ul class=\"wp-block-list\">\n<li>Om 18.00 uur een kort concert met Catalaanse muziek aangeboden door Madame Jorda y Roura, burgemeester van Ripoll.<\/li>\n\n\n\n<li>19.00 uur Afsluitend aperitief in hotel LA TROBADA<\/li>\n<\/ul>\n<\/li>\n<\/ul>\n\n\n\n<p>De Boetiek is beschikbaar op twee avonden (de dagen en locaties worden ter plekke bepaald) van 18.00 tot 20.00 uur.<\/p>\n\n\n\n<h3 class=\"wp-block-heading\">Prikborden<\/h3>\n\n\n\n<p>Elk hotel heeft een informatiebord met alle informatie die je nodig hebt - vergeet dit niet te raadplegen.<\/p>\n\n\n\n<h2 class=\"wp-block-heading\">Rondleidingen<\/h2>\n\n\n\n<p><a href=\"\/nl\/membres\/cctours\/tours.php\/?lieu=Ripoll&amp;an=2011&amp;genre=R\">Zeven wegcircuits<\/a> en <a href=\"\/nl\/membres\/cctours\/tours.php\/?lieu=Ripoll&amp;an=2011&amp;genre=V\">zeven mountainbikeroutes<\/a> worden aangeboden. Vier van de routes over de weg starten vanuit Ripoll, en voor drie routes moet je tussen de 12 en 37 km met de auto afleggen. Twee van de mountainbikeroutes starten vanuit Ripoll, de andere routes hebben een tussenafstand van 12 en 26 km.<\/p>\n\n\n\n<p>In april is het weer normaal gesproken mild in deze regio, die aan de mediterrane kant van de continentale scheidslijn en ten zuiden van de Pyrenee\u00ebn ligt. Houd er echter rekening mee dat Ripoll in een vallei op 700 meter hoogte ligt en dat alle tochten op grotere hoogte plaatsvinden, waarbij een van de wegtochten tot 2104 meter gaat. Zorg er dus voor dat je geschikte kleding bij je hebt.<\/p>\n\n\n\n<figure class=\"wp-block-gallery has-nested-images columns-2 is-cropped wp-block-gallery-2 is-layout-flex wp-block-gallery-is-layout-flex\">\n<figure class=\"wp-block-image size-full\"><img loading=\"lazy\" decoding=\"async\" width=\"200\" height=\"150\" data-id=\"90349\" src=\"https:\/\/centcols.org\/wp-content\/uploads\/2011\/01\/vidra.jpg\" alt=\"\" class=\"wp-image-90349\" srcset=\"https:\/\/centcols.org\/wp-content\/uploads\/2011\/01\/vidra.jpg 200w, https:\/\/centcols.org\/wp-content\/uploads\/2011\/01\/vidra-16x12.jpg 16w\" sizes=\"auto, (max-width: 200px) 100vw, 200px\" \/><\/figure>\n\n\n\n<figure class=\"wp-block-image size-full\"><img loading=\"lazy\" decoding=\"async\" width=\"200\" height=\"150\" data-id=\"90350\" src=\"https:\/\/centcols.org\/wp-content\/uploads\/2011\/01\/pal.jpg\" alt=\"\" class=\"wp-image-90350\" srcset=\"https:\/\/centcols.org\/wp-content\/uploads\/2011\/01\/pal.jpg 200w, https:\/\/centcols.org\/wp-content\/uploads\/2011\/01\/pal-16x12.jpg 16w\" sizes=\"auto, (max-width: 200px) 100vw, 200px\" \/><\/figure>\n<\/figure>\n\n\n\n<h6 class=\"wp-block-heading\">De wegcircuits zijn ontworpen door Alain Gillodes en Chantal Sala en in kaart gebracht door Mario Labelle.<br>Downloaden <a href=\"https:\/\/centcols.org\/wp-content\/uploads\/2025\/09\/routiers_papier.jpg\" target=\"_blank\" rel=\"noreferrer noopener\">synoptische kaart<\/a> Printbare versie van alle wegcircuits (1,9 MB) - met dank aan G\u00e9rard Birelli.<\/h6>\n\n\n\n<h6 class=\"wp-block-heading\">De mountainbikeroutes zijn ontworpen door Alain Gillodes en Chantal Sala en in kaart gebracht door G\u00e9rard Birelli.<\/h6>\n\n\n\n<figure class=\"wp-block-gallery has-nested-images columns-8 is-cropped wp-block-gallery-3 is-layout-flex wp-block-gallery-is-layout-flex\">\n<figure class=\"wp-block-image size-full\"><a href=\"https:\/\/centcols.org\/wp-content\/uploads\/2011\/01\/trobada.jpg\"><img loading=\"lazy\" decoding=\"async\" width=\"200\" height=\"150\" data-id=\"89087\" src=\"https:\/\/centcols.org\/wp-content\/uploads\/2011\/01\/trobada.jpg\" alt=\"\" class=\"wp-image-89087\" srcset=\"https:\/\/centcols.org\/wp-content\/uploads\/2011\/01\/trobada.jpg 200w, https:\/\/centcols.org\/wp-content\/uploads\/2011\/01\/trobada-16x12.jpg 16w\" sizes=\"auto, (max-width: 200px) 100vw, 200px\" \/><\/a><\/figure>\n\n\n\n<figure class=\"wp-block-image size-full\"><a href=\"https:\/\/centcols.org\/wp-content\/uploads\/2011\/01\/elRipolles.png\"><img loading=\"lazy\" decoding=\"async\" width=\"200\" height=\"62\" data-id=\"89088\" src=\"https:\/\/centcols.org\/wp-content\/uploads\/2011\/01\/elRipolles.png\" alt=\"\" class=\"wp-image-89088\" srcset=\"https:\/\/centcols.org\/wp-content\/uploads\/2011\/01\/elRipolles.png 200w, https:\/\/centcols.org\/wp-content\/uploads\/2011\/01\/elRipolles-18x6.png 18w\" sizes=\"auto, (max-width: 200px) 100vw, 200px\" \/><\/a><\/figure>\n\n\n\n<figure class=\"wp-block-image size-full\"><a href=\"https:\/\/centcols.org\/wp-content\/uploads\/2011\/01\/espanya.png\"><img loading=\"lazy\" decoding=\"async\" width=\"200\" height=\"133\" data-id=\"89090\" src=\"https:\/\/centcols.org\/wp-content\/uploads\/2011\/01\/espanya.png\" alt=\"\" class=\"wp-image-89090\" srcset=\"https:\/\/centcols.org\/wp-content\/uploads\/2011\/01\/espanya.png 200w, https:\/\/centcols.org\/wp-content\/uploads\/2011\/01\/espanya-18x12.png 18w\" sizes=\"auto, (max-width: 200px) 100vw, 200px\" \/><\/a><\/figure>\n\n\n\n<figure class=\"wp-block-image size-full\"><a href=\"https:\/\/centcols.org\/wp-content\/uploads\/2011\/01\/girona.png\"><img loading=\"lazy\" decoding=\"async\" width=\"200\" height=\"133\" data-id=\"89091\" src=\"https:\/\/centcols.org\/wp-content\/uploads\/2011\/01\/girona.png\" alt=\"\" class=\"wp-image-89091\" srcset=\"https:\/\/centcols.org\/wp-content\/uploads\/2011\/01\/girona.png 200w, https:\/\/centcols.org\/wp-content\/uploads\/2011\/01\/girona-18x12.png 18w\" sizes=\"auto, (max-width: 200px) 100vw, 200px\" \/><\/a><\/figure>\n\n\n\n<figure class=\"wp-block-image size-full\"><a href=\"https:\/\/centcols.org\/wp-content\/uploads\/2011\/01\/ripoll.png\"><img loading=\"lazy\" decoding=\"async\" width=\"200\" height=\"133\" data-id=\"89092\" src=\"https:\/\/centcols.org\/wp-content\/uploads\/2011\/01\/ripoll.png\" alt=\"\" class=\"wp-image-89092\" srcset=\"https:\/\/centcols.org\/wp-content\/uploads\/2011\/01\/ripoll.png 200w, https:\/\/centcols.org\/wp-content\/uploads\/2011\/01\/ripoll-18x12.png 18w\" sizes=\"auto, (max-width: 200px) 100vw, 200px\" \/><\/a><\/figure>\n\n\n\n<figure class=\"wp-block-image size-full\"><a href=\"https:\/\/centcols.org\/wp-content\/uploads\/2011\/01\/senyera.png\"><img loading=\"lazy\" decoding=\"async\" width=\"200\" height=\"135\" data-id=\"89093\" src=\"https:\/\/centcols.org\/wp-content\/uploads\/2011\/01\/senyera.png\" alt=\"\" class=\"wp-image-89093\" srcset=\"https:\/\/centcols.org\/wp-content\/uploads\/2011\/01\/senyera.png 200w, https:\/\/centcols.org\/wp-content\/uploads\/2011\/01\/senyera-18x12.png 18w\" sizes=\"auto, (max-width: 200px) 100vw, 200px\" \/><\/a><\/figure>\n\n\n\n<figure class=\"wp-block-image size-full\"><a href=\"https:\/\/centcols.org\/wp-content\/uploads\/2011\/01\/solana.jpg\"><img loading=\"lazy\" decoding=\"async\" width=\"200\" height=\"150\" data-id=\"89094\" src=\"https:\/\/centcols.org\/wp-content\/uploads\/2011\/01\/solana.jpg\" alt=\"\" class=\"wp-image-89094\" srcset=\"https:\/\/centcols.org\/wp-content\/uploads\/2011\/01\/solana.jpg 200w, https:\/\/centcols.org\/wp-content\/uploads\/2011\/01\/solana-16x12.jpg 16w\" sizes=\"auto, (max-width: 200px) 100vw, 200px\" \/><\/a><\/figure>\n<\/figure>\n\n\n\n<h2 class=\"wp-block-heading\">Accommodatie<\/h2>\n\n\n\n<p>Deelnemers worden ondergebracht in twee hotels in Ripoll, een klein stadje van 11.000 inwoners dat geen enkel etablissement heeft dat ons grote aantal fietsers kan herbergen. De twee etablissementen bieden vergelijkbare faciliteiten en een van de twee hotels is aan je toegewezen zodra je je hebt ingeschreven voor de reis. De twee hotels zijn La Solana del Ter (pin S op de kaart hieronder) en La Trobada (pin T).<\/p>\n\n\n\n<p>Het volpensionpakket dat op het inschrijfformulier staat vermeld, omvat accommodatie voor 7 nachten, van 09\/04 tot en met 15\/04, en alle maaltijden vanaf het diner op zaterdagavond 09\/04 tot en met het ontbijt op zaterdagochtend 16\/04.<\/p>\n\n\n\n<h2 class=\"wp-block-heading\">Culturele en toeristische informatie<\/h2>\n\n\n\n<p>Dit document bevat <a href=\"https:\/\/centcols.org\/wp-content\/uploads\/2025\/09\/sites.pdf\">PDF<\/a> een paar culturele en toeristische aantekeningen over enkele bezienswaardigheden in de comarques Ripoll\u00e8s en Garrotxa die je tijdens je rondreis passeert, of die in de buurt liggen en zeker een bezoek waard zijn.<\/p>\n\n\n\n<h2 class=\"wp-block-heading\">Fotoalbums<\/h2>\n\n\n\n<figure class=\"wp-block-gallery has-nested-images columns-default is-cropped wp-block-gallery-4 is-layout-flex wp-block-gallery-is-layout-flex\">\n<figure class=\"wp-block-image size-full\"><a href=\"https:\/\/centcols.org\/nl\/util\/visuAlbum.php\/?album=00722-003\" target=\"_blank\" rel=\"noreferrer noopener\"><img loading=\"lazy\" decoding=\"async\" width=\"800\" height=\"600\" data-id=\"89099\" src=\"https:\/\/centcols.org\/wp-content\/uploads\/2011\/01\/ripoll-gillodes.jpg\" alt=\"\" class=\"wp-image-89099\" srcset=\"https:\/\/centcols.org\/wp-content\/uploads\/2011\/01\/ripoll-gillodes.jpg 800w, https:\/\/centcols.org\/wp-content\/uploads\/2011\/01\/ripoll-gillodes-768x576.jpg 768w, https:\/\/centcols.org\/wp-content\/uploads\/2011\/01\/ripoll-gillodes-16x12.jpg 16w\" sizes=\"auto, (max-width: 800px) 100vw, 800px\" \/><\/a><figcaption class=\"wp-element-caption\">Album van Alain Gillodes<\/figcaption><\/figure>\n\n\n\n<figure class=\"wp-block-image size-full\"><a href=\"https:\/\/centcols.org\/nl\/util\/visuAlbum.php\/?album=06028-001\" target=\"_blank\" rel=\"noreferrer noopener\"><img loading=\"lazy\" decoding=\"async\" width=\"800\" height=\"450\" data-id=\"89101\" src=\"https:\/\/centcols.org\/wp-content\/uploads\/2011\/01\/ripoll-L01315.jpg\" alt=\"\" class=\"wp-image-89101\" srcset=\"https:\/\/centcols.org\/wp-content\/uploads\/2011\/01\/ripoll-L01315.jpg 800w, https:\/\/centcols.org\/wp-content\/uploads\/2011\/01\/ripoll-L01315-768x432.jpg 768w, https:\/\/centcols.org\/wp-content\/uploads\/2011\/01\/ripoll-L01315-18x10.jpg 18w\" sizes=\"auto, (max-width: 800px) 100vw, 800px\" \/><\/a><figcaption class=\"wp-element-caption\">ze kijkt op ons neer!<\/figcaption><\/figure>\n\n\n\n<figure class=\"wp-block-image size-full\"><a href=\"https:\/\/centcols.org\/nl\/util\/visuAlbum.php\/?album=02880-001\" target=\"_blank\" rel=\"noreferrer noopener\"><img loading=\"lazy\" decoding=\"async\" width=\"800\" height=\"600\" data-id=\"89102\" src=\"https:\/\/centcols.org\/wp-content\/uploads\/2011\/01\/ripoll-garcin.jpg\" alt=\"\" class=\"wp-image-89102\" srcset=\"https:\/\/centcols.org\/wp-content\/uploads\/2011\/01\/ripoll-garcin.jpg 800w, https:\/\/centcols.org\/wp-content\/uploads\/2011\/01\/ripoll-garcin-768x576.jpg 768w, https:\/\/centcols.org\/wp-content\/uploads\/2011\/01\/ripoll-garcin-16x12.jpg 16w\" sizes=\"auto, (max-width: 800px) 100vw, 800px\" \/><\/a><figcaption class=\"wp-element-caption\">Villers St Paul op de heuvelrug<\/figcaption><\/figure>\n\n\n\n<figure class=\"wp-block-image size-full\"><a href=\"https:\/\/centcols.org\/nl\/util\/visuAlbum.php\/?album=06642-001\" target=\"_blank\" rel=\"noreferrer noopener\"><img loading=\"lazy\" decoding=\"async\" width=\"800\" height=\"600\" data-id=\"89103\" src=\"https:\/\/centcols.org\/wp-content\/uploads\/2011\/01\/ripoll-derudder.jpg\" alt=\"\" class=\"wp-image-89103\" srcset=\"https:\/\/centcols.org\/wp-content\/uploads\/2011\/01\/ripoll-derudder.jpg 800w, https:\/\/centcols.org\/wp-content\/uploads\/2011\/01\/ripoll-derudder-768x576.jpg 768w, https:\/\/centcols.org\/wp-content\/uploads\/2011\/01\/ripoll-derudder-16x12.jpg 16w\" sizes=\"auto, (max-width: 800px) 100vw, 800px\" \/><\/a><figcaption class=\"wp-element-caption\">Album door Joelle De Rudder-Bonnel<\/figcaption><\/figure>\n\n\n\n<figure class=\"wp-block-image size-full\"><a href=\"https:\/\/centcols.org\/nl\/util\/visuAlbum.php\/?album=03237-001\" target=\"_blank\" rel=\"noreferrer noopener\"><img loading=\"lazy\" decoding=\"async\" width=\"800\" height=\"600\" data-id=\"89104\" src=\"https:\/\/centcols.org\/wp-content\/uploads\/2011\/01\/ripoll-L00815.jpg\" alt=\"\" class=\"wp-image-89104\" srcset=\"https:\/\/centcols.org\/wp-content\/uploads\/2011\/01\/ripoll-L00815.jpg 800w, https:\/\/centcols.org\/wp-content\/uploads\/2011\/01\/ripoll-L00815-768x576.jpg 768w, https:\/\/centcols.org\/wp-content\/uploads\/2011\/01\/ripoll-L00815-16x12.jpg 16w\" sizes=\"auto, (max-width: 800px) 100vw, 800px\" \/><\/a><figcaption class=\"wp-element-caption\">Album van Jean-Claude Prast<\/figcaption><\/figure>\n\n\n\n<figure class=\"wp-block-image size-full\"><a href=\"https:\/\/centcols.org\/nl\/util\/visuAlbum.php\/?album=00550-008\" target=\"_blank\" rel=\"noreferrer noopener\"><img loading=\"lazy\" decoding=\"async\" width=\"800\" height=\"600\" data-id=\"89105\" src=\"https:\/\/centcols.org\/wp-content\/uploads\/2011\/01\/ripoll-besson.jpg\" alt=\"\" class=\"wp-image-89105\" srcset=\"https:\/\/centcols.org\/wp-content\/uploads\/2011\/01\/ripoll-besson.jpg 800w, https:\/\/centcols.org\/wp-content\/uploads\/2011\/01\/ripoll-besson-768x576.jpg 768w, https:\/\/centcols.org\/wp-content\/uploads\/2011\/01\/ripoll-besson-16x12.jpg 16w\" sizes=\"auto, (max-width: 800px) 100vw, 800px\" \/><\/a><figcaption class=\"wp-element-caption\">Bernard Besson album<\/figcaption><\/figure>\n\n\n\n<figure class=\"wp-block-image size-full\"><a href=\"https:\/\/centcols.org\/nl\/util\/visuAlbum.php\/?album=03092-002\" target=\"_blank\" rel=\"noreferrer noopener\"><img loading=\"lazy\" decoding=\"async\" width=\"800\" height=\"600\" data-id=\"89107\" src=\"https:\/\/centcols.org\/wp-content\/uploads\/2011\/01\/ripoll-carrez.jpg\" alt=\"\" class=\"wp-image-89107\" srcset=\"https:\/\/centcols.org\/wp-content\/uploads\/2011\/01\/ripoll-carrez.jpg 800w, https:\/\/centcols.org\/wp-content\/uploads\/2011\/01\/ripoll-carrez-768x576.jpg 768w, https:\/\/centcols.org\/wp-content\/uploads\/2011\/01\/ripoll-carrez-16x12.jpg 16w\" sizes=\"auto, (max-width: 800px) 100vw, 800px\" \/><\/a><figcaption class=\"wp-element-caption\">Album van Philippe Carrez<\/figcaption><\/figure>\n\n\n\n<figure class=\"wp-block-image size-full\"><a href=\"https:\/\/centcols.org\/nl\/util\/visuAlbum.php\/?album=06796-001\" target=\"_blank\" rel=\"noreferrer noopener\"><img loading=\"lazy\" decoding=\"async\" width=\"800\" height=\"600\" data-id=\"89108\" src=\"https:\/\/centcols.org\/wp-content\/uploads\/2011\/01\/ripoll-andurand.jpg\" alt=\"\" class=\"wp-image-89108\" srcset=\"https:\/\/centcols.org\/wp-content\/uploads\/2011\/01\/ripoll-andurand.jpg 800w, https:\/\/centcols.org\/wp-content\/uploads\/2011\/01\/ripoll-andurand-768x576.jpg 768w, https:\/\/centcols.org\/wp-content\/uploads\/2011\/01\/ripoll-andurand-16x12.jpg 16w\" sizes=\"auto, (max-width: 800px) 100vw, 800px\" \/><\/a><figcaption class=\"wp-element-caption\">Album van Michel Andurand<\/figcaption><\/figure>\n\n\n\n<figure class=\"wp-block-image size-full\"><a href=\"https:\/\/centcols.org\/nl\/util\/visuAlbum.php\/?album=05600-002\" target=\"_blank\" rel=\"noreferrer noopener\"><img loading=\"lazy\" decoding=\"async\" width=\"800\" height=\"508\" data-id=\"89111\" src=\"https:\/\/centcols.org\/wp-content\/uploads\/2011\/01\/ripoll-court.jpg\" alt=\"\" class=\"wp-image-89111\" srcset=\"https:\/\/centcols.org\/wp-content\/uploads\/2011\/01\/ripoll-court.jpg 800w, https:\/\/centcols.org\/wp-content\/uploads\/2011\/01\/ripoll-court-768x488.jpg 768w, https:\/\/centcols.org\/wp-content\/uploads\/2011\/01\/ripoll-court-18x12.jpg 18w\" sizes=\"auto, (max-width: 800px) 100vw, 800px\" \/><\/a><figcaption class=\"wp-element-caption\">Album door Hubert Court<\/figcaption><\/figure>\n<\/figure>\n\n\n\n<p><\/p>","protected":false},"excerpt":{"rendered":"<p>Pr\u00e9sentation Pour la premi\u00e8re fois, un s\u00e9jour du Club des Cent Cols se situera hors de France. En effet, notre s\u00e9jour de printemps 2011 se d\u00e9roulera \u00e0 Ripoll (situ\u00e9 \u00e0 65 km au sud de Bourg-Madame et \u00e0 80 km \u00e0 l\u2019ouest de la Costa Brava), en terre catalane, dans la province de Girona. Le [&hellip;]<\/p>\n","protected":false},"author":3,"featured_media":81609,"comment_status":"closed","ping_status":"closed","sticky":false,"template":"","format":"standard","meta":{"_acf_changed":false,"footnotes":""},"categories":[360,135,403,412,231],"tags":[],"class_list":["post-81608","post","type-post","status-publish","format-standard","has-post-thumbnail","hentry","category-espagne-pays-sejours","category-calendrier","category-catalogne","category-pyrenees-catalanes","category-sejours"],"acf":[],"yoast_head":"<!-- This site is optimized with the Yoast SEO plugin v27.2 - https:\/\/yoast.com\/product\/yoast-seo-wordpress\/ -->\n<title>S\u00e9jour de printemps en Catalogne espagnole \u00e0 Ripoll (GI) du 9 au 16 avril 2011 - Club des Cent Cols<\/title>\n<meta name=\"robots\" content=\"index, follow, max-snippet:-1, max-image-preview:large, max-video-preview:-1\" \/>\n<link rel=\"canonical\" href=\"https:\/\/centcols.org\/nl\/verblijf-2011-ripoll\/\" \/>\n<meta property=\"og:locale\" content=\"nl_BE\" \/>\n<meta property=\"og:type\" content=\"article\" \/>\n<meta property=\"og:title\" content=\"S\u00e9jour de printemps en Catalogne espagnole \u00e0 Ripoll (GI) du 9 au 16 avril 2011 - Club des Cent Cols\" \/>\n<meta property=\"og:description\" content=\"Pr\u00e9sentation Pour la premi\u00e8re fois, un s\u00e9jour du Club des Cent Cols se situera hors de France. En effet, notre s\u00e9jour de printemps 2011 se d\u00e9roulera \u00e0 Ripoll (situ\u00e9 \u00e0 65 km au sud de Bourg-Madame et \u00e0 80 km \u00e0 l\u2019ouest de la Costa Brava), en terre catalane, dans la province de Girona. Le [&hellip;]\" \/>\n<meta property=\"og:url\" content=\"https:\/\/centcols.org\/nl\/verblijf-2011-ripoll\/\" \/>\n<meta property=\"og:site_name\" content=\"Club des Cent Cols\" \/>\n<meta property=\"article:publisher\" content=\"https:\/\/www.facebook.com\/groups\/5261880558\/?locale=fr_FR\" \/>\n<meta property=\"article:published_time\" content=\"2011-01-23T08:08:27+00:00\" \/>\n<meta property=\"article:modified_time\" content=\"2025-09-15T11:01:28+00:00\" \/>\n<meta property=\"og:image\" content=\"https:\/\/centcols.org\/wp-content\/uploads\/2025\/05\/banner.jpg\" \/>\n\t<meta property=\"og:image:width\" content=\"1000\" \/>\n\t<meta property=\"og:image:height\" content=\"150\" \/>\n\t<meta property=\"og:image:type\" content=\"image\/jpeg\" \/>\n<meta name=\"author\" content=\"Webmestre\" \/>\n<meta name=\"twitter:card\" content=\"summary_large_image\" \/>\n<meta name=\"twitter:label1\" content=\"Geschreven door\" \/>\n\t<meta name=\"twitter:data1\" content=\"Webmestre\" \/>\n\t<meta name=\"twitter:label2\" content=\"Geschatte leestijd\" \/>\n\t<meta name=\"twitter:data2\" content=\"10 minuten\" \/>\n<script type=\"application\/ld+json\" class=\"yoast-schema-graph\">{\"@context\":\"https:\/\/schema.org\",\"@graph\":[{\"@type\":\"Article\",\"@id\":\"https:\/\/centcols.org\/sejour-2011-ripoll\/#article\",\"isPartOf\":{\"@id\":\"https:\/\/centcols.org\/sejour-2011-ripoll\/\"},\"author\":{\"name\":\"Webmestre\",\"@id\":\"https:\/\/centcols.org\/#\/schema\/person\/911b404fb133d8c913dd27cdcf71c8e5\"},\"headline\":\"S\u00e9jour de printemps en Catalogne espagnole \u00e0 Ripoll (GI) du 9 au 16 avril 2011\",\"datePublished\":\"2011-01-23T08:08:27+00:00\",\"dateModified\":\"2025-09-15T11:01:28+00:00\",\"mainEntityOfPage\":{\"@id\":\"https:\/\/centcols.org\/sejour-2011-ripoll\/\"},\"wordCount\":1126,\"publisher\":{\"@id\":\"https:\/\/centcols.org\/#organization\"},\"image\":{\"@id\":\"https:\/\/centcols.org\/sejour-2011-ripoll\/#primaryimage\"},\"thumbnailUrl\":\"https:\/\/centcols.org\/wp-content\/uploads\/2025\/05\/banner.jpg\",\"articleSection\":[\"Espagne\",\"Calendrier\",\"Catalogne\",\"Pyr\u00e9n\u00e9es catalanes\",\"S\u00e9jours du Club des Cent Cols\"],\"inLanguage\":\"nl-BE\"},{\"@type\":\"WebPage\",\"@id\":\"https:\/\/centcols.org\/sejour-2011-ripoll\/\",\"url\":\"https:\/\/centcols.org\/sejour-2011-ripoll\/\",\"name\":\"S\u00e9jour de printemps en Catalogne espagnole \u00e0 Ripoll (GI) du 9 au 16 avril 2011 - Club des Cent Cols\",\"isPartOf\":{\"@id\":\"https:\/\/centcols.org\/#website\"},\"primaryImageOfPage\":{\"@id\":\"https:\/\/centcols.org\/sejour-2011-ripoll\/#primaryimage\"},\"image\":{\"@id\":\"https:\/\/centcols.org\/sejour-2011-ripoll\/#primaryimage\"},\"thumbnailUrl\":\"https:\/\/centcols.org\/wp-content\/uploads\/2025\/05\/banner.jpg\",\"datePublished\":\"2011-01-23T08:08:27+00:00\",\"dateModified\":\"2025-09-15T11:01:28+00:00\",\"breadcrumb\":{\"@id\":\"https:\/\/centcols.org\/sejour-2011-ripoll\/#breadcrumb\"},\"inLanguage\":\"nl-BE\",\"potentialAction\":[{\"@type\":\"ReadAction\",\"target\":[\"https:\/\/centcols.org\/sejour-2011-ripoll\/\"]}]},{\"@type\":\"ImageObject\",\"inLanguage\":\"nl-BE\",\"@id\":\"https:\/\/centcols.org\/sejour-2011-ripoll\/#primaryimage\",\"url\":\"https:\/\/centcols.org\/wp-content\/uploads\/2025\/05\/banner.jpg\",\"contentUrl\":\"https:\/\/centcols.org\/wp-content\/uploads\/2025\/05\/banner.jpg\",\"width\":1000,\"height\":150},{\"@type\":\"BreadcrumbList\",\"@id\":\"https:\/\/centcols.org\/sejour-2011-ripoll\/#breadcrumb\",\"itemListElement\":[{\"@type\":\"ListItem\",\"position\":1,\"name\":\"Accueil\",\"item\":\"https:\/\/centcols.org\/\"},{\"@type\":\"ListItem\",\"position\":2,\"name\":\"S\u00e9jours du Club des Cent Cols\",\"item\":\"https:\/\/centcols.org\/rubrique\/sejours\/\"},{\"@type\":\"ListItem\",\"position\":3,\"name\":\"Pays\",\"item\":\"https:\/\/centcols.org\/rubrique\/sejours\/pays-sejours\/\"},{\"@type\":\"ListItem\",\"position\":4,\"name\":\"Espagne\",\"item\":\"https:\/\/centcols.org\/rubrique\/sejours\/pays-sejours\/espagne-pays-sejours\/\"},{\"@type\":\"ListItem\",\"position\":5,\"name\":\"S\u00e9jour de printemps en Catalogne espagnole \u00e0 Ripoll (GI) du 9 au 16 avril 2011\"}]},{\"@type\":\"WebSite\",\"@id\":\"https:\/\/centcols.org\/#website\",\"url\":\"https:\/\/centcols.org\/\",\"name\":\"Club des Cent Cols\",\"description\":\"\",\"publisher\":{\"@id\":\"https:\/\/centcols.org\/#organization\"},\"potentialAction\":[{\"@type\":\"SearchAction\",\"target\":{\"@type\":\"EntryPoint\",\"urlTemplate\":\"https:\/\/centcols.org\/?s={search_term_string}\"},\"query-input\":{\"@type\":\"PropertyValueSpecification\",\"valueRequired\":true,\"valueName\":\"search_term_string\"}}],\"inLanguage\":\"nl-BE\"},{\"@type\":\"Organization\",\"@id\":\"https:\/\/centcols.org\/#organization\",\"name\":\"Club des Cent Cols\",\"url\":\"https:\/\/centcols.org\/\",\"logo\":{\"@type\":\"ImageObject\",\"inLanguage\":\"nl-BE\",\"@id\":\"https:\/\/centcols.org\/#\/schema\/logo\/image\/\",\"url\":\"https:\/\/centcols.org\/wp-content\/uploads\/2025\/01\/carte-icone.png\",\"contentUrl\":\"https:\/\/centcols.org\/wp-content\/uploads\/2025\/01\/carte-icone.png\",\"width\":250,\"height\":250,\"caption\":\"Club des Cent Cols\"},\"image\":{\"@id\":\"https:\/\/centcols.org\/#\/schema\/logo\/image\/\"},\"sameAs\":[\"https:\/\/www.facebook.com\/groups\/5261880558\/?locale=fr_FR\"]},{\"@type\":\"Person\",\"@id\":\"https:\/\/centcols.org\/#\/schema\/person\/911b404fb133d8c913dd27cdcf71c8e5\",\"name\":\"Webmestre\",\"image\":{\"@type\":\"ImageObject\",\"inLanguage\":\"nl-BE\",\"@id\":\"https:\/\/centcols.org\/wp-content\/litespeed\/avatar\/2d246e4b6b4f773e08515e1ffc53690b.jpg?ver=1777222892\",\"url\":\"https:\/\/centcols.org\/wp-content\/litespeed\/avatar\/2d246e4b6b4f773e08515e1ffc53690b.jpg?ver=1777222892\",\"contentUrl\":\"https:\/\/centcols.org\/wp-content\/litespeed\/avatar\/2d246e4b6b4f773e08515e1ffc53690b.jpg?ver=1777222892\",\"caption\":\"Webmestre\"},\"url\":\"https:\/\/centcols.org\/nl\/author\/webmestre\/\"}]}<\/script>\n<!-- \/ Yoast SEO plugin. -->","yoast_head_json":{"title":"Voorjaarsvakantie in Spaans Cataloni\u00eb in Ripoll (GI) van 9 tot 16 april 2011 - Club des Cent Cols","robots":{"index":"index","follow":"follow","max-snippet":"max-snippet:-1","max-image-preview":"max-image-preview:large","max-video-preview":"max-video-preview:-1"},"canonical":"https:\/\/centcols.org\/nl\/verblijf-2011-ripoll\/","og_locale":"nl_BE","og_type":"article","og_title":"S\u00e9jour de printemps en Catalogne espagnole \u00e0 Ripoll (GI) du 9 au 16 avril 2011 - Club des Cent Cols","og_description":"Pr\u00e9sentation Pour la premi\u00e8re fois, un s\u00e9jour du Club des Cent Cols se situera hors de France. En effet, notre s\u00e9jour de printemps 2011 se d\u00e9roulera \u00e0 Ripoll (situ\u00e9 \u00e0 65 km au sud de Bourg-Madame et \u00e0 80 km \u00e0 l\u2019ouest de la Costa Brava), en terre catalane, dans la province de Girona. Le [&hellip;]","og_url":"https:\/\/centcols.org\/nl\/verblijf-2011-ripoll\/","og_site_name":"Club des Cent Cols","article_publisher":"https:\/\/www.facebook.com\/groups\/5261880558\/?locale=fr_FR","article_published_time":"2011-01-23T08:08:27+00:00","article_modified_time":"2025-09-15T11:01:28+00:00","og_image":[{"width":1000,"height":150,"url":"https:\/\/centcols.org\/wp-content\/uploads\/2025\/05\/banner.jpg","type":"image\/jpeg"}],"author":"Webmestre","twitter_card":"summary_large_image","twitter_misc":{"Geschreven door":"Webmestre","Geschatte leestijd":"10 minuten"},"schema":{"@context":"https:\/\/schema.org","@graph":[{"@type":"Article","@id":"https:\/\/centcols.org\/sejour-2011-ripoll\/#article","isPartOf":{"@id":"https:\/\/centcols.org\/sejour-2011-ripoll\/"},"author":{"name":"Webmestre","@id":"https:\/\/centcols.org\/#\/schema\/person\/911b404fb133d8c913dd27cdcf71c8e5"},"headline":"S\u00e9jour de printemps en Catalogne espagnole \u00e0 Ripoll (GI) du 9 au 16 avril 2011","datePublished":"2011-01-23T08:08:27+00:00","dateModified":"2025-09-15T11:01:28+00:00","mainEntityOfPage":{"@id":"https:\/\/centcols.org\/sejour-2011-ripoll\/"},"wordCount":1126,"publisher":{"@id":"https:\/\/centcols.org\/#organization"},"image":{"@id":"https:\/\/centcols.org\/sejour-2011-ripoll\/#primaryimage"},"thumbnailUrl":"https:\/\/centcols.org\/wp-content\/uploads\/2025\/05\/banner.jpg","articleSection":["Espagne","Calendrier","Catalogne","Pyr\u00e9n\u00e9es catalanes","S\u00e9jours du Club des Cent Cols"],"inLanguage":"nl-BE"},{"@type":"WebPage","@id":"https:\/\/centcols.org\/sejour-2011-ripoll\/","url":"https:\/\/centcols.org\/sejour-2011-ripoll\/","name":"Voorjaarsvakantie in Spaans Cataloni\u00eb in Ripoll (GI) van 9 tot 16 april 2011 - Club des Cent Cols","isPartOf":{"@id":"https:\/\/centcols.org\/#website"},"primaryImageOfPage":{"@id":"https:\/\/centcols.org\/sejour-2011-ripoll\/#primaryimage"},"image":{"@id":"https:\/\/centcols.org\/sejour-2011-ripoll\/#primaryimage"},"thumbnailUrl":"https:\/\/centcols.org\/wp-content\/uploads\/2025\/05\/banner.jpg","datePublished":"2011-01-23T08:08:27+00:00","dateModified":"2025-09-15T11:01:28+00:00","breadcrumb":{"@id":"https:\/\/centcols.org\/sejour-2011-ripoll\/#breadcrumb"},"inLanguage":"nl-BE","potentialAction":[{"@type":"ReadAction","target":["https:\/\/centcols.org\/sejour-2011-ripoll\/"]}]},{"@type":"ImageObject","inLanguage":"nl-BE","@id":"https:\/\/centcols.org\/sejour-2011-ripoll\/#primaryimage","url":"https:\/\/centcols.org\/wp-content\/uploads\/2025\/05\/banner.jpg","contentUrl":"https:\/\/centcols.org\/wp-content\/uploads\/2025\/05\/banner.jpg","width":1000,"height":150},{"@type":"BreadcrumbList","@id":"https:\/\/centcols.org\/sejour-2011-ripoll\/#breadcrumb","itemListElement":[{"@type":"ListItem","position":1,"name":"Accueil","item":"https:\/\/centcols.org\/"},{"@type":"ListItem","position":2,"name":"S\u00e9jours du Club des Cent Cols","item":"https:\/\/centcols.org\/rubrique\/sejours\/"},{"@type":"ListItem","position":3,"name":"Pays","item":"https:\/\/centcols.org\/rubrique\/sejours\/pays-sejours\/"},{"@type":"ListItem","position":4,"name":"Espagne","item":"https:\/\/centcols.org\/rubrique\/sejours\/pays-sejours\/espagne-pays-sejours\/"},{"@type":"ListItem","position":5,"name":"S\u00e9jour de printemps en Catalogne espagnole \u00e0 Ripoll (GI) du 9 au 16 avril 2011"}]},{"@type":"WebSite","@id":"https:\/\/centcols.org\/#website","url":"https:\/\/centcols.org\/","name":"Club van Cent Cols","description":"","publisher":{"@id":"https:\/\/centcols.org\/#organization"},"potentialAction":[{"@type":"SearchAction","target":{"@type":"EntryPoint","urlTemplate":"https:\/\/centcols.org\/?s={search_term_string}"},"query-input":{"@type":"PropertyValueSpecification","valueRequired":true,"valueName":"search_term_string"}}],"inLanguage":"nl-BE"},{"@type":"Organization","@id":"https:\/\/centcols.org\/#organization","name":"Club van Cent Cols","url":"https:\/\/centcols.org\/","logo":{"@type":"ImageObject","inLanguage":"nl-BE","@id":"https:\/\/centcols.org\/#\/schema\/logo\/image\/","url":"https:\/\/centcols.org\/wp-content\/uploads\/2025\/01\/carte-icone.png","contentUrl":"https:\/\/centcols.org\/wp-content\/uploads\/2025\/01\/carte-icone.png","width":250,"height":250,"caption":"Club des Cent Cols"},"image":{"@id":"https:\/\/centcols.org\/#\/schema\/logo\/image\/"},"sameAs":["https:\/\/www.facebook.com\/groups\/5261880558\/?locale=fr_FR"]},{"@type":"Person","@id":"https:\/\/centcols.org\/#\/schema\/person\/911b404fb133d8c913dd27cdcf71c8e5","name":"Webmaster","image":{"@type":"ImageObject","inLanguage":"nl-BE","@id":"https:\/\/centcols.org\/wp-content\/litespeed\/avatar\/2d246e4b6b4f773e08515e1ffc53690b.jpg?ver=1777222892","url":"https:\/\/centcols.org\/wp-content\/litespeed\/avatar\/2d246e4b6b4f773e08515e1ffc53690b.jpg?ver=1777222892","contentUrl":"https:\/\/centcols.org\/wp-content\/litespeed\/avatar\/2d246e4b6b4f773e08515e1ffc53690b.jpg?ver=1777222892","caption":"Webmestre"},"url":"https:\/\/centcols.org\/nl\/author\/webmestre\/"}]}},"_links":{"self":[{"href":"https:\/\/centcols.org\/nl\/wp-json\/wp\/v2\/posts\/81608","targetHints":{"allow":["GET"]}}],"collection":[{"href":"https:\/\/centcols.org\/nl\/wp-json\/wp\/v2\/posts"}],"about":[{"href":"https:\/\/centcols.org\/nl\/wp-json\/wp\/v2\/types\/post"}],"author":[{"embeddable":true,"href":"https:\/\/centcols.org\/nl\/wp-json\/wp\/v2\/users\/3"}],"replies":[{"embeddable":true,"href":"https:\/\/centcols.org\/nl\/wp-json\/wp\/v2\/comments?post=81608"}],"version-history":[{"count":0,"href":"https:\/\/centcols.org\/nl\/wp-json\/wp\/v2\/posts\/81608\/revisions"}],"wp:featuredmedia":[{"embeddable":true,"href":"https:\/\/centcols.org\/nl\/wp-json\/wp\/v2\/media\/81609"}],"wp:attachment":[{"href":"https:\/\/centcols.org\/nl\/wp-json\/wp\/v2\/media?parent=81608"}],"wp:term":[{"taxonomy":"category","embeddable":true,"href":"https:\/\/centcols.org\/nl\/wp-json\/wp\/v2\/categories?post=81608"},{"taxonomy":"post_tag","embeddable":true,"href":"https:\/\/centcols.org\/nl\/wp-json\/wp\/v2\/tags?post=81608"}],"curies":[{"name":"wp","href":"https:\/\/api.w.org\/{rel}","templated":true}]}}