{"id":81635,"date":"2009-01-23T08:59:11","date_gmt":"2009-01-23T06:59:11","guid":{"rendered":"https:\/\/centcols.org\/sejour-de-printemps-corbieres-a-tuchan-aude-du-14-au-21-mars-2009\/"},"modified":"2025-10-02T10:22:14","modified_gmt":"2025-10-02T08:22:14","slug":"corbieres-voorjaarsvakantie-in-tuchan-aude-van-14-tot-21-maart-2009","status":"publish","type":"post","link":"https:\/\/centcols.org\/nl\/sejour-de-printemps-corbieres-a-tuchan-aude-du-14-au-21-mars-2009\/","title":{"rendered":"Voorjaarsvakantie \u00abCorbi\u00e8res\u00bb in Tuchan (Aude) van 14 tot 21 maart 2009"},"content":{"rendered":"<h2 class=\"wp-block-heading\">Het programma<\/h2>\n\n\n\n<p>Afspraak in het \u00abRelais d'Aguilar\u00bb in Tuchan op 14 maart 2009 in de late namiddag. Er zal een welkomstdrankje zijn rond 19.30 uur, gevolgd door het diner om 20.00 uur (eerste volpension service). Op andere dagen wordt het diner om 19.30 uur geserveerd.<br>Er zijn twee vakantieopties beschikbaar:<\/p>\n\n\n\n<ul class=\"wp-block-list\">\n<li>Van 14 tot 18 maart<\/li>\n\n\n\n<li>Van 14 tot 21 maart<\/li>\n<\/ul>\n\n\n\n<p>In beide gevallen is de laatste volpension service de picknicklunch op de laatste dag.<\/p>\n\n\n\n<hr class=\"wp-block-separator has-alpha-channel-opacity\"\/>\n\n\n<div class=\"wp-block-image\">\n<figure class=\"aligncenter size-full\"><img loading=\"lazy\" decoding=\"async\" width=\"764\" height=\"160\" src=\"https:\/\/centcols.org\/wp-content\/uploads\/2009\/01\/A.jpg\" alt=\"\" class=\"wp-image-89975\" srcset=\"https:\/\/centcols.org\/wp-content\/uploads\/2009\/01\/A.jpg 764w, https:\/\/centcols.org\/wp-content\/uploads\/2009\/01\/A-18x4.jpg 18w\" sizes=\"auto, (max-width: 764px) 100vw, 764px\" \/><\/figure>\n<\/div>\n\n\n<h3 class=\"wp-block-heading\">Openingstijden:<\/h3>\n\n\n\n<ul class=\"wp-block-list\">\n<li>Ontbijt vanaf 7.30 uur.<\/li>\n\n\n\n<li>Uitdelen van picknickmanden aan het einde van het ontbijt<\/li>\n\n\n\n<li>Rondleidingen vertrekken om 8.30 uur.<\/li>\n\n\n\n<li>Diner om 19.30<\/li>\n<\/ul>\n\n\n\n<p>Maandag 16 maart om 18.30 uur: bijeenkomst in de Caveau du Mont Tauch met de burgemeester, toerismeambtenaren en wijnboeren. Proeverij van de beste Fitou-producten.<\/p>\n\n\n\n<p>Er worden vier tours aangeboden: twee culturele (Ch\u00e2teaux d'Aguilar en Peyrepertuse), een natuurlijke (Gorges de Galamus) en een \u00abgustative\u00bb (caves du Mont Tauch). De inschrijving voor deze tochten vindt ter plaatse plaats.<\/p>\n\n\n\n<h2 class=\"wp-block-heading\">De routes<\/h2>\n\n\n\n<p>Elke dag, van zondag 15 maart tot vrijdag 20 maart, zijn er twee circuits, een voor de weg en een voor de mountainbike. Ze zijn genummerd van R1 tot R6 voor de wegcircuits en van V1 tot V6 voor de mountainbikecircuits. Deze nummers staan in de gedetailleerde beschrijvingen.<\/p>\n\n\n\n<figure class=\"wp-block-table aligncenter\"><table><tbody><tr><td>&nbsp;<\/td><td>Route<\/td><td>&nbsp;<\/td><td>&nbsp;<\/td><td>&nbsp;<\/td><td>&nbsp;<\/td><td>&nbsp;<\/td><\/tr><tr><td>\n<p>&nbsp;<\/p>\n<p>Datum<\/p>\n<p>&nbsp;<\/p>\n<\/td><td>\n<p>&nbsp;<\/p>\n<p>Naam circuit<\/p>\n<p>&nbsp;<\/p>\n<\/td><td>\n<p>&nbsp;<\/p>\n<p>km<\/p>\n<p>&nbsp;<\/p>\n<\/td><td>\n<p>&nbsp;<\/p>\n<p>halsbanden<\/p>\n<p>&nbsp;<\/p>\n<\/td><td>\n<p>&nbsp;<\/p>\n<p>Naam circuit<\/p>\n<p>&nbsp;<\/p>\n<\/td><td>\n<p>&nbsp;<\/p>\n<p>km<\/p>\n<p>&nbsp;<\/p>\n<\/td><td>\n<p>&nbsp;<\/p>\n<p>halsbanden<\/p>\n<p>&nbsp;<\/p>\n<\/td><\/tr><tr><td>Zondag 15 maart<\/td><td><a class=\"iframe-fancybox\" href=\"https:\/\/centcols.org\/les_rendez-vous\/2009\/Tuchan\/R1.htm\" target=\"_blank\" rel=\"noopener\">R1 Tuchan Oost<\/a><\/td><td>180<\/td><td>13<\/td><td><a class=\"iframe-fancybox\" href=\"https:\/\/centcols.org\/les_rendez-vous\/2009\/Tuchan\/V1.htm\" target=\"_blank\" rel=\"noopener\">V1 Tuchan Oost<\/a><\/td><td>70<\/td><td>15<\/td><\/tr><tr><td>Maandag 16 maart<\/td><td><a class=\"iframe-fancybox\" href=\"https:\/\/centcols.org\/les_rendez-vous\/2009\/Tuchan\/R4.htm\" target=\"_blank\" rel=\"noopener\">R4 Massac<\/a><\/td><td>95<\/td><td>16<\/td><td><a class=\"iframe-fancybox\" href=\"https:\/\/centcols.org\/les_rendez-vous\/2009\/Tuchan\/V2.htm\" target=\"_blank\" rel=\"noopener\">V2 Caudi\u00e8s-en-Fenouill\u00e8des<\/a><\/td><td>59<\/td><td>13<\/td><\/tr><tr><td>Dinsdag 117 maart<\/td><td><a class=\"iframe-fancybox\" href=\"https:\/\/centcols.org\/les_rendez-vous\/2009\/Tuchan\/R3.htm\" target=\"_blank\" rel=\"noopener\">R3 Estagel<\/a><\/td><td>83<\/td><td>12<\/td><td><a class=\"iframe-fancybox\" href=\"https:\/\/centcols.org\/les_rendez-vous\/2009\/Tuchan\/V4.htm\" target=\"_blank\" rel=\"noopener\">V4 Lapradelle-Puilaurens<\/a><\/td><td>58<\/td><td>11<\/td><\/tr><tr><td>Woensdag 18 maart<\/td><td><a href=\"https:\/\/centcols.org\/les_rendez-vous\/2009\/Tuchan\/R2.htm\" target=\"_blank\" rel=\"noopener\">R2 Tuchan Noord<\/a><\/td><td>76<\/td><td>12<\/td><td><a class=\"iframe-fancybox\" href=\"https:\/\/centcols.org\/les_rendez-vous\/2009\/Tuchan\/V3.htm\" target=\"_blank\" rel=\"noopener\">V3 Huizen<\/a><\/td><td>33<\/td><td>12<\/td><\/tr><tr><td>Donderdag 19 maart<\/td><td><a class=\"iframe-fancybox\" href=\"https:\/\/centcols.org\/les_rendez-vous\/2009\/Tuchan\/R5.htm\" target=\"_blank\" rel=\"noopener\">R5 Cucugnan<\/a><\/td><td>94<\/td><td>19<\/td><td><a class=\"iframe-fancybox\" href=\"https:\/\/centcols.org\/les_rendez-vous\/2009\/Tuchan\/V5.htm\" target=\"_blank\" rel=\"noopener\">V5 Galamus-Peyrepertuse<\/a><\/td><td>46<\/td><td>11<\/td><\/tr><tr><td>Vrijdag 20 maart<\/td><td><a class=\"iframe-fancybox\" href=\"https:\/\/centcols.org\/les_rendez-vous\/2009\/Tuchan\/R6.htm\" target=\"_blank\" rel=\"noopener\">R6 Tuchan<\/a><\/td><td>145<\/td><td>23<\/td><td><a href=\"https:\/\/centcols.org\/les_rendez-vous\/2009\/Tuchan\/V6.htm\" target=\"_blank\" rel=\"noopener\">V6 Qu\u00e9ribus-Paziols-Tautavel <\/a><\/td><td>52<\/td><td>12<\/td><\/tr><tr><td>\n<p>&nbsp;<\/p>\n<p>Totaal<\/p>\n<\/td><td>&nbsp;<\/td><td>\n<p>&nbsp;<\/p>\n<p>601<\/p>\n<\/td><td>\n<p>&nbsp;<\/p>\n<p>95*<\/p>\n<\/td><td>&nbsp;<\/td><td>\n<p>&nbsp;<\/p>\n<p>318<\/p>\n<\/td><td>\n<p>&nbsp;<\/p>\n<p>74*<\/p>\n<\/td><\/tr><\/tbody><\/table><\/figure>\n\n\n\n<p>(Klik op de cursusnamen om de gedetailleerde kenmerken te zien)<\/p>\n\n\n\n<p>(*) Sommige passen worden gedeeld door meerdere circuits. Er zijn 64 verschillende passen.<\/p>\n\n\n\n<p>Van <a class=\"iframe-fancybox\" href=\"https:\/\/centcols.org\/nl\/les_rendez-vous\/2009\/Tuchan\/geo\/\" target=\"_blank\" rel=\"noopener\">geolocatiebestanden<\/a> (Carto Exploreur, GPX en Google Earth) voor alle circuits zijn ook beschikbaar.<br>Afstanden kunnen enigszins afwijken van de afstanden in de gedetailleerde routebeschrijvingen.<br>De weg- en muilezelroutes die Roger Colombo en Ren\u00e9 Poty hebben uitgestippeld, beslaan voornamelijk het Corbi\u00e8res-massief.<br>Er is geen tour op zaterdag 21 maart, de startdag. Deelnemers die geen lange reis naar huis hebben, kunnen een route kiezen in de categorie \u00abracefietsen\u00bb of \u00abmountainbiken\u00bb, of de ochtend doorbrengen met een bezoek aan het rijke historische erfgoed van de regio, waaronder de Katharenkastelen en de prehistorische musea in Tautavel en Belesta.<\/p>\n\n\n\n<h2 class=\"wp-block-heading\">Halsbanden<\/h2>\n\n\n\n<p>De passen op de tour zijn als volgt. Opgemerkt moet worden dat sommige van de optionele muilezelpassen op de routes over de weg niet in de tabel zijn opgenomen; ze staan echter wel in de gedetailleerde routebeschrijvingen.<\/p>\n\n\n\n<h2 class=\"wp-block-heading has-text-align-center\">Wegen<\/h2>\n\n\n<table class=\"lst\" style=\"width: 100%; height: 1066px;\">\n<thead>\n<tr style=\"height: 50px;\">\n<td style=\"width: 12.9762%; height: 30px;\">\n<p><span style=\"font-family: arial, helvetica, sans-serif;\">Code Chauvot<\/span><\/p>\n<\/td>\n<td style=\"width: 20.2381%; height: 30px;\">\n<p><span style=\"font-family: arial, helvetica, sans-serif;\">Naam pas<\/span><\/p>\n<\/td>\n<td style=\"width: 12.9762%; height: 30px;\">\n<p><span style=\"font-family: arial, helvetica, sans-serif;\">Code Chauvot<\/span><\/p>\n<\/td>\n<td style=\"width: 18.3333%; height: 30px;\">\n<p><span style=\"font-family: arial, helvetica, sans-serif;\">Naam pas<\/span><\/p>\n<\/td>\n<td style=\"width: 12.9762%; height: 30px;\">\n<p><span style=\"font-family: arial, helvetica, sans-serif;\">Code Chauvot<\/span><\/p>\n<\/td>\n<td style=\"width: 21.0714%; height: 30px;\">\n<p><span style=\"font-family: arial, helvetica, sans-serif;\">Naam pas<\/span><\/p>\n<\/td>\n<\/tr>\n<\/thead>\n<tbody>\n<tr style=\"height: 24px;\">\n<td style=\"width: 12.9762%; height: 24px;\"><span style=\"font-family: arial, helvetica, sans-serif;\">\u00a0<\/span><\/td>\n<td style=\"width: 20.2381%; height: 24px;\"><span style=\"font-family: arial, helvetica, sans-serif;\">\u00a0<\/span><\/td>\n<td style=\"width: 12.9762%; height: 24px;\"><span style=\"font-family: arial, helvetica, sans-serif;\">\u00a0<\/span><\/td>\n<td style=\"width: 18.3333%; height: 24px;\"><span style=\"font-family: arial, helvetica, sans-serif;\">\u00a0<\/span><\/td>\n<td style=\"width: 12.9762%; height: 24px;\"><span style=\"font-family: arial, helvetica, sans-serif;\">\u00a0<\/span><\/td>\n<td style=\"width: 21.0714%; height: 24px;\"><span style=\"font-family: arial, helvetica, sans-serif;\">\u00a0<\/span><\/td>\n<\/tr>\n<tr style=\"height: 46px;\">\n<td style=\"height: 46px; width: 12.9762%;\"><span style=\"font-family: arial, helvetica, sans-serif;\">FR-11-0140<\/span><\/td>\n<td style=\"height: 46px; width: 20.2381%;\"><span style=\"font-family: arial, helvetica, sans-serif;\">Col des I\u00e8res<\/span><\/td>\n<td style=\"height: 46px; width: 12.9762%;\"><span style=\"font-family: arial, helvetica, sans-serif;\">FR-11-0406a<\/span><\/td>\n<td style=\"height: 46px; width: 18.3333%;\"><span style=\"font-family: arial, helvetica, sans-serif;\">Col de Gr\u00e8s<\/span><\/td>\n<td style=\"height: 46px; width: 12.9762%;\"><span style=\"font-family: arial, helvetica, sans-serif;\">FR-11-0756<\/span><\/td>\n<td style=\"height: 46px; width: 21.0714%;\"><span style=\"font-family: arial, helvetica, sans-serif;\">Kol Marty<\/span><\/td>\n<\/tr>\n<tr style=\"height: 46px;\">\n<td style=\"height: 46px; width: 12.9762%;\"><span style=\"font-family: arial, helvetica, sans-serif;\">FR-11-0162<\/span><\/td>\n<td style=\"height: 46px; width: 20.2381%;\"><span style=\"font-family: arial, helvetica, sans-serif;\">Mandourelle pas<\/span><\/td>\n<td style=\"height: 46px; width: 12.9762%;\"><span style=\"font-family: arial, helvetica, sans-serif;\">FR-11-0406b<\/span><\/td>\n<td style=\"height: 46px; width: 18.3333%;\"><span style=\"font-family: arial, helvetica, sans-serif;\">Col des Liges<\/span><\/td>\n<td style=\"height: 46px; width: 12.9762%;\"><span style=\"font-family: arial, helvetica, sans-serif;\">FR-66-0135a<\/span><\/td>\n<td style=\"height: 46px; width: 21.0714%;\"><span style=\"font-family: arial, helvetica, sans-serif;\">Col des Alzines<\/span><\/td>\n<\/tr>\n<tr style=\"height: 46px;\">\n<td style=\"height: 46px; width: 12.9762%;\"><span style=\"font-family: arial, helvetica, sans-serif;\">FR-11-0169<\/span><\/td>\n<td style=\"height: 46px; width: 20.2381%;\"><span style=\"font-family: arial, helvetica, sans-serif;\">Col des Maures<\/span><\/td>\n<td style=\"height: 46px; width: 12.9762%;\"><span style=\"font-family: arial, helvetica, sans-serif;\">FR-11-0416<\/span><\/td>\n<td style=\"height: 46px; width: 18.3333%;\"><span style=\"font-family: arial, helvetica, sans-serif;\">Col de la Gineste<\/span><\/td>\n<td style=\"height: 46px; width: 12.9762%;\"><span style=\"font-family: arial, helvetica, sans-serif;\">FR-66-0199a<\/span><\/td>\n<td style=\"height: 46px; width: 21.0714%;\"><span style=\"font-family: arial, helvetica, sans-serif;\">Col del Loup<\/span><\/td>\n<\/tr>\n<tr style=\"height: 46px;\">\n<td style=\"height: 46px; width: 12.9762%;\"><span style=\"font-family: arial, helvetica, sans-serif;\">FR-11-0185<\/span><\/td>\n<td style=\"height: 46px; width: 20.2381%;\"><span style=\"font-family: arial, helvetica, sans-serif;\">Col des Moulins<\/span><\/td>\n<td style=\"height: 46px; width: 12.9762%;\"><span style=\"font-family: arial, helvetica, sans-serif;\">FR-11-0430<\/span><\/td>\n<td style=\"height: 46px; width: 18.3333%;\"><span style=\"font-family: arial, helvetica, sans-serif;\">Col d'En Gleizes<\/span><\/td>\n<td style=\"height: 46px; width: 12.9762%;\"><span style=\"font-family: arial, helvetica, sans-serif;\">FR-66-0208<\/span><\/td>\n<td style=\"height: 46px; width: 21.0714%;\"><span style=\"font-family: arial, helvetica, sans-serif;\">Col del Bouix<\/span><\/td>\n<\/tr>\n<tr style=\"height: 46px;\">\n<td style=\"height: 46px; width: 12.9762%;\"><span style=\"font-family: arial, helvetica, sans-serif;\">FR-11-0193<\/span><\/td>\n<td style=\"height: 46px; width: 20.2381%;\"><span style=\"font-family: arial, helvetica, sans-serif;\">Col de la Serre<\/span><\/td>\n<td style=\"height: 46px; width: 12.9762%;\"><span style=\"font-family: arial, helvetica, sans-serif;\">FR-11-0431<\/span><\/td>\n<td style=\"height: 46px; width: 18.3333%;\"><span style=\"font-family: arial, helvetica, sans-serif;\">Col de Ferr\u00e9ol<\/span><\/td>\n<td style=\"height: 46px; width: 12.9762%;\"><span style=\"font-family: arial, helvetica, sans-serif;\">FR-66-0233<\/span><\/td>\n<td style=\"height: 46px; width: 21.0714%;\"><span style=\"font-family: arial, helvetica, sans-serif;\">Col de Tern\u00e8re<\/span><\/td>\n<\/tr>\n<tr style=\"height: 46px;\">\n<td style=\"height: 46px; width: 12.9762%;\"><span style=\"font-family: arial, helvetica, sans-serif;\">FR-11-0225<\/span><\/td>\n<td style=\"height: 46px; width: 20.2381%;\"><span style=\"font-family: arial, helvetica, sans-serif;\">Col de Combe<\/span><\/td>\n<td style=\"height: 46px; width: 12.9762%;\"><span style=\"font-family: arial, helvetica, sans-serif;\">FR-11-0432<\/span><\/td>\n<td style=\"height: 46px; width: 18.3333%;\"><span style=\"font-family: arial, helvetica, sans-serif;\">Grau de Maury<\/span><\/td>\n<td style=\"height: 46px; width: 12.9762%;\"><span style=\"font-family: arial, helvetica, sans-serif;\">FR-66-0234<\/span><\/td>\n<td style=\"height: 46px; width: 21.0714%;\"><span style=\"font-family: arial, helvetica, sans-serif;\">Bose pas<\/span><\/td>\n<\/tr>\n<tr style=\"height: 46px;\">\n<td style=\"height: 46px; width: 12.9762%;\"><span style=\"font-family: arial, helvetica, sans-serif;\">FR-11-0243<\/span><\/td>\n<td style=\"height: 46px; width: 20.2381%;\"><span style=\"font-family: arial, helvetica, sans-serif;\">De Canteloup<\/span><\/td>\n<td style=\"height: 46px; width: 12.9762%;\"><span style=\"font-family: arial, helvetica, sans-serif;\">FR-11-0441<\/span><\/td>\n<td style=\"height: 46px; width: 18.3333%;\"><span style=\"font-family: arial, helvetica, sans-serif;\">Col des Bancs<\/span><\/td>\n<td style=\"height: 46px; width: 12.9762%;\"><span style=\"font-family: arial, helvetica, sans-serif;\">FR-66-0252<\/span><\/td>\n<td style=\"height: 46px; width: 21.0714%;\"><span style=\"font-family: arial, helvetica, sans-serif;\">Col de la Sybille<\/span><\/td>\n<\/tr>\n<tr style=\"height: 46px;\">\n<td style=\"height: 46px; width: 12.9762%;\"><span style=\"font-family: arial, helvetica, sans-serif;\">FR-11-0243b<\/span><\/td>\n<td style=\"height: 46px; width: 20.2381%;\"><span style=\"font-family: arial, helvetica, sans-serif;\">Peira Dreita pas<\/span><\/td>\n<td style=\"height: 46px; width: 12.9762%;\"><span style=\"font-family: arial, helvetica, sans-serif;\">FR-11-0455a<\/span><\/td>\n<td style=\"height: 46px; width: 18.3333%;\"><span style=\"font-family: arial, helvetica, sans-serif;\">Col du Prat<\/span><\/td>\n<td style=\"height: 46px; width: 12.9762%;\"><span style=\"font-family: arial, helvetica, sans-serif;\">FR-66-0259<\/span><\/td>\n<td style=\"height: 46px; width: 21.0714%;\"><span style=\"font-family: arial, helvetica, sans-serif;\">Col des Souls<\/span><\/td>\n<\/tr>\n<tr style=\"height: 46px;\">\n<td style=\"height: 46px; width: 12.9762%;\"><span style=\"font-family: arial, helvetica, sans-serif;\">FR-11-0245b<\/span><\/td>\n<td style=\"height: 46px; width: 20.2381%;\"><span style=\"font-family: arial, helvetica, sans-serif;\">Col de P\u00e9reille<\/span><\/td>\n<td style=\"height: 46px; width: 12.9762%;\"><span style=\"font-family: arial, helvetica, sans-serif;\">FR-11-0472<\/span><\/td>\n<td style=\"height: 46px; width: 18.3333%;\"><span style=\"font-family: arial, helvetica, sans-serif;\">Kol Caroun<\/span><\/td>\n<td style=\"height: 46px; width: 12.9762%;\"><span style=\"font-family: arial, helvetica, sans-serif;\">FR-66-0265a<\/span><\/td>\n<td style=\"height: 46px; width: 21.0714%;\"><span style=\"font-family: arial, helvetica, sans-serif;\">Col de la Bataille<\/span><\/td>\n<\/tr>\n<tr style=\"height: 46px;\">\n<td style=\"height: 46px; width: 12.9762%;\"><span style=\"font-family: arial, helvetica, sans-serif;\">FR-11-0249<\/span><\/td>\n<td style=\"height: 46px; width: 20.2381%;\"><span style=\"font-family: arial, helvetica, sans-serif;\">Pas de l'Abeille<\/span><\/td>\n<td style=\"height: 46px; width: 12.9762%;\"><span style=\"font-family: arial, helvetica, sans-serif;\">FR-11-0481a<\/span><\/td>\n<td style=\"height: 46px; width: 18.3333%;\"><span style=\"font-family: arial, helvetica, sans-serif;\">Col de la Croix<\/span><\/td>\n<td style=\"height: 46px; width: 12.9762%;\"><span style=\"font-family: arial, helvetica, sans-serif;\">FR-66-0293<\/span><\/td>\n<td style=\"height: 46px; width: 21.0714%;\"><span style=\"font-family: arial, helvetica, sans-serif;\">Col del Moutou<\/span><\/td>\n<\/tr>\n<tr style=\"height: 46px;\">\n<td style=\"height: 46px; width: 12.9762%;\"><span style=\"font-family: arial, helvetica, sans-serif;\">FR-11-0250a<\/span><\/td>\n<td style=\"height: 46px; width: 20.2381%;\"><span style=\"font-family: arial, helvetica, sans-serif;\">Col de Feuilla<\/span><\/td>\n<td style=\"height: 46px; width: 12.9762%;\"><span style=\"font-family: arial, helvetica, sans-serif;\">FR-11-0485<\/span><\/td>\n<td style=\"height: 46px; width: 18.3333%;\"><span style=\"font-family: arial, helvetica, sans-serif;\">Col de Bedos<\/span><\/td>\n<td style=\"height: 46px; width: 12.9762%;\"><span style=\"font-family: arial, helvetica, sans-serif;\">FR-66-0322<\/span><\/td>\n<td style=\"height: 46px; width: 21.0714%;\"><span style=\"font-family: arial, helvetica, sans-serif;\">Col del Bou<\/span><\/td>\n<\/tr>\n<tr style=\"height: 46px;\">\n<td style=\"height: 46px; width: 12.9762%;\"><span style=\"font-family: arial, helvetica, sans-serif;\">FR-11-0251<\/span><\/td>\n<td style=\"height: 46px; width: 20.2381%;\"><span style=\"font-family: arial, helvetica, sans-serif;\">Col d'Extr\u00eame<\/span><\/td>\n<td style=\"height: 46px; width: 12.9762%;\"><span style=\"font-family: arial, helvetica, sans-serif;\">FR-11-0492<\/span><\/td>\n<td style=\"height: 46px; width: 18.3333%;\"><span style=\"font-family: arial, helvetica, sans-serif;\">Kol St Martin<\/span><\/td>\n<td style=\"height: 46px; width: 12.9762%;\"><span style=\"font-family: arial, helvetica, sans-serif;\">FR-66-0331<\/span><\/td>\n<td style=\"height: 46px; width: 21.0714%;\"><span style=\"font-family: arial, helvetica, sans-serif;\">Col de l'Arque<\/span><\/td>\n<\/tr>\n<tr style=\"height: 46px;\">\n<td style=\"height: 46px; width: 12.9762%;\"><span style=\"font-family: arial, helvetica, sans-serif;\">FR-11-0265a<\/span><\/td>\n<td style=\"height: 46px; width: 20.2381%;\"><span style=\"font-family: arial, helvetica, sans-serif;\">Col de Bent<\/span><\/td>\n<td style=\"height: 46px; width: 12.9762%;\"><span style=\"font-family: arial, helvetica, sans-serif;\">FR-11-0496<\/span><\/td>\n<td style=\"height: 46px; width: 18.3333%;\"><span style=\"font-family: arial, helvetica, sans-serif;\">Col de Bancarel<\/span><\/td>\n<td style=\"height: 46px; width: 12.9762%;\"><span style=\"font-family: arial, helvetica, sans-serif;\">FR-66-0357c<\/span><\/td>\n<td style=\"height: 46px; width: 21.0714%;\"><span style=\"font-family: arial, helvetica, sans-serif;\">Col de Pourteil<\/span><\/td>\n<\/tr>\n<tr style=\"height: 46px;\">\n<td style=\"height: 46px; width: 12.9762%;\"><span style=\"font-family: arial, helvetica, sans-serif;\">FR-11-0267<\/span><\/td>\n<td style=\"height: 46px; width: 20.2381%;\"><span style=\"font-family: arial, helvetica, sans-serif;\">Col de Souil<\/span><\/td>\n<td style=\"height: 46px; width: 12.9762%;\"><span style=\"font-family: arial, helvetica, sans-serif;\">FR-11-0498a<\/span><\/td>\n<td style=\"height: 46px; width: 18.3333%;\"><span style=\"font-family: arial, helvetica, sans-serif;\">Col d'Enguilhem<\/span><\/td>\n<td style=\"height: 46px; width: 12.9762%;\"><span style=\"font-family: arial, helvetica, sans-serif;\">FR-66-0365c<\/span><\/td>\n<td style=\"height: 46px; width: 21.0714%;\"><span style=\"font-family: arial, helvetica, sans-serif;\">Coll del Tauc<\/span><\/td>\n<\/tr>\n<tr style=\"height: 46px;\">\n<td style=\"height: 46px; width: 12.9762%;\"><span style=\"font-family: arial, helvetica, sans-serif;\">FR-11-0285a<\/span><\/td>\n<td style=\"height: 46px; width: 20.2381%;\"><span style=\"font-family: arial, helvetica, sans-serif;\">Col de Laval<\/span><\/td>\n<td style=\"height: 46px; width: 12.9762%;\"><span style=\"font-family: arial, helvetica, sans-serif;\">FR-11-0507<\/span><\/td>\n<td style=\"height: 46px; width: 18.3333%;\"><span style=\"font-family: arial, helvetica, sans-serif;\">Col de Couisse<\/span><\/td>\n<td style=\"height: 46px; width: 12.9762%;\"><span style=\"font-family: arial, helvetica, sans-serif;\">FR-66-0373<\/span><\/td>\n<td style=\"height: 46px; width: 21.0714%;\"><span style=\"font-family: arial, helvetica, sans-serif;\">Col de la Sabine<\/span><\/td>\n<\/tr>\n<tr style=\"height: 46px;\">\n<td style=\"height: 46px; width: 12.9762%;\"><span style=\"font-family: arial, helvetica, sans-serif;\">FR-11-0335a<\/span><\/td>\n<td style=\"height: 46px; width: 20.2381%;\"><span style=\"font-family: arial, helvetica, sans-serif;\">Col de l'Auzine<\/span><\/td>\n<td style=\"height: 46px; width: 12.9762%;\"><span style=\"font-family: arial, helvetica, sans-serif;\">FR-11-0515<\/span><\/td>\n<td style=\"height: 46px; width: 18.3333%;\"><span style=\"font-family: arial, helvetica, sans-serif;\">Col de Termes<\/span><\/td>\n<td style=\"height: 46px; width: 12.9762%;\"><span style=\"font-family: arial, helvetica, sans-serif;\">FR-66-0383<\/span><\/td>\n<td style=\"height: 46px; width: 21.0714%;\"><span style=\"font-family: arial, helvetica, sans-serif;\">Kol de Maury<\/span><\/td>\n<\/tr>\n<tr style=\"height: 46px;\">\n<td style=\"height: 46px; width: 12.9762%;\"><span style=\"font-family: arial, helvetica, sans-serif;\">FR-11-0344<\/span><\/td>\n<td style=\"height: 46px; width: 20.2381%;\"><span style=\"font-family: arial, helvetica, sans-serif;\">Col du Triby<\/span><\/td>\n<td style=\"height: 46px; width: 12.9762%;\"><span style=\"font-family: arial, helvetica, sans-serif;\">FR-11-0575a<\/span><\/td>\n<td style=\"height: 46px; width: 18.3333%;\"><span style=\"font-family: arial, helvetica, sans-serif;\">Col des Fourches<\/span><\/td>\n<td style=\"height: 46px; width: 12.9762%;\"><span style=\"font-family: arial, helvetica, sans-serif;\">FR-66-0385<\/span><\/td>\n<td style=\"height: 46px; width: 21.0714%;\"><span style=\"font-family: arial, helvetica, sans-serif;\">Col de Lacroux<\/span><\/td>\n<\/tr>\n<tr style=\"height: 46px;\">\n<td style=\"height: 46px; width: 12.9762%;\"><span style=\"font-family: arial, helvetica, sans-serif;\">FR-11-0366<\/span><\/td>\n<td style=\"height: 46px; width: 20.2381%;\"><span style=\"font-family: arial, helvetica, sans-serif;\">Col du Prat<\/span><\/td>\n<td style=\"height: 46px; width: 12.9762%;\"><span style=\"font-family: arial, helvetica, sans-serif;\">FR-11-0594<\/span><\/td>\n<td style=\"height: 46px; width: 18.3333%;\"><span style=\"font-family: arial, helvetica, sans-serif;\">C\u00e9deillan pas<\/span><\/td>\n<td style=\"height: 46px; width: 12.9762%;\"><span style=\"font-family: arial, helvetica, sans-serif;\">FR-66-0418<\/span><\/td>\n<td style=\"height: 46px; width: 21.0714%;\"><span style=\"font-family: arial, helvetica, sans-serif;\">Kol de Peralbe<\/span><\/td>\n<\/tr>\n<tr style=\"height: 46px;\">\n<td style=\"height: 46px; width: 12.9762%;\"><span style=\"font-family: arial, helvetica, sans-serif;\">FR-11-0372<\/span><\/td>\n<td style=\"height: 46px; width: 20.2381%;\"><span style=\"font-family: arial, helvetica, sans-serif;\">Col de la Tranch\u00e9e<\/span><\/td>\n<td style=\"height: 46px; width: 12.9762%;\"><span style=\"font-family: arial, helvetica, sans-serif;\">FR-11-0623<\/span><\/td>\n<td style=\"height: 46px; width: 18.3333%;\"><span style=\"font-family: arial, helvetica, sans-serif;\">Col de la Cascagne<\/span><\/td>\n<td style=\"height: 46px; width: 12.9762%;\"><span style=\"font-family: arial, helvetica, sans-serif;\">FR-66-0606<\/span><\/td>\n<td style=\"height: 46px; width: 21.0714%;\"><span style=\"font-family: arial, helvetica, sans-serif;\">Col des Auzines<\/span><\/td>\n<\/tr>\n<tr style=\"height: 46px;\">\n<td style=\"height: 46px; width: 12.9762%;\"><span style=\"font-family: arial, helvetica, sans-serif;\">FR-11-0378<\/span><\/td>\n<td style=\"height: 46px; width: 20.2381%;\"><span style=\"font-family: arial, helvetica, sans-serif;\">Col d'Amiel<\/span><\/td>\n<td style=\"height: 46px; width: 12.9762%;\"><span style=\"font-family: arial, helvetica, sans-serif;\">FR-11-0667<\/span><\/td>\n<td style=\"height: 46px; width: 18.3333%;\"><span style=\"font-family: arial, helvetica, sans-serif;\">Kol de Linas<\/span><\/td>\n<td style=\"height: 46px; width: 12.9762%;\"><span style=\"font-family: arial, helvetica, sans-serif;\">FR-66-0652<\/span><\/td>\n<td style=\"height: 46px; width: 21.0714%;\"><span style=\"font-family: arial, helvetica, sans-serif;\">Col de las Couloumines<\/span><\/td>\n<\/tr>\n<tr style=\"height: 46px;\">\n<td style=\"height: 46px; width: 12.9762%;\"><span style=\"font-family: arial, helvetica, sans-serif;\">FR-11-0403b<\/span><\/td>\n<td style=\"height: 46px; width: 20.2381%;\"><span style=\"font-family: arial, helvetica, sans-serif;\">Col de la Croix Dessus<\/span><\/td>\n<td style=\"height: 46px; width: 12.9762%;\"><span style=\"font-family: arial, helvetica, sans-serif;\">FR-11-0696<\/span><\/td>\n<td style=\"height: 46px; width: 18.3333%;\"><span style=\"font-family: arial, helvetica, sans-serif;\">Kol St Louis<\/span><\/td>\n<td style=\"height: 46px; width: 12.9762%;\">\u00a0<\/td>\n<td style=\"height: 46px; width: 21.0714%;\">\u00a0<\/td>\n<\/tr>\n<tr style=\"height: 46px;\">\n<td style=\"height: 46px; width: 12.9762%;\"><span style=\"font-family: arial, helvetica, sans-serif;\">FR-11-0404<\/span><\/td>\n<td style=\"height: 46px; width: 20.2381%;\"><span style=\"font-family: arial, helvetica, sans-serif;\">De pas van Villerouge<\/span><\/td>\n<td style=\"height: 46px; width: 12.9762%;\"><span style=\"font-family: arial, helvetica, sans-serif;\">FR-11-0705<\/span><\/td>\n<td style=\"height: 46px; width: 18.3333%;\"><span style=\"font-family: arial, helvetica, sans-serif;\">Col de la Redoulade<\/span><\/td>\n<td style=\"height: 46px; width: 12.9762%;\">\u00a0<\/td>\n<td style=\"height: 46px; width: 21.0714%;\">\u00a0<\/td>\n<\/tr>\n<\/tbody>\n<\/table>\n\n\n<h2 class=\"wp-block-heading has-text-align-center\">Muilezelpaden<\/h2>\n\n\n<table class=\"lst\" style=\"width: 100%; height: 1301px;\">\n<thead>\n<tr style=\"height: 30px;\">\n<td style=\"width: 12.5%; height: 30px;\">\n<p><span style=\"font-family: arial, helvetica, sans-serif;\">Code Chauvot<\/span><\/p>\n<\/td>\n<td style=\"width: 19.8438%; height: 30px;\"><span style=\"font-family: arial, helvetica, sans-serif;\">Naam pas<\/span><\/td>\n<td style=\"width: 12.5%; height: 30px;\"><span style=\"font-family: arial, helvetica, sans-serif;\">Code Chauvot<\/span><\/td>\n<td style=\"width: 2.65625%; height: 30px;\"><span style=\"font-family: arial, helvetica, sans-serif;\">Naam pas<\/span><\/td>\n<td style=\"width: 28.9062%; height: 30px;\"><span style=\"font-family: arial, helvetica, sans-serif;\">Code Chauvot<\/span><\/td>\n<td style=\"width: 21.5625%; height: 30px;\"><span style=\"font-family: arial, helvetica, sans-serif;\">Naam pas<\/span><\/td>\n<\/tr>\n<\/thead>\n<tbody>\n<tr>\n<td style=\"width: 12.5%;\"><span style=\"font-family: arial, helvetica, sans-serif;\">\u00a0<\/span><\/td>\n<td style=\"width: 19.8438%;\"><span style=\"font-family: arial, helvetica, sans-serif;\">\u00a0<\/span><\/td>\n<td style=\"width: 12.5%;\"><span style=\"font-family: arial, helvetica, sans-serif;\">\u00a0<\/span><\/td>\n<td style=\"width: 2.65625%;\"><span style=\"font-family: arial, helvetica, sans-serif;\">\u00a0<\/span><\/td>\n<td style=\"width: 28.9062%;\"><span style=\"font-family: arial, helvetica, sans-serif;\">\u00a0<\/span><\/td>\n<td style=\"width: 21.5625%;\"><span style=\"font-family: arial, helvetica, sans-serif;\">\u00a0<\/span><\/td>\n<\/tr>\n<tr style=\"height: 46px;\">\n<td style=\"height: 46px; width: 12.5%;\"><span style=\"font-family: arial, helvetica, sans-serif;\">FR-11-0193<\/span><\/td>\n<td style=\"height: 46px; width: 19.8438%;\"><span style=\"font-family: arial, helvetica, sans-serif;\">Col de la Serre<\/span><\/td>\n<td style=\"height: 46px; width: 12.5%;\"><span style=\"font-family: arial, helvetica, sans-serif;\">FR-11-0448<\/span><\/td>\n<td style=\"height: 46px; width: 2.65625%;\"><span style=\"font-family: arial, helvetica, sans-serif;\">Kol Lemercier<\/span><\/td>\n<td style=\"height: 46px; width: 28.9062%;\"><span style=\"font-family: arial, helvetica, sans-serif;\">FR-11-0990<\/span><\/td>\n<td style=\"height: 46px; width: 21.5625%;\"><span style=\"font-family: arial, helvetica, sans-serif;\">Les Cols<\/span><\/td>\n<\/tr>\n<tr style=\"height: 46px;\">\n<td style=\"height: 46px; width: 12.5%;\"><span style=\"font-family: arial, helvetica, sans-serif;\">FR-11-0207<\/span><\/td>\n<td style=\"height: 46px; width: 19.8438%;\"><span style=\"font-family: arial, helvetica, sans-serif;\">Col de la Porte<\/span><\/td>\n<td style=\"height: 46px; width: 12.5%;\"><span style=\"font-family: arial, helvetica, sans-serif;\">FR-11-0458<\/span><\/td>\n<td style=\"height: 46px; width: 2.65625%;\"><span style=\"font-family: arial, helvetica, sans-serif;\">Col du Barrou<\/span><\/td>\n<td style=\"height: 46px; width: 28.9062%;\"><span style=\"font-family: arial, helvetica, sans-serif;\">FR-11-1015<\/span><\/td>\n<td style=\"height: 46px; width: 21.5625%;\"><span style=\"font-family: arial, helvetica, sans-serif;\">Col du Frayche<\/span><\/td>\n<\/tr>\n<tr style=\"height: 46px;\">\n<td style=\"height: 46px; width: 12.5%;\"><span style=\"font-family: arial, helvetica, sans-serif;\">FR-11-0235<\/span><\/td>\n<td style=\"height: 46px; width: 19.8438%;\"><span style=\"font-family: arial, helvetica, sans-serif;\">La Couillade<\/span><\/td>\n<td style=\"height: 46px; width: 12.5%;\"><span style=\"font-family: arial, helvetica, sans-serif;\">FR-11-0470a<\/span><\/td>\n<td style=\"height: 46px; width: 2.65625%;\"><span style=\"font-family: arial, helvetica, sans-serif;\">Pas de la Serre<\/span><\/td>\n<td style=\"height: 46px; width: 28.9062%;\"><span style=\"font-family: arial, helvetica, sans-serif;\">FR-11-1020<\/span><\/td>\n<td style=\"height: 46px; width: 21.5625%;\"><span style=\"font-family: arial, helvetica, sans-serif;\">Col d'Aussi\u00e8res<\/span><\/td>\n<\/tr>\n<tr style=\"height: 46px;\">\n<td style=\"height: 46px; width: 12.5%;\"><span style=\"font-family: arial, helvetica, sans-serif;\">FR-11-0243<\/span><\/td>\n<td style=\"height: 46px; width: 19.8438%;\"><span style=\"font-family: arial, helvetica, sans-serif;\">De Canteloup<\/span><\/td>\n<td style=\"height: 46px; width: 12.5%;\"><span style=\"font-family: arial, helvetica, sans-serif;\">FR-11-0475a<\/span><\/td>\n<td style=\"height: 46px; width: 2.65625%;\"><span style=\"font-family: arial, helvetica, sans-serif;\">Col de Caumilles<\/span><\/td>\n<td style=\"height: 46px; width: 28.9062%;\"><span style=\"font-family: arial, helvetica, sans-serif;\">FR-11-1049<\/span><\/td>\n<td style=\"height: 46px; width: 21.5625%;\"><span style=\"font-family: arial, helvetica, sans-serif;\">Couillade van Prat d'Aille<\/span><\/td>\n<\/tr>\n<tr style=\"height: 46px;\">\n<td style=\"height: 46px; width: 12.5%;\"><span style=\"font-family: arial, helvetica, sans-serif;\">FR-11-0250b<\/span><\/td>\n<td style=\"height: 46px; width: 19.8438%;\"><span style=\"font-family: arial, helvetica, sans-serif;\">Col de la Lauze<\/span><\/td>\n<td style=\"height: 46px; width: 12.5%;\"><span style=\"font-family: arial, helvetica, sans-serif;\">FR-11-0496<\/span><\/td>\n<td style=\"height: 46px; width: 2.65625%;\"><span style=\"font-family: arial, helvetica, sans-serif;\">Col de Bancarel<\/span><\/td>\n<td style=\"height: 46px; width: 28.9062%;\"><span style=\"font-family: arial, helvetica, sans-serif;\">FR-11-1076<\/span><\/td>\n<td style=\"height: 46px; width: 21.5625%;\"><span style=\"font-family: arial, helvetica, sans-serif;\">Col de Bene<\/span><\/td>\n<\/tr>\n<tr style=\"height: 46px;\">\n<td style=\"height: 46px; width: 12.5%;\"><span style=\"font-family: arial, helvetica, sans-serif;\">FR-11-0251<\/span><\/td>\n<td style=\"height: 46px; width: 19.8438%;\"><span style=\"font-family: arial, helvetica, sans-serif;\">Kolk d'Extr\u00e8me<\/span><\/td>\n<td style=\"height: 46px; width: 12.5%;\"><span style=\"font-family: arial, helvetica, sans-serif;\">FR-11-0498a<\/span><\/td>\n<td style=\"height: 46px; width: 2.65625%;\"><span style=\"font-family: arial, helvetica, sans-serif;\">Col d'Enguilhem<\/span><\/td>\n<td style=\"height: 46px; width: 28.9062%;\"><span style=\"font-family: arial, helvetica, sans-serif;\">FR-11-1087<\/span><\/td>\n<td style=\"height: 46px; width: 21.5625%;\"><span style=\"font-family: arial, helvetica, sans-serif;\">Col du Lhadet<\/span><\/td>\n<\/tr>\n<tr style=\"height: 46px;\">\n<td style=\"height: 46px; width: 12.5%;\"><span style=\"font-family: arial, helvetica, sans-serif;\">FR-11-0265a<\/span><\/td>\n<td style=\"height: 46px; width: 19.8438%;\"><span style=\"font-family: arial, helvetica, sans-serif;\">Col de Bent<\/span><\/td>\n<td style=\"height: 46px; width: 12.5%;\"><span style=\"font-family: arial, helvetica, sans-serif;\">FR-11-0506<\/span><\/td>\n<td style=\"height: 46px; width: 2.65625%;\"><span style=\"font-family: arial, helvetica, sans-serif;\">Col de la Croix de Pierre<\/span><\/td>\n<td style=\"height: 46px; width: 28.9062%;\"><span style=\"font-family: arial, helvetica, sans-serif;\">FR-11-1109a<\/span><\/td>\n<td style=\"height: 46px; width: 21.5625%;\"><span style=\"font-family: arial, helvetica, sans-serif;\">Al Bouich pas<\/span><\/td>\n<\/tr>\n<tr style=\"height: 46px;\">\n<td style=\"height: 46px; width: 12.5%;\"><span style=\"font-family: arial, helvetica, sans-serif;\">FR-11-0265b<\/span><\/td>\n<td style=\"height: 46px; width: 19.8438%;\"><span style=\"font-family: arial, helvetica, sans-serif;\">Col de la Croix de l'Auzine<\/span><\/td>\n<td style=\"height: 46px; width: 12.5%;\"><span style=\"font-family: arial, helvetica, sans-serif;\">FR-11-0507<\/span><\/td>\n<td style=\"height: 46px; width: 2.65625%;\"><span style=\"font-family: arial, helvetica, sans-serif;\">Col de Couise<\/span><\/td>\n<td style=\"height: 46px; width: 28.9062%;\"><span style=\"font-family: arial, helvetica, sans-serif;\">FR-11-1189<\/span><\/td>\n<td style=\"height: 46px; width: 21.5625%;\"><span style=\"font-family: arial, helvetica, sans-serif;\">Col de Mateplane<\/span><\/td>\n<\/tr>\n<tr style=\"height: 46px;\">\n<td style=\"height: 46px; width: 12.5%;\"><span style=\"font-family: arial, helvetica, sans-serif;\">FR-11-0280<\/span><\/td>\n<td style=\"height: 46px; width: 19.8438%;\"><span style=\"font-family: arial, helvetica, sans-serif;\">Col de L\u00e8s<\/span><\/td>\n<td style=\"height: 46px; width: 12.5%;\"><span style=\"font-family: arial, helvetica, sans-serif;\">FR-11-0511<\/span><\/td>\n<td style=\"height: 46px; width: 2.65625%;\"><span style=\"font-family: arial, helvetica, sans-serif;\">Col de l'I\u00e8re<\/span><\/td>\n<td style=\"height: 46px; width: 28.9062%;\"><span style=\"font-family: arial, helvetica, sans-serif;\">FR-11-1322<\/span><\/td>\n<td style=\"height: 46px; width: 21.5625%;\"><span style=\"font-family: arial, helvetica, sans-serif;\">Col de L'Hommenadel<\/span><\/td>\n<\/tr>\n<tr style=\"height: 46px;\">\n<td style=\"height: 46px; width: 12.5%;\"><span style=\"font-family: arial, helvetica, sans-serif;\">FR-11-0285a<\/span><\/td>\n<td style=\"height: 46px; width: 19.8438%;\"><span style=\"font-family: arial, helvetica, sans-serif;\">Col de Laval<\/span><\/td>\n<td style=\"height: 46px; width: 12.5%;\"><span style=\"font-family: arial, helvetica, sans-serif;\">FR-11-0512<\/span><\/td>\n<td style=\"height: 46px; width: 2.65625%;\"><span style=\"font-family: arial, helvetica, sans-serif;\">Col de la Garde<\/span><\/td>\n<td style=\"height: 46px; width: 28.9062%;\"><span style=\"font-family: arial, helvetica, sans-serif;\">FR-11-1369<\/span><\/td>\n<td style=\"height: 46px; width: 21.5625%;\"><span style=\"font-family: arial, helvetica, sans-serif;\">Col de l'Hommenet<\/span><\/td>\n<\/tr>\n<tr style=\"height: 46px;\">\n<td style=\"height: 46px; width: 12.5%;\"><span style=\"font-family: arial, helvetica, sans-serif;\">FR-11-0285c<\/span><\/td>\n<td style=\"height: 46px; width: 19.8438%;\"><span style=\"font-family: arial, helvetica, sans-serif;\">Col de Taupelette<\/span><\/td>\n<td style=\"height: 46px; width: 12.5%;\"><span style=\"font-family: arial, helvetica, sans-serif;\">FR-11-0514<\/span><\/td>\n<td style=\"height: 46px; width: 2.65625%;\"><span style=\"font-family: arial, helvetica, sans-serif;\">Kol Camp\u00e9ri\u00e9<\/span><\/td>\n<td style=\"height: 46px; width: 28.9062%;\"><span style=\"font-family: arial, helvetica, sans-serif;\">FR-66-0135a<\/span><\/td>\n<td style=\"height: 46px; width: 21.5625%;\"><span style=\"font-family: arial, helvetica, sans-serif;\">Col de les Alzines<\/span><\/td>\n<\/tr>\n<tr style=\"height: 46px;\">\n<td style=\"height: 46px; width: 12.5%;\"><span style=\"font-family: arial, helvetica, sans-serif;\">FR-11-0305b<\/span><\/td>\n<td style=\"height: 46px; width: 19.8438%;\"><span style=\"font-family: arial, helvetica, sans-serif;\">Pas de Massac<\/span><\/td>\n<td style=\"height: 46px; width: 12.5%;\"><span style=\"font-family: arial, helvetica, sans-serif;\">FR-11-0516<\/span><\/td>\n<td style=\"height: 46px; width: 2.65625%;\"><span style=\"font-family: arial, helvetica, sans-serif;\">Col du Teil<\/span><\/td>\n<td style=\"height: 46px; width: 28.9062%;\"><span style=\"font-family: arial, helvetica, sans-serif;\">FR-66-0208<\/span><\/td>\n<td style=\"height: 46px; width: 21.5625%;\"><span style=\"font-family: arial, helvetica, sans-serif;\">Col del Bouix<\/span><\/td>\n<\/tr>\n<tr style=\"height: 46px;\">\n<td style=\"height: 46px; width: 12.5%;\"><span style=\"font-family: arial, helvetica, sans-serif;\">FR-11-0335a<\/span><\/td>\n<td style=\"height: 46px; width: 19.8438%;\"><span style=\"font-family: arial, helvetica, sans-serif;\">Col de l'Auzine<\/span><\/td>\n<td style=\"height: 46px; width: 12.5%;\"><span style=\"font-family: arial, helvetica, sans-serif;\">FR-11-0535c<\/span><\/td>\n<td style=\"height: 46px; width: 2.65625%;\"><span style=\"font-family: arial, helvetica, sans-serif;\">Col d'en Couloum<\/span><\/td>\n<td style=\"height: 46px; width: 28.9062%;\"><span style=\"font-family: arial, helvetica, sans-serif;\">FR-66-0217a<\/span><\/td>\n<td style=\"height: 46px; width: 21.5625%;\"><span style=\"font-family: arial, helvetica, sans-serif;\">Col de Jasse en Biell<\/span><\/td>\n<\/tr>\n<tr style=\"height: 46px;\">\n<td style=\"height: 46px; width: 12.5%;\"><span style=\"font-family: arial, helvetica, sans-serif;\">FR-11-0344<\/span><\/td>\n<td style=\"height: 46px; width: 19.8438%;\"><span style=\"font-family: arial, helvetica, sans-serif;\">Col du Triby<\/span><\/td>\n<td style=\"height: 46px; width: 12.5%;\"><span style=\"font-family: arial, helvetica, sans-serif;\">FR-11-0544<\/span><\/td>\n<td style=\"height: 46px; width: 2.65625%;\"><span style=\"font-family: arial, helvetica, sans-serif;\">Col de l'Estagnol<\/span><\/td>\n<td style=\"height: 46px; width: 28.9062%;\"><span style=\"font-family: arial, helvetica, sans-serif;\">FR-66-0419<\/span><\/td>\n<td style=\"height: 46px; width: 21.5625%;\"><span style=\"font-family: arial, helvetica, sans-serif;\">Col de Corbasse<\/span><\/td>\n<\/tr>\n<tr style=\"height: 46px;\">\n<td style=\"height: 46px; width: 12.5%;\"><span style=\"font-family: arial, helvetica, sans-serif;\">FR-11-0354<\/span><\/td>\n<td style=\"height: 46px; width: 19.8438%;\"><span style=\"font-family: arial, helvetica, sans-serif;\">Col de l'I\u00e8re<\/span><\/td>\n<td style=\"height: 46px; width: 12.5%;\"><span style=\"font-family: arial, helvetica, sans-serif;\">FR-11-0575b<\/span><\/td>\n<td style=\"height: 46px; width: 2.65625%;\"><span style=\"font-family: arial, helvetica, sans-serif;\">Garb\u00e8s pas<\/span><\/td>\n<td style=\"height: 46px; width: 28.9062%;\"><span style=\"font-family: arial, helvetica, sans-serif;\">FR-66-0554<\/span><\/td>\n<td style=\"height: 46px; width: 21.5625%;\"><span style=\"font-family: arial, helvetica, sans-serif;\">Col del Mas<\/span><\/td>\n<\/tr>\n<tr style=\"height: 46px;\">\n<td style=\"height: 46px; width: 12.5%;\"><span style=\"font-family: arial, helvetica, sans-serif;\">FR-11-0365<\/span><\/td>\n<td style=\"height: 46px; width: 19.8438%;\"><span style=\"font-family: arial, helvetica, sans-serif;\">Hi\u00e8ro-Col<\/span><\/td>\n<td style=\"height: 46px; width: 12.5%;\"><span style=\"font-family: arial, helvetica, sans-serif;\">FR-11-0575c<\/span><\/td>\n<td style=\"height: 46px; width: 2.65625%;\"><span style=\"font-family: arial, helvetica, sans-serif;\">Col de l'Homme Mort<\/span><\/td>\n<td style=\"height: 46px; width: 28.9062%;\"><span style=\"font-family: arial, helvetica, sans-serif;\">FR-66-0580<\/span><\/td>\n<td style=\"height: 46px; width: 21.5625%;\"><span style=\"font-family: arial, helvetica, sans-serif;\">Col de Pressilas<\/span><\/td>\n<\/tr>\n<tr style=\"height: 46px;\">\n<td style=\"height: 46px; width: 12.5%;\"><span style=\"font-family: arial, helvetica, sans-serif;\">FR-11-0378<\/span><\/td>\n<td style=\"height: 46px; width: 19.8438%;\"><span style=\"font-family: arial, helvetica, sans-serif;\">Col d'Amiel<\/span><\/td>\n<td style=\"height: 46px; width: 12.5%;\"><span style=\"font-family: arial, helvetica, sans-serif;\">FR-11-0575d<\/span><\/td>\n<td style=\"height: 46px; width: 2.65625%;\"><span style=\"font-family: arial, helvetica, sans-serif;\">Col de la Sagette<\/span><\/td>\n<td style=\"height: 46px; width: 28.9062%;\"><span style=\"font-family: arial, helvetica, sans-serif;\">FR-66-0642<\/span><\/td>\n<td style=\"height: 46px; width: 21.5625%;\"><span style=\"font-family: arial, helvetica, sans-serif;\">De bergpas van Fer<\/span><\/td>\n<\/tr>\n<tr style=\"height: 46px;\">\n<td style=\"height: 46px; width: 12.5%;\"><span style=\"font-family: arial, helvetica, sans-serif;\">FR-11-0403b<\/span><\/td>\n<td style=\"height: 46px; width: 19.8438%;\"><span style=\"font-family: arial, helvetica, sans-serif;\">Col de la Croix Dessus<\/span><\/td>\n<td style=\"height: 46px; width: 12.5%;\"><span style=\"font-family: arial, helvetica, sans-serif;\">FR-11-0585<\/span><\/td>\n<td style=\"height: 46px; width: 2.65625%;\"><span style=\"font-family: arial, helvetica, sans-serif;\">Pas d'en Crab\u00e8re<\/span><\/td>\n<td style=\"height: 46px; width: 28.9062%;\"><span style=\"font-family: arial, helvetica, sans-serif;\">FR-66-0759<\/span><\/td>\n<td style=\"height: 46px; width: 21.5625%;\"><span style=\"font-family: arial, helvetica, sans-serif;\">Kol de Guza<\/span><\/td>\n<\/tr>\n<tr style=\"height: 46px;\">\n<td style=\"height: 46px; width: 12.5%;\"><span style=\"font-family: arial, helvetica, sans-serif;\">FR-11-0405c<\/span><\/td>\n<td style=\"height: 46px; width: 19.8438%;\"><span style=\"font-family: arial, helvetica, sans-serif;\">Col de l'Espignasse<\/span><\/td>\n<td style=\"height: 46px; width: 12.5%;\"><span style=\"font-family: arial, helvetica, sans-serif;\">FR-11-0590<\/span><\/td>\n<td style=\"height: 46px; width: 2.65625%;\"><span style=\"font-family: arial, helvetica, sans-serif;\">Les Cols<\/span><\/td>\n<td style=\"height: 46px; width: 28.9062%;\"><span style=\"font-family: arial, helvetica, sans-serif;\">FR-66-0840<\/span><\/td>\n<td style=\"height: 46px; width: 21.5625%;\"><span style=\"font-family: arial, helvetica, sans-serif;\">Col de l'Ours<\/span><\/td>\n<\/tr>\n<tr style=\"height: 46px;\">\n<td style=\"height: 46px; width: 12.5%;\"><span style=\"font-family: arial, helvetica, sans-serif;\">FR-11-0406a<\/span><\/td>\n<td style=\"height: 46px; width: 19.8438%;\"><span style=\"font-family: arial, helvetica, sans-serif;\">Col de Gr\u00e8s<\/span><\/td>\n<td style=\"height: 46px; width: 12.5%;\"><span style=\"font-family: arial, helvetica, sans-serif;\">FR-11-0601a<\/span><\/td>\n<td style=\"height: 46px; width: 2.65625%;\"><span style=\"font-family: arial, helvetica, sans-serif;\">Col de Lapres<\/span><\/td>\n<td style=\"height: 46px; width: 28.9062%;\"><span style=\"font-family: arial, helvetica, sans-serif;\">FR-66-0862<\/span><\/td>\n<td style=\"height: 46px; width: 21.5625%;\"><span style=\"font-family: arial, helvetica, sans-serif;\">Col de Boire<\/span><\/td>\n<\/tr>\n<tr style=\"height: 46px;\">\n<td style=\"height: 46px; width: 12.5%;\"><span style=\"font-family: arial, helvetica, sans-serif;\">FR-11-0415<\/span><\/td>\n<td style=\"height: 46px; width: 19.8438%;\"><span style=\"font-family: arial, helvetica, sans-serif;\">Col de Matte Retonde<\/span><\/td>\n<td style=\"height: 46px; width: 12.5%;\"><span style=\"font-family: arial, helvetica, sans-serif;\">FR-11-0644<\/span><\/td>\n<td style=\"height: 46px; width: 2.65625%;\"><span style=\"font-family: arial, helvetica, sans-serif;\">Col de Begue<\/span><\/td>\n<td style=\"height: 46px; width: 28.9062%;\"><span style=\"font-family: arial, helvetica, sans-serif;\">FR-66-0955a<\/span><\/td>\n<td style=\"height: 46px; width: 21.5625%;\"><span style=\"font-family: arial, helvetica, sans-serif;\">Benta Fride pas<\/span><\/td>\n<\/tr>\n<tr style=\"height: 46px;\">\n<td style=\"height: 46px; width: 12.5%;\"><span style=\"font-family: arial, helvetica, sans-serif;\">FR-11-0416<\/span><\/td>\n<td style=\"height: 46px; width: 19.8438%;\"><span style=\"font-family: arial, helvetica, sans-serif;\">Col de la Gineste<\/span><\/td>\n<td style=\"height: 46px; width: 12.5%;\"><span style=\"font-family: arial, helvetica, sans-serif;\">FR-11-0645a<\/span><\/td>\n<td style=\"height: 46px; width: 2.65625%;\"><span style=\"font-family: arial, helvetica, sans-serif;\">Col du Quit<\/span><\/td>\n<td style=\"height: 46px; width: 28.9062%;\"><span style=\"font-family: arial, helvetica, sans-serif;\">FR-66-0963<\/span><\/td>\n<td style=\"height: 46px; width: 21.5625%;\"><span style=\"font-family: arial, helvetica, sans-serif;\">Coll Bas<\/span><\/td>\n<\/tr>\n<tr style=\"height: 46px;\">\n<td style=\"height: 46px; width: 12.5%;\"><span style=\"font-family: arial, helvetica, sans-serif;\">FR-11-0431<\/span><\/td>\n<td style=\"height: 46px; width: 19.8438%;\"><span style=\"font-family: arial, helvetica, sans-serif;\">Col de Ferr\u00e9ol<\/span><\/td>\n<td style=\"height: 46px; width: 12.5%;\"><span style=\"font-family: arial, helvetica, sans-serif;\">FR-11-0665c<\/span><\/td>\n<td style=\"height: 46px; width: 2.65625%;\"><span style=\"font-family: arial, helvetica, sans-serif;\">Col de Br\u00e9zou<\/span><\/td>\n<td style=\"height: 46px; width: 28.9062%;\"><span style=\"font-family: arial, helvetica, sans-serif;\">FR-66-1005a<\/span><\/td>\n<td style=\"height: 46px; width: 21.5625%;\"><span style=\"font-family: arial, helvetica, sans-serif;\">Col de l'Espinas<\/span><\/td>\n<\/tr>\n<tr style=\"height: 46px;\">\n<td style=\"height: 46px; width: 12.5%;\"><span style=\"font-family: arial, helvetica, sans-serif;\">FR-11-0434<\/span><\/td>\n<td style=\"height: 46px; width: 19.8438%;\"><span style=\"font-family: arial, helvetica, sans-serif;\">Col de Mairolles<\/span><\/td>\n<td style=\"height: 46px; width: 12.5%;\"><span style=\"font-family: arial, helvetica, sans-serif;\">FR-11-0887<\/span><\/td>\n<td style=\"height: 46px; width: 2.65625%;\"><span style=\"font-family: arial, helvetica, sans-serif;\">Pourteille<\/span><\/td>\n<td style=\"height: 46px; width: 28.9062%;\"><span style=\"font-family: arial, helvetica, sans-serif;\">FR-66-1035<\/span><\/td>\n<td style=\"height: 46px; width: 21.5625%;\"><span style=\"font-family: arial, helvetica, sans-serif;\">Lage kraag<\/span><\/td>\n<\/tr>\n<tr style=\"height: 46px;\">\n<td style=\"height: 46px; width: 12.5%;\"><span style=\"font-family: arial, helvetica, sans-serif;\">FR-11-0445<\/span><\/td>\n<td style=\"height: 46px; width: 19.8438%;\"><span style=\"font-family: arial, helvetica, sans-serif;\">Col de la Garrigue<\/span><\/td>\n<td style=\"height: 46px; width: 12.5%;\"><span style=\"font-family: arial, helvetica, sans-serif;\">FR-11-0932b<\/span><\/td>\n<td style=\"height: 46px; width: 2.65625%;\"><span style=\"font-family: arial, helvetica, sans-serif;\">Tulla Pas<\/span><\/td>\n<td style=\"height: 46px; width: 28.9062%;\">\u00a0<\/td>\n<td style=\"height: 46px; width: 21.5625%;\">\u00a0<\/td>\n<\/tr>\n<\/tbody>\n<\/table>\n\n\n<h2 class=\"wp-block-heading\">Fotoalbums<\/h2>\n\n\n\n<figure class=\"wp-block-gallery has-nested-images columns-4 is-cropped wp-block-gallery-1 is-layout-flex wp-block-gallery-is-layout-flex\">\n<figure class=\"wp-block-image size-full\"><a href=\"https:\/\/centcols.org\/les_rendez-vous\/2009\/Tuchan\/photos\/album-photos-tuchan-01.htm\" target=\"_blank\" rel=\"noreferrer noopener\"><img loading=\"lazy\" decoding=\"async\" width=\"640\" height=\"480\" data-id=\"89207\" src=\"https:\/\/centcols.org\/wp-content\/uploads\/2009\/01\/phc-18.jpg\" alt=\"\" class=\"wp-image-89207\" srcset=\"https:\/\/centcols.org\/wp-content\/uploads\/2009\/01\/phc-18.jpg 640w, https:\/\/centcols.org\/wp-content\/uploads\/2009\/01\/phc-18-16x12.jpg 16w\" sizes=\"auto, (max-width: 640px) 100vw, 640px\" \/><\/a><figcaption class=\"wp-element-caption\">Album van Philippe Carrez<\/figcaption><\/figure>\n\n\n\n<figure class=\"wp-block-image size-full\"><a href=\"https:\/\/centcols.org\/les_rendez-vous\/2009\/Tuchan\/photos\/album-photos-tuchan-06.htm\" target=\"_blank\" rel=\"noreferrer noopener\"><img loading=\"lazy\" decoding=\"async\" width=\"640\" height=\"480\" data-id=\"89208\" src=\"https:\/\/centcols.org\/wp-content\/uploads\/2009\/01\/alotto-0016.jpg\" alt=\"\" class=\"wp-image-89208\" srcset=\"https:\/\/centcols.org\/wp-content\/uploads\/2009\/01\/alotto-0016.jpg 640w, https:\/\/centcols.org\/wp-content\/uploads\/2009\/01\/alotto-0016-16x12.jpg 16w\" sizes=\"auto, (max-width: 640px) 100vw, 640px\" \/><\/a><figcaption class=\"wp-element-caption\">Alf\u00e9o Lotto album<\/figcaption><\/figure>\n\n\n\n<figure class=\"wp-block-image size-full\"><a href=\"https:\/\/centcols.org\/les_rendez-vous\/2009\/Tuchan\/photos\/album-photos-tuchan-02.htm\" target=\"_blank\" rel=\"noreferrer noopener\"><img loading=\"lazy\" decoding=\"async\" width=\"640\" height=\"480\" data-id=\"89209\" src=\"https:\/\/centcols.org\/wp-content\/uploads\/2009\/01\/jpl-011.jpg\" alt=\"\" class=\"wp-image-89209\" srcset=\"https:\/\/centcols.org\/wp-content\/uploads\/2009\/01\/jpl-011.jpg 640w, https:\/\/centcols.org\/wp-content\/uploads\/2009\/01\/jpl-011-16x12.jpg 16w\" sizes=\"auto, (max-width: 640px) 100vw, 640px\" \/><\/a><figcaption class=\"wp-element-caption\">Album van Jean-Pierre Lambert<\/figcaption><\/figure>\n\n\n\n<figure class=\"wp-block-image size-full\"><a href=\"https:\/\/centcols.org\/les_rendez-vous\/2009\/Tuchan\/photos\/album-photos-tuchan-03.htm\" target=\"_blank\" rel=\"noreferrer noopener\"><img loading=\"lazy\" decoding=\"async\" width=\"640\" height=\"480\" data-id=\"89210\" src=\"https:\/\/centcols.org\/wp-content\/uploads\/2009\/01\/TL06_2756m.jpg\" alt=\"\" class=\"wp-image-89210\" srcset=\"https:\/\/centcols.org\/wp-content\/uploads\/2009\/01\/TL06_2756m.jpg 640w, https:\/\/centcols.org\/wp-content\/uploads\/2009\/01\/TL06_2756m-16x12.jpg 16w\" sizes=\"auto, (max-width: 640px) 100vw, 640px\" \/><\/a><figcaption class=\"wp-element-caption\">Album van Thierry Labour<\/figcaption><\/figure>\n\n\n\n<figure class=\"wp-block-image size-full\"><a href=\"https:\/\/centcols.org\/les_rendez-vous\/2009\/Tuchan\/photos\/album-photos-tuchan-04.htm\" target=\"_blank\" rel=\"noreferrer noopener\"><img loading=\"lazy\" decoding=\"async\" width=\"640\" height=\"360\" data-id=\"89212\" src=\"https:\/\/centcols.org\/wp-content\/uploads\/2009\/01\/RP38.jpg\" alt=\"\" class=\"wp-image-89212\" srcset=\"https:\/\/centcols.org\/wp-content\/uploads\/2009\/01\/RP38.jpg 640w, https:\/\/centcols.org\/wp-content\/uploads\/2009\/01\/RP38-18x10.jpg 18w\" sizes=\"auto, (max-width: 640px) 100vw, 640px\" \/><\/a><figcaption class=\"wp-element-caption\">Album van Ren\u00e9 Poty<\/figcaption><\/figure>\n\n\n\n<figure class=\"wp-block-image size-full\"><a href=\"https:\/\/centcols.org\/les_rendez-vous\/2009\/Tuchan\/photos\/album-photos-tuchan-05.htm\" target=\"_blank\" rel=\"noreferrer noopener\"><img loading=\"lazy\" decoding=\"async\" width=\"640\" height=\"480\" data-id=\"89213\" src=\"https:\/\/centcols.org\/wp-content\/uploads\/2009\/01\/esola-04.jpg\" alt=\"\" class=\"wp-image-89213\" srcset=\"https:\/\/centcols.org\/wp-content\/uploads\/2009\/01\/esola-04.jpg 640w, https:\/\/centcols.org\/wp-content\/uploads\/2009\/01\/esola-04-16x12.jpg 16w\" sizes=\"auto, (max-width: 640px) 100vw, 640px\" \/><\/a><figcaption class=\"wp-element-caption\">Elie Sola album<\/figcaption><\/figure>\n\n\n\n<figure class=\"wp-block-image size-full\"><a href=\"https:\/\/centcols.org\/les_rendez-vous\/2009\/Tuchan\/photos\/album-photos-tuchan-08.htm\" target=\"_blank\" rel=\"noreferrer noopener\"><img loading=\"lazy\" decoding=\"async\" width=\"640\" height=\"480\" data-id=\"89214\" src=\"https:\/\/centcols.org\/wp-content\/uploads\/2009\/01\/sp-12.jpg\" alt=\"\" class=\"wp-image-89214\" srcset=\"https:\/\/centcols.org\/wp-content\/uploads\/2009\/01\/sp-12.jpg 640w, https:\/\/centcols.org\/wp-content\/uploads\/2009\/01\/sp-12-16x12.jpg 16w\" sizes=\"auto, (max-width: 640px) 100vw, 640px\" \/><\/a><figcaption class=\"wp-element-caption\">Album van Serge Polloni<\/figcaption><\/figure>\n\n\n\n<figure class=\"wp-block-image size-full\"><a href=\"https:\/\/centcols.org\/les_rendez-vous\/2009\/Tuchan\/photos\/album-photos-tuchan-09.htm\" target=\"_blank\" rel=\"noreferrer noopener\"><img loading=\"lazy\" decoding=\"async\" width=\"640\" height=\"480\" data-id=\"89215\" src=\"https:\/\/centcols.org\/wp-content\/uploads\/2009\/01\/cm-39.jpg\" alt=\"\" class=\"wp-image-89215\" srcset=\"https:\/\/centcols.org\/wp-content\/uploads\/2009\/01\/cm-39.jpg 640w, https:\/\/centcols.org\/wp-content\/uploads\/2009\/01\/cm-39-16x12.jpg 16w\" sizes=\"auto, (max-width: 640px) 100vw, 640px\" \/><\/a><figcaption class=\"wp-element-caption\">Album van Francine en Claude Mabillot<\/figcaption><\/figure>\n\n\n\n<figure class=\"wp-block-image size-full\"><a href=\"https:\/\/centcols.org\/les_rendez-vous\/2009\/Tuchan\/photos\/album-photos-tuchan-10.htm\" target=\"_blank\" rel=\"noreferrer noopener\"><img loading=\"lazy\" decoding=\"async\" width=\"640\" height=\"480\" data-id=\"89217\" src=\"https:\/\/centcols.org\/wp-content\/uploads\/2009\/01\/campenon-08.jpg\" alt=\"\" class=\"wp-image-89217\" srcset=\"https:\/\/centcols.org\/wp-content\/uploads\/2009\/01\/campenon-08.jpg 640w, https:\/\/centcols.org\/wp-content\/uploads\/2009\/01\/campenon-08-16x12.jpg 16w\" sizes=\"auto, (max-width: 640px) 100vw, 640px\" \/><\/a><figcaption class=\"wp-element-caption\">Album van Claude Camp\u00e9non<\/figcaption><\/figure>\n\n\n\n<figure class=\"wp-block-image size-full\"><a href=\"https:\/\/centcols.org\/les_rendez-vous\/2009\/Tuchan\/photos\/album-photos-tuchan-11.htm\" target=\"_blank\" rel=\"noreferrer noopener\"><img loading=\"lazy\" decoding=\"async\" width=\"640\" height=\"480\" data-id=\"89218\" src=\"https:\/\/centcols.org\/wp-content\/uploads\/2009\/01\/pmai-04Dimanche4.jpg\" alt=\"\" class=\"wp-image-89218\" srcset=\"https:\/\/centcols.org\/wp-content\/uploads\/2009\/01\/pmai-04Dimanche4.jpg 640w, https:\/\/centcols.org\/wp-content\/uploads\/2009\/01\/pmai-04Dimanche4-16x12.jpg 16w\" sizes=\"auto, (max-width: 640px) 100vw, 640px\" \/><\/a><figcaption class=\"wp-element-caption\">Album van Pierre Mai<\/figcaption><\/figure>\n\n\n\n<figure class=\"wp-block-image size-full\"><a href=\"https:\/\/centcols.org\/les_rendez-vous\/2009\/Tuchan\/photos\/album-photos-tuchan-12.htm\" target=\"_blank\" rel=\"noreferrer noopener\"><img loading=\"lazy\" decoding=\"async\" width=\"640\" height=\"480\" data-id=\"89219\" src=\"https:\/\/centcols.org\/wp-content\/uploads\/2009\/01\/jmt-02.jpg\" alt=\"\" class=\"wp-image-89219\" srcset=\"https:\/\/centcols.org\/wp-content\/uploads\/2009\/01\/jmt-02.jpg 640w, https:\/\/centcols.org\/wp-content\/uploads\/2009\/01\/jmt-02-16x12.jpg 16w\" sizes=\"auto, (max-width: 640px) 100vw, 640px\" \/><\/a><figcaption class=\"wp-element-caption\">Album van Jean-Marie Taudin<\/figcaption><\/figure>\n\n\n\n<figure class=\"wp-block-image size-full\"><a href=\"https:\/\/centcols.org\/les_rendez-vous\/2009\/Tuchan\/photos\/album-photos-tuchan-13.htm\" target=\"_blank\" rel=\"noreferrer noopener\"><img loading=\"lazy\" decoding=\"async\" width=\"640\" height=\"440\" data-id=\"89220\" src=\"https:\/\/centcols.org\/wp-content\/uploads\/2009\/01\/gg-07.jpg\" alt=\"\" class=\"wp-image-89220\" srcset=\"https:\/\/centcols.org\/wp-content\/uploads\/2009\/01\/gg-07.jpg 640w, https:\/\/centcols.org\/wp-content\/uploads\/2009\/01\/gg-07-18x12.jpg 18w\" sizes=\"auto, (max-width: 640px) 100vw, 640px\" \/><\/a><figcaption class=\"wp-element-caption\">Album van Guy Garcin<\/figcaption><\/figure>\n\n\n\n<figure class=\"wp-block-image size-full\"><a href=\"https:\/\/centcols.org\/les_rendez-vous\/2009\/Tuchan\/photos\/album-photos-tuchan-14.htm\" target=\"_blank\" rel=\"noreferrer noopener\"><img loading=\"lazy\" decoding=\"async\" width=\"640\" height=\"480\" data-id=\"89222\" src=\"https:\/\/centcols.org\/wp-content\/uploads\/2009\/01\/gh-17.jpg\" alt=\"\" class=\"wp-image-89222\" srcset=\"https:\/\/centcols.org\/wp-content\/uploads\/2009\/01\/gh-17.jpg 640w, https:\/\/centcols.org\/wp-content\/uploads\/2009\/01\/gh-17-16x12.jpg 16w\" sizes=\"auto, (max-width: 640px) 100vw, 640px\" \/><\/a><figcaption class=\"wp-element-caption\">Album van Guy Harl\u00e9<\/figcaption><\/figure>\n\n\n\n<figure class=\"wp-block-image size-full\"><a href=\"https:\/\/centcols.org\/les_rendez-vous\/2009\/Tuchan\/photos\/album-photos-tuchan-15.htm\" target=\"_blank\" rel=\"noreferrer noopener\"><img loading=\"lazy\" decoding=\"async\" width=\"640\" height=\"480\" data-id=\"89223\" src=\"https:\/\/centcols.org\/wp-content\/uploads\/2009\/01\/jcd-031.jpg\" alt=\"\" class=\"wp-image-89223\" srcset=\"https:\/\/centcols.org\/wp-content\/uploads\/2009\/01\/jcd-031.jpg 640w, https:\/\/centcols.org\/wp-content\/uploads\/2009\/01\/jcd-031-16x12.jpg 16w\" sizes=\"auto, (max-width: 640px) 100vw, 640px\" \/><\/a><figcaption class=\"wp-element-caption\">Album van Jean-Claude Durand<\/figcaption><\/figure>\n\n\n\n<figure class=\"wp-block-image size-full\"><a href=\"https:\/\/centcols.org\/les_rendez-vous\/2009\/Tuchan\/photos\/album-photos-tuchan-16.htm\" target=\"_blank\" rel=\"noreferrer noopener\"><img loading=\"lazy\" decoding=\"async\" width=\"640\" height=\"480\" data-id=\"89224\" src=\"https:\/\/centcols.org\/wp-content\/uploads\/2009\/01\/ad10.jpg\" alt=\"\" class=\"wp-image-89224\" srcset=\"https:\/\/centcols.org\/wp-content\/uploads\/2009\/01\/ad10.jpg 640w, https:\/\/centcols.org\/wp-content\/uploads\/2009\/01\/ad10-16x12.jpg 16w\" sizes=\"auto, (max-width: 640px) 100vw, 640px\" \/><\/a><figcaption class=\"wp-element-caption\">Album van Alain Dabe<\/figcaption><\/figure>\n\n\n\n<figure class=\"wp-block-image size-full\"><a href=\"https:\/\/centcols.org\/les_rendez-vous\/2009\/Tuchan\/photos\/album-photos-tuchan-17.htm\" target=\"_blank\" rel=\"noreferrer noopener\"><img loading=\"lazy\" decoding=\"async\" width=\"640\" height=\"480\" data-id=\"89226\" src=\"https:\/\/centcols.org\/wp-content\/uploads\/2009\/01\/l-alberici-03.jpg\" alt=\"\" class=\"wp-image-89226\" srcset=\"https:\/\/centcols.org\/wp-content\/uploads\/2009\/01\/l-alberici-03.jpg 640w, https:\/\/centcols.org\/wp-content\/uploads\/2009\/01\/l-alberici-03-16x12.jpg 16w\" sizes=\"auto, (max-width: 640px) 100vw, 640px\" \/><\/a><figcaption class=\"wp-element-caption\">Album van Louis Alberici<\/figcaption><\/figure>\n<\/figure>","protected":false},"excerpt":{"rendered":"<p>Le programme Rendez-vous au \u00ab Relais d\u2019Aguilar \u00bb \u00e0 Tuchan le 14 mars 2009 en fin d\u2019apr\u00e8s-midi. Un pot d\u2019accueil est pr\u00e9vu vers 19h30, suivi du d\u00eener \u00e0 20h (premi\u00e8re prestation de la pension compl\u00e8te). Les autres jours, d\u00eener \u00e0 19h30.Deux formules de s\u00e9jour sont propos\u00e9es: Dans les deux cas, la derni\u00e8re prestation de la [&hellip;]<\/p>\n","protected":false},"author":3,"featured_media":89207,"comment_status":"closed","ping_status":"closed","sticky":false,"template":"","format":"standard","meta":{"_acf_changed":false,"footnotes":""},"categories":[349,415,384,135,379,231],"tags":[],"class_list":["post-81635","post","type-post","status-publish","format-standard","has-post-thumbnail","hentry","category-france-pays-sejours","category-11-aude-departement-sejours","category-occitanie-region-sejours","category-calendrier","category-pyrenees-massif-sejours","category-sejours"],"acf":[],"yoast_head":"<!-- This site is optimized with the Yoast SEO plugin v27.2 - https:\/\/yoast.com\/product\/yoast-seo-wordpress\/ -->\n<title>S\u00e9jour de printemps &quot;Corbi\u00e8res&quot; \u00e0 Tuchan (Aude) du 14 au 21 mars 2009 - Club des Cent Cols<\/title>\n<meta name=\"robots\" content=\"index, follow, max-snippet:-1, max-image-preview:large, max-video-preview:-1\" \/>\n<link rel=\"canonical\" href=\"https:\/\/centcols.org\/nl\/corbieres-voorjaarsvakantie-in-tuchan-aude-van-14-tot-21-maart-2009\/\" \/>\n<meta property=\"og:locale\" content=\"nl_BE\" \/>\n<meta property=\"og:type\" content=\"article\" \/>\n<meta property=\"og:title\" content=\"S\u00e9jour de printemps &quot;Corbi\u00e8res&quot; \u00e0 Tuchan (Aude) du 14 au 21 mars 2009 - Club des Cent Cols\" \/>\n<meta property=\"og:description\" content=\"Le programme Rendez-vous au \u00ab Relais d\u2019Aguilar \u00bb \u00e0 Tuchan le 14 mars 2009 en fin d\u2019apr\u00e8s-midi. Un pot d\u2019accueil est pr\u00e9vu vers 19h30, suivi du d\u00eener \u00e0 20h (premi\u00e8re prestation de la pension compl\u00e8te). Les autres jours, d\u00eener \u00e0 19h30.Deux formules de s\u00e9jour sont propos\u00e9es: Dans les deux cas, la derni\u00e8re prestation de la [&hellip;]\" \/>\n<meta property=\"og:url\" content=\"https:\/\/centcols.org\/nl\/corbieres-voorjaarsvakantie-in-tuchan-aude-van-14-tot-21-maart-2009\/\" \/>\n<meta property=\"og:site_name\" content=\"Club des Cent Cols\" \/>\n<meta property=\"article:publisher\" content=\"https:\/\/www.facebook.com\/groups\/5261880558\/?locale=fr_FR\" \/>\n<meta property=\"article:published_time\" content=\"2009-01-23T06:59:11+00:00\" \/>\n<meta property=\"article:modified_time\" content=\"2025-10-02T08:22:14+00:00\" \/>\n<meta property=\"og:image\" content=\"https:\/\/centcols.org\/wp-content\/uploads\/2009\/01\/phc-18.jpg\" \/>\n\t<meta property=\"og:image:width\" content=\"640\" \/>\n\t<meta property=\"og:image:height\" content=\"480\" \/>\n\t<meta property=\"og:image:type\" content=\"image\/jpeg\" \/>\n<meta name=\"author\" content=\"Webmestre\" \/>\n<meta name=\"twitter:card\" content=\"summary_large_image\" \/>\n<meta name=\"twitter:label1\" content=\"Geschreven door\" \/>\n\t<meta name=\"twitter:data1\" content=\"Webmestre\" \/>\n\t<meta name=\"twitter:label2\" content=\"Geschatte leestijd\" \/>\n\t<meta name=\"twitter:data2\" content=\"10 minuten\" \/>\n<script type=\"application\/ld+json\" class=\"yoast-schema-graph\">{\"@context\":\"https:\/\/schema.org\",\"@graph\":[{\"@type\":\"Article\",\"@id\":\"https:\/\/centcols.org\/sejour-de-printemps-corbieres-a-tuchan-aude-du-14-au-21-mars-2009\/#article\",\"isPartOf\":{\"@id\":\"https:\/\/centcols.org\/sejour-de-printemps-corbieres-a-tuchan-aude-du-14-au-21-mars-2009\/\"},\"author\":{\"name\":\"Webmestre\",\"@id\":\"https:\/\/centcols.org\/#\/schema\/person\/911b404fb133d8c913dd27cdcf71c8e5\"},\"headline\":\"S\u00e9jour de printemps \u00ab\u00a0Corbi\u00e8res\u00a0\u00bb \u00e0 Tuchan (Aude) du 14 au 21 mars 2009\",\"datePublished\":\"2009-01-23T06:59:11+00:00\",\"dateModified\":\"2025-10-02T08:22:14+00:00\",\"mainEntityOfPage\":{\"@id\":\"https:\/\/centcols.org\/sejour-de-printemps-corbieres-a-tuchan-aude-du-14-au-21-mars-2009\/\"},\"wordCount\":1418,\"publisher\":{\"@id\":\"https:\/\/centcols.org\/#organization\"},\"image\":{\"@id\":\"https:\/\/centcols.org\/sejour-de-printemps-corbieres-a-tuchan-aude-du-14-au-21-mars-2009\/#primaryimage\"},\"thumbnailUrl\":\"https:\/\/centcols.org\/wp-content\/uploads\/2009\/01\/phc-18.jpg\",\"articleSection\":[\"France\",\"11-Aude\",\"Occitanie\",\"Calendrier\",\"Pyr\u00e9n\u00e9es\",\"S\u00e9jours du Club des Cent Cols\"],\"inLanguage\":\"nl-BE\"},{\"@type\":\"WebPage\",\"@id\":\"https:\/\/centcols.org\/sejour-de-printemps-corbieres-a-tuchan-aude-du-14-au-21-mars-2009\/\",\"url\":\"https:\/\/centcols.org\/sejour-de-printemps-corbieres-a-tuchan-aude-du-14-au-21-mars-2009\/\",\"name\":\"S\u00e9jour de printemps \\\"Corbi\u00e8res\\\" \u00e0 Tuchan (Aude) du 14 au 21 mars 2009 - Club des Cent Cols\",\"isPartOf\":{\"@id\":\"https:\/\/centcols.org\/#website\"},\"primaryImageOfPage\":{\"@id\":\"https:\/\/centcols.org\/sejour-de-printemps-corbieres-a-tuchan-aude-du-14-au-21-mars-2009\/#primaryimage\"},\"image\":{\"@id\":\"https:\/\/centcols.org\/sejour-de-printemps-corbieres-a-tuchan-aude-du-14-au-21-mars-2009\/#primaryimage\"},\"thumbnailUrl\":\"https:\/\/centcols.org\/wp-content\/uploads\/2009\/01\/phc-18.jpg\",\"datePublished\":\"2009-01-23T06:59:11+00:00\",\"dateModified\":\"2025-10-02T08:22:14+00:00\",\"breadcrumb\":{\"@id\":\"https:\/\/centcols.org\/sejour-de-printemps-corbieres-a-tuchan-aude-du-14-au-21-mars-2009\/#breadcrumb\"},\"inLanguage\":\"nl-BE\",\"potentialAction\":[{\"@type\":\"ReadAction\",\"target\":[\"https:\/\/centcols.org\/sejour-de-printemps-corbieres-a-tuchan-aude-du-14-au-21-mars-2009\/\"]}]},{\"@type\":\"ImageObject\",\"inLanguage\":\"nl-BE\",\"@id\":\"https:\/\/centcols.org\/sejour-de-printemps-corbieres-a-tuchan-aude-du-14-au-21-mars-2009\/#primaryimage\",\"url\":\"https:\/\/centcols.org\/wp-content\/uploads\/2009\/01\/phc-18.jpg\",\"contentUrl\":\"https:\/\/centcols.org\/wp-content\/uploads\/2009\/01\/phc-18.jpg\",\"width\":640,\"height\":480},{\"@type\":\"BreadcrumbList\",\"@id\":\"https:\/\/centcols.org\/sejour-de-printemps-corbieres-a-tuchan-aude-du-14-au-21-mars-2009\/#breadcrumb\",\"itemListElement\":[{\"@type\":\"ListItem\",\"position\":1,\"name\":\"Accueil\",\"item\":\"https:\/\/centcols.org\/\"},{\"@type\":\"ListItem\",\"position\":2,\"name\":\"S\u00e9jours du Club des Cent Cols\",\"item\":\"https:\/\/centcols.org\/rubrique\/sejours\/\"},{\"@type\":\"ListItem\",\"position\":3,\"name\":\"Pays\",\"item\":\"https:\/\/centcols.org\/rubrique\/sejours\/pays-sejours\/\"},{\"@type\":\"ListItem\",\"position\":4,\"name\":\"France\",\"item\":\"https:\/\/centcols.org\/rubrique\/sejours\/pays-sejours\/france-pays-sejours\/\"},{\"@type\":\"ListItem\",\"position\":5,\"name\":\"S\u00e9jour de printemps \u00ab\u00a0Corbi\u00e8res\u00a0\u00bb \u00e0 Tuchan (Aude) du 14 au 21 mars 2009\"}]},{\"@type\":\"WebSite\",\"@id\":\"https:\/\/centcols.org\/#website\",\"url\":\"https:\/\/centcols.org\/\",\"name\":\"Club des Cent Cols\",\"description\":\"\",\"publisher\":{\"@id\":\"https:\/\/centcols.org\/#organization\"},\"potentialAction\":[{\"@type\":\"SearchAction\",\"target\":{\"@type\":\"EntryPoint\",\"urlTemplate\":\"https:\/\/centcols.org\/?s={search_term_string}\"},\"query-input\":{\"@type\":\"PropertyValueSpecification\",\"valueRequired\":true,\"valueName\":\"search_term_string\"}}],\"inLanguage\":\"nl-BE\"},{\"@type\":\"Organization\",\"@id\":\"https:\/\/centcols.org\/#organization\",\"name\":\"Club des Cent Cols\",\"url\":\"https:\/\/centcols.org\/\",\"logo\":{\"@type\":\"ImageObject\",\"inLanguage\":\"nl-BE\",\"@id\":\"https:\/\/centcols.org\/#\/schema\/logo\/image\/\",\"url\":\"https:\/\/centcols.org\/wp-content\/uploads\/2025\/01\/carte-icone.png\",\"contentUrl\":\"https:\/\/centcols.org\/wp-content\/uploads\/2025\/01\/carte-icone.png\",\"width\":250,\"height\":250,\"caption\":\"Club des Cent Cols\"},\"image\":{\"@id\":\"https:\/\/centcols.org\/#\/schema\/logo\/image\/\"},\"sameAs\":[\"https:\/\/www.facebook.com\/groups\/5261880558\/?locale=fr_FR\"]},{\"@type\":\"Person\",\"@id\":\"https:\/\/centcols.org\/#\/schema\/person\/911b404fb133d8c913dd27cdcf71c8e5\",\"name\":\"Webmestre\",\"image\":{\"@type\":\"ImageObject\",\"inLanguage\":\"nl-BE\",\"@id\":\"https:\/\/centcols.org\/wp-content\/litespeed\/avatar\/2d246e4b6b4f773e08515e1ffc53690b.jpg?ver=1777222892\",\"url\":\"https:\/\/centcols.org\/wp-content\/litespeed\/avatar\/2d246e4b6b4f773e08515e1ffc53690b.jpg?ver=1777222892\",\"contentUrl\":\"https:\/\/centcols.org\/wp-content\/litespeed\/avatar\/2d246e4b6b4f773e08515e1ffc53690b.jpg?ver=1777222892\",\"caption\":\"Webmestre\"},\"url\":\"https:\/\/centcols.org\/nl\/author\/webmestre\/\"}]}<\/script>\n<!-- \/ Yoast SEO plugin. -->","yoast_head_json":{"title":"Voorjaarsvakantie \"Corbi\u00e8res\" in Tuchan (Aude) van 14 tot 21 maart 2009 - Club des Cent Cols","robots":{"index":"index","follow":"follow","max-snippet":"max-snippet:-1","max-image-preview":"max-image-preview:large","max-video-preview":"max-video-preview:-1"},"canonical":"https:\/\/centcols.org\/nl\/corbieres-voorjaarsvakantie-in-tuchan-aude-van-14-tot-21-maart-2009\/","og_locale":"nl_BE","og_type":"article","og_title":"S\u00e9jour de printemps \"Corbi\u00e8res\" \u00e0 Tuchan (Aude) du 14 au 21 mars 2009 - Club des Cent Cols","og_description":"Le programme Rendez-vous au \u00ab Relais d\u2019Aguilar \u00bb \u00e0 Tuchan le 14 mars 2009 en fin d\u2019apr\u00e8s-midi. Un pot d\u2019accueil est pr\u00e9vu vers 19h30, suivi du d\u00eener \u00e0 20h (premi\u00e8re prestation de la pension compl\u00e8te). Les autres jours, d\u00eener \u00e0 19h30.Deux formules de s\u00e9jour sont propos\u00e9es: Dans les deux cas, la derni\u00e8re prestation de la [&hellip;]","og_url":"https:\/\/centcols.org\/nl\/corbieres-voorjaarsvakantie-in-tuchan-aude-van-14-tot-21-maart-2009\/","og_site_name":"Club des Cent Cols","article_publisher":"https:\/\/www.facebook.com\/groups\/5261880558\/?locale=fr_FR","article_published_time":"2009-01-23T06:59:11+00:00","article_modified_time":"2025-10-02T08:22:14+00:00","og_image":[{"width":640,"height":480,"url":"https:\/\/centcols.org\/wp-content\/uploads\/2009\/01\/phc-18.jpg","type":"image\/jpeg"}],"author":"Webmestre","twitter_card":"summary_large_image","twitter_misc":{"Geschreven door":"Webmestre","Geschatte leestijd":"10 minuten"},"schema":{"@context":"https:\/\/schema.org","@graph":[{"@type":"Article","@id":"https:\/\/centcols.org\/sejour-de-printemps-corbieres-a-tuchan-aude-du-14-au-21-mars-2009\/#article","isPartOf":{"@id":"https:\/\/centcols.org\/sejour-de-printemps-corbieres-a-tuchan-aude-du-14-au-21-mars-2009\/"},"author":{"name":"Webmestre","@id":"https:\/\/centcols.org\/#\/schema\/person\/911b404fb133d8c913dd27cdcf71c8e5"},"headline":"S\u00e9jour de printemps \u00ab\u00a0Corbi\u00e8res\u00a0\u00bb \u00e0 Tuchan (Aude) du 14 au 21 mars 2009","datePublished":"2009-01-23T06:59:11+00:00","dateModified":"2025-10-02T08:22:14+00:00","mainEntityOfPage":{"@id":"https:\/\/centcols.org\/sejour-de-printemps-corbieres-a-tuchan-aude-du-14-au-21-mars-2009\/"},"wordCount":1418,"publisher":{"@id":"https:\/\/centcols.org\/#organization"},"image":{"@id":"https:\/\/centcols.org\/sejour-de-printemps-corbieres-a-tuchan-aude-du-14-au-21-mars-2009\/#primaryimage"},"thumbnailUrl":"https:\/\/centcols.org\/wp-content\/uploads\/2009\/01\/phc-18.jpg","articleSection":["France","11-Aude","Occitanie","Calendrier","Pyr\u00e9n\u00e9es","S\u00e9jours du Club des Cent Cols"],"inLanguage":"nl-BE"},{"@type":"WebPage","@id":"https:\/\/centcols.org\/sejour-de-printemps-corbieres-a-tuchan-aude-du-14-au-21-mars-2009\/","url":"https:\/\/centcols.org\/sejour-de-printemps-corbieres-a-tuchan-aude-du-14-au-21-mars-2009\/","name":"Voorjaarsvakantie \"Corbi\u00e8res\" in Tuchan (Aude) van 14 tot 21 maart 2009 - Club des Cent Cols","isPartOf":{"@id":"https:\/\/centcols.org\/#website"},"primaryImageOfPage":{"@id":"https:\/\/centcols.org\/sejour-de-printemps-corbieres-a-tuchan-aude-du-14-au-21-mars-2009\/#primaryimage"},"image":{"@id":"https:\/\/centcols.org\/sejour-de-printemps-corbieres-a-tuchan-aude-du-14-au-21-mars-2009\/#primaryimage"},"thumbnailUrl":"https:\/\/centcols.org\/wp-content\/uploads\/2009\/01\/phc-18.jpg","datePublished":"2009-01-23T06:59:11+00:00","dateModified":"2025-10-02T08:22:14+00:00","breadcrumb":{"@id":"https:\/\/centcols.org\/sejour-de-printemps-corbieres-a-tuchan-aude-du-14-au-21-mars-2009\/#breadcrumb"},"inLanguage":"nl-BE","potentialAction":[{"@type":"ReadAction","target":["https:\/\/centcols.org\/sejour-de-printemps-corbieres-a-tuchan-aude-du-14-au-21-mars-2009\/"]}]},{"@type":"ImageObject","inLanguage":"nl-BE","@id":"https:\/\/centcols.org\/sejour-de-printemps-corbieres-a-tuchan-aude-du-14-au-21-mars-2009\/#primaryimage","url":"https:\/\/centcols.org\/wp-content\/uploads\/2009\/01\/phc-18.jpg","contentUrl":"https:\/\/centcols.org\/wp-content\/uploads\/2009\/01\/phc-18.jpg","width":640,"height":480},{"@type":"BreadcrumbList","@id":"https:\/\/centcols.org\/sejour-de-printemps-corbieres-a-tuchan-aude-du-14-au-21-mars-2009\/#breadcrumb","itemListElement":[{"@type":"ListItem","position":1,"name":"Accueil","item":"https:\/\/centcols.org\/"},{"@type":"ListItem","position":2,"name":"S\u00e9jours du Club des Cent Cols","item":"https:\/\/centcols.org\/rubrique\/sejours\/"},{"@type":"ListItem","position":3,"name":"Pays","item":"https:\/\/centcols.org\/rubrique\/sejours\/pays-sejours\/"},{"@type":"ListItem","position":4,"name":"France","item":"https:\/\/centcols.org\/rubrique\/sejours\/pays-sejours\/france-pays-sejours\/"},{"@type":"ListItem","position":5,"name":"S\u00e9jour de printemps \u00ab\u00a0Corbi\u00e8res\u00a0\u00bb \u00e0 Tuchan (Aude) du 14 au 21 mars 2009"}]},{"@type":"WebSite","@id":"https:\/\/centcols.org\/#website","url":"https:\/\/centcols.org\/","name":"Club van Cent Cols","description":"","publisher":{"@id":"https:\/\/centcols.org\/#organization"},"potentialAction":[{"@type":"SearchAction","target":{"@type":"EntryPoint","urlTemplate":"https:\/\/centcols.org\/?s={search_term_string}"},"query-input":{"@type":"PropertyValueSpecification","valueRequired":true,"valueName":"search_term_string"}}],"inLanguage":"nl-BE"},{"@type":"Organization","@id":"https:\/\/centcols.org\/#organization","name":"Club van Cent Cols","url":"https:\/\/centcols.org\/","logo":{"@type":"ImageObject","inLanguage":"nl-BE","@id":"https:\/\/centcols.org\/#\/schema\/logo\/image\/","url":"https:\/\/centcols.org\/wp-content\/uploads\/2025\/01\/carte-icone.png","contentUrl":"https:\/\/centcols.org\/wp-content\/uploads\/2025\/01\/carte-icone.png","width":250,"height":250,"caption":"Club des Cent Cols"},"image":{"@id":"https:\/\/centcols.org\/#\/schema\/logo\/image\/"},"sameAs":["https:\/\/www.facebook.com\/groups\/5261880558\/?locale=fr_FR"]},{"@type":"Person","@id":"https:\/\/centcols.org\/#\/schema\/person\/911b404fb133d8c913dd27cdcf71c8e5","name":"Webmaster","image":{"@type":"ImageObject","inLanguage":"nl-BE","@id":"https:\/\/centcols.org\/wp-content\/litespeed\/avatar\/2d246e4b6b4f773e08515e1ffc53690b.jpg?ver=1777222892","url":"https:\/\/centcols.org\/wp-content\/litespeed\/avatar\/2d246e4b6b4f773e08515e1ffc53690b.jpg?ver=1777222892","contentUrl":"https:\/\/centcols.org\/wp-content\/litespeed\/avatar\/2d246e4b6b4f773e08515e1ffc53690b.jpg?ver=1777222892","caption":"Webmestre"},"url":"https:\/\/centcols.org\/nl\/author\/webmestre\/"}]}},"_links":{"self":[{"href":"https:\/\/centcols.org\/nl\/wp-json\/wp\/v2\/posts\/81635","targetHints":{"allow":["GET"]}}],"collection":[{"href":"https:\/\/centcols.org\/nl\/wp-json\/wp\/v2\/posts"}],"about":[{"href":"https:\/\/centcols.org\/nl\/wp-json\/wp\/v2\/types\/post"}],"author":[{"embeddable":true,"href":"https:\/\/centcols.org\/nl\/wp-json\/wp\/v2\/users\/3"}],"replies":[{"embeddable":true,"href":"https:\/\/centcols.org\/nl\/wp-json\/wp\/v2\/comments?post=81635"}],"version-history":[{"count":0,"href":"https:\/\/centcols.org\/nl\/wp-json\/wp\/v2\/posts\/81635\/revisions"}],"wp:featuredmedia":[{"embeddable":true,"href":"https:\/\/centcols.org\/nl\/wp-json\/wp\/v2\/media\/89207"}],"wp:attachment":[{"href":"https:\/\/centcols.org\/nl\/wp-json\/wp\/v2\/media?parent=81635"}],"wp:term":[{"taxonomy":"category","embeddable":true,"href":"https:\/\/centcols.org\/nl\/wp-json\/wp\/v2\/categories?post=81635"},{"taxonomy":"post_tag","embeddable":true,"href":"https:\/\/centcols.org\/nl\/wp-json\/wp\/v2\/tags?post=81635"}],"curies":[{"name":"wp","href":"https:\/\/api.w.org\/{rel}","templated":true}]}}