{"id":81684,"date":"2015-04-20T14:45:17","date_gmt":"2015-04-20T12:45:17","guid":{"rendered":"https:\/\/centcols.org\/assemblee-generale-du-club-des-cent-cols-a-vogue-ardeche-les-29-et-30-novembre-2014\/"},"modified":"2025-11-06T09:43:49","modified_gmt":"2025-11-06T07:43:49","slug":"ag-2014-vogue","status":"publish","type":"post","link":"https:\/\/centcols.org\/nl\/ag-2014-vogue\/","title":{"rendered":"Algemene vergadering van de Club des Cent Cols in Vog\u00fc\u00e9 (Ard\u00e8che) op 29 en 30 november 2014"},"content":{"rendered":"<h2 class=\"wp-block-heading\">Presentatie<\/h2>\n\n\n\n<p>Voor de Algemene Vergadering van 2014 verhuist de broederschap naar een meer centrale locatie, het dorp Vog\u00fc\u00e9, dat bekend staat als een van de mooiste dorpen van Frankrijk. We worden ontvangen op het landgoed \u00abLou Capitelle\u00bb. De AVA wordt gehouden op zaterdag vanaf 15.00 uur.<\/p>\n\n\n\n<p>Vog\u00fc\u00e9 is een dorp van 940 inwoners, gelegen op een gemiddelde hoogte van 160 m, in de lagere vallei van de Ard\u00e8che. Gebouwd in de vorm van een amfitheater aan de oevers van de Ard\u00e8che, was Vog\u00fc\u00e9 een middeleeuws dorp en een belangrijk spoorwegknooppunt tot 1982. Sommige sporen worden nog steeds gebruikt door de toeristische trein \u00abPicasso\u00bb, die een adembenemend uitzicht biedt vanaf het viaduct. De oudste delen van het dorp dateren uit de 11e eeuw.<sup>e<\/sup> eeuw en de XVII<sup>e<\/sup>. Het versterkte kasteel dateert uit de middeleeuwen en werd in de XVIIe eeuw gerestaureerd.<sup>e<\/sup>, Het behoorde toe aan markies Pierre de Vog\u00fc\u00e9. La Tourasse, in het centrum van het dorp, is de oudste woning in de omgeving. Een benedictijnse priorij heeft plaatsgemaakt voor de kerk Sainte Marie. De belangrijkste bron van inkomsten van het dorp is het toerisme en de wijnbouw. In het dorp vindt elk jaar de beroemde Ard\u00e9choise wielerwedstrijd plaats. De hoogten boven het dorp zijn geklasseerd als \u00abNatuurgebied van Ecologisch, Faunistisch en Floristisch Belang\u00bb. Het dorp heeft ook het label \u00abStation Verte de Vacances\u00bb gekregen.<\/p>\n\n\n\n<figure class=\"wp-block-gallery has-nested-images columns-3 is-cropped wp-block-gallery-1 is-layout-flex wp-block-gallery-is-layout-flex\">\n<figure class=\"wp-block-image size-full\"><a href=\"https:\/\/centcols.org\/wp-content\/uploads\/2015\/04\/ardeche.jpg\"><img loading=\"lazy\" decoding=\"async\" width=\"240\" height=\"180\" data-id=\"91861\" src=\"https:\/\/centcols.org\/wp-content\/uploads\/2015\/04\/ardeche.jpg\" alt=\"\" class=\"wp-image-91861\" srcset=\"https:\/\/centcols.org\/wp-content\/uploads\/2015\/04\/ardeche.jpg 240w, https:\/\/centcols.org\/wp-content\/uploads\/2015\/04\/ardeche-16x12.jpg 16w\" sizes=\"auto, (max-width: 240px) 100vw, 240px\" \/><\/a><\/figure>\n\n\n\n<figure class=\"wp-block-image size-full\"><a href=\"https:\/\/centcols.org\/wp-content\/uploads\/2015\/04\/ardeche.png\"><img loading=\"lazy\" decoding=\"async\" width=\"200\" height=\"220\" data-id=\"91862\" src=\"https:\/\/centcols.org\/wp-content\/uploads\/2015\/04\/ardeche.png\" alt=\"\" class=\"wp-image-91862\" srcset=\"https:\/\/centcols.org\/wp-content\/uploads\/2015\/04\/ardeche.png 200w, https:\/\/centcols.org\/wp-content\/uploads\/2015\/04\/ardeche-11x12.png 11w\" sizes=\"auto, (max-width: 200px) 100vw, 200px\" \/><\/a><\/figure>\n\n\n\n<figure class=\"wp-block-image size-full\"><a href=\"https:\/\/centcols.org\/wp-content\/uploads\/2015\/04\/pontdarc.jpg\"><img loading=\"lazy\" decoding=\"async\" width=\"240\" height=\"180\" data-id=\"91863\" src=\"https:\/\/centcols.org\/wp-content\/uploads\/2015\/04\/pontdarc.jpg\" alt=\"\" class=\"wp-image-91863\" srcset=\"https:\/\/centcols.org\/wp-content\/uploads\/2015\/04\/pontdarc.jpg 240w, https:\/\/centcols.org\/wp-content\/uploads\/2015\/04\/pontdarc-16x12.jpg 16w\" sizes=\"auto, (max-width: 240px) 100vw, 240px\" \/><\/a><\/figure>\n\n\n\n<figure class=\"wp-block-image size-full\"><a href=\"https:\/\/centcols.org\/wp-content\/uploads\/2015\/04\/viaduc.jpg\"><img loading=\"lazy\" decoding=\"async\" width=\"240\" height=\"180\" data-id=\"91864\" src=\"https:\/\/centcols.org\/wp-content\/uploads\/2015\/04\/viaduc.jpg\" alt=\"\" class=\"wp-image-91864\" srcset=\"https:\/\/centcols.org\/wp-content\/uploads\/2015\/04\/viaduc.jpg 240w, https:\/\/centcols.org\/wp-content\/uploads\/2015\/04\/viaduc-16x12.jpg 16w\" sizes=\"auto, (max-width: 240px) 100vw, 240px\" \/><\/a><\/figure>\n\n\n\n<figure class=\"wp-block-image size-large\"><img loading=\"lazy\" decoding=\"async\" width=\"200\" height=\"220\" data-id=\"91869\" src=\"https:\/\/centcols.org\/wp-content\/uploads\/2015\/04\/vogue.png\" alt=\"\" class=\"wp-image-91869\" srcset=\"https:\/\/centcols.org\/wp-content\/uploads\/2015\/04\/vogue.png 200w, https:\/\/centcols.org\/wp-content\/uploads\/2015\/04\/vogue-11x12.png 11w\" sizes=\"auto, (max-width: 200px) 100vw, 200px\" \/><\/figure>\n\n\n\n<figure class=\"wp-block-image size-full\"><a href=\"https:\/\/centcols.org\/wp-content\/uploads\/2015\/04\/vogue.jpg\"><img loading=\"lazy\" decoding=\"async\" width=\"240\" height=\"180\" data-id=\"91865\" src=\"https:\/\/centcols.org\/wp-content\/uploads\/2015\/04\/vogue.jpg\" alt=\"\" class=\"wp-image-91865\" srcset=\"https:\/\/centcols.org\/wp-content\/uploads\/2015\/04\/vogue.jpg 240w, https:\/\/centcols.org\/wp-content\/uploads\/2015\/04\/vogue-16x12.jpg 16w\" sizes=\"auto, (max-width: 240px) 100vw, 240px\" \/><\/a><\/figure>\n<\/figure>\n\n\n\n<h2 class=\"wp-block-heading\">Hosting<\/h2>\n\n\n\n<p>Vakantiedorp: Domaine de Lou Capitelle - 07200 Vog\u00fc\u00e9<br>tel. +33 (0)4 75 37 81 90 - <a href=\"http:\/\/www.loucapitelle.com\/\" target=\"_blank\" rel=\"noopener\">http:\/\/www.loucapitelle.com<\/a><br>132 comfort kamers, 50 luxe kamers: beddengoed en handdoeken inbegrepen, schoonmaak in rekening gebracht aan bewoners. Eenpersoonskamers beschikbaar tegen extra kosten.<\/p>\n\n\n\n<h3 class=\"wp-block-heading\">Contact<\/h3>\n\n\n\n<p>Toeristenbureau, Le Village, 07200 Vog\u00fc\u00e9 - +33 (0)4 75 37 01 17 -&nbsp; <a href=\"http:\/\/www.vogue-tourisme.com\/\" target=\"_blank\" rel=\"noopener\">http:\/\/www.vogue-tourisme.com<\/a><\/p>\n\n\n\n<h2 class=\"wp-block-heading\">Rondleidingen<\/h2>\n\n\n\n<p>Zowel op zaterdag 29 als op zondag 30 worden weg- en mountainbikeroutes aangeboden. Dit zijn suggesties die iedereen kan aanpassen aan zijn conditie en het weer. Natuurlijk moet je zaterdag vroeg genoeg vertrekken om op tijd terug te zijn voor de bijeenkomst: de fiets vertrekt om 8.30 uur. Als je de route per mountainbike doet, moet je een half uur van tevoren vertrekken om met de auto van Vog\u00fc\u00e9 naar Largenti\u00e8re te komen. De lijst van <a href=\"https:\/\/centcols.org\/nl\/membres\/cctours\/tours.php\/?lieu=Vog\u00fc\u00e9&amp;an=2014\">alle rondleidingen<\/a> is beschikbaar, evenals aparte lijsten voor <a href=\"https:\/\/centcols.org\/nl\/membres\/cctours\/tours.php\/?lieu=Vog\u00fc\u00e9&amp;an=2014&amp;genre=R\" target=\"_blank\" rel=\"noreferrer noopener\">wegen<\/a> en <a href=\"https:\/\/centcols.org\/nl\/membres\/cctours\/tours.php\/?lieu=Vog\u00fc\u00e9&amp;an=2014&amp;genre=V\" target=\"_blank\" rel=\"noreferrer noopener\">mountainbikeroutes<\/a>. Van deze lijsten zijn hoogteprofielen en interactieve kaarten beschikbaar voor elke route.<\/p>\n\n\n\n<p>Voor degenen die een GPS of kaartensoftware op hun computer gebruiken, zijn er <a href=\"https:\/\/centcols.org\/nl\/membres\/cctours\/tours.php\/?lieu=Vog\u00fc\u00e9&amp;an=2014\" target=\"_blank\" rel=\"noreferrer noopener\">geolocatiebestanden<\/a> kan worden gedownload.<\/p>\n\n\n\n<h2 class=\"wp-block-heading\">Andere activiteiten<\/h2>\n\n\n\n<ul class=\"wp-block-list\">\n<li>Canyoning, Maison du Plein-Air, 07200 Aubenas<\/li>\n\n\n\n<li>Speleologie, 07150 Vallon-Pont-d'Arc<\/li>\n\n\n\n<li>Kano\u00ebn, Les Salles, 07120 Balazuc<\/li>\n<\/ul>\n\n\n\n<h2 class=\"wp-block-heading\">Bezoek<\/h2>\n\n\n\n<ul class=\"wp-block-list\">\n<li>Ch\u00e2teau de Vog\u00fc\u00e9 (Romaanse kapel, kerkers, hangende tuin), daterend uit de Middeleeuwen en gerestaureerd in de 17e eeuw<\/li>\n\n\n\n<li>\u00c9glise Saint-Pierre de Sauveplantade (de kleinste Romaanse kerk uit de 9e en 11e eeuw)<\/li>\n\n\n\n<li>Het dorp Saint-Sernin, zeer vroeg bewoond door de mens (vuursteen, met het kruis van Espinasse, het voorwerp van processies om droogte af te wenden)<\/li>\n<\/ul>\n\n\n\n<h2 class=\"wp-block-heading\">Proeverijen<\/h2>\n\n\n\n<ul class=\"wp-block-list\">\n<li>Propri\u00e9t\u00e9 Claude Gascon, wijn, 07200 Rochecolombe: Gris de Grenache, Chardonnay<\/li>\n\n\n\n<li>Boucherie charcuterie Moulin, 07200 Saint-Etienne-de-Fontbellon: Ard\u00e8che-specialiteiten sinds 1946<\/li>\n\n\n\n<li>Le Petit Ard\u00e9chois, 07200 Saint-Etienne-de-Fontbellon: ambachtelijke nougats, calissons en pralines<\/li>\n\n\n\n<li>Le Gen\u00eat d'Or, 07200 Vog\u00fc\u00e9: Nougat uit de Ard\u00e8che met verschillende honingsoorten<\/li>\n<\/ul>\n\n\n\n<h2 class=\"wp-block-heading\">Fietsen voor Afrika<\/h2>\n\n\n\n<p>Deze operatie werd met succes gelanceerd door onze overleden vriend Roland Grimaud, in combinatie met de 2008 Club des Cent Cols AGM in Ch\u00e2teau-Arnoux en de 2009 AGM in Yenne. Ik heb aangeboden om het opnieuw te doen in Annecy tijdens de AGM van 2012, en opnieuw hebben een groot aantal van jullie gereageerd. Het evenement gaat dit jaar door, op 29 november in Vog\u00fc\u00e9.<\/p>\n\n\n\n<p>Dit initiatief wordt sinds 2001 uitgevoerd door de in Grenoble gevestigde vereniging \u00abREPERAGES\u00bb.<\/p>\n\n\n\n<p><strong>Solidariteitsactie<\/strong>REPERAGES: REPERAGES verzamelt alle fietsen, groot en klein, in goede of slechte staat, zelfs incompleet, knapt ze op in haar werkplaats en stuurt ze naar Afrika, met name Burkina Faso en Mali, waar de actie wordt overgenomen door dorpsverenigingen. Daar stimuleert het gebruik van fietsen kinderen om naar school te gaan, maakt het werk minder zwaar...<\/p>\n\n\n\n<p><strong>Hulp bij integratie<\/strong>: In Grenoble heeft de structuur geleid tot het cre\u00ebren van banen die worden begeleid en ondersteund als onderdeel van het integratieproces. Elk jaar worden er tussen de 3.000 en 3.500 fietsen ingezameld.<\/p>\n\n\n\n<p><strong>Milieuactie<\/strong>Een fiets, een niet-vervuilend vervoermiddel, kan worden gekocht bij REPERAGES.<\/p>\n\n\n\n<p>De structuur van Grenoble wordt ondersteund door de lokale overheden - staat - regio - departement - stad. Tal van lokale overheden, verenigingen en vrijwilligers werken samen op het gebied van inzameling.<\/p>\n\n\n\n<p>In Vog\u00fc\u00e9 is er een afgiftepunt (nader te bepalen). Het is open op zaterdag 29 november van 9.00 tot 13.00 uur.<\/p>\n\n\n\n<p>Geef van tevoren het aantal en de grootte van de fietsen door, zodat REPERAGES de ophaling kan organiseren. Natuurlijk worden ook fietsaccessoires ingezameld.<\/p>\n\n\n\n<p>Dank u voor uw vrijgevigheid...<\/p>\n\n\n\n<p><em>Robert YONNET<\/em>, CC 5292,&nbsp;<a href=\"javascript:;\">robert.yonnet@orange.fr<\/a>,+33 (0)6 81 85 54 71.<\/p>\n\n\n\n<h2 class=\"wp-block-heading\">Fotoalbums :<\/h2>\n\n\n\n<p><a href=\"https:\/\/centcols.org\/nl\/util\/visuAlbum.php\/?album=06502-002\" target=\"_blank\" rel=\"noreferrer noopener\">Fotoalbum van S\u00e9bastien Vadot<\/a><\/p>\n\n\n\n<p><a href=\"https:\/\/centcols.org\/nl\/backup\/ag-2014-vogue\/\"><\/a><\/p>\n\n\n\n<p><a href=\"https:\/\/centcols.org\/nl\/util\/visuAlbum.php\/?album=03872-005\" target=\"_blank\" rel=\"noreferrer noopener\">Bernard Giraudeau fotoalbum<\/a><\/p>\n\n\n\n<p><a href=\"https:\/\/centcols.org\/backup\/wp-content\/uploads\/2015\/04\/M004251.jpg\"><\/a><\/p>\n\n\n\n<p><a href=\"https:\/\/centcols.org\/nl\/util\/visuAlbum.php\/?album=03693-007\" target=\"_blank\" rel=\"noreferrer noopener\">Alain Brault's fotoalbum<\/a><\/p>\n\n\n\n<p><a href=\"https:\/\/centcols.org\/backup\/wp-content\/uploads\/2015\/04\/M006261.jpg\"><\/a><\/p>\n\n\n\n<p><a href=\"https:\/\/centcols.org\/nl\/util\/visuAlbum.php\/?album=07279-001\" target=\"_blank\" rel=\"noreferrer noopener\">Andr\u00e9 Liotier fotoalbum<\/a><\/p>","protected":false},"excerpt":{"rendered":"<p>Pr\u00e9sentation Pour cette AG 2014, la confr\u00e9rie rejoindra un lieu plus central, le village de Vog\u00fc\u00e9, class\u00e9 parmi les plus beaux de France. Nous serons accueillis au domaine de \u00abLou Capitelle\u00bb. L&rsquo;assembl\u00e9e se tiendra le samedi \u00e0 partir de 15 heures. Vog\u00fc\u00e9 est un village de 940 habitants, situ\u00e9 \u00e0 une altitude moyenne de 160&nbsp;m, [&hellip;]<\/p>\n","protected":false},"author":3,"featured_media":81685,"comment_status":"closed","ping_status":"closed","sticky":false,"template":"","format":"standard","meta":{"_acf_changed":false,"footnotes":""},"categories":[217,135],"tags":[],"class_list":["post-81684","post","type-post","status-publish","format-standard","has-post-thumbnail","hentry","category-assemblees-generales","category-calendrier"],"acf":[],"yoast_head":"<!-- This site is optimized with the Yoast SEO plugin v27.2 - https:\/\/yoast.com\/product\/yoast-seo-wordpress\/ -->\n<title>Assembl\u00e9e g\u00e9n\u00e9rale du Club des Cent Cols \u00e0 Vog\u00fc\u00e9 (Ard\u00e8che) les 29 et 30 novembre 2014 - Club des Cent Cols<\/title>\n<meta name=\"robots\" content=\"index, follow, max-snippet:-1, max-image-preview:large, max-video-preview:-1\" \/>\n<link rel=\"canonical\" href=\"https:\/\/centcols.org\/nl\/ag-2014-vogue\/\" \/>\n<meta property=\"og:locale\" content=\"nl_BE\" \/>\n<meta property=\"og:type\" content=\"article\" \/>\n<meta property=\"og:title\" content=\"Assembl\u00e9e g\u00e9n\u00e9rale du Club des Cent Cols \u00e0 Vog\u00fc\u00e9 (Ard\u00e8che) les 29 et 30 novembre 2014 - Club des Cent Cols\" \/>\n<meta property=\"og:description\" content=\"Pr\u00e9sentation Pour cette AG 2014, la confr\u00e9rie rejoindra un lieu plus central, le village de Vog\u00fc\u00e9, class\u00e9 parmi les plus beaux de France. Nous serons accueillis au domaine de \u00abLou Capitelle\u00bb. L&rsquo;assembl\u00e9e se tiendra le samedi \u00e0 partir de 15 heures. Vog\u00fc\u00e9 est un village de 940 habitants, situ\u00e9 \u00e0 une altitude moyenne de 160&nbsp;m, [&hellip;]\" \/>\n<meta property=\"og:url\" content=\"https:\/\/centcols.org\/nl\/ag-2014-vogue\/\" \/>\n<meta property=\"og:site_name\" content=\"Club des Cent Cols\" \/>\n<meta property=\"article:publisher\" content=\"https:\/\/www.facebook.com\/groups\/5261880558\/?locale=fr_FR\" \/>\n<meta property=\"article:published_time\" content=\"2015-04-20T12:45:17+00:00\" \/>\n<meta property=\"article:modified_time\" content=\"2025-11-06T07:43:49+00:00\" \/>\n<meta property=\"og:image\" content=\"https:\/\/centcols.org\/wp-content\/uploads\/2025\/05\/M006261.jpg\" \/>\n\t<meta property=\"og:image:width\" content=\"800\" \/>\n\t<meta property=\"og:image:height\" content=\"600\" \/>\n\t<meta property=\"og:image:type\" content=\"image\/jpeg\" \/>\n<meta name=\"author\" content=\"Webmestre\" \/>\n<meta name=\"twitter:card\" content=\"summary_large_image\" \/>\n<meta name=\"twitter:label1\" content=\"Geschreven door\" \/>\n\t<meta name=\"twitter:data1\" content=\"Webmestre\" \/>\n\t<meta name=\"twitter:label2\" content=\"Geschatte leestijd\" \/>\n\t<meta name=\"twitter:data2\" content=\"6 minuten\" \/>\n<script type=\"application\/ld+json\" class=\"yoast-schema-graph\">{\"@context\":\"https:\/\/schema.org\",\"@graph\":[{\"@type\":\"Article\",\"@id\":\"https:\/\/centcols.org\/ag-2014-vogue\/#article\",\"isPartOf\":{\"@id\":\"https:\/\/centcols.org\/ag-2014-vogue\/\"},\"author\":{\"name\":\"Webmestre\",\"@id\":\"https:\/\/centcols.org\/#\/schema\/person\/911b404fb133d8c913dd27cdcf71c8e5\"},\"headline\":\"Assembl\u00e9e g\u00e9n\u00e9rale du Club des Cent Cols \u00e0 Vog\u00fc\u00e9 (Ard\u00e8che) les 29 et 30 novembre 2014\",\"datePublished\":\"2015-04-20T12:45:17+00:00\",\"dateModified\":\"2025-11-06T07:43:49+00:00\",\"mainEntityOfPage\":{\"@id\":\"https:\/\/centcols.org\/ag-2014-vogue\/\"},\"wordCount\":912,\"publisher\":{\"@id\":\"https:\/\/centcols.org\/#organization\"},\"image\":{\"@id\":\"https:\/\/centcols.org\/ag-2014-vogue\/#primaryimage\"},\"thumbnailUrl\":\"https:\/\/centcols.org\/wp-content\/uploads\/2025\/05\/M006261.jpg\",\"articleSection\":[\"Assembl\u00e9es g\u00e9n\u00e9rales\",\"Calendrier\"],\"inLanguage\":\"nl-BE\"},{\"@type\":\"WebPage\",\"@id\":\"https:\/\/centcols.org\/ag-2014-vogue\/\",\"url\":\"https:\/\/centcols.org\/ag-2014-vogue\/\",\"name\":\"Assembl\u00e9e g\u00e9n\u00e9rale du Club des Cent Cols \u00e0 Vog\u00fc\u00e9 (Ard\u00e8che) les 29 et 30 novembre 2014 - Club des Cent Cols\",\"isPartOf\":{\"@id\":\"https:\/\/centcols.org\/#website\"},\"primaryImageOfPage\":{\"@id\":\"https:\/\/centcols.org\/ag-2014-vogue\/#primaryimage\"},\"image\":{\"@id\":\"https:\/\/centcols.org\/ag-2014-vogue\/#primaryimage\"},\"thumbnailUrl\":\"https:\/\/centcols.org\/wp-content\/uploads\/2025\/05\/M006261.jpg\",\"datePublished\":\"2015-04-20T12:45:17+00:00\",\"dateModified\":\"2025-11-06T07:43:49+00:00\",\"breadcrumb\":{\"@id\":\"https:\/\/centcols.org\/ag-2014-vogue\/#breadcrumb\"},\"inLanguage\":\"nl-BE\",\"potentialAction\":[{\"@type\":\"ReadAction\",\"target\":[\"https:\/\/centcols.org\/ag-2014-vogue\/\"]}]},{\"@type\":\"ImageObject\",\"inLanguage\":\"nl-BE\",\"@id\":\"https:\/\/centcols.org\/ag-2014-vogue\/#primaryimage\",\"url\":\"https:\/\/centcols.org\/wp-content\/uploads\/2025\/05\/M006261.jpg\",\"contentUrl\":\"https:\/\/centcols.org\/wp-content\/uploads\/2025\/05\/M006261.jpg\",\"width\":800,\"height\":600},{\"@type\":\"BreadcrumbList\",\"@id\":\"https:\/\/centcols.org\/ag-2014-vogue\/#breadcrumb\",\"itemListElement\":[{\"@type\":\"ListItem\",\"position\":1,\"name\":\"Accueil\",\"item\":\"https:\/\/centcols.org\/\"},{\"@type\":\"ListItem\",\"position\":2,\"name\":\"Assembl\u00e9es g\u00e9n\u00e9rales\",\"item\":\"https:\/\/centcols.org\/rubrique\/assemblees-generales\/\"},{\"@type\":\"ListItem\",\"position\":3,\"name\":\"Assembl\u00e9e g\u00e9n\u00e9rale du Club des Cent Cols \u00e0 Vog\u00fc\u00e9 (Ard\u00e8che) les 29 et 30 novembre 2014\"}]},{\"@type\":\"WebSite\",\"@id\":\"https:\/\/centcols.org\/#website\",\"url\":\"https:\/\/centcols.org\/\",\"name\":\"Club des Cent Cols\",\"description\":\"\",\"publisher\":{\"@id\":\"https:\/\/centcols.org\/#organization\"},\"potentialAction\":[{\"@type\":\"SearchAction\",\"target\":{\"@type\":\"EntryPoint\",\"urlTemplate\":\"https:\/\/centcols.org\/?s={search_term_string}\"},\"query-input\":{\"@type\":\"PropertyValueSpecification\",\"valueRequired\":true,\"valueName\":\"search_term_string\"}}],\"inLanguage\":\"nl-BE\"},{\"@type\":\"Organization\",\"@id\":\"https:\/\/centcols.org\/#organization\",\"name\":\"Club des Cent Cols\",\"url\":\"https:\/\/centcols.org\/\",\"logo\":{\"@type\":\"ImageObject\",\"inLanguage\":\"nl-BE\",\"@id\":\"https:\/\/centcols.org\/#\/schema\/logo\/image\/\",\"url\":\"https:\/\/centcols.org\/wp-content\/uploads\/2025\/01\/carte-icone.png\",\"contentUrl\":\"https:\/\/centcols.org\/wp-content\/uploads\/2025\/01\/carte-icone.png\",\"width\":250,\"height\":250,\"caption\":\"Club des Cent Cols\"},\"image\":{\"@id\":\"https:\/\/centcols.org\/#\/schema\/logo\/image\/\"},\"sameAs\":[\"https:\/\/www.facebook.com\/groups\/5261880558\/?locale=fr_FR\"]},{\"@type\":\"Person\",\"@id\":\"https:\/\/centcols.org\/#\/schema\/person\/911b404fb133d8c913dd27cdcf71c8e5\",\"name\":\"Webmestre\",\"image\":{\"@type\":\"ImageObject\",\"inLanguage\":\"nl-BE\",\"@id\":\"https:\/\/centcols.org\/wp-content\/litespeed\/avatar\/2d246e4b6b4f773e08515e1ffc53690b.jpg?ver=1777222892\",\"url\":\"https:\/\/centcols.org\/wp-content\/litespeed\/avatar\/2d246e4b6b4f773e08515e1ffc53690b.jpg?ver=1777222892\",\"contentUrl\":\"https:\/\/centcols.org\/wp-content\/litespeed\/avatar\/2d246e4b6b4f773e08515e1ffc53690b.jpg?ver=1777222892\",\"caption\":\"Webmestre\"},\"url\":\"https:\/\/centcols.org\/nl\/author\/webmestre\/\"}]}<\/script>\n<!-- \/ Yoast SEO plugin. -->","yoast_head_json":{"title":"Algemene vergadering van de Club des Cent Cols in Vog\u00fc\u00e9 (Ard\u00e8che) op 29 en 30 november 2014 - Club des Cent Cols","robots":{"index":"index","follow":"follow","max-snippet":"max-snippet:-1","max-image-preview":"max-image-preview:large","max-video-preview":"max-video-preview:-1"},"canonical":"https:\/\/centcols.org\/nl\/ag-2014-vogue\/","og_locale":"nl_BE","og_type":"article","og_title":"Assembl\u00e9e g\u00e9n\u00e9rale du Club des Cent Cols \u00e0 Vog\u00fc\u00e9 (Ard\u00e8che) les 29 et 30 novembre 2014 - Club des Cent Cols","og_description":"Pr\u00e9sentation Pour cette AG 2014, la confr\u00e9rie rejoindra un lieu plus central, le village de Vog\u00fc\u00e9, class\u00e9 parmi les plus beaux de France. Nous serons accueillis au domaine de \u00abLou Capitelle\u00bb. L&rsquo;assembl\u00e9e se tiendra le samedi \u00e0 partir de 15 heures. Vog\u00fc\u00e9 est un village de 940 habitants, situ\u00e9 \u00e0 une altitude moyenne de 160&nbsp;m, [&hellip;]","og_url":"https:\/\/centcols.org\/nl\/ag-2014-vogue\/","og_site_name":"Club des Cent Cols","article_publisher":"https:\/\/www.facebook.com\/groups\/5261880558\/?locale=fr_FR","article_published_time":"2015-04-20T12:45:17+00:00","article_modified_time":"2025-11-06T07:43:49+00:00","og_image":[{"width":800,"height":600,"url":"https:\/\/centcols.org\/wp-content\/uploads\/2025\/05\/M006261.jpg","type":"image\/jpeg"}],"author":"Webmestre","twitter_card":"summary_large_image","twitter_misc":{"Geschreven door":"Webmestre","Geschatte leestijd":"6 minuten"},"schema":{"@context":"https:\/\/schema.org","@graph":[{"@type":"Article","@id":"https:\/\/centcols.org\/ag-2014-vogue\/#article","isPartOf":{"@id":"https:\/\/centcols.org\/ag-2014-vogue\/"},"author":{"name":"Webmestre","@id":"https:\/\/centcols.org\/#\/schema\/person\/911b404fb133d8c913dd27cdcf71c8e5"},"headline":"Assembl\u00e9e g\u00e9n\u00e9rale du Club des Cent Cols \u00e0 Vog\u00fc\u00e9 (Ard\u00e8che) les 29 et 30 novembre 2014","datePublished":"2015-04-20T12:45:17+00:00","dateModified":"2025-11-06T07:43:49+00:00","mainEntityOfPage":{"@id":"https:\/\/centcols.org\/ag-2014-vogue\/"},"wordCount":912,"publisher":{"@id":"https:\/\/centcols.org\/#organization"},"image":{"@id":"https:\/\/centcols.org\/ag-2014-vogue\/#primaryimage"},"thumbnailUrl":"https:\/\/centcols.org\/wp-content\/uploads\/2025\/05\/M006261.jpg","articleSection":["Assembl\u00e9es g\u00e9n\u00e9rales","Calendrier"],"inLanguage":"nl-BE"},{"@type":"WebPage","@id":"https:\/\/centcols.org\/ag-2014-vogue\/","url":"https:\/\/centcols.org\/ag-2014-vogue\/","name":"Algemene vergadering van de Club des Cent Cols in Vog\u00fc\u00e9 (Ard\u00e8che) op 29 en 30 november 2014 - Club des Cent Cols","isPartOf":{"@id":"https:\/\/centcols.org\/#website"},"primaryImageOfPage":{"@id":"https:\/\/centcols.org\/ag-2014-vogue\/#primaryimage"},"image":{"@id":"https:\/\/centcols.org\/ag-2014-vogue\/#primaryimage"},"thumbnailUrl":"https:\/\/centcols.org\/wp-content\/uploads\/2025\/05\/M006261.jpg","datePublished":"2015-04-20T12:45:17+00:00","dateModified":"2025-11-06T07:43:49+00:00","breadcrumb":{"@id":"https:\/\/centcols.org\/ag-2014-vogue\/#breadcrumb"},"inLanguage":"nl-BE","potentialAction":[{"@type":"ReadAction","target":["https:\/\/centcols.org\/ag-2014-vogue\/"]}]},{"@type":"ImageObject","inLanguage":"nl-BE","@id":"https:\/\/centcols.org\/ag-2014-vogue\/#primaryimage","url":"https:\/\/centcols.org\/wp-content\/uploads\/2025\/05\/M006261.jpg","contentUrl":"https:\/\/centcols.org\/wp-content\/uploads\/2025\/05\/M006261.jpg","width":800,"height":600},{"@type":"BreadcrumbList","@id":"https:\/\/centcols.org\/ag-2014-vogue\/#breadcrumb","itemListElement":[{"@type":"ListItem","position":1,"name":"Accueil","item":"https:\/\/centcols.org\/"},{"@type":"ListItem","position":2,"name":"Assembl\u00e9es g\u00e9n\u00e9rales","item":"https:\/\/centcols.org\/rubrique\/assemblees-generales\/"},{"@type":"ListItem","position":3,"name":"Assembl\u00e9e g\u00e9n\u00e9rale du Club des Cent Cols \u00e0 Vog\u00fc\u00e9 (Ard\u00e8che) les 29 et 30 novembre 2014"}]},{"@type":"WebSite","@id":"https:\/\/centcols.org\/#website","url":"https:\/\/centcols.org\/","name":"Club van Cent Cols","description":"","publisher":{"@id":"https:\/\/centcols.org\/#organization"},"potentialAction":[{"@type":"SearchAction","target":{"@type":"EntryPoint","urlTemplate":"https:\/\/centcols.org\/?s={search_term_string}"},"query-input":{"@type":"PropertyValueSpecification","valueRequired":true,"valueName":"search_term_string"}}],"inLanguage":"nl-BE"},{"@type":"Organization","@id":"https:\/\/centcols.org\/#organization","name":"Club van Cent Cols","url":"https:\/\/centcols.org\/","logo":{"@type":"ImageObject","inLanguage":"nl-BE","@id":"https:\/\/centcols.org\/#\/schema\/logo\/image\/","url":"https:\/\/centcols.org\/wp-content\/uploads\/2025\/01\/carte-icone.png","contentUrl":"https:\/\/centcols.org\/wp-content\/uploads\/2025\/01\/carte-icone.png","width":250,"height":250,"caption":"Club des Cent Cols"},"image":{"@id":"https:\/\/centcols.org\/#\/schema\/logo\/image\/"},"sameAs":["https:\/\/www.facebook.com\/groups\/5261880558\/?locale=fr_FR"]},{"@type":"Person","@id":"https:\/\/centcols.org\/#\/schema\/person\/911b404fb133d8c913dd27cdcf71c8e5","name":"Webmaster","image":{"@type":"ImageObject","inLanguage":"nl-BE","@id":"https:\/\/centcols.org\/wp-content\/litespeed\/avatar\/2d246e4b6b4f773e08515e1ffc53690b.jpg?ver=1777222892","url":"https:\/\/centcols.org\/wp-content\/litespeed\/avatar\/2d246e4b6b4f773e08515e1ffc53690b.jpg?ver=1777222892","contentUrl":"https:\/\/centcols.org\/wp-content\/litespeed\/avatar\/2d246e4b6b4f773e08515e1ffc53690b.jpg?ver=1777222892","caption":"Webmestre"},"url":"https:\/\/centcols.org\/nl\/author\/webmestre\/"}]}},"_links":{"self":[{"href":"https:\/\/centcols.org\/nl\/wp-json\/wp\/v2\/posts\/81684","targetHints":{"allow":["GET"]}}],"collection":[{"href":"https:\/\/centcols.org\/nl\/wp-json\/wp\/v2\/posts"}],"about":[{"href":"https:\/\/centcols.org\/nl\/wp-json\/wp\/v2\/types\/post"}],"author":[{"embeddable":true,"href":"https:\/\/centcols.org\/nl\/wp-json\/wp\/v2\/users\/3"}],"replies":[{"embeddable":true,"href":"https:\/\/centcols.org\/nl\/wp-json\/wp\/v2\/comments?post=81684"}],"version-history":[{"count":0,"href":"https:\/\/centcols.org\/nl\/wp-json\/wp\/v2\/posts\/81684\/revisions"}],"wp:featuredmedia":[{"embeddable":true,"href":"https:\/\/centcols.org\/nl\/wp-json\/wp\/v2\/media\/81685"}],"wp:attachment":[{"href":"https:\/\/centcols.org\/nl\/wp-json\/wp\/v2\/media?parent=81684"}],"wp:term":[{"taxonomy":"category","embeddable":true,"href":"https:\/\/centcols.org\/nl\/wp-json\/wp\/v2\/categories?post=81684"},{"taxonomy":"post_tag","embeddable":true,"href":"https:\/\/centcols.org\/nl\/wp-json\/wp\/v2\/tags?post=81684"}],"curies":[{"name":"wp","href":"https:\/\/api.w.org\/{rel}","templated":true}]}}