{"id":81687,"date":"2015-04-16T09:20:55","date_gmt":"2015-04-16T07:20:55","guid":{"rendered":"https:\/\/centcols.org\/assemblee-generale-dexception-pour-le-40e-anniversaire-de-la-confrerie-a-annecy-les-1-et-2-decembre-2012\/"},"modified":"2025-11-06T04:54:56","modified_gmt":"2025-11-06T02:54:56","slug":"2012-annecy-ag","status":"publish","type":"post","link":"https:\/\/centcols.org\/nl\/ag-2012-annecy\/","title":{"rendered":"Buitengewone Algemene Vergadering voor de 40e verjaardag van de Confr\u00e9rie in Annecy op 1 en 2 december 2012"},"content":{"rendered":"<h2 class=\"wp-block-heading\">Presentatie<\/h2>\n\n\n\n<p>2012 is een uitzonderlijk jaar voor Annecy. De inzet van deze prachtige stad voor duurzame ontwikkeling en het behoud van de natuur is beloond met de titel van Europese Alpenstad van het Jaar 2012, en het is ook uitzonderlijk dat u gekomen bent om de 40e verjaardag van onze Confr\u00e9rie met ons te vieren. Steden veranderen, net als de mensen die ze hebben gemaakt, naarmate ze ouder worden. Ze veranderen met hun geschiedenis, met de mode en met de vooruitgang van de beschaving.<\/p>\n\n\n\n<p>Het Annecy van weleer is rijk genoeg aan po\u00ebzie, schilderachtigheid en menselijke gebeurtenissen om het Annecy van vandaag te dienen. Als een diamant in de setting van zijn bergen, met de zuiverheid van zijn meerwater herontdekt, is Annecy vandaag de dag niet een symbool van eeuwigheid?<\/p>\n\n\n\n<p>Onze jaarlijkse Algemene Vergadering wordt gehouden in het Imp\u00e9rial Conference Centre aan de oevers van het meer van Annecy. Het Imp\u00e9rial Palace, een voormalig luxe hotel uit 1913, is een opmerkelijke plek die een paar jaar geleden is gerenoveerd en heeft veel royalty's aangetrokken, zoals Churchill, Charlie Chaplin, Edith Piaf en koning George VI.<\/p>\n\n\n\n<p>Vandaag de dag biedt de Imp\u00e9rial drie opties: hotel, casino en conferentiecentrum. Onze Algemene Vergadering vindt plaats vanaf 15.00 uur op zaterdag 1 juli.<sup>er<\/sup> December in de Salle de l'Europe.<br>Dit wordt gevolgd door een aperitief in de lounges van het hotel, georganiseerd door de gemeenteraad van Annecy in aanwezigheid van de burgemeester.<br>Tijdens je hele verblijf word je verzorgd en in de watten gelegd door leden van de V\u00e9lo-Club d'Annecy. Deze fietsclub, een van de oudste in Frankrijk, werd opgericht in 1888.<\/p>\n\n\n\n<p>Vandaag de dag is de V.C. Annecy nog steeds een van de meest actieve fietsclubs in Frankrijk, niet alleen wat betreft het aantal leden, maar ook wat betreft de vele activiteiten en evenementen die worden georganiseerd (zoals de Aravis B.C.M.F. op 16 en 17 juni).<\/p>\n\n\n\n<p>Jean PERDOUX (CC nr. 1)<\/p>\n\n\n\n<h2 class=\"wp-block-heading\">Het verslag<\/h2>\n\n\n\n<p><a href=\"https:\/\/centcols.org\/wp-content\/uploads\/2025\/08\/compte_rendu.pdf\" target=\"_blank\" rel=\"noreferrer noopener\">Download de notulen in PDF<\/a><\/p>\n\n\n\n<h2 class=\"wp-block-heading\">Interventies<\/h2>\n\n\n\n<h3 class=\"wp-block-heading\">Toespraak door Jean Perdoux<\/h3>\n\n\n\n<p><a href=\"https:\/\/centcols.org\/wp-content\/uploads\/2025\/08\/intervention1.pdf\" target=\"_blank\" rel=\"noreferrer noopener\">Download de toespraak in PDF<\/a><\/p>\n\n\n\n<h3 class=\"wp-block-heading\">Toespraak door Jean-Luc Rigaut<\/h3>\n\n\n\n<p><a href=\"https:\/\/centcols.org\/wp-content\/uploads\/2025\/08\/discours_rigaut.pdf\" target=\"_blank\" rel=\"noreferrer noopener\">Download de toespraak in PDF<\/a><\/p>\n\n\n\n<h3 class=\"wp-block-heading\">Getuigenis van Henri Dusseau<\/h3>\n\n\n\n<p><a href=\"https:\/\/centcols.org\/wp-content\/uploads\/2025\/08\/intervention2.pdf\" target=\"_blank\" rel=\"noreferrer noopener\">Download de getuigenis in PDF<\/a><\/p>\n\n\n\n<h2 class=\"wp-block-heading\">Audio-opnamen<\/h2>\n\n\n\n<p><a class=\"iframe-fancybox\" href=\"http:\/\/centcols.org\/nl\/les_rendez-vous\/2012\/Annecy\/discours_perdoux.mp3\/\" target=\"_blank\" rel=\"noopener noreferrer\">Toespraak door Jean Perdoux<\/a><\/p>\n\n\n\n<p>Toespraak van Henri Dusseau : <a class=\"iframe-fancybox\" href=\"http:\/\/centcols.org\/nl\/les_rendez-vous\/2012\/Annecy\/discours_dusseau_1.mp3\/\" target=\"_blank\" rel=\"noopener noreferrer\">Deel 1<\/a> - <a class=\"iframe-fancybox\" href=\"http:\/\/centcols.org\/nl\/les_rendez-vous\/2012\/Annecy\/discours_dusseau_2.mp3\/\" target=\"_blank\" rel=\"noopener noreferrer\">Deel 2<\/a><\/p>\n\n\n\n<h2 class=\"wp-block-heading\">Persartikelen<\/h2>\n\n\n\n<p>Artikelen in de Dauphin\u00e9 Lib\u00e9r\u00e9: van <a href=\"https:\/\/centcols.org\/wp-content\/uploads\/2025\/08\/DL_20121202.jpg\" target=\"_blank\" rel=\"noreferrer noopener\">2 december<\/a> - de <a href=\"https:\/\/centcols.org\/wp-content\/uploads\/2025\/08\/DL_20121205a.jpg\" target=\"_blank\" rel=\"noreferrer noopener\">5 december (1)<\/a> - de <a href=\"https:\/\/centcols.org\/wp-content\/uploads\/2025\/08\/DL_20121205b.jpg\" target=\"_blank\" rel=\"noreferrer noopener\">5 december (2)<\/a><\/p>\n\n\n\n<h2 class=\"wp-block-heading\">Accommodatie en registratie<\/h2>\n\n\n\n<p>Accommodatie wordt geboden in de vakantie residentie \u00abLes Balcons du Lac\u00bb, gelegen op 8 km van Annecy op de weg Col de Leschaux.<br>Het vakantiedorp kijkt uit over het meer van Annecy en de bergen.<\/p>\n\n\n\n<p>We hebben gereserveerde kamers met 2 bedden en een aparte badkamer. Bedden zijn opgemaakt bij aankomst en handdoeken zijn aanwezig. Eenpersoonsbezetting is mogelijk op basis van beschikbaarheid (tegen betaling).<br>Er staat een feestelijke maaltijd voor je klaar: we hebben 200 plaatsen gereserveerd en je kunt je nu inschrijven via onderstaand inschrijfformulier.<\/p>\n\n\n\n<p>Aangezien dit een zeer bijzondere Algemene Vergadering is, kunnen we het potenti\u00eble aantal deelnemers moeilijk inschatten. Daarom vragen we je om je zo snel mogelijk in te schrijven (cheques worden niet v\u00f3\u00f3r de AVA afgeschreven) en uiterlijk op 30 september 2012, zodat we de diensten kunnen aanpassen en de organisatie van dit evenement aanzienlijk kunnen vergemakkelijken. We vragen ook diegenen onder jullie die van plan zijn om alleen de AGM bij te wonen, zonder deel te nemen aan diensten, om ons dit te laten weten zodat we ook het welkomstdrankje en de inrichting van de zaal hierop kunnen afstemmen.<\/p>\n\n\n\n<h3 class=\"wp-block-heading\">Vakantieverblijf \u00abLes Balcons du Lac\u00bb<\/h3>","protected":false},"excerpt":{"rendered":"<p>Pr\u00e9sentation 2012 est une ann\u00e9e exceptionnelle pour Annecy. Cette belle ville voit son engagement en faveur du d\u00e9veloppement durable et de la pr\u00e9servation de la nature r\u00e9compens\u00e9 par le titre de Ville europ\u00e9enne des Alpes de l&rsquo;ann\u00e9e 2012 et exceptionnelle aussi par votre venue pour f\u00eater avec nous les 40 ans de notre Confr\u00e9rie. Les [&hellip;]<\/p>\n","protected":false},"author":3,"featured_media":81688,"comment_status":"closed","ping_status":"open","sticky":false,"template":"","format":"standard","meta":{"_acf_changed":false,"footnotes":""},"categories":[217,135],"tags":[],"class_list":["post-81687","post","type-post","status-publish","format-standard","has-post-thumbnail","hentry","category-assemblees-generales","category-calendrier"],"acf":[],"yoast_head":"<!-- This site is optimized with the Yoast SEO plugin v27.2 - https:\/\/yoast.com\/product\/yoast-seo-wordpress\/ -->\n<title>Assembl\u00e9e g\u00e9n\u00e9rale d&#039;exception pour le 40e anniversaire de la Confr\u00e9rie \u00e0 Annecy les 1 et 2 d\u00e9cembre 2012 - Club des Cent Cols<\/title>\n<meta name=\"robots\" content=\"index, follow, max-snippet:-1, max-image-preview:large, max-video-preview:-1\" \/>\n<link rel=\"canonical\" href=\"https:\/\/centcols.org\/nl\/2012-annecy-ag\/\" \/>\n<meta property=\"og:locale\" content=\"nl_BE\" \/>\n<meta property=\"og:type\" content=\"article\" \/>\n<meta property=\"og:title\" content=\"Assembl\u00e9e g\u00e9n\u00e9rale d&#039;exception pour le 40e anniversaire de la Confr\u00e9rie \u00e0 Annecy les 1 et 2 d\u00e9cembre 2012 - Club des Cent Cols\" \/>\n<meta property=\"og:description\" content=\"Pr\u00e9sentation 2012 est une ann\u00e9e exceptionnelle pour Annecy. Cette belle ville voit son engagement en faveur du d\u00e9veloppement durable et de la pr\u00e9servation de la nature r\u00e9compens\u00e9 par le titre de Ville europ\u00e9enne des Alpes de l&rsquo;ann\u00e9e 2012 et exceptionnelle aussi par votre venue pour f\u00eater avec nous les 40 ans de notre Confr\u00e9rie. Les [&hellip;]\" \/>\n<meta property=\"og:url\" content=\"https:\/\/centcols.org\/nl\/2012-annecy-ag\/\" \/>\n<meta property=\"og:site_name\" content=\"Club des Cent Cols\" \/>\n<meta property=\"article:publisher\" content=\"https:\/\/www.facebook.com\/groups\/5261880558\/?locale=fr_FR\" \/>\n<meta property=\"article:published_time\" content=\"2015-04-16T07:20:55+00:00\" \/>\n<meta property=\"article:modified_time\" content=\"2025-11-06T02:54:56+00:00\" \/>\n<meta property=\"og:image\" content=\"https:\/\/centcols.org\/wp-content\/uploads\/2025\/05\/M015138.jpg\" \/>\n\t<meta property=\"og:image:width\" content=\"800\" \/>\n\t<meta property=\"og:image:height\" content=\"450\" \/>\n\t<meta property=\"og:image:type\" content=\"image\/jpeg\" \/>\n<meta name=\"author\" content=\"Webmestre\" \/>\n<meta name=\"twitter:card\" content=\"summary_large_image\" \/>\n<meta name=\"twitter:label1\" content=\"Geschreven door\" \/>\n\t<meta name=\"twitter:data1\" content=\"Webmestre\" \/>\n\t<meta name=\"twitter:label2\" content=\"Geschatte leestijd\" \/>\n\t<meta name=\"twitter:data2\" content=\"4 minuten\" \/>\n<script type=\"application\/ld+json\" class=\"yoast-schema-graph\">{\"@context\":\"https:\/\/schema.org\",\"@graph\":[{\"@type\":\"Article\",\"@id\":\"https:\/\/centcols.org\/ag-2012-annecy\/#article\",\"isPartOf\":{\"@id\":\"https:\/\/centcols.org\/ag-2012-annecy\/\"},\"author\":{\"name\":\"Webmestre\",\"@id\":\"https:\/\/centcols.org\/#\/schema\/person\/911b404fb133d8c913dd27cdcf71c8e5\"},\"headline\":\"Assembl\u00e9e g\u00e9n\u00e9rale d&rsquo;exception pour le 40e anniversaire de la Confr\u00e9rie \u00e0 Annecy les 1 et 2 d\u00e9cembre 2012\",\"datePublished\":\"2015-04-16T07:20:55+00:00\",\"dateModified\":\"2025-11-06T02:54:56+00:00\",\"mainEntityOfPage\":{\"@id\":\"https:\/\/centcols.org\/ag-2012-annecy\/\"},\"wordCount\":690,\"publisher\":{\"@id\":\"https:\/\/centcols.org\/#organization\"},\"image\":{\"@id\":\"https:\/\/centcols.org\/ag-2012-annecy\/#primaryimage\"},\"thumbnailUrl\":\"https:\/\/centcols.org\/wp-content\/uploads\/2025\/05\/M015138.jpg\",\"articleSection\":[\"Assembl\u00e9es g\u00e9n\u00e9rales\",\"Calendrier\"],\"inLanguage\":\"nl-BE\"},{\"@type\":\"WebPage\",\"@id\":\"https:\/\/centcols.org\/ag-2012-annecy\/\",\"url\":\"https:\/\/centcols.org\/ag-2012-annecy\/\",\"name\":\"Assembl\u00e9e g\u00e9n\u00e9rale d'exception pour le 40e anniversaire de la Confr\u00e9rie \u00e0 Annecy les 1 et 2 d\u00e9cembre 2012 - Club des Cent Cols\",\"isPartOf\":{\"@id\":\"https:\/\/centcols.org\/#website\"},\"primaryImageOfPage\":{\"@id\":\"https:\/\/centcols.org\/ag-2012-annecy\/#primaryimage\"},\"image\":{\"@id\":\"https:\/\/centcols.org\/ag-2012-annecy\/#primaryimage\"},\"thumbnailUrl\":\"https:\/\/centcols.org\/wp-content\/uploads\/2025\/05\/M015138.jpg\",\"datePublished\":\"2015-04-16T07:20:55+00:00\",\"dateModified\":\"2025-11-06T02:54:56+00:00\",\"breadcrumb\":{\"@id\":\"https:\/\/centcols.org\/ag-2012-annecy\/#breadcrumb\"},\"inLanguage\":\"nl-BE\",\"potentialAction\":[{\"@type\":\"ReadAction\",\"target\":[\"https:\/\/centcols.org\/ag-2012-annecy\/\"]}]},{\"@type\":\"ImageObject\",\"inLanguage\":\"nl-BE\",\"@id\":\"https:\/\/centcols.org\/ag-2012-annecy\/#primaryimage\",\"url\":\"https:\/\/centcols.org\/wp-content\/uploads\/2025\/05\/M015138.jpg\",\"contentUrl\":\"https:\/\/centcols.org\/wp-content\/uploads\/2025\/05\/M015138.jpg\",\"width\":800,\"height\":450},{\"@type\":\"BreadcrumbList\",\"@id\":\"https:\/\/centcols.org\/ag-2012-annecy\/#breadcrumb\",\"itemListElement\":[{\"@type\":\"ListItem\",\"position\":1,\"name\":\"Accueil\",\"item\":\"https:\/\/centcols.org\/\"},{\"@type\":\"ListItem\",\"position\":2,\"name\":\"Assembl\u00e9es g\u00e9n\u00e9rales\",\"item\":\"https:\/\/centcols.org\/rubrique\/assemblees-generales\/\"},{\"@type\":\"ListItem\",\"position\":3,\"name\":\"Assembl\u00e9e g\u00e9n\u00e9rale d&rsquo;exception pour le 40e anniversaire de la Confr\u00e9rie \u00e0 Annecy les 1 et 2 d\u00e9cembre 2012\"}]},{\"@type\":\"WebSite\",\"@id\":\"https:\/\/centcols.org\/#website\",\"url\":\"https:\/\/centcols.org\/\",\"name\":\"Club des Cent Cols\",\"description\":\"\",\"publisher\":{\"@id\":\"https:\/\/centcols.org\/#organization\"},\"potentialAction\":[{\"@type\":\"SearchAction\",\"target\":{\"@type\":\"EntryPoint\",\"urlTemplate\":\"https:\/\/centcols.org\/?s={search_term_string}\"},\"query-input\":{\"@type\":\"PropertyValueSpecification\",\"valueRequired\":true,\"valueName\":\"search_term_string\"}}],\"inLanguage\":\"nl-BE\"},{\"@type\":\"Organization\",\"@id\":\"https:\/\/centcols.org\/#organization\",\"name\":\"Club des Cent Cols\",\"url\":\"https:\/\/centcols.org\/\",\"logo\":{\"@type\":\"ImageObject\",\"inLanguage\":\"nl-BE\",\"@id\":\"https:\/\/centcols.org\/#\/schema\/logo\/image\/\",\"url\":\"https:\/\/centcols.org\/wp-content\/uploads\/2025\/01\/carte-icone.png\",\"contentUrl\":\"https:\/\/centcols.org\/wp-content\/uploads\/2025\/01\/carte-icone.png\",\"width\":250,\"height\":250,\"caption\":\"Club des Cent Cols\"},\"image\":{\"@id\":\"https:\/\/centcols.org\/#\/schema\/logo\/image\/\"},\"sameAs\":[\"https:\/\/www.facebook.com\/groups\/5261880558\/?locale=fr_FR\"]},{\"@type\":\"Person\",\"@id\":\"https:\/\/centcols.org\/#\/schema\/person\/911b404fb133d8c913dd27cdcf71c8e5\",\"name\":\"Webmestre\",\"image\":{\"@type\":\"ImageObject\",\"inLanguage\":\"nl-BE\",\"@id\":\"https:\/\/centcols.org\/wp-content\/litespeed\/avatar\/2d246e4b6b4f773e08515e1ffc53690b.jpg?ver=1777222892\",\"url\":\"https:\/\/centcols.org\/wp-content\/litespeed\/avatar\/2d246e4b6b4f773e08515e1ffc53690b.jpg?ver=1777222892\",\"contentUrl\":\"https:\/\/centcols.org\/wp-content\/litespeed\/avatar\/2d246e4b6b4f773e08515e1ffc53690b.jpg?ver=1777222892\",\"caption\":\"Webmestre\"},\"url\":\"https:\/\/centcols.org\/nl\/author\/webmestre\/\"}]}<\/script>\n<!-- \/ Yoast SEO plugin. -->","yoast_head_json":{"title":"Buitengewone Algemene Vergadering voor de 40e verjaardag van de Confr\u00e9rie in Annecy op 1 en 2 december 2012 - Club des Cent Cols","robots":{"index":"index","follow":"follow","max-snippet":"max-snippet:-1","max-image-preview":"max-image-preview:large","max-video-preview":"max-video-preview:-1"},"canonical":"https:\/\/centcols.org\/nl\/2012-annecy-ag\/","og_locale":"nl_BE","og_type":"article","og_title":"Assembl\u00e9e g\u00e9n\u00e9rale d'exception pour le 40e anniversaire de la Confr\u00e9rie \u00e0 Annecy les 1 et 2 d\u00e9cembre 2012 - Club des Cent Cols","og_description":"Pr\u00e9sentation 2012 est une ann\u00e9e exceptionnelle pour Annecy. Cette belle ville voit son engagement en faveur du d\u00e9veloppement durable et de la pr\u00e9servation de la nature r\u00e9compens\u00e9 par le titre de Ville europ\u00e9enne des Alpes de l&rsquo;ann\u00e9e 2012 et exceptionnelle aussi par votre venue pour f\u00eater avec nous les 40 ans de notre Confr\u00e9rie. Les [&hellip;]","og_url":"https:\/\/centcols.org\/nl\/2012-annecy-ag\/","og_site_name":"Club des Cent Cols","article_publisher":"https:\/\/www.facebook.com\/groups\/5261880558\/?locale=fr_FR","article_published_time":"2015-04-16T07:20:55+00:00","article_modified_time":"2025-11-06T02:54:56+00:00","og_image":[{"width":800,"height":450,"url":"https:\/\/centcols.org\/wp-content\/uploads\/2025\/05\/M015138.jpg","type":"image\/jpeg"}],"author":"Webmestre","twitter_card":"summary_large_image","twitter_misc":{"Geschreven door":"Webmestre","Geschatte leestijd":"4 minuten"},"schema":{"@context":"https:\/\/schema.org","@graph":[{"@type":"Article","@id":"https:\/\/centcols.org\/ag-2012-annecy\/#article","isPartOf":{"@id":"https:\/\/centcols.org\/ag-2012-annecy\/"},"author":{"name":"Webmestre","@id":"https:\/\/centcols.org\/#\/schema\/person\/911b404fb133d8c913dd27cdcf71c8e5"},"headline":"Assembl\u00e9e g\u00e9n\u00e9rale d&rsquo;exception pour le 40e anniversaire de la Confr\u00e9rie \u00e0 Annecy les 1 et 2 d\u00e9cembre 2012","datePublished":"2015-04-16T07:20:55+00:00","dateModified":"2025-11-06T02:54:56+00:00","mainEntityOfPage":{"@id":"https:\/\/centcols.org\/ag-2012-annecy\/"},"wordCount":690,"publisher":{"@id":"https:\/\/centcols.org\/#organization"},"image":{"@id":"https:\/\/centcols.org\/ag-2012-annecy\/#primaryimage"},"thumbnailUrl":"https:\/\/centcols.org\/wp-content\/uploads\/2025\/05\/M015138.jpg","articleSection":["Assembl\u00e9es g\u00e9n\u00e9rales","Calendrier"],"inLanguage":"nl-BE"},{"@type":"WebPage","@id":"https:\/\/centcols.org\/ag-2012-annecy\/","url":"https:\/\/centcols.org\/ag-2012-annecy\/","name":"Buitengewone Algemene Vergadering voor de 40e verjaardag van de Confr\u00e9rie in Annecy op 1 en 2 december 2012 - Club des Cent Cols","isPartOf":{"@id":"https:\/\/centcols.org\/#website"},"primaryImageOfPage":{"@id":"https:\/\/centcols.org\/ag-2012-annecy\/#primaryimage"},"image":{"@id":"https:\/\/centcols.org\/ag-2012-annecy\/#primaryimage"},"thumbnailUrl":"https:\/\/centcols.org\/wp-content\/uploads\/2025\/05\/M015138.jpg","datePublished":"2015-04-16T07:20:55+00:00","dateModified":"2025-11-06T02:54:56+00:00","breadcrumb":{"@id":"https:\/\/centcols.org\/ag-2012-annecy\/#breadcrumb"},"inLanguage":"nl-BE","potentialAction":[{"@type":"ReadAction","target":["https:\/\/centcols.org\/ag-2012-annecy\/"]}]},{"@type":"ImageObject","inLanguage":"nl-BE","@id":"https:\/\/centcols.org\/ag-2012-annecy\/#primaryimage","url":"https:\/\/centcols.org\/wp-content\/uploads\/2025\/05\/M015138.jpg","contentUrl":"https:\/\/centcols.org\/wp-content\/uploads\/2025\/05\/M015138.jpg","width":800,"height":450},{"@type":"BreadcrumbList","@id":"https:\/\/centcols.org\/ag-2012-annecy\/#breadcrumb","itemListElement":[{"@type":"ListItem","position":1,"name":"Accueil","item":"https:\/\/centcols.org\/"},{"@type":"ListItem","position":2,"name":"Assembl\u00e9es g\u00e9n\u00e9rales","item":"https:\/\/centcols.org\/rubrique\/assemblees-generales\/"},{"@type":"ListItem","position":3,"name":"Assembl\u00e9e g\u00e9n\u00e9rale d&rsquo;exception pour le 40e anniversaire de la Confr\u00e9rie \u00e0 Annecy les 1 et 2 d\u00e9cembre 2012"}]},{"@type":"WebSite","@id":"https:\/\/centcols.org\/#website","url":"https:\/\/centcols.org\/","name":"Club van Cent Cols","description":"","publisher":{"@id":"https:\/\/centcols.org\/#organization"},"potentialAction":[{"@type":"SearchAction","target":{"@type":"EntryPoint","urlTemplate":"https:\/\/centcols.org\/?s={search_term_string}"},"query-input":{"@type":"PropertyValueSpecification","valueRequired":true,"valueName":"search_term_string"}}],"inLanguage":"nl-BE"},{"@type":"Organization","@id":"https:\/\/centcols.org\/#organization","name":"Club van Cent Cols","url":"https:\/\/centcols.org\/","logo":{"@type":"ImageObject","inLanguage":"nl-BE","@id":"https:\/\/centcols.org\/#\/schema\/logo\/image\/","url":"https:\/\/centcols.org\/wp-content\/uploads\/2025\/01\/carte-icone.png","contentUrl":"https:\/\/centcols.org\/wp-content\/uploads\/2025\/01\/carte-icone.png","width":250,"height":250,"caption":"Club des Cent Cols"},"image":{"@id":"https:\/\/centcols.org\/#\/schema\/logo\/image\/"},"sameAs":["https:\/\/www.facebook.com\/groups\/5261880558\/?locale=fr_FR"]},{"@type":"Person","@id":"https:\/\/centcols.org\/#\/schema\/person\/911b404fb133d8c913dd27cdcf71c8e5","name":"Webmaster","image":{"@type":"ImageObject","inLanguage":"nl-BE","@id":"https:\/\/centcols.org\/wp-content\/litespeed\/avatar\/2d246e4b6b4f773e08515e1ffc53690b.jpg?ver=1777222892","url":"https:\/\/centcols.org\/wp-content\/litespeed\/avatar\/2d246e4b6b4f773e08515e1ffc53690b.jpg?ver=1777222892","contentUrl":"https:\/\/centcols.org\/wp-content\/litespeed\/avatar\/2d246e4b6b4f773e08515e1ffc53690b.jpg?ver=1777222892","caption":"Webmestre"},"url":"https:\/\/centcols.org\/nl\/author\/webmestre\/"}]}},"_links":{"self":[{"href":"https:\/\/centcols.org\/nl\/wp-json\/wp\/v2\/posts\/81687","targetHints":{"allow":["GET"]}}],"collection":[{"href":"https:\/\/centcols.org\/nl\/wp-json\/wp\/v2\/posts"}],"about":[{"href":"https:\/\/centcols.org\/nl\/wp-json\/wp\/v2\/types\/post"}],"author":[{"embeddable":true,"href":"https:\/\/centcols.org\/nl\/wp-json\/wp\/v2\/users\/3"}],"replies":[{"embeddable":true,"href":"https:\/\/centcols.org\/nl\/wp-json\/wp\/v2\/comments?post=81687"}],"version-history":[{"count":0,"href":"https:\/\/centcols.org\/nl\/wp-json\/wp\/v2\/posts\/81687\/revisions"}],"wp:featuredmedia":[{"embeddable":true,"href":"https:\/\/centcols.org\/nl\/wp-json\/wp\/v2\/media\/81688"}],"wp:attachment":[{"href":"https:\/\/centcols.org\/nl\/wp-json\/wp\/v2\/media?parent=81687"}],"wp:term":[{"taxonomy":"category","embeddable":true,"href":"https:\/\/centcols.org\/nl\/wp-json\/wp\/v2\/categories?post=81687"},{"taxonomy":"post_tag","embeddable":true,"href":"https:\/\/centcols.org\/nl\/wp-json\/wp\/v2\/tags?post=81687"}],"curies":[{"name":"wp","href":"https:\/\/api.w.org\/{rel}","templated":true}]}}