{"id":81730,"date":"2015-04-15T08:48:54","date_gmt":"2015-04-15T06:48:54","guid":{"rendered":"https:\/\/centcols.org\/assemblee-generale-a-serezin-du-rhone-rhone-le-04-decembre-2004\/"},"modified":"2025-11-06T05:15:13","modified_gmt":"2025-11-06T03:15:13","slug":"algemene-vergadering-in-serezin-du-rhone-rhone-op-04-december-2004","status":"publish","type":"post","link":"https:\/\/centcols.org\/nl\/assemblee-generale-a-serezin-du-rhone-rhone-le-04-decembre-2004\/","title":{"rendered":"Algemene vergadering te S\u00e9r\u00e9zin-du-Rh\u00f4ne (Rh\u00f4ne) op 04 december 2004"},"content":{"rendered":"<h2>Het verslag<\/h2>\n<h3>Notulen van de algemene vergadering van de Club des Cent Cols<br \/>\n4 december 2004, S\u00e9r\u00e9zin-du-Rh\u00f4ne (69)<\/h3>\n<p>De jaarlijkse Algemene Vergadering van de Club des Cent Cols werd gehouden op 4 december 2004 in het dorpshuis van S\u00e9r\u00e9zin-du-Rh\u00f4ne (69) onder voorzitterschap van Claude B\u00e9nistrand en in aanwezigheid van de gekozen leden van de Raad van Bestuur (B. Vieillard, vice-voorzitter, verontschuldigd).<\/p>\n<p>De jaarlijkse Algemene Vergadering begint om 16.00 uur en er zijn ongeveer honderd leden aanwezig die blij zijn om elkaar te ontmoeten voor dit traditionele evenement.<\/p>\n<p>Claude B\u00e9nistrand presenteert verontschuldigingen van Dominique Lamouller, voorzitter van de Franse Federatie (en lid van de \u00abCent Cols\u00bb) en Robert de Rudder, voorzitter van de Rh\u00f4ne-Alpes League (ook lid van de \u00abCent Cols\u00bb), die beiden in Quimper waren voor de algemene vergadering van de FFCT.<\/p>\n<p>Claude B\u00e9nistrand stelde de persoonlijkheden voor die ons de eer hadden bewezen onze bijeenkomst bij te wonen: de burgemeester van S\u00e9r\u00e9zin, de heer Colin, vertegenwoordiger van CODEP 69, en de heer Gilbert Veysseyre, voorzitter van AS ARRA, die de bijeenkomst had georganiseerd.<\/p>\n<p>Ook gepresenteerd:<\/p>\n<ul>\n<li>CERP-leden: Guy Bodoin, Jean-Fran\u00e7ois Plantard, Bernard Chalchat.<\/li>\n<li>De regionale afgevaardigden: Alain Gillodes, Bernard M\u00e9zaize, R\u00e9gis Paraz, Michel M\u00e9dina, Thierry Combelles (die speciaal uit Duitsland kwam) en Pierre Mai (die uit Zwitserland kwam).<\/li>\n<li>Mario Labelle is een computerexpert wiens werk voor de Confr\u00e9rie bij iedereen bekend is en gewaardeerd wordt.<\/li>\n<\/ul>\n<p>De agenda begint met het voorlezen van de verschillende verslagen, zoals uitgedeeld in info Cent Cols nr. 8:<\/p>\n<ul>\n<li>Jaarverslag, gepresenteerd door Claude B\u00e9nistrand, voorzitter.<\/li>\n<li>Activiteitenverslag, gepresenteerd door Ren\u00e9 Poty, algemeen secretaris.<\/li>\n<li>Financieel verslag, gepresenteerd door Michel Mathieu, penningmeester.<\/li>\n<\/ul>\n<p>Christophe Guitton, accountant, feliciteert Michel Mathieu met het goede financi\u00eble beheer van de Confr\u00e9rie.<\/p>\n<p>Nieuw dit jaar was het gebruik van een diavoorstelling om de verschillende verslagen te illustreren, waardoor ze levendiger en demonstratiever werden. Veel dank aan R\u00e9gis Paraz, die de computer en videoprojector had ge\u00efnstalleerd.<\/p>\n<p>Naast het activiteitenverslag gaf Bernard Pommel, lid van de Raad van Bestuur en verantwoordelijk voor de permanente \u00abCent Cols\u00bb wandelingen, een zeer positief verslag over de deelname aan de verschillende wandelingen. Meer dan 160 mensen schreven zich in voor alle tochten, wat een zeer aangename verrassing was. Bernard Pommel kondigde de lancering aan van een zevende permanente tocht: \u00abCent Cols en Haut-Languedoc\u00bb (bedacht door Pierre Gasc), met twee nieuwe permanente tochten in Itali\u00eb beloofd voor 2005.<\/p>\n<p>Mario Labelle presenteerde de verschillende projecten met betrekking tot de geautomatiseerde diensten van de \u00abClub des Cent Cols\u00bb. Uit een snelle rondvraag in de zaal bleek dat bijna de helft van de aanwezige leden de website van de Confr\u00e9rie kent en regelmatig bezoekt, en dat velen van hen zich al hebben aangemeld voor de diensten die voor hen gereserveerd zijn (zoals toegang tot de erelijst, raadpleging van de archieven, de discussielijst, enz.).<\/p>\n<p>De stembiljetten die per post naar het secretariaat werden gestuurd, werden op 29 november geteld door de stemopnemers: Roger Colombo en Robert Bocqueraz. Philippe Carrez en R\u00e9gis Paraz hebben de laatste tijdens de vergadering uitgebrachte stemmen geteld en de resultaten worden nu bekendgemaakt:<\/p>\n<table style=\"height: 131px;\" width=\"513\">\n<tbody>\n<tr>\n<td>Aantal registraties<\/td>\n<td>2577<\/td>\n<td>of<\/td>\n<td>37,49%<\/td>\n<\/tr>\n<tr>\n<td>Aantal kiezers<\/td>\n<td>966<\/td>\n<td><\/td>\n<td><\/td>\n<\/tr>\n<tr>\n<td>\n<p>Jaarverslag<\/p>\n<p>&nbsp;<\/p>\n<p>of<\/td>\n<td>\n<p>ja<\/p>\n<p>955<\/p>\n<p>98,86%<\/td>\n<td>\n<p>geen<\/p>\n<p>4<\/p>\n<p>0,41%<\/td>\n<td>\n<p>Onthoudingen<\/p>\n<p>7<\/p>\n<p>0,72%<\/td>\n<\/tr>\n<tr>\n<td>\n<p>Activiteitenrapport<\/p>\n<p>&nbsp;<\/p>\n<p>of<\/td>\n<td>\n<p>ja<\/p>\n<p>959<\/p>\n<p>99,28%<\/td>\n<td>\n<p>geen<\/p>\n<p>4<\/p>\n<p>0,41%<\/td>\n<td>\n<p>Onthoudingen<\/p>\n<p>3<\/p>\n<p>0,31%<\/td>\n<\/tr>\n<tr>\n<td>\n<p>Financieel verslag<\/p>\n<p>&nbsp;<\/p>\n<p>of<\/td>\n<td>\n<p>ja<\/p>\n<p>957<\/p>\n<p>99.07%<\/td>\n<td>\n<p>geen<\/p>\n<p>1<\/p>\n<p>0.10%<\/td>\n<td>\n<p>Onthoudingen<\/p>\n<p>8<\/p>\n<p>0.83%<\/td>\n<\/tr>\n<\/tbody>\n<\/table>\n<p>Claude B\u00e9nistrand bedankt alle leden voor hun hernieuwde vertrouwen in het managementteam.<\/p>\n<p>Daarna was het tijd voor de awards. We hadden het genoegen om twee nieuwe leden te verwelkomen: Francine en Claude Mabillot (van Ternay 69). Claude B\u00e9nistrand overhandigde hen hun diploma's, medailles en tijdschriften. Daarna was het de beurt aan Jean-Claude Prast om ge\u00eberd te worden met een medaille met de naam van zijn 1000e bergpas: de Col d'Urbeis.<\/p>\n<p>Het woord is aan de burgemeester van S\u00e9r\u00e9zin, die ons een voorstelling geeft van zijn gemeente, en vervolgens aan Gilbert Veysseyre, aan wie we de onberispelijke organisatie van deze Algemene Vergadering te danken hebben.<\/p>\n<p>De agenda werd vervolgd met een presentatie van het project om rond 15 augustus 2005 een bijeenkomst te houden. Ren\u00e9 Poty presenteerde aan de hand van een diavoorstelling de gemeente Seix in Haut-Salat (09), waar we zullen verblijven, en de Col de Catchaud\u00e9gu\u00e9, waar de bijeenkomst op 15 augustus zal worden gehouden. Elke dag zullen er wegen en muilezelroutes beschikbaar zijn. De grote finale is de beklimming van de Port d'Aula op de Frans-Spaanse grens.<\/p>\n<p>Ter afsluiting van de Algemene Vergadering gaf een projectie van onze internationale bijeenkomst op de Col de l'Echelle en ons verblijf in Brian\u00e7on (15 augustus 2004) iedereen de kans om te ontsnappen naar de toppen en passen boven de 2000m... mooie herinneringen voor alle deelnemers!<\/p>\n<p>Na het vastleggen van een datum voor zondag 05 december in Ampuis voor een rit in de uitlopers van Mt Pilat (met vijf korte passen als traktatie), werd iedereen uitgenodigd voor een \u00abpot de l'amiti\u00e9\u00bb. De AGM zelf eindigde om 18.30 uur. s Avonds bracht een zeer gezellig diner een vijftigtal mensen samen in een zeer warme sfeer. Een aangename manier om het seizoen 2004 af te sluiten en vooruit te kijken naar 2005.<\/p>\n<p>Ren\u00e9 POTY (S-G)<\/p>\n<h2>De foto's<\/h2>\n<p>&nbsp;<\/p>","protected":false},"excerpt":{"rendered":"<p>Le compte rendu Compte-rendu de l&rsquo;Assembl\u00e9e g\u00e9n\u00e9rale du Club des Cent Cols Le 4 d\u00e9cembre 2004, S\u00e9r\u00e9zin-du-Rh\u00f4ne (69) L&rsquo;Assembl\u00e9e G\u00e9n\u00e9rale annuelle du Club des Cent Cols s&rsquo;est tenue le 4 d\u00e9cembre 2004 dans la salle communale de S\u00e9r\u00e9zin-du-Rh\u00f4ne (69) sous la pr\u00e9sidence de Claude B\u00e9nistrand et en la pr\u00e9sence des membres \u00e9lus du Conseil d&rsquo;Administration [&hellip;]<\/p>\n","protected":false},"author":3,"featured_media":84117,"comment_status":"closed","ping_status":"open","sticky":false,"template":"","format":"standard","meta":{"_acf_changed":false,"footnotes":""},"categories":[217,135],"tags":[],"class_list":["post-81730","post","type-post","status-publish","format-standard","has-post-thumbnail","hentry","category-assemblees-generales","category-calendrier"],"acf":[],"yoast_head":"<!-- This site is optimized with the Yoast SEO plugin v27.2 - https:\/\/yoast.com\/product\/yoast-seo-wordpress\/ -->\n<title>Assembl\u00e9e g\u00e9n\u00e9rale \u00e0 S\u00e9r\u00e9zin-du-Rh\u00f4ne (Rh\u00f4ne) le 04 d\u00e9cembre 2004 - Club des Cent Cols<\/title>\n<meta name=\"robots\" content=\"index, follow, max-snippet:-1, max-image-preview:large, max-video-preview:-1\" \/>\n<link rel=\"canonical\" href=\"https:\/\/centcols.org\/nl\/algemene-vergadering-in-serezin-du-rhone-rhone-op-04-december-2004\/\" \/>\n<meta property=\"og:locale\" content=\"nl_BE\" \/>\n<meta property=\"og:type\" content=\"article\" \/>\n<meta property=\"og:title\" content=\"Assembl\u00e9e g\u00e9n\u00e9rale \u00e0 S\u00e9r\u00e9zin-du-Rh\u00f4ne (Rh\u00f4ne) le 04 d\u00e9cembre 2004 - Club des Cent Cols\" \/>\n<meta property=\"og:description\" content=\"Le compte rendu Compte-rendu de l&rsquo;Assembl\u00e9e g\u00e9n\u00e9rale du Club des Cent Cols Le 4 d\u00e9cembre 2004, S\u00e9r\u00e9zin-du-Rh\u00f4ne (69) L&rsquo;Assembl\u00e9e G\u00e9n\u00e9rale annuelle du Club des Cent Cols s&rsquo;est tenue le 4 d\u00e9cembre 2004 dans la salle communale de S\u00e9r\u00e9zin-du-Rh\u00f4ne (69) sous la pr\u00e9sidence de Claude B\u00e9nistrand et en la pr\u00e9sence des membres \u00e9lus du Conseil d&rsquo;Administration [&hellip;]\" \/>\n<meta property=\"og:url\" content=\"https:\/\/centcols.org\/nl\/algemene-vergadering-in-serezin-du-rhone-rhone-op-04-december-2004\/\" \/>\n<meta property=\"og:site_name\" content=\"Club des Cent Cols\" \/>\n<meta property=\"article:publisher\" content=\"https:\/\/www.facebook.com\/groups\/5261880558\/?locale=fr_FR\" \/>\n<meta property=\"article:published_time\" content=\"2015-04-15T06:48:54+00:00\" \/>\n<meta property=\"article:modified_time\" content=\"2025-11-06T03:15:13+00:00\" \/>\n<meta property=\"og:image\" content=\"https:\/\/centcols.org\/wp-content\/uploads\/2015\/04\/serezin.jpg\" \/>\n\t<meta property=\"og:image:width\" content=\"900\" \/>\n\t<meta property=\"og:image:height\" content=\"506\" \/>\n\t<meta property=\"og:image:type\" content=\"image\/jpeg\" \/>\n<meta name=\"author\" content=\"Webmestre\" \/>\n<meta name=\"twitter:card\" content=\"summary_large_image\" \/>\n<meta name=\"twitter:label1\" content=\"Geschreven door\" \/>\n\t<meta name=\"twitter:data1\" content=\"Webmestre\" \/>\n\t<meta name=\"twitter:label2\" content=\"Geschatte leestijd\" \/>\n\t<meta name=\"twitter:data2\" content=\"5 minuten\" \/>\n<script type=\"application\/ld+json\" class=\"yoast-schema-graph\">{\"@context\":\"https:\/\/schema.org\",\"@graph\":[{\"@type\":\"Article\",\"@id\":\"https:\/\/centcols.org\/assemblee-generale-a-serezin-du-rhone-rhone-le-04-decembre-2004\/#article\",\"isPartOf\":{\"@id\":\"https:\/\/centcols.org\/assemblee-generale-a-serezin-du-rhone-rhone-le-04-decembre-2004\/\"},\"author\":{\"name\":\"Webmestre\",\"@id\":\"https:\/\/centcols.org\/#\/schema\/person\/911b404fb133d8c913dd27cdcf71c8e5\"},\"headline\":\"Assembl\u00e9e g\u00e9n\u00e9rale \u00e0 S\u00e9r\u00e9zin-du-Rh\u00f4ne (Rh\u00f4ne) le 04 d\u00e9cembre 2004\",\"datePublished\":\"2015-04-15T06:48:54+00:00\",\"dateModified\":\"2025-11-06T03:15:13+00:00\",\"mainEntityOfPage\":{\"@id\":\"https:\/\/centcols.org\/assemblee-generale-a-serezin-du-rhone-rhone-le-04-decembre-2004\/\"},\"wordCount\":1005,\"publisher\":{\"@id\":\"https:\/\/centcols.org\/#organization\"},\"image\":{\"@id\":\"https:\/\/centcols.org\/assemblee-generale-a-serezin-du-rhone-rhone-le-04-decembre-2004\/#primaryimage\"},\"thumbnailUrl\":\"https:\/\/centcols.org\/wp-content\/uploads\/2015\/04\/serezin.jpg\",\"articleSection\":[\"Assembl\u00e9es g\u00e9n\u00e9rales\",\"Calendrier\"],\"inLanguage\":\"nl-BE\"},{\"@type\":\"WebPage\",\"@id\":\"https:\/\/centcols.org\/assemblee-generale-a-serezin-du-rhone-rhone-le-04-decembre-2004\/\",\"url\":\"https:\/\/centcols.org\/assemblee-generale-a-serezin-du-rhone-rhone-le-04-decembre-2004\/\",\"name\":\"Assembl\u00e9e g\u00e9n\u00e9rale \u00e0 S\u00e9r\u00e9zin-du-Rh\u00f4ne (Rh\u00f4ne) le 04 d\u00e9cembre 2004 - Club des Cent Cols\",\"isPartOf\":{\"@id\":\"https:\/\/centcols.org\/#website\"},\"primaryImageOfPage\":{\"@id\":\"https:\/\/centcols.org\/assemblee-generale-a-serezin-du-rhone-rhone-le-04-decembre-2004\/#primaryimage\"},\"image\":{\"@id\":\"https:\/\/centcols.org\/assemblee-generale-a-serezin-du-rhone-rhone-le-04-decembre-2004\/#primaryimage\"},\"thumbnailUrl\":\"https:\/\/centcols.org\/wp-content\/uploads\/2015\/04\/serezin.jpg\",\"datePublished\":\"2015-04-15T06:48:54+00:00\",\"dateModified\":\"2025-11-06T03:15:13+00:00\",\"breadcrumb\":{\"@id\":\"https:\/\/centcols.org\/assemblee-generale-a-serezin-du-rhone-rhone-le-04-decembre-2004\/#breadcrumb\"},\"inLanguage\":\"nl-BE\",\"potentialAction\":[{\"@type\":\"ReadAction\",\"target\":[\"https:\/\/centcols.org\/assemblee-generale-a-serezin-du-rhone-rhone-le-04-decembre-2004\/\"]}]},{\"@type\":\"ImageObject\",\"inLanguage\":\"nl-BE\",\"@id\":\"https:\/\/centcols.org\/assemblee-generale-a-serezin-du-rhone-rhone-le-04-decembre-2004\/#primaryimage\",\"url\":\"https:\/\/centcols.org\/wp-content\/uploads\/2015\/04\/serezin.jpg\",\"contentUrl\":\"https:\/\/centcols.org\/wp-content\/uploads\/2015\/04\/serezin.jpg\",\"width\":900,\"height\":506},{\"@type\":\"BreadcrumbList\",\"@id\":\"https:\/\/centcols.org\/assemblee-generale-a-serezin-du-rhone-rhone-le-04-decembre-2004\/#breadcrumb\",\"itemListElement\":[{\"@type\":\"ListItem\",\"position\":1,\"name\":\"Accueil\",\"item\":\"https:\/\/centcols.org\/\"},{\"@type\":\"ListItem\",\"position\":2,\"name\":\"Assembl\u00e9es g\u00e9n\u00e9rales\",\"item\":\"https:\/\/centcols.org\/rubrique\/assemblees-generales\/\"},{\"@type\":\"ListItem\",\"position\":3,\"name\":\"Assembl\u00e9e g\u00e9n\u00e9rale \u00e0 S\u00e9r\u00e9zin-du-Rh\u00f4ne (Rh\u00f4ne) le 04 d\u00e9cembre 2004\"}]},{\"@type\":\"WebSite\",\"@id\":\"https:\/\/centcols.org\/#website\",\"url\":\"https:\/\/centcols.org\/\",\"name\":\"Club des Cent Cols\",\"description\":\"\",\"publisher\":{\"@id\":\"https:\/\/centcols.org\/#organization\"},\"potentialAction\":[{\"@type\":\"SearchAction\",\"target\":{\"@type\":\"EntryPoint\",\"urlTemplate\":\"https:\/\/centcols.org\/?s={search_term_string}\"},\"query-input\":{\"@type\":\"PropertyValueSpecification\",\"valueRequired\":true,\"valueName\":\"search_term_string\"}}],\"inLanguage\":\"nl-BE\"},{\"@type\":\"Organization\",\"@id\":\"https:\/\/centcols.org\/#organization\",\"name\":\"Club des Cent Cols\",\"url\":\"https:\/\/centcols.org\/\",\"logo\":{\"@type\":\"ImageObject\",\"inLanguage\":\"nl-BE\",\"@id\":\"https:\/\/centcols.org\/#\/schema\/logo\/image\/\",\"url\":\"https:\/\/centcols.org\/wp-content\/uploads\/2025\/01\/carte-icone.png\",\"contentUrl\":\"https:\/\/centcols.org\/wp-content\/uploads\/2025\/01\/carte-icone.png\",\"width\":250,\"height\":250,\"caption\":\"Club des Cent Cols\"},\"image\":{\"@id\":\"https:\/\/centcols.org\/#\/schema\/logo\/image\/\"},\"sameAs\":[\"https:\/\/www.facebook.com\/groups\/5261880558\/?locale=fr_FR\"]},{\"@type\":\"Person\",\"@id\":\"https:\/\/centcols.org\/#\/schema\/person\/911b404fb133d8c913dd27cdcf71c8e5\",\"name\":\"Webmestre\",\"image\":{\"@type\":\"ImageObject\",\"inLanguage\":\"nl-BE\",\"@id\":\"https:\/\/centcols.org\/wp-content\/litespeed\/avatar\/2d246e4b6b4f773e08515e1ffc53690b.jpg?ver=1777222892\",\"url\":\"https:\/\/centcols.org\/wp-content\/litespeed\/avatar\/2d246e4b6b4f773e08515e1ffc53690b.jpg?ver=1777222892\",\"contentUrl\":\"https:\/\/centcols.org\/wp-content\/litespeed\/avatar\/2d246e4b6b4f773e08515e1ffc53690b.jpg?ver=1777222892\",\"caption\":\"Webmestre\"},\"url\":\"https:\/\/centcols.org\/nl\/author\/webmestre\/\"}]}<\/script>\n<!-- \/ Yoast SEO plugin. -->","yoast_head_json":{"title":"Algemene vergadering in S\u00e9r\u00e9zin-du-Rh\u00f4ne (Rh\u00f4ne) op 04 december 2004 - Club des Cent Cols","robots":{"index":"index","follow":"follow","max-snippet":"max-snippet:-1","max-image-preview":"max-image-preview:large","max-video-preview":"max-video-preview:-1"},"canonical":"https:\/\/centcols.org\/nl\/algemene-vergadering-in-serezin-du-rhone-rhone-op-04-december-2004\/","og_locale":"nl_BE","og_type":"article","og_title":"Assembl\u00e9e g\u00e9n\u00e9rale \u00e0 S\u00e9r\u00e9zin-du-Rh\u00f4ne (Rh\u00f4ne) le 04 d\u00e9cembre 2004 - Club des Cent Cols","og_description":"Le compte rendu Compte-rendu de l&rsquo;Assembl\u00e9e g\u00e9n\u00e9rale du Club des Cent Cols Le 4 d\u00e9cembre 2004, S\u00e9r\u00e9zin-du-Rh\u00f4ne (69) L&rsquo;Assembl\u00e9e G\u00e9n\u00e9rale annuelle du Club des Cent Cols s&rsquo;est tenue le 4 d\u00e9cembre 2004 dans la salle communale de S\u00e9r\u00e9zin-du-Rh\u00f4ne (69) sous la pr\u00e9sidence de Claude B\u00e9nistrand et en la pr\u00e9sence des membres \u00e9lus du Conseil d&rsquo;Administration [&hellip;]","og_url":"https:\/\/centcols.org\/nl\/algemene-vergadering-in-serezin-du-rhone-rhone-op-04-december-2004\/","og_site_name":"Club des Cent Cols","article_publisher":"https:\/\/www.facebook.com\/groups\/5261880558\/?locale=fr_FR","article_published_time":"2015-04-15T06:48:54+00:00","article_modified_time":"2025-11-06T03:15:13+00:00","og_image":[{"width":900,"height":506,"url":"https:\/\/centcols.org\/wp-content\/uploads\/2015\/04\/serezin.jpg","type":"image\/jpeg"}],"author":"Webmestre","twitter_card":"summary_large_image","twitter_misc":{"Geschreven door":"Webmestre","Geschatte leestijd":"5 minuten"},"schema":{"@context":"https:\/\/schema.org","@graph":[{"@type":"Article","@id":"https:\/\/centcols.org\/assemblee-generale-a-serezin-du-rhone-rhone-le-04-decembre-2004\/#article","isPartOf":{"@id":"https:\/\/centcols.org\/assemblee-generale-a-serezin-du-rhone-rhone-le-04-decembre-2004\/"},"author":{"name":"Webmestre","@id":"https:\/\/centcols.org\/#\/schema\/person\/911b404fb133d8c913dd27cdcf71c8e5"},"headline":"Assembl\u00e9e g\u00e9n\u00e9rale \u00e0 S\u00e9r\u00e9zin-du-Rh\u00f4ne (Rh\u00f4ne) le 04 d\u00e9cembre 2004","datePublished":"2015-04-15T06:48:54+00:00","dateModified":"2025-11-06T03:15:13+00:00","mainEntityOfPage":{"@id":"https:\/\/centcols.org\/assemblee-generale-a-serezin-du-rhone-rhone-le-04-decembre-2004\/"},"wordCount":1005,"publisher":{"@id":"https:\/\/centcols.org\/#organization"},"image":{"@id":"https:\/\/centcols.org\/assemblee-generale-a-serezin-du-rhone-rhone-le-04-decembre-2004\/#primaryimage"},"thumbnailUrl":"https:\/\/centcols.org\/wp-content\/uploads\/2015\/04\/serezin.jpg","articleSection":["Assembl\u00e9es g\u00e9n\u00e9rales","Calendrier"],"inLanguage":"nl-BE"},{"@type":"WebPage","@id":"https:\/\/centcols.org\/assemblee-generale-a-serezin-du-rhone-rhone-le-04-decembre-2004\/","url":"https:\/\/centcols.org\/assemblee-generale-a-serezin-du-rhone-rhone-le-04-decembre-2004\/","name":"Algemene vergadering in S\u00e9r\u00e9zin-du-Rh\u00f4ne (Rh\u00f4ne) op 04 december 2004 - Club des Cent Cols","isPartOf":{"@id":"https:\/\/centcols.org\/#website"},"primaryImageOfPage":{"@id":"https:\/\/centcols.org\/assemblee-generale-a-serezin-du-rhone-rhone-le-04-decembre-2004\/#primaryimage"},"image":{"@id":"https:\/\/centcols.org\/assemblee-generale-a-serezin-du-rhone-rhone-le-04-decembre-2004\/#primaryimage"},"thumbnailUrl":"https:\/\/centcols.org\/wp-content\/uploads\/2015\/04\/serezin.jpg","datePublished":"2015-04-15T06:48:54+00:00","dateModified":"2025-11-06T03:15:13+00:00","breadcrumb":{"@id":"https:\/\/centcols.org\/assemblee-generale-a-serezin-du-rhone-rhone-le-04-decembre-2004\/#breadcrumb"},"inLanguage":"nl-BE","potentialAction":[{"@type":"ReadAction","target":["https:\/\/centcols.org\/assemblee-generale-a-serezin-du-rhone-rhone-le-04-decembre-2004\/"]}]},{"@type":"ImageObject","inLanguage":"nl-BE","@id":"https:\/\/centcols.org\/assemblee-generale-a-serezin-du-rhone-rhone-le-04-decembre-2004\/#primaryimage","url":"https:\/\/centcols.org\/wp-content\/uploads\/2015\/04\/serezin.jpg","contentUrl":"https:\/\/centcols.org\/wp-content\/uploads\/2015\/04\/serezin.jpg","width":900,"height":506},{"@type":"BreadcrumbList","@id":"https:\/\/centcols.org\/assemblee-generale-a-serezin-du-rhone-rhone-le-04-decembre-2004\/#breadcrumb","itemListElement":[{"@type":"ListItem","position":1,"name":"Accueil","item":"https:\/\/centcols.org\/"},{"@type":"ListItem","position":2,"name":"Assembl\u00e9es g\u00e9n\u00e9rales","item":"https:\/\/centcols.org\/rubrique\/assemblees-generales\/"},{"@type":"ListItem","position":3,"name":"Assembl\u00e9e g\u00e9n\u00e9rale \u00e0 S\u00e9r\u00e9zin-du-Rh\u00f4ne (Rh\u00f4ne) le 04 d\u00e9cembre 2004"}]},{"@type":"WebSite","@id":"https:\/\/centcols.org\/#website","url":"https:\/\/centcols.org\/","name":"Club van Cent Cols","description":"","publisher":{"@id":"https:\/\/centcols.org\/#organization"},"potentialAction":[{"@type":"SearchAction","target":{"@type":"EntryPoint","urlTemplate":"https:\/\/centcols.org\/?s={search_term_string}"},"query-input":{"@type":"PropertyValueSpecification","valueRequired":true,"valueName":"search_term_string"}}],"inLanguage":"nl-BE"},{"@type":"Organization","@id":"https:\/\/centcols.org\/#organization","name":"Club van Cent Cols","url":"https:\/\/centcols.org\/","logo":{"@type":"ImageObject","inLanguage":"nl-BE","@id":"https:\/\/centcols.org\/#\/schema\/logo\/image\/","url":"https:\/\/centcols.org\/wp-content\/uploads\/2025\/01\/carte-icone.png","contentUrl":"https:\/\/centcols.org\/wp-content\/uploads\/2025\/01\/carte-icone.png","width":250,"height":250,"caption":"Club des Cent Cols"},"image":{"@id":"https:\/\/centcols.org\/#\/schema\/logo\/image\/"},"sameAs":["https:\/\/www.facebook.com\/groups\/5261880558\/?locale=fr_FR"]},{"@type":"Person","@id":"https:\/\/centcols.org\/#\/schema\/person\/911b404fb133d8c913dd27cdcf71c8e5","name":"Webmaster","image":{"@type":"ImageObject","inLanguage":"nl-BE","@id":"https:\/\/centcols.org\/wp-content\/litespeed\/avatar\/2d246e4b6b4f773e08515e1ffc53690b.jpg?ver=1777222892","url":"https:\/\/centcols.org\/wp-content\/litespeed\/avatar\/2d246e4b6b4f773e08515e1ffc53690b.jpg?ver=1777222892","contentUrl":"https:\/\/centcols.org\/wp-content\/litespeed\/avatar\/2d246e4b6b4f773e08515e1ffc53690b.jpg?ver=1777222892","caption":"Webmestre"},"url":"https:\/\/centcols.org\/nl\/author\/webmestre\/"}]}},"_links":{"self":[{"href":"https:\/\/centcols.org\/nl\/wp-json\/wp\/v2\/posts\/81730","targetHints":{"allow":["GET"]}}],"collection":[{"href":"https:\/\/centcols.org\/nl\/wp-json\/wp\/v2\/posts"}],"about":[{"href":"https:\/\/centcols.org\/nl\/wp-json\/wp\/v2\/types\/post"}],"author":[{"embeddable":true,"href":"https:\/\/centcols.org\/nl\/wp-json\/wp\/v2\/users\/3"}],"replies":[{"embeddable":true,"href":"https:\/\/centcols.org\/nl\/wp-json\/wp\/v2\/comments?post=81730"}],"version-history":[{"count":0,"href":"https:\/\/centcols.org\/nl\/wp-json\/wp\/v2\/posts\/81730\/revisions"}],"wp:featuredmedia":[{"embeddable":true,"href":"https:\/\/centcols.org\/nl\/wp-json\/wp\/v2\/media\/84117"}],"wp:attachment":[{"href":"https:\/\/centcols.org\/nl\/wp-json\/wp\/v2\/media?parent=81730"}],"wp:term":[{"taxonomy":"category","embeddable":true,"href":"https:\/\/centcols.org\/nl\/wp-json\/wp\/v2\/categories?post=81730"},{"taxonomy":"post_tag","embeddable":true,"href":"https:\/\/centcols.org\/nl\/wp-json\/wp\/v2\/tags?post=81730"}],"curies":[{"name":"wp","href":"https:\/\/api.w.org\/{rel}","templated":true}]}}