{"id":81737,"date":"2015-04-15T09:57:24","date_gmt":"2015-04-15T07:57:24","guid":{"rendered":"https:\/\/centcols.org\/assemblee-generale-des-1er-et-2-decembre-2007-a-fontbonne-tarn\/"},"modified":"2025-11-06T04:36:14","modified_gmt":"2025-11-06T02:36:14","slug":"algemene-vergadering-op-1-en-2-december-2007-in-fontbonne-tarn","status":"publish","type":"post","link":"https:\/\/centcols.org\/nl\/assemblee-generale-des-1er-et-2-decembre-2007-a-fontbonne-tarn\/","title":{"rendered":"Algemene vergadering gehouden op 1 en 2 december 2007 in Fontbonne (Tarn)"},"content":{"rendered":"<p><strong>In het bos van Gr\u00e9signe<\/strong> met V\u00e9loce Club Montauban<\/p>\n\n\n\n<p>Ter gelegenheid van het 130-jarig bestaan van de club is de V\u00e9loce Club Montalbanais verheugd gastheer te zijn van de Algemene Vergadering van de Club des Cent Cols 2007, aan de rand van het bos van Gr\u00e9signe in het natuurreservaat Fontbonne ( <a href=\"http:\/\/www.fontbonne-tarn.com\/\" target=\"_blank\" rel=\"noreferrer noopener\">http:\/\/www.fontbonne-tarn.com<\/a> ), 150 m van Pas de Cabal (FR-81-0431 57 2141 E 245-(051); 79 19 043 182 D87)<\/p>\n\n\n\n<p>Op een paar kilometer van de wijngaarden van Gaillacois doen we er alles aan om je nieuwsgierigheid te bevredigen, bergpassen...<\/p>\n\n\n\n<p>Je wordt ter plekke ondergebracht en op zondag kun je de 14 passen in de omgeving beklimmen: 12 passen in het bos! (zie Topo 4, p 39) en twee passen een paar kilometer verderop (Pas de la Cl\u00e8de FR-81-0355 (82); Col de Libert\u00e9 FR-81-0433). Begeleidende volwassenen kunnen een rondleiding krijgen door de dorpen Bruniquel (82) en Penne (81), of gaan wandelen in het bos of op de lokale PR paden... Graag ter plaatse aanmelden.<\/p>\n\n\n\n<p><strong>Attentie<\/strong>, De accommodatiecapaciteit is beperkt tot 100 personen en degenen die verder weg wonen krijgen voorrang. We denken dat de leden (Cent Cols) die relatief dicht bij de locatie van de AvA wonen, op zaterdagavond naar huis kunnen gaan en op zondagochtend terug kunnen komen voor de fietstochten. Aan de andere kant, aangezien het aantal gasten 120 zal zijn, zullen sommigen toch samen kunnen genieten van het diner op zaterdag.<\/p>\n\n\n\n<p>Als je ervoor hebt gekozen om met de trein te reizen, organiseren we een pendelbus (aankomst op zaterdag en terugkomst op zondag). Om de organisatie te vergemakkelijken, vragen we je om me je aankomst- en vertrektijden door te geven, evenals je vertrektijd op zondag. De \u00abchauffeur\u00bb draagt een \u00abCent Cols\u00bb uniform en staat in de stationshal.<\/p>\n\n\n\n<p>Als je hebt gekozen voor trein + fiets: Francis Touzeau biedt aan om je te begeleiden: hetzelfde, gewoon aanmelden en je aankomsttijd doorgeven, indien mogelijk voor of rond 9.00 uur. Vertrek vanaf het SNCF-station.<\/p>\n\n\n\n<p>Als je wilt, kan er een rondleiding langs de belangrijkste bezienswaardigheden van de stad worden georganiseerd: ontmoet me voor of rond 9.00 uur, vertrek vanaf het station; schrijf je in en laat me weten hoe laat je aankomt.<\/p>\n\n\n\n<p>Voor automobilisten: er wordt een bewegwijzering aangebracht op de hoofdwegen; vanaf 10.30 uur wordt er een receptie georganiseerd in het Fontbonne Natuurcentrum (bij Pas de Cabal 81 0431 op de D87).<\/p>\n\n\n\n<p>Georges Golse <\/p>\n\n\n\n<p>Tot ziens<\/p>\n\n\n\n<h2 class=\"wp-block-heading\">Fotoalbums<\/h2>\n\n\n\n<h3 class=\"wp-block-heading\">Eerste deel: de ag en de voorbereiding <\/h3>\n\n\n\n<h4 class=\"wp-block-heading\">Ren\u00e9 Poty's album<\/h4>\n\n\n\n<figure class=\"wp-block-gallery has-nested-images columns-default is-cropped wp-block-gallery-1 is-layout-flex wp-block-gallery-is-layout-flex\">\n<figure class=\"wp-block-image size-large\"><img loading=\"lazy\" decoding=\"async\" width=\"640\" height=\"360\" data-id=\"83501\" src=\"https:\/\/centcols.org\/wp-content\/uploads\/2015\/04\/rp_2168.jpg\" alt=\"\" class=\"wp-image-83501\"\/><\/figure>\n\n\n\n<figure class=\"wp-block-image size-large\"><img loading=\"lazy\" decoding=\"async\" width=\"640\" height=\"360\" data-id=\"83502\" src=\"https:\/\/centcols.org\/wp-content\/uploads\/2015\/04\/rp_2169.jpg\" alt=\"\" class=\"wp-image-83502\"\/><\/figure>\n<\/figure>\n\n\n\n<h4 class=\"wp-block-heading\">Mario Labelle's album<\/h4>\n\n\n\n<figure class=\"wp-block-gallery has-nested-images columns-default is-cropped wp-block-gallery-2 is-layout-flex wp-block-gallery-is-layout-flex\">\n<figure class=\"wp-block-image size-large\"><a href=\"https:\/\/centcols.org\/wp-content\/uploads\/2015\/04\/ml_01.jpg\"><img loading=\"lazy\" decoding=\"async\" width=\"640\" height=\"480\" data-id=\"83441\" src=\"https:\/\/centcols.org\/wp-content\/uploads\/2015\/04\/ml_01.jpg\" alt=\"\" class=\"wp-image-83441\"\/><\/a><figcaption class=\"wp-element-caption\">Het centrum van Fontbonne onder een sombere hemel<\/figcaption><\/figure>\n\n\n\n<figure class=\"wp-block-image size-large\"><a href=\"https:\/\/centcols.org\/wp-content\/uploads\/2015\/04\/ml_02.jpg\"><img loading=\"lazy\" decoding=\"async\" width=\"640\" height=\"480\" data-id=\"83442\" src=\"https:\/\/centcols.org\/wp-content\/uploads\/2015\/04\/ml_02.jpg\" alt=\"\" class=\"wp-image-83442\"\/><\/a><\/figure>\n\n\n\n<figure class=\"wp-block-image size-large\"><a href=\"https:\/\/centcols.org\/wp-content\/uploads\/2015\/04\/ml_04.jpg\"><img loading=\"lazy\" decoding=\"async\" width=\"640\" height=\"480\" data-id=\"83443\" src=\"https:\/\/centcols.org\/wp-content\/uploads\/2015\/04\/ml_04.jpg\" alt=\"\" class=\"wp-image-83443\"\/><\/a><figcaption class=\"wp-element-caption\">Diner voor de AVA<\/figcaption><\/figure>\n\n\n\n<figure class=\"wp-block-image size-large\"><a href=\"https:\/\/centcols.org\/wp-content\/uploads\/2015\/04\/ml_06.jpg\"><img loading=\"lazy\" decoding=\"async\" width=\"640\" height=\"480\" data-id=\"83445\" src=\"https:\/\/centcols.org\/wp-content\/uploads\/2015\/04\/ml_06.jpg\" alt=\"\" class=\"wp-image-83445\"\/><\/a><figcaption class=\"wp-element-caption\">Claude B\u00e9nistrand en R\u00e9gis Paraz geven de laatste updates over de agenda<\/figcaption><\/figure>\n\n\n\n<figure class=\"wp-block-image size-large\"><a href=\"https:\/\/centcols.org\/wp-content\/uploads\/2015\/04\/ml_07.jpg\"><img loading=\"lazy\" decoding=\"async\" width=\"640\" height=\"480\" data-id=\"83446\" src=\"https:\/\/centcols.org\/wp-content\/uploads\/2015\/04\/ml_07.jpg\" alt=\"\" class=\"wp-image-83446\"\/><\/a><figcaption class=\"wp-element-caption\">Een aandachtig publiek<\/figcaption><\/figure>\n\n\n\n<figure class=\"wp-block-image size-large\"><a href=\"https:\/\/centcols.org\/wp-content\/uploads\/2015\/04\/ml_08.jpg\"><img loading=\"lazy\" decoding=\"async\" width=\"640\" height=\"480\" data-id=\"83447\" src=\"https:\/\/centcols.org\/wp-content\/uploads\/2015\/04\/ml_08.jpg\" alt=\"\" class=\"wp-image-83447\"\/><\/a><\/figure>\n\n\n\n<figure class=\"wp-block-image size-large\"><a href=\"https:\/\/centcols.org\/wp-content\/uploads\/2015\/04\/ml_09.jpg\"><img loading=\"lazy\" decoding=\"async\" width=\"640\" height=\"480\" data-id=\"83448\" src=\"https:\/\/centcols.org\/wp-content\/uploads\/2015\/04\/ml_09.jpg\" alt=\"\" class=\"wp-image-83448\"\/><\/a><figcaption class=\"wp-element-caption\">Philippe Baudon, hoofd van de afdeling La Bastide van de V\u00e9loce Club Montalbanais, heet ons welkom op zijn thuisbasis.<\/figcaption><\/figure>\n\n\n\n<figure class=\"wp-block-image size-large\"><a href=\"https:\/\/centcols.org\/wp-content\/uploads\/2015\/04\/ml_10.jpg\"><img loading=\"lazy\" decoding=\"async\" width=\"640\" height=\"480\" data-id=\"83449\" src=\"https:\/\/centcols.org\/wp-content\/uploads\/2015\/04\/ml_10.jpg\" alt=\"\" class=\"wp-image-83449\"\/><\/a><figcaption class=\"wp-element-caption\">Ren\u00e9 Poty leest het activiteitenverslag voor<\/figcaption><\/figure>\n\n\n\n<figure class=\"wp-block-image size-large\"><a href=\"https:\/\/centcols.org\/wp-content\/uploads\/2015\/04\/ml_12.jpg\"><img loading=\"lazy\" decoding=\"async\" width=\"640\" height=\"480\" data-id=\"83450\" src=\"https:\/\/centcols.org\/wp-content\/uploads\/2015\/04\/ml_12.jpg\" alt=\"\" class=\"wp-image-83450\"\/><\/a><figcaption class=\"wp-element-caption\">Met duizend halsbanden kan Mille(t) (Ni)col(e) eindelijk trots zijn naam dragen<\/figcaption><\/figure>\n\n\n\n<figure class=\"wp-block-image size-large\"><a href=\"https:\/\/centcols.org\/wp-content\/uploads\/2015\/04\/ml_14.jpg\"><img loading=\"lazy\" decoding=\"async\" width=\"640\" height=\"480\" data-id=\"83451\" src=\"https:\/\/centcols.org\/wp-content\/uploads\/2015\/04\/ml_14.jpg\" alt=\"\" class=\"wp-image-83451\"\/><\/a><figcaption class=\"wp-element-caption\">Michel M\u00e9dina, aftredend regionaal afgevaardigde voor zone 04S, ontvangt een van de nieuwe camperstickers.<\/figcaption><\/figure>\n\n\n\n<figure class=\"wp-block-image size-large\"><a href=\"https:\/\/centcols.org\/wp-content\/uploads\/2015\/04\/ml_15.jpg\"><img loading=\"lazy\" decoding=\"async\" width=\"640\" height=\"480\" data-id=\"83452\" src=\"https:\/\/centcols.org\/wp-content\/uploads\/2015\/04\/ml_15.jpg\" alt=\"\" class=\"wp-image-83452\"\/><\/a><figcaption class=\"wp-element-caption\">Ik wil ook Georges Golse bedanken, de ceremoniemeester en organisator van deze Algemene Vergadering.<\/figcaption><\/figure>\n<\/figure>\n\n\n\n<h4 class=\"wp-block-heading\">Pierre Mai's album<\/h4>\n\n\n\n<figure class=\"wp-block-gallery has-nested-images columns-default is-cropped wp-block-gallery-3 is-layout-flex wp-block-gallery-is-layout-flex\">\n<figure class=\"wp-block-image size-large\"><a href=\"https:\/\/centcols.org\/wp-content\/uploads\/2015\/04\/pc010007.jpg\"><img loading=\"lazy\" decoding=\"async\" width=\"640\" height=\"480\" data-id=\"83453\" src=\"https:\/\/centcols.org\/wp-content\/uploads\/2015\/04\/pc010007.jpg\" alt=\"\" class=\"wp-image-83453\"\/><\/a><figcaption class=\"wp-element-caption\">De aankomst van de Alpenbus, die om 2.30 uur de Haute-Savoie verliet<\/figcaption><\/figure>\n\n\n\n<figure class=\"wp-block-image size-large\"><a href=\"https:\/\/centcols.org\/wp-content\/uploads\/2015\/04\/pc010009.jpg\"><img loading=\"lazy\" decoding=\"async\" width=\"640\" height=\"480\" data-id=\"83454\" src=\"https:\/\/centcols.org\/wp-content\/uploads\/2015\/04\/pc010009.jpg\" alt=\"\" class=\"wp-image-83454\"\/><\/a><\/figure>\n\n\n\n<figure class=\"wp-block-image size-large\"><a href=\"https:\/\/centcols.org\/wp-content\/uploads\/2015\/04\/pc010012.jpg\"><img loading=\"lazy\" decoding=\"async\" width=\"640\" height=\"480\" data-id=\"83455\" src=\"https:\/\/centcols.org\/wp-content\/uploads\/2015\/04\/pc010012.jpg\" alt=\"\" class=\"wp-image-83455\"\/><\/a><figcaption class=\"wp-element-caption\">Mario Labelle en R\u00e9gis Paraz maken de computerinstellingen<\/figcaption><\/figure>\n\n\n\n<figure class=\"wp-block-image size-large\"><a href=\"https:\/\/centcols.org\/wp-content\/uploads\/2015\/04\/pc010015.jpg\"><img loading=\"lazy\" decoding=\"async\" width=\"640\" height=\"480\" data-id=\"83457\" src=\"https:\/\/centcols.org\/wp-content\/uploads\/2015\/04\/pc010015.jpg\" alt=\"\" class=\"wp-image-83457\"\/><\/a><\/figure>\n\n\n\n<figure class=\"wp-block-image size-large\"><a href=\"https:\/\/centcols.org\/wp-content\/uploads\/2015\/04\/pc010013.jpg\"><img loading=\"lazy\" decoding=\"async\" width=\"640\" height=\"480\" data-id=\"83456\" src=\"https:\/\/centcols.org\/wp-content\/uploads\/2015\/04\/pc010013.jpg\" alt=\"\" class=\"wp-image-83456\"\/><\/a><\/figure>\n\n\n\n<figure class=\"wp-block-image size-large\"><a href=\"https:\/\/centcols.org\/wp-content\/uploads\/2015\/04\/pc010016.jpg\"><img loading=\"lazy\" decoding=\"async\" width=\"640\" height=\"480\" data-id=\"83458\" src=\"https:\/\/centcols.org\/wp-content\/uploads\/2015\/04\/pc010016.jpg\" alt=\"\" class=\"wp-image-83458\"\/><\/a><figcaption class=\"wp-element-caption\">Claude B\u00e9nistrand opent de AVA<\/figcaption><\/figure>\n\n\n\n<figure class=\"wp-block-image size-large\"><a href=\"https:\/\/centcols.org\/wp-content\/uploads\/2015\/04\/pc010017.jpg\"><img loading=\"lazy\" decoding=\"async\" width=\"640\" height=\"480\" data-id=\"83459\" src=\"https:\/\/centcols.org\/wp-content\/uploads\/2015\/04\/pc010017.jpg\" alt=\"\" class=\"wp-image-83459\"\/><\/a><figcaption class=\"wp-element-caption\">Michel Mathieu presenteert het financieel verslag<\/figcaption><\/figure>\n\n\n\n<figure class=\"wp-block-image size-large\"><a href=\"https:\/\/centcols.org\/wp-content\/uploads\/2015\/04\/pc010018.jpg\"><img loading=\"lazy\" decoding=\"async\" width=\"640\" height=\"480\" data-id=\"83460\" src=\"https:\/\/centcols.org\/wp-content\/uploads\/2015\/04\/pc010018.jpg\" alt=\"\" class=\"wp-image-83460\"\/><\/a><figcaption class=\"wp-element-caption\">Het verslag van de accountants, Christophe Guitton en Gilbert Roy<\/figcaption><\/figure>\n\n\n\n<figure class=\"wp-block-image size-large\"><a href=\"https:\/\/centcols.org\/wp-content\/uploads\/2015\/04\/pc010020.jpg\"><img loading=\"lazy\" decoding=\"async\" width=\"640\" height=\"480\" data-id=\"83461\" src=\"https:\/\/centcols.org\/wp-content\/uploads\/2015\/04\/pc010020.jpg\" alt=\"\" class=\"wp-image-83461\"\/><\/a><figcaption class=\"wp-element-caption\">R\u00e9gis Paraz presenteert de nieuwe permanente route van 100 passen in de Savoie met behulp van Google Earth<\/figcaption><\/figure>\n\n\n\n<figure class=\"wp-block-image size-large\"><a href=\"https:\/\/centcols.org\/wp-content\/uploads\/2015\/04\/pc010022.jpg\"><img loading=\"lazy\" decoding=\"async\" width=\"640\" height=\"480\" data-id=\"83462\" src=\"https:\/\/centcols.org\/wp-content\/uploads\/2015\/04\/pc010022.jpg\" alt=\"\" class=\"wp-image-83462\"\/><\/a><figcaption class=\"wp-element-caption\">Mireille Corbet nieuw lid nr. 6415 van Sillingy<\/figcaption><\/figure>\n\n\n\n<figure class=\"wp-block-image size-large\"><a href=\"https:\/\/centcols.org\/wp-content\/uploads\/2015\/04\/pc010023.jpg\"><img loading=\"lazy\" decoding=\"async\" width=\"640\" height=\"480\" data-id=\"83463\" src=\"https:\/\/centcols.org\/wp-content\/uploads\/2015\/04\/pc010023.jpg\" alt=\"\" class=\"wp-image-83463\"\/><\/a><figcaption class=\"wp-element-caption\">Yves Papot nieuw lid nr. 6447 uit Duinkerken<\/figcaption><\/figure>\n\n\n\n<figure class=\"wp-block-image size-large\"><a href=\"https:\/\/centcols.org\/wp-content\/uploads\/2015\/04\/pc010026.jpg\"><img loading=\"lazy\" decoding=\"async\" width=\"640\" height=\"480\" data-id=\"83464\" src=\"https:\/\/centcols.org\/wp-content\/uploads\/2015\/04\/pc010026.jpg\" alt=\"\" class=\"wp-image-83464\"\/><\/a><figcaption class=\"wp-element-caption\">Claude en Francine Mabillot ontvangen hun 500 cols...tandemdiploma<\/figcaption><\/figure>\n\n\n\n<figure class=\"wp-block-image size-large\"><a href=\"https:\/\/centcols.org\/wp-content\/uploads\/2015\/04\/pc010030.jpg\"><img loading=\"lazy\" decoding=\"async\" width=\"640\" height=\"480\" data-id=\"83465\" src=\"https:\/\/centcols.org\/wp-content\/uploads\/2015\/04\/pc010030.jpg\" alt=\"\" class=\"wp-image-83465\"\/><\/a><figcaption class=\"wp-element-caption\">Penningmeester Michel Mathieu met 4.000 flessen wijn<\/figcaption><\/figure>\n\n\n\n<figure class=\"wp-block-image size-large\"><a href=\"https:\/\/centcols.org\/wp-content\/uploads\/2015\/04\/pc010037.jpg\"><img loading=\"lazy\" decoding=\"async\" width=\"640\" height=\"480\" data-id=\"83466\" src=\"https:\/\/centcols.org\/wp-content\/uploads\/2015\/04\/pc010037.jpg\" alt=\"\" class=\"wp-image-83466\"\/><\/a><figcaption class=\"wp-element-caption\">Na de AVA is het tijd om te gaan eten<\/figcaption><\/figure>\n\n\n\n<figure class=\"wp-block-image size-large\"><a href=\"https:\/\/centcols.org\/wp-content\/uploads\/2015\/04\/pc010038.jpg\"><img loading=\"lazy\" decoding=\"async\" width=\"640\" height=\"480\" data-id=\"83467\" src=\"https:\/\/centcols.org\/wp-content\/uploads\/2015\/04\/pc010038.jpg\" alt=\"\" class=\"wp-image-83467\"\/><\/a><\/figure>\n\n\n\n<figure class=\"wp-block-image size-large\"><a href=\"https:\/\/centcols.org\/wp-content\/uploads\/2015\/04\/pc010040.jpg\"><img loading=\"lazy\" decoding=\"async\" width=\"640\" height=\"480\" data-id=\"83468\" src=\"https:\/\/centcols.org\/wp-content\/uploads\/2015\/04\/pc010040.jpg\" alt=\"\" class=\"wp-image-83468\"\/><\/a><\/figure>\n<\/figure>\n\n\n\n<h3 class=\"wp-block-heading\"><strong>Tweede deel: het fietstochtje<\/strong><\/h3>\n\n\n\n<h4 class=\"wp-block-heading\">Ren\u00e9 Poty's fotoalbum<\/h4>\n\n\n\n<figure class=\"wp-block-gallery has-nested-images columns-default is-cropped wp-block-gallery-4 is-layout-flex wp-block-gallery-is-layout-flex\">\n<figure class=\"wp-block-image size-large\"><a href=\"https:\/\/centcols.org\/wp-content\/uploads\/2015\/04\/rp_2188.jpg\"><img loading=\"lazy\" decoding=\"async\" width=\"604\" height=\"480\" data-id=\"83513\" src=\"https:\/\/centcols.org\/wp-content\/uploads\/2015\/04\/rp_2188.jpg\" alt=\"\" class=\"wp-image-83513\"\/><\/a><figcaption class=\"wp-element-caption\">Onze weekendgasten<\/figcaption><\/figure>\n\n\n\n<figure class=\"wp-block-image size-large\"><a href=\"https:\/\/centcols.org\/wp-content\/uploads\/2015\/04\/ml_05.jpg\"><img loading=\"lazy\" decoding=\"async\" width=\"640\" height=\"480\" data-id=\"83444\" src=\"https:\/\/centcols.org\/wp-content\/uploads\/2015\/04\/ml_05.jpg\" alt=\"\" class=\"wp-image-83444\"\/><\/a><figcaption class=\"wp-element-caption\">Het For\u00eat de Gr\u00e9signe-massief en zijn 12 passen wachten op ons<\/figcaption><\/figure>\n\n\n\n<figure class=\"wp-block-image size-large\"><a href=\"https:\/\/centcols.org\/wp-content\/uploads\/2015\/04\/rp_2176.jpg\"><img loading=\"lazy\" decoding=\"async\" width=\"270\" height=\"480\" data-id=\"83503\" src=\"https:\/\/centcols.org\/wp-content\/uploads\/2015\/04\/rp_2176.jpg\" alt=\"\" class=\"wp-image-83503\"\/><\/a><\/figure>\n\n\n\n<figure class=\"wp-block-image size-large\"><a href=\"https:\/\/centcols.org\/wp-content\/uploads\/2015\/04\/rp_2177.jpg\"><img loading=\"lazy\" decoding=\"async\" width=\"270\" height=\"480\" data-id=\"83504\" src=\"https:\/\/centcols.org\/wp-content\/uploads\/2015\/04\/rp_2177.jpg\" alt=\"\" class=\"wp-image-83504\"\/><\/a><\/figure>\n\n\n\n<figure class=\"wp-block-image size-large\"><a href=\"https:\/\/centcols.org\/wp-content\/uploads\/2015\/04\/rp_2178.jpg\"><img loading=\"lazy\" decoding=\"async\" width=\"217\" height=\"480\" data-id=\"83505\" src=\"https:\/\/centcols.org\/wp-content\/uploads\/2015\/04\/rp_2178.jpg\" alt=\"\" class=\"wp-image-83505\"\/><\/a><\/figure>\n\n\n\n<figure class=\"wp-block-image size-large\"><a href=\"https:\/\/centcols.org\/wp-content\/uploads\/2015\/04\/rp_2179.jpg\"><img loading=\"lazy\" decoding=\"async\" width=\"319\" height=\"480\" data-id=\"83506\" src=\"https:\/\/centcols.org\/wp-content\/uploads\/2015\/04\/rp_2179.jpg\" alt=\"\" class=\"wp-image-83506\"\/><\/a><\/figure>\n\n\n\n<figure class=\"wp-block-image size-large\"><a href=\"https:\/\/centcols.org\/wp-content\/uploads\/2015\/04\/rp_2180.jpg\"><img loading=\"lazy\" decoding=\"async\" width=\"191\" height=\"480\" data-id=\"83507\" src=\"https:\/\/centcols.org\/wp-content\/uploads\/2015\/04\/rp_2180.jpg\" alt=\"\" class=\"wp-image-83507\"\/><\/a><\/figure>\n\n\n\n<figure class=\"wp-block-image size-large\"><a href=\"https:\/\/centcols.org\/wp-content\/uploads\/2015\/04\/rp_2181.jpg\"><img loading=\"lazy\" decoding=\"async\" width=\"640\" height=\"360\" data-id=\"83508\" src=\"https:\/\/centcols.org\/wp-content\/uploads\/2015\/04\/rp_2181.jpg\" alt=\"\" class=\"wp-image-83508\"\/><\/a><\/figure>\n\n\n\n<figure class=\"wp-block-image size-large\"><a href=\"https:\/\/centcols.org\/wp-content\/uploads\/2015\/04\/rp_2182.jpg\"><img loading=\"lazy\" decoding=\"async\" width=\"270\" height=\"480\" data-id=\"83509\" src=\"https:\/\/centcols.org\/wp-content\/uploads\/2015\/04\/rp_2182.jpg\" alt=\"\" class=\"wp-image-83509\"\/><\/a><\/figure>\n\n\n\n<figure class=\"wp-block-image size-large\"><a href=\"https:\/\/centcols.org\/wp-content\/uploads\/2015\/04\/rp_2184.jpg\"><img loading=\"lazy\" decoding=\"async\" width=\"640\" height=\"360\" data-id=\"83510\" src=\"https:\/\/centcols.org\/wp-content\/uploads\/2015\/04\/rp_2184.jpg\" alt=\"\" class=\"wp-image-83510\"\/><\/a><figcaption class=\"wp-element-caption\">Plechtigheid ter nagedachtenis aan Joseph Bastit, voormalig voorzitter van V\u00e9loce<\/figcaption><\/figure>\n\n\n\n<figure class=\"wp-block-image size-large\"><a href=\"https:\/\/centcols.org\/wp-content\/uploads\/2015\/04\/rp_2185.jpg\"><img loading=\"lazy\" decoding=\"async\" width=\"640\" height=\"360\" data-id=\"83511\" src=\"https:\/\/centcols.org\/wp-content\/uploads\/2015\/04\/rp_2185.jpg\" alt=\"\" class=\"wp-image-83511\"\/><\/a><\/figure>\n\n\n\n<figure class=\"wp-block-image size-large\"><a href=\"https:\/\/centcols.org\/wp-content\/uploads\/2015\/04\/rp_2187.jpg\"><img loading=\"lazy\" decoding=\"async\" width=\"640\" height=\"360\" data-id=\"83512\" src=\"https:\/\/centcols.org\/wp-content\/uploads\/2015\/04\/rp_2187.jpg\" alt=\"\" class=\"wp-image-83512\"\/><\/a><figcaption class=\"wp-element-caption\">Een laatste picknick voor het afscheid<\/figcaption><\/figure>\n<\/figure>\n\n\n\n<h4 class=\"wp-block-heading\">Philippe Carrez's fotoalbum<\/h4>\n\n\n\n<figure class=\"wp-block-gallery has-nested-images columns-default is-cropped wp-block-gallery-5 is-layout-flex wp-block-gallery-is-layout-flex\">\n<figure class=\"wp-block-image size-large\"><a href=\"https:\/\/centcols.org\/wp-content\/uploads\/2015\/04\/pc020042.jpg\"><img loading=\"lazy\" decoding=\"async\" width=\"640\" height=\"431\" data-id=\"83469\" src=\"https:\/\/centcols.org\/wp-content\/uploads\/2015\/04\/pc020042.jpg\" alt=\"\" class=\"wp-image-83469\"\/><\/a><figcaption class=\"wp-element-caption\">Zondagochtend is er een grote menigte bij de start<\/figcaption><\/figure>\n\n\n\n<figure class=\"wp-block-image size-large\"><a href=\"https:\/\/centcols.org\/wp-content\/uploads\/2015\/04\/pc020043.jpg\"><img loading=\"lazy\" decoding=\"async\" width=\"640\" height=\"480\" data-id=\"83470\" src=\"https:\/\/centcols.org\/wp-content\/uploads\/2015\/04\/pc020043.jpg\" alt=\"\" class=\"wp-image-83470\"\/><\/a><\/figure>\n\n\n\n<figure class=\"wp-block-image size-large\"><a href=\"https:\/\/centcols.org\/wp-content\/uploads\/2015\/04\/pc020044.jpg\"><img loading=\"lazy\" decoding=\"async\" width=\"640\" height=\"480\" data-id=\"83471\" src=\"https:\/\/centcols.org\/wp-content\/uploads\/2015\/04\/pc020044.jpg\" alt=\"\" class=\"wp-image-83471\"\/><\/a><figcaption class=\"wp-element-caption\">De vrachtwagenchauffeurs vertrokken eerst in lichte mist<\/figcaption><\/figure>\n\n\n\n<figure class=\"wp-block-image size-large\"><a href=\"https:\/\/centcols.org\/wp-content\/uploads\/2015\/04\/pc020045.jpg\"><img loading=\"lazy\" decoding=\"async\" width=\"640\" height=\"480\" data-id=\"83472\" src=\"https:\/\/centcols.org\/wp-content\/uploads\/2015\/04\/pc020045.jpg\" alt=\"\" class=\"wp-image-83472\"\/><\/a><\/figure>\n\n\n\n<figure class=\"wp-block-image size-large\"><a href=\"https:\/\/centcols.org\/wp-content\/uploads\/2015\/04\/pc020046.jpg\"><img loading=\"lazy\" decoding=\"async\" width=\"640\" height=\"480\" data-id=\"83473\" src=\"https:\/\/centcols.org\/wp-content\/uploads\/2015\/04\/pc020046.jpg\" alt=\"\" class=\"wp-image-83473\"\/><\/a><figcaption class=\"wp-element-caption\">Mountainbikers komen net achteraan<\/figcaption><\/figure>\n\n\n\n<figure class=\"wp-block-image size-large\"><a href=\"https:\/\/centcols.org\/wp-content\/uploads\/2015\/04\/pc020047.jpg\"><img loading=\"lazy\" decoding=\"async\" width=\"640\" height=\"480\" data-id=\"83474\" src=\"https:\/\/centcols.org\/wp-content\/uploads\/2015\/04\/pc020047.jpg\" alt=\"\" class=\"wp-image-83474\"\/><\/a><\/figure>\n\n\n\n<figure class=\"wp-block-image size-large\"><a href=\"https:\/\/centcols.org\/wp-content\/uploads\/2015\/04\/pc020048.jpg\"><img loading=\"lazy\" decoding=\"async\" width=\"640\" height=\"480\" data-id=\"83475\" src=\"https:\/\/centcols.org\/wp-content\/uploads\/2015\/04\/pc020048.jpg\" alt=\"\" class=\"wp-image-83475\"\/><\/a><\/figure>\n\n\n\n<figure class=\"wp-block-image size-large\"><a href=\"https:\/\/centcols.org\/wp-content\/uploads\/2015\/04\/pc020049.jpg\"><img loading=\"lazy\" decoding=\"async\" width=\"640\" height=\"480\" data-id=\"83476\" src=\"https:\/\/centcols.org\/wp-content\/uploads\/2015\/04\/pc020049.jpg\" alt=\"\" class=\"wp-image-83476\"\/><\/a><figcaption class=\"wp-element-caption\">File bij Pas de Bourres<\/figcaption><\/figure>\n\n\n\n<figure class=\"wp-block-image size-large\"><a href=\"https:\/\/centcols.org\/wp-content\/uploads\/2015\/04\/pc020050.jpg\"><img loading=\"lazy\" decoding=\"async\" width=\"640\" height=\"480\" data-id=\"83477\" src=\"https:\/\/centcols.org\/wp-content\/uploads\/2015\/04\/pc020050.jpg\" alt=\"\" class=\"wp-image-83477\"\/><\/a><figcaption class=\"wp-element-caption\">Onderweg naar Pas de Pontraute<\/figcaption><\/figure>\n\n\n\n<figure class=\"wp-block-image size-large\"><a href=\"https:\/\/centcols.org\/wp-content\/uploads\/2015\/04\/pc020051.jpg\"><img loading=\"lazy\" decoding=\"async\" width=\"640\" height=\"480\" data-id=\"83478\" src=\"https:\/\/centcols.org\/wp-content\/uploads\/2015\/04\/pc020051.jpg\" alt=\"\" class=\"wp-image-83478\"\/><\/a><figcaption class=\"wp-element-caption\">Au Pas de Pontraute<\/figcaption><\/figure>\n\n\n\n<figure class=\"wp-block-image size-large\"><a href=\"https:\/\/centcols.org\/wp-content\/uploads\/2015\/04\/pc020057.jpg\"><img loading=\"lazy\" decoding=\"async\" width=\"640\" height=\"480\" data-id=\"83479\" src=\"https:\/\/centcols.org\/wp-content\/uploads\/2015\/04\/pc020057.jpg\" alt=\"\" class=\"wp-image-83479\"\/><\/a><figcaption class=\"wp-element-caption\">Afdaling van de Pas de Caillaret<\/figcaption><\/figure>\n\n\n\n<figure class=\"wp-block-image size-large\"><a href=\"https:\/\/centcols.org\/wp-content\/uploads\/2015\/04\/pc020058.jpg\"><img loading=\"lazy\" decoding=\"async\" width=\"640\" height=\"480\" data-id=\"83480\" src=\"https:\/\/centcols.org\/wp-content\/uploads\/2015\/04\/pc020058.jpg\" alt=\"\" class=\"wp-image-83480\"\/><\/a><figcaption class=\"wp-element-caption\">Richting Pas des Bondes<\/figcaption><\/figure>\n\n\n\n<figure class=\"wp-block-image size-large\"><a href=\"https:\/\/centcols.org\/wp-content\/uploads\/2015\/04\/pc020059.jpg\"><img loading=\"lazy\" decoding=\"async\" width=\"640\" height=\"480\" data-id=\"83481\" src=\"https:\/\/centcols.org\/wp-content\/uploads\/2015\/04\/pc020059.jpg\" alt=\"\" class=\"wp-image-83481\"\/><\/a><figcaption class=\"wp-element-caption\">Aankomst op Pas de la Lign\u00e9e<\/figcaption><\/figure>\n\n\n\n<figure class=\"wp-block-image size-large\"><a href=\"https:\/\/centcols.org\/wp-content\/uploads\/2015\/04\/pc020061.jpg\"><img loading=\"lazy\" decoding=\"async\" width=\"640\" height=\"480\" data-id=\"83482\" src=\"https:\/\/centcols.org\/wp-content\/uploads\/2015\/04\/pc020061.jpg\" alt=\"\" class=\"wp-image-83482\"\/><\/a><\/figure>\n\n\n\n<figure class=\"wp-block-image size-large\"><a href=\"https:\/\/centcols.org\/wp-content\/uploads\/2015\/04\/pc020062.jpg\"><img loading=\"lazy\" decoding=\"async\" width=\"640\" height=\"480\" data-id=\"83483\" src=\"https:\/\/centcols.org\/wp-content\/uploads\/2015\/04\/pc020062.jpg\" alt=\"\" class=\"wp-image-83483\"\/><\/a><\/figure>\n<\/figure>\n\n\n\n<h4 class=\"wp-block-heading\">Pierre Mai's album<\/h4>\n\n\n\n<figure class=\"wp-block-gallery has-nested-images columns-default is-cropped wp-block-gallery-6 is-layout-flex wp-block-gallery-is-layout-flex\">\n<figure class=\"wp-block-image size-large\"><a href=\"https:\/\/centcols.org\/wp-content\/uploads\/2015\/04\/pm-01.jpg\"><img loading=\"lazy\" decoding=\"async\" width=\"640\" height=\"480\" data-id=\"83485\" src=\"https:\/\/centcols.org\/wp-content\/uploads\/2015\/04\/pm-01.jpg\" alt=\"\" class=\"wp-image-83485\"\/><\/a><\/figure>\n\n\n\n<figure class=\"wp-block-image size-large\"><a href=\"https:\/\/centcols.org\/wp-content\/uploads\/2015\/04\/pm-00.jpg\"><img loading=\"lazy\" decoding=\"async\" width=\"640\" height=\"480\" data-id=\"83484\" src=\"https:\/\/centcols.org\/wp-content\/uploads\/2015\/04\/pm-00.jpg\" alt=\"\" class=\"wp-image-83484\"\/><\/a><\/figure>\n\n\n\n<figure class=\"wp-block-image size-large\"><a href=\"https:\/\/centcols.org\/wp-content\/uploads\/2015\/04\/pm-03.jpg\"><img loading=\"lazy\" decoding=\"async\" width=\"360\" height=\"480\" data-id=\"83486\" src=\"https:\/\/centcols.org\/wp-content\/uploads\/2015\/04\/pm-03.jpg\" alt=\"\" class=\"wp-image-83486\"\/><\/a><\/figure>\n\n\n\n<figure class=\"wp-block-image size-large\"><a href=\"https:\/\/centcols.org\/wp-content\/uploads\/2015\/04\/pm-04.jpg\"><img loading=\"lazy\" decoding=\"async\" width=\"640\" height=\"480\" data-id=\"83487\" src=\"https:\/\/centcols.org\/wp-content\/uploads\/2015\/04\/pm-04.jpg\" alt=\"\" class=\"wp-image-83487\"\/><\/a><\/figure>\n\n\n\n<figure class=\"wp-block-image size-large\"><a href=\"https:\/\/centcols.org\/wp-content\/uploads\/2015\/04\/pm-06.jpg\"><img loading=\"lazy\" decoding=\"async\" width=\"640\" height=\"480\" data-id=\"83488\" src=\"https:\/\/centcols.org\/wp-content\/uploads\/2015\/04\/pm-06.jpg\" alt=\"\" class=\"wp-image-83488\"\/><\/a><\/figure>\n\n\n\n<figure class=\"wp-block-image size-large\"><a href=\"https:\/\/centcols.org\/wp-content\/uploads\/2015\/04\/pm-07.jpg\"><img loading=\"lazy\" decoding=\"async\" width=\"640\" height=\"480\" data-id=\"83489\" src=\"https:\/\/centcols.org\/wp-content\/uploads\/2015\/04\/pm-07.jpg\" alt=\"\" class=\"wp-image-83489\"\/><\/a><\/figure>\n\n\n\n<figure class=\"wp-block-image size-large\"><a href=\"https:\/\/centcols.org\/wp-content\/uploads\/2015\/04\/pm-08.jpg\"><img loading=\"lazy\" decoding=\"async\" width=\"640\" height=\"480\" data-id=\"83490\" src=\"https:\/\/centcols.org\/wp-content\/uploads\/2015\/04\/pm-08.jpg\" alt=\"\" class=\"wp-image-83490\"\/><\/a><\/figure>\n\n\n\n<figure class=\"wp-block-image size-large\"><a href=\"https:\/\/centcols.org\/wp-content\/uploads\/2015\/04\/pm-09.jpg\"><img loading=\"lazy\" decoding=\"async\" width=\"640\" height=\"480\" data-id=\"83491\" src=\"https:\/\/centcols.org\/wp-content\/uploads\/2015\/04\/pm-09.jpg\" alt=\"\" class=\"wp-image-83491\"\/><\/a><\/figure>\n\n\n\n<figure class=\"wp-block-image size-large\"><a href=\"https:\/\/centcols.org\/wp-content\/uploads\/2015\/04\/pm-11.jpg\"><img loading=\"lazy\" decoding=\"async\" width=\"640\" height=\"480\" data-id=\"83492\" src=\"https:\/\/centcols.org\/wp-content\/uploads\/2015\/04\/pm-11.jpg\" alt=\"\" class=\"wp-image-83492\"\/><\/a><\/figure>\n\n\n\n<figure class=\"wp-block-image size-large\"><a href=\"https:\/\/centcols.org\/wp-content\/uploads\/2015\/04\/pm-14.jpg\"><img loading=\"lazy\" decoding=\"async\" width=\"640\" height=\"480\" data-id=\"83493\" src=\"https:\/\/centcols.org\/wp-content\/uploads\/2015\/04\/pm-14.jpg\" alt=\"\" class=\"wp-image-83493\"\/><\/a><figcaption class=\"wp-element-caption\">Aankomst bij Pas de Pommar\u00e8de <\/figcaption><\/figure>\n\n\n\n<figure class=\"wp-block-image size-large\"><a href=\"https:\/\/centcols.org\/wp-content\/uploads\/2015\/04\/pm-16.jpg\"><img loading=\"lazy\" decoding=\"async\" width=\"640\" height=\"480\" data-id=\"83494\" src=\"https:\/\/centcols.org\/wp-content\/uploads\/2015\/04\/pm-16.jpg\" alt=\"\" class=\"wp-image-83494\"\/><\/a><\/figure>\n\n\n\n<figure class=\"wp-block-image size-large\"><a href=\"https:\/\/centcols.org\/wp-content\/uploads\/2015\/04\/pm-17.jpg\"><img loading=\"lazy\" decoding=\"async\" width=\"640\" height=\"480\" data-id=\"83495\" src=\"https:\/\/centcols.org\/wp-content\/uploads\/2015\/04\/pm-17.jpg\" alt=\"\" class=\"wp-image-83495\"\/><\/a><figcaption class=\"wp-element-caption\">Pas de Sauze<\/figcaption><\/figure>\n\n\n\n<figure class=\"wp-block-image size-large\"><a href=\"https:\/\/centcols.org\/wp-content\/uploads\/2015\/04\/pm-18.jpg\"><img loading=\"lazy\" decoding=\"async\" width=\"640\" height=\"480\" data-id=\"83496\" src=\"https:\/\/centcols.org\/wp-content\/uploads\/2015\/04\/pm-18.jpg\" alt=\"\" class=\"wp-image-83496\"\/><\/a><\/figure>\n\n\n\n<figure class=\"wp-block-image size-large\"><a href=\"https:\/\/centcols.org\/wp-content\/uploads\/2015\/04\/pm-19.jpg\"><img loading=\"lazy\" decoding=\"async\" width=\"640\" height=\"480\" data-id=\"83497\" src=\"https:\/\/centcols.org\/wp-content\/uploads\/2015\/04\/pm-19.jpg\" alt=\"\" class=\"wp-image-83497\"\/><\/a><\/figure>\n\n\n\n<figure class=\"wp-block-image size-large\"><a href=\"https:\/\/centcols.org\/wp-content\/uploads\/2015\/04\/pm-20.jpg\"><img loading=\"lazy\" decoding=\"async\" width=\"640\" height=\"480\" data-id=\"83498\" src=\"https:\/\/centcols.org\/wp-content\/uploads\/2015\/04\/pm-20.jpg\" alt=\"\" class=\"wp-image-83498\"\/><\/a><\/figure>\n<\/figure>\n\n\n\n<h4 class=\"wp-block-heading\">Het album van Francine en Claude Mabillot<\/h4>\n\n\n\n<figure class=\"wp-block-gallery has-nested-images columns-default is-cropped wp-block-gallery-7 is-layout-flex wp-block-gallery-is-layout-flex\">\n<figure class=\"wp-block-image size-large\"><a href=\"https:\/\/centcols.org\/wp-content\/uploads\/2015\/04\/tcf100.jpg\"><img loading=\"lazy\" decoding=\"async\" width=\"640\" height=\"480\" data-id=\"83514\" src=\"https:\/\/centcols.org\/wp-content\/uploads\/2015\/04\/tcf100.jpg\" alt=\"\" class=\"wp-image-83514\"\/><\/a><figcaption class=\"wp-element-caption\">Racefiets of mountainbike, aan jou de keuze<\/figcaption><\/figure>\n\n\n\n<figure class=\"wp-block-image size-large\"><a href=\"https:\/\/centcols.org\/wp-content\/uploads\/2015\/04\/tcf101.jpg\"><img loading=\"lazy\" decoding=\"async\" width=\"640\" height=\"480\" data-id=\"83515\" src=\"https:\/\/centcols.org\/wp-content\/uploads\/2015\/04\/tcf101.jpg\" alt=\"\" class=\"wp-image-83515\"\/><\/a><\/figure>\n\n\n\n<figure class=\"wp-block-image size-large\"><a href=\"https:\/\/centcols.org\/wp-content\/uploads\/2015\/04\/tcf116-1.jpg\"><img loading=\"lazy\" decoding=\"async\" width=\"640\" height=\"480\" data-id=\"83543\" src=\"https:\/\/centcols.org\/wp-content\/uploads\/2015\/04\/tcf116-1.jpg\" alt=\"\" class=\"wp-image-83543\"\/><\/a><figcaption class=\"wp-element-caption\">Au Pas de P\u00e9rilhac<\/figcaption><\/figure>\n\n\n\n<figure class=\"wp-block-image size-large\"><a href=\"https:\/\/centcols.org\/wp-content\/uploads\/2015\/04\/tcf102.jpg\"><img loading=\"lazy\" decoding=\"async\" width=\"640\" height=\"480\" data-id=\"83516\" src=\"https:\/\/centcols.org\/wp-content\/uploads\/2015\/04\/tcf102.jpg\" alt=\"\" class=\"wp-image-83516\"\/><\/a><\/figure>\n\n\n\n<figure class=\"wp-block-image size-large\"><a href=\"https:\/\/centcols.org\/wp-content\/uploads\/2015\/04\/tcf103.jpg\"><img loading=\"lazy\" decoding=\"async\" width=\"640\" height=\"480\" data-id=\"83517\" src=\"https:\/\/centcols.org\/wp-content\/uploads\/2015\/04\/tcf103.jpg\" alt=\"\" class=\"wp-image-83517\"\/><\/a><\/figure>\n\n\n\n<figure class=\"wp-block-image size-large\"><a href=\"https:\/\/centcols.org\/wp-content\/uploads\/2015\/04\/tcf104.jpg\"><img loading=\"lazy\" decoding=\"async\" width=\"640\" height=\"480\" data-id=\"83518\" src=\"https:\/\/centcols.org\/wp-content\/uploads\/2015\/04\/tcf104.jpg\" alt=\"\" class=\"wp-image-83518\"\/><\/a><\/figure>\n\n\n\n<figure class=\"wp-block-image size-large\"><a href=\"https:\/\/centcols.org\/wp-content\/uploads\/2015\/04\/tcf105.jpg\"><img loading=\"lazy\" decoding=\"async\" width=\"640\" height=\"480\" data-id=\"83519\" src=\"https:\/\/centcols.org\/wp-content\/uploads\/2015\/04\/tcf105.jpg\" alt=\"\" class=\"wp-image-83519\"\/><\/a><\/figure>\n\n\n\n<figure class=\"wp-block-image size-large\"><a href=\"https:\/\/centcols.org\/wp-content\/uploads\/2015\/04\/tcf107.jpg\"><img loading=\"lazy\" decoding=\"async\" width=\"640\" height=\"480\" data-id=\"83520\" src=\"https:\/\/centcols.org\/wp-content\/uploads\/2015\/04\/tcf107.jpg\" alt=\"\" class=\"wp-image-83520\"\/><\/a><\/figure>\n\n\n\n<figure class=\"wp-block-image size-large\"><a href=\"https:\/\/centcols.org\/wp-content\/uploads\/2015\/04\/tcf116.jpg\"><img loading=\"lazy\" decoding=\"async\" width=\"640\" height=\"480\" data-id=\"83528\" src=\"https:\/\/centcols.org\/wp-content\/uploads\/2015\/04\/tcf116.jpg\" alt=\"\" class=\"wp-image-83528\"\/><\/a><\/figure>\n\n\n\n<figure class=\"wp-block-image size-large\"><a href=\"https:\/\/centcols.org\/wp-content\/uploads\/2015\/04\/tcf108.jpg\"><img loading=\"lazy\" decoding=\"async\" width=\"640\" height=\"480\" data-id=\"83521\" src=\"https:\/\/centcols.org\/wp-content\/uploads\/2015\/04\/tcf108.jpg\" alt=\"\" class=\"wp-image-83521\"\/><\/a><\/figure>\n\n\n\n<figure class=\"wp-block-image size-large\"><a href=\"https:\/\/centcols.org\/wp-content\/uploads\/2015\/04\/tcf109.jpg\"><img loading=\"lazy\" decoding=\"async\" width=\"640\" height=\"480\" data-id=\"83522\" src=\"https:\/\/centcols.org\/wp-content\/uploads\/2015\/04\/tcf109.jpg\" alt=\"\" class=\"wp-image-83522\"\/><\/a><\/figure>\n\n\n\n<figure class=\"wp-block-image size-large\"><a href=\"https:\/\/centcols.org\/wp-content\/uploads\/2015\/04\/tcf110.jpg\"><img loading=\"lazy\" decoding=\"async\" width=\"640\" height=\"480\" data-id=\"83523\" src=\"https:\/\/centcols.org\/wp-content\/uploads\/2015\/04\/tcf110.jpg\" alt=\"\" class=\"wp-image-83523\"\/><\/a><\/figure>\n\n\n\n<figure class=\"wp-block-image size-large\"><a href=\"https:\/\/centcols.org\/wp-content\/uploads\/2015\/04\/tcf111.jpg\"><img loading=\"lazy\" decoding=\"async\" width=\"640\" height=\"480\" data-id=\"83524\" src=\"https:\/\/centcols.org\/wp-content\/uploads\/2015\/04\/tcf111.jpg\" alt=\"\" class=\"wp-image-83524\"\/><\/a><\/figure>\n\n\n\n<figure class=\"wp-block-image size-large\"><a href=\"https:\/\/centcols.org\/wp-content\/uploads\/2015\/04\/tcf112.jpg\"><img loading=\"lazy\" decoding=\"async\" width=\"640\" height=\"480\" data-id=\"83525\" src=\"https:\/\/centcols.org\/wp-content\/uploads\/2015\/04\/tcf112.jpg\" alt=\"\" class=\"wp-image-83525\"\/><\/a><\/figure>\n\n\n\n<figure class=\"wp-block-image size-large\"><a href=\"https:\/\/centcols.org\/wp-content\/uploads\/2015\/04\/tcf113.jpg\"><img loading=\"lazy\" decoding=\"async\" width=\"640\" height=\"480\" data-id=\"83526\" src=\"https:\/\/centcols.org\/wp-content\/uploads\/2015\/04\/tcf113.jpg\" alt=\"\" class=\"wp-image-83526\"\/><\/a><figcaption class=\"wp-element-caption\">Marcel Goll en zijn tandem<\/figcaption><\/figure>\n\n\n\n<figure class=\"wp-block-image size-large\"><a href=\"https:\/\/centcols.org\/wp-content\/uploads\/2015\/04\/tcf115.jpg\"><img loading=\"lazy\" decoding=\"async\" width=\"640\" height=\"480\" data-id=\"83527\" src=\"https:\/\/centcols.org\/wp-content\/uploads\/2015\/04\/tcf115.jpg\" alt=\"\" class=\"wp-image-83527\"\/><\/a><\/figure>\n\n\n\n<figure class=\"wp-block-image size-large\"><a href=\"https:\/\/centcols.org\/wp-content\/uploads\/2015\/04\/tcf117.jpg\"><img loading=\"lazy\" decoding=\"async\" width=\"640\" height=\"480\" data-id=\"83529\" src=\"https:\/\/centcols.org\/wp-content\/uploads\/2015\/04\/tcf117.jpg\" alt=\"\" class=\"wp-image-83529\"\/><\/a><figcaption class=\"wp-element-caption\">De pas van Riou<\/figcaption><\/figure>\n\n\n\n<figure class=\"wp-block-image size-large\"><a href=\"https:\/\/centcols.org\/wp-content\/uploads\/2015\/04\/tcf118.jpg\"><img loading=\"lazy\" decoding=\"async\" width=\"640\" height=\"480\" data-id=\"83530\" src=\"https:\/\/centcols.org\/wp-content\/uploads\/2015\/04\/tcf118.jpg\" alt=\"\" class=\"wp-image-83530\"\/><\/a><\/figure>\n\n\n\n<figure class=\"wp-block-image size-large\"><a href=\"https:\/\/centcols.org\/wp-content\/uploads\/2015\/04\/tcf119.jpg\"><img loading=\"lazy\" decoding=\"async\" width=\"640\" height=\"480\" data-id=\"83531\" src=\"https:\/\/centcols.org\/wp-content\/uploads\/2015\/04\/tcf119.jpg\" alt=\"\" class=\"wp-image-83531\"\/><\/a><\/figure>\n<\/figure>","protected":false},"excerpt":{"rendered":"<p>En for\u00eat de la Gr\u00e9signe avec le V\u00e9loce Club Montauban A l&rsquo;occasion des 130 ans du club, le V\u00e9loce Club Montalbanais est heureux d&rsquo;accueillir l&rsquo;Assembl\u00e9e G\u00e9n\u00e9rale 2007 du Club des Cent Cols, \u00e0 l&rsquo;or\u00e9e de la for\u00eat de la Gr\u00e9signe, \u00e0 l&rsquo;espace nature de Fontbonne ( http:\/\/www.fontbonne-tarn.com ), \u00e0 150 m du Pas de Cabal [&hellip;]<\/p>\n","protected":false},"author":3,"featured_media":83441,"comment_status":"closed","ping_status":"closed","sticky":false,"template":"","format":"standard","meta":{"_acf_changed":false,"footnotes":""},"categories":[217,135],"tags":[],"class_list":["post-81737","post","type-post","status-publish","format-standard","has-post-thumbnail","hentry","category-assemblees-generales","category-calendrier"],"acf":[],"yoast_head":"<!-- This site is optimized with the Yoast SEO plugin v27.2 - https:\/\/yoast.com\/product\/yoast-seo-wordpress\/ -->\n<title>Assembl\u00e9e g\u00e9n\u00e9rale des 1er et 2 d\u00e9cembre 2007 \u00e0 Fontbonne (Tarn) - Club des Cent Cols<\/title>\n<meta name=\"robots\" content=\"index, follow, max-snippet:-1, max-image-preview:large, max-video-preview:-1\" \/>\n<link rel=\"canonical\" href=\"https:\/\/centcols.org\/nl\/algemene-vergadering-op-1-en-2-december-2007-in-fontbonne-tarn\/\" \/>\n<meta property=\"og:locale\" content=\"nl_BE\" \/>\n<meta property=\"og:type\" content=\"article\" \/>\n<meta property=\"og:title\" content=\"Assembl\u00e9e g\u00e9n\u00e9rale des 1er et 2 d\u00e9cembre 2007 \u00e0 Fontbonne (Tarn) - Club des Cent Cols\" \/>\n<meta property=\"og:description\" content=\"En for\u00eat de la Gr\u00e9signe avec le V\u00e9loce Club Montauban A l&rsquo;occasion des 130 ans du club, le V\u00e9loce Club Montalbanais est heureux d&rsquo;accueillir l&rsquo;Assembl\u00e9e G\u00e9n\u00e9rale 2007 du Club des Cent Cols, \u00e0 l&rsquo;or\u00e9e de la for\u00eat de la Gr\u00e9signe, \u00e0 l&rsquo;espace nature de Fontbonne ( http:\/\/www.fontbonne-tarn.com ), \u00e0 150 m du Pas de Cabal [&hellip;]\" \/>\n<meta property=\"og:url\" content=\"https:\/\/centcols.org\/nl\/algemene-vergadering-op-1-en-2-december-2007-in-fontbonne-tarn\/\" \/>\n<meta property=\"og:site_name\" content=\"Club des Cent Cols\" \/>\n<meta property=\"article:publisher\" content=\"https:\/\/www.facebook.com\/groups\/5261880558\/?locale=fr_FR\" \/>\n<meta property=\"article:published_time\" content=\"2015-04-15T07:57:24+00:00\" \/>\n<meta property=\"article:modified_time\" content=\"2025-11-06T02:36:14+00:00\" \/>\n<meta property=\"og:image\" content=\"https:\/\/centcols.org\/wp-content\/uploads\/2015\/04\/ml_01.jpg\" \/>\n\t<meta property=\"og:image:width\" content=\"640\" \/>\n\t<meta property=\"og:image:height\" content=\"480\" \/>\n\t<meta property=\"og:image:type\" content=\"image\/jpeg\" \/>\n<meta name=\"author\" content=\"Webmestre\" \/>\n<meta name=\"twitter:card\" content=\"summary_large_image\" \/>\n<meta name=\"twitter:label1\" content=\"Geschreven door\" \/>\n\t<meta name=\"twitter:data1\" content=\"Webmestre\" \/>\n\t<meta name=\"twitter:label2\" content=\"Geschatte leestijd\" \/>\n\t<meta name=\"twitter:data2\" content=\"23 minuten\" \/>\n<script type=\"application\/ld+json\" class=\"yoast-schema-graph\">{\"@context\":\"https:\/\/schema.org\",\"@graph\":[{\"@type\":\"Article\",\"@id\":\"https:\/\/centcols.org\/assemblee-generale-des-1er-et-2-decembre-2007-a-fontbonne-tarn\/#article\",\"isPartOf\":{\"@id\":\"https:\/\/centcols.org\/assemblee-generale-des-1er-et-2-decembre-2007-a-fontbonne-tarn\/\"},\"author\":{\"name\":\"Webmestre\",\"@id\":\"https:\/\/centcols.org\/#\/schema\/person\/911b404fb133d8c913dd27cdcf71c8e5\"},\"headline\":\"Assembl\u00e9e g\u00e9n\u00e9rale des 1er et 2 d\u00e9cembre 2007 \u00e0 Fontbonne (Tarn)\",\"datePublished\":\"2015-04-15T07:57:24+00:00\",\"dateModified\":\"2025-11-06T02:36:14+00:00\",\"mainEntityOfPage\":{\"@id\":\"https:\/\/centcols.org\/assemblee-generale-des-1er-et-2-decembre-2007-a-fontbonne-tarn\/\"},\"wordCount\":890,\"publisher\":{\"@id\":\"https:\/\/centcols.org\/#organization\"},\"image\":{\"@id\":\"https:\/\/centcols.org\/assemblee-generale-des-1er-et-2-decembre-2007-a-fontbonne-tarn\/#primaryimage\"},\"thumbnailUrl\":\"https:\/\/centcols.org\/wp-content\/uploads\/2015\/04\/ml_01.jpg\",\"articleSection\":[\"Assembl\u00e9es g\u00e9n\u00e9rales\",\"Calendrier\"],\"inLanguage\":\"nl-BE\"},{\"@type\":\"WebPage\",\"@id\":\"https:\/\/centcols.org\/assemblee-generale-des-1er-et-2-decembre-2007-a-fontbonne-tarn\/\",\"url\":\"https:\/\/centcols.org\/assemblee-generale-des-1er-et-2-decembre-2007-a-fontbonne-tarn\/\",\"name\":\"Assembl\u00e9e g\u00e9n\u00e9rale des 1er et 2 d\u00e9cembre 2007 \u00e0 Fontbonne (Tarn) - Club des Cent Cols\",\"isPartOf\":{\"@id\":\"https:\/\/centcols.org\/#website\"},\"primaryImageOfPage\":{\"@id\":\"https:\/\/centcols.org\/assemblee-generale-des-1er-et-2-decembre-2007-a-fontbonne-tarn\/#primaryimage\"},\"image\":{\"@id\":\"https:\/\/centcols.org\/assemblee-generale-des-1er-et-2-decembre-2007-a-fontbonne-tarn\/#primaryimage\"},\"thumbnailUrl\":\"https:\/\/centcols.org\/wp-content\/uploads\/2015\/04\/ml_01.jpg\",\"datePublished\":\"2015-04-15T07:57:24+00:00\",\"dateModified\":\"2025-11-06T02:36:14+00:00\",\"breadcrumb\":{\"@id\":\"https:\/\/centcols.org\/assemblee-generale-des-1er-et-2-decembre-2007-a-fontbonne-tarn\/#breadcrumb\"},\"inLanguage\":\"nl-BE\",\"potentialAction\":[{\"@type\":\"ReadAction\",\"target\":[\"https:\/\/centcols.org\/assemblee-generale-des-1er-et-2-decembre-2007-a-fontbonne-tarn\/\"]}]},{\"@type\":\"ImageObject\",\"inLanguage\":\"nl-BE\",\"@id\":\"https:\/\/centcols.org\/assemblee-generale-des-1er-et-2-decembre-2007-a-fontbonne-tarn\/#primaryimage\",\"url\":\"https:\/\/centcols.org\/wp-content\/uploads\/2015\/04\/ml_01.jpg\",\"contentUrl\":\"https:\/\/centcols.org\/wp-content\/uploads\/2015\/04\/ml_01.jpg\",\"width\":640,\"height\":480,\"caption\":\"Le centre de Fontbonne sous un ciel maussade\"},{\"@type\":\"BreadcrumbList\",\"@id\":\"https:\/\/centcols.org\/assemblee-generale-des-1er-et-2-decembre-2007-a-fontbonne-tarn\/#breadcrumb\",\"itemListElement\":[{\"@type\":\"ListItem\",\"position\":1,\"name\":\"Accueil\",\"item\":\"https:\/\/centcols.org\/\"},{\"@type\":\"ListItem\",\"position\":2,\"name\":\"Assembl\u00e9es g\u00e9n\u00e9rales\",\"item\":\"https:\/\/centcols.org\/rubrique\/assemblees-generales\/\"},{\"@type\":\"ListItem\",\"position\":3,\"name\":\"Assembl\u00e9e g\u00e9n\u00e9rale des 1er et 2 d\u00e9cembre 2007 \u00e0 Fontbonne (Tarn)\"}]},{\"@type\":\"WebSite\",\"@id\":\"https:\/\/centcols.org\/#website\",\"url\":\"https:\/\/centcols.org\/\",\"name\":\"Club des Cent Cols\",\"description\":\"\",\"publisher\":{\"@id\":\"https:\/\/centcols.org\/#organization\"},\"potentialAction\":[{\"@type\":\"SearchAction\",\"target\":{\"@type\":\"EntryPoint\",\"urlTemplate\":\"https:\/\/centcols.org\/?s={search_term_string}\"},\"query-input\":{\"@type\":\"PropertyValueSpecification\",\"valueRequired\":true,\"valueName\":\"search_term_string\"}}],\"inLanguage\":\"nl-BE\"},{\"@type\":\"Organization\",\"@id\":\"https:\/\/centcols.org\/#organization\",\"name\":\"Club des Cent Cols\",\"url\":\"https:\/\/centcols.org\/\",\"logo\":{\"@type\":\"ImageObject\",\"inLanguage\":\"nl-BE\",\"@id\":\"https:\/\/centcols.org\/#\/schema\/logo\/image\/\",\"url\":\"https:\/\/centcols.org\/wp-content\/uploads\/2025\/01\/carte-icone.png\",\"contentUrl\":\"https:\/\/centcols.org\/wp-content\/uploads\/2025\/01\/carte-icone.png\",\"width\":250,\"height\":250,\"caption\":\"Club des Cent Cols\"},\"image\":{\"@id\":\"https:\/\/centcols.org\/#\/schema\/logo\/image\/\"},\"sameAs\":[\"https:\/\/www.facebook.com\/groups\/5261880558\/?locale=fr_FR\"]},{\"@type\":\"Person\",\"@id\":\"https:\/\/centcols.org\/#\/schema\/person\/911b404fb133d8c913dd27cdcf71c8e5\",\"name\":\"Webmestre\",\"image\":{\"@type\":\"ImageObject\",\"inLanguage\":\"nl-BE\",\"@id\":\"https:\/\/centcols.org\/wp-content\/litespeed\/avatar\/2d246e4b6b4f773e08515e1ffc53690b.jpg?ver=1777222892\",\"url\":\"https:\/\/centcols.org\/wp-content\/litespeed\/avatar\/2d246e4b6b4f773e08515e1ffc53690b.jpg?ver=1777222892\",\"contentUrl\":\"https:\/\/centcols.org\/wp-content\/litespeed\/avatar\/2d246e4b6b4f773e08515e1ffc53690b.jpg?ver=1777222892\",\"caption\":\"Webmestre\"},\"url\":\"https:\/\/centcols.org\/nl\/author\/webmestre\/\"}]}<\/script>\n<!-- \/ Yoast SEO plugin. -->","yoast_head_json":{"title":"Algemene vergadering gehouden op 1 en 2 december 2007 in Fontbonne (Tarn) - Club des Cent Cols","robots":{"index":"index","follow":"follow","max-snippet":"max-snippet:-1","max-image-preview":"max-image-preview:large","max-video-preview":"max-video-preview:-1"},"canonical":"https:\/\/centcols.org\/nl\/algemene-vergadering-op-1-en-2-december-2007-in-fontbonne-tarn\/","og_locale":"nl_BE","og_type":"article","og_title":"Assembl\u00e9e g\u00e9n\u00e9rale des 1er et 2 d\u00e9cembre 2007 \u00e0 Fontbonne (Tarn) - Club des Cent Cols","og_description":"En for\u00eat de la Gr\u00e9signe avec le V\u00e9loce Club Montauban A l&rsquo;occasion des 130 ans du club, le V\u00e9loce Club Montalbanais est heureux d&rsquo;accueillir l&rsquo;Assembl\u00e9e G\u00e9n\u00e9rale 2007 du Club des Cent Cols, \u00e0 l&rsquo;or\u00e9e de la for\u00eat de la Gr\u00e9signe, \u00e0 l&rsquo;espace nature de Fontbonne ( http:\/\/www.fontbonne-tarn.com ), \u00e0 150 m du Pas de Cabal [&hellip;]","og_url":"https:\/\/centcols.org\/nl\/algemene-vergadering-op-1-en-2-december-2007-in-fontbonne-tarn\/","og_site_name":"Club des Cent Cols","article_publisher":"https:\/\/www.facebook.com\/groups\/5261880558\/?locale=fr_FR","article_published_time":"2015-04-15T07:57:24+00:00","article_modified_time":"2025-11-06T02:36:14+00:00","og_image":[{"width":640,"height":480,"url":"https:\/\/centcols.org\/wp-content\/uploads\/2015\/04\/ml_01.jpg","type":"image\/jpeg"}],"author":"Webmestre","twitter_card":"summary_large_image","twitter_misc":{"Geschreven door":"Webmestre","Geschatte leestijd":"23 minuten"},"schema":{"@context":"https:\/\/schema.org","@graph":[{"@type":"Article","@id":"https:\/\/centcols.org\/assemblee-generale-des-1er-et-2-decembre-2007-a-fontbonne-tarn\/#article","isPartOf":{"@id":"https:\/\/centcols.org\/assemblee-generale-des-1er-et-2-decembre-2007-a-fontbonne-tarn\/"},"author":{"name":"Webmestre","@id":"https:\/\/centcols.org\/#\/schema\/person\/911b404fb133d8c913dd27cdcf71c8e5"},"headline":"Assembl\u00e9e g\u00e9n\u00e9rale des 1er et 2 d\u00e9cembre 2007 \u00e0 Fontbonne (Tarn)","datePublished":"2015-04-15T07:57:24+00:00","dateModified":"2025-11-06T02:36:14+00:00","mainEntityOfPage":{"@id":"https:\/\/centcols.org\/assemblee-generale-des-1er-et-2-decembre-2007-a-fontbonne-tarn\/"},"wordCount":890,"publisher":{"@id":"https:\/\/centcols.org\/#organization"},"image":{"@id":"https:\/\/centcols.org\/assemblee-generale-des-1er-et-2-decembre-2007-a-fontbonne-tarn\/#primaryimage"},"thumbnailUrl":"https:\/\/centcols.org\/wp-content\/uploads\/2015\/04\/ml_01.jpg","articleSection":["Assembl\u00e9es g\u00e9n\u00e9rales","Calendrier"],"inLanguage":"nl-BE"},{"@type":"WebPage","@id":"https:\/\/centcols.org\/assemblee-generale-des-1er-et-2-decembre-2007-a-fontbonne-tarn\/","url":"https:\/\/centcols.org\/assemblee-generale-des-1er-et-2-decembre-2007-a-fontbonne-tarn\/","name":"Algemene vergadering gehouden op 1 en 2 december 2007 in Fontbonne (Tarn) - Club des Cent Cols","isPartOf":{"@id":"https:\/\/centcols.org\/#website"},"primaryImageOfPage":{"@id":"https:\/\/centcols.org\/assemblee-generale-des-1er-et-2-decembre-2007-a-fontbonne-tarn\/#primaryimage"},"image":{"@id":"https:\/\/centcols.org\/assemblee-generale-des-1er-et-2-decembre-2007-a-fontbonne-tarn\/#primaryimage"},"thumbnailUrl":"https:\/\/centcols.org\/wp-content\/uploads\/2015\/04\/ml_01.jpg","datePublished":"2015-04-15T07:57:24+00:00","dateModified":"2025-11-06T02:36:14+00:00","breadcrumb":{"@id":"https:\/\/centcols.org\/assemblee-generale-des-1er-et-2-decembre-2007-a-fontbonne-tarn\/#breadcrumb"},"inLanguage":"nl-BE","potentialAction":[{"@type":"ReadAction","target":["https:\/\/centcols.org\/assemblee-generale-des-1er-et-2-decembre-2007-a-fontbonne-tarn\/"]}]},{"@type":"ImageObject","inLanguage":"nl-BE","@id":"https:\/\/centcols.org\/assemblee-generale-des-1er-et-2-decembre-2007-a-fontbonne-tarn\/#primaryimage","url":"https:\/\/centcols.org\/wp-content\/uploads\/2015\/04\/ml_01.jpg","contentUrl":"https:\/\/centcols.org\/wp-content\/uploads\/2015\/04\/ml_01.jpg","width":640,"height":480,"caption":"Le centre de Fontbonne sous un ciel maussade"},{"@type":"BreadcrumbList","@id":"https:\/\/centcols.org\/assemblee-generale-des-1er-et-2-decembre-2007-a-fontbonne-tarn\/#breadcrumb","itemListElement":[{"@type":"ListItem","position":1,"name":"Accueil","item":"https:\/\/centcols.org\/"},{"@type":"ListItem","position":2,"name":"Assembl\u00e9es g\u00e9n\u00e9rales","item":"https:\/\/centcols.org\/rubrique\/assemblees-generales\/"},{"@type":"ListItem","position":3,"name":"Assembl\u00e9e g\u00e9n\u00e9rale des 1er et 2 d\u00e9cembre 2007 \u00e0 Fontbonne (Tarn)"}]},{"@type":"WebSite","@id":"https:\/\/centcols.org\/#website","url":"https:\/\/centcols.org\/","name":"Club van Cent Cols","description":"","publisher":{"@id":"https:\/\/centcols.org\/#organization"},"potentialAction":[{"@type":"SearchAction","target":{"@type":"EntryPoint","urlTemplate":"https:\/\/centcols.org\/?s={search_term_string}"},"query-input":{"@type":"PropertyValueSpecification","valueRequired":true,"valueName":"search_term_string"}}],"inLanguage":"nl-BE"},{"@type":"Organization","@id":"https:\/\/centcols.org\/#organization","name":"Club van Cent Cols","url":"https:\/\/centcols.org\/","logo":{"@type":"ImageObject","inLanguage":"nl-BE","@id":"https:\/\/centcols.org\/#\/schema\/logo\/image\/","url":"https:\/\/centcols.org\/wp-content\/uploads\/2025\/01\/carte-icone.png","contentUrl":"https:\/\/centcols.org\/wp-content\/uploads\/2025\/01\/carte-icone.png","width":250,"height":250,"caption":"Club des Cent Cols"},"image":{"@id":"https:\/\/centcols.org\/#\/schema\/logo\/image\/"},"sameAs":["https:\/\/www.facebook.com\/groups\/5261880558\/?locale=fr_FR"]},{"@type":"Person","@id":"https:\/\/centcols.org\/#\/schema\/person\/911b404fb133d8c913dd27cdcf71c8e5","name":"Webmaster","image":{"@type":"ImageObject","inLanguage":"nl-BE","@id":"https:\/\/centcols.org\/wp-content\/litespeed\/avatar\/2d246e4b6b4f773e08515e1ffc53690b.jpg?ver=1777222892","url":"https:\/\/centcols.org\/wp-content\/litespeed\/avatar\/2d246e4b6b4f773e08515e1ffc53690b.jpg?ver=1777222892","contentUrl":"https:\/\/centcols.org\/wp-content\/litespeed\/avatar\/2d246e4b6b4f773e08515e1ffc53690b.jpg?ver=1777222892","caption":"Webmestre"},"url":"https:\/\/centcols.org\/nl\/author\/webmestre\/"}]}},"_links":{"self":[{"href":"https:\/\/centcols.org\/nl\/wp-json\/wp\/v2\/posts\/81737","targetHints":{"allow":["GET"]}}],"collection":[{"href":"https:\/\/centcols.org\/nl\/wp-json\/wp\/v2\/posts"}],"about":[{"href":"https:\/\/centcols.org\/nl\/wp-json\/wp\/v2\/types\/post"}],"author":[{"embeddable":true,"href":"https:\/\/centcols.org\/nl\/wp-json\/wp\/v2\/users\/3"}],"replies":[{"embeddable":true,"href":"https:\/\/centcols.org\/nl\/wp-json\/wp\/v2\/comments?post=81737"}],"version-history":[{"count":0,"href":"https:\/\/centcols.org\/nl\/wp-json\/wp\/v2\/posts\/81737\/revisions"}],"wp:featuredmedia":[{"embeddable":true,"href":"https:\/\/centcols.org\/nl\/wp-json\/wp\/v2\/media\/83441"}],"wp:attachment":[{"href":"https:\/\/centcols.org\/nl\/wp-json\/wp\/v2\/media?parent=81737"}],"wp:term":[{"taxonomy":"category","embeddable":true,"href":"https:\/\/centcols.org\/nl\/wp-json\/wp\/v2\/categories?post=81737"},{"taxonomy":"post_tag","embeddable":true,"href":"https:\/\/centcols.org\/nl\/wp-json\/wp\/v2\/tags?post=81737"}],"curies":[{"name":"wp","href":"https:\/\/api.w.org\/{rel}","templated":true}]}}