{"id":81754,"date":"2015-04-15T15:02:53","date_gmt":"2015-04-15T13:02:53","guid":{"rendered":"https:\/\/centcols.org\/assemblee-generale-du-club-des-cent-cols-a-parent-puy-de-dome-les-27-et-28-novembre-2010\/"},"modified":"2025-11-06T04:59:48","modified_gmt":"2025-11-06T02:59:48","slug":"algemene-vergadering-van-de-cent-cols-club-in-parent-puy-de-dome-op-27-en-28-november-2010","status":"publish","type":"post","link":"https:\/\/centcols.org\/nl\/assemblee-generale-du-club-des-cent-cols-a-parent-puy-de-dome-les-27-et-28-novembre-2010\/","title":{"rendered":"Algemene vergadering van de Club des Cent Cols in Parent (Puy-de-D\u00f4me) op 27 en 28 november 2010"},"content":{"rendered":"<div class=\"wp-block-image\">\n<figure class=\"aligncenter size-full\"><img loading=\"lazy\" decoding=\"async\" width=\"774\" height=\"143\" src=\"https:\/\/centcols.org\/wp-content\/uploads\/2025\/06\/puys21.jpg\" alt=\"\" class=\"wp-image-83372\" srcset=\"https:\/\/centcols.org\/wp-content\/uploads\/2025\/06\/puys21.jpg 774w, https:\/\/centcols.org\/wp-content\/uploads\/2025\/06\/puys21-768x142.jpg 768w\" sizes=\"auto, (max-width: 774px) 100vw, 774px\" \/><\/figure>\n<\/div>\n\n\n<div style=\"height:50px\" aria-hidden=\"true\" class=\"wp-block-spacer\"><\/div>\n\n\n<div class=\"wp-block-image\">\n<figure class=\"aligncenter size-full\"><img loading=\"lazy\" decoding=\"async\" width=\"150\" height=\"167\" src=\"https:\/\/centcols.org\/wp-content\/uploads\/2025\/06\/blason631.png\" alt=\"\" class=\"wp-image-83375\"\/><\/figure>\n<\/div>\n\n\n<p><strong>De Amicale Cyclo Clermontoise nodigt u uit voor de Algemene Vergadering 2010 van de Club des Cent Cols in Parent, in de Val d'Allier. Accommodatie en catering worden verzorgd door Village de Vacances de Parent, al lange tijd partner van de FFCT, die van VAL naar VVF is verhuisd.<\/strong><\/p>\n\n\n\n<p>De laatste grote wilde rivier van Europa, van de bron in de Cevennen in de Loz\u00e8re tot de samenvloeiing met de Loire bij de Bec d'Allier in de Nivernais, vormt de Allier de ruggengraat van de Auvergne.<\/p>\n\n\n\n<p>De vallei scheidt het plateau van Dev\u00e8s van het Margeridegebergte, het Puysgebergte van het Livradoisgebergte en de Combrailles van het Madeleinegebergte. Haar loop doorstroomt de limagnes van Brioude, Issoire en Riom, gesymboliseerd door de drie talen op het traditionele wapenschild van de provincie Auvergne.<\/p>\n\n\n\n<p>Claude BENISTRAND<br>CC Nr. 284<\/p>\n\n\n\n<h2 class=\"wp-block-heading\">Programma<\/h2>\n\n\n\n<p>De receptie is open vanaf vrijdagavond voor degenen die van ver zijn gekomen om zaterdagochtend hun motorfiets te kunnen halen. Zaterdagmiddag staat in het teken van de meeting zelf, gevolgd door een feestelijke maaltijd.<\/p>\n\n\n\n<p>Zondagochtend staat er een tocht op de racefiets, een mountainbiketocht of een wandeling met gids en een bezoek aan een wijnmakerij op het programma, voor de afsluitende lunch 's middags.<\/p>\n\n\n\n<figure class=\"wp-block-gallery has-nested-images columns-default is-cropped wp-block-gallery-1 is-layout-flex wp-block-gallery-is-layout-flex\">\n<figure class=\"wp-block-image size-large\"><img loading=\"lazy\" decoding=\"async\" width=\"300\" height=\"225\" data-id=\"83373\" src=\"https:\/\/centcols.org\/wp-content\/uploads\/2025\/06\/vvf1.jpg\" alt=\"\" class=\"wp-image-83373\"\/><\/figure>\n\n\n\n<figure class=\"wp-block-image size-large\"><img loading=\"lazy\" decoding=\"async\" width=\"300\" height=\"225\" data-id=\"83374\" src=\"https:\/\/centcols.org\/wp-content\/uploads\/2025\/06\/billom1.jpg\" alt=\"\" class=\"wp-image-83374\"\/><\/figure>\n\n\n\n<figure class=\"wp-block-image size-large\"><img loading=\"lazy\" decoding=\"async\" width=\"300\" height=\"225\" data-id=\"83376\" src=\"https:\/\/centcols.org\/wp-content\/uploads\/2025\/06\/colorado1.jpg\" alt=\"\" class=\"wp-image-83376\"\/><\/figure>\n<\/figure>\n\n\n\n<h2 class=\"wp-block-heading\">De routes<\/h2>\n\n\n\n<p>De routes liggen verspreid langs beide oevers van de Allier. De wegcircuits zullen ongeveer 60 km lang zijn, terwijl de mountainbikeroutes geschikt zijn voor een rit van een halve dag.<\/p>\n\n\n\n<ul class=\"wp-block-list\">\n<li>Rechteroever: het kastelencircuit: Yronde-et-Buron, Saint-Babel, Chauriat, Mezel, Buss\u00e9ol, langs de knoflookhoofdstad, de middeleeuwse stad Billom en Vic-le-Comte, de voormalige hoofdstad van de graven van Auvergne. Er zijn drie passen op deze route: de passen Croix des Gardes, Potey en Jallat.<\/li>\n\n\n\n<li>Linkeroever: het oppidapad: drie beklimmingen om drie hooggelegen plaatsen te ontdekken waar archeologische opgravingen een Gallisch oppidum hebben blootgelegd: Corent, Gondole en het bekendste Gergovie, het hoogste punt van de route op 717 m, op de hellingen waarvan zich de enige pas van de route bevindt: de Col des Goules (FR-63-698). Op de terugweg komt de route door de wijndorpjes Veyre-Monton, La Sauvetat, Authezat en het dorp Montpeyroux, dat wordt gekenmerkt door zijn toren en arkose gebouwen.<\/li>\n\n\n\n<li>Wandeling met gids op zondagochtend: plan een carpool naar het dorp Boudes in de Lembronnais. Tijdens een 2 uur durende wandeling (neem wandelschoenen mee) ontdek je de \u00abColorado auvergnat\u00bb: de Vall\u00e9e des Saints, met zijn fee\u00ebrieke schoorstenen gebeeldhouwd in rode laterietklei. Bezoek op de terugweg een wijnmakerij in Boudes.<\/li>\n<\/ul>\n\n\n\n<h2 class=\"wp-block-heading\">Rondleidingen<\/h2>\n\n\n\n<p>Op zaterdag 27 en zondag 28 november zijn er twee circuits voor racefietsen en mountainbikes, genummerd R1, R2, V1 en V2. Alle routes starten vanaf de Parent VVF en lopen tegen de klok in.<\/p>\n\n\n\n<h3 class=\"wp-block-heading\">Wegen<\/h3>\n\n\n\n<p>(Klik op de naam van de tour voor meer informatie)<\/p>\n\n\n\n<h4 class=\"wp-block-heading\">Zaterdag 27 november<\/h4>\n\n\n\n<p><a class=\"iframe-fancybox\" href=\"https:\/\/centcols.org\/nl\/les_rendez-vous\/2010\/Parent\/circuit.php\/?id=R1\" target=\"_blank\" rel=\"noopener\">Kastelen Tour<\/a><\/p>\n\n\n\n<p>Afstand: 69 km<br>Hoogteverschil: 1.000 m<br>Vertrek: VVF Ouder om 8.30 uur.<\/p>\n\n\n\n<ol class=\"wp-block-list\">\n<li><a class=\"iframe-fancybox\" href=\"https:\/\/centcols.org\/nl\/util\/geo\/visuGP.php\/?c=63065400\" target=\"_blank\" rel=\"noopener\">FR-63-0654<\/a> Col de la Croix des Gardes<\/li>\n\n\n\n<li><a class=\"iframe-fancybox\" href=\"https:\/\/centcols.org\/nl\/util\/geo\/visuGP.php\/?c=63058300\" target=\"_blank\" rel=\"noopener\">FR-63-0583<\/a> Kol de Potey<\/li>\n\n\n\n<li><a class=\"iframe-fancybox\" href=\"https:\/\/centcols.org\/nl\/util\/geo\/visuGP.php\/?c=63049900\" target=\"_blank\" rel=\"noopener\">FR-63-0499<\/a> Kol de Jallat<\/li>\n<\/ol>\n\n\n\n<h4 class=\"wp-block-heading\">Zondag 28 november<\/h4>\n\n\n\n<p><a class=\"iframe-fancybox\" href=\"https:\/\/centcols.org\/nl\/les_rendez-vous\/2010\/Parent\/circuit.php\/?id=R2\" target=\"_blank\" rel=\"noopener\">Het Oppida-circuit<\/a><\/p>\n\n\n\n<p>Afstand: 55 km<br>Stijging: 970 m<br>Vertrek: VVF Ouder om 8.30 uur.<\/p>\n\n\n\n<ol class=\"wp-block-list\">\n<li><a class=\"iframe-fancybox\" href=\"https:\/\/centcols.org\/nl\/util\/geo\/visuGP.php\/?c=63069800\" target=\"_blank\" rel=\"noopener\">FR-63-0698<\/a> Col des Goules<\/li>\n<\/ol>\n\n\n\n<h3 class=\"wp-block-heading\">Mountainbikeroutes<\/h3>\n\n\n\n<p>(Klik op de naam van de tour voor meer informatie)<\/p>\n\n\n\n<h4 class=\"wp-block-heading\">Zaterdag 27 november<\/h4>\n\n\n\n<p><a class=\"iframe-fancybox\" href=\"https:\/\/centcols.org\/nl\/les_rendez-vous\/2010\/Parent\/circuit.php\/?id=V1\" target=\"_blank\" rel=\"noopener\">Rechteroever <\/a><\/p>\n\n\n\n<p>Afstand: 29 km<br>Stijging: 600 m<br>Vertrek: VVF Ouder om 8.30 uur.<\/p>\n\n\n\n<ol class=\"wp-block-list\">\n<li><a class=\"iframe-fancybox\" href=\"https:\/\/centcols.org\/nl\/util\/geo\/visuGP.php\/?c=63065400\" target=\"_blank\" rel=\"noopener\">FR-63-0654<\/a> Col de la Croix des Gardes<\/li>\n\n\n\n<li><a class=\"iframe-fancybox\" href=\"https:\/\/centcols.org\/nl\/util\/geo\/visuGP.php\/?c=63058300\" target=\"_blank\" rel=\"noopener\">FR-63-0583<\/a> Kol de Potey<\/li>\n<\/ol>\n\n\n\n<h4 class=\"wp-block-heading\">Zondag 28 november<\/h4>\n\n\n\n<p><a class=\"iframe-fancybox\" href=\"https:\/\/centcols.org\/nl\/les_rendez-vous\/2010\/Parent\/circuit.php\/?id=V2\" target=\"_blank\" rel=\"noopener\">Linkeroever<\/a><\/p>\n\n\n\n<p>Afstand: 23 km<br>Stijging: 440 m<br>Vertrek: VVF Ouder om 8.30 uur.<\/p>\n\n\n\n<p>Begeleider: Jacques JUILLARD<\/p>\n\n\n\n<h2 class=\"wp-block-heading\">Geolocatiebestanden<\/h2>\n\n\n\n<p><a class=\"iframe-fancybox\" href=\"https:\/\/centcols.org\/les_rendez-vous\/2010\/Parent\/geo.htm\" target=\"_blank\" rel=\"noopener\">Op deze pagina<\/a> vind je GPX-, KML- en Carto Exploreur-bestanden van de routes voor gebruik met geolocatiesoftware en GPS-ontvangers.<\/p>\n\n\n\n<h2 class=\"wp-block-heading\">Registratie<\/h2>\n\n\n\n<p>Je hoeft je niet in te schrijven als je de AGM zelf wilt bijwonen op de 27e en met je collega's wilt meerijden op de ochtend van de 28e. Als je echter accommodatie en\/of maaltijden wilt, is registratie essentieel. Vul dus het inschrijfformulier in en stuur het samen met je betaling v\u00f3\u00f3r 10 november naar het adres dat op het formulier staat.<\/p>\n\n\n\n<h2 class=\"wp-block-heading\">Stemmingsmateriaal<\/h2>\n\n\n\n<p>Sommige exemplaren van Infos Cent Cols werden blijkbaar zonder stembiljetten verzonden (de enveloppen zijn bijgevoegd).<\/p>\n\n\n\n<h2 class=\"wp-block-heading\">Toegang tot de VVF \u00abLes Balcons du Sancy\u00bb in Parent<\/h2>","protected":false},"excerpt":{"rendered":"<p>C\u2019est dans le Val d\u2019Allier sur la commune de Parent que l\u2019Amicale Cyclo Clermontoise vous convie \u00e0 l\u2019Assembl\u00e9e g\u00e9n\u00e9rale 2010 du Club des Cent Cols. L\u2019h\u00e9bergement et la restauration seront assur\u00e9s par la structure du Village de Vacances de Parent, pass\u00e9 du giron de VAL \u00e0 celui de VVF et partenaire de longue date de [&hellip;]<\/p>\n","protected":false},"author":3,"featured_media":83372,"comment_status":"closed","ping_status":"open","sticky":false,"template":"","format":"standard","meta":{"_acf_changed":false,"footnotes":""},"categories":[217,135],"tags":[],"class_list":["post-81754","post","type-post","status-publish","format-standard","has-post-thumbnail","hentry","category-assemblees-generales","category-calendrier"],"acf":[],"yoast_head":"<!-- This site is optimized with the Yoast SEO plugin v27.2 - https:\/\/yoast.com\/product\/yoast-seo-wordpress\/ -->\n<title>Assembl\u00e9e g\u00e9n\u00e9rale du Club des Cent Cols \u00e0 Parent (Puy-de-D\u00f4me) les 27 et 28 novembre 2010 - Club des Cent Cols<\/title>\n<meta name=\"robots\" content=\"index, follow, max-snippet:-1, max-image-preview:large, max-video-preview:-1\" \/>\n<link rel=\"canonical\" href=\"https:\/\/centcols.org\/nl\/algemene-vergadering-van-de-cent-cols-club-in-parent-puy-de-dome-op-27-en-28-november-2010\/\" \/>\n<meta property=\"og:locale\" content=\"nl_BE\" \/>\n<meta property=\"og:type\" content=\"article\" \/>\n<meta property=\"og:title\" content=\"Assembl\u00e9e g\u00e9n\u00e9rale du Club des Cent Cols \u00e0 Parent (Puy-de-D\u00f4me) les 27 et 28 novembre 2010 - Club des Cent Cols\" \/>\n<meta property=\"og:description\" content=\"C\u2019est dans le Val d\u2019Allier sur la commune de Parent que l\u2019Amicale Cyclo Clermontoise vous convie \u00e0 l\u2019Assembl\u00e9e g\u00e9n\u00e9rale 2010 du Club des Cent Cols. L\u2019h\u00e9bergement et la restauration seront assur\u00e9s par la structure du Village de Vacances de Parent, pass\u00e9 du giron de VAL \u00e0 celui de VVF et partenaire de longue date de [&hellip;]\" \/>\n<meta property=\"og:url\" content=\"https:\/\/centcols.org\/nl\/algemene-vergadering-van-de-cent-cols-club-in-parent-puy-de-dome-op-27-en-28-november-2010\/\" \/>\n<meta property=\"og:site_name\" content=\"Club des Cent Cols\" \/>\n<meta property=\"article:publisher\" content=\"https:\/\/www.facebook.com\/groups\/5261880558\/?locale=fr_FR\" \/>\n<meta property=\"article:published_time\" content=\"2015-04-15T13:02:53+00:00\" \/>\n<meta property=\"article:modified_time\" content=\"2025-11-06T02:59:48+00:00\" \/>\n<meta property=\"og:image\" content=\"https:\/\/centcols.org\/wp-content\/uploads\/2025\/06\/puys21.jpg\" \/>\n\t<meta property=\"og:image:width\" content=\"774\" \/>\n\t<meta property=\"og:image:height\" content=\"143\" \/>\n\t<meta property=\"og:image:type\" content=\"image\/jpeg\" \/>\n<meta name=\"author\" content=\"Webmestre\" \/>\n<meta name=\"twitter:card\" content=\"summary_large_image\" \/>\n<meta name=\"twitter:label1\" content=\"Geschreven door\" \/>\n\t<meta name=\"twitter:data1\" content=\"Webmestre\" \/>\n\t<meta name=\"twitter:label2\" content=\"Geschatte leestijd\" \/>\n\t<meta name=\"twitter:data2\" content=\"5 minuten\" \/>\n<script type=\"application\/ld+json\" class=\"yoast-schema-graph\">{\"@context\":\"https:\/\/schema.org\",\"@graph\":[{\"@type\":\"Article\",\"@id\":\"https:\/\/centcols.org\/assemblee-generale-du-club-des-cent-cols-a-parent-puy-de-dome-les-27-et-28-novembre-2010\/#article\",\"isPartOf\":{\"@id\":\"https:\/\/centcols.org\/assemblee-generale-du-club-des-cent-cols-a-parent-puy-de-dome-les-27-et-28-novembre-2010\/\"},\"author\":{\"name\":\"Webmestre\",\"@id\":\"https:\/\/centcols.org\/#\/schema\/person\/911b404fb133d8c913dd27cdcf71c8e5\"},\"headline\":\"Assembl\u00e9e g\u00e9n\u00e9rale du Club des Cent Cols \u00e0 Parent (Puy-de-D\u00f4me) les 27 et 28 novembre 2010\",\"datePublished\":\"2015-04-15T13:02:53+00:00\",\"dateModified\":\"2025-11-06T02:59:48+00:00\",\"mainEntityOfPage\":{\"@id\":\"https:\/\/centcols.org\/assemblee-generale-du-club-des-cent-cols-a-parent-puy-de-dome-les-27-et-28-novembre-2010\/\"},\"wordCount\":777,\"publisher\":{\"@id\":\"https:\/\/centcols.org\/#organization\"},\"image\":{\"@id\":\"https:\/\/centcols.org\/assemblee-generale-du-club-des-cent-cols-a-parent-puy-de-dome-les-27-et-28-novembre-2010\/#primaryimage\"},\"thumbnailUrl\":\"https:\/\/centcols.org\/wp-content\/uploads\/2025\/06\/puys21.jpg\",\"articleSection\":[\"Assembl\u00e9es g\u00e9n\u00e9rales\",\"Calendrier\"],\"inLanguage\":\"nl-BE\"},{\"@type\":\"WebPage\",\"@id\":\"https:\/\/centcols.org\/assemblee-generale-du-club-des-cent-cols-a-parent-puy-de-dome-les-27-et-28-novembre-2010\/\",\"url\":\"https:\/\/centcols.org\/assemblee-generale-du-club-des-cent-cols-a-parent-puy-de-dome-les-27-et-28-novembre-2010\/\",\"name\":\"Assembl\u00e9e g\u00e9n\u00e9rale du Club des Cent Cols \u00e0 Parent (Puy-de-D\u00f4me) les 27 et 28 novembre 2010 - Club des Cent Cols\",\"isPartOf\":{\"@id\":\"https:\/\/centcols.org\/#website\"},\"primaryImageOfPage\":{\"@id\":\"https:\/\/centcols.org\/assemblee-generale-du-club-des-cent-cols-a-parent-puy-de-dome-les-27-et-28-novembre-2010\/#primaryimage\"},\"image\":{\"@id\":\"https:\/\/centcols.org\/assemblee-generale-du-club-des-cent-cols-a-parent-puy-de-dome-les-27-et-28-novembre-2010\/#primaryimage\"},\"thumbnailUrl\":\"https:\/\/centcols.org\/wp-content\/uploads\/2025\/06\/puys21.jpg\",\"datePublished\":\"2015-04-15T13:02:53+00:00\",\"dateModified\":\"2025-11-06T02:59:48+00:00\",\"breadcrumb\":{\"@id\":\"https:\/\/centcols.org\/assemblee-generale-du-club-des-cent-cols-a-parent-puy-de-dome-les-27-et-28-novembre-2010\/#breadcrumb\"},\"inLanguage\":\"nl-BE\",\"potentialAction\":[{\"@type\":\"ReadAction\",\"target\":[\"https:\/\/centcols.org\/assemblee-generale-du-club-des-cent-cols-a-parent-puy-de-dome-les-27-et-28-novembre-2010\/\"]}]},{\"@type\":\"ImageObject\",\"inLanguage\":\"nl-BE\",\"@id\":\"https:\/\/centcols.org\/assemblee-generale-du-club-des-cent-cols-a-parent-puy-de-dome-les-27-et-28-novembre-2010\/#primaryimage\",\"url\":\"https:\/\/centcols.org\/wp-content\/uploads\/2025\/06\/puys21.jpg\",\"contentUrl\":\"https:\/\/centcols.org\/wp-content\/uploads\/2025\/06\/puys21.jpg\",\"width\":774,\"height\":143},{\"@type\":\"BreadcrumbList\",\"@id\":\"https:\/\/centcols.org\/assemblee-generale-du-club-des-cent-cols-a-parent-puy-de-dome-les-27-et-28-novembre-2010\/#breadcrumb\",\"itemListElement\":[{\"@type\":\"ListItem\",\"position\":1,\"name\":\"Accueil\",\"item\":\"https:\/\/centcols.org\/\"},{\"@type\":\"ListItem\",\"position\":2,\"name\":\"Assembl\u00e9es g\u00e9n\u00e9rales\",\"item\":\"https:\/\/centcols.org\/rubrique\/assemblees-generales\/\"},{\"@type\":\"ListItem\",\"position\":3,\"name\":\"Assembl\u00e9e g\u00e9n\u00e9rale du Club des Cent Cols \u00e0 Parent (Puy-de-D\u00f4me) les 27 et 28 novembre 2010\"}]},{\"@type\":\"WebSite\",\"@id\":\"https:\/\/centcols.org\/#website\",\"url\":\"https:\/\/centcols.org\/\",\"name\":\"Club des Cent Cols\",\"description\":\"\",\"publisher\":{\"@id\":\"https:\/\/centcols.org\/#organization\"},\"potentialAction\":[{\"@type\":\"SearchAction\",\"target\":{\"@type\":\"EntryPoint\",\"urlTemplate\":\"https:\/\/centcols.org\/?s={search_term_string}\"},\"query-input\":{\"@type\":\"PropertyValueSpecification\",\"valueRequired\":true,\"valueName\":\"search_term_string\"}}],\"inLanguage\":\"nl-BE\"},{\"@type\":\"Organization\",\"@id\":\"https:\/\/centcols.org\/#organization\",\"name\":\"Club des Cent Cols\",\"url\":\"https:\/\/centcols.org\/\",\"logo\":{\"@type\":\"ImageObject\",\"inLanguage\":\"nl-BE\",\"@id\":\"https:\/\/centcols.org\/#\/schema\/logo\/image\/\",\"url\":\"https:\/\/centcols.org\/wp-content\/uploads\/2025\/01\/carte-icone.png\",\"contentUrl\":\"https:\/\/centcols.org\/wp-content\/uploads\/2025\/01\/carte-icone.png\",\"width\":250,\"height\":250,\"caption\":\"Club des Cent Cols\"},\"image\":{\"@id\":\"https:\/\/centcols.org\/#\/schema\/logo\/image\/\"},\"sameAs\":[\"https:\/\/www.facebook.com\/groups\/5261880558\/?locale=fr_FR\"]},{\"@type\":\"Person\",\"@id\":\"https:\/\/centcols.org\/#\/schema\/person\/911b404fb133d8c913dd27cdcf71c8e5\",\"name\":\"Webmestre\",\"image\":{\"@type\":\"ImageObject\",\"inLanguage\":\"nl-BE\",\"@id\":\"https:\/\/centcols.org\/wp-content\/litespeed\/avatar\/2d246e4b6b4f773e08515e1ffc53690b.jpg?ver=1777222892\",\"url\":\"https:\/\/centcols.org\/wp-content\/litespeed\/avatar\/2d246e4b6b4f773e08515e1ffc53690b.jpg?ver=1777222892\",\"contentUrl\":\"https:\/\/centcols.org\/wp-content\/litespeed\/avatar\/2d246e4b6b4f773e08515e1ffc53690b.jpg?ver=1777222892\",\"caption\":\"Webmestre\"},\"url\":\"https:\/\/centcols.org\/nl\/author\/webmestre\/\"}]}<\/script>\n<!-- \/ Yoast SEO plugin. -->","yoast_head_json":{"title":"Algemene vergadering van de Club des Cent Cols in Parent (Puy-de-D\u00f4me) op 27 en 28 november 2010 - Club des Cent Cols","robots":{"index":"index","follow":"follow","max-snippet":"max-snippet:-1","max-image-preview":"max-image-preview:large","max-video-preview":"max-video-preview:-1"},"canonical":"https:\/\/centcols.org\/nl\/algemene-vergadering-van-de-cent-cols-club-in-parent-puy-de-dome-op-27-en-28-november-2010\/","og_locale":"nl_BE","og_type":"article","og_title":"Assembl\u00e9e g\u00e9n\u00e9rale du Club des Cent Cols \u00e0 Parent (Puy-de-D\u00f4me) les 27 et 28 novembre 2010 - Club des Cent Cols","og_description":"C\u2019est dans le Val d\u2019Allier sur la commune de Parent que l\u2019Amicale Cyclo Clermontoise vous convie \u00e0 l\u2019Assembl\u00e9e g\u00e9n\u00e9rale 2010 du Club des Cent Cols. L\u2019h\u00e9bergement et la restauration seront assur\u00e9s par la structure du Village de Vacances de Parent, pass\u00e9 du giron de VAL \u00e0 celui de VVF et partenaire de longue date de [&hellip;]","og_url":"https:\/\/centcols.org\/nl\/algemene-vergadering-van-de-cent-cols-club-in-parent-puy-de-dome-op-27-en-28-november-2010\/","og_site_name":"Club des Cent Cols","article_publisher":"https:\/\/www.facebook.com\/groups\/5261880558\/?locale=fr_FR","article_published_time":"2015-04-15T13:02:53+00:00","article_modified_time":"2025-11-06T02:59:48+00:00","og_image":[{"width":774,"height":143,"url":"https:\/\/centcols.org\/wp-content\/uploads\/2025\/06\/puys21.jpg","type":"image\/jpeg"}],"author":"Webmestre","twitter_card":"summary_large_image","twitter_misc":{"Geschreven door":"Webmestre","Geschatte leestijd":"5 minuten"},"schema":{"@context":"https:\/\/schema.org","@graph":[{"@type":"Article","@id":"https:\/\/centcols.org\/assemblee-generale-du-club-des-cent-cols-a-parent-puy-de-dome-les-27-et-28-novembre-2010\/#article","isPartOf":{"@id":"https:\/\/centcols.org\/assemblee-generale-du-club-des-cent-cols-a-parent-puy-de-dome-les-27-et-28-novembre-2010\/"},"author":{"name":"Webmestre","@id":"https:\/\/centcols.org\/#\/schema\/person\/911b404fb133d8c913dd27cdcf71c8e5"},"headline":"Assembl\u00e9e g\u00e9n\u00e9rale du Club des Cent Cols \u00e0 Parent (Puy-de-D\u00f4me) les 27 et 28 novembre 2010","datePublished":"2015-04-15T13:02:53+00:00","dateModified":"2025-11-06T02:59:48+00:00","mainEntityOfPage":{"@id":"https:\/\/centcols.org\/assemblee-generale-du-club-des-cent-cols-a-parent-puy-de-dome-les-27-et-28-novembre-2010\/"},"wordCount":777,"publisher":{"@id":"https:\/\/centcols.org\/#organization"},"image":{"@id":"https:\/\/centcols.org\/assemblee-generale-du-club-des-cent-cols-a-parent-puy-de-dome-les-27-et-28-novembre-2010\/#primaryimage"},"thumbnailUrl":"https:\/\/centcols.org\/wp-content\/uploads\/2025\/06\/puys21.jpg","articleSection":["Assembl\u00e9es g\u00e9n\u00e9rales","Calendrier"],"inLanguage":"nl-BE"},{"@type":"WebPage","@id":"https:\/\/centcols.org\/assemblee-generale-du-club-des-cent-cols-a-parent-puy-de-dome-les-27-et-28-novembre-2010\/","url":"https:\/\/centcols.org\/assemblee-generale-du-club-des-cent-cols-a-parent-puy-de-dome-les-27-et-28-novembre-2010\/","name":"Algemene vergadering van de Club des Cent Cols in Parent (Puy-de-D\u00f4me) op 27 en 28 november 2010 - Club des Cent Cols","isPartOf":{"@id":"https:\/\/centcols.org\/#website"},"primaryImageOfPage":{"@id":"https:\/\/centcols.org\/assemblee-generale-du-club-des-cent-cols-a-parent-puy-de-dome-les-27-et-28-novembre-2010\/#primaryimage"},"image":{"@id":"https:\/\/centcols.org\/assemblee-generale-du-club-des-cent-cols-a-parent-puy-de-dome-les-27-et-28-novembre-2010\/#primaryimage"},"thumbnailUrl":"https:\/\/centcols.org\/wp-content\/uploads\/2025\/06\/puys21.jpg","datePublished":"2015-04-15T13:02:53+00:00","dateModified":"2025-11-06T02:59:48+00:00","breadcrumb":{"@id":"https:\/\/centcols.org\/assemblee-generale-du-club-des-cent-cols-a-parent-puy-de-dome-les-27-et-28-novembre-2010\/#breadcrumb"},"inLanguage":"nl-BE","potentialAction":[{"@type":"ReadAction","target":["https:\/\/centcols.org\/assemblee-generale-du-club-des-cent-cols-a-parent-puy-de-dome-les-27-et-28-novembre-2010\/"]}]},{"@type":"ImageObject","inLanguage":"nl-BE","@id":"https:\/\/centcols.org\/assemblee-generale-du-club-des-cent-cols-a-parent-puy-de-dome-les-27-et-28-novembre-2010\/#primaryimage","url":"https:\/\/centcols.org\/wp-content\/uploads\/2025\/06\/puys21.jpg","contentUrl":"https:\/\/centcols.org\/wp-content\/uploads\/2025\/06\/puys21.jpg","width":774,"height":143},{"@type":"BreadcrumbList","@id":"https:\/\/centcols.org\/assemblee-generale-du-club-des-cent-cols-a-parent-puy-de-dome-les-27-et-28-novembre-2010\/#breadcrumb","itemListElement":[{"@type":"ListItem","position":1,"name":"Accueil","item":"https:\/\/centcols.org\/"},{"@type":"ListItem","position":2,"name":"Assembl\u00e9es g\u00e9n\u00e9rales","item":"https:\/\/centcols.org\/rubrique\/assemblees-generales\/"},{"@type":"ListItem","position":3,"name":"Assembl\u00e9e g\u00e9n\u00e9rale du Club des Cent Cols \u00e0 Parent (Puy-de-D\u00f4me) les 27 et 28 novembre 2010"}]},{"@type":"WebSite","@id":"https:\/\/centcols.org\/#website","url":"https:\/\/centcols.org\/","name":"Club van Cent Cols","description":"","publisher":{"@id":"https:\/\/centcols.org\/#organization"},"potentialAction":[{"@type":"SearchAction","target":{"@type":"EntryPoint","urlTemplate":"https:\/\/centcols.org\/?s={search_term_string}"},"query-input":{"@type":"PropertyValueSpecification","valueRequired":true,"valueName":"search_term_string"}}],"inLanguage":"nl-BE"},{"@type":"Organization","@id":"https:\/\/centcols.org\/#organization","name":"Club van Cent Cols","url":"https:\/\/centcols.org\/","logo":{"@type":"ImageObject","inLanguage":"nl-BE","@id":"https:\/\/centcols.org\/#\/schema\/logo\/image\/","url":"https:\/\/centcols.org\/wp-content\/uploads\/2025\/01\/carte-icone.png","contentUrl":"https:\/\/centcols.org\/wp-content\/uploads\/2025\/01\/carte-icone.png","width":250,"height":250,"caption":"Club des Cent Cols"},"image":{"@id":"https:\/\/centcols.org\/#\/schema\/logo\/image\/"},"sameAs":["https:\/\/www.facebook.com\/groups\/5261880558\/?locale=fr_FR"]},{"@type":"Person","@id":"https:\/\/centcols.org\/#\/schema\/person\/911b404fb133d8c913dd27cdcf71c8e5","name":"Webmaster","image":{"@type":"ImageObject","inLanguage":"nl-BE","@id":"https:\/\/centcols.org\/wp-content\/litespeed\/avatar\/2d246e4b6b4f773e08515e1ffc53690b.jpg?ver=1777222892","url":"https:\/\/centcols.org\/wp-content\/litespeed\/avatar\/2d246e4b6b4f773e08515e1ffc53690b.jpg?ver=1777222892","contentUrl":"https:\/\/centcols.org\/wp-content\/litespeed\/avatar\/2d246e4b6b4f773e08515e1ffc53690b.jpg?ver=1777222892","caption":"Webmestre"},"url":"https:\/\/centcols.org\/nl\/author\/webmestre\/"}]}},"_links":{"self":[{"href":"https:\/\/centcols.org\/nl\/wp-json\/wp\/v2\/posts\/81754","targetHints":{"allow":["GET"]}}],"collection":[{"href":"https:\/\/centcols.org\/nl\/wp-json\/wp\/v2\/posts"}],"about":[{"href":"https:\/\/centcols.org\/nl\/wp-json\/wp\/v2\/types\/post"}],"author":[{"embeddable":true,"href":"https:\/\/centcols.org\/nl\/wp-json\/wp\/v2\/users\/3"}],"replies":[{"embeddable":true,"href":"https:\/\/centcols.org\/nl\/wp-json\/wp\/v2\/comments?post=81754"}],"version-history":[{"count":0,"href":"https:\/\/centcols.org\/nl\/wp-json\/wp\/v2\/posts\/81754\/revisions"}],"wp:featuredmedia":[{"embeddable":true,"href":"https:\/\/centcols.org\/nl\/wp-json\/wp\/v2\/media\/83372"}],"wp:attachment":[{"href":"https:\/\/centcols.org\/nl\/wp-json\/wp\/v2\/media?parent=81754"}],"wp:term":[{"taxonomy":"category","embeddable":true,"href":"https:\/\/centcols.org\/nl\/wp-json\/wp\/v2\/categories?post=81754"},{"taxonomy":"post_tag","embeddable":true,"href":"https:\/\/centcols.org\/nl\/wp-json\/wp\/v2\/tags?post=81754"}],"curies":[{"name":"wp","href":"https:\/\/api.w.org\/{rel}","templated":true}]}}