{"id":81757,"date":"2016-01-16T06:00:04","date_gmt":"2016-01-16T04:00:04","guid":{"rendered":"https:\/\/centcols.org\/sejour-de-printemps-a-ghisonaccia-corse-du-24-au-30-avril-2016\/"},"modified":"2025-08-29T18:03:18","modified_gmt":"2025-08-29T16:03:18","slug":"2016-ghisonaccia-pauze","status":"publish","type":"post","link":"https:\/\/centcols.org\/nl\/sejour-2016-ghisonaccia\/","title":{"rendered":"Voorjaarsvakantie in Ghisonaccia (Corsica) van 24 tot 30 april 2016"},"content":{"rendered":"<p>Het gebeurt niet vaak dat de leden van de Club des Cent Cols samenkomen op de \u00abvlaktes\u00bb, buiten hun geliefde bergen waar de gewone pas, de kleine pas, de moeilijke pas of de mythische pas in overvloed zijn, en op de \u00abOostelijke Vlakte\u00bb, die meer doet denken aan de dorre woestijnen van de zuidelijke of oostelijke regio's, of zelfs de koude steppen van de grote noordelijke ruimten. Ja, we ontmoeten elkaar op de oostelijke vlakte, maar op Corsica, dat niet dor en helemaal niet koud is!<\/p>\n\n\n\n<h2 class=\"wp-block-heading\">Presentatie<\/h2>\n\n\n\n<p>Accommodatie wordt geboden in het vakantiedorp en op de camping van <a href=\"http:\/\/www.camping-corse.fr\/\" target=\"_blank\" rel=\"noopener\">l'Arinella Bianca<\/a> in de gemeente Ghisonaccia (Haute-Corse). Deze gemeente ligt aan de maritieme rand van de uitgestrekte oostelijke vlakte in het oosten en zuiden van Corsica. Een paar kilometer verder naar het westen liggen echter de eerste treden van het uitgestrekte natuurlijke amfitheater dat gevormd wordt door de eerste uitlopers van het Corsicaanse gebergte. Al\u00e9ria, de bekende oude stad, ligt vijftien kilometer verder naar het noorden.<br>Ghisonaccia ligt in het centrum van een uitgestrekt gebied waar landbouw, wijn, schelpdieren en oesters worden geproduceerd. Het is ook een belangrijk toeristisch centrum, met het dorp Arinella Bianca als een van de parels.<br>De beste manier om het eiland te bereiken is via de haven van Bastia, 90 kilometer noordelijker gelegen en verbonden met Ghisonaccia door mooie, brede, rechte wegen. De inschepingshavens zijn Marseille voor M\u00e9ridionale, Toulon of Nice voor Corsica Ferries. Er zijn ook Genua en Savona voor sommige Italiaanse maatschappijen. Bedenk wel dat hoe vroeger je je ticket boekt, hoe goedkoper het kan zijn.<br>Een nieuwe maatschappij ter vervanging van de SNCM wordt verwacht in de winter van 2015-2016. Blijf op de hoogte!<\/p>\n\n\n\n<ul class=\"wp-block-list\">\n<li><a href=\"http:\/\/www.lameridionale.fr\/\">http:\/\/www.lameridionale.fr\/<\/a><\/li>\n\n\n\n<li><a href=\"http:\/\/www.corsica-ferries.fr\/\">http:\/\/www.corsica-ferries.fr\/<\/a><\/li>\n<\/ul>\n\n\n\n<figure class=\"wp-block-gallery has-nested-images columns-3 is-cropped wp-block-gallery-1 is-layout-flex wp-block-gallery-is-layout-flex\">\n<figure class=\"wp-block-image size-full\"><a href=\"https:\/\/centcols.org\/wp-content\/uploads\/2025\/08\/Photo-122-e.jpg\"><img loading=\"lazy\" decoding=\"async\" width=\"800\" height=\"600\" data-id=\"88541\" src=\"https:\/\/centcols.org\/wp-content\/uploads\/2025\/08\/Photo-122-e.jpg\" alt=\"\" class=\"wp-image-88541\" srcset=\"https:\/\/centcols.org\/wp-content\/uploads\/2025\/08\/Photo-122-e.jpg 800w, https:\/\/centcols.org\/wp-content\/uploads\/2025\/08\/Photo-122-e-768x576.jpg 768w\" sizes=\"auto, (max-width: 800px) 100vw, 800px\" \/><\/a><\/figure>\n\n\n\n<figure class=\"wp-block-image size-full\"><a href=\"https:\/\/centcols.org\/wp-content\/uploads\/2025\/08\/blason-corse-e.jpg\"><img loading=\"lazy\" decoding=\"async\" width=\"350\" height=\"388\" data-id=\"88542\" src=\"https:\/\/centcols.org\/wp-content\/uploads\/2025\/08\/blason-corse-e.jpg\" alt=\"\" class=\"wp-image-88542\"\/><\/a><\/figure>\n\n\n\n<figure class=\"wp-block-image size-full\"><a href=\"https:\/\/centcols.org\/wp-content\/uploads\/2025\/08\/Corse-2006-029-1200x900-1.jpg\"><img loading=\"lazy\" decoding=\"async\" width=\"1200\" height=\"900\" data-id=\"88544\" src=\"https:\/\/centcols.org\/wp-content\/uploads\/2025\/08\/Corse-2006-029-1200x900-1.jpg\" alt=\"\" class=\"wp-image-88544\" srcset=\"https:\/\/centcols.org\/wp-content\/uploads\/2025\/08\/Corse-2006-029-1200x900-1.jpg 1200w, https:\/\/centcols.org\/wp-content\/uploads\/2025\/08\/Corse-2006-029-1200x900-1-768x576.jpg 768w\" sizes=\"auto, (max-width: 1200px) 100vw, 1200px\" \/><\/a><\/figure>\n<\/figure>\n\n\n\n<h2 class=\"wp-block-heading\">Rondleidingen<\/h2>\n\n\n\n<p>Aan het einde van de winter 2015\/2016 zullen onze benen nog niet hun volledige potentieel hebben bereikt. Bezoek <a class=\"iframe-fancybox\" href=\"\/nl\/membres\/cctours\/tours.php\/?lieu=Ghisonaccia&amp;an=2016\">route<\/a> zal daarom gerelateerd zijn aan deze overgangstoestand. De af te leggen afstand van <a class=\"iframe-fancybox\" href=\"\/nl\/membres\/cctours\/tours.php\/?lieu=Ghisonaccia&amp;an=2016&amp;genre=R\">wegen<\/a> zal tussen 50 en 150 km liggen, met een hoogteverschil tussen 850 m en 2260 m. De <a class=\"iframe-fancybox\" href=\"\/nl\/membres\/cctours\/tours.php\/?lieu=Ghisonaccia&amp;an=2016&amp;genre=V\">muilezelpaden<\/a> vari\u00ebren van 18 tot 67 km, met een hoogteverschil tussen 800 en 1.700 m. Met de kaarten en routes kun je je route naar wens plannen.<br>Met de zeven wegen en acht muilezelroutes kun je de oostkant van Corsica ontdekken. De Castagniccia sluit de vlakte in het noorden af. De vele dorpjes, met stenen huizen en leistenen daken dicht op elkaar, komen tevoorschijn uit de donkere, uitgestrekte kastanjebossen. Verder naar het zuiden liggen de valleien, die allemaal naar het oosten gericht zijn en de oostelijke vlakte bevloeien, waar de dorpen ook op de bergkammen liggen, die uitkijkpunten vormen over de oostelijke vlakte, de Tyrreense Zee, de Toscaanse archipel en zelfs Toscane in de verte, met daarboven de besneeuwde toppen van de Apennijnen. Dichtbij het zuiden liggen de massieven van Bavella en Paliri, granieten bastions die door de millennia heen zijn uitgeslepen. En tenslotte, in het uiterste zuiden van Corsica, wisselt het kustreli\u00ebf zich af tussen baaien omzoomd met stranden en rotspunten. Bonifacio, gebouwd bovenop zijn fjord en witte kliffen, is ook een bezoek waard.<br>Alle tochten vereisen een voorafgaande benadering per auto, gemiddeld 25 km over rechte wegen. Vaak, maar niet altijd, zullen de vertrekpunten van de weg- en muilezelroutes in hetzelfde geografische gebied liggen.<br>Al met al is onze ecologische voetafdruk nog steeds in ons voordeel!<\/p>\n\n\n\n<h2 class=\"wp-block-heading\">Halsbanden<\/h2>\n\n\n\n<p>Ze hier allemaal opnoemen zou vervelend zijn, maar een paar verdienen een speciale vermelding.<\/p>\n\n\n\n<ul class=\"wp-block-list\">\n<li>De Col de Bavella: erkend als een van de mooiste bergpassen van Frankrijk.<\/li>\n\n\n\n<li>De Col de Verde: de op twee na hoogste wegpas in het zuiden van Corsica, met 30 km aan wegen omzoomd door Laricio-pijnboombossen.<\/li>\n\n\n\n<li>De Col de Sorba: de hoogste wegpas in de Haute-Corse, op dezelfde route als de vorige. De meest alpiene ook!<\/li>\n\n\n\n<li>De Col d'Illarata: in het prachtige bos van Ospedale. Dennenbos maar ook bossen met granieten monolieten. De lange afdaling kijkt uit op de kustkloven van de \u00abStad van het Zout\u00bb, Porto-Vecchio.<\/li>\n\n\n\n<li>Mag ik het R4-circuit \u00abLe Grand Sud\u00bb noemen, dat 12 bergpassen met elkaar verbindt, waarvan er 7 minder dan 100 m boven zeeniveau liggen, 3 minder dan 200 m en 2 minder dan 300 m! Een schande voor pasbeklimmers?<\/li>\n\n\n\n<li>Andere plaatselijke heerlijkheden: Bocca di a Guardia, 19 m voordat de weg werd ge\u00ebffend. Col Saint-Roch, de meest zuidelijke pas van Frankrijk.<\/li>\n<\/ul>\n\n\n\n<p>De muilezelpassen zijn discreter en minder bekend. De meeste zijn te vinden aan het einde van een pad dat door uitgestrekte bossen van laricio-dennen kronkelt, recht en krachtig in de beschutting van valleien, die gekweld worden bij het naderen van bepaalde winderige passen. Een paar andere passages vereisen een beetje vaardigheid of geduld om te bereiken aan het einde van een pad.<\/p>\n\n\n\n<p>Velen van ons hebben de wegen en paden van Corsica al bewandeld. Maar het lijdt geen twijfel dat het nog steeds een paar juweeltjes verbergt, weg van de belangrijkste klassieke wandelroutes. Vierenzeventig passen zijn te vinden op de wegenroutes en vierenzeventig op de muilezelroutes.<\/p>\n\n\n\n<h2 class=\"wp-block-heading\">Hosting<\/h2>\n\n\n\n<p>Het vakantiedorp, <a href=\"http:\/\/www.camping-corse.fr\/\" target=\"_blank\" rel=\"noopener\">l'Arinella Bianca<\/a>, Arinella bianca ligt vier en een halve kilometer ten oosten van de stad Ghisonaccia. Arinella bianca betekent wit strand. En het is precies een wit strand dat op een steenworp afstand ligt van de eetzaal van het centrum.<br>Accommodatie in stacaravans: 32 m<sup>2<\/sup>, Twee slaapkamers, een met een tweepersoonsbed en de andere met twee eenpersoonsbedden. Bewoning alleen door twee personen. Beddengoed en handdoeken aanwezig. Kleine volledig uitgeruste keuken en mooi terras. Eindschoonmaak inbegrepen.<\/p>\n\n\n\n<figure class=\"wp-block-gallery has-nested-images columns-3 is-cropped wp-block-gallery-2 is-layout-flex wp-block-gallery-is-layout-flex\">\n<figure class=\"wp-block-image size-full\"><a href=\"https:\/\/centcols.org\/wp-content\/uploads\/2025\/08\/DSC04558-1200x900-1.jpg\"><img loading=\"lazy\" decoding=\"async\" width=\"1200\" height=\"900\" data-id=\"88545\" src=\"https:\/\/centcols.org\/wp-content\/uploads\/2025\/08\/DSC04558-1200x900-1.jpg\" alt=\"\" class=\"wp-image-88545\" srcset=\"https:\/\/centcols.org\/wp-content\/uploads\/2025\/08\/DSC04558-1200x900-1.jpg 1200w, https:\/\/centcols.org\/wp-content\/uploads\/2025\/08\/DSC04558-1200x900-1-768x576.jpg 768w\" sizes=\"auto, (max-width: 1200px) 100vw, 1200px\" \/><\/a><\/figure>\n\n\n\n<figure class=\"wp-block-image size-full\"><a href=\"https:\/\/centcols.org\/wp-content\/uploads\/2025\/08\/Photo-079-e.jpg\"><img loading=\"lazy\" decoding=\"async\" width=\"800\" height=\"600\" data-id=\"88546\" src=\"https:\/\/centcols.org\/wp-content\/uploads\/2025\/08\/Photo-079-e.jpg\" alt=\"\" class=\"wp-image-88546\" srcset=\"https:\/\/centcols.org\/wp-content\/uploads\/2025\/08\/Photo-079-e.jpg 800w, https:\/\/centcols.org\/wp-content\/uploads\/2025\/08\/Photo-079-e-768x576.jpg 768w\" sizes=\"auto, (max-width: 800px) 100vw, 800px\" \/><\/a><\/figure>\n\n\n\n<figure class=\"wp-block-image size-full\"><a href=\"https:\/\/centcols.org\/wp-content\/uploads\/2025\/08\/Photo-101-e.jpg\"><img loading=\"lazy\" decoding=\"async\" width=\"800\" height=\"600\" data-id=\"88547\" src=\"https:\/\/centcols.org\/wp-content\/uploads\/2025\/08\/Photo-101-e.jpg\" alt=\"\" class=\"wp-image-88547\" srcset=\"https:\/\/centcols.org\/wp-content\/uploads\/2025\/08\/Photo-101-e.jpg 800w, https:\/\/centcols.org\/wp-content\/uploads\/2025\/08\/Photo-101-e-768x576.jpg 768w\" sizes=\"auto, (max-width: 800px) 100vw, 800px\" \/><\/a><\/figure>\n<\/figure>\n\n\n\n<p>Voor kampeerders: onderhandelde \u00abACSI\u00bb tarieven voor iedereen. 19 \u20ac + 0,65 \u20ac (belasting)\/persoon\/dag. Reserveringen individueel te maken.<br>Het is mogelijk om je aankomst te vervroegen of je verblijf te verlengen voor \u20ac49 per accommodatie voor twee personen per dag. Boekingen moeten rechtstreeks bij het vakantiecentrum worden gemaakt.<\/p>\n\n\n\n<p>De tour start op zondagochtend 24\/04\/2016 bij aankomst van de deelnemers. Tassen worden afgegeven en het vertrek voor tours R1 of V1 is om 11 uur. De sleutels van de accommodatie worden op de terugweg overhandigd.<br>Zaterdagavond 30\/04 is het einde van de vakantie, na de dagwandeling. Iedereen krijgt een lunchpakket mee voor 's avonds.<\/p>\n\n\n\n<p>L'Arinella Bianca, Route de la mer, 20240 GISONACCIA<br>Contact: MARTINA - tel: +33 (0)4 95 56 04 78 - e-mail:&nbsp; <a href=\"\/nl\/&\/#x6d;&#x61;&#x69;&#x6c;&#x74;&#x6f;&#x3a;&#x61;&#114;&#105;&#110;&#101;&#108;&#108;&#97;&#64;ari&#x6e;&#x65;&#x6c;&#x6c;&#x61;&#x62;&#x69;&#x61;&#x6e;&#99;&#97;&#46;&#99;&#111;&#109;\">arinella@arinellabianca.com<\/a><br>Breedte. 42.0168 Lengte. 9.4040 (zie kaart hieronder)<\/p>\n\n\n\n<h2 class=\"wp-block-heading\">Handige tips<\/h2>\n\n\n\n<p>Weer: de lente is een regenseizoen op Corsica, maar het kan ook heet zijn.  Zorg ervoor dat je geschikte uitrusting meeneemt.<\/p>\n\n\n\n<p>Wegen: zijn niet voorbehouden aan fietsers en worden het hele jaar door gebruikt door de lokale bevolking voor hun woon-werkverkeer. Laten we proberen ze te respecteren! Hetzelfde geldt voor parkeerplaatsen!<\/p>\n\n\n\n<p>De lokale bevolking in het bijzonder: ze zullen blij zijn als je interesse in ze toont, hallo zegt als je ze ziet, met ze praat of ze naar hun land vraagt.<\/p>\n\n\n\n<p>Er zijn geen fietsenwinkels in Ghisonaccia, maar in Porto-Vecchio, 56 km verderop.<\/p>\n\n\n\n<h2 class=\"wp-block-heading\">Toerisme<\/h2>\n\n\n\n<h3 class=\"wp-block-heading\">&nbsp;Informatiewebsites:<\/h3>\n\n\n\n<ul class=\"wp-block-list\">\n<li><a href=\"http:\/\/www.corsica-costaserena.com\" target=\"_blank\" rel=\"noopener\">http:\/\/www.corsica-costaserena.com<\/a><\/li>\n\n\n\n<li><a href=\"http:\/\/www.oriente-corsica.com\" target=\"_blank\" rel=\"noopener\">http:\/\/www.oriente-corsica.com <\/a><\/li>\n<\/ul>\n\n\n\n<h3 class=\"wp-block-heading\">Dingen om te zien en te doen in de omgeving<\/h3>\n\n\n\n<ul class=\"wp-block-list\">\n<li>Het Al\u00e9ria museum, gehuisvest in het Matra fort, vertelt het verhaal van tien eeuwen Corsicaanse geschiedenis, van de 10e eeuw voor Christus tot de 5e eeuw na Christus. J-C tot de 5e eeuw na Christus.<\/li>\n\n\n\n<li>De oude site van Al\u00e9ria, overblijfselen van de Romeinse bezetting.<\/li>\n\n\n\n<li>Het Mnemosina museum in Prunelli di Fium'Orbu, dat de geschiedenis van Fium'Orbu door de eeuwen heen laat zien.<\/li>\n\n\n\n<li>De dorpen op de oostelijke hellingen op de bergkammen die uitkijken over de riviervalleien en de oostelijke vlakte, en hun bebouwde erfgoed.<\/li>\n\n\n\n<li>De producten van lokale ambachtslieden en boeren. Bezoek hun werkplaatsen, laboratoria of boerderijen.<\/li>\n\n\n\n<li>Wandel over de wandelpaden rond de dorpen of langs de kustvijvers, die de natuurlijke omgeving oproepen.<\/li>\n<\/ul>\n\n\n\n<p>Het toeristenbureau van Ghisonaccia biedt dagelijks een programma van bezoeken en wandelingen in de omgeving. Er zal ook een culturele gids aanwezig zijn om je te helpen de karakteristieke plekken van de microregio te bezoeken.<\/p>\n\n\n\n<p>Bernard Giraudeau CC 3872<\/p>\n\n\n\n<h2 class=\"wp-block-heading\">Registratie<\/h2>\n\n\n\n<p>Download het PDF registratieformulier en volg de instructies om je in te schrijven.<\/p>","protected":false},"excerpt":{"rendered":"<p>Ce n\u2019est pas courant que les membres du Club des Cent Cols se donnent rendez-vous en \u00ab&nbsp;plaine&nbsp;\u00bb, en dehors de leurs ch\u00e8res montagnes o\u00f9 se cueillent \u00e0 foison le col commun, le petit col, le col dur ou le col mythique&nbsp;et en \u00ab Plaine orientale&nbsp;\u00bb de surcro\u00eet, qui \u00e9voque plut\u00f4t les d\u00e9serts arides des contr\u00e9es [&hellip;]<\/p>\n","protected":false},"author":3,"featured_media":82966,"comment_status":"closed","ping_status":"closed","sticky":false,"template":"","format":"standard","meta":{"_acf_changed":false,"footnotes":""},"categories":[349,368,366,399,135,231],"tags":[],"class_list":["post-81757","post","type-post","status-publish","format-standard","has-post-thumbnail","hentry","category-france-pays-sejours","category-corse-region-sejours","category-20-corse","category-corse-massif-sejours","category-calendrier","category-sejours"],"acf":[],"yoast_head":"<!-- This site is optimized with the Yoast SEO plugin v27.2 - https:\/\/yoast.com\/product\/yoast-seo-wordpress\/ -->\n<title>S\u00e9jour de printemps \u00e0 Ghisonaccia (Corse) du 24 au 30 avril 2016 - Club des Cent Cols<\/title>\n<meta name=\"robots\" content=\"index, follow, max-snippet:-1, max-image-preview:large, max-video-preview:-1\" \/>\n<link rel=\"canonical\" href=\"https:\/\/centcols.org\/nl\/2016-ghisonaccia-pauze\/\" \/>\n<meta property=\"og:locale\" content=\"nl_BE\" \/>\n<meta property=\"og:type\" content=\"article\" \/>\n<meta property=\"og:title\" content=\"S\u00e9jour de printemps \u00e0 Ghisonaccia (Corse) du 24 au 30 avril 2016 - Club des Cent Cols\" \/>\n<meta property=\"og:description\" content=\"Ce n\u2019est pas courant que les membres du Club des Cent Cols se donnent rendez-vous en \u00ab&nbsp;plaine&nbsp;\u00bb, en dehors de leurs ch\u00e8res montagnes o\u00f9 se cueillent \u00e0 foison le col commun, le petit col, le col dur ou le col mythique&nbsp;et en \u00ab Plaine orientale&nbsp;\u00bb de surcro\u00eet, qui \u00e9voque plut\u00f4t les d\u00e9serts arides des contr\u00e9es [&hellip;]\" \/>\n<meta property=\"og:url\" content=\"https:\/\/centcols.org\/nl\/2016-ghisonaccia-pauze\/\" \/>\n<meta property=\"og:site_name\" content=\"Club des Cent Cols\" \/>\n<meta property=\"article:publisher\" content=\"https:\/\/www.facebook.com\/groups\/5261880558\/?locale=fr_FR\" \/>\n<meta property=\"article:published_time\" content=\"2016-01-16T04:00:04+00:00\" \/>\n<meta property=\"article:modified_time\" content=\"2025-08-29T16:03:18+00:00\" \/>\n<meta property=\"og:image\" content=\"https:\/\/centcols.org\/wp-content\/uploads\/2015\/10\/DSC04558-1200x9001-1.jpg\" \/>\n\t<meta property=\"og:image:width\" content=\"1200\" \/>\n\t<meta property=\"og:image:height\" content=\"900\" \/>\n\t<meta property=\"og:image:type\" content=\"image\/jpeg\" \/>\n<meta name=\"author\" content=\"Webmestre\" \/>\n<meta name=\"twitter:card\" content=\"summary_large_image\" \/>\n<meta name=\"twitter:label1\" content=\"Geschreven door\" \/>\n\t<meta name=\"twitter:data1\" content=\"Webmestre\" \/>\n\t<meta name=\"twitter:label2\" content=\"Geschatte leestijd\" \/>\n\t<meta name=\"twitter:data2\" content=\"9 minuten\" \/>\n<script type=\"application\/ld+json\" class=\"yoast-schema-graph\">{\"@context\":\"https:\/\/schema.org\",\"@graph\":[{\"@type\":\"Article\",\"@id\":\"https:\/\/centcols.org\/sejour-2016-ghisonaccia\/#article\",\"isPartOf\":{\"@id\":\"https:\/\/centcols.org\/sejour-2016-ghisonaccia\/\"},\"author\":{\"name\":\"Webmestre\",\"@id\":\"https:\/\/centcols.org\/#\/schema\/person\/911b404fb133d8c913dd27cdcf71c8e5\"},\"headline\":\"S\u00e9jour de printemps \u00e0 Ghisonaccia (Corse) du 24 au 30 avril 2016\",\"datePublished\":\"2016-01-16T04:00:04+00:00\",\"dateModified\":\"2025-08-29T16:03:18+00:00\",\"mainEntityOfPage\":{\"@id\":\"https:\/\/centcols.org\/sejour-2016-ghisonaccia\/\"},\"wordCount\":1547,\"publisher\":{\"@id\":\"https:\/\/centcols.org\/#organization\"},\"image\":{\"@id\":\"https:\/\/centcols.org\/sejour-2016-ghisonaccia\/#primaryimage\"},\"thumbnailUrl\":\"https:\/\/centcols.org\/wp-content\/uploads\/2015\/10\/DSC04558-1200x9001-1.jpg\",\"articleSection\":[\"France\",\"Corse\",\"20-Corse\",\"Corse\",\"Calendrier\",\"S\u00e9jours du Club des Cent Cols\"],\"inLanguage\":\"nl-BE\"},{\"@type\":\"WebPage\",\"@id\":\"https:\/\/centcols.org\/sejour-2016-ghisonaccia\/\",\"url\":\"https:\/\/centcols.org\/sejour-2016-ghisonaccia\/\",\"name\":\"S\u00e9jour de printemps \u00e0 Ghisonaccia (Corse) du 24 au 30 avril 2016 - Club des Cent Cols\",\"isPartOf\":{\"@id\":\"https:\/\/centcols.org\/#website\"},\"primaryImageOfPage\":{\"@id\":\"https:\/\/centcols.org\/sejour-2016-ghisonaccia\/#primaryimage\"},\"image\":{\"@id\":\"https:\/\/centcols.org\/sejour-2016-ghisonaccia\/#primaryimage\"},\"thumbnailUrl\":\"https:\/\/centcols.org\/wp-content\/uploads\/2015\/10\/DSC04558-1200x9001-1.jpg\",\"datePublished\":\"2016-01-16T04:00:04+00:00\",\"dateModified\":\"2025-08-29T16:03:18+00:00\",\"breadcrumb\":{\"@id\":\"https:\/\/centcols.org\/sejour-2016-ghisonaccia\/#breadcrumb\"},\"inLanguage\":\"nl-BE\",\"potentialAction\":[{\"@type\":\"ReadAction\",\"target\":[\"https:\/\/centcols.org\/sejour-2016-ghisonaccia\/\"]}]},{\"@type\":\"ImageObject\",\"inLanguage\":\"nl-BE\",\"@id\":\"https:\/\/centcols.org\/sejour-2016-ghisonaccia\/#primaryimage\",\"url\":\"https:\/\/centcols.org\/wp-content\/uploads\/2015\/10\/DSC04558-1200x9001-1.jpg\",\"contentUrl\":\"https:\/\/centcols.org\/wp-content\/uploads\/2015\/10\/DSC04558-1200x9001-1.jpg\",\"width\":1200,\"height\":900},{\"@type\":\"BreadcrumbList\",\"@id\":\"https:\/\/centcols.org\/sejour-2016-ghisonaccia\/#breadcrumb\",\"itemListElement\":[{\"@type\":\"ListItem\",\"position\":1,\"name\":\"Accueil\",\"item\":\"https:\/\/centcols.org\/\"},{\"@type\":\"ListItem\",\"position\":2,\"name\":\"S\u00e9jours du Club des Cent Cols\",\"item\":\"https:\/\/centcols.org\/rubrique\/sejours\/\"},{\"@type\":\"ListItem\",\"position\":3,\"name\":\"Pays\",\"item\":\"https:\/\/centcols.org\/rubrique\/sejours\/pays-sejours\/\"},{\"@type\":\"ListItem\",\"position\":4,\"name\":\"France\",\"item\":\"https:\/\/centcols.org\/rubrique\/sejours\/pays-sejours\/france-pays-sejours\/\"},{\"@type\":\"ListItem\",\"position\":5,\"name\":\"S\u00e9jour de printemps \u00e0 Ghisonaccia (Corse) du 24 au 30 avril 2016\"}]},{\"@type\":\"WebSite\",\"@id\":\"https:\/\/centcols.org\/#website\",\"url\":\"https:\/\/centcols.org\/\",\"name\":\"Club des Cent Cols\",\"description\":\"\",\"publisher\":{\"@id\":\"https:\/\/centcols.org\/#organization\"},\"potentialAction\":[{\"@type\":\"SearchAction\",\"target\":{\"@type\":\"EntryPoint\",\"urlTemplate\":\"https:\/\/centcols.org\/?s={search_term_string}\"},\"query-input\":{\"@type\":\"PropertyValueSpecification\",\"valueRequired\":true,\"valueName\":\"search_term_string\"}}],\"inLanguage\":\"nl-BE\"},{\"@type\":\"Organization\",\"@id\":\"https:\/\/centcols.org\/#organization\",\"name\":\"Club des Cent Cols\",\"url\":\"https:\/\/centcols.org\/\",\"logo\":{\"@type\":\"ImageObject\",\"inLanguage\":\"nl-BE\",\"@id\":\"https:\/\/centcols.org\/#\/schema\/logo\/image\/\",\"url\":\"https:\/\/centcols.org\/wp-content\/uploads\/2025\/01\/carte-icone.png\",\"contentUrl\":\"https:\/\/centcols.org\/wp-content\/uploads\/2025\/01\/carte-icone.png\",\"width\":250,\"height\":250,\"caption\":\"Club des Cent Cols\"},\"image\":{\"@id\":\"https:\/\/centcols.org\/#\/schema\/logo\/image\/\"},\"sameAs\":[\"https:\/\/www.facebook.com\/groups\/5261880558\/?locale=fr_FR\"]},{\"@type\":\"Person\",\"@id\":\"https:\/\/centcols.org\/#\/schema\/person\/911b404fb133d8c913dd27cdcf71c8e5\",\"name\":\"Webmestre\",\"image\":{\"@type\":\"ImageObject\",\"inLanguage\":\"nl-BE\",\"@id\":\"https:\/\/centcols.org\/wp-content\/litespeed\/avatar\/2d246e4b6b4f773e08515e1ffc53690b.jpg?ver=1777222892\",\"url\":\"https:\/\/centcols.org\/wp-content\/litespeed\/avatar\/2d246e4b6b4f773e08515e1ffc53690b.jpg?ver=1777222892\",\"contentUrl\":\"https:\/\/centcols.org\/wp-content\/litespeed\/avatar\/2d246e4b6b4f773e08515e1ffc53690b.jpg?ver=1777222892\",\"caption\":\"Webmestre\"},\"url\":\"https:\/\/centcols.org\/nl\/author\/webmestre\/\"}]}<\/script>\n<!-- \/ Yoast SEO plugin. -->","yoast_head_json":{"title":"Voorjaarsvakantie in Ghisonaccia (Corsica) van 24 tot 30 april 2016 - Club des Cent Cols","robots":{"index":"index","follow":"follow","max-snippet":"max-snippet:-1","max-image-preview":"max-image-preview:large","max-video-preview":"max-video-preview:-1"},"canonical":"https:\/\/centcols.org\/nl\/2016-ghisonaccia-pauze\/","og_locale":"nl_BE","og_type":"article","og_title":"S\u00e9jour de printemps \u00e0 Ghisonaccia (Corse) du 24 au 30 avril 2016 - Club des Cent Cols","og_description":"Ce n\u2019est pas courant que les membres du Club des Cent Cols se donnent rendez-vous en \u00ab&nbsp;plaine&nbsp;\u00bb, en dehors de leurs ch\u00e8res montagnes o\u00f9 se cueillent \u00e0 foison le col commun, le petit col, le col dur ou le col mythique&nbsp;et en \u00ab Plaine orientale&nbsp;\u00bb de surcro\u00eet, qui \u00e9voque plut\u00f4t les d\u00e9serts arides des contr\u00e9es [&hellip;]","og_url":"https:\/\/centcols.org\/nl\/2016-ghisonaccia-pauze\/","og_site_name":"Club des Cent Cols","article_publisher":"https:\/\/www.facebook.com\/groups\/5261880558\/?locale=fr_FR","article_published_time":"2016-01-16T04:00:04+00:00","article_modified_time":"2025-08-29T16:03:18+00:00","og_image":[{"width":1200,"height":900,"url":"https:\/\/centcols.org\/wp-content\/uploads\/2015\/10\/DSC04558-1200x9001-1.jpg","type":"image\/jpeg"}],"author":"Webmestre","twitter_card":"summary_large_image","twitter_misc":{"Geschreven door":"Webmestre","Geschatte leestijd":"9 minuten"},"schema":{"@context":"https:\/\/schema.org","@graph":[{"@type":"Article","@id":"https:\/\/centcols.org\/sejour-2016-ghisonaccia\/#article","isPartOf":{"@id":"https:\/\/centcols.org\/sejour-2016-ghisonaccia\/"},"author":{"name":"Webmestre","@id":"https:\/\/centcols.org\/#\/schema\/person\/911b404fb133d8c913dd27cdcf71c8e5"},"headline":"S\u00e9jour de printemps \u00e0 Ghisonaccia (Corse) du 24 au 30 avril 2016","datePublished":"2016-01-16T04:00:04+00:00","dateModified":"2025-08-29T16:03:18+00:00","mainEntityOfPage":{"@id":"https:\/\/centcols.org\/sejour-2016-ghisonaccia\/"},"wordCount":1547,"publisher":{"@id":"https:\/\/centcols.org\/#organization"},"image":{"@id":"https:\/\/centcols.org\/sejour-2016-ghisonaccia\/#primaryimage"},"thumbnailUrl":"https:\/\/centcols.org\/wp-content\/uploads\/2015\/10\/DSC04558-1200x9001-1.jpg","articleSection":["France","Corse","20-Corse","Corse","Calendrier","S\u00e9jours du Club des Cent Cols"],"inLanguage":"nl-BE"},{"@type":"WebPage","@id":"https:\/\/centcols.org\/sejour-2016-ghisonaccia\/","url":"https:\/\/centcols.org\/sejour-2016-ghisonaccia\/","name":"Voorjaarsvakantie in Ghisonaccia (Corsica) van 24 tot 30 april 2016 - Club des Cent Cols","isPartOf":{"@id":"https:\/\/centcols.org\/#website"},"primaryImageOfPage":{"@id":"https:\/\/centcols.org\/sejour-2016-ghisonaccia\/#primaryimage"},"image":{"@id":"https:\/\/centcols.org\/sejour-2016-ghisonaccia\/#primaryimage"},"thumbnailUrl":"https:\/\/centcols.org\/wp-content\/uploads\/2015\/10\/DSC04558-1200x9001-1.jpg","datePublished":"2016-01-16T04:00:04+00:00","dateModified":"2025-08-29T16:03:18+00:00","breadcrumb":{"@id":"https:\/\/centcols.org\/sejour-2016-ghisonaccia\/#breadcrumb"},"inLanguage":"nl-BE","potentialAction":[{"@type":"ReadAction","target":["https:\/\/centcols.org\/sejour-2016-ghisonaccia\/"]}]},{"@type":"ImageObject","inLanguage":"nl-BE","@id":"https:\/\/centcols.org\/sejour-2016-ghisonaccia\/#primaryimage","url":"https:\/\/centcols.org\/wp-content\/uploads\/2015\/10\/DSC04558-1200x9001-1.jpg","contentUrl":"https:\/\/centcols.org\/wp-content\/uploads\/2015\/10\/DSC04558-1200x9001-1.jpg","width":1200,"height":900},{"@type":"BreadcrumbList","@id":"https:\/\/centcols.org\/sejour-2016-ghisonaccia\/#breadcrumb","itemListElement":[{"@type":"ListItem","position":1,"name":"Accueil","item":"https:\/\/centcols.org\/"},{"@type":"ListItem","position":2,"name":"S\u00e9jours du Club des Cent Cols","item":"https:\/\/centcols.org\/rubrique\/sejours\/"},{"@type":"ListItem","position":3,"name":"Pays","item":"https:\/\/centcols.org\/rubrique\/sejours\/pays-sejours\/"},{"@type":"ListItem","position":4,"name":"France","item":"https:\/\/centcols.org\/rubrique\/sejours\/pays-sejours\/france-pays-sejours\/"},{"@type":"ListItem","position":5,"name":"S\u00e9jour de printemps \u00e0 Ghisonaccia (Corse) du 24 au 30 avril 2016"}]},{"@type":"WebSite","@id":"https:\/\/centcols.org\/#website","url":"https:\/\/centcols.org\/","name":"Club van Cent Cols","description":"","publisher":{"@id":"https:\/\/centcols.org\/#organization"},"potentialAction":[{"@type":"SearchAction","target":{"@type":"EntryPoint","urlTemplate":"https:\/\/centcols.org\/?s={search_term_string}"},"query-input":{"@type":"PropertyValueSpecification","valueRequired":true,"valueName":"search_term_string"}}],"inLanguage":"nl-BE"},{"@type":"Organization","@id":"https:\/\/centcols.org\/#organization","name":"Club van Cent Cols","url":"https:\/\/centcols.org\/","logo":{"@type":"ImageObject","inLanguage":"nl-BE","@id":"https:\/\/centcols.org\/#\/schema\/logo\/image\/","url":"https:\/\/centcols.org\/wp-content\/uploads\/2025\/01\/carte-icone.png","contentUrl":"https:\/\/centcols.org\/wp-content\/uploads\/2025\/01\/carte-icone.png","width":250,"height":250,"caption":"Club des Cent Cols"},"image":{"@id":"https:\/\/centcols.org\/#\/schema\/logo\/image\/"},"sameAs":["https:\/\/www.facebook.com\/groups\/5261880558\/?locale=fr_FR"]},{"@type":"Person","@id":"https:\/\/centcols.org\/#\/schema\/person\/911b404fb133d8c913dd27cdcf71c8e5","name":"Webmaster","image":{"@type":"ImageObject","inLanguage":"nl-BE","@id":"https:\/\/centcols.org\/wp-content\/litespeed\/avatar\/2d246e4b6b4f773e08515e1ffc53690b.jpg?ver=1777222892","url":"https:\/\/centcols.org\/wp-content\/litespeed\/avatar\/2d246e4b6b4f773e08515e1ffc53690b.jpg?ver=1777222892","contentUrl":"https:\/\/centcols.org\/wp-content\/litespeed\/avatar\/2d246e4b6b4f773e08515e1ffc53690b.jpg?ver=1777222892","caption":"Webmestre"},"url":"https:\/\/centcols.org\/nl\/author\/webmestre\/"}]}},"_links":{"self":[{"href":"https:\/\/centcols.org\/nl\/wp-json\/wp\/v2\/posts\/81757","targetHints":{"allow":["GET"]}}],"collection":[{"href":"https:\/\/centcols.org\/nl\/wp-json\/wp\/v2\/posts"}],"about":[{"href":"https:\/\/centcols.org\/nl\/wp-json\/wp\/v2\/types\/post"}],"author":[{"embeddable":true,"href":"https:\/\/centcols.org\/nl\/wp-json\/wp\/v2\/users\/3"}],"replies":[{"embeddable":true,"href":"https:\/\/centcols.org\/nl\/wp-json\/wp\/v2\/comments?post=81757"}],"version-history":[{"count":0,"href":"https:\/\/centcols.org\/nl\/wp-json\/wp\/v2\/posts\/81757\/revisions"}],"wp:featuredmedia":[{"embeddable":true,"href":"https:\/\/centcols.org\/nl\/wp-json\/wp\/v2\/media\/82966"}],"wp:attachment":[{"href":"https:\/\/centcols.org\/nl\/wp-json\/wp\/v2\/media?parent=81757"}],"wp:term":[{"taxonomy":"category","embeddable":true,"href":"https:\/\/centcols.org\/nl\/wp-json\/wp\/v2\/categories?post=81757"},{"taxonomy":"post_tag","embeddable":true,"href":"https:\/\/centcols.org\/nl\/wp-json\/wp\/v2\/tags?post=81757"}],"curies":[{"name":"wp","href":"https:\/\/api.w.org\/{rel}","templated":true}]}}