{"id":81768,"date":"2016-05-04T11:18:45","date_gmt":"2016-05-04T09:18:45","guid":{"rendered":"https:\/\/centcols.org\/sejour-estival-a-vassieux-en-vercors-drome-du-16-au-24-juillet-2016\/"},"modified":"2025-09-01T18:06:16","modified_gmt":"2025-09-01T16:06:16","slug":"verblijf-2016-vassieux","status":"publish","type":"post","link":"https:\/\/centcols.org\/nl\/sejour-2016-vassieux\/","title":{"rendered":"Zomervakantie in Vassieux-en-Vercors (Dr\u00f4me) van 16 tot 24 juli 2016"},"content":{"rendered":"<h2 class=\"wp-block-heading\">Presentatie<\/h2>\n\n\n\n<p>De zomervakantie 2016 vindt plaats van 16 tot 24 juli op <a href=\"http:\/\/www.lepiroulet.com\/spip\/Vassieux-en-Vercors.html\" target=\"_blank\" rel=\"noreferrer noopener\">Piroulet<\/a> in de gemeente Vassieux-en-Vercors.<\/p>\n\n\n\n<p>De foto's op deze pagina (landschappen, fauna, flora) zijn voornamelijk afkomstig van Mich\u00e8le Sassoulas.<\/p>\n\n\n\n<figure class=\"wp-block-gallery has-nested-images columns-3 is-cropped wp-block-gallery-1 is-layout-flex wp-block-gallery-is-layout-flex\">\n<figure class=\"wp-block-image size-full\"><a href=\"https:\/\/centcols.org\/wp-content\/uploads\/2016\/05\/200_blason_vassieux00001.png\"><img loading=\"lazy\" decoding=\"async\" width=\"200\" height=\"220\" data-id=\"88731\" src=\"https:\/\/centcols.org\/wp-content\/uploads\/2016\/05\/200_blason_vassieux00001.png\" alt=\"\" class=\"wp-image-88731\"\/><\/a><figcaption class=\"wp-element-caption\">Vassieux<\/figcaption><\/figure>\n\n\n\n<figure class=\"wp-block-image size-full\"><a href=\"https:\/\/centcols.org\/wp-content\/uploads\/2016\/05\/villagevassieux.jpg\"><img loading=\"lazy\" decoding=\"async\" width=\"1024\" height=\"768\" data-id=\"88732\" src=\"https:\/\/centcols.org\/wp-content\/uploads\/2016\/05\/villagevassieux.jpg\" alt=\"\" class=\"wp-image-88732\" srcset=\"https:\/\/centcols.org\/wp-content\/uploads\/2016\/05\/villagevassieux.jpg 1024w, https:\/\/centcols.org\/wp-content\/uploads\/2016\/05\/villagevassieux-768x576.jpg 768w\" sizes=\"auto, (max-width: 1024px) 100vw, 1024px\" \/><\/a><figcaption class=\"wp-element-caption\">het dorp Vassieux-en-Vercors vanaf de rotsen van Beausi\u00e8re<\/figcaption><\/figure>\n\n\n\n<figure class=\"wp-block-image size-full\"><a href=\"https:\/\/centcols.org\/wp-content\/uploads\/2016\/05\/Blason_province_fr_Dauphine.svg_.png\"><img loading=\"lazy\" decoding=\"async\" width=\"200\" height=\"220\" data-id=\"88733\" src=\"https:\/\/centcols.org\/wp-content\/uploads\/2016\/05\/Blason_province_fr_Dauphine.svg_.png\" alt=\"\" class=\"wp-image-88733\"\/><\/a><figcaption class=\"wp-element-caption\">Dauphin\u00e9<\/figcaption><\/figure>\n<\/figure>\n\n\n\n<figure class=\"wp-block-gallery has-nested-images columns-3 is-cropped wp-block-gallery-2 is-layout-flex wp-block-gallery-is-layout-flex\">\n<figure class=\"wp-block-image size-full\"><a href=\"https:\/\/centcols.org\/wp-content\/uploads\/2016\/05\/DSCN2366.jpg\"><img loading=\"lazy\" decoding=\"async\" width=\"1024\" height=\"768\" data-id=\"88734\" src=\"https:\/\/centcols.org\/wp-content\/uploads\/2016\/05\/DSCN2366.jpg\" alt=\"\" class=\"wp-image-88734\" srcset=\"https:\/\/centcols.org\/wp-content\/uploads\/2016\/05\/DSCN2366.jpg 1024w, https:\/\/centcols.org\/wp-content\/uploads\/2016\/05\/DSCN2366-768x576.jpg 768w\" sizes=\"auto, (max-width: 1024px) 100vw, 1024px\" \/><\/a><figcaption class=\"wp-element-caption\">de windmolens van Vassieux<\/figcaption><\/figure>\n\n\n\n<figure class=\"wp-block-image size-full\"><a href=\"https:\/\/centcols.org\/wp-content\/uploads\/2016\/05\/DSCN1420.jpg\"><img loading=\"lazy\" decoding=\"async\" width=\"1024\" height=\"768\" data-id=\"88735\" src=\"https:\/\/centcols.org\/wp-content\/uploads\/2016\/05\/DSCN1420.jpg\" alt=\"\" class=\"wp-image-88735\" srcset=\"https:\/\/centcols.org\/wp-content\/uploads\/2016\/05\/DSCN1420.jpg 1024w, https:\/\/centcols.org\/wp-content\/uploads\/2016\/05\/DSCN1420-768x576.jpg 768w\" sizes=\"auto, (max-width: 1024px) 100vw, 1024px\" \/><\/a><figcaption class=\"wp-element-caption\">het Verzetsmonument op de Col de la Chau<\/figcaption><\/figure>\n\n\n\n<figure class=\"wp-block-image size-full\"><a href=\"https:\/\/centcols.org\/wp-content\/uploads\/2016\/05\/Bataille.jpg\"><img loading=\"lazy\" decoding=\"async\" width=\"1024\" height=\"768\" data-id=\"88736\" src=\"https:\/\/centcols.org\/wp-content\/uploads\/2016\/05\/Bataille.jpg\" alt=\"\" class=\"wp-image-88736\" srcset=\"https:\/\/centcols.org\/wp-content\/uploads\/2016\/05\/Bataille.jpg 1024w, https:\/\/centcols.org\/wp-content\/uploads\/2016\/05\/Bataille-768x576.jpg 768w\" sizes=\"auto, (max-width: 1024px) 100vw, 1024px\" \/><\/a><figcaption class=\"wp-element-caption\">Mist over de Col de la Bataille<\/figcaption><\/figure>\n<\/figure>\n\n\n\n<div class=\"wp-block-columns is-layout-flex wp-container-core-columns-is-layout-9d6595d7 wp-block-columns-is-layout-flex\">\n<div class=\"wp-block-column is-layout-flow wp-block-column-is-layout-flow\" style=\"flex-basis:66.66%\">\n<h2 class=\"wp-block-heading\">Inleiding tot de regio<\/h2>\n\n\n\n<p>De Vercors is een bergmassief in de Pre-Alpen in het zuidoosten van Frankrijk, gelegen tussen de departementen Is\u00e8re en Dr\u00f4me en met een hoogte van 2.341 meter bij Grand Veymont. Het Is\u00e8re-gedeelte is veel bekender voor het toerisme, met name het wintertoerisme, dankzij de bekendheid die de Olympische Spelen van Grenoble in 1968 hebben gebracht. Autrans, Villard-de-Lans en Saint-Nizier-du-Moucherotte waren de locaties voor de Noordse evenementen (langlaufen en schansspringen). Het Dr\u00f4me gedeelte van het massief is veel wilder, en daar verblijven we deze zomer.<\/p>\n\n\n\n<p>De geografie van de Vercors wordt vaak samengevat met de term \u00abhoogvlakte\u00bb. Van een afstand gezien ziet het er eenvoudig uit: het hoogteverschil tussen het massief en de valleien is enkele honderden meters, waarbij de bewoonde gebieden tussen de 800 en 1.200 meter liggen. De vijftig kilometer lange bergkam op de oostflank heeft verschillende toppen die hoger zijn dan 2000 meter, terwijl het binnenste van het massief schommelt tussen 800 en 1.500 meter.<\/p>\n\n\n\n<p>Het bijzondere reli\u00ebf van de Vercors heeft het twee bijnamen opgeleverd. De bijnaam \u00abVesting\u00bb weerspiegelt de moeilijkheid om de Vercors te bereiken vanaf de vlakte: meestal moet je door kloven die gevormd worden door kalkstenen kliffen of trappen die alleen toegankelijk zijn voor wandelaars. De bijnaam \u00abFranse Dolomieten\u00bb verwijst naar het Italiaanse kalksteenmassief dat bekend staat om zijn kenmerkende rotsvormen.<\/p>\n\n\n\n<p>Door dit bijzondere reli\u00ebf is het centrum van de Vercors verdeeld in verschillende regio's.<\/p>\n\n\n\n<p>De Coulmes, in het noordwesten, is altijd het dichtst beboste deel van het massief geweest. Het bos werd ge\u00ebxploiteerd in de 19e<sup>e<\/sup> In deze regio lijkt de Vercors meer op een berg dan op een aaneenschakeling van plateaus. In deze regio lijkt de Vercors meer op een berg dan op een aaneenschakeling van plateaus, waarbij de plooien van de Urgonische kalksteen ronder zijn. Er zijn verschillende indrukwekkende routes naar de Coulmes, met name de Gorges du Nan en de Gorges des \u00c9couges. Tijdens een roadtrip kun je ze ontdekken.<\/p>\n\n\n\n<p>De Quatre Montagnes is nu het meest ontwikkelde gebied van de Vercors voor toerisme, met name langlaufen en ski\u00ebn. Toch zijn er nog traditionele activiteiten in de Quatre Montagnes, met name melkveehouderij en kaasproductie. De vier belangrijkste dorpen (Autrans, M\u00e9audre, Lans-en-Vercors en Villard-de-Lans) liggen verspreid over twee plateaus die worden gescheiden door beboste bergen. Deze vier dorpen zijn skioorden maar hebben nog werkende boerderijen.<\/p>\n\n\n\n<p>Bij nader inzien zijn de contrasten groot: brede valleien (de vallei van Lans-en-Vercors, de regio's Autrans en La Chapelle-en-Vercors...) en hoogvlakten (het bos van Coulmes, het bos van Lente en de immense Hauts-Plateaux du Vercors) worden gescheiden door diepe kloven (de kloven van Bourne en Furon...) en hoogvlakten (het bos van Coulmes, het bos van Lente en de immense Hauts-Plateaux du Vercors) worden gescheiden door diepe kloven (de kloven van Bourne en Furon...).) en plateaus (het bos van Coulmes, het bos van Lente en de immense Hauts-Plateaux du Vercors) worden gescheiden door diepe kloven (de Bourne- en Furon-kloven, enz.) en imposante kliffen die meer dan 400 meter hoog kunnen zijn (de kliffen van Presles, Combe Laval en het keteldal van Archiane, enz.) De Mont Aiguille is ge\u00efsoleerd van de rest van het massief door erosie die alle flanken heeft ingesneden.<\/p>\n\n\n\n<p>Door dit reli\u00ebf zijn verschillende delen van de Vercors bijzonder ge\u00efsoleerd van de rest van het massief. Gresse-en-Vercors heeft geen verbinding met het binnenland van het massief: je moet ongeveer honderd kilometer reizen om het zuiden van de Vercors te bereiken via de Col de Rousset en ongeveer zeventig kilometer om het noorden van de Vercors te bereiken via Saint-Nizier-du-Moucherotte.<\/p>\n\n\n\n<p>De Vercors in de Dr\u00f4me bestaat uit kleinere maar meer talrijke hoogvlaktes. Sommige van deze hoogvlaktes zijn spectaculair (Ambel, Font d'Urle) en bieden geweldige uitzichten van de ene naar de andere of naar de omliggende vlaktes. Ten noorden van de Vercors in de Dr\u00f4me liggen verschillende kloven die worden doorkruist door indrukwekkende wegen die dwars door de kliffen lopen. De grasplateaus van de Dr\u00f4me Vercors worden in de zomer gebruikt als bergweiden. De transhumance is de aanleiding voor een festival in Die.<\/p>\n\n\n\n<figure class=\"wp-block-gallery has-nested-images columns-default is-cropped wp-block-gallery-3 is-layout-flex wp-block-gallery-is-layout-flex\">\n<figure class=\"wp-block-image size-full\"><a href=\"https:\/\/centcols.org\/wp-content\/uploads\/2016\/05\/DSC04657.jpg\"><img loading=\"lazy\" decoding=\"async\" width=\"1024\" height=\"768\" data-id=\"88739\" src=\"https:\/\/centcols.org\/wp-content\/uploads\/2016\/05\/DSC04657.jpg\" alt=\"\" class=\"wp-image-88739\" srcset=\"https:\/\/centcols.org\/wp-content\/uploads\/2016\/05\/DSC04657.jpg 1024w, https:\/\/centcols.org\/wp-content\/uploads\/2016\/05\/DSC04657-768x576.jpg 768w\" sizes=\"auto, (max-width: 1024px) 100vw, 1024px\" \/><\/a><figcaption class=\"wp-element-caption\">pas de l'Echelette <\/figcaption><\/figure>\n\n\n\n<figure class=\"wp-block-image size-full\"><a href=\"https:\/\/centcols.org\/wp-content\/uploads\/2016\/05\/DSCN2383.jpg\"><img loading=\"lazy\" decoding=\"async\" width=\"1024\" height=\"768\" data-id=\"88740\" src=\"https:\/\/centcols.org\/wp-content\/uploads\/2016\/05\/DSCN2383.jpg\" alt=\"\" class=\"wp-image-88740\" srcset=\"https:\/\/centcols.org\/wp-content\/uploads\/2016\/05\/DSCN2383.jpg 1024w, https:\/\/centcols.org\/wp-content\/uploads\/2016\/05\/DSCN2383-768x576.jpg 768w\" sizes=\"auto, (max-width: 1024px) 100vw, 1024px\" \/><\/a><figcaption class=\"wp-element-caption\">puy de la Gag\u00e8re en de kliffen van het keteldal van Quint<\/figcaption><\/figure>\n<figcaption class=\"blocks-gallery-caption wp-element-caption\">Mich\u00e8le Sassoulas<\/figcaption><\/figure>\n<\/div>\n\n\n\n<div class=\"wp-block-column is-layout-flow wp-block-column-is-layout-flow\" style=\"flex-basis:33.33%\">\n<h2 class=\"wp-block-heading\">Het paard uit de Vercors<\/h2>\n\n\n<div class=\"wp-block-image\">\n<figure class=\"aligncenter size-full is-resized\"><img loading=\"lazy\" decoding=\"async\" width=\"800\" height=\"600\" src=\"https:\/\/centcols.org\/wp-content\/uploads\/2016\/05\/urle00005.jpg\" alt=\"\" class=\"wp-image-88738\" style=\"aspect-ratio:1;object-fit:cover;width:801px\" srcset=\"https:\/\/centcols.org\/wp-content\/uploads\/2016\/05\/urle00005.jpg 800w, https:\/\/centcols.org\/wp-content\/uploads\/2016\/05\/urle00005-768x576.jpg 768w\" sizes=\"auto, (max-width: 800px) 100vw, 800px\" \/><figcaption class=\"wp-element-caption\">Foto genomen op het plateau van Gag\u00e8res (R.Paraz)<\/figcaption><\/figure>\n<\/div>\n\n\n<div style=\"height:25px\" aria-hidden=\"true\" class=\"wp-block-spacer\"><\/div>\n\n\n\n<div style=\"height:25px\" aria-hidden=\"true\" class=\"wp-block-spacer\"><\/div>\n\n\n\n<p>Op de <strong>plateau van Gag\u00e8res<\/strong>, Als het mistig is en alleen de bakens voor het sneeuwruimen zichtbaar zijn, is de sfeer bijzonder. Of wanneer de vorst zijn dunne horizontale sprieten over de vegetatie en de pylonen strekt, wanneer de wind over de lapiaz en de weiden zwiept, wanneer de storm huilt ... a la <strong>Porte d'Urle<\/strong>.<\/p>\n\n\n\n<p>Het plateau is prachtig in de lente, wanneer de vegetatie tussen de geribbelde lapiaz-platen, rotsbarri\u00e8res en scialets versierd is met narcissen en orchidee\u00ebn.<\/p>\n\n\n\n<p>Dit is het weiland van de<strong> Vercors paard<\/strong>, die terugkeert van de Crau-vlakte om zijn zomerweiden op te zoeken in de Vercors.<\/p>\n\n\n\n<p>Dit paard wordt ook wel Barraquand genoemd, naar de eerste fokker, Jules Barraquand, een boer uit Ambel die in 1919 de grasvelden van Font d'Urle kocht voor zijn schapen en een honderdtal van zijn paarden. De grote transhumance vond toen plaats tussen de Mas de Beauchamp in de Crau en de zuidelijke Vercors.<\/p>\n\n\n\n<p>Het Vercors paard verdween bijna na de oorlog in de jaren 1950. Het heeft zijn voortbestaan te danken aan gepassioneerde fokkers en de steun van het Vercors Park. Onlangs testte Michel Chapoutier het gebruik van dierlijke tractie om zijn beroemde wijngaarden in Tain-l'Hermitage te bewerken: misschien wordt het Vercors paard ook onderdeel van het wijnlandschap in de Rh\u00f4ne!<\/p>\n\n\n\n<p>Dit is een klein, winterhard paard, energiek en soepel, met een bruine vacht, expressieve ogen en zwartbruine manen. Het is bijna vrij te vinden van Serre Montu\u00e9 tot Puy de la Gag\u00e8re.<\/p>\n\n\n\n<p>Of gelijk met de kliffen van het Cirque de Quint... In juli 1994 zorgde een zeer hevige storm ervoor dat de paarden in paniek in de afgrond stortten. 47 paarden kwamen om en het was moeilijk om hun karkassen terug te vinden van de steenslag en hellingen eronder.<\/p>\n\n\n\n<p>Mich\u00e8le Sassoulas (cc 1430)<\/p>\n<\/div>\n<\/div>\n\n\n\n<h3 class=\"wp-block-heading\"><strong>&nbsp;De Hooglanden van de Vercors<\/strong><\/h3>\n\n\n\n<p>Het reservaat van de Hauts-Plateaux is met 17.000 hectare uniek in zijn omvang en beslaat 10% van het regionale natuurpark van de Vercors. Het is momenteel het grootste landreservaat op het Franse vasteland.<\/p>\n\n\n\n<p>Vandaag de dag herbergt het reservaat, met afwisselend bergweiden en bossen, het grootste dennenbos van de kalkalpen en een rijke flora van zo'n 738 soorten. Het dierenleven is discreet maar overvloedig.<\/p>\n\n\n\n<p>De meeste bergsoorten zijn hier te zien: marmot, korhoen, steenarend, gems, enz., maar ook zeldzamere soorten zoals de rotspanterhaan, berghaas, wolf, dwerguil en Tengmalm's uil. Sommige soorten, zoals de steenbok, vale gier, lammergier en marmot, zijn de afgelopen jaren opnieuw ge\u00efntroduceerd.<\/p>\n\n\n\n<figure class=\"wp-block-gallery has-nested-images columns-2 is-cropped wp-block-gallery-4 is-layout-flex wp-block-gallery-is-layout-flex\">\n<figure class=\"wp-block-image size-full\"><a href=\"https:\/\/centcols.org\/wp-content\/uploads\/2016\/05\/DSCN1336.jpg\"><img loading=\"lazy\" decoding=\"async\" width=\"1024\" height=\"768\" data-id=\"88741\" src=\"https:\/\/centcols.org\/wp-content\/uploads\/2016\/05\/DSCN1336.jpg\" alt=\"\" class=\"wp-image-88741\" srcset=\"https:\/\/centcols.org\/wp-content\/uploads\/2016\/05\/DSCN1336.jpg 1024w, https:\/\/centcols.org\/wp-content\/uploads\/2016\/05\/DSCN1336-768x576.jpg 768w\" sizes=\"auto, (max-width: 1024px) 100vw, 1024px\" \/><\/a><\/figure>\n\n\n\n<figure class=\"wp-block-image size-full\"><a href=\"https:\/\/centcols.org\/wp-content\/uploads\/2016\/05\/DSCF3373_1.jpg\"><img loading=\"lazy\" decoding=\"async\" width=\"1024\" height=\"768\" data-id=\"88742\" src=\"https:\/\/centcols.org\/wp-content\/uploads\/2016\/05\/DSCF3373_1.jpg\" alt=\"\" class=\"wp-image-88742\" srcset=\"https:\/\/centcols.org\/wp-content\/uploads\/2016\/05\/DSCF3373_1.jpg 1024w, https:\/\/centcols.org\/wp-content\/uploads\/2016\/05\/DSCF3373_1-768x576.jpg 768w\" sizes=\"auto, (max-width: 1024px) 100vw, 1024px\" \/><\/a><\/figure>\n<\/figure>\n\n\n\n<p>Botanici en bloemenliefhebbers zullen een zeer rijke flora ontdekken, waar wit op de eerste plaats komt voor rood\/roze met verschillende soorten orchidee\u00ebn, gentianen, distels... Zie ook de website : <em><a href=\"http:\/\/www.fleursduvercors.com\/\" target=\"_blank\" rel=\"noreferrer noopener\">http:\/\/www.fleursduvercors.com\/<\/a> <\/em>waar je dit kunt zien door sorteren op kleur te selecteren.<\/p>\n\n\n\n<figure class=\"wp-block-gallery has-nested-images columns-3 is-cropped wp-block-gallery-5 is-layout-flex wp-block-gallery-is-layout-flex\">\n<figure class=\"wp-block-image size-full\"><a href=\"https:\/\/centcols.org\/wp-content\/uploads\/2016\/05\/DSC03684_1.jpg\"><img loading=\"lazy\" decoding=\"async\" width=\"1024\" height=\"768\" data-id=\"88743\" src=\"https:\/\/centcols.org\/wp-content\/uploads\/2016\/05\/DSC03684_1.jpg\" alt=\"\" class=\"wp-image-88743\" srcset=\"https:\/\/centcols.org\/wp-content\/uploads\/2016\/05\/DSC03684_1.jpg 1024w, https:\/\/centcols.org\/wp-content\/uploads\/2016\/05\/DSC03684_1-768x576.jpg 768w\" sizes=\"auto, (max-width: 1024px) 100vw, 1024px\" \/><\/a><figcaption class=\"wp-element-caption\">in de lente scilla en krokus<\/figcaption><\/figure>\n\n\n\n<figure class=\"wp-block-image size-full\"><a href=\"https:\/\/centcols.org\/wp-content\/uploads\/2016\/05\/DSCN1362.jpg\"><img loading=\"lazy\" decoding=\"async\" width=\"1024\" height=\"768\" data-id=\"88745\" src=\"https:\/\/centcols.org\/wp-content\/uploads\/2016\/05\/DSCN1362.jpg\" alt=\"\" class=\"wp-image-88745\" srcset=\"https:\/\/centcols.org\/wp-content\/uploads\/2016\/05\/DSCN1362.jpg 1024w, https:\/\/centcols.org\/wp-content\/uploads\/2016\/05\/DSCN1362-768x576.jpg 768w\" sizes=\"auto, (max-width: 1024px) 100vw, 1024px\" \/><\/a><figcaption class=\"wp-element-caption\">anjer<\/figcaption><\/figure>\n\n\n\n<figure class=\"wp-block-image size-full\"><a href=\"https:\/\/centcols.org\/wp-content\/uploads\/2016\/05\/DSCF3411_1.jpg\"><img loading=\"lazy\" decoding=\"async\" width=\"576\" height=\"768\" data-id=\"88747\" src=\"https:\/\/centcols.org\/wp-content\/uploads\/2016\/05\/DSCF3411_1.jpg\" alt=\"\" class=\"wp-image-88747\"\/><\/a><figcaption class=\"wp-element-caption\">vlierstruik<\/figcaption><\/figure>\n\n\n\n<figure class=\"wp-block-image size-full\"><a href=\"https:\/\/centcols.org\/wp-content\/uploads\/2016\/05\/DSCN1309.jpg\"><img loading=\"lazy\" decoding=\"async\" width=\"1024\" height=\"768\" data-id=\"88746\" src=\"https:\/\/centcols.org\/wp-content\/uploads\/2016\/05\/DSCN1309.jpg\" alt=\"\" class=\"wp-image-88746\" srcset=\"https:\/\/centcols.org\/wp-content\/uploads\/2016\/05\/DSCN1309.jpg 1024w, https:\/\/centcols.org\/wp-content\/uploads\/2016\/05\/DSCN1309-768x576.jpg 768w\" sizes=\"auto, (max-width: 1024px) 100vw, 1024px\" \/><\/a><figcaption class=\"wp-element-caption\">edelweiss<\/figcaption><\/figure>\n\n\n\n<figure class=\"wp-block-image size-full\"><a href=\"https:\/\/centcols.org\/wp-content\/uploads\/2016\/05\/DSCF3091_1.jpg\"><img loading=\"lazy\" decoding=\"async\" width=\"576\" height=\"768\" data-id=\"88748\" src=\"https:\/\/centcols.org\/wp-content\/uploads\/2016\/05\/DSCF3091_1.jpg\" alt=\"\" class=\"wp-image-88748\"\/><\/a><figcaption class=\"wp-element-caption\">hondentand<\/figcaption><\/figure>\n\n\n\n<figure class=\"wp-block-image size-full\"><a href=\"https:\/\/centcols.org\/wp-content\/uploads\/2016\/05\/DSC03820_1.jpg\"><img loading=\"lazy\" decoding=\"async\" width=\"1024\" height=\"768\" data-id=\"88744\" src=\"https:\/\/centcols.org\/wp-content\/uploads\/2016\/05\/DSC03820_1.jpg\" alt=\"\" class=\"wp-image-88744\" srcset=\"https:\/\/centcols.org\/wp-content\/uploads\/2016\/05\/DSC03820_1.jpg 1024w, https:\/\/centcols.org\/wp-content\/uploads\/2016\/05\/DSC03820_1-768x576.jpg 768w\" sizes=\"auto, (max-width: 1024px) 100vw, 1024px\" \/><\/a><figcaption class=\"wp-element-caption\">gentiaan<\/figcaption><\/figure>\n<\/figure>\n\n\n\n<h2 class=\"wp-block-heading\">Rondleidingen<\/h2>\n\n\n\n<p>De <a href=\"\/nl\/membres\/cctours\/tours.php\/?lieu=Vassieux&amp;an=2016&amp;genre=V\">muilezelpaden<\/a> werden opgesteld door Alf\u00e9o Lotto (CC nr. 5650), Jean-Marie Gilouin (CC nr. 5699) en Alain Benoist (CC nr. 5663) en de <a href=\"\/nl\/membres\/cctours\/tours.php\/?lieu=Vassieux&amp;an=2016&amp;genre=R\">wegen<\/a> door R\u00e9gis Paraz (CC nr. 3225).<\/p>\n\n\n\n<p>Het vakantiecentrum ligt al op hoogte. Toch zijn de meeste wegen zo ontworpen dat je de meest spectaculaire toegangswegen naar het plateau kunt ontdekken. Soms moet je eerst afdalen in de vallei voordat je weer omhoog klimt naar het plateau. Het zou mogelijk zijn geweest om een paar passen te maken op de heen- en terugweg, bijvoorbeeld naar de Col de Tourniol. Dat zou echt zonde zijn geweest, ten eerste vanwege de ethiek van het bedwingen van een pas en ten tweede omdat het meest bijzondere landschap aan de dalzijde ligt. Hetzelfde geldt voor de Col de Romey\u00e8re. Helaas was het niet mogelijk om een route van redelijke lengte te plannen om de Col du Rousset te beklimmen via de zuidelijke helling en de prachtige switchbacks.<\/p>\n\n\n\n<p>De weinige overgebleven wegcircuits op het plateau zijn echter relatief steil. In overeenstemming met het adagium \u00abwie meer kan, kan minder doen\u00bb (hoewel het omgekeerde niet waar is) en om zoveel mogelijk leden te laten genieten, hebben een aantal weg- of muilezelroutes een redelijk aantal kilometers of hellingen. De \u00abzwaarste\u00bb rijders zijn vrij om de routes zwaarder te maken.<\/p>\n\n\n\n<p><a href=\"https:\/\/centcols.org\/wp-content\/uploads\/2025\/09\/Plaquette_Vassieux_br.pdf\">Download de brochure<\/a><\/p>\n\n\n\n<p><a href=\"https:\/\/centcols.org\/wp-content\/uploads\/2025\/09\/Circuitspedestres.zip\">Download de wandelroutes van Mich\u00e8le Sassoulas<\/a><\/p>\n\n\n\n<div class=\"wp-block-columns is-layout-flex wp-container-core-columns-is-layout-9d6595d7 wp-block-columns-is-layout-flex\">\n<div class=\"wp-block-column is-layout-flow wp-block-column-is-layout-flow\" style=\"flex-basis:66.66%\">\n<h2 class=\"wp-block-heading\">Hosting<\/h2>\n\n\n\n<p>Het dorp Vassieux-en-Vercors ligt aan de zuidelijke rand van het Vercors-massief, op een open, winderig plateau en telt 344 inwoners. De belangrijkste bronnen van inkomsten zijn landbouw en toerisme, waarvan Piroulet een belangrijke pijler is.<\/p>\n\n\n\n<p>Het is het dorp Vacances <a href=\"http:\/\/www.lepiroulet.com\/spip\/Vassieux-en-Vercors.html\" target=\"_blank\" rel=\"noreferrer noopener\">Le Piroulet<\/a> die ons gaat verwelkomen. Het woord \u00abPiroulet\u00bb betekent \u00abde man die de molen laat draaien\u00bb. Het is verbonden met de naam van de plaats, les Pr\u00e9s du Moulin, en verwijst naar een 18e-eeuwse watermolen.<sup>e<\/sup> die zich op 300 m van het vakantiedorp bevond. Het vakantiedorp heeft 140 bedden verdeeld over 4 verdiepingen met kamers: 11 op tuinniveau, 22 op de begane grond, waarvan er twee toegankelijk zijn voor mensen met beperkte mobiliteit, en 22 duplexen op de eerste en tweede verdieping. Le Piroulet heeft vier klaslokalen en\/of activiteitenruimtes, een grote activiteitenruimte, twee andere activiteitenruimtes, drie restaurantruimtes, een lounge, een bar en een verwarmd binnenzwembad.<\/p>\n<\/div>\n\n\n\n<div class=\"wp-block-column is-layout-flow wp-block-column-is-layout-flow\" style=\"flex-basis:33.33%\">\n<h2 class=\"wp-block-heading\">Noot van de Raad van Bestuur<\/h2>\n\n\n\n<p>Als je je accommodatie elders regelt dan in het vakantiedorp Le Piroulet, laat ons dan weten dat je deelneemt aan het verblijf, om 3 redenen:<\/p>\n\n\n\n<ol class=\"wp-block-list\">\n<li>Gezamenlijke evenementen (informatiesessies, welkomst- en afscheidsfeesten) op de juiste grootte kunnen indelen.<\/li>\n\n\n\n<li>Op de routes in verschillende groepen kunnen opsplitsen om de veiligheid voor iedereen te verbeteren.<\/li>\n\n\n\n<li>Om organisatoren te helpen met onvoorziene gebeurtenissen.<\/li>\n<\/ol>\n<\/div>\n<\/div>\n\n\n\n<figure class=\"wp-block-gallery has-nested-images columns-2 is-cropped wp-block-gallery-6 is-layout-flex wp-block-gallery-is-layout-flex\">\n<figure class=\"wp-block-image size-full\"><a href=\"https:\/\/centcols.org\/wp-content\/uploads\/2016\/05\/P1020967.jpg\"><img loading=\"lazy\" decoding=\"async\" width=\"1024\" height=\"768\" data-id=\"88751\" src=\"https:\/\/centcols.org\/wp-content\/uploads\/2016\/05\/P1020967.jpg\" alt=\"\" class=\"wp-image-88751\" srcset=\"https:\/\/centcols.org\/wp-content\/uploads\/2016\/05\/P1020967.jpg 1024w, https:\/\/centcols.org\/wp-content\/uploads\/2016\/05\/P1020967-768x576.jpg 768w\" sizes=\"auto, (max-width: 1024px) 100vw, 1024px\" \/><\/a><figcaption class=\"wp-element-caption\">De Piroulet<\/figcaption><\/figure>\n\n\n\n<figure class=\"wp-block-image size-full\"><a href=\"https:\/\/centcols.org\/wp-content\/uploads\/2016\/05\/P1020970.jpg\"><img loading=\"lazy\" decoding=\"async\" width=\"1024\" height=\"768\" data-id=\"88752\" src=\"https:\/\/centcols.org\/wp-content\/uploads\/2016\/05\/P1020970.jpg\" alt=\"\" class=\"wp-image-88752\" srcset=\"https:\/\/centcols.org\/wp-content\/uploads\/2016\/05\/P1020970.jpg 1024w, https:\/\/centcols.org\/wp-content\/uploads\/2016\/05\/P1020970-768x576.jpg 768w\" sizes=\"auto, (max-width: 1024px) 100vw, 1024px\" \/><\/a><figcaption class=\"wp-element-caption\">De Piroulet<\/figcaption><\/figure>\n<\/figure>\n\n\n\n<p>Er is een camperpark op ongeveer 300 m van Le Piroulet.<\/p>\n\n\n\n<p>Camping: er is een camping op ongeveer 3 km van Le Piroulet<\/p>\n\n\n\n<p><a href=\"http:\/\/lespins-vassieux-en-vercors.e-monsite.com\/\" target=\"_blank\" rel=\"noreferrer noopener\">Camping Les Pins<\/a><br>Les Granges<br>26420 Vassieux-en-Vercors<\/p>\n\n\n\n<p>Telefoon: + 33 650 11 98 35<br>Adresse mail :&nbsp;les&#112;&#105;&#110;&#x73;&#x76;&#x61;&#x73;&#x73;&#x69;eux&#64;&#103;&#109;&#97;&#x69;&#x6c;&#x2e;&#x63;&#x6f;&#x6d;<\/p>\n\n\n\n<p>Grand G\u00eete des Loubi\u00e8res<\/p>\n\n\n\n<p>Een grote g\u00eete met drie slaapkamers voor 6 tot 12 personen.<\/p>\n\n\n\n<p>Als iemand die in deze tijd van het jaar nog accommodatie zoekt in Vassieux de g\u00eete wil delen, is dat een oplossing. De g\u00eete ligt op 2 km van het dorp (en Piroulet) en op dezelfde afstand van de camping.  De keuken\/zitkamer\/terrasgedeeltes worden gedeeld, maar zijn ruim.  Er is een garage voor fietsen en een parkeerplaats voor auto's.<\/p>\n\n\n\n<p>Bekijk de website <a href=\"http:\/\/www.lespinsvassieuxenvercors.fr\/\" target=\"_blank\" rel=\"noreferrer noopener\">http:\/\/www.lespinsvassieuxenvercors.fr\/<\/a> en klik op Grand G\u00eetes des Loubi\u00e8res in de banner bovenaan de pagina.<\/p>\n\n\n\n<h2 class=\"wp-block-heading\">Andere activiteiten of bezoeken<\/h2>\n\n\n\n<p>necropolis, verzetsmonument, park, prehistorisch museum, grotten.<\/p>\n\n\n\n<p>Mich\u00e8le Sassoulas (CC nr. 1430), een plaatselijk lid van de regio, heeft een reeks wandelsuggesties voor alle niveaus samengesteld.<\/p>\n\n\n\n<h2 class=\"wp-block-heading\">Handige tips<\/h2>\n\n\n\n<h4 class=\"wp-block-heading\"><strong>Je verblijf verlengen:<\/strong><\/h4>\n\n\n\n<p>Zoals vermeld in de presentatie van de regio, zijn sommige delen van de Vercors ge\u00efsoleerd van andere. Het is daarom mogelijk om een paar extra dagen in te plannen om andere gebieden te verkennen die de tour niet aandoet.<\/p>\n\n\n\n<p>Let op! Als je je verblijf verlengt, <strong>Mountainbiken is beperkt tot \u00e9\u00e9n route: de GTV-variant (Grande Travers\u00e9e du Vercors).<\/strong><\/p>\n\n\n\n<p><strong>Suggesties:<\/strong><\/p>\n\n\n\n<ul class=\"wp-block-list\">\n<li>Een lus van Vif naar Gresse-en-Vercors via de Col de l'Arzelier, Col des Deux en Col de Serre-Monet, en dan terug via de Col de l'Allimas, Col du Fau en Collet de Sinard geeft je de kans om de oostkant van het massief te verkennen (de Pas du Serpaton rondtrip optie is de omleidingen meer dan waard).<\/li>\n<\/ul>\n\n\n<div class=\"wp-block-image\">\n<figure class=\"aligncenter size-full is-resized\"><a href=\"https:\/\/centcols.org\/wp-content\/uploads\/2016\/05\/DSCN1342.jpg\"><img loading=\"lazy\" decoding=\"async\" width=\"1024\" height=\"768\" src=\"https:\/\/centcols.org\/wp-content\/uploads\/2016\/05\/DSCN1342.jpg\" alt=\"\" class=\"wp-image-88753\" style=\"width:800px\" srcset=\"https:\/\/centcols.org\/wp-content\/uploads\/2016\/05\/DSCN1342.jpg 1024w, https:\/\/centcols.org\/wp-content\/uploads\/2016\/05\/DSCN1342-768x576.jpg 768w\" sizes=\"auto, (max-width: 1024px) 100vw, 1024px\" \/><\/a><figcaption class=\"wp-element-caption\">De oostelijke kliffen van de Vercors, van Grand Veymont<\/figcaption><\/figure>\n<\/div>\n\n\n<p>Een tocht door de Tri\u00e8ves, tussen Vercors en Devoluy, brengt je over een aantal passen met de Mont Aiguille op de achtergrond, en een lus rond de Col de Men\u00e9e, Chatillon-en-Diois, Col de Grimone, Col de la Croix-Haute brengt je door de Diois en de zuidelijke hellingen van het massief.<\/p>\n\n\n\n<h2 class=\"wp-block-heading\">Registratie<\/h2>\n\n\n\n<p>Download het PDF registratieformulier en volg de instructies om je in te schrijven.<\/p>\n\n\n\n<h2 class=\"wp-block-heading\">Fotoalbum door Mich\u00e8le Sassoulas<\/h2>\n\n\n\n<figure class=\"wp-block-gallery has-nested-images columns-4 is-cropped wp-block-gallery-7 is-layout-flex wp-block-gallery-is-layout-flex\">\n<figure class=\"wp-block-image size-full\"><a href=\"https:\/\/centcols.org\/wp-content\/uploads\/2016\/05\/DSCN2387.jpg\"><img loading=\"lazy\" decoding=\"async\" width=\"576\" height=\"768\" data-id=\"88755\" src=\"https:\/\/centcols.org\/wp-content\/uploads\/2016\/05\/DSCN2387.jpg\" alt=\"\" class=\"wp-image-88755\"\/><\/a><figcaption class=\"wp-element-caption\">Font d'Urle gletsjer (500 m van de Porte d'Urle)<\/figcaption><\/figure>\n\n\n\n<figure class=\"wp-block-image size-full\"><a href=\"https:\/\/centcols.org\/wp-content\/uploads\/2016\/05\/DSCF3416_1.jpg\"><img loading=\"lazy\" decoding=\"async\" width=\"576\" height=\"768\" data-id=\"88760\" src=\"https:\/\/centcols.org\/wp-content\/uploads\/2016\/05\/DSCF3416_1.jpg\" alt=\"\" class=\"wp-image-88760\"\/><\/a><figcaption class=\"wp-element-caption\">natuurlijke pas 1367 m tunnel 1255 m !<\/figcaption><\/figure>\n\n\n\n<figure class=\"wp-block-image size-full\"><a href=\"https:\/\/centcols.org\/wp-content\/uploads\/2016\/05\/DSCN1475_1.jpg\"><img loading=\"lazy\" decoding=\"async\" width=\"576\" height=\"768\" data-id=\"88756\" src=\"https:\/\/centcols.org\/wp-content\/uploads\/2016\/05\/DSCN1475_1.jpg\" alt=\"\" class=\"wp-image-88756\"\/><\/a><figcaption class=\"wp-element-caption\">Onze steen op het plateau van Ambel<\/figcaption><\/figure>\n\n\n\n<figure class=\"wp-block-image size-full\"><a href=\"https:\/\/centcols.org\/wp-content\/uploads\/2016\/05\/DSCN1418.jpg\"><img loading=\"lazy\" decoding=\"async\" width=\"1024\" height=\"768\" data-id=\"88758\" src=\"https:\/\/centcols.org\/wp-content\/uploads\/2016\/05\/DSCN1418.jpg\" alt=\"\" class=\"wp-image-88758\" srcset=\"https:\/\/centcols.org\/wp-content\/uploads\/2016\/05\/DSCN1418.jpg 1024w, https:\/\/centcols.org\/wp-content\/uploads\/2016\/05\/DSCN1418-768x576.jpg 768w\" sizes=\"auto, (max-width: 1024px) 100vw, 1024px\" \/><\/a><figcaption class=\"wp-element-caption\">But de l'Aiglette gezien vanaf de But de N\u00e8ve en de Col de Chironne eronder<\/figcaption><\/figure>\n\n\n\n<figure class=\"wp-block-image size-full\"><a href=\"https:\/\/centcols.org\/wp-content\/uploads\/2016\/05\/DSCN1404.jpg\"><img loading=\"lazy\" decoding=\"async\" width=\"1024\" height=\"768\" data-id=\"88759\" src=\"https:\/\/centcols.org\/wp-content\/uploads\/2016\/05\/DSCN1404.jpg\" alt=\"\" class=\"wp-image-88759\" srcset=\"https:\/\/centcols.org\/wp-content\/uploads\/2016\/05\/DSCN1404.jpg 1024w, https:\/\/centcols.org\/wp-content\/uploads\/2016\/05\/DSCN1404-768x576.jpg 768w\" sizes=\"auto, (max-width: 1024px) 100vw, 1024px\" \/><\/a><figcaption class=\"wp-element-caption\">Ori\u00ebntatietafels (1532m) voor de Collet de Sapiau. Op de achtergrond het doel van Sapiau<\/figcaption><\/figure>\n\n\n\n<figure class=\"wp-block-image size-full\"><a href=\"https:\/\/centcols.org\/wp-content\/uploads\/2016\/05\/DSCF3436_1.jpg\"><img loading=\"lazy\" decoding=\"async\" width=\"1024\" height=\"768\" data-id=\"88761\" src=\"https:\/\/centcols.org\/wp-content\/uploads\/2016\/05\/DSCF3436_1.jpg\" alt=\"\" class=\"wp-image-88761\" srcset=\"https:\/\/centcols.org\/wp-content\/uploads\/2016\/05\/DSCF3436_1.jpg 1024w, https:\/\/centcols.org\/wp-content\/uploads\/2016\/05\/DSCF3436_1-768x576.jpg 768w\" sizes=\"auto, (max-width: 1024px) 100vw, 1024px\" \/><\/a><figcaption class=\"wp-element-caption\">Serre Montu\u00e9 en de Infernet bergkam gezien vanaf Les Gag\u00e8res. Woud van cairns op de lapiaz<\/figcaption><\/figure>\n\n\n\n<figure class=\"wp-block-image size-full\"><a href=\"https:\/\/centcols.org\/wp-content\/uploads\/2016\/05\/DSCF3159_1.jpg\"><img loading=\"lazy\" decoding=\"async\" width=\"1024\" height=\"768\" data-id=\"88762\" src=\"https:\/\/centcols.org\/wp-content\/uploads\/2016\/05\/DSCF3159_1.jpg\" alt=\"\" class=\"wp-image-88762\" srcset=\"https:\/\/centcols.org\/wp-content\/uploads\/2016\/05\/DSCF3159_1.jpg 1024w, https:\/\/centcols.org\/wp-content\/uploads\/2016\/05\/DSCF3159_1-768x576.jpg 768w\" sizes=\"auto, (max-width: 1024px) 100vw, 1024px\" \/><\/a><figcaption class=\"wp-element-caption\">de Serre Montu\u00e9 en Infernet bergkammen gezien vanaf de Pas d'Ambel<\/figcaption><\/figure>\n\n\n\n<figure class=\"wp-block-image size-full\"><a href=\"https:\/\/centcols.org\/wp-content\/uploads\/2016\/05\/DSC04645.jpg\"><img loading=\"lazy\" decoding=\"async\" width=\"1024\" height=\"768\" data-id=\"88763\" src=\"https:\/\/centcols.org\/wp-content\/uploads\/2016\/05\/DSC04645.jpg\" alt=\"\" class=\"wp-image-88763\" srcset=\"https:\/\/centcols.org\/wp-content\/uploads\/2016\/05\/DSC04645.jpg 1024w, https:\/\/centcols.org\/wp-content\/uploads\/2016\/05\/DSC04645-768x576.jpg 768w\" sizes=\"auto, (max-width: 1024px) 100vw, 1024px\" \/><\/a><figcaption class=\"wp-element-caption\">aankomst bij Collet de Sapiau<\/figcaption><\/figure>\n\n\n\n<figure class=\"wp-block-image size-full\"><a href=\"https:\/\/centcols.org\/wp-content\/uploads\/2016\/05\/DSC04640-1.jpg\"><img loading=\"lazy\" decoding=\"async\" width=\"1024\" height=\"768\" data-id=\"88765\" src=\"https:\/\/centcols.org\/wp-content\/uploads\/2016\/05\/DSC04640-1.jpg\" alt=\"\" class=\"wp-image-88765\" srcset=\"https:\/\/centcols.org\/wp-content\/uploads\/2016\/05\/DSC04640-1.jpg 1024w, https:\/\/centcols.org\/wp-content\/uploads\/2016\/05\/DSC04640-1-768x576.jpg 768w\" sizes=\"auto, (max-width: 1024px) 100vw, 1024px\" \/><\/a><figcaption class=\"wp-element-caption\">de Veymont, tot aan de Collet de Sapiau<\/figcaption><\/figure>\n\n\n\n<figure class=\"wp-block-image size-full\"><a href=\"https:\/\/centcols.org\/wp-content\/uploads\/2016\/05\/DSC04579.jpg\"><img loading=\"lazy\" decoding=\"async\" width=\"1024\" height=\"768\" data-id=\"88766\" src=\"https:\/\/centcols.org\/wp-content\/uploads\/2016\/05\/DSC04579.jpg\" alt=\"\" class=\"wp-image-88766\" srcset=\"https:\/\/centcols.org\/wp-content\/uploads\/2016\/05\/DSC04579.jpg 1024w, https:\/\/centcols.org\/wp-content\/uploads\/2016\/05\/DSC04579-768x576.jpg 768w\" sizes=\"auto, (max-width: 1024px) 100vw, 1024px\" \/><\/a><figcaption class=\"wp-element-caption\">Onder de wolkenzee, de Dr\u00f4me vallei gezien vanaf de Col de Vassieux. De Trois Becs in de zon.<\/figcaption><\/figure>\n<\/figure>","protected":false},"excerpt":{"rendered":"<p>Pr\u00e9sentation Le s\u00e9jour d&rsquo;\u00e9t\u00e9 2016 se d\u00e9roulera du 16 au 24 juillet au Piroulet sur la commune de Vassieux-en-Vercors. Les photos de cette page (paysages, faune, flore) ont \u00e9t\u00e9 essentiellement fournies par Mich\u00e8le Sassoulas. Pr\u00e9sentation de la r\u00e9gion Le Vercors est un massif des Pr\u00e9alpes situ\u00e9 dans le sud-est de la France, \u00e0 cheval entre [&hellip;]<\/p>\n","protected":false},"author":3,"featured_media":82964,"comment_status":"closed","ping_status":"open","sticky":false,"template":"","format":"standard","meta":{"_acf_changed":false,"footnotes":""},"categories":[367,373,349,410,389,135,231],"tags":[],"class_list":["post-81768","post","type-post","status-publish","format-standard","has-post-thumbnail","hentry","category-auvergne-rhone-alpes-region-sejours","category-alpes-francaises-du-nord-massif-sejours","category-france-pays-sejours","category-vercors","category-26-drome","category-calendrier","category-sejours"],"acf":[],"yoast_head":"<!-- This site is optimized with the Yoast SEO plugin v27.2 - https:\/\/yoast.com\/product\/yoast-seo-wordpress\/ -->\n<title>S\u00e9jour estival \u00e0 Vassieux-en-Vercors (Dr\u00f4me) du 16 au 24 juillet 2016 - Club des Cent Cols<\/title>\n<meta name=\"robots\" content=\"index, follow, max-snippet:-1, max-image-preview:large, max-video-preview:-1\" \/>\n<link rel=\"canonical\" href=\"https:\/\/centcols.org\/nl\/verblijf-2016-vassieux\/\" \/>\n<meta property=\"og:locale\" content=\"nl_BE\" \/>\n<meta property=\"og:type\" content=\"article\" \/>\n<meta property=\"og:title\" content=\"S\u00e9jour estival \u00e0 Vassieux-en-Vercors (Dr\u00f4me) du 16 au 24 juillet 2016 - Club des Cent Cols\" \/>\n<meta property=\"og:description\" content=\"Pr\u00e9sentation Le s\u00e9jour d&rsquo;\u00e9t\u00e9 2016 se d\u00e9roulera du 16 au 24 juillet au Piroulet sur la commune de Vassieux-en-Vercors. Les photos de cette page (paysages, faune, flore) ont \u00e9t\u00e9 essentiellement fournies par Mich\u00e8le Sassoulas. Pr\u00e9sentation de la r\u00e9gion Le Vercors est un massif des Pr\u00e9alpes situ\u00e9 dans le sud-est de la France, \u00e0 cheval entre [&hellip;]\" \/>\n<meta property=\"og:url\" content=\"https:\/\/centcols.org\/nl\/verblijf-2016-vassieux\/\" \/>\n<meta property=\"og:site_name\" content=\"Club des Cent Cols\" \/>\n<meta property=\"article:publisher\" content=\"https:\/\/www.facebook.com\/groups\/5261880558\/?locale=fr_FR\" \/>\n<meta property=\"article:published_time\" content=\"2016-05-04T09:18:45+00:00\" \/>\n<meta property=\"article:modified_time\" content=\"2025-09-01T16:06:16+00:00\" \/>\n<meta property=\"og:image\" content=\"https:\/\/centcols.org\/wp-content\/uploads\/2016\/05\/villagevassieux1.jpg\" \/>\n\t<meta property=\"og:image:width\" content=\"1024\" \/>\n\t<meta property=\"og:image:height\" content=\"768\" \/>\n\t<meta property=\"og:image:type\" content=\"image\/jpeg\" \/>\n<meta name=\"author\" content=\"Webmestre\" \/>\n<meta name=\"twitter:card\" content=\"summary_large_image\" \/>\n<meta name=\"twitter:label1\" content=\"Geschreven door\" \/>\n\t<meta name=\"twitter:data1\" content=\"Webmestre\" \/>\n\t<meta name=\"twitter:label2\" content=\"Geschatte leestijd\" \/>\n\t<meta name=\"twitter:data2\" content=\"18 minuten\" \/>\n<script type=\"application\/ld+json\" class=\"yoast-schema-graph\">{\"@context\":\"https:\/\/schema.org\",\"@graph\":[{\"@type\":\"Article\",\"@id\":\"https:\/\/centcols.org\/sejour-2016-vassieux\/#article\",\"isPartOf\":{\"@id\":\"https:\/\/centcols.org\/sejour-2016-vassieux\/\"},\"author\":{\"name\":\"Webmestre\",\"@id\":\"https:\/\/centcols.org\/#\/schema\/person\/911b404fb133d8c913dd27cdcf71c8e5\"},\"headline\":\"S\u00e9jour estival \u00e0 Vassieux-en-Vercors (Dr\u00f4me) du 16 au 24 juillet 2016\",\"datePublished\":\"2016-05-04T09:18:45+00:00\",\"dateModified\":\"2025-09-01T16:06:16+00:00\",\"mainEntityOfPage\":{\"@id\":\"https:\/\/centcols.org\/sejour-2016-vassieux\/\"},\"wordCount\":2479,\"publisher\":{\"@id\":\"https:\/\/centcols.org\/#organization\"},\"image\":{\"@id\":\"https:\/\/centcols.org\/sejour-2016-vassieux\/#primaryimage\"},\"thumbnailUrl\":\"https:\/\/centcols.org\/wp-content\/uploads\/2016\/05\/villagevassieux1.jpg\",\"articleSection\":[\"Auvergne-Rh\u00f4ne-Alpes\",\"Alpes fran\u00e7aises du Nord\",\"France\",\"Vercors\",\"26-Dr\u00f4me\",\"Calendrier\",\"S\u00e9jours du Club des Cent Cols\"],\"inLanguage\":\"nl-BE\"},{\"@type\":\"WebPage\",\"@id\":\"https:\/\/centcols.org\/sejour-2016-vassieux\/\",\"url\":\"https:\/\/centcols.org\/sejour-2016-vassieux\/\",\"name\":\"S\u00e9jour estival \u00e0 Vassieux-en-Vercors (Dr\u00f4me) du 16 au 24 juillet 2016 - Club des Cent Cols\",\"isPartOf\":{\"@id\":\"https:\/\/centcols.org\/#website\"},\"primaryImageOfPage\":{\"@id\":\"https:\/\/centcols.org\/sejour-2016-vassieux\/#primaryimage\"},\"image\":{\"@id\":\"https:\/\/centcols.org\/sejour-2016-vassieux\/#primaryimage\"},\"thumbnailUrl\":\"https:\/\/centcols.org\/wp-content\/uploads\/2016\/05\/villagevassieux1.jpg\",\"datePublished\":\"2016-05-04T09:18:45+00:00\",\"dateModified\":\"2025-09-01T16:06:16+00:00\",\"breadcrumb\":{\"@id\":\"https:\/\/centcols.org\/sejour-2016-vassieux\/#breadcrumb\"},\"inLanguage\":\"nl-BE\",\"potentialAction\":[{\"@type\":\"ReadAction\",\"target\":[\"https:\/\/centcols.org\/sejour-2016-vassieux\/\"]}]},{\"@type\":\"ImageObject\",\"inLanguage\":\"nl-BE\",\"@id\":\"https:\/\/centcols.org\/sejour-2016-vassieux\/#primaryimage\",\"url\":\"https:\/\/centcols.org\/wp-content\/uploads\/2016\/05\/villagevassieux1.jpg\",\"contentUrl\":\"https:\/\/centcols.org\/wp-content\/uploads\/2016\/05\/villagevassieux1.jpg\",\"width\":1024,\"height\":768},{\"@type\":\"BreadcrumbList\",\"@id\":\"https:\/\/centcols.org\/sejour-2016-vassieux\/#breadcrumb\",\"itemListElement\":[{\"@type\":\"ListItem\",\"position\":1,\"name\":\"Accueil\",\"item\":\"https:\/\/centcols.org\/\"},{\"@type\":\"ListItem\",\"position\":2,\"name\":\"S\u00e9jours du Club des Cent Cols\",\"item\":\"https:\/\/centcols.org\/rubrique\/sejours\/\"},{\"@type\":\"ListItem\",\"position\":3,\"name\":\"Pays\",\"item\":\"https:\/\/centcols.org\/rubrique\/sejours\/pays-sejours\/\"},{\"@type\":\"ListItem\",\"position\":4,\"name\":\"France\",\"item\":\"https:\/\/centcols.org\/rubrique\/sejours\/pays-sejours\/france-pays-sejours\/\"},{\"@type\":\"ListItem\",\"position\":5,\"name\":\"S\u00e9jour estival \u00e0 Vassieux-en-Vercors (Dr\u00f4me) du 16 au 24 juillet 2016\"}]},{\"@type\":\"WebSite\",\"@id\":\"https:\/\/centcols.org\/#website\",\"url\":\"https:\/\/centcols.org\/\",\"name\":\"Club des Cent Cols\",\"description\":\"\",\"publisher\":{\"@id\":\"https:\/\/centcols.org\/#organization\"},\"potentialAction\":[{\"@type\":\"SearchAction\",\"target\":{\"@type\":\"EntryPoint\",\"urlTemplate\":\"https:\/\/centcols.org\/?s={search_term_string}\"},\"query-input\":{\"@type\":\"PropertyValueSpecification\",\"valueRequired\":true,\"valueName\":\"search_term_string\"}}],\"inLanguage\":\"nl-BE\"},{\"@type\":\"Organization\",\"@id\":\"https:\/\/centcols.org\/#organization\",\"name\":\"Club des Cent Cols\",\"url\":\"https:\/\/centcols.org\/\",\"logo\":{\"@type\":\"ImageObject\",\"inLanguage\":\"nl-BE\",\"@id\":\"https:\/\/centcols.org\/#\/schema\/logo\/image\/\",\"url\":\"https:\/\/centcols.org\/wp-content\/uploads\/2025\/01\/carte-icone.png\",\"contentUrl\":\"https:\/\/centcols.org\/wp-content\/uploads\/2025\/01\/carte-icone.png\",\"width\":250,\"height\":250,\"caption\":\"Club des Cent Cols\"},\"image\":{\"@id\":\"https:\/\/centcols.org\/#\/schema\/logo\/image\/\"},\"sameAs\":[\"https:\/\/www.facebook.com\/groups\/5261880558\/?locale=fr_FR\"]},{\"@type\":\"Person\",\"@id\":\"https:\/\/centcols.org\/#\/schema\/person\/911b404fb133d8c913dd27cdcf71c8e5\",\"name\":\"Webmestre\",\"image\":{\"@type\":\"ImageObject\",\"inLanguage\":\"nl-BE\",\"@id\":\"https:\/\/centcols.org\/wp-content\/litespeed\/avatar\/2d246e4b6b4f773e08515e1ffc53690b.jpg?ver=1777222892\",\"url\":\"https:\/\/centcols.org\/wp-content\/litespeed\/avatar\/2d246e4b6b4f773e08515e1ffc53690b.jpg?ver=1777222892\",\"contentUrl\":\"https:\/\/centcols.org\/wp-content\/litespeed\/avatar\/2d246e4b6b4f773e08515e1ffc53690b.jpg?ver=1777222892\",\"caption\":\"Webmestre\"},\"url\":\"https:\/\/centcols.org\/nl\/author\/webmestre\/\"}]}<\/script>\n<!-- \/ Yoast SEO plugin. -->","yoast_head_json":{"title":"Zomervakantie in Vassieux-en-Vercors (Dr\u00f4me) van 16 tot 24 juli 2016 - Club des Cent Cols","robots":{"index":"index","follow":"follow","max-snippet":"max-snippet:-1","max-image-preview":"max-image-preview:large","max-video-preview":"max-video-preview:-1"},"canonical":"https:\/\/centcols.org\/nl\/verblijf-2016-vassieux\/","og_locale":"nl_BE","og_type":"article","og_title":"S\u00e9jour estival \u00e0 Vassieux-en-Vercors (Dr\u00f4me) du 16 au 24 juillet 2016 - Club des Cent Cols","og_description":"Pr\u00e9sentation Le s\u00e9jour d&rsquo;\u00e9t\u00e9 2016 se d\u00e9roulera du 16 au 24 juillet au Piroulet sur la commune de Vassieux-en-Vercors. Les photos de cette page (paysages, faune, flore) ont \u00e9t\u00e9 essentiellement fournies par Mich\u00e8le Sassoulas. Pr\u00e9sentation de la r\u00e9gion Le Vercors est un massif des Pr\u00e9alpes situ\u00e9 dans le sud-est de la France, \u00e0 cheval entre [&hellip;]","og_url":"https:\/\/centcols.org\/nl\/verblijf-2016-vassieux\/","og_site_name":"Club des Cent Cols","article_publisher":"https:\/\/www.facebook.com\/groups\/5261880558\/?locale=fr_FR","article_published_time":"2016-05-04T09:18:45+00:00","article_modified_time":"2025-09-01T16:06:16+00:00","og_image":[{"width":1024,"height":768,"url":"https:\/\/centcols.org\/wp-content\/uploads\/2016\/05\/villagevassieux1.jpg","type":"image\/jpeg"}],"author":"Webmestre","twitter_card":"summary_large_image","twitter_misc":{"Geschreven door":"Webmestre","Geschatte leestijd":"18 minuten"},"schema":{"@context":"https:\/\/schema.org","@graph":[{"@type":"Article","@id":"https:\/\/centcols.org\/sejour-2016-vassieux\/#article","isPartOf":{"@id":"https:\/\/centcols.org\/sejour-2016-vassieux\/"},"author":{"name":"Webmestre","@id":"https:\/\/centcols.org\/#\/schema\/person\/911b404fb133d8c913dd27cdcf71c8e5"},"headline":"S\u00e9jour estival \u00e0 Vassieux-en-Vercors (Dr\u00f4me) du 16 au 24 juillet 2016","datePublished":"2016-05-04T09:18:45+00:00","dateModified":"2025-09-01T16:06:16+00:00","mainEntityOfPage":{"@id":"https:\/\/centcols.org\/sejour-2016-vassieux\/"},"wordCount":2479,"publisher":{"@id":"https:\/\/centcols.org\/#organization"},"image":{"@id":"https:\/\/centcols.org\/sejour-2016-vassieux\/#primaryimage"},"thumbnailUrl":"https:\/\/centcols.org\/wp-content\/uploads\/2016\/05\/villagevassieux1.jpg","articleSection":["Auvergne-Rh\u00f4ne-Alpes","Alpes fran\u00e7aises du Nord","France","Vercors","26-Dr\u00f4me","Calendrier","S\u00e9jours du Club des Cent Cols"],"inLanguage":"nl-BE"},{"@type":"WebPage","@id":"https:\/\/centcols.org\/sejour-2016-vassieux\/","url":"https:\/\/centcols.org\/sejour-2016-vassieux\/","name":"Zomervakantie in Vassieux-en-Vercors (Dr\u00f4me) van 16 tot 24 juli 2016 - Club des Cent Cols","isPartOf":{"@id":"https:\/\/centcols.org\/#website"},"primaryImageOfPage":{"@id":"https:\/\/centcols.org\/sejour-2016-vassieux\/#primaryimage"},"image":{"@id":"https:\/\/centcols.org\/sejour-2016-vassieux\/#primaryimage"},"thumbnailUrl":"https:\/\/centcols.org\/wp-content\/uploads\/2016\/05\/villagevassieux1.jpg","datePublished":"2016-05-04T09:18:45+00:00","dateModified":"2025-09-01T16:06:16+00:00","breadcrumb":{"@id":"https:\/\/centcols.org\/sejour-2016-vassieux\/#breadcrumb"},"inLanguage":"nl-BE","potentialAction":[{"@type":"ReadAction","target":["https:\/\/centcols.org\/sejour-2016-vassieux\/"]}]},{"@type":"ImageObject","inLanguage":"nl-BE","@id":"https:\/\/centcols.org\/sejour-2016-vassieux\/#primaryimage","url":"https:\/\/centcols.org\/wp-content\/uploads\/2016\/05\/villagevassieux1.jpg","contentUrl":"https:\/\/centcols.org\/wp-content\/uploads\/2016\/05\/villagevassieux1.jpg","width":1024,"height":768},{"@type":"BreadcrumbList","@id":"https:\/\/centcols.org\/sejour-2016-vassieux\/#breadcrumb","itemListElement":[{"@type":"ListItem","position":1,"name":"Accueil","item":"https:\/\/centcols.org\/"},{"@type":"ListItem","position":2,"name":"S\u00e9jours du Club des Cent Cols","item":"https:\/\/centcols.org\/rubrique\/sejours\/"},{"@type":"ListItem","position":3,"name":"Pays","item":"https:\/\/centcols.org\/rubrique\/sejours\/pays-sejours\/"},{"@type":"ListItem","position":4,"name":"France","item":"https:\/\/centcols.org\/rubrique\/sejours\/pays-sejours\/france-pays-sejours\/"},{"@type":"ListItem","position":5,"name":"S\u00e9jour estival \u00e0 Vassieux-en-Vercors (Dr\u00f4me) du 16 au 24 juillet 2016"}]},{"@type":"WebSite","@id":"https:\/\/centcols.org\/#website","url":"https:\/\/centcols.org\/","name":"Club van Cent Cols","description":"","publisher":{"@id":"https:\/\/centcols.org\/#organization"},"potentialAction":[{"@type":"SearchAction","target":{"@type":"EntryPoint","urlTemplate":"https:\/\/centcols.org\/?s={search_term_string}"},"query-input":{"@type":"PropertyValueSpecification","valueRequired":true,"valueName":"search_term_string"}}],"inLanguage":"nl-BE"},{"@type":"Organization","@id":"https:\/\/centcols.org\/#organization","name":"Club van Cent Cols","url":"https:\/\/centcols.org\/","logo":{"@type":"ImageObject","inLanguage":"nl-BE","@id":"https:\/\/centcols.org\/#\/schema\/logo\/image\/","url":"https:\/\/centcols.org\/wp-content\/uploads\/2025\/01\/carte-icone.png","contentUrl":"https:\/\/centcols.org\/wp-content\/uploads\/2025\/01\/carte-icone.png","width":250,"height":250,"caption":"Club des Cent Cols"},"image":{"@id":"https:\/\/centcols.org\/#\/schema\/logo\/image\/"},"sameAs":["https:\/\/www.facebook.com\/groups\/5261880558\/?locale=fr_FR"]},{"@type":"Person","@id":"https:\/\/centcols.org\/#\/schema\/person\/911b404fb133d8c913dd27cdcf71c8e5","name":"Webmaster","image":{"@type":"ImageObject","inLanguage":"nl-BE","@id":"https:\/\/centcols.org\/wp-content\/litespeed\/avatar\/2d246e4b6b4f773e08515e1ffc53690b.jpg?ver=1777222892","url":"https:\/\/centcols.org\/wp-content\/litespeed\/avatar\/2d246e4b6b4f773e08515e1ffc53690b.jpg?ver=1777222892","contentUrl":"https:\/\/centcols.org\/wp-content\/litespeed\/avatar\/2d246e4b6b4f773e08515e1ffc53690b.jpg?ver=1777222892","caption":"Webmestre"},"url":"https:\/\/centcols.org\/nl\/author\/webmestre\/"}]}},"_links":{"self":[{"href":"https:\/\/centcols.org\/nl\/wp-json\/wp\/v2\/posts\/81768","targetHints":{"allow":["GET"]}}],"collection":[{"href":"https:\/\/centcols.org\/nl\/wp-json\/wp\/v2\/posts"}],"about":[{"href":"https:\/\/centcols.org\/nl\/wp-json\/wp\/v2\/types\/post"}],"author":[{"embeddable":true,"href":"https:\/\/centcols.org\/nl\/wp-json\/wp\/v2\/users\/3"}],"replies":[{"embeddable":true,"href":"https:\/\/centcols.org\/nl\/wp-json\/wp\/v2\/comments?post=81768"}],"version-history":[{"count":0,"href":"https:\/\/centcols.org\/nl\/wp-json\/wp\/v2\/posts\/81768\/revisions"}],"wp:featuredmedia":[{"embeddable":true,"href":"https:\/\/centcols.org\/nl\/wp-json\/wp\/v2\/media\/82964"}],"wp:attachment":[{"href":"https:\/\/centcols.org\/nl\/wp-json\/wp\/v2\/media?parent=81768"}],"wp:term":[{"taxonomy":"category","embeddable":true,"href":"https:\/\/centcols.org\/nl\/wp-json\/wp\/v2\/categories?post=81768"},{"taxonomy":"post_tag","embeddable":true,"href":"https:\/\/centcols.org\/nl\/wp-json\/wp\/v2\/tags?post=81768"}],"curies":[{"name":"wp","href":"https:\/\/api.w.org\/{rel}","templated":true}]}}