{"id":81813,"date":"2016-02-03T18:00:15","date_gmt":"2016-02-03T16:00:15","guid":{"rendered":"https:\/\/centcols.org\/concentration-regionale-massif-central-est-au-col-de-favardy-le-25-septembre-2016\/"},"modified":"2025-09-15T03:01:01","modified_gmt":"2025-09-15T01:01:01","slug":"regionale-bijeenkomst-massif-central-est-op-col-de-favardy-op-25-september-2016","status":"publish","type":"post","link":"https:\/\/centcols.org\/nl\/concentration-regionale-massif-central-est-au-col-de-favardy-le-25-septembre-2016\/","title":{"rendered":"Regionale bijeenkomst Massif Central Est op 25 september 2016 op Col de Favardy"},"content":{"rendered":"\n<p>Dimanche 25 septembre 2016, Massif Central est<br>Col de Favardy, 856 m (Rh\u00f4ne)<\/p>\n\n\n\n<p>Accueil au col \u00e0 partir de 11 h pour partager le pain et le fromage dans la tradition du Club des Cent Cols<\/p>\n\n\n\n<p>Le col de Favardy (856 m) se situe dans le Haut Beaujolais particuli\u00e8rement riche en cols non loin des d\u00e9partements du Rh\u00f4ne, Loire, Sa\u00f4ne et Loire et est l\u2019un des 3 plus \u00e9lev\u00e9s du d\u00e9partement du Rh\u00f4ne.<br>Les cols environnants sont tous routiers , un seul col muletier \u00e0 proximit\u00e9 du parcours (col de la Croix de l\u2019Allier 812 m) peut se rejoindre par une piste R1.<br>Le d\u00e9partement du Rh\u00f4ne ne comptant que 10 cols muletiers (et encore certains ne sont pas rev\u00eatus que sur quelques centaines de m\u00e8tres) il n\u2019est donc pas utile de se munir d\u2019un VTT<\/p>\n\n\n\n<h3 class=\"wp-block-heading\">Parcours propos\u00e9s au d\u00e9part de Lamure-sur-Azergues,&nbsp;(multiples autres possibilit\u00e9s)<\/h3>\n\n\n\n<h4 class=\"wp-block-heading\">Possibilit\u00e9 d&rsquo;un d\u00e9part group\u00e9, RV \u00e0 9 h<\/h4>\n\n\n\n<p><strong>PARCOURS OUEST<br><\/strong> 72.5 km, 1366 m de d\u00e9nivel\u00e9 (68km au col de Favardy) :<br>7 cols (possibilit\u00e9 de rajouter 3 cols depuis Ranchal + 13 km AR)<br>D\u00e9part parking de la gare de Lamure-sur-Azergues<br><a href=\"http:\/\/www.openrunner.com\/index.php?id=5909152\" target=\"_blank\" rel=\"noopener\">http:\/\/www.openrunner.com\/index.php?id=5909152<\/a><\/p>\n\n\n\n<p><strong>PARCOURS EST<br><\/strong>60 km, 1271 m se d\u00e9nivel\u00e9 (55 au col de Favardy)<br>D\u00e9part parking de Lamure-sur-Azergues<br>11 cols (possibilit\u00e9 d&rsquo;aller au col de la Croix de l&rsquo;Allier depuis le col de Casse Froide)<br><a href=\"http:\/\/www.openrunner.com\/index.php?id=5915661\" target=\"_blank\" rel=\"noopener\">http:\/\/www.openrunner.com\/index.php?id=5915661<br><\/a><\/p>\n\n\n\n<p><strong><span lang=\"FR\">PARCOURS NORD<br><\/span><\/strong><span lang=\"FR\">65 km, 1316 m de d\u00e9nivel\u00e9<br><\/span>8 cols (+ Col de la Serve 4 km AR depuis le col de Crie)<br>D\u00e9part du col des Echarmeaux<br><a href=\"http:\/\/www.openrunner.com\/index.php?id=5920846\" target=\"_blank\" rel=\"noopener\">http:\/\/www.openrunner.com\/index.php?id=5920846<\/a><\/p>\n\n\n\n<figure class=\"wp-block-image size-full\"><img loading=\"lazy\" decoding=\"async\" width=\"743\" height=\"585\" src=\"https:\/\/centcols.org\/wp-content\/uploads\/2025\/05\/favardy.jpg\" alt=\"\" class=\"wp-image-81814\"\/><\/figure>\n\n\n\n<h3 class=\"wp-block-heading\">Contact<\/h3>\n\n\n\n<p>Philippe Chazottier<br>33 avenue des Alpes<br>69510 MESSIMY<br>04 78 45 15 12 &#8211;&nbsp;06 12 51 32 55<br>[email]&#x70;&#x63;&#x68;&#97;&#122;ot&#x74;&#x69;&#x65;&#114;&#64;wa&#x6e;&#x61;&#x64;&#111;&#111;&#46;f&#x72;[\/email]<\/p>\n","protected":false},"excerpt":{"rendered":"<p>Dimanche 25 septembre 2016, Massif Central estCol de Favardy, 856 m (Rh\u00f4ne) Accueil au col \u00e0 partir de 11 h pour partager le pain et le fromage dans la tradition du Club des Cent Cols Le col de Favardy (856 m) se situe dans le Haut Beaujolais particuli\u00e8rement riche en cols non loin des d\u00e9partements [&hellip;]<\/p>\n","protected":false},"author":136,"featured_media":81814,"comment_status":"closed","ping_status":"open","sticky":false,"template":"","format":"standard","meta":{"_acf_changed":false,"footnotes":""},"categories":[135,270,216],"tags":[],"class_list":["post-81813","post","type-post","status-publish","format-standard","has-post-thumbnail","hentry","category-calendrier","category-les-rassemblements-de-2016","category-rencontres-regionales"],"acf":[],"yoast_head":"<!-- This site is optimized with the Yoast SEO plugin v27.2 - https:\/\/yoast.com\/product\/yoast-seo-wordpress\/ -->\n<title>Concentration r\u00e9gionale Massif Central Est au col de Favardy le 25 septembre 2016 - Club des Cent Cols<\/title>\n<meta name=\"robots\" content=\"index, follow, max-snippet:-1, max-image-preview:large, max-video-preview:-1\" \/>\n<link rel=\"canonical\" href=\"https:\/\/centcols.org\/nl\/regionale-bijeenkomst-massif-central-est-op-col-de-favardy-op-25-september-2016\/\" \/>\n<meta property=\"og:locale\" content=\"nl_BE\" \/>\n<meta property=\"og:type\" content=\"article\" \/>\n<meta property=\"og:title\" content=\"Concentration r\u00e9gionale Massif Central Est au col de Favardy le 25 septembre 2016 - Club des Cent Cols\" \/>\n<meta property=\"og:description\" content=\"Dimanche 25 septembre 2016, Massif Central estCol de Favardy, 856 m (Rh\u00f4ne) Accueil au col \u00e0 partir de 11 h pour partager le pain et le fromage dans la tradition du Club des Cent Cols Le col de Favardy (856 m) se situe dans le Haut Beaujolais particuli\u00e8rement riche en cols non loin des d\u00e9partements [&hellip;]\" \/>\n<meta property=\"og:url\" content=\"https:\/\/centcols.org\/nl\/regionale-bijeenkomst-massif-central-est-op-col-de-favardy-op-25-september-2016\/\" \/>\n<meta property=\"og:site_name\" content=\"Club des Cent Cols\" \/>\n<meta property=\"article:publisher\" content=\"https:\/\/www.facebook.com\/groups\/5261880558\/?locale=fr_FR\" \/>\n<meta property=\"article:published_time\" content=\"2016-02-03T16:00:15+00:00\" \/>\n<meta property=\"article:modified_time\" content=\"2025-09-15T01:01:01+00:00\" \/>\n<meta property=\"og:image\" content=\"https:\/\/centcols.org\/wp-content\/uploads\/2025\/05\/favardy.jpg\" \/>\n\t<meta property=\"og:image:width\" content=\"743\" \/>\n\t<meta property=\"og:image:height\" content=\"585\" \/>\n\t<meta property=\"og:image:type\" content=\"image\/jpeg\" \/>\n<meta name=\"author\" content=\"Guy Harl\u00e9\" \/>\n<meta name=\"twitter:card\" content=\"summary_large_image\" \/>\n<meta name=\"twitter:label1\" content=\"Geschreven door\" \/>\n\t<meta name=\"twitter:data1\" content=\"Guy Harl\u00e9\" \/>\n\t<meta name=\"twitter:label2\" content=\"Geschatte leestijd\" \/>\n\t<meta name=\"twitter:data2\" content=\"2 minuten\" \/>\n<script type=\"application\/ld+json\" class=\"yoast-schema-graph\">{\"@context\":\"https:\/\/schema.org\",\"@graph\":[{\"@type\":\"Article\",\"@id\":\"https:\/\/centcols.org\/concentration-regionale-massif-central-est-au-col-de-favardy-le-25-septembre-2016\/#article\",\"isPartOf\":{\"@id\":\"https:\/\/centcols.org\/concentration-regionale-massif-central-est-au-col-de-favardy-le-25-septembre-2016\/\"},\"author\":{\"name\":\"Guy Harl\u00e9\",\"@id\":\"https:\/\/centcols.org\/#\/schema\/person\/377f00da2793c0363246869bb3a344d0\"},\"headline\":\"Concentration r\u00e9gionale Massif Central Est au col de Favardy le 25 septembre 2016\",\"datePublished\":\"2016-02-03T16:00:15+00:00\",\"dateModified\":\"2025-09-15T01:01:01+00:00\",\"mainEntityOfPage\":{\"@id\":\"https:\/\/centcols.org\/concentration-regionale-massif-central-est-au-col-de-favardy-le-25-septembre-2016\/\"},\"wordCount\":296,\"publisher\":{\"@id\":\"https:\/\/centcols.org\/#organization\"},\"image\":{\"@id\":\"https:\/\/centcols.org\/concentration-regionale-massif-central-est-au-col-de-favardy-le-25-septembre-2016\/#primaryimage\"},\"thumbnailUrl\":\"https:\/\/centcols.org\/wp-content\/uploads\/2025\/05\/favardy.jpg\",\"articleSection\":[\"Calendrier\",\"2016-rassemblements\",\"Rencontres r\u00e9gionales\"],\"inLanguage\":\"nl-BE\"},{\"@type\":\"WebPage\",\"@id\":\"https:\/\/centcols.org\/concentration-regionale-massif-central-est-au-col-de-favardy-le-25-septembre-2016\/\",\"url\":\"https:\/\/centcols.org\/concentration-regionale-massif-central-est-au-col-de-favardy-le-25-septembre-2016\/\",\"name\":\"Concentration r\u00e9gionale Massif Central Est au col de Favardy le 25 septembre 2016 - Club des Cent Cols\",\"isPartOf\":{\"@id\":\"https:\/\/centcols.org\/#website\"},\"primaryImageOfPage\":{\"@id\":\"https:\/\/centcols.org\/concentration-regionale-massif-central-est-au-col-de-favardy-le-25-septembre-2016\/#primaryimage\"},\"image\":{\"@id\":\"https:\/\/centcols.org\/concentration-regionale-massif-central-est-au-col-de-favardy-le-25-septembre-2016\/#primaryimage\"},\"thumbnailUrl\":\"https:\/\/centcols.org\/wp-content\/uploads\/2025\/05\/favardy.jpg\",\"datePublished\":\"2016-02-03T16:00:15+00:00\",\"dateModified\":\"2025-09-15T01:01:01+00:00\",\"breadcrumb\":{\"@id\":\"https:\/\/centcols.org\/concentration-regionale-massif-central-est-au-col-de-favardy-le-25-septembre-2016\/#breadcrumb\"},\"inLanguage\":\"nl-BE\",\"potentialAction\":[{\"@type\":\"ReadAction\",\"target\":[\"https:\/\/centcols.org\/concentration-regionale-massif-central-est-au-col-de-favardy-le-25-septembre-2016\/\"]}]},{\"@type\":\"ImageObject\",\"inLanguage\":\"nl-BE\",\"@id\":\"https:\/\/centcols.org\/concentration-regionale-massif-central-est-au-col-de-favardy-le-25-septembre-2016\/#primaryimage\",\"url\":\"https:\/\/centcols.org\/wp-content\/uploads\/2025\/05\/favardy.jpg\",\"contentUrl\":\"https:\/\/centcols.org\/wp-content\/uploads\/2025\/05\/favardy.jpg\",\"width\":743,\"height\":585},{\"@type\":\"BreadcrumbList\",\"@id\":\"https:\/\/centcols.org\/concentration-regionale-massif-central-est-au-col-de-favardy-le-25-septembre-2016\/#breadcrumb\",\"itemListElement\":[{\"@type\":\"ListItem\",\"position\":1,\"name\":\"Accueil\",\"item\":\"https:\/\/centcols.org\/\"},{\"@type\":\"ListItem\",\"position\":2,\"name\":\"Calendrier\",\"item\":\"https:\/\/centcols.org\/rubrique\/calendrier\/\"},{\"@type\":\"ListItem\",\"position\":3,\"name\":\"Concentration r\u00e9gionale Massif Central Est au col de Favardy le 25 septembre 2016\"}]},{\"@type\":\"WebSite\",\"@id\":\"https:\/\/centcols.org\/#website\",\"url\":\"https:\/\/centcols.org\/\",\"name\":\"Club des Cent Cols\",\"description\":\"\",\"publisher\":{\"@id\":\"https:\/\/centcols.org\/#organization\"},\"potentialAction\":[{\"@type\":\"SearchAction\",\"target\":{\"@type\":\"EntryPoint\",\"urlTemplate\":\"https:\/\/centcols.org\/?s={search_term_string}\"},\"query-input\":{\"@type\":\"PropertyValueSpecification\",\"valueRequired\":true,\"valueName\":\"search_term_string\"}}],\"inLanguage\":\"nl-BE\"},{\"@type\":\"Organization\",\"@id\":\"https:\/\/centcols.org\/#organization\",\"name\":\"Club des Cent Cols\",\"url\":\"https:\/\/centcols.org\/\",\"logo\":{\"@type\":\"ImageObject\",\"inLanguage\":\"nl-BE\",\"@id\":\"https:\/\/centcols.org\/#\/schema\/logo\/image\/\",\"url\":\"https:\/\/centcols.org\/wp-content\/uploads\/2025\/01\/carte-icone.png\",\"contentUrl\":\"https:\/\/centcols.org\/wp-content\/uploads\/2025\/01\/carte-icone.png\",\"width\":250,\"height\":250,\"caption\":\"Club des Cent Cols\"},\"image\":{\"@id\":\"https:\/\/centcols.org\/#\/schema\/logo\/image\/\"},\"sameAs\":[\"https:\/\/www.facebook.com\/groups\/5261880558\/?locale=fr_FR\"]},{\"@type\":\"Person\",\"@id\":\"https:\/\/centcols.org\/#\/schema\/person\/377f00da2793c0363246869bb3a344d0\",\"name\":\"Guy Harl\u00e9\",\"image\":{\"@type\":\"ImageObject\",\"inLanguage\":\"nl-BE\",\"@id\":\"https:\/\/centcols.org\/wp-content\/litespeed\/avatar\/94c4de37e46cf090f296d42ab3e8d6a6.jpg?ver=1777238144\",\"url\":\"https:\/\/centcols.org\/wp-content\/litespeed\/avatar\/94c4de37e46cf090f296d42ab3e8d6a6.jpg?ver=1777238144\",\"contentUrl\":\"https:\/\/centcols.org\/wp-content\/litespeed\/avatar\/94c4de37e46cf090f296d42ab3e8d6a6.jpg?ver=1777238144\",\"caption\":\"Guy Harl\u00e9\"},\"url\":\"https:\/\/centcols.org\/nl\/author\/5193\/\"}]}<\/script>\n<!-- \/ Yoast SEO plugin. -->","yoast_head_json":{"title":"Regionale bijeenkomst Massif Central Est op Col de Favardy op 25 september 2016 - Club des Cent Cols","robots":{"index":"index","follow":"follow","max-snippet":"max-snippet:-1","max-image-preview":"max-image-preview:large","max-video-preview":"max-video-preview:-1"},"canonical":"https:\/\/centcols.org\/nl\/regionale-bijeenkomst-massif-central-est-op-col-de-favardy-op-25-september-2016\/","og_locale":"nl_BE","og_type":"article","og_title":"Concentration r\u00e9gionale Massif Central Est au col de Favardy le 25 septembre 2016 - Club des Cent Cols","og_description":"Dimanche 25 septembre 2016, Massif Central estCol de Favardy, 856 m (Rh\u00f4ne) Accueil au col \u00e0 partir de 11 h pour partager le pain et le fromage dans la tradition du Club des Cent Cols Le col de Favardy (856 m) se situe dans le Haut Beaujolais particuli\u00e8rement riche en cols non loin des d\u00e9partements [&hellip;]","og_url":"https:\/\/centcols.org\/nl\/regionale-bijeenkomst-massif-central-est-op-col-de-favardy-op-25-september-2016\/","og_site_name":"Club des Cent Cols","article_publisher":"https:\/\/www.facebook.com\/groups\/5261880558\/?locale=fr_FR","article_published_time":"2016-02-03T16:00:15+00:00","article_modified_time":"2025-09-15T01:01:01+00:00","og_image":[{"width":743,"height":585,"url":"https:\/\/centcols.org\/wp-content\/uploads\/2025\/05\/favardy.jpg","type":"image\/jpeg"}],"author":"Guy Harl\u00e9","twitter_card":"summary_large_image","twitter_misc":{"Geschreven door":"Guy Harl\u00e9","Geschatte leestijd":"2 minuten"},"schema":{"@context":"https:\/\/schema.org","@graph":[{"@type":"Article","@id":"https:\/\/centcols.org\/concentration-regionale-massif-central-est-au-col-de-favardy-le-25-septembre-2016\/#article","isPartOf":{"@id":"https:\/\/centcols.org\/concentration-regionale-massif-central-est-au-col-de-favardy-le-25-septembre-2016\/"},"author":{"name":"Guy Harl\u00e9","@id":"https:\/\/centcols.org\/#\/schema\/person\/377f00da2793c0363246869bb3a344d0"},"headline":"Concentration r\u00e9gionale Massif Central Est au col de Favardy le 25 septembre 2016","datePublished":"2016-02-03T16:00:15+00:00","dateModified":"2025-09-15T01:01:01+00:00","mainEntityOfPage":{"@id":"https:\/\/centcols.org\/concentration-regionale-massif-central-est-au-col-de-favardy-le-25-septembre-2016\/"},"wordCount":296,"publisher":{"@id":"https:\/\/centcols.org\/#organization"},"image":{"@id":"https:\/\/centcols.org\/concentration-regionale-massif-central-est-au-col-de-favardy-le-25-septembre-2016\/#primaryimage"},"thumbnailUrl":"https:\/\/centcols.org\/wp-content\/uploads\/2025\/05\/favardy.jpg","articleSection":["Calendrier","2016-rassemblements","Rencontres r\u00e9gionales"],"inLanguage":"nl-BE"},{"@type":"WebPage","@id":"https:\/\/centcols.org\/concentration-regionale-massif-central-est-au-col-de-favardy-le-25-septembre-2016\/","url":"https:\/\/centcols.org\/concentration-regionale-massif-central-est-au-col-de-favardy-le-25-septembre-2016\/","name":"Regionale bijeenkomst Massif Central Est op Col de Favardy op 25 september 2016 - Club des Cent Cols","isPartOf":{"@id":"https:\/\/centcols.org\/#website"},"primaryImageOfPage":{"@id":"https:\/\/centcols.org\/concentration-regionale-massif-central-est-au-col-de-favardy-le-25-septembre-2016\/#primaryimage"},"image":{"@id":"https:\/\/centcols.org\/concentration-regionale-massif-central-est-au-col-de-favardy-le-25-septembre-2016\/#primaryimage"},"thumbnailUrl":"https:\/\/centcols.org\/wp-content\/uploads\/2025\/05\/favardy.jpg","datePublished":"2016-02-03T16:00:15+00:00","dateModified":"2025-09-15T01:01:01+00:00","breadcrumb":{"@id":"https:\/\/centcols.org\/concentration-regionale-massif-central-est-au-col-de-favardy-le-25-septembre-2016\/#breadcrumb"},"inLanguage":"nl-BE","potentialAction":[{"@type":"ReadAction","target":["https:\/\/centcols.org\/concentration-regionale-massif-central-est-au-col-de-favardy-le-25-septembre-2016\/"]}]},{"@type":"ImageObject","inLanguage":"nl-BE","@id":"https:\/\/centcols.org\/concentration-regionale-massif-central-est-au-col-de-favardy-le-25-septembre-2016\/#primaryimage","url":"https:\/\/centcols.org\/wp-content\/uploads\/2025\/05\/favardy.jpg","contentUrl":"https:\/\/centcols.org\/wp-content\/uploads\/2025\/05\/favardy.jpg","width":743,"height":585},{"@type":"BreadcrumbList","@id":"https:\/\/centcols.org\/concentration-regionale-massif-central-est-au-col-de-favardy-le-25-septembre-2016\/#breadcrumb","itemListElement":[{"@type":"ListItem","position":1,"name":"Accueil","item":"https:\/\/centcols.org\/"},{"@type":"ListItem","position":2,"name":"Calendrier","item":"https:\/\/centcols.org\/rubrique\/calendrier\/"},{"@type":"ListItem","position":3,"name":"Concentration r\u00e9gionale Massif Central Est au col de Favardy le 25 septembre 2016"}]},{"@type":"WebSite","@id":"https:\/\/centcols.org\/#website","url":"https:\/\/centcols.org\/","name":"Club van Cent Cols","description":"","publisher":{"@id":"https:\/\/centcols.org\/#organization"},"potentialAction":[{"@type":"SearchAction","target":{"@type":"EntryPoint","urlTemplate":"https:\/\/centcols.org\/?s={search_term_string}"},"query-input":{"@type":"PropertyValueSpecification","valueRequired":true,"valueName":"search_term_string"}}],"inLanguage":"nl-BE"},{"@type":"Organization","@id":"https:\/\/centcols.org\/#organization","name":"Club van Cent Cols","url":"https:\/\/centcols.org\/","logo":{"@type":"ImageObject","inLanguage":"nl-BE","@id":"https:\/\/centcols.org\/#\/schema\/logo\/image\/","url":"https:\/\/centcols.org\/wp-content\/uploads\/2025\/01\/carte-icone.png","contentUrl":"https:\/\/centcols.org\/wp-content\/uploads\/2025\/01\/carte-icone.png","width":250,"height":250,"caption":"Club des Cent Cols"},"image":{"@id":"https:\/\/centcols.org\/#\/schema\/logo\/image\/"},"sameAs":["https:\/\/www.facebook.com\/groups\/5261880558\/?locale=fr_FR"]},{"@type":"Person","@id":"https:\/\/centcols.org\/#\/schema\/person\/377f00da2793c0363246869bb3a344d0","name":"Guy Harl\u00e9","image":{"@type":"ImageObject","inLanguage":"nl-BE","@id":"https:\/\/centcols.org\/wp-content\/litespeed\/avatar\/94c4de37e46cf090f296d42ab3e8d6a6.jpg?ver=1777238144","url":"https:\/\/centcols.org\/wp-content\/litespeed\/avatar\/94c4de37e46cf090f296d42ab3e8d6a6.jpg?ver=1777238144","contentUrl":"https:\/\/centcols.org\/wp-content\/litespeed\/avatar\/94c4de37e46cf090f296d42ab3e8d6a6.jpg?ver=1777238144","caption":"Guy Harl\u00e9"},"url":"https:\/\/centcols.org\/nl\/author\/5193\/"}]}},"_links":{"self":[{"href":"https:\/\/centcols.org\/nl\/wp-json\/wp\/v2\/posts\/81813","targetHints":{"allow":["GET"]}}],"collection":[{"href":"https:\/\/centcols.org\/nl\/wp-json\/wp\/v2\/posts"}],"about":[{"href":"https:\/\/centcols.org\/nl\/wp-json\/wp\/v2\/types\/post"}],"author":[{"embeddable":true,"href":"https:\/\/centcols.org\/nl\/wp-json\/wp\/v2\/users\/136"}],"replies":[{"embeddable":true,"href":"https:\/\/centcols.org\/nl\/wp-json\/wp\/v2\/comments?post=81813"}],"version-history":[{"count":0,"href":"https:\/\/centcols.org\/nl\/wp-json\/wp\/v2\/posts\/81813\/revisions"}],"wp:featuredmedia":[{"embeddable":true,"href":"https:\/\/centcols.org\/nl\/wp-json\/wp\/v2\/media\/81814"}],"wp:attachment":[{"href":"https:\/\/centcols.org\/nl\/wp-json\/wp\/v2\/media?parent=81813"}],"wp:term":[{"taxonomy":"category","embeddable":true,"href":"https:\/\/centcols.org\/nl\/wp-json\/wp\/v2\/categories?post=81813"},{"taxonomy":"post_tag","embeddable":true,"href":"https:\/\/centcols.org\/nl\/wp-json\/wp\/v2\/tags?post=81813"}],"curies":[{"name":"wp","href":"https:\/\/api.w.org\/{rel}","templated":true}]}}