{"id":81857,"date":"2016-10-05T18:55:20","date_gmt":"2016-10-05T16:55:20","guid":{"rendered":"https:\/\/centcols.org\/sejour-de-printemps-a-ceriale-en-ligurie-italie-du-8-au-15-mai-2017\/"},"modified":"2025-09-01T17:40:50","modified_gmt":"2025-09-01T15:40:50","slug":"verblijf-2017-ceriale","status":"publish","type":"post","link":"https:\/\/centcols.org\/nl\/sejour-2017-ceriale\/","title":{"rendered":"Voorjaarsvakantie in Ceriale in Liguri\u00eb (Itali\u00eb) van 8 tot 15 mei 2017"},"content":{"rendered":"<p>De publicatie van de nieuwe Italiaanse bergpascatalogus in 2016 was de aanleiding voor een voorjaarsreis naar Itali\u00eb. Omwille van de nabijheid van clubleden en het klimaat werd gekozen voor Liguri\u00eb in plaats van Piemonte, dat toen nog besneeuwd was.<\/p>\n\n\n\n<p>De data van 8 tot 15 mei zijn ongebruikelijk vanwege de presidentsverkiezingen in Frankrijk en de paasvakantie in Itali\u00eb.<\/p>\n\n\n\n<h2 class=\"wp-block-heading\">Presentatie<\/h2>\n\n\n\n<p>Liguri\u00eb is een van de 20 regio's die samen de\u2019<em>Itali\u00eb<\/em>. Het is een strook land in de vorm van een kwart maan, ingeklemd tussen de Middellandse Zee en de Apennijnen.<\/p>\n\n\n\n<p>Het strekt zich uit tussen Menton en La Spezia (Ventimiglia, San Remo, Albenga, Savona, Genua, Portofino en La Spezia zijn de belangrijkste kustplaatsen). De gemeente Ceriale ligt tussen Sanremo en Savona, vlakbij de stad Albenga, waar de belangrijkste bloemenmarkt van Liguri\u00eb is.<\/p>\n\n\n\n<figure class=\"wp-block-gallery has-nested-images columns-3 is-cropped wp-block-gallery-1 is-layout-flex wp-block-gallery-is-layout-flex\">\n<figure class=\"wp-block-image size-full\"><a href=\"https:\/\/centcols.org\/wp-content\/uploads\/2016\/10\/Ligurie.png\"><img loading=\"lazy\" decoding=\"async\" width=\"800\" height=\"533\" data-id=\"88726\" src=\"https:\/\/centcols.org\/wp-content\/uploads\/2016\/10\/Ligurie.png\" alt=\"\" class=\"wp-image-88726\" srcset=\"https:\/\/centcols.org\/wp-content\/uploads\/2016\/10\/Ligurie.png 800w, https:\/\/centcols.org\/wp-content\/uploads\/2016\/10\/Ligurie-768x512.png 768w\" sizes=\"auto, (max-width: 800px) 100vw, 800px\" \/><\/a><\/figure>\n\n\n\n<figure class=\"wp-block-image size-full\"><a href=\"https:\/\/centcols.org\/wp-content\/uploads\/2016\/10\/Image1.jpg\"><img loading=\"lazy\" decoding=\"async\" width=\"677\" height=\"510\" data-id=\"88727\" src=\"https:\/\/centcols.org\/wp-content\/uploads\/2016\/10\/Image1.jpg\" alt=\"\" class=\"wp-image-88727\"\/><\/a><\/figure>\n\n\n\n<figure class=\"wp-block-image size-full\"><a href=\"https:\/\/centcols.org\/wp-content\/uploads\/2016\/10\/City_icon_Noun_Project.svg_-768x768-1.png\"><img loading=\"lazy\" decoding=\"async\" width=\"768\" height=\"768\" data-id=\"88728\" src=\"https:\/\/centcols.org\/wp-content\/uploads\/2016\/10\/City_icon_Noun_Project.svg_-768x768-1.png\" alt=\"\" class=\"wp-image-88728\" srcset=\"https:\/\/centcols.org\/wp-content\/uploads\/2016\/10\/City_icon_Noun_Project.svg_-768x768-1.png 768w, https:\/\/centcols.org\/wp-content\/uploads\/2016\/10\/City_icon_Noun_Project.svg_-768x768-1-150x150.png 150w\" sizes=\"auto, (max-width: 768px) 100vw, 768px\" \/><\/a><\/figure>\n<\/figure>\n\n\n\n<h2 class=\"wp-block-heading\"><a href=\"\/nl\/les_rendez-vous\/2017\/Ceriale\/geo\/\">Rondleidingen<\/a><\/h2>\n\n\n\n<p>Aangezien de tocht begin mei plaatsvindt, hebben de benen van de deelnemers al voldoende nuttige trainingstijd gehad. De valleien lopen loodrecht op de kust en hebben weinig met elkaar te maken, en de Apennijnen storten steil in zee, waardoor er aanzienlijke hoogteverschillen zijn. Zoals Velocio altijd zei: \u00abEr zijn geen verkeerde hellingen, alleen verkeerde versnellingsverhoudingen\u00bb. Door de configuratie van Liguri\u00eb is het niet mogelijk om stervormige routes aan te bieden. Er zullen dus verschillende uitstapjes worden gemaakt tussen de accommodatie en de startpunten van de routes. Dit is een gelegenheid om de Italiaanse Rivi\u00e8ra en de hierboven genoemde steden met een rijke geschiedenis te bezoeken.<\/p>\n\n\n\n<p>Er zullen 6 <a href=\"\/nl\/membres\/cctours\/tours.php\/?lieu=Ceriale&amp;an=2017&amp;genre=R\">wegen<\/a> met lange en korte varianten over 55 passen. Er is een extra route beschikbaar om de beroemde Poggio te beklimmen. Bezoek <a href=\"\/nl\/membres\/cctours\/tours.php\/?lieu=Ceriale&amp;an=2017&amp;genre=V\">muilezelpaden<\/a> zijn veel minder fysiek en technisch veeleisend dan die van Gilette. De 6 routes nemen je mee over 85 passen, waarvan sommige over voormalige militaire paden op de Frans-Italiaanse grens.<\/p>\n\n\n\n<h2 class=\"wp-block-heading\">Hosting<\/h2>\n\n\n\n<p>De belangrijkste accommodatie bevindt zich in het bungalowdorp \u00abIl Paese di Ciribi\u00bb in de gemeente Ceriale, dat bestaat uit 62 vrijstaande bungalows. (Via Asti 50, 17023 Ceriale SV, Itali\u00eb, +39 0182 992411). De bungalows zijn er in verschillende maten, met slaapplaatsen voor 3 tot 6 personen.  Leden kunnen de website bezoeken <a href=\"http:\/\/www.ciribi.it\/it\" target=\"_blank\" rel=\"noopener\">http:\/\/www.ciribi.it\/it<\/a> voor een virtuele rondleiding. Het is gelegen in een voormalige olijfgaard in de buurt van het waterpark Le Caravelle. We hebben volpensionprijzen onderhandeld op basis van 3 personen per bungalow, om een zekere mate van privacy te behouden en toch aan de vele verzoeken te kunnen voldoen.<\/p>\n\n\n\n<p>Voor wie met de caravan of camper wil reizen biedt de camping enkele plaatsen, maar het is beter om naar de nabijgelegen camping \u00abCamping Baciccia\u00bb te gaan (Via Torino 19, 17023 Ceriale SV, Itali\u00eb, +39 0182 990743). Deze ligt op minder dan 500 m van de hoofdaccommodatie en beschikt over 90 kampeerplaatsen, bungalows en stacaravans. De club verzorgt geen reserveringen, die moeten individueel en rechtstreeks bij de camping worden gedaan. Voor degenen die voor deze optie hebben gekozen, hebben we met de hoofdaccommodatie onderhandeld over de prijs van maaltijden en picknicks om de gezelligheid te bevorderen.<\/p>\n\n\n\n<p>G\u00e9rard Birelli, CC 5553<\/p>\n\n\n\n<p><a href=\"https:\/\/centcols.org\/wp-content\/uploads\/2025\/09\/Ceriale2017.pdf\">Download de brochure<\/a><\/p>\n\n\n\n<h2 class=\"wp-block-heading\">Registratie<\/h2>\n\n\n\n<p>Download het PDF registratieformulier en volg de instructies om je in te schrijven.<\/p>","protected":false},"excerpt":{"rendered":"<p>La publication du nouveau catalogue des cols d\u2019Italie en 2016 a \u00e9t\u00e9 \u00e0 l\u2019origine de la mise en \u0153uvre d\u2019un s\u00e9jour de printemps en Italie. Pour des raisons de proximit\u00e9 pour les adh\u00e9rents du club et de climat, la Ligurie a \u00e9t\u00e9 choisie plut\u00f4t que le Pi\u00e9mont encore enneig\u00e9 \u00e0 cette \u00e9poque. Les dates retenues [&hellip;]<\/p>\n","protected":false},"author":3,"featured_media":83259,"comment_status":"closed","ping_status":"open","sticky":false,"template":"","format":"standard","meta":{"_acf_changed":false,"footnotes":""},"categories":[358,135,357,416,231],"tags":[],"class_list":["post-81857","post","type-post","status-publish","format-standard","has-post-thumbnail","hentry","category-italie-pays-sejours","category-calendrier","category-ligurie","category-apennins-ligures","category-sejours"],"acf":[],"yoast_head":"<!-- This site is optimized with the Yoast SEO plugin v27.2 - https:\/\/yoast.com\/product\/yoast-seo-wordpress\/ -->\n<title>S\u00e9jour de printemps \u00e0 Ceriale en Ligurie (Italie) du 8 au 15 mai 2017 - Club des Cent Cols<\/title>\n<meta name=\"robots\" content=\"index, follow, max-snippet:-1, max-image-preview:large, max-video-preview:-1\" \/>\n<link rel=\"canonical\" href=\"https:\/\/centcols.org\/nl\/verblijf-2017-ceriale\/\" \/>\n<meta property=\"og:locale\" content=\"nl_BE\" \/>\n<meta property=\"og:type\" content=\"article\" \/>\n<meta property=\"og:title\" content=\"S\u00e9jour de printemps \u00e0 Ceriale en Ligurie (Italie) du 8 au 15 mai 2017 - Club des Cent Cols\" \/>\n<meta property=\"og:description\" content=\"La publication du nouveau catalogue des cols d\u2019Italie en 2016 a \u00e9t\u00e9 \u00e0 l\u2019origine de la mise en \u0153uvre d\u2019un s\u00e9jour de printemps en Italie. Pour des raisons de proximit\u00e9 pour les adh\u00e9rents du club et de climat, la Ligurie a \u00e9t\u00e9 choisie plut\u00f4t que le Pi\u00e9mont encore enneig\u00e9 \u00e0 cette \u00e9poque. Les dates retenues [&hellip;]\" \/>\n<meta property=\"og:url\" content=\"https:\/\/centcols.org\/nl\/verblijf-2017-ceriale\/\" \/>\n<meta property=\"og:site_name\" content=\"Club des Cent Cols\" \/>\n<meta property=\"article:publisher\" content=\"https:\/\/www.facebook.com\/groups\/5261880558\/?locale=fr_FR\" \/>\n<meta property=\"article:published_time\" content=\"2016-10-05T16:55:20+00:00\" \/>\n<meta property=\"article:modified_time\" content=\"2025-09-01T15:40:50+00:00\" \/>\n<meta property=\"og:image\" content=\"https:\/\/centcols.org\/wp-content\/uploads\/2016\/10\/Image11.jpg\" \/>\n\t<meta property=\"og:image:width\" content=\"677\" \/>\n\t<meta property=\"og:image:height\" content=\"510\" \/>\n\t<meta property=\"og:image:type\" content=\"image\/jpeg\" \/>\n<meta name=\"author\" content=\"Webmestre\" \/>\n<meta name=\"twitter:card\" content=\"summary_large_image\" \/>\n<meta name=\"twitter:label1\" content=\"Geschreven door\" \/>\n\t<meta name=\"twitter:data1\" content=\"Webmestre\" \/>\n\t<meta name=\"twitter:label2\" content=\"Geschatte leestijd\" \/>\n\t<meta name=\"twitter:data2\" content=\"4 minuten\" \/>\n<script type=\"application\/ld+json\" class=\"yoast-schema-graph\">{\"@context\":\"https:\/\/schema.org\",\"@graph\":[{\"@type\":\"Article\",\"@id\":\"https:\/\/centcols.org\/sejour-2017-ceriale\/#article\",\"isPartOf\":{\"@id\":\"https:\/\/centcols.org\/sejour-2017-ceriale\/\"},\"author\":{\"name\":\"Webmestre\",\"@id\":\"https:\/\/centcols.org\/#\/schema\/person\/911b404fb133d8c913dd27cdcf71c8e5\"},\"headline\":\"S\u00e9jour de printemps \u00e0 Ceriale en Ligurie (Italie) du 8 au 15 mai 2017\",\"datePublished\":\"2016-10-05T16:55:20+00:00\",\"dateModified\":\"2025-09-01T15:40:50+00:00\",\"mainEntityOfPage\":{\"@id\":\"https:\/\/centcols.org\/sejour-2017-ceriale\/\"},\"wordCount\":625,\"publisher\":{\"@id\":\"https:\/\/centcols.org\/#organization\"},\"image\":{\"@id\":\"https:\/\/centcols.org\/sejour-2017-ceriale\/#primaryimage\"},\"thumbnailUrl\":\"https:\/\/centcols.org\/wp-content\/uploads\/2016\/10\/Image11.jpg\",\"articleSection\":[\"Italie\",\"Calendrier\",\"Ligurie\",\"Apennins Ligures\",\"S\u00e9jours du Club des Cent Cols\"],\"inLanguage\":\"nl-BE\"},{\"@type\":\"WebPage\",\"@id\":\"https:\/\/centcols.org\/sejour-2017-ceriale\/\",\"url\":\"https:\/\/centcols.org\/sejour-2017-ceriale\/\",\"name\":\"S\u00e9jour de printemps \u00e0 Ceriale en Ligurie (Italie) du 8 au 15 mai 2017 - Club des Cent Cols\",\"isPartOf\":{\"@id\":\"https:\/\/centcols.org\/#website\"},\"primaryImageOfPage\":{\"@id\":\"https:\/\/centcols.org\/sejour-2017-ceriale\/#primaryimage\"},\"image\":{\"@id\":\"https:\/\/centcols.org\/sejour-2017-ceriale\/#primaryimage\"},\"thumbnailUrl\":\"https:\/\/centcols.org\/wp-content\/uploads\/2016\/10\/Image11.jpg\",\"datePublished\":\"2016-10-05T16:55:20+00:00\",\"dateModified\":\"2025-09-01T15:40:50+00:00\",\"breadcrumb\":{\"@id\":\"https:\/\/centcols.org\/sejour-2017-ceriale\/#breadcrumb\"},\"inLanguage\":\"nl-BE\",\"potentialAction\":[{\"@type\":\"ReadAction\",\"target\":[\"https:\/\/centcols.org\/sejour-2017-ceriale\/\"]}]},{\"@type\":\"ImageObject\",\"inLanguage\":\"nl-BE\",\"@id\":\"https:\/\/centcols.org\/sejour-2017-ceriale\/#primaryimage\",\"url\":\"https:\/\/centcols.org\/wp-content\/uploads\/2016\/10\/Image11.jpg\",\"contentUrl\":\"https:\/\/centcols.org\/wp-content\/uploads\/2016\/10\/Image11.jpg\",\"width\":677,\"height\":510},{\"@type\":\"BreadcrumbList\",\"@id\":\"https:\/\/centcols.org\/sejour-2017-ceriale\/#breadcrumb\",\"itemListElement\":[{\"@type\":\"ListItem\",\"position\":1,\"name\":\"Accueil\",\"item\":\"https:\/\/centcols.org\/\"},{\"@type\":\"ListItem\",\"position\":2,\"name\":\"S\u00e9jours du Club des Cent Cols\",\"item\":\"https:\/\/centcols.org\/rubrique\/sejours\/\"},{\"@type\":\"ListItem\",\"position\":3,\"name\":\"Pays\",\"item\":\"https:\/\/centcols.org\/rubrique\/sejours\/pays-sejours\/\"},{\"@type\":\"ListItem\",\"position\":4,\"name\":\"Italie\",\"item\":\"https:\/\/centcols.org\/rubrique\/sejours\/pays-sejours\/italie-pays-sejours\/\"},{\"@type\":\"ListItem\",\"position\":5,\"name\":\"S\u00e9jour de printemps \u00e0 Ceriale en Ligurie (Italie) du 8 au 15 mai 2017\"}]},{\"@type\":\"WebSite\",\"@id\":\"https:\/\/centcols.org\/#website\",\"url\":\"https:\/\/centcols.org\/\",\"name\":\"Club des Cent Cols\",\"description\":\"\",\"publisher\":{\"@id\":\"https:\/\/centcols.org\/#organization\"},\"potentialAction\":[{\"@type\":\"SearchAction\",\"target\":{\"@type\":\"EntryPoint\",\"urlTemplate\":\"https:\/\/centcols.org\/?s={search_term_string}\"},\"query-input\":{\"@type\":\"PropertyValueSpecification\",\"valueRequired\":true,\"valueName\":\"search_term_string\"}}],\"inLanguage\":\"nl-BE\"},{\"@type\":\"Organization\",\"@id\":\"https:\/\/centcols.org\/#organization\",\"name\":\"Club des Cent Cols\",\"url\":\"https:\/\/centcols.org\/\",\"logo\":{\"@type\":\"ImageObject\",\"inLanguage\":\"nl-BE\",\"@id\":\"https:\/\/centcols.org\/#\/schema\/logo\/image\/\",\"url\":\"https:\/\/centcols.org\/wp-content\/uploads\/2025\/01\/carte-icone.png\",\"contentUrl\":\"https:\/\/centcols.org\/wp-content\/uploads\/2025\/01\/carte-icone.png\",\"width\":250,\"height\":250,\"caption\":\"Club des Cent Cols\"},\"image\":{\"@id\":\"https:\/\/centcols.org\/#\/schema\/logo\/image\/\"},\"sameAs\":[\"https:\/\/www.facebook.com\/groups\/5261880558\/?locale=fr_FR\"]},{\"@type\":\"Person\",\"@id\":\"https:\/\/centcols.org\/#\/schema\/person\/911b404fb133d8c913dd27cdcf71c8e5\",\"name\":\"Webmestre\",\"image\":{\"@type\":\"ImageObject\",\"inLanguage\":\"nl-BE\",\"@id\":\"https:\/\/centcols.org\/wp-content\/litespeed\/avatar\/2d246e4b6b4f773e08515e1ffc53690b.jpg?ver=1777222892\",\"url\":\"https:\/\/centcols.org\/wp-content\/litespeed\/avatar\/2d246e4b6b4f773e08515e1ffc53690b.jpg?ver=1777222892\",\"contentUrl\":\"https:\/\/centcols.org\/wp-content\/litespeed\/avatar\/2d246e4b6b4f773e08515e1ffc53690b.jpg?ver=1777222892\",\"caption\":\"Webmestre\"},\"url\":\"https:\/\/centcols.org\/nl\/author\/webmestre\/\"}]}<\/script>\n<!-- \/ Yoast SEO plugin. -->","yoast_head_json":{"title":"Voorjaarsvakantie in Ceriale in Liguri\u00eb (Itali\u00eb) van 8 tot 15 mei 2017 - Club des Cent Cols","robots":{"index":"index","follow":"follow","max-snippet":"max-snippet:-1","max-image-preview":"max-image-preview:large","max-video-preview":"max-video-preview:-1"},"canonical":"https:\/\/centcols.org\/nl\/verblijf-2017-ceriale\/","og_locale":"nl_BE","og_type":"article","og_title":"S\u00e9jour de printemps \u00e0 Ceriale en Ligurie (Italie) du 8 au 15 mai 2017 - Club des Cent Cols","og_description":"La publication du nouveau catalogue des cols d\u2019Italie en 2016 a \u00e9t\u00e9 \u00e0 l\u2019origine de la mise en \u0153uvre d\u2019un s\u00e9jour de printemps en Italie. Pour des raisons de proximit\u00e9 pour les adh\u00e9rents du club et de climat, la Ligurie a \u00e9t\u00e9 choisie plut\u00f4t que le Pi\u00e9mont encore enneig\u00e9 \u00e0 cette \u00e9poque. Les dates retenues [&hellip;]","og_url":"https:\/\/centcols.org\/nl\/verblijf-2017-ceriale\/","og_site_name":"Club des Cent Cols","article_publisher":"https:\/\/www.facebook.com\/groups\/5261880558\/?locale=fr_FR","article_published_time":"2016-10-05T16:55:20+00:00","article_modified_time":"2025-09-01T15:40:50+00:00","og_image":[{"width":677,"height":510,"url":"https:\/\/centcols.org\/wp-content\/uploads\/2016\/10\/Image11.jpg","type":"image\/jpeg"}],"author":"Webmestre","twitter_card":"summary_large_image","twitter_misc":{"Geschreven door":"Webmestre","Geschatte leestijd":"4 minuten"},"schema":{"@context":"https:\/\/schema.org","@graph":[{"@type":"Article","@id":"https:\/\/centcols.org\/sejour-2017-ceriale\/#article","isPartOf":{"@id":"https:\/\/centcols.org\/sejour-2017-ceriale\/"},"author":{"name":"Webmestre","@id":"https:\/\/centcols.org\/#\/schema\/person\/911b404fb133d8c913dd27cdcf71c8e5"},"headline":"S\u00e9jour de printemps \u00e0 Ceriale en Ligurie (Italie) du 8 au 15 mai 2017","datePublished":"2016-10-05T16:55:20+00:00","dateModified":"2025-09-01T15:40:50+00:00","mainEntityOfPage":{"@id":"https:\/\/centcols.org\/sejour-2017-ceriale\/"},"wordCount":625,"publisher":{"@id":"https:\/\/centcols.org\/#organization"},"image":{"@id":"https:\/\/centcols.org\/sejour-2017-ceriale\/#primaryimage"},"thumbnailUrl":"https:\/\/centcols.org\/wp-content\/uploads\/2016\/10\/Image11.jpg","articleSection":["Italie","Calendrier","Ligurie","Apennins Ligures","S\u00e9jours du Club des Cent Cols"],"inLanguage":"nl-BE"},{"@type":"WebPage","@id":"https:\/\/centcols.org\/sejour-2017-ceriale\/","url":"https:\/\/centcols.org\/sejour-2017-ceriale\/","name":"Voorjaarsvakantie in Ceriale in Liguri\u00eb (Itali\u00eb) van 8 tot 15 mei 2017 - Club des Cent Cols","isPartOf":{"@id":"https:\/\/centcols.org\/#website"},"primaryImageOfPage":{"@id":"https:\/\/centcols.org\/sejour-2017-ceriale\/#primaryimage"},"image":{"@id":"https:\/\/centcols.org\/sejour-2017-ceriale\/#primaryimage"},"thumbnailUrl":"https:\/\/centcols.org\/wp-content\/uploads\/2016\/10\/Image11.jpg","datePublished":"2016-10-05T16:55:20+00:00","dateModified":"2025-09-01T15:40:50+00:00","breadcrumb":{"@id":"https:\/\/centcols.org\/sejour-2017-ceriale\/#breadcrumb"},"inLanguage":"nl-BE","potentialAction":[{"@type":"ReadAction","target":["https:\/\/centcols.org\/sejour-2017-ceriale\/"]}]},{"@type":"ImageObject","inLanguage":"nl-BE","@id":"https:\/\/centcols.org\/sejour-2017-ceriale\/#primaryimage","url":"https:\/\/centcols.org\/wp-content\/uploads\/2016\/10\/Image11.jpg","contentUrl":"https:\/\/centcols.org\/wp-content\/uploads\/2016\/10\/Image11.jpg","width":677,"height":510},{"@type":"BreadcrumbList","@id":"https:\/\/centcols.org\/sejour-2017-ceriale\/#breadcrumb","itemListElement":[{"@type":"ListItem","position":1,"name":"Accueil","item":"https:\/\/centcols.org\/"},{"@type":"ListItem","position":2,"name":"S\u00e9jours du Club des Cent Cols","item":"https:\/\/centcols.org\/rubrique\/sejours\/"},{"@type":"ListItem","position":3,"name":"Pays","item":"https:\/\/centcols.org\/rubrique\/sejours\/pays-sejours\/"},{"@type":"ListItem","position":4,"name":"Italie","item":"https:\/\/centcols.org\/rubrique\/sejours\/pays-sejours\/italie-pays-sejours\/"},{"@type":"ListItem","position":5,"name":"S\u00e9jour de printemps \u00e0 Ceriale en Ligurie (Italie) du 8 au 15 mai 2017"}]},{"@type":"WebSite","@id":"https:\/\/centcols.org\/#website","url":"https:\/\/centcols.org\/","name":"Club van Cent Cols","description":"","publisher":{"@id":"https:\/\/centcols.org\/#organization"},"potentialAction":[{"@type":"SearchAction","target":{"@type":"EntryPoint","urlTemplate":"https:\/\/centcols.org\/?s={search_term_string}"},"query-input":{"@type":"PropertyValueSpecification","valueRequired":true,"valueName":"search_term_string"}}],"inLanguage":"nl-BE"},{"@type":"Organization","@id":"https:\/\/centcols.org\/#organization","name":"Club van Cent Cols","url":"https:\/\/centcols.org\/","logo":{"@type":"ImageObject","inLanguage":"nl-BE","@id":"https:\/\/centcols.org\/#\/schema\/logo\/image\/","url":"https:\/\/centcols.org\/wp-content\/uploads\/2025\/01\/carte-icone.png","contentUrl":"https:\/\/centcols.org\/wp-content\/uploads\/2025\/01\/carte-icone.png","width":250,"height":250,"caption":"Club des Cent Cols"},"image":{"@id":"https:\/\/centcols.org\/#\/schema\/logo\/image\/"},"sameAs":["https:\/\/www.facebook.com\/groups\/5261880558\/?locale=fr_FR"]},{"@type":"Person","@id":"https:\/\/centcols.org\/#\/schema\/person\/911b404fb133d8c913dd27cdcf71c8e5","name":"Webmaster","image":{"@type":"ImageObject","inLanguage":"nl-BE","@id":"https:\/\/centcols.org\/wp-content\/litespeed\/avatar\/2d246e4b6b4f773e08515e1ffc53690b.jpg?ver=1777222892","url":"https:\/\/centcols.org\/wp-content\/litespeed\/avatar\/2d246e4b6b4f773e08515e1ffc53690b.jpg?ver=1777222892","contentUrl":"https:\/\/centcols.org\/wp-content\/litespeed\/avatar\/2d246e4b6b4f773e08515e1ffc53690b.jpg?ver=1777222892","caption":"Webmestre"},"url":"https:\/\/centcols.org\/nl\/author\/webmestre\/"}]}},"_links":{"self":[{"href":"https:\/\/centcols.org\/nl\/wp-json\/wp\/v2\/posts\/81857","targetHints":{"allow":["GET"]}}],"collection":[{"href":"https:\/\/centcols.org\/nl\/wp-json\/wp\/v2\/posts"}],"about":[{"href":"https:\/\/centcols.org\/nl\/wp-json\/wp\/v2\/types\/post"}],"author":[{"embeddable":true,"href":"https:\/\/centcols.org\/nl\/wp-json\/wp\/v2\/users\/3"}],"replies":[{"embeddable":true,"href":"https:\/\/centcols.org\/nl\/wp-json\/wp\/v2\/comments?post=81857"}],"version-history":[{"count":0,"href":"https:\/\/centcols.org\/nl\/wp-json\/wp\/v2\/posts\/81857\/revisions"}],"wp:featuredmedia":[{"embeddable":true,"href":"https:\/\/centcols.org\/nl\/wp-json\/wp\/v2\/media\/83259"}],"wp:attachment":[{"href":"https:\/\/centcols.org\/nl\/wp-json\/wp\/v2\/media?parent=81857"}],"wp:term":[{"taxonomy":"category","embeddable":true,"href":"https:\/\/centcols.org\/nl\/wp-json\/wp\/v2\/categories?post=81857"},{"taxonomy":"post_tag","embeddable":true,"href":"https:\/\/centcols.org\/nl\/wp-json\/wp\/v2\/tags?post=81857"}],"curies":[{"name":"wp","href":"https:\/\/api.w.org\/{rel}","templated":true}]}}