{"id":81875,"date":"2016-12-20T21:14:10","date_gmt":"2016-12-20T19:14:10","guid":{"rendered":"https:\/\/centcols.org\/sejour-estival-a-bielle-pyrenees-atlantiques-du-13-au-20-aout-2017\/"},"modified":"2025-09-14T22:26:53","modified_gmt":"2025-09-14T20:26:53","slug":"verblijf-2017-bielle","status":"publish","type":"post","link":"https:\/\/centcols.org\/nl\/sejour-2017-bielle\/","title":{"rendered":"Zomervakantie in Bielle (Pyrenee\u00ebn-Atlantiques) van 13 tot 20 augustus 2017"},"content":{"rendered":"<p>Alain Gillodes, Chantal Sala, Patrick Schleppi en R\u00e9gis Paraz hebben bijgedragen aan deze pagina over de reis.<\/p>\n\n\n<div class=\"wp-block-image\">\n<figure class=\"aligncenter size-full\"><img loading=\"lazy\" decoding=\"async\" width=\"1024\" height=\"575\" src=\"https:\/\/centcols.org\/wp-content\/uploads\/2025\/05\/picdumidipssau.jpg\" alt=\"\" class=\"wp-image-81876\" srcset=\"https:\/\/centcols.org\/wp-content\/uploads\/2025\/05\/picdumidipssau.jpg 1024w, https:\/\/centcols.org\/wp-content\/uploads\/2025\/05\/picdumidipssau-768x431.jpg 768w\" sizes=\"auto, (max-width: 1024px) 100vw, 1024px\" \/><figcaption class=\"wp-element-caption\">Pic du Midi d'Ossau (foto Alain Gillodes)<\/figcaption><\/figure>\n<\/div>\n\n\n<p><span class=\"content_editable\"><span class=\"global_colour_2 _caption_text_color local_font_2 _fcaption_text_font\" style=\"color: #222222; font-family: Georgia,Times New Roman,Times,serif; font-size: medium;\">De zomervakantie van 2017 is gepland in de Pyrenee\u00ebn-Atlantiques, in het vakantiedorp Arriu Mage, genoemd naar een van de beekjes die door Bielle stroomt, een klein dorpje in de Ossau vallei in de Haut-B\u00e9arn regio, op een hoogte van 450m.<br>Deze reis, voorbereid door Alain Gillodes (cc n\u00b0722) en Chantal Sala (cc n\u00b03674), stelt u in staat om twee regio's te ontdekken, B\u00e9arn en Baskenland, met het Nationaal Park van de Pyrenee\u00ebn en de bergtoppen Midi de Bigorre en Ossau.<br>Onze bijeenkomst wordt gehouden op de Col du Porteigt (875 m), op het plateau van B\u00e9nou, op zaterdag 19 augustus.<\/span><\/span><\/p>\n\n\n\n<h2 class=\"wp-block-heading\">Inleiding tot de regio<\/h2>\n\n\n\n<p>Le <strong>B\u00e9arn<\/strong> De regio Haut-B\u00e9arn bestaat uit drie grote valleien: de Vall\u00e9e d'Ossau, de Vall\u00e9e d'Aspe en de Vall\u00e9e de Bar\u00e9tous, plus een deel van de Vall\u00e9e de l'Ouzom.<br><strong>Drijfstang<\/strong> is een dorp in de regio Haut-B\u00e9arn in Frankrijk, gelegen op 450 m hoogte in de Ossau-vallei. Het is een van de achttien dorpen in de vallei.<br>De Ossau vallei strekt zich geografisch uit van noord naar zuid over een lengte van ongeveer vijftig kilometer van R\u00e9b\u00e9nacq (vijftien kilometer van Pau) tot de Col du Pourtalet (aan de Spaanse grens). Het bestaat uit twee kantons: het kanton Arudy, met zijn Pyreneese uitlopers, en het kanton Laruns, met zijn middelhoge tot hoge berglandschappen. De Gave d'Ossau, de moederrivier van de Gave d'Oloron, stroomt door het gebied, dat wordt gedomineerd door de Pic du Midi d'Ossau op 2884 meter hoogte. Het is de meest oostelijke van de drie belangrijkste valleien in de regio B\u00e9arn die de Pyrenee\u00ebn vormen. Het verbindt de Ouzom vallei en Lavedan (Argel\u00e8s-Gazost) in het oosten via de Col d'Aubisque, en met Aragon in het zuiden via de Col du Pourtalet.<\/p>\n\n\n\n<figure class=\"wp-block-gallery has-nested-images columns-3 is-cropped wp-block-gallery-1 is-layout-flex wp-block-gallery-is-layout-flex\">\n<figure class=\"wp-block-image size-full\"><a href=\"https:\/\/centcols.org\/wp-content\/uploads\/2025\/05\/bearn.jpg\"><img loading=\"lazy\" decoding=\"async\" width=\"400\" height=\"400\" data-id=\"81880\" src=\"https:\/\/centcols.org\/wp-content\/uploads\/2025\/05\/bearn.jpg\" alt=\"\" class=\"wp-image-81880\" srcset=\"https:\/\/centcols.org\/wp-content\/uploads\/2025\/05\/bearn.jpg 400w, https:\/\/centcols.org\/wp-content\/uploads\/2025\/05\/bearn-150x150.jpg 150w\" sizes=\"auto, (max-width: 400px) 100vw, 400px\" \/><\/a><figcaption class=\"wp-element-caption\">B\u00e9arn<\/figcaption><\/figure>\n\n\n\n<figure class=\"wp-block-image size-full\"><a href=\"https:\/\/centcols.org\/wp-content\/uploads\/2016\/12\/Bielle3.jpg\"><img loading=\"lazy\" decoding=\"async\" width=\"1024\" height=\"768\" data-id=\"88719\" src=\"https:\/\/centcols.org\/wp-content\/uploads\/2016\/12\/Bielle3.jpg\" alt=\"\" class=\"wp-image-88719\" srcset=\"https:\/\/centcols.org\/wp-content\/uploads\/2016\/12\/Bielle3.jpg 1024w, https:\/\/centcols.org\/wp-content\/uploads\/2016\/12\/Bielle3-768x576.jpg 768w\" sizes=\"auto, (max-width: 1024px) 100vw, 1024px\" \/><\/a><figcaption class=\"wp-element-caption\">Oloron-Sainte-Marie (foto Alain Gillodes)<\/figcaption><\/figure>\n\n\n\n<figure class=\"wp-block-image size-full\"><a href=\"https:\/\/centcols.org\/wp-content\/uploads\/2016\/12\/PO.jpg\"><img loading=\"lazy\" decoding=\"async\" width=\"400\" height=\"400\" data-id=\"88720\" src=\"https:\/\/centcols.org\/wp-content\/uploads\/2016\/12\/PO.jpg\" alt=\"\" class=\"wp-image-88720\" srcset=\"https:\/\/centcols.org\/wp-content\/uploads\/2016\/12\/PO.jpg 400w, https:\/\/centcols.org\/wp-content\/uploads\/2016\/12\/PO-150x150.jpg 150w\" sizes=\"auto, (max-width: 400px) 100vw, 400px\" \/><\/a><figcaption class=\"wp-element-caption\">Pyrenees-Atlantiques<\/figcaption><\/figure>\n<\/figure>\n\n\n\n<h2 class=\"wp-block-heading\">Rondleidingen<\/h2>\n\n\n\n<p>Elke dag is er een wegcircuit en een mountainbikecircuit.<br>- De <a href=\"\/nl\/membres\/cctours\/tours.php\/?lieu=Bielle&amp;an=2017&amp;genre=R\">weg<\/a> verkennen we de vier valleien van de Haut-B\u00e9arn: de Ossau-vallei, die in het zuiden uitkomt op de Col du Pourtalet (1.794 m), de<br>d'Aspe via de Col du Somport (1.650m), de Vall\u00e9e de Bar\u00e9tous die uitkomt op de Navarrese vallei van Roncal via de Col de la Pierre Saint-Martin (1.760m) en de Vall\u00e9e de l'Ouzom die uitkomt op Bigorre via Ferri\u00e8res, Arb\u00e9ost en de Col du Soulor (1.474m).<\/p>\n\n\n\n<p>- De <a href=\"\/nl\/membres\/cctours\/tours.php\/?lieu=Bielle&amp;an=2017&amp;genre=V\">motorrijders<\/a> Ontdek de uitlopers van de Bearn vanaf Lanne-en-Bar\u00e9tous en Issor, het middelgebergte vanaf Bielle en de Soulor-pas en het hooggebergte vanaf de passen van Somport en Pourtalet.<\/p>\n\n\n\n<div class=\"wp-block-columns is-layout-flex wp-container-core-columns-is-layout-9d6595d7 wp-block-columns-is-layout-flex\">\n<div class=\"wp-block-column is-layout-flow wp-block-column-is-layout-flow\" style=\"flex-basis:66.66%\">\n<h2 class=\"wp-block-heading\">Hosting<\/h2>\n\n\n\n<p><strong>Vakantiedorp \u00abArriu Mage\u00bb<\/strong> gelegen in Bielle (Pyrenee\u00ebn-Atlantiques). Het bestaat uit 66 comfortabele appartementen met 2 of 3 bedden en een restaurant,<br>vergaderruimte, lounge, bar, wifi, zwembad.<\/p>\n\n\n<div class=\"wp-block-image\">\n<figure class=\"aligncenter size-full is-resized\"><img loading=\"lazy\" decoding=\"async\" width=\"800\" height=\"600\" src=\"https:\/\/centcols.org\/wp-content\/uploads\/2016\/12\/village-vacances-Arriu-Mage.jpg\" alt=\"\" class=\"wp-image-88722\" style=\"width:600px\" srcset=\"https:\/\/centcols.org\/wp-content\/uploads\/2016\/12\/village-vacances-Arriu-Mage.jpg 800w, https:\/\/centcols.org\/wp-content\/uploads\/2016\/12\/village-vacances-Arriu-Mage-768x576.jpg 768w\" sizes=\"auto, (max-width: 800px) 100vw, 800px\" \/><figcaption class=\"wp-element-caption\">Vakantiedorp Arriu Mage (foto Alain Gillodes)<\/figcaption><\/figure>\n<\/div><\/div>\n\n\n\n<div class=\"wp-block-column is-layout-flow wp-block-column-is-layout-flow\" style=\"flex-basis:33.33%\">\n<div style=\"height:188px\" aria-hidden=\"true\" class=\"wp-block-spacer\"><\/div>\n\n\n\n<h2 class=\"wp-block-heading\">Noot van de Raad van Bestuur<\/h2>\n\n\n\n<p>Als je je accommodatie elders regelt dan in het vakantiedorp, laat ons dan weten dat je deelneemt aan de vakantie, om 3 redenen:<\/p>\n\n\n\n<ol class=\"wp-block-list\">\n<li>Gezamenlijke evenementen (informatiesessies, welkomst- en afscheidsfeesten) op de juiste grootte kunnen indelen.<\/li>\n\n\n\n<li>Op de routes in verschillende groepen kunnen opsplitsen om de veiligheid voor iedereen te verbeteren.<\/li>\n\n\n\n<li>Om organisatoren te helpen met onvoorziene gebeurtenissen.<\/li>\n<\/ol>\n<\/div>\n<\/div>\n\n\n\n<p>- Twee nabijgelegen campings:<br><strong>- <a href=\"http:\/\/www.camping-ayguelade.com\/\" target=\"_blank\" rel=\"noreferrer noopener\">Camping L'Ayguelade<\/a><\/strong><br>Route D\u00e9partementale 934 - 64260 Bielle - Telefoon: 05 59 82 66 50<br>Campers per nacht: voor 2 personen \u20ac14 - extra persoon \u20ac4 - elektriciteit \u20ac4 - huisdier \u20ac2,50 per nacht.<br>Campers: voor 1 persoon per nacht: \u20ac7 - optie elektriciteit: \u20ac4 - huisdieren: \u20ac2,50 per nacht<br><strong>- <a href=\"http:\/\/cazenave-doux.haut-bearn.fr\/\" target=\"_blank\" rel=\"noreferrer noopener\">Cazenave Doux<\/a><\/strong><br>19 Rue de la Houndaa - 64260 Castet - Telefoon : 05 59 05 88 26<\/p>\n\n\n\n<h2 class=\"wp-block-heading\">Registraties<\/h2>\n\n\n\n<p>Download het PDF registratieformulier en volg de instructies om je in te schrijven.<\/p>\n\n\n\n<h2 class=\"wp-block-heading\">Andere activiteiten of bezoeken<\/h2>\n\n\n\n<p>Er wordt een breed scala aan tochten en wandelingen aangeboden.<\/p>\n\n\n\n<h3 class=\"wp-block-heading\">Oloron-Sainte-Marie<\/h3>\n\n\n\n<p>Hoofdstad van Haut-B\u00e9arn (64), ligt aan de poort van de Pyrenee\u00ebn, naast Spanje en Baskenland, tussen de Atlantische Oceaan en de Middellandse Zee. Het ligt aan de samenvloeiing van de rivieren Gave d'Ossau en Gave d'Aspe en is een tussenstop voor pelgrims op weg naar Santiago de Compostela (op de route van Arles). Ontdek de kerken en de 12e-eeuwse kathedraal, de voorouderlijke tradities en de beroemde garbure (groentesoep).<\/p>\n\n\n\n<h3 class=\"wp-block-heading\">Ossau-vallei (18 dorpen)<\/h3>\n\n\n\n<p><strong>1. Bezoek aan Bielle<\/strong><\/p>\n\n\n\n<p><strong>2. De Artouste-trein :<\/strong> Deze trein rijdt langs de kliffen en biedt adembenemende panorama's over een traject van 10 km op een hoogte van bijna 2000 meter.<\/p>\n\n\n<div class=\"wp-block-image\">\n<figure class=\"aligncenter size-full\"><img loading=\"lazy\" decoding=\"async\" width=\"1024\" height=\"576\" src=\"https:\/\/centcols.org\/wp-content\/uploads\/2016\/12\/Train-Artouste.jpg\" alt=\"\" class=\"wp-image-88723\" srcset=\"https:\/\/centcols.org\/wp-content\/uploads\/2016\/12\/Train-Artouste.jpg 1024w, https:\/\/centcols.org\/wp-content\/uploads\/2016\/12\/Train-Artouste-768x432.jpg 768w\" sizes=\"auto, (max-width: 1024px) 100vw, 1024px\" \/><figcaption class=\"wp-element-caption\">Het Artouste treintje (foto Alain Gillodes)<\/figcaption><\/figure>\n<\/div>\n\n\n<p><strong>3. Aste :<\/strong> een voorgebergte dat uitkijkt over de gletsjervallei. Een zomerweidegebied met de haven (doorgang naar het hooggebergte) en zijn schuren...<br>De wandeling naar de haven van Aste biedt een prachtig panorama op de valleibodem en de Pic. In het dorp is de gevel van de<br>In het stadhuis het symbool van de vallei: de beer (waar Ossau misschien zijn oorsprong aan ontleent) en de koe, symbool van de pastorale wereld.<br><strong>4. B\u00e9on :<\/strong> hol van de gieren. Het gebied is een voormalige heerlijkheid van het burggraafschap Bearn. Het altaarstuk en de schilderijen in de kerk zijn de moeite waard. Uitkijkend over het dorp zijn de spleten van de P\u00e8ne de B\u00e9on de thuisbasis van vale gieren en aasgieren (in B\u00e9arn bekend als Marie Blanque), die soms in de lucht kunnen cirkelen. Het museografische gebied van de Gierenklif is gewijd aan deze roofvogels, die ooit met uitsterven werden bedreigd en nu worden beschermd.<br>5.<strong> 15 augustus, Laruns,<\/strong> een dorp in het hart van de Ossau vallei, biedt zijn traditionele festivals.<\/p>\n\n\n\n<h3 class=\"wp-block-heading\">Vall\u00e9e d'Aspe (13 dorpen)<\/h3>\n\n\n\n<p>Het strekt zich uit langs de Gave d'Aspe over bijna 40 km, van het dorp Escot tot de Col du Somport (1.632 m), die de grens met Aragon in Spanje markeert.<br>Voorbij Urdos komt de Aspe-vallei uit in de Spaanse autonome gemeenschap Arag\u00f3n via de Somport, de pelgrimsroute naar Santiago de Compostela. Op deze route door de Pyrenee\u00ebn hebben kruisvaarders, pelgrims, krijgslieden, handelaren, kuddes en reizigers over de weg of per spoor gereisd (tot 1970).<br><strong>1 - Het circus van Lescun<\/strong><br><strong>2 - Het fort Portalet :&nbsp; <\/strong>Het fort Portalet, gebouwd in 1842 in opdracht van Louis-Philippe om de grens van de Pyrenee\u00ebn te bewaken, lijkt tegen een klif te liggen die uitkijkt over de Gave d'Aspe. Samen met de Chemin de la M\u00e2ture maakt het deze kloof tot een van de meest pittoreske plekjes in de Pyrenee\u00ebn. Het fort Portalet (in het B\u00e9arnais \u00abpoortje\u00bb of \u00abdoorgangtje\u00bb), dat de weg van de Col du Somport moest beschermen tegen Spaanse invallen, dankt zijn faam aan de politieke figuren die er tijdens het Vichy-regime ge\u00efnterneerd waren: Blum, Daladier, Reynaud, Mandel, Gamelin... en na de oorlog P\u00e9tain.<br><strong>3 - Moulin de la vall\u00e9e in Bedous<\/strong><br><strong>4 - Ecomuseum Aspevallei<\/strong><br><strong>5 - Boerderij Ossineri in Borce<\/strong> Ossau Iraty BOB kaas<\/p>\n\n\n\n<h3 class=\"wp-block-heading\">Bar\u00e9tous-vallei (6 dorpen)<\/h3>\n\n\n\n<p><strong>De site van Pierre-Saint-Martin:<\/strong> Het massief van Pierre Saint-Martin is ook een van de belangrijkste speleologiegebieden ter wereld. Het is een 140 km\u00b2 groot karstgebied op een hoogte tussen 1.500 en 2.100 meter, op de grens tussen Frankrijk en Spanje. Deze karst wordt gedraineerd door vier hydrogeologische systemen en heeft enkele van de diepste en grootste afgronden ter wereld.<br>Alain Gillodes (C.C. nr. 722)<\/p>","protected":false},"excerpt":{"rendered":"<p>Ont contribu\u00e9 \u00e0 cette page de pr\u00e9sentation du s\u00e9jour Alain Gillodes, Chantal Sala, Patrick Schleppi et R\u00e9gis Paraz Le s\u00e9jour d\u2019\u00e9t\u00e9 2017 est programm\u00e9 dans les Pyr\u00e9n\u00e9es-Atlantiques, au village de vacances Arriu Mage, du nom d\u2019un des ruisseaux qui traverse Bielle, petit village en vall\u00e9e d\u2019Ossau dans le Haut-B\u00e9arn, \u00e0 450 m d\u2019altitude.Ce s\u00e9jour, pr\u00e9par\u00e9 [&hellip;]<\/p>\n","protected":false},"author":3,"featured_media":81876,"comment_status":"closed","ping_status":"closed","sticky":false,"template":"","format":"standard","meta":{"_acf_changed":false,"footnotes":""},"categories":[349,378,135,377,379,231],"tags":[],"class_list":["post-81875","post","type-post","status-publish","format-standard","has-post-thumbnail","hentry","category-france-pays-sejours","category-nouvelle-aquitaine-region-sejours","category-calendrier","category-64-pyrenees-atlantiques","category-pyrenees-massif-sejours","category-sejours"],"acf":[],"yoast_head":"<!-- This site is optimized with the Yoast SEO plugin v27.2 - https:\/\/yoast.com\/product\/yoast-seo-wordpress\/ -->\n<title>S\u00e9jour estival \u00e0 Bielle (Pyr\u00e9n\u00e9es-Atlantiques) du 13 au 20 ao\u00fbt 2017 - Club des Cent Cols<\/title>\n<meta name=\"robots\" content=\"index, follow, max-snippet:-1, max-image-preview:large, max-video-preview:-1\" \/>\n<link rel=\"canonical\" href=\"https:\/\/centcols.org\/nl\/verblijf-2017-bielle\/\" \/>\n<meta property=\"og:locale\" content=\"nl_BE\" \/>\n<meta property=\"og:type\" content=\"article\" \/>\n<meta property=\"og:title\" content=\"S\u00e9jour estival \u00e0 Bielle (Pyr\u00e9n\u00e9es-Atlantiques) du 13 au 20 ao\u00fbt 2017 - Club des Cent Cols\" \/>\n<meta property=\"og:description\" content=\"Ont contribu\u00e9 \u00e0 cette page de pr\u00e9sentation du s\u00e9jour Alain Gillodes, Chantal Sala, Patrick Schleppi et R\u00e9gis Paraz Le s\u00e9jour d\u2019\u00e9t\u00e9 2017 est programm\u00e9 dans les Pyr\u00e9n\u00e9es-Atlantiques, au village de vacances Arriu Mage, du nom d\u2019un des ruisseaux qui traverse Bielle, petit village en vall\u00e9e d\u2019Ossau dans le Haut-B\u00e9arn, \u00e0 450 m d\u2019altitude.Ce s\u00e9jour, pr\u00e9par\u00e9 [&hellip;]\" \/>\n<meta property=\"og:url\" content=\"https:\/\/centcols.org\/nl\/verblijf-2017-bielle\/\" \/>\n<meta property=\"og:site_name\" content=\"Club des Cent Cols\" \/>\n<meta property=\"article:publisher\" content=\"https:\/\/www.facebook.com\/groups\/5261880558\/?locale=fr_FR\" \/>\n<meta property=\"article:published_time\" content=\"2016-12-20T19:14:10+00:00\" \/>\n<meta property=\"article:modified_time\" content=\"2025-09-14T20:26:53+00:00\" \/>\n<meta property=\"og:image\" content=\"https:\/\/centcols.org\/wp-content\/uploads\/2025\/05\/picdumidipssau.jpg\" \/>\n\t<meta property=\"og:image:width\" content=\"1024\" \/>\n\t<meta property=\"og:image:height\" content=\"575\" \/>\n\t<meta property=\"og:image:type\" content=\"image\/jpeg\" \/>\n<meta name=\"author\" content=\"Webmestre\" \/>\n<meta name=\"twitter:card\" content=\"summary_large_image\" \/>\n<meta name=\"twitter:label1\" content=\"Geschreven door\" \/>\n\t<meta name=\"twitter:data1\" content=\"Webmestre\" \/>\n\t<meta name=\"twitter:label2\" content=\"Geschatte leestijd\" \/>\n\t<meta name=\"twitter:data2\" content=\"8 minuten\" \/>\n<script type=\"application\/ld+json\" class=\"yoast-schema-graph\">{\"@context\":\"https:\/\/schema.org\",\"@graph\":[{\"@type\":\"Article\",\"@id\":\"https:\/\/centcols.org\/sejour-2017-bielle\/#article\",\"isPartOf\":{\"@id\":\"https:\/\/centcols.org\/sejour-2017-bielle\/\"},\"author\":{\"name\":\"Webmestre\",\"@id\":\"https:\/\/centcols.org\/#\/schema\/person\/911b404fb133d8c913dd27cdcf71c8e5\"},\"headline\":\"S\u00e9jour estival \u00e0 Bielle (Pyr\u00e9n\u00e9es-Atlantiques) du 13 au 20 ao\u00fbt 2017\",\"datePublished\":\"2016-12-20T19:14:10+00:00\",\"dateModified\":\"2025-09-14T20:26:53+00:00\",\"mainEntityOfPage\":{\"@id\":\"https:\/\/centcols.org\/sejour-2017-bielle\/\"},\"wordCount\":1388,\"publisher\":{\"@id\":\"https:\/\/centcols.org\/#organization\"},\"image\":{\"@id\":\"https:\/\/centcols.org\/sejour-2017-bielle\/#primaryimage\"},\"thumbnailUrl\":\"https:\/\/centcols.org\/wp-content\/uploads\/2025\/05\/picdumidipssau.jpg\",\"articleSection\":[\"France\",\"Nouvelle-Aquitaine\",\"Calendrier\",\"64-Pyr\u00e9n\u00e9es Atlantiques\",\"Pyr\u00e9n\u00e9es\",\"S\u00e9jours du Club des Cent Cols\"],\"inLanguage\":\"nl-BE\"},{\"@type\":\"WebPage\",\"@id\":\"https:\/\/centcols.org\/sejour-2017-bielle\/\",\"url\":\"https:\/\/centcols.org\/sejour-2017-bielle\/\",\"name\":\"S\u00e9jour estival \u00e0 Bielle (Pyr\u00e9n\u00e9es-Atlantiques) du 13 au 20 ao\u00fbt 2017 - Club des Cent Cols\",\"isPartOf\":{\"@id\":\"https:\/\/centcols.org\/#website\"},\"primaryImageOfPage\":{\"@id\":\"https:\/\/centcols.org\/sejour-2017-bielle\/#primaryimage\"},\"image\":{\"@id\":\"https:\/\/centcols.org\/sejour-2017-bielle\/#primaryimage\"},\"thumbnailUrl\":\"https:\/\/centcols.org\/wp-content\/uploads\/2025\/05\/picdumidipssau.jpg\",\"datePublished\":\"2016-12-20T19:14:10+00:00\",\"dateModified\":\"2025-09-14T20:26:53+00:00\",\"breadcrumb\":{\"@id\":\"https:\/\/centcols.org\/sejour-2017-bielle\/#breadcrumb\"},\"inLanguage\":\"nl-BE\",\"potentialAction\":[{\"@type\":\"ReadAction\",\"target\":[\"https:\/\/centcols.org\/sejour-2017-bielle\/\"]}]},{\"@type\":\"ImageObject\",\"inLanguage\":\"nl-BE\",\"@id\":\"https:\/\/centcols.org\/sejour-2017-bielle\/#primaryimage\",\"url\":\"https:\/\/centcols.org\/wp-content\/uploads\/2025\/05\/picdumidipssau.jpg\",\"contentUrl\":\"https:\/\/centcols.org\/wp-content\/uploads\/2025\/05\/picdumidipssau.jpg\",\"width\":1024,\"height\":575},{\"@type\":\"BreadcrumbList\",\"@id\":\"https:\/\/centcols.org\/sejour-2017-bielle\/#breadcrumb\",\"itemListElement\":[{\"@type\":\"ListItem\",\"position\":1,\"name\":\"Accueil\",\"item\":\"https:\/\/centcols.org\/\"},{\"@type\":\"ListItem\",\"position\":2,\"name\":\"S\u00e9jours du Club des Cent Cols\",\"item\":\"https:\/\/centcols.org\/rubrique\/sejours\/\"},{\"@type\":\"ListItem\",\"position\":3,\"name\":\"Pays\",\"item\":\"https:\/\/centcols.org\/rubrique\/sejours\/pays-sejours\/\"},{\"@type\":\"ListItem\",\"position\":4,\"name\":\"France\",\"item\":\"https:\/\/centcols.org\/rubrique\/sejours\/pays-sejours\/france-pays-sejours\/\"},{\"@type\":\"ListItem\",\"position\":5,\"name\":\"S\u00e9jour estival \u00e0 Bielle (Pyr\u00e9n\u00e9es-Atlantiques) du 13 au 20 ao\u00fbt 2017\"}]},{\"@type\":\"WebSite\",\"@id\":\"https:\/\/centcols.org\/#website\",\"url\":\"https:\/\/centcols.org\/\",\"name\":\"Club des Cent Cols\",\"description\":\"\",\"publisher\":{\"@id\":\"https:\/\/centcols.org\/#organization\"},\"potentialAction\":[{\"@type\":\"SearchAction\",\"target\":{\"@type\":\"EntryPoint\",\"urlTemplate\":\"https:\/\/centcols.org\/?s={search_term_string}\"},\"query-input\":{\"@type\":\"PropertyValueSpecification\",\"valueRequired\":true,\"valueName\":\"search_term_string\"}}],\"inLanguage\":\"nl-BE\"},{\"@type\":\"Organization\",\"@id\":\"https:\/\/centcols.org\/#organization\",\"name\":\"Club des Cent Cols\",\"url\":\"https:\/\/centcols.org\/\",\"logo\":{\"@type\":\"ImageObject\",\"inLanguage\":\"nl-BE\",\"@id\":\"https:\/\/centcols.org\/#\/schema\/logo\/image\/\",\"url\":\"https:\/\/centcols.org\/wp-content\/uploads\/2025\/01\/carte-icone.png\",\"contentUrl\":\"https:\/\/centcols.org\/wp-content\/uploads\/2025\/01\/carte-icone.png\",\"width\":250,\"height\":250,\"caption\":\"Club des Cent Cols\"},\"image\":{\"@id\":\"https:\/\/centcols.org\/#\/schema\/logo\/image\/\"},\"sameAs\":[\"https:\/\/www.facebook.com\/groups\/5261880558\/?locale=fr_FR\"]},{\"@type\":\"Person\",\"@id\":\"https:\/\/centcols.org\/#\/schema\/person\/911b404fb133d8c913dd27cdcf71c8e5\",\"name\":\"Webmestre\",\"image\":{\"@type\":\"ImageObject\",\"inLanguage\":\"nl-BE\",\"@id\":\"https:\/\/centcols.org\/wp-content\/litespeed\/avatar\/2d246e4b6b4f773e08515e1ffc53690b.jpg?ver=1777222892\",\"url\":\"https:\/\/centcols.org\/wp-content\/litespeed\/avatar\/2d246e4b6b4f773e08515e1ffc53690b.jpg?ver=1777222892\",\"contentUrl\":\"https:\/\/centcols.org\/wp-content\/litespeed\/avatar\/2d246e4b6b4f773e08515e1ffc53690b.jpg?ver=1777222892\",\"caption\":\"Webmestre\"},\"url\":\"https:\/\/centcols.org\/nl\/author\/webmestre\/\"}]}<\/script>\n<!-- \/ Yoast SEO plugin. -->","yoast_head_json":{"title":"Zomervakantie in Bielle (Pyrenee\u00ebn-Atlantiques) van 13 tot 20 augustus 2017 - Club des Cent Cols","robots":{"index":"index","follow":"follow","max-snippet":"max-snippet:-1","max-image-preview":"max-image-preview:large","max-video-preview":"max-video-preview:-1"},"canonical":"https:\/\/centcols.org\/nl\/verblijf-2017-bielle\/","og_locale":"nl_BE","og_type":"article","og_title":"S\u00e9jour estival \u00e0 Bielle (Pyr\u00e9n\u00e9es-Atlantiques) du 13 au 20 ao\u00fbt 2017 - Club des Cent Cols","og_description":"Ont contribu\u00e9 \u00e0 cette page de pr\u00e9sentation du s\u00e9jour Alain Gillodes, Chantal Sala, Patrick Schleppi et R\u00e9gis Paraz Le s\u00e9jour d\u2019\u00e9t\u00e9 2017 est programm\u00e9 dans les Pyr\u00e9n\u00e9es-Atlantiques, au village de vacances Arriu Mage, du nom d\u2019un des ruisseaux qui traverse Bielle, petit village en vall\u00e9e d\u2019Ossau dans le Haut-B\u00e9arn, \u00e0 450 m d\u2019altitude.Ce s\u00e9jour, pr\u00e9par\u00e9 [&hellip;]","og_url":"https:\/\/centcols.org\/nl\/verblijf-2017-bielle\/","og_site_name":"Club des Cent Cols","article_publisher":"https:\/\/www.facebook.com\/groups\/5261880558\/?locale=fr_FR","article_published_time":"2016-12-20T19:14:10+00:00","article_modified_time":"2025-09-14T20:26:53+00:00","og_image":[{"width":1024,"height":575,"url":"https:\/\/centcols.org\/wp-content\/uploads\/2025\/05\/picdumidipssau.jpg","type":"image\/jpeg"}],"author":"Webmestre","twitter_card":"summary_large_image","twitter_misc":{"Geschreven door":"Webmestre","Geschatte leestijd":"8 minuten"},"schema":{"@context":"https:\/\/schema.org","@graph":[{"@type":"Article","@id":"https:\/\/centcols.org\/sejour-2017-bielle\/#article","isPartOf":{"@id":"https:\/\/centcols.org\/sejour-2017-bielle\/"},"author":{"name":"Webmestre","@id":"https:\/\/centcols.org\/#\/schema\/person\/911b404fb133d8c913dd27cdcf71c8e5"},"headline":"S\u00e9jour estival \u00e0 Bielle (Pyr\u00e9n\u00e9es-Atlantiques) du 13 au 20 ao\u00fbt 2017","datePublished":"2016-12-20T19:14:10+00:00","dateModified":"2025-09-14T20:26:53+00:00","mainEntityOfPage":{"@id":"https:\/\/centcols.org\/sejour-2017-bielle\/"},"wordCount":1388,"publisher":{"@id":"https:\/\/centcols.org\/#organization"},"image":{"@id":"https:\/\/centcols.org\/sejour-2017-bielle\/#primaryimage"},"thumbnailUrl":"https:\/\/centcols.org\/wp-content\/uploads\/2025\/05\/picdumidipssau.jpg","articleSection":["France","Nouvelle-Aquitaine","Calendrier","64-Pyr\u00e9n\u00e9es Atlantiques","Pyr\u00e9n\u00e9es","S\u00e9jours du Club des Cent Cols"],"inLanguage":"nl-BE"},{"@type":"WebPage","@id":"https:\/\/centcols.org\/sejour-2017-bielle\/","url":"https:\/\/centcols.org\/sejour-2017-bielle\/","name":"Zomervakantie in Bielle (Pyrenee\u00ebn-Atlantiques) van 13 tot 20 augustus 2017 - Club des Cent Cols","isPartOf":{"@id":"https:\/\/centcols.org\/#website"},"primaryImageOfPage":{"@id":"https:\/\/centcols.org\/sejour-2017-bielle\/#primaryimage"},"image":{"@id":"https:\/\/centcols.org\/sejour-2017-bielle\/#primaryimage"},"thumbnailUrl":"https:\/\/centcols.org\/wp-content\/uploads\/2025\/05\/picdumidipssau.jpg","datePublished":"2016-12-20T19:14:10+00:00","dateModified":"2025-09-14T20:26:53+00:00","breadcrumb":{"@id":"https:\/\/centcols.org\/sejour-2017-bielle\/#breadcrumb"},"inLanguage":"nl-BE","potentialAction":[{"@type":"ReadAction","target":["https:\/\/centcols.org\/sejour-2017-bielle\/"]}]},{"@type":"ImageObject","inLanguage":"nl-BE","@id":"https:\/\/centcols.org\/sejour-2017-bielle\/#primaryimage","url":"https:\/\/centcols.org\/wp-content\/uploads\/2025\/05\/picdumidipssau.jpg","contentUrl":"https:\/\/centcols.org\/wp-content\/uploads\/2025\/05\/picdumidipssau.jpg","width":1024,"height":575},{"@type":"BreadcrumbList","@id":"https:\/\/centcols.org\/sejour-2017-bielle\/#breadcrumb","itemListElement":[{"@type":"ListItem","position":1,"name":"Accueil","item":"https:\/\/centcols.org\/"},{"@type":"ListItem","position":2,"name":"S\u00e9jours du Club des Cent Cols","item":"https:\/\/centcols.org\/rubrique\/sejours\/"},{"@type":"ListItem","position":3,"name":"Pays","item":"https:\/\/centcols.org\/rubrique\/sejours\/pays-sejours\/"},{"@type":"ListItem","position":4,"name":"France","item":"https:\/\/centcols.org\/rubrique\/sejours\/pays-sejours\/france-pays-sejours\/"},{"@type":"ListItem","position":5,"name":"S\u00e9jour estival \u00e0 Bielle (Pyr\u00e9n\u00e9es-Atlantiques) du 13 au 20 ao\u00fbt 2017"}]},{"@type":"WebSite","@id":"https:\/\/centcols.org\/#website","url":"https:\/\/centcols.org\/","name":"Club van Cent Cols","description":"","publisher":{"@id":"https:\/\/centcols.org\/#organization"},"potentialAction":[{"@type":"SearchAction","target":{"@type":"EntryPoint","urlTemplate":"https:\/\/centcols.org\/?s={search_term_string}"},"query-input":{"@type":"PropertyValueSpecification","valueRequired":true,"valueName":"search_term_string"}}],"inLanguage":"nl-BE"},{"@type":"Organization","@id":"https:\/\/centcols.org\/#organization","name":"Club van Cent Cols","url":"https:\/\/centcols.org\/","logo":{"@type":"ImageObject","inLanguage":"nl-BE","@id":"https:\/\/centcols.org\/#\/schema\/logo\/image\/","url":"https:\/\/centcols.org\/wp-content\/uploads\/2025\/01\/carte-icone.png","contentUrl":"https:\/\/centcols.org\/wp-content\/uploads\/2025\/01\/carte-icone.png","width":250,"height":250,"caption":"Club des Cent Cols"},"image":{"@id":"https:\/\/centcols.org\/#\/schema\/logo\/image\/"},"sameAs":["https:\/\/www.facebook.com\/groups\/5261880558\/?locale=fr_FR"]},{"@type":"Person","@id":"https:\/\/centcols.org\/#\/schema\/person\/911b404fb133d8c913dd27cdcf71c8e5","name":"Webmaster","image":{"@type":"ImageObject","inLanguage":"nl-BE","@id":"https:\/\/centcols.org\/wp-content\/litespeed\/avatar\/2d246e4b6b4f773e08515e1ffc53690b.jpg?ver=1777222892","url":"https:\/\/centcols.org\/wp-content\/litespeed\/avatar\/2d246e4b6b4f773e08515e1ffc53690b.jpg?ver=1777222892","contentUrl":"https:\/\/centcols.org\/wp-content\/litespeed\/avatar\/2d246e4b6b4f773e08515e1ffc53690b.jpg?ver=1777222892","caption":"Webmestre"},"url":"https:\/\/centcols.org\/nl\/author\/webmestre\/"}]}},"_links":{"self":[{"href":"https:\/\/centcols.org\/nl\/wp-json\/wp\/v2\/posts\/81875","targetHints":{"allow":["GET"]}}],"collection":[{"href":"https:\/\/centcols.org\/nl\/wp-json\/wp\/v2\/posts"}],"about":[{"href":"https:\/\/centcols.org\/nl\/wp-json\/wp\/v2\/types\/post"}],"author":[{"embeddable":true,"href":"https:\/\/centcols.org\/nl\/wp-json\/wp\/v2\/users\/3"}],"replies":[{"embeddable":true,"href":"https:\/\/centcols.org\/nl\/wp-json\/wp\/v2\/comments?post=81875"}],"version-history":[{"count":0,"href":"https:\/\/centcols.org\/nl\/wp-json\/wp\/v2\/posts\/81875\/revisions"}],"wp:featuredmedia":[{"embeddable":true,"href":"https:\/\/centcols.org\/nl\/wp-json\/wp\/v2\/media\/81876"}],"wp:attachment":[{"href":"https:\/\/centcols.org\/nl\/wp-json\/wp\/v2\/media?parent=81875"}],"wp:term":[{"taxonomy":"category","embeddable":true,"href":"https:\/\/centcols.org\/nl\/wp-json\/wp\/v2\/categories?post=81875"},{"taxonomy":"post_tag","embeddable":true,"href":"https:\/\/centcols.org\/nl\/wp-json\/wp\/v2\/tags?post=81875"}],"curies":[{"name":"wp","href":"https:\/\/api.w.org\/{rel}","templated":true}]}}