{"id":81921,"date":"2017-03-07T12:00:13","date_gmt":"2017-03-07T10:00:13","guid":{"rendered":"https:\/\/centcols.org\/suisse-troistorrents-vtt-le-22-juillet-2017\/"},"modified":"2025-09-14T22:16:05","modified_gmt":"2025-09-14T20:16:05","slug":"suisse-troistorrents-vtt-22-juli-2017","status":"publish","type":"post","link":"https:\/\/centcols.org\/nl\/suisse-troistorrents-vtt-le-22-juillet-2017\/","title":{"rendered":"Zwitserland, Troistorrents, Mountainbike, 22 juli 2017"},"content":{"rendered":"\n<p>Samedi 22 juillet 2017, Suisse, Troistorrents, VTT<\/p>\n\n\n\n<p>Rendez-vous au parking de la salle polyvalente \u00e0 8 h 30 pour le caf\u00e9, d\u00e9part \u00e0 9 h<\/p>\n\n\n\n<p>4 cols dont 1 \u00e0 plus de 2000 m, 35 km, 1500 m de d\u00e9nivel\u00e9.<\/p>\n\n\n\n<figure class=\"wp-block-image size-full\"><img loading=\"lazy\" decoding=\"async\" width=\"758\" height=\"485\" src=\"https:\/\/centcols.org\/wp-content\/uploads\/2025\/05\/Troistorrents.jpg\" alt=\"\" class=\"wp-image-81922\"\/><\/figure>\n\n\n\n<p><\/p>\n\n\n\n<h3 class=\"wp-block-heading\">Contact<\/h3>\n\n\n\n<p>Alain Besson<br>chemin des Coumenets 11<br>1000 Lausanne<br>T\u00e9l.: +41 21&nbsp;544 85 20, mobile: +41 79 605 36 30<br>[email]&#97;&#x31;&#98;&#x65;&#115;&#x73;&#111;&#x6e;&#64;&#x67;m&#x61;i&#x6c;&#46;&#99;&#x6f;&#109;[\/email]<\/p>\n","protected":false},"excerpt":{"rendered":"<p>Samedi 22 juillet 2017, Suisse, Troistorrents, VTT Rendez-vous au parking de la salle polyvalente \u00e0 8 h 30 pour le caf\u00e9, d\u00e9part \u00e0 9 h 4 cols dont 1 \u00e0 plus de 2000 m, 35 km, 1500 m de d\u00e9nivel\u00e9. Contact Alain Bessonchemin des Coumenets 111000 LausanneT\u00e9l.: +41 21&nbsp;544 85 20, mobile: +41 79 605 [&hellip;]<\/p>\n","protected":false},"author":136,"featured_media":81922,"comment_status":"closed","ping_status":"open","sticky":false,"template":"","format":"standard","meta":{"_acf_changed":false,"footnotes":""},"categories":[135,280,216],"tags":[],"class_list":["post-81921","post","type-post","status-publish","format-standard","has-post-thumbnail","hentry","category-calendrier","category-les-rassemblements-de-2017","category-rencontres-regionales"],"acf":[],"yoast_head":"<!-- This site is optimized with the Yoast SEO plugin v27.2 - https:\/\/yoast.com\/product\/yoast-seo-wordpress\/ -->\n<title>Suisse, Troistorrents, VTT, le 22 juillet 2017 - Club des Cent Cols<\/title>\n<meta name=\"robots\" content=\"index, follow, max-snippet:-1, max-image-preview:large, max-video-preview:-1\" \/>\n<link rel=\"canonical\" href=\"https:\/\/centcols.org\/nl\/suisse-troistorrents-vtt-22-juli-2017\/\" \/>\n<meta property=\"og:locale\" content=\"nl_BE\" \/>\n<meta property=\"og:type\" content=\"article\" \/>\n<meta property=\"og:title\" content=\"Suisse, Troistorrents, VTT, le 22 juillet 2017 - Club des Cent Cols\" \/>\n<meta property=\"og:description\" content=\"Samedi 22 juillet 2017, Suisse, Troistorrents, VTT Rendez-vous au parking de la salle polyvalente \u00e0 8 h 30 pour le caf\u00e9, d\u00e9part \u00e0 9 h 4 cols dont 1 \u00e0 plus de 2000 m, 35 km, 1500 m de d\u00e9nivel\u00e9. Contact Alain Bessonchemin des Coumenets 111000 LausanneT\u00e9l.: +41 21&nbsp;544 85 20, mobile: +41 79 605 [&hellip;]\" \/>\n<meta property=\"og:url\" content=\"https:\/\/centcols.org\/nl\/suisse-troistorrents-vtt-22-juli-2017\/\" \/>\n<meta property=\"og:site_name\" content=\"Club des Cent Cols\" \/>\n<meta property=\"article:publisher\" content=\"https:\/\/www.facebook.com\/groups\/5261880558\/?locale=fr_FR\" \/>\n<meta property=\"article:published_time\" content=\"2017-03-07T10:00:13+00:00\" \/>\n<meta property=\"article:modified_time\" content=\"2025-09-14T20:16:05+00:00\" \/>\n<meta property=\"og:image\" content=\"https:\/\/centcols.org\/wp-content\/uploads\/2025\/05\/Troistorrents.jpg\" \/>\n\t<meta property=\"og:image:width\" content=\"758\" \/>\n\t<meta property=\"og:image:height\" content=\"485\" \/>\n\t<meta property=\"og:image:type\" content=\"image\/jpeg\" \/>\n<meta name=\"author\" content=\"Guy Harl\u00e9\" \/>\n<meta name=\"twitter:card\" content=\"summary_large_image\" \/>\n<meta name=\"twitter:label1\" content=\"Geschreven door\" \/>\n\t<meta name=\"twitter:data1\" content=\"Guy Harl\u00e9\" \/>\n\t<meta name=\"twitter:label2\" content=\"Geschatte leestijd\" \/>\n\t<meta name=\"twitter:data2\" content=\"1 minuut\" \/>\n<script type=\"application\/ld+json\" class=\"yoast-schema-graph\">{\"@context\":\"https:\/\/schema.org\",\"@graph\":[{\"@type\":\"Article\",\"@id\":\"https:\/\/centcols.org\/suisse-troistorrents-vtt-le-22-juillet-2017\/#article\",\"isPartOf\":{\"@id\":\"https:\/\/centcols.org\/suisse-troistorrents-vtt-le-22-juillet-2017\/\"},\"author\":{\"name\":\"Guy Harl\u00e9\",\"@id\":\"https:\/\/centcols.org\/#\/schema\/person\/377f00da2793c0363246869bb3a344d0\"},\"headline\":\"Suisse, Troistorrents, VTT, le 22 juillet 2017\",\"datePublished\":\"2017-03-07T10:00:13+00:00\",\"dateModified\":\"2025-09-14T20:16:05+00:00\",\"mainEntityOfPage\":{\"@id\":\"https:\/\/centcols.org\/suisse-troistorrents-vtt-le-22-juillet-2017\/\"},\"wordCount\":49,\"publisher\":{\"@id\":\"https:\/\/centcols.org\/#organization\"},\"image\":{\"@id\":\"https:\/\/centcols.org\/suisse-troistorrents-vtt-le-22-juillet-2017\/#primaryimage\"},\"thumbnailUrl\":\"https:\/\/centcols.org\/wp-content\/uploads\/2025\/05\/Troistorrents.jpg\",\"articleSection\":[\"Calendrier\",\"2017-rassemblements\",\"Rencontres r\u00e9gionales\"],\"inLanguage\":\"nl-BE\"},{\"@type\":\"WebPage\",\"@id\":\"https:\/\/centcols.org\/suisse-troistorrents-vtt-le-22-juillet-2017\/\",\"url\":\"https:\/\/centcols.org\/suisse-troistorrents-vtt-le-22-juillet-2017\/\",\"name\":\"Suisse, Troistorrents, VTT, le 22 juillet 2017 - Club des Cent Cols\",\"isPartOf\":{\"@id\":\"https:\/\/centcols.org\/#website\"},\"primaryImageOfPage\":{\"@id\":\"https:\/\/centcols.org\/suisse-troistorrents-vtt-le-22-juillet-2017\/#primaryimage\"},\"image\":{\"@id\":\"https:\/\/centcols.org\/suisse-troistorrents-vtt-le-22-juillet-2017\/#primaryimage\"},\"thumbnailUrl\":\"https:\/\/centcols.org\/wp-content\/uploads\/2025\/05\/Troistorrents.jpg\",\"datePublished\":\"2017-03-07T10:00:13+00:00\",\"dateModified\":\"2025-09-14T20:16:05+00:00\",\"breadcrumb\":{\"@id\":\"https:\/\/centcols.org\/suisse-troistorrents-vtt-le-22-juillet-2017\/#breadcrumb\"},\"inLanguage\":\"nl-BE\",\"potentialAction\":[{\"@type\":\"ReadAction\",\"target\":[\"https:\/\/centcols.org\/suisse-troistorrents-vtt-le-22-juillet-2017\/\"]}]},{\"@type\":\"ImageObject\",\"inLanguage\":\"nl-BE\",\"@id\":\"https:\/\/centcols.org\/suisse-troistorrents-vtt-le-22-juillet-2017\/#primaryimage\",\"url\":\"https:\/\/centcols.org\/wp-content\/uploads\/2025\/05\/Troistorrents.jpg\",\"contentUrl\":\"https:\/\/centcols.org\/wp-content\/uploads\/2025\/05\/Troistorrents.jpg\",\"width\":758,\"height\":485},{\"@type\":\"BreadcrumbList\",\"@id\":\"https:\/\/centcols.org\/suisse-troistorrents-vtt-le-22-juillet-2017\/#breadcrumb\",\"itemListElement\":[{\"@type\":\"ListItem\",\"position\":1,\"name\":\"Accueil\",\"item\":\"https:\/\/centcols.org\/\"},{\"@type\":\"ListItem\",\"position\":2,\"name\":\"Calendrier\",\"item\":\"https:\/\/centcols.org\/rubrique\/calendrier\/\"},{\"@type\":\"ListItem\",\"position\":3,\"name\":\"Suisse, Troistorrents, VTT, le 22 juillet 2017\"}]},{\"@type\":\"WebSite\",\"@id\":\"https:\/\/centcols.org\/#website\",\"url\":\"https:\/\/centcols.org\/\",\"name\":\"Club des Cent Cols\",\"description\":\"\",\"publisher\":{\"@id\":\"https:\/\/centcols.org\/#organization\"},\"potentialAction\":[{\"@type\":\"SearchAction\",\"target\":{\"@type\":\"EntryPoint\",\"urlTemplate\":\"https:\/\/centcols.org\/?s={search_term_string}\"},\"query-input\":{\"@type\":\"PropertyValueSpecification\",\"valueRequired\":true,\"valueName\":\"search_term_string\"}}],\"inLanguage\":\"nl-BE\"},{\"@type\":\"Organization\",\"@id\":\"https:\/\/centcols.org\/#organization\",\"name\":\"Club des Cent Cols\",\"url\":\"https:\/\/centcols.org\/\",\"logo\":{\"@type\":\"ImageObject\",\"inLanguage\":\"nl-BE\",\"@id\":\"https:\/\/centcols.org\/#\/schema\/logo\/image\/\",\"url\":\"https:\/\/centcols.org\/wp-content\/uploads\/2025\/01\/carte-icone.png\",\"contentUrl\":\"https:\/\/centcols.org\/wp-content\/uploads\/2025\/01\/carte-icone.png\",\"width\":250,\"height\":250,\"caption\":\"Club des Cent Cols\"},\"image\":{\"@id\":\"https:\/\/centcols.org\/#\/schema\/logo\/image\/\"},\"sameAs\":[\"https:\/\/www.facebook.com\/groups\/5261880558\/?locale=fr_FR\"]},{\"@type\":\"Person\",\"@id\":\"https:\/\/centcols.org\/#\/schema\/person\/377f00da2793c0363246869bb3a344d0\",\"name\":\"Guy Harl\u00e9\",\"image\":{\"@type\":\"ImageObject\",\"inLanguage\":\"nl-BE\",\"@id\":\"https:\/\/centcols.org\/wp-content\/litespeed\/avatar\/94c4de37e46cf090f296d42ab3e8d6a6.jpg?ver=1777238144\",\"url\":\"https:\/\/centcols.org\/wp-content\/litespeed\/avatar\/94c4de37e46cf090f296d42ab3e8d6a6.jpg?ver=1777238144\",\"contentUrl\":\"https:\/\/centcols.org\/wp-content\/litespeed\/avatar\/94c4de37e46cf090f296d42ab3e8d6a6.jpg?ver=1777238144\",\"caption\":\"Guy Harl\u00e9\"},\"url\":\"https:\/\/centcols.org\/nl\/author\/5193\/\"}]}<\/script>\n<!-- \/ Yoast SEO plugin. -->","yoast_head_json":{"title":"Zwitserland, Troistorrents, Mountainbike, 22 juli 2017 - Club des Cent Cols","robots":{"index":"index","follow":"follow","max-snippet":"max-snippet:-1","max-image-preview":"max-image-preview:large","max-video-preview":"max-video-preview:-1"},"canonical":"https:\/\/centcols.org\/nl\/suisse-troistorrents-vtt-22-juli-2017\/","og_locale":"nl_BE","og_type":"article","og_title":"Suisse, Troistorrents, VTT, le 22 juillet 2017 - Club des Cent Cols","og_description":"Samedi 22 juillet 2017, Suisse, Troistorrents, VTT Rendez-vous au parking de la salle polyvalente \u00e0 8 h 30 pour le caf\u00e9, d\u00e9part \u00e0 9 h 4 cols dont 1 \u00e0 plus de 2000 m, 35 km, 1500 m de d\u00e9nivel\u00e9. Contact Alain Bessonchemin des Coumenets 111000 LausanneT\u00e9l.: +41 21&nbsp;544 85 20, mobile: +41 79 605 [&hellip;]","og_url":"https:\/\/centcols.org\/nl\/suisse-troistorrents-vtt-22-juli-2017\/","og_site_name":"Club des Cent Cols","article_publisher":"https:\/\/www.facebook.com\/groups\/5261880558\/?locale=fr_FR","article_published_time":"2017-03-07T10:00:13+00:00","article_modified_time":"2025-09-14T20:16:05+00:00","og_image":[{"width":758,"height":485,"url":"https:\/\/centcols.org\/wp-content\/uploads\/2025\/05\/Troistorrents.jpg","type":"image\/jpeg"}],"author":"Guy Harl\u00e9","twitter_card":"summary_large_image","twitter_misc":{"Geschreven door":"Guy Harl\u00e9","Geschatte leestijd":"1 minuut"},"schema":{"@context":"https:\/\/schema.org","@graph":[{"@type":"Article","@id":"https:\/\/centcols.org\/suisse-troistorrents-vtt-le-22-juillet-2017\/#article","isPartOf":{"@id":"https:\/\/centcols.org\/suisse-troistorrents-vtt-le-22-juillet-2017\/"},"author":{"name":"Guy Harl\u00e9","@id":"https:\/\/centcols.org\/#\/schema\/person\/377f00da2793c0363246869bb3a344d0"},"headline":"Suisse, Troistorrents, VTT, le 22 juillet 2017","datePublished":"2017-03-07T10:00:13+00:00","dateModified":"2025-09-14T20:16:05+00:00","mainEntityOfPage":{"@id":"https:\/\/centcols.org\/suisse-troistorrents-vtt-le-22-juillet-2017\/"},"wordCount":49,"publisher":{"@id":"https:\/\/centcols.org\/#organization"},"image":{"@id":"https:\/\/centcols.org\/suisse-troistorrents-vtt-le-22-juillet-2017\/#primaryimage"},"thumbnailUrl":"https:\/\/centcols.org\/wp-content\/uploads\/2025\/05\/Troistorrents.jpg","articleSection":["Calendrier","2017-rassemblements","Rencontres r\u00e9gionales"],"inLanguage":"nl-BE"},{"@type":"WebPage","@id":"https:\/\/centcols.org\/suisse-troistorrents-vtt-le-22-juillet-2017\/","url":"https:\/\/centcols.org\/suisse-troistorrents-vtt-le-22-juillet-2017\/","name":"Zwitserland, Troistorrents, Mountainbike, 22 juli 2017 - Club des Cent Cols","isPartOf":{"@id":"https:\/\/centcols.org\/#website"},"primaryImageOfPage":{"@id":"https:\/\/centcols.org\/suisse-troistorrents-vtt-le-22-juillet-2017\/#primaryimage"},"image":{"@id":"https:\/\/centcols.org\/suisse-troistorrents-vtt-le-22-juillet-2017\/#primaryimage"},"thumbnailUrl":"https:\/\/centcols.org\/wp-content\/uploads\/2025\/05\/Troistorrents.jpg","datePublished":"2017-03-07T10:00:13+00:00","dateModified":"2025-09-14T20:16:05+00:00","breadcrumb":{"@id":"https:\/\/centcols.org\/suisse-troistorrents-vtt-le-22-juillet-2017\/#breadcrumb"},"inLanguage":"nl-BE","potentialAction":[{"@type":"ReadAction","target":["https:\/\/centcols.org\/suisse-troistorrents-vtt-le-22-juillet-2017\/"]}]},{"@type":"ImageObject","inLanguage":"nl-BE","@id":"https:\/\/centcols.org\/suisse-troistorrents-vtt-le-22-juillet-2017\/#primaryimage","url":"https:\/\/centcols.org\/wp-content\/uploads\/2025\/05\/Troistorrents.jpg","contentUrl":"https:\/\/centcols.org\/wp-content\/uploads\/2025\/05\/Troistorrents.jpg","width":758,"height":485},{"@type":"BreadcrumbList","@id":"https:\/\/centcols.org\/suisse-troistorrents-vtt-le-22-juillet-2017\/#breadcrumb","itemListElement":[{"@type":"ListItem","position":1,"name":"Accueil","item":"https:\/\/centcols.org\/"},{"@type":"ListItem","position":2,"name":"Calendrier","item":"https:\/\/centcols.org\/rubrique\/calendrier\/"},{"@type":"ListItem","position":3,"name":"Suisse, Troistorrents, VTT, le 22 juillet 2017"}]},{"@type":"WebSite","@id":"https:\/\/centcols.org\/#website","url":"https:\/\/centcols.org\/","name":"Club van Cent Cols","description":"","publisher":{"@id":"https:\/\/centcols.org\/#organization"},"potentialAction":[{"@type":"SearchAction","target":{"@type":"EntryPoint","urlTemplate":"https:\/\/centcols.org\/?s={search_term_string}"},"query-input":{"@type":"PropertyValueSpecification","valueRequired":true,"valueName":"search_term_string"}}],"inLanguage":"nl-BE"},{"@type":"Organization","@id":"https:\/\/centcols.org\/#organization","name":"Club van Cent Cols","url":"https:\/\/centcols.org\/","logo":{"@type":"ImageObject","inLanguage":"nl-BE","@id":"https:\/\/centcols.org\/#\/schema\/logo\/image\/","url":"https:\/\/centcols.org\/wp-content\/uploads\/2025\/01\/carte-icone.png","contentUrl":"https:\/\/centcols.org\/wp-content\/uploads\/2025\/01\/carte-icone.png","width":250,"height":250,"caption":"Club des Cent Cols"},"image":{"@id":"https:\/\/centcols.org\/#\/schema\/logo\/image\/"},"sameAs":["https:\/\/www.facebook.com\/groups\/5261880558\/?locale=fr_FR"]},{"@type":"Person","@id":"https:\/\/centcols.org\/#\/schema\/person\/377f00da2793c0363246869bb3a344d0","name":"Guy Harl\u00e9","image":{"@type":"ImageObject","inLanguage":"nl-BE","@id":"https:\/\/centcols.org\/wp-content\/litespeed\/avatar\/94c4de37e46cf090f296d42ab3e8d6a6.jpg?ver=1777238144","url":"https:\/\/centcols.org\/wp-content\/litespeed\/avatar\/94c4de37e46cf090f296d42ab3e8d6a6.jpg?ver=1777238144","contentUrl":"https:\/\/centcols.org\/wp-content\/litespeed\/avatar\/94c4de37e46cf090f296d42ab3e8d6a6.jpg?ver=1777238144","caption":"Guy Harl\u00e9"},"url":"https:\/\/centcols.org\/nl\/author\/5193\/"}]}},"_links":{"self":[{"href":"https:\/\/centcols.org\/nl\/wp-json\/wp\/v2\/posts\/81921","targetHints":{"allow":["GET"]}}],"collection":[{"href":"https:\/\/centcols.org\/nl\/wp-json\/wp\/v2\/posts"}],"about":[{"href":"https:\/\/centcols.org\/nl\/wp-json\/wp\/v2\/types\/post"}],"author":[{"embeddable":true,"href":"https:\/\/centcols.org\/nl\/wp-json\/wp\/v2\/users\/136"}],"replies":[{"embeddable":true,"href":"https:\/\/centcols.org\/nl\/wp-json\/wp\/v2\/comments?post=81921"}],"version-history":[{"count":0,"href":"https:\/\/centcols.org\/nl\/wp-json\/wp\/v2\/posts\/81921\/revisions"}],"wp:featuredmedia":[{"embeddable":true,"href":"https:\/\/centcols.org\/nl\/wp-json\/wp\/v2\/media\/81922"}],"wp:attachment":[{"href":"https:\/\/centcols.org\/nl\/wp-json\/wp\/v2\/media?parent=81921"}],"wp:term":[{"taxonomy":"category","embeddable":true,"href":"https:\/\/centcols.org\/nl\/wp-json\/wp\/v2\/categories?post=81921"},{"taxonomy":"post_tag","embeddable":true,"href":"https:\/\/centcols.org\/nl\/wp-json\/wp\/v2\/tags?post=81921"}],"curies":[{"name":"wp","href":"https:\/\/api.w.org\/{rel}","templated":true}]}}