{"id":81957,"date":"2018-01-29T08:56:41","date_gmt":"2018-01-29T06:56:41","guid":{"rendered":"https:\/\/centcols.org\/le-velo-club-dannecy-fete-ses-130-ans-le-4-mars-2018\/"},"modified":"2025-09-13T10:32:34","modified_gmt":"2025-09-13T08:32:34","slug":"velo-club-dannecy-viert-zijn-130e-verjaardag-op-4-maart-2018","status":"publish","type":"post","link":"https:\/\/centcols.org\/nl\/le-velo-club-dannecy-fete-ses-130-ans-le-4-mars-2018\/","title":{"rendered":"V\u00e9lo Club d'Annecy viert zijn 130e verjaardag op 4 maart 2018"},"content":{"rendered":"<p>Zondag 4 maart 2018, 130e verjaardag van VC Annecy<\/p>\n\n\n\n<h3 class=\"wp-block-heading\"><strong>&nbsp;130e verjaardag van de V\u00e9lo Club d'Annecy<\/strong><\/h3>\n\n\n\n<p>&nbsp;<\/p>\n\n\n\n<p>Op 4 maart 2018 bestaat de Velo-club d'Annecy 130 jaar. Een mooi voorbeeld van een lange levensduur!<br>Ter gelegenheid hiervan werden alle clubs in de omgeving uitgenodigd voor een rondleiding op het meer van Annecy, gevolgd door een gezellige borrel.<br>De club Cent Cols, die is voortgekomen uit de wielerclub van Annecy, was een natuurlijke partner voor het evenement, dat een groot aantal deelnemers trok.<br>De weersomstandigheden in de dagen voorafgaand aan het evenement waren bijzonder ongunstig. Het fietspad was voor een groot deel van de route beijzeld, dus de offici\u00eble rondrit over het meer werd afgelast. Slechts een paar fietsers maakten de tocht, maar zij bleven op de weg.<\/p>\n\n\n\n<figure class=\"wp-block-gallery has-nested-images columns-2 is-cropped wp-block-gallery-1 is-layout-flex wp-block-gallery-is-layout-flex\">\n<figure class=\"wp-block-image size-large\"><img loading=\"lazy\" decoding=\"async\" width=\"1200\" height=\"800\" data-id=\"81958\" src=\"https:\/\/centcols.org\/wp-content\/uploads\/2025\/05\/DSCF9472.jpg\" alt=\"\" class=\"wp-image-81958\" srcset=\"https:\/\/centcols.org\/wp-content\/uploads\/2025\/05\/DSCF9472.jpg 1200w, https:\/\/centcols.org\/wp-content\/uploads\/2025\/05\/DSCF9472-768x512.jpg 768w\" sizes=\"auto, (max-width: 1200px) 100vw, 1200px\" \/><figcaption class=\"wp-element-caption\">Aan de start op de P\u00e2quier (foto Lionel David, VCA)<br><\/figcaption><\/figure>\n\n\n\n<figure class=\"wp-block-image size-large\"><img loading=\"lazy\" decoding=\"async\" width=\"1200\" height=\"800\" data-id=\"81959\" src=\"https:\/\/centcols.org\/wp-content\/uploads\/2025\/05\/DSCF9484.jpg\" alt=\"\" class=\"wp-image-81959\" srcset=\"https:\/\/centcols.org\/wp-content\/uploads\/2025\/05\/DSCF9484.jpg 1200w, https:\/\/centcols.org\/wp-content\/uploads\/2025\/05\/DSCF9484-768x512.jpg 768w\" sizes=\"auto, (max-width: 1200px) 100vw, 1200px\" \/><figcaption class=\"wp-element-caption\">Onbegaanbaar fietspad (foto Lionel David, VCA)<\/figcaption><\/figure>\n<\/figure>\n\n\n\n<p>Na de bijeenkomst op de P\u00e2quier kwamen de deelnemers bij elkaar voor een drankje op kosten van de fietsclub van Annecy. Het gesprek was levendig, vooral omdat iedereen uitkeek naar een re\u00fcnie na de winterstop.<\/p>\n\n\n\n<figure class=\"wp-block-gallery has-nested-images columns-2 is-cropped wp-block-gallery-2 is-layout-flex wp-block-gallery-is-layout-flex\">\n<figure class=\"wp-block-image size-large\"><img loading=\"lazy\" decoding=\"async\" width=\"1200\" height=\"800\" data-id=\"81961\" src=\"https:\/\/centcols.org\/wp-content\/uploads\/2025\/05\/DSCF9511.jpg\" alt=\"\" class=\"wp-image-81961\" srcset=\"https:\/\/centcols.org\/wp-content\/uploads\/2025\/05\/DSCF9511.jpg 1200w, https:\/\/centcols.org\/wp-content\/uploads\/2025\/05\/DSCF9511-768x512.jpg 768w\" sizes=\"auto, (max-width: 1200px) 100vw, 1200px\" \/><figcaption class=\"wp-element-caption\">De vertegenwoordigde clubs met Martine Cano, voorzitter van de FFCT en Catherine Borgeais-Rouet, voorzitter van het Comit\u00e9 d\u00e9partemental (foto Lionel David, VCA)<br><\/figcaption><\/figure>\n\n\n\n<figure class=\"wp-block-image size-large\"><img loading=\"lazy\" decoding=\"async\" width=\"1820\" height=\"1024\" data-id=\"81963\" src=\"https:\/\/centcols.org\/wp-content\/uploads\/2025\/05\/20180304_120710.jpg\" alt=\"\" class=\"wp-image-81963\" srcset=\"https:\/\/centcols.org\/wp-content\/uploads\/2025\/05\/20180304_120710.jpg 1820w, https:\/\/centcols.org\/wp-content\/uploads\/2025\/05\/20180304_120710-1200x675.jpg 1200w, https:\/\/centcols.org\/wp-content\/uploads\/2025\/05\/20180304_120710-768x432.jpg 768w, https:\/\/centcols.org\/wp-content\/uploads\/2025\/05\/20180304_120710-1536x864.jpg 1536w\" sizes=\"auto, (max-width: 1820px) 100vw, 1820px\" \/><figcaption class=\"wp-element-caption\">Foto, Lucien Descoins<\/figcaption><\/figure>\n<\/figure>\n\n\n<div class=\"wp-block-image\">\n<figure class=\"aligncenter size-full\"><img loading=\"lazy\" decoding=\"async\" width=\"1200\" height=\"800\" src=\"https:\/\/centcols.org\/wp-content\/uploads\/2025\/05\/DSCF9505.jpg\" alt=\"\" class=\"wp-image-81960\" srcset=\"https:\/\/centcols.org\/wp-content\/uploads\/2025\/05\/DSCF9505.jpg 1200w, https:\/\/centcols.org\/wp-content\/uploads\/2025\/05\/DSCF9505-768x512.jpg 768w\" sizes=\"auto, (max-width: 1200px) 100vw, 1200px\" \/><figcaption class=\"wp-element-caption\">Een geweldige sfeer rond het buffet (foto Lionel David, VCA)<\/figcaption><\/figure>\n<\/div>\n\n\n<h3 class=\"wp-block-heading\">Volledig verslag op de website van V\u00e9lo-Club d'Annecy<\/h3>\n\n\n<div class=\"wp-block-image\">\n<figure class=\"aligncenter size-full\"><img loading=\"lazy\" decoding=\"async\" width=\"768\" height=\"512\" src=\"https:\/\/centcols.org\/wp-content\/uploads\/2025\/05\/reportage-vca.jpg\" alt=\"\" class=\"wp-image-81962\"\/><\/figure>\n<\/div>\n\n\n<p class=\"has-text-align-center\"><a href=\"https:\/\/photos.google.com\/share\/AF1QipMOzQSx68sBmSpORYdle8VVC0-erN4r9leqfCaWIZXpwfKWh6Se-YypkwyK3EGESw?key=bmVNUThUd3YwbWN5bnU0RURMZ0cxSDkycVRPTVNR\" target=\"_blank\" rel=\"noopener\"><br>Toegang tot het rapport (foto Lionel David, VCA)<\/a><\/p>\n\n\n\n<p>&nbsp;<\/p>\n\n\n\n<p>&nbsp;<\/p>\n\n\n\n<p>&nbsp;<\/p>\n\n\n\n<p>&nbsp;<\/p>","protected":false},"excerpt":{"rendered":"<p>Dimanche 4 mars 2018, 130 \u00e9me anniversaire du VC Annecy &nbsp;Anniversaire des 130 ans du V\u00e9lo Club d\u2019Annecy &nbsp; Le 4 mars 2018, le v\u00e9lo-club d&rsquo;Annecy f\u00eate le 130 \u00e9me anniversaire de sa cr\u00e9ation. Bel exemple de long\u00e9vit\u00e9!&#8230;Pour cette occasion, tous les clubs alentour ont \u00e9t\u00e9 convi\u00e9s \u00e0 un tour du lac d&rsquo;Annecy, suivi d&rsquo;un [&hellip;]<\/p>\n","protected":false},"author":136,"featured_media":81958,"comment_status":"closed","ping_status":"open","sticky":false,"template":"","format":"standard","meta":{"_acf_changed":false,"footnotes":""},"categories":[135,282,216],"tags":[],"class_list":["post-81957","post","type-post","status-publish","format-standard","has-post-thumbnail","hentry","category-calendrier","category-les-rassemblements-de-2018","category-rencontres-regionales"],"acf":[],"yoast_head":"<!-- This site is optimized with the Yoast SEO plugin v27.2 - https:\/\/yoast.com\/product\/yoast-seo-wordpress\/ -->\n<title>Le V\u00e9lo Club d&#039;Annecy f\u00eate ses 130 ans le 4 mars 2018 - Club des Cent Cols<\/title>\n<meta name=\"robots\" content=\"index, follow, max-snippet:-1, max-image-preview:large, max-video-preview:-1\" \/>\n<link rel=\"canonical\" href=\"https:\/\/centcols.org\/nl\/velo-club-dannecy-viert-zijn-130e-verjaardag-op-4-maart-2018\/\" \/>\n<meta property=\"og:locale\" content=\"nl_BE\" \/>\n<meta property=\"og:type\" content=\"article\" \/>\n<meta property=\"og:title\" content=\"Le V\u00e9lo Club d&#039;Annecy f\u00eate ses 130 ans le 4 mars 2018 - Club des Cent Cols\" \/>\n<meta property=\"og:description\" content=\"Dimanche 4 mars 2018, 130 \u00e9me anniversaire du VC Annecy &nbsp;Anniversaire des 130 ans du V\u00e9lo Club d\u2019Annecy &nbsp; Le 4 mars 2018, le v\u00e9lo-club d&rsquo;Annecy f\u00eate le 130 \u00e9me anniversaire de sa cr\u00e9ation. Bel exemple de long\u00e9vit\u00e9!&#8230;Pour cette occasion, tous les clubs alentour ont \u00e9t\u00e9 convi\u00e9s \u00e0 un tour du lac d&rsquo;Annecy, suivi d&rsquo;un [&hellip;]\" \/>\n<meta property=\"og:url\" content=\"https:\/\/centcols.org\/nl\/velo-club-dannecy-viert-zijn-130e-verjaardag-op-4-maart-2018\/\" \/>\n<meta property=\"og:site_name\" content=\"Club des Cent Cols\" \/>\n<meta property=\"article:publisher\" content=\"https:\/\/www.facebook.com\/groups\/5261880558\/?locale=fr_FR\" \/>\n<meta property=\"article:published_time\" content=\"2018-01-29T06:56:41+00:00\" \/>\n<meta property=\"article:modified_time\" content=\"2025-09-13T08:32:34+00:00\" \/>\n<meta property=\"og:image\" content=\"https:\/\/centcols.org\/wp-content\/uploads\/2025\/05\/DSCF9472.jpg\" \/>\n\t<meta property=\"og:image:width\" content=\"1200\" \/>\n\t<meta property=\"og:image:height\" content=\"800\" \/>\n\t<meta property=\"og:image:type\" content=\"image\/jpeg\" \/>\n<meta name=\"author\" content=\"Guy Harl\u00e9\" \/>\n<meta name=\"twitter:card\" content=\"summary_large_image\" \/>\n<meta name=\"twitter:label1\" content=\"Geschreven door\" \/>\n\t<meta name=\"twitter:data1\" content=\"Guy Harl\u00e9\" \/>\n\t<meta name=\"twitter:label2\" content=\"Geschatte leestijd\" \/>\n\t<meta name=\"twitter:data2\" content=\"3 minuten\" \/>\n<script type=\"application\/ld+json\" class=\"yoast-schema-graph\">{\"@context\":\"https:\/\/schema.org\",\"@graph\":[{\"@type\":\"Article\",\"@id\":\"https:\/\/centcols.org\/le-velo-club-dannecy-fete-ses-130-ans-le-4-mars-2018\/#article\",\"isPartOf\":{\"@id\":\"https:\/\/centcols.org\/le-velo-club-dannecy-fete-ses-130-ans-le-4-mars-2018\/\"},\"author\":{\"name\":\"Guy Harl\u00e9\",\"@id\":\"https:\/\/centcols.org\/#\/schema\/person\/377f00da2793c0363246869bb3a344d0\"},\"headline\":\"Le V\u00e9lo Club d&rsquo;Annecy f\u00eate ses 130 ans le 4 mars 2018\",\"datePublished\":\"2018-01-29T06:56:41+00:00\",\"dateModified\":\"2025-09-13T08:32:34+00:00\",\"mainEntityOfPage\":{\"@id\":\"https:\/\/centcols.org\/le-velo-club-dannecy-fete-ses-130-ans-le-4-mars-2018\/\"},\"wordCount\":279,\"publisher\":{\"@id\":\"https:\/\/centcols.org\/#organization\"},\"image\":{\"@id\":\"https:\/\/centcols.org\/le-velo-club-dannecy-fete-ses-130-ans-le-4-mars-2018\/#primaryimage\"},\"thumbnailUrl\":\"https:\/\/centcols.org\/wp-content\/uploads\/2025\/05\/DSCF9472.jpg\",\"articleSection\":[\"Calendrier\",\"2018-rassemblements\",\"Rencontres r\u00e9gionales\"],\"inLanguage\":\"nl-BE\"},{\"@type\":\"WebPage\",\"@id\":\"https:\/\/centcols.org\/le-velo-club-dannecy-fete-ses-130-ans-le-4-mars-2018\/\",\"url\":\"https:\/\/centcols.org\/le-velo-club-dannecy-fete-ses-130-ans-le-4-mars-2018\/\",\"name\":\"Le V\u00e9lo Club d'Annecy f\u00eate ses 130 ans le 4 mars 2018 - Club des Cent Cols\",\"isPartOf\":{\"@id\":\"https:\/\/centcols.org\/#website\"},\"primaryImageOfPage\":{\"@id\":\"https:\/\/centcols.org\/le-velo-club-dannecy-fete-ses-130-ans-le-4-mars-2018\/#primaryimage\"},\"image\":{\"@id\":\"https:\/\/centcols.org\/le-velo-club-dannecy-fete-ses-130-ans-le-4-mars-2018\/#primaryimage\"},\"thumbnailUrl\":\"https:\/\/centcols.org\/wp-content\/uploads\/2025\/05\/DSCF9472.jpg\",\"datePublished\":\"2018-01-29T06:56:41+00:00\",\"dateModified\":\"2025-09-13T08:32:34+00:00\",\"breadcrumb\":{\"@id\":\"https:\/\/centcols.org\/le-velo-club-dannecy-fete-ses-130-ans-le-4-mars-2018\/#breadcrumb\"},\"inLanguage\":\"nl-BE\",\"potentialAction\":[{\"@type\":\"ReadAction\",\"target\":[\"https:\/\/centcols.org\/le-velo-club-dannecy-fete-ses-130-ans-le-4-mars-2018\/\"]}]},{\"@type\":\"ImageObject\",\"inLanguage\":\"nl-BE\",\"@id\":\"https:\/\/centcols.org\/le-velo-club-dannecy-fete-ses-130-ans-le-4-mars-2018\/#primaryimage\",\"url\":\"https:\/\/centcols.org\/wp-content\/uploads\/2025\/05\/DSCF9472.jpg\",\"contentUrl\":\"https:\/\/centcols.org\/wp-content\/uploads\/2025\/05\/DSCF9472.jpg\",\"width\":1200,\"height\":800},{\"@type\":\"BreadcrumbList\",\"@id\":\"https:\/\/centcols.org\/le-velo-club-dannecy-fete-ses-130-ans-le-4-mars-2018\/#breadcrumb\",\"itemListElement\":[{\"@type\":\"ListItem\",\"position\":1,\"name\":\"Accueil\",\"item\":\"https:\/\/centcols.org\/\"},{\"@type\":\"ListItem\",\"position\":2,\"name\":\"Calendrier\",\"item\":\"https:\/\/centcols.org\/rubrique\/calendrier\/\"},{\"@type\":\"ListItem\",\"position\":3,\"name\":\"Le V\u00e9lo Club d&rsquo;Annecy f\u00eate ses 130 ans le 4 mars 2018\"}]},{\"@type\":\"WebSite\",\"@id\":\"https:\/\/centcols.org\/#website\",\"url\":\"https:\/\/centcols.org\/\",\"name\":\"Club des Cent Cols\",\"description\":\"\",\"publisher\":{\"@id\":\"https:\/\/centcols.org\/#organization\"},\"potentialAction\":[{\"@type\":\"SearchAction\",\"target\":{\"@type\":\"EntryPoint\",\"urlTemplate\":\"https:\/\/centcols.org\/?s={search_term_string}\"},\"query-input\":{\"@type\":\"PropertyValueSpecification\",\"valueRequired\":true,\"valueName\":\"search_term_string\"}}],\"inLanguage\":\"nl-BE\"},{\"@type\":\"Organization\",\"@id\":\"https:\/\/centcols.org\/#organization\",\"name\":\"Club des Cent Cols\",\"url\":\"https:\/\/centcols.org\/\",\"logo\":{\"@type\":\"ImageObject\",\"inLanguage\":\"nl-BE\",\"@id\":\"https:\/\/centcols.org\/#\/schema\/logo\/image\/\",\"url\":\"https:\/\/centcols.org\/wp-content\/uploads\/2025\/01\/carte-icone.png\",\"contentUrl\":\"https:\/\/centcols.org\/wp-content\/uploads\/2025\/01\/carte-icone.png\",\"width\":250,\"height\":250,\"caption\":\"Club des Cent Cols\"},\"image\":{\"@id\":\"https:\/\/centcols.org\/#\/schema\/logo\/image\/\"},\"sameAs\":[\"https:\/\/www.facebook.com\/groups\/5261880558\/?locale=fr_FR\"]},{\"@type\":\"Person\",\"@id\":\"https:\/\/centcols.org\/#\/schema\/person\/377f00da2793c0363246869bb3a344d0\",\"name\":\"Guy Harl\u00e9\",\"image\":{\"@type\":\"ImageObject\",\"inLanguage\":\"nl-BE\",\"@id\":\"https:\/\/centcols.org\/wp-content\/litespeed\/avatar\/94c4de37e46cf090f296d42ab3e8d6a6.jpg?ver=1777238144\",\"url\":\"https:\/\/centcols.org\/wp-content\/litespeed\/avatar\/94c4de37e46cf090f296d42ab3e8d6a6.jpg?ver=1777238144\",\"contentUrl\":\"https:\/\/centcols.org\/wp-content\/litespeed\/avatar\/94c4de37e46cf090f296d42ab3e8d6a6.jpg?ver=1777238144\",\"caption\":\"Guy Harl\u00e9\"},\"url\":\"https:\/\/centcols.org\/nl\/author\/5193\/\"}]}<\/script>\n<!-- \/ Yoast SEO plugin. -->","yoast_head_json":{"title":"De V\u00e9lo Club d'Annecy viert zijn 130e verjaardag op 4 maart 2018 - Club des Cent Cols","robots":{"index":"index","follow":"follow","max-snippet":"max-snippet:-1","max-image-preview":"max-image-preview:large","max-video-preview":"max-video-preview:-1"},"canonical":"https:\/\/centcols.org\/nl\/velo-club-dannecy-viert-zijn-130e-verjaardag-op-4-maart-2018\/","og_locale":"nl_BE","og_type":"article","og_title":"Le V\u00e9lo Club d'Annecy f\u00eate ses 130 ans le 4 mars 2018 - Club des Cent Cols","og_description":"Dimanche 4 mars 2018, 130 \u00e9me anniversaire du VC Annecy &nbsp;Anniversaire des 130 ans du V\u00e9lo Club d\u2019Annecy &nbsp; Le 4 mars 2018, le v\u00e9lo-club d&rsquo;Annecy f\u00eate le 130 \u00e9me anniversaire de sa cr\u00e9ation. Bel exemple de long\u00e9vit\u00e9!&#8230;Pour cette occasion, tous les clubs alentour ont \u00e9t\u00e9 convi\u00e9s \u00e0 un tour du lac d&rsquo;Annecy, suivi d&rsquo;un [&hellip;]","og_url":"https:\/\/centcols.org\/nl\/velo-club-dannecy-viert-zijn-130e-verjaardag-op-4-maart-2018\/","og_site_name":"Club des Cent Cols","article_publisher":"https:\/\/www.facebook.com\/groups\/5261880558\/?locale=fr_FR","article_published_time":"2018-01-29T06:56:41+00:00","article_modified_time":"2025-09-13T08:32:34+00:00","og_image":[{"width":1200,"height":800,"url":"https:\/\/centcols.org\/wp-content\/uploads\/2025\/05\/DSCF9472.jpg","type":"image\/jpeg"}],"author":"Guy Harl\u00e9","twitter_card":"summary_large_image","twitter_misc":{"Geschreven door":"Guy Harl\u00e9","Geschatte leestijd":"3 minuten"},"schema":{"@context":"https:\/\/schema.org","@graph":[{"@type":"Article","@id":"https:\/\/centcols.org\/le-velo-club-dannecy-fete-ses-130-ans-le-4-mars-2018\/#article","isPartOf":{"@id":"https:\/\/centcols.org\/le-velo-club-dannecy-fete-ses-130-ans-le-4-mars-2018\/"},"author":{"name":"Guy Harl\u00e9","@id":"https:\/\/centcols.org\/#\/schema\/person\/377f00da2793c0363246869bb3a344d0"},"headline":"Le V\u00e9lo Club d&rsquo;Annecy f\u00eate ses 130 ans le 4 mars 2018","datePublished":"2018-01-29T06:56:41+00:00","dateModified":"2025-09-13T08:32:34+00:00","mainEntityOfPage":{"@id":"https:\/\/centcols.org\/le-velo-club-dannecy-fete-ses-130-ans-le-4-mars-2018\/"},"wordCount":279,"publisher":{"@id":"https:\/\/centcols.org\/#organization"},"image":{"@id":"https:\/\/centcols.org\/le-velo-club-dannecy-fete-ses-130-ans-le-4-mars-2018\/#primaryimage"},"thumbnailUrl":"https:\/\/centcols.org\/wp-content\/uploads\/2025\/05\/DSCF9472.jpg","articleSection":["Calendrier","2018-rassemblements","Rencontres r\u00e9gionales"],"inLanguage":"nl-BE"},{"@type":"WebPage","@id":"https:\/\/centcols.org\/le-velo-club-dannecy-fete-ses-130-ans-le-4-mars-2018\/","url":"https:\/\/centcols.org\/le-velo-club-dannecy-fete-ses-130-ans-le-4-mars-2018\/","name":"De V\u00e9lo Club d'Annecy viert zijn 130e verjaardag op 4 maart 2018 - Club des Cent Cols","isPartOf":{"@id":"https:\/\/centcols.org\/#website"},"primaryImageOfPage":{"@id":"https:\/\/centcols.org\/le-velo-club-dannecy-fete-ses-130-ans-le-4-mars-2018\/#primaryimage"},"image":{"@id":"https:\/\/centcols.org\/le-velo-club-dannecy-fete-ses-130-ans-le-4-mars-2018\/#primaryimage"},"thumbnailUrl":"https:\/\/centcols.org\/wp-content\/uploads\/2025\/05\/DSCF9472.jpg","datePublished":"2018-01-29T06:56:41+00:00","dateModified":"2025-09-13T08:32:34+00:00","breadcrumb":{"@id":"https:\/\/centcols.org\/le-velo-club-dannecy-fete-ses-130-ans-le-4-mars-2018\/#breadcrumb"},"inLanguage":"nl-BE","potentialAction":[{"@type":"ReadAction","target":["https:\/\/centcols.org\/le-velo-club-dannecy-fete-ses-130-ans-le-4-mars-2018\/"]}]},{"@type":"ImageObject","inLanguage":"nl-BE","@id":"https:\/\/centcols.org\/le-velo-club-dannecy-fete-ses-130-ans-le-4-mars-2018\/#primaryimage","url":"https:\/\/centcols.org\/wp-content\/uploads\/2025\/05\/DSCF9472.jpg","contentUrl":"https:\/\/centcols.org\/wp-content\/uploads\/2025\/05\/DSCF9472.jpg","width":1200,"height":800},{"@type":"BreadcrumbList","@id":"https:\/\/centcols.org\/le-velo-club-dannecy-fete-ses-130-ans-le-4-mars-2018\/#breadcrumb","itemListElement":[{"@type":"ListItem","position":1,"name":"Accueil","item":"https:\/\/centcols.org\/"},{"@type":"ListItem","position":2,"name":"Calendrier","item":"https:\/\/centcols.org\/rubrique\/calendrier\/"},{"@type":"ListItem","position":3,"name":"Le V\u00e9lo Club d&rsquo;Annecy f\u00eate ses 130 ans le 4 mars 2018"}]},{"@type":"WebSite","@id":"https:\/\/centcols.org\/#website","url":"https:\/\/centcols.org\/","name":"Club van Cent Cols","description":"","publisher":{"@id":"https:\/\/centcols.org\/#organization"},"potentialAction":[{"@type":"SearchAction","target":{"@type":"EntryPoint","urlTemplate":"https:\/\/centcols.org\/?s={search_term_string}"},"query-input":{"@type":"PropertyValueSpecification","valueRequired":true,"valueName":"search_term_string"}}],"inLanguage":"nl-BE"},{"@type":"Organization","@id":"https:\/\/centcols.org\/#organization","name":"Club van Cent Cols","url":"https:\/\/centcols.org\/","logo":{"@type":"ImageObject","inLanguage":"nl-BE","@id":"https:\/\/centcols.org\/#\/schema\/logo\/image\/","url":"https:\/\/centcols.org\/wp-content\/uploads\/2025\/01\/carte-icone.png","contentUrl":"https:\/\/centcols.org\/wp-content\/uploads\/2025\/01\/carte-icone.png","width":250,"height":250,"caption":"Club des Cent Cols"},"image":{"@id":"https:\/\/centcols.org\/#\/schema\/logo\/image\/"},"sameAs":["https:\/\/www.facebook.com\/groups\/5261880558\/?locale=fr_FR"]},{"@type":"Person","@id":"https:\/\/centcols.org\/#\/schema\/person\/377f00da2793c0363246869bb3a344d0","name":"Guy Harl\u00e9","image":{"@type":"ImageObject","inLanguage":"nl-BE","@id":"https:\/\/centcols.org\/wp-content\/litespeed\/avatar\/94c4de37e46cf090f296d42ab3e8d6a6.jpg?ver=1777238144","url":"https:\/\/centcols.org\/wp-content\/litespeed\/avatar\/94c4de37e46cf090f296d42ab3e8d6a6.jpg?ver=1777238144","contentUrl":"https:\/\/centcols.org\/wp-content\/litespeed\/avatar\/94c4de37e46cf090f296d42ab3e8d6a6.jpg?ver=1777238144","caption":"Guy Harl\u00e9"},"url":"https:\/\/centcols.org\/nl\/author\/5193\/"}]}},"_links":{"self":[{"href":"https:\/\/centcols.org\/nl\/wp-json\/wp\/v2\/posts\/81957","targetHints":{"allow":["GET"]}}],"collection":[{"href":"https:\/\/centcols.org\/nl\/wp-json\/wp\/v2\/posts"}],"about":[{"href":"https:\/\/centcols.org\/nl\/wp-json\/wp\/v2\/types\/post"}],"author":[{"embeddable":true,"href":"https:\/\/centcols.org\/nl\/wp-json\/wp\/v2\/users\/136"}],"replies":[{"embeddable":true,"href":"https:\/\/centcols.org\/nl\/wp-json\/wp\/v2\/comments?post=81957"}],"version-history":[{"count":0,"href":"https:\/\/centcols.org\/nl\/wp-json\/wp\/v2\/posts\/81957\/revisions"}],"wp:featuredmedia":[{"embeddable":true,"href":"https:\/\/centcols.org\/nl\/wp-json\/wp\/v2\/media\/81958"}],"wp:attachment":[{"href":"https:\/\/centcols.org\/nl\/wp-json\/wp\/v2\/media?parent=81957"}],"wp:term":[{"taxonomy":"category","embeddable":true,"href":"https:\/\/centcols.org\/nl\/wp-json\/wp\/v2\/categories?post=81957"},{"taxonomy":"post_tag","embeddable":true,"href":"https:\/\/centcols.org\/nl\/wp-json\/wp\/v2\/tags?post=81957"}],"curies":[{"name":"wp","href":"https:\/\/api.w.org\/{rel}","templated":true}]}}