{"id":81971,"date":"2018-03-06T09:04:06","date_gmt":"2018-03-06T07:04:06","guid":{"rendered":"https:\/\/centcols.org\/assemblee-generale-du-club-des-cent-cols-a-bedoin-vaucluse-le-10-novembre-2018\/"},"modified":"2025-09-02T11:09:58","modified_gmt":"2025-09-02T09:09:58","slug":"ag-2018-bedoin","status":"publish","type":"post","link":"https:\/\/centcols.org\/nl\/ag-2018-bedoin\/","title":{"rendered":"Algemene vergadering van de Club des Cent Cols in B\u00e9doin (Vaucluse) op 10 november 2018"},"content":{"rendered":"<h2 class=\"wp-block-heading\">Presentatie<\/h2>\n\n\n\n<p>AVA 2018, B\u00e9doin, zaterdag 10 november 2018 om 14.30 uur<\/p>\n\n\n\n<p>Je kunt je vanaf juni 2018 inschrijven voor accommodatie:<\/p>\n\n\n<div class=\"wp-block-image\">\n<figure class=\"aligncenter size-full is-resized\"><img loading=\"lazy\" decoding=\"async\" width=\"1200\" height=\"797\" src=\"https:\/\/centcols.org\/wp-content\/uploads\/2018\/03\/Ventoux-13.jpg\" alt=\"\" class=\"wp-image-88974\" style=\"width:800px\" srcset=\"https:\/\/centcols.org\/wp-content\/uploads\/2018\/03\/Ventoux-13.jpg 1200w, https:\/\/centcols.org\/wp-content\/uploads\/2018\/03\/Ventoux-13-768x510.jpg 768w\" sizes=\"auto, (max-width: 1200px) 100vw, 1200px\" \/><figcaption class=\"wp-element-caption\">Mont Ventoux (foto T Labour)<\/figcaption><\/figure>\n<\/div>\n\n\n<p>In dit vriendelijke dorp, aan de voet van de G\u00e9ant de Provence, 50 km ten oosten van Avignon en 15 km van Carpentras, houden we onze algemene vergadering van 2018. Alle activiteiten - behalve het fietsen natuurlijk - (de algemene vergadering zelf, de stemming ter plaatse, de maaltijden en het verblijf) zullen plaatsvinden in het vakantiedorp Les Florans in B\u00e9doin, in het departement Vaucluse. Het dorp wordt beheerd door het VTF-bedrijf en zal bij uitzondering open blijven na de herfstvakantie om ons te verwelkomen.<br>Veel bergbeklimmers kennen dit dorp, dat het startpunt is voor de beklimming van de Mont Ventoux via de zuidhelling, een route die bekend staat als de moeilijkste. Hoewel ons verblijf hier in november is, is het niet onmogelijk dat sommige mensen de beklimming willen maken als ze daar zin in hebben, in de zon en milde temperaturen.<br>Zoals gewoonlijk bieden we twee <a href=\"\/nl\/membres\/cctours\/tours.php\/?lieu=B\u00e9doin&amp;an=2018&amp;genre=R\">wegcircuits<\/a> en twee <a href=\"\/nl\/membres\/cctours\/tours.php\/?lieu=B\u00e9doin&amp;an=2018&amp;genre=V\">mountainbikeroutes<\/a> in de omgeving, waarschijnlijk vertrekkend vanuit het centrum, op zaterdag- en zondagochtend.<\/p>\n\n\n<div class=\"wp-block-image wp-image-33269\">\n<figure class=\"aligncenter size-full is-resized\"><img loading=\"lazy\" decoding=\"async\" width=\"1200\" height=\"797\" src=\"https:\/\/centcols.org\/wp-content\/uploads\/2018\/03\/Gorges-de-la-Nesque-1.jpg\" alt=\"\" class=\"wp-image-88976\" style=\"width:800px\" srcset=\"https:\/\/centcols.org\/wp-content\/uploads\/2018\/03\/Gorges-de-la-Nesque-1.jpg 1200w, https:\/\/centcols.org\/wp-content\/uploads\/2018\/03\/Gorges-de-la-Nesque-1-768x510.jpg 768w\" sizes=\"auto, (max-width: 1200px) 100vw, 1200px\" \/><figcaption class=\"wp-element-caption\">Gorges de la Nesque (foto T Labour)<\/figcaption><\/figure>\n<\/div>\n\n\n<p>Het gebied rond B\u00e9doin is rijk aan prachtige sites en landschappen die onze aandacht verdienen, vooral omdat er geen tekort aan passen is. Dus, Dentelles de Montmirail, Gorges de la Nesque, etc., we zullen zien wat onze vrienden van Club Vaison Cyclo Nature (VCN) bedenken, en we willen hen hartelijk bedanken voor hun hulp bij de voorbereiding van de AVA en de tocht.<\/p>\n\n\n\n<p>BEDOIN<br>Dit is een charmant boerendorpje op de Mont Ventoux. Het ligt verspreid over een groot gebied en bestaat uit verschillende gehuchten die allemaal het mediterrane klimaat en de bijna dagelijkse zon gemeen hebben. Het produceert een\u00a0<a href=\"https:\/\/www.provenceweb.fr\/f\/mag\/terroir\/vin\/vignobles\/ventoux.htm\">AOC-geclassificeerde wijn<\/a>\u00a0evenals fruit en asperges. B\u00e9doin heeft het geluk een van de grootste gemeentelijke bossen van Frankrijk te hebben. Het beslaat meer dan 6.300 hectare, een derde van het bosareaal van de Mont Ventoux. Het is zonder twijfel het meest gevarieerde bos van de Vaucluse, met meer dan 1.200 verschillende plantensoorten! Het dorp heeft een zeer lange geschiedenis, die teruggaat tot de prehistorie. Als je nieuwsgierig bent, zul je ge\u00efnteresseerd zijn om te lezen<a href=\"https:\/\/fr.wikipedia.org\/wiki\/B%C3%A9doin\"> Wikipedia-artikel<\/a> op het internet.<\/p>\n\n\n\n<p>ACCOMMODATIE, RESTAURATIE en locatie van de AVA<\/p>\n\n\n\n<figure class=\"wp-block-image size-full is-resized alignnone wp-image-33268\"><img loading=\"lazy\" decoding=\"async\" width=\"1200\" height=\"755\" src=\"https:\/\/centcols.org\/wp-content\/uploads\/2018\/03\/Bedoin-les-florans.jpg\" alt=\"\" class=\"wp-image-88977\" style=\"aspect-ratio:1;width:840px;height:auto\" srcset=\"https:\/\/centcols.org\/wp-content\/uploads\/2018\/03\/Bedoin-les-florans.jpg 1200w, https:\/\/centcols.org\/wp-content\/uploads\/2018\/03\/Bedoin-les-florans-768x483.jpg 768w\" sizes=\"auto, (max-width: 1200px) 100vw, 1200px\" \/><figcaption class=\"wp-element-caption\">B\u00e9doin Les Florans (foto VTF)<\/figcaption><\/figure>\n\n\n\n<p>VTF vakantiedorp \u00abLes Florans\u00bb<br>Wijngaard<br>BP 02, 84410 B\u00c9DOIN<br>Tel: +33 4 90 65 60 10<br><a href=\"https:\/\/www.vtf-vacances.com\/fr\/village-vacances-familles\/provence-alpes-cote-d-azur\/vaucluse\/bedoin\/417\" target=\"_blank\" rel=\"noopener\">Website<\/a><\/p>\n\n\n\n<h2 class=\"wp-block-heading\">Fietsen<\/h2>\n\n\n\n<p>Er zijn vier routes voorbereid.<\/p>\n\n\n\n<p>Op zaterdagochtend starten het wegcircuit (ongeveer 45 km) en het mountainbikecircuit (27 km, met weg-, R1\/R2- en S3-secties) vanuit M\u00e9thamis, ongeveer 25 minuten rijden van B\u00e9doin. Het vertrek vanuit M\u00e9thamis is om 8.30 uur, met een vertrek per auto vanuit B\u00e9doin om 8.00 uur. Beide routes worden begeleid door lokale fietsers.<\/p>\n\n\n\n<p>Op zondagochtend start het wegcircuit (ongeveer 45 km) vanaf het vakantiecentrum. Het verzamelpunt is om 8 uur 's ochtends. Het mountainbikeparcours (23 km, met weggedeelten en voornamelijk R1\/R2 en \u00e9\u00e9n R3-gedeelte) brengt je naar de Dentelles de Montmirail, met vertrek in Lafare. Het ontmoetingspunt is om 8.30 uur (vertrek uit B\u00e9doin met de auto om 7.50 uur). Deze twee tochten worden ook begeleid door lokale fietsers.<\/p>\n\n\n\n<h3 class=\"wp-block-heading\">Wegcircuits<\/h3>\n\n\n\n<p>Twee <a href=\"\/nl\/membres\/cctours\/tours.php\/?lieu=B\u00e9doin&amp;an=2018&amp;genre=R\">wegen<\/a> zijn beschikbaar, een voor zaterdag en een voor zondag.<\/p>\n\n\n\n<h3 class=\"wp-block-heading\">Mountainbikeroutes<\/h3>\n\n\n\n<p>Het zijn ook twee <a href=\"\/nl\/membres\/cctours\/tours.php\/?lieu=B\u00e9doin&amp;an=2018&amp;genre=V\">mountainbikeroutes<\/a> voor zaterdag en zondag.<\/p>\n\n\n\n<p>&nbsp;<\/p>","protected":false},"excerpt":{"rendered":"<p>Pr\u00e9sentation AG 2018, B\u00e9doin, samedi 10 novembre 2018 \u00e0 14 h 30 Vous pourrez vous inscrire pour l\u2019h\u00e9bergement \u00e0 partir de juin 2018 : C&rsquo;est dans ce sympathique village, au pied du G\u00e9ant de Provence, \u00e0 50 km \u00e0 l&rsquo;est d&rsquo;Avignon et 15 km de Carpentras, que nous tiendrons notre assembl\u00e9e g\u00e9n\u00e9rale 2018. L&rsquo;ensemble des [&hellip;]<\/p>\n","protected":false},"author":270,"featured_media":81972,"comment_status":"closed","ping_status":"closed","sticky":false,"template":"","format":"standard","meta":{"_acf_changed":false,"footnotes":""},"categories":[217,135],"tags":[],"class_list":["post-81971","post","type-post","status-publish","format-standard","has-post-thumbnail","hentry","category-assemblees-generales","category-calendrier"],"acf":[],"yoast_head":"<!-- This site is optimized with the Yoast SEO plugin v27.2 - https:\/\/yoast.com\/product\/yoast-seo-wordpress\/ -->\n<title>Assembl\u00e9e g\u00e9n\u00e9rale du Club des Cent Cols \u00e0 B\u00e9doin (Vaucluse) le 10 novembre 2018 - Club des Cent Cols<\/title>\n<meta name=\"robots\" content=\"index, follow, max-snippet:-1, max-image-preview:large, max-video-preview:-1\" \/>\n<link rel=\"canonical\" href=\"https:\/\/centcols.org\/nl\/ag-2018-bedoin\/\" \/>\n<meta property=\"og:locale\" content=\"nl_BE\" \/>\n<meta property=\"og:type\" content=\"article\" \/>\n<meta property=\"og:title\" content=\"Assembl\u00e9e g\u00e9n\u00e9rale du Club des Cent Cols \u00e0 B\u00e9doin (Vaucluse) le 10 novembre 2018 - Club des Cent Cols\" \/>\n<meta property=\"og:description\" content=\"Pr\u00e9sentation AG 2018, B\u00e9doin, samedi 10 novembre 2018 \u00e0 14 h 30 Vous pourrez vous inscrire pour l\u2019h\u00e9bergement \u00e0 partir de juin 2018 : C&rsquo;est dans ce sympathique village, au pied du G\u00e9ant de Provence, \u00e0 50 km \u00e0 l&rsquo;est d&rsquo;Avignon et 15 km de Carpentras, que nous tiendrons notre assembl\u00e9e g\u00e9n\u00e9rale 2018. L&rsquo;ensemble des [&hellip;]\" \/>\n<meta property=\"og:url\" content=\"https:\/\/centcols.org\/nl\/ag-2018-bedoin\/\" \/>\n<meta property=\"og:site_name\" content=\"Club des Cent Cols\" \/>\n<meta property=\"article:publisher\" content=\"https:\/\/www.facebook.com\/groups\/5261880558\/?locale=fr_FR\" \/>\n<meta property=\"article:published_time\" content=\"2018-03-06T07:04:06+00:00\" \/>\n<meta property=\"article:modified_time\" content=\"2025-09-02T09:09:58+00:00\" \/>\n<meta property=\"og:image\" content=\"https:\/\/centcols.org\/wp-content\/uploads\/2025\/05\/Bedoin-les-florans2.jpg\" \/>\n\t<meta property=\"og:image:width\" content=\"1628\" \/>\n\t<meta property=\"og:image:height\" content=\"1024\" \/>\n\t<meta property=\"og:image:type\" content=\"image\/jpeg\" \/>\n<meta name=\"author\" content=\"Thierry Labour\" \/>\n<meta name=\"twitter:card\" content=\"summary_large_image\" \/>\n<meta name=\"twitter:label1\" content=\"Geschreven door\" \/>\n\t<meta name=\"twitter:data1\" content=\"Thierry Labour\" \/>\n\t<meta name=\"twitter:label2\" content=\"Geschatte leestijd\" \/>\n\t<meta name=\"twitter:data2\" content=\"4 minuten\" \/>\n<script type=\"application\/ld+json\" class=\"yoast-schema-graph\">{\"@context\":\"https:\/\/schema.org\",\"@graph\":[{\"@type\":\"Article\",\"@id\":\"https:\/\/centcols.org\/ag-2018-bedoin\/#article\",\"isPartOf\":{\"@id\":\"https:\/\/centcols.org\/ag-2018-bedoin\/\"},\"author\":{\"name\":\"Thierry Labour\",\"@id\":\"https:\/\/centcols.org\/#\/schema\/person\/19badcd698057e2dc29340586080b94f\"},\"headline\":\"Assembl\u00e9e g\u00e9n\u00e9rale du Club des Cent Cols \u00e0 B\u00e9doin (Vaucluse) le 10 novembre 2018\",\"datePublished\":\"2018-03-06T07:04:06+00:00\",\"dateModified\":\"2025-09-02T09:09:58+00:00\",\"mainEntityOfPage\":{\"@id\":\"https:\/\/centcols.org\/ag-2018-bedoin\/\"},\"wordCount\":668,\"publisher\":{\"@id\":\"https:\/\/centcols.org\/#organization\"},\"image\":{\"@id\":\"https:\/\/centcols.org\/ag-2018-bedoin\/#primaryimage\"},\"thumbnailUrl\":\"https:\/\/centcols.org\/wp-content\/uploads\/2025\/05\/Bedoin-les-florans2.jpg\",\"articleSection\":[\"Assembl\u00e9es g\u00e9n\u00e9rales\",\"Calendrier\"],\"inLanguage\":\"nl-BE\"},{\"@type\":\"WebPage\",\"@id\":\"https:\/\/centcols.org\/ag-2018-bedoin\/\",\"url\":\"https:\/\/centcols.org\/ag-2018-bedoin\/\",\"name\":\"Assembl\u00e9e g\u00e9n\u00e9rale du Club des Cent Cols \u00e0 B\u00e9doin (Vaucluse) le 10 novembre 2018 - Club des Cent Cols\",\"isPartOf\":{\"@id\":\"https:\/\/centcols.org\/#website\"},\"primaryImageOfPage\":{\"@id\":\"https:\/\/centcols.org\/ag-2018-bedoin\/#primaryimage\"},\"image\":{\"@id\":\"https:\/\/centcols.org\/ag-2018-bedoin\/#primaryimage\"},\"thumbnailUrl\":\"https:\/\/centcols.org\/wp-content\/uploads\/2025\/05\/Bedoin-les-florans2.jpg\",\"datePublished\":\"2018-03-06T07:04:06+00:00\",\"dateModified\":\"2025-09-02T09:09:58+00:00\",\"breadcrumb\":{\"@id\":\"https:\/\/centcols.org\/ag-2018-bedoin\/#breadcrumb\"},\"inLanguage\":\"nl-BE\",\"potentialAction\":[{\"@type\":\"ReadAction\",\"target\":[\"https:\/\/centcols.org\/ag-2018-bedoin\/\"]}]},{\"@type\":\"ImageObject\",\"inLanguage\":\"nl-BE\",\"@id\":\"https:\/\/centcols.org\/ag-2018-bedoin\/#primaryimage\",\"url\":\"https:\/\/centcols.org\/wp-content\/uploads\/2025\/05\/Bedoin-les-florans2.jpg\",\"contentUrl\":\"https:\/\/centcols.org\/wp-content\/uploads\/2025\/05\/Bedoin-les-florans2.jpg\",\"width\":1628,\"height\":1024},{\"@type\":\"BreadcrumbList\",\"@id\":\"https:\/\/centcols.org\/ag-2018-bedoin\/#breadcrumb\",\"itemListElement\":[{\"@type\":\"ListItem\",\"position\":1,\"name\":\"Accueil\",\"item\":\"https:\/\/centcols.org\/\"},{\"@type\":\"ListItem\",\"position\":2,\"name\":\"Assembl\u00e9es g\u00e9n\u00e9rales\",\"item\":\"https:\/\/centcols.org\/rubrique\/assemblees-generales\/\"},{\"@type\":\"ListItem\",\"position\":3,\"name\":\"Assembl\u00e9e g\u00e9n\u00e9rale du Club des Cent Cols \u00e0 B\u00e9doin (Vaucluse) le 10 novembre 2018\"}]},{\"@type\":\"WebSite\",\"@id\":\"https:\/\/centcols.org\/#website\",\"url\":\"https:\/\/centcols.org\/\",\"name\":\"Club des Cent Cols\",\"description\":\"\",\"publisher\":{\"@id\":\"https:\/\/centcols.org\/#organization\"},\"potentialAction\":[{\"@type\":\"SearchAction\",\"target\":{\"@type\":\"EntryPoint\",\"urlTemplate\":\"https:\/\/centcols.org\/?s={search_term_string}\"},\"query-input\":{\"@type\":\"PropertyValueSpecification\",\"valueRequired\":true,\"valueName\":\"search_term_string\"}}],\"inLanguage\":\"nl-BE\"},{\"@type\":\"Organization\",\"@id\":\"https:\/\/centcols.org\/#organization\",\"name\":\"Club des Cent Cols\",\"url\":\"https:\/\/centcols.org\/\",\"logo\":{\"@type\":\"ImageObject\",\"inLanguage\":\"nl-BE\",\"@id\":\"https:\/\/centcols.org\/#\/schema\/logo\/image\/\",\"url\":\"https:\/\/centcols.org\/wp-content\/uploads\/2025\/01\/carte-icone.png\",\"contentUrl\":\"https:\/\/centcols.org\/wp-content\/uploads\/2025\/01\/carte-icone.png\",\"width\":250,\"height\":250,\"caption\":\"Club des Cent Cols\"},\"image\":{\"@id\":\"https:\/\/centcols.org\/#\/schema\/logo\/image\/\"},\"sameAs\":[\"https:\/\/www.facebook.com\/groups\/5261880558\/?locale=fr_FR\"]},{\"@type\":\"Person\",\"@id\":\"https:\/\/centcols.org\/#\/schema\/person\/19badcd698057e2dc29340586080b94f\",\"name\":\"Thierry Labour\",\"image\":{\"@type\":\"ImageObject\",\"inLanguage\":\"nl-BE\",\"@id\":\"https:\/\/centcols.org\/wp-content\/litespeed\/avatar\/0f2ad73ca12dd8b37b8d6dc4b7ca1e71.jpg?ver=1777205821\",\"url\":\"https:\/\/centcols.org\/wp-content\/litespeed\/avatar\/0f2ad73ca12dd8b37b8d6dc4b7ca1e71.jpg?ver=1777205821\",\"contentUrl\":\"https:\/\/centcols.org\/wp-content\/litespeed\/avatar\/0f2ad73ca12dd8b37b8d6dc4b7ca1e71.jpg?ver=1777205821\",\"caption\":\"Thierry Labour\"},\"url\":\"https:\/\/centcols.org\/nl\/author\/5925\/\"}]}<\/script>\n<!-- \/ Yoast SEO plugin. -->","yoast_head_json":{"title":"Algemene vergadering van de Club des Cent Cols in B\u00e9doin (Vaucluse) op 10 november 2018 - Club des Cent Cols","robots":{"index":"index","follow":"follow","max-snippet":"max-snippet:-1","max-image-preview":"max-image-preview:large","max-video-preview":"max-video-preview:-1"},"canonical":"https:\/\/centcols.org\/nl\/ag-2018-bedoin\/","og_locale":"nl_BE","og_type":"article","og_title":"Assembl\u00e9e g\u00e9n\u00e9rale du Club des Cent Cols \u00e0 B\u00e9doin (Vaucluse) le 10 novembre 2018 - Club des Cent Cols","og_description":"Pr\u00e9sentation AG 2018, B\u00e9doin, samedi 10 novembre 2018 \u00e0 14 h 30 Vous pourrez vous inscrire pour l\u2019h\u00e9bergement \u00e0 partir de juin 2018 : C&rsquo;est dans ce sympathique village, au pied du G\u00e9ant de Provence, \u00e0 50 km \u00e0 l&rsquo;est d&rsquo;Avignon et 15 km de Carpentras, que nous tiendrons notre assembl\u00e9e g\u00e9n\u00e9rale 2018. L&rsquo;ensemble des [&hellip;]","og_url":"https:\/\/centcols.org\/nl\/ag-2018-bedoin\/","og_site_name":"Club des Cent Cols","article_publisher":"https:\/\/www.facebook.com\/groups\/5261880558\/?locale=fr_FR","article_published_time":"2018-03-06T07:04:06+00:00","article_modified_time":"2025-09-02T09:09:58+00:00","og_image":[{"width":1628,"height":1024,"url":"https:\/\/centcols.org\/wp-content\/uploads\/2025\/05\/Bedoin-les-florans2.jpg","type":"image\/jpeg"}],"author":"Thierry Labour","twitter_card":"summary_large_image","twitter_misc":{"Geschreven door":"Thierry Labour","Geschatte leestijd":"4 minuten"},"schema":{"@context":"https:\/\/schema.org","@graph":[{"@type":"Article","@id":"https:\/\/centcols.org\/ag-2018-bedoin\/#article","isPartOf":{"@id":"https:\/\/centcols.org\/ag-2018-bedoin\/"},"author":{"name":"Thierry Labour","@id":"https:\/\/centcols.org\/#\/schema\/person\/19badcd698057e2dc29340586080b94f"},"headline":"Assembl\u00e9e g\u00e9n\u00e9rale du Club des Cent Cols \u00e0 B\u00e9doin (Vaucluse) le 10 novembre 2018","datePublished":"2018-03-06T07:04:06+00:00","dateModified":"2025-09-02T09:09:58+00:00","mainEntityOfPage":{"@id":"https:\/\/centcols.org\/ag-2018-bedoin\/"},"wordCount":668,"publisher":{"@id":"https:\/\/centcols.org\/#organization"},"image":{"@id":"https:\/\/centcols.org\/ag-2018-bedoin\/#primaryimage"},"thumbnailUrl":"https:\/\/centcols.org\/wp-content\/uploads\/2025\/05\/Bedoin-les-florans2.jpg","articleSection":["Assembl\u00e9es g\u00e9n\u00e9rales","Calendrier"],"inLanguage":"nl-BE"},{"@type":"WebPage","@id":"https:\/\/centcols.org\/ag-2018-bedoin\/","url":"https:\/\/centcols.org\/ag-2018-bedoin\/","name":"Algemene vergadering van de Club des Cent Cols in B\u00e9doin (Vaucluse) op 10 november 2018 - Club des Cent Cols","isPartOf":{"@id":"https:\/\/centcols.org\/#website"},"primaryImageOfPage":{"@id":"https:\/\/centcols.org\/ag-2018-bedoin\/#primaryimage"},"image":{"@id":"https:\/\/centcols.org\/ag-2018-bedoin\/#primaryimage"},"thumbnailUrl":"https:\/\/centcols.org\/wp-content\/uploads\/2025\/05\/Bedoin-les-florans2.jpg","datePublished":"2018-03-06T07:04:06+00:00","dateModified":"2025-09-02T09:09:58+00:00","breadcrumb":{"@id":"https:\/\/centcols.org\/ag-2018-bedoin\/#breadcrumb"},"inLanguage":"nl-BE","potentialAction":[{"@type":"ReadAction","target":["https:\/\/centcols.org\/ag-2018-bedoin\/"]}]},{"@type":"ImageObject","inLanguage":"nl-BE","@id":"https:\/\/centcols.org\/ag-2018-bedoin\/#primaryimage","url":"https:\/\/centcols.org\/wp-content\/uploads\/2025\/05\/Bedoin-les-florans2.jpg","contentUrl":"https:\/\/centcols.org\/wp-content\/uploads\/2025\/05\/Bedoin-les-florans2.jpg","width":1628,"height":1024},{"@type":"BreadcrumbList","@id":"https:\/\/centcols.org\/ag-2018-bedoin\/#breadcrumb","itemListElement":[{"@type":"ListItem","position":1,"name":"Accueil","item":"https:\/\/centcols.org\/"},{"@type":"ListItem","position":2,"name":"Assembl\u00e9es g\u00e9n\u00e9rales","item":"https:\/\/centcols.org\/rubrique\/assemblees-generales\/"},{"@type":"ListItem","position":3,"name":"Assembl\u00e9e g\u00e9n\u00e9rale du Club des Cent Cols \u00e0 B\u00e9doin (Vaucluse) le 10 novembre 2018"}]},{"@type":"WebSite","@id":"https:\/\/centcols.org\/#website","url":"https:\/\/centcols.org\/","name":"Club van Cent Cols","description":"","publisher":{"@id":"https:\/\/centcols.org\/#organization"},"potentialAction":[{"@type":"SearchAction","target":{"@type":"EntryPoint","urlTemplate":"https:\/\/centcols.org\/?s={search_term_string}"},"query-input":{"@type":"PropertyValueSpecification","valueRequired":true,"valueName":"search_term_string"}}],"inLanguage":"nl-BE"},{"@type":"Organization","@id":"https:\/\/centcols.org\/#organization","name":"Club van Cent Cols","url":"https:\/\/centcols.org\/","logo":{"@type":"ImageObject","inLanguage":"nl-BE","@id":"https:\/\/centcols.org\/#\/schema\/logo\/image\/","url":"https:\/\/centcols.org\/wp-content\/uploads\/2025\/01\/carte-icone.png","contentUrl":"https:\/\/centcols.org\/wp-content\/uploads\/2025\/01\/carte-icone.png","width":250,"height":250,"caption":"Club des Cent Cols"},"image":{"@id":"https:\/\/centcols.org\/#\/schema\/logo\/image\/"},"sameAs":["https:\/\/www.facebook.com\/groups\/5261880558\/?locale=fr_FR"]},{"@type":"Person","@id":"https:\/\/centcols.org\/#\/schema\/person\/19badcd698057e2dc29340586080b94f","name":"Thierry Arbeid","image":{"@type":"ImageObject","inLanguage":"nl-BE","@id":"https:\/\/centcols.org\/wp-content\/litespeed\/avatar\/0f2ad73ca12dd8b37b8d6dc4b7ca1e71.jpg?ver=1777205821","url":"https:\/\/centcols.org\/wp-content\/litespeed\/avatar\/0f2ad73ca12dd8b37b8d6dc4b7ca1e71.jpg?ver=1777205821","contentUrl":"https:\/\/centcols.org\/wp-content\/litespeed\/avatar\/0f2ad73ca12dd8b37b8d6dc4b7ca1e71.jpg?ver=1777205821","caption":"Thierry Labour"},"url":"https:\/\/centcols.org\/nl\/author\/5925\/"}]}},"_links":{"self":[{"href":"https:\/\/centcols.org\/nl\/wp-json\/wp\/v2\/posts\/81971","targetHints":{"allow":["GET"]}}],"collection":[{"href":"https:\/\/centcols.org\/nl\/wp-json\/wp\/v2\/posts"}],"about":[{"href":"https:\/\/centcols.org\/nl\/wp-json\/wp\/v2\/types\/post"}],"author":[{"embeddable":true,"href":"https:\/\/centcols.org\/nl\/wp-json\/wp\/v2\/users\/270"}],"replies":[{"embeddable":true,"href":"https:\/\/centcols.org\/nl\/wp-json\/wp\/v2\/comments?post=81971"}],"version-history":[{"count":0,"href":"https:\/\/centcols.org\/nl\/wp-json\/wp\/v2\/posts\/81971\/revisions"}],"wp:featuredmedia":[{"embeddable":true,"href":"https:\/\/centcols.org\/nl\/wp-json\/wp\/v2\/media\/81972"}],"wp:attachment":[{"href":"https:\/\/centcols.org\/nl\/wp-json\/wp\/v2\/media?parent=81971"}],"wp:term":[{"taxonomy":"category","embeddable":true,"href":"https:\/\/centcols.org\/nl\/wp-json\/wp\/v2\/categories?post=81971"},{"taxonomy":"post_tag","embeddable":true,"href":"https:\/\/centcols.org\/nl\/wp-json\/wp\/v2\/tags?post=81971"}],"curies":[{"name":"wp","href":"https:\/\/api.w.org\/{rel}","templated":true}]}}