{"id":81979,"date":"2018-04-27T16:30:02","date_gmt":"2018-04-27T14:30:02","guid":{"rendered":"https:\/\/centcols.org\/sejour-estival-a-saint-maurice-suisse-du-13-au-19-aout-2018\/"},"modified":"2025-08-29T22:16:12","modified_gmt":"2025-08-29T20:16:12","slug":"verblijf-2018-saint-maurice","status":"publish","type":"post","link":"https:\/\/centcols.org\/nl\/sejour-2018-saint-maurice\/","title":{"rendered":"Zomervakantie in Saint-Maurice (Zwitserland) van 13 tot 19 augustus 2018"},"content":{"rendered":"<p>Het hele Zwitserse team, de IT- en accommodatiemanagers hebben bijgedragen aan deze pagina waarop het verblijf wordt gepresenteerd.<\/p>\n\n\n\n<p>Wat is er te doen? <a href=\"https:\/\/centcols.org\/nl\/video-st-maurice-2018\/\">T\u00e9l\u00e9vision Suisse Romande video<\/a> gefotografeerd voor en tijdens de reis.<\/p>\n\n\n<div class=\"wp-block-image wp-image-33105\">\n<figure class=\"aligncenter size-full is-resized\"><img loading=\"lazy\" decoding=\"async\" width=\"900\" height=\"1200\" src=\"https:\/\/centcols.org\/wp-content\/uploads\/2018\/04\/ville-ST-MAURICE.jpg\" alt=\"\" class=\"wp-image-88647\" style=\"width:auto;height:600px\" srcset=\"https:\/\/centcols.org\/wp-content\/uploads\/2018\/04\/ville-ST-MAURICE.jpg 900w, https:\/\/centcols.org\/wp-content\/uploads\/2018\/04\/ville-ST-MAURICE-768x1024.jpg 768w\" sizes=\"auto, (max-width: 900px) 100vw, 900px\" \/><figcaption class=\"wp-element-caption\">De stad Saint-Maurice (\u00a9nicolassedlatchek.ch)<\/figcaption><\/figure>\n<\/div>\n\n\n<p>Na Spanje en Itali\u00eb biedt de Club opnieuw een vakantie buiten Frankrijk aan. Deze keer is het naar de Franstalige Wallis regio waar onze Zwitserse vrienden ons volgende zomer zullen verwelkomen.<br>Het is gepland in Saint-Maurice, een stad met 4.500 inwoners op 418 meter hoogte, van maandag 13 (welkom tussen 16.00 en 17.45 uur) tot zondag 19 augustus 2018 (na het ontbijt).<br>Deze tocht, georganiseerd door een team van Zwitserse leden, stelt je in staat om de bergpassen van het middelgebergte en die van de kantons Vaud en Fribourg te ontdekken. De hoogste pas op de tocht is de Col de Chassoure CH-VS-2739a en de laagste is de Col du Prion CH-VS-915.<\/p>\n\n\n\n<h2 class=\"wp-block-heading\">Jaarlijkse bijeenkomst<\/h2>\n\n\n\n<p>De jaarlijkse bijeenkomst van de Club wordt gehouden in Morgins op de Frans-Zwitserse grens, op Pas de Morgins CH-VS-1369a op zaterdag 18 augustus 2018.<\/p>\n\n\n<div class=\"wp-block-image alignnone wp-image-33165\">\n<figure class=\"aligncenter size-full is-resized\"><img loading=\"lazy\" decoding=\"async\" width=\"1200\" height=\"900\" src=\"https:\/\/centcols.org\/wp-content\/uploads\/2018\/04\/P1020103-LIEU-CONCENTRATION-1200x900-1.jpg\" alt=\"\" class=\"wp-image-88648\" style=\"width:800px\" srcset=\"https:\/\/centcols.org\/wp-content\/uploads\/2018\/04\/P1020103-LIEU-CONCENTRATION-1200x900-1.jpg 1200w, https:\/\/centcols.org\/wp-content\/uploads\/2018\/04\/P1020103-LIEU-CONCENTRATION-1200x900-1-768x576.jpg 768w\" sizes=\"auto, (max-width: 1200px) 100vw, 1200px\" \/><figcaption class=\"wp-element-caption\">(Ontmoetingsplaats)<\/figcaption><\/figure>\n<\/div>\n\n\n<p>Hieronder vind je de rubrieken:<\/p>\n\n\n\n<ul class=\"wp-block-list\">\n<li>Inleiding tot de regio<\/li>\n\n\n\n<li>De <a href=\"\/nl\/membres\/cctours\/tours.php\/?lieu=St-Maurice&amp;an=2018\">circuits<\/a><\/li>\n\n\n\n<li>Hosting<\/li>\n\n\n\n<li>Noot van de Raad van Bestuur<\/li>\n\n\n\n<li>Registratie, met een kaart van de locatie<\/li>\n\n\n\n<li>Andere activiteiten of bezoeken<\/li>\n\n\n\n<li>Cultuur en praktische kwesties<\/li>\n<\/ul>\n\n\n\n<p>Zie ook <a href=\"https:\/\/centcols.org\/les_rendez-vous\/2018\/StMaurice\/InfoSt-Maurice.pdf\">informatieboekje voor deelnemers<\/a>. Dit is een uittreksel van de brochure die tijdens uw verblijf zal worden uitgedeeld en die naast welkomstboodschappen ook informatie over de regio, de toegang en de veiligheid bevat.<\/p>\n\n\n\n<h2 class=\"wp-block-heading\">Inleiding tot de regio<\/h2>\n\n\n\n<p>Het kanton <strong>Wallis<\/strong> ligt in het zuiden van Zwitserland, doorkruist door de <strong>Rh\u00f4ne<\/strong> die oprijst aan de voet van de <strong>Furka pas<\/strong> (2431 m). De Rh\u00f4ne stroomt aanvankelijk van oost naar west tot Martigny. Daarna buigt de loop scherp af naar het noorden. Na een smalle kloof bij Saint-Maurice mondt de Rh\u00f4ne bij Le Bouveret in de gemeente Port-Valais uit in het Meer van Gen\u00e8ve.<\/p>\n\n\n\n<p>Maar liefst 46 Alpentoppen van meer dan 4000 meter hoog liggen in Wallis, waaronder de <strong>Matterhorn<\/strong> en de <strong>Dufou punt<\/strong>r, de hoogste top van Zwitserland (<strong>4634 m).<br><\/strong>Het kanton heeft de grootste en langste gletsjer van Europa: de <strong>Aletschgletsjer<\/strong> die erkend is als UNESCO Werelderfgoed. Het is ongeveer 24 km lang, met op sommige plaatsen ijs dat tot 900 m dik is. Er zijn 680 gletsjers in het kanton, met een totaal volume van 52 miljard m3 ijs. Dit is twee derde van het ijs in Zwitserland en een derde van het ijs in de Alpen, waardoor het kanton een unieke positie inneemt in het Alpengebied.<\/p>\n\n\n\n<p>Aan alle kanten ingesloten door hoge bergketens, met uitzondering van de monding van de Rh\u00f4ne bij de goulet de <strong><a href=\"https:\/\/fr.wikipedia.org\/wiki\/Saint-Maurice_(Valais)\">Saint-Maurice<\/a>,<\/strong> is het kanton Wallis ge\u00efsoleerd van zijn buren. Deze natuurlijke barri\u00e8res kunnen echter worden overgestoken door hooggelegen bergpassen en spoor- of autotunnels. Het wegennet verbindt de steden en dorpen op de vlakten met elkaar, evenals de vele dorpen die verspreid liggen langs de valleien die loodrecht op de Rh\u00f4nevallei staan. De bergen worden doorkruist door een aantal hooggelegen passen (vaak meer dan 2000 meter): de Simplon, Grand-St-Bernard, Furka, Grimsel, Nufenen, Forclaz en <strong>Geen Morgins<\/strong>. De meeste van deze passen zijn in de winter gesloten. De Grote Sint-Bernard kan echter nog steeds worden overgestoken dankzij de gelijknamige tunnel. Het belangrijkste spoorwegnet doorkruist de Rh\u00f4nevlakte. De spoorwegverbindingen zijn vergemakkelijkt door het graven van de lange L\u00f6tschberg-, Simplon- en Furka-tunnels.<\/p>\n\n\n<div class=\"wp-block-image alignnone wp-image-33186 size-medium\">\n<figure class=\"aligncenter size-full is-resized\"><img loading=\"lazy\" decoding=\"async\" width=\"1200\" height=\"800\" src=\"https:\/\/centcols.org\/wp-content\/uploads\/2018\/04\/sanetsch_lac-1200x800-1.jpg\" alt=\"\" class=\"wp-image-88650\" style=\"width:800px\" srcset=\"https:\/\/centcols.org\/wp-content\/uploads\/2018\/04\/sanetsch_lac-1200x800-1.jpg 1200w, https:\/\/centcols.org\/wp-content\/uploads\/2018\/04\/sanetsch_lac-1200x800-1-768x512.jpg 768w\" sizes=\"auto, (max-width: 1200px) 100vw, 1200px\" \/><figcaption class=\"wp-element-caption\">(foto Andr\u00e9 Rudaz)<\/figcaption><\/figure>\n<\/div>\n\n<div class=\"wp-block-image\">\n<figure class=\"aligncenter size-full is-resized\"><img loading=\"lazy\" decoding=\"async\" width=\"1479\" height=\"1024\" src=\"https:\/\/centcols.org\/wp-content\/uploads\/2018\/04\/\u00a9tintinphotography_3-ST-MAURICE-copie.jpg\" alt=\"\" class=\"wp-image-88652\" style=\"width:800px\" srcset=\"https:\/\/centcols.org\/wp-content\/uploads\/2018\/04\/\u00a9tintinphotography_3-ST-MAURICE-copie.jpg 1479w, https:\/\/centcols.org\/wp-content\/uploads\/2018\/04\/\u00a9tintinphotography_3-ST-MAURICE-copie-1200x831.jpg 1200w, https:\/\/centcols.org\/wp-content\/uploads\/2018\/04\/\u00a9tintinphotography_3-ST-MAURICE-copie-768x532.jpg 768w\" sizes=\"auto, (max-width: 1479px) 100vw, 1479px\" \/><\/figure>\n<\/div>\n\n<div class=\"wp-block-image\">\n<figure class=\"aligncenter size-full is-resized\"><img loading=\"lazy\" decoding=\"async\" width=\"1200\" height=\"801\" src=\"https:\/\/centcols.org\/wp-content\/uploads\/2018\/04\/Col_du_Grand_Saint_Bernard.jpg\" alt=\"\" class=\"wp-image-88653\" style=\"width:800px\" srcset=\"https:\/\/centcols.org\/wp-content\/uploads\/2018\/04\/Col_du_Grand_Saint_Bernard.jpg 1200w, https:\/\/centcols.org\/wp-content\/uploads\/2018\/04\/Col_du_Grand_Saint_Bernard-768x513.jpg 768w\" sizes=\"auto, (max-width: 1200px) 100vw, 1200px\" \/><\/figure>\n<\/div>\n\n<div class=\"wp-block-image alignnone size-medium wp-image-33123\">\n<figure class=\"aligncenter size-full is-resized\"><img loading=\"lazy\" decoding=\"async\" width=\"1200\" height=\"675\" src=\"https:\/\/centcols.org\/wp-content\/uploads\/2018\/04\/full-JBB_5939-\u00a9-jbbieuville-MORGINS-1200x675-1.jpg\" alt=\"\" class=\"wp-image-88655\" style=\"width:800px\" srcset=\"https:\/\/centcols.org\/wp-content\/uploads\/2018\/04\/full-JBB_5939-\u00a9-jbbieuville-MORGINS-1200x675-1.jpg 1200w, https:\/\/centcols.org\/wp-content\/uploads\/2018\/04\/full-JBB_5939-\u00a9-jbbieuville-MORGINS-1200x675-1-768x432.jpg 768w\" sizes=\"auto, (max-width: 1200px) 100vw, 1200px\" \/><figcaption class=\"wp-element-caption\">Saint-Maurice, Col du Grand Saint Bernard, Col du Sanetsch, Morgins. (foto's \u00a9tintinphotography, \u00a9 jbbieuville)<\/figcaption><\/figure>\n<\/div>\n\n\n<h2 class=\"wp-block-heading\"><a href=\"\/nl\/membres\/cctours\/tours.php\/?lieu=St-Maurice&amp;an=2018\">Rondleidingen<\/a><\/h2>\n\n\n\n<p>Elke dag is er een wegcircuit en een mountainbikecircuit.<\/p>\n\n\n\n<p>Sommige <a href=\"\/nl\/membres\/cctours\/tours.php\/?lieu=St-Maurice&amp;an=2018&amp;genre=R\">wegen<\/a> zal vertrekken vanuit Saint-Maurice. De anderen, evenals de <a href=\"\/nl\/membres\/cctours\/tours.php\/?lieu=St-Maurice&amp;an=2018&amp;genre=V\">mountainbikeroutes<\/a> hebben een start waarvoor een voertuig nodig is voor de reis (max. 45 minuten). Er staan een aantal passen op het programma, waaronder twee \u00ab2000\u00bb wegenpassen (Grand St-Bernard en Sanetsch) en een twintigtal \u00ab2000\u00bb muilezelpassen. Voor degenen die hun verblijf in de regio willen verlengen, zijn er een aantal routes zonder vaste data aan het programma toegevoegd.<\/p>\n\n\n\n<h2 class=\"wp-block-heading\">Hosting<\/h2>\n\n\n\n<div class=\"wp-block-columns is-layout-flex wp-container-core-columns-is-layout-9d6595d7 wp-block-columns-is-layout-flex\">\n<div class=\"wp-block-column is-layout-flow wp-block-column-is-layout-flow\" style=\"flex-basis:66.66%\">\n<p>We verblijven in het\u2019<strong>Franciscaanse herberg,<\/strong> gerund door Franciscaner broeders en lekenpersoneel. De capaciteit is\u2019<strong>ongeveer 90 mensen<\/strong>. Als er meer CC-leden ge\u00efnteresseerd zijn, kunnen we tot dertig extra mensen onderbrengen in een nabijgelegen hotel tegen hetzelfde tarief als we ons vroeg genoeg registreren. Daarom vragen we je dringend om je zo snel mogelijk in te schrijven. Voor degenen die <strong>vroeger aankomen of later vertrekken<\/strong>, Een tarief van CHF 60 per persoon per nacht + PD-buffet is onderhandeld (contact alleen per telefoon of e-mail).<\/p>\n\n\n<div class=\"wp-block-image\">\n<figure class=\"aligncenter size-full is-resized\"><img loading=\"lazy\" decoding=\"async\" width=\"1200\" height=\"900\" src=\"https:\/\/centcols.org\/wp-content\/uploads\/2018\/04\/P1020076-HOTELLERIE-1200x900-1.jpg\" alt=\"\" class=\"wp-image-88656\" style=\"width:600px\" srcset=\"https:\/\/centcols.org\/wp-content\/uploads\/2018\/04\/P1020076-HOTELLERIE-1200x900-1.jpg 1200w, https:\/\/centcols.org\/wp-content\/uploads\/2018\/04\/P1020076-HOTELLERIE-1200x900-1-768x576.jpg 768w\" sizes=\"auto, (max-width: 1200px) 100vw, 1200px\" \/><\/figure>\n<\/div><\/div>\n\n\n\n<div class=\"wp-block-column is-layout-flow wp-block-column-is-layout-flow\" style=\"flex-basis:33.33%\">\n<div style=\"height:195px\" aria-hidden=\"true\" class=\"wp-block-spacer\"><\/div>\n\n\n\n<h2 class=\"wp-block-heading\">Noot van de Raad van Bestuur<\/h2>\n\n\n\n<p>Als je je accommodatie elders regelt dan in het vakantiedorp, laat ons dan weten dat je deelneemt aan de vakantie, om 3 redenen:<\/p>\n\n\n\n<ol class=\"wp-block-list\">\n<li>Gezamenlijke evenementen (informatiesessies, welkomst- en afscheidsfeesten) op de juiste grootte kunnen indelen.<\/li>\n\n\n\n<li>Op de routes in verschillende groepen kunnen opsplitsen om de veiligheid voor iedereen te verbeteren.<\/li>\n\n\n\n<li>Om organisatoren te helpen met onvoorziene gebeurtenissen.<\/li>\n<\/ol>\n<\/div>\n<\/div>\n\n\n\n<p><br><strong>Franciscaanse herberg,<\/strong> rue Antoine de Quart\u00e9ry 1, 1890 SAINT-MAURICE, CH.              Tel : +41 (0)24 486 11 11&nbsp; &nbsp; <a href=\"http:\/\/www.hotellerie-franciscaine.ch\/cms3\/fr\/\" target=\"_blank\" rel=\"noreferrer noopener\">Website<\/a><\/p>\n\n\n\n<p>Voor degenen die in <strong>camping of camper<\/strong>, Hier is een lijst met campings in de buurt. Het is verboden om campers te parkeren op de parkeerplaats van H\u00f4tellerie.<\/p>\n\n\n<div class=\"wp-block-image wp-image-33193 size-large\">\n<figure class=\"aligncenter size-full\"><img loading=\"lazy\" decoding=\"async\" width=\"1746\" height=\"248\" src=\"https:\/\/centcols.org\/wp-content\/uploads\/2018\/04\/Liste-camping-St-Maurice.png\" alt=\"\" class=\"wp-image-88660\" srcset=\"https:\/\/centcols.org\/wp-content\/uploads\/2018\/04\/Liste-camping-St-Maurice.png 1746w, https:\/\/centcols.org\/wp-content\/uploads\/2018\/04\/Liste-camping-St-Maurice-1200x170.png 1200w, https:\/\/centcols.org\/wp-content\/uploads\/2018\/04\/Liste-camping-St-Maurice-768x109.png 768w, https:\/\/centcols.org\/wp-content\/uploads\/2018\/04\/Liste-camping-St-Maurice-1536x218.png 1536w\" sizes=\"auto, (max-width: 1746px) 100vw, 1746px\" \/><figcaption class=\"wp-element-caption\">Lijst van campings, Saint-Maurice vetgedrukt.<\/figcaption><\/figure>\n<\/div>\n\n\n<p>Je kunt nu al telefonisch of via de website reserveren op camping Saint-Maurice. De betaling vindt plaats op de dag van aankomst.<\/p>\n\n\n\n<h2 class=\"wp-block-heading\">Registraties<\/h2>\n\n\n\n<p>Om je in te schrijven, download je het PDF-inschrijfformulier met de link hieronder en volg je de instructies daarin. De uiterste datum voor de ontvangst van inschrijvingen is 31 maart 2018.<\/p>\n\n\n\n<p>NB: Zwitserse leden kunnen <strong>betalen in CHF<\/strong> door je rechtstreeks bij Pierre Mai te registreren.<\/p>\n\n\n\n<p>Download het inschrijfformulier voor Saint Maurice 2018<br>Modulo d'iscrizione<br>Boekingsformulier<\/p>\n\n\n\n<h2 class=\"wp-block-heading\">Andere activiteiten of bezoeken<\/h2>\n\n\n\n<p>Er wordt een breed scala aan tochten en wandelingen aangeboden.<\/p>\n\n\n\n<h3 class=\"wp-block-heading\"><strong>In Saint-Maurice<\/strong><\/h3>\n\n\n\n<h4 class=\"wp-block-heading\">De fee\u00ebngrot<\/h4>\n\n\n\n<p>Hoog boven Saint-Maurice, de <a href=\"http:\/\/www.grotteauxfees.ch\/\" target=\"_blank\" rel=\"noreferrer noopener\">Fee\u00ebngrot<\/a> domineert de Rh\u00f4nevallei. Het was de eerste toeristische grot in Zwitserland die werd geopend voor het publiek en biedt al meer dan een eeuw een prachtig natuurlijk schouwspel waarvan de hoofdrolspelers - steen en water - worden gevoed door de verbeelding van de mens om deze reis naar de ingewanden van de aarde onvergetelijk te maken.<br>Na een educatief pad van een halve kilometer door een verlichte galerij bereikt de ondergrondse wandeling haar hoogtepunt wanneer bezoekers een klein meer zien dat wordt gevoed door een duizelingwekkende waterval.<\/p>\n\n\n\n<h4 class=\"wp-block-heading\">Historisch fort<\/h4>\n\n\n\n<p>Het historische fort Saint-Maurice bestaat uit drie forten - Cindey, Scex (VS) en Dailly (VD) - gebouwd tussen de Eerste en Tweede Wereldoorlog. Deze vestingwerken, die van strategisch belang zijn in Europa, bieden bezoekers een prachtige samenvatting van bijna 500 jaar ontwikkeling in vestingbouw, met als hoogtepunt de vestingbouw in Zwitserland. Deze militaire bouwwerken maakten het soms mogelijk dat enkele honderden mannen tot drie maanden in totale autonomie konden leven.<br>De rondleiding gaat langs de bewapening (7,5 cm, 10,5 cm en 15 cm torenkanonnen, enz.), de woonverblijven van het garnizoen en de munitiewinkels, maar ook langs de soms tragische geschiedenis van deze legendarische ondergrondse galerijen (een explosie in een munitiewinkel in 1946 kostte aan tien mensen het leven). <em>(Bron: Wikipedia.)<\/em><\/p>\n\n\n\n<h4 class=\"wp-block-heading\">Kasteel van Saint-Maurice<\/h4>\n\n\n\n<p>Het kasteel van Saint-Maurice, gebouwd aan het einde van de 15e eeuw en volledig verwoest door brand aan het einde van de 17e eeuw, is gunstig gelegen als een sluis aan de ingang van de Rh\u00f4nevallei. Het diende achtereenvolgens als zetel van de gouverneur, wachthuis en douanekantoor, en tussen de 18e en 19e eeuw als weeshuis, bejaardentehuis, militaire school, kazerne en gevangenis. In de twintigste eeuw werd het minder actief maar meer opengesteld voor het grote publiek en na een grote renovatie in de jaren 1970 werd het het kantonale Walliser Militaire Museum.<\/p>\n\n\n<div class=\"wp-block-image alignnone size-medium wp-image-33114\">\n<figure class=\"aligncenter size-full is-resized\"><img loading=\"lazy\" decoding=\"async\" width=\"1200\" height=\"801\" src=\"https:\/\/centcols.org\/wp-content\/uploads\/2018\/04\/\u00a9www.cparide.ch_chateau-ST-MAURICE-1200x801-1.jpg\" alt=\"\" class=\"wp-image-88662\" style=\"width:800px\" srcset=\"https:\/\/centcols.org\/wp-content\/uploads\/2018\/04\/\u00a9www.cparide.ch_chateau-ST-MAURICE-1200x801-1.jpg 1200w, https:\/\/centcols.org\/wp-content\/uploads\/2018\/04\/\u00a9www.cparide.ch_chateau-ST-MAURICE-1200x801-1-768x513.jpg 768w\" sizes=\"auto, (max-width: 1200px) 100vw, 1200px\" \/><figcaption class=\"wp-element-caption\">(foto \u00a9www.cparide.ch)<\/figcaption><\/figure>\n<\/div>\n\n\n<p>Le <a href=\"http:\/\/http\/\/www.chateau-stmaurice.ch\" target=\"_blank\" rel=\"noreferrer noopener\">kasteel<\/a> is nu een locatie voor recepties van de Valais State Council, maar ook een tentoonstellingsruimte gewijd aan tekeningen, cartoons en strips. Een knipoog naar de beroemde schilder Turner (1775-1851), die ooit voor het kasteel stopte om een romantisch portret te schilderen.<\/p>\n\n\n\n<h4 class=\"wp-block-heading\">Abdij van Saint-Maurice<\/h4>\n\n\n\n<p>1500 jaar geschiedenis.<br>De christelijke geschiedenis van Agaune begon rond 300 na Christus met het martelaarschap van de heilige Maurice en zijn metgezellen van het Legioen van Thebanen, op een plaats die V\u00e9rolliez heet. Deze christelijke soldaten, afkomstig uit Egypte, maakten deel uit van het leger van Maximianus op weg naar de Rijn.<br>Maurice, Exup\u00e8re, Innocent, Candide en hun metgezellen weigerden de goddeloze bevelen van de keizer. Ze werden afgeslacht en ter plekke begraven. De Passie van de Martelaren van Agaune, door bisschop Eucher van Lyon, schrijft deze woorden toe aan Maurits:<br>\u00abWij zijn uw soldaten, o keizer, maar bovenal dienaren van God. Wij zijn u militaire gehoorzaamheid verschuldigd, maar wij zijn Hem onschuld verschuldigd. We sterven liever onschuldig dan dat we schuldig leven.<br>Rond 380 verplaatste Theodule, de eerste bekende bisschop van Wallis, de overblijfselen van de martelaren onder de klif en bouwde de eerste basiliek ter ere van hen.<br>In 515 sloeg koning Sigismund een nieuwe weg in door het eeuwige lof in Agaune in te voeren. Dit ononderbroken gebed, 24 uur per dag, ging door tot rond het jaar 1000, zonder veel schriftelijke sporen achter te laten. In 824 werden de monniken vervangen door&nbsp;<a href=\"http:\/\/www.abbaye-stmaurice.ch\/page.php?label=chanoines\">kanunniken<\/a>, die de regel van Sint Augustinus volgde vanaf 1128.<br>Koningen en prinsen gaven de abdij een internationale uitstraling. Ze wilden er hun voordeel mee doen, maar overlaadden de abdij ook met geschenken om de heilige martelaren te eren. De 12e en 13e eeuw waren een gouden eeuw voor de&nbsp;<a href=\"http:\/\/www.abbaye-stmaurice.ch\/page.php?label=tresor\">Schatkist<\/a>&nbsp;relikwie\u00ebn.<\/p>\n\n\n<div class=\"wp-block-image\">\n<figure class=\"aligncenter size-full is-resized\"><img loading=\"lazy\" decoding=\"async\" width=\"1200\" height=\"801\" src=\"https:\/\/centcols.org\/wp-content\/uploads\/2018\/04\/\u00a9www.cparide.ch_abbaye-ST-MAURICE-copie-1200x801-1.jpg\" alt=\"\" class=\"wp-image-88663\" style=\"width:800px\" srcset=\"https:\/\/centcols.org\/wp-content\/uploads\/2018\/04\/\u00a9www.cparide.ch_abbaye-ST-MAURICE-copie-1200x801-1.jpg 1200w, https:\/\/centcols.org\/wp-content\/uploads\/2018\/04\/\u00a9www.cparide.ch_abbaye-ST-MAURICE-copie-1200x801-1-768x513.jpg 768w\" sizes=\"auto, (max-width: 1200px) 100vw, 1200px\" \/><\/figure>\n<\/div>\n\n\n<p>Door de hele geschiedenis heen, <a href=\"http:\/\/www.abbaye-stmaurice.ch\/\" target=\"_blank\" rel=\"noreferrer noopener\">de Abdij<\/a> leefde op het ritme van gebeurtenissen die haar voortbestaan nooit bedreigden. De Reformatie stopte aan de poorten van het klooster. Branden en vallende rotsen maakten herbouw noodzakelijk. De Revolutie, aanvankelijk bedreigend, zorgde er uiteindelijk voor dat het Abdijcollege in 1806 open kon gaan.<\/p>\n\n\n\n<h2 class=\"wp-block-heading\">Bezienswaardigheden in de regio<\/h2>\n\n\n\n<ul class=\"wp-block-list\">\n<li><a href=\"https:\/\/www.bains-lavey.ch\/fr\/\" target=\"_blank\" rel=\"noreferrer noopener\">LAVEY-LES-BAINS<\/a><\/li>\n\n\n\n<li><a href=\"https:\/\/www.chillon.ch\/\" target=\"_blank\" rel=\"noreferrer noopener\">KASTEEL VAN CHILLON<\/a><\/li>\n\n\n\n<li><a href=\"https:\/\/www.chillon.ch\/\" target=\"_blank\" rel=\"noreferrer noopener\">KASTEEL VAN CHILLON<\/a><\/li>\n\n\n\n<li><a href=\"http:\/\/www.seldesalpes.ch\/\" target=\"_blank\" rel=\"noreferrer noopener\">SALINEN DE BEX<\/a><\/li>\n\n\n\n<li><a href=\"http:\/\/www.gianadda.ch\/\" target=\"_blank\" rel=\"noreferrer noopener\">STICHTING GIANADA<\/a><\/li>\n\n\n\n<li><a href=\"http:\/\/www.zoo-alpin.ch\/fr\/piscine.html\" target=\"_blank\" rel=\"noreferrer noopener\">MAR\u00c9COTTES<\/a><\/li>\n\n\n\n<li><a href=\"http:\/\/www.martigny-region.ch\/tourisme\/office-tourisme-saint-maurice-21.html\" target=\"_blank\" rel=\"noreferrer noopener\">VVV-KANTOOR<\/a> de Saint-Maurice<\/li>\n\n\n\n<li><a href=\"http:\/\/fr.uci.ch\/wcc\/about\/centre-mondial-cyclisme\/\" target=\"_blank\" rel=\"noreferrer noopener\">WERELDFIETSCENTRUM<\/a>, in AIGLE<\/li>\n\n\n\n<li><a href=\"http:\/\/www.lac-souterrain.com\/\" target=\"_blank\" rel=\"noreferrer noopener\">LAC SAINT-L\u00c9ONARD<\/a><\/li>\n\n\n\n<li><a href=\"http:\/\/www.cgn.ch\/fr-CH\" target=\"_blank\" rel=\"noreferrer noopener\">LAKE LEMAN CRUISE<\/a><\/li>\n\n\n\n<li><a href=\"https:\/\/www.fondation-barry.ch\/fr\/bienvenue-au-mus\u00e9e-des-saint-bernard\" target=\"_blank\" rel=\"noreferrer noopener\">BARRYLAND<\/a> - SINT BERNARD MUSEUM EN HONDEN<\/li>\n\n\n\n<li><a href=\"http:\/\/www.aigle.ch\/N2077\/chateau-d-aigle.html\" target=\"_blank\" rel=\"noreferrer noopener\">KASTEEL VAN AIGLE<\/a><\/li>\n\n\n\n<li>CHAPLIN MUSEUM (De Wereld van Chaplin) - route de Fenil 2 - 1804 Corsier-sur-Vevey<\/li>\n<\/ul>\n\n\n\n<h2 class=\"wp-block-heading\">Cultuur en praktische kwesties<\/h2>\n\n\n\n<p>We gaan opnieuw een vreemd land bezoeken waarvan de gewoonten ons kunnen verrassen. Het is belangrijk om te onthouden dat we in Franstalig Zwitserland (en niet in Franstalig Zwitserland) Frans spreken met een woordenschat die specifiek is voor het land, bekend als helv\u00e9tismes. Dit zijn Zwitserse woorden en uitdrukkingen die u zult moeten leren (cornet, natel, caissier, etc.). Een korte lijst met andere taalgebruiken zal u worden gepresenteerd tijdens het welkomstwoord.<\/p>\n\n\n\n<p>En vergeet niet: deze woorden bestaan echt, en we hebben het over de Franse taal - misschien regionaal, maar net zo geldig als de Zeshoek! Dus open je oren en ogen, deel en oordeel niet.<\/p>\n\n\n\n<p>Wallis is een katholiek kanton en respect voor gebruiken en geloof is belangrijk, vooral in het gebied waar we verblijven.<br>In sommige restaurants wordt water in een karaf beschouwd als een op zichzelf staande service waarvoor meestal moet worden betaald (dit is niet het geval bij H\u00f4tellerie Franciscaine). Aan de andere kant zijn er voldoende drinkwaterpunten en is het kraanwater overal uitstekend!<\/p>\n\n\n\n<p>In Zwitserland worden de regels strikt nageleefd en overtredingen worden afgekeurd en kunnen worden bestraft.<\/p>\n\n\n\n<p>Fietsers moeten de fietspaden gebruiken. Bij het mountainbiken is het belangrijk om de verboden zones te respecteren en voetgangers hebben altijd voorrang.<\/p>\n\n\n\n<p>Respecteer de verkeersregels - grensoverschrijdende boetes zijn aan beide kanten van de grens een realiteit!<\/p>\n\n\n\n<p>Natuurlijk is respect voor de natuur essentieel en moeten we geen afval weggooien, maar we kunnen ook gebruik maken van biologische landbouwproducten en we moeten voorkomen dat de motor van de auto blijft draaien als hij stilstaat.<\/p>\n\n\n\n<p>We bevinden ons buiten de eurozone, dus als je contant betaalt (cheques worden niet geaccepteerd), zorg er dan voor dat je Zwitserse franken bij je hebt, anders loop je het risico dat je een ongunstige koers moet betalen en in Zwitserse franken moet terugbetalen. Creditcards worden bijna overal geaccepteerd. Vergeet niet naar de wisselkoers te vragen als je aankomt, maar let op: vanaf 1 januari is de wisselkoers voor Zwitserse francs hetzelfde als voor Zwitserse franken.<sup>er<\/sup> Op 1 januari 2018 was de wisselkoers CHF 1,17 voor \u20ac 1.<\/p>\n\n\n\n<p>In geval van ziekte of ongeval wordt de Europese ziekteverzekeringskaart erkend door Zwitserland.<\/p>\n\n\n\n<p>Stopcontacten: stopcontacten in Zwitserland zijn een beetje anders dan die in Frankrijk. Terwijl er geen probleem is met de 2-pins mannelijke stopcontacten voor onze kleine apparaten, die we zonder problemen kunnen aansluiten, zullen we een adapter moeten gebruiken voor geaarde stopcontacten.<\/p>\n\n\n\n<figure class=\"wp-block-gallery has-nested-images columns-default is-cropped wp-block-gallery-1 is-layout-flex wp-block-gallery-is-layout-flex\">\n<figure class=\"wp-block-image size-full\"><a href=\"https:\/\/centcols.org\/wp-content\/uploads\/2018\/04\/20180226_111654-768x881-1.jpg\"><img loading=\"lazy\" decoding=\"async\" width=\"768\" height=\"881\" data-id=\"88665\" src=\"https:\/\/centcols.org\/wp-content\/uploads\/2018\/04\/20180226_111654-768x881-1.jpg\" alt=\"\" class=\"wp-image-88665\"\/><\/a><\/figure>\n\n\n\n<figure class=\"wp-block-image size-thumbnail\"><a href=\"https:\/\/centcols.org\/wp-content\/uploads\/2018\/04\/20180226_112005-768x760-1.jpg\"><img loading=\"lazy\" decoding=\"async\" width=\"150\" height=\"150\" data-id=\"88666\" src=\"https:\/\/centcols.org\/wp-content\/uploads\/2018\/04\/20180226_112005-768x760-1-150x150.jpg\" alt=\"\" class=\"wp-image-88666\"\/><\/a><\/figure>\n<\/figure>\n\n\n\n<p>Voor toegang tot de snelweg moet je aan de grens een \u00abvignet\u00bb kopen. Dit kost CHF 40 voor het lopende jaar en is geldig in het hele land. Het is mogelijk om Saint-Maurice zonder vignet te bereiken via de zuidoever van het Meer van Gen\u00e8ve (via Thonon en Evian) of via Pas de Morgins, maar in dat geval kun je tijdens je verblijf geen gebruik maken van de snelwegen.<\/p>\n\n\n\n<p>Let op: in Zwitserland moeten auto's sinds 2015 met hun koplampen aan rijden, wat handmatig moet gebeuren voor auto's die niet zijn uitgerust met het automatische systeem.<\/p>","protected":false},"excerpt":{"rendered":"<p>Ont contribu\u00e9 \u00e0 cette page de pr\u00e9sentation du s\u00e9jour toute l&rsquo;\u00e9quipe suisse, les responsables informatique et s\u00e9jour. \u00c0 voir : vid\u00e9o de la T\u00e9l\u00e9vision Suisse Romande tourn\u00e9e avant et \u00e0 l&rsquo;occasion de ce s\u00e9jour. Une nouvelle fois, le Club propose un s\u00e9jour hors de France, apr\u00e8s l&rsquo;Espagne et l&rsquo;Italie. Cette fois-ci c&rsquo;est dans le Valais [&hellip;]<\/p>\n","protected":false},"author":3,"featured_media":81980,"comment_status":"closed","ping_status":"closed","sticky":false,"template":"","format":"standard","meta":{"_acf_changed":false,"footnotes":""},"categories":[361,135,402,409,231],"tags":[],"class_list":["post-81979","post","type-post","status-publish","format-standard","has-post-thumbnail","hentry","category-suisse-pays-sejours","category-calendrier","category-valais","category-alpes-valaisannes","category-sejours"],"acf":[],"yoast_head":"<!-- This site is optimized with the Yoast SEO plugin v27.2 - https:\/\/yoast.com\/product\/yoast-seo-wordpress\/ -->\n<title>S\u00e9jour estival \u00e0 Saint-Maurice (Suisse) du 13 au 19 ao\u00fbt 2018 - Club des Cent Cols<\/title>\n<meta name=\"robots\" content=\"index, follow, max-snippet:-1, max-image-preview:large, max-video-preview:-1\" \/>\n<link rel=\"canonical\" href=\"https:\/\/centcols.org\/nl\/verblijf-2018-saint-maurice\/\" \/>\n<meta property=\"og:locale\" content=\"nl_BE\" \/>\n<meta property=\"og:type\" content=\"article\" \/>\n<meta property=\"og:title\" content=\"S\u00e9jour estival \u00e0 Saint-Maurice (Suisse) du 13 au 19 ao\u00fbt 2018 - Club des Cent Cols\" \/>\n<meta property=\"og:description\" content=\"Ont contribu\u00e9 \u00e0 cette page de pr\u00e9sentation du s\u00e9jour toute l&rsquo;\u00e9quipe suisse, les responsables informatique et s\u00e9jour. \u00c0 voir : vid\u00e9o de la T\u00e9l\u00e9vision Suisse Romande tourn\u00e9e avant et \u00e0 l&rsquo;occasion de ce s\u00e9jour. Une nouvelle fois, le Club propose un s\u00e9jour hors de France, apr\u00e8s l&rsquo;Espagne et l&rsquo;Italie. Cette fois-ci c&rsquo;est dans le Valais [&hellip;]\" \/>\n<meta property=\"og:url\" content=\"https:\/\/centcols.org\/nl\/verblijf-2018-saint-maurice\/\" \/>\n<meta property=\"og:site_name\" content=\"Club des Cent Cols\" \/>\n<meta property=\"article:publisher\" content=\"https:\/\/www.facebook.com\/groups\/5261880558\/?locale=fr_FR\" \/>\n<meta property=\"article:published_time\" content=\"2018-04-27T14:30:02+00:00\" \/>\n<meta property=\"article:modified_time\" content=\"2025-08-29T20:16:12+00:00\" \/>\n<meta property=\"og:image\" content=\"https:\/\/centcols.org\/wp-content\/uploads\/2025\/05\/\u00a9nicolassedlatchek.ch_ville-ST-MAURICE.jpg\" \/>\n\t<meta property=\"og:image:width\" content=\"1280\" \/>\n\t<meta property=\"og:image:height\" content=\"1706\" \/>\n\t<meta property=\"og:image:type\" content=\"image\/jpeg\" \/>\n<meta name=\"author\" content=\"Webmestre\" \/>\n<meta name=\"twitter:card\" content=\"summary_large_image\" \/>\n<meta name=\"twitter:label1\" content=\"Geschreven door\" \/>\n\t<meta name=\"twitter:data1\" content=\"Webmestre\" \/>\n\t<meta name=\"twitter:label2\" content=\"Geschatte leestijd\" \/>\n\t<meta name=\"twitter:data2\" content=\"15 minuten\" \/>\n<script type=\"application\/ld+json\" class=\"yoast-schema-graph\">{\"@context\":\"https:\/\/schema.org\",\"@graph\":[{\"@type\":\"Article\",\"@id\":\"https:\/\/centcols.org\/sejour-2018-saint-maurice\/#article\",\"isPartOf\":{\"@id\":\"https:\/\/centcols.org\/sejour-2018-saint-maurice\/\"},\"author\":{\"name\":\"Webmestre\",\"@id\":\"https:\/\/centcols.org\/#\/schema\/person\/911b404fb133d8c913dd27cdcf71c8e5\"},\"headline\":\"S\u00e9jour estival \u00e0 Saint-Maurice (Suisse) du 13 au 19 ao\u00fbt 2018\",\"datePublished\":\"2018-04-27T14:30:02+00:00\",\"dateModified\":\"2025-08-29T20:16:12+00:00\",\"mainEntityOfPage\":{\"@id\":\"https:\/\/centcols.org\/sejour-2018-saint-maurice\/\"},\"wordCount\":2576,\"publisher\":{\"@id\":\"https:\/\/centcols.org\/#organization\"},\"image\":{\"@id\":\"https:\/\/centcols.org\/sejour-2018-saint-maurice\/#primaryimage\"},\"thumbnailUrl\":\"https:\/\/centcols.org\/wp-content\/uploads\/2025\/05\/\u00a9nicolassedlatchek.ch_ville-ST-MAURICE.jpg\",\"articleSection\":[\"Suisse\",\"Calendrier\",\"Valais\",\"Alpes valaisannes\",\"S\u00e9jours du Club des Cent Cols\"],\"inLanguage\":\"nl-BE\"},{\"@type\":\"WebPage\",\"@id\":\"https:\/\/centcols.org\/sejour-2018-saint-maurice\/\",\"url\":\"https:\/\/centcols.org\/sejour-2018-saint-maurice\/\",\"name\":\"S\u00e9jour estival \u00e0 Saint-Maurice (Suisse) du 13 au 19 ao\u00fbt 2018 - Club des Cent Cols\",\"isPartOf\":{\"@id\":\"https:\/\/centcols.org\/#website\"},\"primaryImageOfPage\":{\"@id\":\"https:\/\/centcols.org\/sejour-2018-saint-maurice\/#primaryimage\"},\"image\":{\"@id\":\"https:\/\/centcols.org\/sejour-2018-saint-maurice\/#primaryimage\"},\"thumbnailUrl\":\"https:\/\/centcols.org\/wp-content\/uploads\/2025\/05\/\u00a9nicolassedlatchek.ch_ville-ST-MAURICE.jpg\",\"datePublished\":\"2018-04-27T14:30:02+00:00\",\"dateModified\":\"2025-08-29T20:16:12+00:00\",\"breadcrumb\":{\"@id\":\"https:\/\/centcols.org\/sejour-2018-saint-maurice\/#breadcrumb\"},\"inLanguage\":\"nl-BE\",\"potentialAction\":[{\"@type\":\"ReadAction\",\"target\":[\"https:\/\/centcols.org\/sejour-2018-saint-maurice\/\"]}]},{\"@type\":\"ImageObject\",\"inLanguage\":\"nl-BE\",\"@id\":\"https:\/\/centcols.org\/sejour-2018-saint-maurice\/#primaryimage\",\"url\":\"https:\/\/centcols.org\/wp-content\/uploads\/2025\/05\/\u00a9nicolassedlatchek.ch_ville-ST-MAURICE.jpg\",\"contentUrl\":\"https:\/\/centcols.org\/wp-content\/uploads\/2025\/05\/\u00a9nicolassedlatchek.ch_ville-ST-MAURICE.jpg\",\"width\":1280,\"height\":1706},{\"@type\":\"BreadcrumbList\",\"@id\":\"https:\/\/centcols.org\/sejour-2018-saint-maurice\/#breadcrumb\",\"itemListElement\":[{\"@type\":\"ListItem\",\"position\":1,\"name\":\"Accueil\",\"item\":\"https:\/\/centcols.org\/\"},{\"@type\":\"ListItem\",\"position\":2,\"name\":\"S\u00e9jours du Club des Cent Cols\",\"item\":\"https:\/\/centcols.org\/rubrique\/sejours\/\"},{\"@type\":\"ListItem\",\"position\":3,\"name\":\"Pays\",\"item\":\"https:\/\/centcols.org\/rubrique\/sejours\/pays-sejours\/\"},{\"@type\":\"ListItem\",\"position\":4,\"name\":\"Suisse\",\"item\":\"https:\/\/centcols.org\/rubrique\/sejours\/pays-sejours\/suisse-pays-sejours\/\"},{\"@type\":\"ListItem\",\"position\":5,\"name\":\"S\u00e9jour estival \u00e0 Saint-Maurice (Suisse) du 13 au 19 ao\u00fbt 2018\"}]},{\"@type\":\"WebSite\",\"@id\":\"https:\/\/centcols.org\/#website\",\"url\":\"https:\/\/centcols.org\/\",\"name\":\"Club des Cent Cols\",\"description\":\"\",\"publisher\":{\"@id\":\"https:\/\/centcols.org\/#organization\"},\"potentialAction\":[{\"@type\":\"SearchAction\",\"target\":{\"@type\":\"EntryPoint\",\"urlTemplate\":\"https:\/\/centcols.org\/?s={search_term_string}\"},\"query-input\":{\"@type\":\"PropertyValueSpecification\",\"valueRequired\":true,\"valueName\":\"search_term_string\"}}],\"inLanguage\":\"nl-BE\"},{\"@type\":\"Organization\",\"@id\":\"https:\/\/centcols.org\/#organization\",\"name\":\"Club des Cent Cols\",\"url\":\"https:\/\/centcols.org\/\",\"logo\":{\"@type\":\"ImageObject\",\"inLanguage\":\"nl-BE\",\"@id\":\"https:\/\/centcols.org\/#\/schema\/logo\/image\/\",\"url\":\"https:\/\/centcols.org\/wp-content\/uploads\/2025\/01\/carte-icone.png\",\"contentUrl\":\"https:\/\/centcols.org\/wp-content\/uploads\/2025\/01\/carte-icone.png\",\"width\":250,\"height\":250,\"caption\":\"Club des Cent Cols\"},\"image\":{\"@id\":\"https:\/\/centcols.org\/#\/schema\/logo\/image\/\"},\"sameAs\":[\"https:\/\/www.facebook.com\/groups\/5261880558\/?locale=fr_FR\"]},{\"@type\":\"Person\",\"@id\":\"https:\/\/centcols.org\/#\/schema\/person\/911b404fb133d8c913dd27cdcf71c8e5\",\"name\":\"Webmestre\",\"image\":{\"@type\":\"ImageObject\",\"inLanguage\":\"nl-BE\",\"@id\":\"https:\/\/centcols.org\/wp-content\/litespeed\/avatar\/2d246e4b6b4f773e08515e1ffc53690b.jpg?ver=1777222892\",\"url\":\"https:\/\/centcols.org\/wp-content\/litespeed\/avatar\/2d246e4b6b4f773e08515e1ffc53690b.jpg?ver=1777222892\",\"contentUrl\":\"https:\/\/centcols.org\/wp-content\/litespeed\/avatar\/2d246e4b6b4f773e08515e1ffc53690b.jpg?ver=1777222892\",\"caption\":\"Webmestre\"},\"url\":\"https:\/\/centcols.org\/nl\/author\/webmestre\/\"}]}<\/script>\n<!-- \/ Yoast SEO plugin. -->","yoast_head_json":{"title":"Zomervakantie in Saint-Maurice (Zwitserland) van 13 tot 19 augustus 2018 - Club des Cent Cols","robots":{"index":"index","follow":"follow","max-snippet":"max-snippet:-1","max-image-preview":"max-image-preview:large","max-video-preview":"max-video-preview:-1"},"canonical":"https:\/\/centcols.org\/nl\/verblijf-2018-saint-maurice\/","og_locale":"nl_BE","og_type":"article","og_title":"S\u00e9jour estival \u00e0 Saint-Maurice (Suisse) du 13 au 19 ao\u00fbt 2018 - Club des Cent Cols","og_description":"Ont contribu\u00e9 \u00e0 cette page de pr\u00e9sentation du s\u00e9jour toute l&rsquo;\u00e9quipe suisse, les responsables informatique et s\u00e9jour. \u00c0 voir : vid\u00e9o de la T\u00e9l\u00e9vision Suisse Romande tourn\u00e9e avant et \u00e0 l&rsquo;occasion de ce s\u00e9jour. Une nouvelle fois, le Club propose un s\u00e9jour hors de France, apr\u00e8s l&rsquo;Espagne et l&rsquo;Italie. Cette fois-ci c&rsquo;est dans le Valais [&hellip;]","og_url":"https:\/\/centcols.org\/nl\/verblijf-2018-saint-maurice\/","og_site_name":"Club des Cent Cols","article_publisher":"https:\/\/www.facebook.com\/groups\/5261880558\/?locale=fr_FR","article_published_time":"2018-04-27T14:30:02+00:00","article_modified_time":"2025-08-29T20:16:12+00:00","og_image":[{"width":1280,"height":1706,"url":"https:\/\/centcols.org\/wp-content\/uploads\/2025\/05\/\u00a9nicolassedlatchek.ch_ville-ST-MAURICE.jpg","type":"image\/jpeg"}],"author":"Webmestre","twitter_card":"summary_large_image","twitter_misc":{"Geschreven door":"Webmestre","Geschatte leestijd":"15 minuten"},"schema":{"@context":"https:\/\/schema.org","@graph":[{"@type":"Article","@id":"https:\/\/centcols.org\/sejour-2018-saint-maurice\/#article","isPartOf":{"@id":"https:\/\/centcols.org\/sejour-2018-saint-maurice\/"},"author":{"name":"Webmestre","@id":"https:\/\/centcols.org\/#\/schema\/person\/911b404fb133d8c913dd27cdcf71c8e5"},"headline":"S\u00e9jour estival \u00e0 Saint-Maurice (Suisse) du 13 au 19 ao\u00fbt 2018","datePublished":"2018-04-27T14:30:02+00:00","dateModified":"2025-08-29T20:16:12+00:00","mainEntityOfPage":{"@id":"https:\/\/centcols.org\/sejour-2018-saint-maurice\/"},"wordCount":2576,"publisher":{"@id":"https:\/\/centcols.org\/#organization"},"image":{"@id":"https:\/\/centcols.org\/sejour-2018-saint-maurice\/#primaryimage"},"thumbnailUrl":"https:\/\/centcols.org\/wp-content\/uploads\/2025\/05\/\u00a9nicolassedlatchek.ch_ville-ST-MAURICE.jpg","articleSection":["Suisse","Calendrier","Valais","Alpes valaisannes","S\u00e9jours du Club des Cent Cols"],"inLanguage":"nl-BE"},{"@type":"WebPage","@id":"https:\/\/centcols.org\/sejour-2018-saint-maurice\/","url":"https:\/\/centcols.org\/sejour-2018-saint-maurice\/","name":"Zomervakantie in Saint-Maurice (Zwitserland) van 13 tot 19 augustus 2018 - Club des Cent Cols","isPartOf":{"@id":"https:\/\/centcols.org\/#website"},"primaryImageOfPage":{"@id":"https:\/\/centcols.org\/sejour-2018-saint-maurice\/#primaryimage"},"image":{"@id":"https:\/\/centcols.org\/sejour-2018-saint-maurice\/#primaryimage"},"thumbnailUrl":"https:\/\/centcols.org\/wp-content\/uploads\/2025\/05\/\u00a9nicolassedlatchek.ch_ville-ST-MAURICE.jpg","datePublished":"2018-04-27T14:30:02+00:00","dateModified":"2025-08-29T20:16:12+00:00","breadcrumb":{"@id":"https:\/\/centcols.org\/sejour-2018-saint-maurice\/#breadcrumb"},"inLanguage":"nl-BE","potentialAction":[{"@type":"ReadAction","target":["https:\/\/centcols.org\/sejour-2018-saint-maurice\/"]}]},{"@type":"ImageObject","inLanguage":"nl-BE","@id":"https:\/\/centcols.org\/sejour-2018-saint-maurice\/#primaryimage","url":"https:\/\/centcols.org\/wp-content\/uploads\/2025\/05\/\u00a9nicolassedlatchek.ch_ville-ST-MAURICE.jpg","contentUrl":"https:\/\/centcols.org\/wp-content\/uploads\/2025\/05\/\u00a9nicolassedlatchek.ch_ville-ST-MAURICE.jpg","width":1280,"height":1706},{"@type":"BreadcrumbList","@id":"https:\/\/centcols.org\/sejour-2018-saint-maurice\/#breadcrumb","itemListElement":[{"@type":"ListItem","position":1,"name":"Accueil","item":"https:\/\/centcols.org\/"},{"@type":"ListItem","position":2,"name":"S\u00e9jours du Club des Cent Cols","item":"https:\/\/centcols.org\/rubrique\/sejours\/"},{"@type":"ListItem","position":3,"name":"Pays","item":"https:\/\/centcols.org\/rubrique\/sejours\/pays-sejours\/"},{"@type":"ListItem","position":4,"name":"Suisse","item":"https:\/\/centcols.org\/rubrique\/sejours\/pays-sejours\/suisse-pays-sejours\/"},{"@type":"ListItem","position":5,"name":"S\u00e9jour estival \u00e0 Saint-Maurice (Suisse) du 13 au 19 ao\u00fbt 2018"}]},{"@type":"WebSite","@id":"https:\/\/centcols.org\/#website","url":"https:\/\/centcols.org\/","name":"Club van Cent Cols","description":"","publisher":{"@id":"https:\/\/centcols.org\/#organization"},"potentialAction":[{"@type":"SearchAction","target":{"@type":"EntryPoint","urlTemplate":"https:\/\/centcols.org\/?s={search_term_string}"},"query-input":{"@type":"PropertyValueSpecification","valueRequired":true,"valueName":"search_term_string"}}],"inLanguage":"nl-BE"},{"@type":"Organization","@id":"https:\/\/centcols.org\/#organization","name":"Club van Cent Cols","url":"https:\/\/centcols.org\/","logo":{"@type":"ImageObject","inLanguage":"nl-BE","@id":"https:\/\/centcols.org\/#\/schema\/logo\/image\/","url":"https:\/\/centcols.org\/wp-content\/uploads\/2025\/01\/carte-icone.png","contentUrl":"https:\/\/centcols.org\/wp-content\/uploads\/2025\/01\/carte-icone.png","width":250,"height":250,"caption":"Club des Cent Cols"},"image":{"@id":"https:\/\/centcols.org\/#\/schema\/logo\/image\/"},"sameAs":["https:\/\/www.facebook.com\/groups\/5261880558\/?locale=fr_FR"]},{"@type":"Person","@id":"https:\/\/centcols.org\/#\/schema\/person\/911b404fb133d8c913dd27cdcf71c8e5","name":"Webmaster","image":{"@type":"ImageObject","inLanguage":"nl-BE","@id":"https:\/\/centcols.org\/wp-content\/litespeed\/avatar\/2d246e4b6b4f773e08515e1ffc53690b.jpg?ver=1777222892","url":"https:\/\/centcols.org\/wp-content\/litespeed\/avatar\/2d246e4b6b4f773e08515e1ffc53690b.jpg?ver=1777222892","contentUrl":"https:\/\/centcols.org\/wp-content\/litespeed\/avatar\/2d246e4b6b4f773e08515e1ffc53690b.jpg?ver=1777222892","caption":"Webmestre"},"url":"https:\/\/centcols.org\/nl\/author\/webmestre\/"}]}},"_links":{"self":[{"href":"https:\/\/centcols.org\/nl\/wp-json\/wp\/v2\/posts\/81979","targetHints":{"allow":["GET"]}}],"collection":[{"href":"https:\/\/centcols.org\/nl\/wp-json\/wp\/v2\/posts"}],"about":[{"href":"https:\/\/centcols.org\/nl\/wp-json\/wp\/v2\/types\/post"}],"author":[{"embeddable":true,"href":"https:\/\/centcols.org\/nl\/wp-json\/wp\/v2\/users\/3"}],"replies":[{"embeddable":true,"href":"https:\/\/centcols.org\/nl\/wp-json\/wp\/v2\/comments?post=81979"}],"version-history":[{"count":0,"href":"https:\/\/centcols.org\/nl\/wp-json\/wp\/v2\/posts\/81979\/revisions"}],"wp:featuredmedia":[{"embeddable":true,"href":"https:\/\/centcols.org\/nl\/wp-json\/wp\/v2\/media\/81980"}],"wp:attachment":[{"href":"https:\/\/centcols.org\/nl\/wp-json\/wp\/v2\/media?parent=81979"}],"wp:term":[{"taxonomy":"category","embeddable":true,"href":"https:\/\/centcols.org\/nl\/wp-json\/wp\/v2\/categories?post=81979"},{"taxonomy":"post_tag","embeddable":true,"href":"https:\/\/centcols.org\/nl\/wp-json\/wp\/v2\/tags?post=81979"}],"curies":[{"name":"wp","href":"https:\/\/api.w.org\/{rel}","templated":true}]}}