{"id":82135,"date":"2019-06-04T21:27:38","date_gmt":"2019-06-04T19:27:38","guid":{"rendered":"https:\/\/centcols.org\/sejour-dautomne-et-assemblee-generale-a-nant-aveyron-8-au-10-novembre-2019\/"},"modified":"2025-09-14T19:38:56","modified_gmt":"2025-09-14T17:38:56","slug":"ag-2019-nant","status":"publish","type":"post","link":"https:\/\/centcols.org\/nl\/ag-2019-nant\/","title":{"rendered":"Herfstvakantie en algemene vergadering in Nant (Aveyron), 8 tot 10 november 2019"},"content":{"rendered":"<blockquote class=\"wp-block-quote is-layout-flow wp-block-quote-is-layout-flow\">\n<p><span style=\"color: #808080;\">De volgende mensen hebben bijgedragen aan deze pagina over de vakantie: IT- en vakantiemanagers<\/span><\/p>\n<\/blockquote>\n\n\n<div class=\"wp-block-image wp-image-35493\">\n<figure class=\"aligncenter size-full\"><a href=\"https:\/\/centcols.org\/wp-content\/uploads\/2025\/05\/2018.10-Nant-vue-generale017-r.jpg\"><img loading=\"lazy\" decoding=\"async\" width=\"800\" height=\"600\" src=\"https:\/\/centcols.org\/wp-content\/uploads\/2025\/05\/2018.10-Nant-vue-generale017-r.jpg\" alt=\"\" class=\"wp-image-82139\" srcset=\"https:\/\/centcols.org\/wp-content\/uploads\/2025\/05\/2018.10-Nant-vue-generale017-r.jpg 800w, https:\/\/centcols.org\/wp-content\/uploads\/2025\/05\/2018.10-Nant-vue-generale017-r-768x576.jpg 768w\" sizes=\"auto, (max-width: 800px) 100vw, 800px\" \/><\/a><figcaption class=\"wp-element-caption\">Nant - algemeen beeld (Foto Guy Cambess\u00e8d\u00e8s)<\/figcaption><\/figure>\n<\/div>\n\n\n<p><span style=\"color: #000000;\">We zijn in Nant, Aveyron, voor onze herfstvakantie en de\u2019<a href=\"https:\/\/centcols.org\/nl\/ag-2019-nant\/\" target=\"_blank\" rel=\"noopener noreferrer\"><strong>Jaarlijkse Algemene Vergadering<\/strong><\/a> van 2019.<\/span><\/p>\n\n\n\n<h3 class=\"wp-block-heading\"><span style=\"color: #000000;\">Enkele elementen van het programma:<\/span><\/h3>\n\n\n\n<p>Op vrijdag wordt er vanaf 16.30 uur een receptie gehouden. De kamers zijn beschikbaar vanaf 17.00 uur.<\/p>\n\n\n\n<p>Start van de route op zaterdag: 8.30 uur bij het vakantiecentrum<br>Start van de mountainbiketocht van zaterdag: 8.30 uur in Saucli\u00e8res (verzamelen voor carpooling om 8.00 uur bij het vakantiecentrum)<br>Start van de weg- en mountainbikeroutes op zondag: 8.30 uur bij het vakantiecentrum<\/p>\n\n\n\n<p>Alle details over het programma staan in de CCI die je hebt ontvangen of kun je raadplegen op de website.<\/p>\n\n\n\n<h3 class=\"wp-block-heading\"><span style=\"color: #000000; font-size: 1.4em;\">Hieronder vind je de rubrieken:<\/span><\/h3>\n\n\n\n<ul class=\"wp-block-list\">\n<li><span style=\"color: #000000;\">Inleiding tot de regio<\/span><\/li>\n\n\n\n<li><span style=\"color: #000000;\">De <a href=\"\/nl\/membres\/cctours\/tours.php\/?lieu=Nant&amp;an=2019\">circuits<\/a><\/span><\/li>\n\n\n\n<li><span style=\"color: #000000;\">Hosting<\/span><\/li>\n\n\n\n<li><span style=\"color: #000000;\">Noot van de Raad van Bestuur<\/span><\/li>\n\n\n\n<li><span style=\"color: #000000;\">Registratie<\/span><\/li>\n\n\n\n<li><span style=\"color: #000000;\">Jaarlijkse Algemene Vergadering van de Club des Cent Cols&nbsp;<\/span><\/li>\n\n\n\n<li><span style=\"color: #000000;\">Andere activiteiten of bezoeken<\/span><\/li>\n<\/ul>\n\n\n\n<h2 class=\"wp-block-heading\">Presentatie van Nant<\/h2>\n\n\n\n<p>Het is in de Aveyron dat we dit jaar onze Algemene Vergadering en onze bijbehorende herfstvakantie houden. Nant ligt op de grens tussen de bergachtige Cevennen en de droge hoogvlakten van de Causses. Dit middeleeuwse dorp ligt aan de Dourbie, een snelstromende rivier die vanaf de bron bij Mont Aigoual de Gorges de la Dourbie in het oosten en de Canyon de la Dourbie in het noorden heeft uitgeslepen op weg naar de Tarn, waar hij bij Millau in uitmondt. We gaan niet zo ver als de Aigoual, een prachtige berg die we uitgebreid hebben verkend tijdens onze reis naar Camprieu in 2011. Toch zullen een paar passen onze dorst naar herfsttochten lessen. In een straal van ongeveer veertig kilometer zijn er, naast de Dourbie en de Aigoual, een aantal plaatsen die onze toeristische nieuwsgierigheid zullen bevredigen: Gorges du Tarn, Millau en zijn Viaduct, Saint-Affrique, Roquefort, het Chaos van Montpellier-le-Vieux, enz.<\/p>\n\n\n\n<figure class=\"wp-block-gallery has-nested-images columns-3 is-cropped wp-block-gallery-1 is-layout-flex wp-block-gallery-is-layout-flex\">\n<figure class=\"wp-block-image size-full\"><a href=\"https:\/\/centcols.org\/wp-content\/uploads\/2019\/06\/2018.10-Nant-le-vieux-pont008-r.jpg\"><img loading=\"lazy\" decoding=\"async\" width=\"800\" height=\"600\" data-id=\"88588\" src=\"https:\/\/centcols.org\/wp-content\/uploads\/2019\/06\/2018.10-Nant-le-vieux-pont008-r.jpg\" alt=\"\" class=\"wp-image-88588\" srcset=\"https:\/\/centcols.org\/wp-content\/uploads\/2019\/06\/2018.10-Nant-le-vieux-pont008-r.jpg 800w, https:\/\/centcols.org\/wp-content\/uploads\/2019\/06\/2018.10-Nant-le-vieux-pont008-r-768x576.jpg 768w\" sizes=\"auto, (max-width: 800px) 100vw, 800px\" \/><\/a><figcaption class=\"wp-element-caption\">Nant - de oude brug (Foto Guy Cambessedes)<\/figcaption><\/figure>\n\n\n\n<figure class=\"wp-block-image size-full\"><a href=\"https:\/\/centcols.org\/wp-content\/uploads\/2019\/06\/2018.10-Nant-la-halle-couverte-010-r.jpg\"><img loading=\"lazy\" decoding=\"async\" width=\"800\" height=\"600\" data-id=\"88589\" src=\"https:\/\/centcols.org\/wp-content\/uploads\/2019\/06\/2018.10-Nant-la-halle-couverte-010-r.jpg\" alt=\"\" class=\"wp-image-88589\" srcset=\"https:\/\/centcols.org\/wp-content\/uploads\/2019\/06\/2018.10-Nant-la-halle-couverte-010-r.jpg 800w, https:\/\/centcols.org\/wp-content\/uploads\/2019\/06\/2018.10-Nant-la-halle-couverte-010-r-768x576.jpg 768w\" sizes=\"auto, (max-width: 800px) 100vw, 800px\" \/><\/a><figcaption class=\"wp-element-caption\">Nant - de overdekte markt (Foto Guy Cambessedes)<\/figcaption><\/figure>\n\n\n\n<figure class=\"wp-block-image size-full\"><a href=\"https:\/\/centcols.org\/wp-content\/uploads\/2019\/06\/Nant-le-roc-nantais-.jpg\"><img loading=\"lazy\" decoding=\"async\" width=\"1200\" height=\"900\" data-id=\"88592\" src=\"https:\/\/centcols.org\/wp-content\/uploads\/2019\/06\/Nant-le-roc-nantais-.jpg\" alt=\"\" class=\"wp-image-88592\" srcset=\"https:\/\/centcols.org\/wp-content\/uploads\/2019\/06\/Nant-le-roc-nantais-.jpg 1200w, https:\/\/centcols.org\/wp-content\/uploads\/2019\/06\/Nant-le-roc-nantais--768x576.jpg 768w\" sizes=\"auto, (max-width: 1200px) 100vw, 1200px\" \/><\/a><figcaption class=\"wp-element-caption\">Nant - de Roc Nantais (foto Guy Cambessedes)<\/figcaption><\/figure>\n<\/figure>\n\n\n\n<p>Er zijn drie sites op internet waar je meer te weten kunt komen over Nant en het omliggende gebied:<br>Toeristenbureau (+33 (0)5 65 62 23 64) : <a href=\"https:\/\/www.tourisme-aveyron.com\/fr\/diffusio\/patrimoine-culturel-visites\/village-de-nant-nant_TFO089808464046\" target=\"_blank\" rel=\"noreferrer noopener\">website<\/a><br>Wikipedia : <a href=\"https:\/\/fr.wikipedia.org\/wiki\/Nant\" target=\"_blank\" rel=\"noreferrer noopener\">website<\/a><\/p>\n\n\n\n<h2 class=\"wp-block-heading\"><a href=\"https:\/\/centcols.org\/nl\/membres\/cctours\/tours.php\/?lieu=Nant&amp;an=2019\">De routes<\/a><\/h2>\n\n\n\n<p>Op zowel zaterdag- als zondagochtend worden een wegcircuit en een mountainbikecircuit aangeboden. Ze zijn allemaal toegankelijk voor al onze leden qua lengte, hellingsgraad en moeilijkheidsgraad. De twee mountainbikecircuits zijn in het veld getest.&nbsp;<br>Hoewel de bergpassen niet uitzonderlijk zijn, zou het landschap zelfs de meest veeleisende fietsers tevreden moeten stellen. Een korte beschrijving van de routes en gpx-tracks zal in de herfst beschikbaar zijn.<\/p>\n\n\n\n<h4 class=\"wp-block-heading\"><a href=\"https:\/\/centcols.org\/nl\/membres\/cctours\/tours.php\/?lieu=Nant&amp;an=2019&amp;genre=R\">Wegen<\/a><\/h4>\n\n\n\n<p><strong>R1 : <\/strong>Deze 54 km lange route \u201cDourbie en Tr\u00e9zevel\u201d, met een stijging van 800 meter, voert je over de passen La Pierre Plant\u00e9e en Rhodos.<\/p>\n\n\n\n<p><strong>R2 : <\/strong>In 62 km en 900 m positief stijgen gaat het over de Campestre en Larzac Causses en over 3 passen.<\/p>\n\n\n\n<h4 class=\"wp-block-heading\"><a href=\"https:\/\/centcols.org\/nl\/membres\/cctours\/tours.php\/?lieu=Nant&amp;an=2019&amp;genre=V\">Mountainbikeroutes<\/a><\/h4>\n\n\n\n<p><strong>V1 : <\/strong>Vanaf het vakantiecentrum is het meer dan 26 km en 800 m klimmen om 3 passen te ontdekken tussen Dourbie en Causse.<\/p>\n\n\n\n<p><strong>V2 : <\/strong>Na 18 km met de auto op weg naar \u201cde bron van de Burle\u201d! Nog 3 passen in 23 km en 650 m stijgen.<\/p>\n\n\n\n<figure class=\"wp-block-gallery has-nested-images columns-3 is-cropped wp-block-gallery-2 is-layout-flex wp-block-gallery-is-layout-flex\">\n<figure class=\"wp-block-image size-full\"><a href=\"https:\/\/centcols.org\/wp-content\/uploads\/2019\/06\/R1-Cantobre-.jpg\"><img loading=\"lazy\" decoding=\"async\" width=\"1200\" height=\"900\" data-id=\"88593\" src=\"https:\/\/centcols.org\/wp-content\/uploads\/2019\/06\/R1-Cantobre-.jpg\" alt=\"\" class=\"wp-image-88593\" srcset=\"https:\/\/centcols.org\/wp-content\/uploads\/2019\/06\/R1-Cantobre-.jpg 1200w, https:\/\/centcols.org\/wp-content\/uploads\/2019\/06\/R1-Cantobre--768x576.jpg 768w\" sizes=\"auto, (max-width: 1200px) 100vw, 1200px\" \/><\/a><figcaption class=\"wp-element-caption\">R1 - Cantobre (Foto G Cambesedes)<\/figcaption><\/figure>\n\n\n\n<figure class=\"wp-block-image size-full\"><a href=\"https:\/\/centcols.org\/wp-content\/uploads\/2019\/06\/R1-la-chapelle-des-Cuns-.jpg\"><img loading=\"lazy\" decoding=\"async\" width=\"1200\" height=\"900\" data-id=\"88594\" src=\"https:\/\/centcols.org\/wp-content\/uploads\/2019\/06\/R1-la-chapelle-des-Cuns-.jpg\" alt=\"\" class=\"wp-image-88594\" srcset=\"https:\/\/centcols.org\/wp-content\/uploads\/2019\/06\/R1-la-chapelle-des-Cuns-.jpg 1200w, https:\/\/centcols.org\/wp-content\/uploads\/2019\/06\/R1-la-chapelle-des-Cuns--768x576.jpg 768w\" sizes=\"auto, (max-width: 1200px) 100vw, 1200px\" \/><\/a><figcaption class=\"wp-element-caption\">R1 - de kapel van Cuns (foto door Guy Cambessedes)<\/figcaption><\/figure>\n\n\n\n<figure class=\"wp-block-image size-full\"><a href=\"https:\/\/centcols.org\/wp-content\/uploads\/2019\/06\/R2-Brebis-sur-le-Larzac-.jpg\"><img loading=\"lazy\" decoding=\"async\" width=\"1200\" height=\"900\" data-id=\"88595\" src=\"https:\/\/centcols.org\/wp-content\/uploads\/2019\/06\/R2-Brebis-sur-le-Larzac-.jpg\" alt=\"\" class=\"wp-image-88595\" srcset=\"https:\/\/centcols.org\/wp-content\/uploads\/2019\/06\/R2-Brebis-sur-le-Larzac-.jpg 1200w, https:\/\/centcols.org\/wp-content\/uploads\/2019\/06\/R2-Brebis-sur-le-Larzac--768x576.jpg 768w\" sizes=\"auto, (max-width: 1200px) 100vw, 1200px\" \/><\/a><figcaption class=\"wp-element-caption\">R2 - Ooien op de Larzac (foto Guy Cambessedes)<\/figcaption><\/figure>\n\n\n\n<figure class=\"wp-block-image size-full\"><a href=\"https:\/\/centcols.org\/wp-content\/uploads\/2019\/06\/R2-Cardabelle-.jpg\"><img loading=\"lazy\" decoding=\"async\" width=\"1200\" height=\"900\" data-id=\"88596\" src=\"https:\/\/centcols.org\/wp-content\/uploads\/2019\/06\/R2-Cardabelle-.jpg\" alt=\"\" class=\"wp-image-88596\" srcset=\"https:\/\/centcols.org\/wp-content\/uploads\/2019\/06\/R2-Cardabelle-.jpg 1200w, https:\/\/centcols.org\/wp-content\/uploads\/2019\/06\/R2-Cardabelle--768x576.jpg 768w\" sizes=\"auto, (max-width: 1200px) 100vw, 1200px\" \/><\/a><figcaption class=\"wp-element-caption\">R2 - Cardabelle (foto Guy Cambessedes)<\/figcaption><\/figure>\n\n\n\n<figure class=\"wp-block-image size-full\"><a href=\"https:\/\/centcols.org\/wp-content\/uploads\/2019\/06\/R2-La-Couvertoirade-.jpg\"><img loading=\"lazy\" decoding=\"async\" width=\"1200\" height=\"900\" data-id=\"88597\" src=\"https:\/\/centcols.org\/wp-content\/uploads\/2019\/06\/R2-La-Couvertoirade-.jpg\" alt=\"\" class=\"wp-image-88597\" srcset=\"https:\/\/centcols.org\/wp-content\/uploads\/2019\/06\/R2-La-Couvertoirade-.jpg 1200w, https:\/\/centcols.org\/wp-content\/uploads\/2019\/06\/R2-La-Couvertoirade--768x576.jpg 768w\" sizes=\"auto, (max-width: 1200px) 100vw, 1200px\" \/><\/a><figcaption class=\"wp-element-caption\">R2 - La Couvertoirade (foto Guy Cambessedes)<\/figcaption><\/figure>\n\n\n\n<figure class=\"wp-block-image size-full\"><a href=\"https:\/\/centcols.org\/wp-content\/uploads\/2019\/06\/V1-le-hameau-dAlgues-r.jpg\"><img loading=\"lazy\" decoding=\"async\" width=\"1024\" height=\"345\" data-id=\"88598\" src=\"https:\/\/centcols.org\/wp-content\/uploads\/2019\/06\/V1-le-hameau-dAlgues-r.jpg\" alt=\"\" class=\"wp-image-88598\" srcset=\"https:\/\/centcols.org\/wp-content\/uploads\/2019\/06\/V1-le-hameau-dAlgues-r.jpg 1024w, https:\/\/centcols.org\/wp-content\/uploads\/2019\/06\/V1-le-hameau-dAlgues-r-768x259.jpg 768w\" sizes=\"auto, (max-width: 1024px) 100vw, 1024px\" \/><\/a><figcaption class=\"wp-element-caption\">V1 - het gehucht Algues (foto Guy Cambessedes)<\/figcaption><\/figure>\n\n\n\n<figure class=\"wp-block-image size-full\"><a href=\"https:\/\/centcols.org\/wp-content\/uploads\/2025\/05\/V1-Nant-.jpg\"><img loading=\"lazy\" decoding=\"async\" width=\"1200\" height=\"900\" data-id=\"82172\" src=\"https:\/\/centcols.org\/wp-content\/uploads\/2025\/05\/V1-Nant-.jpg\" alt=\"\" class=\"wp-image-82172\" srcset=\"https:\/\/centcols.org\/wp-content\/uploads\/2025\/05\/V1-Nant-.jpg 1200w, https:\/\/centcols.org\/wp-content\/uploads\/2025\/05\/V1-Nant--768x576.jpg 768w\" sizes=\"auto, (max-width: 1200px) 100vw, 1200px\" \/><\/a><figcaption class=\"wp-element-caption\">V1 - Nant (foto Guy Cambessedes)<\/figcaption><\/figure>\n\n\n\n<figure class=\"wp-block-image size-full\"><a href=\"https:\/\/centcols.org\/wp-content\/uploads\/2019\/06\/V1-sur-le-causse-Begon-r-500x157-1.jpg\"><img loading=\"lazy\" decoding=\"async\" width=\"500\" height=\"157\" data-id=\"88599\" src=\"https:\/\/centcols.org\/wp-content\/uploads\/2019\/06\/V1-sur-le-causse-Begon-r-500x157-1.jpg\" alt=\"\" class=\"wp-image-88599\"\/><\/a><figcaption class=\"wp-element-caption\">V1 - op de causse B\u00e9gon (foto Guy Cambessedes)<\/figcaption><\/figure>\n\n\n\n<figure class=\"wp-block-image size-full\"><a href=\"https:\/\/centcols.org\/wp-content\/uploads\/2019\/06\/V2-au-col-de-la-croix-de-la-guerite-r.jpg\"><img loading=\"lazy\" decoding=\"async\" width=\"1280\" height=\"669\" data-id=\"88600\" src=\"https:\/\/centcols.org\/wp-content\/uploads\/2019\/06\/V2-au-col-de-la-croix-de-la-guerite-r.jpg\" alt=\"\" class=\"wp-image-88600\" srcset=\"https:\/\/centcols.org\/wp-content\/uploads\/2019\/06\/V2-au-col-de-la-croix-de-la-guerite-r.jpg 1280w, https:\/\/centcols.org\/wp-content\/uploads\/2019\/06\/V2-au-col-de-la-croix-de-la-guerite-r-1200x627.jpg 1200w, https:\/\/centcols.org\/wp-content\/uploads\/2019\/06\/V2-au-col-de-la-croix-de-la-guerite-r-768x401.jpg 768w\" sizes=\"auto, (max-width: 1280px) 100vw, 1280px\" \/><\/a><figcaption class=\"wp-element-caption\">V2 - de Croix de la Gu\u00e9rite pas (foto Guy Cambessedes)<\/figcaption><\/figure>\n\n\n\n<figure class=\"wp-block-image size-full\"><a href=\"https:\/\/centcols.org\/wp-content\/uploads\/2019\/06\/V2-depuis-les-cretes.jpg\"><img loading=\"lazy\" decoding=\"async\" width=\"1365\" height=\"1024\" data-id=\"88601\" src=\"https:\/\/centcols.org\/wp-content\/uploads\/2019\/06\/V2-depuis-les-cretes.jpg\" alt=\"\" class=\"wp-image-88601\" srcset=\"https:\/\/centcols.org\/wp-content\/uploads\/2019\/06\/V2-depuis-les-cretes.jpg 1365w, https:\/\/centcols.org\/wp-content\/uploads\/2019\/06\/V2-depuis-les-cretes-1200x900.jpg 1200w, https:\/\/centcols.org\/wp-content\/uploads\/2019\/06\/V2-depuis-les-cretes-768x576.jpg 768w\" sizes=\"auto, (max-width: 1365px) 100vw, 1365px\" \/><\/a><figcaption class=\"wp-element-caption\">V2 - vanaf de bergkammen (foto Guy Cambessedes)<\/figcaption><\/figure>\n\n\n\n<figure class=\"wp-block-image size-full\"><a href=\"https:\/\/centcols.org\/wp-content\/uploads\/2019\/06\/V2-sur-la-piste-de-la-Barriere-rjpg.jpg\"><img loading=\"lazy\" decoding=\"async\" width=\"1280\" height=\"660\" data-id=\"88602\" src=\"https:\/\/centcols.org\/wp-content\/uploads\/2019\/06\/V2-sur-la-piste-de-la-Barriere-rjpg.jpg\" alt=\"\" class=\"wp-image-88602\" srcset=\"https:\/\/centcols.org\/wp-content\/uploads\/2019\/06\/V2-sur-la-piste-de-la-Barriere-rjpg.jpg 1280w, https:\/\/centcols.org\/wp-content\/uploads\/2019\/06\/V2-sur-la-piste-de-la-Barriere-rjpg-1200x619.jpg 1200w, https:\/\/centcols.org\/wp-content\/uploads\/2019\/06\/V2-sur-la-piste-de-la-Barriere-rjpg-768x396.jpg 768w\" sizes=\"auto, (max-width: 1280px) 100vw, 1280px\" \/><\/a><figcaption class=\"wp-element-caption\">V2 - op het circuit van Barri\u00e8re (foto Guy Cambessedes)<\/figcaption><\/figure>\n<\/figure>\n\n\n\n<h2 class=\"wp-block-heading\">Hosting<\/h2>\n\n\n\n<p><strong><br>Dorp Soleil Evasion, Domaine du Roc Nantais<\/strong>, Faubourg Bas,12230 NANT<\/p>\n\n\n\n<p>Tel: +33 (0)5 64 13 64 37. E-mailadres: <a href=\"\/nl\/&\/#x6d;&#x61;&#x69;&#x6c;&#x74;&#x6f;&#x3a;&#x6e;&#x61;&#x6e;&#x74;&#x40;&#x63;&#x61;&#x70;&#x66;&#x72;&#x61;&#x6e;&#x63;&#x65;&#x2e;&#x63;&#x6f;&#x6d;\">nant@capfrance.com<\/a>&nbsp;<a href=\"http:\/\/www.soleilevasion.fr\/cap-france-roc-nantais.html\">Roc Nantais website<\/a><\/p>\n\n\n\n<div class=\"wp-block-columns is-layout-flex wp-container-core-columns-is-layout-9d6595d7 wp-block-columns-is-layout-flex\">\n<div class=\"wp-block-column is-layout-flow wp-block-column-is-layout-flow\" style=\"flex-basis:66.66%\">\n<p>Het ligt in het dorp, op minder dan 200 meter van het stadscentrum, in 3 hectare park. De kamers zijn ruim en hebben een aparte badkamer en toilet. Alle gebruikelijke faciliteiten zijn aanwezig (fietsenruimte, parkeerplaats, WiFi, enz.).<\/p>\n\n\n\n<figure class=\"wp-block-image size-full\"><img loading=\"lazy\" decoding=\"async\" width=\"1272\" height=\"1064\" src=\"https:\/\/centcols.org\/wp-content\/uploads\/2025\/05\/Nant-Village-de-vacances.jpg\" alt=\"\" class=\"wp-image-82140\" style=\"object-fit:cover\" srcset=\"https:\/\/centcols.org\/wp-content\/uploads\/2025\/05\/Nant-Village-de-vacances.jpg 1272w, https:\/\/centcols.org\/wp-content\/uploads\/2025\/05\/Nant-Village-de-vacances-1200x1004.jpg 1200w, https:\/\/centcols.org\/wp-content\/uploads\/2025\/05\/Nant-Village-de-vacances-768x642.jpg 768w\" sizes=\"auto, (max-width: 1272px) 100vw, 1272px\" \/><\/figure>\n<\/div>\n\n\n\n<div class=\"wp-block-column is-layout-flow wp-block-column-is-layout-flow\" style=\"flex-basis:33.33%\">\n<div style=\"height:80px\" aria-hidden=\"true\" class=\"wp-block-spacer\"><\/div>\n\n\n\n<h2 class=\"wp-block-heading\">Noot van de Raad van Bestuur<\/h2>\n\n\n\n<p>Als je je accommodatie elders regelt dan in het vakantiedorp, laat ons dan weten dat je deelneemt aan de vakantie, om 3 redenen:<\/p>\n\n\n\n<ol class=\"wp-block-list\">\n<li>Gezamenlijke evenementen (informatiesessies, welkomst- en afscheidsfeesten) op de juiste grootte kunnen indelen.<\/li>\n\n\n\n<li>Op de routes in verschillende groepen kunnen opsplitsen om de veiligheid voor iedereen te verbeteren.<\/li>\n\n\n\n<li>Om organisatoren te helpen met onvoorziene gebeurtenissen.<\/li>\n<\/ol>\n<\/div>\n<\/div>\n\n\n\n<figure class=\"wp-block-gallery has-nested-images columns-2 is-cropped wp-block-gallery-3 is-layout-flex wp-block-gallery-is-layout-flex\">\n<figure class=\"wp-block-image size-full\"><a href=\"https:\/\/centcols.org\/wp-content\/uploads\/2019\/06\/2018.10-Nant-le-roc-nantais-2-014-r.jpg\"><img loading=\"lazy\" decoding=\"async\" width=\"800\" height=\"600\" data-id=\"88590\" src=\"https:\/\/centcols.org\/wp-content\/uploads\/2019\/06\/2018.10-Nant-le-roc-nantais-2-014-r.jpg\" alt=\"\" class=\"wp-image-88590\" srcset=\"https:\/\/centcols.org\/wp-content\/uploads\/2019\/06\/2018.10-Nant-le-roc-nantais-2-014-r.jpg 800w, https:\/\/centcols.org\/wp-content\/uploads\/2019\/06\/2018.10-Nant-le-roc-nantais-2-014-r-768x576.jpg 768w\" sizes=\"auto, (max-width: 800px) 100vw, 800px\" \/><\/a><figcaption class=\"wp-element-caption\">Nant - le Roc Nantais (Foto Guy Cambessedes)<\/figcaption><\/figure>\n\n\n\n<figure class=\"wp-block-image size-full\"><a href=\"https:\/\/centcols.org\/wp-content\/uploads\/2025\/05\/2018.10-Nant-le-roc-nantais013-r.jpg\"><img loading=\"lazy\" decoding=\"async\" width=\"800\" height=\"600\" data-id=\"82137\" src=\"https:\/\/centcols.org\/wp-content\/uploads\/2025\/05\/2018.10-Nant-le-roc-nantais013-r.jpg\" alt=\"\" class=\"wp-image-82137\" srcset=\"https:\/\/centcols.org\/wp-content\/uploads\/2025\/05\/2018.10-Nant-le-roc-nantais013-r.jpg 800w, https:\/\/centcols.org\/wp-content\/uploads\/2025\/05\/2018.10-Nant-le-roc-nantais013-r-768x576.jpg 768w\" sizes=\"auto, (max-width: 800px) 100vw, 800px\" \/><\/a><figcaption class=\"wp-element-caption\">Nant - le Roc Nantais (Foto Guy Cambessedes)<\/figcaption><\/figure>\n<\/figure>\n\n\n\n<h4 class=\"wp-block-heading\">Andere accommodatiemogelijkheden<\/h4>\n\n\n\n<p>Er is een openbare parkeerplaats in de directe omgeving van het Domaine du Roc Nantais: campers mogen daar parkeren (net als op de andere parkeerplaatsen in de gemeente), maar er zijn geen aansluitingen (elektriciteit, water, enz.).<\/p>\n\n\n\n<h2 class=\"wp-block-heading\">Registraties<\/h2>\n\n\n\n<p>Om je in te schrijven download je het PDF inschrijfformulier van de onderstaande link en volg je de instructies daarin.<br>Houd er rekening mee dat het inschrijfformulier dat bij dit magazine is ingesloten en beschikbaar is op de website van de Club het volgende bevat <strong>twee pagina's<\/strong> Je moet ook de voorwaarden voor de werking van het \u201csolidariteitsfonds\u201d ondertekenen. Als je van plan bent om je te laten vergezellen door je partner, zorg er dan voor dat je hem\/haar op voorhand als geassocieerd lid inschrijft bij je Territoriaal Gedelegeerde en vergeet niet zijn\/haar geassocieerd lidmaatschapsnummer in te vullen in het daarvoor bestemde vakje. Als, en alleen als, een deelnemer geen FFCT-licentie heeft, moet hij\/zij ook een verplichte verzekering afsluiten. Deelname aan het Solidariteitsfonds is inbegrepen in het inschrijfgeld.<\/p>\n\n\n\n<p><strong>Afhankelijk van wanneer je aankomt en wanneer je vertrekt, is het pakket anders:<\/strong><\/p>\n\n\n\n<ul class=\"wp-block-list\">\n<li>Als je op vrijdag aankomt voor het diner en op zondag na de lunch vertrekt, betaal je \u20ac134.<\/li>\n\n\n\n<li>Als je aankomt voor de lunch op zaterdag en vertrekt op zondagochtend, betaal je \u20ac61 voor het halfpensionpakket plus \u20ac17,50 voor de lunch op de 9e.<\/li>\n\n\n\n<li>Als je op zaterdag aankomt voor de lunch en op zondag na de lunch vertrekt, betaal je \u20ac71 voor het basispakket plus \u20ac17,50 voor de lunch op de 9e.<\/li>\n\n\n\n<li>Als je zonder accommodatie komt (een overnachting of accommodatie op eigen gelegenheid), kun je je inschrijven voor maaltijden op zaterdagmiddag (\u20ac17,50), zaterdagavond (\u20ac21,50) en\/of zondagmiddag (\u20ac17,50). De zaterdagavondmaaltijd is verbeterd.<\/li>\n\n\n\n<li>Enzovoort.<\/li>\n<\/ul>\n\n\n\n<p>Sommigen komen misschien in de verleiding om <strong>hun verblijf verlengen tot maandag 11 november<\/strong>. We hebben met de accommodatieverschaffer onderhandeld over de mogelijkheid om een extra nacht te slapen (van zondag op maandag) met ontbijt op maandagochtend. Dit is het doel van de \u201cOptie\u201d regel voor \u20ac33. Aan de andere kant zal er geen maaltijd zijn op zondagavond, omdat iedereen zelf iets moet regelen.<\/p>\n\n\n\n<p>Je kunt het inschrijfgeld betalen per cheque of door overschrijving op de rekening van de Club. Gezien de extra kosten die in rekening worden gebracht, accepteren we geen betaling via PayPal.<\/p>\n\n\n\n<p>Leden worden toegewezen in de volgorde waarin de cheque is verstuurd of de overschrijving is gedaan. In het eerste geval geldt de poststempel als bewijs, in het tweede geval stuur je ons een kopie van de overboekingsopdracht. Als de vakantie vol is, wordt er een wachtlijst opgesteld, die werkt volgens dezelfde prioriteitsregels als voor directe inschrijvingen.<\/p>\n\n\n\n<h3 class=\"wp-block-heading\"><strong>Download de nieuwsbrief :<\/strong><\/h3>\n\n\n\n<ul class=\"wp-block-list\">\n<li>Registratieformulier Nant<\/li>\n\n\n\n<li>Nant signaleringsmodule<\/li>\n\n\n\n<li>Registratieformulier Nant<\/li>\n<\/ul>\n\n\n\n<p>De deadline voor het ontvangen van inzendingen is <strong>30 september 2019.<\/strong><\/p>\n\n\n\n<h3 class=\"wp-block-heading\"><strong>Trombinoscoop, een nieuwe functie:<\/strong><\/h3>\n\n\n\n<p>Als we elkaar ontmoeten op tochten (en andere evenementen), ontmoeten we veel vrienden en bekenden, maar we weten niet zeker of we ieders naam kennen, en we durven het niet altijd toe te geven of te vragen. Om te proberen dit te verhelpen, zoals aangekondigd op de Algemene Vergadering van B\u00e9doin, stellen we voor om elke deelnemer aan de tochten een eenvoudige trombinoscoop van de aanwezigen te geven, met de foto, naam en lidnummer van iedereen die ons (vooraf of bij de inschrijving) zijn foto heeft gestuurd en toestemming heeft gegeven om deze te publiceren op de trombinoscoop-pagina van de website van de Club. Je kunt een digitale foto van alleen je gezicht opsturen als <strong>JPG-bestand<\/strong> van goede definitie en kwaliteit, met een breedte\/hoogteverhouding van \u00be, met duidelijke vermelding van uw naam en lidmaatschapsnummer, naar <a href=\"javascript:;\">photodemembre@centcols.org<\/a>, of rechtstreeks bij <a href=\"javascript:;\">sejours@centcols.org<\/a> die de informatie zal doorgeven. Zorg ervoor dat je het vakje \u201cja\u201d of 'nee' aanvinkt op het registratieformulier, afhankelijk van of je akkoord gaat of niet. Als er geen vakje is aangekruist, wordt het antwoord als negatief beschouwd. Als je een \"papieren\" foto meestuurt met je inschrijfformulier, wordt deze alleen gebruikt voor de trombinoscoop van de reis.<\/p>\n\n\n<div class=\"wp-block-image\">\n<figure class=\"aligncenter size-full\"><a href=\"https:\/\/centcols.org\/wp-content\/uploads\/2019\/06\/2018.10-Nant-templier-moderne012-r.jpg\"><img loading=\"lazy\" decoding=\"async\" width=\"800\" height=\"600\" src=\"https:\/\/centcols.org\/wp-content\/uploads\/2019\/06\/2018.10-Nant-templier-moderne012-r.jpg\" alt=\"\" class=\"wp-image-88591\" srcset=\"https:\/\/centcols.org\/wp-content\/uploads\/2019\/06\/2018.10-Nant-templier-moderne012-r.jpg 800w, https:\/\/centcols.org\/wp-content\/uploads\/2019\/06\/2018.10-Nant-templier-moderne012-r-768x576.jpg 768w\" sizes=\"auto, (max-width: 800px) 100vw, 800px\" \/><\/a><\/figure>\n<\/div>\n\n\n<h2 class=\"wp-block-heading\">Jaarlijkse Algemene Vergadering van de Club des Cent Cols<\/h2>\n\n\n\n<p>Het wordt zaterdagmiddag ter plaatse gehouden. Ga voor meer informatie naar&nbsp;<a href=\"https:\/\/centcols.org\/nl\/ag-2019-nant\/\" target=\"_blank\" rel=\"noreferrer noopener\"><strong>Jaarlijkse Algemene Vergadering<\/strong><\/a>.<\/p>\n\n\n\n<p>De uitnodiging voor de vergadering en de statutaire documenten worden zoals gebruikelijk in oktober verstuurd via een Info Cent Cols en zullen ook beschikbaar zijn op de website.<\/p>\n\n\n\n<p>Aan het einde van het werk houden we een receptie om ons op een minder formele manier samen te brengen.<\/p>\n\n\n\n<h2 class=\"wp-block-heading\">Andere activiteiten of bezoeken<\/h2>\n\n\n\n<p>Voor degenen die met je meereizen, kunnen we je een paar bezoekjes in de omgeving van Nant aanraden.<\/p>\n\n\n\n<ul class=\"wp-block-list\">\n<li>La Couvertoirade en La Cavalerie, Tempelierssteden<\/li>\n\n\n\n<li>De kelders van Roquefort<\/li>\n\n\n\n<li>Millau en zijn viaduct<\/li>\n\n\n\n<li>De dorpen van la Dourbie (les Cuns, Cantobre, Saint-V\u00e9ran en la Roque-Sainte-Marguerite)<\/li>\n<\/ul>","protected":false},"excerpt":{"rendered":"<p>Ont contribu\u00e9 \u00e0 cette page de pr\u00e9sentation du s\u00e9jour les responsables informatique et s\u00e9jours C&rsquo;est \u00e0 Nant dans l&rsquo;Aveyron que nous nous retrouverons pour le s\u00e9jour d&rsquo;automne et l&rsquo;Assembl\u00e9e G\u00e9n\u00e9rale de 2019. Quelques \u00e9l\u00e9ments de programme : Un accueil sera assur\u00e9 sur place le vendredi \u00e0 partir de 16h30. Les chambres seront disponibles d\u00e8s 17h [&hellip;]<\/p>\n","protected":false},"author":3,"featured_media":0,"comment_status":"closed","ping_status":"closed","sticky":false,"template":"","format":"standard","meta":{"_acf_changed":false,"footnotes":""},"categories":[349,383,384,363,408,231],"tags":[],"class_list":["post-82135","post","type-post","status-publish","format-standard","hentry","category-france-pays-sejours","category-12-aveyron","category-occitanie-region-sejours","category-massif-central-massif-sejours","category-grands-causses","category-sejours"],"acf":[],"yoast_head":"<!-- This site is optimized with the Yoast SEO plugin v27.2 - https:\/\/yoast.com\/product\/yoast-seo-wordpress\/ -->\n<title>S\u00e9jour d&#039;automne et assembl\u00e9e g\u00e9n\u00e9rale \u00e0 Nant (Aveyron), 8 au 10 novembre 2019 - Club des Cent Cols<\/title>\n<meta name=\"robots\" content=\"index, follow, max-snippet:-1, max-image-preview:large, max-video-preview:-1\" \/>\n<link rel=\"canonical\" href=\"https:\/\/centcols.org\/nl\/ag-2019-nant\/\" \/>\n<meta property=\"og:locale\" content=\"nl_BE\" \/>\n<meta property=\"og:type\" content=\"article\" \/>\n<meta property=\"og:title\" content=\"S\u00e9jour d&#039;automne et assembl\u00e9e g\u00e9n\u00e9rale \u00e0 Nant (Aveyron), 8 au 10 novembre 2019 - Club des Cent Cols\" \/>\n<meta property=\"og:description\" content=\"Ont contribu\u00e9 \u00e0 cette page de pr\u00e9sentation du s\u00e9jour les responsables informatique et s\u00e9jours C&rsquo;est \u00e0 Nant dans l&rsquo;Aveyron que nous nous retrouverons pour le s\u00e9jour d&rsquo;automne et l&rsquo;Assembl\u00e9e G\u00e9n\u00e9rale de 2019. Quelques \u00e9l\u00e9ments de programme : Un accueil sera assur\u00e9 sur place le vendredi \u00e0 partir de 16h30. Les chambres seront disponibles d\u00e8s 17h [&hellip;]\" \/>\n<meta property=\"og:url\" content=\"https:\/\/centcols.org\/nl\/ag-2019-nant\/\" \/>\n<meta property=\"og:site_name\" content=\"Club des Cent Cols\" \/>\n<meta property=\"article:publisher\" content=\"https:\/\/www.facebook.com\/groups\/5261880558\/?locale=fr_FR\" \/>\n<meta property=\"article:published_time\" content=\"2019-06-04T19:27:38+00:00\" \/>\n<meta property=\"article:modified_time\" content=\"2025-09-14T17:38:56+00:00\" \/>\n<meta property=\"og:image\" content=\"https:\/\/centcols.org\/wp-content\/uploads\/2025\/05\/2018.10-Nant-vue-generale017-r.jpg\" \/>\n\t<meta property=\"og:image:width\" content=\"800\" \/>\n\t<meta property=\"og:image:height\" content=\"600\" \/>\n\t<meta property=\"og:image:type\" content=\"image\/jpeg\" \/>\n<meta name=\"author\" content=\"Webmestre\" \/>\n<meta name=\"twitter:card\" content=\"summary_large_image\" \/>\n<meta name=\"twitter:label1\" content=\"Geschreven door\" \/>\n\t<meta name=\"twitter:data1\" content=\"Webmestre\" \/>\n\t<meta name=\"twitter:label2\" content=\"Geschatte leestijd\" \/>\n\t<meta name=\"twitter:data2\" content=\"13 minuten\" \/>\n<script type=\"application\/ld+json\" class=\"yoast-schema-graph\">{\"@context\":\"https:\/\/schema.org\",\"@graph\":[{\"@type\":\"Article\",\"@id\":\"https:\/\/centcols.org\/ag-2019-nant\/#article\",\"isPartOf\":{\"@id\":\"https:\/\/centcols.org\/ag-2019-nant\/\"},\"author\":{\"name\":\"Webmestre\",\"@id\":\"https:\/\/centcols.org\/#\/schema\/person\/911b404fb133d8c913dd27cdcf71c8e5\"},\"headline\":\"S\u00e9jour d&rsquo;automne et assembl\u00e9e g\u00e9n\u00e9rale \u00e0 Nant (Aveyron), 8 au 10 novembre 2019\",\"datePublished\":\"2019-06-04T19:27:38+00:00\",\"dateModified\":\"2025-09-14T17:38:56+00:00\",\"mainEntityOfPage\":{\"@id\":\"https:\/\/centcols.org\/ag-2019-nant\/\"},\"wordCount\":1788,\"publisher\":{\"@id\":\"https:\/\/centcols.org\/#organization\"},\"image\":{\"@id\":\"https:\/\/centcols.org\/ag-2019-nant\/#primaryimage\"},\"thumbnailUrl\":\"https:\/\/centcols.org\/wp-content\/uploads\/2025\/05\/2018.10-Nant-vue-generale017-r.jpg\",\"articleSection\":[\"France\",\"12-Aveyron\",\"Occitanie\",\"Massif Central\",\"Grands Causses\",\"S\u00e9jours du Club des Cent Cols\"],\"inLanguage\":\"nl-BE\"},{\"@type\":\"WebPage\",\"@id\":\"https:\/\/centcols.org\/ag-2019-nant\/\",\"url\":\"https:\/\/centcols.org\/ag-2019-nant\/\",\"name\":\"S\u00e9jour d'automne et assembl\u00e9e g\u00e9n\u00e9rale \u00e0 Nant (Aveyron), 8 au 10 novembre 2019 - Club des Cent Cols\",\"isPartOf\":{\"@id\":\"https:\/\/centcols.org\/#website\"},\"primaryImageOfPage\":{\"@id\":\"https:\/\/centcols.org\/ag-2019-nant\/#primaryimage\"},\"image\":{\"@id\":\"https:\/\/centcols.org\/ag-2019-nant\/#primaryimage\"},\"thumbnailUrl\":\"https:\/\/centcols.org\/wp-content\/uploads\/2025\/05\/2018.10-Nant-vue-generale017-r.jpg\",\"datePublished\":\"2019-06-04T19:27:38+00:00\",\"dateModified\":\"2025-09-14T17:38:56+00:00\",\"breadcrumb\":{\"@id\":\"https:\/\/centcols.org\/ag-2019-nant\/#breadcrumb\"},\"inLanguage\":\"nl-BE\",\"potentialAction\":[{\"@type\":\"ReadAction\",\"target\":[\"https:\/\/centcols.org\/ag-2019-nant\/\"]}]},{\"@type\":\"ImageObject\",\"inLanguage\":\"nl-BE\",\"@id\":\"https:\/\/centcols.org\/ag-2019-nant\/#primaryimage\",\"url\":\"https:\/\/centcols.org\/wp-content\/uploads\/2025\/05\/2018.10-Nant-vue-generale017-r.jpg\",\"contentUrl\":\"https:\/\/centcols.org\/wp-content\/uploads\/2025\/05\/2018.10-Nant-vue-generale017-r.jpg\"},{\"@type\":\"BreadcrumbList\",\"@id\":\"https:\/\/centcols.org\/ag-2019-nant\/#breadcrumb\",\"itemListElement\":[{\"@type\":\"ListItem\",\"position\":1,\"name\":\"Accueil\",\"item\":\"https:\/\/centcols.org\/\"},{\"@type\":\"ListItem\",\"position\":2,\"name\":\"S\u00e9jours du Club des Cent Cols\",\"item\":\"https:\/\/centcols.org\/rubrique\/sejours\/\"},{\"@type\":\"ListItem\",\"position\":3,\"name\":\"Pays\",\"item\":\"https:\/\/centcols.org\/rubrique\/sejours\/pays-sejours\/\"},{\"@type\":\"ListItem\",\"position\":4,\"name\":\"France\",\"item\":\"https:\/\/centcols.org\/rubrique\/sejours\/pays-sejours\/france-pays-sejours\/\"},{\"@type\":\"ListItem\",\"position\":5,\"name\":\"S\u00e9jour d&rsquo;automne et assembl\u00e9e g\u00e9n\u00e9rale \u00e0 Nant (Aveyron), 8 au 10 novembre 2019\"}]},{\"@type\":\"WebSite\",\"@id\":\"https:\/\/centcols.org\/#website\",\"url\":\"https:\/\/centcols.org\/\",\"name\":\"Club des Cent Cols\",\"description\":\"\",\"publisher\":{\"@id\":\"https:\/\/centcols.org\/#organization\"},\"potentialAction\":[{\"@type\":\"SearchAction\",\"target\":{\"@type\":\"EntryPoint\",\"urlTemplate\":\"https:\/\/centcols.org\/?s={search_term_string}\"},\"query-input\":{\"@type\":\"PropertyValueSpecification\",\"valueRequired\":true,\"valueName\":\"search_term_string\"}}],\"inLanguage\":\"nl-BE\"},{\"@type\":\"Organization\",\"@id\":\"https:\/\/centcols.org\/#organization\",\"name\":\"Club des Cent Cols\",\"url\":\"https:\/\/centcols.org\/\",\"logo\":{\"@type\":\"ImageObject\",\"inLanguage\":\"nl-BE\",\"@id\":\"https:\/\/centcols.org\/#\/schema\/logo\/image\/\",\"url\":\"https:\/\/centcols.org\/wp-content\/uploads\/2025\/01\/carte-icone.png\",\"contentUrl\":\"https:\/\/centcols.org\/wp-content\/uploads\/2025\/01\/carte-icone.png\",\"width\":250,\"height\":250,\"caption\":\"Club des Cent Cols\"},\"image\":{\"@id\":\"https:\/\/centcols.org\/#\/schema\/logo\/image\/\"},\"sameAs\":[\"https:\/\/www.facebook.com\/groups\/5261880558\/?locale=fr_FR\"]},{\"@type\":\"Person\",\"@id\":\"https:\/\/centcols.org\/#\/schema\/person\/911b404fb133d8c913dd27cdcf71c8e5\",\"name\":\"Webmestre\",\"image\":{\"@type\":\"ImageObject\",\"inLanguage\":\"nl-BE\",\"@id\":\"https:\/\/centcols.org\/wp-content\/litespeed\/avatar\/2d246e4b6b4f773e08515e1ffc53690b.jpg?ver=1777222892\",\"url\":\"https:\/\/centcols.org\/wp-content\/litespeed\/avatar\/2d246e4b6b4f773e08515e1ffc53690b.jpg?ver=1777222892\",\"contentUrl\":\"https:\/\/centcols.org\/wp-content\/litespeed\/avatar\/2d246e4b6b4f773e08515e1ffc53690b.jpg?ver=1777222892\",\"caption\":\"Webmestre\"},\"url\":\"https:\/\/centcols.org\/nl\/author\/webmestre\/\"}]}<\/script>\n<!-- \/ Yoast SEO plugin. -->","yoast_head_json":{"title":"Herfstvakantie en algemene vergadering in Nant (Aveyron), 8 tot 10 november 2019 - Club des Cent Cols","robots":{"index":"index","follow":"follow","max-snippet":"max-snippet:-1","max-image-preview":"max-image-preview:large","max-video-preview":"max-video-preview:-1"},"canonical":"https:\/\/centcols.org\/nl\/ag-2019-nant\/","og_locale":"nl_BE","og_type":"article","og_title":"S\u00e9jour d'automne et assembl\u00e9e g\u00e9n\u00e9rale \u00e0 Nant (Aveyron), 8 au 10 novembre 2019 - Club des Cent Cols","og_description":"Ont contribu\u00e9 \u00e0 cette page de pr\u00e9sentation du s\u00e9jour les responsables informatique et s\u00e9jours C&rsquo;est \u00e0 Nant dans l&rsquo;Aveyron que nous nous retrouverons pour le s\u00e9jour d&rsquo;automne et l&rsquo;Assembl\u00e9e G\u00e9n\u00e9rale de 2019. Quelques \u00e9l\u00e9ments de programme : Un accueil sera assur\u00e9 sur place le vendredi \u00e0 partir de 16h30. Les chambres seront disponibles d\u00e8s 17h [&hellip;]","og_url":"https:\/\/centcols.org\/nl\/ag-2019-nant\/","og_site_name":"Club des Cent Cols","article_publisher":"https:\/\/www.facebook.com\/groups\/5261880558\/?locale=fr_FR","article_published_time":"2019-06-04T19:27:38+00:00","article_modified_time":"2025-09-14T17:38:56+00:00","og_image":[{"width":800,"height":600,"url":"https:\/\/centcols.org\/wp-content\/uploads\/2025\/05\/2018.10-Nant-vue-generale017-r.jpg","type":"image\/jpeg"}],"author":"Webmestre","twitter_card":"summary_large_image","twitter_misc":{"Geschreven door":"Webmestre","Geschatte leestijd":"13 minuten"},"schema":{"@context":"https:\/\/schema.org","@graph":[{"@type":"Article","@id":"https:\/\/centcols.org\/ag-2019-nant\/#article","isPartOf":{"@id":"https:\/\/centcols.org\/ag-2019-nant\/"},"author":{"name":"Webmestre","@id":"https:\/\/centcols.org\/#\/schema\/person\/911b404fb133d8c913dd27cdcf71c8e5"},"headline":"S\u00e9jour d&rsquo;automne et assembl\u00e9e g\u00e9n\u00e9rale \u00e0 Nant (Aveyron), 8 au 10 novembre 2019","datePublished":"2019-06-04T19:27:38+00:00","dateModified":"2025-09-14T17:38:56+00:00","mainEntityOfPage":{"@id":"https:\/\/centcols.org\/ag-2019-nant\/"},"wordCount":1788,"publisher":{"@id":"https:\/\/centcols.org\/#organization"},"image":{"@id":"https:\/\/centcols.org\/ag-2019-nant\/#primaryimage"},"thumbnailUrl":"https:\/\/centcols.org\/wp-content\/uploads\/2025\/05\/2018.10-Nant-vue-generale017-r.jpg","articleSection":["France","12-Aveyron","Occitanie","Massif Central","Grands Causses","S\u00e9jours du Club des Cent Cols"],"inLanguage":"nl-BE"},{"@type":"WebPage","@id":"https:\/\/centcols.org\/ag-2019-nant\/","url":"https:\/\/centcols.org\/ag-2019-nant\/","name":"Herfstvakantie en algemene vergadering in Nant (Aveyron), 8 tot 10 november 2019 - Club des Cent Cols","isPartOf":{"@id":"https:\/\/centcols.org\/#website"},"primaryImageOfPage":{"@id":"https:\/\/centcols.org\/ag-2019-nant\/#primaryimage"},"image":{"@id":"https:\/\/centcols.org\/ag-2019-nant\/#primaryimage"},"thumbnailUrl":"https:\/\/centcols.org\/wp-content\/uploads\/2025\/05\/2018.10-Nant-vue-generale017-r.jpg","datePublished":"2019-06-04T19:27:38+00:00","dateModified":"2025-09-14T17:38:56+00:00","breadcrumb":{"@id":"https:\/\/centcols.org\/ag-2019-nant\/#breadcrumb"},"inLanguage":"nl-BE","potentialAction":[{"@type":"ReadAction","target":["https:\/\/centcols.org\/ag-2019-nant\/"]}]},{"@type":"ImageObject","inLanguage":"nl-BE","@id":"https:\/\/centcols.org\/ag-2019-nant\/#primaryimage","url":"https:\/\/centcols.org\/wp-content\/uploads\/2025\/05\/2018.10-Nant-vue-generale017-r.jpg","contentUrl":"https:\/\/centcols.org\/wp-content\/uploads\/2025\/05\/2018.10-Nant-vue-generale017-r.jpg"},{"@type":"BreadcrumbList","@id":"https:\/\/centcols.org\/ag-2019-nant\/#breadcrumb","itemListElement":[{"@type":"ListItem","position":1,"name":"Accueil","item":"https:\/\/centcols.org\/"},{"@type":"ListItem","position":2,"name":"S\u00e9jours du Club des Cent Cols","item":"https:\/\/centcols.org\/rubrique\/sejours\/"},{"@type":"ListItem","position":3,"name":"Pays","item":"https:\/\/centcols.org\/rubrique\/sejours\/pays-sejours\/"},{"@type":"ListItem","position":4,"name":"France","item":"https:\/\/centcols.org\/rubrique\/sejours\/pays-sejours\/france-pays-sejours\/"},{"@type":"ListItem","position":5,"name":"S\u00e9jour d&rsquo;automne et assembl\u00e9e g\u00e9n\u00e9rale \u00e0 Nant (Aveyron), 8 au 10 novembre 2019"}]},{"@type":"WebSite","@id":"https:\/\/centcols.org\/#website","url":"https:\/\/centcols.org\/","name":"Club van Cent Cols","description":"","publisher":{"@id":"https:\/\/centcols.org\/#organization"},"potentialAction":[{"@type":"SearchAction","target":{"@type":"EntryPoint","urlTemplate":"https:\/\/centcols.org\/?s={search_term_string}"},"query-input":{"@type":"PropertyValueSpecification","valueRequired":true,"valueName":"search_term_string"}}],"inLanguage":"nl-BE"},{"@type":"Organization","@id":"https:\/\/centcols.org\/#organization","name":"Club van Cent Cols","url":"https:\/\/centcols.org\/","logo":{"@type":"ImageObject","inLanguage":"nl-BE","@id":"https:\/\/centcols.org\/#\/schema\/logo\/image\/","url":"https:\/\/centcols.org\/wp-content\/uploads\/2025\/01\/carte-icone.png","contentUrl":"https:\/\/centcols.org\/wp-content\/uploads\/2025\/01\/carte-icone.png","width":250,"height":250,"caption":"Club des Cent Cols"},"image":{"@id":"https:\/\/centcols.org\/#\/schema\/logo\/image\/"},"sameAs":["https:\/\/www.facebook.com\/groups\/5261880558\/?locale=fr_FR"]},{"@type":"Person","@id":"https:\/\/centcols.org\/#\/schema\/person\/911b404fb133d8c913dd27cdcf71c8e5","name":"Webmaster","image":{"@type":"ImageObject","inLanguage":"nl-BE","@id":"https:\/\/centcols.org\/wp-content\/litespeed\/avatar\/2d246e4b6b4f773e08515e1ffc53690b.jpg?ver=1777222892","url":"https:\/\/centcols.org\/wp-content\/litespeed\/avatar\/2d246e4b6b4f773e08515e1ffc53690b.jpg?ver=1777222892","contentUrl":"https:\/\/centcols.org\/wp-content\/litespeed\/avatar\/2d246e4b6b4f773e08515e1ffc53690b.jpg?ver=1777222892","caption":"Webmestre"},"url":"https:\/\/centcols.org\/nl\/author\/webmestre\/"}]}},"_links":{"self":[{"href":"https:\/\/centcols.org\/nl\/wp-json\/wp\/v2\/posts\/82135","targetHints":{"allow":["GET"]}}],"collection":[{"href":"https:\/\/centcols.org\/nl\/wp-json\/wp\/v2\/posts"}],"about":[{"href":"https:\/\/centcols.org\/nl\/wp-json\/wp\/v2\/types\/post"}],"author":[{"embeddable":true,"href":"https:\/\/centcols.org\/nl\/wp-json\/wp\/v2\/users\/3"}],"replies":[{"embeddable":true,"href":"https:\/\/centcols.org\/nl\/wp-json\/wp\/v2\/comments?post=82135"}],"version-history":[{"count":0,"href":"https:\/\/centcols.org\/nl\/wp-json\/wp\/v2\/posts\/82135\/revisions"}],"wp:attachment":[{"href":"https:\/\/centcols.org\/nl\/wp-json\/wp\/v2\/media?parent=82135"}],"wp:term":[{"taxonomy":"category","embeddable":true,"href":"https:\/\/centcols.org\/nl\/wp-json\/wp\/v2\/categories?post=82135"},{"taxonomy":"post_tag","embeddable":true,"href":"https:\/\/centcols.org\/nl\/wp-json\/wp\/v2\/tags?post=82135"}],"curies":[{"name":"wp","href":"https:\/\/api.w.org\/{rel}","templated":true}]}}