{"id":82168,"date":"2019-10-05T17:43:27","date_gmt":"2019-10-05T15:43:27","guid":{"rendered":"https:\/\/centcols.org\/challenge-les-cent-cols-de-jean-perdoux\/"},"modified":"2025-09-09T13:56:41","modified_gmt":"2025-09-09T11:56:41","slug":"uitdaging-cent-cols-de-jean-perdoux","status":"publish","type":"post","link":"https:\/\/centcols.org\/nl\/challenge-les-cent-cols-de-jean-perdoux\/","title":{"rendered":"Challenge \u00ables cent cols de Jean Perdoux\u00bb (De honderd bergpassen van Jean Perdoux)\u00bb"},"content":{"rendered":"\n<p>Ce challenge est propos\u00e9 par Robert Ducret (CC 7069)<\/p>\n\n\n\n<p>Contact : [email]&#x63;&#104;&#x61;&#x6c;&#108;&#x65;&#110;g&#x65;&#112;e&#x72;&#100;o&#x75;&#120;&#64;&#x63;&#101;&#x6e;&#x74;&#99;&#x6f;&#x6c;&#115;&#x2e;&#111;r&#x67;[\/email]<\/p>\n\n\n\n<p>C&rsquo;est \u00e0 l&rsquo;occasion du franchissement de son centi\u00e8me col que Jean Perdoux a eu l&rsquo;id\u00e9e de cr\u00e9er le Club des Cent Cols. Le challenge \u00ab\u00a0Les Cent Cols de Jean Perdoux\u00a0\u00bb vous invite \u00e0 franchir les cent premiers cols gravis par le pr\u00e9sident fondateur du club.<br>Ce challenge est ouvert aux membres et aux non membres du Club des Cent Cols. Il peut servir de base solide pour un futur membre de la confr\u00e9rie ou, pour d\u2019autres, \u00eatre une source de motivation pour aller revisiter ces cols et t\u00e9moigner ainsi leur sympathie \u00e0 Jean Perdoux.<\/p>\n\n\n\n<h2 class=\"wp-block-heading\">Fonctionnement<\/h2>\n\n\n\n<ul>\n<li>Un num\u00e9ro sera attribu\u00e9 dans l\u2019ordre des inscriptions.<\/li>\n<li>Un num\u00e9ro sera attribu\u00e9 \u00e0 la r\u00e9ception de la d\u00e9claration d\u2019ach\u00e8vement du challenge<\/li>\n<li>Un dipl\u00f4me num\u00e9rot\u00e9 sera \u00e0 disposition du participant. Le participant aura la possibilit\u00e9 de l\u2019imprimer lui-m\u00eame, de se le faire envoyer par le responsable du challenge contre la somme de six euros. <em>(Cette somme comprend le co\u00fbt du papier sp\u00e9cial, l\u2019impression et l\u2019envoi postal)<\/em>, ou de se le faire remettre en main propre\u00a0 lors des manifestations du Club des Cent Cols.<\/li>\n<\/ul>\n\n\n\n<h2 class=\"wp-block-heading\">R\u00e8glement<\/h2>\n\n\n\n<ul class=\"wp-block-list\">\n<li>Le challenge est ouvert aux membres et aux non membres du Club des Cent Cols.<\/li>\n\n\n\n<li>Pour s\u2019inscrire au challenge : \u00ab Les Cent cols de Jean Perdoux \u00bb, il faut : remplir <a href=\"https:\/\/centcols.org\/wp-content\/uploads\/2025\/08\/bichallengeperdoux.pdf\" target=\"_blank\" rel=\"noreferrer noopener\">le bulletin d\u2019inscription (pdf)<\/a>, \u00a0<a href=\"https:\/\/centcols.org\/wp-content\/uploads\/2025\/09\/bichallengeperdoux.zip\" target=\"_blank\" rel=\"noreferrer noopener\">ou au format Word<\/a>\u00a0valant acceptation de ce r\u00e8glement.<\/li>\n\n\n\n<li>Les cols doivent \u00eatre gravis conform\u00e9ment \u00e0 la r\u00e8gle du jeu du Club des Cent Cols.<\/li>\n\n\n\n<li>Chaque col gravi est d\u00e9clar\u00e9 comme tel sur la bonne foi du participant.<\/li>\n\n\n\n<li>Il n\u2019y a pas de d\u00e9lai impos\u00e9.<\/li>\n\n\n\n<li>Les cols sont compt\u00e9s \u00e0 partir de la r\u00e9ception de l\u2019inscription.<\/li>\n\n\n\n<li>Les cols de la liste gravis <strong>ant\u00e9rieurement <\/strong>\u00e0 l\u2019inscription peuvent \u00eatre pris en compte.<\/li>\n\n\n\n<li>Un brevet est remis lorsque tous les cols du challenge sont gravis.<\/li>\n<\/ul>\n\n\n\n<h2 class=\"wp-block-heading\">Liste des cols \u00e0 franchir :<\/h2>\n\n\n\n<table class=\"wp-block-table\" style=\"width: 54.7978%;\" border=\"1\">\n<tbody>\n<tr>\n<td style=\"width: 37.8667%;\">Col du Chat<br \/>Col de Chevelu<\/td>\n<td style=\"width: 16.8%;\"><a href=\"http:\/\/centcols.org\/util\/geo\/visuFR.php?code=FR-73-0633\">FR-73-0633<\/a><\/td>\n<\/tr>\n<tr>\n<td style=\"width: 37.8667%;\">Col de Plainpalais<\/td>\n<td style=\"width: 16.8%;\"><a href=\"http:\/\/centcols.org\/util\/geo\/visuFR.php?code=FR-73-1173\">FR-73-1173<\/a><\/td>\n<\/tr>\n<tr>\n<td style=\"width: 37.8667%;\">Col de Couz<br \/>Col du Cheval Blanc<\/td>\n<td style=\"width: 16.8%;\"><a href=\"http:\/\/centcols.org\/util\/geo\/visuFR.php?code=FR-73-0624\">FR-73-0624<\/a><\/td>\n<\/tr>\n<tr>\n<td style=\"width: 37.8667%;\">Col de Cessens<\/td>\n<td style=\"width: 16.8%;\"><a href=\"http:\/\/centcols.org\/util\/geo\/visuFR.php?code=FR-73-0797\">FR-73-0797<\/a><\/td>\n<\/tr>\n<tr>\n<td style=\"width: 37.8667%;\">Col du Sapenay<\/td>\n<td style=\"width: 16.8%;\"><a href=\"http:\/\/centcols.org\/util\/geo\/visuFR.php?code=FR-73-0897\">FR-73-0897<\/a><\/td>\n<\/tr>\n<tr>\n<td style=\"width: 37.8667%;\">Col de la Clusaz<\/td>\n<td style=\"width: 16.8%;\"><a href=\"http:\/\/centcols.org\/util\/geo\/visuFR.php?code=FR-73-1184a\">FR-73-1184a<\/a><\/td>\n<\/tr>\n<tr>\n<td style=\"width: 37.8667%;\">Col de l&rsquo;Epine<\/td>\n<td style=\"width: 16.8%;\"><a href=\"http:\/\/centcols.org\/util\/geo\/visuFR.php?code=FR-73-0987\">FR-73-0987<\/a><\/td>\n<\/tr>\n<tr>\n<td style=\"width: 37.8667%;\">Pas de la Fosse (Tunnel)<\/td>\n<td style=\"width: 16.8%;\"><a href=\"http:\/\/centcols.org\/util\/geo\/visuFR.php?code=FR-73-0822\">FR-73-0822<\/a><\/td>\n<\/tr>\n<tr>\n<td style=\"width: 37.8667%;\">Col du Granier<br \/>Col du Fr\u00eane<\/td>\n<td style=\"width: 16.8%;\"><a href=\"http:\/\/centcols.org\/util\/geo\/visuFR.php?code=FR-73-1134\">FR-73-1134<\/a><\/td>\n<\/tr>\n<tr>\n<td style=\"width: 37.8667%;\">Col de Marocaz<\/td>\n<td style=\"width: 16.8%;\"><a href=\"http:\/\/centcols.org\/util\/geo\/visuFR.php?code=FR-73-0958b\">FR-73-0958b<\/a><\/td>\n<\/tr>\n<tr>\n<td style=\"width: 37.8667%;\">Col de Champ Laurent<\/td>\n<td style=\"width: 16.8%;\"><a href=\"http:\/\/centcols.org\/util\/geo\/visuFR.php?code=FR-73-1113\">FR-73-1113<\/a><\/td>\n<\/tr>\n<tr>\n<td style=\"width: 37.8667%;\">Col du Cucheron<\/td>\n<td style=\"width: 16.8%;\"><a href=\"http:\/\/centcols.org\/util\/geo\/visuFR.php?code=FR-38-1139\">FR-38-1139<\/a><\/td>\n<\/tr>\n<tr>\n<td style=\"width: 37.8667%;\">Col de Porte<\/td>\n<td style=\"width: 16.8%;\"><a href=\"http:\/\/centcols.org\/util\/geo\/visuFR.php?code=FR-38-1326b\">FR-38-1326b<\/a><\/td>\n<\/tr>\n<tr>\n<td style=\"width: 37.8667%;\">Col de Leschaux<\/td>\n<td style=\"width: 16.8%;\"><a href=\"http:\/\/centcols.org\/util\/geo\/visuFR.php?code=FR-74-0897\">FR-74-0897<\/a><\/td>\n<\/tr>\n<tr>\n<td style=\"width: 37.8667%;\">Col de la Placette<\/td>\n<td style=\"width: 16.8%;\"><a href=\"http:\/\/centcols.org\/util\/geo\/visuFR.php?code=FR-38-0587\">FR-38-0587<\/a><\/td>\n<\/tr>\n<tr>\n<td style=\"width: 37.8667%;\">Col de Tami\u00e9<\/td>\n<td style=\"width: 16.8%;\"><a href=\"http:\/\/centcols.org\/util\/geo\/visuFR.php?code=FR-73-0907\">FR-73-0907<\/a><\/td>\n<\/tr>\n<tr>\n<td style=\"width: 37.8667%;\">Col des Mouilles<\/td>\n<td style=\"width: 16.8%;\"><a href=\"http:\/\/centcols.org\/util\/geo\/visuFR.php?code=FR-38-1021\">FR-38-1021<\/a><\/td>\n<\/tr>\n<tr>\n<td style=\"width: 37.8667%;\">Col de la Croix Bernard<\/td>\n<td style=\"width: 16.8%;\"><a href=\"http:\/\/centcols.org\/util\/geo\/visuFR.php?code=FR-38-0944b\">FR-38-0944b<\/a><\/td>\n<\/tr>\n<tr>\n<td style=\"width: 37.8667%;\">Col du Barioz<br \/>Col de Bariot<\/td>\n<td style=\"width: 16.8%;\"><a href=\"http:\/\/centcols.org\/util\/geo\/visuFR.php?code=FR-38-1041a\">FR-38-1041a<\/a><\/td>\n<\/tr>\n<tr>\n<td style=\"width: 37.8667%;\">Col des Pr\u00e9s<\/td>\n<td style=\"width: 16.8%;\"><a href=\"http:\/\/centcols.org\/util\/geo\/visuFR.php?code=FR-73-1135\">FR-73-1135<\/a><\/td>\n<\/tr>\n<tr>\n<td style=\"width: 37.8667%;\">Col de la Charmette<\/td>\n<td style=\"width: 16.8%;\"><a href=\"http:\/\/centcols.org\/util\/geo\/visuFR.php?code=FR-38-1261\">FR-38-1261<\/a><\/td>\n<\/tr>\n<tr>\n<td style=\"width: 37.8667%;\">Col des Egaux<\/td>\n<td style=\"width: 16.8%;\"><a href=\"http:\/\/centcols.org\/util\/geo\/visuFR.php?code=FR-73-0958a\">FR-73-0958a<\/a><\/td>\n<\/tr>\n<tr>\n<td style=\"width: 37.8667%;\">Col de la Cluse<br \/>Passage de la Cochette<\/td>\n<td style=\"width: 16.8%;\"><a href=\"http:\/\/centcols.org\/util\/geo\/visuFR.php?code=FR-73-1169\">FR-73-1169<\/a><\/td>\n<\/tr>\n<tr>\n<td style=\"width: 37.8667%;\">Col de Bluffy<\/td>\n<td style=\"width: 16.8%;\"><a href=\"http:\/\/centcols.org\/util\/geo\/visuFR.php?code=FR-74-0630\">FR-74-0630<\/a><\/td>\n<\/tr>\n<tr>\n<td style=\"width: 37.8667%;\">Col des Saisies<\/td>\n<td style=\"width: 16.8%;\"><a href=\"http:\/\/centcols.org\/util\/geo\/visuFR.php?code=FR-73-1633\">FR-73-1633<\/a><\/td>\n<\/tr>\n<tr>\n<td style=\"width: 37.8667%;\">Col de la Crusille<\/td>\n<td style=\"width: 16.8%;\"><a href=\"http:\/\/centcols.org\/util\/geo\/visuFR.php?code=FR-73-0573\">FR-73-0573<\/a><\/td>\n<\/tr>\n<tr>\n<td style=\"width: 37.8667%;\">Col de Marcieu<\/td>\n<td style=\"width: 16.8%;\"><a href=\"http:\/\/centcols.org\/util\/geo\/visuFR.php?code=FR-38-1061\">FR-38-1061<\/a><\/td>\n<\/tr>\n<tr>\n<td style=\"width: 37.8667%;\">Col du Grand Colombier<\/td>\n<td style=\"width: 16.8%;\"><a href=\"http:\/\/centcols.org\/util\/geo\/visuFR.php?code=FR-01-1500\">FR-01-1500<\/a><\/td>\n<\/tr>\n<tr>\n<td style=\"width: 37.8667%;\">Col du T\u00e9l\u00e9graphe<\/td>\n<td style=\"width: 16.8%;\"><a href=\"http:\/\/centcols.org\/util\/geo\/visuFR.php?code=FR-73-1566\">FR-73-1566<\/a><\/td>\n<\/tr>\n<tr>\n<td style=\"width: 37.8667%;\">Collet du Plan Nicolas<\/td>\n<td style=\"width: 16.8%;\"><a href=\"http:\/\/centcols.org\/util\/geo\/visuFR.php?code=FR-73-2406\">FR-73-2406<\/a><\/td>\n<\/tr>\n<tr>\n<td style=\"width: 37.8667%;\">Col du Galibier<\/td>\n<td style=\"width: 16.8%;\"><a href=\"http:\/\/centcols.org\/util\/geo\/visuFR.php?code=FR-05-2642a\">FR-05-2642a<\/a><\/td>\n<\/tr>\n<tr>\n<td style=\"width: 37.8667%;\">Col de la Croix de Fer<\/td>\n<td style=\"width: 16.8%;\"><a href=\"http:\/\/centcols.org\/util\/geo\/visuFR.php?code=FR-73-2064a\">FR-73-2064a<\/a><\/td>\n<\/tr>\n<tr>\n<td style=\"width: 37.8667%;\">Col du Mont Tournier<\/td>\n<td style=\"width: 16.8%;\"><a href=\"http:\/\/centcols.org\/util\/geo\/visuFR.php?code=FR-73-0821\">FR-73-0821<\/a><\/td>\n<\/tr>\n<tr>\n<td style=\"width: 37.8667%;\">Col du Grand Cucheron<\/td>\n<td style=\"width: 16.8%;\"><a href=\"http:\/\/centcols.org\/util\/geo\/visuFR.php?code=FR-73-1188\">FR-73-1188<\/a><\/td>\n<\/tr>\n<tr>\n<td style=\"width: 37.8667%;\">Col du Fr\u00eane<\/td>\n<td style=\"width: 16.8%;\"><a href=\"http:\/\/centcols.org\/util\/geo\/visuFR.php?code=FR-73-0950\">FR-73-0950<\/a><\/td>\n<\/tr>\n<tr>\n<td style=\"width: 37.8667%;\">Col du Banchet<\/td>\n<td style=\"width: 16.8%;\"><a href=\"http:\/\/centcols.org\/util\/geo\/visuFR.php?code=FR-73-0590\">FR-73-0590<\/a><\/td>\n<\/tr>\n<tr>\n<td style=\"width: 37.8667%;\">Col du Verdun<\/td>\n<td style=\"width: 16.8%;\"><a href=\"http:\/\/centcols.org\/util\/geo\/visuFR.php?code=FR-69-0602b\">FR-69-0602b<\/a><\/td>\n<\/tr>\n<tr>\n<td style=\"width: 37.8667%;\">Col des Mille Martyrs<\/td>\n<td style=\"width: 16.8%;\"><a href=\"http:\/\/centcols.org\/util\/geo\/visuFR.php?code=FR-38-0874\">FR-38-0874<\/a><\/td>\n<\/tr>\n<tr>\n<td style=\"width: 37.8667%;\">Col de la Croix de la Serra<br \/>Col du D\u00e9sertin<\/td>\n<td style=\"width: 16.8%;\"><a href=\"http:\/\/centcols.org\/util\/geo\/visuFR.php?code=FR-39-1049\">FR-39-1049<\/a><\/td>\n<\/tr>\n<tr>\n<td style=\"width: 37.8667%;\">Col de la Savine<\/td>\n<td style=\"width: 16.8%;\"><a href=\"http:\/\/centcols.org\/util\/geo\/visuFR.php?code=FR-39-0995\">FR-39-0995<\/a><\/td>\n<\/tr>\n<tr>\n<td style=\"width: 37.8667%;\">Col de Richemond<\/td>\n<td style=\"width: 16.8%;\"><a href=\"http:\/\/centcols.org\/util\/geo\/visuFR.php?code=FR-01-1036\">FR-01-1036<\/a><\/td>\n<\/tr>\n<tr>\n<td style=\"width: 37.8667%;\">Col de la Croix de Presles<\/td>\n<td style=\"width: 16.8%;\"><a href=\"http:\/\/centcols.org\/util\/geo\/visuFR.php?code=FR-69-0527\">FR-69-0527<\/a><\/td>\n<\/tr>\n<tr>\n<td style=\"width: 37.8667%;\">Golet du Taisson<\/td>\n<td style=\"width: 16.8%;\"><a href=\"http:\/\/centcols.org\/util\/geo\/visuFR.php?code=FR-73-1487\">FR-73-1487<\/a><\/td>\n<\/tr>\n<tr>\n<td style=\"width: 37.8667%;\">Golet de la Pierre<\/td>\n<td style=\"width: 16.8%;\"><a href=\"http:\/\/centcols.org\/util\/geo\/visuFR.php?code=FR-73-1508\">FR-73-1508<\/a><\/td>\n<\/tr>\n<tr>\n<td style=\"width: 37.8667%;\">Pas du Mortier (Tunnel)<\/td>\n<td style=\"width: 16.8%;\"><a href=\"http:\/\/centcols.org\/util\/geo\/visuFR.php?code=FR-38-1389\">FR-38-1389<\/a><\/td>\n<\/tr>\n<tr>\n<td style=\"width: 37.8667%;\">Col de Parm\u00e9nie<\/td>\n<td style=\"width: 16.8%;\"><a href=\"http:\/\/centcols.org\/util\/geo\/visuFR.php?code=FR-38-0576\">FR-38-0576<\/a><\/td>\n<\/tr>\n<tr>\n<td style=\"width: 37.8667%;\">Col des Fosses<\/td>\n<td style=\"width: 16.8%;\"><a href=\"http:\/\/centcols.org\/util\/geo\/visuFR.php?code=FR-01-0745\">FR-01-0745<\/a><\/td>\n<\/tr>\n<tr>\n<td style=\"width: 37.8667%;\">Col de la Cochette<\/td>\n<td style=\"width: 16.8%;\"><a href=\"http:\/\/centcols.org\/util\/geo\/visuFR.php?code=FR-73-0587\">FR-73-0587<\/a><\/td>\n<\/tr>\n<tr>\n<td style=\"width: 37.8667%;\">Col de l&rsquo;Epine<\/td>\n<td style=\"width: 16.8%;\"><a href=\"http:\/\/centcols.org\/util\/geo\/visuFR.php?code=FR-74-0947\">FR-74-0947<\/a><\/td>\n<\/tr>\n<tr>\n<td style=\"width: 37.8667%;\">Col du Clergeon<\/td>\n<td style=\"width: 16.8%;\"><a href=\"http:\/\/centcols.org\/util\/geo\/visuFR.php?code=FR-73-0979\">FR-73-0979<\/a><\/td>\n<\/tr>\n<tr>\n<td style=\"width: 37.8667%;\">Col du Petit Saint-Bernard<\/td>\n<td style=\"width: 16.8%;\"><a href=\"http:\/\/centcols.org\/util\/geo\/visuFR.php?code=FR-73-2188\">FR-73-2188<\/a><\/td>\n<\/tr>\n<tr>\n<td style=\"width: 37.8667%;\">Col de l&rsquo;Iseran<\/td>\n<td style=\"width: 16.8%;\"><a href=\"http:\/\/centcols.org\/util\/geo\/visuFR.php?code=FR-73-2764\">FR-73-2764<\/a><\/td>\n<\/tr>\n<tr>\n<td style=\"width: 37.8667%;\">Col de Vence<\/td>\n<td style=\"width: 16.8%;\"><a href=\"http:\/\/centcols.org\/util\/geo\/visuFR.php?code=FR-38-0782\">FR-38-0782<\/a><\/td>\n<\/tr>\n<tr>\n<td style=\"width: 37.8667%;\">Col du Mollard<br \/>Col de L\u00e9lia<\/td>\n<td style=\"width: 16.8%;\"><a href=\"http:\/\/centcols.org\/util\/geo\/visuFR.php?code=FR-73-1320b\">FR-73-1320b<\/a><\/td>\n<\/tr>\n<tr>\n<td style=\"width: 37.8667%;\">Col de Saint-Saturnin<\/td>\n<td style=\"width: 16.8%;\"><a href=\"http:\/\/centcols.org\/util\/geo\/visuFR.php?code=FR-73-0409\">FR-73-0409<\/a><\/td>\n<\/tr>\n<tr>\n<td style=\"width: 37.8667%;\">Col de Lattaz<\/td>\n<td style=\"width: 16.8%;\"><a href=\"http:\/\/centcols.org\/util\/geo\/visuFR.php?code=FR-73-0754\">FR-73-0754<\/a><\/td>\n<\/tr>\n<tr>\n<td style=\"width: 37.8667%;\">Col de Saint-Jean-de-Sixt<\/td>\n<td style=\"width: 16.8%;\"><a href=\"http:\/\/centcols.org\/util\/geo\/visuFR.php?code=FR-74-0956\">FR-74-0956<\/a><\/td>\n<\/tr>\n<tr>\n<td style=\"width: 37.8667%;\">Col des Aravis<\/td>\n<td style=\"width: 16.8%;\"><a href=\"http:\/\/centcols.org\/util\/geo\/visuFR.php?code=FR-73-1486\">FR-73-1486<\/a><\/td>\n<\/tr>\n<tr>\n<td style=\"width: 37.8667%;\">Col de la Ramaz<\/td>\n<td style=\"width: 16.8%;\"><a href=\"http:\/\/centcols.org\/util\/geo\/visuFR.php?code=FR-74-1557\">FR-74-1557<\/a><\/td>\n<\/tr>\n<tr>\n<td style=\"width: 37.8667%;\">Col de la Madeleine<\/td>\n<td style=\"width: 16.8%;\"><a href=\"http:\/\/centcols.org\/util\/geo\/visuFR.php?code=FR-38-0493\">FR-38-0493<\/a><\/td>\n<\/tr>\n<tr>\n<td style=\"width: 37.8667%;\">Col du Cognet<\/td>\n<td style=\"width: 16.8%;\"><a href=\"http:\/\/centcols.org\/util\/geo\/visuFR.php?code=FR-38-0525\">FR-38-0525<\/a><\/td>\n<\/tr>\n<tr>\n<td style=\"width: 37.8667%;\">Col du Banchet<\/td>\n<td style=\"width: 16.8%;\"><a href=\"http:\/\/centcols.org\/util\/geo\/visuFR.php?code=FR-38-0552\">FR-38-0552<\/a><\/td>\n<\/tr>\n<tr>\n<td style=\"width: 37.8667%;\">Col de Toutes Aures<\/td>\n<td style=\"width: 16.8%;\"><a href=\"http:\/\/centcols.org\/util\/geo\/visuFR.php?code=FR-38-0560b\">FR-38-0560b<\/a><\/td>\n<\/tr>\n<tr>\n<td style=\"width: 37.8667%;\">Col de la Forclaz de Queige<\/td>\n<td style=\"width: 16.8%;\"><a href=\"http:\/\/centcols.org\/util\/geo\/visuFR.php?code=FR-73-0871\">FR-73-0871<\/a><\/td>\n<\/tr>\n<tr>\n<td style=\"width: 37.8667%;\">Col des Fleuries<br \/>Col de Doucy<\/td>\n<td style=\"width: 16.8%;\"><a href=\"http:\/\/centcols.org\/util\/geo\/visuFR.php?code=FR-74-0930\">FR-74-0930<\/a><\/td>\n<\/tr>\n<tr>\n<td style=\"width: 37.8667%;\">Col de la Madeleine<\/td>\n<td style=\"width: 16.8%;\"><a href=\"http:\/\/centcols.org\/util\/geo\/visuFR.php?code=FR-73-1993\">FR-73-1993<\/a><\/td>\n<\/tr>\n<tr>\n<td style=\"width: 37.8667%;\">Col de l&rsquo;Olivier<\/td>\n<td style=\"width: 16.8%;\"><a href=\"http:\/\/centcols.org\/util\/geo\/visuFR.php?code=FR-04-0711\">FR-04-0711<\/a><\/td>\n<\/tr>\n<tr>\n<td style=\"width: 37.8667%;\">Col de l&rsquo;Orme<\/td>\n<td style=\"width: 16.8%;\"><a href=\"http:\/\/centcols.org\/util\/geo\/visuFR.php?code=FR-04-0734\">FR-04-0734<\/a><\/td>\n<\/tr>\n<tr>\n<td style=\"width: 37.8667%;\">Col d&rsquo;Illoire<\/td>\n<td style=\"width: 16.8%;\"><a href=\"http:\/\/centcols.org\/util\/geo\/visuFR.php?code=FR-83-0964\">FR-83-0964<\/a><\/td>\n<\/tr>\n<tr>\n<td style=\"width: 37.8667%;\">Col de Siron<\/td>\n<td style=\"width: 16.8%;\"><a href=\"http:\/\/centcols.org\/util\/geo\/visuFR.php?code=FR-83-0965\">FR-83-0965<\/a><\/td>\n<\/tr>\n<tr>\n<td style=\"width: 37.8667%;\">Col d&rsquo;Ayen<\/td>\n<td style=\"width: 16.8%;\"><a href=\"http:\/\/centcols.org\/util\/geo\/visuFR.php?code=FR-04-1032\">FR-04-1032<\/a><\/td>\n<\/tr>\n<tr>\n<td style=\"width: 37.8667%;\">Col de Montgen\u00e8vre<\/td>\n<td style=\"width: 16.8%;\"><a href=\"http:\/\/centcols.org\/util\/geo\/visuFR.php?code=FR-05-1850\">FR-05-1850<\/a><\/td>\n<\/tr>\n<tr>\n<td style=\"width: 37.8667%;\">Col du Lautaret<\/td>\n<td style=\"width: 16.8%;\"><a href=\"http:\/\/centcols.org\/util\/geo\/visuFR.php?code=FR-05-2057\">FR-05-2057<\/a><\/td>\n<\/tr>\n<tr>\n<td style=\"width: 37.8667%;\">Col du Cendrier<\/td>\n<td style=\"width: 16.8%;\"><a href=\"http:\/\/centcols.org\/util\/geo\/visuFR.php?code=FR-01-0793\">FR-01-0793<\/a><\/td>\n<\/tr>\n<tr>\n<td style=\"width: 37.8667%;\">Col de la Berche<br \/>Golet de la Berche<\/td>\n<td style=\"width: 16.8%;\"><a href=\"http:\/\/centcols.org\/util\/geo\/visuFR.php?code=FR-01-0864\">FR-01-0864<\/a><\/td>\n<\/tr>\n<tr>\n<td style=\"width: 37.8667%;\">Col de la Chemin\u00e9e<\/td>\n<td style=\"width: 16.8%;\"><a href=\"http:\/\/centcols.org\/util\/geo\/visuFR.php?code=FR-01-0925\">FR-01-0925<\/a><\/td>\n<\/tr>\n<tr>\n<td style=\"width: 37.8667%;\">Col de Colliard<\/td>\n<td style=\"width: 16.8%;\"><a href=\"http:\/\/centcols.org\/util\/geo\/visuFR.php?code=FR-01-0979\">FR-01-0979<\/a><\/td>\n<\/tr>\n<tr>\n<td style=\"width: 37.8667%;\">Col de Belle Roche<br \/>Golet Belle Roche<\/td>\n<td style=\"width: 16.8%;\"><a href=\"http:\/\/centcols.org\/util\/geo\/visuFR.php?code=FR-01-1056\">FR-01-1056<\/a><\/td>\n<\/tr>\n<tr>\n<td style=\"width: 37.8667%;\">Col de Cuvillat<\/td>\n<td style=\"width: 16.8%;\"><a href=\"http:\/\/centcols.org\/util\/geo\/visuFR.php?code=FR-01-1073\">FR-01-1073<\/a><\/td>\n<\/tr>\n<tr>\n<td style=\"width: 37.8667%;\">Col de la Faucille<\/td>\n<td style=\"width: 16.8%;\"><a href=\"http:\/\/centcols.org\/util\/geo\/visuFR.php?code=FR-01-1320\">FR-01-1320<\/a><\/td>\n<\/tr>\n<tr>\n<td style=\"width: 37.8667%;\">Col du Mont Cenis<\/td>\n<td style=\"width: 16.8%;\"><a href=\"http:\/\/centcols.org\/util\/geo\/visuFR.php?code=FR-73-2081\">FR-73-2081<\/a><\/td>\n<\/tr>\n<tr>\n<td style=\"width: 37.8667%;\">Col de Tourniol<\/td>\n<td style=\"width: 16.8%;\"><a href=\"http:\/\/centcols.org\/util\/geo\/visuFR.php?code=FR-26-1145\">FR-26-1145<\/a><\/td>\n<\/tr>\n<tr>\n<td style=\"width: 37.8667%;\">Col des Ess\u00e9rieux<\/td>\n<td style=\"width: 16.8%;\"><a href=\"http:\/\/centcols.org\/util\/geo\/visuFR.php?code=FR-74-0755\">FR-74-0755<\/a><\/td>\n<\/tr>\n<tr>\n<td style=\"width: 37.8667%;\">Col du Marais<br \/>Col de Serraval<\/td>\n<td style=\"width: 16.8%;\"><a href=\"http:\/\/centcols.org\/util\/geo\/visuFR.php?code=FR-74-0833\">FR-74-0833<\/a><\/td>\n<\/tr>\n<tr>\n<td style=\"width: 37.8667%;\">Col de la Croisette<\/td>\n<td style=\"width: 16.8%;\"><a href=\"http:\/\/centcols.org\/util\/geo\/visuFR.php?code=FR-74-1176b\">FR-74-1176b<\/a><\/td>\n<\/tr>\n<tr>\n<td style=\"width: 37.8667%;\">Col de la Croix Fry<br \/>Col de Manigod<\/td>\n<td style=\"width: 16.8%;\"><a href=\"http:\/\/centcols.org\/util\/geo\/visuFR.php?code=FR-74-1467\">FR-74-1467<\/a><\/td>\n<\/tr>\n<tr>\n<td style=\"width: 37.8667%;\">Col de Pr\u00e9 Long<\/td>\n<td style=\"width: 16.8%;\"><a href=\"http:\/\/centcols.org\/util\/geo\/visuFR.php?code=FR-38-1194\">FR-38-1194<\/a><\/td>\n<\/tr>\n<tr>\n<td style=\"width: 37.8667%;\">Col de M\u00e9raillet<\/td>\n<td style=\"width: 16.8%;\"><a href=\"http:\/\/centcols.org\/util\/geo\/visuFR.php?code=FR-73-1605\">FR-73-1605<\/a><\/td>\n<\/tr>\n<tr>\n<td style=\"width: 37.8667%;\">Col du Pr\u00e9<\/td>\n<td style=\"width: 16.8%;\"><a href=\"http:\/\/centcols.org\/util\/geo\/visuFR.php?code=FR-73-1703\">FR-73-1703<\/a><\/td>\n<\/tr>\n<tr>\n<td style=\"width: 37.8667%;\">Col des Robines<br \/>Col de Moriez<\/td>\n<td style=\"width: 16.8%;\"><a href=\"http:\/\/centcols.org\/util\/geo\/visuFR.php?code=FR-04-0987\">FR-04-0987<\/a><\/td>\n<\/tr>\n<tr>\n<td style=\"width: 37.8667%;\">Col de Pierre Basse<\/td>\n<td style=\"width: 16.8%;\"><a href=\"http:\/\/centcols.org\/util\/geo\/visuFR.php?code=FR-04-1065\">FR-04-1065<\/a><\/td>\n<\/tr>\n<tr>\n<td style=\"width: 37.8667%;\">Col du Labouret<\/td>\n<td style=\"width: 16.8%;\"><a href=\"http:\/\/centcols.org\/util\/geo\/visuFR.php?code=FR-04-1240a\">FR-04-1240a<\/a><\/td>\n<\/tr>\n<tr>\n<td style=\"width: 37.8667%;\">Col de Corobin<\/td>\n<td style=\"width: 16.8%;\"><a href=\"http:\/\/centcols.org\/util\/geo\/visuFR.php?code=FR-04-1261\">FR-04-1261<\/a><\/td>\n<\/tr>\n<tr>\n<td style=\"width: 37.8667%;\">Col Saint-Jean<\/td>\n<td style=\"width: 16.8%;\"><a href=\"http:\/\/centcols.org\/util\/geo\/visuFR.php?code=FR-04-1333\">FR-04-1333<\/a><\/td>\n<\/tr>\n<tr>\n<td style=\"width: 37.8667%;\">Col de Maure<\/td>\n<td style=\"width: 16.8%;\"><a href=\"http:\/\/centcols.org\/util\/geo\/visuFR.php?code=FR-04-1346\">FR-04-1346<\/a><\/td>\n<\/tr>\n<tr>\n<td style=\"width: 37.8667%;\">Col de Larche<br \/>Colle della Maddalena<\/td>\n<td style=\"width: 16.8%;\"><a href=\"http:\/\/centcols.org\/util\/geo\/visuFR.php?code=FR-04-1991\">FR-04-1991<\/a><\/td>\n<\/tr>\n<tr>\n<td style=\"width: 37.8667%;\">Col de Vars<br \/>Col de la Magdelaine<\/td>\n<td style=\"width: 16.8%;\"><a href=\"http:\/\/centcols.org\/util\/geo\/visuFR.php?code=FR-04-2108\">FR-04-2108<\/a><\/td>\n<\/tr>\n<tr>\n<td style=\"width: 37.8667%;\">Col d&rsquo;Allos<br \/>Col de Valgelaye<\/td>\n<td style=\"width: 16.8%;\"><a href=\"http:\/\/centcols.org\/util\/geo\/visuFR.php?code=FR-04-2244\">FR-04-2244<\/a><\/td>\n<\/tr>\n<tr>\n<td style=\"width: 37.8667%;\">Col de la Cayolle<\/td>\n<td style=\"width: 16.8%;\"><a href=\"http:\/\/centcols.org\/util\/geo\/visuFR.php?code=FR-04-2327\">FR-04-2327<\/a><\/td>\n<\/tr>\n<tr>\n<td style=\"width: 37.8667%;\">Col Luitel<\/td>\n<td style=\"width: 16.8%;\"><a href=\"http:\/\/centcols.org\/util\/geo\/visuFR.php?code=FR-38-1262\">FR-38-1262<\/a><\/td>\n<\/tr>\n<\/tbody>\n<\/table>\n","protected":false},"excerpt":{"rendered":"<p>Ce challenge est propos\u00e9 par Robert Ducret (CC 7069) Contact : [email]&#x63;&#x68;&#x61;&#x6c;&#x6c;&#x65;&#x6e;&#x67;&#x65;&#x70;&#x65;&#x72;&#x64;&#x6f;&#x75;&#x78;&#x40;&#x63;&#x65;&#x6e;&#x74;&#x63;&#111;&#108;&#115;&#46;&#111;&#114;&#103;[\/email] C&rsquo;est \u00e0 l&rsquo;occasion du franchissement de son centi\u00e8me col que Jean Perdoux a eu l&rsquo;id\u00e9e de cr\u00e9er le Club des Cent Cols. Le challenge \u00ab\u00a0Les Cent Cols de Jean Perdoux\u00a0\u00bb vous invite \u00e0 franchir les cent premiers cols gravis par le pr\u00e9sident fondateur [&hellip;]<\/p>\n","protected":false},"author":3,"featured_media":82169,"comment_status":"closed","ping_status":"open","sticky":false,"template":"","format":"standard","meta":{"_acf_changed":false,"footnotes":""},"categories":[219],"tags":[],"class_list":["post-82168","post","type-post","status-publish","format-standard","has-post-thumbnail","hentry","category-challenges"],"acf":[],"yoast_head":"<!-- This site is optimized with the Yoast SEO plugin v27.2 - https:\/\/yoast.com\/product\/yoast-seo-wordpress\/ -->\n<title>Challenge &quot;les cent cols de Jean Perdoux&quot; - Club des Cent Cols<\/title>\n<meta name=\"robots\" content=\"index, follow, max-snippet:-1, max-image-preview:large, max-video-preview:-1\" \/>\n<link rel=\"canonical\" href=\"https:\/\/centcols.org\/nl\/uitdaging-cent-cols-de-jean-perdoux\/\" \/>\n<meta property=\"og:locale\" content=\"nl_BE\" \/>\n<meta property=\"og:type\" content=\"article\" \/>\n<meta property=\"og:title\" content=\"Challenge &quot;les cent cols de Jean Perdoux&quot; - Club des Cent Cols\" \/>\n<meta property=\"og:description\" content=\"Ce challenge est propos\u00e9 par Robert Ducret (CC 7069) Contact : [email]&#x63;&#x68;&#x61;&#x6c;&#x6c;&#x65;&#x6e;&#103;&#101;&#112;&#101;&#114;doux&#x40;&#x63;&#x65;&#x6e;&#x74;&#x63;&#x6f;&#x6c;&#115;&#046;&#111;&#114;&#103;[\/email] C&rsquo;est \u00e0 l&rsquo;occasion du franchissement de son centi\u00e8me col que Jean Perdoux a eu l&rsquo;id\u00e9e de cr\u00e9er le Club des Cent Cols. Le challenge \u00ab\u00a0Les Cent Cols de Jean Perdoux\u00a0\u00bb vous invite \u00e0 franchir les cent premiers cols gravis par le pr\u00e9sident fondateur [&hellip;]\" \/>\n<meta property=\"og:url\" content=\"https:\/\/centcols.org\/nl\/uitdaging-cent-cols-de-jean-perdoux\/\" \/>\n<meta property=\"og:site_name\" content=\"Club des Cent Cols\" \/>\n<meta property=\"article:publisher\" content=\"https:\/\/www.facebook.com\/groups\/5261880558\/?locale=fr_FR\" \/>\n<meta property=\"article:published_time\" content=\"2019-10-05T15:43:27+00:00\" \/>\n<meta property=\"article:modified_time\" content=\"2025-09-09T11:56:41+00:00\" \/>\n<meta property=\"og:image\" content=\"https:\/\/centcols.org\/wp-content\/uploads\/2025\/05\/L027.jpg\" \/>\n\t<meta property=\"og:image:width\" content=\"1820\" \/>\n\t<meta property=\"og:image:height\" content=\"1024\" \/>\n\t<meta property=\"og:image:type\" content=\"image\/jpeg\" \/>\n<meta name=\"author\" content=\"Webmestre\" \/>\n<meta name=\"twitter:card\" content=\"summary_large_image\" \/>\n<meta name=\"twitter:label1\" content=\"Geschreven door\" \/>\n\t<meta name=\"twitter:data1\" content=\"Webmestre\" \/>\n\t<meta name=\"twitter:label2\" content=\"Geschatte leestijd\" \/>\n\t<meta name=\"twitter:data2\" content=\"5 minuten\" \/>\n<script type=\"application\/ld+json\" class=\"yoast-schema-graph\">{\"@context\":\"https:\/\/schema.org\",\"@graph\":[{\"@type\":\"Article\",\"@id\":\"https:\/\/centcols.org\/challenge-les-cent-cols-de-jean-perdoux\/#article\",\"isPartOf\":{\"@id\":\"https:\/\/centcols.org\/challenge-les-cent-cols-de-jean-perdoux\/\"},\"author\":{\"name\":\"Webmestre\",\"@id\":\"https:\/\/centcols.org\/#\/schema\/person\/911b404fb133d8c913dd27cdcf71c8e5\"},\"headline\":\"Challenge \u00ab\u00a0les cent cols de Jean Perdoux\u00a0\u00bb\",\"datePublished\":\"2019-10-05T15:43:27+00:00\",\"dateModified\":\"2025-09-09T11:56:41+00:00\",\"mainEntityOfPage\":{\"@id\":\"https:\/\/centcols.org\/challenge-les-cent-cols-de-jean-perdoux\/\"},\"wordCount\":960,\"publisher\":{\"@id\":\"https:\/\/centcols.org\/#organization\"},\"image\":{\"@id\":\"https:\/\/centcols.org\/challenge-les-cent-cols-de-jean-perdoux\/#primaryimage\"},\"thumbnailUrl\":\"https:\/\/centcols.org\/wp-content\/uploads\/2025\/05\/L027.jpg\",\"articleSection\":[\"Challenges\"],\"inLanguage\":\"nl-BE\"},{\"@type\":\"WebPage\",\"@id\":\"https:\/\/centcols.org\/challenge-les-cent-cols-de-jean-perdoux\/\",\"url\":\"https:\/\/centcols.org\/challenge-les-cent-cols-de-jean-perdoux\/\",\"name\":\"Challenge \\\"les cent cols de Jean Perdoux\\\" - Club des Cent Cols\",\"isPartOf\":{\"@id\":\"https:\/\/centcols.org\/#website\"},\"primaryImageOfPage\":{\"@id\":\"https:\/\/centcols.org\/challenge-les-cent-cols-de-jean-perdoux\/#primaryimage\"},\"image\":{\"@id\":\"https:\/\/centcols.org\/challenge-les-cent-cols-de-jean-perdoux\/#primaryimage\"},\"thumbnailUrl\":\"https:\/\/centcols.org\/wp-content\/uploads\/2025\/05\/L027.jpg\",\"datePublished\":\"2019-10-05T15:43:27+00:00\",\"dateModified\":\"2025-09-09T11:56:41+00:00\",\"breadcrumb\":{\"@id\":\"https:\/\/centcols.org\/challenge-les-cent-cols-de-jean-perdoux\/#breadcrumb\"},\"inLanguage\":\"nl-BE\",\"potentialAction\":[{\"@type\":\"ReadAction\",\"target\":[\"https:\/\/centcols.org\/challenge-les-cent-cols-de-jean-perdoux\/\"]}]},{\"@type\":\"ImageObject\",\"inLanguage\":\"nl-BE\",\"@id\":\"https:\/\/centcols.org\/challenge-les-cent-cols-de-jean-perdoux\/#primaryimage\",\"url\":\"https:\/\/centcols.org\/wp-content\/uploads\/2025\/05\/L027.jpg\",\"contentUrl\":\"https:\/\/centcols.org\/wp-content\/uploads\/2025\/05\/L027.jpg\",\"width\":1820,\"height\":1024},{\"@type\":\"BreadcrumbList\",\"@id\":\"https:\/\/centcols.org\/challenge-les-cent-cols-de-jean-perdoux\/#breadcrumb\",\"itemListElement\":[{\"@type\":\"ListItem\",\"position\":1,\"name\":\"Accueil\",\"item\":\"https:\/\/centcols.org\/\"},{\"@type\":\"ListItem\",\"position\":2,\"name\":\"Challenges\",\"item\":\"https:\/\/centcols.org\/rubrique\/challenges\/\"},{\"@type\":\"ListItem\",\"position\":3,\"name\":\"Challenge \u00ab\u00a0les cent cols de Jean Perdoux\u00a0\u00bb\"}]},{\"@type\":\"WebSite\",\"@id\":\"https:\/\/centcols.org\/#website\",\"url\":\"https:\/\/centcols.org\/\",\"name\":\"Club des Cent Cols\",\"description\":\"\",\"publisher\":{\"@id\":\"https:\/\/centcols.org\/#organization\"},\"potentialAction\":[{\"@type\":\"SearchAction\",\"target\":{\"@type\":\"EntryPoint\",\"urlTemplate\":\"https:\/\/centcols.org\/?s={search_term_string}\"},\"query-input\":{\"@type\":\"PropertyValueSpecification\",\"valueRequired\":true,\"valueName\":\"search_term_string\"}}],\"inLanguage\":\"nl-BE\"},{\"@type\":\"Organization\",\"@id\":\"https:\/\/centcols.org\/#organization\",\"name\":\"Club des Cent Cols\",\"url\":\"https:\/\/centcols.org\/\",\"logo\":{\"@type\":\"ImageObject\",\"inLanguage\":\"nl-BE\",\"@id\":\"https:\/\/centcols.org\/#\/schema\/logo\/image\/\",\"url\":\"https:\/\/centcols.org\/wp-content\/uploads\/2025\/01\/carte-icone.png\",\"contentUrl\":\"https:\/\/centcols.org\/wp-content\/uploads\/2025\/01\/carte-icone.png\",\"width\":250,\"height\":250,\"caption\":\"Club des Cent Cols\"},\"image\":{\"@id\":\"https:\/\/centcols.org\/#\/schema\/logo\/image\/\"},\"sameAs\":[\"https:\/\/www.facebook.com\/groups\/5261880558\/?locale=fr_FR\"]},{\"@type\":\"Person\",\"@id\":\"https:\/\/centcols.org\/#\/schema\/person\/911b404fb133d8c913dd27cdcf71c8e5\",\"name\":\"Webmestre\",\"image\":{\"@type\":\"ImageObject\",\"inLanguage\":\"nl-BE\",\"@id\":\"https:\/\/centcols.org\/wp-content\/litespeed\/avatar\/2d246e4b6b4f773e08515e1ffc53690b.jpg?ver=1777222892\",\"url\":\"https:\/\/centcols.org\/wp-content\/litespeed\/avatar\/2d246e4b6b4f773e08515e1ffc53690b.jpg?ver=1777222892\",\"contentUrl\":\"https:\/\/centcols.org\/wp-content\/litespeed\/avatar\/2d246e4b6b4f773e08515e1ffc53690b.jpg?ver=1777222892\",\"caption\":\"Webmestre\"},\"url\":\"https:\/\/centcols.org\/nl\/author\/webmestre\/\"}]}<\/script>\n<!-- \/ Yoast SEO plugin. -->","yoast_head_json":{"title":"Uitdaging \"les cent cols de Jean Perdoux\" - Club des Cent Cols","robots":{"index":"index","follow":"follow","max-snippet":"max-snippet:-1","max-image-preview":"max-image-preview:large","max-video-preview":"max-video-preview:-1"},"canonical":"https:\/\/centcols.org\/nl\/uitdaging-cent-cols-de-jean-perdoux\/","og_locale":"nl_BE","og_type":"article","og_title":"Challenge \"les cent cols de Jean Perdoux\" - Club des Cent Cols","og_description":"Ce challenge est propos\u00e9 par Robert Ducret (CC 7069) Contact : [email]&#x63;&#x68;&#x61;&#x6c;&#x6c;&#x65;&#x6e;&#103;&#101;&#112;&#101;&#114;doux&#x40;&#x63;&#x65;&#x6e;&#x74;&#x63;&#x6f;&#x6c;&#115;&#46;&#111;&#114;&#103;[\/email] C&rsquo;est \u00e0 l&rsquo;occasion du franchissement de son centi\u00e8me col que Jean Perdoux a eu l&rsquo;id\u00e9e de cr\u00e9er le Club des Cent Cols. Le challenge \u00ab\u00a0Les Cent Cols de Jean Perdoux\u00a0\u00bb vous invite \u00e0 franchir les cent premiers cols gravis par le pr\u00e9sident fondateur [&hellip;]","og_url":"https:\/\/centcols.org\/nl\/uitdaging-cent-cols-de-jean-perdoux\/","og_site_name":"Club des Cent Cols","article_publisher":"https:\/\/www.facebook.com\/groups\/5261880558\/?locale=fr_FR","article_published_time":"2019-10-05T15:43:27+00:00","article_modified_time":"2025-09-09T11:56:41+00:00","og_image":[{"width":1820,"height":1024,"url":"https:\/\/centcols.org\/wp-content\/uploads\/2025\/05\/L027.jpg","type":"image\/jpeg"}],"author":"Webmestre","twitter_card":"summary_large_image","twitter_misc":{"Geschreven door":"Webmestre","Geschatte leestijd":"5 minuten"},"schema":{"@context":"https:\/\/schema.org","@graph":[{"@type":"Article","@id":"https:\/\/centcols.org\/challenge-les-cent-cols-de-jean-perdoux\/#article","isPartOf":{"@id":"https:\/\/centcols.org\/challenge-les-cent-cols-de-jean-perdoux\/"},"author":{"name":"Webmestre","@id":"https:\/\/centcols.org\/#\/schema\/person\/911b404fb133d8c913dd27cdcf71c8e5"},"headline":"Challenge \u00ab\u00a0les cent cols de Jean Perdoux\u00a0\u00bb","datePublished":"2019-10-05T15:43:27+00:00","dateModified":"2025-09-09T11:56:41+00:00","mainEntityOfPage":{"@id":"https:\/\/centcols.org\/challenge-les-cent-cols-de-jean-perdoux\/"},"wordCount":960,"publisher":{"@id":"https:\/\/centcols.org\/#organization"},"image":{"@id":"https:\/\/centcols.org\/challenge-les-cent-cols-de-jean-perdoux\/#primaryimage"},"thumbnailUrl":"https:\/\/centcols.org\/wp-content\/uploads\/2025\/05\/L027.jpg","articleSection":["Challenges"],"inLanguage":"nl-BE"},{"@type":"WebPage","@id":"https:\/\/centcols.org\/challenge-les-cent-cols-de-jean-perdoux\/","url":"https:\/\/centcols.org\/challenge-les-cent-cols-de-jean-perdoux\/","name":"Uitdaging \"les cent cols de Jean Perdoux\" - Club des Cent Cols","isPartOf":{"@id":"https:\/\/centcols.org\/#website"},"primaryImageOfPage":{"@id":"https:\/\/centcols.org\/challenge-les-cent-cols-de-jean-perdoux\/#primaryimage"},"image":{"@id":"https:\/\/centcols.org\/challenge-les-cent-cols-de-jean-perdoux\/#primaryimage"},"thumbnailUrl":"https:\/\/centcols.org\/wp-content\/uploads\/2025\/05\/L027.jpg","datePublished":"2019-10-05T15:43:27+00:00","dateModified":"2025-09-09T11:56:41+00:00","breadcrumb":{"@id":"https:\/\/centcols.org\/challenge-les-cent-cols-de-jean-perdoux\/#breadcrumb"},"inLanguage":"nl-BE","potentialAction":[{"@type":"ReadAction","target":["https:\/\/centcols.org\/challenge-les-cent-cols-de-jean-perdoux\/"]}]},{"@type":"ImageObject","inLanguage":"nl-BE","@id":"https:\/\/centcols.org\/challenge-les-cent-cols-de-jean-perdoux\/#primaryimage","url":"https:\/\/centcols.org\/wp-content\/uploads\/2025\/05\/L027.jpg","contentUrl":"https:\/\/centcols.org\/wp-content\/uploads\/2025\/05\/L027.jpg","width":1820,"height":1024},{"@type":"BreadcrumbList","@id":"https:\/\/centcols.org\/challenge-les-cent-cols-de-jean-perdoux\/#breadcrumb","itemListElement":[{"@type":"ListItem","position":1,"name":"Accueil","item":"https:\/\/centcols.org\/"},{"@type":"ListItem","position":2,"name":"Challenges","item":"https:\/\/centcols.org\/rubrique\/challenges\/"},{"@type":"ListItem","position":3,"name":"Challenge \u00ab\u00a0les cent cols de Jean Perdoux\u00a0\u00bb"}]},{"@type":"WebSite","@id":"https:\/\/centcols.org\/#website","url":"https:\/\/centcols.org\/","name":"Club van Cent Cols","description":"","publisher":{"@id":"https:\/\/centcols.org\/#organization"},"potentialAction":[{"@type":"SearchAction","target":{"@type":"EntryPoint","urlTemplate":"https:\/\/centcols.org\/?s={search_term_string}"},"query-input":{"@type":"PropertyValueSpecification","valueRequired":true,"valueName":"search_term_string"}}],"inLanguage":"nl-BE"},{"@type":"Organization","@id":"https:\/\/centcols.org\/#organization","name":"Club van Cent Cols","url":"https:\/\/centcols.org\/","logo":{"@type":"ImageObject","inLanguage":"nl-BE","@id":"https:\/\/centcols.org\/#\/schema\/logo\/image\/","url":"https:\/\/centcols.org\/wp-content\/uploads\/2025\/01\/carte-icone.png","contentUrl":"https:\/\/centcols.org\/wp-content\/uploads\/2025\/01\/carte-icone.png","width":250,"height":250,"caption":"Club des Cent Cols"},"image":{"@id":"https:\/\/centcols.org\/#\/schema\/logo\/image\/"},"sameAs":["https:\/\/www.facebook.com\/groups\/5261880558\/?locale=fr_FR"]},{"@type":"Person","@id":"https:\/\/centcols.org\/#\/schema\/person\/911b404fb133d8c913dd27cdcf71c8e5","name":"Webmaster","image":{"@type":"ImageObject","inLanguage":"nl-BE","@id":"https:\/\/centcols.org\/wp-content\/litespeed\/avatar\/2d246e4b6b4f773e08515e1ffc53690b.jpg?ver=1777222892","url":"https:\/\/centcols.org\/wp-content\/litespeed\/avatar\/2d246e4b6b4f773e08515e1ffc53690b.jpg?ver=1777222892","contentUrl":"https:\/\/centcols.org\/wp-content\/litespeed\/avatar\/2d246e4b6b4f773e08515e1ffc53690b.jpg?ver=1777222892","caption":"Webmestre"},"url":"https:\/\/centcols.org\/nl\/author\/webmestre\/"}]}},"_links":{"self":[{"href":"https:\/\/centcols.org\/nl\/wp-json\/wp\/v2\/posts\/82168","targetHints":{"allow":["GET"]}}],"collection":[{"href":"https:\/\/centcols.org\/nl\/wp-json\/wp\/v2\/posts"}],"about":[{"href":"https:\/\/centcols.org\/nl\/wp-json\/wp\/v2\/types\/post"}],"author":[{"embeddable":true,"href":"https:\/\/centcols.org\/nl\/wp-json\/wp\/v2\/users\/3"}],"replies":[{"embeddable":true,"href":"https:\/\/centcols.org\/nl\/wp-json\/wp\/v2\/comments?post=82168"}],"version-history":[{"count":0,"href":"https:\/\/centcols.org\/nl\/wp-json\/wp\/v2\/posts\/82168\/revisions"}],"wp:featuredmedia":[{"embeddable":true,"href":"https:\/\/centcols.org\/nl\/wp-json\/wp\/v2\/media\/82169"}],"wp:attachment":[{"href":"https:\/\/centcols.org\/nl\/wp-json\/wp\/v2\/media?parent=82168"}],"wp:term":[{"taxonomy":"category","embeddable":true,"href":"https:\/\/centcols.org\/nl\/wp-json\/wp\/v2\/categories?post=82168"},{"taxonomy":"post_tag","embeddable":true,"href":"https:\/\/centcols.org\/nl\/wp-json\/wp\/v2\/tags?post=82168"}],"curies":[{"name":"wp","href":"https:\/\/api.w.org\/{rel}","templated":true}]}}