{"id":82197,"date":"2019-11-28T16:10:17","date_gmt":"2019-11-28T14:10:17","guid":{"rendered":"https:\/\/centcols.org\/drome-ardeche-vaucluse-col-de-veaux-5-septembre-2020\/"},"modified":"2025-06-06T10:20:51","modified_gmt":"2025-06-06T08:20:51","slug":"drome-ardeche-vaucluse-col-de-veaux-5-september-2020","status":"publish","type":"post","link":"https:\/\/centcols.org\/nl\/drome-ardeche-vaucluse-col-de-veaux-5-septembre-2020\/","title":{"rendered":"Dr\u00f4me Ard\u00e8che Vaucluse, Col de Veaux, 5 september 2020"},"content":{"rendered":"<p>Samedi 5 septembre 2020, Dr\u00f4me, Ard\u00e8che, Vaucluse<br \/>\nCol de Veaux (FR-26-0386), \u00e0 confirmer<\/p>\n<div>\n<p class=\"western\" align=\"left\"><span style=\"color: #222222;\"><span style=\"font-family: Arial, Helvetica, sans-serif;\"><span style=\"font-size: medium;\">Accueil \u00e0 partir de 11 h 00 au Col de Veaux pour partager charcuterie et fromage (confirmation du lieu \u00e0 venir).<\/span><\/span><\/span><\/p>\n<p align=\"left\">[mapsmarker marker=\u00a0\u00bb21&Prime;]<\/p>\n<\/div>\n<h3>\u00a0Contact<\/h3>\n<p>Jean-Marie Gilouin<br \/>\n06 31 79 01 06<br \/>\n[email]bjm&#46;&#99;&#101;&#110;&#x74;&#x63;&#x6f;&#x6c;&#x73;&#x40;&#x67;mai&#108;&#46;&#99;&#111;&#109;[\/email]<\/p>\n","protected":false},"excerpt":{"rendered":"<p>Samedi 5 septembre 2020, Dr\u00f4me, Ard\u00e8che, Vaucluse Col de Veaux (FR-26-0386), \u00e0 confirmer Accueil \u00e0 partir de 11 h 00 au Col de Veaux pour partager charcuterie et fromage (confirmation du lieu \u00e0 venir). [mapsmarker marker=\u00a0\u00bb21&Prime;] \u00a0Contact Jean-Marie Gilouin 06 31 79 01 06 [email]&#x62;j&#x6d;&#46;&#x63;&#101;&#x6e;&#116;c&#x6f;l&#x73;&#64;&#x67;&#109;&#x61;&#105;l&#x2e;c&#x6f;&#109;[\/email]<\/p>\n","protected":false},"author":136,"featured_media":0,"comment_status":"closed","ping_status":"open","sticky":false,"template":"","format":"standard","meta":{"_acf_changed":false,"footnotes":""},"categories":[286,135,216],"tags":[],"class_list":["post-82197","post","type-post","status-publish","format-standard","hentry","category-les-rassemblements-de-2020","category-calendrier","category-rencontres-regionales"],"acf":[],"yoast_head":"<!-- This site is optimized with the Yoast SEO plugin v27.2 - https:\/\/yoast.com\/product\/yoast-seo-wordpress\/ -->\n<title>Dr\u00f4me Ard\u00e8che Vaucluse, col de Veaux, 5 septembre 2020 - Club des Cent Cols<\/title>\n<meta name=\"robots\" content=\"index, follow, max-snippet:-1, max-image-preview:large, max-video-preview:-1\" \/>\n<link rel=\"canonical\" href=\"https:\/\/centcols.org\/nl\/drome-ardeche-vaucluse-col-de-veaux-5-september-2020\/\" \/>\n<meta property=\"og:locale\" content=\"nl_BE\" \/>\n<meta property=\"og:type\" content=\"article\" \/>\n<meta property=\"og:title\" content=\"Dr\u00f4me Ard\u00e8che Vaucluse, col de Veaux, 5 septembre 2020 - Club des Cent Cols\" \/>\n<meta property=\"og:description\" content=\"Samedi 5 septembre 2020, Dr\u00f4me, Ard\u00e8che, Vaucluse Col de Veaux (FR-26-0386), \u00e0 confirmer Accueil \u00e0 partir de 11 h 00 au Col de Veaux pour partager charcuterie et fromage (confirmation du lieu \u00e0 venir). [mapsmarker marker=\u00a0\u00bb21&Prime;] \u00a0Contact Jean-Marie Gilouin 06 31 79 01 06 [email]&#x62;&#x6a;&#x6d;&#x2e;&#x63;&#x65;&#x6e;&#x74;&#x63;&#x6f;&#x6c;&#x73;&#x40;&#x67;&#x6d;&#x61;&#x69;&#x6c;&#x2e;&#x63;&#x6f;&#x6d;[\/email]\" \/>\n<meta property=\"og:url\" content=\"https:\/\/centcols.org\/nl\/drome-ardeche-vaucluse-col-de-veaux-5-september-2020\/\" \/>\n<meta property=\"og:site_name\" content=\"Club des Cent Cols\" \/>\n<meta property=\"article:publisher\" content=\"https:\/\/www.facebook.com\/groups\/5261880558\/?locale=fr_FR\" \/>\n<meta property=\"article:published_time\" content=\"2019-11-28T14:10:17+00:00\" \/>\n<meta property=\"article:modified_time\" content=\"2025-06-06T08:20:51+00:00\" \/>\n<meta name=\"author\" content=\"Guy Harl\u00e9\" \/>\n<meta name=\"twitter:card\" content=\"summary_large_image\" \/>\n<meta name=\"twitter:label1\" content=\"Geschreven door\" \/>\n\t<meta name=\"twitter:data1\" content=\"Guy Harl\u00e9\" \/>\n\t<meta name=\"twitter:label2\" content=\"Geschatte leestijd\" \/>\n\t<meta name=\"twitter:data2\" content=\"1 minuut\" \/>\n<script type=\"application\/ld+json\" class=\"yoast-schema-graph\">{\"@context\":\"https:\/\/schema.org\",\"@graph\":[{\"@type\":\"Article\",\"@id\":\"https:\/\/centcols.org\/drome-ardeche-vaucluse-col-de-veaux-5-septembre-2020\/#article\",\"isPartOf\":{\"@id\":\"https:\/\/centcols.org\/drome-ardeche-vaucluse-col-de-veaux-5-septembre-2020\/\"},\"author\":{\"name\":\"Guy Harl\u00e9\",\"@id\":\"https:\/\/centcols.org\/#\/schema\/person\/377f00da2793c0363246869bb3a344d0\"},\"headline\":\"Dr\u00f4me Ard\u00e8che Vaucluse, col de Veaux, 5 septembre 2020\",\"datePublished\":\"2019-11-28T14:10:17+00:00\",\"dateModified\":\"2025-06-06T08:20:51+00:00\",\"mainEntityOfPage\":{\"@id\":\"https:\/\/centcols.org\/drome-ardeche-vaucluse-col-de-veaux-5-septembre-2020\/\"},\"wordCount\":50,\"publisher\":{\"@id\":\"https:\/\/centcols.org\/#organization\"},\"articleSection\":[\"2020-rassemblements\",\"Calendrier\",\"Rencontres r\u00e9gionales\"],\"inLanguage\":\"nl-BE\"},{\"@type\":\"WebPage\",\"@id\":\"https:\/\/centcols.org\/drome-ardeche-vaucluse-col-de-veaux-5-septembre-2020\/\",\"url\":\"https:\/\/centcols.org\/drome-ardeche-vaucluse-col-de-veaux-5-septembre-2020\/\",\"name\":\"Dr\u00f4me Ard\u00e8che Vaucluse, col de Veaux, 5 septembre 2020 - Club des Cent Cols\",\"isPartOf\":{\"@id\":\"https:\/\/centcols.org\/#website\"},\"datePublished\":\"2019-11-28T14:10:17+00:00\",\"dateModified\":\"2025-06-06T08:20:51+00:00\",\"breadcrumb\":{\"@id\":\"https:\/\/centcols.org\/drome-ardeche-vaucluse-col-de-veaux-5-septembre-2020\/#breadcrumb\"},\"inLanguage\":\"nl-BE\",\"potentialAction\":[{\"@type\":\"ReadAction\",\"target\":[\"https:\/\/centcols.org\/drome-ardeche-vaucluse-col-de-veaux-5-septembre-2020\/\"]}]},{\"@type\":\"BreadcrumbList\",\"@id\":\"https:\/\/centcols.org\/drome-ardeche-vaucluse-col-de-veaux-5-septembre-2020\/#breadcrumb\",\"itemListElement\":[{\"@type\":\"ListItem\",\"position\":1,\"name\":\"Accueil\",\"item\":\"https:\/\/centcols.org\/\"},{\"@type\":\"ListItem\",\"position\":2,\"name\":\"Calendrier\",\"item\":\"https:\/\/centcols.org\/rubrique\/calendrier\/\"},{\"@type\":\"ListItem\",\"position\":3,\"name\":\"Dr\u00f4me Ard\u00e8che Vaucluse, col de Veaux, 5 septembre 2020\"}]},{\"@type\":\"WebSite\",\"@id\":\"https:\/\/centcols.org\/#website\",\"url\":\"https:\/\/centcols.org\/\",\"name\":\"Club des Cent Cols\",\"description\":\"\",\"publisher\":{\"@id\":\"https:\/\/centcols.org\/#organization\"},\"potentialAction\":[{\"@type\":\"SearchAction\",\"target\":{\"@type\":\"EntryPoint\",\"urlTemplate\":\"https:\/\/centcols.org\/?s={search_term_string}\"},\"query-input\":{\"@type\":\"PropertyValueSpecification\",\"valueRequired\":true,\"valueName\":\"search_term_string\"}}],\"inLanguage\":\"nl-BE\"},{\"@type\":\"Organization\",\"@id\":\"https:\/\/centcols.org\/#organization\",\"name\":\"Club des Cent Cols\",\"url\":\"https:\/\/centcols.org\/\",\"logo\":{\"@type\":\"ImageObject\",\"inLanguage\":\"nl-BE\",\"@id\":\"https:\/\/centcols.org\/#\/schema\/logo\/image\/\",\"url\":\"https:\/\/centcols.org\/wp-content\/uploads\/2025\/01\/carte-icone.png\",\"contentUrl\":\"https:\/\/centcols.org\/wp-content\/uploads\/2025\/01\/carte-icone.png\",\"width\":250,\"height\":250,\"caption\":\"Club des Cent Cols\"},\"image\":{\"@id\":\"https:\/\/centcols.org\/#\/schema\/logo\/image\/\"},\"sameAs\":[\"https:\/\/www.facebook.com\/groups\/5261880558\/?locale=fr_FR\"]},{\"@type\":\"Person\",\"@id\":\"https:\/\/centcols.org\/#\/schema\/person\/377f00da2793c0363246869bb3a344d0\",\"name\":\"Guy Harl\u00e9\",\"image\":{\"@type\":\"ImageObject\",\"inLanguage\":\"nl-BE\",\"@id\":\"https:\/\/centcols.org\/wp-content\/litespeed\/avatar\/94c4de37e46cf090f296d42ab3e8d6a6.jpg?ver=1777238144\",\"url\":\"https:\/\/centcols.org\/wp-content\/litespeed\/avatar\/94c4de37e46cf090f296d42ab3e8d6a6.jpg?ver=1777238144\",\"contentUrl\":\"https:\/\/centcols.org\/wp-content\/litespeed\/avatar\/94c4de37e46cf090f296d42ab3e8d6a6.jpg?ver=1777238144\",\"caption\":\"Guy Harl\u00e9\"},\"url\":\"https:\/\/centcols.org\/nl\/author\/5193\/\"}]}<\/script>\n<!-- \/ Yoast SEO plugin. -->","yoast_head_json":{"title":"Dr\u00f4me Ard\u00e8che Vaucluse, Veaux pas, 5 september 2020 - Club des Cent Cols","robots":{"index":"index","follow":"follow","max-snippet":"max-snippet:-1","max-image-preview":"max-image-preview:large","max-video-preview":"max-video-preview:-1"},"canonical":"https:\/\/centcols.org\/nl\/drome-ardeche-vaucluse-col-de-veaux-5-september-2020\/","og_locale":"nl_BE","og_type":"article","og_title":"Dr\u00f4me Ard\u00e8che Vaucluse, col de Veaux, 5 septembre 2020 - Club des Cent Cols","og_description":"Samedi 5 septembre 2020, Dr\u00f4me, Ard\u00e8che, Vaucluse Col de Veaux (FR-26-0386), \u00e0 confirmer Accueil \u00e0 partir de 11 h 00 au Col de Veaux pour partager charcuterie et fromage (confirmation du lieu \u00e0 venir). [mapsmarker marker=\u00a0\u00bb21&Prime;] \u00a0Contact Jean-Marie Gilouin 06 31 79 01 06 [email]&#x62;&#x6a;&#x6d;&#x2e;&#x63;&#x65;&#x6e;&#x74;&#x63;&#x6f;&#x6c;&#x73;&#x40;&#x67;&#x6d;&#x61;&#x69;&#x6c;&#x2e;&#x63;&#x6f;&#x6d;[\/email]","og_url":"https:\/\/centcols.org\/nl\/drome-ardeche-vaucluse-col-de-veaux-5-september-2020\/","og_site_name":"Club des Cent Cols","article_publisher":"https:\/\/www.facebook.com\/groups\/5261880558\/?locale=fr_FR","article_published_time":"2019-11-28T14:10:17+00:00","article_modified_time":"2025-06-06T08:20:51+00:00","author":"Guy Harl\u00e9","twitter_card":"summary_large_image","twitter_misc":{"Geschreven door":"Guy Harl\u00e9","Geschatte leestijd":"1 minuut"},"schema":{"@context":"https:\/\/schema.org","@graph":[{"@type":"Article","@id":"https:\/\/centcols.org\/drome-ardeche-vaucluse-col-de-veaux-5-septembre-2020\/#article","isPartOf":{"@id":"https:\/\/centcols.org\/drome-ardeche-vaucluse-col-de-veaux-5-septembre-2020\/"},"author":{"name":"Guy Harl\u00e9","@id":"https:\/\/centcols.org\/#\/schema\/person\/377f00da2793c0363246869bb3a344d0"},"headline":"Dr\u00f4me Ard\u00e8che Vaucluse, col de Veaux, 5 septembre 2020","datePublished":"2019-11-28T14:10:17+00:00","dateModified":"2025-06-06T08:20:51+00:00","mainEntityOfPage":{"@id":"https:\/\/centcols.org\/drome-ardeche-vaucluse-col-de-veaux-5-septembre-2020\/"},"wordCount":50,"publisher":{"@id":"https:\/\/centcols.org\/#organization"},"articleSection":["2020-rassemblements","Calendrier","Rencontres r\u00e9gionales"],"inLanguage":"nl-BE"},{"@type":"WebPage","@id":"https:\/\/centcols.org\/drome-ardeche-vaucluse-col-de-veaux-5-septembre-2020\/","url":"https:\/\/centcols.org\/drome-ardeche-vaucluse-col-de-veaux-5-septembre-2020\/","name":"Dr\u00f4me Ard\u00e8che Vaucluse, Veaux pas, 5 september 2020 - Club des Cent Cols","isPartOf":{"@id":"https:\/\/centcols.org\/#website"},"datePublished":"2019-11-28T14:10:17+00:00","dateModified":"2025-06-06T08:20:51+00:00","breadcrumb":{"@id":"https:\/\/centcols.org\/drome-ardeche-vaucluse-col-de-veaux-5-septembre-2020\/#breadcrumb"},"inLanguage":"nl-BE","potentialAction":[{"@type":"ReadAction","target":["https:\/\/centcols.org\/drome-ardeche-vaucluse-col-de-veaux-5-septembre-2020\/"]}]},{"@type":"BreadcrumbList","@id":"https:\/\/centcols.org\/drome-ardeche-vaucluse-col-de-veaux-5-septembre-2020\/#breadcrumb","itemListElement":[{"@type":"ListItem","position":1,"name":"Accueil","item":"https:\/\/centcols.org\/"},{"@type":"ListItem","position":2,"name":"Calendrier","item":"https:\/\/centcols.org\/rubrique\/calendrier\/"},{"@type":"ListItem","position":3,"name":"Dr\u00f4me Ard\u00e8che Vaucluse, col de Veaux, 5 septembre 2020"}]},{"@type":"WebSite","@id":"https:\/\/centcols.org\/#website","url":"https:\/\/centcols.org\/","name":"Club van Cent Cols","description":"","publisher":{"@id":"https:\/\/centcols.org\/#organization"},"potentialAction":[{"@type":"SearchAction","target":{"@type":"EntryPoint","urlTemplate":"https:\/\/centcols.org\/?s={search_term_string}"},"query-input":{"@type":"PropertyValueSpecification","valueRequired":true,"valueName":"search_term_string"}}],"inLanguage":"nl-BE"},{"@type":"Organization","@id":"https:\/\/centcols.org\/#organization","name":"Club van Cent Cols","url":"https:\/\/centcols.org\/","logo":{"@type":"ImageObject","inLanguage":"nl-BE","@id":"https:\/\/centcols.org\/#\/schema\/logo\/image\/","url":"https:\/\/centcols.org\/wp-content\/uploads\/2025\/01\/carte-icone.png","contentUrl":"https:\/\/centcols.org\/wp-content\/uploads\/2025\/01\/carte-icone.png","width":250,"height":250,"caption":"Club des Cent Cols"},"image":{"@id":"https:\/\/centcols.org\/#\/schema\/logo\/image\/"},"sameAs":["https:\/\/www.facebook.com\/groups\/5261880558\/?locale=fr_FR"]},{"@type":"Person","@id":"https:\/\/centcols.org\/#\/schema\/person\/377f00da2793c0363246869bb3a344d0","name":"Guy Harl\u00e9","image":{"@type":"ImageObject","inLanguage":"nl-BE","@id":"https:\/\/centcols.org\/wp-content\/litespeed\/avatar\/94c4de37e46cf090f296d42ab3e8d6a6.jpg?ver=1777238144","url":"https:\/\/centcols.org\/wp-content\/litespeed\/avatar\/94c4de37e46cf090f296d42ab3e8d6a6.jpg?ver=1777238144","contentUrl":"https:\/\/centcols.org\/wp-content\/litespeed\/avatar\/94c4de37e46cf090f296d42ab3e8d6a6.jpg?ver=1777238144","caption":"Guy Harl\u00e9"},"url":"https:\/\/centcols.org\/nl\/author\/5193\/"}]}},"_links":{"self":[{"href":"https:\/\/centcols.org\/nl\/wp-json\/wp\/v2\/posts\/82197","targetHints":{"allow":["GET"]}}],"collection":[{"href":"https:\/\/centcols.org\/nl\/wp-json\/wp\/v2\/posts"}],"about":[{"href":"https:\/\/centcols.org\/nl\/wp-json\/wp\/v2\/types\/post"}],"author":[{"embeddable":true,"href":"https:\/\/centcols.org\/nl\/wp-json\/wp\/v2\/users\/136"}],"replies":[{"embeddable":true,"href":"https:\/\/centcols.org\/nl\/wp-json\/wp\/v2\/comments?post=82197"}],"version-history":[{"count":0,"href":"https:\/\/centcols.org\/nl\/wp-json\/wp\/v2\/posts\/82197\/revisions"}],"wp:attachment":[{"href":"https:\/\/centcols.org\/nl\/wp-json\/wp\/v2\/media?parent=82197"}],"wp:term":[{"taxonomy":"category","embeddable":true,"href":"https:\/\/centcols.org\/nl\/wp-json\/wp\/v2\/categories?post=82197"},{"taxonomy":"post_tag","embeddable":true,"href":"https:\/\/centcols.org\/nl\/wp-json\/wp\/v2\/tags?post=82197"}],"curies":[{"name":"wp","href":"https:\/\/api.w.org\/{rel}","templated":true}]}}