{"id":82284,"date":"2021-06-06T14:15:39","date_gmt":"2021-06-06T12:15:39","guid":{"rendered":"https:\/\/centcols.org\/sejour-dete-a-meolans-revel-04-au-11-septembre-2021\/"},"modified":"2025-09-09T01:48:41","modified_gmt":"2025-09-08T23:48:41","slug":"verblijf-2021-meolans-revel","status":"publish","type":"post","link":"https:\/\/centcols.org\/nl\/sejour-2021-meolans-revel\/","title":{"rendered":"Zomervakantie in M\u00e9olans-Revel, 04 tot 11 september 2021"},"content":{"rendered":"<p><span style=\"color: #808080;\">Enrico Alberini, Christophe Badonnel, Bernard Giraudeau en de IT-managers hebben bijgedragen aan deze pagina over de reis.<\/span><\/p>\n\n\n<div class=\"wp-block-image wp-image-57491 size-large\">\n<figure class=\"aligncenter size-full is-resized\"><a href=\"https:\/\/centcols.org\/wp-content\/uploads\/2021\/06\/barcelonette1-2.jpg\"><img loading=\"lazy\" decoding=\"async\" width=\"1200\" height=\"900\" src=\"https:\/\/centcols.org\/wp-content\/uploads\/2021\/06\/barcelonette1-2.jpg\" alt=\"\" class=\"wp-image-85941\" style=\"width:800px\" srcset=\"https:\/\/centcols.org\/wp-content\/uploads\/2021\/06\/barcelonette1-2.jpg 1200w, https:\/\/centcols.org\/wp-content\/uploads\/2021\/06\/barcelonette1-2-768x576.jpg 768w\" sizes=\"auto, (max-width: 1200px) 100vw, 1200px\" \/><\/a><figcaption class=\"wp-element-caption\">Barcelonnette van de Belv\u00e8d\u00e8re (\u00a9 Kris Claeys)<\/figcaption><\/figure>\n<\/div>\n\n<div class=\"wp-block-image\">\n<figure class=\"aligncenter size-full is-resized\"><a href=\"https:\/\/centcols.org\/wp-content\/uploads\/2021\/06\/barcelonette2.jpg\"><img loading=\"lazy\" decoding=\"async\" width=\"1200\" height=\"900\" src=\"https:\/\/centcols.org\/wp-content\/uploads\/2021\/06\/barcelonette2.jpg\" alt=\"\" class=\"wp-image-85942\" style=\"width:800px\" srcset=\"https:\/\/centcols.org\/wp-content\/uploads\/2021\/06\/barcelonette2.jpg 1200w, https:\/\/centcols.org\/wp-content\/uploads\/2021\/06\/barcelonette2-768x576.jpg 768w\" sizes=\"auto, (max-width: 1200px) 100vw, 1200px\" \/><\/a><\/figure>\n<\/div>\n\n\n<p><span style=\"color: #000000;\"><br>De zomervakantie van 2021 vindt plaats van 4 tot 11 september in het departement Alpes de Haute Provence, in M\u00e9olans-Revel om precies te zijn. Het is voorbereid door een klein lokaal team: Paulette Autric, Robert Yonnet en Philippe Fee.<br><\/span><\/p>\n\n\n\n<p><span style=\"color: #000000;\">M\u00e9olans-Revel ligt vlakbij Barcelonnette in de Ubaye vallei.<\/span><\/p>\n\n\n\n<p><span style=\"color: #000000;\">We verblijven in het vakantiedorp Cap France, Lou Riouclar, op 1270 meter hoogte.<\/span><\/p>\n\n\n\n<p><span style=\"color: #000000;\">Hieronder vind je de rubrieken:<\/span><\/p>\n\n\n\n<ul class=\"wp-block-list\">\n<li><span style=\"color: #000000;\">Inleiding tot de regio<\/span><\/li>\n\n\n\n<li>Circuits, <a href=\"\/nl\/membres\/cctours\/tours.php\/?lieu=M\u00e9olans&amp;an=2021&amp;genre=R\" target=\"_blank\" rel=\"noopener\">weg<\/a> en <a href=\"\/nl\/membres\/cctours\/tours.php\/?lieu=M\u00e9olans&amp;an=2021&amp;genre=V\" target=\"_blank\" rel=\"noopener\">MOUNTAINBIKE<\/a><\/li>\n\n\n\n<li><span style=\"color: #000000;\">Hosting<\/span><\/li>\n\n\n\n<li><span style=\"color: #000000;\">Noot van de Raad van Bestuur<\/span><\/li>\n\n\n\n<li><span style=\"color: #000000;\">Registraties<\/span><\/li>\n\n\n\n<li><span style=\"color: #000000;\">Andere activiteiten of bezoeken&nbsp; &nbsp;<\/span><\/li>\n<\/ul>\n\n\n\n<h4 class=\"wp-block-heading\"><strong>Aankomst, verblijf en instructies COVID-19 :<\/strong><\/h4>\n\n\n\n<p><strong><u>Waarschuwing COVID-19<\/u><\/strong><\/p>\n\n\n\n<p>Voorwaarden voor toegang tot de instelling: op dit moment zijn er geen voorwaarden vereist door de instelling die ons ontvangt (PCR-test of vaccinatiebewijs).<\/p>\n\n\n\n<p>De directeur van het centrum heeft me vandaag laten weten dat je vanaf 07 augustus een gezondheidspasje moet kunnen laten zien om toegang te krijgen tot zijn vestiging.<\/p>\n\n\n\n<p>Op 04 september 2021, wanneer je aankomt, zal de accommodatieverschaffer je gezondheidspas controleren.<\/p>\n\n\n\n<p>Wat is het bewijs (overheidsbronnen)<\/p>\n\n\n\n<p>1 Vaccinatie, op voorwaarde dat mensen een volledig vaccinatieschema hebben en de nodige tijd na de laatste injectie, d.w.z. :&nbsp;<\/p>\n\n\n\n<ul class=\"wp-block-list\">\n<li>7 dagen na de tweede injectie voor vaccins met dubbele injectie (Pfizer, Moderna, AstraZeneca);<\/li>\n\n\n\n<li>4 weken na injectie voor vaccins met \u00e9\u00e9n enkele injectie (Johnson \u00a7 Johnson van Janssen);<\/li>\n\n\n\n<li>7 dagen na injectie voor vaccins bij mensen met een voorgeschiedenis van Covid (eenmalige injectie)<\/li>\n<\/ul>\n\n\n\n<ol start=\"2\" class=\"wp-block-list\">\n<li>bewijs van een negatieve test die minder dan 48 uur oud is.<\/li>\n<\/ol>\n\n\n\n<p>De gezondheidspas wordt alleen gecontroleerd bij aankomst en de PCR-test blijft geldig voor de duur van je verblijf.<\/p>\n\n\n\n<p>Maskers zijn verplicht in het vakantiedorp, dus zorg dat je er genoeg hebt voor je verblijf.<\/p>\n\n\n\n<p><strong><u>Fietsenwinkels :<br><\/u><\/strong><strong>Fietsen Ubaye Sport<br><\/strong>Gezamenlijke ontwikkelingszone Pont Long<br>04400 Barcelonnette<br><a href=\"https:\/\/www.google.com\/search?sxsrf=ALeKk02tt83ZcWn0siBzv6sRSzKetPxvGA%3A1592830042786&amp;ei=WqjwXqrEL4Oca4bJosgG&amp;q=loisir+vtt+pollionnay&amp;oq=loisir+vtt+pollionnay&amp;gs_lcp=CgZwc3ktYWIQARgAMgIIADIGCAAQFhAeMgYIABAWEB4yAggmOgQIIxAnOgQIABBDOgUIABCDAToFCAAQsQM6BwgAEBQQhwI6BggAEAoQQzoHCAAQQxCLAzoFCAAQiwM6CAgAEIMBEIsDOgoIABCxAxBDEIsDOgoIABAUEIcCEIsDUIiZDVjFxQ1gt-ENaABwAHgAgAG2AYgB5BCSAQQxNC43mAEAoAEBqgEHZ3dzLXdpergBAg&amp;sclient=psy-ab\">04 92 34 36 15<\/a><br>open dinsdag t\/m zaterdag 08.00 - 12.00 en 14.00 - 19.00<\/p>\n\n\n\n<h2 class=\"wp-block-heading\">Inleiding tot de regio :<\/h2>\n\n\n\n<p>Na ons verblijf in Digne in 2014 is de Alpes-de-Haute-Provence opnieuw het decor voor de vakantie van de Club des Cent Cols deze zomer, en meer bepaald de vallei van de Ubaye. We verblijven in het Cap France etablissement \u00abLou Riouclar\u00bb op de hoogten van M\u00e9olans-Revel, op de rechteroever van de rivier die de vallei haar naam geeft.  Rijk aan wegen en muilezelpaden, maar ook rijk aan afwisselende landschappen, zal Ubaye de deelnemers aan dit verblijf niet teleurstellen.  De vallei van Ubaye ligt aan het noordoostelijke uiteinde van het departement Alpes-de-Haute-Provence (04), in de regio Provence-Alpes-C\u00f4te-D'azur. Twee Franse departementen en een Italiaanse regio vormen de administratieve grenzen van de vallei, met als belangrijkste stad Barcelonette (2.575 inwoners). De vallei dankt zijn naam aan de rivier die er doorheen stroomt vanaf de bron bij de Col de Longet (FR-04-2660 \/IT-CN-2660a). De rivier stroomt eerst naar het zuidwesten en dan naar het westen. De Ubaye mondt uit in de Durance bij het Lac de Serre-Pon\u00e7on en vormt de oostelijke tak van het meer. Het laagste punt in de vallei ligt op 771 m bij het Lac de Serre-Pon\u00e7on, met het hoogste punt op 3412 m op de Aiguille de Chambeyron. Een belangrijk wegennetwerk doorkruist de verschillende valleien die deel uitmaken van dit geografische geheel, waardoor het vele uitgangen heeft die bijna uitsluitend via een pas gaan, van de laagste, Le Collet (FR-04-0991) tot de hoogste, de Col de la Bonnette (FR-04-2715). De Col de Larche (FR-04-1991) of Colle della Maddalena (IT-CN-1996) geeft toegang tot de Val Stura in de provincie Cuneo. De hoofd- en secundaire bergkammen bieden de mogelijkheid om vele muilezelpaden te beklimmen, waaronder misschien wel de meest legendarische van allemaal, de Col du Parpaillon (FR-04-2637-tunnel). Dankzij de aanwezigheid van talrijke militaire paden, die oorspronkelijk dienden voor de verdedigingswerken, kunnen de muilezelpassen met groot voordeel worden benaderd. De belangrijkste economische activiteit van de vallei is toerisme. Er zijn een paar alpine skigebieden in de vallei, maar hun bescheiden omvang heeft geholpen om het natuurlijke en traditionele karakter van veel gebieden te behouden. Andere sportieve activiteiten zijn fietsen (Brevet des 7 cols de l'Ubaye) en mountainbiken. Schapenhouderij en de verkoop van verschillende lokale producten zijn andere bronnen van inkomsten. De hoge bergtoppen die overal langs de hoofdvallei en de satellietvalleien liggen, en de aanwezigheid van het Lac de Serre-Pon\u00e7on, bieden spectaculaire uitzichten.  Barcelonnette, de stad van de \u00abMexicanen\u00bb (Ubayanen die terugkeerden nadat ze hun fortuin hadden gemaakt in Mexico) en andere dorpen hebben een aantal mooie monumenten om te bezoeken. Dankzij de geografische ligging en de aanwezigheid van een \u00ablage\u00bb pas, de Col de Larche (1991 m), gaat de militaire geschiedenis van Ubaye terug tot de Oudheid. De spectaculaire 19e-eeuwse vestingwerken zijn de laatste overblijfselen en maken deel uit van het toeristische erfgoed van de regio. Ubaye ligt in de zuidelijke Alpen, dus het klimaat is een mediterraan bergklimaat met uitzonderlijke zonneschijn, koud in de winter en warm en stormachtig in de zomer. De flora en fauna zijn typisch Alpien. De gebruikelijke diersoorten zijn hier te vinden (marmotten, gemzen, vossen, sneeuwhoenders, eenden en steenarenden). Een paar jaar geleden zou zich een roedel wolven hebben gevestigd in het Parpaillon-massief. Er is een duidelijk contrast tussen de adret- en de ubac-kant van de belangrijkste oost-westvallei, met donkere bossen van sparren, sparren en lariksen op de linkeroever en landbouwgrond op de rechteroever.<\/p>\n\n\n\n<h2 class=\"wp-block-heading\"><a href=\"https:\/\/centcols.org\/nl\/membres\/cctours\/tours.php\/?lieu=M\u00e9olans&amp;an=2021\">Circuits<\/a> :<\/h2>\n\n\n\n<p>Aan het begin van de vakantie raden we je aan om de grote passen niet te beklimmen, omdat er van 03 tot 05 september een <a href=\"https:\/\/www.barcelonnette.com\/agendas\/evenements\/alpes-aventure-motofestival--4878675.html\" target=\"_blank\" rel=\"noreferrer noopener\">motorfestival<\/a> Fietsen in de <a href=\"https:\/\/centcols.org\/wp-content\/uploads\/2025\/08\/Parc-National-du-Mercantour.pdf\" target=\"_blank\" rel=\"noreferrer noopener\">Nationaal park Mercantour<\/a> is geregeld. Route: de routes lijken misschien lang en met aanzienlijke hoogteverschillen, maar je hebt verschillende opties om ze in te korten. De laatste uitgave van <a href=\"https:\/\/centcols.org\/wp-content\/uploads\/2025\/08\/echappee-en-ubaye-\u00a9-Big-Bike-Magazine.pdf\" target=\"_blank\" rel=\"noreferrer noopener\">Tijdschrift voor grote fietsen<\/a> is gewijd aan de Ubaye. R1: tussen Durance en Monges - 118 km - 2090 meter - 9 passen: Col de Saint-Martin, Col des Garcinets, Col des Sagnes, Le Coulet, Col du Ch\u00e2teau, Col du Haut Forest, Col de Gr\u00eale, Col de Sarraut, Col des Mey\u00e8res<\/p>\n\n\n\n<figure class=\"wp-block-gallery has-nested-images columns-3 is-cropped wp-block-gallery-1 is-layout-flex wp-block-gallery-is-layout-flex\">\n<figure class=\"wp-block-image size-full\"><a href=\"https:\/\/centcols.org\/wp-content\/uploads\/2021\/06\/R1-village-de-Bellafaire-1.jpg\"><img loading=\"lazy\" decoding=\"async\" width=\"1200\" height=\"900\" data-id=\"85944\" src=\"https:\/\/centcols.org\/wp-content\/uploads\/2021\/06\/R1-village-de-Bellafaire-1.jpg\" alt=\"\" class=\"wp-image-85944\" srcset=\"https:\/\/centcols.org\/wp-content\/uploads\/2021\/06\/R1-village-de-Bellafaire-1.jpg 1200w, https:\/\/centcols.org\/wp-content\/uploads\/2021\/06\/R1-village-de-Bellafaire-1-768x576.jpg 768w\" sizes=\"auto, (max-width: 1200px) 100vw, 1200px\" \/><\/a><figcaption class=\"wp-element-caption\">R1 - dorp Bellafaire \u00a9 Robert Yonnet<\/figcaption><\/figure>\n\n\n\n<figure class=\"wp-block-image size-full\"><a href=\"https:\/\/centcols.org\/wp-content\/uploads\/2021\/06\/R1-descente-col-de-Sarraut.jpg\"><img loading=\"lazy\" decoding=\"async\" width=\"1200\" height=\"900\" data-id=\"85945\" src=\"https:\/\/centcols.org\/wp-content\/uploads\/2021\/06\/R1-descente-col-de-Sarraut.jpg\" alt=\"\" class=\"wp-image-85945\" srcset=\"https:\/\/centcols.org\/wp-content\/uploads\/2021\/06\/R1-descente-col-de-Sarraut.jpg 1200w, https:\/\/centcols.org\/wp-content\/uploads\/2021\/06\/R1-descente-col-de-Sarraut-768x576.jpg 768w\" sizes=\"auto, (max-width: 1200px) 100vw, 1200px\" \/><\/a><figcaption class=\"wp-element-caption\">R1 - Afdaling Col de Sarraut - \u00a9 Robert Yonnet<\/figcaption><\/figure>\n\n\n\n<figure class=\"wp-block-image size-full\"><a href=\"https:\/\/centcols.org\/wp-content\/uploads\/2021\/06\/R1-col-des-Garcinets-1.jpg\"><img loading=\"lazy\" decoding=\"async\" width=\"1200\" height=\"900\" data-id=\"85946\" src=\"https:\/\/centcols.org\/wp-content\/uploads\/2021\/06\/R1-col-des-Garcinets-1.jpg\" alt=\"\" class=\"wp-image-85946\" srcset=\"https:\/\/centcols.org\/wp-content\/uploads\/2021\/06\/R1-col-des-Garcinets-1.jpg 1200w, https:\/\/centcols.org\/wp-content\/uploads\/2021\/06\/R1-col-des-Garcinets-1-768x576.jpg 768w\" sizes=\"auto, (max-width: 1200px) 100vw, 1200px\" \/><\/a><figcaption class=\"wp-element-caption\">R1 - Garcinets pas \u00a9 Robert Yonnet<\/figcaption><\/figure>\n\n\n\n<figure class=\"wp-block-image size-large\"><img loading=\"lazy\" decoding=\"async\" width=\"1200\" height=\"867\" data-id=\"85964\" src=\"https:\/\/centcols.org\/wp-content\/uploads\/2021\/06\/R1-5-col-de-Vars.jpg\" alt=\"\" class=\"wp-image-85964\" srcset=\"https:\/\/centcols.org\/wp-content\/uploads\/2021\/06\/R1-5-col-de-Vars.jpg 1200w, https:\/\/centcols.org\/wp-content\/uploads\/2021\/06\/R1-5-col-de-Vars-768x555.jpg 768w\" sizes=\"auto, (max-width: 1200px) 100vw, 1200px\" \/><figcaption class=\"wp-element-caption\">Col de Vars<\/figcaption><\/figure>\n<\/figure>\n\n\n\n<p>R2: Vars - 96 km - 1900 meter - 3 passen: Le Pertus, le Collet, Col de Vars<\/p>\n\n\n\n<p>R3: rondrit Lac de Serre-Pon\u00e7on - 80 km - 1968 meter - 5 passen: Col de Pontis, Collet, Col de Charmentier, Col Lebraut, Collet<\/p>\n\n\n\n<figure class=\"wp-block-gallery has-nested-images columns-4 is-cropped wp-block-gallery-2 is-layout-flex wp-block-gallery-is-layout-flex\">\n<figure class=\"wp-block-image size-full\"><a href=\"https:\/\/centcols.org\/wp-content\/uploads\/2021\/06\/R3-lac-4.jpg\"><img loading=\"lazy\" decoding=\"async\" width=\"1200\" height=\"900\" data-id=\"85947\" src=\"https:\/\/centcols.org\/wp-content\/uploads\/2021\/06\/R3-lac-4.jpg\" alt=\"\" class=\"wp-image-85947\" srcset=\"https:\/\/centcols.org\/wp-content\/uploads\/2021\/06\/R3-lac-4.jpg 1200w, https:\/\/centcols.org\/wp-content\/uploads\/2021\/06\/R3-lac-4-768x576.jpg 768w\" sizes=\"auto, (max-width: 1200px) 100vw, 1200px\" \/><\/a><figcaption class=\"wp-element-caption\">R3 - Meer van Serre Pon\u00e7on \u00a9 Robert Yonnet<\/figcaption><\/figure>\n\n\n\n<figure class=\"wp-block-image size-full\"><a href=\"https:\/\/centcols.org\/wp-content\/uploads\/2021\/06\/R3-gorges-de-la-Blanche-1.jpg\"><img loading=\"lazy\" decoding=\"async\" width=\"1200\" height=\"900\" data-id=\"85948\" src=\"https:\/\/centcols.org\/wp-content\/uploads\/2021\/06\/R3-gorges-de-la-Blanche-1.jpg\" alt=\"\" class=\"wp-image-85948\" srcset=\"https:\/\/centcols.org\/wp-content\/uploads\/2021\/06\/R3-gorges-de-la-Blanche-1.jpg 1200w, https:\/\/centcols.org\/wp-content\/uploads\/2021\/06\/R3-gorges-de-la-Blanche-1-768x576.jpg 768w\" sizes=\"auto, (max-width: 1200px) 100vw, 1200px\" \/><\/a><figcaption class=\"wp-element-caption\">R3 - Gorges de la Blanche \u00a9 Robert Yonnet<\/figcaption><\/figure>\n\n\n\n<figure class=\"wp-block-image size-full\"><a href=\"https:\/\/centcols.org\/wp-content\/uploads\/2021\/06\/R3-col-Lebraut-2.jpg\"><img loading=\"lazy\" decoding=\"async\" width=\"1200\" height=\"900\" data-id=\"85949\" src=\"https:\/\/centcols.org\/wp-content\/uploads\/2021\/06\/R3-col-Lebraut-2.jpg\" alt=\"\" class=\"wp-image-85949\" srcset=\"https:\/\/centcols.org\/wp-content\/uploads\/2021\/06\/R3-col-Lebraut-2.jpg 1200w, https:\/\/centcols.org\/wp-content\/uploads\/2021\/06\/R3-col-Lebraut-2-768x576.jpg 768w\" sizes=\"auto, (max-width: 1200px) 100vw, 1200px\" \/><\/a><figcaption class=\"wp-element-caption\">R3 - Lebrautpas \u00a9 Robert Yonnet<\/figcaption><\/figure>\n\n\n\n<figure class=\"wp-block-image size-full\"><a href=\"https:\/\/centcols.org\/wp-content\/uploads\/2021\/06\/R3-barrage-2.jpg\"><img loading=\"lazy\" decoding=\"async\" width=\"1200\" height=\"900\" data-id=\"85950\" src=\"https:\/\/centcols.org\/wp-content\/uploads\/2021\/06\/R3-barrage-2.jpg\" alt=\"\" class=\"wp-image-85950\" srcset=\"https:\/\/centcols.org\/wp-content\/uploads\/2021\/06\/R3-barrage-2.jpg 1200w, https:\/\/centcols.org\/wp-content\/uploads\/2021\/06\/R3-barrage-2-768x576.jpg 768w\" sizes=\"auto, (max-width: 1200px) 100vw, 1200px\" \/><\/a><figcaption class=\"wp-element-caption\">R3 - moeder \u00a9 Robert Yonnet<\/figcaption><\/figure>\n<\/figure>\n\n\n\n<p>R4: Restefonds - 60 km - 2050 meter - 3 passen (optioneel Col de la Mouti\u00e8re): Faux col de Restefonds, col de la Bonette, col des Granges Communes R5: Basse Ubaye - Blanche - 95 km - 2000 meter - 9 passen: col Saint-Jean, le Coulet, col du Fanget, col du Labouret, col de Maure, col de Fillys, col de Font Sainte, col de Charamel, le Collet<\/p>\n\n\n\n<figure class=\"wp-block-gallery has-nested-images columns-3 is-cropped wp-block-gallery-3 is-layout-flex wp-block-gallery-is-layout-flex\">\n<figure class=\"wp-block-image size-full\"><a href=\"https:\/\/centcols.org\/wp-content\/uploads\/2021\/06\/R5-col-des-Fyllis.jpg\"><img loading=\"lazy\" decoding=\"async\" width=\"1200\" height=\"900\" data-id=\"85951\" src=\"https:\/\/centcols.org\/wp-content\/uploads\/2021\/06\/R5-col-des-Fyllis.jpg\" alt=\"\" class=\"wp-image-85951\" srcset=\"https:\/\/centcols.org\/wp-content\/uploads\/2021\/06\/R5-col-des-Fyllis.jpg 1200w, https:\/\/centcols.org\/wp-content\/uploads\/2021\/06\/R5-col-des-Fyllis-768x576.jpg 768w\" sizes=\"auto, (max-width: 1200px) 100vw, 1200px\" \/><\/a><figcaption class=\"wp-element-caption\">R5 - Fyllis-pas \u00a9 Robert Yonnet<\/figcaption><\/figure>\n\n\n\n<figure class=\"wp-block-image size-full\"><a href=\"https:\/\/centcols.org\/wp-content\/uploads\/2021\/06\/R5-col-du-Labouret.jpg\"><img loading=\"lazy\" decoding=\"async\" width=\"1200\" height=\"900\" data-id=\"85952\" src=\"https:\/\/centcols.org\/wp-content\/uploads\/2021\/06\/R5-col-du-Labouret.jpg\" alt=\"\" class=\"wp-image-85952\" srcset=\"https:\/\/centcols.org\/wp-content\/uploads\/2021\/06\/R5-col-du-Labouret.jpg 1200w, https:\/\/centcols.org\/wp-content\/uploads\/2021\/06\/R5-col-du-Labouret-768x576.jpg 768w\" sizes=\"auto, (max-width: 1200px) 100vw, 1200px\" \/><\/a><figcaption class=\"wp-element-caption\">R5 - Labouret-pas \u00a9 Robert Yonnet<\/figcaption><\/figure>\n\n\n\n<figure class=\"wp-block-image size-full\"><a href=\"https:\/\/centcols.org\/wp-content\/uploads\/2021\/06\/R5-village-de-Seyne-Les-Alpes.jpg\"><img loading=\"lazy\" decoding=\"async\" width=\"1200\" height=\"900\" data-id=\"85953\" src=\"https:\/\/centcols.org\/wp-content\/uploads\/2021\/06\/R5-village-de-Seyne-Les-Alpes.jpg\" alt=\"\" class=\"wp-image-85953\" srcset=\"https:\/\/centcols.org\/wp-content\/uploads\/2021\/06\/R5-village-de-Seyne-Les-Alpes.jpg 1200w, https:\/\/centcols.org\/wp-content\/uploads\/2021\/06\/R5-village-de-Seyne-Les-Alpes-768x576.jpg 768w\" sizes=\"auto, (max-width: 1200px) 100vw, 1200px\" \/><\/a><figcaption class=\"wp-element-caption\">R5 - dorp Seyne Les Alpes \u00a9 Robert Yonnet<\/figcaption><\/figure>\n<\/figure>\n\n\n\n<p>R6: les trois cols - 120 km - 3300 meter - 3 passen: col de la Cayolle, col des Champs, col d'Allos R7: rassemblement - 50 km - 920 meter - 2 passen: le Pertus - col Saint-Jean<\/p>\n\n\n\n<figure class=\"wp-block-gallery has-nested-images columns-2 is-cropped wp-block-gallery-4 is-layout-flex wp-block-gallery-is-layout-flex\">\n<figure class=\"wp-block-image size-full\"><a href=\"https:\/\/centcols.org\/wp-content\/uploads\/2021\/06\/R7-station-du-col-St-Jean-1.jpg\"><img loading=\"lazy\" decoding=\"async\" width=\"1200\" height=\"900\" data-id=\"85954\" src=\"https:\/\/centcols.org\/wp-content\/uploads\/2021\/06\/R7-station-du-col-St-Jean-1.jpg\" alt=\"\" class=\"wp-image-85954\" srcset=\"https:\/\/centcols.org\/wp-content\/uploads\/2021\/06\/R7-station-du-col-St-Jean-1.jpg 1200w, https:\/\/centcols.org\/wp-content\/uploads\/2021\/06\/R7-station-du-col-St-Jean-1-768x576.jpg 768w\" sizes=\"auto, (max-width: 1200px) 100vw, 1200px\" \/><\/a><figcaption class=\"wp-element-caption\">R7 - Station Col St Jean \u00a9 Robert Yonnet<\/figcaption><\/figure>\n\n\n\n<figure class=\"wp-block-image size-full\"><a href=\"https:\/\/centcols.org\/wp-content\/uploads\/2021\/06\/R7-col-St-Jean.jpg\"><img loading=\"lazy\" decoding=\"async\" width=\"1200\" height=\"900\" data-id=\"85955\" src=\"https:\/\/centcols.org\/wp-content\/uploads\/2021\/06\/R7-col-St-Jean.jpg\" alt=\"\" class=\"wp-image-85955\" srcset=\"https:\/\/centcols.org\/wp-content\/uploads\/2021\/06\/R7-col-St-Jean.jpg 1200w, https:\/\/centcols.org\/wp-content\/uploads\/2021\/06\/R7-col-St-Jean-768x576.jpg 768w\" sizes=\"auto, (max-width: 1200px) 100vw, 1200px\" \/><\/a><figcaption class=\"wp-element-caption\">R7 - St Jean-pas \u00a9 Robert Yonnet<\/figcaption><\/figure>\n<\/figure>\n\n\n\n<p>MTB: V1: Bersezio - 30 km - 1550 meter - 5 passen: Colletto Ferriere, Bassa di Colombart, Col de Pouriac, Bassa Ferriere, Colletto Incianao<\/p>\n\n\n\n<figure class=\"wp-block-gallery has-nested-images columns-4 is-cropped wp-block-gallery-5 is-layout-flex wp-block-gallery-is-layout-flex\">\n<figure class=\"wp-block-image size-full\"><a href=\"https:\/\/centcols.org\/wp-content\/uploads\/2021\/06\/V1-21-sentinelle-des-lieux.jpg\"><img loading=\"lazy\" decoding=\"async\" width=\"900\" height=\"1200\" data-id=\"85956\" src=\"https:\/\/centcols.org\/wp-content\/uploads\/2021\/06\/V1-21-sentinelle-des-lieux.jpg\" alt=\"\" class=\"wp-image-85956\" srcset=\"https:\/\/centcols.org\/wp-content\/uploads\/2021\/06\/V1-21-sentinelle-des-lieux.jpg 900w, https:\/\/centcols.org\/wp-content\/uploads\/2021\/06\/V1-21-sentinelle-des-lieux-768x1024.jpg 768w\" sizes=\"auto, (max-width: 900px) 100vw, 900px\" \/><\/a><figcaption class=\"wp-element-caption\">V1 - schildwacht van de plaats \u00a9 Robert Yonnet<\/figcaption><\/figure>\n\n\n\n<figure class=\"wp-block-image size-full\"><a href=\"https:\/\/centcols.org\/wp-content\/uploads\/2021\/06\/V1-13-bassa-di-Colombart-2.jpg\"><img loading=\"lazy\" decoding=\"async\" width=\"1200\" height=\"900\" data-id=\"85957\" src=\"https:\/\/centcols.org\/wp-content\/uploads\/2021\/06\/V1-13-bassa-di-Colombart-2.jpg\" alt=\"\" class=\"wp-image-85957\" srcset=\"https:\/\/centcols.org\/wp-content\/uploads\/2021\/06\/V1-13-bassa-di-Colombart-2.jpg 1200w, https:\/\/centcols.org\/wp-content\/uploads\/2021\/06\/V1-13-bassa-di-Colombart-2-768x576.jpg 768w\" sizes=\"auto, (max-width: 1200px) 100vw, 1200px\" \/><\/a><figcaption class=\"wp-element-caption\">V1 - basa di Colombart 2 \u00a9 Robert Yonnet<\/figcaption><\/figure>\n\n\n\n<figure class=\"wp-block-image size-full\"><a href=\"https:\/\/centcols.org\/wp-content\/uploads\/2021\/06\/V1-20-Cime-de-la-Lose.jpg\"><img loading=\"lazy\" decoding=\"async\" width=\"1200\" height=\"900\" data-id=\"85958\" src=\"https:\/\/centcols.org\/wp-content\/uploads\/2021\/06\/V1-20-Cime-de-la-Lose.jpg\" alt=\"\" class=\"wp-image-85958\" srcset=\"https:\/\/centcols.org\/wp-content\/uploads\/2021\/06\/V1-20-Cime-de-la-Lose.jpg 1200w, https:\/\/centcols.org\/wp-content\/uploads\/2021\/06\/V1-20-Cime-de-la-Lose-768x576.jpg 768w\" sizes=\"auto, (max-width: 1200px) 100vw, 1200px\" \/><\/a><figcaption class=\"wp-element-caption\">V1 - Cime de la Lose \u00a9 Robert Yonnet<\/figcaption><\/figure>\n\n\n\n<figure class=\"wp-block-image size-full\"><a href=\"https:\/\/centcols.org\/wp-content\/uploads\/2021\/06\/V1-2-village-de-Bersezio.jpg\"><img loading=\"lazy\" decoding=\"async\" width=\"1200\" height=\"900\" data-id=\"85959\" src=\"https:\/\/centcols.org\/wp-content\/uploads\/2021\/06\/V1-2-village-de-Bersezio.jpg\" alt=\"\" class=\"wp-image-85959\" srcset=\"https:\/\/centcols.org\/wp-content\/uploads\/2021\/06\/V1-2-village-de-Bersezio.jpg 1200w, https:\/\/centcols.org\/wp-content\/uploads\/2021\/06\/V1-2-village-de-Bersezio-768x576.jpg 768w\" sizes=\"auto, (max-width: 1200px) 100vw, 1200px\" \/><\/a><figcaption class=\"wp-element-caption\">V1 - dorp Bersezio \u00a9 Robert Yonnet<\/figcaption><\/figure>\n<\/figure>\n\n\n\n<p>V2: Vars - Risoul - 31 km - 1230 meter - 5 passen: Col de Jaffueil, Col de Saluces, Col du Vallon, Col de Valbelle, Col de Ch\u00e9rine<\/p>\n\n\n\n<figure class=\"wp-block-gallery has-nested-images columns-3 is-cropped wp-block-gallery-6 is-layout-flex wp-block-gallery-is-layout-flex\">\n<figure class=\"wp-block-image size-full\"><a href=\"https:\/\/centcols.org\/wp-content\/uploads\/2021\/06\/V2-11-pic-St-Andre.jpg\"><img loading=\"lazy\" decoding=\"async\" width=\"1200\" height=\"900\" data-id=\"85960\" src=\"https:\/\/centcols.org\/wp-content\/uploads\/2021\/06\/V2-11-pic-St-Andre.jpg\" alt=\"\" class=\"wp-image-85960\" srcset=\"https:\/\/centcols.org\/wp-content\/uploads\/2021\/06\/V2-11-pic-St-Andre.jpg 1200w, https:\/\/centcols.org\/wp-content\/uploads\/2021\/06\/V2-11-pic-St-Andre-768x576.jpg 768w\" sizes=\"auto, (max-width: 1200px) 100vw, 1200px\" \/><\/a><figcaption class=\"wp-element-caption\">V2 - St Andr\u00e9-piek \u00a9 Robert Yonnet<\/figcaption><\/figure>\n\n\n\n<figure class=\"wp-block-image size-full\"><a href=\"https:\/\/centcols.org\/wp-content\/uploads\/2021\/06\/V2-10-col-du-Vallon.jpg\"><img loading=\"lazy\" decoding=\"async\" width=\"1200\" height=\"900\" data-id=\"85961\" src=\"https:\/\/centcols.org\/wp-content\/uploads\/2021\/06\/V2-10-col-du-Vallon.jpg\" alt=\"\" class=\"wp-image-85961\" srcset=\"https:\/\/centcols.org\/wp-content\/uploads\/2021\/06\/V2-10-col-du-Vallon.jpg 1200w, https:\/\/centcols.org\/wp-content\/uploads\/2021\/06\/V2-10-col-du-Vallon-768x576.jpg 768w\" sizes=\"auto, (max-width: 1200px) 100vw, 1200px\" \/><\/a><figcaption class=\"wp-element-caption\">V2 - Vallon-pas \u00a9 Robert Yonnet<\/figcaption><\/figure>\n\n\n\n<figure class=\"wp-block-image size-full\"><a href=\"https:\/\/centcols.org\/wp-content\/uploads\/2021\/06\/V2-5-station-de-Vars-Les-Claux.jpg\"><img loading=\"lazy\" decoding=\"async\" width=\"1200\" height=\"900\" data-id=\"85962\" src=\"https:\/\/centcols.org\/wp-content\/uploads\/2021\/06\/V2-5-station-de-Vars-Les-Claux.jpg\" alt=\"\" class=\"wp-image-85962\" srcset=\"https:\/\/centcols.org\/wp-content\/uploads\/2021\/06\/V2-5-station-de-Vars-Les-Claux.jpg 1200w, https:\/\/centcols.org\/wp-content\/uploads\/2021\/06\/V2-5-station-de-Vars-Les-Claux-768x576.jpg 768w\" sizes=\"auto, (max-width: 1200px) 100vw, 1200px\" \/><\/a><figcaption class=\"wp-element-caption\">V2 - Vakantiepark Vars Les Claux \u00a9 Robert Yonnet<\/figcaption><\/figure>\n<\/figure>\n\n\n\n<p>V3: le Parpaillon - 41 km - 2130 meter - 4 passen: col du Parpaillon (tunnel), col de Girabeau, col de la Pare, Pas du Reverdillon<\/p>\n\n\n<div class=\"wp-block-image\">\n<figure class=\"aligncenter size-full is-resized\"><img loading=\"lazy\" decoding=\"async\" width=\"1094\" height=\"821\" src=\"https:\/\/centcols.org\/wp-content\/uploads\/2021\/06\/42-Col-du-Parpaillon.jpg\" alt=\"V3: Col du Parpaillon \u00a9 Enrico Alberini\" class=\"wp-image-85963\" style=\"width:800px\" srcset=\"https:\/\/centcols.org\/wp-content\/uploads\/2021\/06\/42-Col-du-Parpaillon.jpg 1094w, https:\/\/centcols.org\/wp-content\/uploads\/2021\/06\/42-Col-du-Parpaillon-768x576.jpg 768w\" sizes=\"auto, (max-width: 1094px) 100vw, 1094px\" \/><figcaption class=\"wp-element-caption\">V3: Col du Parpaillon \u00a9 Enrico Alberini<\/figcaption><\/figure>\n<\/div>\n\n\n<p>V4: Restefonds - 32 km - 1075 meter - 5 passen: Pas de Toureis, Faux col de Restefond, col de la Mouti\u00e8re, col de la Bonette, col des Granges Communes V5: Orrenaye - 24 km - 1200 meter - 6 passen: col R\u00e9my, col des Monges, col d'Aguya, col de la Gypi\u00e8re de l'Orrenaye, col de Ruburent, Colle della Scaletta V6: col d'Allos (nog niet herkend omdat de weg is afgesloten na de aardverschuiving) V7: rassemblement - 21 km - 530 meter - 3 passen: col de Font Sainte, col de Charamel, col Saint-Jean. <strong>De jaarlijkse bijeenkomst van de Club des Cent Cols<\/strong><\/p>\n\n\n\n<figure class=\"wp-block-gallery has-nested-images columns-2 is-cropped wp-block-gallery-7 is-layout-flex wp-block-gallery-is-layout-flex\">\n<figure class=\"wp-block-image size-full\"><a href=\"https:\/\/centcols.org\/wp-content\/uploads\/2021\/06\/V7-pic-du-Morgon.jpg\"><img loading=\"lazy\" decoding=\"async\" width=\"1200\" height=\"900\" data-id=\"85965\" src=\"https:\/\/centcols.org\/wp-content\/uploads\/2021\/06\/V7-pic-du-Morgon.jpg\" alt=\"\" class=\"wp-image-85965\" srcset=\"https:\/\/centcols.org\/wp-content\/uploads\/2021\/06\/V7-pic-du-Morgon.jpg 1200w, https:\/\/centcols.org\/wp-content\/uploads\/2021\/06\/V7-pic-du-Morgon-768x576.jpg 768w\" sizes=\"auto, (max-width: 1200px) 100vw, 1200px\" \/><\/a><figcaption class=\"wp-element-caption\">V7 - De piek van Morgon \u00a9 Robert Yonnet<\/figcaption><\/figure>\n\n\n\n<figure class=\"wp-block-image size-full\"><a href=\"https:\/\/centcols.org\/wp-content\/uploads\/2021\/06\/V7-Font-Sainte.jpg\"><img loading=\"lazy\" decoding=\"async\" width=\"1200\" height=\"900\" data-id=\"85966\" src=\"https:\/\/centcols.org\/wp-content\/uploads\/2021\/06\/V7-Font-Sainte.jpg\" alt=\"\" class=\"wp-image-85966\" srcset=\"https:\/\/centcols.org\/wp-content\/uploads\/2021\/06\/V7-Font-Sainte.jpg 1200w, https:\/\/centcols.org\/wp-content\/uploads\/2021\/06\/V7-Font-Sainte-768x576.jpg 768w\" sizes=\"auto, (max-width: 1200px) 100vw, 1200px\" \/><\/a><figcaption class=\"wp-element-caption\">V7 - Font Sainte \u00a9 Robert Yonnet<\/figcaption><\/figure>\n<\/figure>\n\n\n\n<p>Aanvankelijk zou de rally worden gehouden op de Col d'Allos. Echter, na een grote aardverschuiving op 16 april 2021 tussen Uvernet-Fours en de Col d'Allos en de onzekerheid of de weg weer open zal gaan, is besloten om de rally op zaterdag 11 september 2021 vanaf 11.00 uur op de Col d'Allos te houden. <a href=\"https:\/\/centcols.org\/nl\/util\/geo\/visuGen.php\/?code=FR-04-1333\" target=\"_blank\" rel=\"noreferrer noopener\">col Saint-Jean FR-04-1333<\/a><\/p>\n\n\n\n<figure class=\"wp-block-gallery has-nested-images columns-4 is-cropped wp-block-gallery-8 is-layout-flex wp-block-gallery-is-layout-flex\">\n<figure class=\"wp-block-image size-full\"><a href=\"https:\/\/centcols.org\/wp-content\/uploads\/2021\/06\/Club-des-100-Cols-11.09.2021-4.jpg\"><img loading=\"lazy\" decoding=\"async\" width=\"1200\" height=\"800\" data-id=\"85967\" src=\"https:\/\/centcols.org\/wp-content\/uploads\/2021\/06\/Club-des-100-Cols-11.09.2021-4.jpg\" alt=\"\" class=\"wp-image-85967\" srcset=\"https:\/\/centcols.org\/wp-content\/uploads\/2021\/06\/Club-des-100-Cols-11.09.2021-4.jpg 1200w, https:\/\/centcols.org\/wp-content\/uploads\/2021\/06\/Club-des-100-Cols-11.09.2021-4-768x512.jpg 768w\" sizes=\"auto, (max-width: 1200px) 100vw, 1200px\" \/><\/a><figcaption class=\"wp-element-caption\">een woord van Guillaume de Lou Riouclar \u00a9 Sylvie Arnaud<\/figcaption><\/figure>\n\n\n\n<figure class=\"wp-block-image size-full\"><a href=\"https:\/\/centcols.org\/wp-content\/uploads\/2021\/06\/Club-des-100-Cols-11.09.2021-3.jpg\"><img loading=\"lazy\" decoding=\"async\" width=\"1200\" height=\"800\" data-id=\"85968\" src=\"https:\/\/centcols.org\/wp-content\/uploads\/2021\/06\/Club-des-100-Cols-11.09.2021-3.jpg\" alt=\"\" class=\"wp-image-85968\" srcset=\"https:\/\/centcols.org\/wp-content\/uploads\/2021\/06\/Club-des-100-Cols-11.09.2021-3.jpg 1200w, https:\/\/centcols.org\/wp-content\/uploads\/2021\/06\/Club-des-100-Cols-11.09.2021-3-768x512.jpg 768w\" sizes=\"auto, (max-width: 1200px) 100vw, 1200px\" \/><\/a><figcaption class=\"wp-element-caption\">het team van Lou Riouclar \u00a9 Sylvie Arnaud<\/figcaption><\/figure>\n\n\n\n<figure class=\"wp-block-image size-full\"><a href=\"https:\/\/centcols.org\/wp-content\/uploads\/2021\/06\/Club-des-100-Cols-11.09.2021-2.jpg\"><img loading=\"lazy\" decoding=\"async\" width=\"1200\" height=\"994\" data-id=\"85969\" src=\"https:\/\/centcols.org\/wp-content\/uploads\/2021\/06\/Club-des-100-Cols-11.09.2021-2.jpg\" alt=\"\" class=\"wp-image-85969\" srcset=\"https:\/\/centcols.org\/wp-content\/uploads\/2021\/06\/Club-des-100-Cols-11.09.2021-2.jpg 1200w, https:\/\/centcols.org\/wp-content\/uploads\/2021\/06\/Club-des-100-Cols-11.09.2021-2-768x636.jpg 768w\" sizes=\"auto, (max-width: 1200px) 100vw, 1200px\" \/><\/a><figcaption class=\"wp-element-caption\">Presentatie van het 40-jarig jubileumboek aan de burgemeester van Montclar \u00a9 Sylvie Arnaud<\/figcaption><\/figure>\n\n\n\n<figure class=\"wp-block-image size-full\"><a href=\"https:\/\/centcols.org\/wp-content\/uploads\/2021\/06\/Club-des-100-Cols-11.09.2021-1.jpg\"><img loading=\"lazy\" decoding=\"async\" width=\"1200\" height=\"800\" data-id=\"85970\" src=\"https:\/\/centcols.org\/wp-content\/uploads\/2021\/06\/Club-des-100-Cols-11.09.2021-1.jpg\" alt=\"\" class=\"wp-image-85970\" srcset=\"https:\/\/centcols.org\/wp-content\/uploads\/2021\/06\/Club-des-100-Cols-11.09.2021-1.jpg 1200w, https:\/\/centcols.org\/wp-content\/uploads\/2021\/06\/Club-des-100-Cols-11.09.2021-1-768x512.jpg 768w\" sizes=\"auto, (max-width: 1200px) 100vw, 1200px\" \/><\/a><figcaption class=\"wp-element-caption\">Montclar bijeenkomst \u00a9 Sylvie Arnaud<\/figcaption><\/figure>\n<\/figure>\n\n\n\n<p class=\"has-medium-font-size\"><a href=\"https:\/\/centcols.org\/wp-content\/uploads\/2025\/08\/La-Provence-Editions-Alpes-Page-Blanche-Ubaye-13.09.2021.pdf\" target=\"_blank\" rel=\"noreferrer noopener\">Artikel in La Provence<\/a> <a href=\"https:\/\/centcols.org\/wp-content\/uploads\/2025\/08\/La-Provence-Editions-Alpes-Page-Blanche-Ubaye-13.09.2021.pdf\" target=\"_blank\" rel=\"noreferrer noopener\">gepubliceerd op maandag 13 september 2021<\/a><\/p>\n\n\n\n<h2 class=\"wp-block-heading\">Hosting<\/h2>\n\n\n\n<div class=\"wp-block-columns is-layout-flex wp-container-core-columns-is-layout-9d6595d7 wp-block-columns-is-layout-flex\">\n<div class=\"wp-block-column is-layout-flow wp-block-column-is-layout-flow\" style=\"flex-basis:66.66%\">\n<p>We verblijven in het vakantiedorp Cap France, Lou Riouclar. Het ligt op de hoogten van het dorp M\u00e9olans-Revel. <strong>Lou Riouclar<\/strong> 04340 M\u00e9olans-Revel Tel: +33 (0)4 92 80 75 75. E-mailadres: <a href=\"\/nl\/cont&\/#97;&#99;&#116;&#64;&#108;&#x6f;&#x75;&#x72;&#x69;&#x6f;&#x75;&#x63;lar&#46;&#99;&#111;&#109;\" target=\"_blank\" rel=\"noreferrer noopener\">contact@louriouclar.com<\/a> - <a href=\"https:\/\/www.louriouclar.com\" target=\"_blank\" rel=\"noreferrer noopener\">Lou Riouclar website<\/a> Het heeft 118 kamers met 2 bedden, elk met een eigen badkamer met douche, wastafel en toilet. Beddengoed en handdoeken zijn aanwezig. Het restaurant biedt lokale producten, huisgemaakte gerechten en korte circuits met lokale producenten. De parkeerplaats van het dorp biedt plaats aan campers die hebben gekozen voor het \u00ab7-diner arrangement\u00bb of het \u00ab7-dagen catering arrangement\u00bb. INFORMATIE: Neem voor alle verzoeken om vervroegde aankomst rechtstreeks contact op met het centrum.<\/p>\n\n\n\n<figure class=\"wp-block-gallery has-nested-images columns-3 is-cropped wp-block-gallery-9 is-layout-flex wp-block-gallery-is-layout-flex\">\n<figure class=\"wp-block-image size-full\"><a href=\"https:\/\/centcols.org\/wp-content\/uploads\/2021\/06\/photo-drone-rioclar-2.jpg\"><img loading=\"lazy\" decoding=\"async\" width=\"1278\" height=\"720\" data-id=\"85978\" src=\"https:\/\/centcols.org\/wp-content\/uploads\/2021\/06\/photo-drone-rioclar-2.jpg\" alt=\"\" class=\"wp-image-85978\" srcset=\"https:\/\/centcols.org\/wp-content\/uploads\/2021\/06\/photo-drone-rioclar-2.jpg 1278w, https:\/\/centcols.org\/wp-content\/uploads\/2021\/06\/photo-drone-rioclar-2-1200x676.jpg 1200w, https:\/\/centcols.org\/wp-content\/uploads\/2021\/06\/photo-drone-rioclar-2-768x433.jpg 768w\" sizes=\"auto, (max-width: 1278px) 100vw, 1278px\" \/><\/a><figcaption class=\"wp-element-caption\">Lou Riouclar<\/figcaption><\/figure>\n\n\n\n<figure class=\"wp-block-image size-full\"><a href=\"https:\/\/centcols.org\/wp-content\/uploads\/2021\/06\/Vue-generale-Chalet-1-2.jpg\"><img loading=\"lazy\" decoding=\"async\" width=\"1200\" height=\"648\" data-id=\"85976\" src=\"https:\/\/centcols.org\/wp-content\/uploads\/2021\/06\/Vue-generale-Chalet-1-2.jpg\" alt=\"\" class=\"wp-image-85976\" srcset=\"https:\/\/centcols.org\/wp-content\/uploads\/2021\/06\/Vue-generale-Chalet-1-2.jpg 1200w, https:\/\/centcols.org\/wp-content\/uploads\/2021\/06\/Vue-generale-Chalet-1-2-768x415.jpg 768w\" sizes=\"auto, (max-width: 1200px) 100vw, 1200px\" \/><\/a><figcaption class=\"wp-element-caption\">Lou Riouclar<\/figcaption><\/figure>\n\n\n\n<figure class=\"wp-block-image size-full\"><a href=\"https:\/\/centcols.org\/wp-content\/uploads\/2021\/06\/Le-Chalet-vu-de-la-terrsasse-EU-2.jpg\"><img loading=\"lazy\" decoding=\"async\" width=\"1200\" height=\"800\" data-id=\"85977\" src=\"https:\/\/centcols.org\/wp-content\/uploads\/2021\/06\/Le-Chalet-vu-de-la-terrsasse-EU-2.jpg\" alt=\"\" class=\"wp-image-85977\" srcset=\"https:\/\/centcols.org\/wp-content\/uploads\/2021\/06\/Le-Chalet-vu-de-la-terrsasse-EU-2.jpg 1200w, https:\/\/centcols.org\/wp-content\/uploads\/2021\/06\/Le-Chalet-vu-de-la-terrsasse-EU-2-768x512.jpg 768w\" sizes=\"auto, (max-width: 1200px) 100vw, 1200px\" \/><\/a><figcaption class=\"wp-element-caption\">Lou Riouclar<\/figcaption><\/figure>\n<\/figure>\n<\/div>\n\n\n\n<div class=\"wp-block-column is-layout-flow wp-block-column-is-layout-flow\" style=\"flex-basis:33.33%\">\n<div style=\"height:50px\" aria-hidden=\"true\" class=\"wp-block-spacer\"><\/div>\n\n\n\n<h2 class=\"wp-block-heading\">Noot van de Raad van Bestuur<\/h2>\n\n\n\n<p>Als u uw accommodatie elders regelt dan in het vakantiedorp Lou Riouclar, vergeet dan niet om u in te schrijven als \u00abEenvoudige deelnemer\u00bb:<\/p>\n\n\n\n<ol class=\"wp-block-list\">\n<li>Gezamenlijke evenementen (informatiesessies, welkomst- en afscheidsfeesten) op de juiste grootte kunnen indelen.<\/li>\n\n\n\n<li>Om u te voorzien van het vakantieboekje<\/li>\n\n\n\n<li>Voor een goede verdeling van de voorbereidings- en organisatiekosten.<\/li>\n<\/ol>\n<\/div>\n<\/div>\n\n\n\n<p>Voor kampeerders die op zoek zijn naar iets meer comfort, raden we deze twee adressen aan:<\/p>\n\n\n\n<ul class=\"wp-block-list\">\n<li>parkeerplaats achter het gemeentelijke stadion L\u00e9on Signoret in Barcelonnette<\/li>\n<\/ul>\n\n\n\n<h6 class=\"wp-block-heading\">overnachting: 6 euro per dag<\/h6>\n\n\n\n<h6 class=\"wp-block-heading\">elektriciteit: \u20ac2 per dag<\/h6>\n\n\n\n<h6 class=\"wp-block-heading\">betaling met bankkaart via een automatische terminal<\/h6>\n\n\n\n<ul class=\"wp-block-list\">\n<li>camping restaurant rivier Le Martinet 04340 M\u00e9olans-Revel 04 92 85 57 13 \/ 07 77 86 93 65 <a href=\"https:\/\/camping-river.eu\/fr\/bienvenue-2\/\" target=\"_blank\" rel=\"noreferrer noopener\">camping<\/a> &nbsp;<\/li>\n<\/ul>\n\n\n\n<h2 class=\"wp-block-heading\">Registraties<\/h2>\n\n\n\n<p>Om je in te schrijven download je het PDF inschrijfformulier via de onderstaande link. Houd er rekening mee dat het registratieformulier uit twee pagina's bestaat: het registratieformulier zelf (zorg ervoor dat je alle onderdelen invult die op jou van toepassing zijn en onderteken onderaan de pagina) en de speciale voorwaarden die je ook moet ondertekenen. Als je van plan bent om vergezeld te worden door je partner, zorg er dan voor dat je hem\/haar als geassocieerd lid registreert bij je territoriale of nationale afgevaardigde en vergeet niet om zijn\/haar geassocieerd lidmaatschapsnummer in te vullen in het daarvoor bestemde vakje. Wie op eigen houtje overnacht en zelf voor zijn maaltijden zorgt, neemt best het pakket \u00abSimple Participant\u00bb, dat overeenkomt met deelname aan alle voordelen en diensten waarvan je profiteert door deel te nemen aan de reis: kosten voor de voorbereiding van de reis en de rondleidingen, uitgave van de tentoongestelde kaarten en de trombinoscoop, welkomstdrankje en drankje aan het einde van de reis, brochure van de reis, organisatie van activiteiten voor begeleiders, Clubverzekering, enz. Je kunt kiezen uit de volgende pakketten:<\/p>\n\n\n\n<ul class=\"wp-block-list\">\n<li>\u00abVolpension\u00bb voor \u20ac478, waarbij je de extra kosten van \u20ac18,50 moet optellen.<\/li>\n\n\n\n<li>\u00abHet 7-dinerpakket kost \u20ac117 als je alleen blijft maar de diners met je vrienden wilt delen. Je moet de extra kosten van \u20ac18,50 toevoegen.<\/li>\n\n\n\n<li>\u00abHet 7-daagse cateringpakket kost \u20ac233 en is inclusief ontbijt, lunchpakketten en diners, plus extra kosten van \u20ac18,50.<\/li>\n\n\n\n<li>Optioneel abonnement op de Gritchen verzekering (2,34 % van het bedrag van de voordelen met een minimum van \u20ac8 per persoon of \u20ac16 voor een koppel)<\/li>\n\n\n\n<li>\u00abSingle participant package\u00bb voor \u20ac18,50 als je in je eigen accommodatie verblijft en voor je eigen lunches zorgt.<\/li>\n<\/ul>\n\n\n\n<p>Als, en alleen als, een deelnemer niet <strong>geen FFCT-licentie<\/strong>, Daarnaast moet je de verplichte verzekering afsluiten (\u20ac7). Je kunt de registratiekosten betalen <strong>per cheque of overschrijving<\/strong> op de rekening van de Club. Gezien de extra kosten die in rekening worden gebracht door de organisatie die het beheert, accepteren we geen betaling via PayPal. <strong>Leden toewijzen<\/strong> Betalingen worden gedaan in de volgorde waarin de cheque is verzonden of de overschrijving is gedaan. In het eerste geval geldt de poststempel als bewijs, in het tweede geval stuurt u ons een kopie van de overschrijvingsopdracht. Als het verblijf vol is, wordt er een wachtlijst opgesteld, die volgens dezelfde prioriteitsregels werkt als voor directe inschrijvingen.<\/p>\n\n\n\n<h3 class=\"wp-block-heading\">Trombinoscoop<\/h3>\n\n\n\n<p> Als je je foto nog niet hebt ingestuurd voor de <strong>map <\/strong>en opgenomen wilt worden, vink dan het juiste vakje aan en stuur ons een foto in JPG-formaat per e-mail. Van <strong>nadere informatie<\/strong> worden later op de website geplaatst, die je regelmatig kunt raadplegen. Elke keer zal de verantwoordelijke voor de reizen een korte e-mail sturen naar de mailinglijst. Als je deze e-mails wilt ontvangen, stuur ze dan naar <strong>abonneer u op de mailinglijst<\/strong>, als je dat nog niet hebt gedaan. <strong>Als u vragen hebt<\/strong> Aarzel niet om de verantwoordelijke persoon te bellen: +33 6 78 87 33 67. OPGELET: tijdens de vergadering van 26 september 2020 heeft de Raad van Bestuur besloten dat geassocieerde leden niet langer verplicht zijn om in te tekenen op de pakketten \u00ab\u00e9\u00e9n deelnemer\u00bb of \u00abbijkomende kosten\u00bb. <\/p>\n\n\n\n<h3 class=\"wp-block-heading\">Download de nieuwsbrief :<\/h3>\n\n\n\n<ul class=\"wp-block-list\">\n<li>Inschrijfformulier M\u00e9olans-Revel in het Frans<\/li>\n\n\n\n<li>Boekingsformulier M\u00e9olans-Revel in het Engels<\/li>\n\n\n\n<li>Modulo d'iscrizione M\u00e9olans-Revel in italiano<\/li>\n<\/ul>\n\n\n\n<p><strong>De uiterste inzenddatum is 10 augustus 2021.<\/strong><\/p>\n\n\n\n<p>Je kunt bladeren door <a href=\"https:\/\/centcols.org\/wp-content\/uploads\/2025\/08\/Livret-Ubaye-1.pdf\" target=\"_blank\" rel=\"noreferrer noopener\"><strong>hier<\/strong> het boekje<\/a> Deze wordt tijdens je verblijf uitgedeeld en bevat naast welkomstboodschappen ook informatie over de regio en hoe je er kunt komen, veiligheidstips en gedetailleerde beschrijvingen van de tours.<\/p>\n\n\n\n<h2 class=\"wp-block-heading\">Andere activiteiten of bezoeken<\/h2>\n\n\n\n<h3 class=\"wp-block-heading\">MEOLANS-REVEL<\/h3>\n\n\n\n<p><strong>Verschillende gehuchten, verspreid op hoogtes tot 1.500 meter, hebben hun karakter behouden en combineren op harmonieuze wijze agrarische, ambachtelijke en toeristische activiteiten. M\u00e9olans, zichtbaar vanaf de weg, nestelt zich achter een rots met daarop een trotse klokkentoren, in het hart van een bosrijke omgeving. Het dorp en het bos strekken zich uit tot aan de vallei van Laverq, een benedictijnse priorij die deel uitmaakt van de abdij van Boscodon en het bolwerk van de monniken die het land ontgonnen.<\/strong> Het dorp Rioclar is het grootste gehucht van de gemeente, met een plaatselijke school en een kerk met gebrandschilderde ramen die de omliggende kapellen door de seizoenen heen afbeelden. Het Maison Chauvet, nu de Auberge des Terres Blanches, heeft een zonnewijzer uit 1773 met de legende \u00abGeef me de zon en ik vertel je de tijd\u00bb. Het Maison du Bois is een vitrine voor de houtindustrie, met observatie-, informatie- en speelruimtes gewijd aan het bos en het hout van de Alpen. Het bezoek eindigt met een demonstratie houtdraaien, figuurzagen of bovenfrezen met de animator van het Maison. <a href=\"http:\/\/www.maisondubois.fr\">http:\/\/www.maisondubois.fr<\/a><\/p>\n\n\n\n<h3 class=\"wp-block-heading\">ERFGOED<\/h3>\n\n\n\n<p>De vallei van de Ubaye, een doorgangsweg voor mensen en culturen die zowel naar Itali\u00eb als naar Frankrijk kijkt, heeft een rijk erfgoed dat varieert van forten op grote hoogte (van Vauban tot Maginot) tot villa's en graftombes die gebouwd werden door voormalige emigranten die terugkeerden uit Mexico, en nodigt je uit om zijn bewoonde landschappen te ontdekken. Om het verhaal te vertellen van de avonturen van de boerenkramers en de dappere emigranten, en de geduldige ontwikkeling van het land, de vaardigheden en de kennis, heeft de vallei van de Ubaye vijf musea opgericht en organiseert thematische rondleidingen langs de forten, kerken en kapellen, dorpen en resorts, landschappen en natuurlijke schatten. De vallei van de Ubaye, een strategisch militair kruispunt tussen de Provence, de Dauphin\u00e9 en de Savoie, was lange tijd omstreden. In 1713 werd het door het Verdrag van Utrecht bij Frankrijk gevoegd en werd de Ubaye uitgebreid versterkt. In de 19e eeuw, onder de opeenvolgende leiders van generaal Haxo en daarna generaal S\u00e9r\u00e9 de Rivi\u00e8res, werden de belangrijkste forten gebouwd in de samenvloeiingsgebieden of op de toppen. Vanaf 1931 werd de Maginotlinie aan deze constructies toegevoegd. Dit unieke en onvergelijkbare architecturale erfgoed getuigt van de geschiedenis van Frankrijk in een landschap waar grenzen niet meer bestaan.<\/p>\n\n\n\n<figure class=\"wp-block-gallery has-nested-images columns-2 is-cropped wp-block-gallery-10 is-layout-flex wp-block-gallery-is-layout-flex\">\n<figure class=\"wp-block-image size-full\"><a href=\"https:\/\/centcols.org\/wp-content\/uploads\/2021\/06\/Fort-de-Tournoux-\u00a9-Claude-Gouron-3-1200x800-1.jpg\"><img loading=\"lazy\" decoding=\"async\" width=\"1200\" height=\"800\" data-id=\"85973\" src=\"https:\/\/centcols.org\/wp-content\/uploads\/2021\/06\/Fort-de-Tournoux-\u00a9-Claude-Gouron-3-1200x800-1.jpg\" alt=\"\" class=\"wp-image-85973\" srcset=\"https:\/\/centcols.org\/wp-content\/uploads\/2021\/06\/Fort-de-Tournoux-\u00a9-Claude-Gouron-3-1200x800-1.jpg 1200w, https:\/\/centcols.org\/wp-content\/uploads\/2021\/06\/Fort-de-Tournoux-\u00a9-Claude-Gouron-3-1200x800-1-768x512.jpg 768w\" sizes=\"auto, (max-width: 1200px) 100vw, 1200px\" \/><\/a><figcaption class=\"wp-element-caption\">Tournoux Fort \u00a9-Claude-Gouron<\/figcaption><\/figure>\n\n\n\n<figure class=\"wp-block-image size-full\"><a href=\"https:\/\/centcols.org\/wp-content\/uploads\/2021\/06\/Fort-de-Saint-Ours-\u00a9-CCVUSP-7-300x300-1.jpg\"><img loading=\"lazy\" decoding=\"async\" width=\"300\" height=\"300\" data-id=\"85974\" src=\"https:\/\/centcols.org\/wp-content\/uploads\/2021\/06\/Fort-de-Saint-Ours-\u00a9-CCVUSP-7-300x300-1.jpg\" alt=\"\" class=\"wp-image-85974\" srcset=\"https:\/\/centcols.org\/wp-content\/uploads\/2021\/06\/Fort-de-Saint-Ours-\u00a9-CCVUSP-7-300x300-1.jpg 300w, https:\/\/centcols.org\/wp-content\/uploads\/2021\/06\/Fort-de-Saint-Ours-\u00a9-CCVUSP-7-300x300-1-150x150.jpg 150w\" sizes=\"auto, (max-width: 300px) 100vw, 300px\" \/><\/a><figcaption class=\"wp-element-caption\">Fort de Saint-Ours \u00a9 CCVUSP <\/figcaption><\/figure>\n<\/figure>\n\n\n\n<h3 class=\"wp-block-heading\">MUSEUMS<\/h3>\n\n\n\n<p><strong>Een museum langs de vallei<\/strong> Het museum van Lauzet-Ubaye onthult de landschappen van de vallei en de rijkdom van de flora en fauna, maar ook de vaardigheden die de mens heeft ontwikkeld op het gebied van veeteelt, ambachten, architectuur, jacht, verzamelen, enz. Het museum is gevestigd in het hart van het dorp in een voormalige winkel en nodigt bezoekers uit om de vallei te ontdekken. <strong>Valley Museum :<\/strong> Kom en ontdek de collecties van het Mus\u00e9e de la Vall\u00e9e, die openstaan voor de wereld en andere culturen: volkskunst uit Mexico, China, Birma, enz.; de ori\u00ebntalistische schilderijen van Jean en Marie Caire; het rariteitenkabinet van de migrant-reiziger Emile Chabrand, en niet te vergeten het avontuur over de oceaan van de inwoners van Barcelonnette (bekend als \u00ables barcelonnettes\u00bb) in Mexico (1805-1950), zoals verteld door een afstammeling.<\/p>\n\n\n<div class=\"wp-block-image size-full wp-image-57712\">\n<figure class=\"aligncenter is-resized\"><a href=\"https:\/\/centcols.org\/wp-content\/uploads\/2021\/06\/Musee-de-la-Vallee-exterieur-\u00a9-Claude-Gouron-2-1200x900-1.jpg\"><img loading=\"lazy\" decoding=\"async\" width=\"1200\" height=\"900\" src=\"https:\/\/centcols.org\/wp-content\/uploads\/2021\/06\/Musee-de-la-Vallee-exterieur-\u00a9-Claude-Gouron-2-1200x900-1.jpg\" alt=\"\" class=\"wp-image-85975\" style=\"aspect-ratio:1;width:600px\" srcset=\"https:\/\/centcols.org\/wp-content\/uploads\/2021\/06\/Musee-de-la-Vallee-exterieur-\u00a9-Claude-Gouron-2-1200x900-1.jpg 1200w, https:\/\/centcols.org\/wp-content\/uploads\/2021\/06\/Musee-de-la-Vallee-exterieur-\u00a9-Claude-Gouron-2-1200x900-1-768x576.jpg 768w\" sizes=\"auto, (max-width: 1200px) 100vw, 1200px\" \/><\/a><figcaption class=\"wp-element-caption\">Mus\u00e9e de la Vall\u00e9e \u00a9 Claude Gouron<\/figcaption><\/figure>\n<\/div>\n\n\n<p>Voor archeologie liefhebbers, het museum herbergt bronzen uit de beroemde Ollivier collectie (Gleize donatie) Parc de la Sapini\u00e8re - Avenue de la Lib\u00e9ration - 04400 Barcelonnette <strong>Museoscoop van het meer :<\/strong> Het vertelt het verhaal van de bouw van de stuwdam van Serre-Pon\u00e7on (de grootste van Europa) en de dorpen die zijn gezonken. Kom via een visueel en auditief parcours deze plek ontdekken, die vrije tijd en cultuur combineert in dezelfde schilderachtige ruimte. <a href=\"http:\/\/www.museoscope-du-lac.com\">http:\/\/www.museoscope-du-lac.com<\/a><\/p>","protected":false},"excerpt":{"rendered":"<p>Ont contribu\u00e9 \u00e0 cette page de pr\u00e9sentation du s\u00e9jour Enrico Alberini, Christophe Badonnel, Bernard Giraudeau et les responsables informatiques. Le s\u00e9jour d\u2019\u00e9t\u00e9 2021 se d\u00e9roulera du 04 au 11 septembre dans le d\u00e9partement des Alpes de Haute Provence, plus pr\u00e9cis\u00e9ment \u00e0 M\u00e9olans-Revel. Il a \u00e9t\u00e9 pr\u00e9par\u00e9 par une petite \u00e9quipe locale : Paulette Autric, Robert [&hellip;]<\/p>\n","protected":false},"author":64,"featured_media":85941,"comment_status":"closed","ping_status":"open","sticky":false,"template":"","format":"standard","meta":{"_acf_changed":false,"footnotes":""},"categories":[349,381,353,355,135,231],"tags":[],"class_list":["post-82284","post","type-post","status-publish","format-standard","has-post-thumbnail","hentry","category-france-pays-sejours","category-04-alpes-de-haute-provence","category-alpes-francaises-du-sud-massif-sejours","category-provence-alpes-cote-dazur-region-sejours","category-calendrier","category-sejours"],"acf":[],"yoast_head":"<!-- This site is optimized with the Yoast SEO plugin v27.2 - https:\/\/yoast.com\/product\/yoast-seo-wordpress\/ -->\n<title>S\u00e9jour d&#039;\u00e9t\u00e9 \u00e0 M\u00e9olans-Revel, 04 au 11 septembre 2021 - Club des Cent Cols<\/title>\n<meta name=\"robots\" content=\"index, follow, max-snippet:-1, max-image-preview:large, max-video-preview:-1\" \/>\n<link rel=\"canonical\" href=\"https:\/\/centcols.org\/nl\/verblijf-2021-meolans-revel\/\" \/>\n<meta property=\"og:locale\" content=\"nl_BE\" \/>\n<meta property=\"og:type\" content=\"article\" \/>\n<meta property=\"og:title\" content=\"S\u00e9jour d&#039;\u00e9t\u00e9 \u00e0 M\u00e9olans-Revel, 04 au 11 septembre 2021 - Club des Cent Cols\" \/>\n<meta property=\"og:description\" content=\"Ont contribu\u00e9 \u00e0 cette page de pr\u00e9sentation du s\u00e9jour Enrico Alberini, Christophe Badonnel, Bernard Giraudeau et les responsables informatiques. Le s\u00e9jour d\u2019\u00e9t\u00e9 2021 se d\u00e9roulera du 04 au 11 septembre dans le d\u00e9partement des Alpes de Haute Provence, plus pr\u00e9cis\u00e9ment \u00e0 M\u00e9olans-Revel. Il a \u00e9t\u00e9 pr\u00e9par\u00e9 par une petite \u00e9quipe locale : Paulette Autric, Robert [&hellip;]\" \/>\n<meta property=\"og:url\" content=\"https:\/\/centcols.org\/nl\/verblijf-2021-meolans-revel\/\" \/>\n<meta property=\"og:site_name\" content=\"Club des Cent Cols\" \/>\n<meta property=\"article:publisher\" content=\"https:\/\/www.facebook.com\/groups\/5261880558\/?locale=fr_FR\" \/>\n<meta property=\"article:published_time\" content=\"2021-06-06T12:15:39+00:00\" \/>\n<meta property=\"article:modified_time\" content=\"2025-09-08T23:48:41+00:00\" \/>\n<meta property=\"og:image\" content=\"https:\/\/centcols.org\/wp-content\/uploads\/2021\/06\/barcelonette1-2.jpg\" \/>\n\t<meta property=\"og:image:width\" content=\"1200\" \/>\n\t<meta property=\"og:image:height\" content=\"900\" \/>\n\t<meta property=\"og:image:type\" content=\"image\/jpeg\" \/>\n<meta name=\"author\" content=\"Christophe Badonnel\" \/>\n<meta name=\"twitter:card\" content=\"summary_large_image\" \/>\n<meta name=\"twitter:label1\" content=\"Geschreven door\" \/>\n\t<meta name=\"twitter:data1\" content=\"Christophe Badonnel\" \/>\n\t<meta name=\"twitter:label2\" content=\"Geschatte leestijd\" \/>\n\t<meta name=\"twitter:data2\" content=\"24 minuten\" \/>\n<script type=\"application\/ld+json\" class=\"yoast-schema-graph\">{\"@context\":\"https:\/\/schema.org\",\"@graph\":[{\"@type\":\"Article\",\"@id\":\"https:\/\/centcols.org\/sejour-2021-meolans-revel\/#article\",\"isPartOf\":{\"@id\":\"https:\/\/centcols.org\/sejour-2021-meolans-revel\/\"},\"author\":{\"name\":\"Christophe Badonnel\",\"@id\":\"https:\/\/centcols.org\/#\/schema\/person\/5c1a9d61132fb33ccec149272abff6e1\"},\"headline\":\"S\u00e9jour d&rsquo;\u00e9t\u00e9 \u00e0 M\u00e9olans-Revel, 04 au 11 septembre 2021\",\"datePublished\":\"2021-06-06T12:15:39+00:00\",\"dateModified\":\"2025-09-08T23:48:41+00:00\",\"mainEntityOfPage\":{\"@id\":\"https:\/\/centcols.org\/sejour-2021-meolans-revel\/\"},\"wordCount\":3419,\"publisher\":{\"@id\":\"https:\/\/centcols.org\/#organization\"},\"image\":{\"@id\":\"https:\/\/centcols.org\/sejour-2021-meolans-revel\/#primaryimage\"},\"thumbnailUrl\":\"https:\/\/centcols.org\/wp-content\/uploads\/2021\/06\/barcelonette1-2.jpg\",\"articleSection\":[\"France\",\"04-Alpes-de-Haute-Provence\",\"Alpes fran\u00e7aises du sud\",\"Provence-Alpes-C\u00f4te d'Azur\",\"Calendrier\",\"S\u00e9jours du Club des Cent Cols\"],\"inLanguage\":\"nl-BE\"},{\"@type\":\"WebPage\",\"@id\":\"https:\/\/centcols.org\/sejour-2021-meolans-revel\/\",\"url\":\"https:\/\/centcols.org\/sejour-2021-meolans-revel\/\",\"name\":\"S\u00e9jour d'\u00e9t\u00e9 \u00e0 M\u00e9olans-Revel, 04 au 11 septembre 2021 - Club des Cent Cols\",\"isPartOf\":{\"@id\":\"https:\/\/centcols.org\/#website\"},\"primaryImageOfPage\":{\"@id\":\"https:\/\/centcols.org\/sejour-2021-meolans-revel\/#primaryimage\"},\"image\":{\"@id\":\"https:\/\/centcols.org\/sejour-2021-meolans-revel\/#primaryimage\"},\"thumbnailUrl\":\"https:\/\/centcols.org\/wp-content\/uploads\/2021\/06\/barcelonette1-2.jpg\",\"datePublished\":\"2021-06-06T12:15:39+00:00\",\"dateModified\":\"2025-09-08T23:48:41+00:00\",\"breadcrumb\":{\"@id\":\"https:\/\/centcols.org\/sejour-2021-meolans-revel\/#breadcrumb\"},\"inLanguage\":\"nl-BE\",\"potentialAction\":[{\"@type\":\"ReadAction\",\"target\":[\"https:\/\/centcols.org\/sejour-2021-meolans-revel\/\"]}]},{\"@type\":\"ImageObject\",\"inLanguage\":\"nl-BE\",\"@id\":\"https:\/\/centcols.org\/sejour-2021-meolans-revel\/#primaryimage\",\"url\":\"https:\/\/centcols.org\/wp-content\/uploads\/2021\/06\/barcelonette1-2.jpg\",\"contentUrl\":\"https:\/\/centcols.org\/wp-content\/uploads\/2021\/06\/barcelonette1-2.jpg\",\"width\":1200,\"height\":900},{\"@type\":\"BreadcrumbList\",\"@id\":\"https:\/\/centcols.org\/sejour-2021-meolans-revel\/#breadcrumb\",\"itemListElement\":[{\"@type\":\"ListItem\",\"position\":1,\"name\":\"Accueil\",\"item\":\"https:\/\/centcols.org\/\"},{\"@type\":\"ListItem\",\"position\":2,\"name\":\"S\u00e9jours du Club des Cent Cols\",\"item\":\"https:\/\/centcols.org\/rubrique\/sejours\/\"},{\"@type\":\"ListItem\",\"position\":3,\"name\":\"Pays\",\"item\":\"https:\/\/centcols.org\/rubrique\/sejours\/pays-sejours\/\"},{\"@type\":\"ListItem\",\"position\":4,\"name\":\"France\",\"item\":\"https:\/\/centcols.org\/rubrique\/sejours\/pays-sejours\/france-pays-sejours\/\"},{\"@type\":\"ListItem\",\"position\":5,\"name\":\"S\u00e9jour d&rsquo;\u00e9t\u00e9 \u00e0 M\u00e9olans-Revel, 04 au 11 septembre 2021\"}]},{\"@type\":\"WebSite\",\"@id\":\"https:\/\/centcols.org\/#website\",\"url\":\"https:\/\/centcols.org\/\",\"name\":\"Club des Cent Cols\",\"description\":\"\",\"publisher\":{\"@id\":\"https:\/\/centcols.org\/#organization\"},\"potentialAction\":[{\"@type\":\"SearchAction\",\"target\":{\"@type\":\"EntryPoint\",\"urlTemplate\":\"https:\/\/centcols.org\/?s={search_term_string}\"},\"query-input\":{\"@type\":\"PropertyValueSpecification\",\"valueRequired\":true,\"valueName\":\"search_term_string\"}}],\"inLanguage\":\"nl-BE\"},{\"@type\":\"Organization\",\"@id\":\"https:\/\/centcols.org\/#organization\",\"name\":\"Club des Cent Cols\",\"url\":\"https:\/\/centcols.org\/\",\"logo\":{\"@type\":\"ImageObject\",\"inLanguage\":\"nl-BE\",\"@id\":\"https:\/\/centcols.org\/#\/schema\/logo\/image\/\",\"url\":\"https:\/\/centcols.org\/wp-content\/uploads\/2025\/01\/carte-icone.png\",\"contentUrl\":\"https:\/\/centcols.org\/wp-content\/uploads\/2025\/01\/carte-icone.png\",\"width\":250,\"height\":250,\"caption\":\"Club des Cent Cols\"},\"image\":{\"@id\":\"https:\/\/centcols.org\/#\/schema\/logo\/image\/\"},\"sameAs\":[\"https:\/\/www.facebook.com\/groups\/5261880558\/?locale=fr_FR\"]},{\"@type\":\"Person\",\"@id\":\"https:\/\/centcols.org\/#\/schema\/person\/5c1a9d61132fb33ccec149272abff6e1\",\"name\":\"Christophe Badonnel\",\"image\":{\"@type\":\"ImageObject\",\"inLanguage\":\"nl-BE\",\"@id\":\"https:\/\/centcols.org\/wp-content\/litespeed\/avatar\/9f363966b51271bd99ebbb6ebd632889.jpg?ver=1777238111\",\"url\":\"https:\/\/centcols.org\/wp-content\/litespeed\/avatar\/9f363966b51271bd99ebbb6ebd632889.jpg?ver=1777238111\",\"contentUrl\":\"https:\/\/centcols.org\/wp-content\/litespeed\/avatar\/9f363966b51271bd99ebbb6ebd632889.jpg?ver=1777238111\",\"caption\":\"Christophe Badonnel\"},\"url\":\"https:\/\/centcols.org\/nl\/author\/5799\/\"}]}<\/script>\n<!-- \/ Yoast SEO plugin. -->","yoast_head_json":{"title":"Zomervakantie in M\u00e9olans-Revel, 04 tot 11 september 2021 - Club des Cent Cols","robots":{"index":"index","follow":"follow","max-snippet":"max-snippet:-1","max-image-preview":"max-image-preview:large","max-video-preview":"max-video-preview:-1"},"canonical":"https:\/\/centcols.org\/nl\/verblijf-2021-meolans-revel\/","og_locale":"nl_BE","og_type":"article","og_title":"S\u00e9jour d'\u00e9t\u00e9 \u00e0 M\u00e9olans-Revel, 04 au 11 septembre 2021 - Club des Cent Cols","og_description":"Ont contribu\u00e9 \u00e0 cette page de pr\u00e9sentation du s\u00e9jour Enrico Alberini, Christophe Badonnel, Bernard Giraudeau et les responsables informatiques. Le s\u00e9jour d\u2019\u00e9t\u00e9 2021 se d\u00e9roulera du 04 au 11 septembre dans le d\u00e9partement des Alpes de Haute Provence, plus pr\u00e9cis\u00e9ment \u00e0 M\u00e9olans-Revel. Il a \u00e9t\u00e9 pr\u00e9par\u00e9 par une petite \u00e9quipe locale : Paulette Autric, Robert [&hellip;]","og_url":"https:\/\/centcols.org\/nl\/verblijf-2021-meolans-revel\/","og_site_name":"Club des Cent Cols","article_publisher":"https:\/\/www.facebook.com\/groups\/5261880558\/?locale=fr_FR","article_published_time":"2021-06-06T12:15:39+00:00","article_modified_time":"2025-09-08T23:48:41+00:00","og_image":[{"width":1200,"height":900,"url":"https:\/\/centcols.org\/wp-content\/uploads\/2021\/06\/barcelonette1-2.jpg","type":"image\/jpeg"}],"author":"Christophe Badonnel","twitter_card":"summary_large_image","twitter_misc":{"Geschreven door":"Christophe Badonnel","Geschatte leestijd":"24 minuten"},"schema":{"@context":"https:\/\/schema.org","@graph":[{"@type":"Article","@id":"https:\/\/centcols.org\/sejour-2021-meolans-revel\/#article","isPartOf":{"@id":"https:\/\/centcols.org\/sejour-2021-meolans-revel\/"},"author":{"name":"Christophe Badonnel","@id":"https:\/\/centcols.org\/#\/schema\/person\/5c1a9d61132fb33ccec149272abff6e1"},"headline":"S\u00e9jour d&rsquo;\u00e9t\u00e9 \u00e0 M\u00e9olans-Revel, 04 au 11 septembre 2021","datePublished":"2021-06-06T12:15:39+00:00","dateModified":"2025-09-08T23:48:41+00:00","mainEntityOfPage":{"@id":"https:\/\/centcols.org\/sejour-2021-meolans-revel\/"},"wordCount":3419,"publisher":{"@id":"https:\/\/centcols.org\/#organization"},"image":{"@id":"https:\/\/centcols.org\/sejour-2021-meolans-revel\/#primaryimage"},"thumbnailUrl":"https:\/\/centcols.org\/wp-content\/uploads\/2021\/06\/barcelonette1-2.jpg","articleSection":["France","04-Alpes-de-Haute-Provence","Alpes fran\u00e7aises du sud","Provence-Alpes-C\u00f4te d'Azur","Calendrier","S\u00e9jours du Club des Cent Cols"],"inLanguage":"nl-BE"},{"@type":"WebPage","@id":"https:\/\/centcols.org\/sejour-2021-meolans-revel\/","url":"https:\/\/centcols.org\/sejour-2021-meolans-revel\/","name":"Zomervakantie in M\u00e9olans-Revel, 04 tot 11 september 2021 - Club des Cent Cols","isPartOf":{"@id":"https:\/\/centcols.org\/#website"},"primaryImageOfPage":{"@id":"https:\/\/centcols.org\/sejour-2021-meolans-revel\/#primaryimage"},"image":{"@id":"https:\/\/centcols.org\/sejour-2021-meolans-revel\/#primaryimage"},"thumbnailUrl":"https:\/\/centcols.org\/wp-content\/uploads\/2021\/06\/barcelonette1-2.jpg","datePublished":"2021-06-06T12:15:39+00:00","dateModified":"2025-09-08T23:48:41+00:00","breadcrumb":{"@id":"https:\/\/centcols.org\/sejour-2021-meolans-revel\/#breadcrumb"},"inLanguage":"nl-BE","potentialAction":[{"@type":"ReadAction","target":["https:\/\/centcols.org\/sejour-2021-meolans-revel\/"]}]},{"@type":"ImageObject","inLanguage":"nl-BE","@id":"https:\/\/centcols.org\/sejour-2021-meolans-revel\/#primaryimage","url":"https:\/\/centcols.org\/wp-content\/uploads\/2021\/06\/barcelonette1-2.jpg","contentUrl":"https:\/\/centcols.org\/wp-content\/uploads\/2021\/06\/barcelonette1-2.jpg","width":1200,"height":900},{"@type":"BreadcrumbList","@id":"https:\/\/centcols.org\/sejour-2021-meolans-revel\/#breadcrumb","itemListElement":[{"@type":"ListItem","position":1,"name":"Accueil","item":"https:\/\/centcols.org\/"},{"@type":"ListItem","position":2,"name":"S\u00e9jours du Club des Cent Cols","item":"https:\/\/centcols.org\/rubrique\/sejours\/"},{"@type":"ListItem","position":3,"name":"Pays","item":"https:\/\/centcols.org\/rubrique\/sejours\/pays-sejours\/"},{"@type":"ListItem","position":4,"name":"France","item":"https:\/\/centcols.org\/rubrique\/sejours\/pays-sejours\/france-pays-sejours\/"},{"@type":"ListItem","position":5,"name":"S\u00e9jour d&rsquo;\u00e9t\u00e9 \u00e0 M\u00e9olans-Revel, 04 au 11 septembre 2021"}]},{"@type":"WebSite","@id":"https:\/\/centcols.org\/#website","url":"https:\/\/centcols.org\/","name":"Club van Cent Cols","description":"","publisher":{"@id":"https:\/\/centcols.org\/#organization"},"potentialAction":[{"@type":"SearchAction","target":{"@type":"EntryPoint","urlTemplate":"https:\/\/centcols.org\/?s={search_term_string}"},"query-input":{"@type":"PropertyValueSpecification","valueRequired":true,"valueName":"search_term_string"}}],"inLanguage":"nl-BE"},{"@type":"Organization","@id":"https:\/\/centcols.org\/#organization","name":"Club van Cent Cols","url":"https:\/\/centcols.org\/","logo":{"@type":"ImageObject","inLanguage":"nl-BE","@id":"https:\/\/centcols.org\/#\/schema\/logo\/image\/","url":"https:\/\/centcols.org\/wp-content\/uploads\/2025\/01\/carte-icone.png","contentUrl":"https:\/\/centcols.org\/wp-content\/uploads\/2025\/01\/carte-icone.png","width":250,"height":250,"caption":"Club des Cent Cols"},"image":{"@id":"https:\/\/centcols.org\/#\/schema\/logo\/image\/"},"sameAs":["https:\/\/www.facebook.com\/groups\/5261880558\/?locale=fr_FR"]},{"@type":"Person","@id":"https:\/\/centcols.org\/#\/schema\/person\/5c1a9d61132fb33ccec149272abff6e1","name":"Christophe Badonnel","image":{"@type":"ImageObject","inLanguage":"nl-BE","@id":"https:\/\/centcols.org\/wp-content\/litespeed\/avatar\/9f363966b51271bd99ebbb6ebd632889.jpg?ver=1777238111","url":"https:\/\/centcols.org\/wp-content\/litespeed\/avatar\/9f363966b51271bd99ebbb6ebd632889.jpg?ver=1777238111","contentUrl":"https:\/\/centcols.org\/wp-content\/litespeed\/avatar\/9f363966b51271bd99ebbb6ebd632889.jpg?ver=1777238111","caption":"Christophe Badonnel"},"url":"https:\/\/centcols.org\/nl\/author\/5799\/"}]}},"_links":{"self":[{"href":"https:\/\/centcols.org\/nl\/wp-json\/wp\/v2\/posts\/82284","targetHints":{"allow":["GET"]}}],"collection":[{"href":"https:\/\/centcols.org\/nl\/wp-json\/wp\/v2\/posts"}],"about":[{"href":"https:\/\/centcols.org\/nl\/wp-json\/wp\/v2\/types\/post"}],"author":[{"embeddable":true,"href":"https:\/\/centcols.org\/nl\/wp-json\/wp\/v2\/users\/64"}],"replies":[{"embeddable":true,"href":"https:\/\/centcols.org\/nl\/wp-json\/wp\/v2\/comments?post=82284"}],"version-history":[{"count":0,"href":"https:\/\/centcols.org\/nl\/wp-json\/wp\/v2\/posts\/82284\/revisions"}],"wp:featuredmedia":[{"embeddable":true,"href":"https:\/\/centcols.org\/nl\/wp-json\/wp\/v2\/media\/85941"}],"wp:attachment":[{"href":"https:\/\/centcols.org\/nl\/wp-json\/wp\/v2\/media?parent=82284"}],"wp:term":[{"taxonomy":"category","embeddable":true,"href":"https:\/\/centcols.org\/nl\/wp-json\/wp\/v2\/categories?post=82284"},{"taxonomy":"post_tag","embeddable":true,"href":"https:\/\/centcols.org\/nl\/wp-json\/wp\/v2\/tags?post=82284"}],"curies":[{"name":"wp","href":"https:\/\/api.w.org\/{rel}","templated":true}]}}