{"id":82300,"date":"2021-07-10T06:10:55","date_gmt":"2021-07-10T04:10:55","guid":{"rendered":"https:\/\/centcols.org\/sejour-dautomne-et-assemblee-generale-a-sainte-maxime-var-10-au-14-novembre-2021\/"},"modified":"2026-01-09T23:49:21","modified_gmt":"2026-01-09T21:49:21","slug":"ag-2021-ste-maxime","status":"publish","type":"post","link":"https:\/\/centcols.org\/nl\/ag-2021-ste-maxime\/","title":{"rendered":"Herfstvakantie en algemene vergadering in Sainte-Maxime (Var), 10 tot 14 november 2021"},"content":{"rendered":"<p><span style=\"color: #808080;\">De IT-managers Bernard Giraudeau, Enrico Alberini en Christophe Badonnel hebben bijgedragen aan deze pagina over de reis.<\/span><\/p>\n\n\n\n<p><span style=\"color: #000000;\">Hieronder vind je de rubrieken:<\/span><\/p>\n\n\n\n<ul class=\"wp-block-list\">\n<li><span style=\"color: #000000;\">Inleiding tot de regio<\/span><\/li>\n\n\n\n<li>Circuits, <a href=\"\/nl\/membres\/cctours\/tours.php\/?lieu=Ste-Maxime&amp;an=2021&amp;genre=R\" target=\"_blank\" rel=\"noopener\" data-wplink-url-error=\"true\">weg<\/a> en <a href=\"\/nl\/membres\/cctours\/tours.php\/?lieu=Ste-Maxime&amp;an=2021&amp;genre=V\" target=\"_blank\" rel=\"noopener\">MOUNTAINBIKE<\/a><\/li>\n\n\n\n<li><span style=\"color: #000000;\">Hosting<\/span><\/li>\n\n\n\n<li><span style=\"color: #000000;\">Noot van de Raad van Bestuur<\/span><\/li>\n\n\n\n<li><span style=\"color: #000000;\">Registraties<\/span><\/li>\n\n\n\n<li><span style=\"color: #000000;\">Andere activiteiten of bezoeken&nbsp; &nbsp;<\/span><\/li>\n<\/ul>\n\n\n\n<h2 class=\"wp-block-heading\">Inleiding tot de regio :<\/h2>\n\n\n\n<p>Er is een kleine golf in het zuiden van Frankrijk, in de vorm van een wig die het Massif des Maures ingaat, genaamd de Golfe de Saint-Tropez. Het stadje Sainte-Maxime ligt aan de noordelijke oever van deze golf. Deze namen, die doen denken aan stranden en zonneschijn, zijn mythische plaatsen die wereldwijd bekend staan om hun elitaire client\u00e8le.  Het is dan ook in Sainte-Maxime dat we ervoor gekozen hebben om de Club des Cent Cols 2021 herfstvakantie te organiseren en onze algemene vergadering te houden.<\/p>\n\n\n<div class=\"wp-block-image\">\n<figure class=\"alignright size-full\"><img loading=\"lazy\" decoding=\"async\" width=\"890\" height=\"567\" src=\"https:\/\/centcols.org\/wp-content\/uploads\/2025\/05\/extrait-de-carte.jpg\" alt=\"\" class=\"wp-image-82301\" srcset=\"https:\/\/centcols.org\/wp-content\/uploads\/2025\/05\/extrait-de-carte.jpg 890w, https:\/\/centcols.org\/wp-content\/uploads\/2025\/05\/extrait-de-carte-768x489.jpg 768w\" sizes=\"auto, (max-width: 890px) 100vw, 890px\" \/><\/figure>\n<\/div>\n\n\n<p>We verblijven in de VVF \u00abClub Intense Golf de Saint-Tropez\u00bb aan de rand van Plage de la Nartelle en vlakbij Pointe des Sardinaux.<\/p>\n\n\n\n<p>Sainte Maxime is een gemeente in het departement Var (83) in de regio Provence-Alpes-C\u00f4tes d'Azur, op het zuidelijkste puntje van de Alpen. De Var wordt begrensd door de Middellandse Zee en heeft een warm, zonnig klimaat. Het is dan ook een belangrijke bestemming op de Franse toeristische kaart. De gemeente heeft een permanente bevolking van 14.000 inwoners, en daar komen er tijdens de zomermaanden nog enkele duizenden bij. De gemeente kreeg het label \u00abtoeristische badplaats\u00bb als erkenning voor haar kwaliteitsvol toerismebeleid en het label \u00abFamille Plus\u00bb voor haar gezinsvriendelijke diensten. Sainte-Maxime is een typische mediterrane kustplaats.<\/p>\n\n\n\n<p>De stad is een van de productiegebieden voor\u2019<a href=\"https:\/\/fr.wikipedia.org\/wiki\/Huile_d%27olive_de_Provence_AOC\" target=\"_blank\" rel=\"noreferrer noopener\">AOC olijfolie uit de Provence<\/a>&nbsp;en wijnproductie &nbsp;<a href=\"https:\/\/fr.wikipedia.org\/wiki\/C%C3%B4tes-de-provence\" target=\"_blank\" rel=\"noreferrer noopener\">C\u00f4tes-de-Provence<\/a>, twee producten die profiteren van een&nbsp;<a href=\"https:\/\/fr.wikipedia.org\/wiki\/AOC\" target=\"_blank\" rel=\"noreferrer noopener\">AOC<\/a>.  De gemeente is ook een van de productiegebieden voor&nbsp;<a href=\"https:\/\/fr.wikipedia.org\/wiki\/Maures_(IGP)\" target=\"_blank\" rel=\"noreferrer noopener\">wijngaarden van Maures<\/a>, en&nbsp;<a href=\"https:\/\/fr.wikipedia.org\/wiki\/M%C3%A9diterran%C3%A9e_(IGP)\" target=\"_blank\" rel=\"noreferrer noopener\">Mediterrane landwijnen<\/a>, en&nbsp;<a href=\"https:\/\/fr.wikipedia.org\/wiki\/Miel_de_Provence\" target=\"_blank\" rel=\"noreferrer noopener\">Proven\u00e7aalse honing<\/a>, drie producten die profiteren van een&nbsp;<a href=\"https:\/\/fr.wikipedia.org\/wiki\/Indication_g%C3%A9ographique_prot%C3%A9g%C3%A9e\" target=\"_blank\" rel=\"noreferrer noopener\">BGA<\/a><sup><a href=\"https:\/\/fr.wikipedia.org\/wiki\/Sainte-Maxime#cite_note-30\">.<\/a><\/sup> Het heeft ook een aantal andere culturele en toeristische attracties, zoals de Tour Carr\u00e9e, waar een museum over lokale tradities en folklore is gevestigd.  Parken, tuinen, stranden en wandelingen zijn slechts enkele van de vele attracties.<\/p>\n\n\n\n<p>De gebouwen van Sainte-Maxime liggen verspreid langs de golf, maar ook in de valleien die uitstralen vanaf het Maures-massief, dat over de badplaats uitkijkt en haar beschermt tegen de mistral, een koude, krachtige wind die vanuit het noorden naar beneden waait.  Het hoogste punt van de gemeente ligt in Le Peigros op 526 m, net boven de Col de Gratteloup (FR-83-0225) op de D44 en de Col de Peigros (FR-83-0350a), R1. De omtrek van ons voorgestelde speelgebied, het Massif des Maures, is ongeveer 60 km lang en 30 km breed. Het wordt perfect begrensd door de Middellandse Zeekust en de vlaktes van de rivieren Argens, Maures en Gapeau. Er lopen drie bergruggen van ZW naar O, die van noord naar zuid in hoogte afnemen. Het hoogste punt ligt op 776 m. Tussen deze bergkammen liggen tientallen weg- of muilezelpassen die onze eetlust zullen opwekken.<\/p>\n\n\n\n<p>Er zijn drie websites op internet die je kunnen helpen meer te weten te komen over Sainte-Maxime en de omgeving:<br>Het VVV-kantoor : <a href=\"https:\/\/www.sainte-maxime.com\/\" target=\"_blank\" rel=\"noreferrer noopener\">website<\/a><br>De website van de gemeente :<a href=\"http:\/\/www.ville-sainte-maxime.fr\/\" target=\"_blank\" rel=\"noreferrer noopener\"> website<\/a><br>Wikipedia : <a href=\"https:\/\/fr.wikipedia.org\/wiki\/Sainte-Maxime\" target=\"_blank\" rel=\"noreferrer noopener\">website<\/a><\/p>\n\n\n\n<h2 class=\"wp-block-heading\"><a href=\"\/nl\/membres\/cctours\/tours.php\/?lieu=Ste-Maxime&amp;an=2021\">DE WEGEN<\/a><\/h2>\n\n\n\n<p>De routes zijn voorbereid door S\u00e9bastien Golzio.<\/p>\n\n\n\n<p>Op donderdag en vrijdag nemen de deelnemers hun eigen picknick mee en op zaterdag- en zondagochtend worden een wegcircuit en een mountainbikecircuit aangeboden, met lunch in het vakantiedorp. Ze zijn allemaal toegankelijk voor al onze leden qua lengte, hellingsgraad en moeilijkheidsgraad.<br>Een korte beschrijving van de routes en de gpx-tracks zijn hier beschikbaar:<\/p>\n\n\n\n<h4 class=\"wp-block-heading\"><a href=\"\/nl\/membres\/cctours\/tours.php\/?lieu=Ste-Maxime&amp;an=2021&amp;genre=R\">Wegen<\/a><\/h4>\n\n\n\n<h4 class=\"wp-block-heading\"><a href=\"\/nl\/membres\/cctours\/tours.php\/?lieu=Ste-Maxime&amp;an=2021&amp;genre=V\">Mountainbikeroutes<\/a><\/h4>\n\n\n\n<h2 class=\"wp-block-heading\">Hosting<\/h2>\n\n\n\n<h4 class=\"wp-block-heading\">Andere accommodatiemogelijkheden<\/h4>\n\n\n\n<ol class=\"wp-block-list\">\n<li>Gezamenlijke evenementen (informatiesessies, welkomst- en afscheidsfeesten) op de juiste grootte kunnen indelen.<\/li>\n\n\n\n<li>Op de routes in verschillende groepen kunnen opsplitsen om de veiligheid voor iedereen te verbeteren.<\/li>\n\n\n\n<li>Om organisatoren te helpen met onvoorziene gebeurtenissen.<\/li>\n<\/ol>\n\n\n\n<div class=\"wp-block-columns is-layout-flex wp-container-core-columns-is-layout-9d6595d7 wp-block-columns-is-layout-flex\">\n<div class=\"wp-block-column is-layout-flow wp-block-column-is-layout-flow\" style=\"flex-basis:66.66%\">\n<p><strong><br>VVF \u00ab Club intense Golf de Saint-Tropez - Sainte-Maxime \u00bb 64 chemin de la Vierge Noire - 83120 Sainte-Maxime<\/strong><\/p>\n\n\n\n<p>Tel: +33 (0)4 94 55 04 00. <a href=\"https:\/\/www.vvf-villages.fr\/villages-vacances\/vacances-sainte-maxime-vvf-villages.html\" target=\"_blank\" rel=\"noreferrer noopener\">website<\/a><\/p>\n\n\n\n<p>Het ligt in het hart van een bekende badplaats aan de C\u00f4te d'Azur, op een steenworp afstand van Saint-Tropez.<\/p>\n\n\n\n<p>Met uitzicht op zee en gelegen in 2,5 hectare park, zijn de 95 kamers met airconditioning verdeeld over paviljoens en een villa met twee verdiepingen.<\/p>\n\n\n\n<figure class=\"wp-block-gallery has-nested-images columns-3 is-cropped wp-block-gallery-1 is-layout-flex wp-block-gallery-is-layout-flex\">\n<figure class=\"wp-block-image size-full\"><a href=\"https:\/\/centcols.org\/wp-content\/uploads\/2021\/07\/Ste-Maxime-resto-2.jpg\"><img loading=\"lazy\" decoding=\"async\" width=\"600\" height=\"395\" data-id=\"88536\" src=\"https:\/\/centcols.org\/wp-content\/uploads\/2021\/07\/Ste-Maxime-resto-2.jpg\" alt=\"\" class=\"wp-image-88536\"\/><\/a><figcaption class=\"wp-element-caption\">restaurant \u00a9 VVF<\/figcaption><\/figure>\n\n\n\n<figure class=\"wp-block-image size-full\"><a href=\"https:\/\/centcols.org\/wp-content\/uploads\/2021\/07\/Sainte-Maxime-20-1.jpg\"><img loading=\"lazy\" decoding=\"async\" width=\"1820\" height=\"1024\" data-id=\"88537\" src=\"https:\/\/centcols.org\/wp-content\/uploads\/2021\/07\/Sainte-Maxime-20-1.jpg\" alt=\"\" class=\"wp-image-88537\" srcset=\"https:\/\/centcols.org\/wp-content\/uploads\/2021\/07\/Sainte-Maxime-20-1.jpg 1820w, https:\/\/centcols.org\/wp-content\/uploads\/2021\/07\/Sainte-Maxime-20-1-1200x675.jpg 1200w, https:\/\/centcols.org\/wp-content\/uploads\/2021\/07\/Sainte-Maxime-20-1-768x432.jpg 768w, https:\/\/centcols.org\/wp-content\/uploads\/2021\/07\/Sainte-Maxime-20-1-1536x864.jpg 1536w\" sizes=\"auto, (max-width: 1820px) 100vw, 1820px\" \/><\/a><figcaption class=\"wp-element-caption\"> algemeen beeld \u00a9 VVF<\/figcaption><\/figure>\n\n\n\n<figure class=\"wp-block-image size-full\"><a href=\"https:\/\/centcols.org\/wp-content\/uploads\/2021\/07\/Sainte-Maxime-2-1200x675-1.jpg\"><img loading=\"lazy\" decoding=\"async\" width=\"1200\" height=\"675\" data-id=\"88538\" src=\"https:\/\/centcols.org\/wp-content\/uploads\/2021\/07\/Sainte-Maxime-2-1200x675-1.jpg\" alt=\"\" class=\"wp-image-88538\" srcset=\"https:\/\/centcols.org\/wp-content\/uploads\/2021\/07\/Sainte-Maxime-2-1200x675-1.jpg 1200w, https:\/\/centcols.org\/wp-content\/uploads\/2021\/07\/Sainte-Maxime-2-1200x675-1-768x432.jpg 768w\" sizes=\"auto, (max-width: 1200px) 100vw, 1200px\" \/><\/a><figcaption class=\"wp-element-caption\">kamer \u00a9 VVF<\/figcaption><\/figure>\n<\/figure>\n<\/div>\n\n\n\n<div class=\"wp-block-column is-layout-flow wp-block-column-is-layout-flow\" style=\"flex-basis:33.33%\">\n<div style=\"height:45px\" aria-hidden=\"true\" class=\"wp-block-spacer\"><\/div>\n\n\n\n<h2 class=\"wp-block-heading\">Noot van de Raad van Bestuur<\/h2>\n\n\n\n<p>Als je je accommodatie elders regelt dan in het vakantiedorp, laat ons dan weten dat je deelneemt aan de vakantie, om 3 redenen:<\/p>\n\n\n\n<ul class=\"wp-block-list\">\n<li>Gezamenlijke evenementen (informatiesessies, welkomst- en afscheidsfeesten) op de juiste grootte kunnen indelen.<\/li>\n\n\n\n<li>Om u te voorzien van het vakantieboekje<\/li>\n\n\n\n<li>Voor een goede verdeling van de voorbereidings- en organisatiekosten.<\/li>\n<\/ul>\n<\/div>\n<\/div>\n\n\n\n<h2 class=\"wp-block-heading\">Registraties<\/h2>\n\n\n\n<p>Om je in te schrijven download je het PDF inschrijfformulier van de onderstaande link en volg je de instructies daarin.<br>Houd er rekening mee dat het registratieformulier op de website van de Club het volgende bevat <strong>twee pagina's<\/strong> Je moet ook de algemene voorwaarden van de Gritchen-verzekeringspolis ondertekenen. Als je van plan bent je te laten vergezellen door je partner, zorg er dan voor dat je hem of haar van tevoren als geassocieerd lid registreert bij je Territoriaal Gedelegeerde en vergeet niet zijn of haar geassocieerd lidmaatschapsnummer in te vullen in het daarvoor bestemde vakje. Als, en alleen als, een deelnemer geen FFCT-licentie heeft, moet hij of zij ook de verplichte verzekering tegen \u20ac1 per dag afsluiten.<\/p>\n\n\n\n<p><strong>Afhankelijk van wanneer je aankomt en wanneer je vertrekt, is het pakket anders:<\/strong><\/p>\n\n\n\n<ul class=\"wp-block-list\">\n<li>Als je op woensdag aankomt voor het diner en op zondag na de lunch vertrekt, neem je het pakket voor 242 euro.<\/li>\n\n\n\n<li>Als je op vrijdag aankomt voor het diner en op zondag na de lunch vertrekt, betaal je 138 euro.<\/li>\n\n\n\n<li>Als je op zaterdag aankomt voor het diner en op zondag na de lunch vertrekt, neem je het pakket van \u20ac85.<\/li>\n\n\n\n<li>Als je op zaterdag aankomt voor het diner en op zondag na het ontbijt vertrekt, neem je het halfpensionpakket voor 79 euro.<\/li>\n\n\n\n<li>Als je zonder accommodatie komt (een overnachting of accommodatie op eigen gelegenheid), kun je je inschrijven voor maaltijden: lunch voor 14 euro en diner voor 15,50 euro. De verbeterde zaterdagavondmaaltijd kost 18 euro.<\/li>\n\n\n\n<li>Enzovoort.<\/li>\n<\/ul>\n\n\n\n<p>Neem voor alle verzoeken om vervroegde aankomst direct contact op met het boekingskantoor: Tel: +33 (0)4 73 43 00 43. Het is niet mogelijk om je verblijf na 14 november te verlengen, aangezien het centrum na ons vertrek sluit wegens de jaarlijkse vakantie.<\/p>\n\n\n\n<p>Je kunt de registratiekosten betalen <strong>per cheque of overschrijving<\/strong> op de rekening van de Club. Gezien de extra kosten die in rekening worden gebracht door de organisatie die het beheert, accepteren we geen betaling via PayPal. <strong>Leden toewijzen<\/strong> Betalingen worden gedaan in de volgorde waarin de cheque is verzonden of de overschrijving is gedaan. In het eerste geval geldt de poststempel als bewijs, in het tweede geval stuurt u ons een kopie van de overschrijvingsopdracht. Als het verblijf vol is, wordt er een wachtlijst opgesteld, die volgens dezelfde prioriteitsregels werkt als voor directe inschrijvingen. <strong>Trombinoscoop :<\/strong> Als je je foto nog niet hebt ingestuurd voor de <strong>map <\/strong>en opgenomen wilt worden, vink dan het juiste vakje aan en e-mail ons een foto in JPG-formaat.<\/p>\n\n\n\n<p>Van <strong>nadere informatie<\/strong> worden later op de website geplaatst, die je regelmatig kunt raadplegen. Elke keer zal de verantwoordelijke voor de reizen een korte e-mail sturen naar de mailinglijst. Als je deze e-mails wilt ontvangen, stuur ze dan naar <strong>abonneer u op de mailinglijst<\/strong>, als je dat nog niet hebt gedaan.<\/p>\n\n\n\n<p><strong>Als u vragen hebt<\/strong> aarzel dan niet om de verantwoordelijke van het verblijf te bellen: +33 6 78 87 33 67.<\/p>\n\n\n\n<h3 class=\"wp-block-heading\">Download de nieuwsbrief :<\/h3>\n\n\n\n<ul class=\"wp-block-list\">\n<li><strong>Inschrijfformulier Sainte-Maxime in het Frans<\/strong><\/li>\n\n\n\n<li><strong>Boekingsformulier Sainte-Maxime in het Engels<\/strong><\/li>\n\n\n\n<li><strong>Modulo d'iscrizione Sainte-Maxime in italiano<\/strong><\/li>\n<\/ul>\n\n\n\n<p><strong>De deadline voor het ontvangen van inzendingen is 01 oktober 2021.<\/strong><\/p>\n\n\n\n<h2 class=\"wp-block-heading\">Jaarlijkse Algemene Vergadering van de Club des Cent Cols<\/h2>\n\n\n\n<p>Het wordt zaterdagmiddag ter plaatse gehouden. Ga voor meer informatie naar&nbsp;<a href=\"https:\/\/centcols.org\/nl\/ag-2021\/\" target=\"_blank\" rel=\"noreferrer noopener\"><strong>Jaarlijkse Algemene Vergadering<\/strong>.<\/a><\/p>\n\n\n\n<p>De uitnodiging voor de vergadering en de statutaire documenten worden zoals gebruikelijk in oktober verstuurd via een Info Cent Cols en zullen ook beschikbaar zijn op de website.<\/p>\n\n\n\n<p>Aan het einde van het werk houden we een receptie om ons op een minder formele manier samen te brengen.<\/p>\n\n\n\n<h2 class=\"wp-block-heading\">Andere activiteiten of bezoeken<\/h2>\n\n\n\n<p>Voor degenen die met je meereizen, kunnen we je een paar bezoeken in de buurt van Sainte-Maxime aanraden<\/p>\n\n\n\n<ul class=\"wp-block-list\">\n<li>De stranden<\/li>\n\n\n\n<li>De Pointe des Sardinaux is een wild, natuurlijk schiereiland dat deel uitmaakt van het kustpad en twee interessante kenmerken heeft: een bunker uit de Tweede Wereldoorlog en een visvijver uit de Romeinse tijd.<\/li>\n\n\n\n<li>De grote markt in Sainte-Maxime elke vrijdagochtend<\/li>\n\n\n\n<li>De botanische tuin Myrtles<\/li>\n<\/ul>","protected":false},"excerpt":{"rendered":"<p>Ont contribu\u00e9 \u00e0 cette page de pr\u00e9sentation du s\u00e9jour les responsables informatiques, Bernard Giraudeau, Enrico Alberini et Christophe Badonnel Vous trouverez ci-dessous les rubriques : Pr\u00e9sentation de la r\u00e9gion : Il est un petit golfe situ\u00e9 au sud de la France, en forme de coin entrant dans le Massif des Maures &nbsp;nomm\u00e9 Golfe de Saint-Tropez. [&hellip;]<\/p>\n","protected":false},"author":64,"featured_media":83257,"comment_status":"closed","ping_status":"closed","sticky":false,"template":"","format":"standard","meta":{"_acf_changed":false,"footnotes":""},"categories":[349,407,355,135,380,231],"tags":[],"class_list":["post-82300","post","type-post","status-publish","format-standard","has-post-thumbnail","hentry","category-france-pays-sejours","category-massif-des-maures","category-provence-alpes-cote-dazur-region-sejours","category-calendrier","category-83-var-departement-sejours","category-sejours"],"acf":[],"yoast_head":"<!-- This site is optimized with the Yoast SEO plugin v27.2 - https:\/\/yoast.com\/product\/yoast-seo-wordpress\/ -->\n<title>S\u00e9jour d&#039;automne et assembl\u00e9e g\u00e9n\u00e9rale \u00e0 Sainte-Maxime (Var), 10 au 14 novembre 2021 - Club des Cent Cols<\/title>\n<meta name=\"robots\" content=\"index, follow, max-snippet:-1, max-image-preview:large, max-video-preview:-1\" \/>\n<link rel=\"canonical\" href=\"https:\/\/centcols.org\/nl\/ag-2021-ste-maxime\/\" \/>\n<meta property=\"og:locale\" content=\"nl_BE\" \/>\n<meta property=\"og:type\" content=\"article\" \/>\n<meta property=\"og:title\" content=\"S\u00e9jour d&#039;automne et assembl\u00e9e g\u00e9n\u00e9rale \u00e0 Sainte-Maxime (Var), 10 au 14 novembre 2021 - Club des Cent Cols\" \/>\n<meta property=\"og:description\" content=\"Ont contribu\u00e9 \u00e0 cette page de pr\u00e9sentation du s\u00e9jour les responsables informatiques, Bernard Giraudeau, Enrico Alberini et Christophe Badonnel Vous trouverez ci-dessous les rubriques : Pr\u00e9sentation de la r\u00e9gion : Il est un petit golfe situ\u00e9 au sud de la France, en forme de coin entrant dans le Massif des Maures &nbsp;nomm\u00e9 Golfe de Saint-Tropez. [&hellip;]\" \/>\n<meta property=\"og:url\" content=\"https:\/\/centcols.org\/nl\/ag-2021-ste-maxime\/\" \/>\n<meta property=\"og:site_name\" content=\"Club des Cent Cols\" \/>\n<meta property=\"article:publisher\" content=\"https:\/\/www.facebook.com\/groups\/5261880558\/?locale=fr_FR\" \/>\n<meta property=\"article:published_time\" content=\"2021-07-10T04:10:55+00:00\" \/>\n<meta property=\"article:modified_time\" content=\"2026-01-09T21:49:21+00:00\" \/>\n<meta property=\"og:image\" content=\"https:\/\/centcols.org\/wp-content\/uploads\/2021\/07\/Sainte-Maxime-20-1-scaled1.jpg\" \/>\n\t<meta property=\"og:image:width\" content=\"1820\" \/>\n\t<meta property=\"og:image:height\" content=\"1024\" \/>\n\t<meta property=\"og:image:type\" content=\"image\/jpeg\" \/>\n<meta name=\"author\" content=\"Christophe Badonnel\" \/>\n<meta name=\"twitter:card\" content=\"summary_large_image\" \/>\n<meta name=\"twitter:label1\" content=\"Geschreven door\" \/>\n\t<meta name=\"twitter:data1\" content=\"Christophe Badonnel\" \/>\n\t<meta name=\"twitter:label2\" content=\"Geschatte leestijd\" \/>\n\t<meta name=\"twitter:data2\" content=\"9 minuten\" \/>\n<script type=\"application\/ld+json\" class=\"yoast-schema-graph\">{\"@context\":\"https:\/\/schema.org\",\"@graph\":[{\"@type\":\"Article\",\"@id\":\"https:\/\/centcols.org\/ag-2021-ste-maxime\/#article\",\"isPartOf\":{\"@id\":\"https:\/\/centcols.org\/ag-2021-ste-maxime\/\"},\"author\":{\"name\":\"Christophe Badonnel\",\"@id\":\"https:\/\/centcols.org\/#\/schema\/person\/5c1a9d61132fb33ccec149272abff6e1\"},\"headline\":\"S\u00e9jour d&rsquo;automne et assembl\u00e9e g\u00e9n\u00e9rale \u00e0 Sainte-Maxime (Var), 10 au 14 novembre 2021\",\"datePublished\":\"2021-07-10T04:10:55+00:00\",\"dateModified\":\"2026-01-09T21:49:21+00:00\",\"mainEntityOfPage\":{\"@id\":\"https:\/\/centcols.org\/ag-2021-ste-maxime\/\"},\"wordCount\":1708,\"publisher\":{\"@id\":\"https:\/\/centcols.org\/#organization\"},\"image\":{\"@id\":\"https:\/\/centcols.org\/ag-2021-ste-maxime\/#primaryimage\"},\"thumbnailUrl\":\"https:\/\/centcols.org\/wp-content\/uploads\/2021\/07\/Sainte-Maxime-20-1-scaled1.jpg\",\"articleSection\":[\"France\",\"Massif des Maures\",\"Provence-Alpes-C\u00f4te d'Azur\",\"Calendrier\",\"83-Var\",\"S\u00e9jours du Club des Cent Cols\"],\"inLanguage\":\"nl-BE\"},{\"@type\":\"WebPage\",\"@id\":\"https:\/\/centcols.org\/ag-2021-ste-maxime\/\",\"url\":\"https:\/\/centcols.org\/ag-2021-ste-maxime\/\",\"name\":\"S\u00e9jour d'automne et assembl\u00e9e g\u00e9n\u00e9rale \u00e0 Sainte-Maxime (Var), 10 au 14 novembre 2021 - Club des Cent Cols\",\"isPartOf\":{\"@id\":\"https:\/\/centcols.org\/#website\"},\"primaryImageOfPage\":{\"@id\":\"https:\/\/centcols.org\/ag-2021-ste-maxime\/#primaryimage\"},\"image\":{\"@id\":\"https:\/\/centcols.org\/ag-2021-ste-maxime\/#primaryimage\"},\"thumbnailUrl\":\"https:\/\/centcols.org\/wp-content\/uploads\/2021\/07\/Sainte-Maxime-20-1-scaled1.jpg\",\"datePublished\":\"2021-07-10T04:10:55+00:00\",\"dateModified\":\"2026-01-09T21:49:21+00:00\",\"breadcrumb\":{\"@id\":\"https:\/\/centcols.org\/ag-2021-ste-maxime\/#breadcrumb\"},\"inLanguage\":\"nl-BE\",\"potentialAction\":[{\"@type\":\"ReadAction\",\"target\":[\"https:\/\/centcols.org\/ag-2021-ste-maxime\/\"]}]},{\"@type\":\"ImageObject\",\"inLanguage\":\"nl-BE\",\"@id\":\"https:\/\/centcols.org\/ag-2021-ste-maxime\/#primaryimage\",\"url\":\"https:\/\/centcols.org\/wp-content\/uploads\/2021\/07\/Sainte-Maxime-20-1-scaled1.jpg\",\"contentUrl\":\"https:\/\/centcols.org\/wp-content\/uploads\/2021\/07\/Sainte-Maxime-20-1-scaled1.jpg\",\"width\":1820,\"height\":1024},{\"@type\":\"BreadcrumbList\",\"@id\":\"https:\/\/centcols.org\/ag-2021-ste-maxime\/#breadcrumb\",\"itemListElement\":[{\"@type\":\"ListItem\",\"position\":1,\"name\":\"Accueil\",\"item\":\"https:\/\/centcols.org\/\"},{\"@type\":\"ListItem\",\"position\":2,\"name\":\"S\u00e9jours du Club des Cent Cols\",\"item\":\"https:\/\/centcols.org\/rubrique\/sejours\/\"},{\"@type\":\"ListItem\",\"position\":3,\"name\":\"Pays\",\"item\":\"https:\/\/centcols.org\/rubrique\/sejours\/pays-sejours\/\"},{\"@type\":\"ListItem\",\"position\":4,\"name\":\"France\",\"item\":\"https:\/\/centcols.org\/rubrique\/sejours\/pays-sejours\/france-pays-sejours\/\"},{\"@type\":\"ListItem\",\"position\":5,\"name\":\"S\u00e9jour d&rsquo;automne et assembl\u00e9e g\u00e9n\u00e9rale \u00e0 Sainte-Maxime (Var), 10 au 14 novembre 2021\"}]},{\"@type\":\"WebSite\",\"@id\":\"https:\/\/centcols.org\/#website\",\"url\":\"https:\/\/centcols.org\/\",\"name\":\"Club des Cent Cols\",\"description\":\"\",\"publisher\":{\"@id\":\"https:\/\/centcols.org\/#organization\"},\"potentialAction\":[{\"@type\":\"SearchAction\",\"target\":{\"@type\":\"EntryPoint\",\"urlTemplate\":\"https:\/\/centcols.org\/?s={search_term_string}\"},\"query-input\":{\"@type\":\"PropertyValueSpecification\",\"valueRequired\":true,\"valueName\":\"search_term_string\"}}],\"inLanguage\":\"nl-BE\"},{\"@type\":\"Organization\",\"@id\":\"https:\/\/centcols.org\/#organization\",\"name\":\"Club des Cent Cols\",\"url\":\"https:\/\/centcols.org\/\",\"logo\":{\"@type\":\"ImageObject\",\"inLanguage\":\"nl-BE\",\"@id\":\"https:\/\/centcols.org\/#\/schema\/logo\/image\/\",\"url\":\"https:\/\/centcols.org\/wp-content\/uploads\/2025\/01\/carte-icone.png\",\"contentUrl\":\"https:\/\/centcols.org\/wp-content\/uploads\/2025\/01\/carte-icone.png\",\"width\":250,\"height\":250,\"caption\":\"Club des Cent Cols\"},\"image\":{\"@id\":\"https:\/\/centcols.org\/#\/schema\/logo\/image\/\"},\"sameAs\":[\"https:\/\/www.facebook.com\/groups\/5261880558\/?locale=fr_FR\"]},{\"@type\":\"Person\",\"@id\":\"https:\/\/centcols.org\/#\/schema\/person\/5c1a9d61132fb33ccec149272abff6e1\",\"name\":\"Christophe Badonnel\",\"image\":{\"@type\":\"ImageObject\",\"inLanguage\":\"nl-BE\",\"@id\":\"https:\/\/centcols.org\/wp-content\/litespeed\/avatar\/9f363966b51271bd99ebbb6ebd632889.jpg?ver=1777238111\",\"url\":\"https:\/\/centcols.org\/wp-content\/litespeed\/avatar\/9f363966b51271bd99ebbb6ebd632889.jpg?ver=1777238111\",\"contentUrl\":\"https:\/\/centcols.org\/wp-content\/litespeed\/avatar\/9f363966b51271bd99ebbb6ebd632889.jpg?ver=1777238111\",\"caption\":\"Christophe Badonnel\"},\"url\":\"https:\/\/centcols.org\/nl\/author\/5799\/\"}]}<\/script>\n<!-- \/ Yoast SEO plugin. -->","yoast_head_json":{"title":"Herfstvakantie en algemene vergadering in Sainte-Maxime (Var), 10 tot 14 november 2021 - Club des Cent Cols","robots":{"index":"index","follow":"follow","max-snippet":"max-snippet:-1","max-image-preview":"max-image-preview:large","max-video-preview":"max-video-preview:-1"},"canonical":"https:\/\/centcols.org\/nl\/ag-2021-ste-maxime\/","og_locale":"nl_BE","og_type":"article","og_title":"S\u00e9jour d'automne et assembl\u00e9e g\u00e9n\u00e9rale \u00e0 Sainte-Maxime (Var), 10 au 14 novembre 2021 - Club des Cent Cols","og_description":"Ont contribu\u00e9 \u00e0 cette page de pr\u00e9sentation du s\u00e9jour les responsables informatiques, Bernard Giraudeau, Enrico Alberini et Christophe Badonnel Vous trouverez ci-dessous les rubriques : Pr\u00e9sentation de la r\u00e9gion : Il est un petit golfe situ\u00e9 au sud de la France, en forme de coin entrant dans le Massif des Maures &nbsp;nomm\u00e9 Golfe de Saint-Tropez. [&hellip;]","og_url":"https:\/\/centcols.org\/nl\/ag-2021-ste-maxime\/","og_site_name":"Club des Cent Cols","article_publisher":"https:\/\/www.facebook.com\/groups\/5261880558\/?locale=fr_FR","article_published_time":"2021-07-10T04:10:55+00:00","article_modified_time":"2026-01-09T21:49:21+00:00","og_image":[{"width":1820,"height":1024,"url":"https:\/\/centcols.org\/wp-content\/uploads\/2021\/07\/Sainte-Maxime-20-1-scaled1.jpg","type":"image\/jpeg"}],"author":"Christophe Badonnel","twitter_card":"summary_large_image","twitter_misc":{"Geschreven door":"Christophe Badonnel","Geschatte leestijd":"9 minuten"},"schema":{"@context":"https:\/\/schema.org","@graph":[{"@type":"Article","@id":"https:\/\/centcols.org\/ag-2021-ste-maxime\/#article","isPartOf":{"@id":"https:\/\/centcols.org\/ag-2021-ste-maxime\/"},"author":{"name":"Christophe Badonnel","@id":"https:\/\/centcols.org\/#\/schema\/person\/5c1a9d61132fb33ccec149272abff6e1"},"headline":"S\u00e9jour d&rsquo;automne et assembl\u00e9e g\u00e9n\u00e9rale \u00e0 Sainte-Maxime (Var), 10 au 14 novembre 2021","datePublished":"2021-07-10T04:10:55+00:00","dateModified":"2026-01-09T21:49:21+00:00","mainEntityOfPage":{"@id":"https:\/\/centcols.org\/ag-2021-ste-maxime\/"},"wordCount":1708,"publisher":{"@id":"https:\/\/centcols.org\/#organization"},"image":{"@id":"https:\/\/centcols.org\/ag-2021-ste-maxime\/#primaryimage"},"thumbnailUrl":"https:\/\/centcols.org\/wp-content\/uploads\/2021\/07\/Sainte-Maxime-20-1-scaled1.jpg","articleSection":["France","Massif des Maures","Provence-Alpes-C\u00f4te d'Azur","Calendrier","83-Var","S\u00e9jours du Club des Cent Cols"],"inLanguage":"nl-BE"},{"@type":"WebPage","@id":"https:\/\/centcols.org\/ag-2021-ste-maxime\/","url":"https:\/\/centcols.org\/ag-2021-ste-maxime\/","name":"Herfstvakantie en algemene vergadering in Sainte-Maxime (Var), 10 tot 14 november 2021 - Club des Cent Cols","isPartOf":{"@id":"https:\/\/centcols.org\/#website"},"primaryImageOfPage":{"@id":"https:\/\/centcols.org\/ag-2021-ste-maxime\/#primaryimage"},"image":{"@id":"https:\/\/centcols.org\/ag-2021-ste-maxime\/#primaryimage"},"thumbnailUrl":"https:\/\/centcols.org\/wp-content\/uploads\/2021\/07\/Sainte-Maxime-20-1-scaled1.jpg","datePublished":"2021-07-10T04:10:55+00:00","dateModified":"2026-01-09T21:49:21+00:00","breadcrumb":{"@id":"https:\/\/centcols.org\/ag-2021-ste-maxime\/#breadcrumb"},"inLanguage":"nl-BE","potentialAction":[{"@type":"ReadAction","target":["https:\/\/centcols.org\/ag-2021-ste-maxime\/"]}]},{"@type":"ImageObject","inLanguage":"nl-BE","@id":"https:\/\/centcols.org\/ag-2021-ste-maxime\/#primaryimage","url":"https:\/\/centcols.org\/wp-content\/uploads\/2021\/07\/Sainte-Maxime-20-1-scaled1.jpg","contentUrl":"https:\/\/centcols.org\/wp-content\/uploads\/2021\/07\/Sainte-Maxime-20-1-scaled1.jpg","width":1820,"height":1024},{"@type":"BreadcrumbList","@id":"https:\/\/centcols.org\/ag-2021-ste-maxime\/#breadcrumb","itemListElement":[{"@type":"ListItem","position":1,"name":"Accueil","item":"https:\/\/centcols.org\/"},{"@type":"ListItem","position":2,"name":"S\u00e9jours du Club des Cent Cols","item":"https:\/\/centcols.org\/rubrique\/sejours\/"},{"@type":"ListItem","position":3,"name":"Pays","item":"https:\/\/centcols.org\/rubrique\/sejours\/pays-sejours\/"},{"@type":"ListItem","position":4,"name":"France","item":"https:\/\/centcols.org\/rubrique\/sejours\/pays-sejours\/france-pays-sejours\/"},{"@type":"ListItem","position":5,"name":"S\u00e9jour d&rsquo;automne et assembl\u00e9e g\u00e9n\u00e9rale \u00e0 Sainte-Maxime (Var), 10 au 14 novembre 2021"}]},{"@type":"WebSite","@id":"https:\/\/centcols.org\/#website","url":"https:\/\/centcols.org\/","name":"Club van Cent Cols","description":"","publisher":{"@id":"https:\/\/centcols.org\/#organization"},"potentialAction":[{"@type":"SearchAction","target":{"@type":"EntryPoint","urlTemplate":"https:\/\/centcols.org\/?s={search_term_string}"},"query-input":{"@type":"PropertyValueSpecification","valueRequired":true,"valueName":"search_term_string"}}],"inLanguage":"nl-BE"},{"@type":"Organization","@id":"https:\/\/centcols.org\/#organization","name":"Club van Cent Cols","url":"https:\/\/centcols.org\/","logo":{"@type":"ImageObject","inLanguage":"nl-BE","@id":"https:\/\/centcols.org\/#\/schema\/logo\/image\/","url":"https:\/\/centcols.org\/wp-content\/uploads\/2025\/01\/carte-icone.png","contentUrl":"https:\/\/centcols.org\/wp-content\/uploads\/2025\/01\/carte-icone.png","width":250,"height":250,"caption":"Club des Cent Cols"},"image":{"@id":"https:\/\/centcols.org\/#\/schema\/logo\/image\/"},"sameAs":["https:\/\/www.facebook.com\/groups\/5261880558\/?locale=fr_FR"]},{"@type":"Person","@id":"https:\/\/centcols.org\/#\/schema\/person\/5c1a9d61132fb33ccec149272abff6e1","name":"Christophe Badonnel","image":{"@type":"ImageObject","inLanguage":"nl-BE","@id":"https:\/\/centcols.org\/wp-content\/litespeed\/avatar\/9f363966b51271bd99ebbb6ebd632889.jpg?ver=1777238111","url":"https:\/\/centcols.org\/wp-content\/litespeed\/avatar\/9f363966b51271bd99ebbb6ebd632889.jpg?ver=1777238111","contentUrl":"https:\/\/centcols.org\/wp-content\/litespeed\/avatar\/9f363966b51271bd99ebbb6ebd632889.jpg?ver=1777238111","caption":"Christophe Badonnel"},"url":"https:\/\/centcols.org\/nl\/author\/5799\/"}]}},"_links":{"self":[{"href":"https:\/\/centcols.org\/nl\/wp-json\/wp\/v2\/posts\/82300","targetHints":{"allow":["GET"]}}],"collection":[{"href":"https:\/\/centcols.org\/nl\/wp-json\/wp\/v2\/posts"}],"about":[{"href":"https:\/\/centcols.org\/nl\/wp-json\/wp\/v2\/types\/post"}],"author":[{"embeddable":true,"href":"https:\/\/centcols.org\/nl\/wp-json\/wp\/v2\/users\/64"}],"replies":[{"embeddable":true,"href":"https:\/\/centcols.org\/nl\/wp-json\/wp\/v2\/comments?post=82300"}],"version-history":[{"count":0,"href":"https:\/\/centcols.org\/nl\/wp-json\/wp\/v2\/posts\/82300\/revisions"}],"wp:featuredmedia":[{"embeddable":true,"href":"https:\/\/centcols.org\/nl\/wp-json\/wp\/v2\/media\/83257"}],"wp:attachment":[{"href":"https:\/\/centcols.org\/nl\/wp-json\/wp\/v2\/media?parent=82300"}],"wp:term":[{"taxonomy":"category","embeddable":true,"href":"https:\/\/centcols.org\/nl\/wp-json\/wp\/v2\/categories?post=82300"},{"taxonomy":"post_tag","embeddable":true,"href":"https:\/\/centcols.org\/nl\/wp-json\/wp\/v2\/tags?post=82300"}],"curies":[{"name":"wp","href":"https:\/\/api.w.org\/{rel}","templated":true}]}}