{"id":82314,"date":"2022-11-23T10:14:00","date_gmt":"2022-11-23T08:14:00","guid":{"rendered":"https:\/\/centcols.org\/rencontre-occitane-bernardini-25-juin-2023-amelie-les-bains\/"},"modified":"2025-09-13T13:14:05","modified_gmt":"2025-09-13T11:14:05","slug":"occitaanse-bijeenkomst-bernardini-25-juni-2023-amelie-les-bains","status":"publish","type":"post","link":"https:\/\/centcols.org\/nl\/rencontre-occitane-bernardini-25-juin-2023-amelie-les-bains\/","title":{"rendered":"Rencontre Occitane Bernardini, 25 juni 2023 - Amelie les Bains"},"content":{"rendered":"\n<p>&nbsp;De 1990 \u00e0 1994, Ren\u00e9 Marty a assur\u00e9 avec brio l&rsquo;organisation de la \u00ab\u00a0Concentration de la ligue&nbsp; Pyr\u00e9n\u00e9es Roussillon\u00a0\u00bb . En 1995, il l&rsquo;a renomm\u00e9e \u00ab\u00a0Randonn\u00e9e souvenir Michel Bernardini \u00a0\u00bb en l&rsquo;honneur de son ami d\u00e9c\u00e9d\u00e9 pr\u00e9matur\u00e9ment en 1993 et s&rsquo;en est occup\u00e9 jusqu&rsquo;en 2015.<br><br>De 2016 \u00e0 2022, Jean Pierre Lambert en a pris le relais avec succ\u00e8s.&nbsp;<br><br>J&rsquo;ai \u00e9t\u00e9 sollicit\u00e9 afin de faire perdurer cette organisation et je rel\u00e8ve le d\u00e9fi avec grand plaisir !J&rsquo;ai \u00e9minemment \u00ab\u00a0profit\u00e9\u00a0\u00bb de ces rencontres,&nbsp; n&rsquo;en ayant quasiment pas manqu\u00e9 une depuis plus de 20 ans !<br><br>Nous pourrons donc nous retrouver&nbsp; pour la Rencontre Occitane Bernardini 2023.Rencontre pour rester dans l&rsquo;esprit des autres rencontres r\u00e9gionales.&nbsp;Occitane pour marquer la localisation g\u00e9ographique \u00e0 laquelle je suis tr\u00e8s attach\u00e9.&nbsp;Bernardini pour honorer la m\u00e9moire de Michel Bernardini.&nbsp;<\/p>\n\n\n\n<p>La rencontre r\u00e9gionale se d\u00e9roulera le dimanche 25 juin 2023 en plein c\u0153ur du Vallespir. Et ce, avec un d\u00e9part d&rsquo;Am\u00e9lie les Bains Palalda \u00e0 09 h 00.Le parcours propos\u00e9 est relativement roulant et tout \u00e0 fait accessible aux gravels. Huit cols pourront&nbsp;\u00eatre franchis en 35 km avec un d\u00e9nivel\u00e9 de 1250 m.<\/p>\n\n\n\n<p>Le parcours pr\u00e9vu pour dimanche est publi\u00e9 sur Openrunner (num\u00e9ro 16538625)<\/p>\n\n\n\n<p>Depuis d\u00e9j\u00e0 quelques ann\u00e9es, cette rencontre s&rsquo;est transform\u00e9e en mini s\u00e9jour pour le plus grand plaisir des participants.Ceux qui le d\u00e9sirent pourront se retrouver \u00e0 partir du jeudi 22 au soir ou du vendredi&nbsp;matin et ce jusqu&rsquo;au lundi. Trois autres parcours seront donc propos\u00e9s, parcours \u00e9galement \u00e0 la port\u00e9e de tous. Pour ceux qui participeront \u00e0 la totalit\u00e9 du s\u00e9jour, du vendredi 23 au lundi 26, ce sont 43 cols qui pourront \u00eatre franchis\u00a0\u00bb. La plupart seront cyclables. Seules quelques portions n\u00e9cessitent un peu de poussage voire de portage.<\/p>\n\n\n\n<p>Vendredi 23 juin : OR 15759697 &#8211; 35 km &#8211;&nbsp; D 960 m &#8211; 14 cols. Ce circuit \u00e9tant court pourra \u00eatre \u00e9ventuellement&nbsp;compl\u00e9t\u00e9 par un aller retour d&rsquo;Am\u00e9lie jusqu&rsquo;\u00e0 la collada de Sant Pau: OR 16874377 &#8211; 17 km et D 230 m.<br>Samedi 24 juin : OR 16875417 &#8211; 57 km &#8211; D 1300 m &#8211; 6 cols ou OR 16495317 &#8211; 70 km &#8211; D 1700 m &#8211; 11 cols.<br>Lundi 26 juin : OR 16875007 &#8211; 47 km &#8211; D 1300 m &#8211; 8 cols ou OR 16495422 &#8211; 58 km &#8211;&nbsp; D 1800 m &#8211; 10 cols.<br><br>Pour vendredi, samedi et lundi, ces parcours ne sont que des propositions.&nbsp;Ils pourront \u00eatre faits \u00e0 allure totalement libre, \u00e9ventuellement \u00eatre modifi\u00e9s et avec un d\u00e9part \u00e0 la convenance de chacun.Il y a \u00e9galement mati\u00e8re \u00e0 faire de nombreux parcours routiers.<\/p>\n\n\n\n<p><br>Il y a pl\u00e9thore d&rsquo;h\u00e9bergement sur la ville &#8230; mais il y a \u00e9galement \u00e9norm\u00e9ment de touristes. N&rsquo;h\u00e9sitez pas \u00e0 r\u00e9server votre logement assez t\u00f4t si vous devez participer sur plusieurs journ\u00e9es. L&rsquo;appart h\u00f4tel Castel Emeraude semble \u00eatre d&rsquo;un bon rapport qualit\u00e9 prix.<\/p>\n\n\n<div class=\"wp-block-image has-text-align-center\">\n<figure class=\"aligncenter size-large\"><img loading=\"lazy\" decoding=\"async\" width=\"1920\" height=\"895\" src=\"https:\/\/centcols.org\/wp-content\/uploads\/2022\/11\/Amelie-Les-Bains-1920x895.jpeg\" alt=\"\" class=\"wp-image-90132\" srcset=\"https:\/\/centcols.org\/wp-content\/uploads\/2022\/11\/Amelie-Les-Bains-1920x895.jpeg 1920w, https:\/\/centcols.org\/wp-content\/uploads\/2022\/11\/Amelie-Les-Bains-1200x560.jpeg 1200w, https:\/\/centcols.org\/wp-content\/uploads\/2022\/11\/Amelie-Les-Bains-768x358.jpeg 768w, https:\/\/centcols.org\/wp-content\/uploads\/2022\/11\/Amelie-Les-Bains-1536x716.jpeg 1536w, https:\/\/centcols.org\/wp-content\/uploads\/2022\/11\/Amelie-Les-Bains-18x8.jpeg 18w, https:\/\/centcols.org\/wp-content\/uploads\/2022\/11\/Amelie-Les-Bains.jpeg 1958w\" sizes=\"auto, (max-width: 1920px) 100vw, 1920px\" \/><\/figure>\n<\/div>\n\n\n<h3 class=\"wp-block-heading\">Contact<\/h3>\n\n\n\n<p>Fred Singla CCC 5173<br>06 33 68 33 44.<br>[email]&#x35;&#x31;&#55;&#51;&#99;c&#x63;&#x40;&#x67;&#109;&#97;il&#x2e;&#x63;&#x6f;&#109;[\/email]<\/p>\n\n\n\n<p><a href=\"https:\/\/centcols.org\/wp-content\/uploads\/2025\/08\/Bernardini-2022.pdf\">Compte rendu<\/a><\/p>\n\n\n\n<p><\/p>\n","protected":false},"excerpt":{"rendered":"<p>&nbsp;De 1990 \u00e0 1994, Ren\u00e9 Marty a assur\u00e9 avec brio l&rsquo;organisation de la \u00ab\u00a0Concentration de la ligue&nbsp; Pyr\u00e9n\u00e9es Roussillon\u00a0\u00bb . En 1995, il l&rsquo;a renomm\u00e9e \u00ab\u00a0Randonn\u00e9e souvenir Michel Bernardini \u00a0\u00bb en l&rsquo;honneur de son ami d\u00e9c\u00e9d\u00e9 pr\u00e9matur\u00e9ment en 1993 et s&rsquo;en est occup\u00e9 jusqu&rsquo;en 2015. De 2016 \u00e0 2022, Jean Pierre Lambert en a pris [&hellip;]<\/p>\n","protected":false},"author":58,"featured_media":83748,"comment_status":"open","ping_status":"open","sticky":false,"template":"","format":"standard","meta":{"_acf_changed":false,"footnotes":""},"categories":[293,135,216],"tags":[],"class_list":["post-82314","post","type-post","status-publish","format-standard","has-post-thumbnail","hentry","category-les-rassemblements-de-2023","category-calendrier","category-rencontres-regionales"],"acf":[],"yoast_head":"<!-- This site is optimized with the Yoast SEO plugin v27.2 - https:\/\/yoast.com\/product\/yoast-seo-wordpress\/ -->\n<title>Rencontre Occitane Bernardini, 25 juin 2023 - Amelie les Bains - Club des Cent Cols<\/title>\n<meta name=\"robots\" content=\"index, follow, max-snippet:-1, max-image-preview:large, max-video-preview:-1\" \/>\n<link rel=\"canonical\" href=\"https:\/\/centcols.org\/nl\/occitaanse-bijeenkomst-bernardini-25-juni-2023-amelie-les-bains\/\" \/>\n<meta property=\"og:locale\" content=\"nl_BE\" \/>\n<meta property=\"og:type\" content=\"article\" \/>\n<meta property=\"og:title\" content=\"Rencontre Occitane Bernardini, 25 juin 2023 - Amelie les Bains - Club des Cent Cols\" \/>\n<meta property=\"og:description\" content=\"&nbsp;De 1990 \u00e0 1994, Ren\u00e9 Marty a assur\u00e9 avec brio l&rsquo;organisation de la \u00ab\u00a0Concentration de la ligue&nbsp; Pyr\u00e9n\u00e9es Roussillon\u00a0\u00bb . En 1995, il l&rsquo;a renomm\u00e9e \u00ab\u00a0Randonn\u00e9e souvenir Michel Bernardini \u00a0\u00bb en l&rsquo;honneur de son ami d\u00e9c\u00e9d\u00e9 pr\u00e9matur\u00e9ment en 1993 et s&rsquo;en est occup\u00e9 jusqu&rsquo;en 2015. De 2016 \u00e0 2022, Jean Pierre Lambert en a pris [&hellip;]\" \/>\n<meta property=\"og:url\" content=\"https:\/\/centcols.org\/nl\/occitaanse-bijeenkomst-bernardini-25-juni-2023-amelie-les-bains\/\" \/>\n<meta property=\"og:site_name\" content=\"Club des Cent Cols\" \/>\n<meta property=\"article:publisher\" content=\"https:\/\/www.facebook.com\/groups\/5261880558\/?locale=fr_FR\" \/>\n<meta property=\"article:published_time\" content=\"2022-11-23T08:14:00+00:00\" \/>\n<meta property=\"article:modified_time\" content=\"2025-09-13T11:14:05+00:00\" \/>\n<meta property=\"og:image\" content=\"https:\/\/centcols.org\/wp-content\/uploads\/2022\/11\/payrou.jpg\" \/>\n\t<meta property=\"og:image:width\" content=\"800\" \/>\n\t<meta property=\"og:image:height\" content=\"450\" \/>\n\t<meta property=\"og:image:type\" content=\"image\/jpeg\" \/>\n<meta name=\"author\" content=\"Enrico Alberini\" \/>\n<meta name=\"twitter:card\" content=\"summary_large_image\" \/>\n<meta name=\"twitter:label1\" content=\"Geschreven door\" \/>\n\t<meta name=\"twitter:data1\" content=\"Enrico Alberini\" \/>\n\t<meta name=\"twitter:label2\" content=\"Geschatte leestijd\" \/>\n\t<meta name=\"twitter:data2\" content=\"3 minuten\" \/>\n<script type=\"application\/ld+json\" class=\"yoast-schema-graph\">{\"@context\":\"https:\/\/schema.org\",\"@graph\":[{\"@type\":\"Article\",\"@id\":\"https:\/\/centcols.org\/rencontre-occitane-bernardini-25-juin-2023-amelie-les-bains\/#article\",\"isPartOf\":{\"@id\":\"https:\/\/centcols.org\/rencontre-occitane-bernardini-25-juin-2023-amelie-les-bains\/\"},\"author\":{\"name\":\"Enrico Alberini\",\"@id\":\"https:\/\/centcols.org\/#\/schema\/person\/86c3ec6889d88501a29fccac614bebf8\"},\"headline\":\"Rencontre Occitane Bernardini, 25 juin 2023 &#8211; Amelie les Bains\",\"datePublished\":\"2022-11-23T08:14:00+00:00\",\"dateModified\":\"2025-09-13T11:14:05+00:00\",\"mainEntityOfPage\":{\"@id\":\"https:\/\/centcols.org\/rencontre-occitane-bernardini-25-juin-2023-amelie-les-bains\/\"},\"wordCount\":509,\"commentCount\":0,\"publisher\":{\"@id\":\"https:\/\/centcols.org\/#organization\"},\"image\":{\"@id\":\"https:\/\/centcols.org\/rencontre-occitane-bernardini-25-juin-2023-amelie-les-bains\/#primaryimage\"},\"thumbnailUrl\":\"https:\/\/centcols.org\/wp-content\/uploads\/2022\/11\/payrou.jpg\",\"articleSection\":[\"2023-rassemblements\",\"Calendrier\",\"Rencontres r\u00e9gionales\"],\"inLanguage\":\"nl-BE\",\"potentialAction\":[{\"@type\":\"CommentAction\",\"name\":\"Comment\",\"target\":[\"https:\/\/centcols.org\/rencontre-occitane-bernardini-25-juin-2023-amelie-les-bains\/#respond\"]}]},{\"@type\":\"WebPage\",\"@id\":\"https:\/\/centcols.org\/rencontre-occitane-bernardini-25-juin-2023-amelie-les-bains\/\",\"url\":\"https:\/\/centcols.org\/rencontre-occitane-bernardini-25-juin-2023-amelie-les-bains\/\",\"name\":\"Rencontre Occitane Bernardini, 25 juin 2023 - Amelie les Bains - Club des Cent Cols\",\"isPartOf\":{\"@id\":\"https:\/\/centcols.org\/#website\"},\"primaryImageOfPage\":{\"@id\":\"https:\/\/centcols.org\/rencontre-occitane-bernardini-25-juin-2023-amelie-les-bains\/#primaryimage\"},\"image\":{\"@id\":\"https:\/\/centcols.org\/rencontre-occitane-bernardini-25-juin-2023-amelie-les-bains\/#primaryimage\"},\"thumbnailUrl\":\"https:\/\/centcols.org\/wp-content\/uploads\/2022\/11\/payrou.jpg\",\"datePublished\":\"2022-11-23T08:14:00+00:00\",\"dateModified\":\"2025-09-13T11:14:05+00:00\",\"breadcrumb\":{\"@id\":\"https:\/\/centcols.org\/rencontre-occitane-bernardini-25-juin-2023-amelie-les-bains\/#breadcrumb\"},\"inLanguage\":\"nl-BE\",\"potentialAction\":[{\"@type\":\"ReadAction\",\"target\":[\"https:\/\/centcols.org\/rencontre-occitane-bernardini-25-juin-2023-amelie-les-bains\/\"]}]},{\"@type\":\"ImageObject\",\"inLanguage\":\"nl-BE\",\"@id\":\"https:\/\/centcols.org\/rencontre-occitane-bernardini-25-juin-2023-amelie-les-bains\/#primaryimage\",\"url\":\"https:\/\/centcols.org\/wp-content\/uploads\/2022\/11\/payrou.jpg\",\"contentUrl\":\"https:\/\/centcols.org\/wp-content\/uploads\/2022\/11\/payrou.jpg\",\"width\":800,\"height\":450,\"caption\":\"OLYMPUS DIGITAL CAMERA\"},{\"@type\":\"BreadcrumbList\",\"@id\":\"https:\/\/centcols.org\/rencontre-occitane-bernardini-25-juin-2023-amelie-les-bains\/#breadcrumb\",\"itemListElement\":[{\"@type\":\"ListItem\",\"position\":1,\"name\":\"Accueil\",\"item\":\"https:\/\/centcols.org\/\"},{\"@type\":\"ListItem\",\"position\":2,\"name\":\"Rencontres r\u00e9gionales\",\"item\":\"https:\/\/centcols.org\/rubrique\/rencontres-regionales\/\"},{\"@type\":\"ListItem\",\"position\":3,\"name\":\"Rencontre Occitane Bernardini, 25 juin 2023 &#8211; Amelie les Bains\"}]},{\"@type\":\"WebSite\",\"@id\":\"https:\/\/centcols.org\/#website\",\"url\":\"https:\/\/centcols.org\/\",\"name\":\"Club des Cent Cols\",\"description\":\"\",\"publisher\":{\"@id\":\"https:\/\/centcols.org\/#organization\"},\"potentialAction\":[{\"@type\":\"SearchAction\",\"target\":{\"@type\":\"EntryPoint\",\"urlTemplate\":\"https:\/\/centcols.org\/?s={search_term_string}\"},\"query-input\":{\"@type\":\"PropertyValueSpecification\",\"valueRequired\":true,\"valueName\":\"search_term_string\"}}],\"inLanguage\":\"nl-BE\"},{\"@type\":\"Organization\",\"@id\":\"https:\/\/centcols.org\/#organization\",\"name\":\"Club des Cent Cols\",\"url\":\"https:\/\/centcols.org\/\",\"logo\":{\"@type\":\"ImageObject\",\"inLanguage\":\"nl-BE\",\"@id\":\"https:\/\/centcols.org\/#\/schema\/logo\/image\/\",\"url\":\"https:\/\/centcols.org\/wp-content\/uploads\/2025\/01\/carte-icone.png\",\"contentUrl\":\"https:\/\/centcols.org\/wp-content\/uploads\/2025\/01\/carte-icone.png\",\"width\":250,\"height\":250,\"caption\":\"Club des Cent Cols\"},\"image\":{\"@id\":\"https:\/\/centcols.org\/#\/schema\/logo\/image\/\"},\"sameAs\":[\"https:\/\/www.facebook.com\/groups\/5261880558\/?locale=fr_FR\"]},{\"@type\":\"Person\",\"@id\":\"https:\/\/centcols.org\/#\/schema\/person\/86c3ec6889d88501a29fccac614bebf8\",\"name\":\"Enrico Alberini\",\"image\":{\"@type\":\"ImageObject\",\"inLanguage\":\"nl-BE\",\"@id\":\"https:\/\/centcols.org\/wp-content\/litespeed\/avatar\/1b26e36a18d85acc8b0f860f9628213f.jpg?ver=1777240766\",\"url\":\"https:\/\/centcols.org\/wp-content\/litespeed\/avatar\/1b26e36a18d85acc8b0f860f9628213f.jpg?ver=1777240766\",\"contentUrl\":\"https:\/\/centcols.org\/wp-content\/litespeed\/avatar\/1b26e36a18d85acc8b0f860f9628213f.jpg?ver=1777240766\",\"caption\":\"Enrico Alberini\"},\"url\":\"https:\/\/centcols.org\/nl\/author\/5065\/\"}]}<\/script>\n<!-- \/ Yoast SEO plugin. -->","yoast_head_json":{"title":"Rencontre Occitane Bernardini, 25 juni 2023 - Amelie les Bains - Club des Cent Cols","robots":{"index":"index","follow":"follow","max-snippet":"max-snippet:-1","max-image-preview":"max-image-preview:large","max-video-preview":"max-video-preview:-1"},"canonical":"https:\/\/centcols.org\/nl\/occitaanse-bijeenkomst-bernardini-25-juni-2023-amelie-les-bains\/","og_locale":"nl_BE","og_type":"article","og_title":"Rencontre Occitane Bernardini, 25 juin 2023 - Amelie les Bains - Club des Cent Cols","og_description":"&nbsp;De 1990 \u00e0 1994, Ren\u00e9 Marty a assur\u00e9 avec brio l&rsquo;organisation de la \u00ab\u00a0Concentration de la ligue&nbsp; Pyr\u00e9n\u00e9es Roussillon\u00a0\u00bb . En 1995, il l&rsquo;a renomm\u00e9e \u00ab\u00a0Randonn\u00e9e souvenir Michel Bernardini \u00a0\u00bb en l&rsquo;honneur de son ami d\u00e9c\u00e9d\u00e9 pr\u00e9matur\u00e9ment en 1993 et s&rsquo;en est occup\u00e9 jusqu&rsquo;en 2015. De 2016 \u00e0 2022, Jean Pierre Lambert en a pris [&hellip;]","og_url":"https:\/\/centcols.org\/nl\/occitaanse-bijeenkomst-bernardini-25-juni-2023-amelie-les-bains\/","og_site_name":"Club des Cent Cols","article_publisher":"https:\/\/www.facebook.com\/groups\/5261880558\/?locale=fr_FR","article_published_time":"2022-11-23T08:14:00+00:00","article_modified_time":"2025-09-13T11:14:05+00:00","og_image":[{"width":800,"height":450,"url":"https:\/\/centcols.org\/wp-content\/uploads\/2022\/11\/payrou.jpg","type":"image\/jpeg"}],"author":"Enrico Alberini","twitter_card":"summary_large_image","twitter_misc":{"Geschreven door":"Enrico Alberini","Geschatte leestijd":"3 minuten"},"schema":{"@context":"https:\/\/schema.org","@graph":[{"@type":"Article","@id":"https:\/\/centcols.org\/rencontre-occitane-bernardini-25-juin-2023-amelie-les-bains\/#article","isPartOf":{"@id":"https:\/\/centcols.org\/rencontre-occitane-bernardini-25-juin-2023-amelie-les-bains\/"},"author":{"name":"Enrico Alberini","@id":"https:\/\/centcols.org\/#\/schema\/person\/86c3ec6889d88501a29fccac614bebf8"},"headline":"Rencontre Occitane Bernardini, 25 juin 2023 &#8211; Amelie les Bains","datePublished":"2022-11-23T08:14:00+00:00","dateModified":"2025-09-13T11:14:05+00:00","mainEntityOfPage":{"@id":"https:\/\/centcols.org\/rencontre-occitane-bernardini-25-juin-2023-amelie-les-bains\/"},"wordCount":509,"commentCount":0,"publisher":{"@id":"https:\/\/centcols.org\/#organization"},"image":{"@id":"https:\/\/centcols.org\/rencontre-occitane-bernardini-25-juin-2023-amelie-les-bains\/#primaryimage"},"thumbnailUrl":"https:\/\/centcols.org\/wp-content\/uploads\/2022\/11\/payrou.jpg","articleSection":["2023-rassemblements","Calendrier","Rencontres r\u00e9gionales"],"inLanguage":"nl-BE","potentialAction":[{"@type":"CommentAction","name":"Comment","target":["https:\/\/centcols.org\/rencontre-occitane-bernardini-25-juin-2023-amelie-les-bains\/#respond"]}]},{"@type":"WebPage","@id":"https:\/\/centcols.org\/rencontre-occitane-bernardini-25-juin-2023-amelie-les-bains\/","url":"https:\/\/centcols.org\/rencontre-occitane-bernardini-25-juin-2023-amelie-les-bains\/","name":"Rencontre Occitane Bernardini, 25 juni 2023 - Amelie les Bains - Club des Cent Cols","isPartOf":{"@id":"https:\/\/centcols.org\/#website"},"primaryImageOfPage":{"@id":"https:\/\/centcols.org\/rencontre-occitane-bernardini-25-juin-2023-amelie-les-bains\/#primaryimage"},"image":{"@id":"https:\/\/centcols.org\/rencontre-occitane-bernardini-25-juin-2023-amelie-les-bains\/#primaryimage"},"thumbnailUrl":"https:\/\/centcols.org\/wp-content\/uploads\/2022\/11\/payrou.jpg","datePublished":"2022-11-23T08:14:00+00:00","dateModified":"2025-09-13T11:14:05+00:00","breadcrumb":{"@id":"https:\/\/centcols.org\/rencontre-occitane-bernardini-25-juin-2023-amelie-les-bains\/#breadcrumb"},"inLanguage":"nl-BE","potentialAction":[{"@type":"ReadAction","target":["https:\/\/centcols.org\/rencontre-occitane-bernardini-25-juin-2023-amelie-les-bains\/"]}]},{"@type":"ImageObject","inLanguage":"nl-BE","@id":"https:\/\/centcols.org\/rencontre-occitane-bernardini-25-juin-2023-amelie-les-bains\/#primaryimage","url":"https:\/\/centcols.org\/wp-content\/uploads\/2022\/11\/payrou.jpg","contentUrl":"https:\/\/centcols.org\/wp-content\/uploads\/2022\/11\/payrou.jpg","width":800,"height":450,"caption":"OLYMPUS DIGITAL CAMERA"},{"@type":"BreadcrumbList","@id":"https:\/\/centcols.org\/rencontre-occitane-bernardini-25-juin-2023-amelie-les-bains\/#breadcrumb","itemListElement":[{"@type":"ListItem","position":1,"name":"Accueil","item":"https:\/\/centcols.org\/"},{"@type":"ListItem","position":2,"name":"Rencontres r\u00e9gionales","item":"https:\/\/centcols.org\/rubrique\/rencontres-regionales\/"},{"@type":"ListItem","position":3,"name":"Rencontre Occitane Bernardini, 25 juin 2023 &#8211; Amelie les Bains"}]},{"@type":"WebSite","@id":"https:\/\/centcols.org\/#website","url":"https:\/\/centcols.org\/","name":"Club van Cent Cols","description":"","publisher":{"@id":"https:\/\/centcols.org\/#organization"},"potentialAction":[{"@type":"SearchAction","target":{"@type":"EntryPoint","urlTemplate":"https:\/\/centcols.org\/?s={search_term_string}"},"query-input":{"@type":"PropertyValueSpecification","valueRequired":true,"valueName":"search_term_string"}}],"inLanguage":"nl-BE"},{"@type":"Organization","@id":"https:\/\/centcols.org\/#organization","name":"Club van Cent Cols","url":"https:\/\/centcols.org\/","logo":{"@type":"ImageObject","inLanguage":"nl-BE","@id":"https:\/\/centcols.org\/#\/schema\/logo\/image\/","url":"https:\/\/centcols.org\/wp-content\/uploads\/2025\/01\/carte-icone.png","contentUrl":"https:\/\/centcols.org\/wp-content\/uploads\/2025\/01\/carte-icone.png","width":250,"height":250,"caption":"Club des Cent Cols"},"image":{"@id":"https:\/\/centcols.org\/#\/schema\/logo\/image\/"},"sameAs":["https:\/\/www.facebook.com\/groups\/5261880558\/?locale=fr_FR"]},{"@type":"Person","@id":"https:\/\/centcols.org\/#\/schema\/person\/86c3ec6889d88501a29fccac614bebf8","name":"Enrico Alberini","image":{"@type":"ImageObject","inLanguage":"nl-BE","@id":"https:\/\/centcols.org\/wp-content\/litespeed\/avatar\/1b26e36a18d85acc8b0f860f9628213f.jpg?ver=1777240766","url":"https:\/\/centcols.org\/wp-content\/litespeed\/avatar\/1b26e36a18d85acc8b0f860f9628213f.jpg?ver=1777240766","contentUrl":"https:\/\/centcols.org\/wp-content\/litespeed\/avatar\/1b26e36a18d85acc8b0f860f9628213f.jpg?ver=1777240766","caption":"Enrico Alberini"},"url":"https:\/\/centcols.org\/nl\/author\/5065\/"}]}},"_links":{"self":[{"href":"https:\/\/centcols.org\/nl\/wp-json\/wp\/v2\/posts\/82314","targetHints":{"allow":["GET"]}}],"collection":[{"href":"https:\/\/centcols.org\/nl\/wp-json\/wp\/v2\/posts"}],"about":[{"href":"https:\/\/centcols.org\/nl\/wp-json\/wp\/v2\/types\/post"}],"author":[{"embeddable":true,"href":"https:\/\/centcols.org\/nl\/wp-json\/wp\/v2\/users\/58"}],"replies":[{"embeddable":true,"href":"https:\/\/centcols.org\/nl\/wp-json\/wp\/v2\/comments?post=82314"}],"version-history":[{"count":0,"href":"https:\/\/centcols.org\/nl\/wp-json\/wp\/v2\/posts\/82314\/revisions"}],"wp:featuredmedia":[{"embeddable":true,"href":"https:\/\/centcols.org\/nl\/wp-json\/wp\/v2\/media\/83748"}],"wp:attachment":[{"href":"https:\/\/centcols.org\/nl\/wp-json\/wp\/v2\/media?parent=82314"}],"wp:term":[{"taxonomy":"category","embeddable":true,"href":"https:\/\/centcols.org\/nl\/wp-json\/wp\/v2\/categories?post=82314"},{"taxonomy":"post_tag","embeddable":true,"href":"https:\/\/centcols.org\/nl\/wp-json\/wp\/v2\/tags?post=82314"}],"curies":[{"name":"wp","href":"https:\/\/api.w.org\/{rel}","templated":true}]}}