{"id":82339,"date":"2022-05-27T14:36:28","date_gmt":"2022-05-27T12:36:28","guid":{"rendered":"https:\/\/centcols.org\/sejour-dautomne-et-assemblee-generale-pour-le-50-ieme-anniversaire-de-la-confrerie-a-annecy-haute-savoie-du-04-au-06-novembre-2022\/"},"modified":"2025-09-14T06:32:25","modified_gmt":"2025-09-14T04:32:25","slug":"ag-2022-annecy","status":"publish","type":"post","link":"https:\/\/centcols.org\/nl\/ag-2022-annecy\/","title":{"rendered":"Herfstvakantie en algemene vergadering voor de 50e verjaardag van de broederschap in Annecy (Haute Savoie), van 04 tot 06 november 2022"},"content":{"rendered":"<blockquote class=\"wp-block-quote is-layout-flow wp-block-quote-is-layout-flow\">\n<p><span style=\"color: #808080;\">IT-managers Enrico Alberini, Jean-Luc Matte en Christophe Badonnel hebben bijgedragen aan deze pagina over de reis.<\/span><\/p>\n<\/blockquote>\n\n\n\n<h2 class=\"wp-block-heading\">Echo's :<\/h2>\n\n\n\n<div class=\"wp-block-columns is-layout-flex wp-container-core-columns-is-layout-9d6595d7 wp-block-columns-is-layout-flex\">\n<div class=\"wp-block-column is-layout-flow wp-block-column-is-layout-flow\">\n<p><a href=\"https:\/\/centcols.org\/nl\/cr-ag-2022-annecy\/\" target=\"_blank\" rel=\"noreferrer noopener\">Rapporteer<\/a><br><a href=\"https:\/\/centcols.org\/nl\/algemene-vergadering-5-november-2022-pierre-mais-fotoalbum\/\" target=\"_blank\" rel=\"noreferrer noopener\">Pierre Mai's fotoalbum<\/a><\/p>\n<\/div>\n\n\n\n<div class=\"wp-block-column is-layout-flow wp-block-column-is-layout-flow\">\n<p><a href=\"https:\/\/centcols.org\/nl\/tafels-bij-het-diner-na-de-algemene-vergadering-5-november-2022\/\" target=\"_blank\" rel=\"noreferrer noopener\">Tafels bij het diner na de algemene vergadering<\/a><br><a href=\"https:\/\/love-velo.fr\/ag-du-cinquantenaire-du-club-des-cent-cols-2022\/\">De AVA op de blog van Guy Garcin<\/a><\/p>\n<\/div>\n<\/div>\n\n\n\n<p><span style=\"color: #000000;\">Hieronder vind je de rubrieken:<\/span><\/p>\n\n\n\n<ul class=\"wp-block-list\">\n<li><span style=\"color: #000000;\">Inleiding tot de regio<\/span><\/li>\n\n\n\n<li>Het programma<\/li>\n\n\n\n<li><span style=\"color: #000000;\">Hosting<\/span><\/li>\n\n\n\n<li><span style=\"color: #000000;\">Noot van de Raad van Bestuur<\/span><\/li>\n\n\n\n<li><span style=\"color: #000000;\">Registraties<\/span><\/li>\n\n\n\n<li><span style=\"color: #000000;\">Algemene vergadering van de Club des Cent Cols<\/span><\/li>\n\n\n\n<li>Uitreiking van diploma's en certificaten<\/li>\n<\/ul>\n\n\n\n<h2 class=\"wp-block-heading\">Inleiding tot de regio :<\/h2>\n\n\n\n<p>Na 2012 en 2017 verwelkomt de Haute-Savoie ons opnieuw voor de herfstvakantie van de Club des Cent Cols. We verblijven in een Cap France etablissement, \u201cLes Balcons du Lac\u201d, in de heuvels boven Sevrier, met uitzicht op het meer van Annecy. 2022 is een speciaal jaar omdat onze Confr\u00e9rie dan haar 50e verjaardag viert. <a href=\"https:\/\/centcols.org\/wp-content\/uploads\/2025\/08\/Edito-Jean-Perdoux.pdf\" target=\"_blank\" rel=\"noreferrer noopener\">Vijftig jaar passie, vijftig jaar vriendschap<\/a> Op de hoogten van het zuiverste meer van Europa is het vakantiedorp een ideale uitvalsbasis om de Haute-Savoie te ontdekken. Tussen het meer en de bergen nodigt het historische middeleeuwse centrum van Annecy uit tot wandelen en ontdekken. Met zijn geplaveide straten, kleurrijke gebouwen en emblematische bouwwerken is het Veneti\u00eb van de Alpen een stad rijk aan erfgoed. Langs de kanalen van Annecy, omzoomd met elegante herenhuizen uit de 17e eeuw, kun je de rijkdom van het verleden ontdekken. Het meer nodigt je uit om zijn natuurreservaten te ontdekken, rijk aan lokale flora en fauna. Op de Roc de Ch\u00e8re, een voorgebergte dat uitkijkt over het meer, kun je een gezinswandeling maken en de vele verschillende boomsoorten ontdekken. Ontdek op een half uurtje rijden het unieke panorama van de Semnoz, met 360\u00b0 uitzicht op de Noordelijke Alpen en de Jura. Tijdens een excursie van een halve dag kun je ook de typische kleine dorpjes en lokale ambachten ontdekken, en niet te vergeten de lokale kaas \u201cla tome des Bauges\u201d. Aan de oevers van het meer van Annecy liggen meer dan 40 km fietspaden om de gehuchten en stranden van de regio te ontdekken.<\/p>\n\n\n\n<h2 class=\"wp-block-heading\">Het programma<\/h2>\n\n\n\n<p><strong>Zaterdag<\/strong> Bezoek het Paccard Museum van 09:00 tot 11:00 uur Opgericht in 1796, is de Paccard Gieterij een instituut in het industri\u00eble erfgoed van de Savoie. De familie Paccard onthult de geheimen van hun voorouderlijke knowhow. Treed binnen in de wereld van de klokkengieters; de betovering van brandend metaal, fabricagetechnieken van de Oudheid tot nu. Een rondleiding door de ateliers van de gieterij, met een korte film over een van de wereldrecords van het bedrijf, en een demonstratie van de elektronische beiaard. <a href=\"https:\/\/musee-paccard.com\/\" target=\"_blank\" rel=\"noreferrer noopener\">Website<\/a> Het feestelijke diner wordt gevolgd door een muzikale avond met een duo van de groep Odys\u00e9e. <strong>Zondag<\/strong> Met de klok mee rond het meer van Annecy op het fietspad, verzamelen voor de kerk van Sevrier om 9.00 uur.<\/p>\n\n\n\n<figure class=\"wp-block-image size-full\"><img loading=\"lazy\" decoding=\"async\" width=\"1365\" height=\"1024\" src=\"https:\/\/centcols.org\/wp-content\/uploads\/2025\/08\/IMG_20210927_091815.jpg\" alt=\"\" class=\"wp-image-88516\" srcset=\"https:\/\/centcols.org\/wp-content\/uploads\/2025\/08\/IMG_20210927_091815.jpg 1365w, https:\/\/centcols.org\/wp-content\/uploads\/2025\/08\/IMG_20210927_091815-1200x900.jpg 1200w, https:\/\/centcols.org\/wp-content\/uploads\/2025\/08\/IMG_20210927_091815-768x576.jpg 768w\" sizes=\"auto, (max-width: 1365px) 100vw, 1365px\" \/><\/figure>\n\n\n\n<h2 class=\"wp-block-heading\"><a href=\"https:\/\/centcols.org\/nl\/membres\/cctours\/tours.php\/?lieu=Annecy&amp;an=2022\" target=\"_blank\" rel=\"noreferrer noopener\">Rondleidingen<\/a><\/h2>\n\n\n\n<h4 class=\"wp-block-heading\"><a href=\"https:\/\/centcols.org\/nl\/membres\/cctours\/tours.php\/?lieu=Annecy&amp;an=2022&amp;genre=R\" target=\"_blank\" rel=\"noreferrer noopener\">Wegen<\/a><\/h4>\n\n\n\n<h4 class=\"wp-block-heading\"><a href=\"https:\/\/centcols.org\/nl\/membres\/cctours\/tours.php\/?lieu=Annecy&amp;an=2022&amp;genre=V\" target=\"_blank\" rel=\"noreferrer noopener\">Mountainbikeroutes<\/a><\/h4>\n\n\n\n<h2 class=\"wp-block-heading\">Hosting<\/h2>\n\n\n\n<p>In het hart van de Haute-Savoie, in het Parc Naturel R\u00e9gional des Bauges, geniet het vakantiedorp \u201cles Balcons du lac\u201d van een bevoorrechte ligging. Gelegen in Sevrier, op 8 km van Annecy op de weg Col de Leschaux, bekend als het \u201cKleine Veneti\u00eb van Savoye\u201d, kijkt het dorp uit over het meer van Annecy en de bergen. De panoramische lounge en het restaurant bieden een uitzicht van 180\u00b0 op het meer en de bergen van de noordelijke Haute-Savoie. Het hotel onderging een grote renovatie voor Covid. Les Balcons du Lac d'Annecy - 1487 Route de Cessenaz - 74320 Sevrier Tel: +33 (0)4 50 52 44 25 <a href=\"https:\/\/www.neaclub.com\/les-balcons-du-lac-annecy-sevrier\/\" target=\"_blank\" rel=\"noreferrer noopener\">Website<\/a><a href=\"https:\/\/centcols.org\/nl\/img_20210927_133954\/\"><\/a> Christophe Badonnel le bar <a href=\"https:\/\/centcols.org\/nl\/img_20210927_125708\/\"><\/a> Christophe Badonnel het restaurant<\/p>\n\n\n\n<div class=\"wp-block-columns is-layout-flex wp-container-core-columns-is-layout-9d6595d7 wp-block-columns-is-layout-flex\">\n<div class=\"wp-block-column is-layout-flow wp-block-column-is-layout-flow\" style=\"flex-basis:66.66%\">\n<div style=\"height:40px\" aria-hidden=\"true\" class=\"wp-block-spacer\"><\/div>\n\n\n\n<figure class=\"wp-block-gallery has-nested-images columns-default is-cropped wp-block-gallery-1 is-layout-flex wp-block-gallery-is-layout-flex\">\n<figure class=\"wp-block-image size-full\"><a href=\"https:\/\/centcols.org\/wp-content\/uploads\/2025\/08\/IMG_20210927_133954.jpg\"><img loading=\"lazy\" decoding=\"async\" width=\"1365\" height=\"1024\" data-id=\"88518\" src=\"https:\/\/centcols.org\/wp-content\/uploads\/2025\/08\/IMG_20210927_133954.jpg\" alt=\"\" class=\"wp-image-88518\" srcset=\"https:\/\/centcols.org\/wp-content\/uploads\/2025\/08\/IMG_20210927_133954.jpg 1365w, https:\/\/centcols.org\/wp-content\/uploads\/2025\/08\/IMG_20210927_133954-1200x900.jpg 1200w, https:\/\/centcols.org\/wp-content\/uploads\/2025\/08\/IMG_20210927_133954-768x576.jpg 768w\" sizes=\"auto, (max-width: 1365px) 100vw, 1365px\" \/><\/a><figcaption class=\"wp-element-caption\">Christophe Badonnel le bar<\/figcaption><\/figure>\n\n\n\n<figure class=\"wp-block-image size-full\"><a href=\"https:\/\/centcols.org\/wp-content\/uploads\/2025\/08\/IMG_20210927_125708.jpg\"><img loading=\"lazy\" decoding=\"async\" width=\"1365\" height=\"1024\" data-id=\"88520\" src=\"https:\/\/centcols.org\/wp-content\/uploads\/2025\/08\/IMG_20210927_125708.jpg\" alt=\"\" class=\"wp-image-88520\" srcset=\"https:\/\/centcols.org\/wp-content\/uploads\/2025\/08\/IMG_20210927_125708.jpg 1365w, https:\/\/centcols.org\/wp-content\/uploads\/2025\/08\/IMG_20210927_125708-1200x900.jpg 1200w, https:\/\/centcols.org\/wp-content\/uploads\/2025\/08\/IMG_20210927_125708-768x576.jpg 768w\" sizes=\"auto, (max-width: 1365px) 100vw, 1365px\" \/><\/a><figcaption class=\"wp-element-caption\">Christophe Badonnel het restaurant<\/figcaption><\/figure>\n<\/figure>\n\n\n\n<p>Je verblijft in een tweepersoonskamer met twee bedden, een televisie en een haardroger. De bedden zijn opgemaakt bij aankomst en handdoeken zijn aanwezig. Eenpersoonsbezetting is mogelijk, afhankelijk van beschikbaarheid (tegen een toeslag).<\/p>\n<\/div>\n\n\n\n<div class=\"wp-block-column is-layout-flow wp-block-column-is-layout-flow\" style=\"flex-basis:33.33%\">\n<h2 class=\"wp-block-heading has-text-align-center\">Noot van de Raad van Bestuur<\/h2>\n\n\n\n<p>Als je je accommodatie elders regelt dan in het vakantiedorp, laat ons dan weten dat je deelneemt aan de vakantie, om 3 redenen:<\/p>\n\n\n\n<ol class=\"wp-block-list\">\n<li>Om de organisatie van dit evenement te vergemakkelijken (aanpassing van diensten: welkomstdrankjes, uitreiking van speciale cadeaus voor 50e verjaardag).<\/li>\n\n\n\n<li>Op de routes in verschillende groepen kunnen opsplitsen om de veiligheid voor iedereen te verbeteren.<\/li>\n\n\n\n<li>Om organisatoren te helpen met onvoorziene gebeurtenissen.<\/li>\n<\/ol>\n<\/div>\n<\/div>\n\n\n\n<h2 class=\"wp-block-heading\">Registraties<\/h2>\n\n\n\n<p>Om je in te schrijven download je het PDF-inschrijfformulier van de onderstaande link en volg je de instructies daarin. Houd er rekening mee dat het registratieformulier op de website van de Club het volgende bevat <strong>vier pagina's<\/strong> Je moet ook de algemene voorwaarden van de Gritchen-verzekeringspolis ondertekenen. Als je van plan bent je te laten vergezellen door je partner, zorg er dan voor dat je hem\/haar van tevoren als geassocieerd lid registreert bij je Territoriaal Gedelegeerde en vergeet niet zijn\/haar geassocieerd lidmaatschapsnummer in te vullen in het daarvoor bestemde vakje. Als, en alleen als, een deelnemer geen FFCT-licentie heeft, moet daarnaast de verplichte verzekering van \u20ac 1 per dag worden afgesloten. <strong>Afhankelijk van wanneer je aankomt en wanneer je vertrekt, is het pakket anders:<\/strong><\/p>\n\n\n\n<ul class=\"wp-block-list\">\n<li>Als je op vrijdag aankomt voor het diner en op zondag na de lunch vertrekt, neem je het pakket van 165 euro.<\/li>\n\n\n\n<li>Als je op zaterdag aankomt voor het diner en op zondag na de lunch vertrekt, neem je het pakket van \u20ac89.<\/li>\n\n\n\n<li>Als je op zaterdag aankomt voor het diner en op zondag na het ontbijt vertrekt, neem je het halfpensionpakket voor 79 euro.<\/li>\n\n\n\n<li>Als je zonder accommodatie komt (een overnachting of accommodatie op eigen gelegenheid), kun je je inschrijven voor maaltijden: lunch en diner voor 20,50 euro. De verbeterde zaterdagavondmaaltijd is 33 euro.<\/li>\n\n\n\n<li>Bezoek het Paccard Museum op zaterdagochtend voor 11 euro.<\/li>\n<\/ul>\n\n\n\n<p>Als je eerder wilt arriveren, neem dan rechtstreeks contact op met het boekingskantoor: Tel: +33 (0)4 50 52 61 51. Je kunt het inschrijfgeld betalen <strong>per cheque of overschrijving<\/strong> op de rekening van de Club. Gezien de extra kosten die in rekening worden gebracht door de organisatie die het beheert, accepteren we geen betaling via PayPal. <strong>Leden toewijzen<\/strong> Betalingen worden gedaan in de volgorde waarin de cheque is verzonden of de overschrijving is gedaan. In het eerste geval geldt de poststempel als bewijs, in het tweede geval stuurt u ons een kopie van de overschrijvingsopdracht. Als het verblijf vol is, wordt er een wachtlijst opgesteld, die volgens dezelfde prioriteitsregels werkt als voor directe inschrijvingen. <strong>Trombinoscoop :<\/strong> Als je nog geen foto hebt aangeleverd voor de <strong>map <\/strong>en opgenomen wilt worden, vink dan het juiste vakje aan en stuur ons een foto in JPG-formaat per e-mail. Van <strong>nadere informatie<\/strong> worden later op de website geplaatst, die je regelmatig kunt raadplegen. Elke keer zal de verantwoordelijke voor de reizen een korte e-mail sturen naar de mailinglijst. Als je deze e-mails wilt ontvangen, stuur ze dan naar <strong>abonneer u op de mailinglijst<\/strong>, als je dat nog niet hebt gedaan. <strong>Als u vragen hebt<\/strong> aarzel dan niet om de verantwoordelijke van het verblijf te bellen: +33 6 78 87 33 67.<\/p>\n\n\n\n<h3 class=\"wp-block-heading\">Download de nieuwsbrief<\/h3>\n\n\n\n<ul class=\"wp-block-list\">\n<li>Annecy en fran\u00e7ais Inschrijvingsformulier<\/li>\n\n\n\n<li>Boekingsformulier Annecy in het Engels<\/li>\n\n\n\n<li>Modulo d'iscrizione Annecy in italiano<\/li>\n<\/ul>\n\n\n\n<p>De deadline voor het ontvangen van inzendingen is<strong> :<\/strong><\/p>\n\n\n\n<p><strong>02 september 2022 voor mensen die een accommodatie nemen.<\/strong><\/p>\n\n\n\n<p><strong>04 oktober 2022 alleen voor diegenen die een maaltijd gebruiken, het Paccard Museum bezoeken en de Algemene Vergadering bijwonen<\/strong><\/p>\n\n\n\n<h2 class=\"wp-block-heading\">Jaarlijkse Algemene Vergadering van de Club des Cent Cols<\/h2>\n\n\n\n<p>De jaarlijkse Algemene Vergadering wordt gehouden in het Imp\u00e9rial Palace aan de oevers van het meer. Deze vindt plaats op zaterdag 05 november 2022 vanaf 14.30 uur in de Salle de l'Europe. De vergadering wordt gevolgd door een aperitief. Ga voor meer informatie naar de pagina Algemene Vergadering. De oproeping en de statutaire documenten worden zoals gebruikelijk in oktober verstuurd via een nieuwsbrief van Cent Cols en zullen ook beschikbaar zijn op de website.<\/p>\n\n\n\n<h2 class=\"wp-block-heading\">Uitreiking van diploma's en certificaten<\/h2>\n\n\n\n<p>Als je een mijlpaal hebt gehaald (500 cols, 1000 cols, etc...) of een brevet des cols routiers hebt behaald, moet je Nadine Giraudeau vragen om het diploma en Bernard Giraudeau om het brevet. De uitreiking vindt plaats op vrijdagavond 04 november in aanwezigheid van onze voorzitter Jean Perdoux. Op de Algemene Vergadering zullen degenen die de uitdaging van Jean Perdoux hebben volbracht hun brevet krijgen, en ons lid nr. 8000, Christophe Marchal, die op hoog niveau handbiket, zal zijn diploma ontvangen.<\/p>","protected":false},"excerpt":{"rendered":"<p>Ont contribu\u00e9 \u00e0 cette page de pr\u00e9sentation du s\u00e9jour les responsables informatiques, Enrico Alberini, Jean-Luc Matte et Christophe Badonnel Les \u00e9chos : Compte-renduL\u2019album photo de Pierre Mai Les tables au d\u00eener apr\u00e8s l\u2019Assembl\u00e9e g\u00e9n\u00e9raleL\u2019AG sur le blog de Guy Garcin Vous trouverez ci-dessous les rubriques : Pr\u00e9sentation de la r\u00e9gion : Apr\u00e8s 2012 et 2017, [&hellip;]<\/p>\n","protected":false},"author":64,"featured_media":0,"comment_status":"closed","ping_status":"closed","sticky":false,"template":"","format":"standard","meta":{"_acf_changed":false,"footnotes":""},"categories":[349,367,373,374,231],"tags":[],"class_list":["post-82339","post","type-post","status-publish","format-standard","hentry","category-france-pays-sejours","category-auvergne-rhone-alpes-region-sejours","category-alpes-francaises-du-nord-massif-sejours","category-74-haute-savoie","category-sejours"],"acf":[],"yoast_head":"<!-- This site is optimized with the Yoast SEO plugin v27.2 - https:\/\/yoast.com\/product\/yoast-seo-wordpress\/ -->\n<title>S\u00e9jour d&#039;automne et assembl\u00e9e g\u00e9n\u00e9rale pour le 50 i\u00e8me anniversaire de la confr\u00e9rie \u00e0 Annecy (Haute Savoie), du 04 au 06 novembre 2022 - Club des Cent Cols<\/title>\n<meta name=\"robots\" content=\"index, follow, max-snippet:-1, max-image-preview:large, max-video-preview:-1\" \/>\n<link rel=\"canonical\" href=\"https:\/\/centcols.org\/nl\/ag-2022-annecy\/\" \/>\n<meta property=\"og:locale\" content=\"nl_BE\" \/>\n<meta property=\"og:type\" content=\"article\" \/>\n<meta property=\"og:title\" content=\"S\u00e9jour d&#039;automne et assembl\u00e9e g\u00e9n\u00e9rale pour le 50 i\u00e8me anniversaire de la confr\u00e9rie \u00e0 Annecy (Haute Savoie), du 04 au 06 novembre 2022 - Club des Cent Cols\" \/>\n<meta property=\"og:description\" content=\"Ont contribu\u00e9 \u00e0 cette page de pr\u00e9sentation du s\u00e9jour les responsables informatiques, Enrico Alberini, Jean-Luc Matte et Christophe Badonnel Les \u00e9chos : Compte-renduL\u2019album photo de Pierre Mai Les tables au d\u00eener apr\u00e8s l\u2019Assembl\u00e9e g\u00e9n\u00e9raleL\u2019AG sur le blog de Guy Garcin Vous trouverez ci-dessous les rubriques : Pr\u00e9sentation de la r\u00e9gion : Apr\u00e8s 2012 et 2017, [&hellip;]\" \/>\n<meta property=\"og:url\" content=\"https:\/\/centcols.org\/nl\/ag-2022-annecy\/\" \/>\n<meta property=\"og:site_name\" content=\"Club des Cent Cols\" \/>\n<meta property=\"article:publisher\" content=\"https:\/\/www.facebook.com\/groups\/5261880558\/?locale=fr_FR\" \/>\n<meta property=\"article:published_time\" content=\"2022-05-27T12:36:28+00:00\" \/>\n<meta property=\"article:modified_time\" content=\"2025-09-14T04:32:25+00:00\" \/>\n<meta property=\"og:image\" content=\"https:\/\/centcols.org\/wp-content\/uploads\/2025\/08\/IMG_20210927_091815.jpg\" \/>\n\t<meta property=\"og:image:width\" content=\"1365\" \/>\n\t<meta property=\"og:image:height\" content=\"1024\" \/>\n\t<meta property=\"og:image:type\" content=\"image\/jpeg\" \/>\n<meta name=\"author\" content=\"Christophe Badonnel\" \/>\n<meta name=\"twitter:card\" content=\"summary_large_image\" \/>\n<meta name=\"twitter:label1\" content=\"Geschreven door\" \/>\n\t<meta name=\"twitter:data1\" content=\"Christophe Badonnel\" \/>\n\t<meta name=\"twitter:label2\" content=\"Geschatte leestijd\" \/>\n\t<meta name=\"twitter:data2\" content=\"8 minuten\" \/>\n<script type=\"application\/ld+json\" class=\"yoast-schema-graph\">{\"@context\":\"https:\/\/schema.org\",\"@graph\":[{\"@type\":\"Article\",\"@id\":\"https:\/\/centcols.org\/ag-2022-annecy\/#article\",\"isPartOf\":{\"@id\":\"https:\/\/centcols.org\/ag-2022-annecy\/\"},\"author\":{\"name\":\"Christophe Badonnel\",\"@id\":\"https:\/\/centcols.org\/#\/schema\/person\/5c1a9d61132fb33ccec149272abff6e1\"},\"headline\":\"S\u00e9jour d&rsquo;automne et assembl\u00e9e g\u00e9n\u00e9rale pour le 50 i\u00e8me anniversaire de la confr\u00e9rie \u00e0 Annecy (Haute Savoie), du 04 au 06 novembre 2022\",\"datePublished\":\"2022-05-27T12:36:28+00:00\",\"dateModified\":\"2025-09-14T04:32:25+00:00\",\"mainEntityOfPage\":{\"@id\":\"https:\/\/centcols.org\/ag-2022-annecy\/\"},\"wordCount\":1598,\"publisher\":{\"@id\":\"https:\/\/centcols.org\/#organization\"},\"image\":{\"@id\":\"https:\/\/centcols.org\/ag-2022-annecy\/#primaryimage\"},\"thumbnailUrl\":\"https:\/\/centcols.org\/wp-content\/uploads\/2025\/08\/IMG_20210927_091815.jpg\",\"articleSection\":[\"France\",\"Auvergne-Rh\u00f4ne-Alpes\",\"Alpes fran\u00e7aises du Nord\",\"74-Haute-Savoie\",\"S\u00e9jours du Club des Cent Cols\"],\"inLanguage\":\"nl-BE\"},{\"@type\":\"WebPage\",\"@id\":\"https:\/\/centcols.org\/ag-2022-annecy\/\",\"url\":\"https:\/\/centcols.org\/ag-2022-annecy\/\",\"name\":\"S\u00e9jour d'automne et assembl\u00e9e g\u00e9n\u00e9rale pour le 50 i\u00e8me anniversaire de la confr\u00e9rie \u00e0 Annecy (Haute Savoie), du 04 au 06 novembre 2022 - Club des Cent Cols\",\"isPartOf\":{\"@id\":\"https:\/\/centcols.org\/#website\"},\"primaryImageOfPage\":{\"@id\":\"https:\/\/centcols.org\/ag-2022-annecy\/#primaryimage\"},\"image\":{\"@id\":\"https:\/\/centcols.org\/ag-2022-annecy\/#primaryimage\"},\"thumbnailUrl\":\"https:\/\/centcols.org\/wp-content\/uploads\/2025\/08\/IMG_20210927_091815.jpg\",\"datePublished\":\"2022-05-27T12:36:28+00:00\",\"dateModified\":\"2025-09-14T04:32:25+00:00\",\"breadcrumb\":{\"@id\":\"https:\/\/centcols.org\/ag-2022-annecy\/#breadcrumb\"},\"inLanguage\":\"nl-BE\",\"potentialAction\":[{\"@type\":\"ReadAction\",\"target\":[\"https:\/\/centcols.org\/ag-2022-annecy\/\"]}]},{\"@type\":\"ImageObject\",\"inLanguage\":\"nl-BE\",\"@id\":\"https:\/\/centcols.org\/ag-2022-annecy\/#primaryimage\",\"url\":\"https:\/\/centcols.org\/wp-content\/uploads\/2025\/08\/IMG_20210927_091815.jpg\",\"contentUrl\":\"https:\/\/centcols.org\/wp-content\/uploads\/2025\/08\/IMG_20210927_091815.jpg\"},{\"@type\":\"BreadcrumbList\",\"@id\":\"https:\/\/centcols.org\/ag-2022-annecy\/#breadcrumb\",\"itemListElement\":[{\"@type\":\"ListItem\",\"position\":1,\"name\":\"Accueil\",\"item\":\"https:\/\/centcols.org\/\"},{\"@type\":\"ListItem\",\"position\":2,\"name\":\"S\u00e9jours du Club des Cent Cols\",\"item\":\"https:\/\/centcols.org\/rubrique\/sejours\/\"},{\"@type\":\"ListItem\",\"position\":3,\"name\":\"Pays\",\"item\":\"https:\/\/centcols.org\/rubrique\/sejours\/pays-sejours\/\"},{\"@type\":\"ListItem\",\"position\":4,\"name\":\"France\",\"item\":\"https:\/\/centcols.org\/rubrique\/sejours\/pays-sejours\/france-pays-sejours\/\"},{\"@type\":\"ListItem\",\"position\":5,\"name\":\"S\u00e9jour d&rsquo;automne et assembl\u00e9e g\u00e9n\u00e9rale pour le 50 i\u00e8me anniversaire de la confr\u00e9rie \u00e0 Annecy (Haute Savoie), du 04 au 06 novembre 2022\"}]},{\"@type\":\"WebSite\",\"@id\":\"https:\/\/centcols.org\/#website\",\"url\":\"https:\/\/centcols.org\/\",\"name\":\"Club des Cent Cols\",\"description\":\"\",\"publisher\":{\"@id\":\"https:\/\/centcols.org\/#organization\"},\"potentialAction\":[{\"@type\":\"SearchAction\",\"target\":{\"@type\":\"EntryPoint\",\"urlTemplate\":\"https:\/\/centcols.org\/?s={search_term_string}\"},\"query-input\":{\"@type\":\"PropertyValueSpecification\",\"valueRequired\":true,\"valueName\":\"search_term_string\"}}],\"inLanguage\":\"nl-BE\"},{\"@type\":\"Organization\",\"@id\":\"https:\/\/centcols.org\/#organization\",\"name\":\"Club des Cent Cols\",\"url\":\"https:\/\/centcols.org\/\",\"logo\":{\"@type\":\"ImageObject\",\"inLanguage\":\"nl-BE\",\"@id\":\"https:\/\/centcols.org\/#\/schema\/logo\/image\/\",\"url\":\"https:\/\/centcols.org\/wp-content\/uploads\/2025\/01\/carte-icone.png\",\"contentUrl\":\"https:\/\/centcols.org\/wp-content\/uploads\/2025\/01\/carte-icone.png\",\"width\":250,\"height\":250,\"caption\":\"Club des Cent Cols\"},\"image\":{\"@id\":\"https:\/\/centcols.org\/#\/schema\/logo\/image\/\"},\"sameAs\":[\"https:\/\/www.facebook.com\/groups\/5261880558\/?locale=fr_FR\"]},{\"@type\":\"Person\",\"@id\":\"https:\/\/centcols.org\/#\/schema\/person\/5c1a9d61132fb33ccec149272abff6e1\",\"name\":\"Christophe Badonnel\",\"image\":{\"@type\":\"ImageObject\",\"inLanguage\":\"nl-BE\",\"@id\":\"https:\/\/centcols.org\/wp-content\/litespeed\/avatar\/9f363966b51271bd99ebbb6ebd632889.jpg?ver=1777238111\",\"url\":\"https:\/\/centcols.org\/wp-content\/litespeed\/avatar\/9f363966b51271bd99ebbb6ebd632889.jpg?ver=1777238111\",\"contentUrl\":\"https:\/\/centcols.org\/wp-content\/litespeed\/avatar\/9f363966b51271bd99ebbb6ebd632889.jpg?ver=1777238111\",\"caption\":\"Christophe Badonnel\"},\"url\":\"https:\/\/centcols.org\/nl\/author\/5799\/\"}]}<\/script>\n<!-- \/ Yoast SEO plugin. -->","yoast_head_json":{"title":"Herfstvakantie en algemene vergadering voor de 50e verjaardag van de broederschap in Annecy (Haute Savoie), van 04 tot 06 november 2022 - Club des Cent Cols","robots":{"index":"index","follow":"follow","max-snippet":"max-snippet:-1","max-image-preview":"max-image-preview:large","max-video-preview":"max-video-preview:-1"},"canonical":"https:\/\/centcols.org\/nl\/ag-2022-annecy\/","og_locale":"nl_BE","og_type":"article","og_title":"S\u00e9jour d'automne et assembl\u00e9e g\u00e9n\u00e9rale pour le 50 i\u00e8me anniversaire de la confr\u00e9rie \u00e0 Annecy (Haute Savoie), du 04 au 06 novembre 2022 - Club des Cent Cols","og_description":"Ont contribu\u00e9 \u00e0 cette page de pr\u00e9sentation du s\u00e9jour les responsables informatiques, Enrico Alberini, Jean-Luc Matte et Christophe Badonnel Les \u00e9chos : Compte-renduL\u2019album photo de Pierre Mai Les tables au d\u00eener apr\u00e8s l\u2019Assembl\u00e9e g\u00e9n\u00e9raleL\u2019AG sur le blog de Guy Garcin Vous trouverez ci-dessous les rubriques : Pr\u00e9sentation de la r\u00e9gion : Apr\u00e8s 2012 et 2017, [&hellip;]","og_url":"https:\/\/centcols.org\/nl\/ag-2022-annecy\/","og_site_name":"Club des Cent Cols","article_publisher":"https:\/\/www.facebook.com\/groups\/5261880558\/?locale=fr_FR","article_published_time":"2022-05-27T12:36:28+00:00","article_modified_time":"2025-09-14T04:32:25+00:00","og_image":[{"width":1365,"height":1024,"url":"https:\/\/centcols.org\/wp-content\/uploads\/2025\/08\/IMG_20210927_091815.jpg","type":"image\/jpeg"}],"author":"Christophe Badonnel","twitter_card":"summary_large_image","twitter_misc":{"Geschreven door":"Christophe Badonnel","Geschatte leestijd":"8 minuten"},"schema":{"@context":"https:\/\/schema.org","@graph":[{"@type":"Article","@id":"https:\/\/centcols.org\/ag-2022-annecy\/#article","isPartOf":{"@id":"https:\/\/centcols.org\/ag-2022-annecy\/"},"author":{"name":"Christophe Badonnel","@id":"https:\/\/centcols.org\/#\/schema\/person\/5c1a9d61132fb33ccec149272abff6e1"},"headline":"S\u00e9jour d&rsquo;automne et assembl\u00e9e g\u00e9n\u00e9rale pour le 50 i\u00e8me anniversaire de la confr\u00e9rie \u00e0 Annecy (Haute Savoie), du 04 au 06 novembre 2022","datePublished":"2022-05-27T12:36:28+00:00","dateModified":"2025-09-14T04:32:25+00:00","mainEntityOfPage":{"@id":"https:\/\/centcols.org\/ag-2022-annecy\/"},"wordCount":1598,"publisher":{"@id":"https:\/\/centcols.org\/#organization"},"image":{"@id":"https:\/\/centcols.org\/ag-2022-annecy\/#primaryimage"},"thumbnailUrl":"https:\/\/centcols.org\/wp-content\/uploads\/2025\/08\/IMG_20210927_091815.jpg","articleSection":["France","Auvergne-Rh\u00f4ne-Alpes","Alpes fran\u00e7aises du Nord","74-Haute-Savoie","S\u00e9jours du Club des Cent Cols"],"inLanguage":"nl-BE"},{"@type":"WebPage","@id":"https:\/\/centcols.org\/ag-2022-annecy\/","url":"https:\/\/centcols.org\/ag-2022-annecy\/","name":"Herfstvakantie en algemene vergadering voor de 50e verjaardag van de broederschap in Annecy (Haute Savoie), van 04 tot 06 november 2022 - Club des Cent Cols","isPartOf":{"@id":"https:\/\/centcols.org\/#website"},"primaryImageOfPage":{"@id":"https:\/\/centcols.org\/ag-2022-annecy\/#primaryimage"},"image":{"@id":"https:\/\/centcols.org\/ag-2022-annecy\/#primaryimage"},"thumbnailUrl":"https:\/\/centcols.org\/wp-content\/uploads\/2025\/08\/IMG_20210927_091815.jpg","datePublished":"2022-05-27T12:36:28+00:00","dateModified":"2025-09-14T04:32:25+00:00","breadcrumb":{"@id":"https:\/\/centcols.org\/ag-2022-annecy\/#breadcrumb"},"inLanguage":"nl-BE","potentialAction":[{"@type":"ReadAction","target":["https:\/\/centcols.org\/ag-2022-annecy\/"]}]},{"@type":"ImageObject","inLanguage":"nl-BE","@id":"https:\/\/centcols.org\/ag-2022-annecy\/#primaryimage","url":"https:\/\/centcols.org\/wp-content\/uploads\/2025\/08\/IMG_20210927_091815.jpg","contentUrl":"https:\/\/centcols.org\/wp-content\/uploads\/2025\/08\/IMG_20210927_091815.jpg"},{"@type":"BreadcrumbList","@id":"https:\/\/centcols.org\/ag-2022-annecy\/#breadcrumb","itemListElement":[{"@type":"ListItem","position":1,"name":"Accueil","item":"https:\/\/centcols.org\/"},{"@type":"ListItem","position":2,"name":"S\u00e9jours du Club des Cent Cols","item":"https:\/\/centcols.org\/rubrique\/sejours\/"},{"@type":"ListItem","position":3,"name":"Pays","item":"https:\/\/centcols.org\/rubrique\/sejours\/pays-sejours\/"},{"@type":"ListItem","position":4,"name":"France","item":"https:\/\/centcols.org\/rubrique\/sejours\/pays-sejours\/france-pays-sejours\/"},{"@type":"ListItem","position":5,"name":"S\u00e9jour d&rsquo;automne et assembl\u00e9e g\u00e9n\u00e9rale pour le 50 i\u00e8me anniversaire de la confr\u00e9rie \u00e0 Annecy (Haute Savoie), du 04 au 06 novembre 2022"}]},{"@type":"WebSite","@id":"https:\/\/centcols.org\/#website","url":"https:\/\/centcols.org\/","name":"Club van Cent Cols","description":"","publisher":{"@id":"https:\/\/centcols.org\/#organization"},"potentialAction":[{"@type":"SearchAction","target":{"@type":"EntryPoint","urlTemplate":"https:\/\/centcols.org\/?s={search_term_string}"},"query-input":{"@type":"PropertyValueSpecification","valueRequired":true,"valueName":"search_term_string"}}],"inLanguage":"nl-BE"},{"@type":"Organization","@id":"https:\/\/centcols.org\/#organization","name":"Club van Cent Cols","url":"https:\/\/centcols.org\/","logo":{"@type":"ImageObject","inLanguage":"nl-BE","@id":"https:\/\/centcols.org\/#\/schema\/logo\/image\/","url":"https:\/\/centcols.org\/wp-content\/uploads\/2025\/01\/carte-icone.png","contentUrl":"https:\/\/centcols.org\/wp-content\/uploads\/2025\/01\/carte-icone.png","width":250,"height":250,"caption":"Club des Cent Cols"},"image":{"@id":"https:\/\/centcols.org\/#\/schema\/logo\/image\/"},"sameAs":["https:\/\/www.facebook.com\/groups\/5261880558\/?locale=fr_FR"]},{"@type":"Person","@id":"https:\/\/centcols.org\/#\/schema\/person\/5c1a9d61132fb33ccec149272abff6e1","name":"Christophe Badonnel","image":{"@type":"ImageObject","inLanguage":"nl-BE","@id":"https:\/\/centcols.org\/wp-content\/litespeed\/avatar\/9f363966b51271bd99ebbb6ebd632889.jpg?ver=1777238111","url":"https:\/\/centcols.org\/wp-content\/litespeed\/avatar\/9f363966b51271bd99ebbb6ebd632889.jpg?ver=1777238111","contentUrl":"https:\/\/centcols.org\/wp-content\/litespeed\/avatar\/9f363966b51271bd99ebbb6ebd632889.jpg?ver=1777238111","caption":"Christophe Badonnel"},"url":"https:\/\/centcols.org\/nl\/author\/5799\/"}]}},"_links":{"self":[{"href":"https:\/\/centcols.org\/nl\/wp-json\/wp\/v2\/posts\/82339","targetHints":{"allow":["GET"]}}],"collection":[{"href":"https:\/\/centcols.org\/nl\/wp-json\/wp\/v2\/posts"}],"about":[{"href":"https:\/\/centcols.org\/nl\/wp-json\/wp\/v2\/types\/post"}],"author":[{"embeddable":true,"href":"https:\/\/centcols.org\/nl\/wp-json\/wp\/v2\/users\/64"}],"replies":[{"embeddable":true,"href":"https:\/\/centcols.org\/nl\/wp-json\/wp\/v2\/comments?post=82339"}],"version-history":[{"count":0,"href":"https:\/\/centcols.org\/nl\/wp-json\/wp\/v2\/posts\/82339\/revisions"}],"wp:attachment":[{"href":"https:\/\/centcols.org\/nl\/wp-json\/wp\/v2\/media?parent=82339"}],"wp:term":[{"taxonomy":"category","embeddable":true,"href":"https:\/\/centcols.org\/nl\/wp-json\/wp\/v2\/categories?post=82339"},{"taxonomy":"post_tag","embeddable":true,"href":"https:\/\/centcols.org\/nl\/wp-json\/wp\/v2\/tags?post=82339"}],"curies":[{"name":"wp","href":"https:\/\/api.w.org\/{rel}","templated":true}]}}