{"id":82349,"date":"2022-09-15T16:44:53","date_gmt":"2022-09-15T14:44:53","guid":{"rendered":"https:\/\/centcols.org\/assemblee-generale-du-club-des-cent-cols-annecy-haute-savoie-le-5-novembre-2022\/"},"modified":"2025-08-28T08:57:07","modified_gmt":"2025-08-28T06:57:07","slug":"cr-ag-2022-annecy","status":"publish","type":"post","link":"https:\/\/centcols.org\/nl\/cr-ag-2022-annecy\/","title":{"rendered":"Algemene vergadering van de Club des Cent Cols, Annecy (Haute-Savoie) op 5 november 2022"},"content":{"rendered":"<h2 class=\"wp-block-heading\">Rapporteer<\/h2>\n\n\n\n<p><strong>Annecy, Keizerlijk Paleis, 5 november 2022<\/strong><\/p>\n\n\n\n<p>De voorzitter, Enrico ALBERINI, opent de AVA om 14.00 uur.<\/p>\n\n\n\n<p>Hij bedankte de volgende personen voor hun aanwezigheid<br>Martine CANO, voorzitter van de FFCT,<br>Catherine BORGEAIS-ROUET, voorzitter van COREG Aura (Auvergne-Rh\u00f4ne-Alpes) en CODEP74,<br>Antoine ARMAND, parlementslid voor het kiesdistrict Annecy.<\/p>\n\n\n\n<p>Na zijn jaarverslag (zie ICC oktober 2022) gaf hij het woord aan Herv\u00e9 RETI\u00c8RE, de secretaris van de club, voor het activiteitenverslag van de club. Dit verslag zal als basis dienen voor een uitgebreidere presentatie die met name buiten de club kan worden gebruikt. Het is hier te vinden:<\/p>\n\n\n\n<p><a href=\"\/Videos\/intervention-HR-AG-ccc-2022.movie_.mp4\">Presentatie van de activiteiten van de club<\/a><\/p>\n\n\n\n<p>S\u00e9bastien VADOT, de penningmeester, presenteerde vervolgens het financieel verslag, gevolgd door de voorlopige rekeningen.<\/p>\n\n\n\n<p><a href=\"\/Videos\/intervention-sv-ag-ccc-2022.movie_.mp4\">Presentatie van het financi\u00eble verslag<\/a><\/p>\n\n\n\n<p>Alain LAXENAIRE en Michel MATHIEU, accountants, presenteren hun verslag.<\/p>\n\n\n\n<p>De voorzitter neemt vervolgens het woord om de uitslag van de stemmingen bekend te maken, waarbij de nadruk wordt gelegd op de aanzienlijke toename van het aantal stemmers voor 2022: 899. Ter vergelijking: in 2021 waren dat er 466, een stijging van 93 %.<\/p>\n\n\n\n<p>De resultaten:<\/p>\n\n\n\n<p>Aantal registraties: 1974<br>Aantal stemmers: 899<br>Aandeelhouderschap: 45,6 %<\/p>\n\n\n\n<figure class=\"wp-block-table is-style-stripes\"><table><tbody><tr><td><\/td><td class=\"has-text-align-center\" data-align=\"center\"><strong>Ja<\/strong><\/td><td class=\"has-text-align-center\" data-align=\"center\"><strong>Geen<\/strong><\/td><td class=\"has-text-align-center\" data-align=\"center\"><strong>Wit<\/strong><\/td><td class=\"has-text-align-center\" data-align=\"center\"><strong>Nietig<\/strong><\/td><\/tr><tr><td><strong>Moreel verslag<\/strong><\/td><td class=\"has-text-align-center\" data-align=\"center\"><strong>871<\/strong><\/td><td class=\"has-text-align-center\" data-align=\"center\"><strong>10<\/strong><\/td><td class=\"has-text-align-center\" data-align=\"center\"><strong>13<\/strong><\/td><td class=\"has-text-align-center\" data-align=\"center\"><strong>5<\/strong><\/td><\/tr><tr><td><\/td><td class=\"has-text-align-center\" data-align=\"center\"><em>96.9 %<\/em><\/td><td class=\"has-text-align-center\" data-align=\"center\"><em>1.1 %<\/em><\/td><td class=\"has-text-align-center\" data-align=\"center\"><em>1.4 %<\/em><\/td><td class=\"has-text-align-center\" data-align=\"center\"><em>0.6 %<\/em><\/td><\/tr><tr><td><strong>Activiteitenverslag<\/strong><\/td><td class=\"has-text-align-center\" data-align=\"center\"><strong>872<\/strong><\/td><td class=\"has-text-align-center\" data-align=\"center\"><strong>8<\/strong><\/td><td class=\"has-text-align-center\" data-align=\"center\"><strong>14<\/strong><\/td><td class=\"has-text-align-center\" data-align=\"center\"><strong>5<\/strong><\/td><\/tr><tr><td><\/td><td class=\"has-text-align-center\" data-align=\"center\"><em>97.0 %<\/em><\/td><td class=\"has-text-align-center\" data-align=\"center\"><em>0.9 %<\/em><\/td><td class=\"has-text-align-center\" data-align=\"center\"><em>1.5 %<\/em><\/td><td class=\"has-text-align-center\" data-align=\"center\"><em>0.6 %<\/em><\/td><\/tr><tr><td><strong>Financieel verslag<\/strong><\/td><td class=\"has-text-align-center\" data-align=\"center\"><strong>876<\/strong><\/td><td class=\"has-text-align-center\" data-align=\"center\"><strong>8<\/strong><\/td><td class=\"has-text-align-center\" data-align=\"center\"><strong>10<\/strong><\/td><td class=\"has-text-align-center\" data-align=\"center\"><strong>5<\/strong><\/td><\/tr><tr><td><\/td><td class=\"has-text-align-center\" data-align=\"center\"><em>97.4 %<\/em><\/td><td class=\"has-text-align-center\" data-align=\"center\"><em>0.9 %<\/em><\/td><td class=\"has-text-align-center\" data-align=\"center\"><em>1.1 %<\/em><\/td><td class=\"has-text-align-center\" data-align=\"center\"><em>0.6 %<\/em><\/td><\/tr><\/tbody><\/table><\/figure>\n\n\n\n<p>Na afloop van het statutaire gedeelte van de vergadering gaf de voorzitter het woord aan Graham Cutting, die de voltooiing aankondigde van een titanisch project: het samenstellen van catalogi van bergpassen over de hele wereld.<\/p>\n\n\n\n<p><a href=\"\/Videos\/intervention-graham-ag-ccc-2022.movie_.mp4\">Toespraak door Graham Cutting<\/a>.<\/p>\n\n\n\n<p>Didier R\u00c9MOND presenteerde vervolgens de toekomstige zomervakantie van 2023 in Praz-sur-Arly (presentatie volgt op de website van de club).<\/p>\n\n\n\n<p>De voorzitter introduceerde vervolgens Christophe MARCHAL, het 8.000e lid van de club.<\/p>\n\n\n\n<p><a href=\"\/Videos\/ccc-christophe-marchal-8000.movie_.mp4\">Presentatie door Christophe Marchal<\/a>.<\/p>\n\n\n\n<p>Vervolgens overhandigde hij de TD's Pierre MAI, Didier R\u00c9MOND, G\u00e9rard FILLION-ROBIN en Alain GILLODES een diploma voor bewezen diensten.<\/p>\n\n\n\n<p><a href=\"\/Videos\/ccc-dt-brevetes.movie_.mp4\">Uitreiking van dienstdiploma's aan TD's.<\/a><\/p>\n\n\n\n<p>Jean PERDOUX, oprichter van de Club en erevoorzitter, nam vervolgens het woord.<\/p>\n\n\n\n<p><a href=\"\/Videos\/ccc-jean-perdoux.movie1_-1.mp4\">Toespraak van Jean Perdoux - Deel 1<\/a><\/p>\n\n\n\n<p><a href=\"\/Videos\/ccc-jean-perdoux.movie2_.mp4\">Toespraak van Jean Perdoux - Deel 2<\/a><\/p>\n\n\n\n<p>Het woord is vervolgens aan Henri DUSSEAU - Erevoorzitter<\/p>\n\n\n\n<p><a href=\"\/Videos\/ccc-henri-dusseau.mp4\">Toespraak door Henri Dusseau<\/a><\/p>\n\n\n\n<p>De laatste 3 voorzitters vulden toen de geschiedenis van 50 jaar Club aan.<\/p>\n\n\n\n<p><a href=\"\/Videos\/ccc-claude-benistrand.mp4\">Toespraak van Claude B\u00e9nistrand<\/a> - Voorzitter van 2001 tot 2009<\/p>\n\n\n\n<p><a href=\"\/Videos\/ccc-regis-paraz.movie_.mp4\">Toespraak door R\u00e9gis Paraz<\/a> - Voorzitter van 2009 tot 2017<\/p>\n\n\n\n<p><a href=\"\/Videos\/intervention-BG-AG-ccc-2022.movie_-1.mp4\">Toespraak door Bernard Giraudeau<\/a> - Voorzitter van 2017 tot 2021.<\/p>\n\n\n\n<p>Tijdens de pauze een diavoorstelling van Claude MABILLOT van de bijeenkomst in de Auvergne op de Col de la Croix des Gardes op 17 september 2022.<\/p>\n\n\n\n<p>Weer aan het werk, <a href=\"\/Videos\/Video-daniel-Gobert.mp4\">opgenomen video-interventie door Daniel Gobert<\/a>, Voorzitter van de BIG (Brevet International du Grimpeur)<\/p>\n\n\n\n<p>Vervolgens wordt het woord gevoerd door de volgende sprekers:<\/p>\n\n\n\n<p>Eric THOUVENIN, voorzitter en oprichter van Openrunner<\/p>\n\n\n\n<p>Michel ROUGERT (vice-voorzitter van Cosfic 2024, organisator van de Semaine F\u00e9d\u00e9rale 2024 van de FFCT)<\/p>\n\n\n\n<p>Catherine BORGEAIS-ROUET, voorzitter van COREG Aura (Auvergne-Rh\u00f4ne-Alpes) en CODEP74<\/p>\n\n\n\n<p>Martine CANO, voorzitter van de FFCT, zal haar laatste getuigenis geven voor de vijftigste verjaardag van de club.<\/p>\n\n\n\n<p>En tot slot zal Enrico ALBERINI deze buitengewone Algemene Vergadering afsluiten door alle aanwezigen uit te nodigen voor een vin d'honneur.<\/p>\n\n\n\n<h2 class=\"wp-block-heading\">Notulen van de jaarlijkse algemene vergadering: bijlagen<\/h2>\n\n\n\n<p><a href=\"\/Videos\/ccc-jean-perdoux-bon-wagon.movie_.mp4\">Fietspad langs het meer van Annecy<\/a> uitgelegd door Jean PERDOUX tijdens de stop bij Le Bon Wagon op de zondagochtendtocht over het meer.<\/p>\n\n\n\n<p><a href=\"\/nl\/tafels-bij-het-diner-na-de-algemene-vergadering-5-november-2022\/\">Tafels bij het diner na de algemene vergadering<\/a>\u00a0<\/p>\n\n\n\n<p><a href=\"https:\/\/centcols.org\/nl\/algemene-vergadering-5-november-2022-pierre-mais-fotoalbum\/\">Pierre Mai's fotoalbum<\/a><\/p>\n\n\n\n<p><a href=\"https:\/\/love-velo.fr\/ag-du-cinquantenaire-du-club-des-cent-cols-2022\/\">De AVA op de blog van Guy Garcin<\/a><\/p>\n\n\n\n<h2 class=\"wp-block-heading\">Jaarlijkse Algemene Vergadering 2022<\/h2>\n\n\n\n<p>De jaarlijkse algemene vergadering van 2022 werd gehouden in Annecy (Salle de l'Imp\u00e9rial Palace) op zaterdag 5 november 2022 om 14u.<\/p>\n\n\n\n<p>Paleis Annecy<br>All. de l'Imp\u00e9rial, <br>74000 Annecy, Frankrijk<br>Tel: <a href=\"https:\/\/www.google.com\/search?q=imperial+annecy&amp;oq=imperial+annecy&amp;aqs=chrome.0.0i355i512j46i175i199i512j0i22i30l8.7194j0j4&amp;sourceid=chrome&amp;ie=UTF-8#\">+33 (0) 4 50 09 30 00<\/a><br>https:\/\/www.hotel-imperial-palace.com\/<\/p>\n\n\n\n<p><br><\/p>","protected":false},"excerpt":{"rendered":"<p>Compte-rendu Annecy, Imperial Palace, 5 novembre 2022 Le Pr\u00e9sident, Enrico ALBERINI, ouvre l\u2019Assembl\u00e9e G\u00e9n\u00e9rale \u00e0 14 h. Il remercie de leur pr\u00e9senceMartine CANO, Pr\u00e9sidente de la FFCT,Catherine BORGEAIS-ROUET, Pr\u00e9sidente du COREG Aura (Auvergne-Rh\u00f4ne-Alpes) et du CODEP74,Antoine ARMAND, d\u00e9put\u00e9 de la circonscription d\u2019Annecy. Apr\u00e8s son rapport moral (voir dans l\u2019ICC d\u2019octobre 2022), il passe la parole [&hellip;]<\/p>\n","protected":false},"author":58,"featured_media":82350,"comment_status":"closed","ping_status":"closed","sticky":false,"template":"","format":"standard","meta":{"_acf_changed":false,"footnotes":""},"categories":[217,135],"tags":[],"class_list":["post-82349","post","type-post","status-publish","format-standard","has-post-thumbnail","hentry","category-assemblees-generales","category-calendrier"],"acf":[],"yoast_head":"<!-- This site is optimized with the Yoast SEO plugin v27.2 - https:\/\/yoast.com\/product\/yoast-seo-wordpress\/ -->\n<title>Assembl\u00e9e g\u00e9n\u00e9rale du Club des Cent Cols, Annecy (Haute-Savoie) le 5 novembre 2022 - Club des Cent Cols<\/title>\n<meta name=\"robots\" content=\"index, follow, max-snippet:-1, max-image-preview:large, max-video-preview:-1\" \/>\n<link rel=\"canonical\" href=\"https:\/\/centcols.org\/nl\/cr-ag-2022-annecy\/\" \/>\n<meta property=\"og:locale\" content=\"nl_BE\" \/>\n<meta property=\"og:type\" content=\"article\" \/>\n<meta property=\"og:title\" content=\"Assembl\u00e9e g\u00e9n\u00e9rale du Club des Cent Cols, Annecy (Haute-Savoie) le 5 novembre 2022 - Club des Cent Cols\" \/>\n<meta property=\"og:description\" content=\"Compte-rendu Annecy, Imperial Palace, 5 novembre 2022 Le Pr\u00e9sident, Enrico ALBERINI, ouvre l\u2019Assembl\u00e9e G\u00e9n\u00e9rale \u00e0 14 h. Il remercie de leur pr\u00e9senceMartine CANO, Pr\u00e9sidente de la FFCT,Catherine BORGEAIS-ROUET, Pr\u00e9sidente du COREG Aura (Auvergne-Rh\u00f4ne-Alpes) et du CODEP74,Antoine ARMAND, d\u00e9put\u00e9 de la circonscription d\u2019Annecy. Apr\u00e8s son rapport moral (voir dans l\u2019ICC d\u2019octobre 2022), il passe la parole [&hellip;]\" \/>\n<meta property=\"og:url\" content=\"https:\/\/centcols.org\/nl\/cr-ag-2022-annecy\/\" \/>\n<meta property=\"og:site_name\" content=\"Club des Cent Cols\" \/>\n<meta property=\"article:publisher\" content=\"https:\/\/www.facebook.com\/groups\/5261880558\/?locale=fr_FR\" \/>\n<meta property=\"article:published_time\" content=\"2022-09-15T14:44:53+00:00\" \/>\n<meta property=\"article:modified_time\" content=\"2025-08-28T06:57:07+00:00\" \/>\n<meta property=\"og:image\" content=\"https:\/\/centcols.org\/wp-content\/uploads\/2025\/05\/01Table-Weibel-scaled-1.jpg\" \/>\n\t<meta property=\"og:image:width\" content=\"2560\" \/>\n\t<meta property=\"og:image:height\" content=\"1920\" \/>\n\t<meta property=\"og:image:type\" content=\"image\/jpeg\" \/>\n<meta name=\"author\" content=\"Enrico Alberini\" \/>\n<meta name=\"twitter:card\" content=\"summary_large_image\" \/>\n<meta name=\"twitter:label1\" content=\"Geschreven door\" \/>\n\t<meta name=\"twitter:data1\" content=\"Enrico Alberini\" \/>\n\t<meta name=\"twitter:label2\" content=\"Geschatte leestijd\" \/>\n\t<meta name=\"twitter:data2\" content=\"4 minuten\" \/>\n<script type=\"application\/ld+json\" class=\"yoast-schema-graph\">{\"@context\":\"https:\/\/schema.org\",\"@graph\":[{\"@type\":\"Article\",\"@id\":\"https:\/\/centcols.org\/cr-ag-2022-annecy\/#article\",\"isPartOf\":{\"@id\":\"https:\/\/centcols.org\/cr-ag-2022-annecy\/\"},\"author\":{\"name\":\"Enrico Alberini\",\"@id\":\"https:\/\/centcols.org\/#\/schema\/person\/86c3ec6889d88501a29fccac614bebf8\"},\"headline\":\"Assembl\u00e9e g\u00e9n\u00e9rale du Club des Cent Cols, Annecy (Haute-Savoie) le 5 novembre 2022\",\"datePublished\":\"2022-09-15T14:44:53+00:00\",\"dateModified\":\"2025-08-28T06:57:07+00:00\",\"mainEntityOfPage\":{\"@id\":\"https:\/\/centcols.org\/cr-ag-2022-annecy\/\"},\"wordCount\":642,\"publisher\":{\"@id\":\"https:\/\/centcols.org\/#organization\"},\"image\":{\"@id\":\"https:\/\/centcols.org\/cr-ag-2022-annecy\/#primaryimage\"},\"thumbnailUrl\":\"https:\/\/centcols.org\/wp-content\/uploads\/2025\/05\/01Table-Weibel-scaled-1.jpg\",\"articleSection\":[\"Assembl\u00e9es g\u00e9n\u00e9rales\",\"Calendrier\"],\"inLanguage\":\"nl-BE\"},{\"@type\":\"WebPage\",\"@id\":\"https:\/\/centcols.org\/cr-ag-2022-annecy\/\",\"url\":\"https:\/\/centcols.org\/cr-ag-2022-annecy\/\",\"name\":\"Assembl\u00e9e g\u00e9n\u00e9rale du Club des Cent Cols, Annecy (Haute-Savoie) le 5 novembre 2022 - Club des Cent Cols\",\"isPartOf\":{\"@id\":\"https:\/\/centcols.org\/#website\"},\"primaryImageOfPage\":{\"@id\":\"https:\/\/centcols.org\/cr-ag-2022-annecy\/#primaryimage\"},\"image\":{\"@id\":\"https:\/\/centcols.org\/cr-ag-2022-annecy\/#primaryimage\"},\"thumbnailUrl\":\"https:\/\/centcols.org\/wp-content\/uploads\/2025\/05\/01Table-Weibel-scaled-1.jpg\",\"datePublished\":\"2022-09-15T14:44:53+00:00\",\"dateModified\":\"2025-08-28T06:57:07+00:00\",\"breadcrumb\":{\"@id\":\"https:\/\/centcols.org\/cr-ag-2022-annecy\/#breadcrumb\"},\"inLanguage\":\"nl-BE\",\"potentialAction\":[{\"@type\":\"ReadAction\",\"target\":[\"https:\/\/centcols.org\/cr-ag-2022-annecy\/\"]}]},{\"@type\":\"ImageObject\",\"inLanguage\":\"nl-BE\",\"@id\":\"https:\/\/centcols.org\/cr-ag-2022-annecy\/#primaryimage\",\"url\":\"https:\/\/centcols.org\/wp-content\/uploads\/2025\/05\/01Table-Weibel-scaled-1.jpg\",\"contentUrl\":\"https:\/\/centcols.org\/wp-content\/uploads\/2025\/05\/01Table-Weibel-scaled-1.jpg\",\"width\":2560,\"height\":1920},{\"@type\":\"BreadcrumbList\",\"@id\":\"https:\/\/centcols.org\/cr-ag-2022-annecy\/#breadcrumb\",\"itemListElement\":[{\"@type\":\"ListItem\",\"position\":1,\"name\":\"Accueil\",\"item\":\"https:\/\/centcols.org\/\"},{\"@type\":\"ListItem\",\"position\":2,\"name\":\"Assembl\u00e9es g\u00e9n\u00e9rales\",\"item\":\"https:\/\/centcols.org\/rubrique\/assemblees-generales\/\"},{\"@type\":\"ListItem\",\"position\":3,\"name\":\"Assembl\u00e9e g\u00e9n\u00e9rale du Club des Cent Cols, Annecy (Haute-Savoie) le 5 novembre 2022\"}]},{\"@type\":\"WebSite\",\"@id\":\"https:\/\/centcols.org\/#website\",\"url\":\"https:\/\/centcols.org\/\",\"name\":\"Club des Cent Cols\",\"description\":\"\",\"publisher\":{\"@id\":\"https:\/\/centcols.org\/#organization\"},\"potentialAction\":[{\"@type\":\"SearchAction\",\"target\":{\"@type\":\"EntryPoint\",\"urlTemplate\":\"https:\/\/centcols.org\/?s={search_term_string}\"},\"query-input\":{\"@type\":\"PropertyValueSpecification\",\"valueRequired\":true,\"valueName\":\"search_term_string\"}}],\"inLanguage\":\"nl-BE\"},{\"@type\":\"Organization\",\"@id\":\"https:\/\/centcols.org\/#organization\",\"name\":\"Club des Cent Cols\",\"url\":\"https:\/\/centcols.org\/\",\"logo\":{\"@type\":\"ImageObject\",\"inLanguage\":\"nl-BE\",\"@id\":\"https:\/\/centcols.org\/#\/schema\/logo\/image\/\",\"url\":\"https:\/\/centcols.org\/wp-content\/uploads\/2025\/01\/carte-icone.png\",\"contentUrl\":\"https:\/\/centcols.org\/wp-content\/uploads\/2025\/01\/carte-icone.png\",\"width\":250,\"height\":250,\"caption\":\"Club des Cent Cols\"},\"image\":{\"@id\":\"https:\/\/centcols.org\/#\/schema\/logo\/image\/\"},\"sameAs\":[\"https:\/\/www.facebook.com\/groups\/5261880558\/?locale=fr_FR\"]},{\"@type\":\"Person\",\"@id\":\"https:\/\/centcols.org\/#\/schema\/person\/86c3ec6889d88501a29fccac614bebf8\",\"name\":\"Enrico Alberini\",\"image\":{\"@type\":\"ImageObject\",\"inLanguage\":\"nl-BE\",\"@id\":\"https:\/\/centcols.org\/wp-content\/litespeed\/avatar\/1b26e36a18d85acc8b0f860f9628213f.jpg?ver=1777240766\",\"url\":\"https:\/\/centcols.org\/wp-content\/litespeed\/avatar\/1b26e36a18d85acc8b0f860f9628213f.jpg?ver=1777240766\",\"contentUrl\":\"https:\/\/centcols.org\/wp-content\/litespeed\/avatar\/1b26e36a18d85acc8b0f860f9628213f.jpg?ver=1777240766\",\"caption\":\"Enrico Alberini\"},\"url\":\"https:\/\/centcols.org\/nl\/author\/5065\/\"}]}<\/script>\n<!-- \/ Yoast SEO plugin. -->","yoast_head_json":{"title":"Algemene vergadering van de Club des Cent Cols, Annecy (Haute-Savoie) op 5 november 2022 - Club des Cent Cols","robots":{"index":"index","follow":"follow","max-snippet":"max-snippet:-1","max-image-preview":"max-image-preview:large","max-video-preview":"max-video-preview:-1"},"canonical":"https:\/\/centcols.org\/nl\/cr-ag-2022-annecy\/","og_locale":"nl_BE","og_type":"article","og_title":"Assembl\u00e9e g\u00e9n\u00e9rale du Club des Cent Cols, Annecy (Haute-Savoie) le 5 novembre 2022 - Club des Cent Cols","og_description":"Compte-rendu Annecy, Imperial Palace, 5 novembre 2022 Le Pr\u00e9sident, Enrico ALBERINI, ouvre l\u2019Assembl\u00e9e G\u00e9n\u00e9rale \u00e0 14 h. Il remercie de leur pr\u00e9senceMartine CANO, Pr\u00e9sidente de la FFCT,Catherine BORGEAIS-ROUET, Pr\u00e9sidente du COREG Aura (Auvergne-Rh\u00f4ne-Alpes) et du CODEP74,Antoine ARMAND, d\u00e9put\u00e9 de la circonscription d\u2019Annecy. Apr\u00e8s son rapport moral (voir dans l\u2019ICC d\u2019octobre 2022), il passe la parole [&hellip;]","og_url":"https:\/\/centcols.org\/nl\/cr-ag-2022-annecy\/","og_site_name":"Club des Cent Cols","article_publisher":"https:\/\/www.facebook.com\/groups\/5261880558\/?locale=fr_FR","article_published_time":"2022-09-15T14:44:53+00:00","article_modified_time":"2025-08-28T06:57:07+00:00","og_image":[{"width":2560,"height":1920,"url":"https:\/\/centcols.org\/wp-content\/uploads\/2025\/05\/01Table-Weibel-scaled-1.jpg","type":"image\/jpeg"}],"author":"Enrico Alberini","twitter_card":"summary_large_image","twitter_misc":{"Geschreven door":"Enrico Alberini","Geschatte leestijd":"4 minuten"},"schema":{"@context":"https:\/\/schema.org","@graph":[{"@type":"Article","@id":"https:\/\/centcols.org\/cr-ag-2022-annecy\/#article","isPartOf":{"@id":"https:\/\/centcols.org\/cr-ag-2022-annecy\/"},"author":{"name":"Enrico Alberini","@id":"https:\/\/centcols.org\/#\/schema\/person\/86c3ec6889d88501a29fccac614bebf8"},"headline":"Assembl\u00e9e g\u00e9n\u00e9rale du Club des Cent Cols, Annecy (Haute-Savoie) le 5 novembre 2022","datePublished":"2022-09-15T14:44:53+00:00","dateModified":"2025-08-28T06:57:07+00:00","mainEntityOfPage":{"@id":"https:\/\/centcols.org\/cr-ag-2022-annecy\/"},"wordCount":642,"publisher":{"@id":"https:\/\/centcols.org\/#organization"},"image":{"@id":"https:\/\/centcols.org\/cr-ag-2022-annecy\/#primaryimage"},"thumbnailUrl":"https:\/\/centcols.org\/wp-content\/uploads\/2025\/05\/01Table-Weibel-scaled-1.jpg","articleSection":["Assembl\u00e9es g\u00e9n\u00e9rales","Calendrier"],"inLanguage":"nl-BE"},{"@type":"WebPage","@id":"https:\/\/centcols.org\/cr-ag-2022-annecy\/","url":"https:\/\/centcols.org\/cr-ag-2022-annecy\/","name":"Algemene vergadering van de Club des Cent Cols, Annecy (Haute-Savoie) op 5 november 2022 - Club des Cent Cols","isPartOf":{"@id":"https:\/\/centcols.org\/#website"},"primaryImageOfPage":{"@id":"https:\/\/centcols.org\/cr-ag-2022-annecy\/#primaryimage"},"image":{"@id":"https:\/\/centcols.org\/cr-ag-2022-annecy\/#primaryimage"},"thumbnailUrl":"https:\/\/centcols.org\/wp-content\/uploads\/2025\/05\/01Table-Weibel-scaled-1.jpg","datePublished":"2022-09-15T14:44:53+00:00","dateModified":"2025-08-28T06:57:07+00:00","breadcrumb":{"@id":"https:\/\/centcols.org\/cr-ag-2022-annecy\/#breadcrumb"},"inLanguage":"nl-BE","potentialAction":[{"@type":"ReadAction","target":["https:\/\/centcols.org\/cr-ag-2022-annecy\/"]}]},{"@type":"ImageObject","inLanguage":"nl-BE","@id":"https:\/\/centcols.org\/cr-ag-2022-annecy\/#primaryimage","url":"https:\/\/centcols.org\/wp-content\/uploads\/2025\/05\/01Table-Weibel-scaled-1.jpg","contentUrl":"https:\/\/centcols.org\/wp-content\/uploads\/2025\/05\/01Table-Weibel-scaled-1.jpg","width":2560,"height":1920},{"@type":"BreadcrumbList","@id":"https:\/\/centcols.org\/cr-ag-2022-annecy\/#breadcrumb","itemListElement":[{"@type":"ListItem","position":1,"name":"Accueil","item":"https:\/\/centcols.org\/"},{"@type":"ListItem","position":2,"name":"Assembl\u00e9es g\u00e9n\u00e9rales","item":"https:\/\/centcols.org\/rubrique\/assemblees-generales\/"},{"@type":"ListItem","position":3,"name":"Assembl\u00e9e g\u00e9n\u00e9rale du Club des Cent Cols, Annecy (Haute-Savoie) le 5 novembre 2022"}]},{"@type":"WebSite","@id":"https:\/\/centcols.org\/#website","url":"https:\/\/centcols.org\/","name":"Club van Cent Cols","description":"","publisher":{"@id":"https:\/\/centcols.org\/#organization"},"potentialAction":[{"@type":"SearchAction","target":{"@type":"EntryPoint","urlTemplate":"https:\/\/centcols.org\/?s={search_term_string}"},"query-input":{"@type":"PropertyValueSpecification","valueRequired":true,"valueName":"search_term_string"}}],"inLanguage":"nl-BE"},{"@type":"Organization","@id":"https:\/\/centcols.org\/#organization","name":"Club van Cent Cols","url":"https:\/\/centcols.org\/","logo":{"@type":"ImageObject","inLanguage":"nl-BE","@id":"https:\/\/centcols.org\/#\/schema\/logo\/image\/","url":"https:\/\/centcols.org\/wp-content\/uploads\/2025\/01\/carte-icone.png","contentUrl":"https:\/\/centcols.org\/wp-content\/uploads\/2025\/01\/carte-icone.png","width":250,"height":250,"caption":"Club des Cent Cols"},"image":{"@id":"https:\/\/centcols.org\/#\/schema\/logo\/image\/"},"sameAs":["https:\/\/www.facebook.com\/groups\/5261880558\/?locale=fr_FR"]},{"@type":"Person","@id":"https:\/\/centcols.org\/#\/schema\/person\/86c3ec6889d88501a29fccac614bebf8","name":"Enrico Alberini","image":{"@type":"ImageObject","inLanguage":"nl-BE","@id":"https:\/\/centcols.org\/wp-content\/litespeed\/avatar\/1b26e36a18d85acc8b0f860f9628213f.jpg?ver=1777240766","url":"https:\/\/centcols.org\/wp-content\/litespeed\/avatar\/1b26e36a18d85acc8b0f860f9628213f.jpg?ver=1777240766","contentUrl":"https:\/\/centcols.org\/wp-content\/litespeed\/avatar\/1b26e36a18d85acc8b0f860f9628213f.jpg?ver=1777240766","caption":"Enrico Alberini"},"url":"https:\/\/centcols.org\/nl\/author\/5065\/"}]}},"_links":{"self":[{"href":"https:\/\/centcols.org\/nl\/wp-json\/wp\/v2\/posts\/82349","targetHints":{"allow":["GET"]}}],"collection":[{"href":"https:\/\/centcols.org\/nl\/wp-json\/wp\/v2\/posts"}],"about":[{"href":"https:\/\/centcols.org\/nl\/wp-json\/wp\/v2\/types\/post"}],"author":[{"embeddable":true,"href":"https:\/\/centcols.org\/nl\/wp-json\/wp\/v2\/users\/58"}],"replies":[{"embeddable":true,"href":"https:\/\/centcols.org\/nl\/wp-json\/wp\/v2\/comments?post=82349"}],"version-history":[{"count":0,"href":"https:\/\/centcols.org\/nl\/wp-json\/wp\/v2\/posts\/82349\/revisions"}],"wp:featuredmedia":[{"embeddable":true,"href":"https:\/\/centcols.org\/nl\/wp-json\/wp\/v2\/media\/82350"}],"wp:attachment":[{"href":"https:\/\/centcols.org\/nl\/wp-json\/wp\/v2\/media?parent=82349"}],"wp:term":[{"taxonomy":"category","embeddable":true,"href":"https:\/\/centcols.org\/nl\/wp-json\/wp\/v2\/categories?post=82349"},{"taxonomy":"post_tag","embeddable":true,"href":"https:\/\/centcols.org\/nl\/wp-json\/wp\/v2\/tags?post=82349"}],"curies":[{"name":"wp","href":"https:\/\/api.w.org\/{rel}","templated":true}]}}