{"id":82444,"date":"2023-07-19T07:02:06","date_gmt":"2023-07-19T05:02:06","guid":{"rendered":"https:\/\/centcols.org\/fr-06-tende-ouest-vtt-50-km-d-1650-m-7-cols\/"},"modified":"2026-03-31T17:16:21","modified_gmt":"2026-03-31T15:16:21","slug":"fr-06-tende-ouest-vtt-50-km-d-1650-m-7-cols","status":"publish","type":"post","link":"https:\/\/centcols.org\/nl\/fr-06-tende-ouest-vtt-50-km-d-1650-m-7-cols\/","title":{"rendered":"FR-06 Tende Ouest - MTB 50 km, D+ 1650 m, 7 passen"},"content":{"rendered":"<h2 class=\"wp-block-heading\">Ledenroute - MTB- 7 passen<\/h2>\n\n\n\n<iframe width=\"100%\" height=\"650\" loading=\"lazy\" src=\"https:\/\/www.openrunner.com\/embed\/6b41775a41677768703836425174615350787039633661374e456c4f704e647073643931305471374c31593d3a3a36325b10398f1cea6061b75072a17fb7?unit=metric\" style=\"border: none;\"><\/iframe>\n\n\n\n<h2 class=\"wp-block-heading\">Beschrijving auteur<\/h2>\n\n\n\n<p><strong>Auteur <\/strong>Ren\u00e9 Rial<\/p>\n\n\n\n<p><strong>Cursus<\/strong> uitgevoerd op 9\/09\/2016<\/p>\n\n\n\n<p><strong>Vertrek<\/strong> Locatie: In het centrum van het dorp Tende, vlakbij de noordelijke uitgang. Hoogte: 825 m<\/p>\n\n\n\n<h2 class=\"wp-block-heading\">Toeristische informatie<\/h2>\n\n\n\n<p>De paden en passen van de Tende-kam zijn bekend bij mountainbikers en pasfanaten. Talrijke militaire werken omzomen de paden van de bergkam die de grens vormt tussen Itali\u00eb en Frankrijk. Er zijn veel opmerkelijke uitzichtpunten onderweg.<\/p>\n\n\n\n<p><strong>7 kragen<\/strong><\/p>\n\n\n\n<figure class=\"wp-block-table is-style-stripes\"><table class=\"has-fixed-layout\"><tbody><tr><td>1 Col de Tende Ouest of Colla Bassa<br>2 Pernante of Colletta pas<br>3 Lager Peru<br>4 Daling in Barsenzane<br>5 Pe\u00efrefique druppel<br>6 Baisse d'Ourne<br>7 Colla Megiana of Colla Mezzana<br>Optie: La Porte op R1\/R2 vanaf Baisse de d'Ourne<\/td><td><a href=\"https:\/\/centcols.org\/nl\/util\/geo\/visu.php\/?code=FR-06-1871\" target=\"_blank\" rel=\"noreferrer noopener\">FR-06-1871<\/a><br><a href=\"https:\/\/centcols.org\/nl\/util\/geo\/visu.php\/?code=FR-06-1898\" target=\"_blank\" rel=\"noreferrer noopener\">FR-06-1898<\/a><br><a href=\"https:\/\/centcols.org\/nl\/util\/geo\/visu.php\/?code=FR-06-2079\" target=\"_blank\" rel=\"noreferrer noopener\">FR-06-2079<\/a><br><a href=\"https:\/\/centcols.org\/nl\/util\/geo\/visu.php\/?code=FR-06-2075\" target=\"_blank\" rel=\"noreferrer noopener\">FR-06-2075<\/a><br><a href=\"https:\/\/centcols.org\/nl\/util\/geo\/visu.php\/?code=FR-06-2030\" target=\"_blank\" rel=\"noreferrer noopener\">FR-06-2030<\/a><br><a href=\"https:\/\/centcols.org\/nl\/util\/geo\/visu.php\/?code=FR-06-2040\" target=\"_blank\" rel=\"noreferrer noopener\">FR-06-2040<\/a><br><a href=\"https:\/\/centcols.org\/nl\/util\/geo\/visu.php\/?code=FR-06-1760b\" target=\"_blank\" rel=\"noreferrer noopener\">FR-06-1760b<\/a><br><a href=\"https:\/\/centcols.org\/nl\/util\/geo\/visu.php\/?code=FR-06-2100\" target=\"_blank\" rel=\"noreferrer noopener\">FR-06-2100<\/a><\/td><\/tr><\/tbody><\/table><\/figure>\n\n\n\n<h2 class=\"wp-block-heading\">Technische specificaties<\/h2>\n\n\n\n<p>Het grootste deel van de route gaat over aangename fietspaden. Er zijn ook een paar uitdagende stukken. De beklimming van de Baisse de Barsenzane gaat over een pad dat gedeeltelijk fietsbaar of duwbaar is.<\/p>\n\n\n\n<p><strong>Trefwoorden<\/strong> Centcols,Tende,Tenda, Pierefique, Pietrifica, Roya<\/p>\n\n\n\n<p><strong>Openrunner link, interactieve kaart, profiel, gpx track<\/strong> : <strong><a href=\"https:\/\/www.openrunner.com\/route-details\/6599219\" target=\"_blank\" rel=\"noreferrer noopener\">https:\/\/www.openrunner.com\/route-details\/6599219<\/a><\/strong><\/p>\n\n\n\n<p>Deze routebeschrijving wordt slechts ter indicatie aangeboden. De auteur aanvaardt geen aansprakelijkheid, noch die van de Club des Cent Cols, voor eventuele onberekenbaarheden die te wijten zijn aan de fietser zelf, het gebruikte materiaal of alles wat te maken heeft met de weg, paden en wegen, hun omgeving of andere gebruikers.<\/p>\n\n\n\n<h2 class=\"wp-block-heading\">Foto's<\/h2>\n\n\n\n<p>Fotoalbum : <a href=\"https:\/\/goo.gl\/photos\/ePWghy1jaYNJMY9a9\" target=\"_blank\" rel=\"noreferrer noopener\">https:\/\/goo.gl\/photos\/ePWghy1jaYNJMY9a9<\/a><\/p>\n\n\n<div class=\"wp-block-image\">\n<figure class=\"aligncenter size-full is-resized\"><a href=\"https:\/\/centcols.org\/wp-content\/uploads\/2023\/07\/Tende-1200x6751-1.jpg\"><img loading=\"lazy\" decoding=\"async\" width=\"1200\" height=\"675\" src=\"https:\/\/centcols.org\/wp-content\/uploads\/2023\/07\/Tende-1200x6751-1.jpg\" alt=\"\" class=\"wp-image-89885\" style=\"width:800px\" srcset=\"https:\/\/centcols.org\/wp-content\/uploads\/2023\/07\/Tende-1200x6751-1.jpg 1200w, https:\/\/centcols.org\/wp-content\/uploads\/2023\/07\/Tende-1200x6751-1-768x432.jpg 768w, https:\/\/centcols.org\/wp-content\/uploads\/2023\/07\/Tende-1200x6751-1-18x10.jpg 18w\" sizes=\"auto, (max-width: 1200px) 100vw, 1200px\" \/><\/a><figcaption class=\"wp-element-caption\"><strong>Tende<\/strong><\/figcaption><\/figure>\n<\/div>\n\n<div class=\"wp-block-image\">\n<figure class=\"aligncenter size-full is-resized\"><a href=\"https:\/\/centcols.org\/wp-content\/uploads\/2023\/07\/Paysage-21.jpg\"><img loading=\"lazy\" decoding=\"async\" width=\"1000\" height=\"563\" src=\"https:\/\/centcols.org\/wp-content\/uploads\/2023\/07\/Paysage-21.jpg\" alt=\"\" class=\"wp-image-89886\" style=\"width:800px\" srcset=\"https:\/\/centcols.org\/wp-content\/uploads\/2023\/07\/Paysage-21.jpg 1000w, https:\/\/centcols.org\/wp-content\/uploads\/2023\/07\/Paysage-21-768x432.jpg 768w, https:\/\/centcols.org\/wp-content\/uploads\/2023\/07\/Paysage-21-18x10.jpg 18w\" sizes=\"auto, (max-width: 1000px) 100vw, 1000px\" \/><\/a><figcaption class=\"wp-element-caption\"><strong>De track<\/strong><\/figcaption><\/figure>\n<\/div>\n\n<div class=\"wp-block-image\">\n<figure class=\"aligncenter size-full is-resized\"><a href=\"https:\/\/centcols.org\/wp-content\/uploads\/2023\/07\/Les-lacets-de-Tende-1200x6751-1.jpg\"><img loading=\"lazy\" decoding=\"async\" width=\"1200\" height=\"675\" src=\"https:\/\/centcols.org\/wp-content\/uploads\/2023\/07\/Les-lacets-de-Tende-1200x6751-1.jpg\" alt=\"\" class=\"wp-image-89887\" style=\"width:800px\" srcset=\"https:\/\/centcols.org\/wp-content\/uploads\/2023\/07\/Les-lacets-de-Tende-1200x6751-1.jpg 1200w, https:\/\/centcols.org\/wp-content\/uploads\/2023\/07\/Les-lacets-de-Tende-1200x6751-1-768x432.jpg 768w, https:\/\/centcols.org\/wp-content\/uploads\/2023\/07\/Les-lacets-de-Tende-1200x6751-1-18x10.jpg 18w\" sizes=\"auto, (max-width: 1200px) 100vw, 1200px\" \/><\/a><figcaption class=\"wp-element-caption\"><strong>De veters van de Col de Tende<\/strong><\/figcaption><\/figure>\n<\/div>\n\n<div class=\"wp-block-image\">\n<figure class=\"aligncenter size-large is-resized\"><img decoding=\"async\" src=\"https:\/\/centcols.org\/util\/geo\/visu\/FR\/img\/1313\/8704.jpg\" alt=\"\" style=\"width:800px\"\/><figcaption class=\"wp-element-caption\"><strong>Col de Tende West<\/strong><\/figcaption><\/figure>\n<\/div>\n\n<div class=\"wp-block-image\">\n<figure class=\"aligncenter size-large is-resized\"><img decoding=\"async\" src=\"https:\/\/centcols.org\/util\/geo\/visu\/FR\/img\/1313\/9201.jpg\" alt=\"\" style=\"width:800px\"\/><figcaption class=\"wp-element-caption\"><strong>Col de Pernante<\/strong><\/figcaption><\/figure>\n<\/div>\n\n<div class=\"wp-block-image\">\n<figure class=\"aligncenter size-large is-resized\"><img decoding=\"async\" src=\"https:\/\/centcols.org\/util\/geo\/visu\/FR\/img\/1314\/3000.jpg\" alt=\"\" style=\"width:800px\"\/><figcaption class=\"wp-element-caption\"><strong>Daling in Peru<\/strong><\/figcaption><\/figure>\n<\/div>\n\n<div class=\"wp-block-image\">\n<figure class=\"aligncenter size-large is-resized\"><img decoding=\"async\" src=\"https:\/\/centcols.org\/util\/geo\/visu\/FR\/img\/1314\/1902.jpg\" alt=\"\" style=\"width:800px\"\/><figcaption class=\"wp-element-caption\"><strong>Afname in Pe\u00efrefique<\/strong><\/figcaption><\/figure>\n<\/div>\n\n<div class=\"wp-block-image\">\n<figure class=\"aligncenter size-large is-resized\"><img decoding=\"async\" src=\"https:\/\/centcols.org\/util\/geo\/visu\/FR\/img\/1314\/2103.jpg\" alt=\"\" style=\"width:800px\"\/><figcaption class=\"wp-element-caption\"><strong>Baisse d'Ourne<\/strong><\/figcaption><\/figure>\n<\/div>\n\n<div class=\"wp-block-image\">\n<figure class=\"aligncenter size-large is-resized\"><img decoding=\"async\" src=\"https:\/\/centcols.org\/util\/geo\/visu\/FR\/img\/1313\/7103.jpg\" alt=\"\" style=\"width:800px\"\/><figcaption class=\"wp-element-caption\"><strong>Megiana<\/strong><\/figcaption><\/figure>\n<\/div>\n\n<div class=\"wp-block-image\">\n<figure class=\"aligncenter size-large\"><img decoding=\"async\" src=\"https:\/\/centcols.org\/util\/geo\/visu\/FR\/img\/1314\/3503.jpg\" alt=\"\"\/><figcaption class=\"wp-element-caption\"><strong>La Porte<\/strong><\/figcaption><\/figure>\n<\/div>","protected":false},"excerpt":{"rendered":"<p>Parcours des membres \u2013 VTT- 7 cols Description de l\u2019auteur Auteur : Ren\u00e9 Rial Parcours : effectu\u00e9 le 9\/09\/2016 D\u00e9part : Centre du village de Tende, proche de la sortie nord. Alt : 825 m Descriptif touristique La r\u00e9putation des pistes et cols des cr\u00eates de Tende n\u2019est plus \u00e0 faire pour les amateurs de [&hellip;]<\/p>\n","protected":false},"author":3,"featured_media":82878,"comment_status":"open","ping_status":"open","sticky":false,"template":"","format":"standard","meta":{"_acf_changed":false,"footnotes":""},"categories":[303,319,344,392,343,220],"tags":[],"class_list":["post-82444","post","type-post","status-publish","format-standard","has-post-thumbnail","hentry","category-parcours-france","category-vtt-type-parcours","category-alpes-francaises-du-sud","category-06-alpes-maritimes","category-provence-alpes-cote-dazur-parcours-membres","category-parcours-membres"],"acf":[],"yoast_head":"<!-- This site is optimized with the Yoast SEO plugin v27.2 - https:\/\/yoast.com\/product\/yoast-seo-wordpress\/ -->\n<title>FR-06 Tende Ouest - VTT 50 km, D+ 1650 m, 7 cols - Club des Cent Cols<\/title>\n<meta name=\"robots\" content=\"index, follow, max-snippet:-1, max-image-preview:large, max-video-preview:-1\" \/>\n<link rel=\"canonical\" href=\"https:\/\/centcols.org\/nl\/fr-06-tende-ouest-vtt-50-km-d-1650-m-7-cols\/\" \/>\n<meta property=\"og:locale\" content=\"nl_BE\" \/>\n<meta property=\"og:type\" content=\"article\" \/>\n<meta property=\"og:title\" content=\"FR-06 Tende Ouest - VTT 50 km, D+ 1650 m, 7 cols - Club des Cent Cols\" \/>\n<meta property=\"og:description\" content=\"Parcours des membres \u2013 VTT- 7 cols Description de l\u2019auteur Auteur : Ren\u00e9 Rial Parcours : effectu\u00e9 le 9\/09\/2016 D\u00e9part : Centre du village de Tende, proche de la sortie nord. Alt : 825 m Descriptif touristique La r\u00e9putation des pistes et cols des cr\u00eates de Tende n\u2019est plus \u00e0 faire pour les amateurs de [&hellip;]\" \/>\n<meta property=\"og:url\" content=\"https:\/\/centcols.org\/nl\/fr-06-tende-ouest-vtt-50-km-d-1650-m-7-cols\/\" \/>\n<meta property=\"og:site_name\" content=\"Club des Cent Cols\" \/>\n<meta property=\"article:publisher\" content=\"https:\/\/www.facebook.com\/groups\/5261880558\/?locale=fr_FR\" \/>\n<meta property=\"article:published_time\" content=\"2023-07-19T05:02:06+00:00\" \/>\n<meta property=\"article:modified_time\" content=\"2026-03-31T15:16:21+00:00\" \/>\n<meta property=\"og:image\" content=\"https:\/\/centcols.org\/wp-content\/uploads\/2023\/07\/87041.jpg\" \/>\n\t<meta property=\"og:image:width\" content=\"800\" \/>\n\t<meta property=\"og:image:height\" content=\"500\" \/>\n\t<meta property=\"og:image:type\" content=\"image\/jpeg\" \/>\n<meta name=\"author\" content=\"Webmestre\" \/>\n<meta name=\"twitter:card\" content=\"summary_large_image\" \/>\n<meta name=\"twitter:label1\" content=\"Geschreven door\" \/>\n\t<meta name=\"twitter:data1\" content=\"Webmestre\" \/>\n\t<meta name=\"twitter:label2\" content=\"Geschatte leestijd\" \/>\n\t<meta name=\"twitter:data2\" content=\"4 minuten\" \/>\n<script type=\"application\/ld+json\" class=\"yoast-schema-graph\">{\"@context\":\"https:\/\/schema.org\",\"@graph\":[{\"@type\":\"Article\",\"@id\":\"https:\/\/centcols.org\/fr-06-tende-ouest-vtt-50-km-d-1650-m-7-cols\/#article\",\"isPartOf\":{\"@id\":\"https:\/\/centcols.org\/fr-06-tende-ouest-vtt-50-km-d-1650-m-7-cols\/\"},\"author\":{\"name\":\"Webmestre\",\"@id\":\"https:\/\/centcols.org\/#\/schema\/person\/911b404fb133d8c913dd27cdcf71c8e5\"},\"headline\":\"FR-06 Tende Ouest &#8211; VTT 50 km, D+ 1650 m, 7 cols\",\"datePublished\":\"2023-07-19T05:02:06+00:00\",\"dateModified\":\"2026-03-31T15:16:21+00:00\",\"mainEntityOfPage\":{\"@id\":\"https:\/\/centcols.org\/fr-06-tende-ouest-vtt-50-km-d-1650-m-7-cols\/\"},\"wordCount\":313,\"commentCount\":0,\"publisher\":{\"@id\":\"https:\/\/centcols.org\/#organization\"},\"image\":{\"@id\":\"https:\/\/centcols.org\/fr-06-tende-ouest-vtt-50-km-d-1650-m-7-cols\/#primaryimage\"},\"thumbnailUrl\":\"https:\/\/centcols.org\/wp-content\/uploads\/2023\/07\/87041.jpg\",\"articleSection\":[\"Parcours France\",\"VTT\",\"Alpes fran\u00e7aises du sud\",\"06-Alpes Maritimes\",\"Provence-Alpes-C\u00f4te d'Azur\",\"Parcours membres\"],\"inLanguage\":\"nl-BE\",\"potentialAction\":[{\"@type\":\"CommentAction\",\"name\":\"Comment\",\"target\":[\"https:\/\/centcols.org\/fr-06-tende-ouest-vtt-50-km-d-1650-m-7-cols\/#respond\"]}]},{\"@type\":\"WebPage\",\"@id\":\"https:\/\/centcols.org\/fr-06-tende-ouest-vtt-50-km-d-1650-m-7-cols\/\",\"url\":\"https:\/\/centcols.org\/fr-06-tende-ouest-vtt-50-km-d-1650-m-7-cols\/\",\"name\":\"FR-06 Tende Ouest - VTT 50 km, D+ 1650 m, 7 cols - Club des Cent Cols\",\"isPartOf\":{\"@id\":\"https:\/\/centcols.org\/#website\"},\"primaryImageOfPage\":{\"@id\":\"https:\/\/centcols.org\/fr-06-tende-ouest-vtt-50-km-d-1650-m-7-cols\/#primaryimage\"},\"image\":{\"@id\":\"https:\/\/centcols.org\/fr-06-tende-ouest-vtt-50-km-d-1650-m-7-cols\/#primaryimage\"},\"thumbnailUrl\":\"https:\/\/centcols.org\/wp-content\/uploads\/2023\/07\/87041.jpg\",\"datePublished\":\"2023-07-19T05:02:06+00:00\",\"dateModified\":\"2026-03-31T15:16:21+00:00\",\"breadcrumb\":{\"@id\":\"https:\/\/centcols.org\/fr-06-tende-ouest-vtt-50-km-d-1650-m-7-cols\/#breadcrumb\"},\"inLanguage\":\"nl-BE\",\"potentialAction\":[{\"@type\":\"ReadAction\",\"target\":[\"https:\/\/centcols.org\/fr-06-tende-ouest-vtt-50-km-d-1650-m-7-cols\/\"]}]},{\"@type\":\"ImageObject\",\"inLanguage\":\"nl-BE\",\"@id\":\"https:\/\/centcols.org\/fr-06-tende-ouest-vtt-50-km-d-1650-m-7-cols\/#primaryimage\",\"url\":\"https:\/\/centcols.org\/wp-content\/uploads\/2023\/07\/87041.jpg\",\"contentUrl\":\"https:\/\/centcols.org\/wp-content\/uploads\/2023\/07\/87041.jpg\",\"width\":800,\"height\":500},{\"@type\":\"BreadcrumbList\",\"@id\":\"https:\/\/centcols.org\/fr-06-tende-ouest-vtt-50-km-d-1650-m-7-cols\/#breadcrumb\",\"itemListElement\":[{\"@type\":\"ListItem\",\"position\":1,\"name\":\"Accueil\",\"item\":\"https:\/\/centcols.org\/\"},{\"@type\":\"ListItem\",\"position\":2,\"name\":\"Parcours membres\",\"item\":\"https:\/\/centcols.org\/rubrique\/parcours-membres\/\"},{\"@type\":\"ListItem\",\"position\":3,\"name\":\"Pays\",\"item\":\"https:\/\/centcols.org\/rubrique\/parcours-membres\/pays-parcours-membres\/\"},{\"@type\":\"ListItem\",\"position\":4,\"name\":\"Parcours France\",\"item\":\"https:\/\/centcols.org\/rubrique\/parcours-membres\/pays-parcours-membres\/parcours-france\/\"},{\"@type\":\"ListItem\",\"position\":5,\"name\":\"FR-06 Tende Ouest &#8211; VTT 50 km, D+ 1650 m, 7 cols\"}]},{\"@type\":\"WebSite\",\"@id\":\"https:\/\/centcols.org\/#website\",\"url\":\"https:\/\/centcols.org\/\",\"name\":\"Club des Cent Cols\",\"description\":\"\",\"publisher\":{\"@id\":\"https:\/\/centcols.org\/#organization\"},\"potentialAction\":[{\"@type\":\"SearchAction\",\"target\":{\"@type\":\"EntryPoint\",\"urlTemplate\":\"https:\/\/centcols.org\/?s={search_term_string}\"},\"query-input\":{\"@type\":\"PropertyValueSpecification\",\"valueRequired\":true,\"valueName\":\"search_term_string\"}}],\"inLanguage\":\"nl-BE\"},{\"@type\":\"Organization\",\"@id\":\"https:\/\/centcols.org\/#organization\",\"name\":\"Club des Cent Cols\",\"url\":\"https:\/\/centcols.org\/\",\"logo\":{\"@type\":\"ImageObject\",\"inLanguage\":\"nl-BE\",\"@id\":\"https:\/\/centcols.org\/#\/schema\/logo\/image\/\",\"url\":\"https:\/\/centcols.org\/wp-content\/uploads\/2025\/01\/carte-icone.png\",\"contentUrl\":\"https:\/\/centcols.org\/wp-content\/uploads\/2025\/01\/carte-icone.png\",\"width\":250,\"height\":250,\"caption\":\"Club des Cent Cols\"},\"image\":{\"@id\":\"https:\/\/centcols.org\/#\/schema\/logo\/image\/\"},\"sameAs\":[\"https:\/\/www.facebook.com\/groups\/5261880558\/?locale=fr_FR\"]},{\"@type\":\"Person\",\"@id\":\"https:\/\/centcols.org\/#\/schema\/person\/911b404fb133d8c913dd27cdcf71c8e5\",\"name\":\"Webmestre\",\"image\":{\"@type\":\"ImageObject\",\"inLanguage\":\"nl-BE\",\"@id\":\"https:\/\/centcols.org\/wp-content\/litespeed\/avatar\/2d246e4b6b4f773e08515e1ffc53690b.jpg?ver=1777222892\",\"url\":\"https:\/\/centcols.org\/wp-content\/litespeed\/avatar\/2d246e4b6b4f773e08515e1ffc53690b.jpg?ver=1777222892\",\"contentUrl\":\"https:\/\/centcols.org\/wp-content\/litespeed\/avatar\/2d246e4b6b4f773e08515e1ffc53690b.jpg?ver=1777222892\",\"caption\":\"Webmestre\"},\"url\":\"https:\/\/centcols.org\/nl\/author\/webmestre\/\"}]}<\/script>\n<!-- \/ Yoast SEO plugin. -->","yoast_head_json":{"title":"FR-06 Tende Ouest - MTB 50 km, D+ 1650 m, 7 passen - Club des Cent Cols","robots":{"index":"index","follow":"follow","max-snippet":"max-snippet:-1","max-image-preview":"max-image-preview:large","max-video-preview":"max-video-preview:-1"},"canonical":"https:\/\/centcols.org\/nl\/fr-06-tende-ouest-vtt-50-km-d-1650-m-7-cols\/","og_locale":"nl_BE","og_type":"article","og_title":"FR-06 Tende Ouest - VTT 50 km, D+ 1650 m, 7 cols - Club des Cent Cols","og_description":"Parcours des membres \u2013 VTT- 7 cols Description de l\u2019auteur Auteur : Ren\u00e9 Rial Parcours : effectu\u00e9 le 9\/09\/2016 D\u00e9part : Centre du village de Tende, proche de la sortie nord. Alt : 825 m Descriptif touristique La r\u00e9putation des pistes et cols des cr\u00eates de Tende n\u2019est plus \u00e0 faire pour les amateurs de [&hellip;]","og_url":"https:\/\/centcols.org\/nl\/fr-06-tende-ouest-vtt-50-km-d-1650-m-7-cols\/","og_site_name":"Club des Cent Cols","article_publisher":"https:\/\/www.facebook.com\/groups\/5261880558\/?locale=fr_FR","article_published_time":"2023-07-19T05:02:06+00:00","article_modified_time":"2026-03-31T15:16:21+00:00","og_image":[{"width":800,"height":500,"url":"https:\/\/centcols.org\/wp-content\/uploads\/2023\/07\/87041.jpg","type":"image\/jpeg"}],"author":"Webmestre","twitter_card":"summary_large_image","twitter_misc":{"Geschreven door":"Webmestre","Geschatte leestijd":"4 minuten"},"schema":{"@context":"https:\/\/schema.org","@graph":[{"@type":"Article","@id":"https:\/\/centcols.org\/fr-06-tende-ouest-vtt-50-km-d-1650-m-7-cols\/#article","isPartOf":{"@id":"https:\/\/centcols.org\/fr-06-tende-ouest-vtt-50-km-d-1650-m-7-cols\/"},"author":{"name":"Webmestre","@id":"https:\/\/centcols.org\/#\/schema\/person\/911b404fb133d8c913dd27cdcf71c8e5"},"headline":"FR-06 Tende Ouest &#8211; VTT 50 km, D+ 1650 m, 7 cols","datePublished":"2023-07-19T05:02:06+00:00","dateModified":"2026-03-31T15:16:21+00:00","mainEntityOfPage":{"@id":"https:\/\/centcols.org\/fr-06-tende-ouest-vtt-50-km-d-1650-m-7-cols\/"},"wordCount":313,"commentCount":0,"publisher":{"@id":"https:\/\/centcols.org\/#organization"},"image":{"@id":"https:\/\/centcols.org\/fr-06-tende-ouest-vtt-50-km-d-1650-m-7-cols\/#primaryimage"},"thumbnailUrl":"https:\/\/centcols.org\/wp-content\/uploads\/2023\/07\/87041.jpg","articleSection":["Parcours France","VTT","Alpes fran\u00e7aises du sud","06-Alpes Maritimes","Provence-Alpes-C\u00f4te d'Azur","Parcours membres"],"inLanguage":"nl-BE","potentialAction":[{"@type":"CommentAction","name":"Comment","target":["https:\/\/centcols.org\/fr-06-tende-ouest-vtt-50-km-d-1650-m-7-cols\/#respond"]}]},{"@type":"WebPage","@id":"https:\/\/centcols.org\/fr-06-tende-ouest-vtt-50-km-d-1650-m-7-cols\/","url":"https:\/\/centcols.org\/fr-06-tende-ouest-vtt-50-km-d-1650-m-7-cols\/","name":"FR-06 Tende Ouest - MTB 50 km, D+ 1650 m, 7 passen - Club des Cent Cols","isPartOf":{"@id":"https:\/\/centcols.org\/#website"},"primaryImageOfPage":{"@id":"https:\/\/centcols.org\/fr-06-tende-ouest-vtt-50-km-d-1650-m-7-cols\/#primaryimage"},"image":{"@id":"https:\/\/centcols.org\/fr-06-tende-ouest-vtt-50-km-d-1650-m-7-cols\/#primaryimage"},"thumbnailUrl":"https:\/\/centcols.org\/wp-content\/uploads\/2023\/07\/87041.jpg","datePublished":"2023-07-19T05:02:06+00:00","dateModified":"2026-03-31T15:16:21+00:00","breadcrumb":{"@id":"https:\/\/centcols.org\/fr-06-tende-ouest-vtt-50-km-d-1650-m-7-cols\/#breadcrumb"},"inLanguage":"nl-BE","potentialAction":[{"@type":"ReadAction","target":["https:\/\/centcols.org\/fr-06-tende-ouest-vtt-50-km-d-1650-m-7-cols\/"]}]},{"@type":"ImageObject","inLanguage":"nl-BE","@id":"https:\/\/centcols.org\/fr-06-tende-ouest-vtt-50-km-d-1650-m-7-cols\/#primaryimage","url":"https:\/\/centcols.org\/wp-content\/uploads\/2023\/07\/87041.jpg","contentUrl":"https:\/\/centcols.org\/wp-content\/uploads\/2023\/07\/87041.jpg","width":800,"height":500},{"@type":"BreadcrumbList","@id":"https:\/\/centcols.org\/fr-06-tende-ouest-vtt-50-km-d-1650-m-7-cols\/#breadcrumb","itemListElement":[{"@type":"ListItem","position":1,"name":"Accueil","item":"https:\/\/centcols.org\/"},{"@type":"ListItem","position":2,"name":"Parcours membres","item":"https:\/\/centcols.org\/rubrique\/parcours-membres\/"},{"@type":"ListItem","position":3,"name":"Pays","item":"https:\/\/centcols.org\/rubrique\/parcours-membres\/pays-parcours-membres\/"},{"@type":"ListItem","position":4,"name":"Parcours France","item":"https:\/\/centcols.org\/rubrique\/parcours-membres\/pays-parcours-membres\/parcours-france\/"},{"@type":"ListItem","position":5,"name":"FR-06 Tende Ouest &#8211; VTT 50 km, D+ 1650 m, 7 cols"}]},{"@type":"WebSite","@id":"https:\/\/centcols.org\/#website","url":"https:\/\/centcols.org\/","name":"Club van Cent Cols","description":"","publisher":{"@id":"https:\/\/centcols.org\/#organization"},"potentialAction":[{"@type":"SearchAction","target":{"@type":"EntryPoint","urlTemplate":"https:\/\/centcols.org\/?s={search_term_string}"},"query-input":{"@type":"PropertyValueSpecification","valueRequired":true,"valueName":"search_term_string"}}],"inLanguage":"nl-BE"},{"@type":"Organization","@id":"https:\/\/centcols.org\/#organization","name":"Club van Cent Cols","url":"https:\/\/centcols.org\/","logo":{"@type":"ImageObject","inLanguage":"nl-BE","@id":"https:\/\/centcols.org\/#\/schema\/logo\/image\/","url":"https:\/\/centcols.org\/wp-content\/uploads\/2025\/01\/carte-icone.png","contentUrl":"https:\/\/centcols.org\/wp-content\/uploads\/2025\/01\/carte-icone.png","width":250,"height":250,"caption":"Club des Cent Cols"},"image":{"@id":"https:\/\/centcols.org\/#\/schema\/logo\/image\/"},"sameAs":["https:\/\/www.facebook.com\/groups\/5261880558\/?locale=fr_FR"]},{"@type":"Person","@id":"https:\/\/centcols.org\/#\/schema\/person\/911b404fb133d8c913dd27cdcf71c8e5","name":"Webmaster","image":{"@type":"ImageObject","inLanguage":"nl-BE","@id":"https:\/\/centcols.org\/wp-content\/litespeed\/avatar\/2d246e4b6b4f773e08515e1ffc53690b.jpg?ver=1777222892","url":"https:\/\/centcols.org\/wp-content\/litespeed\/avatar\/2d246e4b6b4f773e08515e1ffc53690b.jpg?ver=1777222892","contentUrl":"https:\/\/centcols.org\/wp-content\/litespeed\/avatar\/2d246e4b6b4f773e08515e1ffc53690b.jpg?ver=1777222892","caption":"Webmestre"},"url":"https:\/\/centcols.org\/nl\/author\/webmestre\/"}]}},"_links":{"self":[{"href":"https:\/\/centcols.org\/nl\/wp-json\/wp\/v2\/posts\/82444","targetHints":{"allow":["GET"]}}],"collection":[{"href":"https:\/\/centcols.org\/nl\/wp-json\/wp\/v2\/posts"}],"about":[{"href":"https:\/\/centcols.org\/nl\/wp-json\/wp\/v2\/types\/post"}],"author":[{"embeddable":true,"href":"https:\/\/centcols.org\/nl\/wp-json\/wp\/v2\/users\/3"}],"replies":[{"embeddable":true,"href":"https:\/\/centcols.org\/nl\/wp-json\/wp\/v2\/comments?post=82444"}],"version-history":[{"count":0,"href":"https:\/\/centcols.org\/nl\/wp-json\/wp\/v2\/posts\/82444\/revisions"}],"wp:featuredmedia":[{"embeddable":true,"href":"https:\/\/centcols.org\/nl\/wp-json\/wp\/v2\/media\/82878"}],"wp:attachment":[{"href":"https:\/\/centcols.org\/nl\/wp-json\/wp\/v2\/media?parent=82444"}],"wp:term":[{"taxonomy":"category","embeddable":true,"href":"https:\/\/centcols.org\/nl\/wp-json\/wp\/v2\/categories?post=82444"},{"taxonomy":"post_tag","embeddable":true,"href":"https:\/\/centcols.org\/nl\/wp-json\/wp\/v2\/tags?post=82444"}],"curies":[{"name":"wp","href":"https:\/\/api.w.org\/{rel}","templated":true}]}}