{"id":82447,"date":"2023-07-05T09:50:00","date_gmt":"2023-07-05T07:50:00","guid":{"rendered":"https:\/\/centcols.org\/fr-54-grand-est-rencontre-regionale-2022-route-44-km-d-490-m-3-cols\/"},"modified":"2025-09-12T20:07:58","modified_gmt":"2025-09-12T18:07:58","slug":"fr-54-grand-est-regionale-bijeenkomst-2022-weg-44-km-d-490-m-3-passen","status":"publish","type":"post","link":"https:\/\/centcols.org\/nl\/fr-54-grand-est-rencontre-regionale-2022-route-44-km-d-490-m-3-cols\/","title":{"rendered":"FR-54 Grand Est Regional Meeting 2022 - Weg 44 km, D+ 490 m, 3 passen"},"content":{"rendered":"<iframe width=\"100%\" height=\"650\" loading=\"lazy\" src=\"https:\/\/www.openrunner.com\/embed\/2f434e5249395652546a70372b6d747a3266376f564e4f556c35496a4139746c477a76443841472f5a4a733d3a3a701de1aa3ef50ef86b1a7517e6c94356?unit=metric\" style=\"border: none;\"><\/iframe>\n\n\n\n<h2 class=\"wp-block-heading\">Beschrijving auteur<\/h2>\n\n\n\n<p><strong>Auteur <\/strong>Denis Mathieu<\/p>\n\n\n\n<p><strong>Cursus<\/strong> uitgevoerd op 3 september 2022<\/p>\n\n\n\n<p><strong>Vertrek<\/strong> Parkeren: parkeerplaats zwembad Pont-\u00e0-Mousson. Hoogte: 180 m<\/p>\n\n\n\n<h2 class=\"wp-block-heading\">Toeristische informatie<\/h2>\n\n\n\n<p>De route begint op de groene weg die langs de Moezel op de linkeroever loopt. Deze route biedt een prachtig uitzicht op de voormalige abdij van Pr\u00e9montr\u00e9s op de tegenoverliggende oever. Vervolgens gaat de route terug naar Pont-\u00e0-Mousson via de hoogten op de rechteroever om 2 passen uit de archieven van de Eerste Wereldoorlog over te steken.<\/p>\n\n\n\n<p><strong>3 kragen<\/strong><\/p>\n\n\n\n<figure class=\"wp-block-table is-style-stripes\"><table class=\"has-fixed-layout\"><tbody><tr><td>Col du RUDEMONT<br>Kol d'Arry&nbsp;<br>Lesm\u00e9nils pas<\/td><td><a href=\"https:\/\/centcols.org\/nl\/util\/geo\/visu.php\/?code=FR-54-0250\" target=\"_blank\" rel=\"noreferrer noopener\">FR-54-0250<\/a><br><a href=\"https:\/\/centcols.org\/nl\/util\/geo\/visu.php\/?code=FR-57-0357\" target=\"_blank\" rel=\"noreferrer noopener\">FR-57-0357<\/a><br><a href=\"https:\/\/centcols.org\/nl\/util\/geo\/visu.php\/?code=FR-54-0272\" target=\"_blank\" rel=\"noreferrer noopener\">FR-54-0272<\/a><\/td><\/tr><\/tbody><\/table><\/figure>\n\n\n\n<h2 class=\"wp-block-heading\">Technische specificaties<\/h2>\n\n\n\n<p>De weg naar beneden vanaf de Col de Rudemont is in september 2022 zwaar beschadigd. Deze kan worden vermeden door op de pas een U-bocht te maken en onderaan Nov\u00e9ant linksaf te slaan om weer op de route te komen. De klim naar de Col d'Arry is zwaar.<\/p>\n\n\n\n<p><strong>Trefwoorden<\/strong> Pont-\u00e0-Mousson, Col d'Arry, Col de Lesm\u00e9nils, Col de Rudemont, groene Moezelroute<\/p>\n\n\n\n<p><strong>Openrunner link, interactieve kaart, profiel, gpx track<\/strong> : <a href=\"https:\/\/www.openrunner.com\/route-details\/16418773\" target=\"_blank\" rel=\"noreferrer noopener\"><strong>https:\/\/www.openrunner.com\/route-details\/16418773<\/strong><\/a><\/p>\n\n\n\n<p>Deze routebeschrijving wordt slechts ter indicatie aangeboden. De auteur aanvaardt geen aansprakelijkheid, noch die van de Club des Cent Cols, voor eventuele onberekenbaarheden die te wijten zijn aan de fietser zelf, het gebruikte materiaal of alles wat te maken heeft met de weg, paden en wegen, hun omgeving of andere gebruikers.<\/p>\n\n\n\n<h2 class=\"wp-block-heading\">Foto's<\/h2>\n\n\n\n<p class=\"has-medium-font-size\"><\/p>\n\n\n<div class=\"wp-block-image is-resized\">\n<figure class=\"aligncenter size-full\"><a href=\"https:\/\/centcols.org\/wp-content\/uploads\/2023\/07\/Rencontre-1200x9001-1.jpg\"><img loading=\"lazy\" decoding=\"async\" width=\"1200\" height=\"900\" src=\"https:\/\/centcols.org\/wp-content\/uploads\/2023\/07\/Rencontre-1200x9001-1.jpg\" alt=\"\" class=\"wp-image-89940\" style=\"width:800px\" srcset=\"https:\/\/centcols.org\/wp-content\/uploads\/2023\/07\/Rencontre-1200x9001-1.jpg 1200w, https:\/\/centcols.org\/wp-content\/uploads\/2023\/07\/Rencontre-1200x9001-1-768x576.jpg 768w, https:\/\/centcols.org\/wp-content\/uploads\/2023\/07\/Rencontre-1200x9001-1-16x12.jpg 16w\" sizes=\"auto, (max-width: 1200px) 100vw, 1200px\" \/><\/a><figcaption class=\"wp-element-caption\"><strong>De Groep<\/strong><\/figcaption><\/figure>\n<\/div>\n\n<div class=\"wp-block-image\">\n<figure class=\"aligncenter size-full is-resized\"><a href=\"https:\/\/centcols.org\/wp-content\/uploads\/2023\/07\/Les-rives-de-la-Moselle1.jpg\"><img loading=\"lazy\" decoding=\"async\" width=\"512\" height=\"367\" src=\"https:\/\/centcols.org\/wp-content\/uploads\/2023\/07\/Les-rives-de-la-Moselle1.jpg\" alt=\"\" class=\"wp-image-89941\" style=\"width:800px\" srcset=\"https:\/\/centcols.org\/wp-content\/uploads\/2023\/07\/Les-rives-de-la-Moselle1.jpg 512w, https:\/\/centcols.org\/wp-content\/uploads\/2023\/07\/Les-rives-de-la-Moselle1-18x12.jpg 18w\" sizes=\"auto, (max-width: 512px) 100vw, 512px\" \/><\/a><figcaption class=\"wp-element-caption\"><strong>De Voie Verte langs de Moezel<\/strong><\/figcaption><\/figure>\n<\/div>\n\n<div class=\"wp-block-image\">\n<figure class=\"aligncenter size-full is-resized\"><a href=\"https:\/\/centcols.org\/wp-content\/uploads\/2023\/07\/Les-Premontres1.png\"><img loading=\"lazy\" decoding=\"async\" width=\"1023\" height=\"589\" src=\"https:\/\/centcols.org\/wp-content\/uploads\/2023\/07\/Les-Premontres1.png\" alt=\"\" class=\"wp-image-89942\" style=\"width:800px\" srcset=\"https:\/\/centcols.org\/wp-content\/uploads\/2023\/07\/Les-Premontres1.png 1023w, https:\/\/centcols.org\/wp-content\/uploads\/2023\/07\/Les-Premontres1-768x442.png 768w, https:\/\/centcols.org\/wp-content\/uploads\/2023\/07\/Les-Premontres1-18x10.png 18w\" sizes=\"auto, (max-width: 1023px) 100vw, 1023px\" \/><\/a><figcaption class=\"wp-element-caption\"><strong>De abdij van Pr\u00e9montr\u00e9s<\/strong><\/figcaption><\/figure>\n<\/div>\n\n<div class=\"wp-block-image\">\n<figure class=\"aligncenter size-full is-resized\"><a href=\"https:\/\/centcols.org\/wp-content\/uploads\/2023\/07\/Col-de1.jpg\"><img loading=\"lazy\" decoding=\"async\" width=\"500\" height=\"359\" src=\"https:\/\/centcols.org\/wp-content\/uploads\/2023\/07\/Col-de1.jpg\" alt=\"\" class=\"wp-image-89943\" style=\"width:800px\" srcset=\"https:\/\/centcols.org\/wp-content\/uploads\/2023\/07\/Col-de1.jpg 500w, https:\/\/centcols.org\/wp-content\/uploads\/2023\/07\/Col-de1-18x12.jpg 18w\" sizes=\"auto, (max-width: 500px) 100vw, 500px\" \/><\/a><figcaption class=\"wp-element-caption\"><strong>De klim naar de Col d'Arry<\/strong><\/figcaption><\/figure>\n<\/div>\n\n<div class=\"wp-block-image\">\n<figure class=\"aligncenter size-full is-resized\"><a href=\"https:\/\/centcols.org\/wp-content\/uploads\/2023\/07\/Diplome1.jpg\"><img loading=\"lazy\" decoding=\"async\" width=\"603\" height=\"452\" src=\"https:\/\/centcols.org\/wp-content\/uploads\/2023\/07\/Diplome1.jpg\" alt=\"\" class=\"wp-image-89944\" style=\"width:800px\" srcset=\"https:\/\/centcols.org\/wp-content\/uploads\/2023\/07\/Diplome1.jpg 603w, https:\/\/centcols.org\/wp-content\/uploads\/2023\/07\/Diplome1-16x12.jpg 16w\" sizes=\"auto, (max-width: 603px) 100vw, 603px\" \/><\/a><figcaption class=\"wp-element-caption\"><strong>Afstudeerceremonie<\/strong><\/figcaption><\/figure>\n<\/div>\n\n<div class=\"wp-block-image\">\n<figure class=\"aligncenter size-large is-resized\"><a href=\"https:\/\/centcols.org\/util\/geo\/visu\/FR\/img\/1365\/0706.jpg\"><img decoding=\"async\" src=\"https:\/\/centcols.org\/util\/geo\/visu\/FR\/img\/1365\/0706.jpg\" alt=\"\" style=\"width:auto;height:600px\"\/><\/a><figcaption class=\"wp-element-caption\"><strong>Rudemont pas<\/strong><\/figcaption><\/figure>\n<\/div>\n\n<div class=\"wp-block-image\">\n<figure class=\"aligncenter size-large is-resized\"><img decoding=\"async\" src=\"https:\/\/centcols.org\/util\/geo\/visu\/FR\/img\/2015\/5709.jpg\" alt=\"\" style=\"width:800px\"\/><figcaption class=\"wp-element-caption\"><strong>Kol d'Arry<\/strong><\/figcaption><\/figure>\n<\/div>\n\n<div class=\"wp-block-image\">\n<figure class=\"aligncenter size-large is-resized\"><img decoding=\"async\" src=\"https:\/\/centcols.org\/util\/geo\/visu\/FR\/img\/2015\/5600.jpg\" alt=\"\" style=\"width:800px\"\/><figcaption class=\"wp-element-caption\"><strong>Lesm\u00e9nils pas<\/strong><\/figcaption><\/figure>\n<\/div>","protected":false},"excerpt":{"rendered":"<p>Description de l\u2019auteur Auteur : Denis Mathieu Parcours : effectu\u00e9 le 3 septembre 2022 D\u00e9part : Parking de la piscine de Pont-\u00e0-Mousson. Alt : 180 m Descriptif touristique Ce circuit emprunte tout d\u2019abord la voie verte qui longe la Moselle en rive gauche. Cette voie offre un beau regard sur l\u2019ancienne Abbaye des Pr\u00e9montr\u00e9s situ\u00e9e [&hellip;]<\/p>\n","protected":false},"author":3,"featured_media":82890,"comment_status":"open","ping_status":"open","sticky":false,"template":"","format":"standard","meta":{"_acf_changed":false,"footnotes":""},"categories":[303,318,337,335,336,220],"tags":[],"class_list":["post-82447","post","type-post","status-publish","format-standard","has-post-thumbnail","hentry","category-parcours-france","category-route-type-parcours","category-grand-est-region-parcours-membres","category-vosges-massif-parcours-membres","category-54-meurthe-et-moselle","category-parcours-membres"],"acf":[],"yoast_head":"<!-- This site is optimized with the Yoast SEO plugin v27.2 - https:\/\/yoast.com\/product\/yoast-seo-wordpress\/ -->\n<title>FR-54 Grand Est Rencontre r\u00e9gionale 2022 - Route 44 km, D+ 490 m, 3 cols - Club des Cent Cols<\/title>\n<meta name=\"robots\" content=\"index, follow, max-snippet:-1, max-image-preview:large, max-video-preview:-1\" \/>\n<link rel=\"canonical\" href=\"https:\/\/centcols.org\/nl\/fr-54-grand-est-regionale-bijeenkomst-2022-weg-44-km-d-490-m-3-passen\/\" \/>\n<meta property=\"og:locale\" content=\"nl_BE\" \/>\n<meta property=\"og:type\" content=\"article\" \/>\n<meta property=\"og:title\" content=\"FR-54 Grand Est Rencontre r\u00e9gionale 2022 - Route 44 km, D+ 490 m, 3 cols - Club des Cent Cols\" \/>\n<meta property=\"og:description\" content=\"Description de l\u2019auteur Auteur : Denis Mathieu Parcours : effectu\u00e9 le 3 septembre 2022 D\u00e9part : Parking de la piscine de Pont-\u00e0-Mousson. Alt : 180 m Descriptif touristique Ce circuit emprunte tout d\u2019abord la voie verte qui longe la Moselle en rive gauche. Cette voie offre un beau regard sur l\u2019ancienne Abbaye des Pr\u00e9montr\u00e9s situ\u00e9e [&hellip;]\" \/>\n<meta property=\"og:url\" content=\"https:\/\/centcols.org\/nl\/fr-54-grand-est-regionale-bijeenkomst-2022-weg-44-km-d-490-m-3-passen\/\" \/>\n<meta property=\"og:site_name\" content=\"Club des Cent Cols\" \/>\n<meta property=\"article:publisher\" content=\"https:\/\/www.facebook.com\/groups\/5261880558\/?locale=fr_FR\" \/>\n<meta property=\"article:published_time\" content=\"2023-07-05T07:50:00+00:00\" \/>\n<meta property=\"article:modified_time\" content=\"2025-09-12T18:07:58+00:00\" \/>\n<meta property=\"og:image\" content=\"https:\/\/centcols.org\/wp-content\/uploads\/2023\/07\/57091.jpg\" \/>\n\t<meta property=\"og:image:width\" content=\"800\" \/>\n\t<meta property=\"og:image:height\" content=\"600\" \/>\n\t<meta property=\"og:image:type\" content=\"image\/jpeg\" \/>\n<meta name=\"author\" content=\"Webmestre\" \/>\n<meta name=\"twitter:card\" content=\"summary_large_image\" \/>\n<meta name=\"twitter:label1\" content=\"Geschreven door\" \/>\n\t<meta name=\"twitter:data1\" content=\"Webmestre\" \/>\n\t<meta name=\"twitter:label2\" content=\"Geschatte leestijd\" \/>\n\t<meta name=\"twitter:data2\" content=\"4 minuten\" \/>\n<script type=\"application\/ld+json\" class=\"yoast-schema-graph\">{\"@context\":\"https:\/\/schema.org\",\"@graph\":[{\"@type\":\"Article\",\"@id\":\"https:\/\/centcols.org\/fr-54-grand-est-rencontre-regionale-2022-route-44-km-d-490-m-3-cols\/#article\",\"isPartOf\":{\"@id\":\"https:\/\/centcols.org\/fr-54-grand-est-rencontre-regionale-2022-route-44-km-d-490-m-3-cols\/\"},\"author\":{\"name\":\"Webmestre\",\"@id\":\"https:\/\/centcols.org\/#\/schema\/person\/911b404fb133d8c913dd27cdcf71c8e5\"},\"headline\":\"FR-54 Grand Est Rencontre r\u00e9gionale 2022 &#8211; Route 44 km, D+ 490 m, 3 cols\",\"datePublished\":\"2023-07-05T07:50:00+00:00\",\"dateModified\":\"2025-09-12T18:07:58+00:00\",\"mainEntityOfPage\":{\"@id\":\"https:\/\/centcols.org\/fr-54-grand-est-rencontre-regionale-2022-route-44-km-d-490-m-3-cols\/\"},\"wordCount\":283,\"commentCount\":0,\"publisher\":{\"@id\":\"https:\/\/centcols.org\/#organization\"},\"image\":{\"@id\":\"https:\/\/centcols.org\/fr-54-grand-est-rencontre-regionale-2022-route-44-km-d-490-m-3-cols\/#primaryimage\"},\"thumbnailUrl\":\"https:\/\/centcols.org\/wp-content\/uploads\/2023\/07\/57091.jpg\",\"articleSection\":[\"Parcours France\",\"Route\",\"Grand Est\",\"Vosges\",\"54-Meurthe et Moselle\",\"Parcours membres\"],\"inLanguage\":\"nl-BE\",\"potentialAction\":[{\"@type\":\"CommentAction\",\"name\":\"Comment\",\"target\":[\"https:\/\/centcols.org\/fr-54-grand-est-rencontre-regionale-2022-route-44-km-d-490-m-3-cols\/#respond\"]}]},{\"@type\":\"WebPage\",\"@id\":\"https:\/\/centcols.org\/fr-54-grand-est-rencontre-regionale-2022-route-44-km-d-490-m-3-cols\/\",\"url\":\"https:\/\/centcols.org\/fr-54-grand-est-rencontre-regionale-2022-route-44-km-d-490-m-3-cols\/\",\"name\":\"FR-54 Grand Est Rencontre r\u00e9gionale 2022 - Route 44 km, D+ 490 m, 3 cols - Club des Cent Cols\",\"isPartOf\":{\"@id\":\"https:\/\/centcols.org\/#website\"},\"primaryImageOfPage\":{\"@id\":\"https:\/\/centcols.org\/fr-54-grand-est-rencontre-regionale-2022-route-44-km-d-490-m-3-cols\/#primaryimage\"},\"image\":{\"@id\":\"https:\/\/centcols.org\/fr-54-grand-est-rencontre-regionale-2022-route-44-km-d-490-m-3-cols\/#primaryimage\"},\"thumbnailUrl\":\"https:\/\/centcols.org\/wp-content\/uploads\/2023\/07\/57091.jpg\",\"datePublished\":\"2023-07-05T07:50:00+00:00\",\"dateModified\":\"2025-09-12T18:07:58+00:00\",\"breadcrumb\":{\"@id\":\"https:\/\/centcols.org\/fr-54-grand-est-rencontre-regionale-2022-route-44-km-d-490-m-3-cols\/#breadcrumb\"},\"inLanguage\":\"nl-BE\",\"potentialAction\":[{\"@type\":\"ReadAction\",\"target\":[\"https:\/\/centcols.org\/fr-54-grand-est-rencontre-regionale-2022-route-44-km-d-490-m-3-cols\/\"]}]},{\"@type\":\"ImageObject\",\"inLanguage\":\"nl-BE\",\"@id\":\"https:\/\/centcols.org\/fr-54-grand-est-rencontre-regionale-2022-route-44-km-d-490-m-3-cols\/#primaryimage\",\"url\":\"https:\/\/centcols.org\/wp-content\/uploads\/2023\/07\/57091.jpg\",\"contentUrl\":\"https:\/\/centcols.org\/wp-content\/uploads\/2023\/07\/57091.jpg\",\"width\":800,\"height\":600},{\"@type\":\"BreadcrumbList\",\"@id\":\"https:\/\/centcols.org\/fr-54-grand-est-rencontre-regionale-2022-route-44-km-d-490-m-3-cols\/#breadcrumb\",\"itemListElement\":[{\"@type\":\"ListItem\",\"position\":1,\"name\":\"Accueil\",\"item\":\"https:\/\/centcols.org\/\"},{\"@type\":\"ListItem\",\"position\":2,\"name\":\"Parcours membres\",\"item\":\"https:\/\/centcols.org\/rubrique\/parcours-membres\/\"},{\"@type\":\"ListItem\",\"position\":3,\"name\":\"Pays\",\"item\":\"https:\/\/centcols.org\/rubrique\/parcours-membres\/pays-parcours-membres\/\"},{\"@type\":\"ListItem\",\"position\":4,\"name\":\"Parcours France\",\"item\":\"https:\/\/centcols.org\/rubrique\/parcours-membres\/pays-parcours-membres\/parcours-france\/\"},{\"@type\":\"ListItem\",\"position\":5,\"name\":\"FR-54 Grand Est Rencontre r\u00e9gionale 2022 &#8211; Route 44 km, D+ 490 m, 3 cols\"}]},{\"@type\":\"WebSite\",\"@id\":\"https:\/\/centcols.org\/#website\",\"url\":\"https:\/\/centcols.org\/\",\"name\":\"Club des Cent Cols\",\"description\":\"\",\"publisher\":{\"@id\":\"https:\/\/centcols.org\/#organization\"},\"potentialAction\":[{\"@type\":\"SearchAction\",\"target\":{\"@type\":\"EntryPoint\",\"urlTemplate\":\"https:\/\/centcols.org\/?s={search_term_string}\"},\"query-input\":{\"@type\":\"PropertyValueSpecification\",\"valueRequired\":true,\"valueName\":\"search_term_string\"}}],\"inLanguage\":\"nl-BE\"},{\"@type\":\"Organization\",\"@id\":\"https:\/\/centcols.org\/#organization\",\"name\":\"Club des Cent Cols\",\"url\":\"https:\/\/centcols.org\/\",\"logo\":{\"@type\":\"ImageObject\",\"inLanguage\":\"nl-BE\",\"@id\":\"https:\/\/centcols.org\/#\/schema\/logo\/image\/\",\"url\":\"https:\/\/centcols.org\/wp-content\/uploads\/2025\/01\/carte-icone.png\",\"contentUrl\":\"https:\/\/centcols.org\/wp-content\/uploads\/2025\/01\/carte-icone.png\",\"width\":250,\"height\":250,\"caption\":\"Club des Cent Cols\"},\"image\":{\"@id\":\"https:\/\/centcols.org\/#\/schema\/logo\/image\/\"},\"sameAs\":[\"https:\/\/www.facebook.com\/groups\/5261880558\/?locale=fr_FR\"]},{\"@type\":\"Person\",\"@id\":\"https:\/\/centcols.org\/#\/schema\/person\/911b404fb133d8c913dd27cdcf71c8e5\",\"name\":\"Webmestre\",\"image\":{\"@type\":\"ImageObject\",\"inLanguage\":\"nl-BE\",\"@id\":\"https:\/\/centcols.org\/wp-content\/litespeed\/avatar\/2d246e4b6b4f773e08515e1ffc53690b.jpg?ver=1777222892\",\"url\":\"https:\/\/centcols.org\/wp-content\/litespeed\/avatar\/2d246e4b6b4f773e08515e1ffc53690b.jpg?ver=1777222892\",\"contentUrl\":\"https:\/\/centcols.org\/wp-content\/litespeed\/avatar\/2d246e4b6b4f773e08515e1ffc53690b.jpg?ver=1777222892\",\"caption\":\"Webmestre\"},\"url\":\"https:\/\/centcols.org\/nl\/author\/webmestre\/\"}]}<\/script>\n<!-- \/ Yoast SEO plugin. -->","yoast_head_json":{"title":"FR-54 Grand Est Regional Meeting 2022 - Weg 44 km, D+ 490 m, 3 passen - Club des Cent Cols","robots":{"index":"index","follow":"follow","max-snippet":"max-snippet:-1","max-image-preview":"max-image-preview:large","max-video-preview":"max-video-preview:-1"},"canonical":"https:\/\/centcols.org\/nl\/fr-54-grand-est-regionale-bijeenkomst-2022-weg-44-km-d-490-m-3-passen\/","og_locale":"nl_BE","og_type":"article","og_title":"FR-54 Grand Est Rencontre r\u00e9gionale 2022 - Route 44 km, D+ 490 m, 3 cols - Club des Cent Cols","og_description":"Description de l\u2019auteur Auteur : Denis Mathieu Parcours : effectu\u00e9 le 3 septembre 2022 D\u00e9part : Parking de la piscine de Pont-\u00e0-Mousson. Alt : 180 m Descriptif touristique Ce circuit emprunte tout d\u2019abord la voie verte qui longe la Moselle en rive gauche. Cette voie offre un beau regard sur l\u2019ancienne Abbaye des Pr\u00e9montr\u00e9s situ\u00e9e [&hellip;]","og_url":"https:\/\/centcols.org\/nl\/fr-54-grand-est-regionale-bijeenkomst-2022-weg-44-km-d-490-m-3-passen\/","og_site_name":"Club des Cent Cols","article_publisher":"https:\/\/www.facebook.com\/groups\/5261880558\/?locale=fr_FR","article_published_time":"2023-07-05T07:50:00+00:00","article_modified_time":"2025-09-12T18:07:58+00:00","og_image":[{"width":800,"height":600,"url":"https:\/\/centcols.org\/wp-content\/uploads\/2023\/07\/57091.jpg","type":"image\/jpeg"}],"author":"Webmestre","twitter_card":"summary_large_image","twitter_misc":{"Geschreven door":"Webmestre","Geschatte leestijd":"4 minuten"},"schema":{"@context":"https:\/\/schema.org","@graph":[{"@type":"Article","@id":"https:\/\/centcols.org\/fr-54-grand-est-rencontre-regionale-2022-route-44-km-d-490-m-3-cols\/#article","isPartOf":{"@id":"https:\/\/centcols.org\/fr-54-grand-est-rencontre-regionale-2022-route-44-km-d-490-m-3-cols\/"},"author":{"name":"Webmestre","@id":"https:\/\/centcols.org\/#\/schema\/person\/911b404fb133d8c913dd27cdcf71c8e5"},"headline":"FR-54 Grand Est Rencontre r\u00e9gionale 2022 &#8211; Route 44 km, D+ 490 m, 3 cols","datePublished":"2023-07-05T07:50:00+00:00","dateModified":"2025-09-12T18:07:58+00:00","mainEntityOfPage":{"@id":"https:\/\/centcols.org\/fr-54-grand-est-rencontre-regionale-2022-route-44-km-d-490-m-3-cols\/"},"wordCount":283,"commentCount":0,"publisher":{"@id":"https:\/\/centcols.org\/#organization"},"image":{"@id":"https:\/\/centcols.org\/fr-54-grand-est-rencontre-regionale-2022-route-44-km-d-490-m-3-cols\/#primaryimage"},"thumbnailUrl":"https:\/\/centcols.org\/wp-content\/uploads\/2023\/07\/57091.jpg","articleSection":["Parcours France","Route","Grand Est","Vosges","54-Meurthe et Moselle","Parcours membres"],"inLanguage":"nl-BE","potentialAction":[{"@type":"CommentAction","name":"Comment","target":["https:\/\/centcols.org\/fr-54-grand-est-rencontre-regionale-2022-route-44-km-d-490-m-3-cols\/#respond"]}]},{"@type":"WebPage","@id":"https:\/\/centcols.org\/fr-54-grand-est-rencontre-regionale-2022-route-44-km-d-490-m-3-cols\/","url":"https:\/\/centcols.org\/fr-54-grand-est-rencontre-regionale-2022-route-44-km-d-490-m-3-cols\/","name":"FR-54 Grand Est Regional Meeting 2022 - Weg 44 km, D+ 490 m, 3 passen - Club des Cent Cols","isPartOf":{"@id":"https:\/\/centcols.org\/#website"},"primaryImageOfPage":{"@id":"https:\/\/centcols.org\/fr-54-grand-est-rencontre-regionale-2022-route-44-km-d-490-m-3-cols\/#primaryimage"},"image":{"@id":"https:\/\/centcols.org\/fr-54-grand-est-rencontre-regionale-2022-route-44-km-d-490-m-3-cols\/#primaryimage"},"thumbnailUrl":"https:\/\/centcols.org\/wp-content\/uploads\/2023\/07\/57091.jpg","datePublished":"2023-07-05T07:50:00+00:00","dateModified":"2025-09-12T18:07:58+00:00","breadcrumb":{"@id":"https:\/\/centcols.org\/fr-54-grand-est-rencontre-regionale-2022-route-44-km-d-490-m-3-cols\/#breadcrumb"},"inLanguage":"nl-BE","potentialAction":[{"@type":"ReadAction","target":["https:\/\/centcols.org\/fr-54-grand-est-rencontre-regionale-2022-route-44-km-d-490-m-3-cols\/"]}]},{"@type":"ImageObject","inLanguage":"nl-BE","@id":"https:\/\/centcols.org\/fr-54-grand-est-rencontre-regionale-2022-route-44-km-d-490-m-3-cols\/#primaryimage","url":"https:\/\/centcols.org\/wp-content\/uploads\/2023\/07\/57091.jpg","contentUrl":"https:\/\/centcols.org\/wp-content\/uploads\/2023\/07\/57091.jpg","width":800,"height":600},{"@type":"BreadcrumbList","@id":"https:\/\/centcols.org\/fr-54-grand-est-rencontre-regionale-2022-route-44-km-d-490-m-3-cols\/#breadcrumb","itemListElement":[{"@type":"ListItem","position":1,"name":"Accueil","item":"https:\/\/centcols.org\/"},{"@type":"ListItem","position":2,"name":"Parcours membres","item":"https:\/\/centcols.org\/rubrique\/parcours-membres\/"},{"@type":"ListItem","position":3,"name":"Pays","item":"https:\/\/centcols.org\/rubrique\/parcours-membres\/pays-parcours-membres\/"},{"@type":"ListItem","position":4,"name":"Parcours France","item":"https:\/\/centcols.org\/rubrique\/parcours-membres\/pays-parcours-membres\/parcours-france\/"},{"@type":"ListItem","position":5,"name":"FR-54 Grand Est Rencontre r\u00e9gionale 2022 &#8211; Route 44 km, D+ 490 m, 3 cols"}]},{"@type":"WebSite","@id":"https:\/\/centcols.org\/#website","url":"https:\/\/centcols.org\/","name":"Club van Cent Cols","description":"","publisher":{"@id":"https:\/\/centcols.org\/#organization"},"potentialAction":[{"@type":"SearchAction","target":{"@type":"EntryPoint","urlTemplate":"https:\/\/centcols.org\/?s={search_term_string}"},"query-input":{"@type":"PropertyValueSpecification","valueRequired":true,"valueName":"search_term_string"}}],"inLanguage":"nl-BE"},{"@type":"Organization","@id":"https:\/\/centcols.org\/#organization","name":"Club van Cent Cols","url":"https:\/\/centcols.org\/","logo":{"@type":"ImageObject","inLanguage":"nl-BE","@id":"https:\/\/centcols.org\/#\/schema\/logo\/image\/","url":"https:\/\/centcols.org\/wp-content\/uploads\/2025\/01\/carte-icone.png","contentUrl":"https:\/\/centcols.org\/wp-content\/uploads\/2025\/01\/carte-icone.png","width":250,"height":250,"caption":"Club des Cent Cols"},"image":{"@id":"https:\/\/centcols.org\/#\/schema\/logo\/image\/"},"sameAs":["https:\/\/www.facebook.com\/groups\/5261880558\/?locale=fr_FR"]},{"@type":"Person","@id":"https:\/\/centcols.org\/#\/schema\/person\/911b404fb133d8c913dd27cdcf71c8e5","name":"Webmaster","image":{"@type":"ImageObject","inLanguage":"nl-BE","@id":"https:\/\/centcols.org\/wp-content\/litespeed\/avatar\/2d246e4b6b4f773e08515e1ffc53690b.jpg?ver=1777222892","url":"https:\/\/centcols.org\/wp-content\/litespeed\/avatar\/2d246e4b6b4f773e08515e1ffc53690b.jpg?ver=1777222892","contentUrl":"https:\/\/centcols.org\/wp-content\/litespeed\/avatar\/2d246e4b6b4f773e08515e1ffc53690b.jpg?ver=1777222892","caption":"Webmestre"},"url":"https:\/\/centcols.org\/nl\/author\/webmestre\/"}]}},"_links":{"self":[{"href":"https:\/\/centcols.org\/nl\/wp-json\/wp\/v2\/posts\/82447","targetHints":{"allow":["GET"]}}],"collection":[{"href":"https:\/\/centcols.org\/nl\/wp-json\/wp\/v2\/posts"}],"about":[{"href":"https:\/\/centcols.org\/nl\/wp-json\/wp\/v2\/types\/post"}],"author":[{"embeddable":true,"href":"https:\/\/centcols.org\/nl\/wp-json\/wp\/v2\/users\/3"}],"replies":[{"embeddable":true,"href":"https:\/\/centcols.org\/nl\/wp-json\/wp\/v2\/comments?post=82447"}],"version-history":[{"count":0,"href":"https:\/\/centcols.org\/nl\/wp-json\/wp\/v2\/posts\/82447\/revisions"}],"wp:featuredmedia":[{"embeddable":true,"href":"https:\/\/centcols.org\/nl\/wp-json\/wp\/v2\/media\/82890"}],"wp:attachment":[{"href":"https:\/\/centcols.org\/nl\/wp-json\/wp\/v2\/media?parent=82447"}],"wp:term":[{"taxonomy":"category","embeddable":true,"href":"https:\/\/centcols.org\/nl\/wp-json\/wp\/v2\/categories?post=82447"},{"taxonomy":"post_tag","embeddable":true,"href":"https:\/\/centcols.org\/nl\/wp-json\/wp\/v2\/tags?post=82447"}],"curies":[{"name":"wp","href":"https:\/\/api.w.org\/{rel}","templated":true}]}}