{"id":82451,"date":"2023-07-16T14:02:44","date_gmt":"2023-07-16T12:02:44","guid":{"rendered":"https:\/\/centcols.org\/fr-2a-entre-gravona-et-prunelli-route-95-km-d-1875-m-6-cols\/"},"modified":"2025-09-12T18:50:38","modified_gmt":"2025-09-12T16:50:38","slug":"fr-2a-tussen-gravona-en-prunelli-weg-95-km-d-1875-m-6-passen","status":"publish","type":"post","link":"https:\/\/centcols.org\/nl\/fr-2a-entre-gravona-et-prunelli-route-95-km-d-1875-m-6-cols\/","title":{"rendered":"FR-2A Tussen Gravona en Prunelli - Weg 95 km, D+ 1875 m, 6 passen"},"content":{"rendered":"<iframe width=\"100%\" height=\"650\" loading=\"lazy\" src=\"https:\/\/www.openrunner.com\/embed\/6e3155792b725277687a7848364954585933723646747653534a5a456a7964452f544e38754d63693079633d3a3a3661e6ba4e777f8f4f7acd8e9ebb3d4c?unit=metric\" style=\"border: none;\"><\/iframe>\n\n\n\n<h2 class=\"wp-block-heading\">Beschrijving auteur<\/h2>\n\n\n\n<p><strong>Auteur <\/strong>Bernard Giraudeau<\/p>\n\n\n\n<p><strong>Cursus <\/strong>Voltooid in oktober 2021<\/p>\n\n\n\n<p><strong>Vertrek <\/strong>Bij Gravona, een parkeerplaats bij de tuinderij of winkels, rotonde T40 \/ D55b. Alt : 11 m<\/p>\n\n\n\n<h2 class=\"wp-block-heading\">Toeristische informatie<\/h2>\n\n\n\n<p>De route loopt eerst langs de wegen aan de oostkant van de Gravona-vallei en passeert talloze dorpjes. Vervolgens gaat het omhoog naar de Col de Scalella, die een prachtig uitzicht biedt op de toppen van de centrale bergketen van Corsica. De terugweg voert door de Prunelli-vallei en het kunstmatige Tolla-meer, passeert drie pittoreske dorpjes en biedt een prachtig uitzicht op de zuidkust van de Golf van Ajaccio.<\/p>\n\n\n\n<h3 class=\"wp-block-heading\">6 kragen<\/h3>\n\n\n\n<figure class=\"wp-block-table is-style-stripes\"><table class=\"has-fixed-layout\"><tbody><tr><td>Collu di Paolu<br>Bocca di Campianu<br>A Foci<br>Scalellapas<br>Kol de Menta<br>Bocca di Mercuju<\/td><td><a href=\"https:\/\/centcols.org\/nl\/util\/geo\/visu.php\/?code=FR-2A-0240\" target=\"_blank\" rel=\"noreferrer noopener\">FR-2A-0240<\/a><br><a href=\"https:\/\/centcols.org\/nl\/util\/geo\/visu.php\/?code=FR-2A-0533\">FR-2A-<\/a><a href=\"https:\/\/centcols.org\/nl\/util\/geo\/visu.php\/?code=FR-2A-0533\" target=\"_blank\" rel=\"noreferrer noopener\">0<\/a><a href=\"https:\/\/centcols.org\/nl\/util\/geo\/visu.php\/?code=FR-2A-0533\">533<\/a><br><a href=\"https:\/\/centcols.org\/nl\/util\/geo\/visu.php\/?code=FR-2A-0529a\" target=\"_blank\" rel=\"noreferrer noopener\">FR-2A-0529a<\/a><br><a href=\"https:\/\/centcols.org\/nl\/util\/geo\/visu.php\/?code=FR-2A-1193a\" target=\"_blank\" rel=\"noreferrer noopener\">FR-2A-1193a<\/a><br><a href=\"https:\/\/centcols.org\/nl\/util\/geo\/visu.php\/?code=FR-2A-0756\" target=\"_blank\" rel=\"noreferrer noopener\">FR-2A-0756<\/a><br><a href=\"https:\/\/centcols.org\/nl\/util\/geo\/visu.php\/?code=FR-2A-0715b\" target=\"_blank\" rel=\"noreferrer noopener\">FR-2A-0715b<\/a><\/td><\/tr><\/tbody><\/table><\/figure>\n\n\n\n<h2 class=\"wp-block-heading\">Technische specificaties<\/h2>\n\n\n\n<p>De weg tussen Ucciani en Tavera is in zeer slechte staat. De weg bergopwaarts volgen, in de voorgestelde richting, is minder inspannend dan andersom.<\/p>\n\n\n\n<p>Ook de weg in de Prunelli-kloven is niet erg goed, maar de werkzaamheden beginnen binnenkort.<\/p>\n\n\n\n<p>Trefwoorden: Col de Scalella, Bastelica, Cauro, Tavera, Tolla<\/p>\n\n\n\n<p>Openrunner link, interactieve kaart, profiel, gpx track : <a href=\"https:\/\/www.openrunner.com\/route-details\/10954093\" target=\"_blank\" rel=\"noreferrer noopener\">https:\/\/www.openrunner.com\/route-details\/10954093<\/a><\/p>\n\n\n\n<p>Deze routebeschrijving wordt slechts ter indicatie aangeboden. De auteur aanvaardt geen aansprakelijkheid, noch die van de Club des Cent Cols, voor eventuele onberekenbaarheden die te wijten zijn aan de fietser zelf, het gebruikte materiaal of alles wat te maken heeft met de weg, paden en wegen, hun omgeving of andere gebruikers.<\/p>\n\n\n\n<h2 class=\"wp-block-heading\">Foto's<\/h2>\n\n\n<div class=\"wp-block-image\">\n<figure class=\"aligncenter size-full is-resized\"><a href=\"https:\/\/centcols.org\/wp-content\/uploads\/2023\/07\/Vue-depuis-Bocca-di-Campianu1.jpg\"><img loading=\"lazy\" decoding=\"async\" width=\"800\" height=\"389\" src=\"https:\/\/centcols.org\/wp-content\/uploads\/2023\/07\/Vue-depuis-Bocca-di-Campianu1.jpg\" alt=\"\" class=\"wp-image-89899\" style=\"width:800px\" srcset=\"https:\/\/centcols.org\/wp-content\/uploads\/2023\/07\/Vue-depuis-Bocca-di-Campianu1.jpg 800w, https:\/\/centcols.org\/wp-content\/uploads\/2023\/07\/Vue-depuis-Bocca-di-Campianu1-768x373.jpg 768w, https:\/\/centcols.org\/wp-content\/uploads\/2023\/07\/Vue-depuis-Bocca-di-Campianu1-18x9.jpg 18w\" sizes=\"auto, (max-width: 800px) 100vw, 800px\" \/><\/a><figcaption class=\"wp-element-caption\">Uitzicht vanaf Bocca di Campianu<\/figcaption><\/figure>\n<\/div>\n\n<div class=\"wp-block-image\">\n<figure class=\"aligncenter size-full is-resized\"><a href=\"https:\/\/centcols.org\/wp-content\/uploads\/2023\/07\/Vue-depuis-le-village-de-Carbuccia1.jpg\"><img loading=\"lazy\" decoding=\"async\" width=\"800\" height=\"389\" src=\"https:\/\/centcols.org\/wp-content\/uploads\/2023\/07\/Vue-depuis-le-village-de-Carbuccia1.jpg\" alt=\"\" class=\"wp-image-89900\" style=\"width:800px\" srcset=\"https:\/\/centcols.org\/wp-content\/uploads\/2023\/07\/Vue-depuis-le-village-de-Carbuccia1.jpg 800w, https:\/\/centcols.org\/wp-content\/uploads\/2023\/07\/Vue-depuis-le-village-de-Carbuccia1-768x373.jpg 768w, https:\/\/centcols.org\/wp-content\/uploads\/2023\/07\/Vue-depuis-le-village-de-Carbuccia1-18x9.jpg 18w\" sizes=\"auto, (max-width: 800px) 100vw, 800px\" \/><\/a><figcaption class=\"wp-element-caption\">Uitzicht vanuit het dorp Carbuccia<\/figcaption><\/figure>\n<\/div>\n\n<div class=\"wp-block-image\">\n<figure class=\"aligncenter size-full is-resized\"><a href=\"https:\/\/centcols.org\/wp-content\/uploads\/2023\/07\/Vue-du-Col-de-Scalella-sur-le-chainon-central-de-la-Corse1.jpg\"><img loading=\"lazy\" decoding=\"async\" width=\"800\" height=\"600\" src=\"https:\/\/centcols.org\/wp-content\/uploads\/2023\/07\/Vue-du-Col-de-Scalella-sur-le-chainon-central-de-la-Corse1.jpg\" alt=\"\" class=\"wp-image-89901\" style=\"width:800px\" srcset=\"https:\/\/centcols.org\/wp-content\/uploads\/2023\/07\/Vue-du-Col-de-Scalella-sur-le-chainon-central-de-la-Corse1.jpg 800w, https:\/\/centcols.org\/wp-content\/uploads\/2023\/07\/Vue-du-Col-de-Scalella-sur-le-chainon-central-de-la-Corse1-768x576.jpg 768w, https:\/\/centcols.org\/wp-content\/uploads\/2023\/07\/Vue-du-Col-de-Scalella-sur-le-chainon-central-de-la-Corse1-16x12.jpg 16w\" sizes=\"auto, (max-width: 800px) 100vw, 800px\" \/><\/a><figcaption class=\"wp-element-caption\">Uitzicht vanaf de Col de Scalella over de centrale bergketen van Corsica<\/figcaption><\/figure>\n<\/div>\n\n<div class=\"wp-block-image\">\n<figure class=\"aligncenter size-full is-resized\"><a href=\"https:\/\/centcols.org\/wp-content\/uploads\/2023\/07\/Vuie-depuis-Bocca-di-Mercuju1.jpg\"><img loading=\"lazy\" decoding=\"async\" width=\"800\" height=\"600\" src=\"https:\/\/centcols.org\/wp-content\/uploads\/2023\/07\/Vuie-depuis-Bocca-di-Mercuju1.jpg\" alt=\"\" class=\"wp-image-89902\" style=\"width:800px\" srcset=\"https:\/\/centcols.org\/wp-content\/uploads\/2023\/07\/Vuie-depuis-Bocca-di-Mercuju1.jpg 800w, https:\/\/centcols.org\/wp-content\/uploads\/2023\/07\/Vuie-depuis-Bocca-di-Mercuju1-768x576.jpg 768w, https:\/\/centcols.org\/wp-content\/uploads\/2023\/07\/Vuie-depuis-Bocca-di-Mercuju1-16x12.jpg 16w\" sizes=\"auto, (max-width: 800px) 100vw, 800px\" \/><\/a><figcaption class=\"wp-element-caption\">Uitzicht vanaf Bocca di Mercuju<\/figcaption><\/figure>\n<\/div>\n\n<div class=\"wp-block-image\">\n<figure class=\"aligncenter size-large is-resized\"><img decoding=\"async\" src=\"https:\/\/centcols.org\/util\/geo\/visu\/FR\/img\/1341\/7201.jpg\" alt=\"\" style=\"width:800px\"\/><figcaption class=\"wp-element-caption\">Bocca di Campianu<\/figcaption><\/figure>\n<\/div>\n\n<div class=\"wp-block-image\">\n<figure class=\"aligncenter size-large is-resized\"><img decoding=\"async\" src=\"https:\/\/centcols.org\/util\/geo\/visu\/FR\/img\/1341\/7001.jpg\" alt=\"\" style=\"width:800px\"\/><figcaption class=\"wp-element-caption\">A Foci<\/figcaption><\/figure>\n<\/div>\n\n<div class=\"wp-block-image\">\n<figure class=\"aligncenter size-large is-resized\"><img decoding=\"async\" src=\"https:\/\/centcols.org\/util\/geo\/visu\/FR\/img\/1344\/1905.jpg\" alt=\"\" style=\"width:800px\"\/><figcaption class=\"wp-element-caption\">Scalellapas<\/figcaption><\/figure>\n<\/div>\n\n<div class=\"wp-block-image\">\n<figure class=\"aligncenter size-large is-resized\"><img decoding=\"async\" src=\"https:\/\/centcols.org\/util\/geo\/visu\/FR\/img\/1342\/4602.jpg\" alt=\"\" style=\"width:800px\"\/><figcaption class=\"wp-element-caption\">Bocca di Mercuju<\/figcaption><\/figure>\n<\/div>","protected":false},"excerpt":{"rendered":"<p>Description de l&rsquo;auteur Auteur : Bernard Giraudeau Parcours : effectu\u00e9 en octobre 2021 D\u00e9part : \u00c0 Gravona, une aire de stationnement pr\u00e9s de l\u2019\u00e9tablissement horticole ou des commerces, rond-point T40 \/ D55b. Alt : 11 m Descriptif touristique Le parcours emprunte d&rsquo;abord les routes du flanc Est de la vall\u00e9e de la Gravona en passant [&hellip;]<\/p>\n","protected":false},"author":3,"featured_media":82881,"comment_status":"open","ping_status":"open","sticky":false,"template":"","format":"standard","meta":{"_acf_changed":false,"footnotes":""},"categories":[303,318,331,327,326,220],"tags":[],"class_list":["post-82451","post","type-post","status-publish","format-standard","has-post-thumbnail","hentry","category-parcours-france","category-route-type-parcours","category-corse-region-parcours-membres","category-corse-massif-parcours-membres","category-corse-departement","category-parcours-membres"],"acf":[],"yoast_head":"<!-- This site is optimized with the Yoast SEO plugin v27.2 - https:\/\/yoast.com\/product\/yoast-seo-wordpress\/ -->\n<title>FR-2A Entre Gravona et Prunelli - Route 95 km, D+ 1875 m, 6 cols - Club des Cent Cols<\/title>\n<meta name=\"robots\" content=\"index, follow, max-snippet:-1, max-image-preview:large, max-video-preview:-1\" \/>\n<link rel=\"canonical\" href=\"https:\/\/centcols.org\/nl\/fr-2a-tussen-gravona-en-prunelli-weg-95-km-d-1875-m-6-passen\/\" \/>\n<meta property=\"og:locale\" content=\"nl_BE\" \/>\n<meta property=\"og:type\" content=\"article\" \/>\n<meta property=\"og:title\" content=\"FR-2A Entre Gravona et Prunelli - Route 95 km, D+ 1875 m, 6 cols - Club des Cent Cols\" \/>\n<meta property=\"og:description\" content=\"Description de l&rsquo;auteur Auteur : Bernard Giraudeau Parcours : effectu\u00e9 en octobre 2021 D\u00e9part : \u00c0 Gravona, une aire de stationnement pr\u00e9s de l\u2019\u00e9tablissement horticole ou des commerces, rond-point T40 \/ D55b. Alt : 11 m Descriptif touristique Le parcours emprunte d&rsquo;abord les routes du flanc Est de la vall\u00e9e de la Gravona en passant [&hellip;]\" \/>\n<meta property=\"og:url\" content=\"https:\/\/centcols.org\/nl\/fr-2a-tussen-gravona-en-prunelli-weg-95-km-d-1875-m-6-passen\/\" \/>\n<meta property=\"og:site_name\" content=\"Club des Cent Cols\" \/>\n<meta property=\"article:publisher\" content=\"https:\/\/www.facebook.com\/groups\/5261880558\/?locale=fr_FR\" \/>\n<meta property=\"article:published_time\" content=\"2023-07-16T12:02:44+00:00\" \/>\n<meta property=\"article:modified_time\" content=\"2025-09-12T16:50:38+00:00\" \/>\n<meta property=\"og:image\" content=\"https:\/\/centcols.org\/wp-content\/uploads\/2023\/07\/46021.jpg\" \/>\n\t<meta property=\"og:image:width\" content=\"800\" \/>\n\t<meta property=\"og:image:height\" content=\"600\" \/>\n\t<meta property=\"og:image:type\" content=\"image\/jpeg\" \/>\n<meta name=\"author\" content=\"Webmestre\" \/>\n<meta name=\"twitter:card\" content=\"summary_large_image\" \/>\n<meta name=\"twitter:label1\" content=\"Geschreven door\" \/>\n\t<meta name=\"twitter:data1\" content=\"Webmestre\" \/>\n\t<meta name=\"twitter:label2\" content=\"Geschatte leestijd\" \/>\n\t<meta name=\"twitter:data2\" content=\"4 minuten\" \/>\n<script type=\"application\/ld+json\" class=\"yoast-schema-graph\">{\"@context\":\"https:\/\/schema.org\",\"@graph\":[{\"@type\":\"Article\",\"@id\":\"https:\/\/centcols.org\/fr-2a-entre-gravona-et-prunelli-route-95-km-d-1875-m-6-cols\/#article\",\"isPartOf\":{\"@id\":\"https:\/\/centcols.org\/fr-2a-entre-gravona-et-prunelli-route-95-km-d-1875-m-6-cols\/\"},\"author\":{\"name\":\"Webmestre\",\"@id\":\"https:\/\/centcols.org\/#\/schema\/person\/911b404fb133d8c913dd27cdcf71c8e5\"},\"headline\":\"FR-2A Entre Gravona et Prunelli &#8211; Route 95 km, D+ 1875 m, 6 cols\",\"datePublished\":\"2023-07-16T12:02:44+00:00\",\"dateModified\":\"2025-09-12T16:50:38+00:00\",\"mainEntityOfPage\":{\"@id\":\"https:\/\/centcols.org\/fr-2a-entre-gravona-et-prunelli-route-95-km-d-1875-m-6-cols\/\"},\"wordCount\":323,\"commentCount\":0,\"publisher\":{\"@id\":\"https:\/\/centcols.org\/#organization\"},\"image\":{\"@id\":\"https:\/\/centcols.org\/fr-2a-entre-gravona-et-prunelli-route-95-km-d-1875-m-6-cols\/#primaryimage\"},\"thumbnailUrl\":\"https:\/\/centcols.org\/wp-content\/uploads\/2023\/07\/46021.jpg\",\"articleSection\":[\"Parcours France\",\"Route\",\"Corse\",\"Corse\",\"20-Corse\",\"Parcours membres\"],\"inLanguage\":\"nl-BE\",\"potentialAction\":[{\"@type\":\"CommentAction\",\"name\":\"Comment\",\"target\":[\"https:\/\/centcols.org\/fr-2a-entre-gravona-et-prunelli-route-95-km-d-1875-m-6-cols\/#respond\"]}]},{\"@type\":\"WebPage\",\"@id\":\"https:\/\/centcols.org\/fr-2a-entre-gravona-et-prunelli-route-95-km-d-1875-m-6-cols\/\",\"url\":\"https:\/\/centcols.org\/fr-2a-entre-gravona-et-prunelli-route-95-km-d-1875-m-6-cols\/\",\"name\":\"FR-2A Entre Gravona et Prunelli - Route 95 km, D+ 1875 m, 6 cols - Club des Cent Cols\",\"isPartOf\":{\"@id\":\"https:\/\/centcols.org\/#website\"},\"primaryImageOfPage\":{\"@id\":\"https:\/\/centcols.org\/fr-2a-entre-gravona-et-prunelli-route-95-km-d-1875-m-6-cols\/#primaryimage\"},\"image\":{\"@id\":\"https:\/\/centcols.org\/fr-2a-entre-gravona-et-prunelli-route-95-km-d-1875-m-6-cols\/#primaryimage\"},\"thumbnailUrl\":\"https:\/\/centcols.org\/wp-content\/uploads\/2023\/07\/46021.jpg\",\"datePublished\":\"2023-07-16T12:02:44+00:00\",\"dateModified\":\"2025-09-12T16:50:38+00:00\",\"breadcrumb\":{\"@id\":\"https:\/\/centcols.org\/fr-2a-entre-gravona-et-prunelli-route-95-km-d-1875-m-6-cols\/#breadcrumb\"},\"inLanguage\":\"nl-BE\",\"potentialAction\":[{\"@type\":\"ReadAction\",\"target\":[\"https:\/\/centcols.org\/fr-2a-entre-gravona-et-prunelli-route-95-km-d-1875-m-6-cols\/\"]}]},{\"@type\":\"ImageObject\",\"inLanguage\":\"nl-BE\",\"@id\":\"https:\/\/centcols.org\/fr-2a-entre-gravona-et-prunelli-route-95-km-d-1875-m-6-cols\/#primaryimage\",\"url\":\"https:\/\/centcols.org\/wp-content\/uploads\/2023\/07\/46021.jpg\",\"contentUrl\":\"https:\/\/centcols.org\/wp-content\/uploads\/2023\/07\/46021.jpg\",\"width\":800,\"height\":600},{\"@type\":\"BreadcrumbList\",\"@id\":\"https:\/\/centcols.org\/fr-2a-entre-gravona-et-prunelli-route-95-km-d-1875-m-6-cols\/#breadcrumb\",\"itemListElement\":[{\"@type\":\"ListItem\",\"position\":1,\"name\":\"Accueil\",\"item\":\"https:\/\/centcols.org\/\"},{\"@type\":\"ListItem\",\"position\":2,\"name\":\"Parcours membres\",\"item\":\"https:\/\/centcols.org\/rubrique\/parcours-membres\/\"},{\"@type\":\"ListItem\",\"position\":3,\"name\":\"Pays\",\"item\":\"https:\/\/centcols.org\/rubrique\/parcours-membres\/pays-parcours-membres\/\"},{\"@type\":\"ListItem\",\"position\":4,\"name\":\"Parcours France\",\"item\":\"https:\/\/centcols.org\/rubrique\/parcours-membres\/pays-parcours-membres\/parcours-france\/\"},{\"@type\":\"ListItem\",\"position\":5,\"name\":\"FR-2A Entre Gravona et Prunelli &#8211; Route 95 km, D+ 1875 m, 6 cols\"}]},{\"@type\":\"WebSite\",\"@id\":\"https:\/\/centcols.org\/#website\",\"url\":\"https:\/\/centcols.org\/\",\"name\":\"Club des Cent Cols\",\"description\":\"\",\"publisher\":{\"@id\":\"https:\/\/centcols.org\/#organization\"},\"potentialAction\":[{\"@type\":\"SearchAction\",\"target\":{\"@type\":\"EntryPoint\",\"urlTemplate\":\"https:\/\/centcols.org\/?s={search_term_string}\"},\"query-input\":{\"@type\":\"PropertyValueSpecification\",\"valueRequired\":true,\"valueName\":\"search_term_string\"}}],\"inLanguage\":\"nl-BE\"},{\"@type\":\"Organization\",\"@id\":\"https:\/\/centcols.org\/#organization\",\"name\":\"Club des Cent Cols\",\"url\":\"https:\/\/centcols.org\/\",\"logo\":{\"@type\":\"ImageObject\",\"inLanguage\":\"nl-BE\",\"@id\":\"https:\/\/centcols.org\/#\/schema\/logo\/image\/\",\"url\":\"https:\/\/centcols.org\/wp-content\/uploads\/2025\/01\/carte-icone.png\",\"contentUrl\":\"https:\/\/centcols.org\/wp-content\/uploads\/2025\/01\/carte-icone.png\",\"width\":250,\"height\":250,\"caption\":\"Club des Cent Cols\"},\"image\":{\"@id\":\"https:\/\/centcols.org\/#\/schema\/logo\/image\/\"},\"sameAs\":[\"https:\/\/www.facebook.com\/groups\/5261880558\/?locale=fr_FR\"]},{\"@type\":\"Person\",\"@id\":\"https:\/\/centcols.org\/#\/schema\/person\/911b404fb133d8c913dd27cdcf71c8e5\",\"name\":\"Webmestre\",\"image\":{\"@type\":\"ImageObject\",\"inLanguage\":\"nl-BE\",\"@id\":\"https:\/\/centcols.org\/wp-content\/litespeed\/avatar\/2d246e4b6b4f773e08515e1ffc53690b.jpg?ver=1777222892\",\"url\":\"https:\/\/centcols.org\/wp-content\/litespeed\/avatar\/2d246e4b6b4f773e08515e1ffc53690b.jpg?ver=1777222892\",\"contentUrl\":\"https:\/\/centcols.org\/wp-content\/litespeed\/avatar\/2d246e4b6b4f773e08515e1ffc53690b.jpg?ver=1777222892\",\"caption\":\"Webmestre\"},\"url\":\"https:\/\/centcols.org\/nl\/author\/webmestre\/\"}]}<\/script>\n<!-- \/ Yoast SEO plugin. -->","yoast_head_json":{"title":"FR-2A Entre Gravona et Prunelli - Route 95 km, D+ 1875 m, 6 cols - Club des Cent Cols","robots":{"index":"index","follow":"follow","max-snippet":"max-snippet:-1","max-image-preview":"max-image-preview:large","max-video-preview":"max-video-preview:-1"},"canonical":"https:\/\/centcols.org\/nl\/fr-2a-tussen-gravona-en-prunelli-weg-95-km-d-1875-m-6-passen\/","og_locale":"nl_BE","og_type":"article","og_title":"FR-2A Entre Gravona et Prunelli - Route 95 km, D+ 1875 m, 6 cols - Club des Cent Cols","og_description":"Description de l&rsquo;auteur Auteur : Bernard Giraudeau Parcours : effectu\u00e9 en octobre 2021 D\u00e9part : \u00c0 Gravona, une aire de stationnement pr\u00e9s de l\u2019\u00e9tablissement horticole ou des commerces, rond-point T40 \/ D55b. Alt : 11 m Descriptif touristique Le parcours emprunte d&rsquo;abord les routes du flanc Est de la vall\u00e9e de la Gravona en passant [&hellip;]","og_url":"https:\/\/centcols.org\/nl\/fr-2a-tussen-gravona-en-prunelli-weg-95-km-d-1875-m-6-passen\/","og_site_name":"Club des Cent Cols","article_publisher":"https:\/\/www.facebook.com\/groups\/5261880558\/?locale=fr_FR","article_published_time":"2023-07-16T12:02:44+00:00","article_modified_time":"2025-09-12T16:50:38+00:00","og_image":[{"width":800,"height":600,"url":"https:\/\/centcols.org\/wp-content\/uploads\/2023\/07\/46021.jpg","type":"image\/jpeg"}],"author":"Webmestre","twitter_card":"summary_large_image","twitter_misc":{"Geschreven door":"Webmestre","Geschatte leestijd":"4 minuten"},"schema":{"@context":"https:\/\/schema.org","@graph":[{"@type":"Article","@id":"https:\/\/centcols.org\/fr-2a-entre-gravona-et-prunelli-route-95-km-d-1875-m-6-cols\/#article","isPartOf":{"@id":"https:\/\/centcols.org\/fr-2a-entre-gravona-et-prunelli-route-95-km-d-1875-m-6-cols\/"},"author":{"name":"Webmestre","@id":"https:\/\/centcols.org\/#\/schema\/person\/911b404fb133d8c913dd27cdcf71c8e5"},"headline":"FR-2A Entre Gravona et Prunelli &#8211; Route 95 km, D+ 1875 m, 6 cols","datePublished":"2023-07-16T12:02:44+00:00","dateModified":"2025-09-12T16:50:38+00:00","mainEntityOfPage":{"@id":"https:\/\/centcols.org\/fr-2a-entre-gravona-et-prunelli-route-95-km-d-1875-m-6-cols\/"},"wordCount":323,"commentCount":0,"publisher":{"@id":"https:\/\/centcols.org\/#organization"},"image":{"@id":"https:\/\/centcols.org\/fr-2a-entre-gravona-et-prunelli-route-95-km-d-1875-m-6-cols\/#primaryimage"},"thumbnailUrl":"https:\/\/centcols.org\/wp-content\/uploads\/2023\/07\/46021.jpg","articleSection":["Parcours France","Route","Corse","Corse","20-Corse","Parcours membres"],"inLanguage":"nl-BE","potentialAction":[{"@type":"CommentAction","name":"Comment","target":["https:\/\/centcols.org\/fr-2a-entre-gravona-et-prunelli-route-95-km-d-1875-m-6-cols\/#respond"]}]},{"@type":"WebPage","@id":"https:\/\/centcols.org\/fr-2a-entre-gravona-et-prunelli-route-95-km-d-1875-m-6-cols\/","url":"https:\/\/centcols.org\/fr-2a-entre-gravona-et-prunelli-route-95-km-d-1875-m-6-cols\/","name":"FR-2A Entre Gravona et Prunelli - Route 95 km, D+ 1875 m, 6 cols - Club des Cent Cols","isPartOf":{"@id":"https:\/\/centcols.org\/#website"},"primaryImageOfPage":{"@id":"https:\/\/centcols.org\/fr-2a-entre-gravona-et-prunelli-route-95-km-d-1875-m-6-cols\/#primaryimage"},"image":{"@id":"https:\/\/centcols.org\/fr-2a-entre-gravona-et-prunelli-route-95-km-d-1875-m-6-cols\/#primaryimage"},"thumbnailUrl":"https:\/\/centcols.org\/wp-content\/uploads\/2023\/07\/46021.jpg","datePublished":"2023-07-16T12:02:44+00:00","dateModified":"2025-09-12T16:50:38+00:00","breadcrumb":{"@id":"https:\/\/centcols.org\/fr-2a-entre-gravona-et-prunelli-route-95-km-d-1875-m-6-cols\/#breadcrumb"},"inLanguage":"nl-BE","potentialAction":[{"@type":"ReadAction","target":["https:\/\/centcols.org\/fr-2a-entre-gravona-et-prunelli-route-95-km-d-1875-m-6-cols\/"]}]},{"@type":"ImageObject","inLanguage":"nl-BE","@id":"https:\/\/centcols.org\/fr-2a-entre-gravona-et-prunelli-route-95-km-d-1875-m-6-cols\/#primaryimage","url":"https:\/\/centcols.org\/wp-content\/uploads\/2023\/07\/46021.jpg","contentUrl":"https:\/\/centcols.org\/wp-content\/uploads\/2023\/07\/46021.jpg","width":800,"height":600},{"@type":"BreadcrumbList","@id":"https:\/\/centcols.org\/fr-2a-entre-gravona-et-prunelli-route-95-km-d-1875-m-6-cols\/#breadcrumb","itemListElement":[{"@type":"ListItem","position":1,"name":"Accueil","item":"https:\/\/centcols.org\/"},{"@type":"ListItem","position":2,"name":"Parcours membres","item":"https:\/\/centcols.org\/rubrique\/parcours-membres\/"},{"@type":"ListItem","position":3,"name":"Pays","item":"https:\/\/centcols.org\/rubrique\/parcours-membres\/pays-parcours-membres\/"},{"@type":"ListItem","position":4,"name":"Parcours France","item":"https:\/\/centcols.org\/rubrique\/parcours-membres\/pays-parcours-membres\/parcours-france\/"},{"@type":"ListItem","position":5,"name":"FR-2A Entre Gravona et Prunelli &#8211; Route 95 km, D+ 1875 m, 6 cols"}]},{"@type":"WebSite","@id":"https:\/\/centcols.org\/#website","url":"https:\/\/centcols.org\/","name":"Club van Cent Cols","description":"","publisher":{"@id":"https:\/\/centcols.org\/#organization"},"potentialAction":[{"@type":"SearchAction","target":{"@type":"EntryPoint","urlTemplate":"https:\/\/centcols.org\/?s={search_term_string}"},"query-input":{"@type":"PropertyValueSpecification","valueRequired":true,"valueName":"search_term_string"}}],"inLanguage":"nl-BE"},{"@type":"Organization","@id":"https:\/\/centcols.org\/#organization","name":"Club van Cent Cols","url":"https:\/\/centcols.org\/","logo":{"@type":"ImageObject","inLanguage":"nl-BE","@id":"https:\/\/centcols.org\/#\/schema\/logo\/image\/","url":"https:\/\/centcols.org\/wp-content\/uploads\/2025\/01\/carte-icone.png","contentUrl":"https:\/\/centcols.org\/wp-content\/uploads\/2025\/01\/carte-icone.png","width":250,"height":250,"caption":"Club des Cent Cols"},"image":{"@id":"https:\/\/centcols.org\/#\/schema\/logo\/image\/"},"sameAs":["https:\/\/www.facebook.com\/groups\/5261880558\/?locale=fr_FR"]},{"@type":"Person","@id":"https:\/\/centcols.org\/#\/schema\/person\/911b404fb133d8c913dd27cdcf71c8e5","name":"Webmaster","image":{"@type":"ImageObject","inLanguage":"nl-BE","@id":"https:\/\/centcols.org\/wp-content\/litespeed\/avatar\/2d246e4b6b4f773e08515e1ffc53690b.jpg?ver=1777222892","url":"https:\/\/centcols.org\/wp-content\/litespeed\/avatar\/2d246e4b6b4f773e08515e1ffc53690b.jpg?ver=1777222892","contentUrl":"https:\/\/centcols.org\/wp-content\/litespeed\/avatar\/2d246e4b6b4f773e08515e1ffc53690b.jpg?ver=1777222892","caption":"Webmestre"},"url":"https:\/\/centcols.org\/nl\/author\/webmestre\/"}]}},"_links":{"self":[{"href":"https:\/\/centcols.org\/nl\/wp-json\/wp\/v2\/posts\/82451","targetHints":{"allow":["GET"]}}],"collection":[{"href":"https:\/\/centcols.org\/nl\/wp-json\/wp\/v2\/posts"}],"about":[{"href":"https:\/\/centcols.org\/nl\/wp-json\/wp\/v2\/types\/post"}],"author":[{"embeddable":true,"href":"https:\/\/centcols.org\/nl\/wp-json\/wp\/v2\/users\/3"}],"replies":[{"embeddable":true,"href":"https:\/\/centcols.org\/nl\/wp-json\/wp\/v2\/comments?post=82451"}],"version-history":[{"count":0,"href":"https:\/\/centcols.org\/nl\/wp-json\/wp\/v2\/posts\/82451\/revisions"}],"wp:featuredmedia":[{"embeddable":true,"href":"https:\/\/centcols.org\/nl\/wp-json\/wp\/v2\/media\/82881"}],"wp:attachment":[{"href":"https:\/\/centcols.org\/nl\/wp-json\/wp\/v2\/media?parent=82451"}],"wp:term":[{"taxonomy":"category","embeddable":true,"href":"https:\/\/centcols.org\/nl\/wp-json\/wp\/v2\/categories?post=82451"},{"taxonomy":"post_tag","embeddable":true,"href":"https:\/\/centcols.org\/nl\/wp-json\/wp\/v2\/tags?post=82451"}],"curies":[{"name":"wp","href":"https:\/\/api.w.org\/{rel}","templated":true}]}}