{"id":82453,"date":"2023-07-01T09:51:09","date_gmt":"2023-07-01T07:51:09","guid":{"rendered":"https:\/\/centcols.org\/fr-83-le-massif-des-maures-route-gravel-90-km-d-1160-m-6-cols\/"},"modified":"2025-09-12T20:15:43","modified_gmt":"2025-09-12T18:15:43","slug":"fr-83-le-massif-des-maures-route-grind-90-km-d-1160-m-6-cols","status":"publish","type":"post","link":"https:\/\/centcols.org\/nl\/fr-83-le-massif-des-maures-route-gravel-90-km-d-1160-m-6-cols\/","title":{"rendered":"FR-83 Le Massif des Maures - Weg\/grind 90 km, D+ 1160 m, 6 passen"},"content":{"rendered":"<iframe width=\"100%\" height=\"650\" loading=\"lazy\" src=\"https:\/\/www.openrunner.com\/embed\/4b584f63326366654f7033525076626249704f2b6f503041346e6c31554350597169732b68634b5a5459343d3a3ac2f42c19a1f6334611220af5a2dba5d0?unit=metric\" style=\"border: none;\"><\/iframe>\n\n\n\n<h2 class=\"wp-block-heading\">Beschrijving auteur<\/h2>\n\n\n\n<p><span style=\"font-size: 14px; font-family: arial, helvetica, sans-serif;\"><strong>Auteur <\/strong>Jean-Jacques Colin<\/span><\/p>\n\n\n\n<p><span style=\"font-size: 14px; font-family: arial, helvetica, sans-serif;\"><strong>Vertrek<\/strong> Saint-Aygulf <\/span>(Fr\u00e9jus) op de parkeerplaats naast het postkantoor. Hoogte 15 m<\/p>\n\n\n\n<h2 class=\"wp-block-heading\">Toeristische beschrijving<\/h2>\n\n\n\n<p>Fietsen door het Massif des Maures is altijd een genot. Het ene uitzicht op de Middellandse Zee na het andere, en tijdens deze tocht kun je er zelfs langs fietsen.<\/p>\n\n\n\n<p><strong>5 tot 6 passen<\/strong><\/p>\n\n\n\n<figure class=\"wp-block-table is-style-stripes\"><table><tbody><tr><td>1 - Col de Valdingarde<br>2 - Col de Gratteloup<br>3 - Col de Vignon<br>4 - Col de Reverdi<br>5 - Col de Bougnon<br>6 - Optioneel: Col de Peigros (R1)<\/td><td><a title=\"\" href=\"https:\/\/centcols.org\/nl\/util\/geo\/visu.php\/?code=FR-83-0392\" target=\"_blank\" rel=\"noopener\">FR-83-0392<\/a><br><a title=\"\" href=\"https:\/\/centcols.org\/nl\/util\/geo\/visu.php\/?code=FR-83-0225\" target=\"_blank\" rel=\"noopener\">FR-83-0225<\/a><br><a href=\"https:\/\/centcols.org\/nl\/util\/geo\/visu.php\/?code=FR-83-0352\" target=\"_blank\" rel=\"noreferrer noopener\">FR-83-0352<\/a><br><a href=\"https:\/\/centcols.org\/nl\/util\/geo\/visu.php\/?code=FR-83-0184\" target=\"_blank\" rel=\"noreferrer noopener\">FR-83-0184<\/a><br><a href=\"https:\/\/centcols.org\/nl\/util\/geo\/visu.php\/?code=FR-83-0154a\" target=\"_blank\" rel=\"noreferrer noopener\">FR-83-0154a<\/a><br><a title=\"\" href=\"https:\/\/centcols.org\/nl\/util\/geo\/visu.php\/?code=FR-83-0350a\" target=\"_blank\" rel=\"noopener\">FR-83-0350a<\/a> , bij km 27,5, 300 m naar links<br><\/td><\/tr><\/tbody><\/table><\/figure>\n\n\n\n<p><strong>Openrunner link, interactieve kaart, profiel, gpx track<\/strong> <br><a href=\"https:\/\/www.openrunner.com\/route-details\/6145721\" target=\"_blank\" rel=\"noopener\" title=\"\">https:\/\/www.openrunner.com\/route-details\/6145721<\/a><\/p>\n\n\n\n<p><strong>Sleutelwoorden<\/strong> St-Aygulf, Port-Grimaud, Col de Valdingarde, Maures, Col de Gratteloup<\/p>\n\n\n\n<blockquote class=\"wp-block-quote is-layout-flow wp-block-quote-is-layout-flow\">\n<p>Deze routebeschrijving is louter informatief. De auteur aanvaardt geen aansprakelijkheid, noch die van de Club des Cent Cols, voor de onvoorziene omstandigheden veroorzaakt door de fietser zelf, het gebruikte materiaal of alles wat te maken heeft met de weg, de omgeving of andere weggebruikers.<\/p>\n<\/blockquote>\n\n\n\n<h2 class=\"wp-block-heading has--font-size\">Foto's<\/h2>\n\n\n<div class=\"wp-block-image\">\n<figure class=\"aligncenter size-large is-resized\"><a href=\"https:\/\/centcols.org\/util\/geo\/visu\/FR\/img\/1396\/9202.jpg\"><img decoding=\"async\" src=\"https:\/\/centcols.org\/util\/geo\/visu\/FR\/img\/1396\/9202.jpg\" alt=\"\" style=\"width:800px\"\/><\/a><figcaption class=\"wp-element-caption\"><strong>Col de Valdingarde<\/strong><\/figcaption><\/figure>\n<\/div>\n\n<div class=\"wp-block-image\">\n<figure class=\"aligncenter size-large is-resized\"><a href=\"https:\/\/centcols.org\/util\/geo\/visu\/FR\/img\/1396\/2902.jpg\"><img decoding=\"async\" src=\"https:\/\/centcols.org\/util\/geo\/visu\/FR\/img\/1396\/2902.jpg\" alt=\"\" style=\"width:800px\"\/><\/a><figcaption class=\"wp-element-caption\"> <\/figcaption><\/figure>\n<\/div>\n\n<div class=\"wp-block-image\">\n<figure class=\"aligncenter size-large is-resized\"><a href=\"https:\/\/centcols.org\/util\/geo\/visu\/FR\/img\/1396\/7801.jpg\"><img decoding=\"async\" src=\"https:\/\/centcols.org\/util\/geo\/visu\/FR\/img\/1396\/7801.jpg\" alt=\"\" style=\"width:800px\"\/><\/a><figcaption class=\"wp-element-caption\"><strong>Col de Vignon<\/strong><\/figcaption><\/figure>\n<\/div>\n\n<div class=\"wp-block-image\">\n<figure class=\"aligncenter size-large is-resized\"><a href=\"https:\/\/centcols.org\/util\/geo\/visu\/FR\/img\/1396\/0602.jpg\"><img decoding=\"async\" src=\"https:\/\/centcols.org\/util\/geo\/visu\/FR\/img\/1396\/0602.jpg\" alt=\"\" style=\"width:800px\"\/><\/a><figcaption class=\"wp-element-caption\"><strong>Col de Reverdi<\/strong><\/figcaption><\/figure>\n<\/div>\n\n<div class=\"wp-block-image\">\n<figure class=\"aligncenter size-full is-resized\"><a href=\"https:\/\/centcols.org\/wp-content\/uploads\/2023\/07\/Col-du-Bougnon1.jpg\"><img loading=\"lazy\" decoding=\"async\" width=\"1000\" height=\"750\" src=\"https:\/\/centcols.org\/wp-content\/uploads\/2023\/07\/Col-du-Bougnon1.jpg\" alt=\"\" class=\"wp-image-89951\" style=\"width:800px\" srcset=\"https:\/\/centcols.org\/wp-content\/uploads\/2023\/07\/Col-du-Bougnon1.jpg 1000w, https:\/\/centcols.org\/wp-content\/uploads\/2023\/07\/Col-du-Bougnon1-768x576.jpg 768w, https:\/\/centcols.org\/wp-content\/uploads\/2023\/07\/Col-du-Bougnon1-16x12.jpg 16w\" sizes=\"auto, (max-width: 1000px) 100vw, 1000px\" \/><\/a><figcaption class=\"wp-element-caption\"> <\/figcaption><\/figure>\n<\/div>\n\n<div class=\"wp-block-image\">\n<figure class=\"aligncenter size-large is-resized\"><a href=\"https:\/\/centcols.org\/util\/geo\/visu\/FR\/img\/1396\/7502.jpg\"><img decoding=\"async\" src=\"https:\/\/centcols.org\/util\/geo\/visu\/FR\/img\/1396\/7502.jpg\" alt=\"\" style=\"width:800px\"\/><\/a><figcaption class=\"wp-element-caption\"><strong>Col de Peigros<\/strong><\/figcaption><\/figure>\n<\/div>","protected":false},"excerpt":{"rendered":"<p>Description de l&rsquo;auteur Auteur : Jean-Jacques Colin D\u00e9part : Saint-Aygulf (Fr\u00e9jus) au niveau du parking \u00e0 c\u00f4t\u00e9 de la poste. Alt. 15 m Description touristique Parcourir le massif des Maures en v\u00e9lo est toujours un ravissement. Les points de vue sur la M\u00e9diterran\u00e9e s&rsquo;encha\u00eenent et il nous est m\u00eame donn\u00e9 de la longer dans ce [&hellip;]<\/p>\n","protected":false},"author":3,"featured_media":82895,"comment_status":"open","ping_status":"open","sticky":false,"template":"","format":"standard","meta":{"_acf_changed":false,"footnotes":""},"categories":[303,318,344,320,343,342,220],"tags":[],"class_list":["post-82453","post","type-post","status-publish","format-standard","has-post-thumbnail","hentry","category-parcours-france","category-route-type-parcours","category-alpes-francaises-du-sud","category-gravel-type-parcours","category-provence-alpes-cote-dazur-parcours-membres","category-83-var","category-parcours-membres"],"acf":[],"yoast_head":"<!-- This site is optimized with the Yoast SEO plugin v27.2 - https:\/\/yoast.com\/product\/yoast-seo-wordpress\/ -->\n<title>FR-83 Le Massif des Maures - Route\/gravel 90 km, D+ 1160 m, 6 cols - Club des Cent Cols<\/title>\n<meta name=\"robots\" content=\"index, follow, max-snippet:-1, max-image-preview:large, max-video-preview:-1\" \/>\n<link rel=\"canonical\" href=\"https:\/\/centcols.org\/nl\/fr-83-le-massif-des-maures-route-grind-90-km-d-1160-m-6-cols\/\" \/>\n<meta property=\"og:locale\" content=\"nl_BE\" \/>\n<meta property=\"og:type\" content=\"article\" \/>\n<meta property=\"og:title\" content=\"FR-83 Le Massif des Maures - Route\/gravel 90 km, D+ 1160 m, 6 cols - Club des Cent Cols\" \/>\n<meta property=\"og:description\" content=\"Description de l&rsquo;auteur Auteur : Jean-Jacques Colin D\u00e9part : Saint-Aygulf (Fr\u00e9jus) au niveau du parking \u00e0 c\u00f4t\u00e9 de la poste. Alt. 15 m Description touristique Parcourir le massif des Maures en v\u00e9lo est toujours un ravissement. Les points de vue sur la M\u00e9diterran\u00e9e s&rsquo;encha\u00eenent et il nous est m\u00eame donn\u00e9 de la longer dans ce [&hellip;]\" \/>\n<meta property=\"og:url\" content=\"https:\/\/centcols.org\/nl\/fr-83-le-massif-des-maures-route-grind-90-km-d-1160-m-6-cols\/\" \/>\n<meta property=\"og:site_name\" content=\"Club des Cent Cols\" \/>\n<meta property=\"article:publisher\" content=\"https:\/\/www.facebook.com\/groups\/5261880558\/?locale=fr_FR\" \/>\n<meta property=\"article:published_time\" content=\"2023-07-01T07:51:09+00:00\" \/>\n<meta property=\"article:modified_time\" content=\"2025-09-12T18:15:43+00:00\" \/>\n<meta property=\"og:image\" content=\"https:\/\/centcols.org\/wp-content\/uploads\/2023\/07\/92021.jpg\" \/>\n\t<meta property=\"og:image:width\" content=\"799\" \/>\n\t<meta property=\"og:image:height\" content=\"599\" \/>\n\t<meta property=\"og:image:type\" content=\"image\/jpeg\" \/>\n<meta name=\"author\" content=\"Webmestre\" \/>\n<meta name=\"twitter:card\" content=\"summary_large_image\" \/>\n<meta name=\"twitter:label1\" content=\"Geschreven door\" \/>\n\t<meta name=\"twitter:data1\" content=\"Webmestre\" \/>\n\t<meta name=\"twitter:label2\" content=\"Geschatte leestijd\" \/>\n\t<meta name=\"twitter:data2\" content=\"3 minuten\" \/>\n<script type=\"application\/ld+json\" class=\"yoast-schema-graph\">{\"@context\":\"https:\/\/schema.org\",\"@graph\":[{\"@type\":\"Article\",\"@id\":\"https:\/\/centcols.org\/fr-83-le-massif-des-maures-route-gravel-90-km-d-1160-m-6-cols\/#article\",\"isPartOf\":{\"@id\":\"https:\/\/centcols.org\/fr-83-le-massif-des-maures-route-gravel-90-km-d-1160-m-6-cols\/\"},\"author\":{\"name\":\"Webmestre\",\"@id\":\"https:\/\/centcols.org\/#\/schema\/person\/911b404fb133d8c913dd27cdcf71c8e5\"},\"headline\":\"FR-83 Le Massif des Maures &#8211; Route\/gravel 90 km, D+ 1160 m, 6 cols\",\"datePublished\":\"2023-07-01T07:51:09+00:00\",\"dateModified\":\"2025-09-12T18:15:43+00:00\",\"mainEntityOfPage\":{\"@id\":\"https:\/\/centcols.org\/fr-83-le-massif-des-maures-route-gravel-90-km-d-1160-m-6-cols\/\"},\"wordCount\":207,\"commentCount\":0,\"publisher\":{\"@id\":\"https:\/\/centcols.org\/#organization\"},\"image\":{\"@id\":\"https:\/\/centcols.org\/fr-83-le-massif-des-maures-route-gravel-90-km-d-1160-m-6-cols\/#primaryimage\"},\"thumbnailUrl\":\"https:\/\/centcols.org\/wp-content\/uploads\/2023\/07\/92021.jpg\",\"articleSection\":[\"Parcours France\",\"Route\",\"Alpes fran\u00e7aises du sud\",\"Gravel\",\"Provence-Alpes-C\u00f4te d'Azur\",\"83-Var\",\"Parcours membres\"],\"inLanguage\":\"nl-BE\",\"potentialAction\":[{\"@type\":\"CommentAction\",\"name\":\"Comment\",\"target\":[\"https:\/\/centcols.org\/fr-83-le-massif-des-maures-route-gravel-90-km-d-1160-m-6-cols\/#respond\"]}]},{\"@type\":\"WebPage\",\"@id\":\"https:\/\/centcols.org\/fr-83-le-massif-des-maures-route-gravel-90-km-d-1160-m-6-cols\/\",\"url\":\"https:\/\/centcols.org\/fr-83-le-massif-des-maures-route-gravel-90-km-d-1160-m-6-cols\/\",\"name\":\"FR-83 Le Massif des Maures - Route\/gravel 90 km, D+ 1160 m, 6 cols - Club des Cent Cols\",\"isPartOf\":{\"@id\":\"https:\/\/centcols.org\/#website\"},\"primaryImageOfPage\":{\"@id\":\"https:\/\/centcols.org\/fr-83-le-massif-des-maures-route-gravel-90-km-d-1160-m-6-cols\/#primaryimage\"},\"image\":{\"@id\":\"https:\/\/centcols.org\/fr-83-le-massif-des-maures-route-gravel-90-km-d-1160-m-6-cols\/#primaryimage\"},\"thumbnailUrl\":\"https:\/\/centcols.org\/wp-content\/uploads\/2023\/07\/92021.jpg\",\"datePublished\":\"2023-07-01T07:51:09+00:00\",\"dateModified\":\"2025-09-12T18:15:43+00:00\",\"breadcrumb\":{\"@id\":\"https:\/\/centcols.org\/fr-83-le-massif-des-maures-route-gravel-90-km-d-1160-m-6-cols\/#breadcrumb\"},\"inLanguage\":\"nl-BE\",\"potentialAction\":[{\"@type\":\"ReadAction\",\"target\":[\"https:\/\/centcols.org\/fr-83-le-massif-des-maures-route-gravel-90-km-d-1160-m-6-cols\/\"]}]},{\"@type\":\"ImageObject\",\"inLanguage\":\"nl-BE\",\"@id\":\"https:\/\/centcols.org\/fr-83-le-massif-des-maures-route-gravel-90-km-d-1160-m-6-cols\/#primaryimage\",\"url\":\"https:\/\/centcols.org\/wp-content\/uploads\/2023\/07\/92021.jpg\",\"contentUrl\":\"https:\/\/centcols.org\/wp-content\/uploads\/2023\/07\/92021.jpg\",\"width\":799,\"height\":599,\"caption\":\"??????????????????????????????????????????????????????????????????????????????????????????????????????????\"},{\"@type\":\"BreadcrumbList\",\"@id\":\"https:\/\/centcols.org\/fr-83-le-massif-des-maures-route-gravel-90-km-d-1160-m-6-cols\/#breadcrumb\",\"itemListElement\":[{\"@type\":\"ListItem\",\"position\":1,\"name\":\"Accueil\",\"item\":\"https:\/\/centcols.org\/\"},{\"@type\":\"ListItem\",\"position\":2,\"name\":\"Parcours membres\",\"item\":\"https:\/\/centcols.org\/rubrique\/parcours-membres\/\"},{\"@type\":\"ListItem\",\"position\":3,\"name\":\"Pays\",\"item\":\"https:\/\/centcols.org\/rubrique\/parcours-membres\/pays-parcours-membres\/\"},{\"@type\":\"ListItem\",\"position\":4,\"name\":\"Parcours France\",\"item\":\"https:\/\/centcols.org\/rubrique\/parcours-membres\/pays-parcours-membres\/parcours-france\/\"},{\"@type\":\"ListItem\",\"position\":5,\"name\":\"FR-83 Le Massif des Maures &#8211; Route\/gravel 90 km, D+ 1160 m, 6 cols\"}]},{\"@type\":\"WebSite\",\"@id\":\"https:\/\/centcols.org\/#website\",\"url\":\"https:\/\/centcols.org\/\",\"name\":\"Club des Cent Cols\",\"description\":\"\",\"publisher\":{\"@id\":\"https:\/\/centcols.org\/#organization\"},\"potentialAction\":[{\"@type\":\"SearchAction\",\"target\":{\"@type\":\"EntryPoint\",\"urlTemplate\":\"https:\/\/centcols.org\/?s={search_term_string}\"},\"query-input\":{\"@type\":\"PropertyValueSpecification\",\"valueRequired\":true,\"valueName\":\"search_term_string\"}}],\"inLanguage\":\"nl-BE\"},{\"@type\":\"Organization\",\"@id\":\"https:\/\/centcols.org\/#organization\",\"name\":\"Club des Cent Cols\",\"url\":\"https:\/\/centcols.org\/\",\"logo\":{\"@type\":\"ImageObject\",\"inLanguage\":\"nl-BE\",\"@id\":\"https:\/\/centcols.org\/#\/schema\/logo\/image\/\",\"url\":\"https:\/\/centcols.org\/wp-content\/uploads\/2025\/01\/carte-icone.png\",\"contentUrl\":\"https:\/\/centcols.org\/wp-content\/uploads\/2025\/01\/carte-icone.png\",\"width\":250,\"height\":250,\"caption\":\"Club des Cent Cols\"},\"image\":{\"@id\":\"https:\/\/centcols.org\/#\/schema\/logo\/image\/\"},\"sameAs\":[\"https:\/\/www.facebook.com\/groups\/5261880558\/?locale=fr_FR\"]},{\"@type\":\"Person\",\"@id\":\"https:\/\/centcols.org\/#\/schema\/person\/911b404fb133d8c913dd27cdcf71c8e5\",\"name\":\"Webmestre\",\"image\":{\"@type\":\"ImageObject\",\"inLanguage\":\"nl-BE\",\"@id\":\"https:\/\/centcols.org\/wp-content\/litespeed\/avatar\/2d246e4b6b4f773e08515e1ffc53690b.jpg?ver=1777222892\",\"url\":\"https:\/\/centcols.org\/wp-content\/litespeed\/avatar\/2d246e4b6b4f773e08515e1ffc53690b.jpg?ver=1777222892\",\"contentUrl\":\"https:\/\/centcols.org\/wp-content\/litespeed\/avatar\/2d246e4b6b4f773e08515e1ffc53690b.jpg?ver=1777222892\",\"caption\":\"Webmestre\"},\"url\":\"https:\/\/centcols.org\/nl\/author\/webmestre\/\"}]}<\/script>\n<!-- \/ Yoast SEO plugin. -->","yoast_head_json":{"title":"FR-83 Le Massif des Maures - Weg\/grind 90 km, D+ 1160 m, 6 cols - Club des Cent Cols","robots":{"index":"index","follow":"follow","max-snippet":"max-snippet:-1","max-image-preview":"max-image-preview:large","max-video-preview":"max-video-preview:-1"},"canonical":"https:\/\/centcols.org\/nl\/fr-83-le-massif-des-maures-route-grind-90-km-d-1160-m-6-cols\/","og_locale":"nl_BE","og_type":"article","og_title":"FR-83 Le Massif des Maures - Route\/gravel 90 km, D+ 1160 m, 6 cols - Club des Cent Cols","og_description":"Description de l&rsquo;auteur Auteur : Jean-Jacques Colin D\u00e9part : Saint-Aygulf (Fr\u00e9jus) au niveau du parking \u00e0 c\u00f4t\u00e9 de la poste. Alt. 15 m Description touristique Parcourir le massif des Maures en v\u00e9lo est toujours un ravissement. Les points de vue sur la M\u00e9diterran\u00e9e s&rsquo;encha\u00eenent et il nous est m\u00eame donn\u00e9 de la longer dans ce [&hellip;]","og_url":"https:\/\/centcols.org\/nl\/fr-83-le-massif-des-maures-route-grind-90-km-d-1160-m-6-cols\/","og_site_name":"Club des Cent Cols","article_publisher":"https:\/\/www.facebook.com\/groups\/5261880558\/?locale=fr_FR","article_published_time":"2023-07-01T07:51:09+00:00","article_modified_time":"2025-09-12T18:15:43+00:00","og_image":[{"width":799,"height":599,"url":"https:\/\/centcols.org\/wp-content\/uploads\/2023\/07\/92021.jpg","type":"image\/jpeg"}],"author":"Webmestre","twitter_card":"summary_large_image","twitter_misc":{"Geschreven door":"Webmestre","Geschatte leestijd":"3 minuten"},"schema":{"@context":"https:\/\/schema.org","@graph":[{"@type":"Article","@id":"https:\/\/centcols.org\/fr-83-le-massif-des-maures-route-gravel-90-km-d-1160-m-6-cols\/#article","isPartOf":{"@id":"https:\/\/centcols.org\/fr-83-le-massif-des-maures-route-gravel-90-km-d-1160-m-6-cols\/"},"author":{"name":"Webmestre","@id":"https:\/\/centcols.org\/#\/schema\/person\/911b404fb133d8c913dd27cdcf71c8e5"},"headline":"FR-83 Le Massif des Maures &#8211; Route\/gravel 90 km, D+ 1160 m, 6 cols","datePublished":"2023-07-01T07:51:09+00:00","dateModified":"2025-09-12T18:15:43+00:00","mainEntityOfPage":{"@id":"https:\/\/centcols.org\/fr-83-le-massif-des-maures-route-gravel-90-km-d-1160-m-6-cols\/"},"wordCount":207,"commentCount":0,"publisher":{"@id":"https:\/\/centcols.org\/#organization"},"image":{"@id":"https:\/\/centcols.org\/fr-83-le-massif-des-maures-route-gravel-90-km-d-1160-m-6-cols\/#primaryimage"},"thumbnailUrl":"https:\/\/centcols.org\/wp-content\/uploads\/2023\/07\/92021.jpg","articleSection":["Parcours France","Route","Alpes fran\u00e7aises du sud","Gravel","Provence-Alpes-C\u00f4te d'Azur","83-Var","Parcours membres"],"inLanguage":"nl-BE","potentialAction":[{"@type":"CommentAction","name":"Comment","target":["https:\/\/centcols.org\/fr-83-le-massif-des-maures-route-gravel-90-km-d-1160-m-6-cols\/#respond"]}]},{"@type":"WebPage","@id":"https:\/\/centcols.org\/fr-83-le-massif-des-maures-route-gravel-90-km-d-1160-m-6-cols\/","url":"https:\/\/centcols.org\/fr-83-le-massif-des-maures-route-gravel-90-km-d-1160-m-6-cols\/","name":"FR-83 Le Massif des Maures - Weg\/grind 90 km, D+ 1160 m, 6 cols - Club des Cent Cols","isPartOf":{"@id":"https:\/\/centcols.org\/#website"},"primaryImageOfPage":{"@id":"https:\/\/centcols.org\/fr-83-le-massif-des-maures-route-gravel-90-km-d-1160-m-6-cols\/#primaryimage"},"image":{"@id":"https:\/\/centcols.org\/fr-83-le-massif-des-maures-route-gravel-90-km-d-1160-m-6-cols\/#primaryimage"},"thumbnailUrl":"https:\/\/centcols.org\/wp-content\/uploads\/2023\/07\/92021.jpg","datePublished":"2023-07-01T07:51:09+00:00","dateModified":"2025-09-12T18:15:43+00:00","breadcrumb":{"@id":"https:\/\/centcols.org\/fr-83-le-massif-des-maures-route-gravel-90-km-d-1160-m-6-cols\/#breadcrumb"},"inLanguage":"nl-BE","potentialAction":[{"@type":"ReadAction","target":["https:\/\/centcols.org\/fr-83-le-massif-des-maures-route-gravel-90-km-d-1160-m-6-cols\/"]}]},{"@type":"ImageObject","inLanguage":"nl-BE","@id":"https:\/\/centcols.org\/fr-83-le-massif-des-maures-route-gravel-90-km-d-1160-m-6-cols\/#primaryimage","url":"https:\/\/centcols.org\/wp-content\/uploads\/2023\/07\/92021.jpg","contentUrl":"https:\/\/centcols.org\/wp-content\/uploads\/2023\/07\/92021.jpg","width":799,"height":599,"caption":"??????????????????????????????????????????????????????????????????????????????????????????????????????????"},{"@type":"BreadcrumbList","@id":"https:\/\/centcols.org\/fr-83-le-massif-des-maures-route-gravel-90-km-d-1160-m-6-cols\/#breadcrumb","itemListElement":[{"@type":"ListItem","position":1,"name":"Accueil","item":"https:\/\/centcols.org\/"},{"@type":"ListItem","position":2,"name":"Parcours membres","item":"https:\/\/centcols.org\/rubrique\/parcours-membres\/"},{"@type":"ListItem","position":3,"name":"Pays","item":"https:\/\/centcols.org\/rubrique\/parcours-membres\/pays-parcours-membres\/"},{"@type":"ListItem","position":4,"name":"Parcours France","item":"https:\/\/centcols.org\/rubrique\/parcours-membres\/pays-parcours-membres\/parcours-france\/"},{"@type":"ListItem","position":5,"name":"FR-83 Le Massif des Maures &#8211; Route\/gravel 90 km, D+ 1160 m, 6 cols"}]},{"@type":"WebSite","@id":"https:\/\/centcols.org\/#website","url":"https:\/\/centcols.org\/","name":"Club van Cent Cols","description":"","publisher":{"@id":"https:\/\/centcols.org\/#organization"},"potentialAction":[{"@type":"SearchAction","target":{"@type":"EntryPoint","urlTemplate":"https:\/\/centcols.org\/?s={search_term_string}"},"query-input":{"@type":"PropertyValueSpecification","valueRequired":true,"valueName":"search_term_string"}}],"inLanguage":"nl-BE"},{"@type":"Organization","@id":"https:\/\/centcols.org\/#organization","name":"Club van Cent Cols","url":"https:\/\/centcols.org\/","logo":{"@type":"ImageObject","inLanguage":"nl-BE","@id":"https:\/\/centcols.org\/#\/schema\/logo\/image\/","url":"https:\/\/centcols.org\/wp-content\/uploads\/2025\/01\/carte-icone.png","contentUrl":"https:\/\/centcols.org\/wp-content\/uploads\/2025\/01\/carte-icone.png","width":250,"height":250,"caption":"Club des Cent Cols"},"image":{"@id":"https:\/\/centcols.org\/#\/schema\/logo\/image\/"},"sameAs":["https:\/\/www.facebook.com\/groups\/5261880558\/?locale=fr_FR"]},{"@type":"Person","@id":"https:\/\/centcols.org\/#\/schema\/person\/911b404fb133d8c913dd27cdcf71c8e5","name":"Webmaster","image":{"@type":"ImageObject","inLanguage":"nl-BE","@id":"https:\/\/centcols.org\/wp-content\/litespeed\/avatar\/2d246e4b6b4f773e08515e1ffc53690b.jpg?ver=1777222892","url":"https:\/\/centcols.org\/wp-content\/litespeed\/avatar\/2d246e4b6b4f773e08515e1ffc53690b.jpg?ver=1777222892","contentUrl":"https:\/\/centcols.org\/wp-content\/litespeed\/avatar\/2d246e4b6b4f773e08515e1ffc53690b.jpg?ver=1777222892","caption":"Webmestre"},"url":"https:\/\/centcols.org\/nl\/author\/webmestre\/"}]}},"_links":{"self":[{"href":"https:\/\/centcols.org\/nl\/wp-json\/wp\/v2\/posts\/82453","targetHints":{"allow":["GET"]}}],"collection":[{"href":"https:\/\/centcols.org\/nl\/wp-json\/wp\/v2\/posts"}],"about":[{"href":"https:\/\/centcols.org\/nl\/wp-json\/wp\/v2\/types\/post"}],"author":[{"embeddable":true,"href":"https:\/\/centcols.org\/nl\/wp-json\/wp\/v2\/users\/3"}],"replies":[{"embeddable":true,"href":"https:\/\/centcols.org\/nl\/wp-json\/wp\/v2\/comments?post=82453"}],"version-history":[{"count":0,"href":"https:\/\/centcols.org\/nl\/wp-json\/wp\/v2\/posts\/82453\/revisions"}],"wp:featuredmedia":[{"embeddable":true,"href":"https:\/\/centcols.org\/nl\/wp-json\/wp\/v2\/media\/82895"}],"wp:attachment":[{"href":"https:\/\/centcols.org\/nl\/wp-json\/wp\/v2\/media?parent=82453"}],"wp:term":[{"taxonomy":"category","embeddable":true,"href":"https:\/\/centcols.org\/nl\/wp-json\/wp\/v2\/categories?post=82453"},{"taxonomy":"post_tag","embeddable":true,"href":"https:\/\/centcols.org\/nl\/wp-json\/wp\/v2\/tags?post=82453"}],"curies":[{"name":"wp","href":"https:\/\/api.w.org\/{rel}","templated":true}]}}