{"id":82460,"date":"2023-08-16T12:43:12","date_gmt":"2023-08-16T10:43:12","guid":{"rendered":"https:\/\/centcols.org\/de-bw-foret-noire-gremmelsbach-gravel-68-km-d-2020-m-12-cols\/"},"modified":"2026-04-03T22:12:45","modified_gmt":"2026-04-03T20:12:45","slug":"de-bw-foret-noire-gremmelsbach-grind","status":"publish","type":"post","link":"https:\/\/centcols.org\/nl\/de-bw-foret-noire-gremmelsbach-gravel\/","title":{"rendered":"DE-BW Zwarte Woud Gremmelsbach - Grind 68 km, D+ 2020 m, 12 passen"},"content":{"rendered":"<iframe width=\"100%\" height=\"650\" loading=\"lazy\" src=\"https:\/\/www.openrunner.com\/embed\/46433232636d446a79303442365a4f35663649794948346a58786a6b745433597154567a317552674c33593d3a3af91b45f3ff0b8ceddaffc83b959e20f5?unit=metric\" style=\"border: none;\"><\/iframe>\n\n\n\n<div style=\"height:30px\" aria-hidden=\"true\" class=\"wp-block-spacer\"><\/div>\n\n\n\n<h2 class=\"wp-block-heading\">Beschrijving auteur<\/h2>\n\n\n\n<p><strong>Auteur <\/strong>Jean-Luc Ceccato<br><strong>Cursus <\/strong>Voltooid op 27 juli 2022<br><strong>Vertrek <\/strong>Kleine parkeerplaats links van de kruising tussen de B33 en Untertal.<\/p>\n\n\n\n<div style=\"height:30px\" aria-hidden=\"true\" class=\"wp-block-spacer\"><\/div>\n\n\n\n<h2 class=\"wp-block-heading\">Toeristische informatie<\/h2>\n\n\n\n<p>Gremmelsbach ligt in het hart van het Zwarte Woud, niet ver van Triberg, de hoofdstad van de productie van de beroemde \u201ckoekoeksklokken\u201d. In deze klokkenvallei zijn er overal klokken!<\/p>\n\n\n\n<div style=\"height:30px\" aria-hidden=\"true\" class=\"wp-block-spacer\"><\/div>\n\n\n\n<h2 class=\"wp-block-heading\">Technische specificaties<\/h2>\n\n\n\n<p>Deze route is niet moeilijk en is afgelegd met een gravelfiets. De route gaat over ongeveer 30% aan mooie glooiende paden en de rest over asfaltwegen.<br>Toegang tot de Hasenecklepas DE-BW-0609a vereist een korte duw door het gras.<\/p>\n\n\n\n<div style=\"height:30px\" aria-hidden=\"true\" class=\"wp-block-spacer\"><\/div>\n\n\n\n<p><strong>12 kragen<\/strong><\/p>\n\n\n\n<figure class=\"wp-block-table tableau-cols\"><table class=\"has-background\" style=\"background-color:#f0f0f0\"><tbody><tr><td>1 - Dieterlebauernh\u00f6he<\/td><td>850 m<\/td><td><a href=\"\/nl\/util\/geo\/visuGen.php\/?code=DE-BW-0850\" target=\"_blank\" rel=\"noreferrer noopener\">DE-BW-0850<\/a><\/td><\/tr><tr><td>2 - Storeck<\/td><td>859 m<\/td><td><a href=\"\/nl\/util\/geo\/visuGen.php\/?code=DE-BW-0859a\" target=\"_blank\" rel=\"noreferrer noopener\">DE-BW-0859a<\/a><\/td><\/tr><tr><td>3 - Immelsbacher H\u00f6he<\/td><td>654 m<\/td><td><a href=\"\/nl\/util\/geo\/visuGen.php\/?code=DE-BW-0654\" target=\"_blank\" rel=\"noreferrer noopener\">DE-BW-0654<\/a><\/td><\/tr><tr><td>4 - Windeck<\/td><td>699 m<\/td><td><a href=\"\/nl\/util\/geo\/visuGen.php\/?code=DE-BW-0699\" target=\"_blank\" rel=\"noreferrer noopener\">DE-BW-0699<\/a><\/td><\/tr><tr><td>5 - Haseneckle<\/td><td>609 m<\/td><td><a href=\"\/nl\/util\/geo\/visuGen.php\/?code=DE-BW-0609a\" target=\"_blank\" rel=\"noreferrer noopener\">DE-BW-0609a<\/a><\/td><\/tr><tr><td>6 - Benz Ebene<\/td><td>891 m<\/td><td><a href=\"\/nl\/util\/geo\/visuGen.php\/?code=DE-BW-0891a\" target=\"_blank\" rel=\"noreferrer noopener\">DE-BW-0891a<\/a><\/td><\/tr><tr><td>7 - Gersbacher Ecke<\/td><td>876 m<\/td><td><a href=\"\/nl\/util\/geo\/visuGen.php\/?code=DE-BW-0876\" target=\"_blank\" rel=\"noreferrer noopener\">DE-BW-0876<\/a><\/td><\/tr><tr><td>8 - Auf der Ecke<\/td><td>828 m<\/td><td><a href=\"\/nl\/util\/geo\/visuGen.php\/?code=DE-BW-0828\" target=\"_blank\" rel=\"noreferrer noopener\">DE-BW-0828<\/a><\/td><\/tr><tr><td>9 - Kornelish\u00f6he<\/td><td>822 m<\/td><td><a href=\"\/nl\/util\/geo\/visuGen.php\/?code=DE-BW-0822b\" target=\"_blank\" rel=\"noreferrer noopener\">DE-BW-0822b<\/a><\/td><\/tr><tr><td>10 - Tischneck<\/td><td>706 m<\/td><td><a href=\"\/nl\/util\/geo\/visuGen.php\/?code=DE-BW-0706a\" target=\"_blank\" rel=\"noreferrer noopener\">DE-BW-0706a<\/a><\/td><\/tr><tr><td>11 - Ecke<\/td><td>884 m<\/td><td><a href=\"\/nl\/util\/geo\/visuGen.php\/?code=DE-BW-0884\" target=\"_blank\" rel=\"noreferrer noopener\">DE-BW-0884<\/a><\/td><\/tr><tr><td>12 - Gr\u00fcndleh\u00f6he<\/td><td>847 m<\/td><td><a href=\"\/nl\/util\/geo\/visuGen.php\/?code=DE-BW-0847b\" target=\"_blank\" rel=\"noreferrer noopener\">DE-BW-0847b<\/a><\/td><\/tr><\/tbody><\/table><\/figure>\n\n\n\n<p><strong>Trefwoorden<\/strong> Zwarte Woud, Hornberg, Triberg, Gremmelsbach , centcols<\/p>\n\n\n\n<p>Openrunner link, interactieve kaart, profiel, track : <a href=\"https:\/\/www.openrunner.com\/route-details\/16542046\" target=\"_blank\" rel=\"noreferrer noopener\">https:\/\/www.openrunner.com\/route-details\/16542046<\/a><\/p>\n\n\n\n<p>Deze routebeschrijving wordt slechts ter indicatie aangeboden. De auteur aanvaardt geen aansprakelijkheid, noch die van de Club des Cent Cols, voor eventuele onberekenbaarheden die te wijten zijn aan de fietser zelf, het gebruikte materiaal of alles wat te maken heeft met de weg, paden en wegen, hun omgeving of andere gebruikers.<\/p>\n\n\n\n<div style=\"height:30px\" aria-hidden=\"true\" class=\"wp-block-spacer\"><\/div>\n\n\n\n<h2 class=\"wp-block-heading\">Foto's<\/h2>\n\n\n\n<figure class=\"wp-block-gallery has-nested-images columns-default is-cropped wp-block-gallery-1 is-layout-flex wp-block-gallery-is-layout-flex\">\n<figure class=\"wp-block-image size-large\"><a href=\"https:\/\/centcols.org\/wp-content\/uploads\/2023\/08\/Untertal-1-1200x9001-1.jpg\"><img loading=\"lazy\" decoding=\"async\" width=\"1200\" height=\"900\" data-id=\"89849\" src=\"https:\/\/centcols.org\/wp-content\/uploads\/2023\/08\/Untertal-1-1200x9001-1.jpg\" alt=\"\" class=\"wp-image-89849\" srcset=\"https:\/\/centcols.org\/wp-content\/uploads\/2023\/08\/Untertal-1-1200x9001-1.jpg 1200w, https:\/\/centcols.org\/wp-content\/uploads\/2023\/08\/Untertal-1-1200x9001-1-768x576.jpg 768w, https:\/\/centcols.org\/wp-content\/uploads\/2023\/08\/Untertal-1-1200x9001-1-16x12.jpg 16w\" sizes=\"auto, (max-width: 1200px) 100vw, 1200px\" \/><\/a><figcaption class=\"wp-element-caption\">Untertal<\/figcaption><\/figure>\n\n\n\n<figure class=\"wp-block-image size-large\"><a href=\"https:\/\/centcols.org\/wp-content\/uploads\/2023\/08\/Hornberg-1200x7371-1.jpg\"><img loading=\"lazy\" decoding=\"async\" width=\"1200\" height=\"737\" data-id=\"89846\" src=\"https:\/\/centcols.org\/wp-content\/uploads\/2023\/08\/Hornberg-1200x7371-1.jpg\" alt=\"\" class=\"wp-image-89846\" srcset=\"https:\/\/centcols.org\/wp-content\/uploads\/2023\/08\/Hornberg-1200x7371-1.jpg 1200w, https:\/\/centcols.org\/wp-content\/uploads\/2023\/08\/Hornberg-1200x7371-1-768x472.jpg 768w, https:\/\/centcols.org\/wp-content\/uploads\/2023\/08\/Hornberg-1200x7371-1-18x12.jpg 18w\" sizes=\"auto, (max-width: 1200px) 100vw, 1200px\" \/><\/a><\/figure>\n\n\n\n<figure class=\"wp-block-image size-large\"><a href=\"https:\/\/centcols.org\/wp-content\/uploads\/2023\/08\/Banc-1200x9001-1.jpg\"><img loading=\"lazy\" decoding=\"async\" width=\"1200\" height=\"900\" data-id=\"89851\" src=\"https:\/\/centcols.org\/wp-content\/uploads\/2023\/08\/Banc-1200x9001-1.jpg\" alt=\"\" class=\"wp-image-89851\" srcset=\"https:\/\/centcols.org\/wp-content\/uploads\/2023\/08\/Banc-1200x9001-1.jpg 1200w, https:\/\/centcols.org\/wp-content\/uploads\/2023\/08\/Banc-1200x9001-1-768x576.jpg 768w, https:\/\/centcols.org\/wp-content\/uploads\/2023\/08\/Banc-1200x9001-1-16x12.jpg 16w\" sizes=\"auto, (max-width: 1200px) 100vw, 1200px\" \/><\/a><\/figure>\n\n\n\n<figure class=\"wp-block-image size-large\"><a href=\"https:\/\/centcols.org\/wp-content\/uploads\/2023\/08\/image-51.jpeg\"><img loading=\"lazy\" decoding=\"async\" width=\"800\" height=\"600\" data-id=\"94931\" src=\"https:\/\/centcols.org\/wp-content\/uploads\/2023\/08\/image-51.jpeg\" alt=\"\" class=\"wp-image-94931\" srcset=\"https:\/\/centcols.org\/wp-content\/uploads\/2023\/08\/image-51.jpeg 800w, https:\/\/centcols.org\/wp-content\/uploads\/2023\/08\/image-51-768x576.jpeg 768w, https:\/\/centcols.org\/wp-content\/uploads\/2023\/08\/image-51-16x12.jpeg 16w\" sizes=\"auto, (max-width: 800px) 100vw, 800px\" \/><\/a><figcaption class=\"wp-element-caption\">Dieterlebauernh\u00f6he<\/figcaption><\/figure>\n\n\n\n<figure class=\"wp-block-image size-large\"><a href=\"https:\/\/centcols.org\/wp-content\/uploads\/2023\/08\/image-52.jpeg\"><img loading=\"lazy\" decoding=\"async\" width=\"800\" height=\"600\" data-id=\"94932\" src=\"https:\/\/centcols.org\/wp-content\/uploads\/2023\/08\/image-52.jpeg\" alt=\"\" class=\"wp-image-94932\" srcset=\"https:\/\/centcols.org\/wp-content\/uploads\/2023\/08\/image-52.jpeg 800w, https:\/\/centcols.org\/wp-content\/uploads\/2023\/08\/image-52-768x576.jpeg 768w, https:\/\/centcols.org\/wp-content\/uploads\/2023\/08\/image-52-16x12.jpeg 16w\" sizes=\"auto, (max-width: 800px) 100vw, 800px\" \/><\/a><figcaption class=\"wp-element-caption\">Benz Ebene<\/figcaption><\/figure>\n<\/figure>","protected":false},"excerpt":{"rendered":"<p>Description de l\u2019auteur Auteur : Jean-Luc CeccatoParcours : effectu\u00e9 le 27 juillet 2022D\u00e9part :&nbsp;petit parking \u00e0 gauche du carrefour entre la B33 et Untertal. Descriptif touristique Gremmelsbach est situ\u00e9e au c\u0153ur de la For\u00eat-Noire, non loin de Triberg, capitale de la fabrication des c\u00e9l\u00e8bres \u201ccoucous\u201d. Dans ces vall\u00e9es horlog\u00e8res, il y a des horloges partout [&hellip;]<\/p>\n","protected":false},"author":3,"featured_media":82461,"comment_status":"open","ping_status":"open","sticky":false,"template":"","format":"standard","meta":{"_acf_changed":false,"footnotes":""},"categories":[302,320,323,220],"tags":[],"class_list":["post-82460","post","type-post","status-publish","format-standard","has-post-thumbnail","hentry","category-parcours-allemagne","category-gravel-type-parcours","category-foret-noire-massif-parcours-membres","category-parcours-membres"],"acf":[],"yoast_head":"<!-- This site is optimized with the Yoast SEO plugin v27.2 - https:\/\/yoast.com\/product\/yoast-seo-wordpress\/ -->\n<title>DE-BW For\u00eat-Noire Gremmelsbach - Gravel 68 km, D+ 2020 m, 12 cols - Club des Cent Cols<\/title>\n<meta name=\"robots\" content=\"index, follow, max-snippet:-1, max-image-preview:large, max-video-preview:-1\" \/>\n<link rel=\"canonical\" href=\"https:\/\/centcols.org\/nl\/de-bw-foret-noire-gremmelsbach-grind\/\" \/>\n<meta property=\"og:locale\" content=\"nl_BE\" \/>\n<meta property=\"og:type\" content=\"article\" \/>\n<meta property=\"og:title\" content=\"DE-BW For\u00eat-Noire Gremmelsbach - Gravel 68 km, D+ 2020 m, 12 cols - Club des Cent Cols\" \/>\n<meta property=\"og:description\" content=\"Description de l\u2019auteur Auteur : Jean-Luc CeccatoParcours : effectu\u00e9 le 27 juillet 2022D\u00e9part :&nbsp;petit parking \u00e0 gauche du carrefour entre la B33 et Untertal. Descriptif touristique Gremmelsbach est situ\u00e9e au c\u0153ur de la For\u00eat-Noire, non loin de Triberg, capitale de la fabrication des c\u00e9l\u00e8bres \u201ccoucous\u201d. Dans ces vall\u00e9es horlog\u00e8res, il y a des horloges partout [&hellip;]\" \/>\n<meta property=\"og:url\" content=\"https:\/\/centcols.org\/nl\/de-bw-foret-noire-gremmelsbach-grind\/\" \/>\n<meta property=\"og:site_name\" content=\"Club des Cent Cols\" \/>\n<meta property=\"article:publisher\" content=\"https:\/\/www.facebook.com\/groups\/5261880558\/?locale=fr_FR\" \/>\n<meta property=\"article:published_time\" content=\"2023-08-16T10:43:12+00:00\" \/>\n<meta property=\"article:modified_time\" content=\"2026-04-03T20:12:45+00:00\" \/>\n<meta property=\"og:image\" content=\"https:\/\/centcols.org\/wp-content\/uploads\/2025\/05\/2OMWulbytZt4oV5qoDc6E5op72u-1.jpg\" \/>\n\t<meta property=\"og:image:width\" content=\"1000\" \/>\n\t<meta property=\"og:image:height\" content=\"703\" \/>\n\t<meta property=\"og:image:type\" content=\"image\/jpeg\" \/>\n<meta name=\"author\" content=\"Webmestre\" \/>\n<meta name=\"twitter:card\" content=\"summary_large_image\" \/>\n<meta name=\"twitter:label1\" content=\"Geschreven door\" \/>\n\t<meta name=\"twitter:data1\" content=\"Webmestre\" \/>\n\t<meta name=\"twitter:label2\" content=\"Geschatte leestijd\" \/>\n\t<meta name=\"twitter:data2\" content=\"3 minuten\" \/>\n<script type=\"application\/ld+json\" class=\"yoast-schema-graph\">{\"@context\":\"https:\/\/schema.org\",\"@graph\":[{\"@type\":\"Article\",\"@id\":\"https:\/\/centcols.org\/de-bw-foret-noire-gremmelsbach-gravel\/#article\",\"isPartOf\":{\"@id\":\"https:\/\/centcols.org\/de-bw-foret-noire-gremmelsbach-gravel\/\"},\"author\":{\"name\":\"Webmestre\",\"@id\":\"https:\/\/centcols.org\/#\/schema\/person\/911b404fb133d8c913dd27cdcf71c8e5\"},\"headline\":\"DE-BW For\u00eat-Noire Gremmelsbach &#8211; Gravel 68 km, D+ 2020 m, 12 cols\",\"datePublished\":\"2023-08-16T10:43:12+00:00\",\"dateModified\":\"2026-04-03T20:12:45+00:00\",\"mainEntityOfPage\":{\"@id\":\"https:\/\/centcols.org\/de-bw-foret-noire-gremmelsbach-gravel\/\"},\"wordCount\":253,\"commentCount\":0,\"publisher\":{\"@id\":\"https:\/\/centcols.org\/#organization\"},\"image\":{\"@id\":\"https:\/\/centcols.org\/de-bw-foret-noire-gremmelsbach-gravel\/#primaryimage\"},\"thumbnailUrl\":\"https:\/\/centcols.org\/wp-content\/uploads\/2025\/05\/2OMWulbytZt4oV5qoDc6E5op72u-1.jpg\",\"articleSection\":[\"Parcours Allemagne\",\"Gravel\",\"For\u00eat-Noire\",\"Parcours membres\"],\"inLanguage\":\"nl-BE\",\"potentialAction\":[{\"@type\":\"CommentAction\",\"name\":\"Comment\",\"target\":[\"https:\/\/centcols.org\/de-bw-foret-noire-gremmelsbach-gravel\/#respond\"]}]},{\"@type\":\"WebPage\",\"@id\":\"https:\/\/centcols.org\/de-bw-foret-noire-gremmelsbach-gravel\/\",\"url\":\"https:\/\/centcols.org\/de-bw-foret-noire-gremmelsbach-gravel\/\",\"name\":\"DE-BW For\u00eat-Noire Gremmelsbach - Gravel 68 km, D+ 2020 m, 12 cols - Club des Cent Cols\",\"isPartOf\":{\"@id\":\"https:\/\/centcols.org\/#website\"},\"primaryImageOfPage\":{\"@id\":\"https:\/\/centcols.org\/de-bw-foret-noire-gremmelsbach-gravel\/#primaryimage\"},\"image\":{\"@id\":\"https:\/\/centcols.org\/de-bw-foret-noire-gremmelsbach-gravel\/#primaryimage\"},\"thumbnailUrl\":\"https:\/\/centcols.org\/wp-content\/uploads\/2025\/05\/2OMWulbytZt4oV5qoDc6E5op72u-1.jpg\",\"datePublished\":\"2023-08-16T10:43:12+00:00\",\"dateModified\":\"2026-04-03T20:12:45+00:00\",\"breadcrumb\":{\"@id\":\"https:\/\/centcols.org\/de-bw-foret-noire-gremmelsbach-gravel\/#breadcrumb\"},\"inLanguage\":\"nl-BE\",\"potentialAction\":[{\"@type\":\"ReadAction\",\"target\":[\"https:\/\/centcols.org\/de-bw-foret-noire-gremmelsbach-gravel\/\"]}]},{\"@type\":\"ImageObject\",\"inLanguage\":\"nl-BE\",\"@id\":\"https:\/\/centcols.org\/de-bw-foret-noire-gremmelsbach-gravel\/#primaryimage\",\"url\":\"https:\/\/centcols.org\/wp-content\/uploads\/2025\/05\/2OMWulbytZt4oV5qoDc6E5op72u-1.jpg\",\"contentUrl\":\"https:\/\/centcols.org\/wp-content\/uploads\/2025\/05\/2OMWulbytZt4oV5qoDc6E5op72u-1.jpg\",\"width\":1000,\"height\":703},{\"@type\":\"BreadcrumbList\",\"@id\":\"https:\/\/centcols.org\/de-bw-foret-noire-gremmelsbach-gravel\/#breadcrumb\",\"itemListElement\":[{\"@type\":\"ListItem\",\"position\":1,\"name\":\"Accueil\",\"item\":\"https:\/\/centcols.org\/\"},{\"@type\":\"ListItem\",\"position\":2,\"name\":\"Parcours membres\",\"item\":\"https:\/\/centcols.org\/rubrique\/parcours-membres\/\"},{\"@type\":\"ListItem\",\"position\":3,\"name\":\"Pays\",\"item\":\"https:\/\/centcols.org\/rubrique\/parcours-membres\/pays-parcours-membres\/\"},{\"@type\":\"ListItem\",\"position\":4,\"name\":\"Parcours Allemagne\",\"item\":\"https:\/\/centcols.org\/rubrique\/parcours-membres\/pays-parcours-membres\/parcours-allemagne\/\"},{\"@type\":\"ListItem\",\"position\":5,\"name\":\"DE-BW For\u00eat-Noire Gremmelsbach &#8211; Gravel 68 km, D+ 2020 m, 12 cols\"}]},{\"@type\":\"WebSite\",\"@id\":\"https:\/\/centcols.org\/#website\",\"url\":\"https:\/\/centcols.org\/\",\"name\":\"Club des Cent Cols\",\"description\":\"\",\"publisher\":{\"@id\":\"https:\/\/centcols.org\/#organization\"},\"potentialAction\":[{\"@type\":\"SearchAction\",\"target\":{\"@type\":\"EntryPoint\",\"urlTemplate\":\"https:\/\/centcols.org\/?s={search_term_string}\"},\"query-input\":{\"@type\":\"PropertyValueSpecification\",\"valueRequired\":true,\"valueName\":\"search_term_string\"}}],\"inLanguage\":\"nl-BE\"},{\"@type\":\"Organization\",\"@id\":\"https:\/\/centcols.org\/#organization\",\"name\":\"Club des Cent Cols\",\"url\":\"https:\/\/centcols.org\/\",\"logo\":{\"@type\":\"ImageObject\",\"inLanguage\":\"nl-BE\",\"@id\":\"https:\/\/centcols.org\/#\/schema\/logo\/image\/\",\"url\":\"https:\/\/centcols.org\/wp-content\/uploads\/2025\/01\/carte-icone.png\",\"contentUrl\":\"https:\/\/centcols.org\/wp-content\/uploads\/2025\/01\/carte-icone.png\",\"width\":250,\"height\":250,\"caption\":\"Club des Cent Cols\"},\"image\":{\"@id\":\"https:\/\/centcols.org\/#\/schema\/logo\/image\/\"},\"sameAs\":[\"https:\/\/www.facebook.com\/groups\/5261880558\/?locale=fr_FR\"]},{\"@type\":\"Person\",\"@id\":\"https:\/\/centcols.org\/#\/schema\/person\/911b404fb133d8c913dd27cdcf71c8e5\",\"name\":\"Webmestre\",\"image\":{\"@type\":\"ImageObject\",\"inLanguage\":\"nl-BE\",\"@id\":\"https:\/\/centcols.org\/wp-content\/litespeed\/avatar\/2d246e4b6b4f773e08515e1ffc53690b.jpg?ver=1777222892\",\"url\":\"https:\/\/centcols.org\/wp-content\/litespeed\/avatar\/2d246e4b6b4f773e08515e1ffc53690b.jpg?ver=1777222892\",\"contentUrl\":\"https:\/\/centcols.org\/wp-content\/litespeed\/avatar\/2d246e4b6b4f773e08515e1ffc53690b.jpg?ver=1777222892\",\"caption\":\"Webmestre\"},\"url\":\"https:\/\/centcols.org\/nl\/author\/webmestre\/\"}]}<\/script>\n<!-- \/ Yoast SEO plugin. -->","yoast_head_json":{"title":"DE-BW Zwarte Woud Gremmelsbach - Grind 68 km, D+ 2020 m, 12 cols - Club des Cent Cols","robots":{"index":"index","follow":"follow","max-snippet":"max-snippet:-1","max-image-preview":"max-image-preview:large","max-video-preview":"max-video-preview:-1"},"canonical":"https:\/\/centcols.org\/nl\/de-bw-foret-noire-gremmelsbach-grind\/","og_locale":"nl_BE","og_type":"article","og_title":"DE-BW For\u00eat-Noire Gremmelsbach - Gravel 68 km, D+ 2020 m, 12 cols - Club des Cent Cols","og_description":"Description de l\u2019auteur Auteur : Jean-Luc CeccatoParcours : effectu\u00e9 le 27 juillet 2022D\u00e9part :&nbsp;petit parking \u00e0 gauche du carrefour entre la B33 et Untertal. Descriptif touristique Gremmelsbach est situ\u00e9e au c\u0153ur de la For\u00eat-Noire, non loin de Triberg, capitale de la fabrication des c\u00e9l\u00e8bres \u201ccoucous\u201d. Dans ces vall\u00e9es horlog\u00e8res, il y a des horloges partout [&hellip;]","og_url":"https:\/\/centcols.org\/nl\/de-bw-foret-noire-gremmelsbach-grind\/","og_site_name":"Club des Cent Cols","article_publisher":"https:\/\/www.facebook.com\/groups\/5261880558\/?locale=fr_FR","article_published_time":"2023-08-16T10:43:12+00:00","article_modified_time":"2026-04-03T20:12:45+00:00","og_image":[{"width":1000,"height":703,"url":"https:\/\/centcols.org\/wp-content\/uploads\/2025\/05\/2OMWulbytZt4oV5qoDc6E5op72u-1.jpg","type":"image\/jpeg"}],"author":"Webmestre","twitter_card":"summary_large_image","twitter_misc":{"Geschreven door":"Webmestre","Geschatte leestijd":"3 minuten"},"schema":{"@context":"https:\/\/schema.org","@graph":[{"@type":"Article","@id":"https:\/\/centcols.org\/de-bw-foret-noire-gremmelsbach-gravel\/#article","isPartOf":{"@id":"https:\/\/centcols.org\/de-bw-foret-noire-gremmelsbach-gravel\/"},"author":{"name":"Webmestre","@id":"https:\/\/centcols.org\/#\/schema\/person\/911b404fb133d8c913dd27cdcf71c8e5"},"headline":"DE-BW For\u00eat-Noire Gremmelsbach &#8211; Gravel 68 km, D+ 2020 m, 12 cols","datePublished":"2023-08-16T10:43:12+00:00","dateModified":"2026-04-03T20:12:45+00:00","mainEntityOfPage":{"@id":"https:\/\/centcols.org\/de-bw-foret-noire-gremmelsbach-gravel\/"},"wordCount":253,"commentCount":0,"publisher":{"@id":"https:\/\/centcols.org\/#organization"},"image":{"@id":"https:\/\/centcols.org\/de-bw-foret-noire-gremmelsbach-gravel\/#primaryimage"},"thumbnailUrl":"https:\/\/centcols.org\/wp-content\/uploads\/2025\/05\/2OMWulbytZt4oV5qoDc6E5op72u-1.jpg","articleSection":["Parcours Allemagne","Gravel","For\u00eat-Noire","Parcours membres"],"inLanguage":"nl-BE","potentialAction":[{"@type":"CommentAction","name":"Comment","target":["https:\/\/centcols.org\/de-bw-foret-noire-gremmelsbach-gravel\/#respond"]}]},{"@type":"WebPage","@id":"https:\/\/centcols.org\/de-bw-foret-noire-gremmelsbach-gravel\/","url":"https:\/\/centcols.org\/de-bw-foret-noire-gremmelsbach-gravel\/","name":"DE-BW Zwarte Woud Gremmelsbach - Grind 68 km, D+ 2020 m, 12 cols - Club des Cent Cols","isPartOf":{"@id":"https:\/\/centcols.org\/#website"},"primaryImageOfPage":{"@id":"https:\/\/centcols.org\/de-bw-foret-noire-gremmelsbach-gravel\/#primaryimage"},"image":{"@id":"https:\/\/centcols.org\/de-bw-foret-noire-gremmelsbach-gravel\/#primaryimage"},"thumbnailUrl":"https:\/\/centcols.org\/wp-content\/uploads\/2025\/05\/2OMWulbytZt4oV5qoDc6E5op72u-1.jpg","datePublished":"2023-08-16T10:43:12+00:00","dateModified":"2026-04-03T20:12:45+00:00","breadcrumb":{"@id":"https:\/\/centcols.org\/de-bw-foret-noire-gremmelsbach-gravel\/#breadcrumb"},"inLanguage":"nl-BE","potentialAction":[{"@type":"ReadAction","target":["https:\/\/centcols.org\/de-bw-foret-noire-gremmelsbach-gravel\/"]}]},{"@type":"ImageObject","inLanguage":"nl-BE","@id":"https:\/\/centcols.org\/de-bw-foret-noire-gremmelsbach-gravel\/#primaryimage","url":"https:\/\/centcols.org\/wp-content\/uploads\/2025\/05\/2OMWulbytZt4oV5qoDc6E5op72u-1.jpg","contentUrl":"https:\/\/centcols.org\/wp-content\/uploads\/2025\/05\/2OMWulbytZt4oV5qoDc6E5op72u-1.jpg","width":1000,"height":703},{"@type":"BreadcrumbList","@id":"https:\/\/centcols.org\/de-bw-foret-noire-gremmelsbach-gravel\/#breadcrumb","itemListElement":[{"@type":"ListItem","position":1,"name":"Accueil","item":"https:\/\/centcols.org\/"},{"@type":"ListItem","position":2,"name":"Parcours membres","item":"https:\/\/centcols.org\/rubrique\/parcours-membres\/"},{"@type":"ListItem","position":3,"name":"Pays","item":"https:\/\/centcols.org\/rubrique\/parcours-membres\/pays-parcours-membres\/"},{"@type":"ListItem","position":4,"name":"Parcours Allemagne","item":"https:\/\/centcols.org\/rubrique\/parcours-membres\/pays-parcours-membres\/parcours-allemagne\/"},{"@type":"ListItem","position":5,"name":"DE-BW For\u00eat-Noire Gremmelsbach &#8211; Gravel 68 km, D+ 2020 m, 12 cols"}]},{"@type":"WebSite","@id":"https:\/\/centcols.org\/#website","url":"https:\/\/centcols.org\/","name":"Club van Cent Cols","description":"","publisher":{"@id":"https:\/\/centcols.org\/#organization"},"potentialAction":[{"@type":"SearchAction","target":{"@type":"EntryPoint","urlTemplate":"https:\/\/centcols.org\/?s={search_term_string}"},"query-input":{"@type":"PropertyValueSpecification","valueRequired":true,"valueName":"search_term_string"}}],"inLanguage":"nl-BE"},{"@type":"Organization","@id":"https:\/\/centcols.org\/#organization","name":"Club van Cent Cols","url":"https:\/\/centcols.org\/","logo":{"@type":"ImageObject","inLanguage":"nl-BE","@id":"https:\/\/centcols.org\/#\/schema\/logo\/image\/","url":"https:\/\/centcols.org\/wp-content\/uploads\/2025\/01\/carte-icone.png","contentUrl":"https:\/\/centcols.org\/wp-content\/uploads\/2025\/01\/carte-icone.png","width":250,"height":250,"caption":"Club des Cent Cols"},"image":{"@id":"https:\/\/centcols.org\/#\/schema\/logo\/image\/"},"sameAs":["https:\/\/www.facebook.com\/groups\/5261880558\/?locale=fr_FR"]},{"@type":"Person","@id":"https:\/\/centcols.org\/#\/schema\/person\/911b404fb133d8c913dd27cdcf71c8e5","name":"Webmaster","image":{"@type":"ImageObject","inLanguage":"nl-BE","@id":"https:\/\/centcols.org\/wp-content\/litespeed\/avatar\/2d246e4b6b4f773e08515e1ffc53690b.jpg?ver=1777222892","url":"https:\/\/centcols.org\/wp-content\/litespeed\/avatar\/2d246e4b6b4f773e08515e1ffc53690b.jpg?ver=1777222892","contentUrl":"https:\/\/centcols.org\/wp-content\/litespeed\/avatar\/2d246e4b6b4f773e08515e1ffc53690b.jpg?ver=1777222892","caption":"Webmestre"},"url":"https:\/\/centcols.org\/nl\/author\/webmestre\/"}]}},"_links":{"self":[{"href":"https:\/\/centcols.org\/nl\/wp-json\/wp\/v2\/posts\/82460","targetHints":{"allow":["GET"]}}],"collection":[{"href":"https:\/\/centcols.org\/nl\/wp-json\/wp\/v2\/posts"}],"about":[{"href":"https:\/\/centcols.org\/nl\/wp-json\/wp\/v2\/types\/post"}],"author":[{"embeddable":true,"href":"https:\/\/centcols.org\/nl\/wp-json\/wp\/v2\/users\/3"}],"replies":[{"embeddable":true,"href":"https:\/\/centcols.org\/nl\/wp-json\/wp\/v2\/comments?post=82460"}],"version-history":[{"count":0,"href":"https:\/\/centcols.org\/nl\/wp-json\/wp\/v2\/posts\/82460\/revisions"}],"wp:featuredmedia":[{"embeddable":true,"href":"https:\/\/centcols.org\/nl\/wp-json\/wp\/v2\/media\/82461"}],"wp:attachment":[{"href":"https:\/\/centcols.org\/nl\/wp-json\/wp\/v2\/media?parent=82460"}],"wp:term":[{"taxonomy":"category","embeddable":true,"href":"https:\/\/centcols.org\/nl\/wp-json\/wp\/v2\/categories?post=82460"},{"taxonomy":"post_tag","embeddable":true,"href":"https:\/\/centcols.org\/nl\/wp-json\/wp\/v2\/tags?post=82460"}],"curies":[{"name":"wp","href":"https:\/\/api.w.org\/{rel}","templated":true}]}}